{"id":93724,"date":"2019-02-05T00:00:00","date_gmt":"2019-02-05T02:00:00","guid":{"rendered":"http:\/\/pre.boxrepsol.com\/sin-categorizar\/la-recuperacion-marc-marquez\/"},"modified":"2024-05-22T07:38:34","modified_gmt":"2024-05-22T09:38:34","slug":"la-recuperacion-marc-marquez","status":"publish","type":"post","link":"https:\/\/www.boxrepsol.com\/es\/motogp\/la-recuperacion-marc-marquez\/","title":{"rendered":"La recuperaci\u00f3n de Marc M\u00e1rquez"},"content":{"rendered":"<p>Ma\u00f1ana empiezan los primeros <a href=\"https:\/\/www.boxrepsol.com\/es\/motogp\/test-pretemporada-motogp-2019\/\">entrenamientos oficiales<\/a> de la pretemporada 2019 en el Circuito Internacional de Sepang, en Malasia. Una cita para la que <strong>Marc M\u00e1rquez lleva dos meses prepar\u00e1ndose<\/strong> desde que, pocos d\u00edas despu\u00e9s de dar por terminada la temporada 2018, pasase por el quir\u00f3fano para solucionar una lesi\u00f3n recurrente en su hombro izquierdo.<\/p>\n<p>El piloto del equipo Repsol Honda, aunque todav\u00eda no podr\u00e1 pilotar a pleno rendimiento, <a href=\"https:\/\/www.boxrepsol.com\/es\/motogp\/marc-marquez-vuelve-pilotar-una-moto-61-dias-despues\/\">estaba deseando volver a subir a su moto<\/a> y es que, tal y como explica en este v\u00eddeo exclusivo de la rehabilitaci\u00f3n que ha realizado en las \u00faltimas semanas, <em>\u201c\u00a1me desmontaron todas las motos!\u201d<\/em>. Carlos J. Garc\u00eda, su fisioterapeuta, aclara que <em>\u201chubo \u00f3rdenes, de las ganas que ten\u00eda de volver a pilotar antes de tiempo\u201d<\/em>.<\/p>\n<p>Cuando Marc M\u00e1rquez se baj\u00f3 de su Honda el pasado 29 de noviembre en los \u00faltimos entrenamientos de 2018, inici\u00f3 una carrera contrarreloj para llegar en las mejores condiciones posibles a las primeras pruebas oficiales de 2019. Tras ser intervenido el 4 de diciembre por los doctores Xavier Mir, Marlet y Teresa Marlet, el 11 de ese mismo mes inici\u00f3 la recuperaci\u00f3n con su fisioterapeuta.<\/p>\n<p>Desde entonces, dos sesiones de dos horas y media diarias \u2013salvo los d\u00edas 24, 25 y 31 de diciembre y 1 de enero\u2013 de rehabilitaci\u00f3n han servido al vigente Campe\u00f3n del Mundo de MotoGP <strong>para poder iniciar ma\u00f1ana tres d\u00edas de entrenamientos en Sepang<\/strong>.<\/p>\n<p>&nbsp;<\/p>\n<figure><picture style=\"padding-bottom: 66.742857142857%; background-image: url('https:\/\/bxrepsol.s3.eu-west-1.amazonaws.com\/static\/2022\/08\/05063712\/marc_marquez_rehabilitacion.jpg');\"> <img decoding=\"async\" src=\"https:\/\/bxrepsol.s3.eu-west-1.amazonaws.com\/static\/2022\/08\/05063712\/marc_marquez_rehabilitacion.jpg\" \/><\/picture>\n<picture style=\"padding-bottom: 66.742857142857%; background-image: url('https:\/\/bxrepsol.s3.eu-west-1.amazonaws.com\/static\/2022\/08\/05063712\/marc_marquez_rehabilitacion.jpg');\"><img title=\"Marc M\u00e1rquez en rehabilitaci\u00f3n\" alt=\"Marc M\u00e1rquez sin camiseta\" data-srcset=\"https:\/\/bxrepsol.s3.eu-west-1.amazonaws.com\/static\/2022\/08\/05063712\/marc_marquez_rehabilitacion.jpg 480w, https:\/\/bxrepsol.s3.eu-west-1.amazonaws.com\/static\/2022\/08\/05063712\/marc_marquez_rehabilitacion.jpg 600w, https:\/\/bxrepsol.s3.eu-west-1.amazonaws.com\/static\/2022\/08\/05063712\/marc_marquez_rehabilitacion.jpg 900w, https:\/\/bxrepsol.s3.eu-west-1.amazonaws.com\/static\/2022\/08\/05063712\/marc_marquez_rehabilitacion.jpg 1280w\" data-src=\"https:\/\/bxrepsol.s3.eu-west-1.amazonaws.com\/static\/2022\/08\/05063712\/marc_marquez_rehabilitacion.jpg\" \/><\/picture>\n<noscript><img decoding=\"async\" src=\"https:\/\/bxrepsol.s3.eu-west-1.amazonaws.com\/static\/2022\/08\/05063712\/marc_marquez_rehabilitacion.jpg\" alt=\"Marc M\u00e1rquez sin camiseta\"><\/noscript><figcaption>Marc M\u00e1rquez sin camiseta<\/figcaption><\/figure>\n<p>&nbsp;<\/p>\n<h2>Declaraciones de Marc M\u00e1rquez sobre su rehabilitaci\u00f3n<\/h2>\n<p><em><strong>Hasta que no suba a la MotoGP, no sabr\u00e9 c\u00f3mo estoy<\/strong>. Soy consciente de que ser\u00e1n pocas vueltas y de calidad. M\u00e1s que nada, para no forzar el hombro y provocar una nueva lesi\u00f3n, como una tendinitis o similares. Tambi\u00e9n s\u00e9 que si durante el test no puedo completar todas las vueltas que me gustar\u00eda, es s\u00f3lo un entrenamiento. <\/em><\/p>\n<p><em>Todos los pilotos saldremos de Malasia con cero puntos; por eso <strong>toca tener prudencia<\/strong> y no tirar al traste las horas que llevo de recuperaci\u00f3n, los dos meses de trabajo y paciencia. Entrenar en Malasia es muy exigente y mi preparaci\u00f3n no ha podido ser la de otros a\u00f1os, as\u00ed que s\u00e9 que tendr\u00e9 agujetas; pero despu\u00e9s de estos dos meses, tengo muchas ganas de volver a subir a mi moto.<\/em><\/p>\n","protected":false},"excerpt":{"rendered":"<p>Marc M\u00e1rquez se recupera de la intervenci\u00f3n a la que fue sometido el pasado mes de diciembre. Tras un largo invierno de rehabilitaci\u00f3n nos cuenta c\u00f3mo se siente y c\u00f3mo afronta los primeros test de pretemporada en el Circuito Internacional de Sepang.<\/p>\n","protected":false},"author":43146,"featured_media":60923,"comment_status":"open","ping_status":"open","sticky":false,"template":"","format":"standard","meta":{"footnotes":""},"categories":[4],"tags":[6],"class_list":["post-93724","post","type-post","status-publish","format-standard","hentry","category-motogp","tag-marc-marquez"],"yoast_head":"<!-- This site is optimized with the Yoast SEO plugin v27.3 - https:\/\/yoast.com\/product\/yoast-seo-wordpress\/ -->\n<title>La recuperaci\u00f3n de Marc M\u00e1rquez - Box Repsol<\/title>\n<meta name=\"description\" content=\"Marc M\u00e1rquez se recupera de la intervenci\u00f3n a la que fue sometido el pasado mes de diciembre. Tras un largo invierno de rehabilitaci\u00f3n.\" \/>\n<link rel=\"canonical\" href=\"https:\/\/www.boxrepsol.com\/es\/motogp\/la-recuperacion-marc-marquez\/\" \/>\n<meta property=\"og:locale\" content=\"es_ES\" \/>\n<meta property=\"og:type\" content=\"article\" \/>\n<meta property=\"og:title\" content=\"La recuperaci\u00f3n de Marc M\u00e1rquez - Box Repsol\" \/>\n<meta property=\"og:description\" content=\"Marc M\u00e1rquez se recupera de la intervenci\u00f3n a la que fue sometido el pasado mes de diciembre. Tras un largo invierno de rehabilitaci\u00f3n.\" \/>\n<meta property=\"og:url\" content=\"https:\/\/www.boxrepsol.com\/es\/motogp\/la-recuperacion-marc-marquez\/\" \/>\n<meta property=\"og:site_name\" content=\"Box Repsol\" \/>\n<meta property=\"article:publisher\" content=\"https:\/\/www.facebook.com\/BoxRepsol\" \/>\n<meta property=\"article:author\" content=\"https:\/\/www.facebook.com\/BoxRepsol\/\" \/>\n<meta property=\"article:published_time\" content=\"2019-02-05T02:00:00+00:00\" \/>\n<meta property=\"article:modified_time\" content=\"2024-05-22T09:38:34+00:00\" \/>\n<meta property=\"og:image\" content=\"https:\/\/bxrepsol.s3.eu-west-1.amazonaws.com\/static\/2022\/08\/29084431\/00_marc_marquez_perfil_motogp_repsol_honda_2019_recuperacion_hombro.jpg\" \/>\n\t<meta property=\"og:image:width\" content=\"1280\" \/>\n\t<meta property=\"og:image:height\" content=\"600\" \/>\n\t<meta property=\"og:image:type\" content=\"image\/jpeg\" \/>\n<meta name=\"author\" content=\"Redacci\u00f3n Box Repsol\" \/>\n<meta name=\"twitter:card\" content=\"summary_large_image\" \/>\n<meta name=\"twitter:creator\" content=\"@https:\/\/twitter.com\/box_repsol\" \/>\n<meta name=\"twitter:site\" content=\"@box_repsol\" \/>\n<meta name=\"twitter:label1\" content=\"Written by\" \/>\n\t<meta name=\"twitter:data1\" content=\"Redacci\u00f3n Box Repsol\" \/>\n\t<meta name=\"twitter:label2\" content=\"Est. reading time\" \/>\n\t<meta name=\"twitter:data2\" content=\"2 minutos\" \/>\n<script type=\"application\/ld+json\" class=\"yoast-schema-graph\">{\"@context\":\"https:\\\/\\\/schema.org\",\"@graph\":[{\"@type\":\"Article\",\"@id\":\"https:\\\/\\\/www.boxrepsol.com\\\/es\\\/motogp\\\/la-recuperacion-marc-marquez\\\/#article\",\"isPartOf\":{\"@id\":\"https:\\\/\\\/www.boxrepsol.com\\\/es\\\/motogp\\\/la-recuperacion-marc-marquez\\\/\"},\"author\":{\"name\":\"Redacci\u00f3n Box Repsol\",\"@id\":\"https:\\\/\\\/www.boxrepsol.com\\\/es\\\/#\\\/schema\\\/person\\\/c5c2138f2cca251b0ad92b7086bb60b7\"},\"headline\":\"La recuperaci\u00f3n de Marc M\u00e1rquez\",\"datePublished\":\"2019-02-05T02:00:00+00:00\",\"dateModified\":\"2024-05-22T09:38:34+00:00\",\"mainEntityOfPage\":{\"@id\":\"https:\\\/\\\/www.boxrepsol.com\\\/es\\\/motogp\\\/la-recuperacion-marc-marquez\\\/\"},\"wordCount\":404,\"commentCount\":0,\"publisher\":{\"@id\":\"https:\\\/\\\/www.boxrepsol.com\\\/es\\\/#organization\"},\"image\":{\"@id\":\"https:\\\/\\\/www.boxrepsol.com\\\/es\\\/motogp\\\/la-recuperacion-marc-marquez\\\/#primaryimage\"},\"thumbnailUrl\":\"https:\\\/\\\/bxrepsol.s3.eu-west-1.amazonaws.com\\\/static\\\/2022\\\/08\\\/29084431\\\/00_marc_marquez_perfil_motogp_repsol_honda_2019_recuperacion_hombro.jpg\",\"keywords\":[\"Marc M\u00e1rquez\"],\"articleSection\":[\"MotoGP\"],\"inLanguage\":\"es\",\"potentialAction\":[{\"@type\":\"CommentAction\",\"name\":\"Comment\",\"target\":[\"https:\\\/\\\/www.boxrepsol.com\\\/es\\\/motogp\\\/la-recuperacion-marc-marquez\\\/#respond\"]}]},{\"@type\":\"WebPage\",\"@id\":\"https:\\\/\\\/www.boxrepsol.com\\\/es\\\/motogp\\\/la-recuperacion-marc-marquez\\\/\",\"url\":\"https:\\\/\\\/www.boxrepsol.com\\\/es\\\/motogp\\\/la-recuperacion-marc-marquez\\\/\",\"name\":\"La recuperaci\u00f3n de Marc M\u00e1rquez - Box Repsol\",\"isPartOf\":{\"@id\":\"https:\\\/\\\/www.boxrepsol.com\\\/es\\\/#website\"},\"primaryImageOfPage\":{\"@id\":\"https:\\\/\\\/www.boxrepsol.com\\\/es\\\/motogp\\\/la-recuperacion-marc-marquez\\\/#primaryimage\"},\"image\":{\"@id\":\"https:\\\/\\\/www.boxrepsol.com\\\/es\\\/motogp\\\/la-recuperacion-marc-marquez\\\/#primaryimage\"},\"thumbnailUrl\":\"https:\\\/\\\/bxrepsol.s3.eu-west-1.amazonaws.com\\\/static\\\/2022\\\/08\\\/29084431\\\/00_marc_marquez_perfil_motogp_repsol_honda_2019_recuperacion_hombro.jpg\",\"datePublished\":\"2019-02-05T02:00:00+00:00\",\"dateModified\":\"2024-05-22T09:38:34+00:00\",\"description\":\"Marc M\u00e1rquez se recupera de la intervenci\u00f3n a la que fue sometido el pasado mes de diciembre. Tras un largo invierno de rehabilitaci\u00f3n.\",\"breadcrumb\":{\"@id\":\"https:\\\/\\\/www.boxrepsol.com\\\/es\\\/motogp\\\/la-recuperacion-marc-marquez\\\/#breadcrumb\"},\"inLanguage\":\"es\",\"potentialAction\":[{\"@type\":\"ReadAction\",\"target\":[\"https:\\\/\\\/www.boxrepsol.com\\\/es\\\/motogp\\\/la-recuperacion-marc-marquez\\\/\"]}]},{\"@type\":\"ImageObject\",\"inLanguage\":\"es\",\"@id\":\"https:\\\/\\\/www.boxrepsol.com\\\/es\\\/motogp\\\/la-recuperacion-marc-marquez\\\/#primaryimage\",\"url\":\"https:\\\/\\\/bxrepsol.s3.eu-west-1.amazonaws.com\\\/static\\\/2022\\\/08\\\/29084431\\\/00_marc_marquez_perfil_motogp_repsol_honda_2019_recuperacion_hombro.jpg\",\"contentUrl\":\"https:\\\/\\\/bxrepsol.s3.eu-west-1.amazonaws.com\\\/static\\\/2022\\\/08\\\/29084431\\\/00_marc_marquez_perfil_motogp_repsol_honda_2019_recuperacion_hombro.jpg\",\"width\":1280,\"height\":600,\"caption\":\"Marc M\u00e1rquez en su recuperaci\u00f3n del hombro\"},{\"@type\":\"BreadcrumbList\",\"@id\":\"https:\\\/\\\/www.boxrepsol.com\\\/es\\\/motogp\\\/la-recuperacion-marc-marquez\\\/#breadcrumb\",\"itemListElement\":[{\"@type\":\"ListItem\",\"position\":1,\"name\":\"Home\",\"item\":\"https:\\\/\\\/www.boxrepsol.com\\\/es\\\/\"},{\"@type\":\"ListItem\",\"position\":2,\"name\":\"La recuperaci\u00f3n de Marc M\u00e1rquez\"}]},{\"@type\":\"WebSite\",\"@id\":\"https:\\\/\\\/www.boxrepsol.com\\\/es\\\/#website\",\"url\":\"https:\\\/\\\/www.boxrepsol.com\\\/es\\\/\",\"name\":\"Box Repsol\",\"description\":\"Box Repsol Site\",\"publisher\":{\"@id\":\"https:\\\/\\\/www.boxrepsol.com\\\/es\\\/#organization\"},\"potentialAction\":[{\"@type\":\"SearchAction\",\"target\":{\"@type\":\"EntryPoint\",\"urlTemplate\":\"https:\\\/\\\/www.boxrepsol.com\\\/es\\\/?s={search_term_string}\"},\"query-input\":{\"@type\":\"PropertyValueSpecification\",\"valueRequired\":true,\"valueName\":\"search_term_string\"}}],\"inLanguage\":\"es\"},{\"@type\":\"Organization\",\"@id\":\"https:\\\/\\\/www.boxrepsol.com\\\/es\\\/#organization\",\"name\":\"Box Repsol\",\"url\":\"https:\\\/\\\/www.boxrepsol.com\\\/es\\\/\",\"logo\":{\"@type\":\"ImageObject\",\"inLanguage\":\"es\",\"@id\":\"https:\\\/\\\/www.boxrepsol.com\\\/es\\\/#\\\/schema\\\/logo\\\/image\\\/\",\"url\":\"https:\\\/\\\/bxrepsol.s3.eu-west-1.amazonaws.com\\\/static\\\/2025\\\/07\\\/30083337\\\/favicon-96x96-1.png\",\"contentUrl\":\"https:\\\/\\\/bxrepsol.s3.eu-west-1.amazonaws.com\\\/static\\\/2025\\\/07\\\/30083337\\\/favicon-96x96-1.png\",\"width\":96,\"height\":96,\"caption\":\"Box Repsol\"},\"image\":{\"@id\":\"https:\\\/\\\/www.boxrepsol.com\\\/es\\\/#\\\/schema\\\/logo\\\/image\\\/\"},\"sameAs\":[\"https:\\\/\\\/www.facebook.com\\\/BoxRepsol\",\"https:\\\/\\\/x.com\\\/box_repsol\",\"http:\\\/\\\/instagram.com\\\/box_repsol\",\"https:\\\/\\\/www.youtube.com\\\/user\\\/RepsolCompeticion\",\"https:\\\/\\\/www.flickr.com\\\/photos\\\/box_repsol\\\/\"]},{\"@type\":\"Person\",\"@id\":\"https:\\\/\\\/www.boxrepsol.com\\\/es\\\/#\\\/schema\\\/person\\\/c5c2138f2cca251b0ad92b7086bb60b7\",\"name\":\"Redacci\u00f3n Box Repsol\",\"image\":{\"@type\":\"ImageObject\",\"inLanguage\":\"es\",\"@id\":\"https:\\\/\\\/secure.gravatar.com\\\/avatar\\\/adf7b77e38b4419baf32c7e9c21dde01f4e40df611f0978e3006fc4ba0aaab7e?s=96&d=mm&r=g\",\"url\":\"https:\\\/\\\/secure.gravatar.com\\\/avatar\\\/adf7b77e38b4419baf32c7e9c21dde01f4e40df611f0978e3006fc4ba0aaab7e?s=96&d=mm&r=g\",\"contentUrl\":\"https:\\\/\\\/secure.gravatar.com\\\/avatar\\\/adf7b77e38b4419baf32c7e9c21dde01f4e40df611f0978e3006fc4ba0aaab7e?s=96&d=mm&r=g\",\"caption\":\"Redacci\u00f3n Box Repsol\"},\"description\":\"Box Repsol lo forma un equipo de periodistas, community managers, dise\u00f1adores y fot\u00f3grafos con m\u00e1s de 20 a\u00f1os de experiencia en el mundo del motorsport. Hemos vivido el primer mundial de un espa\u00f1ol en la categor\u00eda reina de motociclismo con \u00c1lex Crivill\u00e9, estuvimos en las victorias de Pedrosa y los t\u00edtulos de M\u00e1rquez, acompa\u00f1amos en \u00c1frica a Nani Roma y Marc Coma en sus conquistas del Dakar y hemos vibrado con los t\u00edtulos de Toni Bou en Trial. Adem\u00e1s, en nuestro equipo contamos con expertos en el mundo de las dos y cuatro ruedas tanto de la calle y las carreteras, como de los circuitos. Periodistas que han trabajado en revistas y publicaciones para hacerte llegar desde rutas y consejos de mantenimiento, a curiosidades y trucos de pilotaje.\",\"sameAs\":[\"https:\\\/\\\/www.facebook.com\\\/BoxRepsol\\\/\",\"https:\\\/\\\/www.instagram.com\\\/box_repsol\\\/\",\"https:\\\/\\\/x.com\\\/https:\\\/\\\/twitter.com\\\/box_repsol\",\"https:\\\/\\\/www.youtube.com\\\/@Boxrepsol\"],\"url\":\"https:\\\/\\\/www.boxrepsol.com\\\/es\\\/author\\\/redaccion-box-repsol\\\/\"}]}<\/script>\n<!-- \/ Yoast SEO plugin. -->","yoast_head_json":{"title":"La recuperaci\u00f3n de Marc M\u00e1rquez - Box Repsol","description":"Marc M\u00e1rquez se recupera de la intervenci\u00f3n a la que fue sometido el pasado mes de diciembre. Tras un largo invierno de rehabilitaci\u00f3n.","canonical":"https:\/\/www.boxrepsol.com\/es\/motogp\/la-recuperacion-marc-marquez\/","og_locale":"es_ES","og_type":"article","og_title":"La recuperaci\u00f3n de Marc M\u00e1rquez - Box Repsol","og_description":"Marc M\u00e1rquez se recupera de la intervenci\u00f3n a la que fue sometido el pasado mes de diciembre. Tras un largo invierno de rehabilitaci\u00f3n.","og_url":"https:\/\/www.boxrepsol.com\/es\/motogp\/la-recuperacion-marc-marquez\/","og_site_name":"Box Repsol","article_publisher":"https:\/\/www.facebook.com\/BoxRepsol","article_author":"https:\/\/www.facebook.com\/BoxRepsol\/","article_published_time":"2019-02-05T02:00:00+00:00","article_modified_time":"2024-05-22T09:38:34+00:00","og_image":[{"width":1280,"height":600,"url":"https:\/\/bxrepsol.s3.eu-west-1.amazonaws.com\/static\/2022\/08\/29084431\/00_marc_marquez_perfil_motogp_repsol_honda_2019_recuperacion_hombro.jpg","type":"image\/jpeg"}],"author":"Redacci\u00f3n Box Repsol","twitter_card":"summary_large_image","twitter_creator":"@https:\/\/twitter.com\/box_repsol","twitter_site":"@box_repsol","twitter_misc":{"Written by":"Redacci\u00f3n Box Repsol","Est. reading time":"2 minutos"},"schema":{"@context":"https:\/\/schema.org","@graph":[{"@type":"Article","@id":"https:\/\/www.boxrepsol.com\/es\/motogp\/la-recuperacion-marc-marquez\/#article","isPartOf":{"@id":"https:\/\/www.boxrepsol.com\/es\/motogp\/la-recuperacion-marc-marquez\/"},"author":{"name":"Redacci\u00f3n Box Repsol","@id":"https:\/\/www.boxrepsol.com\/es\/#\/schema\/person\/c5c2138f2cca251b0ad92b7086bb60b7"},"headline":"La recuperaci\u00f3n de Marc M\u00e1rquez","datePublished":"2019-02-05T02:00:00+00:00","dateModified":"2024-05-22T09:38:34+00:00","mainEntityOfPage":{"@id":"https:\/\/www.boxrepsol.com\/es\/motogp\/la-recuperacion-marc-marquez\/"},"wordCount":404,"commentCount":0,"publisher":{"@id":"https:\/\/www.boxrepsol.com\/es\/#organization"},"image":{"@id":"https:\/\/www.boxrepsol.com\/es\/motogp\/la-recuperacion-marc-marquez\/#primaryimage"},"thumbnailUrl":"https:\/\/bxrepsol.s3.eu-west-1.amazonaws.com\/static\/2022\/08\/29084431\/00_marc_marquez_perfil_motogp_repsol_honda_2019_recuperacion_hombro.jpg","keywords":["Marc M\u00e1rquez"],"articleSection":["MotoGP"],"inLanguage":"es","potentialAction":[{"@type":"CommentAction","name":"Comment","target":["https:\/\/www.boxrepsol.com\/es\/motogp\/la-recuperacion-marc-marquez\/#respond"]}]},{"@type":"WebPage","@id":"https:\/\/www.boxrepsol.com\/es\/motogp\/la-recuperacion-marc-marquez\/","url":"https:\/\/www.boxrepsol.com\/es\/motogp\/la-recuperacion-marc-marquez\/","name":"La recuperaci\u00f3n de Marc M\u00e1rquez - Box Repsol","isPartOf":{"@id":"https:\/\/www.boxrepsol.com\/es\/#website"},"primaryImageOfPage":{"@id":"https:\/\/www.boxrepsol.com\/es\/motogp\/la-recuperacion-marc-marquez\/#primaryimage"},"image":{"@id":"https:\/\/www.boxrepsol.com\/es\/motogp\/la-recuperacion-marc-marquez\/#primaryimage"},"thumbnailUrl":"https:\/\/bxrepsol.s3.eu-west-1.amazonaws.com\/static\/2022\/08\/29084431\/00_marc_marquez_perfil_motogp_repsol_honda_2019_recuperacion_hombro.jpg","datePublished":"2019-02-05T02:00:00+00:00","dateModified":"2024-05-22T09:38:34+00:00","description":"Marc M\u00e1rquez se recupera de la intervenci\u00f3n a la que fue sometido el pasado mes de diciembre. Tras un largo invierno de rehabilitaci\u00f3n.","breadcrumb":{"@id":"https:\/\/www.boxrepsol.com\/es\/motogp\/la-recuperacion-marc-marquez\/#breadcrumb"},"inLanguage":"es","potentialAction":[{"@type":"ReadAction","target":["https:\/\/www.boxrepsol.com\/es\/motogp\/la-recuperacion-marc-marquez\/"]}]},{"@type":"ImageObject","inLanguage":"es","@id":"https:\/\/www.boxrepsol.com\/es\/motogp\/la-recuperacion-marc-marquez\/#primaryimage","url":"https:\/\/bxrepsol.s3.eu-west-1.amazonaws.com\/static\/2022\/08\/29084431\/00_marc_marquez_perfil_motogp_repsol_honda_2019_recuperacion_hombro.jpg","contentUrl":"https:\/\/bxrepsol.s3.eu-west-1.amazonaws.com\/static\/2022\/08\/29084431\/00_marc_marquez_perfil_motogp_repsol_honda_2019_recuperacion_hombro.jpg","width":1280,"height":600,"caption":"Marc M\u00e1rquez en su recuperaci\u00f3n del hombro"},{"@type":"BreadcrumbList","@id":"https:\/\/www.boxrepsol.com\/es\/motogp\/la-recuperacion-marc-marquez\/#breadcrumb","itemListElement":[{"@type":"ListItem","position":1,"name":"Home","item":"https:\/\/www.boxrepsol.com\/es\/"},{"@type":"ListItem","position":2,"name":"La recuperaci\u00f3n de Marc M\u00e1rquez"}]},{"@type":"WebSite","@id":"https:\/\/www.boxrepsol.com\/es\/#website","url":"https:\/\/www.boxrepsol.com\/es\/","name":"Box Repsol","description":"Box Repsol Site","publisher":{"@id":"https:\/\/www.boxrepsol.com\/es\/#organization"},"potentialAction":[{"@type":"SearchAction","target":{"@type":"EntryPoint","urlTemplate":"https:\/\/www.boxrepsol.com\/es\/?s={search_term_string}"},"query-input":{"@type":"PropertyValueSpecification","valueRequired":true,"valueName":"search_term_string"}}],"inLanguage":"es"},{"@type":"Organization","@id":"https:\/\/www.boxrepsol.com\/es\/#organization","name":"Box Repsol","url":"https:\/\/www.boxrepsol.com\/es\/","logo":{"@type":"ImageObject","inLanguage":"es","@id":"https:\/\/www.boxrepsol.com\/es\/#\/schema\/logo\/image\/","url":"https:\/\/bxrepsol.s3.eu-west-1.amazonaws.com\/static\/2025\/07\/30083337\/favicon-96x96-1.png","contentUrl":"https:\/\/bxrepsol.s3.eu-west-1.amazonaws.com\/static\/2025\/07\/30083337\/favicon-96x96-1.png","width":96,"height":96,"caption":"Box Repsol"},"image":{"@id":"https:\/\/www.boxrepsol.com\/es\/#\/schema\/logo\/image\/"},"sameAs":["https:\/\/www.facebook.com\/BoxRepsol","https:\/\/x.com\/box_repsol","http:\/\/instagram.com\/box_repsol","https:\/\/www.youtube.com\/user\/RepsolCompeticion","https:\/\/www.flickr.com\/photos\/box_repsol\/"]},{"@type":"Person","@id":"https:\/\/www.boxrepsol.com\/es\/#\/schema\/person\/c5c2138f2cca251b0ad92b7086bb60b7","name":"Redacci\u00f3n Box Repsol","image":{"@type":"ImageObject","inLanguage":"es","@id":"https:\/\/secure.gravatar.com\/avatar\/adf7b77e38b4419baf32c7e9c21dde01f4e40df611f0978e3006fc4ba0aaab7e?s=96&d=mm&r=g","url":"https:\/\/secure.gravatar.com\/avatar\/adf7b77e38b4419baf32c7e9c21dde01f4e40df611f0978e3006fc4ba0aaab7e?s=96&d=mm&r=g","contentUrl":"https:\/\/secure.gravatar.com\/avatar\/adf7b77e38b4419baf32c7e9c21dde01f4e40df611f0978e3006fc4ba0aaab7e?s=96&d=mm&r=g","caption":"Redacci\u00f3n Box Repsol"},"description":"Box Repsol lo forma un equipo de periodistas, community managers, dise\u00f1adores y fot\u00f3grafos con m\u00e1s de 20 a\u00f1os de experiencia en el mundo del motorsport. Hemos vivido el primer mundial de un espa\u00f1ol en la categor\u00eda reina de motociclismo con \u00c1lex Crivill\u00e9, estuvimos en las victorias de Pedrosa y los t\u00edtulos de M\u00e1rquez, acompa\u00f1amos en \u00c1frica a Nani Roma y Marc Coma en sus conquistas del Dakar y hemos vibrado con los t\u00edtulos de Toni Bou en Trial. Adem\u00e1s, en nuestro equipo contamos con expertos en el mundo de las dos y cuatro ruedas tanto de la calle y las carreteras, como de los circuitos. Periodistas que han trabajado en revistas y publicaciones para hacerte llegar desde rutas y consejos de mantenimiento, a curiosidades y trucos de pilotaje.","sameAs":["https:\/\/www.facebook.com\/BoxRepsol\/","https:\/\/www.instagram.com\/box_repsol\/","https:\/\/x.com\/https:\/\/twitter.com\/box_repsol","https:\/\/www.youtube.com\/@Boxrepsol"],"url":"https:\/\/www.boxrepsol.com\/es\/author\/redaccion-box-repsol\/"}]}},"_links":{"self":[{"href":"https:\/\/www.boxrepsol.com\/es\/wp-json\/wp\/v2\/posts\/93724","targetHints":{"allow":["GET"]}}],"collection":[{"href":"https:\/\/www.boxrepsol.com\/es\/wp-json\/wp\/v2\/posts"}],"about":[{"href":"https:\/\/www.boxrepsol.com\/es\/wp-json\/wp\/v2\/types\/post"}],"author":[{"embeddable":true,"href":"https:\/\/www.boxrepsol.com\/es\/wp-json\/wp\/v2\/users\/43146"}],"replies":[{"embeddable":true,"href":"https:\/\/www.boxrepsol.com\/es\/wp-json\/wp\/v2\/comments?post=93724"}],"version-history":[{"count":1,"href":"https:\/\/www.boxrepsol.com\/es\/wp-json\/wp\/v2\/posts\/93724\/revisions"}],"predecessor-version":[{"id":93725,"href":"https:\/\/www.boxrepsol.com\/es\/wp-json\/wp\/v2\/posts\/93724\/revisions\/93725"}],"wp:featuredmedia":[{"embeddable":true,"href":"https:\/\/www.boxrepsol.com\/es\/wp-json\/wp\/v2\/media\/60923"}],"wp:attachment":[{"href":"https:\/\/www.boxrepsol.com\/es\/wp-json\/wp\/v2\/media?parent=93724"}],"wp:term":[{"taxonomy":"category","embeddable":true,"href":"https:\/\/www.boxrepsol.com\/es\/wp-json\/wp\/v2\/categories?post=93724"},{"taxonomy":"post_tag","embeddable":true,"href":"https:\/\/www.boxrepsol.com\/es\/wp-json\/wp\/v2\/tags?post=93724"}],"curies":[{"name":"wp","href":"https:\/\/api.w.org\/{rel}","templated":true}]}}