{"id":93705,"date":"2019-01-24T00:00:00","date_gmt":"2019-01-24T02:00:00","guid":{"rendered":"http:\/\/pre.boxrepsol.com\/sin-categorizar\/una-honda-gtr-150-logotipada-colores-repsol-modificada-competir\/"},"modified":"2024-05-22T07:37:13","modified_gmt":"2024-05-22T09:37:13","slug":"una-honda-gtr-150-logotipada-colores-repsol-modificada-competir","status":"publish","type":"post","link":"https:\/\/www.boxrepsol.com\/es\/cultura-motera\/una-honda-gtr-150-logotipada-colores-repsol-modificada-competir\/","title":{"rendered":"Una Honda GTR 150 logotipada con los colores de Repsol y modificada para competir"},"content":{"rendered":"\n<p>\u00a1Un <strong>scooter Repsol Honda<\/strong> con basculante monobrazo!<\/p>\n\n\n\n<p>Una <strong>Honda GTR 150<\/strong> logotipada con los colores de <strong>Repsol<\/strong> y modificada para competir era la imagen que sub\u00eda a Twitter el periodista y piloto <strong>Mat Oxley.<\/strong> Entre sus mejoras hab\u00eda un <strong>basculante monobrazo<\/strong>un extra ins\u00f3lito en las motocicletas de ciudad. Una m\u00e1quina llena de peque\u00f1os detalles que nos dej\u00f3 con la boca abierta y que vale la pena repasar.<\/p>\n\n\n\n<blockquote class=\"twitter-tweet\"><p lang=\"en\" dir=\"ltr\">I&#39;m surrounded by 50 of the world&#39;s trickest bikes at Sepang &amp; this is my favourite bike of the week. I&#39;ve seen a 1000 trick Blades, but nothing like this. Check the details to see how they&#39;ve gone on mods <a href=\"https:\/\/t.co\/IYnswi8gmP\">pic.twitter.com\/IYnswi8gmP<\/a><\/p>&mdash; Mat Oxley (@matoxley) <a href=\"https:\/\/twitter.com\/matoxley\/status\/958247162852225024?ref_src=twsrc%5Etfw\">January 30, 2018<\/a><\/blockquote> <script async src=\"https:\/\/platform.twitter.com\/widgets.js\" charset=\"utf-8\"><\/script>\n\n\n\n<p>La GTR 150 es un exitoso modelo del <strong>mercado asi\u00e1tico<\/strong> que en su versi\u00f3n de f\u00e1brica ya regala cierto aspecto deportivo. La marca Honda sac\u00f3 una \u2018<strong>Repsol Edition<\/strong>\u2019 que fue muy bien acogida, sobre todo por los <strong>moteros de Indonesia y Malasia<\/strong>, donde la afici\u00f3n por <strong>MotoGP<\/strong> es una aut\u00e9ntica locura. Era inevitable que ese modelo terminara en manos de un \u2018loco\u2019 de las motos. Y es as\u00ed como naci\u00f3 este <strong>aspecto \u2018racing\u2019<\/strong> que dej\u00f3 estupefactos a todos los que vieron esta m\u00e1quina \u00fanica en el trazado malasio.<\/p>\n\n\n\n<blockquote class=\"twitter-tweet\"><p lang=\"in\" dir=\"ltr\">&quot;Kami Mat Moto Bukan Mat Rempit&quot; \ud83d\ude02\ud83d\ude1d\u270c\ud83c\udffe\ud83c\udfcd<a href=\"https:\/\/twitter.com\/hashtag\/HondaRS150R?src=hash&amp;ref_src=twsrc%5Etfw\">#HondaRS150R<\/a> <a href=\"https:\/\/twitter.com\/hashtag\/MotoOrangYangPunya?src=hash&amp;ref_src=twsrc%5Etfw\">#MotoOrangYangPunya<\/a> <a href=\"https:\/\/twitter.com\/hashtag\/AbangCuba?src=hash&amp;ref_src=twsrc%5Etfw\">#AbangCuba<\/a> <a href=\"https:\/\/twitter.com\/hashtag\/JanganKecamAbang?src=hash&amp;ref_src=twsrc%5Etfw\">#JanganKecamAbang<\/a> <a href=\"https:\/\/t.co\/IOgOli1hZ9\">pic.twitter.com\/IOgOli1hZ9<\/a><\/p>&mdash; Noor Ikmal Idris (@NoorIkmalidris) <a href=\"https:\/\/twitter.com\/NoorIkmalidris\/status\/829607320946565120?ref_src=twsrc%5Etfw\">February 9, 2017<\/a><\/blockquote> <script async src=\"https:\/\/platform.twitter.com\/widgets.js\" charset=\"utf-8\"><\/script>\n\n\n\n<p>Si se hace el ejercicio de tapar la parte superior de la moto, si solo te fijas en <strong>neum\u00e1ticos<\/strong>, chasis, horquilla y basculante, puedes llegar a la conclusi\u00f3n de que est\u00e1s frente a la <strong>moto de Marc M\u00e1rquez<\/strong>. Luego, al levantar la mirada, te das cuenta de que se trata realmente de un \u2018scooter\u2019 que no llega a los 20 CV, que tampoco es que sean ninguna tonter\u00eda para una moto de tan solo 150cc. El basculante monobrazo es un <strong>aut\u00e9ntico rara avis<\/strong> en este tipo de motocicletas de ciudad. Lo m\u00e1s probable es que adaptara la de otro modelo de Honda, pero tiene m\u00e9rito que fuera capaz de acoplarlo en la GTR. Igual de peculiar es el montaje de la rueda delantera, con una suspensi\u00f3n ins\u00f3lita: una <strong>horquilla \u00d6hlins<\/strong> recortada para poder calzarla bien en la moto.<\/p>\n\n\n\n<blockquote class=\"twitter-tweet\"><p lang=\"en\" dir=\"ltr\">And another. Note that he\/she has cut the Ohlins in half, because scooter forks only extend to the lower triple clamp. <a href=\"https:\/\/t.co\/0alaI9DcmL\">pic.twitter.com\/0alaI9DcmL<\/a><\/p>&mdash; Mat Oxley (@matoxley) <a href=\"https:\/\/twitter.com\/matoxley\/status\/958247770053271552?ref_src=twsrc%5Etfw\">January 30, 2018<\/a><\/blockquote> <script async src=\"https:\/\/platform.twitter.com\/widgets.js\" charset=\"utf-8\"><\/script>\n\n\n\n<p>Tal es el nivel de detalle, que el propietario incluso cambi\u00f3 el tapizado del asiento para incluir las letras de Repsol y el <strong>naranja corporativo<\/strong>. Tambi\u00e9n a\u00f1adi\u00f3 <strong>bombas radiales<\/strong>, tanto en la maneta del freno como en la del embrague (es un \u2018scooter\u2019 sin transmisi\u00f3n autom\u00e1tica y con seis marchas) simulando el sistema que empez\u00f3 a imponerse a partir de los a\u00f1os 80 de la mano del m\u00edtico piloto californiano <strong>Eddie Lawson<\/strong>.<\/p>\n\n\n\n<blockquote class=\"twitter-tweet\"><p lang=\"en\" dir=\"ltr\">And another <a href=\"https:\/\/t.co\/UczZ372Qvu\">pic.twitter.com\/UczZ372Qvu<\/a><\/p>&mdash; Mat Oxley (@matoxley) <a href=\"https:\/\/twitter.com\/matoxley\/status\/958247392259719169?ref_src=twsrc%5Etfw\">January 30, 2018<\/a><\/blockquote> <script async src=\"https:\/\/platform.twitter.com\/widgets.js\" charset=\"utf-8\"><\/script>\n\n\n\n<p>No ha trascendido el nombre del propietario de esta maravilla. Si en el futuro te animas a hacer algo similar con tu moto de ciudad, no dudes en contarnos la historia de tu <strong>Honda Repsol particular<\/strong>.<br><\/p>\n","protected":false},"excerpt":{"rendered":"<p>Paseando por los circuitos puedes encontrarte las mejores motos de competici\u00f3n del planeta. Pero cuando menos te lo esperas, en el aparcamiento, tambi\u00e9n puede sorprenderte un simple \u2018scooter\u2019. O no tan simple. Lo que aqu\u00ed os contamos sucedi\u00f3 en Sepang hace unos meses.<\/p>\n","protected":false},"author":43146,"featured_media":60856,"comment_status":"open","ping_status":"open","sticky":false,"template":"","format":"standard","meta":{"footnotes":""},"categories":[160],"tags":[169],"class_list":["post-93705","post","type-post","status-publish","format-standard","hentry","category-cultura-motera","tag-motos-honda"],"yoast_head":"<!-- This site is optimized with the Yoast SEO plugin v27.3 - https:\/\/yoast.com\/product\/yoast-seo-wordpress\/ -->\n<title>Una Honda GTR 150 customizada y lista para competir - Box Repsol<\/title>\n<meta name=\"description\" content=\"Una Honda GTR 150 logotipada con los colores de Repsol y modificada para competir era la imagen que sub\u00eda a Twitter el periodista y piloto Mat Oxley.\" \/>\n<link rel=\"canonical\" href=\"https:\/\/www.boxrepsol.com\/es\/cultura-motera\/una-honda-gtr-150-logotipada-colores-repsol-modificada-competir\/\" \/>\n<meta property=\"og:locale\" content=\"es_ES\" \/>\n<meta property=\"og:type\" content=\"article\" \/>\n<meta property=\"og:title\" content=\"Una Honda GTR 150 customizada y lista para competir - Box Repsol\" \/>\n<meta property=\"og:description\" content=\"Una Honda GTR 150 logotipada con los colores de Repsol y modificada para competir era la imagen que sub\u00eda a Twitter el periodista y piloto Mat Oxley.\" \/>\n<meta property=\"og:url\" content=\"https:\/\/www.boxrepsol.com\/es\/cultura-motera\/una-honda-gtr-150-logotipada-colores-repsol-modificada-competir\/\" \/>\n<meta property=\"og:site_name\" content=\"Box Repsol\" \/>\n<meta property=\"article:publisher\" content=\"https:\/\/www.facebook.com\/BoxRepsol\" \/>\n<meta property=\"article:author\" content=\"https:\/\/www.facebook.com\/BoxRepsol\/\" \/>\n<meta property=\"article:published_time\" content=\"2019-01-24T02:00:00+00:00\" \/>\n<meta property=\"article:modified_time\" content=\"2024-05-22T09:37:13+00:00\" \/>\n<meta property=\"og:image\" content=\"https:\/\/bxrepsol.s3.eu-west-1.amazonaws.com\/static\/2022\/08\/29084348\/honda-150-gtr-repsol-honda-con-brazo-basulante-1.jpg\" \/>\n\t<meta property=\"og:image:width\" content=\"1280\" \/>\n\t<meta property=\"og:image:height\" content=\"600\" \/>\n\t<meta property=\"og:image:type\" content=\"image\/jpeg\" \/>\n<meta name=\"author\" content=\"Redacci\u00f3n Box Repsol\" \/>\n<meta name=\"twitter:card\" content=\"summary_large_image\" \/>\n<meta name=\"twitter:creator\" content=\"@https:\/\/twitter.com\/box_repsol\" \/>\n<meta name=\"twitter:site\" content=\"@box_repsol\" \/>\n<meta name=\"twitter:label1\" content=\"Written by\" \/>\n\t<meta name=\"twitter:data1\" content=\"Redacci\u00f3n Box Repsol\" \/>\n\t<meta name=\"twitter:label2\" content=\"Est. reading time\" \/>\n\t<meta name=\"twitter:data2\" content=\"3 minutos\" \/>\n<script type=\"application\/ld+json\" class=\"yoast-schema-graph\">{\"@context\":\"https:\\\/\\\/schema.org\",\"@graph\":[{\"@type\":\"Article\",\"@id\":\"https:\\\/\\\/www.boxrepsol.com\\\/es\\\/cultura-motera\\\/una-honda-gtr-150-logotipada-colores-repsol-modificada-competir\\\/#article\",\"isPartOf\":{\"@id\":\"https:\\\/\\\/www.boxrepsol.com\\\/es\\\/cultura-motera\\\/una-honda-gtr-150-logotipada-colores-repsol-modificada-competir\\\/\"},\"author\":{\"name\":\"Redacci\u00f3n Box Repsol\",\"@id\":\"https:\\\/\\\/www.boxrepsol.com\\\/es\\\/#\\\/schema\\\/person\\\/c5c2138f2cca251b0ad92b7086bb60b7\"},\"headline\":\"Una Honda GTR 150 logotipada con los colores de Repsol y modificada para competir\",\"datePublished\":\"2019-01-24T02:00:00+00:00\",\"dateModified\":\"2024-05-22T09:37:13+00:00\",\"mainEntityOfPage\":{\"@id\":\"https:\\\/\\\/www.boxrepsol.com\\\/es\\\/cultura-motera\\\/una-honda-gtr-150-logotipada-colores-repsol-modificada-competir\\\/\"},\"wordCount\":557,\"commentCount\":0,\"publisher\":{\"@id\":\"https:\\\/\\\/www.boxrepsol.com\\\/es\\\/#organization\"},\"image\":{\"@id\":\"https:\\\/\\\/www.boxrepsol.com\\\/es\\\/cultura-motera\\\/una-honda-gtr-150-logotipada-colores-repsol-modificada-competir\\\/#primaryimage\"},\"thumbnailUrl\":\"https:\\\/\\\/bxrepsol.s3.eu-west-1.amazonaws.com\\\/static\\\/2022\\\/08\\\/29084348\\\/honda-150-gtr-repsol-honda-con-brazo-basulante-1.jpg\",\"keywords\":[\"Motos Honda\"],\"articleSection\":[\"Cultura Motera\"],\"inLanguage\":\"es\",\"potentialAction\":[{\"@type\":\"CommentAction\",\"name\":\"Comment\",\"target\":[\"https:\\\/\\\/www.boxrepsol.com\\\/es\\\/cultura-motera\\\/una-honda-gtr-150-logotipada-colores-repsol-modificada-competir\\\/#respond\"]}]},{\"@type\":\"WebPage\",\"@id\":\"https:\\\/\\\/www.boxrepsol.com\\\/es\\\/cultura-motera\\\/una-honda-gtr-150-logotipada-colores-repsol-modificada-competir\\\/\",\"url\":\"https:\\\/\\\/www.boxrepsol.com\\\/es\\\/cultura-motera\\\/una-honda-gtr-150-logotipada-colores-repsol-modificada-competir\\\/\",\"name\":\"Una Honda GTR 150 customizada y lista para competir - Box Repsol\",\"isPartOf\":{\"@id\":\"https:\\\/\\\/www.boxrepsol.com\\\/es\\\/#website\"},\"primaryImageOfPage\":{\"@id\":\"https:\\\/\\\/www.boxrepsol.com\\\/es\\\/cultura-motera\\\/una-honda-gtr-150-logotipada-colores-repsol-modificada-competir\\\/#primaryimage\"},\"image\":{\"@id\":\"https:\\\/\\\/www.boxrepsol.com\\\/es\\\/cultura-motera\\\/una-honda-gtr-150-logotipada-colores-repsol-modificada-competir\\\/#primaryimage\"},\"thumbnailUrl\":\"https:\\\/\\\/bxrepsol.s3.eu-west-1.amazonaws.com\\\/static\\\/2022\\\/08\\\/29084348\\\/honda-150-gtr-repsol-honda-con-brazo-basulante-1.jpg\",\"datePublished\":\"2019-01-24T02:00:00+00:00\",\"dateModified\":\"2024-05-22T09:37:13+00:00\",\"description\":\"Una Honda GTR 150 logotipada con los colores de Repsol y modificada para competir era la imagen que sub\u00eda a Twitter el periodista y piloto Mat Oxley.\",\"breadcrumb\":{\"@id\":\"https:\\\/\\\/www.boxrepsol.com\\\/es\\\/cultura-motera\\\/una-honda-gtr-150-logotipada-colores-repsol-modificada-competir\\\/#breadcrumb\"},\"inLanguage\":\"es\",\"potentialAction\":[{\"@type\":\"ReadAction\",\"target\":[\"https:\\\/\\\/www.boxrepsol.com\\\/es\\\/cultura-motera\\\/una-honda-gtr-150-logotipada-colores-repsol-modificada-competir\\\/\"]}]},{\"@type\":\"ImageObject\",\"inLanguage\":\"es\",\"@id\":\"https:\\\/\\\/www.boxrepsol.com\\\/es\\\/cultura-motera\\\/una-honda-gtr-150-logotipada-colores-repsol-modificada-competir\\\/#primaryimage\",\"url\":\"https:\\\/\\\/bxrepsol.s3.eu-west-1.amazonaws.com\\\/static\\\/2022\\\/08\\\/29084348\\\/honda-150-gtr-repsol-honda-con-brazo-basulante-1.jpg\",\"contentUrl\":\"https:\\\/\\\/bxrepsol.s3.eu-west-1.amazonaws.com\\\/static\\\/2022\\\/08\\\/29084348\\\/honda-150-gtr-repsol-honda-con-brazo-basulante-1.jpg\",\"width\":1280,\"height\":600,\"caption\":\"honda 150 gtr repsol honda con brazo basulante\"},{\"@type\":\"BreadcrumbList\",\"@id\":\"https:\\\/\\\/www.boxrepsol.com\\\/es\\\/cultura-motera\\\/una-honda-gtr-150-logotipada-colores-repsol-modificada-competir\\\/#breadcrumb\",\"itemListElement\":[{\"@type\":\"ListItem\",\"position\":1,\"name\":\"Home\",\"item\":\"https:\\\/\\\/www.boxrepsol.com\\\/es\\\/\"},{\"@type\":\"ListItem\",\"position\":2,\"name\":\"Una Honda GTR 150 logotipada con los colores de Repsol y modificada para competir\"}]},{\"@type\":\"WebSite\",\"@id\":\"https:\\\/\\\/www.boxrepsol.com\\\/es\\\/#website\",\"url\":\"https:\\\/\\\/www.boxrepsol.com\\\/es\\\/\",\"name\":\"Box Repsol\",\"description\":\"Box Repsol Site\",\"publisher\":{\"@id\":\"https:\\\/\\\/www.boxrepsol.com\\\/es\\\/#organization\"},\"potentialAction\":[{\"@type\":\"SearchAction\",\"target\":{\"@type\":\"EntryPoint\",\"urlTemplate\":\"https:\\\/\\\/www.boxrepsol.com\\\/es\\\/?s={search_term_string}\"},\"query-input\":{\"@type\":\"PropertyValueSpecification\",\"valueRequired\":true,\"valueName\":\"search_term_string\"}}],\"inLanguage\":\"es\"},{\"@type\":\"Organization\",\"@id\":\"https:\\\/\\\/www.boxrepsol.com\\\/es\\\/#organization\",\"name\":\"Box Repsol\",\"url\":\"https:\\\/\\\/www.boxrepsol.com\\\/es\\\/\",\"logo\":{\"@type\":\"ImageObject\",\"inLanguage\":\"es\",\"@id\":\"https:\\\/\\\/www.boxrepsol.com\\\/es\\\/#\\\/schema\\\/logo\\\/image\\\/\",\"url\":\"https:\\\/\\\/bxrepsol.s3.eu-west-1.amazonaws.com\\\/static\\\/2025\\\/07\\\/30083337\\\/favicon-96x96-1.png\",\"contentUrl\":\"https:\\\/\\\/bxrepsol.s3.eu-west-1.amazonaws.com\\\/static\\\/2025\\\/07\\\/30083337\\\/favicon-96x96-1.png\",\"width\":96,\"height\":96,\"caption\":\"Box Repsol\"},\"image\":{\"@id\":\"https:\\\/\\\/www.boxrepsol.com\\\/es\\\/#\\\/schema\\\/logo\\\/image\\\/\"},\"sameAs\":[\"https:\\\/\\\/www.facebook.com\\\/BoxRepsol\",\"https:\\\/\\\/x.com\\\/box_repsol\",\"http:\\\/\\\/instagram.com\\\/box_repsol\",\"https:\\\/\\\/www.youtube.com\\\/user\\\/RepsolCompeticion\",\"https:\\\/\\\/www.flickr.com\\\/photos\\\/box_repsol\\\/\"]},{\"@type\":\"Person\",\"@id\":\"https:\\\/\\\/www.boxrepsol.com\\\/es\\\/#\\\/schema\\\/person\\\/c5c2138f2cca251b0ad92b7086bb60b7\",\"name\":\"Redacci\u00f3n Box Repsol\",\"image\":{\"@type\":\"ImageObject\",\"inLanguage\":\"es\",\"@id\":\"https:\\\/\\\/secure.gravatar.com\\\/avatar\\\/adf7b77e38b4419baf32c7e9c21dde01f4e40df611f0978e3006fc4ba0aaab7e?s=96&d=mm&r=g\",\"url\":\"https:\\\/\\\/secure.gravatar.com\\\/avatar\\\/adf7b77e38b4419baf32c7e9c21dde01f4e40df611f0978e3006fc4ba0aaab7e?s=96&d=mm&r=g\",\"contentUrl\":\"https:\\\/\\\/secure.gravatar.com\\\/avatar\\\/adf7b77e38b4419baf32c7e9c21dde01f4e40df611f0978e3006fc4ba0aaab7e?s=96&d=mm&r=g\",\"caption\":\"Redacci\u00f3n Box Repsol\"},\"description\":\"Box Repsol lo forma un equipo de periodistas, community managers, dise\u00f1adores y fot\u00f3grafos con m\u00e1s de 20 a\u00f1os de experiencia en el mundo del motorsport. Hemos vivido el primer mundial de un espa\u00f1ol en la categor\u00eda reina de motociclismo con \u00c1lex Crivill\u00e9, estuvimos en las victorias de Pedrosa y los t\u00edtulos de M\u00e1rquez, acompa\u00f1amos en \u00c1frica a Nani Roma y Marc Coma en sus conquistas del Dakar y hemos vibrado con los t\u00edtulos de Toni Bou en Trial. Adem\u00e1s, en nuestro equipo contamos con expertos en el mundo de las dos y cuatro ruedas tanto de la calle y las carreteras, como de los circuitos. Periodistas que han trabajado en revistas y publicaciones para hacerte llegar desde rutas y consejos de mantenimiento, a curiosidades y trucos de pilotaje.\",\"sameAs\":[\"https:\\\/\\\/www.facebook.com\\\/BoxRepsol\\\/\",\"https:\\\/\\\/www.instagram.com\\\/box_repsol\\\/\",\"https:\\\/\\\/x.com\\\/https:\\\/\\\/twitter.com\\\/box_repsol\",\"https:\\\/\\\/www.youtube.com\\\/@Boxrepsol\"],\"url\":\"https:\\\/\\\/www.boxrepsol.com\\\/es\\\/author\\\/redaccion-box-repsol\\\/\"}]}<\/script>\n<!-- \/ Yoast SEO plugin. -->","yoast_head_json":{"title":"Una Honda GTR 150 customizada y lista para competir - Box Repsol","description":"Una Honda GTR 150 logotipada con los colores de Repsol y modificada para competir era la imagen que sub\u00eda a Twitter el periodista y piloto Mat Oxley.","canonical":"https:\/\/www.boxrepsol.com\/es\/cultura-motera\/una-honda-gtr-150-logotipada-colores-repsol-modificada-competir\/","og_locale":"es_ES","og_type":"article","og_title":"Una Honda GTR 150 customizada y lista para competir - Box Repsol","og_description":"Una Honda GTR 150 logotipada con los colores de Repsol y modificada para competir era la imagen que sub\u00eda a Twitter el periodista y piloto Mat Oxley.","og_url":"https:\/\/www.boxrepsol.com\/es\/cultura-motera\/una-honda-gtr-150-logotipada-colores-repsol-modificada-competir\/","og_site_name":"Box Repsol","article_publisher":"https:\/\/www.facebook.com\/BoxRepsol","article_author":"https:\/\/www.facebook.com\/BoxRepsol\/","article_published_time":"2019-01-24T02:00:00+00:00","article_modified_time":"2024-05-22T09:37:13+00:00","og_image":[{"width":1280,"height":600,"url":"https:\/\/bxrepsol.s3.eu-west-1.amazonaws.com\/static\/2022\/08\/29084348\/honda-150-gtr-repsol-honda-con-brazo-basulante-1.jpg","type":"image\/jpeg"}],"author":"Redacci\u00f3n Box Repsol","twitter_card":"summary_large_image","twitter_creator":"@https:\/\/twitter.com\/box_repsol","twitter_site":"@box_repsol","twitter_misc":{"Written by":"Redacci\u00f3n Box Repsol","Est. reading time":"3 minutos"},"schema":{"@context":"https:\/\/schema.org","@graph":[{"@type":"Article","@id":"https:\/\/www.boxrepsol.com\/es\/cultura-motera\/una-honda-gtr-150-logotipada-colores-repsol-modificada-competir\/#article","isPartOf":{"@id":"https:\/\/www.boxrepsol.com\/es\/cultura-motera\/una-honda-gtr-150-logotipada-colores-repsol-modificada-competir\/"},"author":{"name":"Redacci\u00f3n Box Repsol","@id":"https:\/\/www.boxrepsol.com\/es\/#\/schema\/person\/c5c2138f2cca251b0ad92b7086bb60b7"},"headline":"Una Honda GTR 150 logotipada con los colores de Repsol y modificada para competir","datePublished":"2019-01-24T02:00:00+00:00","dateModified":"2024-05-22T09:37:13+00:00","mainEntityOfPage":{"@id":"https:\/\/www.boxrepsol.com\/es\/cultura-motera\/una-honda-gtr-150-logotipada-colores-repsol-modificada-competir\/"},"wordCount":557,"commentCount":0,"publisher":{"@id":"https:\/\/www.boxrepsol.com\/es\/#organization"},"image":{"@id":"https:\/\/www.boxrepsol.com\/es\/cultura-motera\/una-honda-gtr-150-logotipada-colores-repsol-modificada-competir\/#primaryimage"},"thumbnailUrl":"https:\/\/bxrepsol.s3.eu-west-1.amazonaws.com\/static\/2022\/08\/29084348\/honda-150-gtr-repsol-honda-con-brazo-basulante-1.jpg","keywords":["Motos Honda"],"articleSection":["Cultura Motera"],"inLanguage":"es","potentialAction":[{"@type":"CommentAction","name":"Comment","target":["https:\/\/www.boxrepsol.com\/es\/cultura-motera\/una-honda-gtr-150-logotipada-colores-repsol-modificada-competir\/#respond"]}]},{"@type":"WebPage","@id":"https:\/\/www.boxrepsol.com\/es\/cultura-motera\/una-honda-gtr-150-logotipada-colores-repsol-modificada-competir\/","url":"https:\/\/www.boxrepsol.com\/es\/cultura-motera\/una-honda-gtr-150-logotipada-colores-repsol-modificada-competir\/","name":"Una Honda GTR 150 customizada y lista para competir - Box Repsol","isPartOf":{"@id":"https:\/\/www.boxrepsol.com\/es\/#website"},"primaryImageOfPage":{"@id":"https:\/\/www.boxrepsol.com\/es\/cultura-motera\/una-honda-gtr-150-logotipada-colores-repsol-modificada-competir\/#primaryimage"},"image":{"@id":"https:\/\/www.boxrepsol.com\/es\/cultura-motera\/una-honda-gtr-150-logotipada-colores-repsol-modificada-competir\/#primaryimage"},"thumbnailUrl":"https:\/\/bxrepsol.s3.eu-west-1.amazonaws.com\/static\/2022\/08\/29084348\/honda-150-gtr-repsol-honda-con-brazo-basulante-1.jpg","datePublished":"2019-01-24T02:00:00+00:00","dateModified":"2024-05-22T09:37:13+00:00","description":"Una Honda GTR 150 logotipada con los colores de Repsol y modificada para competir era la imagen que sub\u00eda a Twitter el periodista y piloto Mat Oxley.","breadcrumb":{"@id":"https:\/\/www.boxrepsol.com\/es\/cultura-motera\/una-honda-gtr-150-logotipada-colores-repsol-modificada-competir\/#breadcrumb"},"inLanguage":"es","potentialAction":[{"@type":"ReadAction","target":["https:\/\/www.boxrepsol.com\/es\/cultura-motera\/una-honda-gtr-150-logotipada-colores-repsol-modificada-competir\/"]}]},{"@type":"ImageObject","inLanguage":"es","@id":"https:\/\/www.boxrepsol.com\/es\/cultura-motera\/una-honda-gtr-150-logotipada-colores-repsol-modificada-competir\/#primaryimage","url":"https:\/\/bxrepsol.s3.eu-west-1.amazonaws.com\/static\/2022\/08\/29084348\/honda-150-gtr-repsol-honda-con-brazo-basulante-1.jpg","contentUrl":"https:\/\/bxrepsol.s3.eu-west-1.amazonaws.com\/static\/2022\/08\/29084348\/honda-150-gtr-repsol-honda-con-brazo-basulante-1.jpg","width":1280,"height":600,"caption":"honda 150 gtr repsol honda con brazo basulante"},{"@type":"BreadcrumbList","@id":"https:\/\/www.boxrepsol.com\/es\/cultura-motera\/una-honda-gtr-150-logotipada-colores-repsol-modificada-competir\/#breadcrumb","itemListElement":[{"@type":"ListItem","position":1,"name":"Home","item":"https:\/\/www.boxrepsol.com\/es\/"},{"@type":"ListItem","position":2,"name":"Una Honda GTR 150 logotipada con los colores de Repsol y modificada para competir"}]},{"@type":"WebSite","@id":"https:\/\/www.boxrepsol.com\/es\/#website","url":"https:\/\/www.boxrepsol.com\/es\/","name":"Box Repsol","description":"Box Repsol Site","publisher":{"@id":"https:\/\/www.boxrepsol.com\/es\/#organization"},"potentialAction":[{"@type":"SearchAction","target":{"@type":"EntryPoint","urlTemplate":"https:\/\/www.boxrepsol.com\/es\/?s={search_term_string}"},"query-input":{"@type":"PropertyValueSpecification","valueRequired":true,"valueName":"search_term_string"}}],"inLanguage":"es"},{"@type":"Organization","@id":"https:\/\/www.boxrepsol.com\/es\/#organization","name":"Box Repsol","url":"https:\/\/www.boxrepsol.com\/es\/","logo":{"@type":"ImageObject","inLanguage":"es","@id":"https:\/\/www.boxrepsol.com\/es\/#\/schema\/logo\/image\/","url":"https:\/\/bxrepsol.s3.eu-west-1.amazonaws.com\/static\/2025\/07\/30083337\/favicon-96x96-1.png","contentUrl":"https:\/\/bxrepsol.s3.eu-west-1.amazonaws.com\/static\/2025\/07\/30083337\/favicon-96x96-1.png","width":96,"height":96,"caption":"Box Repsol"},"image":{"@id":"https:\/\/www.boxrepsol.com\/es\/#\/schema\/logo\/image\/"},"sameAs":["https:\/\/www.facebook.com\/BoxRepsol","https:\/\/x.com\/box_repsol","http:\/\/instagram.com\/box_repsol","https:\/\/www.youtube.com\/user\/RepsolCompeticion","https:\/\/www.flickr.com\/photos\/box_repsol\/"]},{"@type":"Person","@id":"https:\/\/www.boxrepsol.com\/es\/#\/schema\/person\/c5c2138f2cca251b0ad92b7086bb60b7","name":"Redacci\u00f3n Box Repsol","image":{"@type":"ImageObject","inLanguage":"es","@id":"https:\/\/secure.gravatar.com\/avatar\/adf7b77e38b4419baf32c7e9c21dde01f4e40df611f0978e3006fc4ba0aaab7e?s=96&d=mm&r=g","url":"https:\/\/secure.gravatar.com\/avatar\/adf7b77e38b4419baf32c7e9c21dde01f4e40df611f0978e3006fc4ba0aaab7e?s=96&d=mm&r=g","contentUrl":"https:\/\/secure.gravatar.com\/avatar\/adf7b77e38b4419baf32c7e9c21dde01f4e40df611f0978e3006fc4ba0aaab7e?s=96&d=mm&r=g","caption":"Redacci\u00f3n Box Repsol"},"description":"Box Repsol lo forma un equipo de periodistas, community managers, dise\u00f1adores y fot\u00f3grafos con m\u00e1s de 20 a\u00f1os de experiencia en el mundo del motorsport. Hemos vivido el primer mundial de un espa\u00f1ol en la categor\u00eda reina de motociclismo con \u00c1lex Crivill\u00e9, estuvimos en las victorias de Pedrosa y los t\u00edtulos de M\u00e1rquez, acompa\u00f1amos en \u00c1frica a Nani Roma y Marc Coma en sus conquistas del Dakar y hemos vibrado con los t\u00edtulos de Toni Bou en Trial. Adem\u00e1s, en nuestro equipo contamos con expertos en el mundo de las dos y cuatro ruedas tanto de la calle y las carreteras, como de los circuitos. Periodistas que han trabajado en revistas y publicaciones para hacerte llegar desde rutas y consejos de mantenimiento, a curiosidades y trucos de pilotaje.","sameAs":["https:\/\/www.facebook.com\/BoxRepsol\/","https:\/\/www.instagram.com\/box_repsol\/","https:\/\/x.com\/https:\/\/twitter.com\/box_repsol","https:\/\/www.youtube.com\/@Boxrepsol"],"url":"https:\/\/www.boxrepsol.com\/es\/author\/redaccion-box-repsol\/"}]}},"_links":{"self":[{"href":"https:\/\/www.boxrepsol.com\/es\/wp-json\/wp\/v2\/posts\/93705","targetHints":{"allow":["GET"]}}],"collection":[{"href":"https:\/\/www.boxrepsol.com\/es\/wp-json\/wp\/v2\/posts"}],"about":[{"href":"https:\/\/www.boxrepsol.com\/es\/wp-json\/wp\/v2\/types\/post"}],"author":[{"embeddable":true,"href":"https:\/\/www.boxrepsol.com\/es\/wp-json\/wp\/v2\/users\/43146"}],"replies":[{"embeddable":true,"href":"https:\/\/www.boxrepsol.com\/es\/wp-json\/wp\/v2\/comments?post=93705"}],"version-history":[{"count":4,"href":"https:\/\/www.boxrepsol.com\/es\/wp-json\/wp\/v2\/posts\/93705\/revisions"}],"predecessor-version":[{"id":114296,"href":"https:\/\/www.boxrepsol.com\/es\/wp-json\/wp\/v2\/posts\/93705\/revisions\/114296"}],"wp:featuredmedia":[{"embeddable":true,"href":"https:\/\/www.boxrepsol.com\/es\/wp-json\/wp\/v2\/media\/60856"}],"wp:attachment":[{"href":"https:\/\/www.boxrepsol.com\/es\/wp-json\/wp\/v2\/media?parent=93705"}],"wp:term":[{"taxonomy":"category","embeddable":true,"href":"https:\/\/www.boxrepsol.com\/es\/wp-json\/wp\/v2\/categories?post=93705"},{"taxonomy":"post_tag","embeddable":true,"href":"https:\/\/www.boxrepsol.com\/es\/wp-json\/wp\/v2\/tags?post=93705"}],"curies":[{"name":"wp","href":"https:\/\/api.w.org\/{rel}","templated":true}]}}