{"id":93703,"date":"2019-01-23T00:00:00","date_gmt":"2019-01-23T02:00:00","guid":{"rendered":"http:\/\/pre.boxrepsol.com\/sin-categorizar\/marquez-lorenzo-inauguran-25o-aniversario-del-equipo\/"},"modified":"2024-05-22T07:37:24","modified_gmt":"2024-05-22T09:37:24","slug":"marquez-lorenzo-inauguran-25o-aniversario-del-equipo","status":"publish","type":"post","link":"https:\/\/www.boxrepsol.com\/es\/motogp\/marquez-lorenzo-inauguran-25o-aniversario-del-equipo\/","title":{"rendered":"M\u00e1rquez y Lorenzo inauguran el 25\u00ba aniversario del equipo"},"content":{"rendered":"<p>Marc M\u00e1rquez y Jorge Lorenzo ya posan juntos como compa\u00f1eros del equipo Repsol Honda. <strong>Los campeones de MotoGP de ocho de las \u00faltimas nueve temporadas<\/strong> han encabezado una presentaci\u00f3n muy especial, ya que coincide con el inicio de la celebraci\u00f3n del <strong>25\u00ba aniversario del Repsol Honda<\/strong>. En el evento tambi\u00e9n han estado presentes las dos leyendas que conformaron el primer equipo \u2013en 1995\u2013, <strong>Mick Doohan<\/strong> y <strong>\u00c1lex Crivill\u00e9<\/strong>.<\/p>\n<p>En la presentaci\u00f3n han intervenido el <strong>Presidente de Repsol, Antonio Brufau<\/strong>, y el <strong>Director de Honda Racing Corporation (HRC), Tetsuhiro Kuwata<\/strong>, que han estado acompa\u00f1ados durante el evento por la Directora General de Comunicaci\u00f3n y de Presidencia de la compa\u00f1\u00eda energ\u00e9tica, Bego\u00f1a Elices, el Consejero Delegado de Dorna, Carmelo Ezpeleta, y los presidentes de la Federaci\u00f3n Internacional de Motociclismo (FIM), Jorge Viegas, y de la Federaci\u00f3n Espa\u00f1ola de Motociclismo, Manuel Casado.<\/p>\n<blockquote><p>\n\t<a href=\"http:\/\/twitter.com\/share?text=Marc%3A+%E2%80%9CEs+un+privilegio+formar+parte+de+esta+familia%2C+el+equipo+Repsol+Honda%E2%80%9D&#038;url=https%3A%2F%2Fwww.boxrepsol.com%2Fes%2Fmotogp%2Fmarquez-lorenzo-inauguran-25o-aniversario-del-equipo%2F\" target=\"_blank\" rel=\"noopener\"><\/p>\n<p>Marc: \u201cEs un privilegio formar parte de esta familia, el equipo Repsol Honda\u201d<\/p>\n<p>\t<\/a>\n<\/p><\/blockquote>\n<p><strong>Doohan, Crivill\u00e9, M\u00e1rquez y Lorenzo, representando pasado y presente del equipo<\/strong>, han protagonizado una sorprendente carrera virtual, en la que han compartido pista las primeras Honda <a href=\"https:\/\/www.boxrepsol.com\/es\/tecnologia\/evolucion-del-motor-la-honda-nsr500\/\">NSR 500<\/a> y las actuales <a href=\"https:\/\/www.boxrepsol.com\/es\/motogp\/evolucion-del-motor-honda-rc212v-la-rc213v\/\">RC213V<\/a>, ante m\u00e1s de 150 periodistas de una docena de pa\u00edses, como Espa\u00f1a, Italia, Reino Unido, Alemania, Francia y Portugal.<\/p>\n<p><a href=\"https:\/\/www.boxrepsol.com\/es\/motogp\/repsol-y-honda-renuevan-su-alianza-en-motogp-que-alcanzara-los-25-anos-en-2019\/\">Repsol y Honda forman la alianza m\u00e1s exitosa del Mundial de Motociclismo<\/a>, con 401 carreras disputadas, 168 triunfos cosechados, 14 Campeonatos del Mundo, 427 podios, 182 vueltas r\u00e1pidas, 177\u00a0<em>pole positions<\/em>\u2026 Esta uni\u00f3n se ha convertido en sin\u00f3nimo de \u00e9xito y evoluci\u00f3n tecnol\u00f3gica, materializada en la estrecha relaci\u00f3n que existe entre los centros de investigaci\u00f3n de Honda en Saitama (Jap\u00f3n) y el Repsol Technology Lab, que se encuentra en M\u00f3stoles (Espa\u00f1a).<\/p>\n<p>Un binomio que ha propiciado cuatro Mundiales de Mick Doohan; el primer Campeonato del Mundo de 500cc de un piloto espa\u00f1ol (1999), con Alex Crivill\u00e9; y el campe\u00f3n de MotoGP m\u00e1s joven de la historia, con <a href=\"https:\/\/www.boxrepsol.com\/es\/equipo-repsol\/marc-marquez\/\">Marc M\u00e1rquez<\/a>.<\/p>\n<p><a href=\"https:\/\/bxrepsol.s3.eu-west-1.amazonaws.com\/static\/2022\/08\/05063625\/01_mick_doohan_alex_criville_marc_marquez_jorge_lorenzo_presentacion_repsol_honda_motogp_2019.jpg\" \n   title=\"Mick Doohan, Marc Marquez, Jorge Lorenzo y \u00c1lex Crivill\u00e9 en atuendo de piloto\" \n   data-gallery-thumbnail=\"https:\/\/bxrepsol.s3.eu-west-1.amazonaws.com\/static\/2022\/08\/05063625\/01_mick_doohan_alex_criville_marc_marquez_jorge_lorenzo_presentacion_repsol_honda_motogp_2019.jpg\"\n   data-gallery-title=\"\"\n   data-gallery><\/p>\n<figure>\n        <picture style=\"padding-bottom: 66.666666666667%; background-image: url(https:\/\/bxrepsol.s3.eu-west-1.amazonaws.com\/static\/2022\/08\/05063625\/01_mick_doohan_alex_criville_marc_marquez_jorge_lorenzo_presentacion_repsol_honda_motogp_2019.jpg);\">\n            <img decoding=\"async\" src=\"https:\/\/bxrepsol.s3.eu-west-1.amazonaws.com\/static\/2022\/08\/05063625\/01_mick_doohan_alex_criville_marc_marquez_jorge_lorenzo_presentacion_repsol_honda_motogp_2019.jpg\"><br \/>\n            <img itemprop=\"image\"\n                data-srcset=\"https:\/\/bxrepsol.s3.eu-west-1.amazonaws.com\/static\/2022\/08\/05063625\/01_mick_doohan_alex_criville_marc_marquez_jorge_lorenzo_presentacion_repsol_honda_motogp_2019.jpg 480w, https:\/\/bxrepsol.s3.eu-west-1.amazonaws.com\/static\/2022\/08\/05063625\/01_mick_doohan_alex_criville_marc_marquez_jorge_lorenzo_presentacion_repsol_honda_motogp_2019.jpg 600w, https:\/\/bxrepsol.s3.eu-west-1.amazonaws.com\/static\/2022\/08\/05063625\/01_mick_doohan_alex_criville_marc_marquez_jorge_lorenzo_presentacion_repsol_honda_motogp_2019.jpg 900w, https:\/\/bxrepsol.s3.eu-west-1.amazonaws.com\/static\/2022\/08\/05063625\/01_mick_doohan_alex_criville_marc_marquez_jorge_lorenzo_presentacion_repsol_honda_motogp_2019.jpg 1280w\"\n                data-src=\"https:\/\/bxrepsol.s3.eu-west-1.amazonaws.com\/static\/2022\/08\/05063625\/01_mick_doohan_alex_criville_marc_marquez_jorge_lorenzo_presentacion_repsol_honda_motogp_2019.jpg\"\n                alt=\"Mick Doohan, Marc Marquez, Jorge Lorenzo y \u00c1lex Crivill\u00e9 en atuendo de piloto\"\n                title=\"Mick Doohan, Marc Marquez, Jorge Lorenzo y \u00c1lex Crivill\u00e9 en la presentaci\u00f3n del Equipo Repsol Honda\"\/><br \/>\n            <noscript><img decoding=\"async\" src=\"https:\/\/bxrepsol.s3.eu-west-1.amazonaws.com\/static\/2022\/08\/05063625\/01_mick_doohan_alex_criville_marc_marquez_jorge_lorenzo_presentacion_repsol_honda_motogp_2019.jpg\" alt=\"Mick Doohan, Marc Marquez, Jorge Lorenzo y \u00c1lex Crivill\u00e9 en atuendo de piloto\"><\/noscript>\n        <\/picture><figcaption>Mick Doohan, Marc Marquez, Jorge Lorenzo y \u00c1lex Crivill\u00e9 en atuendo de piloto<\/figcaption><\/figure>\n<p><\/a><\/p>\n<h2><strong>Medio siglo de patrocinios deportivos Repsol\u00a0<\/strong><\/h2>\n<p>La efem\u00e9ride del equipo Repsol Honda coincide con la celebraci\u00f3n, durante 2019, del <strong>50 aniversario de Repsol en el mundo del patrocinio deportivo<\/strong>. En 1969 Repsol se convirti\u00f3 en la primera empresa de Espa\u00f1a que mostr\u00f3 su logotipo en competiciones de motor. Eran los tiempos de \u00c1ngel Nieto, quien en 1971 ya luci\u00f3 una \u201cR\u201d en el carenado de su moto, tras el que vinieron los mundiales de rallys de Carlos Sainz, el debut de <a href=\"https:\/\/www.boxrepsol.com\/es\/motogp\/entrevista-pedro-martinez-la-rosa\/\">Pedro Mart\u00ednez de la Rosa<\/a> en F\u00f3rmula 1, los Dakar de <a href=\"https:\/\/www.boxrepsol.com\/es\/motogp\/lo-joven-marc-marquez-creo-sera-capaz-lograr-diez-titulos\/\">Nani Roma<\/a> y <a href=\"https:\/\/www.boxrepsol.com\/es\/motogp\/entrevista-marc-coma-motogp-2018\/\">Marc Coma<\/a>, y los 24 t\u00edtulos mundiales de <a href=\"https:\/\/www.boxrepsol.com\/es\/motogp\/toni-bou-marc-no-limites\/\">Toni Bou<\/a>, entre muchos otros \u00e9xitos.<\/p>\n<p>Repsol lleva medio siglo patrocinando <strong>el segundo deporte con m\u00e1s aficionados en Espa\u00f1a: las competiciones de motor<\/strong>. En todos estos a\u00f1os, la compa\u00f1\u00eda energ\u00e9tica ha estado presente en pr\u00e1cticamente todas las disciplinas y categor\u00edas del motor, apoyando a equipos, pilotos y competiciones, y respaldando de forma constante el deporte de motor desde la base.<\/p>\n<blockquote><p>\n\t<a href=\"http:\/\/twitter.com\/share?text=Jorge%3A+%E2%80%9CEs+un+sue%C3%B1o+para+cualquier+piloto+estar+en+este+equipo%E2%80%9D&#038;url=https%3A%2F%2Fwww.boxrepsol.com%2Fes%2Fmotogp%2Fmarquez-lorenzo-inauguran-25o-aniversario-del-equipo%2F\" target=\"_blank\" rel=\"noopener\"><\/p>\n<p>Jorge: \u201cEs un sue\u00f1o para cualquier piloto estar en este equipo\u201d<\/p>\n<p>\t<\/a>\n<\/p><\/blockquote>\n<p>La implicaci\u00f3n de la compa\u00f1\u00eda va mucho m\u00e1s all\u00e1 de lo deportivo. Los investigadores del <strong>Repsol Technology Lab<\/strong> llevan trabajando desde mediados de los a\u00f1os 90 en la elaboraci\u00f3n a medida de <strong>los mejores carburantes y lubricantes<\/strong>. En 2018 dedicaron unas 10.000 horas al programa de competici\u00f3n. Para esta temporada se han fabricado 6.000 litros de lubricante y 40.000 litros de carburantes, aproximadamente, para el equipo Repsol Honda.<strong> La alta competici\u00f3n permite evolucionar, en condiciones extremas, los productos que posteriormente se pondr\u00e1n al servicio de los clientes<\/strong>.<\/p>\n<hr \/>\n<h2>Marc M\u00e1rquez<\/h2>\n<p><em>Es un privilegio formar parte de esta familia, el equipo Repsol Honda. Cuando era peque\u00f1o y ve\u00eda las carreras desde el sof\u00e1 de mi casa quer\u00eda estar ah\u00ed, quer\u00eda vestir estos colores. Fue un privilegio empezar a colaborar con Repsol y contar con su apoyo en el Campeonato de Espa\u00f1a y, posteriormente, trabajar mano a mano en el Campeonato del Mundo. <\/em><\/p>\n<p><em>Y ahora estoy aqu\u00ed, contribuyendo a que Repsol y Honda consigan m\u00e1s t\u00edtulos, haciendo que su historia sea a\u00fan m\u00e1s larga y fruct\u00edfera. Es algo que me hace muy feliz. Cuando estaba en Moto2 lo ten\u00eda claro, quer\u00eda estar en el Repsol Honda y quer\u00eda ganar el t\u00edtulo de MotoGP. Por eso, cuando los periodistas me peguntan si voy a cambiar de equipo pienso: \u00bf<strong>por qu\u00e9 voy a cambiar si estoy en un equipo incre\u00edble<\/strong>?\u00a0<\/em><\/p>\n<p><em>Aqu\u00ed somos una familia, <strong>la relaci\u00f3n con Repsol y con Honda es fant\u00e1stica<\/strong> y esto es algo muy importante para conseguir nuestros objetivos, a\u00f1o tras a\u00f1o, y alcanzar unas metas que todos nosotros compartimos. As\u00ed que espero que al final de este 2019 podamos celebrar algo bonito.<\/em><\/p>\n<hr \/>\n<h2>Jorge Lorenzo<\/h2>\n<p><em><strong>El Repsol Honda est\u00e1 a un nivel distinto en todos los sentidos<\/strong>. Lo pude comprobar en los test de Valencia, cuando ten\u00eda muchas personas a m\u00ed alrededor escuchando lo que les dec\u00eda. Es un sue\u00f1o para cualquier piloto estar en este equipo. <strong>Soy muy exigente conmigo mismo y siempre intento sacar lo mejor de cada situaci\u00f3n<\/strong>; quiero devolver al equipo toda la confianza que han depositado en m\u00ed con buenos resultados. <\/em><\/p>\n<p><em><strong>Estoy muy orgulloso de estar en un equipo con tantas victorias y tanta historia como es el Repsol Honda<\/strong>. La moto me gusta mucho, gira muy bien y es muy d\u00f3cil; adem\u00e1s, me dieron una acogida muy c\u00e1lida desde el primer d\u00eda y eso siempre suma. Mi principal objetivo de cara al 2019 es, en primer lugar, recuperarme al cien por cien y poder demostrar sobre el asfalto que<strong> realmente somos el\u00a0Dream Team\u00a0del que hablan<\/strong>.<\/em><\/p>\n<hr \/>\n<h2>Antonio Brufau<\/h2>\n<p><em>Es un orgullo celebrar el 25\u00ba aniversario de la colaboraci\u00f3n entre Repsol y Honda. Para nosotros, esta alianza es una manera de demostrar que cada a\u00f1o podemos mejorar nuestra gasolina y nuestros lubricantes, gracias a la colaboraci\u00f3n de los ingenieros y todas las personas involucradas en el equipo. <\/em><\/p>\n<p><em><strong>Este mundo es muy competitivo y nuestra uni\u00f3n es muy exitosa<\/strong>, as\u00ed que nos gustar\u00eda dar las gracias a Honda por todo su esfuerzo, su talento y su contribuci\u00f3n a este equipo. Espero que podamos celebrar un gran 2019 y que esta colaboraci\u00f3n entre Repsol y Honda se mantenga tan fuerte como hasta hoy.<\/em><\/p>\n<hr \/>\n<h2>Tetsuhiro Kuwata<\/h2>\n<p><em><strong>Repsol y Honda han trabajado juntos durante 25 temporadas para alcanzar la excelencia<\/strong> y para nuestros clientes, aficionados y pilotos. En este largo per\u00edodo hemos mantenido nuestra determinaci\u00f3n y objetivo de mejorar nuestros productos, subiendo el nivel continuamente. A\u00f1o tras a\u00f1o, nos acercamos a nuestro sue\u00f1o de ofrecer un mejor producto. <\/em><\/p>\n<p><em><strong>Hoy estamos felices de presentar al nuevo equipo Repsol Honda<\/strong>, con dos pilotos que han demostrado la excelencia en todas las \u00e1reas en las que deben ser los mejores. El equipo Repsol Honda est\u00e1 buscando siempre esta excelencia; <strong>es nuestro deber dar a los pilotos lo mejor que podamos ofrecer<\/strong> y creemos que no hay una mejor combinaci\u00f3n para esta tarea que la de Repsol y Honda.<\/em><\/p>\n","protected":false},"excerpt":{"rendered":"<p>Los dos campeones del mundo han presentado en la sede de Repsol, en Madrid, la candidatura del equipo Repsol Honda a revalidar todos los t\u00edtulos en 2019.<\/p>\n","protected":false},"author":43146,"featured_media":60848,"comment_status":"open","ping_status":"open","sticky":false,"template":"","format":"standard","meta":{"footnotes":""},"categories":[4],"tags":[50],"class_list":["post-93703","post","type-post","status-publish","format-standard","hentry","category-motogp","tag-equipo-repsol-honda"],"yoast_head":"<!-- This site is optimized with the Yoast SEO plugin v27.3 - https:\/\/yoast.com\/product\/yoast-seo-wordpress\/ -->\n<title>Presentaci\u00f3n Repsol Honda 2019 - M\u00e1rquez y Lorenzo inauguran el 25\u00ba aniversario del equipo<\/title>\n<meta name=\"description\" content=\"Los dos campeones del mundo han presentado en la sede de Repsol, en Madrid, la candidatura del equipo Repsol Honda a revalidar todos los t\u00edtulos en 2019.\" \/>\n<link rel=\"canonical\" href=\"https:\/\/www.boxrepsol.com\/es\/motogp\/marquez-lorenzo-inauguran-25o-aniversario-del-equipo\/\" \/>\n<meta property=\"og:locale\" content=\"es_ES\" \/>\n<meta property=\"og:type\" content=\"article\" \/>\n<meta property=\"og:title\" content=\"Presentaci\u00f3n Repsol Honda 2019 - M\u00e1rquez y Lorenzo inauguran el 25\u00ba aniversario del equipo\" \/>\n<meta property=\"og:description\" content=\"Los dos campeones del mundo han presentado en la sede de Repsol, en Madrid, la candidatura del equipo Repsol Honda a revalidar todos los t\u00edtulos en 2019.\" \/>\n<meta property=\"og:url\" content=\"https:\/\/www.boxrepsol.com\/es\/motogp\/marquez-lorenzo-inauguran-25o-aniversario-del-equipo\/\" \/>\n<meta property=\"og:site_name\" content=\"Box Repsol\" \/>\n<meta property=\"article:publisher\" content=\"https:\/\/www.facebook.com\/BoxRepsol\" \/>\n<meta property=\"article:author\" content=\"https:\/\/www.facebook.com\/BoxRepsol\/\" \/>\n<meta property=\"article:published_time\" content=\"2019-01-23T02:00:00+00:00\" \/>\n<meta property=\"article:modified_time\" content=\"2024-05-22T09:37:24+00:00\" \/>\n<meta property=\"og:image\" content=\"https:\/\/bxrepsol.s3.eu-west-1.amazonaws.com\/static\/2022\/08\/29084343\/00_jorge_lorenzo_marc_marquez_dandose_la_mano_presentacion_repsol_honda_2019.jpg\" \/>\n\t<meta property=\"og:image:width\" content=\"1280\" \/>\n\t<meta property=\"og:image:height\" content=\"600\" \/>\n\t<meta property=\"og:image:type\" content=\"image\/jpeg\" \/>\n<meta name=\"author\" content=\"Redacci\u00f3n Box Repsol\" \/>\n<meta name=\"twitter:card\" content=\"summary_large_image\" \/>\n<meta name=\"twitter:creator\" content=\"@https:\/\/twitter.com\/box_repsol\" \/>\n<meta name=\"twitter:site\" content=\"@box_repsol\" \/>\n<meta name=\"twitter:label1\" content=\"Written by\" \/>\n\t<meta name=\"twitter:data1\" content=\"Redacci\u00f3n Box Repsol\" \/>\n\t<meta name=\"twitter:label2\" content=\"Est. reading time\" \/>\n\t<meta name=\"twitter:data2\" content=\"6 minutos\" \/>\n<script type=\"application\/ld+json\" class=\"yoast-schema-graph\">{\"@context\":\"https:\\\/\\\/schema.org\",\"@graph\":[{\"@type\":\"Article\",\"@id\":\"https:\\\/\\\/www.boxrepsol.com\\\/es\\\/motogp\\\/marquez-lorenzo-inauguran-25o-aniversario-del-equipo\\\/#article\",\"isPartOf\":{\"@id\":\"https:\\\/\\\/www.boxrepsol.com\\\/es\\\/motogp\\\/marquez-lorenzo-inauguran-25o-aniversario-del-equipo\\\/\"},\"author\":{\"name\":\"Redacci\u00f3n Box Repsol\",\"@id\":\"https:\\\/\\\/www.boxrepsol.com\\\/es\\\/#\\\/schema\\\/person\\\/c5c2138f2cca251b0ad92b7086bb60b7\"},\"headline\":\"M\u00e1rquez y Lorenzo inauguran el 25\u00ba aniversario del equipo\",\"datePublished\":\"2019-01-23T02:00:00+00:00\",\"dateModified\":\"2024-05-22T09:37:24+00:00\",\"mainEntityOfPage\":{\"@id\":\"https:\\\/\\\/www.boxrepsol.com\\\/es\\\/motogp\\\/marquez-lorenzo-inauguran-25o-aniversario-del-equipo\\\/\"},\"wordCount\":1224,\"commentCount\":0,\"publisher\":{\"@id\":\"https:\\\/\\\/www.boxrepsol.com\\\/es\\\/#organization\"},\"image\":{\"@id\":\"https:\\\/\\\/www.boxrepsol.com\\\/es\\\/motogp\\\/marquez-lorenzo-inauguran-25o-aniversario-del-equipo\\\/#primaryimage\"},\"thumbnailUrl\":\"https:\\\/\\\/bxrepsol.s3.eu-west-1.amazonaws.com\\\/static\\\/2022\\\/08\\\/29084343\\\/00_jorge_lorenzo_marc_marquez_dandose_la_mano_presentacion_repsol_honda_2019.jpg\",\"keywords\":[\"Equipo Repsol Honda\"],\"articleSection\":[\"MotoGP\"],\"inLanguage\":\"es\",\"potentialAction\":[{\"@type\":\"CommentAction\",\"name\":\"Comment\",\"target\":[\"https:\\\/\\\/www.boxrepsol.com\\\/es\\\/motogp\\\/marquez-lorenzo-inauguran-25o-aniversario-del-equipo\\\/#respond\"]}]},{\"@type\":\"WebPage\",\"@id\":\"https:\\\/\\\/www.boxrepsol.com\\\/es\\\/motogp\\\/marquez-lorenzo-inauguran-25o-aniversario-del-equipo\\\/\",\"url\":\"https:\\\/\\\/www.boxrepsol.com\\\/es\\\/motogp\\\/marquez-lorenzo-inauguran-25o-aniversario-del-equipo\\\/\",\"name\":\"Presentaci\u00f3n Repsol Honda 2019 - M\u00e1rquez y Lorenzo inauguran el 25\u00ba aniversario del equipo\",\"isPartOf\":{\"@id\":\"https:\\\/\\\/www.boxrepsol.com\\\/es\\\/#website\"},\"primaryImageOfPage\":{\"@id\":\"https:\\\/\\\/www.boxrepsol.com\\\/es\\\/motogp\\\/marquez-lorenzo-inauguran-25o-aniversario-del-equipo\\\/#primaryimage\"},\"image\":{\"@id\":\"https:\\\/\\\/www.boxrepsol.com\\\/es\\\/motogp\\\/marquez-lorenzo-inauguran-25o-aniversario-del-equipo\\\/#primaryimage\"},\"thumbnailUrl\":\"https:\\\/\\\/bxrepsol.s3.eu-west-1.amazonaws.com\\\/static\\\/2022\\\/08\\\/29084343\\\/00_jorge_lorenzo_marc_marquez_dandose_la_mano_presentacion_repsol_honda_2019.jpg\",\"datePublished\":\"2019-01-23T02:00:00+00:00\",\"dateModified\":\"2024-05-22T09:37:24+00:00\",\"description\":\"Los dos campeones del mundo han presentado en la sede de Repsol, en Madrid, la candidatura del equipo Repsol Honda a revalidar todos los t\u00edtulos en 2019.\",\"breadcrumb\":{\"@id\":\"https:\\\/\\\/www.boxrepsol.com\\\/es\\\/motogp\\\/marquez-lorenzo-inauguran-25o-aniversario-del-equipo\\\/#breadcrumb\"},\"inLanguage\":\"es\",\"potentialAction\":[{\"@type\":\"ReadAction\",\"target\":[\"https:\\\/\\\/www.boxrepsol.com\\\/es\\\/motogp\\\/marquez-lorenzo-inauguran-25o-aniversario-del-equipo\\\/\"]}]},{\"@type\":\"ImageObject\",\"inLanguage\":\"es\",\"@id\":\"https:\\\/\\\/www.boxrepsol.com\\\/es\\\/motogp\\\/marquez-lorenzo-inauguran-25o-aniversario-del-equipo\\\/#primaryimage\",\"url\":\"https:\\\/\\\/bxrepsol.s3.eu-west-1.amazonaws.com\\\/static\\\/2022\\\/08\\\/29084343\\\/00_jorge_lorenzo_marc_marquez_dandose_la_mano_presentacion_repsol_honda_2019.jpg\",\"contentUrl\":\"https:\\\/\\\/bxrepsol.s3.eu-west-1.amazonaws.com\\\/static\\\/2022\\\/08\\\/29084343\\\/00_jorge_lorenzo_marc_marquez_dandose_la_mano_presentacion_repsol_honda_2019.jpg\",\"width\":1280,\"height\":600,\"caption\":\"Marc M\u00e1rquez y Jorge Lorenzo salud\u00e1ndose\"},{\"@type\":\"BreadcrumbList\",\"@id\":\"https:\\\/\\\/www.boxrepsol.com\\\/es\\\/motogp\\\/marquez-lorenzo-inauguran-25o-aniversario-del-equipo\\\/#breadcrumb\",\"itemListElement\":[{\"@type\":\"ListItem\",\"position\":1,\"name\":\"Home\",\"item\":\"https:\\\/\\\/www.boxrepsol.com\\\/es\\\/\"},{\"@type\":\"ListItem\",\"position\":2,\"name\":\"M\u00e1rquez y Lorenzo inauguran el 25\u00ba aniversario del equipo\"}]},{\"@type\":\"WebSite\",\"@id\":\"https:\\\/\\\/www.boxrepsol.com\\\/es\\\/#website\",\"url\":\"https:\\\/\\\/www.boxrepsol.com\\\/es\\\/\",\"name\":\"Box Repsol\",\"description\":\"Box Repsol Site\",\"publisher\":{\"@id\":\"https:\\\/\\\/www.boxrepsol.com\\\/es\\\/#organization\"},\"potentialAction\":[{\"@type\":\"SearchAction\",\"target\":{\"@type\":\"EntryPoint\",\"urlTemplate\":\"https:\\\/\\\/www.boxrepsol.com\\\/es\\\/?s={search_term_string}\"},\"query-input\":{\"@type\":\"PropertyValueSpecification\",\"valueRequired\":true,\"valueName\":\"search_term_string\"}}],\"inLanguage\":\"es\"},{\"@type\":\"Organization\",\"@id\":\"https:\\\/\\\/www.boxrepsol.com\\\/es\\\/#organization\",\"name\":\"Box Repsol\",\"url\":\"https:\\\/\\\/www.boxrepsol.com\\\/es\\\/\",\"logo\":{\"@type\":\"ImageObject\",\"inLanguage\":\"es\",\"@id\":\"https:\\\/\\\/www.boxrepsol.com\\\/es\\\/#\\\/schema\\\/logo\\\/image\\\/\",\"url\":\"https:\\\/\\\/bxrepsol.s3.eu-west-1.amazonaws.com\\\/static\\\/2025\\\/07\\\/30083337\\\/favicon-96x96-1.png\",\"contentUrl\":\"https:\\\/\\\/bxrepsol.s3.eu-west-1.amazonaws.com\\\/static\\\/2025\\\/07\\\/30083337\\\/favicon-96x96-1.png\",\"width\":96,\"height\":96,\"caption\":\"Box Repsol\"},\"image\":{\"@id\":\"https:\\\/\\\/www.boxrepsol.com\\\/es\\\/#\\\/schema\\\/logo\\\/image\\\/\"},\"sameAs\":[\"https:\\\/\\\/www.facebook.com\\\/BoxRepsol\",\"https:\\\/\\\/x.com\\\/box_repsol\",\"http:\\\/\\\/instagram.com\\\/box_repsol\",\"https:\\\/\\\/www.youtube.com\\\/user\\\/RepsolCompeticion\",\"https:\\\/\\\/www.flickr.com\\\/photos\\\/box_repsol\\\/\"]},{\"@type\":\"Person\",\"@id\":\"https:\\\/\\\/www.boxrepsol.com\\\/es\\\/#\\\/schema\\\/person\\\/c5c2138f2cca251b0ad92b7086bb60b7\",\"name\":\"Redacci\u00f3n Box Repsol\",\"image\":{\"@type\":\"ImageObject\",\"inLanguage\":\"es\",\"@id\":\"https:\\\/\\\/secure.gravatar.com\\\/avatar\\\/adf7b77e38b4419baf32c7e9c21dde01f4e40df611f0978e3006fc4ba0aaab7e?s=96&d=mm&r=g\",\"url\":\"https:\\\/\\\/secure.gravatar.com\\\/avatar\\\/adf7b77e38b4419baf32c7e9c21dde01f4e40df611f0978e3006fc4ba0aaab7e?s=96&d=mm&r=g\",\"contentUrl\":\"https:\\\/\\\/secure.gravatar.com\\\/avatar\\\/adf7b77e38b4419baf32c7e9c21dde01f4e40df611f0978e3006fc4ba0aaab7e?s=96&d=mm&r=g\",\"caption\":\"Redacci\u00f3n Box Repsol\"},\"description\":\"Box Repsol lo forma un equipo de periodistas, community managers, dise\u00f1adores y fot\u00f3grafos con m\u00e1s de 20 a\u00f1os de experiencia en el mundo del motorsport. Hemos vivido el primer mundial de un espa\u00f1ol en la categor\u00eda reina de motociclismo con \u00c1lex Crivill\u00e9, estuvimos en las victorias de Pedrosa y los t\u00edtulos de M\u00e1rquez, acompa\u00f1amos en \u00c1frica a Nani Roma y Marc Coma en sus conquistas del Dakar y hemos vibrado con los t\u00edtulos de Toni Bou en Trial. Adem\u00e1s, en nuestro equipo contamos con expertos en el mundo de las dos y cuatro ruedas tanto de la calle y las carreteras, como de los circuitos. Periodistas que han trabajado en revistas y publicaciones para hacerte llegar desde rutas y consejos de mantenimiento, a curiosidades y trucos de pilotaje.\",\"sameAs\":[\"https:\\\/\\\/www.facebook.com\\\/BoxRepsol\\\/\",\"https:\\\/\\\/www.instagram.com\\\/box_repsol\\\/\",\"https:\\\/\\\/x.com\\\/https:\\\/\\\/twitter.com\\\/box_repsol\",\"https:\\\/\\\/www.youtube.com\\\/@Boxrepsol\"],\"url\":\"https:\\\/\\\/www.boxrepsol.com\\\/es\\\/author\\\/redaccion-box-repsol\\\/\"}]}<\/script>\n<!-- \/ Yoast SEO plugin. -->","yoast_head_json":{"title":"Presentaci\u00f3n Repsol Honda 2019 - M\u00e1rquez y Lorenzo inauguran el 25\u00ba aniversario del equipo","description":"Los dos campeones del mundo han presentado en la sede de Repsol, en Madrid, la candidatura del equipo Repsol Honda a revalidar todos los t\u00edtulos en 2019.","canonical":"https:\/\/www.boxrepsol.com\/es\/motogp\/marquez-lorenzo-inauguran-25o-aniversario-del-equipo\/","og_locale":"es_ES","og_type":"article","og_title":"Presentaci\u00f3n Repsol Honda 2019 - M\u00e1rquez y Lorenzo inauguran el 25\u00ba aniversario del equipo","og_description":"Los dos campeones del mundo han presentado en la sede de Repsol, en Madrid, la candidatura del equipo Repsol Honda a revalidar todos los t\u00edtulos en 2019.","og_url":"https:\/\/www.boxrepsol.com\/es\/motogp\/marquez-lorenzo-inauguran-25o-aniversario-del-equipo\/","og_site_name":"Box Repsol","article_publisher":"https:\/\/www.facebook.com\/BoxRepsol","article_author":"https:\/\/www.facebook.com\/BoxRepsol\/","article_published_time":"2019-01-23T02:00:00+00:00","article_modified_time":"2024-05-22T09:37:24+00:00","og_image":[{"width":1280,"height":600,"url":"https:\/\/bxrepsol.s3.eu-west-1.amazonaws.com\/static\/2022\/08\/29084343\/00_jorge_lorenzo_marc_marquez_dandose_la_mano_presentacion_repsol_honda_2019.jpg","type":"image\/jpeg"}],"author":"Redacci\u00f3n Box Repsol","twitter_card":"summary_large_image","twitter_creator":"@https:\/\/twitter.com\/box_repsol","twitter_site":"@box_repsol","twitter_misc":{"Written by":"Redacci\u00f3n Box Repsol","Est. reading time":"6 minutos"},"schema":{"@context":"https:\/\/schema.org","@graph":[{"@type":"Article","@id":"https:\/\/www.boxrepsol.com\/es\/motogp\/marquez-lorenzo-inauguran-25o-aniversario-del-equipo\/#article","isPartOf":{"@id":"https:\/\/www.boxrepsol.com\/es\/motogp\/marquez-lorenzo-inauguran-25o-aniversario-del-equipo\/"},"author":{"name":"Redacci\u00f3n Box Repsol","@id":"https:\/\/www.boxrepsol.com\/es\/#\/schema\/person\/c5c2138f2cca251b0ad92b7086bb60b7"},"headline":"M\u00e1rquez y Lorenzo inauguran el 25\u00ba aniversario del equipo","datePublished":"2019-01-23T02:00:00+00:00","dateModified":"2024-05-22T09:37:24+00:00","mainEntityOfPage":{"@id":"https:\/\/www.boxrepsol.com\/es\/motogp\/marquez-lorenzo-inauguran-25o-aniversario-del-equipo\/"},"wordCount":1224,"commentCount":0,"publisher":{"@id":"https:\/\/www.boxrepsol.com\/es\/#organization"},"image":{"@id":"https:\/\/www.boxrepsol.com\/es\/motogp\/marquez-lorenzo-inauguran-25o-aniversario-del-equipo\/#primaryimage"},"thumbnailUrl":"https:\/\/bxrepsol.s3.eu-west-1.amazonaws.com\/static\/2022\/08\/29084343\/00_jorge_lorenzo_marc_marquez_dandose_la_mano_presentacion_repsol_honda_2019.jpg","keywords":["Equipo Repsol Honda"],"articleSection":["MotoGP"],"inLanguage":"es","potentialAction":[{"@type":"CommentAction","name":"Comment","target":["https:\/\/www.boxrepsol.com\/es\/motogp\/marquez-lorenzo-inauguran-25o-aniversario-del-equipo\/#respond"]}]},{"@type":"WebPage","@id":"https:\/\/www.boxrepsol.com\/es\/motogp\/marquez-lorenzo-inauguran-25o-aniversario-del-equipo\/","url":"https:\/\/www.boxrepsol.com\/es\/motogp\/marquez-lorenzo-inauguran-25o-aniversario-del-equipo\/","name":"Presentaci\u00f3n Repsol Honda 2019 - M\u00e1rquez y Lorenzo inauguran el 25\u00ba aniversario del equipo","isPartOf":{"@id":"https:\/\/www.boxrepsol.com\/es\/#website"},"primaryImageOfPage":{"@id":"https:\/\/www.boxrepsol.com\/es\/motogp\/marquez-lorenzo-inauguran-25o-aniversario-del-equipo\/#primaryimage"},"image":{"@id":"https:\/\/www.boxrepsol.com\/es\/motogp\/marquez-lorenzo-inauguran-25o-aniversario-del-equipo\/#primaryimage"},"thumbnailUrl":"https:\/\/bxrepsol.s3.eu-west-1.amazonaws.com\/static\/2022\/08\/29084343\/00_jorge_lorenzo_marc_marquez_dandose_la_mano_presentacion_repsol_honda_2019.jpg","datePublished":"2019-01-23T02:00:00+00:00","dateModified":"2024-05-22T09:37:24+00:00","description":"Los dos campeones del mundo han presentado en la sede de Repsol, en Madrid, la candidatura del equipo Repsol Honda a revalidar todos los t\u00edtulos en 2019.","breadcrumb":{"@id":"https:\/\/www.boxrepsol.com\/es\/motogp\/marquez-lorenzo-inauguran-25o-aniversario-del-equipo\/#breadcrumb"},"inLanguage":"es","potentialAction":[{"@type":"ReadAction","target":["https:\/\/www.boxrepsol.com\/es\/motogp\/marquez-lorenzo-inauguran-25o-aniversario-del-equipo\/"]}]},{"@type":"ImageObject","inLanguage":"es","@id":"https:\/\/www.boxrepsol.com\/es\/motogp\/marquez-lorenzo-inauguran-25o-aniversario-del-equipo\/#primaryimage","url":"https:\/\/bxrepsol.s3.eu-west-1.amazonaws.com\/static\/2022\/08\/29084343\/00_jorge_lorenzo_marc_marquez_dandose_la_mano_presentacion_repsol_honda_2019.jpg","contentUrl":"https:\/\/bxrepsol.s3.eu-west-1.amazonaws.com\/static\/2022\/08\/29084343\/00_jorge_lorenzo_marc_marquez_dandose_la_mano_presentacion_repsol_honda_2019.jpg","width":1280,"height":600,"caption":"Marc M\u00e1rquez y Jorge Lorenzo salud\u00e1ndose"},{"@type":"BreadcrumbList","@id":"https:\/\/www.boxrepsol.com\/es\/motogp\/marquez-lorenzo-inauguran-25o-aniversario-del-equipo\/#breadcrumb","itemListElement":[{"@type":"ListItem","position":1,"name":"Home","item":"https:\/\/www.boxrepsol.com\/es\/"},{"@type":"ListItem","position":2,"name":"M\u00e1rquez y Lorenzo inauguran el 25\u00ba aniversario del equipo"}]},{"@type":"WebSite","@id":"https:\/\/www.boxrepsol.com\/es\/#website","url":"https:\/\/www.boxrepsol.com\/es\/","name":"Box Repsol","description":"Box Repsol Site","publisher":{"@id":"https:\/\/www.boxrepsol.com\/es\/#organization"},"potentialAction":[{"@type":"SearchAction","target":{"@type":"EntryPoint","urlTemplate":"https:\/\/www.boxrepsol.com\/es\/?s={search_term_string}"},"query-input":{"@type":"PropertyValueSpecification","valueRequired":true,"valueName":"search_term_string"}}],"inLanguage":"es"},{"@type":"Organization","@id":"https:\/\/www.boxrepsol.com\/es\/#organization","name":"Box Repsol","url":"https:\/\/www.boxrepsol.com\/es\/","logo":{"@type":"ImageObject","inLanguage":"es","@id":"https:\/\/www.boxrepsol.com\/es\/#\/schema\/logo\/image\/","url":"https:\/\/bxrepsol.s3.eu-west-1.amazonaws.com\/static\/2025\/07\/30083337\/favicon-96x96-1.png","contentUrl":"https:\/\/bxrepsol.s3.eu-west-1.amazonaws.com\/static\/2025\/07\/30083337\/favicon-96x96-1.png","width":96,"height":96,"caption":"Box Repsol"},"image":{"@id":"https:\/\/www.boxrepsol.com\/es\/#\/schema\/logo\/image\/"},"sameAs":["https:\/\/www.facebook.com\/BoxRepsol","https:\/\/x.com\/box_repsol","http:\/\/instagram.com\/box_repsol","https:\/\/www.youtube.com\/user\/RepsolCompeticion","https:\/\/www.flickr.com\/photos\/box_repsol\/"]},{"@type":"Person","@id":"https:\/\/www.boxrepsol.com\/es\/#\/schema\/person\/c5c2138f2cca251b0ad92b7086bb60b7","name":"Redacci\u00f3n Box Repsol","image":{"@type":"ImageObject","inLanguage":"es","@id":"https:\/\/secure.gravatar.com\/avatar\/adf7b77e38b4419baf32c7e9c21dde01f4e40df611f0978e3006fc4ba0aaab7e?s=96&d=mm&r=g","url":"https:\/\/secure.gravatar.com\/avatar\/adf7b77e38b4419baf32c7e9c21dde01f4e40df611f0978e3006fc4ba0aaab7e?s=96&d=mm&r=g","contentUrl":"https:\/\/secure.gravatar.com\/avatar\/adf7b77e38b4419baf32c7e9c21dde01f4e40df611f0978e3006fc4ba0aaab7e?s=96&d=mm&r=g","caption":"Redacci\u00f3n Box Repsol"},"description":"Box Repsol lo forma un equipo de periodistas, community managers, dise\u00f1adores y fot\u00f3grafos con m\u00e1s de 20 a\u00f1os de experiencia en el mundo del motorsport. Hemos vivido el primer mundial de un espa\u00f1ol en la categor\u00eda reina de motociclismo con \u00c1lex Crivill\u00e9, estuvimos en las victorias de Pedrosa y los t\u00edtulos de M\u00e1rquez, acompa\u00f1amos en \u00c1frica a Nani Roma y Marc Coma en sus conquistas del Dakar y hemos vibrado con los t\u00edtulos de Toni Bou en Trial. Adem\u00e1s, en nuestro equipo contamos con expertos en el mundo de las dos y cuatro ruedas tanto de la calle y las carreteras, como de los circuitos. Periodistas que han trabajado en revistas y publicaciones para hacerte llegar desde rutas y consejos de mantenimiento, a curiosidades y trucos de pilotaje.","sameAs":["https:\/\/www.facebook.com\/BoxRepsol\/","https:\/\/www.instagram.com\/box_repsol\/","https:\/\/x.com\/https:\/\/twitter.com\/box_repsol","https:\/\/www.youtube.com\/@Boxrepsol"],"url":"https:\/\/www.boxrepsol.com\/es\/author\/redaccion-box-repsol\/"}]}},"_links":{"self":[{"href":"https:\/\/www.boxrepsol.com\/es\/wp-json\/wp\/v2\/posts\/93703","targetHints":{"allow":["GET"]}}],"collection":[{"href":"https:\/\/www.boxrepsol.com\/es\/wp-json\/wp\/v2\/posts"}],"about":[{"href":"https:\/\/www.boxrepsol.com\/es\/wp-json\/wp\/v2\/types\/post"}],"author":[{"embeddable":true,"href":"https:\/\/www.boxrepsol.com\/es\/wp-json\/wp\/v2\/users\/43146"}],"replies":[{"embeddable":true,"href":"https:\/\/www.boxrepsol.com\/es\/wp-json\/wp\/v2\/comments?post=93703"}],"version-history":[{"count":1,"href":"https:\/\/www.boxrepsol.com\/es\/wp-json\/wp\/v2\/posts\/93703\/revisions"}],"predecessor-version":[{"id":93704,"href":"https:\/\/www.boxrepsol.com\/es\/wp-json\/wp\/v2\/posts\/93703\/revisions\/93704"}],"wp:featuredmedia":[{"embeddable":true,"href":"https:\/\/www.boxrepsol.com\/es\/wp-json\/wp\/v2\/media\/60848"}],"wp:attachment":[{"href":"https:\/\/www.boxrepsol.com\/es\/wp-json\/wp\/v2\/media?parent=93703"}],"wp:term":[{"taxonomy":"category","embeddable":true,"href":"https:\/\/www.boxrepsol.com\/es\/wp-json\/wp\/v2\/categories?post=93703"},{"taxonomy":"post_tag","embeddable":true,"href":"https:\/\/www.boxrepsol.com\/es\/wp-json\/wp\/v2\/tags?post=93703"}],"curies":[{"name":"wp","href":"https:\/\/api.w.org\/{rel}","templated":true}]}}