{"id":93696,"date":"2019-01-22T00:00:00","date_gmt":"2019-01-22T02:00:00","guid":{"rendered":"http:\/\/pre.boxrepsol.com\/sin-categorizar\/isidre-esteve-vuelve-del-dakar-contento\/"},"modified":"2024-05-22T07:37:35","modified_gmt":"2024-05-22T09:37:35","slug":"isidre-esteve-vuelve-del-dakar-contento","status":"publish","type":"post","link":"https:\/\/www.boxrepsol.com\/es\/rally\/isidre-esteve-vuelve-del-dakar-contento\/","title":{"rendered":"Isidre Esteve vuelve del Dakar \u201cmuy contento\u201d"},"content":{"rendered":"<p>Isidre Esteve ha regresado este s\u00e1bado a Espa\u00f1a, procedente de Lima (Per\u00fa), donde el pasado jueves concluy\u00f3 <strong>su cuarto Dakar en coche<\/strong> y <strong>el tercero de forma consecutiva<\/strong>. El piloto del Repsol Rally Team ha valorado de forma\u00a0<em>\u201cmuy positiva\u201d\u00a0<\/em>la 21\u00aa posici\u00f3n final que ha conquistado en una edici\u00f3n que ha calificado de\u00a0<em>\u201cextremadamente dura\u201d.<\/em><\/p>\n<p>Pasadas las 7 de la tarde, <strong>Isidre Esteve aterrizaba en el Aeropuerto de Barcelona<\/strong>, acompa\u00f1ado por su pareja y preparadora f\u00edsica Lidia Guerrero. En la T1 les esperaban amigos y familiares. Tambi\u00e9n estaban el resto de miembros del Repsol Rally Team, es decir, su copiloto Txema Villalobos y sus mec\u00e1nicos de confianza David Pigem y Carlos M\u00e9ndez, que hab\u00edan llegado procedentes de Madrid en un vuelo anterior.<\/p>\n<p>Todos ellos mostraban en sus rostros una mezcla de fatiga, por el cansancio acumulado durante la carrera m\u00e1s dura del mundo, y felicidad por haber <strong>superado incontables obst\u00e1culos hasta llegar a la meta<\/strong>.\u00a0<em>\u201cEste a\u00f1o, el Dakar ha sido m\u00e1s corto de lo habitual, pero tambi\u00e9n mucho m\u00e1s intenso y sin ning\u00fan d\u00eda de transici\u00f3n. Estamos cansados, pero contentos con el trabajo realizado\u201d<\/em>, resum\u00eda el piloto.<\/p>\n<p><a href=\"https:\/\/bxrepsol.s3.eu-west-1.amazonaws.com\/static\/2022\/08\/05063605\/00_repsol_rally_team_isidre-esteve_y_su_equipo.jpg\" \n   title=\"El Repsol Rally Team al completo\" \n   data-gallery-thumbnail=\"https:\/\/bxrepsol.s3.eu-west-1.amazonaws.com\/static\/2022\/08\/05063605\/00_repsol_rally_team_isidre-esteve_y_su_equipo.jpg\"\n   data-gallery-title=\"\"\n   data-gallery><\/p>\n<figure>\n        <picture style=\"padding-bottom: 66.638441998307%; background-image: url(https:\/\/bxrepsol.s3.eu-west-1.amazonaws.com\/static\/2022\/08\/05063605\/00_repsol_rally_team_isidre-esteve_y_su_equipo.jpg);\">\n            <img decoding=\"async\" src=\"https:\/\/bxrepsol.s3.eu-west-1.amazonaws.com\/static\/2022\/08\/05063605\/00_repsol_rally_team_isidre-esteve_y_su_equipo.jpg\"><br \/>\n            <img itemprop=\"image\"\n                data-srcset=\"https:\/\/bxrepsol.s3.eu-west-1.amazonaws.com\/static\/2022\/08\/05063605\/00_repsol_rally_team_isidre-esteve_y_su_equipo.jpg 480w, https:\/\/bxrepsol.s3.eu-west-1.amazonaws.com\/static\/2022\/08\/05063605\/00_repsol_rally_team_isidre-esteve_y_su_equipo.jpg 600w, https:\/\/bxrepsol.s3.eu-west-1.amazonaws.com\/static\/2022\/08\/05063605\/00_repsol_rally_team_isidre-esteve_y_su_equipo.jpg 900w\"\n                data-src=\"https:\/\/bxrepsol.s3.eu-west-1.amazonaws.com\/static\/2022\/08\/05063605\/00_repsol_rally_team_isidre-esteve_y_su_equipo.jpg\"\n                alt=\"El Repsol Rally Team al completo\"\n                title=\"Isidre Esteve y su equipo al regreso del Dakar 2019\"\/><br \/>\n            <noscript><img decoding=\"async\" src=\"https:\/\/bxrepsol.s3.eu-west-1.amazonaws.com\/static\/2022\/08\/05063605\/00_repsol_rally_team_isidre-esteve_y_su_equipo.jpg\" alt=\"El Repsol Rally Team al completo\"><\/noscript>\n        <\/picture><figcaption>El Repsol Rally Team al completo<\/figcaption><\/figure>\n<p><\/a><\/p>\n<p>Isidre Esteve ha culminado el Dakar 2019 de forma brillante, tras superar 5.000 kil\u00f3metros (3.000 cronometrados) <strong>\u00edntegramente en Per\u00fa<\/strong>. El ilerdense ha finalizado sexto de su categor\u00eda T1.2 (todoterreno 4&#215;4 di\u00e9sel modificados) y 21\u00ba de la general, con su <a href=\"https:\/\/www.boxrepsol.com\/es\/rally\/isidre-esteve-desvela-todos-los-secretos-de-su-prototipo-dakariano\/\">prototipo BV6 de Sodicars Racing<\/a> con los mandos adaptados en el volante por Guidosimplex y gracias al buen funcionamiento del Coj\u00edn Inteligente.<\/p>\n<p><em>\u201cResultados al margen, lo m\u00e1s importante es que seguimos progresando y hemos sido m\u00e1s competitivos que nunca. Vamos dando pasos adelante a\u00f1o tras a\u00f1o y esta vez hemos tenido un ritmo extraordinario. L\u00e1stima que varios peque\u00f1os problemas no hayan permitido que esa mejora se viera reflejada en la clasificaci\u00f3n final\u201d<\/em>.<\/p>\n<blockquote><p>\n\t<a href=\"http:\/\/twitter.com\/share?text=%E2%80%9CLas+sensaciones+han+sido+muy+buenas+y+nos+animan+a+volver+con+un+proyecto+a%C3%BAn+m%C3%A1s+fuerte%E2%80%9D.&#038;url=https%3A%2F%2Fwww.boxrepsol.com%2Fes%2Frally%2Fisidre-esteve-vuelve-del-dakar-contento%2F\" target=\"_blank\" rel=\"noopener\"><\/p>\n<p>\u201cLas sensaciones han sido muy buenas y nos animan a volver con un proyecto a\u00fan m\u00e1s fuerte\u201d.<\/p>\n<p>\t<\/a>\n<\/p><\/blockquote>\n<p>El de Oliana ha vivido momentos muy delicados en tierras peruanas:\u00a0<em>\u201cEl recorrido ha sido muy exigente, sobre todo para coches y camiones, con muchas dunas y kil\u00f3metros de arena en los que era f\u00e1cil encallar. Nos pas\u00f3 a nosotros varias veces y suerte del gran trabajo de Txema Villalobos y de la ayuda del KH-7 Epsilon Team que nos rescat\u00f3 de un hoyo en Tanaka en la sexta etapa, tras caernos un buggy encima. Por fortuna, nadie se lastim\u00f3, el coche qued\u00f3 intacto a nivel mec\u00e1nico y todo qued\u00f3 en un susto\u201d<\/em>.<\/p>\n<p>A pesar de las enormes dificultades, Isidre Esteve ha mostrado su deseo de regresar en 2020, por cuarto a\u00f1o consecutivo, a la carrera del motor m\u00e1s dura del mundo.\u00a0<em>\u201cPor supuesto que quiero volver al Dakar el a\u00f1o que viene. Las sensaciones han sido muy buenas y nos animan a seguir trabajando para regresar con un proyecto todav\u00eda m\u00e1s fuerte que nos permita estar un poco m\u00e1s cerca de los de cabeza\u201d,<\/em>\u00a0ha sentenciado<strong>.<\/strong><\/p>\n<p>                <!-- Imagen relacionada --><br \/>\n        <img loading=\"lazy\" decoding=\"async\" width=\"404\" height=\"336\" src=\"https:\/\/bxrepsol.s3.eu-west-1.amazonaws.com\/static\/2022\/08\/05063436\/00_isidre_esteve_txema_villalobos_repsol_rally_team_dakar_20191-1.jpg\" alt=\"\" \/><br \/>\n                <!-- Categor\u00eda --><br \/>\n            Rally<br \/>\n        <!-- T\u00edtulo --><br \/>\n        <a href=\"https:\/\/www.boxrepsol.com\/es\/rally\/todas-las-etapas-del-rally-dakar-2019\/\"><\/p>\n<h3>Todas las etapas del Rally Dakar 2019<\/h3>\n<p>        <\/a><br \/>\n                    <!-- Fecha --><br \/>\n            hace 1 hora<\/p>\n","protected":false},"excerpt":{"rendered":"<p>El piloto del Repsol Rally Team ha repetido la 21\u00aa posici\u00f3n absoluta del a\u00f1o pasado, en una edici\u00f3n m\u00e1s extrema.<\/p>\n","protected":false},"author":43146,"featured_media":60823,"comment_status":"open","ping_status":"open","sticky":false,"template":"","format":"standard","meta":{"footnotes":""},"categories":[27],"tags":[29],"class_list":["post-93696","post","type-post","status-publish","format-standard","hentry","category-rally","tag-isidre-esteve"],"yoast_head":"<!-- This site is optimized with the Yoast SEO plugin v27.3 - https:\/\/yoast.com\/product\/yoast-seo-wordpress\/ -->\n<title>Isidre Esteve vuelve del Dakar \u201cmuy contento\u201d - Box Repsol<\/title>\n<meta name=\"description\" content=\"El piloto del Repsol Rally Team ha repetido la 21\u00aa posici\u00f3n absoluta del a\u00f1o pasado, en una edici\u00f3n m\u00e1s extrema del Rally Dakar.\" \/>\n<link rel=\"canonical\" href=\"https:\/\/www.boxrepsol.com\/es\/rally\/isidre-esteve-vuelve-del-dakar-contento\/\" \/>\n<meta property=\"og:locale\" content=\"es_ES\" \/>\n<meta property=\"og:type\" content=\"article\" \/>\n<meta property=\"og:title\" content=\"Isidre Esteve vuelve del Dakar \u201cmuy contento\u201d - Box Repsol\" \/>\n<meta property=\"og:description\" content=\"El piloto del Repsol Rally Team ha repetido la 21\u00aa posici\u00f3n absoluta del a\u00f1o pasado, en una edici\u00f3n m\u00e1s extrema del Rally Dakar.\" \/>\n<meta property=\"og:url\" content=\"https:\/\/www.boxrepsol.com\/es\/rally\/isidre-esteve-vuelve-del-dakar-contento\/\" \/>\n<meta property=\"og:site_name\" content=\"Box Repsol\" \/>\n<meta property=\"article:publisher\" content=\"https:\/\/www.facebook.com\/BoxRepsol\" \/>\n<meta property=\"article:author\" content=\"https:\/\/www.facebook.com\/BoxRepsol\/\" \/>\n<meta property=\"article:published_time\" content=\"2019-01-22T02:00:00+00:00\" \/>\n<meta property=\"article:modified_time\" content=\"2024-05-22T09:37:35+00:00\" \/>\n<meta property=\"og:image\" content=\"https:\/\/bxrepsol.s3.eu-west-1.amazonaws.com\/static\/2022\/08\/29084329\/00_isidre_esteve_txema_villalobos_repsol_raly_temadakar_2019_aeropuerto_prat.jpg\" \/>\n\t<meta property=\"og:image:width\" content=\"1280\" \/>\n\t<meta property=\"og:image:height\" content=\"600\" \/>\n\t<meta property=\"og:image:type\" content=\"image\/jpeg\" \/>\n<meta name=\"author\" content=\"Redacci\u00f3n Box Repsol\" \/>\n<meta name=\"twitter:card\" content=\"summary_large_image\" \/>\n<meta name=\"twitter:creator\" content=\"@https:\/\/twitter.com\/box_repsol\" \/>\n<meta name=\"twitter:site\" content=\"@box_repsol\" \/>\n<meta name=\"twitter:label1\" content=\"Written by\" \/>\n\t<meta name=\"twitter:data1\" content=\"Redacci\u00f3n Box Repsol\" \/>\n\t<meta name=\"twitter:label2\" content=\"Est. reading time\" \/>\n\t<meta name=\"twitter:data2\" content=\"3 minutos\" \/>\n<script type=\"application\/ld+json\" class=\"yoast-schema-graph\">{\"@context\":\"https:\\\/\\\/schema.org\",\"@graph\":[{\"@type\":\"Article\",\"@id\":\"https:\\\/\\\/www.boxrepsol.com\\\/es\\\/rally\\\/isidre-esteve-vuelve-del-dakar-contento\\\/#article\",\"isPartOf\":{\"@id\":\"https:\\\/\\\/www.boxrepsol.com\\\/es\\\/rally\\\/isidre-esteve-vuelve-del-dakar-contento\\\/\"},\"author\":{\"name\":\"Redacci\u00f3n Box Repsol\",\"@id\":\"https:\\\/\\\/www.boxrepsol.com\\\/es\\\/#\\\/schema\\\/person\\\/c5c2138f2cca251b0ad92b7086bb60b7\"},\"headline\":\"Isidre Esteve vuelve del Dakar \u201cmuy contento\u201d\",\"datePublished\":\"2019-01-22T02:00:00+00:00\",\"dateModified\":\"2024-05-22T09:37:35+00:00\",\"mainEntityOfPage\":{\"@id\":\"https:\\\/\\\/www.boxrepsol.com\\\/es\\\/rally\\\/isidre-esteve-vuelve-del-dakar-contento\\\/\"},\"wordCount\":541,\"commentCount\":0,\"publisher\":{\"@id\":\"https:\\\/\\\/www.boxrepsol.com\\\/es\\\/#organization\"},\"image\":{\"@id\":\"https:\\\/\\\/www.boxrepsol.com\\\/es\\\/rally\\\/isidre-esteve-vuelve-del-dakar-contento\\\/#primaryimage\"},\"thumbnailUrl\":\"https:\\\/\\\/bxrepsol.s3.eu-west-1.amazonaws.com\\\/static\\\/2022\\\/08\\\/29084329\\\/00_isidre_esteve_txema_villalobos_repsol_raly_temadakar_2019_aeropuerto_prat.jpg\",\"keywords\":[\"Isidre Esteve\"],\"articleSection\":[\"Rally\"],\"inLanguage\":\"es\",\"potentialAction\":[{\"@type\":\"CommentAction\",\"name\":\"Comment\",\"target\":[\"https:\\\/\\\/www.boxrepsol.com\\\/es\\\/rally\\\/isidre-esteve-vuelve-del-dakar-contento\\\/#respond\"]}]},{\"@type\":\"WebPage\",\"@id\":\"https:\\\/\\\/www.boxrepsol.com\\\/es\\\/rally\\\/isidre-esteve-vuelve-del-dakar-contento\\\/\",\"url\":\"https:\\\/\\\/www.boxrepsol.com\\\/es\\\/rally\\\/isidre-esteve-vuelve-del-dakar-contento\\\/\",\"name\":\"Isidre Esteve vuelve del Dakar \u201cmuy contento\u201d - Box Repsol\",\"isPartOf\":{\"@id\":\"https:\\\/\\\/www.boxrepsol.com\\\/es\\\/#website\"},\"primaryImageOfPage\":{\"@id\":\"https:\\\/\\\/www.boxrepsol.com\\\/es\\\/rally\\\/isidre-esteve-vuelve-del-dakar-contento\\\/#primaryimage\"},\"image\":{\"@id\":\"https:\\\/\\\/www.boxrepsol.com\\\/es\\\/rally\\\/isidre-esteve-vuelve-del-dakar-contento\\\/#primaryimage\"},\"thumbnailUrl\":\"https:\\\/\\\/bxrepsol.s3.eu-west-1.amazonaws.com\\\/static\\\/2022\\\/08\\\/29084329\\\/00_isidre_esteve_txema_villalobos_repsol_raly_temadakar_2019_aeropuerto_prat.jpg\",\"datePublished\":\"2019-01-22T02:00:00+00:00\",\"dateModified\":\"2024-05-22T09:37:35+00:00\",\"description\":\"El piloto del Repsol Rally Team ha repetido la 21\u00aa posici\u00f3n absoluta del a\u00f1o pasado, en una edici\u00f3n m\u00e1s extrema del Rally Dakar.\",\"breadcrumb\":{\"@id\":\"https:\\\/\\\/www.boxrepsol.com\\\/es\\\/rally\\\/isidre-esteve-vuelve-del-dakar-contento\\\/#breadcrumb\"},\"inLanguage\":\"es\",\"potentialAction\":[{\"@type\":\"ReadAction\",\"target\":[\"https:\\\/\\\/www.boxrepsol.com\\\/es\\\/rally\\\/isidre-esteve-vuelve-del-dakar-contento\\\/\"]}]},{\"@type\":\"ImageObject\",\"inLanguage\":\"es\",\"@id\":\"https:\\\/\\\/www.boxrepsol.com\\\/es\\\/rally\\\/isidre-esteve-vuelve-del-dakar-contento\\\/#primaryimage\",\"url\":\"https:\\\/\\\/bxrepsol.s3.eu-west-1.amazonaws.com\\\/static\\\/2022\\\/08\\\/29084329\\\/00_isidre_esteve_txema_villalobos_repsol_raly_temadakar_2019_aeropuerto_prat.jpg\",\"contentUrl\":\"https:\\\/\\\/bxrepsol.s3.eu-west-1.amazonaws.com\\\/static\\\/2022\\\/08\\\/29084329\\\/00_isidre_esteve_txema_villalobos_repsol_raly_temadakar_2019_aeropuerto_prat.jpg\",\"width\":1280,\"height\":600,\"caption\":\"Isidre Esteve y Txema Villalobos saludando\"},{\"@type\":\"BreadcrumbList\",\"@id\":\"https:\\\/\\\/www.boxrepsol.com\\\/es\\\/rally\\\/isidre-esteve-vuelve-del-dakar-contento\\\/#breadcrumb\",\"itemListElement\":[{\"@type\":\"ListItem\",\"position\":1,\"name\":\"Home\",\"item\":\"https:\\\/\\\/www.boxrepsol.com\\\/es\\\/\"},{\"@type\":\"ListItem\",\"position\":2,\"name\":\"Isidre Esteve vuelve del Dakar \u201cmuy contento\u201d\"}]},{\"@type\":\"WebSite\",\"@id\":\"https:\\\/\\\/www.boxrepsol.com\\\/es\\\/#website\",\"url\":\"https:\\\/\\\/www.boxrepsol.com\\\/es\\\/\",\"name\":\"Box Repsol\",\"description\":\"Box Repsol Site\",\"publisher\":{\"@id\":\"https:\\\/\\\/www.boxrepsol.com\\\/es\\\/#organization\"},\"potentialAction\":[{\"@type\":\"SearchAction\",\"target\":{\"@type\":\"EntryPoint\",\"urlTemplate\":\"https:\\\/\\\/www.boxrepsol.com\\\/es\\\/?s={search_term_string}\"},\"query-input\":{\"@type\":\"PropertyValueSpecification\",\"valueRequired\":true,\"valueName\":\"search_term_string\"}}],\"inLanguage\":\"es\"},{\"@type\":\"Organization\",\"@id\":\"https:\\\/\\\/www.boxrepsol.com\\\/es\\\/#organization\",\"name\":\"Box Repsol\",\"url\":\"https:\\\/\\\/www.boxrepsol.com\\\/es\\\/\",\"logo\":{\"@type\":\"ImageObject\",\"inLanguage\":\"es\",\"@id\":\"https:\\\/\\\/www.boxrepsol.com\\\/es\\\/#\\\/schema\\\/logo\\\/image\\\/\",\"url\":\"https:\\\/\\\/bxrepsol.s3.eu-west-1.amazonaws.com\\\/static\\\/2025\\\/07\\\/30083337\\\/favicon-96x96-1.png\",\"contentUrl\":\"https:\\\/\\\/bxrepsol.s3.eu-west-1.amazonaws.com\\\/static\\\/2025\\\/07\\\/30083337\\\/favicon-96x96-1.png\",\"width\":96,\"height\":96,\"caption\":\"Box Repsol\"},\"image\":{\"@id\":\"https:\\\/\\\/www.boxrepsol.com\\\/es\\\/#\\\/schema\\\/logo\\\/image\\\/\"},\"sameAs\":[\"https:\\\/\\\/www.facebook.com\\\/BoxRepsol\",\"https:\\\/\\\/x.com\\\/box_repsol\",\"http:\\\/\\\/instagram.com\\\/box_repsol\",\"https:\\\/\\\/www.youtube.com\\\/user\\\/RepsolCompeticion\",\"https:\\\/\\\/www.flickr.com\\\/photos\\\/box_repsol\\\/\"]},{\"@type\":\"Person\",\"@id\":\"https:\\\/\\\/www.boxrepsol.com\\\/es\\\/#\\\/schema\\\/person\\\/c5c2138f2cca251b0ad92b7086bb60b7\",\"name\":\"Redacci\u00f3n Box Repsol\",\"image\":{\"@type\":\"ImageObject\",\"inLanguage\":\"es\",\"@id\":\"https:\\\/\\\/secure.gravatar.com\\\/avatar\\\/adf7b77e38b4419baf32c7e9c21dde01f4e40df611f0978e3006fc4ba0aaab7e?s=96&d=mm&r=g\",\"url\":\"https:\\\/\\\/secure.gravatar.com\\\/avatar\\\/adf7b77e38b4419baf32c7e9c21dde01f4e40df611f0978e3006fc4ba0aaab7e?s=96&d=mm&r=g\",\"contentUrl\":\"https:\\\/\\\/secure.gravatar.com\\\/avatar\\\/adf7b77e38b4419baf32c7e9c21dde01f4e40df611f0978e3006fc4ba0aaab7e?s=96&d=mm&r=g\",\"caption\":\"Redacci\u00f3n Box Repsol\"},\"description\":\"Box Repsol lo forma un equipo de periodistas, community managers, dise\u00f1adores y fot\u00f3grafos con m\u00e1s de 20 a\u00f1os de experiencia en el mundo del motorsport. Hemos vivido el primer mundial de un espa\u00f1ol en la categor\u00eda reina de motociclismo con \u00c1lex Crivill\u00e9, estuvimos en las victorias de Pedrosa y los t\u00edtulos de M\u00e1rquez, acompa\u00f1amos en \u00c1frica a Nani Roma y Marc Coma en sus conquistas del Dakar y hemos vibrado con los t\u00edtulos de Toni Bou en Trial. Adem\u00e1s, en nuestro equipo contamos con expertos en el mundo de las dos y cuatro ruedas tanto de la calle y las carreteras, como de los circuitos. Periodistas que han trabajado en revistas y publicaciones para hacerte llegar desde rutas y consejos de mantenimiento, a curiosidades y trucos de pilotaje.\",\"sameAs\":[\"https:\\\/\\\/www.facebook.com\\\/BoxRepsol\\\/\",\"https:\\\/\\\/www.instagram.com\\\/box_repsol\\\/\",\"https:\\\/\\\/x.com\\\/https:\\\/\\\/twitter.com\\\/box_repsol\",\"https:\\\/\\\/www.youtube.com\\\/@Boxrepsol\"],\"url\":\"https:\\\/\\\/www.boxrepsol.com\\\/es\\\/author\\\/redaccion-box-repsol\\\/\"}]}<\/script>\n<!-- \/ Yoast SEO plugin. -->","yoast_head_json":{"title":"Isidre Esteve vuelve del Dakar \u201cmuy contento\u201d - Box Repsol","description":"El piloto del Repsol Rally Team ha repetido la 21\u00aa posici\u00f3n absoluta del a\u00f1o pasado, en una edici\u00f3n m\u00e1s extrema del Rally Dakar.","canonical":"https:\/\/www.boxrepsol.com\/es\/rally\/isidre-esteve-vuelve-del-dakar-contento\/","og_locale":"es_ES","og_type":"article","og_title":"Isidre Esteve vuelve del Dakar \u201cmuy contento\u201d - Box Repsol","og_description":"El piloto del Repsol Rally Team ha repetido la 21\u00aa posici\u00f3n absoluta del a\u00f1o pasado, en una edici\u00f3n m\u00e1s extrema del Rally Dakar.","og_url":"https:\/\/www.boxrepsol.com\/es\/rally\/isidre-esteve-vuelve-del-dakar-contento\/","og_site_name":"Box Repsol","article_publisher":"https:\/\/www.facebook.com\/BoxRepsol","article_author":"https:\/\/www.facebook.com\/BoxRepsol\/","article_published_time":"2019-01-22T02:00:00+00:00","article_modified_time":"2024-05-22T09:37:35+00:00","og_image":[{"width":1280,"height":600,"url":"https:\/\/bxrepsol.s3.eu-west-1.amazonaws.com\/static\/2022\/08\/29084329\/00_isidre_esteve_txema_villalobos_repsol_raly_temadakar_2019_aeropuerto_prat.jpg","type":"image\/jpeg"}],"author":"Redacci\u00f3n Box Repsol","twitter_card":"summary_large_image","twitter_creator":"@https:\/\/twitter.com\/box_repsol","twitter_site":"@box_repsol","twitter_misc":{"Written by":"Redacci\u00f3n Box Repsol","Est. reading time":"3 minutos"},"schema":{"@context":"https:\/\/schema.org","@graph":[{"@type":"Article","@id":"https:\/\/www.boxrepsol.com\/es\/rally\/isidre-esteve-vuelve-del-dakar-contento\/#article","isPartOf":{"@id":"https:\/\/www.boxrepsol.com\/es\/rally\/isidre-esteve-vuelve-del-dakar-contento\/"},"author":{"name":"Redacci\u00f3n Box Repsol","@id":"https:\/\/www.boxrepsol.com\/es\/#\/schema\/person\/c5c2138f2cca251b0ad92b7086bb60b7"},"headline":"Isidre Esteve vuelve del Dakar \u201cmuy contento\u201d","datePublished":"2019-01-22T02:00:00+00:00","dateModified":"2024-05-22T09:37:35+00:00","mainEntityOfPage":{"@id":"https:\/\/www.boxrepsol.com\/es\/rally\/isidre-esteve-vuelve-del-dakar-contento\/"},"wordCount":541,"commentCount":0,"publisher":{"@id":"https:\/\/www.boxrepsol.com\/es\/#organization"},"image":{"@id":"https:\/\/www.boxrepsol.com\/es\/rally\/isidre-esteve-vuelve-del-dakar-contento\/#primaryimage"},"thumbnailUrl":"https:\/\/bxrepsol.s3.eu-west-1.amazonaws.com\/static\/2022\/08\/29084329\/00_isidre_esteve_txema_villalobos_repsol_raly_temadakar_2019_aeropuerto_prat.jpg","keywords":["Isidre Esteve"],"articleSection":["Rally"],"inLanguage":"es","potentialAction":[{"@type":"CommentAction","name":"Comment","target":["https:\/\/www.boxrepsol.com\/es\/rally\/isidre-esteve-vuelve-del-dakar-contento\/#respond"]}]},{"@type":"WebPage","@id":"https:\/\/www.boxrepsol.com\/es\/rally\/isidre-esteve-vuelve-del-dakar-contento\/","url":"https:\/\/www.boxrepsol.com\/es\/rally\/isidre-esteve-vuelve-del-dakar-contento\/","name":"Isidre Esteve vuelve del Dakar \u201cmuy contento\u201d - Box Repsol","isPartOf":{"@id":"https:\/\/www.boxrepsol.com\/es\/#website"},"primaryImageOfPage":{"@id":"https:\/\/www.boxrepsol.com\/es\/rally\/isidre-esteve-vuelve-del-dakar-contento\/#primaryimage"},"image":{"@id":"https:\/\/www.boxrepsol.com\/es\/rally\/isidre-esteve-vuelve-del-dakar-contento\/#primaryimage"},"thumbnailUrl":"https:\/\/bxrepsol.s3.eu-west-1.amazonaws.com\/static\/2022\/08\/29084329\/00_isidre_esteve_txema_villalobos_repsol_raly_temadakar_2019_aeropuerto_prat.jpg","datePublished":"2019-01-22T02:00:00+00:00","dateModified":"2024-05-22T09:37:35+00:00","description":"El piloto del Repsol Rally Team ha repetido la 21\u00aa posici\u00f3n absoluta del a\u00f1o pasado, en una edici\u00f3n m\u00e1s extrema del Rally Dakar.","breadcrumb":{"@id":"https:\/\/www.boxrepsol.com\/es\/rally\/isidre-esteve-vuelve-del-dakar-contento\/#breadcrumb"},"inLanguage":"es","potentialAction":[{"@type":"ReadAction","target":["https:\/\/www.boxrepsol.com\/es\/rally\/isidre-esteve-vuelve-del-dakar-contento\/"]}]},{"@type":"ImageObject","inLanguage":"es","@id":"https:\/\/www.boxrepsol.com\/es\/rally\/isidre-esteve-vuelve-del-dakar-contento\/#primaryimage","url":"https:\/\/bxrepsol.s3.eu-west-1.amazonaws.com\/static\/2022\/08\/29084329\/00_isidre_esteve_txema_villalobos_repsol_raly_temadakar_2019_aeropuerto_prat.jpg","contentUrl":"https:\/\/bxrepsol.s3.eu-west-1.amazonaws.com\/static\/2022\/08\/29084329\/00_isidre_esteve_txema_villalobos_repsol_raly_temadakar_2019_aeropuerto_prat.jpg","width":1280,"height":600,"caption":"Isidre Esteve y Txema Villalobos saludando"},{"@type":"BreadcrumbList","@id":"https:\/\/www.boxrepsol.com\/es\/rally\/isidre-esteve-vuelve-del-dakar-contento\/#breadcrumb","itemListElement":[{"@type":"ListItem","position":1,"name":"Home","item":"https:\/\/www.boxrepsol.com\/es\/"},{"@type":"ListItem","position":2,"name":"Isidre Esteve vuelve del Dakar \u201cmuy contento\u201d"}]},{"@type":"WebSite","@id":"https:\/\/www.boxrepsol.com\/es\/#website","url":"https:\/\/www.boxrepsol.com\/es\/","name":"Box Repsol","description":"Box Repsol Site","publisher":{"@id":"https:\/\/www.boxrepsol.com\/es\/#organization"},"potentialAction":[{"@type":"SearchAction","target":{"@type":"EntryPoint","urlTemplate":"https:\/\/www.boxrepsol.com\/es\/?s={search_term_string}"},"query-input":{"@type":"PropertyValueSpecification","valueRequired":true,"valueName":"search_term_string"}}],"inLanguage":"es"},{"@type":"Organization","@id":"https:\/\/www.boxrepsol.com\/es\/#organization","name":"Box Repsol","url":"https:\/\/www.boxrepsol.com\/es\/","logo":{"@type":"ImageObject","inLanguage":"es","@id":"https:\/\/www.boxrepsol.com\/es\/#\/schema\/logo\/image\/","url":"https:\/\/bxrepsol.s3.eu-west-1.amazonaws.com\/static\/2025\/07\/30083337\/favicon-96x96-1.png","contentUrl":"https:\/\/bxrepsol.s3.eu-west-1.amazonaws.com\/static\/2025\/07\/30083337\/favicon-96x96-1.png","width":96,"height":96,"caption":"Box Repsol"},"image":{"@id":"https:\/\/www.boxrepsol.com\/es\/#\/schema\/logo\/image\/"},"sameAs":["https:\/\/www.facebook.com\/BoxRepsol","https:\/\/x.com\/box_repsol","http:\/\/instagram.com\/box_repsol","https:\/\/www.youtube.com\/user\/RepsolCompeticion","https:\/\/www.flickr.com\/photos\/box_repsol\/"]},{"@type":"Person","@id":"https:\/\/www.boxrepsol.com\/es\/#\/schema\/person\/c5c2138f2cca251b0ad92b7086bb60b7","name":"Redacci\u00f3n Box Repsol","image":{"@type":"ImageObject","inLanguage":"es","@id":"https:\/\/secure.gravatar.com\/avatar\/adf7b77e38b4419baf32c7e9c21dde01f4e40df611f0978e3006fc4ba0aaab7e?s=96&d=mm&r=g","url":"https:\/\/secure.gravatar.com\/avatar\/adf7b77e38b4419baf32c7e9c21dde01f4e40df611f0978e3006fc4ba0aaab7e?s=96&d=mm&r=g","contentUrl":"https:\/\/secure.gravatar.com\/avatar\/adf7b77e38b4419baf32c7e9c21dde01f4e40df611f0978e3006fc4ba0aaab7e?s=96&d=mm&r=g","caption":"Redacci\u00f3n Box Repsol"},"description":"Box Repsol lo forma un equipo de periodistas, community managers, dise\u00f1adores y fot\u00f3grafos con m\u00e1s de 20 a\u00f1os de experiencia en el mundo del motorsport. Hemos vivido el primer mundial de un espa\u00f1ol en la categor\u00eda reina de motociclismo con \u00c1lex Crivill\u00e9, estuvimos en las victorias de Pedrosa y los t\u00edtulos de M\u00e1rquez, acompa\u00f1amos en \u00c1frica a Nani Roma y Marc Coma en sus conquistas del Dakar y hemos vibrado con los t\u00edtulos de Toni Bou en Trial. Adem\u00e1s, en nuestro equipo contamos con expertos en el mundo de las dos y cuatro ruedas tanto de la calle y las carreteras, como de los circuitos. Periodistas que han trabajado en revistas y publicaciones para hacerte llegar desde rutas y consejos de mantenimiento, a curiosidades y trucos de pilotaje.","sameAs":["https:\/\/www.facebook.com\/BoxRepsol\/","https:\/\/www.instagram.com\/box_repsol\/","https:\/\/x.com\/https:\/\/twitter.com\/box_repsol","https:\/\/www.youtube.com\/@Boxrepsol"],"url":"https:\/\/www.boxrepsol.com\/es\/author\/redaccion-box-repsol\/"}]}},"_links":{"self":[{"href":"https:\/\/www.boxrepsol.com\/es\/wp-json\/wp\/v2\/posts\/93696","targetHints":{"allow":["GET"]}}],"collection":[{"href":"https:\/\/www.boxrepsol.com\/es\/wp-json\/wp\/v2\/posts"}],"about":[{"href":"https:\/\/www.boxrepsol.com\/es\/wp-json\/wp\/v2\/types\/post"}],"author":[{"embeddable":true,"href":"https:\/\/www.boxrepsol.com\/es\/wp-json\/wp\/v2\/users\/43146"}],"replies":[{"embeddable":true,"href":"https:\/\/www.boxrepsol.com\/es\/wp-json\/wp\/v2\/comments?post=93696"}],"version-history":[{"count":1,"href":"https:\/\/www.boxrepsol.com\/es\/wp-json\/wp\/v2\/posts\/93696\/revisions"}],"predecessor-version":[{"id":93697,"href":"https:\/\/www.boxrepsol.com\/es\/wp-json\/wp\/v2\/posts\/93696\/revisions\/93697"}],"wp:featuredmedia":[{"embeddable":true,"href":"https:\/\/www.boxrepsol.com\/es\/wp-json\/wp\/v2\/media\/60823"}],"wp:attachment":[{"href":"https:\/\/www.boxrepsol.com\/es\/wp-json\/wp\/v2\/media?parent=93696"}],"wp:term":[{"taxonomy":"category","embeddable":true,"href":"https:\/\/www.boxrepsol.com\/es\/wp-json\/wp\/v2\/categories?post=93696"},{"taxonomy":"post_tag","embeddable":true,"href":"https:\/\/www.boxrepsol.com\/es\/wp-json\/wp\/v2\/tags?post=93696"}],"curies":[{"name":"wp","href":"https:\/\/api.w.org\/{rel}","templated":true}]}}