{"id":93691,"date":"2019-01-18T00:00:00","date_gmt":"2019-01-18T02:00:00","guid":{"rendered":"http:\/\/pre.boxrepsol.com\/sin-categorizar\/isidre-esteve-culmina-exito-dakar-mas-exigente-coche\/"},"modified":"2024-05-22T07:38:19","modified_gmt":"2024-05-22T09:38:19","slug":"isidre-esteve-culmina-exito-dakar-mas-exigente-coche","status":"publish","type":"post","link":"https:\/\/www.boxrepsol.com\/es\/rally\/isidre-esteve-culmina-exito-dakar-mas-exigente-coche\/","title":{"rendered":"Isidre Esteve culmina con \u00e9xito su Dakar m\u00e1s exigente en coche"},"content":{"rendered":"<p>Isidre Esteve ha logrado completar el Dakar por tercer a\u00f1o consecutivo en coche. <strong>El piloto del Repsol Rally Team ha superado con \u00e9xito una de las ediciones m\u00e1s dif\u00edciles que se recuerdan<\/strong>, con su <a href=\"https:\/\/www.boxrepsol.com\/es\/rally\/isidre-esteve-desvela-todos-los-secretos-de-su-prototipo-dakariano\/\">prototipo BV6 con los mandos adaptados en el volante<\/a>. Y lo ha hecho de forma brillante, al concluir sexto de su categor\u00eda T1.2 (todoterreno 4&#215;4 di\u00e9sel modificados) y 21\u00ba de la general.\u00a0<em>\u201cEstamos muy felices de haber superado una edici\u00f3n tan extremadamente dif\u00edcil\u201d<\/em>, reconoc\u00eda el ilerdense a su llegada a Lima (Per\u00fa).<\/p>\n<p>Tal como preve\u00eda ayer Isidre Esteve, la \u00faltima etapa entre Pisco y Lima no ha resultado ning\u00fan tr\u00e1mite y<strong> los 112 kil\u00f3metros cronometrados han vuelto a poner a prueba al medio centenar de \u2018supervivientes\u2019 en la categor\u00eda de coches<\/strong>.\u00a0<em>\u201cNos hemos llevado un susto enorme cuando se nos ha parado el coche a falta de 15 kil\u00f3metros, en la arena. Por suerte, ya hab\u00edamos pasado la parte m\u00e1s complicada de dunas y mi copiloto Txema Villalobos, como siempre, ha podido solucionar el problema en poco tiempo para continuar hasta el final\u201d,<\/em>\u00a0explicaba el piloto, 36\u00ba en la etapa.<\/p>\n<p>Por fortuna, todo ha quedado en una an\u00e9cdota y el Repsol Rally Team ha conseguido llegar a la l\u00ednea de meta para celebrar su \u00e9xito.\u00a0<em>\u201cEs el tercer a\u00f1o seguido que acabamos, pero las sensaciones son cada vez diferentes. Continuamos dando pasos adelante y estamos satisfechos, sobre todo, porque hemos demostrado tener un muy buen ritmo\u201d<\/em>, valoraba feliz Isidre Esteve.<\/p>\n<p><a href=\"https:\/\/bxrepsol.s3.eu-west-1.amazonaws.com\/static\/2022\/08\/05063555\/00_isidre_esteve_final_dakar_2019_peru.jpg\" \n   title=\"Isidre Esteve celebrando resultados\" \n   data-gallery-thumbnail=\"https:\/\/bxrepsol.s3.eu-west-1.amazonaws.com\/static\/2022\/08\/05063555\/00_isidre_esteve_final_dakar_2019_peru.jpg\"\n   data-gallery-title=\"\"\n   data-gallery><\/p>\n<figure>\n        <picture style=\"padding-bottom: 66.638441998307%; background-image: url(https:\/\/bxrepsol.s3.eu-west-1.amazonaws.com\/static\/2022\/08\/05063555\/00_isidre_esteve_final_dakar_2019_peru.jpg);\">\n            <img decoding=\"async\" src=\"https:\/\/bxrepsol.s3.eu-west-1.amazonaws.com\/static\/2022\/08\/05063555\/00_isidre_esteve_final_dakar_2019_peru.jpg\"><br \/>\n            <img itemprop=\"image\"\n                data-srcset=\"https:\/\/bxrepsol.s3.eu-west-1.amazonaws.com\/static\/2022\/08\/05063555\/00_isidre_esteve_final_dakar_2019_peru.jpg 480w, https:\/\/bxrepsol.s3.eu-west-1.amazonaws.com\/static\/2022\/08\/05063555\/00_isidre_esteve_final_dakar_2019_peru.jpg 600w, https:\/\/bxrepsol.s3.eu-west-1.amazonaws.com\/static\/2022\/08\/05063555\/00_isidre_esteve_final_dakar_2019_peru.jpg 900w\"\n                data-src=\"https:\/\/bxrepsol.s3.eu-west-1.amazonaws.com\/static\/2022\/08\/05063555\/00_isidre_esteve_final_dakar_2019_peru.jpg\"\n                alt=\"Isidre Esteve celebrando resultados\"\n                title=\"Isidre Esteve siendo entrevistado tras la carrera\"\/><br \/>\n            <noscript><img decoding=\"async\" src=\"https:\/\/bxrepsol.s3.eu-west-1.amazonaws.com\/static\/2022\/08\/05063555\/00_isidre_esteve_final_dakar_2019_peru.jpg\" alt=\"Isidre Esteve celebrando resultados\"><\/noscript>\n        <\/picture><figcaption>Isidre Esteve celebrando resultados<\/figcaption><\/figure>\n<p><\/a><\/p>\n<p><a href=\"https:\/\/www.boxrepsol.com\/es\/rally\/isidre-esteve-culmina-exito-dakar-mas-duro-sudamerica\/\">Su 21\u00ba lugar final en la categor\u00eda de coches<\/a> iguala el conseguido hace justo un a\u00f1o, aunque el ilerdense le otorga m\u00e1s m\u00e9rito:\u00a0<em>\u201cPara nosotros tiene un enorme valor este resultado, mucho mayor al del 2018, porque esta edici\u00f3n ha sido extremadamente dura y con muchas m\u00e1s dunas, donde es m\u00e1s f\u00e1cil cometer errores y dejarse tiempo, como nos ha pasado a nosotros alg\u00fan d\u00eda. Los de cabeza tambi\u00e9n han corrido mucho m\u00e1s que otros a\u00f1os y sabemos lo mucho que nos ha costado mantenernos ah\u00ed\u201d.<\/em><\/p>\n<p>Despu\u00e9s de 5.000 kil\u00f3metros en total, 3.000 de ellos cronometrados, su tiempo total ha sido de 52 horas, 49 minutos y 10 segundos. De no ser por la hora y 40 minutos recibida en dos penalizaciones, Isidre Esteve y su copiloto Txema Villalobos hubieran podido entrar en el top 20 que al final ha cerrado el h\u00fangaro Balazs Szalay (Opel) con una ventaja sobre los espa\u00f1oles de 1 hora y 37 minutos.<\/p>\n<p>                <!-- Imagen relacionada --><br \/>\n        <img loading=\"lazy\" decoding=\"async\" width=\"404\" height=\"336\" src=\"https:\/\/bxrepsol.s3.eu-west-1.amazonaws.com\/static\/2022\/08\/05063249\/01_isidre_esteve_dakar_2019_repsol_rally_team_rocas_etapa_9.jpg\" alt=\"Isidre esteve en rally con rocas\" \/><br \/>\n                <!-- Categor\u00eda --><br \/>\n            Rally<br \/>\n        <!-- T\u00edtulo --><br \/>\n        <a href=\"https:\/\/www.boxrepsol.com\/es\/rally\/isidre-esteve-llega-la-ultima-etapa-cerca-del-top-20\/\"><\/p>\n<h3>Isidre Esteve llega a la \u00faltima etapa cerca del top 20<\/h3>\n<p>        <\/a><br \/>\n                    <!-- Fecha --><br \/>\n            hace 1 hora        <\/p>\n<p><em>\u201cSinceramente, quedar un puesto arriba o abajo es lo de menos, lo principal es que hemos sido m\u00e1s competitivos que nunca, aunque no haya quedado reflejado en la clasificaci\u00f3n final. Las sensaciones han sido muy buenas y nos animan a seguir trabajando para mejorar el pr\u00f3ximo a\u00f1o con un proyecto todav\u00eda m\u00e1s fuerte\u201d.<\/em><\/p>\n<p>En los momentos de plena celebraci\u00f3n, Isidre Esteve quer\u00eda mandar unas sinceras y emotivas palabras de agradecimiento a\u00a0<em>\u201ctodas las personas que hacen posible este proyecto; por supuesto a los patrocinadores, pero sobre todo al gran grupo humano que hace del Repsol Rally Team un equipo diferente, movido por la ilusi\u00f3n\u201d.<\/em><\/p>\n","protected":false},"excerpt":{"rendered":"<p>El del Repsol Rally Team repite la 21\u00aa posici\u00f3n de la general que ocup\u00f3 en la anterior edici\u00f3n.<\/p>\n","protected":false},"author":43146,"featured_media":60808,"comment_status":"open","ping_status":"open","sticky":false,"template":"","format":"standard","meta":{"footnotes":""},"categories":[27],"tags":[183],"class_list":["post-93691","post","type-post","status-publish","format-standard","hentry","category-rally","tag-repsol-rally-team"],"yoast_head":"<!-- This site is optimized with the Yoast SEO plugin v27.3 - https:\/\/yoast.com\/product\/yoast-seo-wordpress\/ -->\n<title>Dakar 2019 etapa 10 - Isidre Esteve culmina con \u00e9xito su Dakar m\u00e1s exigente en coche<\/title>\n<meta name=\"description\" content=\"El del Repsol Rally Team repite la 21\u00aa posici\u00f3n de la general que ocup\u00f3 en la anterior edici\u00f3n.\" \/>\n<link rel=\"canonical\" href=\"https:\/\/www.boxrepsol.com\/es\/rally\/isidre-esteve-culmina-exito-dakar-mas-exigente-coche\/\" \/>\n<meta property=\"og:locale\" content=\"es_ES\" \/>\n<meta property=\"og:type\" content=\"article\" \/>\n<meta property=\"og:title\" content=\"Dakar 2019 etapa 10 - Isidre Esteve culmina con \u00e9xito su Dakar m\u00e1s exigente en coche\" \/>\n<meta property=\"og:description\" content=\"El del Repsol Rally Team repite la 21\u00aa posici\u00f3n de la general que ocup\u00f3 en la anterior edici\u00f3n.\" \/>\n<meta property=\"og:url\" content=\"https:\/\/www.boxrepsol.com\/es\/rally\/isidre-esteve-culmina-exito-dakar-mas-exigente-coche\/\" \/>\n<meta property=\"og:site_name\" content=\"Box Repsol\" \/>\n<meta property=\"article:publisher\" content=\"https:\/\/www.facebook.com\/BoxRepsol\" \/>\n<meta property=\"article:author\" content=\"https:\/\/www.facebook.com\/BoxRepsol\/\" \/>\n<meta property=\"article:published_time\" content=\"2019-01-18T02:00:00+00:00\" \/>\n<meta property=\"article:modified_time\" content=\"2024-05-22T09:38:19+00:00\" \/>\n<meta property=\"og:image\" content=\"https:\/\/bxrepsol.s3.eu-west-1.amazonaws.com\/static\/2022\/08\/29084321\/01_Dakar_isidre_esteve_saluda_etapa10_repsol_rally_team-1.jpg\" \/>\n\t<meta property=\"og:image:width\" content=\"1280\" \/>\n\t<meta property=\"og:image:height\" content=\"600\" \/>\n\t<meta property=\"og:image:type\" content=\"image\/jpeg\" \/>\n<meta name=\"author\" content=\"Redacci\u00f3n Box Repsol\" \/>\n<meta name=\"twitter:card\" content=\"summary_large_image\" \/>\n<meta name=\"twitter:creator\" content=\"@https:\/\/twitter.com\/box_repsol\" \/>\n<meta name=\"twitter:site\" content=\"@box_repsol\" \/>\n<meta name=\"twitter:label1\" content=\"Written by\" \/>\n\t<meta name=\"twitter:data1\" content=\"Redacci\u00f3n Box Repsol\" \/>\n\t<meta name=\"twitter:label2\" content=\"Est. reading time\" \/>\n\t<meta name=\"twitter:data2\" content=\"3 minutos\" \/>\n<script type=\"application\/ld+json\" class=\"yoast-schema-graph\">{\"@context\":\"https:\\\/\\\/schema.org\",\"@graph\":[{\"@type\":\"Article\",\"@id\":\"https:\\\/\\\/www.boxrepsol.com\\\/es\\\/rally\\\/isidre-esteve-culmina-exito-dakar-mas-exigente-coche\\\/#article\",\"isPartOf\":{\"@id\":\"https:\\\/\\\/www.boxrepsol.com\\\/es\\\/rally\\\/isidre-esteve-culmina-exito-dakar-mas-exigente-coche\\\/\"},\"author\":{\"name\":\"Redacci\u00f3n Box Repsol\",\"@id\":\"https:\\\/\\\/www.boxrepsol.com\\\/es\\\/#\\\/schema\\\/person\\\/c5c2138f2cca251b0ad92b7086bb60b7\"},\"headline\":\"Isidre Esteve culmina con \u00e9xito su Dakar m\u00e1s exigente en coche\",\"datePublished\":\"2019-01-18T02:00:00+00:00\",\"dateModified\":\"2024-05-22T09:38:19+00:00\",\"mainEntityOfPage\":{\"@id\":\"https:\\\/\\\/www.boxrepsol.com\\\/es\\\/rally\\\/isidre-esteve-culmina-exito-dakar-mas-exigente-coche\\\/\"},\"wordCount\":565,\"commentCount\":0,\"publisher\":{\"@id\":\"https:\\\/\\\/www.boxrepsol.com\\\/es\\\/#organization\"},\"image\":{\"@id\":\"https:\\\/\\\/www.boxrepsol.com\\\/es\\\/rally\\\/isidre-esteve-culmina-exito-dakar-mas-exigente-coche\\\/#primaryimage\"},\"thumbnailUrl\":\"https:\\\/\\\/bxrepsol.s3.eu-west-1.amazonaws.com\\\/static\\\/2022\\\/08\\\/29084321\\\/01_Dakar_isidre_esteve_saluda_etapa10_repsol_rally_team-1.jpg\",\"keywords\":[\"Repsol Rally Team\"],\"articleSection\":[\"Rally\"],\"inLanguage\":\"es\",\"potentialAction\":[{\"@type\":\"CommentAction\",\"name\":\"Comment\",\"target\":[\"https:\\\/\\\/www.boxrepsol.com\\\/es\\\/rally\\\/isidre-esteve-culmina-exito-dakar-mas-exigente-coche\\\/#respond\"]}]},{\"@type\":\"WebPage\",\"@id\":\"https:\\\/\\\/www.boxrepsol.com\\\/es\\\/rally\\\/isidre-esteve-culmina-exito-dakar-mas-exigente-coche\\\/\",\"url\":\"https:\\\/\\\/www.boxrepsol.com\\\/es\\\/rally\\\/isidre-esteve-culmina-exito-dakar-mas-exigente-coche\\\/\",\"name\":\"Dakar 2019 etapa 10 - Isidre Esteve culmina con \u00e9xito su Dakar m\u00e1s exigente en coche\",\"isPartOf\":{\"@id\":\"https:\\\/\\\/www.boxrepsol.com\\\/es\\\/#website\"},\"primaryImageOfPage\":{\"@id\":\"https:\\\/\\\/www.boxrepsol.com\\\/es\\\/rally\\\/isidre-esteve-culmina-exito-dakar-mas-exigente-coche\\\/#primaryimage\"},\"image\":{\"@id\":\"https:\\\/\\\/www.boxrepsol.com\\\/es\\\/rally\\\/isidre-esteve-culmina-exito-dakar-mas-exigente-coche\\\/#primaryimage\"},\"thumbnailUrl\":\"https:\\\/\\\/bxrepsol.s3.eu-west-1.amazonaws.com\\\/static\\\/2022\\\/08\\\/29084321\\\/01_Dakar_isidre_esteve_saluda_etapa10_repsol_rally_team-1.jpg\",\"datePublished\":\"2019-01-18T02:00:00+00:00\",\"dateModified\":\"2024-05-22T09:38:19+00:00\",\"description\":\"El del Repsol Rally Team repite la 21\u00aa posici\u00f3n de la general que ocup\u00f3 en la anterior edici\u00f3n.\",\"breadcrumb\":{\"@id\":\"https:\\\/\\\/www.boxrepsol.com\\\/es\\\/rally\\\/isidre-esteve-culmina-exito-dakar-mas-exigente-coche\\\/#breadcrumb\"},\"inLanguage\":\"es\",\"potentialAction\":[{\"@type\":\"ReadAction\",\"target\":[\"https:\\\/\\\/www.boxrepsol.com\\\/es\\\/rally\\\/isidre-esteve-culmina-exito-dakar-mas-exigente-coche\\\/\"]}]},{\"@type\":\"ImageObject\",\"inLanguage\":\"es\",\"@id\":\"https:\\\/\\\/www.boxrepsol.com\\\/es\\\/rally\\\/isidre-esteve-culmina-exito-dakar-mas-exigente-coche\\\/#primaryimage\",\"url\":\"https:\\\/\\\/bxrepsol.s3.eu-west-1.amazonaws.com\\\/static\\\/2022\\\/08\\\/29084321\\\/01_Dakar_isidre_esteve_saluda_etapa10_repsol_rally_team-1.jpg\",\"contentUrl\":\"https:\\\/\\\/bxrepsol.s3.eu-west-1.amazonaws.com\\\/static\\\/2022\\\/08\\\/29084321\\\/01_Dakar_isidre_esteve_saluda_etapa10_repsol_rally_team-1.jpg\",\"width\":1280,\"height\":600,\"caption\":\"Isidre Esteve saludando desde el asiento de piloto\"},{\"@type\":\"BreadcrumbList\",\"@id\":\"https:\\\/\\\/www.boxrepsol.com\\\/es\\\/rally\\\/isidre-esteve-culmina-exito-dakar-mas-exigente-coche\\\/#breadcrumb\",\"itemListElement\":[{\"@type\":\"ListItem\",\"position\":1,\"name\":\"Home\",\"item\":\"https:\\\/\\\/www.boxrepsol.com\\\/es\\\/\"},{\"@type\":\"ListItem\",\"position\":2,\"name\":\"Isidre Esteve culmina con \u00e9xito su Dakar m\u00e1s exigente en coche\"}]},{\"@type\":\"WebSite\",\"@id\":\"https:\\\/\\\/www.boxrepsol.com\\\/es\\\/#website\",\"url\":\"https:\\\/\\\/www.boxrepsol.com\\\/es\\\/\",\"name\":\"Box Repsol\",\"description\":\"Box Repsol Site\",\"publisher\":{\"@id\":\"https:\\\/\\\/www.boxrepsol.com\\\/es\\\/#organization\"},\"potentialAction\":[{\"@type\":\"SearchAction\",\"target\":{\"@type\":\"EntryPoint\",\"urlTemplate\":\"https:\\\/\\\/www.boxrepsol.com\\\/es\\\/?s={search_term_string}\"},\"query-input\":{\"@type\":\"PropertyValueSpecification\",\"valueRequired\":true,\"valueName\":\"search_term_string\"}}],\"inLanguage\":\"es\"},{\"@type\":\"Organization\",\"@id\":\"https:\\\/\\\/www.boxrepsol.com\\\/es\\\/#organization\",\"name\":\"Box Repsol\",\"url\":\"https:\\\/\\\/www.boxrepsol.com\\\/es\\\/\",\"logo\":{\"@type\":\"ImageObject\",\"inLanguage\":\"es\",\"@id\":\"https:\\\/\\\/www.boxrepsol.com\\\/es\\\/#\\\/schema\\\/logo\\\/image\\\/\",\"url\":\"https:\\\/\\\/bxrepsol.s3.eu-west-1.amazonaws.com\\\/static\\\/2025\\\/07\\\/30083337\\\/favicon-96x96-1.png\",\"contentUrl\":\"https:\\\/\\\/bxrepsol.s3.eu-west-1.amazonaws.com\\\/static\\\/2025\\\/07\\\/30083337\\\/favicon-96x96-1.png\",\"width\":96,\"height\":96,\"caption\":\"Box Repsol\"},\"image\":{\"@id\":\"https:\\\/\\\/www.boxrepsol.com\\\/es\\\/#\\\/schema\\\/logo\\\/image\\\/\"},\"sameAs\":[\"https:\\\/\\\/www.facebook.com\\\/BoxRepsol\",\"https:\\\/\\\/x.com\\\/box_repsol\",\"http:\\\/\\\/instagram.com\\\/box_repsol\",\"https:\\\/\\\/www.youtube.com\\\/user\\\/RepsolCompeticion\",\"https:\\\/\\\/www.flickr.com\\\/photos\\\/box_repsol\\\/\"]},{\"@type\":\"Person\",\"@id\":\"https:\\\/\\\/www.boxrepsol.com\\\/es\\\/#\\\/schema\\\/person\\\/c5c2138f2cca251b0ad92b7086bb60b7\",\"name\":\"Redacci\u00f3n Box Repsol\",\"image\":{\"@type\":\"ImageObject\",\"inLanguage\":\"es\",\"@id\":\"https:\\\/\\\/secure.gravatar.com\\\/avatar\\\/adf7b77e38b4419baf32c7e9c21dde01f4e40df611f0978e3006fc4ba0aaab7e?s=96&d=mm&r=g\",\"url\":\"https:\\\/\\\/secure.gravatar.com\\\/avatar\\\/adf7b77e38b4419baf32c7e9c21dde01f4e40df611f0978e3006fc4ba0aaab7e?s=96&d=mm&r=g\",\"contentUrl\":\"https:\\\/\\\/secure.gravatar.com\\\/avatar\\\/adf7b77e38b4419baf32c7e9c21dde01f4e40df611f0978e3006fc4ba0aaab7e?s=96&d=mm&r=g\",\"caption\":\"Redacci\u00f3n Box Repsol\"},\"description\":\"Box Repsol lo forma un equipo de periodistas, community managers, dise\u00f1adores y fot\u00f3grafos con m\u00e1s de 20 a\u00f1os de experiencia en el mundo del motorsport. Hemos vivido el primer mundial de un espa\u00f1ol en la categor\u00eda reina de motociclismo con \u00c1lex Crivill\u00e9, estuvimos en las victorias de Pedrosa y los t\u00edtulos de M\u00e1rquez, acompa\u00f1amos en \u00c1frica a Nani Roma y Marc Coma en sus conquistas del Dakar y hemos vibrado con los t\u00edtulos de Toni Bou en Trial. Adem\u00e1s, en nuestro equipo contamos con expertos en el mundo de las dos y cuatro ruedas tanto de la calle y las carreteras, como de los circuitos. Periodistas que han trabajado en revistas y publicaciones para hacerte llegar desde rutas y consejos de mantenimiento, a curiosidades y trucos de pilotaje.\",\"sameAs\":[\"https:\\\/\\\/www.facebook.com\\\/BoxRepsol\\\/\",\"https:\\\/\\\/www.instagram.com\\\/box_repsol\\\/\",\"https:\\\/\\\/x.com\\\/https:\\\/\\\/twitter.com\\\/box_repsol\",\"https:\\\/\\\/www.youtube.com\\\/@Boxrepsol\"],\"url\":\"https:\\\/\\\/www.boxrepsol.com\\\/es\\\/author\\\/redaccion-box-repsol\\\/\"}]}<\/script>\n<!-- \/ Yoast SEO plugin. -->","yoast_head_json":{"title":"Dakar 2019 etapa 10 - Isidre Esteve culmina con \u00e9xito su Dakar m\u00e1s exigente en coche","description":"El del Repsol Rally Team repite la 21\u00aa posici\u00f3n de la general que ocup\u00f3 en la anterior edici\u00f3n.","canonical":"https:\/\/www.boxrepsol.com\/es\/rally\/isidre-esteve-culmina-exito-dakar-mas-exigente-coche\/","og_locale":"es_ES","og_type":"article","og_title":"Dakar 2019 etapa 10 - Isidre Esteve culmina con \u00e9xito su Dakar m\u00e1s exigente en coche","og_description":"El del Repsol Rally Team repite la 21\u00aa posici\u00f3n de la general que ocup\u00f3 en la anterior edici\u00f3n.","og_url":"https:\/\/www.boxrepsol.com\/es\/rally\/isidre-esteve-culmina-exito-dakar-mas-exigente-coche\/","og_site_name":"Box Repsol","article_publisher":"https:\/\/www.facebook.com\/BoxRepsol","article_author":"https:\/\/www.facebook.com\/BoxRepsol\/","article_published_time":"2019-01-18T02:00:00+00:00","article_modified_time":"2024-05-22T09:38:19+00:00","og_image":[{"width":1280,"height":600,"url":"https:\/\/bxrepsol.s3.eu-west-1.amazonaws.com\/static\/2022\/08\/29084321\/01_Dakar_isidre_esteve_saluda_etapa10_repsol_rally_team-1.jpg","type":"image\/jpeg"}],"author":"Redacci\u00f3n Box Repsol","twitter_card":"summary_large_image","twitter_creator":"@https:\/\/twitter.com\/box_repsol","twitter_site":"@box_repsol","twitter_misc":{"Written by":"Redacci\u00f3n Box Repsol","Est. reading time":"3 minutos"},"schema":{"@context":"https:\/\/schema.org","@graph":[{"@type":"Article","@id":"https:\/\/www.boxrepsol.com\/es\/rally\/isidre-esteve-culmina-exito-dakar-mas-exigente-coche\/#article","isPartOf":{"@id":"https:\/\/www.boxrepsol.com\/es\/rally\/isidre-esteve-culmina-exito-dakar-mas-exigente-coche\/"},"author":{"name":"Redacci\u00f3n Box Repsol","@id":"https:\/\/www.boxrepsol.com\/es\/#\/schema\/person\/c5c2138f2cca251b0ad92b7086bb60b7"},"headline":"Isidre Esteve culmina con \u00e9xito su Dakar m\u00e1s exigente en coche","datePublished":"2019-01-18T02:00:00+00:00","dateModified":"2024-05-22T09:38:19+00:00","mainEntityOfPage":{"@id":"https:\/\/www.boxrepsol.com\/es\/rally\/isidre-esteve-culmina-exito-dakar-mas-exigente-coche\/"},"wordCount":565,"commentCount":0,"publisher":{"@id":"https:\/\/www.boxrepsol.com\/es\/#organization"},"image":{"@id":"https:\/\/www.boxrepsol.com\/es\/rally\/isidre-esteve-culmina-exito-dakar-mas-exigente-coche\/#primaryimage"},"thumbnailUrl":"https:\/\/bxrepsol.s3.eu-west-1.amazonaws.com\/static\/2022\/08\/29084321\/01_Dakar_isidre_esteve_saluda_etapa10_repsol_rally_team-1.jpg","keywords":["Repsol Rally Team"],"articleSection":["Rally"],"inLanguage":"es","potentialAction":[{"@type":"CommentAction","name":"Comment","target":["https:\/\/www.boxrepsol.com\/es\/rally\/isidre-esteve-culmina-exito-dakar-mas-exigente-coche\/#respond"]}]},{"@type":"WebPage","@id":"https:\/\/www.boxrepsol.com\/es\/rally\/isidre-esteve-culmina-exito-dakar-mas-exigente-coche\/","url":"https:\/\/www.boxrepsol.com\/es\/rally\/isidre-esteve-culmina-exito-dakar-mas-exigente-coche\/","name":"Dakar 2019 etapa 10 - Isidre Esteve culmina con \u00e9xito su Dakar m\u00e1s exigente en coche","isPartOf":{"@id":"https:\/\/www.boxrepsol.com\/es\/#website"},"primaryImageOfPage":{"@id":"https:\/\/www.boxrepsol.com\/es\/rally\/isidre-esteve-culmina-exito-dakar-mas-exigente-coche\/#primaryimage"},"image":{"@id":"https:\/\/www.boxrepsol.com\/es\/rally\/isidre-esteve-culmina-exito-dakar-mas-exigente-coche\/#primaryimage"},"thumbnailUrl":"https:\/\/bxrepsol.s3.eu-west-1.amazonaws.com\/static\/2022\/08\/29084321\/01_Dakar_isidre_esteve_saluda_etapa10_repsol_rally_team-1.jpg","datePublished":"2019-01-18T02:00:00+00:00","dateModified":"2024-05-22T09:38:19+00:00","description":"El del Repsol Rally Team repite la 21\u00aa posici\u00f3n de la general que ocup\u00f3 en la anterior edici\u00f3n.","breadcrumb":{"@id":"https:\/\/www.boxrepsol.com\/es\/rally\/isidre-esteve-culmina-exito-dakar-mas-exigente-coche\/#breadcrumb"},"inLanguage":"es","potentialAction":[{"@type":"ReadAction","target":["https:\/\/www.boxrepsol.com\/es\/rally\/isidre-esteve-culmina-exito-dakar-mas-exigente-coche\/"]}]},{"@type":"ImageObject","inLanguage":"es","@id":"https:\/\/www.boxrepsol.com\/es\/rally\/isidre-esteve-culmina-exito-dakar-mas-exigente-coche\/#primaryimage","url":"https:\/\/bxrepsol.s3.eu-west-1.amazonaws.com\/static\/2022\/08\/29084321\/01_Dakar_isidre_esteve_saluda_etapa10_repsol_rally_team-1.jpg","contentUrl":"https:\/\/bxrepsol.s3.eu-west-1.amazonaws.com\/static\/2022\/08\/29084321\/01_Dakar_isidre_esteve_saluda_etapa10_repsol_rally_team-1.jpg","width":1280,"height":600,"caption":"Isidre Esteve saludando desde el asiento de piloto"},{"@type":"BreadcrumbList","@id":"https:\/\/www.boxrepsol.com\/es\/rally\/isidre-esteve-culmina-exito-dakar-mas-exigente-coche\/#breadcrumb","itemListElement":[{"@type":"ListItem","position":1,"name":"Home","item":"https:\/\/www.boxrepsol.com\/es\/"},{"@type":"ListItem","position":2,"name":"Isidre Esteve culmina con \u00e9xito su Dakar m\u00e1s exigente en coche"}]},{"@type":"WebSite","@id":"https:\/\/www.boxrepsol.com\/es\/#website","url":"https:\/\/www.boxrepsol.com\/es\/","name":"Box Repsol","description":"Box Repsol Site","publisher":{"@id":"https:\/\/www.boxrepsol.com\/es\/#organization"},"potentialAction":[{"@type":"SearchAction","target":{"@type":"EntryPoint","urlTemplate":"https:\/\/www.boxrepsol.com\/es\/?s={search_term_string}"},"query-input":{"@type":"PropertyValueSpecification","valueRequired":true,"valueName":"search_term_string"}}],"inLanguage":"es"},{"@type":"Organization","@id":"https:\/\/www.boxrepsol.com\/es\/#organization","name":"Box Repsol","url":"https:\/\/www.boxrepsol.com\/es\/","logo":{"@type":"ImageObject","inLanguage":"es","@id":"https:\/\/www.boxrepsol.com\/es\/#\/schema\/logo\/image\/","url":"https:\/\/bxrepsol.s3.eu-west-1.amazonaws.com\/static\/2025\/07\/30083337\/favicon-96x96-1.png","contentUrl":"https:\/\/bxrepsol.s3.eu-west-1.amazonaws.com\/static\/2025\/07\/30083337\/favicon-96x96-1.png","width":96,"height":96,"caption":"Box Repsol"},"image":{"@id":"https:\/\/www.boxrepsol.com\/es\/#\/schema\/logo\/image\/"},"sameAs":["https:\/\/www.facebook.com\/BoxRepsol","https:\/\/x.com\/box_repsol","http:\/\/instagram.com\/box_repsol","https:\/\/www.youtube.com\/user\/RepsolCompeticion","https:\/\/www.flickr.com\/photos\/box_repsol\/"]},{"@type":"Person","@id":"https:\/\/www.boxrepsol.com\/es\/#\/schema\/person\/c5c2138f2cca251b0ad92b7086bb60b7","name":"Redacci\u00f3n Box Repsol","image":{"@type":"ImageObject","inLanguage":"es","@id":"https:\/\/secure.gravatar.com\/avatar\/adf7b77e38b4419baf32c7e9c21dde01f4e40df611f0978e3006fc4ba0aaab7e?s=96&d=mm&r=g","url":"https:\/\/secure.gravatar.com\/avatar\/adf7b77e38b4419baf32c7e9c21dde01f4e40df611f0978e3006fc4ba0aaab7e?s=96&d=mm&r=g","contentUrl":"https:\/\/secure.gravatar.com\/avatar\/adf7b77e38b4419baf32c7e9c21dde01f4e40df611f0978e3006fc4ba0aaab7e?s=96&d=mm&r=g","caption":"Redacci\u00f3n Box Repsol"},"description":"Box Repsol lo forma un equipo de periodistas, community managers, dise\u00f1adores y fot\u00f3grafos con m\u00e1s de 20 a\u00f1os de experiencia en el mundo del motorsport. Hemos vivido el primer mundial de un espa\u00f1ol en la categor\u00eda reina de motociclismo con \u00c1lex Crivill\u00e9, estuvimos en las victorias de Pedrosa y los t\u00edtulos de M\u00e1rquez, acompa\u00f1amos en \u00c1frica a Nani Roma y Marc Coma en sus conquistas del Dakar y hemos vibrado con los t\u00edtulos de Toni Bou en Trial. Adem\u00e1s, en nuestro equipo contamos con expertos en el mundo de las dos y cuatro ruedas tanto de la calle y las carreteras, como de los circuitos. Periodistas que han trabajado en revistas y publicaciones para hacerte llegar desde rutas y consejos de mantenimiento, a curiosidades y trucos de pilotaje.","sameAs":["https:\/\/www.facebook.com\/BoxRepsol\/","https:\/\/www.instagram.com\/box_repsol\/","https:\/\/x.com\/https:\/\/twitter.com\/box_repsol","https:\/\/www.youtube.com\/@Boxrepsol"],"url":"https:\/\/www.boxrepsol.com\/es\/author\/redaccion-box-repsol\/"}]}},"_links":{"self":[{"href":"https:\/\/www.boxrepsol.com\/es\/wp-json\/wp\/v2\/posts\/93691","targetHints":{"allow":["GET"]}}],"collection":[{"href":"https:\/\/www.boxrepsol.com\/es\/wp-json\/wp\/v2\/posts"}],"about":[{"href":"https:\/\/www.boxrepsol.com\/es\/wp-json\/wp\/v2\/types\/post"}],"author":[{"embeddable":true,"href":"https:\/\/www.boxrepsol.com\/es\/wp-json\/wp\/v2\/users\/43146"}],"replies":[{"embeddable":true,"href":"https:\/\/www.boxrepsol.com\/es\/wp-json\/wp\/v2\/comments?post=93691"}],"version-history":[{"count":1,"href":"https:\/\/www.boxrepsol.com\/es\/wp-json\/wp\/v2\/posts\/93691\/revisions"}],"predecessor-version":[{"id":93692,"href":"https:\/\/www.boxrepsol.com\/es\/wp-json\/wp\/v2\/posts\/93691\/revisions\/93692"}],"wp:featuredmedia":[{"embeddable":true,"href":"https:\/\/www.boxrepsol.com\/es\/wp-json\/wp\/v2\/media\/60808"}],"wp:attachment":[{"href":"https:\/\/www.boxrepsol.com\/es\/wp-json\/wp\/v2\/media?parent=93691"}],"wp:term":[{"taxonomy":"category","embeddable":true,"href":"https:\/\/www.boxrepsol.com\/es\/wp-json\/wp\/v2\/categories?post=93691"},{"taxonomy":"post_tag","embeddable":true,"href":"https:\/\/www.boxrepsol.com\/es\/wp-json\/wp\/v2\/tags?post=93691"}],"curies":[{"name":"wp","href":"https:\/\/api.w.org\/{rel}","templated":true}]}}