{"id":93685,"date":"2019-01-17T00:00:00","date_gmt":"2019-01-17T02:00:00","guid":{"rendered":"http:\/\/pre.boxrepsol.com\/sin-categorizar\/isidre-esteve-llega-la-ultima-etapa-cerca-del-top-20\/"},"modified":"2024-05-22T07:40:24","modified_gmt":"2024-05-22T09:40:24","slug":"isidre-esteve-llega-la-ultima-etapa-cerca-del-top-20","status":"publish","type":"post","link":"https:\/\/www.boxrepsol.com\/es\/rally\/isidre-esteve-llega-la-ultima-etapa-cerca-del-top-20\/","title":{"rendered":"Isidre Esteve llega a la \u00faltima etapa cerca del top 20"},"content":{"rendered":"<p>Isidre Esteve est\u00e1 a un d\u00eda de completar su tercer Dakar consecutivo. <strong>El piloto del Repsol Rally Team ha protagonizado una brillante segunda semana de competici\u00f3n coincidiendo con la parte m\u00e1s dura del recorrido<\/strong>. Ese mi\u00e9rcoles, el de Oliana ha superado la pen\u00faltima etapa en 24\u00aa posici\u00f3n y se sit\u00faa en el 21\u00ba lugar de la clasificaci\u00f3n general provisional.<\/p>\n<p>La jornada con salida y llegada en Pisco constaba de una especial complicada de 313 kil\u00f3metros, nuevamente con las dunas como principales protagonistas. <strong>Isidre Esteve y su copiloto Txema Villalobos han realizado una gran actuaci\u00f3n<\/strong> <a href=\"https:\/\/www.boxrepsol.com\/es\/rally\/isidre-esteve-desvela-todos-los-secretos-de-su-prototipo-dakariano\/\">a los mandos de su prototipo BV6<\/a>, que les ha permitido llegar a la altura del way point n\u00famero 5 con el 19\u00ba mejor tiempo.<\/p>\n<p><em>\u201cHa sido una etapa muy bonita, con muchas dunas y zonas preciosas que hemos pasado a un gran ritmo hasta que faltaban 30 kil\u00f3metros para el final. Hab\u00eda un way point fuera de las trazas y, cuando nos hemos dado cuenta, ya hab\u00edamos bajado la duna. Hemos tenido que dar la vuelta y, al tratar remontarla, nos hemos enganchado dos veces. Habremos perdido 45 minutos, pero no hemos sido los \u00fanicos, ya que aquella zona parec\u00eda un campo de batalla con veh\u00edculos encallados por todas partes\u201d<\/em>.<\/p>\n<p><a href=\"https:\/\/bxrepsol.s3.eu-west-1.amazonaws.com\/static\/2022\/08\/05063546\/00_isidre_esteve_dakar_arena_repsol_rally_team.jpg\" \n   title=\"Isidre Esteve rodando en zona de arena\" \n   data-gallery-thumbnail=\"https:\/\/bxrepsol.s3.eu-west-1.amazonaws.com\/static\/2022\/08\/05063546\/00_isidre_esteve_dakar_arena_repsol_rally_team.jpg\"\n   data-gallery-title=\"\"\n   data-gallery><\/p>\n<figure>\n        <picture style=\"padding-bottom: 66.638441998307%; background-image: url(https:\/\/bxrepsol.s3.eu-west-1.amazonaws.com\/static\/2022\/08\/05063546\/00_isidre_esteve_dakar_arena_repsol_rally_team.jpg);\">\n            <img decoding=\"async\" src=\"https:\/\/bxrepsol.s3.eu-west-1.amazonaws.com\/static\/2022\/08\/05063546\/00_isidre_esteve_dakar_arena_repsol_rally_team.jpg\"><br \/>\n            <img itemprop=\"image\"\n                data-srcset=\"https:\/\/bxrepsol.s3.eu-west-1.amazonaws.com\/static\/2022\/08\/05063546\/00_isidre_esteve_dakar_arena_repsol_rally_team.jpg 480w, https:\/\/bxrepsol.s3.eu-west-1.amazonaws.com\/static\/2022\/08\/05063546\/00_isidre_esteve_dakar_arena_repsol_rally_team.jpg 600w, https:\/\/bxrepsol.s3.eu-west-1.amazonaws.com\/static\/2022\/08\/05063546\/00_isidre_esteve_dakar_arena_repsol_rally_team.jpg 900w\"\n                data-src=\"https:\/\/bxrepsol.s3.eu-west-1.amazonaws.com\/static\/2022\/08\/05063546\/00_isidre_esteve_dakar_arena_repsol_rally_team.jpg\"\n                alt=\"Isidre Esteve rodando en zona de arena\"\n                title=\"Isidre Esteve rodando por zona de arena en el Dakar 2019 en Per\u00fa\"\/><br \/>\n            <noscript><img decoding=\"async\" src=\"https:\/\/bxrepsol.s3.eu-west-1.amazonaws.com\/static\/2022\/08\/05063546\/00_isidre_esteve_dakar_arena_repsol_rally_team.jpg\" alt=\"Isidre Esteve rodando en zona de arena\"><\/noscript>\n        <\/picture><figcaption>Isidre Esteve rodando en zona de arena<\/figcaption><\/figure>\n<p><\/a><\/p>\n<p>Pese a ese inesperado final, el piloto del Repsol Rally Team hac\u00eda una positiva valoraci\u00f3n de la jornada:\u00a0<em>\u201cEstamos muy contentos de superar una etapa tan complicada con todos los way points completados y siempre por la ruta correcta. Ha sido una muestra de lo bien que ha navegado Txema Villalobos todo este Dakar. L\u00e1stima que hayamos tenido problemas al final, en una zona donde la arena estaba muy blanda\u201d<\/em>.<\/p>\n<p>Aun as\u00ed, nada que ver con los <a href=\"https:\/\/www.boxrepsol.com\/es\/rally\/isidre-esteve-se-lleva-gran-susto-la-sexta-etapa-del-dakar-2019\/\">delicados momentos vividos en la etapa 6<\/a> cuando le cay\u00f3 un buggy encima y perdi\u00f3 dos horas en ser rescatado de una olla, gracias a la ayuda del KH-7 Epsilon Team que, parad\u00f3jicamente, ayer dijo adi\u00f3s a la carrera.\u00a0<em>\u201cMe sabe muy mal que Jordi Juvanteny, Jos\u00e9 Luis Criado y Xavi Dom\u00e8nech hayan tenido que abandonar porque siempre est\u00e1n dispuestos a ayudar a todo el mundo y se merec\u00edan acabar. Les mando muchos \u00e1nimos\u201d<\/em>, comentaba Isidre Esteve tras conocer la noticia.<\/p>\n<p>                <!-- Imagen relacionada --><br \/>\n        <img loading=\"lazy\" decoding=\"async\" width=\"404\" height=\"336\" src=\"https:\/\/bxrepsol.s3.eu-west-1.amazonaws.com\/static\/2022\/08\/29084026\/01_dunas_isidre_esteve_repsol_rally_team_Dakar_2019-e1547626236169-404x336-2.jpg\" alt=\"Coche del Repsol Rally Team\" \/><br \/>\n                <!-- Categor\u00eda --><br \/>\n            Rally<br \/>\n        <!-- T\u00edtulo --><br \/>\n        <a href=\"https:\/\/www.boxrepsol.com\/es\/rally\/isidre-esteve-logra-su-mejor-resultado-parcial-desde-que-corre-en-coche\/\"><\/p>\n<h3>Isidre Esteve logra su mejor resultado parcial<\/h3>\n<p>        <\/a><br \/>\n                    <!-- Fecha --><br \/>\n            hace 1 hora        <\/p>\n<p>El ilerdense ha completado el pen\u00faltimo d\u00eda en 5 horas, 46 minutos y 9 segundos. <strong>En la general, pasa a ocupar el 21\u00ba lugar<\/strong>, lastrado por una penalizaci\u00f3n de 40 minutos que recibi\u00f3 ayer tras saltarse un way point cerca de la playa. Con ese tiempo extra, Isidre Esteve se encuentra a 1 hora y 10 minutos de un top 20 que cierra el h\u00fangaro Balazs Szalay.<\/p>\n<p>Ma\u00f1ana, \u00faltima etapa del Dakar 2019 con final en Lima, con 112 kil\u00f3metros cronometrados que servir\u00e1n para decidir las posiciones definitivas.\u00a0<em>\u201cSaldremos a ser lo m\u00e1s competitivos posible. No ser\u00e1 una jornada de tr\u00e1mite porque si por algo se ha caracterizado esta edici\u00f3n del Dakar es, precisamente, porque no ha habido ning\u00fan d\u00eda de transici\u00f3n. T\u00e9cnicamente est\u00e1 siendo una carrera muy exigente y no puedes relajarte ni un instante\u201d,<\/em>\u00a0resum\u00eda el piloto del Repsol Rally Team<em>.<\/em><\/p>\n","protected":false},"excerpt":{"rendered":"<p>El piloto del Repsol Rally Team completa la jornada en 24\u00ba lugar, retrasado en la parte final de la especial al tratar de alcanzar un way point.<\/p>\n","protected":false},"author":43146,"featured_media":60790,"comment_status":"open","ping_status":"open","sticky":false,"template":"","format":"standard","meta":{"footnotes":""},"categories":[27],"tags":[183],"class_list":["post-93685","post","type-post","status-publish","format-standard","hentry","category-rally","tag-repsol-rally-team"],"yoast_head":"<!-- This site is optimized with the Yoast SEO plugin v27.3 - https:\/\/yoast.com\/product\/yoast-seo-wordpress\/ -->\n<title>Dakar 2019 Etapa 9 - Isidre Esteve llega a la \u00faltima etapa cerca del top 20<\/title>\n<meta name=\"description\" content=\"El piloto del Repsol Rally Team completa la jornada en 24\u00ba lugar, retrasado en la parte final de la especial al tratar de alcanzar un way point.\" \/>\n<link rel=\"canonical\" href=\"https:\/\/www.boxrepsol.com\/es\/rally\/isidre-esteve-llega-la-ultima-etapa-cerca-del-top-20\/\" \/>\n<meta property=\"og:locale\" content=\"es_ES\" \/>\n<meta property=\"og:type\" content=\"article\" \/>\n<meta property=\"og:title\" content=\"Dakar 2019 Etapa 9 - Isidre Esteve llega a la \u00faltima etapa cerca del top 20\" \/>\n<meta property=\"og:description\" content=\"El piloto del Repsol Rally Team completa la jornada en 24\u00ba lugar, retrasado en la parte final de la especial al tratar de alcanzar un way point.\" \/>\n<meta property=\"og:url\" content=\"https:\/\/www.boxrepsol.com\/es\/rally\/isidre-esteve-llega-la-ultima-etapa-cerca-del-top-20\/\" \/>\n<meta property=\"og:site_name\" content=\"Box Repsol\" \/>\n<meta property=\"article:publisher\" content=\"https:\/\/www.facebook.com\/BoxRepsol\" \/>\n<meta property=\"article:author\" content=\"https:\/\/www.facebook.com\/BoxRepsol\/\" \/>\n<meta property=\"article:published_time\" content=\"2019-01-17T02:00:00+00:00\" \/>\n<meta property=\"article:modified_time\" content=\"2024-05-22T09:40:24+00:00\" \/>\n<meta property=\"og:image\" content=\"https:\/\/bxrepsol.s3.eu-west-1.amazonaws.com\/static\/2022\/08\/29084312\/01_isidre_esteve_dakar_2019_repsol_rally_team_rocas_etapa_9-1.jpg\" \/>\n\t<meta property=\"og:image:width\" content=\"1280\" \/>\n\t<meta property=\"og:image:height\" content=\"600\" \/>\n\t<meta property=\"og:image:type\" content=\"image\/jpeg\" \/>\n<meta name=\"author\" content=\"Redacci\u00f3n Box Repsol\" \/>\n<meta name=\"twitter:card\" content=\"summary_large_image\" \/>\n<meta name=\"twitter:creator\" content=\"@https:\/\/twitter.com\/box_repsol\" \/>\n<meta name=\"twitter:site\" content=\"@box_repsol\" \/>\n<meta name=\"twitter:label1\" content=\"Written by\" \/>\n\t<meta name=\"twitter:data1\" content=\"Redacci\u00f3n Box Repsol\" \/>\n\t<meta name=\"twitter:label2\" content=\"Est. reading time\" \/>\n\t<meta name=\"twitter:data2\" content=\"3 minutos\" \/>\n<script type=\"application\/ld+json\" class=\"yoast-schema-graph\">{\"@context\":\"https:\\\/\\\/schema.org\",\"@graph\":[{\"@type\":\"Article\",\"@id\":\"https:\\\/\\\/www.boxrepsol.com\\\/es\\\/rally\\\/isidre-esteve-llega-la-ultima-etapa-cerca-del-top-20\\\/#article\",\"isPartOf\":{\"@id\":\"https:\\\/\\\/www.boxrepsol.com\\\/es\\\/rally\\\/isidre-esteve-llega-la-ultima-etapa-cerca-del-top-20\\\/\"},\"author\":{\"name\":\"Redacci\u00f3n Box Repsol\",\"@id\":\"https:\\\/\\\/www.boxrepsol.com\\\/es\\\/#\\\/schema\\\/person\\\/c5c2138f2cca251b0ad92b7086bb60b7\"},\"headline\":\"Isidre Esteve llega a la \u00faltima etapa cerca del top 20\",\"datePublished\":\"2019-01-17T02:00:00+00:00\",\"dateModified\":\"2024-05-22T09:40:24+00:00\",\"mainEntityOfPage\":{\"@id\":\"https:\\\/\\\/www.boxrepsol.com\\\/es\\\/rally\\\/isidre-esteve-llega-la-ultima-etapa-cerca-del-top-20\\\/\"},\"wordCount\":554,\"commentCount\":0,\"publisher\":{\"@id\":\"https:\\\/\\\/www.boxrepsol.com\\\/es\\\/#organization\"},\"image\":{\"@id\":\"https:\\\/\\\/www.boxrepsol.com\\\/es\\\/rally\\\/isidre-esteve-llega-la-ultima-etapa-cerca-del-top-20\\\/#primaryimage\"},\"thumbnailUrl\":\"https:\\\/\\\/bxrepsol.s3.eu-west-1.amazonaws.com\\\/static\\\/2022\\\/08\\\/29084312\\\/01_isidre_esteve_dakar_2019_repsol_rally_team_rocas_etapa_9-1.jpg\",\"keywords\":[\"Repsol Rally Team\"],\"articleSection\":[\"Rally\"],\"inLanguage\":\"es\",\"potentialAction\":[{\"@type\":\"CommentAction\",\"name\":\"Comment\",\"target\":[\"https:\\\/\\\/www.boxrepsol.com\\\/es\\\/rally\\\/isidre-esteve-llega-la-ultima-etapa-cerca-del-top-20\\\/#respond\"]}]},{\"@type\":\"WebPage\",\"@id\":\"https:\\\/\\\/www.boxrepsol.com\\\/es\\\/rally\\\/isidre-esteve-llega-la-ultima-etapa-cerca-del-top-20\\\/\",\"url\":\"https:\\\/\\\/www.boxrepsol.com\\\/es\\\/rally\\\/isidre-esteve-llega-la-ultima-etapa-cerca-del-top-20\\\/\",\"name\":\"Dakar 2019 Etapa 9 - Isidre Esteve llega a la \u00faltima etapa cerca del top 20\",\"isPartOf\":{\"@id\":\"https:\\\/\\\/www.boxrepsol.com\\\/es\\\/#website\"},\"primaryImageOfPage\":{\"@id\":\"https:\\\/\\\/www.boxrepsol.com\\\/es\\\/rally\\\/isidre-esteve-llega-la-ultima-etapa-cerca-del-top-20\\\/#primaryimage\"},\"image\":{\"@id\":\"https:\\\/\\\/www.boxrepsol.com\\\/es\\\/rally\\\/isidre-esteve-llega-la-ultima-etapa-cerca-del-top-20\\\/#primaryimage\"},\"thumbnailUrl\":\"https:\\\/\\\/bxrepsol.s3.eu-west-1.amazonaws.com\\\/static\\\/2022\\\/08\\\/29084312\\\/01_isidre_esteve_dakar_2019_repsol_rally_team_rocas_etapa_9-1.jpg\",\"datePublished\":\"2019-01-17T02:00:00+00:00\",\"dateModified\":\"2024-05-22T09:40:24+00:00\",\"description\":\"El piloto del Repsol Rally Team completa la jornada en 24\u00ba lugar, retrasado en la parte final de la especial al tratar de alcanzar un way point.\",\"breadcrumb\":{\"@id\":\"https:\\\/\\\/www.boxrepsol.com\\\/es\\\/rally\\\/isidre-esteve-llega-la-ultima-etapa-cerca-del-top-20\\\/#breadcrumb\"},\"inLanguage\":\"es\",\"potentialAction\":[{\"@type\":\"ReadAction\",\"target\":[\"https:\\\/\\\/www.boxrepsol.com\\\/es\\\/rally\\\/isidre-esteve-llega-la-ultima-etapa-cerca-del-top-20\\\/\"]}]},{\"@type\":\"ImageObject\",\"inLanguage\":\"es\",\"@id\":\"https:\\\/\\\/www.boxrepsol.com\\\/es\\\/rally\\\/isidre-esteve-llega-la-ultima-etapa-cerca-del-top-20\\\/#primaryimage\",\"url\":\"https:\\\/\\\/bxrepsol.s3.eu-west-1.amazonaws.com\\\/static\\\/2022\\\/08\\\/29084312\\\/01_isidre_esteve_dakar_2019_repsol_rally_team_rocas_etapa_9-1.jpg\",\"contentUrl\":\"https:\\\/\\\/bxrepsol.s3.eu-west-1.amazonaws.com\\\/static\\\/2022\\\/08\\\/29084312\\\/01_isidre_esteve_dakar_2019_repsol_rally_team_rocas_etapa_9-1.jpg\",\"width\":1280,\"height\":600,\"caption\":\"Isidre esteve en rally con rocas\"},{\"@type\":\"BreadcrumbList\",\"@id\":\"https:\\\/\\\/www.boxrepsol.com\\\/es\\\/rally\\\/isidre-esteve-llega-la-ultima-etapa-cerca-del-top-20\\\/#breadcrumb\",\"itemListElement\":[{\"@type\":\"ListItem\",\"position\":1,\"name\":\"Home\",\"item\":\"https:\\\/\\\/www.boxrepsol.com\\\/es\\\/\"},{\"@type\":\"ListItem\",\"position\":2,\"name\":\"Isidre Esteve llega a la \u00faltima etapa cerca del top 20\"}]},{\"@type\":\"WebSite\",\"@id\":\"https:\\\/\\\/www.boxrepsol.com\\\/es\\\/#website\",\"url\":\"https:\\\/\\\/www.boxrepsol.com\\\/es\\\/\",\"name\":\"Box Repsol\",\"description\":\"Box Repsol Site\",\"publisher\":{\"@id\":\"https:\\\/\\\/www.boxrepsol.com\\\/es\\\/#organization\"},\"potentialAction\":[{\"@type\":\"SearchAction\",\"target\":{\"@type\":\"EntryPoint\",\"urlTemplate\":\"https:\\\/\\\/www.boxrepsol.com\\\/es\\\/?s={search_term_string}\"},\"query-input\":{\"@type\":\"PropertyValueSpecification\",\"valueRequired\":true,\"valueName\":\"search_term_string\"}}],\"inLanguage\":\"es\"},{\"@type\":\"Organization\",\"@id\":\"https:\\\/\\\/www.boxrepsol.com\\\/es\\\/#organization\",\"name\":\"Box Repsol\",\"url\":\"https:\\\/\\\/www.boxrepsol.com\\\/es\\\/\",\"logo\":{\"@type\":\"ImageObject\",\"inLanguage\":\"es\",\"@id\":\"https:\\\/\\\/www.boxrepsol.com\\\/es\\\/#\\\/schema\\\/logo\\\/image\\\/\",\"url\":\"https:\\\/\\\/bxrepsol.s3.eu-west-1.amazonaws.com\\\/static\\\/2025\\\/07\\\/30083337\\\/favicon-96x96-1.png\",\"contentUrl\":\"https:\\\/\\\/bxrepsol.s3.eu-west-1.amazonaws.com\\\/static\\\/2025\\\/07\\\/30083337\\\/favicon-96x96-1.png\",\"width\":96,\"height\":96,\"caption\":\"Box Repsol\"},\"image\":{\"@id\":\"https:\\\/\\\/www.boxrepsol.com\\\/es\\\/#\\\/schema\\\/logo\\\/image\\\/\"},\"sameAs\":[\"https:\\\/\\\/www.facebook.com\\\/BoxRepsol\",\"https:\\\/\\\/x.com\\\/box_repsol\",\"http:\\\/\\\/instagram.com\\\/box_repsol\",\"https:\\\/\\\/www.youtube.com\\\/user\\\/RepsolCompeticion\",\"https:\\\/\\\/www.flickr.com\\\/photos\\\/box_repsol\\\/\"]},{\"@type\":\"Person\",\"@id\":\"https:\\\/\\\/www.boxrepsol.com\\\/es\\\/#\\\/schema\\\/person\\\/c5c2138f2cca251b0ad92b7086bb60b7\",\"name\":\"Redacci\u00f3n Box Repsol\",\"image\":{\"@type\":\"ImageObject\",\"inLanguage\":\"es\",\"@id\":\"https:\\\/\\\/secure.gravatar.com\\\/avatar\\\/adf7b77e38b4419baf32c7e9c21dde01f4e40df611f0978e3006fc4ba0aaab7e?s=96&d=mm&r=g\",\"url\":\"https:\\\/\\\/secure.gravatar.com\\\/avatar\\\/adf7b77e38b4419baf32c7e9c21dde01f4e40df611f0978e3006fc4ba0aaab7e?s=96&d=mm&r=g\",\"contentUrl\":\"https:\\\/\\\/secure.gravatar.com\\\/avatar\\\/adf7b77e38b4419baf32c7e9c21dde01f4e40df611f0978e3006fc4ba0aaab7e?s=96&d=mm&r=g\",\"caption\":\"Redacci\u00f3n Box Repsol\"},\"description\":\"Box Repsol lo forma un equipo de periodistas, community managers, dise\u00f1adores y fot\u00f3grafos con m\u00e1s de 20 a\u00f1os de experiencia en el mundo del motorsport. Hemos vivido el primer mundial de un espa\u00f1ol en la categor\u00eda reina de motociclismo con \u00c1lex Crivill\u00e9, estuvimos en las victorias de Pedrosa y los t\u00edtulos de M\u00e1rquez, acompa\u00f1amos en \u00c1frica a Nani Roma y Marc Coma en sus conquistas del Dakar y hemos vibrado con los t\u00edtulos de Toni Bou en Trial. Adem\u00e1s, en nuestro equipo contamos con expertos en el mundo de las dos y cuatro ruedas tanto de la calle y las carreteras, como de los circuitos. Periodistas que han trabajado en revistas y publicaciones para hacerte llegar desde rutas y consejos de mantenimiento, a curiosidades y trucos de pilotaje.\",\"sameAs\":[\"https:\\\/\\\/www.facebook.com\\\/BoxRepsol\\\/\",\"https:\\\/\\\/www.instagram.com\\\/box_repsol\\\/\",\"https:\\\/\\\/x.com\\\/https:\\\/\\\/twitter.com\\\/box_repsol\",\"https:\\\/\\\/www.youtube.com\\\/@Boxrepsol\"],\"url\":\"https:\\\/\\\/www.boxrepsol.com\\\/es\\\/author\\\/redaccion-box-repsol\\\/\"}]}<\/script>\n<!-- \/ Yoast SEO plugin. -->","yoast_head_json":{"title":"Dakar 2019 Etapa 9 - Isidre Esteve llega a la \u00faltima etapa cerca del top 20","description":"El piloto del Repsol Rally Team completa la jornada en 24\u00ba lugar, retrasado en la parte final de la especial al tratar de alcanzar un way point.","canonical":"https:\/\/www.boxrepsol.com\/es\/rally\/isidre-esteve-llega-la-ultima-etapa-cerca-del-top-20\/","og_locale":"es_ES","og_type":"article","og_title":"Dakar 2019 Etapa 9 - Isidre Esteve llega a la \u00faltima etapa cerca del top 20","og_description":"El piloto del Repsol Rally Team completa la jornada en 24\u00ba lugar, retrasado en la parte final de la especial al tratar de alcanzar un way point.","og_url":"https:\/\/www.boxrepsol.com\/es\/rally\/isidre-esteve-llega-la-ultima-etapa-cerca-del-top-20\/","og_site_name":"Box Repsol","article_publisher":"https:\/\/www.facebook.com\/BoxRepsol","article_author":"https:\/\/www.facebook.com\/BoxRepsol\/","article_published_time":"2019-01-17T02:00:00+00:00","article_modified_time":"2024-05-22T09:40:24+00:00","og_image":[{"width":1280,"height":600,"url":"https:\/\/bxrepsol.s3.eu-west-1.amazonaws.com\/static\/2022\/08\/29084312\/01_isidre_esteve_dakar_2019_repsol_rally_team_rocas_etapa_9-1.jpg","type":"image\/jpeg"}],"author":"Redacci\u00f3n Box Repsol","twitter_card":"summary_large_image","twitter_creator":"@https:\/\/twitter.com\/box_repsol","twitter_site":"@box_repsol","twitter_misc":{"Written by":"Redacci\u00f3n Box Repsol","Est. reading time":"3 minutos"},"schema":{"@context":"https:\/\/schema.org","@graph":[{"@type":"Article","@id":"https:\/\/www.boxrepsol.com\/es\/rally\/isidre-esteve-llega-la-ultima-etapa-cerca-del-top-20\/#article","isPartOf":{"@id":"https:\/\/www.boxrepsol.com\/es\/rally\/isidre-esteve-llega-la-ultima-etapa-cerca-del-top-20\/"},"author":{"name":"Redacci\u00f3n Box Repsol","@id":"https:\/\/www.boxrepsol.com\/es\/#\/schema\/person\/c5c2138f2cca251b0ad92b7086bb60b7"},"headline":"Isidre Esteve llega a la \u00faltima etapa cerca del top 20","datePublished":"2019-01-17T02:00:00+00:00","dateModified":"2024-05-22T09:40:24+00:00","mainEntityOfPage":{"@id":"https:\/\/www.boxrepsol.com\/es\/rally\/isidre-esteve-llega-la-ultima-etapa-cerca-del-top-20\/"},"wordCount":554,"commentCount":0,"publisher":{"@id":"https:\/\/www.boxrepsol.com\/es\/#organization"},"image":{"@id":"https:\/\/www.boxrepsol.com\/es\/rally\/isidre-esteve-llega-la-ultima-etapa-cerca-del-top-20\/#primaryimage"},"thumbnailUrl":"https:\/\/bxrepsol.s3.eu-west-1.amazonaws.com\/static\/2022\/08\/29084312\/01_isidre_esteve_dakar_2019_repsol_rally_team_rocas_etapa_9-1.jpg","keywords":["Repsol Rally Team"],"articleSection":["Rally"],"inLanguage":"es","potentialAction":[{"@type":"CommentAction","name":"Comment","target":["https:\/\/www.boxrepsol.com\/es\/rally\/isidre-esteve-llega-la-ultima-etapa-cerca-del-top-20\/#respond"]}]},{"@type":"WebPage","@id":"https:\/\/www.boxrepsol.com\/es\/rally\/isidre-esteve-llega-la-ultima-etapa-cerca-del-top-20\/","url":"https:\/\/www.boxrepsol.com\/es\/rally\/isidre-esteve-llega-la-ultima-etapa-cerca-del-top-20\/","name":"Dakar 2019 Etapa 9 - Isidre Esteve llega a la \u00faltima etapa cerca del top 20","isPartOf":{"@id":"https:\/\/www.boxrepsol.com\/es\/#website"},"primaryImageOfPage":{"@id":"https:\/\/www.boxrepsol.com\/es\/rally\/isidre-esteve-llega-la-ultima-etapa-cerca-del-top-20\/#primaryimage"},"image":{"@id":"https:\/\/www.boxrepsol.com\/es\/rally\/isidre-esteve-llega-la-ultima-etapa-cerca-del-top-20\/#primaryimage"},"thumbnailUrl":"https:\/\/bxrepsol.s3.eu-west-1.amazonaws.com\/static\/2022\/08\/29084312\/01_isidre_esteve_dakar_2019_repsol_rally_team_rocas_etapa_9-1.jpg","datePublished":"2019-01-17T02:00:00+00:00","dateModified":"2024-05-22T09:40:24+00:00","description":"El piloto del Repsol Rally Team completa la jornada en 24\u00ba lugar, retrasado en la parte final de la especial al tratar de alcanzar un way point.","breadcrumb":{"@id":"https:\/\/www.boxrepsol.com\/es\/rally\/isidre-esteve-llega-la-ultima-etapa-cerca-del-top-20\/#breadcrumb"},"inLanguage":"es","potentialAction":[{"@type":"ReadAction","target":["https:\/\/www.boxrepsol.com\/es\/rally\/isidre-esteve-llega-la-ultima-etapa-cerca-del-top-20\/"]}]},{"@type":"ImageObject","inLanguage":"es","@id":"https:\/\/www.boxrepsol.com\/es\/rally\/isidre-esteve-llega-la-ultima-etapa-cerca-del-top-20\/#primaryimage","url":"https:\/\/bxrepsol.s3.eu-west-1.amazonaws.com\/static\/2022\/08\/29084312\/01_isidre_esteve_dakar_2019_repsol_rally_team_rocas_etapa_9-1.jpg","contentUrl":"https:\/\/bxrepsol.s3.eu-west-1.amazonaws.com\/static\/2022\/08\/29084312\/01_isidre_esteve_dakar_2019_repsol_rally_team_rocas_etapa_9-1.jpg","width":1280,"height":600,"caption":"Isidre esteve en rally con rocas"},{"@type":"BreadcrumbList","@id":"https:\/\/www.boxrepsol.com\/es\/rally\/isidre-esteve-llega-la-ultima-etapa-cerca-del-top-20\/#breadcrumb","itemListElement":[{"@type":"ListItem","position":1,"name":"Home","item":"https:\/\/www.boxrepsol.com\/es\/"},{"@type":"ListItem","position":2,"name":"Isidre Esteve llega a la \u00faltima etapa cerca del top 20"}]},{"@type":"WebSite","@id":"https:\/\/www.boxrepsol.com\/es\/#website","url":"https:\/\/www.boxrepsol.com\/es\/","name":"Box Repsol","description":"Box Repsol Site","publisher":{"@id":"https:\/\/www.boxrepsol.com\/es\/#organization"},"potentialAction":[{"@type":"SearchAction","target":{"@type":"EntryPoint","urlTemplate":"https:\/\/www.boxrepsol.com\/es\/?s={search_term_string}"},"query-input":{"@type":"PropertyValueSpecification","valueRequired":true,"valueName":"search_term_string"}}],"inLanguage":"es"},{"@type":"Organization","@id":"https:\/\/www.boxrepsol.com\/es\/#organization","name":"Box Repsol","url":"https:\/\/www.boxrepsol.com\/es\/","logo":{"@type":"ImageObject","inLanguage":"es","@id":"https:\/\/www.boxrepsol.com\/es\/#\/schema\/logo\/image\/","url":"https:\/\/bxrepsol.s3.eu-west-1.amazonaws.com\/static\/2025\/07\/30083337\/favicon-96x96-1.png","contentUrl":"https:\/\/bxrepsol.s3.eu-west-1.amazonaws.com\/static\/2025\/07\/30083337\/favicon-96x96-1.png","width":96,"height":96,"caption":"Box Repsol"},"image":{"@id":"https:\/\/www.boxrepsol.com\/es\/#\/schema\/logo\/image\/"},"sameAs":["https:\/\/www.facebook.com\/BoxRepsol","https:\/\/x.com\/box_repsol","http:\/\/instagram.com\/box_repsol","https:\/\/www.youtube.com\/user\/RepsolCompeticion","https:\/\/www.flickr.com\/photos\/box_repsol\/"]},{"@type":"Person","@id":"https:\/\/www.boxrepsol.com\/es\/#\/schema\/person\/c5c2138f2cca251b0ad92b7086bb60b7","name":"Redacci\u00f3n Box Repsol","image":{"@type":"ImageObject","inLanguage":"es","@id":"https:\/\/secure.gravatar.com\/avatar\/adf7b77e38b4419baf32c7e9c21dde01f4e40df611f0978e3006fc4ba0aaab7e?s=96&d=mm&r=g","url":"https:\/\/secure.gravatar.com\/avatar\/adf7b77e38b4419baf32c7e9c21dde01f4e40df611f0978e3006fc4ba0aaab7e?s=96&d=mm&r=g","contentUrl":"https:\/\/secure.gravatar.com\/avatar\/adf7b77e38b4419baf32c7e9c21dde01f4e40df611f0978e3006fc4ba0aaab7e?s=96&d=mm&r=g","caption":"Redacci\u00f3n Box Repsol"},"description":"Box Repsol lo forma un equipo de periodistas, community managers, dise\u00f1adores y fot\u00f3grafos con m\u00e1s de 20 a\u00f1os de experiencia en el mundo del motorsport. Hemos vivido el primer mundial de un espa\u00f1ol en la categor\u00eda reina de motociclismo con \u00c1lex Crivill\u00e9, estuvimos en las victorias de Pedrosa y los t\u00edtulos de M\u00e1rquez, acompa\u00f1amos en \u00c1frica a Nani Roma y Marc Coma en sus conquistas del Dakar y hemos vibrado con los t\u00edtulos de Toni Bou en Trial. Adem\u00e1s, en nuestro equipo contamos con expertos en el mundo de las dos y cuatro ruedas tanto de la calle y las carreteras, como de los circuitos. Periodistas que han trabajado en revistas y publicaciones para hacerte llegar desde rutas y consejos de mantenimiento, a curiosidades y trucos de pilotaje.","sameAs":["https:\/\/www.facebook.com\/BoxRepsol\/","https:\/\/www.instagram.com\/box_repsol\/","https:\/\/x.com\/https:\/\/twitter.com\/box_repsol","https:\/\/www.youtube.com\/@Boxrepsol"],"url":"https:\/\/www.boxrepsol.com\/es\/author\/redaccion-box-repsol\/"}]}},"_links":{"self":[{"href":"https:\/\/www.boxrepsol.com\/es\/wp-json\/wp\/v2\/posts\/93685","targetHints":{"allow":["GET"]}}],"collection":[{"href":"https:\/\/www.boxrepsol.com\/es\/wp-json\/wp\/v2\/posts"}],"about":[{"href":"https:\/\/www.boxrepsol.com\/es\/wp-json\/wp\/v2\/types\/post"}],"author":[{"embeddable":true,"href":"https:\/\/www.boxrepsol.com\/es\/wp-json\/wp\/v2\/users\/43146"}],"replies":[{"embeddable":true,"href":"https:\/\/www.boxrepsol.com\/es\/wp-json\/wp\/v2\/comments?post=93685"}],"version-history":[{"count":1,"href":"https:\/\/www.boxrepsol.com\/es\/wp-json\/wp\/v2\/posts\/93685\/revisions"}],"predecessor-version":[{"id":93686,"href":"https:\/\/www.boxrepsol.com\/es\/wp-json\/wp\/v2\/posts\/93685\/revisions\/93686"}],"wp:featuredmedia":[{"embeddable":true,"href":"https:\/\/www.boxrepsol.com\/es\/wp-json\/wp\/v2\/media\/60790"}],"wp:attachment":[{"href":"https:\/\/www.boxrepsol.com\/es\/wp-json\/wp\/v2\/media?parent=93685"}],"wp:term":[{"taxonomy":"category","embeddable":true,"href":"https:\/\/www.boxrepsol.com\/es\/wp-json\/wp\/v2\/categories?post=93685"},{"taxonomy":"post_tag","embeddable":true,"href":"https:\/\/www.boxrepsol.com\/es\/wp-json\/wp\/v2\/tags?post=93685"}],"curies":[{"name":"wp","href":"https:\/\/api.w.org\/{rel}","templated":true}]}}