{"id":93683,"date":"2019-01-16T00:00:00","date_gmt":"2019-01-16T02:00:00","guid":{"rendered":"http:\/\/pre.boxrepsol.com\/sin-categorizar\/primeras-imagenes-de-lorenzo-en-el-box-repsol-honda\/"},"modified":"2024-05-22T07:41:04","modified_gmt":"2024-05-22T09:41:04","slug":"primeras-imagenes-de-lorenzo-en-el-box-repsol-honda","status":"publish","type":"post","link":"https:\/\/www.boxrepsol.com\/es\/motogp\/primeras-imagenes-de-lorenzo-en-el-box-repsol-honda\/","title":{"rendered":"Primeras im\u00e1genes de Lorenzo en el box Repsol Honda"},"content":{"rendered":"<p>&nbsp;<\/p>\n<figure>1<\/p>\n<picture style=\"padding-bottom: 56.198347107438%; background-image: url('https:\/\/bxrepsol.s3.eu-west-1.amazonaws.com\/static\/2022\/08\/05063518\/Jorge_lorenzo_marc_marquez_motogp_repsol_honda_box.jpg');\"> <img decoding=\"async\" src=\"https:\/\/bxrepsol.s3.eu-west-1.amazonaws.com\/static\/2022\/08\/05063518\/Jorge_lorenzo_marc_marquez_motogp_repsol_honda_box.jpg\" \/><\/picture>\n<picture style=\"padding-bottom: 56.198347107438%; background-image: url('https:\/\/bxrepsol.s3.eu-west-1.amazonaws.com\/static\/2022\/08\/05063518\/Jorge_lorenzo_marc_marquez_motogp_repsol_honda_box.jpg');\"><img title=\"Jorge Lorenzo en el box con Marc m\u00e1rquez durante el test de Valencia\" alt=\"Lorenzo y Marc M\u00e1rquez en el box\" data-srcset=\"https:\/\/bxrepsol.s3.eu-west-1.amazonaws.com\/static\/2022\/08\/05063518\/Jorge_lorenzo_marc_marquez_motogp_repsol_honda_box.jpg 480w, https:\/\/bxrepsol.s3.eu-west-1.amazonaws.com\/static\/2022\/08\/05063518\/Jorge_lorenzo_marc_marquez_motogp_repsol_honda_box.jpg 600w, https:\/\/bxrepsol.s3.eu-west-1.amazonaws.com\/static\/2022\/08\/05063518\/Jorge_lorenzo_marc_marquez_motogp_repsol_honda_box.jpg 900w, https:\/\/bxrepsol.s3.eu-west-1.amazonaws.com\/static\/2022\/08\/05063518\/Jorge_lorenzo_marc_marquez_motogp_repsol_honda_box.jpg 1280w\" data-src=\"https:\/\/bxrepsol.s3.eu-west-1.amazonaws.com\/static\/2022\/08\/05063518\/Jorge_lorenzo_marc_marquez_motogp_repsol_honda_box.jpg\" \/><\/picture>\n<noscript><img decoding=\"async\" src=\"https:\/\/bxrepsol.s3.eu-west-1.amazonaws.com\/static\/2022\/08\/05063518\/Jorge_lorenzo_marc_marquez_motogp_repsol_honda_box.jpg\" alt=\"Lorenzo y Marc M\u00e1rquez en el box\"><\/noscript><figcaption>Lorenzo y Marc M\u00e1rquez en el box<\/figcaption><\/figure>\n<p>&nbsp;<\/p>\n<figure>2<\/p>\n<picture style=\"padding-bottom: 56.253428414701%; background-image: url('https:\/\/bxrepsol.s3.eu-west-1.amazonaws.com\/static\/2022\/08\/05063519\/jorge_lorenzo_estrategia_box.jpg');\"> <img decoding=\"async\" src=\"https:\/\/bxrepsol.s3.eu-west-1.amazonaws.com\/static\/2022\/08\/05063519\/jorge_lorenzo_estrategia_box.jpg\" \/><\/picture>\n<picture style=\"padding-bottom: 56.253428414701%; background-image: url('https:\/\/bxrepsol.s3.eu-west-1.amazonaws.com\/static\/2022\/08\/05063519\/jorge_lorenzo_estrategia_box.jpg');\"><img title=\"Jorge Lorenzo en el box revisando la estrategia con el equipo durante test\" alt=\"Jorge Lorenzo con Repsol Honda\" data-srcset=\"https:\/\/bxrepsol.s3.eu-west-1.amazonaws.com\/static\/2022\/08\/05063519\/jorge_lorenzo_estrategia_box.jpg 480w, https:\/\/bxrepsol.s3.eu-west-1.amazonaws.com\/static\/2022\/08\/05063519\/jorge_lorenzo_estrategia_box.jpg 600w, https:\/\/bxrepsol.s3.eu-west-1.amazonaws.com\/static\/2022\/08\/05063519\/jorge_lorenzo_estrategia_box.jpg 900w, https:\/\/bxrepsol.s3.eu-west-1.amazonaws.com\/static\/2022\/08\/05063519\/jorge_lorenzo_estrategia_box.jpg 1280w\" data-src=\"https:\/\/bxrepsol.s3.eu-west-1.amazonaws.com\/static\/2022\/08\/05063519\/jorge_lorenzo_estrategia_box.jpg\" \/><\/picture>\n<noscript><img decoding=\"async\" src=\"https:\/\/bxrepsol.s3.eu-west-1.amazonaws.com\/static\/2022\/08\/05063519\/jorge_lorenzo_estrategia_box.jpg\" alt=\"Jorge Lorenzo con Repsol Honda\"><\/noscript><figcaption>Jorge Lorenzo con Repsol Honda<\/figcaption><\/figure>\n<p>&nbsp;<\/p>\n<figure>3<\/p>\n<picture style=\"padding-bottom: 56.256062075655%; background-image: url('https:\/\/bxrepsol.s3.eu-west-1.amazonaws.com\/static\/2022\/08\/05063520\/joge_lorenzo_piloto_repsol_honda.jpg');\"> <img decoding=\"async\" src=\"https:\/\/bxrepsol.s3.eu-west-1.amazonaws.com\/static\/2022\/08\/05063520\/joge_lorenzo_piloto_repsol_honda.jpg\" \/><\/picture>\n<picture style=\"padding-bottom: 56.256062075655%; background-image: url('https:\/\/bxrepsol.s3.eu-west-1.amazonaws.com\/static\/2022\/08\/05063520\/joge_lorenzo_piloto_repsol_honda.jpg');\"><img title=\"Jorge Lorenzo poniendose el casco en el test de Valencia 2018\" alt=\"Jorge Lorenzo poniendose el casco\" data-srcset=\"https:\/\/bxrepsol.s3.eu-west-1.amazonaws.com\/static\/2022\/08\/05063520\/joge_lorenzo_piloto_repsol_honda.jpg 480w, https:\/\/bxrepsol.s3.eu-west-1.amazonaws.com\/static\/2022\/08\/05063520\/joge_lorenzo_piloto_repsol_honda.jpg 600w, https:\/\/bxrepsol.s3.eu-west-1.amazonaws.com\/static\/2022\/08\/05063520\/joge_lorenzo_piloto_repsol_honda.jpg 900w, https:\/\/bxrepsol.s3.eu-west-1.amazonaws.com\/static\/2022\/08\/05063520\/joge_lorenzo_piloto_repsol_honda.jpg 1280w\" data-src=\"https:\/\/bxrepsol.s3.eu-west-1.amazonaws.com\/static\/2022\/08\/05063520\/joge_lorenzo_piloto_repsol_honda.jpg\" \/><\/picture>\n<noscript><img decoding=\"async\" src=\"https:\/\/bxrepsol.s3.eu-west-1.amazonaws.com\/static\/2022\/08\/05063520\/joge_lorenzo_piloto_repsol_honda.jpg\" alt=\"Jorge Lorenzo poniendose el casco\"><\/noscript><figcaption>Jorge Lorenzo poniendose el casco<\/figcaption><\/figure>\n<p>&nbsp;<\/p>\n<figure>4<\/p>\n<picture style=\"padding-bottom: 66.666666666667%; background-image: url('https:\/\/bxrepsol.s3.eu-west-1.amazonaws.com\/static\/2022\/08\/05063522\/jorge_lorenzo_ramon_aurin_box_repsol_honda.jpg');\"> <img decoding=\"async\" src=\"https:\/\/bxrepsol.s3.eu-west-1.amazonaws.com\/static\/2022\/08\/05063522\/jorge_lorenzo_ramon_aurin_box_repsol_honda.jpg\" \/><\/picture>\n<picture style=\"padding-bottom: 66.666666666667%; background-image: url('https:\/\/bxrepsol.s3.eu-west-1.amazonaws.com\/static\/2022\/08\/05063522\/jorge_lorenzo_ramon_aurin_box_repsol_honda.jpg');\"><img title=\"Jorge Lorenzo y Ram\u00f3n Aur\u00edn\" alt=\"Jorge Lorenzo y Ram\u00f3n Aur\u00edn\" data-srcset=\"https:\/\/bxrepsol.s3.eu-west-1.amazonaws.com\/static\/2022\/08\/05063522\/jorge_lorenzo_ramon_aurin_box_repsol_honda.jpg 480w, https:\/\/bxrepsol.s3.eu-west-1.amazonaws.com\/static\/2022\/08\/05063522\/jorge_lorenzo_ramon_aurin_box_repsol_honda.jpg 600w, https:\/\/bxrepsol.s3.eu-west-1.amazonaws.com\/static\/2022\/08\/05063522\/jorge_lorenzo_ramon_aurin_box_repsol_honda.jpg 900w, https:\/\/bxrepsol.s3.eu-west-1.amazonaws.com\/static\/2022\/08\/05063522\/jorge_lorenzo_ramon_aurin_box_repsol_honda.jpg 1280w\" data-src=\"https:\/\/bxrepsol.s3.eu-west-1.amazonaws.com\/static\/2022\/08\/05063522\/jorge_lorenzo_ramon_aurin_box_repsol_honda.jpg\" \/><\/picture>\n<noscript><img decoding=\"async\" src=\"https:\/\/bxrepsol.s3.eu-west-1.amazonaws.com\/static\/2022\/08\/05063522\/jorge_lorenzo_ramon_aurin_box_repsol_honda.jpg\" alt=\"Jorge Lorenzo y Ram\u00f3n Aur\u00edn\"><\/noscript><figcaption>Jorge Lorenzo y Ram\u00f3n Aur\u00edn<\/figcaption><\/figure>\n<p>&nbsp;<\/p>\n<figure>5<\/p>\n<picture style=\"padding-bottom: 66.666666666667%; background-image: url('https:\/\/bxrepsol.s3.eu-west-1.amazonaws.com\/static\/2022\/08\/05063524\/jorge_lorenzo_motogp_repsol_honda.jpg');\"> <img decoding=\"async\" src=\"https:\/\/bxrepsol.s3.eu-west-1.amazonaws.com\/static\/2022\/08\/05063524\/jorge_lorenzo_motogp_repsol_honda.jpg\" \/><\/picture>\n<picture style=\"padding-bottom: 66.666666666667%; background-image: url('https:\/\/bxrepsol.s3.eu-west-1.amazonaws.com\/static\/2022\/08\/05063524\/jorge_lorenzo_motogp_repsol_honda.jpg');\"><img title=\"Jorge Lorenzo paseando frente a cami\u00f3n Repsol Honda\" alt=\"Jorge Lorenzo paseando frente a cami\u00f3n Repsol Honda\" data-srcset=\"https:\/\/bxrepsol.s3.eu-west-1.amazonaws.com\/static\/2022\/08\/05063524\/jorge_lorenzo_motogp_repsol_honda.jpg 480w, https:\/\/bxrepsol.s3.eu-west-1.amazonaws.com\/static\/2022\/08\/05063524\/jorge_lorenzo_motogp_repsol_honda.jpg 600w, https:\/\/bxrepsol.s3.eu-west-1.amazonaws.com\/static\/2022\/08\/05063524\/jorge_lorenzo_motogp_repsol_honda.jpg 900w, https:\/\/bxrepsol.s3.eu-west-1.amazonaws.com\/static\/2022\/08\/05063524\/jorge_lorenzo_motogp_repsol_honda.jpg 1280w\" data-src=\"https:\/\/bxrepsol.s3.eu-west-1.amazonaws.com\/static\/2022\/08\/05063524\/jorge_lorenzo_motogp_repsol_honda.jpg\" \/><\/picture>\n<noscript><img decoding=\"async\" src=\"https:\/\/bxrepsol.s3.eu-west-1.amazonaws.com\/static\/2022\/08\/05063524\/jorge_lorenzo_motogp_repsol_honda.jpg\" alt=\"Jorge Lorenzo paseando frente a cami\u00f3n Repsol Honda\"><\/noscript><figcaption>Jorge Lorenzo paseando frente a cami\u00f3n Repsol Honda<\/figcaption><\/figure>\n<p>&nbsp;<\/p>\n<figure>6<\/p>\n<picture style=\"padding-bottom: 66.666666666667%; background-image: url('https:\/\/bxrepsol.s3.eu-west-1.amazonaws.com\/static\/2022\/08\/05063526\/jorge_lorenzo_motorhome_repsol_honda_motogp-scaled.jpg');\"> <img decoding=\"async\" src=\"https:\/\/bxrepsol.s3.eu-west-1.amazonaws.com\/static\/2022\/08\/05063526\/jorge_lorenzo_motorhome_repsol_honda_motogp-scaled.jpg\" \/><\/picture>\n<picture style=\"padding-bottom: 66.666666666667%; background-image: url('https:\/\/bxrepsol.s3.eu-west-1.amazonaws.com\/static\/2022\/08\/05063526\/jorge_lorenzo_motorhome_repsol_honda_motogp-scaled.jpg');\"><img title=\"Jorge Lorenzo saliendo del motorhome Repsol Honda\" alt=\"Jorge Lorenzo saliendo del motorhome Repsol Honda\" data-srcset=\"https:\/\/bxrepsol.s3.eu-west-1.amazonaws.com\/static\/2022\/08\/05063526\/jorge_lorenzo_motorhome_repsol_honda_motogp-scaled.jpg 480w, https:\/\/bxrepsol.s3.eu-west-1.amazonaws.com\/static\/2022\/08\/05063526\/jorge_lorenzo_motorhome_repsol_honda_motogp-scaled.jpg 600w, https:\/\/bxrepsol.s3.eu-west-1.amazonaws.com\/static\/2022\/08\/05063526\/jorge_lorenzo_motorhome_repsol_honda_motogp-scaled.jpg 900w, https:\/\/bxrepsol.s3.eu-west-1.amazonaws.com\/static\/2022\/08\/05063526\/jorge_lorenzo_motorhome_repsol_honda_motogp-scaled.jpg 1280w\" data-src=\"https:\/\/bxrepsol.s3.eu-west-1.amazonaws.com\/static\/2022\/08\/05063526\/jorge_lorenzo_motorhome_repsol_honda_motogp-scaled.jpg\" \/><\/picture>\n<noscript><img decoding=\"async\" src=\"https:\/\/bxrepsol.s3.eu-west-1.amazonaws.com\/static\/2022\/08\/05063526\/jorge_lorenzo_motorhome_repsol_honda_motogp-scaled.jpg\" alt=\"Jorge Lorenzo saliendo del motorhome Repsol Honda\"><\/noscript><figcaption>Jorge Lorenzo saliendo del motorhome Repsol Honda<\/figcaption><\/figure>\n<p>&nbsp;<\/p>\n","protected":false},"excerpt":{"rendered":"<p>El primer d\u00eda de Jorge Lorenzo en el equipo Repsol Honda, en unas im\u00e1genes in\u00e9ditas en el interior del box durante los primeros entrenamientos en Valencia.<\/p>\n","protected":false},"author":43146,"featured_media":60774,"comment_status":"open","ping_status":"open","sticky":false,"template":"","format":"standard","meta":{"footnotes":""},"categories":[4],"tags":[187],"class_list":["post-93683","post","type-post","status-publish","format-standard","hentry","category-motogp","tag-jorge-lorenzo"],"yoast_head":"<!-- This site is optimized with the Yoast SEO plugin v27.3 - https:\/\/yoast.com\/product\/yoast-seo-wordpress\/ -->\n<title>Primeras im\u00e1genes de Lorenzo en el box Repsol Honda - Box Repsol<\/title>\n<meta name=\"description\" content=\"El primer d\u00eda de Jorge Lorenzo en el equipo Repsol Honda, en unas im\u00e1genes in\u00e9ditas en el interior del box durante los primeros entrenamientos en Valencia.\" \/>\n<link rel=\"canonical\" href=\"https:\/\/www.boxrepsol.com\/es\/motogp\/primeras-imagenes-de-lorenzo-en-el-box-repsol-honda\/\" \/>\n<meta property=\"og:locale\" content=\"es_ES\" \/>\n<meta property=\"og:type\" content=\"article\" \/>\n<meta property=\"og:title\" content=\"Primeras im\u00e1genes de Lorenzo en el box Repsol Honda - Box Repsol\" \/>\n<meta property=\"og:description\" content=\"El primer d\u00eda de Jorge Lorenzo en el equipo Repsol Honda, en unas im\u00e1genes in\u00e9ditas en el interior del box durante los primeros entrenamientos en Valencia.\" \/>\n<meta property=\"og:url\" content=\"https:\/\/www.boxrepsol.com\/es\/motogp\/primeras-imagenes-de-lorenzo-en-el-box-repsol-honda\/\" \/>\n<meta property=\"og:site_name\" content=\"Box Repsol\" \/>\n<meta property=\"article:publisher\" content=\"https:\/\/www.facebook.com\/BoxRepsol\" \/>\n<meta property=\"article:author\" content=\"https:\/\/www.facebook.com\/BoxRepsol\/\" \/>\n<meta property=\"article:published_time\" content=\"2019-01-16T02:00:00+00:00\" \/>\n<meta property=\"article:modified_time\" content=\"2024-05-22T09:41:04+00:00\" \/>\n<meta property=\"og:image\" content=\"https:\/\/bxrepsol.s3.eu-west-1.amazonaws.com\/static\/2022\/08\/29084252\/00_motogp_jorge_lorenzo_marc_marquez_repsol_honda_box_repsol.jpg\" \/>\n\t<meta property=\"og:image:width\" content=\"1280\" \/>\n\t<meta property=\"og:image:height\" content=\"600\" \/>\n\t<meta property=\"og:image:type\" content=\"image\/jpeg\" \/>\n<meta name=\"author\" content=\"Redacci\u00f3n Box Repsol\" \/>\n<meta name=\"twitter:card\" content=\"summary_large_image\" \/>\n<meta name=\"twitter:creator\" content=\"@https:\/\/twitter.com\/box_repsol\" \/>\n<meta name=\"twitter:site\" content=\"@box_repsol\" \/>\n<meta name=\"twitter:label1\" content=\"Written by\" \/>\n\t<meta name=\"twitter:data1\" content=\"Redacci\u00f3n Box Repsol\" \/>\n<script type=\"application\/ld+json\" class=\"yoast-schema-graph\">{\"@context\":\"https:\\\/\\\/schema.org\",\"@graph\":[{\"@type\":\"Article\",\"@id\":\"https:\\\/\\\/www.boxrepsol.com\\\/es\\\/motogp\\\/primeras-imagenes-de-lorenzo-en-el-box-repsol-honda\\\/#article\",\"isPartOf\":{\"@id\":\"https:\\\/\\\/www.boxrepsol.com\\\/es\\\/motogp\\\/primeras-imagenes-de-lorenzo-en-el-box-repsol-honda\\\/\"},\"author\":{\"name\":\"Redacci\u00f3n Box Repsol\",\"@id\":\"https:\\\/\\\/www.boxrepsol.com\\\/es\\\/#\\\/schema\\\/person\\\/c5c2138f2cca251b0ad92b7086bb60b7\"},\"headline\":\"Primeras im\u00e1genes de Lorenzo en el box Repsol Honda\",\"datePublished\":\"2019-01-16T02:00:00+00:00\",\"dateModified\":\"2024-05-22T09:41:04+00:00\",\"mainEntityOfPage\":{\"@id\":\"https:\\\/\\\/www.boxrepsol.com\\\/es\\\/motogp\\\/primeras-imagenes-de-lorenzo-en-el-box-repsol-honda\\\/\"},\"wordCount\":58,\"commentCount\":0,\"publisher\":{\"@id\":\"https:\\\/\\\/www.boxrepsol.com\\\/es\\\/#organization\"},\"image\":{\"@id\":\"https:\\\/\\\/www.boxrepsol.com\\\/es\\\/motogp\\\/primeras-imagenes-de-lorenzo-en-el-box-repsol-honda\\\/#primaryimage\"},\"thumbnailUrl\":\"https:\\\/\\\/bxrepsol.s3.eu-west-1.amazonaws.com\\\/static\\\/2022\\\/08\\\/29084252\\\/00_motogp_jorge_lorenzo_marc_marquez_repsol_honda_box_repsol.jpg\",\"keywords\":[\"Jorge Lorenzo\"],\"articleSection\":[\"MotoGP\"],\"inLanguage\":\"es\",\"potentialAction\":[{\"@type\":\"CommentAction\",\"name\":\"Comment\",\"target\":[\"https:\\\/\\\/www.boxrepsol.com\\\/es\\\/motogp\\\/primeras-imagenes-de-lorenzo-en-el-box-repsol-honda\\\/#respond\"]}]},{\"@type\":\"WebPage\",\"@id\":\"https:\\\/\\\/www.boxrepsol.com\\\/es\\\/motogp\\\/primeras-imagenes-de-lorenzo-en-el-box-repsol-honda\\\/\",\"url\":\"https:\\\/\\\/www.boxrepsol.com\\\/es\\\/motogp\\\/primeras-imagenes-de-lorenzo-en-el-box-repsol-honda\\\/\",\"name\":\"Primeras im\u00e1genes de Lorenzo en el box Repsol Honda - Box Repsol\",\"isPartOf\":{\"@id\":\"https:\\\/\\\/www.boxrepsol.com\\\/es\\\/#website\"},\"primaryImageOfPage\":{\"@id\":\"https:\\\/\\\/www.boxrepsol.com\\\/es\\\/motogp\\\/primeras-imagenes-de-lorenzo-en-el-box-repsol-honda\\\/#primaryimage\"},\"image\":{\"@id\":\"https:\\\/\\\/www.boxrepsol.com\\\/es\\\/motogp\\\/primeras-imagenes-de-lorenzo-en-el-box-repsol-honda\\\/#primaryimage\"},\"thumbnailUrl\":\"https:\\\/\\\/bxrepsol.s3.eu-west-1.amazonaws.com\\\/static\\\/2022\\\/08\\\/29084252\\\/00_motogp_jorge_lorenzo_marc_marquez_repsol_honda_box_repsol.jpg\",\"datePublished\":\"2019-01-16T02:00:00+00:00\",\"dateModified\":\"2024-05-22T09:41:04+00:00\",\"description\":\"El primer d\u00eda de Jorge Lorenzo en el equipo Repsol Honda, en unas im\u00e1genes in\u00e9ditas en el interior del box durante los primeros entrenamientos en Valencia.\",\"breadcrumb\":{\"@id\":\"https:\\\/\\\/www.boxrepsol.com\\\/es\\\/motogp\\\/primeras-imagenes-de-lorenzo-en-el-box-repsol-honda\\\/#breadcrumb\"},\"inLanguage\":\"es\",\"potentialAction\":[{\"@type\":\"ReadAction\",\"target\":[\"https:\\\/\\\/www.boxrepsol.com\\\/es\\\/motogp\\\/primeras-imagenes-de-lorenzo-en-el-box-repsol-honda\\\/\"]}]},{\"@type\":\"ImageObject\",\"inLanguage\":\"es\",\"@id\":\"https:\\\/\\\/www.boxrepsol.com\\\/es\\\/motogp\\\/primeras-imagenes-de-lorenzo-en-el-box-repsol-honda\\\/#primaryimage\",\"url\":\"https:\\\/\\\/bxrepsol.s3.eu-west-1.amazonaws.com\\\/static\\\/2022\\\/08\\\/29084252\\\/00_motogp_jorge_lorenzo_marc_marquez_repsol_honda_box_repsol.jpg\",\"contentUrl\":\"https:\\\/\\\/bxrepsol.s3.eu-west-1.amazonaws.com\\\/static\\\/2022\\\/08\\\/29084252\\\/00_motogp_jorge_lorenzo_marc_marquez_repsol_honda_box_repsol.jpg\",\"width\":1280,\"height\":600,\"caption\":\"Marc M\u00e1rquez y Jorge Lorenzo en el Box Repsol Honda\"},{\"@type\":\"BreadcrumbList\",\"@id\":\"https:\\\/\\\/www.boxrepsol.com\\\/es\\\/motogp\\\/primeras-imagenes-de-lorenzo-en-el-box-repsol-honda\\\/#breadcrumb\",\"itemListElement\":[{\"@type\":\"ListItem\",\"position\":1,\"name\":\"Home\",\"item\":\"https:\\\/\\\/www.boxrepsol.com\\\/es\\\/\"},{\"@type\":\"ListItem\",\"position\":2,\"name\":\"Primeras im\u00e1genes de Lorenzo en el box Repsol Honda\"}]},{\"@type\":\"WebSite\",\"@id\":\"https:\\\/\\\/www.boxrepsol.com\\\/es\\\/#website\",\"url\":\"https:\\\/\\\/www.boxrepsol.com\\\/es\\\/\",\"name\":\"Box Repsol\",\"description\":\"Box Repsol Site\",\"publisher\":{\"@id\":\"https:\\\/\\\/www.boxrepsol.com\\\/es\\\/#organization\"},\"potentialAction\":[{\"@type\":\"SearchAction\",\"target\":{\"@type\":\"EntryPoint\",\"urlTemplate\":\"https:\\\/\\\/www.boxrepsol.com\\\/es\\\/?s={search_term_string}\"},\"query-input\":{\"@type\":\"PropertyValueSpecification\",\"valueRequired\":true,\"valueName\":\"search_term_string\"}}],\"inLanguage\":\"es\"},{\"@type\":\"Organization\",\"@id\":\"https:\\\/\\\/www.boxrepsol.com\\\/es\\\/#organization\",\"name\":\"Box Repsol\",\"url\":\"https:\\\/\\\/www.boxrepsol.com\\\/es\\\/\",\"logo\":{\"@type\":\"ImageObject\",\"inLanguage\":\"es\",\"@id\":\"https:\\\/\\\/www.boxrepsol.com\\\/es\\\/#\\\/schema\\\/logo\\\/image\\\/\",\"url\":\"https:\\\/\\\/bxrepsol.s3.eu-west-1.amazonaws.com\\\/static\\\/2025\\\/07\\\/30083337\\\/favicon-96x96-1.png\",\"contentUrl\":\"https:\\\/\\\/bxrepsol.s3.eu-west-1.amazonaws.com\\\/static\\\/2025\\\/07\\\/30083337\\\/favicon-96x96-1.png\",\"width\":96,\"height\":96,\"caption\":\"Box Repsol\"},\"image\":{\"@id\":\"https:\\\/\\\/www.boxrepsol.com\\\/es\\\/#\\\/schema\\\/logo\\\/image\\\/\"},\"sameAs\":[\"https:\\\/\\\/www.facebook.com\\\/BoxRepsol\",\"https:\\\/\\\/x.com\\\/box_repsol\",\"http:\\\/\\\/instagram.com\\\/box_repsol\",\"https:\\\/\\\/www.youtube.com\\\/user\\\/RepsolCompeticion\",\"https:\\\/\\\/www.flickr.com\\\/photos\\\/box_repsol\\\/\"]},{\"@type\":\"Person\",\"@id\":\"https:\\\/\\\/www.boxrepsol.com\\\/es\\\/#\\\/schema\\\/person\\\/c5c2138f2cca251b0ad92b7086bb60b7\",\"name\":\"Redacci\u00f3n Box Repsol\",\"image\":{\"@type\":\"ImageObject\",\"inLanguage\":\"es\",\"@id\":\"https:\\\/\\\/secure.gravatar.com\\\/avatar\\\/adf7b77e38b4419baf32c7e9c21dde01f4e40df611f0978e3006fc4ba0aaab7e?s=96&d=mm&r=g\",\"url\":\"https:\\\/\\\/secure.gravatar.com\\\/avatar\\\/adf7b77e38b4419baf32c7e9c21dde01f4e40df611f0978e3006fc4ba0aaab7e?s=96&d=mm&r=g\",\"contentUrl\":\"https:\\\/\\\/secure.gravatar.com\\\/avatar\\\/adf7b77e38b4419baf32c7e9c21dde01f4e40df611f0978e3006fc4ba0aaab7e?s=96&d=mm&r=g\",\"caption\":\"Redacci\u00f3n Box Repsol\"},\"description\":\"Box Repsol lo forma un equipo de periodistas, community managers, dise\u00f1adores y fot\u00f3grafos con m\u00e1s de 20 a\u00f1os de experiencia en el mundo del motorsport. Hemos vivido el primer mundial de un espa\u00f1ol en la categor\u00eda reina de motociclismo con \u00c1lex Crivill\u00e9, estuvimos en las victorias de Pedrosa y los t\u00edtulos de M\u00e1rquez, acompa\u00f1amos en \u00c1frica a Nani Roma y Marc Coma en sus conquistas del Dakar y hemos vibrado con los t\u00edtulos de Toni Bou en Trial. Adem\u00e1s, en nuestro equipo contamos con expertos en el mundo de las dos y cuatro ruedas tanto de la calle y las carreteras, como de los circuitos. Periodistas que han trabajado en revistas y publicaciones para hacerte llegar desde rutas y consejos de mantenimiento, a curiosidades y trucos de pilotaje.\",\"sameAs\":[\"https:\\\/\\\/www.facebook.com\\\/BoxRepsol\\\/\",\"https:\\\/\\\/www.instagram.com\\\/box_repsol\\\/\",\"https:\\\/\\\/x.com\\\/https:\\\/\\\/twitter.com\\\/box_repsol\",\"https:\\\/\\\/www.youtube.com\\\/@Boxrepsol\"],\"url\":\"https:\\\/\\\/www.boxrepsol.com\\\/es\\\/author\\\/redaccion-box-repsol\\\/\"}]}<\/script>\n<!-- \/ Yoast SEO plugin. -->","yoast_head_json":{"title":"Primeras im\u00e1genes de Lorenzo en el box Repsol Honda - Box Repsol","description":"El primer d\u00eda de Jorge Lorenzo en el equipo Repsol Honda, en unas im\u00e1genes in\u00e9ditas en el interior del box durante los primeros entrenamientos en Valencia.","canonical":"https:\/\/www.boxrepsol.com\/es\/motogp\/primeras-imagenes-de-lorenzo-en-el-box-repsol-honda\/","og_locale":"es_ES","og_type":"article","og_title":"Primeras im\u00e1genes de Lorenzo en el box Repsol Honda - Box Repsol","og_description":"El primer d\u00eda de Jorge Lorenzo en el equipo Repsol Honda, en unas im\u00e1genes in\u00e9ditas en el interior del box durante los primeros entrenamientos en Valencia.","og_url":"https:\/\/www.boxrepsol.com\/es\/motogp\/primeras-imagenes-de-lorenzo-en-el-box-repsol-honda\/","og_site_name":"Box Repsol","article_publisher":"https:\/\/www.facebook.com\/BoxRepsol","article_author":"https:\/\/www.facebook.com\/BoxRepsol\/","article_published_time":"2019-01-16T02:00:00+00:00","article_modified_time":"2024-05-22T09:41:04+00:00","og_image":[{"width":1280,"height":600,"url":"https:\/\/bxrepsol.s3.eu-west-1.amazonaws.com\/static\/2022\/08\/29084252\/00_motogp_jorge_lorenzo_marc_marquez_repsol_honda_box_repsol.jpg","type":"image\/jpeg"}],"author":"Redacci\u00f3n Box Repsol","twitter_card":"summary_large_image","twitter_creator":"@https:\/\/twitter.com\/box_repsol","twitter_site":"@box_repsol","twitter_misc":{"Written by":"Redacci\u00f3n Box Repsol"},"schema":{"@context":"https:\/\/schema.org","@graph":[{"@type":"Article","@id":"https:\/\/www.boxrepsol.com\/es\/motogp\/primeras-imagenes-de-lorenzo-en-el-box-repsol-honda\/#article","isPartOf":{"@id":"https:\/\/www.boxrepsol.com\/es\/motogp\/primeras-imagenes-de-lorenzo-en-el-box-repsol-honda\/"},"author":{"name":"Redacci\u00f3n Box Repsol","@id":"https:\/\/www.boxrepsol.com\/es\/#\/schema\/person\/c5c2138f2cca251b0ad92b7086bb60b7"},"headline":"Primeras im\u00e1genes de Lorenzo en el box Repsol Honda","datePublished":"2019-01-16T02:00:00+00:00","dateModified":"2024-05-22T09:41:04+00:00","mainEntityOfPage":{"@id":"https:\/\/www.boxrepsol.com\/es\/motogp\/primeras-imagenes-de-lorenzo-en-el-box-repsol-honda\/"},"wordCount":58,"commentCount":0,"publisher":{"@id":"https:\/\/www.boxrepsol.com\/es\/#organization"},"image":{"@id":"https:\/\/www.boxrepsol.com\/es\/motogp\/primeras-imagenes-de-lorenzo-en-el-box-repsol-honda\/#primaryimage"},"thumbnailUrl":"https:\/\/bxrepsol.s3.eu-west-1.amazonaws.com\/static\/2022\/08\/29084252\/00_motogp_jorge_lorenzo_marc_marquez_repsol_honda_box_repsol.jpg","keywords":["Jorge Lorenzo"],"articleSection":["MotoGP"],"inLanguage":"es","potentialAction":[{"@type":"CommentAction","name":"Comment","target":["https:\/\/www.boxrepsol.com\/es\/motogp\/primeras-imagenes-de-lorenzo-en-el-box-repsol-honda\/#respond"]}]},{"@type":"WebPage","@id":"https:\/\/www.boxrepsol.com\/es\/motogp\/primeras-imagenes-de-lorenzo-en-el-box-repsol-honda\/","url":"https:\/\/www.boxrepsol.com\/es\/motogp\/primeras-imagenes-de-lorenzo-en-el-box-repsol-honda\/","name":"Primeras im\u00e1genes de Lorenzo en el box Repsol Honda - Box Repsol","isPartOf":{"@id":"https:\/\/www.boxrepsol.com\/es\/#website"},"primaryImageOfPage":{"@id":"https:\/\/www.boxrepsol.com\/es\/motogp\/primeras-imagenes-de-lorenzo-en-el-box-repsol-honda\/#primaryimage"},"image":{"@id":"https:\/\/www.boxrepsol.com\/es\/motogp\/primeras-imagenes-de-lorenzo-en-el-box-repsol-honda\/#primaryimage"},"thumbnailUrl":"https:\/\/bxrepsol.s3.eu-west-1.amazonaws.com\/static\/2022\/08\/29084252\/00_motogp_jorge_lorenzo_marc_marquez_repsol_honda_box_repsol.jpg","datePublished":"2019-01-16T02:00:00+00:00","dateModified":"2024-05-22T09:41:04+00:00","description":"El primer d\u00eda de Jorge Lorenzo en el equipo Repsol Honda, en unas im\u00e1genes in\u00e9ditas en el interior del box durante los primeros entrenamientos en Valencia.","breadcrumb":{"@id":"https:\/\/www.boxrepsol.com\/es\/motogp\/primeras-imagenes-de-lorenzo-en-el-box-repsol-honda\/#breadcrumb"},"inLanguage":"es","potentialAction":[{"@type":"ReadAction","target":["https:\/\/www.boxrepsol.com\/es\/motogp\/primeras-imagenes-de-lorenzo-en-el-box-repsol-honda\/"]}]},{"@type":"ImageObject","inLanguage":"es","@id":"https:\/\/www.boxrepsol.com\/es\/motogp\/primeras-imagenes-de-lorenzo-en-el-box-repsol-honda\/#primaryimage","url":"https:\/\/bxrepsol.s3.eu-west-1.amazonaws.com\/static\/2022\/08\/29084252\/00_motogp_jorge_lorenzo_marc_marquez_repsol_honda_box_repsol.jpg","contentUrl":"https:\/\/bxrepsol.s3.eu-west-1.amazonaws.com\/static\/2022\/08\/29084252\/00_motogp_jorge_lorenzo_marc_marquez_repsol_honda_box_repsol.jpg","width":1280,"height":600,"caption":"Marc M\u00e1rquez y Jorge Lorenzo en el Box Repsol Honda"},{"@type":"BreadcrumbList","@id":"https:\/\/www.boxrepsol.com\/es\/motogp\/primeras-imagenes-de-lorenzo-en-el-box-repsol-honda\/#breadcrumb","itemListElement":[{"@type":"ListItem","position":1,"name":"Home","item":"https:\/\/www.boxrepsol.com\/es\/"},{"@type":"ListItem","position":2,"name":"Primeras im\u00e1genes de Lorenzo en el box Repsol Honda"}]},{"@type":"WebSite","@id":"https:\/\/www.boxrepsol.com\/es\/#website","url":"https:\/\/www.boxrepsol.com\/es\/","name":"Box Repsol","description":"Box Repsol Site","publisher":{"@id":"https:\/\/www.boxrepsol.com\/es\/#organization"},"potentialAction":[{"@type":"SearchAction","target":{"@type":"EntryPoint","urlTemplate":"https:\/\/www.boxrepsol.com\/es\/?s={search_term_string}"},"query-input":{"@type":"PropertyValueSpecification","valueRequired":true,"valueName":"search_term_string"}}],"inLanguage":"es"},{"@type":"Organization","@id":"https:\/\/www.boxrepsol.com\/es\/#organization","name":"Box Repsol","url":"https:\/\/www.boxrepsol.com\/es\/","logo":{"@type":"ImageObject","inLanguage":"es","@id":"https:\/\/www.boxrepsol.com\/es\/#\/schema\/logo\/image\/","url":"https:\/\/bxrepsol.s3.eu-west-1.amazonaws.com\/static\/2025\/07\/30083337\/favicon-96x96-1.png","contentUrl":"https:\/\/bxrepsol.s3.eu-west-1.amazonaws.com\/static\/2025\/07\/30083337\/favicon-96x96-1.png","width":96,"height":96,"caption":"Box Repsol"},"image":{"@id":"https:\/\/www.boxrepsol.com\/es\/#\/schema\/logo\/image\/"},"sameAs":["https:\/\/www.facebook.com\/BoxRepsol","https:\/\/x.com\/box_repsol","http:\/\/instagram.com\/box_repsol","https:\/\/www.youtube.com\/user\/RepsolCompeticion","https:\/\/www.flickr.com\/photos\/box_repsol\/"]},{"@type":"Person","@id":"https:\/\/www.boxrepsol.com\/es\/#\/schema\/person\/c5c2138f2cca251b0ad92b7086bb60b7","name":"Redacci\u00f3n Box Repsol","image":{"@type":"ImageObject","inLanguage":"es","@id":"https:\/\/secure.gravatar.com\/avatar\/adf7b77e38b4419baf32c7e9c21dde01f4e40df611f0978e3006fc4ba0aaab7e?s=96&d=mm&r=g","url":"https:\/\/secure.gravatar.com\/avatar\/adf7b77e38b4419baf32c7e9c21dde01f4e40df611f0978e3006fc4ba0aaab7e?s=96&d=mm&r=g","contentUrl":"https:\/\/secure.gravatar.com\/avatar\/adf7b77e38b4419baf32c7e9c21dde01f4e40df611f0978e3006fc4ba0aaab7e?s=96&d=mm&r=g","caption":"Redacci\u00f3n Box Repsol"},"description":"Box Repsol lo forma un equipo de periodistas, community managers, dise\u00f1adores y fot\u00f3grafos con m\u00e1s de 20 a\u00f1os de experiencia en el mundo del motorsport. Hemos vivido el primer mundial de un espa\u00f1ol en la categor\u00eda reina de motociclismo con \u00c1lex Crivill\u00e9, estuvimos en las victorias de Pedrosa y los t\u00edtulos de M\u00e1rquez, acompa\u00f1amos en \u00c1frica a Nani Roma y Marc Coma en sus conquistas del Dakar y hemos vibrado con los t\u00edtulos de Toni Bou en Trial. Adem\u00e1s, en nuestro equipo contamos con expertos en el mundo de las dos y cuatro ruedas tanto de la calle y las carreteras, como de los circuitos. Periodistas que han trabajado en revistas y publicaciones para hacerte llegar desde rutas y consejos de mantenimiento, a curiosidades y trucos de pilotaje.","sameAs":["https:\/\/www.facebook.com\/BoxRepsol\/","https:\/\/www.instagram.com\/box_repsol\/","https:\/\/x.com\/https:\/\/twitter.com\/box_repsol","https:\/\/www.youtube.com\/@Boxrepsol"],"url":"https:\/\/www.boxrepsol.com\/es\/author\/redaccion-box-repsol\/"}]}},"_links":{"self":[{"href":"https:\/\/www.boxrepsol.com\/es\/wp-json\/wp\/v2\/posts\/93683","targetHints":{"allow":["GET"]}}],"collection":[{"href":"https:\/\/www.boxrepsol.com\/es\/wp-json\/wp\/v2\/posts"}],"about":[{"href":"https:\/\/www.boxrepsol.com\/es\/wp-json\/wp\/v2\/types\/post"}],"author":[{"embeddable":true,"href":"https:\/\/www.boxrepsol.com\/es\/wp-json\/wp\/v2\/users\/43146"}],"replies":[{"embeddable":true,"href":"https:\/\/www.boxrepsol.com\/es\/wp-json\/wp\/v2\/comments?post=93683"}],"version-history":[{"count":1,"href":"https:\/\/www.boxrepsol.com\/es\/wp-json\/wp\/v2\/posts\/93683\/revisions"}],"predecessor-version":[{"id":93684,"href":"https:\/\/www.boxrepsol.com\/es\/wp-json\/wp\/v2\/posts\/93683\/revisions\/93684"}],"wp:featuredmedia":[{"embeddable":true,"href":"https:\/\/www.boxrepsol.com\/es\/wp-json\/wp\/v2\/media\/60774"}],"wp:attachment":[{"href":"https:\/\/www.boxrepsol.com\/es\/wp-json\/wp\/v2\/media?parent=93683"}],"wp:term":[{"taxonomy":"category","embeddable":true,"href":"https:\/\/www.boxrepsol.com\/es\/wp-json\/wp\/v2\/categories?post=93683"},{"taxonomy":"post_tag","embeddable":true,"href":"https:\/\/www.boxrepsol.com\/es\/wp-json\/wp\/v2\/tags?post=93683"}],"curies":[{"name":"wp","href":"https:\/\/api.w.org\/{rel}","templated":true}]}}