{"id":93677,"date":"2019-01-16T00:00:00","date_gmt":"2019-01-16T02:00:00","guid":{"rendered":"http:\/\/pre.boxrepsol.com\/sin-categorizar\/isidre-esteve-logra-su-mejor-resultado-parcial-desde-que-corre-en-coche\/"},"modified":"2024-05-22T07:40:43","modified_gmt":"2024-05-22T09:40:43","slug":"isidre-esteve-logra-su-mejor-resultado-parcial-desde-que-corre-en-coche","status":"publish","type":"post","link":"https:\/\/www.boxrepsol.com\/es\/rally\/isidre-esteve-logra-su-mejor-resultado-parcial-desde-que-corre-en-coche\/","title":{"rendered":"Isidre Esteve logra su mejor resultado parcial"},"content":{"rendered":"<p><em>\u201cYa ten\u00edamos ganas de completar una jornada sin problemas para poder demostrar nuestro verdadero ritmo de carrera\u201d<\/em>. As\u00ed se expresaba Isidre Esteve al finalizar la etapa 8 del Dakar 2019, en la que ha conseguido un 22\u00ba lugar que se convierte en su mejor resultado parcial desde que compite en coches.<strong> El piloto del Repsol Rally Team escala, adem\u00e1s, hasta la 22\u00aa plaza provisional de la general, cuando tan s\u00f3lo restan dos d\u00edas para el final<\/strong>.<\/p>\n<p>La etapa part\u00eda a primera hora de la ma\u00f1ana desde San Juan de Marcona, donde Isidre Esteve comentaba que\u00a0<em>\u201choy va a ser un buen d\u00eda, seguro\u201d<\/em>, justo antes de partir hacia el inicio de la especial. Sus palabras han resultado premonitorias, ya que<strong> el ilerdense y su copiloto Txema Villalobos han firmado una brillante actuaci\u00f3n<\/strong>, con destacados tiempos en todos los way points.<\/p>\n<p><em>\u201cHemos marcado un fuerte ritmo desde el principio y, por fin, hemos tenido un d\u00eda limpio, salvo dos peque\u00f1as enganchadas en las dunas en las que hemos perdido muy poco tiempo, gracias al gran trabajo de Txema\u201d<\/em>, resum\u00eda Isidre Esteve a su llegada al campamento de Pisco.<\/p>\n<p>&nbsp;<\/p>\n<figure><picture style=\"padding-bottom: 56.265876375953%; background-image: url('https:\/\/bxrepsol.s3.eu-west-1.amazonaws.com\/static\/2022\/08\/05063501\/Dakar19_E8_Isidre_Esteve_3.jpg');\"> <img decoding=\"async\" src=\"https:\/\/bxrepsol.s3.eu-west-1.amazonaws.com\/static\/2022\/08\/05063501\/Dakar19_E8_Isidre_Esteve_3.jpg\" \/><\/picture>\n<picture style=\"padding-bottom: 56.265876375953%; background-image: url('https:\/\/bxrepsol.s3.eu-west-1.amazonaws.com\/static\/2022\/08\/05063501\/Dakar19_E8_Isidre_Esteve_3.jpg');\"><img title=\"Isidre Esteve junto a su coche durante el mantenimiento\" alt=\"Isidre esteve junto a su coche desmontado\" data-srcset=\"https:\/\/bxrepsol.s3.eu-west-1.amazonaws.com\/static\/2022\/08\/05063501\/Dakar19_E8_Isidre_Esteve_3.jpg 480w, https:\/\/bxrepsol.s3.eu-west-1.amazonaws.com\/static\/2022\/08\/05063501\/Dakar19_E8_Isidre_Esteve_3.jpg 600w, https:\/\/bxrepsol.s3.eu-west-1.amazonaws.com\/static\/2022\/08\/05063501\/Dakar19_E8_Isidre_Esteve_3.jpg 900w, https:\/\/bxrepsol.s3.eu-west-1.amazonaws.com\/static\/2022\/08\/05063501\/Dakar19_E8_Isidre_Esteve_3.jpg 1280w\" data-src=\"https:\/\/bxrepsol.s3.eu-west-1.amazonaws.com\/static\/2022\/08\/05063501\/Dakar19_E8_Isidre_Esteve_3.jpg\" \/><\/picture>\n<noscript><img decoding=\"async\" src=\"https:\/\/bxrepsol.s3.eu-west-1.amazonaws.com\/static\/2022\/08\/05063501\/Dakar19_E8_Isidre_Esteve_3.jpg\" alt=\"Isidre esteve junto a su coche desmontado\"><\/noscript><figcaption>Isidre esteve junto a su coche desmontado<\/figcaption><\/figure>\n<p>&nbsp;<\/p>\n<p>La especial, dividida en dos sectores de 159 y 200 kil\u00f3metros, ha resultado menos complicada de lo que se preve\u00eda para el Repsol Rally Team, a pesar de <strong>las elevadas temperaturas que, en ocasiones, han superado los 40\u00baC<\/strong> y del centenar de kil\u00f3metros de dunas.\u00a0<em>\u201cLa primera parte ha sido sobre pistas y fesh-fesh y la segunda, con muchas dunas, aunque de arena m\u00e1s dura que otros d\u00edas. No hemos tenido ning\u00fan problema de navegaci\u00f3n y el coche va perfecto, gracias al fant\u00e1stico trabajo mec\u00e1nico de todo el equipo. As\u00ed da gusto correr y, si por mi fuera, lo har\u00eda todos los d\u00edas\u201d<\/em>.<\/p>\n<p>Su tiempo de 5 horas, 26 minutos y 39 segundos le ha situado en 22\u00aa posici\u00f3n que le permite mejorar la 23\u00aa plaza que firm\u00f3 en la 13\u00aa etapa de 2018 y que, hasta hoy, representaba su mejor resultado en el Dakar desde que compite sobre cuatro ruedas. Adem\u00e1s,<strong> hoy ha finalizado como el segundo mejor espa\u00f1ol en coches, s\u00f3lo superado por<\/strong> <a href=\"https:\/\/www.boxrepsol.com\/es\/motogp\/lo-joven-marc-marquez-creo-sera-capaz-lograr-diez-titulos\/\">Nani Roma<\/a> (MINI) y por delante de Carlos Sainz, vencedor de la pasada edici\u00f3n del Dakar.<\/p>\n<p><!-- Imagen relacionada --><br \/>\n<img loading=\"lazy\" decoding=\"async\" src=\"https:\/\/bxrepsol.s3.eu-west-1.amazonaws.com\/static\/2022\/08\/05063247\/01_isidre_esteve_repsol_rally_team_dakar_2019_sodicarsbv6.jpg\" alt=\"Isidre Esteve en el Dakar 2019\" width=\"404\" height=\"336\" \/><br \/>\n<!-- Categor\u00eda --><br \/>\nRally<br \/>\n<!-- T\u00edtulo --><\/p>\n<h3>Isidre Esteve reacciona con bravura al sobresalto de Tanaka<\/h3>\n<p><!-- Fecha --><br \/>\nhace 1 hora<\/p>\n<p>En la general, <strong>el piloto del Repsol Rally Team escala dos puestos y se encarama hasta el 22\u00ba lugar provisiona<\/strong>l, con un registro acumulado de 44 horas, 14 minutos y 34 segundos. A falta de dos etapas y 425 kil\u00f3metros cronometrados en total, se encuentra muy cerca del top 20.<\/p>\n<p>Ma\u00f1ana mi\u00e9rcoles, <strong>pen\u00faltimo d\u00eda de carrera con salida y llegada en Pisco<\/strong>. Los participantes deber\u00e1n completar 409 kil\u00f3metros: 96 de enlace y 313 cronometrados. Las dunas y la navegaci\u00f3n compartir\u00e1n el protagonismo de una jornada que, a buen seguro, deparar\u00e1 nuevas sorpresas.\u00a0<em>\u201cNosotros intentaremos repetir la actuaci\u00f3n de hoy con la convicci\u00f3n de que al final saldr\u00e1 el Dakar que quer\u00edamos\u201d.<\/em><\/p>\n","protected":false},"excerpt":{"rendered":"<p>El piloto de Oliana ha sido el segundo mejor espa\u00f1ol en completar la especial con su prototipo BV6 con los mandos adaptados en el volante.<\/p>\n","protected":false},"author":43146,"featured_media":60750,"comment_status":"open","ping_status":"open","sticky":false,"template":"","format":"standard","meta":{"footnotes":""},"categories":[27],"tags":[183],"class_list":["post-93677","post","type-post","status-publish","format-standard","hentry","category-rally","tag-repsol-rally-team"],"yoast_head":"<!-- This site is optimized with the Yoast SEO plugin v27.3 - https:\/\/yoast.com\/product\/yoast-seo-wordpress\/ -->\n<title>Isidre Esteve logra su mejor resultado parcial - Box Repsol<\/title>\n<meta name=\"description\" content=\"El piloto de Oliana ha sido el segundo mejor espa\u00f1ol en completar la especial con su prototipo BV6 con los mandos adaptados en el volante.\" \/>\n<link rel=\"canonical\" href=\"https:\/\/www.boxrepsol.com\/es\/rally\/isidre-esteve-logra-su-mejor-resultado-parcial-desde-que-corre-en-coche\/\" \/>\n<meta property=\"og:locale\" content=\"es_ES\" \/>\n<meta property=\"og:type\" content=\"article\" \/>\n<meta property=\"og:title\" content=\"Isidre Esteve logra su mejor resultado parcial - Box Repsol\" \/>\n<meta property=\"og:description\" content=\"El piloto de Oliana ha sido el segundo mejor espa\u00f1ol en completar la especial con su prototipo BV6 con los mandos adaptados en el volante.\" \/>\n<meta property=\"og:url\" content=\"https:\/\/www.boxrepsol.com\/es\/rally\/isidre-esteve-logra-su-mejor-resultado-parcial-desde-que-corre-en-coche\/\" \/>\n<meta property=\"og:site_name\" content=\"Box Repsol\" \/>\n<meta property=\"article:publisher\" content=\"https:\/\/www.facebook.com\/BoxRepsol\" \/>\n<meta property=\"article:author\" content=\"https:\/\/www.facebook.com\/BoxRepsol\/\" \/>\n<meta property=\"article:published_time\" content=\"2019-01-16T02:00:00+00:00\" \/>\n<meta property=\"article:modified_time\" content=\"2024-05-22T09:40:43+00:00\" \/>\n<meta property=\"og:image\" content=\"https:\/\/bxrepsol.s3.eu-west-1.amazonaws.com\/static\/2022\/08\/29084237\/01_dunas_isidre_esteve_repsol_rally_team_Dakar_2019.jpg\" \/>\n\t<meta property=\"og:image:width\" content=\"1280\" \/>\n\t<meta property=\"og:image:height\" content=\"600\" \/>\n\t<meta property=\"og:image:type\" content=\"image\/jpeg\" \/>\n<meta name=\"author\" content=\"Redacci\u00f3n Box Repsol\" \/>\n<meta name=\"twitter:card\" content=\"summary_large_image\" \/>\n<meta name=\"twitter:creator\" content=\"@https:\/\/twitter.com\/box_repsol\" \/>\n<meta name=\"twitter:site\" content=\"@box_repsol\" \/>\n<meta name=\"twitter:label1\" content=\"Written by\" \/>\n\t<meta name=\"twitter:data1\" content=\"Redacci\u00f3n Box Repsol\" \/>\n\t<meta name=\"twitter:label2\" content=\"Est. reading time\" \/>\n\t<meta name=\"twitter:data2\" content=\"3 minutos\" \/>\n<script type=\"application\/ld+json\" class=\"yoast-schema-graph\">{\"@context\":\"https:\\\/\\\/schema.org\",\"@graph\":[{\"@type\":\"Article\",\"@id\":\"https:\\\/\\\/www.boxrepsol.com\\\/es\\\/rally\\\/isidre-esteve-logra-su-mejor-resultado-parcial-desde-que-corre-en-coche\\\/#article\",\"isPartOf\":{\"@id\":\"https:\\\/\\\/www.boxrepsol.com\\\/es\\\/rally\\\/isidre-esteve-logra-su-mejor-resultado-parcial-desde-que-corre-en-coche\\\/\"},\"author\":{\"name\":\"Redacci\u00f3n Box Repsol\",\"@id\":\"https:\\\/\\\/www.boxrepsol.com\\\/es\\\/#\\\/schema\\\/person\\\/c5c2138f2cca251b0ad92b7086bb60b7\"},\"headline\":\"Isidre Esteve logra su mejor resultado parcial\",\"datePublished\":\"2019-01-16T02:00:00+00:00\",\"dateModified\":\"2024-05-22T09:40:43+00:00\",\"mainEntityOfPage\":{\"@id\":\"https:\\\/\\\/www.boxrepsol.com\\\/es\\\/rally\\\/isidre-esteve-logra-su-mejor-resultado-parcial-desde-que-corre-en-coche\\\/\"},\"wordCount\":524,\"commentCount\":0,\"publisher\":{\"@id\":\"https:\\\/\\\/www.boxrepsol.com\\\/es\\\/#organization\"},\"image\":{\"@id\":\"https:\\\/\\\/www.boxrepsol.com\\\/es\\\/rally\\\/isidre-esteve-logra-su-mejor-resultado-parcial-desde-que-corre-en-coche\\\/#primaryimage\"},\"thumbnailUrl\":\"https:\\\/\\\/bxrepsol.s3.eu-west-1.amazonaws.com\\\/static\\\/2022\\\/08\\\/29084237\\\/01_dunas_isidre_esteve_repsol_rally_team_Dakar_2019.jpg\",\"keywords\":[\"Repsol Rally Team\"],\"articleSection\":[\"Rally\"],\"inLanguage\":\"es\",\"potentialAction\":[{\"@type\":\"CommentAction\",\"name\":\"Comment\",\"target\":[\"https:\\\/\\\/www.boxrepsol.com\\\/es\\\/rally\\\/isidre-esteve-logra-su-mejor-resultado-parcial-desde-que-corre-en-coche\\\/#respond\"]}]},{\"@type\":\"WebPage\",\"@id\":\"https:\\\/\\\/www.boxrepsol.com\\\/es\\\/rally\\\/isidre-esteve-logra-su-mejor-resultado-parcial-desde-que-corre-en-coche\\\/\",\"url\":\"https:\\\/\\\/www.boxrepsol.com\\\/es\\\/rally\\\/isidre-esteve-logra-su-mejor-resultado-parcial-desde-que-corre-en-coche\\\/\",\"name\":\"Isidre Esteve logra su mejor resultado parcial - Box Repsol\",\"isPartOf\":{\"@id\":\"https:\\\/\\\/www.boxrepsol.com\\\/es\\\/#website\"},\"primaryImageOfPage\":{\"@id\":\"https:\\\/\\\/www.boxrepsol.com\\\/es\\\/rally\\\/isidre-esteve-logra-su-mejor-resultado-parcial-desde-que-corre-en-coche\\\/#primaryimage\"},\"image\":{\"@id\":\"https:\\\/\\\/www.boxrepsol.com\\\/es\\\/rally\\\/isidre-esteve-logra-su-mejor-resultado-parcial-desde-que-corre-en-coche\\\/#primaryimage\"},\"thumbnailUrl\":\"https:\\\/\\\/bxrepsol.s3.eu-west-1.amazonaws.com\\\/static\\\/2022\\\/08\\\/29084237\\\/01_dunas_isidre_esteve_repsol_rally_team_Dakar_2019.jpg\",\"datePublished\":\"2019-01-16T02:00:00+00:00\",\"dateModified\":\"2024-05-22T09:40:43+00:00\",\"description\":\"El piloto de Oliana ha sido el segundo mejor espa\u00f1ol en completar la especial con su prototipo BV6 con los mandos adaptados en el volante.\",\"breadcrumb\":{\"@id\":\"https:\\\/\\\/www.boxrepsol.com\\\/es\\\/rally\\\/isidre-esteve-logra-su-mejor-resultado-parcial-desde-que-corre-en-coche\\\/#breadcrumb\"},\"inLanguage\":\"es\",\"potentialAction\":[{\"@type\":\"ReadAction\",\"target\":[\"https:\\\/\\\/www.boxrepsol.com\\\/es\\\/rally\\\/isidre-esteve-logra-su-mejor-resultado-parcial-desde-que-corre-en-coche\\\/\"]}]},{\"@type\":\"ImageObject\",\"inLanguage\":\"es\",\"@id\":\"https:\\\/\\\/www.boxrepsol.com\\\/es\\\/rally\\\/isidre-esteve-logra-su-mejor-resultado-parcial-desde-que-corre-en-coche\\\/#primaryimage\",\"url\":\"https:\\\/\\\/bxrepsol.s3.eu-west-1.amazonaws.com\\\/static\\\/2022\\\/08\\\/29084237\\\/01_dunas_isidre_esteve_repsol_rally_team_Dakar_2019.jpg\",\"contentUrl\":\"https:\\\/\\\/bxrepsol.s3.eu-west-1.amazonaws.com\\\/static\\\/2022\\\/08\\\/29084237\\\/01_dunas_isidre_esteve_repsol_rally_team_Dakar_2019.jpg\",\"width\":1280,\"height\":600,\"caption\":\"Coche del Repsol Rally Team\"},{\"@type\":\"BreadcrumbList\",\"@id\":\"https:\\\/\\\/www.boxrepsol.com\\\/es\\\/rally\\\/isidre-esteve-logra-su-mejor-resultado-parcial-desde-que-corre-en-coche\\\/#breadcrumb\",\"itemListElement\":[{\"@type\":\"ListItem\",\"position\":1,\"name\":\"Home\",\"item\":\"https:\\\/\\\/www.boxrepsol.com\\\/es\\\/\"},{\"@type\":\"ListItem\",\"position\":2,\"name\":\"Isidre Esteve logra su mejor resultado parcial\"}]},{\"@type\":\"WebSite\",\"@id\":\"https:\\\/\\\/www.boxrepsol.com\\\/es\\\/#website\",\"url\":\"https:\\\/\\\/www.boxrepsol.com\\\/es\\\/\",\"name\":\"Box Repsol\",\"description\":\"Box Repsol Site\",\"publisher\":{\"@id\":\"https:\\\/\\\/www.boxrepsol.com\\\/es\\\/#organization\"},\"potentialAction\":[{\"@type\":\"SearchAction\",\"target\":{\"@type\":\"EntryPoint\",\"urlTemplate\":\"https:\\\/\\\/www.boxrepsol.com\\\/es\\\/?s={search_term_string}\"},\"query-input\":{\"@type\":\"PropertyValueSpecification\",\"valueRequired\":true,\"valueName\":\"search_term_string\"}}],\"inLanguage\":\"es\"},{\"@type\":\"Organization\",\"@id\":\"https:\\\/\\\/www.boxrepsol.com\\\/es\\\/#organization\",\"name\":\"Box Repsol\",\"url\":\"https:\\\/\\\/www.boxrepsol.com\\\/es\\\/\",\"logo\":{\"@type\":\"ImageObject\",\"inLanguage\":\"es\",\"@id\":\"https:\\\/\\\/www.boxrepsol.com\\\/es\\\/#\\\/schema\\\/logo\\\/image\\\/\",\"url\":\"https:\\\/\\\/bxrepsol.s3.eu-west-1.amazonaws.com\\\/static\\\/2025\\\/07\\\/30083337\\\/favicon-96x96-1.png\",\"contentUrl\":\"https:\\\/\\\/bxrepsol.s3.eu-west-1.amazonaws.com\\\/static\\\/2025\\\/07\\\/30083337\\\/favicon-96x96-1.png\",\"width\":96,\"height\":96,\"caption\":\"Box Repsol\"},\"image\":{\"@id\":\"https:\\\/\\\/www.boxrepsol.com\\\/es\\\/#\\\/schema\\\/logo\\\/image\\\/\"},\"sameAs\":[\"https:\\\/\\\/www.facebook.com\\\/BoxRepsol\",\"https:\\\/\\\/x.com\\\/box_repsol\",\"http:\\\/\\\/instagram.com\\\/box_repsol\",\"https:\\\/\\\/www.youtube.com\\\/user\\\/RepsolCompeticion\",\"https:\\\/\\\/www.flickr.com\\\/photos\\\/box_repsol\\\/\"]},{\"@type\":\"Person\",\"@id\":\"https:\\\/\\\/www.boxrepsol.com\\\/es\\\/#\\\/schema\\\/person\\\/c5c2138f2cca251b0ad92b7086bb60b7\",\"name\":\"Redacci\u00f3n Box Repsol\",\"image\":{\"@type\":\"ImageObject\",\"inLanguage\":\"es\",\"@id\":\"https:\\\/\\\/secure.gravatar.com\\\/avatar\\\/adf7b77e38b4419baf32c7e9c21dde01f4e40df611f0978e3006fc4ba0aaab7e?s=96&d=mm&r=g\",\"url\":\"https:\\\/\\\/secure.gravatar.com\\\/avatar\\\/adf7b77e38b4419baf32c7e9c21dde01f4e40df611f0978e3006fc4ba0aaab7e?s=96&d=mm&r=g\",\"contentUrl\":\"https:\\\/\\\/secure.gravatar.com\\\/avatar\\\/adf7b77e38b4419baf32c7e9c21dde01f4e40df611f0978e3006fc4ba0aaab7e?s=96&d=mm&r=g\",\"caption\":\"Redacci\u00f3n Box Repsol\"},\"description\":\"Box Repsol lo forma un equipo de periodistas, community managers, dise\u00f1adores y fot\u00f3grafos con m\u00e1s de 20 a\u00f1os de experiencia en el mundo del motorsport. Hemos vivido el primer mundial de un espa\u00f1ol en la categor\u00eda reina de motociclismo con \u00c1lex Crivill\u00e9, estuvimos en las victorias de Pedrosa y los t\u00edtulos de M\u00e1rquez, acompa\u00f1amos en \u00c1frica a Nani Roma y Marc Coma en sus conquistas del Dakar y hemos vibrado con los t\u00edtulos de Toni Bou en Trial. Adem\u00e1s, en nuestro equipo contamos con expertos en el mundo de las dos y cuatro ruedas tanto de la calle y las carreteras, como de los circuitos. Periodistas que han trabajado en revistas y publicaciones para hacerte llegar desde rutas y consejos de mantenimiento, a curiosidades y trucos de pilotaje.\",\"sameAs\":[\"https:\\\/\\\/www.facebook.com\\\/BoxRepsol\\\/\",\"https:\\\/\\\/www.instagram.com\\\/box_repsol\\\/\",\"https:\\\/\\\/x.com\\\/https:\\\/\\\/twitter.com\\\/box_repsol\",\"https:\\\/\\\/www.youtube.com\\\/@Boxrepsol\"],\"url\":\"https:\\\/\\\/www.boxrepsol.com\\\/es\\\/author\\\/redaccion-box-repsol\\\/\"}]}<\/script>\n<!-- \/ Yoast SEO plugin. -->","yoast_head_json":{"title":"Isidre Esteve logra su mejor resultado parcial - Box Repsol","description":"El piloto de Oliana ha sido el segundo mejor espa\u00f1ol en completar la especial con su prototipo BV6 con los mandos adaptados en el volante.","canonical":"https:\/\/www.boxrepsol.com\/es\/rally\/isidre-esteve-logra-su-mejor-resultado-parcial-desde-que-corre-en-coche\/","og_locale":"es_ES","og_type":"article","og_title":"Isidre Esteve logra su mejor resultado parcial - Box Repsol","og_description":"El piloto de Oliana ha sido el segundo mejor espa\u00f1ol en completar la especial con su prototipo BV6 con los mandos adaptados en el volante.","og_url":"https:\/\/www.boxrepsol.com\/es\/rally\/isidre-esteve-logra-su-mejor-resultado-parcial-desde-que-corre-en-coche\/","og_site_name":"Box Repsol","article_publisher":"https:\/\/www.facebook.com\/BoxRepsol","article_author":"https:\/\/www.facebook.com\/BoxRepsol\/","article_published_time":"2019-01-16T02:00:00+00:00","article_modified_time":"2024-05-22T09:40:43+00:00","og_image":[{"width":1280,"height":600,"url":"https:\/\/bxrepsol.s3.eu-west-1.amazonaws.com\/static\/2022\/08\/29084237\/01_dunas_isidre_esteve_repsol_rally_team_Dakar_2019.jpg","type":"image\/jpeg"}],"author":"Redacci\u00f3n Box Repsol","twitter_card":"summary_large_image","twitter_creator":"@https:\/\/twitter.com\/box_repsol","twitter_site":"@box_repsol","twitter_misc":{"Written by":"Redacci\u00f3n Box Repsol","Est. reading time":"3 minutos"},"schema":{"@context":"https:\/\/schema.org","@graph":[{"@type":"Article","@id":"https:\/\/www.boxrepsol.com\/es\/rally\/isidre-esteve-logra-su-mejor-resultado-parcial-desde-que-corre-en-coche\/#article","isPartOf":{"@id":"https:\/\/www.boxrepsol.com\/es\/rally\/isidre-esteve-logra-su-mejor-resultado-parcial-desde-que-corre-en-coche\/"},"author":{"name":"Redacci\u00f3n Box Repsol","@id":"https:\/\/www.boxrepsol.com\/es\/#\/schema\/person\/c5c2138f2cca251b0ad92b7086bb60b7"},"headline":"Isidre Esteve logra su mejor resultado parcial","datePublished":"2019-01-16T02:00:00+00:00","dateModified":"2024-05-22T09:40:43+00:00","mainEntityOfPage":{"@id":"https:\/\/www.boxrepsol.com\/es\/rally\/isidre-esteve-logra-su-mejor-resultado-parcial-desde-que-corre-en-coche\/"},"wordCount":524,"commentCount":0,"publisher":{"@id":"https:\/\/www.boxrepsol.com\/es\/#organization"},"image":{"@id":"https:\/\/www.boxrepsol.com\/es\/rally\/isidre-esteve-logra-su-mejor-resultado-parcial-desde-que-corre-en-coche\/#primaryimage"},"thumbnailUrl":"https:\/\/bxrepsol.s3.eu-west-1.amazonaws.com\/static\/2022\/08\/29084237\/01_dunas_isidre_esteve_repsol_rally_team_Dakar_2019.jpg","keywords":["Repsol Rally Team"],"articleSection":["Rally"],"inLanguage":"es","potentialAction":[{"@type":"CommentAction","name":"Comment","target":["https:\/\/www.boxrepsol.com\/es\/rally\/isidre-esteve-logra-su-mejor-resultado-parcial-desde-que-corre-en-coche\/#respond"]}]},{"@type":"WebPage","@id":"https:\/\/www.boxrepsol.com\/es\/rally\/isidre-esteve-logra-su-mejor-resultado-parcial-desde-que-corre-en-coche\/","url":"https:\/\/www.boxrepsol.com\/es\/rally\/isidre-esteve-logra-su-mejor-resultado-parcial-desde-que-corre-en-coche\/","name":"Isidre Esteve logra su mejor resultado parcial - Box Repsol","isPartOf":{"@id":"https:\/\/www.boxrepsol.com\/es\/#website"},"primaryImageOfPage":{"@id":"https:\/\/www.boxrepsol.com\/es\/rally\/isidre-esteve-logra-su-mejor-resultado-parcial-desde-que-corre-en-coche\/#primaryimage"},"image":{"@id":"https:\/\/www.boxrepsol.com\/es\/rally\/isidre-esteve-logra-su-mejor-resultado-parcial-desde-que-corre-en-coche\/#primaryimage"},"thumbnailUrl":"https:\/\/bxrepsol.s3.eu-west-1.amazonaws.com\/static\/2022\/08\/29084237\/01_dunas_isidre_esteve_repsol_rally_team_Dakar_2019.jpg","datePublished":"2019-01-16T02:00:00+00:00","dateModified":"2024-05-22T09:40:43+00:00","description":"El piloto de Oliana ha sido el segundo mejor espa\u00f1ol en completar la especial con su prototipo BV6 con los mandos adaptados en el volante.","breadcrumb":{"@id":"https:\/\/www.boxrepsol.com\/es\/rally\/isidre-esteve-logra-su-mejor-resultado-parcial-desde-que-corre-en-coche\/#breadcrumb"},"inLanguage":"es","potentialAction":[{"@type":"ReadAction","target":["https:\/\/www.boxrepsol.com\/es\/rally\/isidre-esteve-logra-su-mejor-resultado-parcial-desde-que-corre-en-coche\/"]}]},{"@type":"ImageObject","inLanguage":"es","@id":"https:\/\/www.boxrepsol.com\/es\/rally\/isidre-esteve-logra-su-mejor-resultado-parcial-desde-que-corre-en-coche\/#primaryimage","url":"https:\/\/bxrepsol.s3.eu-west-1.amazonaws.com\/static\/2022\/08\/29084237\/01_dunas_isidre_esteve_repsol_rally_team_Dakar_2019.jpg","contentUrl":"https:\/\/bxrepsol.s3.eu-west-1.amazonaws.com\/static\/2022\/08\/29084237\/01_dunas_isidre_esteve_repsol_rally_team_Dakar_2019.jpg","width":1280,"height":600,"caption":"Coche del Repsol Rally Team"},{"@type":"BreadcrumbList","@id":"https:\/\/www.boxrepsol.com\/es\/rally\/isidre-esteve-logra-su-mejor-resultado-parcial-desde-que-corre-en-coche\/#breadcrumb","itemListElement":[{"@type":"ListItem","position":1,"name":"Home","item":"https:\/\/www.boxrepsol.com\/es\/"},{"@type":"ListItem","position":2,"name":"Isidre Esteve logra su mejor resultado parcial"}]},{"@type":"WebSite","@id":"https:\/\/www.boxrepsol.com\/es\/#website","url":"https:\/\/www.boxrepsol.com\/es\/","name":"Box Repsol","description":"Box Repsol Site","publisher":{"@id":"https:\/\/www.boxrepsol.com\/es\/#organization"},"potentialAction":[{"@type":"SearchAction","target":{"@type":"EntryPoint","urlTemplate":"https:\/\/www.boxrepsol.com\/es\/?s={search_term_string}"},"query-input":{"@type":"PropertyValueSpecification","valueRequired":true,"valueName":"search_term_string"}}],"inLanguage":"es"},{"@type":"Organization","@id":"https:\/\/www.boxrepsol.com\/es\/#organization","name":"Box Repsol","url":"https:\/\/www.boxrepsol.com\/es\/","logo":{"@type":"ImageObject","inLanguage":"es","@id":"https:\/\/www.boxrepsol.com\/es\/#\/schema\/logo\/image\/","url":"https:\/\/bxrepsol.s3.eu-west-1.amazonaws.com\/static\/2025\/07\/30083337\/favicon-96x96-1.png","contentUrl":"https:\/\/bxrepsol.s3.eu-west-1.amazonaws.com\/static\/2025\/07\/30083337\/favicon-96x96-1.png","width":96,"height":96,"caption":"Box Repsol"},"image":{"@id":"https:\/\/www.boxrepsol.com\/es\/#\/schema\/logo\/image\/"},"sameAs":["https:\/\/www.facebook.com\/BoxRepsol","https:\/\/x.com\/box_repsol","http:\/\/instagram.com\/box_repsol","https:\/\/www.youtube.com\/user\/RepsolCompeticion","https:\/\/www.flickr.com\/photos\/box_repsol\/"]},{"@type":"Person","@id":"https:\/\/www.boxrepsol.com\/es\/#\/schema\/person\/c5c2138f2cca251b0ad92b7086bb60b7","name":"Redacci\u00f3n Box Repsol","image":{"@type":"ImageObject","inLanguage":"es","@id":"https:\/\/secure.gravatar.com\/avatar\/adf7b77e38b4419baf32c7e9c21dde01f4e40df611f0978e3006fc4ba0aaab7e?s=96&d=mm&r=g","url":"https:\/\/secure.gravatar.com\/avatar\/adf7b77e38b4419baf32c7e9c21dde01f4e40df611f0978e3006fc4ba0aaab7e?s=96&d=mm&r=g","contentUrl":"https:\/\/secure.gravatar.com\/avatar\/adf7b77e38b4419baf32c7e9c21dde01f4e40df611f0978e3006fc4ba0aaab7e?s=96&d=mm&r=g","caption":"Redacci\u00f3n Box Repsol"},"description":"Box Repsol lo forma un equipo de periodistas, community managers, dise\u00f1adores y fot\u00f3grafos con m\u00e1s de 20 a\u00f1os de experiencia en el mundo del motorsport. Hemos vivido el primer mundial de un espa\u00f1ol en la categor\u00eda reina de motociclismo con \u00c1lex Crivill\u00e9, estuvimos en las victorias de Pedrosa y los t\u00edtulos de M\u00e1rquez, acompa\u00f1amos en \u00c1frica a Nani Roma y Marc Coma en sus conquistas del Dakar y hemos vibrado con los t\u00edtulos de Toni Bou en Trial. Adem\u00e1s, en nuestro equipo contamos con expertos en el mundo de las dos y cuatro ruedas tanto de la calle y las carreteras, como de los circuitos. Periodistas que han trabajado en revistas y publicaciones para hacerte llegar desde rutas y consejos de mantenimiento, a curiosidades y trucos de pilotaje.","sameAs":["https:\/\/www.facebook.com\/BoxRepsol\/","https:\/\/www.instagram.com\/box_repsol\/","https:\/\/x.com\/https:\/\/twitter.com\/box_repsol","https:\/\/www.youtube.com\/@Boxrepsol"],"url":"https:\/\/www.boxrepsol.com\/es\/author\/redaccion-box-repsol\/"}]}},"_links":{"self":[{"href":"https:\/\/www.boxrepsol.com\/es\/wp-json\/wp\/v2\/posts\/93677","targetHints":{"allow":["GET"]}}],"collection":[{"href":"https:\/\/www.boxrepsol.com\/es\/wp-json\/wp\/v2\/posts"}],"about":[{"href":"https:\/\/www.boxrepsol.com\/es\/wp-json\/wp\/v2\/types\/post"}],"author":[{"embeddable":true,"href":"https:\/\/www.boxrepsol.com\/es\/wp-json\/wp\/v2\/users\/43146"}],"replies":[{"embeddable":true,"href":"https:\/\/www.boxrepsol.com\/es\/wp-json\/wp\/v2\/comments?post=93677"}],"version-history":[{"count":1,"href":"https:\/\/www.boxrepsol.com\/es\/wp-json\/wp\/v2\/posts\/93677\/revisions"}],"predecessor-version":[{"id":93678,"href":"https:\/\/www.boxrepsol.com\/es\/wp-json\/wp\/v2\/posts\/93677\/revisions\/93678"}],"wp:featuredmedia":[{"embeddable":true,"href":"https:\/\/www.boxrepsol.com\/es\/wp-json\/wp\/v2\/media\/60750"}],"wp:attachment":[{"href":"https:\/\/www.boxrepsol.com\/es\/wp-json\/wp\/v2\/media?parent=93677"}],"wp:term":[{"taxonomy":"category","embeddable":true,"href":"https:\/\/www.boxrepsol.com\/es\/wp-json\/wp\/v2\/categories?post=93677"},{"taxonomy":"post_tag","embeddable":true,"href":"https:\/\/www.boxrepsol.com\/es\/wp-json\/wp\/v2\/tags?post=93677"}],"curies":[{"name":"wp","href":"https:\/\/api.w.org\/{rel}","templated":true}]}}