{"id":93673,"date":"2019-01-15T00:00:00","date_gmt":"2019-01-15T02:00:00","guid":{"rendered":"http:\/\/pre.boxrepsol.com\/sin-categorizar\/isidre-esteve-reacciona-con-bravura-al-sobresalto-de-tanaka\/"},"modified":"2024-05-22T07:45:50","modified_gmt":"2024-05-22T09:45:50","slug":"isidre-esteve-reacciona-con-bravura-al-sobresalto-de-tanaka","status":"publish","type":"post","link":"https:\/\/www.boxrepsol.com\/es\/rally\/isidre-esteve-reacciona-con-bravura-al-sobresalto-de-tanaka\/","title":{"rendered":"Isidre Esteve reacciona con bravura al sobresalto de Tanaka"},"content":{"rendered":"<p><a href=\"https:\/\/www.boxrepsol.com\/es\/rally\/isidre-esteve-se-lleva-gran-susto-la-sexta-etapa-del-dakar-2019\/\">Tras el susto del domingo<\/a>, <strong>Isidre Esteve ha completado este lunes la s\u00e9ptima etapa del Dakar 2019 con brillantez<\/strong>, al volante de su prototipo BV6 y ya est\u00e1 m\u00e1s cerca de completar con \u00e9xito su tercera participaci\u00f3n consecutiva en la carrera m\u00e1s dura del mundo. El piloto del Repsol Rally Team ha superado los 323 kil\u00f3metros cronometrados con salida y llegada en San Juan de Marcona en el puesto 39\u00ba, despu\u00e9s de invertir 6 horas, 39 minutos y 1 segundo de carrera.<\/p>\n<p>Isidre Esteve y su copiloto Txema Villalobos afrontaban el principio de la jornada con el gran desaf\u00edo de pasar p\u00e1gina tras el susto que represent\u00f3 recibir el impacto de un buggy en mitad de las dunas de Tanaka el d\u00eda anterior. Pese a estar al borde del abandono, ambos han superado ese mal trago y <strong>han firmado una espectacular primera parte de la etapa 7<\/strong>. De hecho, han pasado en 21\u00aa posici\u00f3n por el segundo way point.<\/p>\n<p><em>\u201cEl incidente fue mucho menos de lo que parece y tardamos muy poco en recuperarnos del susto. Hoy nos hemos encontrado muy c\u00f3modos desde el principio y hemos marcado un ritmo incre\u00edble. El coche funciona perfecto, tras el gran trabajo realizado por los mec\u00e1nicos del equipo durante la noche, y hemos disfrutado mucho pilotando, como reflejan los tiempos en los primeros 150 kil\u00f3metros\u201d<\/em>.<\/p>\n<p><a href=\"https:\/\/bxrepsol.s3.eu-west-1.amazonaws.com\/static\/2022\/08\/05063453\/00_isidre_esteve_repsol_rally_team_desierto.jpg\" \n   title=\"Isidre Esteve en el Dakar 2019 Repsol Rally Team\" \n   data-gallery-thumbnail=\"https:\/\/bxrepsol.s3.eu-west-1.amazonaws.com\/static\/2022\/08\/05063453\/00_isidre_esteve_repsol_rally_team_desierto.jpg\"\n   data-gallery-title=\"\"\n   data-gallery><\/p>\n<figure>\n        <picture style=\"padding-bottom: 66.553767993226%; background-image: url(https:\/\/bxrepsol.s3.eu-west-1.amazonaws.com\/static\/2022\/08\/05063453\/00_isidre_esteve_repsol_rally_team_desierto.jpg);\">\n            <img decoding=\"async\" src=\"https:\/\/bxrepsol.s3.eu-west-1.amazonaws.com\/static\/2022\/08\/05063453\/00_isidre_esteve_repsol_rally_team_desierto.jpg\"><br \/>\n            <img itemprop=\"image\"\n                data-srcset=\"https:\/\/bxrepsol.s3.eu-west-1.amazonaws.com\/static\/2022\/08\/05063453\/00_isidre_esteve_repsol_rally_team_desierto.jpg 480w, https:\/\/bxrepsol.s3.eu-west-1.amazonaws.com\/static\/2022\/08\/05063453\/00_isidre_esteve_repsol_rally_team_desierto.jpg 600w, https:\/\/bxrepsol.s3.eu-west-1.amazonaws.com\/static\/2022\/08\/05063453\/00_isidre_esteve_repsol_rally_team_desierto.jpg 900w\"\n                data-src=\"https:\/\/bxrepsol.s3.eu-west-1.amazonaws.com\/static\/2022\/08\/05063453\/00_isidre_esteve_repsol_rally_team_desierto.jpg\"\n                alt=\"Isidre Esteve en el Dakar 2019 Repsol Rally Team\"\n                title=\"Isidre Esteve rodando en el desierto\"\/><br \/>\n            <noscript><img decoding=\"async\" src=\"https:\/\/bxrepsol.s3.eu-west-1.amazonaws.com\/static\/2022\/08\/05063453\/00_isidre_esteve_repsol_rally_team_desierto.jpg\" alt=\"Isidre Esteve en el Dakar 2019 Repsol Rally Team\"><\/noscript>\n        <\/picture><figcaption>Isidre Esteve en el Dakar 2019 Repsol Rally Team<\/figcaption><\/figure>\n<p><\/a><\/p>\n<p>Pero a la altura del kil\u00f3metro 170, su <a href=\"https:\/\/www.boxrepsol.com\/es\/rally\/isidre-esteve-desvela-todos-los-secretos-de-su-prototipo-dakariano\/\">prototipo BV6<\/a> se quedaba encallado en la arena y el Repsol Rally Team perd\u00eda alrededor de una hora en salir.\u00a0<em>\u201cEn la parte alta de una duna, hemos perdido la inercia. Hemos ido cayendo por la arena hasta quedar encallados en un agujero. Como yo no puedo ayudar a Txema, tardamos el doble que el resto de equipos en superar los problemas y eso nos ha penalizado en la clasificaci\u00f3n final, pese a que en los \u00faltimos kil\u00f3metros hemos vuelto a rodar muy r\u00e1pido\u201d<\/em>, apuntaba el piloto ilerdense.<\/p>\n<p>Al final, han cedido 2 horas y 39 minutos respecto al ganador de la jornada, el franc\u00e9s <a href=\"https:\/\/www.boxrepsol.com\/en\/motogp-en\/stephane-peterhansel-marquez-mas-calculador\/\">St\u00e9phane Peterhansel<\/a> (MINI). <strong>El de Oliana pasa a ocupar la 24\u00aa posici\u00f3n provisional de la general,<\/strong> con un acumulado de 38 horas, 47 minutos y 55 segundos, incluida una hora de penalizaci\u00f3n por saltarse un way point en plena noche del domingo. Dichas clasificaciones son provisionales, a la espera de que la organizaci\u00f3n aplique las compensaciones a todos los pilotos, tras las neutralizaciones parciales en las dos etapas anteriores.<\/p>\n<p>                <!-- Imagen relacionada --><br \/>\n        <img loading=\"lazy\" decoding=\"async\" width=\"404\" height=\"336\" src=\"https:\/\/bxrepsol.s3.eu-west-1.amazonaws.com\/static\/2022\/08\/29084025\/01_isidre_esteve_repsol_rally_team_sodicar_bv6_dakar_2019_peru-e1547454988133-404x336-2.jpg\" alt=\"SodicarsBV6 Repsol Rally Team\" \/><br \/>\n                <!-- Categor\u00eda --><br \/>\n            Rally<br \/>\n        <!-- T\u00edtulo --><br \/>\n        <a href=\"https:\/\/www.boxrepsol.com\/es\/rally\/isidre-esteve-se-lleva-gran-susto-la-sexta-etapa-del-dakar-2019\/\"><\/p>\n<h3>Isidre Esteve se lleva un gran susto en la sexta etapa del Dakar 2019<\/h3>\n<p>        <\/a><br \/>\n                    <!-- Fecha --><br \/>\n            hace 1 hora        <\/p>\n<p><em>\u201cEn l\u00edneas generales, estamos satisfechos porque tenemos un gran ritmo de carrera. Despu\u00e9s, hay muchos factores que influyen cuando pasas las dunas y que te hacen perder m\u00e1s o menos tiempo. Ya veremos d\u00f3nde acabamos al final, porque todav\u00eda quedan tres d\u00edas muy duros hasta llegar a Lima en los que van a pasar muchas cosas\u201d<\/em>, avisaba Isidre Esteve.<\/p>\n<p>Ma\u00f1ana martes, octava etapa del Dakar 100% peruano, con <strong>salida en San Juan de Marcona y llegada a Isco, ya de regreso hacia la capital del pa\u00eds andino<\/strong>. La jornada constar\u00e1 de 575 kil\u00f3metros, de los que 360 ser\u00e1n cronometrados<em>.<\/em><\/p>\n","protected":false},"excerpt":{"rendered":"<p>El piloto del Repsol Rally Team ha protagonizado una gran primera parte de etapa, aunque al final ha perdido tiempo tras encallar en la arena.<\/p>\n","protected":false},"author":43146,"featured_media":60736,"comment_status":"open","ping_status":"open","sticky":false,"template":"","format":"standard","meta":{"footnotes":""},"categories":[27],"tags":[183],"class_list":["post-93673","post","type-post","status-publish","format-standard","hentry","category-rally","tag-repsol-rally-team"],"yoast_head":"<!-- This site is optimized with the Yoast SEO plugin v27.3 - https:\/\/yoast.com\/product\/yoast-seo-wordpress\/ -->\n<title>Isidre Esteve reacciona con bravura al sobresalto de Tanaka - Box Repsol<\/title>\n<meta name=\"description\" content=\"El piloto del Repsol Rally Team ha protagonizado una gran primera parte de etapa, aunque al final ha perdido tiempo tras encallar en la arena.\" \/>\n<link rel=\"canonical\" href=\"https:\/\/www.boxrepsol.com\/es\/rally\/isidre-esteve-reacciona-con-bravura-al-sobresalto-de-tanaka\/\" \/>\n<meta property=\"og:locale\" content=\"es_ES\" \/>\n<meta property=\"og:type\" content=\"article\" \/>\n<meta property=\"og:title\" content=\"Isidre Esteve reacciona con bravura al sobresalto de Tanaka - Box Repsol\" \/>\n<meta property=\"og:description\" content=\"El piloto del Repsol Rally Team ha protagonizado una gran primera parte de etapa, aunque al final ha perdido tiempo tras encallar en la arena.\" \/>\n<meta property=\"og:url\" content=\"https:\/\/www.boxrepsol.com\/es\/rally\/isidre-esteve-reacciona-con-bravura-al-sobresalto-de-tanaka\/\" \/>\n<meta property=\"og:site_name\" content=\"Box Repsol\" \/>\n<meta property=\"article:publisher\" content=\"https:\/\/www.facebook.com\/BoxRepsol\" \/>\n<meta property=\"article:author\" content=\"https:\/\/www.facebook.com\/BoxRepsol\/\" \/>\n<meta property=\"article:published_time\" content=\"2019-01-15T02:00:00+00:00\" \/>\n<meta property=\"article:modified_time\" content=\"2024-05-22T09:45:50+00:00\" \/>\n<meta property=\"og:image\" content=\"https:\/\/bxrepsol.s3.eu-west-1.amazonaws.com\/static\/2022\/08\/29084229\/01_isidre_esteve_repsol_rally_team_dakar_2019_sodicarsbv6-1.jpg\" \/>\n\t<meta property=\"og:image:width\" content=\"1280\" \/>\n\t<meta property=\"og:image:height\" content=\"600\" \/>\n\t<meta property=\"og:image:type\" content=\"image\/jpeg\" \/>\n<meta name=\"author\" content=\"Redacci\u00f3n Box Repsol\" \/>\n<meta name=\"twitter:card\" content=\"summary_large_image\" \/>\n<meta name=\"twitter:creator\" content=\"@https:\/\/twitter.com\/box_repsol\" \/>\n<meta name=\"twitter:site\" content=\"@box_repsol\" \/>\n<meta name=\"twitter:label1\" content=\"Written by\" \/>\n\t<meta name=\"twitter:data1\" content=\"Redacci\u00f3n Box Repsol\" \/>\n\t<meta name=\"twitter:label2\" content=\"Est. reading time\" \/>\n\t<meta name=\"twitter:data2\" content=\"3 minutos\" \/>\n<script type=\"application\/ld+json\" class=\"yoast-schema-graph\">{\"@context\":\"https:\\\/\\\/schema.org\",\"@graph\":[{\"@type\":\"Article\",\"@id\":\"https:\\\/\\\/www.boxrepsol.com\\\/es\\\/rally\\\/isidre-esteve-reacciona-con-bravura-al-sobresalto-de-tanaka\\\/#article\",\"isPartOf\":{\"@id\":\"https:\\\/\\\/www.boxrepsol.com\\\/es\\\/rally\\\/isidre-esteve-reacciona-con-bravura-al-sobresalto-de-tanaka\\\/\"},\"author\":{\"name\":\"Redacci\u00f3n Box Repsol\",\"@id\":\"https:\\\/\\\/www.boxrepsol.com\\\/es\\\/#\\\/schema\\\/person\\\/c5c2138f2cca251b0ad92b7086bb60b7\"},\"headline\":\"Isidre Esteve reacciona con bravura al sobresalto de Tanaka\",\"datePublished\":\"2019-01-15T02:00:00+00:00\",\"dateModified\":\"2024-05-22T09:45:50+00:00\",\"mainEntityOfPage\":{\"@id\":\"https:\\\/\\\/www.boxrepsol.com\\\/es\\\/rally\\\/isidre-esteve-reacciona-con-bravura-al-sobresalto-de-tanaka\\\/\"},\"wordCount\":551,\"commentCount\":0,\"publisher\":{\"@id\":\"https:\\\/\\\/www.boxrepsol.com\\\/es\\\/#organization\"},\"image\":{\"@id\":\"https:\\\/\\\/www.boxrepsol.com\\\/es\\\/rally\\\/isidre-esteve-reacciona-con-bravura-al-sobresalto-de-tanaka\\\/#primaryimage\"},\"thumbnailUrl\":\"https:\\\/\\\/bxrepsol.s3.eu-west-1.amazonaws.com\\\/static\\\/2022\\\/08\\\/29084229\\\/01_isidre_esteve_repsol_rally_team_dakar_2019_sodicarsbv6-1.jpg\",\"keywords\":[\"Repsol Rally Team\"],\"articleSection\":[\"Rally\"],\"inLanguage\":\"es\",\"potentialAction\":[{\"@type\":\"CommentAction\",\"name\":\"Comment\",\"target\":[\"https:\\\/\\\/www.boxrepsol.com\\\/es\\\/rally\\\/isidre-esteve-reacciona-con-bravura-al-sobresalto-de-tanaka\\\/#respond\"]}]},{\"@type\":\"WebPage\",\"@id\":\"https:\\\/\\\/www.boxrepsol.com\\\/es\\\/rally\\\/isidre-esteve-reacciona-con-bravura-al-sobresalto-de-tanaka\\\/\",\"url\":\"https:\\\/\\\/www.boxrepsol.com\\\/es\\\/rally\\\/isidre-esteve-reacciona-con-bravura-al-sobresalto-de-tanaka\\\/\",\"name\":\"Isidre Esteve reacciona con bravura al sobresalto de Tanaka - Box Repsol\",\"isPartOf\":{\"@id\":\"https:\\\/\\\/www.boxrepsol.com\\\/es\\\/#website\"},\"primaryImageOfPage\":{\"@id\":\"https:\\\/\\\/www.boxrepsol.com\\\/es\\\/rally\\\/isidre-esteve-reacciona-con-bravura-al-sobresalto-de-tanaka\\\/#primaryimage\"},\"image\":{\"@id\":\"https:\\\/\\\/www.boxrepsol.com\\\/es\\\/rally\\\/isidre-esteve-reacciona-con-bravura-al-sobresalto-de-tanaka\\\/#primaryimage\"},\"thumbnailUrl\":\"https:\\\/\\\/bxrepsol.s3.eu-west-1.amazonaws.com\\\/static\\\/2022\\\/08\\\/29084229\\\/01_isidre_esteve_repsol_rally_team_dakar_2019_sodicarsbv6-1.jpg\",\"datePublished\":\"2019-01-15T02:00:00+00:00\",\"dateModified\":\"2024-05-22T09:45:50+00:00\",\"description\":\"El piloto del Repsol Rally Team ha protagonizado una gran primera parte de etapa, aunque al final ha perdido tiempo tras encallar en la arena.\",\"breadcrumb\":{\"@id\":\"https:\\\/\\\/www.boxrepsol.com\\\/es\\\/rally\\\/isidre-esteve-reacciona-con-bravura-al-sobresalto-de-tanaka\\\/#breadcrumb\"},\"inLanguage\":\"es\",\"potentialAction\":[{\"@type\":\"ReadAction\",\"target\":[\"https:\\\/\\\/www.boxrepsol.com\\\/es\\\/rally\\\/isidre-esteve-reacciona-con-bravura-al-sobresalto-de-tanaka\\\/\"]}]},{\"@type\":\"ImageObject\",\"inLanguage\":\"es\",\"@id\":\"https:\\\/\\\/www.boxrepsol.com\\\/es\\\/rally\\\/isidre-esteve-reacciona-con-bravura-al-sobresalto-de-tanaka\\\/#primaryimage\",\"url\":\"https:\\\/\\\/bxrepsol.s3.eu-west-1.amazonaws.com\\\/static\\\/2022\\\/08\\\/29084229\\\/01_isidre_esteve_repsol_rally_team_dakar_2019_sodicarsbv6-1.jpg\",\"contentUrl\":\"https:\\\/\\\/bxrepsol.s3.eu-west-1.amazonaws.com\\\/static\\\/2022\\\/08\\\/29084229\\\/01_isidre_esteve_repsol_rally_team_dakar_2019_sodicarsbv6-1.jpg\",\"width\":1280,\"height\":600,\"caption\":\"Isidre Esteve en el Dakar 2019\"},{\"@type\":\"BreadcrumbList\",\"@id\":\"https:\\\/\\\/www.boxrepsol.com\\\/es\\\/rally\\\/isidre-esteve-reacciona-con-bravura-al-sobresalto-de-tanaka\\\/#breadcrumb\",\"itemListElement\":[{\"@type\":\"ListItem\",\"position\":1,\"name\":\"Home\",\"item\":\"https:\\\/\\\/www.boxrepsol.com\\\/es\\\/\"},{\"@type\":\"ListItem\",\"position\":2,\"name\":\"Isidre Esteve reacciona con bravura al sobresalto de Tanaka\"}]},{\"@type\":\"WebSite\",\"@id\":\"https:\\\/\\\/www.boxrepsol.com\\\/es\\\/#website\",\"url\":\"https:\\\/\\\/www.boxrepsol.com\\\/es\\\/\",\"name\":\"Box Repsol\",\"description\":\"Box Repsol Site\",\"publisher\":{\"@id\":\"https:\\\/\\\/www.boxrepsol.com\\\/es\\\/#organization\"},\"potentialAction\":[{\"@type\":\"SearchAction\",\"target\":{\"@type\":\"EntryPoint\",\"urlTemplate\":\"https:\\\/\\\/www.boxrepsol.com\\\/es\\\/?s={search_term_string}\"},\"query-input\":{\"@type\":\"PropertyValueSpecification\",\"valueRequired\":true,\"valueName\":\"search_term_string\"}}],\"inLanguage\":\"es\"},{\"@type\":\"Organization\",\"@id\":\"https:\\\/\\\/www.boxrepsol.com\\\/es\\\/#organization\",\"name\":\"Box Repsol\",\"url\":\"https:\\\/\\\/www.boxrepsol.com\\\/es\\\/\",\"logo\":{\"@type\":\"ImageObject\",\"inLanguage\":\"es\",\"@id\":\"https:\\\/\\\/www.boxrepsol.com\\\/es\\\/#\\\/schema\\\/logo\\\/image\\\/\",\"url\":\"https:\\\/\\\/bxrepsol.s3.eu-west-1.amazonaws.com\\\/static\\\/2025\\\/07\\\/30083337\\\/favicon-96x96-1.png\",\"contentUrl\":\"https:\\\/\\\/bxrepsol.s3.eu-west-1.amazonaws.com\\\/static\\\/2025\\\/07\\\/30083337\\\/favicon-96x96-1.png\",\"width\":96,\"height\":96,\"caption\":\"Box Repsol\"},\"image\":{\"@id\":\"https:\\\/\\\/www.boxrepsol.com\\\/es\\\/#\\\/schema\\\/logo\\\/image\\\/\"},\"sameAs\":[\"https:\\\/\\\/www.facebook.com\\\/BoxRepsol\",\"https:\\\/\\\/x.com\\\/box_repsol\",\"http:\\\/\\\/instagram.com\\\/box_repsol\",\"https:\\\/\\\/www.youtube.com\\\/user\\\/RepsolCompeticion\",\"https:\\\/\\\/www.flickr.com\\\/photos\\\/box_repsol\\\/\"]},{\"@type\":\"Person\",\"@id\":\"https:\\\/\\\/www.boxrepsol.com\\\/es\\\/#\\\/schema\\\/person\\\/c5c2138f2cca251b0ad92b7086bb60b7\",\"name\":\"Redacci\u00f3n Box Repsol\",\"image\":{\"@type\":\"ImageObject\",\"inLanguage\":\"es\",\"@id\":\"https:\\\/\\\/secure.gravatar.com\\\/avatar\\\/adf7b77e38b4419baf32c7e9c21dde01f4e40df611f0978e3006fc4ba0aaab7e?s=96&d=mm&r=g\",\"url\":\"https:\\\/\\\/secure.gravatar.com\\\/avatar\\\/adf7b77e38b4419baf32c7e9c21dde01f4e40df611f0978e3006fc4ba0aaab7e?s=96&d=mm&r=g\",\"contentUrl\":\"https:\\\/\\\/secure.gravatar.com\\\/avatar\\\/adf7b77e38b4419baf32c7e9c21dde01f4e40df611f0978e3006fc4ba0aaab7e?s=96&d=mm&r=g\",\"caption\":\"Redacci\u00f3n Box Repsol\"},\"description\":\"Box Repsol lo forma un equipo de periodistas, community managers, dise\u00f1adores y fot\u00f3grafos con m\u00e1s de 20 a\u00f1os de experiencia en el mundo del motorsport. Hemos vivido el primer mundial de un espa\u00f1ol en la categor\u00eda reina de motociclismo con \u00c1lex Crivill\u00e9, estuvimos en las victorias de Pedrosa y los t\u00edtulos de M\u00e1rquez, acompa\u00f1amos en \u00c1frica a Nani Roma y Marc Coma en sus conquistas del Dakar y hemos vibrado con los t\u00edtulos de Toni Bou en Trial. Adem\u00e1s, en nuestro equipo contamos con expertos en el mundo de las dos y cuatro ruedas tanto de la calle y las carreteras, como de los circuitos. Periodistas que han trabajado en revistas y publicaciones para hacerte llegar desde rutas y consejos de mantenimiento, a curiosidades y trucos de pilotaje.\",\"sameAs\":[\"https:\\\/\\\/www.facebook.com\\\/BoxRepsol\\\/\",\"https:\\\/\\\/www.instagram.com\\\/box_repsol\\\/\",\"https:\\\/\\\/x.com\\\/https:\\\/\\\/twitter.com\\\/box_repsol\",\"https:\\\/\\\/www.youtube.com\\\/@Boxrepsol\"],\"url\":\"https:\\\/\\\/www.boxrepsol.com\\\/es\\\/author\\\/redaccion-box-repsol\\\/\"}]}<\/script>\n<!-- \/ Yoast SEO plugin. -->","yoast_head_json":{"title":"Isidre Esteve reacciona con bravura al sobresalto de Tanaka - Box Repsol","description":"El piloto del Repsol Rally Team ha protagonizado una gran primera parte de etapa, aunque al final ha perdido tiempo tras encallar en la arena.","canonical":"https:\/\/www.boxrepsol.com\/es\/rally\/isidre-esteve-reacciona-con-bravura-al-sobresalto-de-tanaka\/","og_locale":"es_ES","og_type":"article","og_title":"Isidre Esteve reacciona con bravura al sobresalto de Tanaka - Box Repsol","og_description":"El piloto del Repsol Rally Team ha protagonizado una gran primera parte de etapa, aunque al final ha perdido tiempo tras encallar en la arena.","og_url":"https:\/\/www.boxrepsol.com\/es\/rally\/isidre-esteve-reacciona-con-bravura-al-sobresalto-de-tanaka\/","og_site_name":"Box Repsol","article_publisher":"https:\/\/www.facebook.com\/BoxRepsol","article_author":"https:\/\/www.facebook.com\/BoxRepsol\/","article_published_time":"2019-01-15T02:00:00+00:00","article_modified_time":"2024-05-22T09:45:50+00:00","og_image":[{"width":1280,"height":600,"url":"https:\/\/bxrepsol.s3.eu-west-1.amazonaws.com\/static\/2022\/08\/29084229\/01_isidre_esteve_repsol_rally_team_dakar_2019_sodicarsbv6-1.jpg","type":"image\/jpeg"}],"author":"Redacci\u00f3n Box Repsol","twitter_card":"summary_large_image","twitter_creator":"@https:\/\/twitter.com\/box_repsol","twitter_site":"@box_repsol","twitter_misc":{"Written by":"Redacci\u00f3n Box Repsol","Est. reading time":"3 minutos"},"schema":{"@context":"https:\/\/schema.org","@graph":[{"@type":"Article","@id":"https:\/\/www.boxrepsol.com\/es\/rally\/isidre-esteve-reacciona-con-bravura-al-sobresalto-de-tanaka\/#article","isPartOf":{"@id":"https:\/\/www.boxrepsol.com\/es\/rally\/isidre-esteve-reacciona-con-bravura-al-sobresalto-de-tanaka\/"},"author":{"name":"Redacci\u00f3n Box Repsol","@id":"https:\/\/www.boxrepsol.com\/es\/#\/schema\/person\/c5c2138f2cca251b0ad92b7086bb60b7"},"headline":"Isidre Esteve reacciona con bravura al sobresalto de Tanaka","datePublished":"2019-01-15T02:00:00+00:00","dateModified":"2024-05-22T09:45:50+00:00","mainEntityOfPage":{"@id":"https:\/\/www.boxrepsol.com\/es\/rally\/isidre-esteve-reacciona-con-bravura-al-sobresalto-de-tanaka\/"},"wordCount":551,"commentCount":0,"publisher":{"@id":"https:\/\/www.boxrepsol.com\/es\/#organization"},"image":{"@id":"https:\/\/www.boxrepsol.com\/es\/rally\/isidre-esteve-reacciona-con-bravura-al-sobresalto-de-tanaka\/#primaryimage"},"thumbnailUrl":"https:\/\/bxrepsol.s3.eu-west-1.amazonaws.com\/static\/2022\/08\/29084229\/01_isidre_esteve_repsol_rally_team_dakar_2019_sodicarsbv6-1.jpg","keywords":["Repsol Rally Team"],"articleSection":["Rally"],"inLanguage":"es","potentialAction":[{"@type":"CommentAction","name":"Comment","target":["https:\/\/www.boxrepsol.com\/es\/rally\/isidre-esteve-reacciona-con-bravura-al-sobresalto-de-tanaka\/#respond"]}]},{"@type":"WebPage","@id":"https:\/\/www.boxrepsol.com\/es\/rally\/isidre-esteve-reacciona-con-bravura-al-sobresalto-de-tanaka\/","url":"https:\/\/www.boxrepsol.com\/es\/rally\/isidre-esteve-reacciona-con-bravura-al-sobresalto-de-tanaka\/","name":"Isidre Esteve reacciona con bravura al sobresalto de Tanaka - Box Repsol","isPartOf":{"@id":"https:\/\/www.boxrepsol.com\/es\/#website"},"primaryImageOfPage":{"@id":"https:\/\/www.boxrepsol.com\/es\/rally\/isidre-esteve-reacciona-con-bravura-al-sobresalto-de-tanaka\/#primaryimage"},"image":{"@id":"https:\/\/www.boxrepsol.com\/es\/rally\/isidre-esteve-reacciona-con-bravura-al-sobresalto-de-tanaka\/#primaryimage"},"thumbnailUrl":"https:\/\/bxrepsol.s3.eu-west-1.amazonaws.com\/static\/2022\/08\/29084229\/01_isidre_esteve_repsol_rally_team_dakar_2019_sodicarsbv6-1.jpg","datePublished":"2019-01-15T02:00:00+00:00","dateModified":"2024-05-22T09:45:50+00:00","description":"El piloto del Repsol Rally Team ha protagonizado una gran primera parte de etapa, aunque al final ha perdido tiempo tras encallar en la arena.","breadcrumb":{"@id":"https:\/\/www.boxrepsol.com\/es\/rally\/isidre-esteve-reacciona-con-bravura-al-sobresalto-de-tanaka\/#breadcrumb"},"inLanguage":"es","potentialAction":[{"@type":"ReadAction","target":["https:\/\/www.boxrepsol.com\/es\/rally\/isidre-esteve-reacciona-con-bravura-al-sobresalto-de-tanaka\/"]}]},{"@type":"ImageObject","inLanguage":"es","@id":"https:\/\/www.boxrepsol.com\/es\/rally\/isidre-esteve-reacciona-con-bravura-al-sobresalto-de-tanaka\/#primaryimage","url":"https:\/\/bxrepsol.s3.eu-west-1.amazonaws.com\/static\/2022\/08\/29084229\/01_isidre_esteve_repsol_rally_team_dakar_2019_sodicarsbv6-1.jpg","contentUrl":"https:\/\/bxrepsol.s3.eu-west-1.amazonaws.com\/static\/2022\/08\/29084229\/01_isidre_esteve_repsol_rally_team_dakar_2019_sodicarsbv6-1.jpg","width":1280,"height":600,"caption":"Isidre Esteve en el Dakar 2019"},{"@type":"BreadcrumbList","@id":"https:\/\/www.boxrepsol.com\/es\/rally\/isidre-esteve-reacciona-con-bravura-al-sobresalto-de-tanaka\/#breadcrumb","itemListElement":[{"@type":"ListItem","position":1,"name":"Home","item":"https:\/\/www.boxrepsol.com\/es\/"},{"@type":"ListItem","position":2,"name":"Isidre Esteve reacciona con bravura al sobresalto de Tanaka"}]},{"@type":"WebSite","@id":"https:\/\/www.boxrepsol.com\/es\/#website","url":"https:\/\/www.boxrepsol.com\/es\/","name":"Box Repsol","description":"Box Repsol Site","publisher":{"@id":"https:\/\/www.boxrepsol.com\/es\/#organization"},"potentialAction":[{"@type":"SearchAction","target":{"@type":"EntryPoint","urlTemplate":"https:\/\/www.boxrepsol.com\/es\/?s={search_term_string}"},"query-input":{"@type":"PropertyValueSpecification","valueRequired":true,"valueName":"search_term_string"}}],"inLanguage":"es"},{"@type":"Organization","@id":"https:\/\/www.boxrepsol.com\/es\/#organization","name":"Box Repsol","url":"https:\/\/www.boxrepsol.com\/es\/","logo":{"@type":"ImageObject","inLanguage":"es","@id":"https:\/\/www.boxrepsol.com\/es\/#\/schema\/logo\/image\/","url":"https:\/\/bxrepsol.s3.eu-west-1.amazonaws.com\/static\/2025\/07\/30083337\/favicon-96x96-1.png","contentUrl":"https:\/\/bxrepsol.s3.eu-west-1.amazonaws.com\/static\/2025\/07\/30083337\/favicon-96x96-1.png","width":96,"height":96,"caption":"Box Repsol"},"image":{"@id":"https:\/\/www.boxrepsol.com\/es\/#\/schema\/logo\/image\/"},"sameAs":["https:\/\/www.facebook.com\/BoxRepsol","https:\/\/x.com\/box_repsol","http:\/\/instagram.com\/box_repsol","https:\/\/www.youtube.com\/user\/RepsolCompeticion","https:\/\/www.flickr.com\/photos\/box_repsol\/"]},{"@type":"Person","@id":"https:\/\/www.boxrepsol.com\/es\/#\/schema\/person\/c5c2138f2cca251b0ad92b7086bb60b7","name":"Redacci\u00f3n Box Repsol","image":{"@type":"ImageObject","inLanguage":"es","@id":"https:\/\/secure.gravatar.com\/avatar\/adf7b77e38b4419baf32c7e9c21dde01f4e40df611f0978e3006fc4ba0aaab7e?s=96&d=mm&r=g","url":"https:\/\/secure.gravatar.com\/avatar\/adf7b77e38b4419baf32c7e9c21dde01f4e40df611f0978e3006fc4ba0aaab7e?s=96&d=mm&r=g","contentUrl":"https:\/\/secure.gravatar.com\/avatar\/adf7b77e38b4419baf32c7e9c21dde01f4e40df611f0978e3006fc4ba0aaab7e?s=96&d=mm&r=g","caption":"Redacci\u00f3n Box Repsol"},"description":"Box Repsol lo forma un equipo de periodistas, community managers, dise\u00f1adores y fot\u00f3grafos con m\u00e1s de 20 a\u00f1os de experiencia en el mundo del motorsport. Hemos vivido el primer mundial de un espa\u00f1ol en la categor\u00eda reina de motociclismo con \u00c1lex Crivill\u00e9, estuvimos en las victorias de Pedrosa y los t\u00edtulos de M\u00e1rquez, acompa\u00f1amos en \u00c1frica a Nani Roma y Marc Coma en sus conquistas del Dakar y hemos vibrado con los t\u00edtulos de Toni Bou en Trial. Adem\u00e1s, en nuestro equipo contamos con expertos en el mundo de las dos y cuatro ruedas tanto de la calle y las carreteras, como de los circuitos. Periodistas que han trabajado en revistas y publicaciones para hacerte llegar desde rutas y consejos de mantenimiento, a curiosidades y trucos de pilotaje.","sameAs":["https:\/\/www.facebook.com\/BoxRepsol\/","https:\/\/www.instagram.com\/box_repsol\/","https:\/\/x.com\/https:\/\/twitter.com\/box_repsol","https:\/\/www.youtube.com\/@Boxrepsol"],"url":"https:\/\/www.boxrepsol.com\/es\/author\/redaccion-box-repsol\/"}]}},"_links":{"self":[{"href":"https:\/\/www.boxrepsol.com\/es\/wp-json\/wp\/v2\/posts\/93673","targetHints":{"allow":["GET"]}}],"collection":[{"href":"https:\/\/www.boxrepsol.com\/es\/wp-json\/wp\/v2\/posts"}],"about":[{"href":"https:\/\/www.boxrepsol.com\/es\/wp-json\/wp\/v2\/types\/post"}],"author":[{"embeddable":true,"href":"https:\/\/www.boxrepsol.com\/es\/wp-json\/wp\/v2\/users\/43146"}],"replies":[{"embeddable":true,"href":"https:\/\/www.boxrepsol.com\/es\/wp-json\/wp\/v2\/comments?post=93673"}],"version-history":[{"count":1,"href":"https:\/\/www.boxrepsol.com\/es\/wp-json\/wp\/v2\/posts\/93673\/revisions"}],"predecessor-version":[{"id":93674,"href":"https:\/\/www.boxrepsol.com\/es\/wp-json\/wp\/v2\/posts\/93673\/revisions\/93674"}],"wp:featuredmedia":[{"embeddable":true,"href":"https:\/\/www.boxrepsol.com\/es\/wp-json\/wp\/v2\/media\/60736"}],"wp:attachment":[{"href":"https:\/\/www.boxrepsol.com\/es\/wp-json\/wp\/v2\/media?parent=93673"}],"wp:term":[{"taxonomy":"category","embeddable":true,"href":"https:\/\/www.boxrepsol.com\/es\/wp-json\/wp\/v2\/categories?post=93673"},{"taxonomy":"post_tag","embeddable":true,"href":"https:\/\/www.boxrepsol.com\/es\/wp-json\/wp\/v2\/tags?post=93673"}],"curies":[{"name":"wp","href":"https:\/\/api.w.org\/{rel}","templated":true}]}}