{"id":93669,"date":"2019-01-14T00:00:00","date_gmt":"2019-01-14T02:00:00","guid":{"rendered":"http:\/\/pre.boxrepsol.com\/sin-categorizar\/isidre-esteve-se-lleva-gran-susto-la-sexta-etapa-del-dakar-2019\/"},"modified":"2024-05-22T07:46:24","modified_gmt":"2024-05-22T09:46:24","slug":"isidre-esteve-se-lleva-gran-susto-la-sexta-etapa-del-dakar-2019","status":"publish","type":"post","link":"https:\/\/www.boxrepsol.com\/es\/rally\/isidre-esteve-se-lleva-gran-susto-la-sexta-etapa-del-dakar-2019\/","title":{"rendered":"Isidre Esteve se lleva un gran susto en la sexta etapa del Dakar 2019"},"content":{"rendered":"<p>Isidre Esteve ha vivido su momento m\u00e1s delicado del Dakar 2018. <strong>Su prototipo BV6 ha recibido el impacto de un buggy en una duna<\/strong> y ha estado a punto de abandonar. Por fortuna, todo ha quedado en un susto y gracias al gran trabajo del copiloto Txema Villalobos y a la ayuda de otros participantes,<strong> han podido rescatar el veh\u00edculo de la arena para seguir en carrera<\/strong> dos horas m\u00e1s tarde. Despu\u00e9s del incidente, el piloto del Repsol Rally Team ha reaccionado con bravura para llegar hasta la l\u00ednea de meta cerca del top 30.<\/p>\n<p>Tras la jornada de descanso, la carrera se ha reanudado con una <strong>sexta etapa entre Arequipa y San Juan de Marcona<\/strong>, que Isidre Esteve jam\u00e1s olvidar\u00e1. Mientras intentaba salir de las dunas de Tanaka, a la altura del kil\u00f3metro 20 de los 309 cronometrados, su veh\u00edculo se ve\u00eda involucrado en un incidente que pon\u00eda en serio peligro su continuidad en la competici\u00f3n.\u00a0<em>\u201cEst\u00e1bamos encallados en la arena, cuando nos ha ca\u00eddo un buggy encima\u201d<\/em>, explicaba el piloto de Oliana a su llegada al campamento, todav\u00eda impresionado.<\/p>\n<p><a href=\"https:\/\/bxrepsol.s3.eu-west-1.amazonaws.com\/static\/2022\/08\/05063441\/Dakar19_E6_Isidre_Esteve_3.jpg\" \n   title=\"Isidre Esteve en el coche parado\" \n   data-gallery-thumbnail=\"https:\/\/bxrepsol.s3.eu-west-1.amazonaws.com\/static\/2022\/08\/05063441\/Dakar19_E6_Isidre_Esteve_3.jpg\"\n   data-gallery-title=\"\"\n   data-gallery><\/p>\n<figure>\n        <picture style=\"padding-bottom: 66.638441998307%; background-image: url(https:\/\/bxrepsol.s3.eu-west-1.amazonaws.com\/static\/2022\/08\/05063441\/Dakar19_E6_Isidre_Esteve_3.jpg);\">\n            <img decoding=\"async\" src=\"https:\/\/bxrepsol.s3.eu-west-1.amazonaws.com\/static\/2022\/08\/05063441\/Dakar19_E6_Isidre_Esteve_3.jpg\"><br \/>\n            <img itemprop=\"image\"\n                data-srcset=\"https:\/\/bxrepsol.s3.eu-west-1.amazonaws.com\/static\/2022\/08\/05063441\/Dakar19_E6_Isidre_Esteve_3.jpg 480w, https:\/\/bxrepsol.s3.eu-west-1.amazonaws.com\/static\/2022\/08\/05063441\/Dakar19_E6_Isidre_Esteve_3.jpg 600w, https:\/\/bxrepsol.s3.eu-west-1.amazonaws.com\/static\/2022\/08\/05063441\/Dakar19_E6_Isidre_Esteve_3.jpg 900w\"\n                data-src=\"https:\/\/bxrepsol.s3.eu-west-1.amazonaws.com\/static\/2022\/08\/05063441\/Dakar19_E6_Isidre_Esteve_3.jpg\"\n                alt=\"Isidre Esteve en el coche parado\"\n                title=\"Isidre Esteve en el coche parado\"\/><br \/>\n            <noscript><img decoding=\"async\" src=\"https:\/\/bxrepsol.s3.eu-west-1.amazonaws.com\/static\/2022\/08\/05063441\/Dakar19_E6_Isidre_Esteve_3.jpg\" alt=\"Isidre Esteve en el coche parado\"><\/noscript>\n        <\/picture><figcaption>Isidre Esteve en el coche parado<\/figcaption><\/figure>\n<p><\/a><\/p>\n<p>Por fortuna y pese a la espectacularidad de la colisi\u00f3n, tanto Isidre Esteve como Txema Villalobos han resultado ilesos.\u00a0<em>\u201cLos dos estamos bien, aunque nos hemos llevado un buen susto. Yo estaba dentro del coche y Txema ha podido salir corriendo al escuchar que se acercaba el buggy\u201d<\/em>, narraba el piloto ilerdense que, a causa de su lesi\u00f3n medular no puede abandonar su veh\u00edculo.<\/p>\n<p>Tras el incidente, les ha resultado muy complicado salir del atolladero y no lo hubieran conseguido sin el auxilio del cami\u00f3n KH-7 Epsilon Team. Eso s\u00ed, han tardado alrededor de dos horas en poder reincorporarse a la carrera y con su prototipo BV6 muy lastimado, especialmente en su parte trasera.\u00a0<em>\u201cSin la ayuda de Jordi Juvanteny, Jos\u00e9 Luis Criado y Xavi Dom\u00e8nech todav\u00eda estar\u00edamos all\u00ed. Les estamos eternamente agradecidos\u201d<\/em>, insist\u00eda Isidre Esteve.<\/p>\n<p><a href=\"https:\/\/bxrepsol.s3.eu-west-1.amazonaws.com\/static\/2022\/08\/05063442\/Dakar19_E6_Isidre_Esteve_1.jpg\" \n   title=\"Isidre esteve rodando en dunas\" \n   data-gallery-thumbnail=\"https:\/\/bxrepsol.s3.eu-west-1.amazonaws.com\/static\/2022\/08\/05063442\/Dakar19_E6_Isidre_Esteve_1.jpg\"\n   data-gallery-title=\"\"\n   data-gallery><\/p>\n<figure>\n        <picture style=\"padding-bottom: 56.308213378493%; background-image: url(https:\/\/bxrepsol.s3.eu-west-1.amazonaws.com\/static\/2022\/08\/05063442\/Dakar19_E6_Isidre_Esteve_1.jpg);\">\n            <img decoding=\"async\" src=\"https:\/\/bxrepsol.s3.eu-west-1.amazonaws.com\/static\/2022\/08\/05063442\/Dakar19_E6_Isidre_Esteve_1.jpg\"><br \/>\n            <img itemprop=\"image\"\n                data-srcset=\"https:\/\/bxrepsol.s3.eu-west-1.amazonaws.com\/static\/2022\/08\/05063442\/Dakar19_E6_Isidre_Esteve_1.jpg 480w, https:\/\/bxrepsol.s3.eu-west-1.amazonaws.com\/static\/2022\/08\/05063442\/Dakar19_E6_Isidre_Esteve_1.jpg 600w, https:\/\/bxrepsol.s3.eu-west-1.amazonaws.com\/static\/2022\/08\/05063442\/Dakar19_E6_Isidre_Esteve_1.jpg 900w\"\n                data-src=\"https:\/\/bxrepsol.s3.eu-west-1.amazonaws.com\/static\/2022\/08\/05063442\/Dakar19_E6_Isidre_Esteve_1.jpg\"\n                alt=\"Isidre esteve rodando en dunas\"\n                title=\"Isidre Esteve Repsol Rally Team\"\/><br \/>\n            <noscript><img decoding=\"async\" src=\"https:\/\/bxrepsol.s3.eu-west-1.amazonaws.com\/static\/2022\/08\/05063442\/Dakar19_E6_Isidre_Esteve_1.jpg\" alt=\"Isidre esteve rodando en dunas\"><\/noscript>\n        <\/picture><figcaption>Isidre esteve rodando en dunas<\/figcaption><\/figure>\n<p><\/a><\/p>\n<p>A pesar del sobresalto, <strong>el ilerdense ha tirado de coraje para pilotar a un gran ritmo<\/strong> despu\u00e9s del tramo intermedio de neutralizaci\u00f3n. De ah\u00ed hasta el final de la etapa les aguardaban 233 kil\u00f3metros de especial, en los que han conseguido remontar una veintena de posiciones, desde la 56 que marcaba en el way point 1.<\/p>\n<p><em>\u201cDespu\u00e9s de un inicio muy dif\u00edcil, en la segunda parte de la especial hemos rodado a muy buen ritmo, hasta que a falta de 50 kil\u00f3metros nos hemos visto atrapados en un ca\u00f1\u00f3n bloqueado y all\u00ed hemos estado parados otra hora, aunque la organizaci\u00f3n ha dicho que nos la devolver\u00e1n\u2026 Ha sido un d\u00eda duro, ya que salimos del campamento a las 5 de la ma\u00f1ana y volvemos a las 21h45\u2026 pero esto es el Dakar\u201d<\/em>, comentaba el piloto sin perder su habitual buen humor.<\/p>\n<p>Su tiempo de 8 horas, 15 minutos y 14 segundos le ha otorgado la 39\u00aa plaza de la jornada, aunque ganar\u00e1 varios puestos cuando reciba el tiempo perdido en el ca\u00f1\u00f3n. <strong>A falta de sus registros oficiales, Isidre Esteve figura en 27\u00ba lugar de la general, desde donde tratar\u00e1 de remontar a partir de este lunes<\/strong>, cuando se celebre la s\u00e9ptima etapa, un bucle con salida y llegada a San Juan de Marcona, con una especial de 323 kil\u00f3metros.\u00a0<em>\u201cLo realmente importante es que seguimos en carrera sanos y salvos y que el coche a nivel mec\u00e1nico est\u00e1 perfecto\u201d<\/em>, sentenciaba con alivio<em>.<\/em><\/p>\n<p>                <!-- Imagen relacionada --><\/p>\n<p>                <!-- Categor\u00eda --><br \/>\n            Rally<br \/>\n        <!-- T\u00edtulo --><br \/>\n        <a href=\"https:\/\/www.boxrepsol.com\/es\/rally\/primer-objetivo-cumplido-isidre-esteve-dakar-2019\/\"><\/p>\n<h3>Primer objetivo cumplido para Isidre Esteve en el Dakar 2019<\/h3>\n<p>        <\/a><br \/>\n                    <!-- Fecha --><br \/>\n            hace 1 hora<\/p>\n","protected":false},"excerpt":{"rendered":"<p>Su prototipo ha sido golpeado por otro veh\u00edculo mientras trataba de salir de las dunas de Tanaka y ha permanecido m\u00e1s de dos horas parado.<\/p>\n","protected":false},"author":43146,"featured_media":60720,"comment_status":"open","ping_status":"open","sticky":false,"template":"","format":"standard","meta":{"footnotes":""},"categories":[27],"tags":[183],"class_list":["post-93669","post","type-post","status-publish","format-standard","hentry","category-rally","tag-repsol-rally-team"],"yoast_head":"<!-- This site is optimized with the Yoast SEO plugin v27.3 - https:\/\/yoast.com\/product\/yoast-seo-wordpress\/ -->\n<title>Isidre Esteve se lleva un gran susto en la sexta etapa del Dakar 2019 - Box Repsol<\/title>\n<meta name=\"description\" content=\"Su prototipo ha sido golpeado por otro veh\u00edculo mientras trataba de salir de las dunas de Tanaka y ha permanecido m\u00e1s de dos horas parado.\" \/>\n<link rel=\"canonical\" href=\"https:\/\/www.boxrepsol.com\/es\/rally\/isidre-esteve-se-lleva-gran-susto-la-sexta-etapa-del-dakar-2019\/\" \/>\n<meta property=\"og:locale\" content=\"es_ES\" \/>\n<meta property=\"og:type\" content=\"article\" \/>\n<meta property=\"og:title\" content=\"Isidre Esteve se lleva un gran susto en la sexta etapa del Dakar 2019 - Box Repsol\" \/>\n<meta property=\"og:description\" content=\"Su prototipo ha sido golpeado por otro veh\u00edculo mientras trataba de salir de las dunas de Tanaka y ha permanecido m\u00e1s de dos horas parado.\" \/>\n<meta property=\"og:url\" content=\"https:\/\/www.boxrepsol.com\/es\/rally\/isidre-esteve-se-lleva-gran-susto-la-sexta-etapa-del-dakar-2019\/\" \/>\n<meta property=\"og:site_name\" content=\"Box Repsol\" \/>\n<meta property=\"article:publisher\" content=\"https:\/\/www.facebook.com\/BoxRepsol\" \/>\n<meta property=\"article:author\" content=\"https:\/\/www.facebook.com\/BoxRepsol\/\" \/>\n<meta property=\"article:published_time\" content=\"2019-01-14T02:00:00+00:00\" \/>\n<meta property=\"article:modified_time\" content=\"2024-05-22T09:46:24+00:00\" \/>\n<meta property=\"og:image\" content=\"https:\/\/bxrepsol.s3.eu-west-1.amazonaws.com\/static\/2022\/08\/29084219\/01_isidre_esteve_repsol_rally_team_sodicar_bv6_dakar_2019_peru.jpg\" \/>\n\t<meta property=\"og:image:width\" content=\"1280\" \/>\n\t<meta property=\"og:image:height\" content=\"600\" \/>\n\t<meta property=\"og:image:type\" content=\"image\/jpeg\" \/>\n<meta name=\"author\" content=\"Redacci\u00f3n Box Repsol\" \/>\n<meta name=\"twitter:card\" content=\"summary_large_image\" \/>\n<meta name=\"twitter:creator\" content=\"@https:\/\/twitter.com\/box_repsol\" \/>\n<meta name=\"twitter:site\" content=\"@box_repsol\" \/>\n<meta name=\"twitter:label1\" content=\"Written by\" \/>\n\t<meta name=\"twitter:data1\" content=\"Redacci\u00f3n Box Repsol\" \/>\n\t<meta name=\"twitter:label2\" content=\"Est. reading time\" \/>\n\t<meta name=\"twitter:data2\" content=\"3 minutos\" \/>\n<script type=\"application\/ld+json\" class=\"yoast-schema-graph\">{\"@context\":\"https:\\\/\\\/schema.org\",\"@graph\":[{\"@type\":\"Article\",\"@id\":\"https:\\\/\\\/www.boxrepsol.com\\\/es\\\/rally\\\/isidre-esteve-se-lleva-gran-susto-la-sexta-etapa-del-dakar-2019\\\/#article\",\"isPartOf\":{\"@id\":\"https:\\\/\\\/www.boxrepsol.com\\\/es\\\/rally\\\/isidre-esteve-se-lleva-gran-susto-la-sexta-etapa-del-dakar-2019\\\/\"},\"author\":{\"name\":\"Redacci\u00f3n Box Repsol\",\"@id\":\"https:\\\/\\\/www.boxrepsol.com\\\/es\\\/#\\\/schema\\\/person\\\/c5c2138f2cca251b0ad92b7086bb60b7\"},\"headline\":\"Isidre Esteve se lleva un gran susto en la sexta etapa del Dakar 2019\",\"datePublished\":\"2019-01-14T02:00:00+00:00\",\"dateModified\":\"2024-05-22T09:46:24+00:00\",\"mainEntityOfPage\":{\"@id\":\"https:\\\/\\\/www.boxrepsol.com\\\/es\\\/rally\\\/isidre-esteve-se-lleva-gran-susto-la-sexta-etapa-del-dakar-2019\\\/\"},\"wordCount\":618,\"commentCount\":0,\"publisher\":{\"@id\":\"https:\\\/\\\/www.boxrepsol.com\\\/es\\\/#organization\"},\"image\":{\"@id\":\"https:\\\/\\\/www.boxrepsol.com\\\/es\\\/rally\\\/isidre-esteve-se-lleva-gran-susto-la-sexta-etapa-del-dakar-2019\\\/#primaryimage\"},\"thumbnailUrl\":\"https:\\\/\\\/bxrepsol.s3.eu-west-1.amazonaws.com\\\/static\\\/2022\\\/08\\\/29084219\\\/01_isidre_esteve_repsol_rally_team_sodicar_bv6_dakar_2019_peru.jpg\",\"keywords\":[\"Repsol Rally Team\"],\"articleSection\":[\"Rally\"],\"inLanguage\":\"es\",\"potentialAction\":[{\"@type\":\"CommentAction\",\"name\":\"Comment\",\"target\":[\"https:\\\/\\\/www.boxrepsol.com\\\/es\\\/rally\\\/isidre-esteve-se-lleva-gran-susto-la-sexta-etapa-del-dakar-2019\\\/#respond\"]}]},{\"@type\":\"WebPage\",\"@id\":\"https:\\\/\\\/www.boxrepsol.com\\\/es\\\/rally\\\/isidre-esteve-se-lleva-gran-susto-la-sexta-etapa-del-dakar-2019\\\/\",\"url\":\"https:\\\/\\\/www.boxrepsol.com\\\/es\\\/rally\\\/isidre-esteve-se-lleva-gran-susto-la-sexta-etapa-del-dakar-2019\\\/\",\"name\":\"Isidre Esteve se lleva un gran susto en la sexta etapa del Dakar 2019 - Box Repsol\",\"isPartOf\":{\"@id\":\"https:\\\/\\\/www.boxrepsol.com\\\/es\\\/#website\"},\"primaryImageOfPage\":{\"@id\":\"https:\\\/\\\/www.boxrepsol.com\\\/es\\\/rally\\\/isidre-esteve-se-lleva-gran-susto-la-sexta-etapa-del-dakar-2019\\\/#primaryimage\"},\"image\":{\"@id\":\"https:\\\/\\\/www.boxrepsol.com\\\/es\\\/rally\\\/isidre-esteve-se-lleva-gran-susto-la-sexta-etapa-del-dakar-2019\\\/#primaryimage\"},\"thumbnailUrl\":\"https:\\\/\\\/bxrepsol.s3.eu-west-1.amazonaws.com\\\/static\\\/2022\\\/08\\\/29084219\\\/01_isidre_esteve_repsol_rally_team_sodicar_bv6_dakar_2019_peru.jpg\",\"datePublished\":\"2019-01-14T02:00:00+00:00\",\"dateModified\":\"2024-05-22T09:46:24+00:00\",\"description\":\"Su prototipo ha sido golpeado por otro veh\u00edculo mientras trataba de salir de las dunas de Tanaka y ha permanecido m\u00e1s de dos horas parado.\",\"breadcrumb\":{\"@id\":\"https:\\\/\\\/www.boxrepsol.com\\\/es\\\/rally\\\/isidre-esteve-se-lleva-gran-susto-la-sexta-etapa-del-dakar-2019\\\/#breadcrumb\"},\"inLanguage\":\"es\",\"potentialAction\":[{\"@type\":\"ReadAction\",\"target\":[\"https:\\\/\\\/www.boxrepsol.com\\\/es\\\/rally\\\/isidre-esteve-se-lleva-gran-susto-la-sexta-etapa-del-dakar-2019\\\/\"]}]},{\"@type\":\"ImageObject\",\"inLanguage\":\"es\",\"@id\":\"https:\\\/\\\/www.boxrepsol.com\\\/es\\\/rally\\\/isidre-esteve-se-lleva-gran-susto-la-sexta-etapa-del-dakar-2019\\\/#primaryimage\",\"url\":\"https:\\\/\\\/bxrepsol.s3.eu-west-1.amazonaws.com\\\/static\\\/2022\\\/08\\\/29084219\\\/01_isidre_esteve_repsol_rally_team_sodicar_bv6_dakar_2019_peru.jpg\",\"contentUrl\":\"https:\\\/\\\/bxrepsol.s3.eu-west-1.amazonaws.com\\\/static\\\/2022\\\/08\\\/29084219\\\/01_isidre_esteve_repsol_rally_team_sodicar_bv6_dakar_2019_peru.jpg\",\"width\":1280,\"height\":600,\"caption\":\"SodicarsBV6 Repsol Rally Team\"},{\"@type\":\"BreadcrumbList\",\"@id\":\"https:\\\/\\\/www.boxrepsol.com\\\/es\\\/rally\\\/isidre-esteve-se-lleva-gran-susto-la-sexta-etapa-del-dakar-2019\\\/#breadcrumb\",\"itemListElement\":[{\"@type\":\"ListItem\",\"position\":1,\"name\":\"Home\",\"item\":\"https:\\\/\\\/www.boxrepsol.com\\\/es\\\/\"},{\"@type\":\"ListItem\",\"position\":2,\"name\":\"Isidre Esteve se lleva un gran susto en la sexta etapa del Dakar 2019\"}]},{\"@type\":\"WebSite\",\"@id\":\"https:\\\/\\\/www.boxrepsol.com\\\/es\\\/#website\",\"url\":\"https:\\\/\\\/www.boxrepsol.com\\\/es\\\/\",\"name\":\"Box Repsol\",\"description\":\"Box Repsol Site\",\"publisher\":{\"@id\":\"https:\\\/\\\/www.boxrepsol.com\\\/es\\\/#organization\"},\"potentialAction\":[{\"@type\":\"SearchAction\",\"target\":{\"@type\":\"EntryPoint\",\"urlTemplate\":\"https:\\\/\\\/www.boxrepsol.com\\\/es\\\/?s={search_term_string}\"},\"query-input\":{\"@type\":\"PropertyValueSpecification\",\"valueRequired\":true,\"valueName\":\"search_term_string\"}}],\"inLanguage\":\"es\"},{\"@type\":\"Organization\",\"@id\":\"https:\\\/\\\/www.boxrepsol.com\\\/es\\\/#organization\",\"name\":\"Box Repsol\",\"url\":\"https:\\\/\\\/www.boxrepsol.com\\\/es\\\/\",\"logo\":{\"@type\":\"ImageObject\",\"inLanguage\":\"es\",\"@id\":\"https:\\\/\\\/www.boxrepsol.com\\\/es\\\/#\\\/schema\\\/logo\\\/image\\\/\",\"url\":\"https:\\\/\\\/bxrepsol.s3.eu-west-1.amazonaws.com\\\/static\\\/2025\\\/07\\\/30083337\\\/favicon-96x96-1.png\",\"contentUrl\":\"https:\\\/\\\/bxrepsol.s3.eu-west-1.amazonaws.com\\\/static\\\/2025\\\/07\\\/30083337\\\/favicon-96x96-1.png\",\"width\":96,\"height\":96,\"caption\":\"Box Repsol\"},\"image\":{\"@id\":\"https:\\\/\\\/www.boxrepsol.com\\\/es\\\/#\\\/schema\\\/logo\\\/image\\\/\"},\"sameAs\":[\"https:\\\/\\\/www.facebook.com\\\/BoxRepsol\",\"https:\\\/\\\/x.com\\\/box_repsol\",\"http:\\\/\\\/instagram.com\\\/box_repsol\",\"https:\\\/\\\/www.youtube.com\\\/user\\\/RepsolCompeticion\",\"https:\\\/\\\/www.flickr.com\\\/photos\\\/box_repsol\\\/\"]},{\"@type\":\"Person\",\"@id\":\"https:\\\/\\\/www.boxrepsol.com\\\/es\\\/#\\\/schema\\\/person\\\/c5c2138f2cca251b0ad92b7086bb60b7\",\"name\":\"Redacci\u00f3n Box Repsol\",\"image\":{\"@type\":\"ImageObject\",\"inLanguage\":\"es\",\"@id\":\"https:\\\/\\\/secure.gravatar.com\\\/avatar\\\/adf7b77e38b4419baf32c7e9c21dde01f4e40df611f0978e3006fc4ba0aaab7e?s=96&d=mm&r=g\",\"url\":\"https:\\\/\\\/secure.gravatar.com\\\/avatar\\\/adf7b77e38b4419baf32c7e9c21dde01f4e40df611f0978e3006fc4ba0aaab7e?s=96&d=mm&r=g\",\"contentUrl\":\"https:\\\/\\\/secure.gravatar.com\\\/avatar\\\/adf7b77e38b4419baf32c7e9c21dde01f4e40df611f0978e3006fc4ba0aaab7e?s=96&d=mm&r=g\",\"caption\":\"Redacci\u00f3n Box Repsol\"},\"description\":\"Box Repsol lo forma un equipo de periodistas, community managers, dise\u00f1adores y fot\u00f3grafos con m\u00e1s de 20 a\u00f1os de experiencia en el mundo del motorsport. Hemos vivido el primer mundial de un espa\u00f1ol en la categor\u00eda reina de motociclismo con \u00c1lex Crivill\u00e9, estuvimos en las victorias de Pedrosa y los t\u00edtulos de M\u00e1rquez, acompa\u00f1amos en \u00c1frica a Nani Roma y Marc Coma en sus conquistas del Dakar y hemos vibrado con los t\u00edtulos de Toni Bou en Trial. Adem\u00e1s, en nuestro equipo contamos con expertos en el mundo de las dos y cuatro ruedas tanto de la calle y las carreteras, como de los circuitos. Periodistas que han trabajado en revistas y publicaciones para hacerte llegar desde rutas y consejos de mantenimiento, a curiosidades y trucos de pilotaje.\",\"sameAs\":[\"https:\\\/\\\/www.facebook.com\\\/BoxRepsol\\\/\",\"https:\\\/\\\/www.instagram.com\\\/box_repsol\\\/\",\"https:\\\/\\\/x.com\\\/https:\\\/\\\/twitter.com\\\/box_repsol\",\"https:\\\/\\\/www.youtube.com\\\/@Boxrepsol\"],\"url\":\"https:\\\/\\\/www.boxrepsol.com\\\/es\\\/author\\\/redaccion-box-repsol\\\/\"}]}<\/script>\n<!-- \/ Yoast SEO plugin. -->","yoast_head_json":{"title":"Isidre Esteve se lleva un gran susto en la sexta etapa del Dakar 2019 - Box Repsol","description":"Su prototipo ha sido golpeado por otro veh\u00edculo mientras trataba de salir de las dunas de Tanaka y ha permanecido m\u00e1s de dos horas parado.","canonical":"https:\/\/www.boxrepsol.com\/es\/rally\/isidre-esteve-se-lleva-gran-susto-la-sexta-etapa-del-dakar-2019\/","og_locale":"es_ES","og_type":"article","og_title":"Isidre Esteve se lleva un gran susto en la sexta etapa del Dakar 2019 - Box Repsol","og_description":"Su prototipo ha sido golpeado por otro veh\u00edculo mientras trataba de salir de las dunas de Tanaka y ha permanecido m\u00e1s de dos horas parado.","og_url":"https:\/\/www.boxrepsol.com\/es\/rally\/isidre-esteve-se-lleva-gran-susto-la-sexta-etapa-del-dakar-2019\/","og_site_name":"Box Repsol","article_publisher":"https:\/\/www.facebook.com\/BoxRepsol","article_author":"https:\/\/www.facebook.com\/BoxRepsol\/","article_published_time":"2019-01-14T02:00:00+00:00","article_modified_time":"2024-05-22T09:46:24+00:00","og_image":[{"width":1280,"height":600,"url":"https:\/\/bxrepsol.s3.eu-west-1.amazonaws.com\/static\/2022\/08\/29084219\/01_isidre_esteve_repsol_rally_team_sodicar_bv6_dakar_2019_peru.jpg","type":"image\/jpeg"}],"author":"Redacci\u00f3n Box Repsol","twitter_card":"summary_large_image","twitter_creator":"@https:\/\/twitter.com\/box_repsol","twitter_site":"@box_repsol","twitter_misc":{"Written by":"Redacci\u00f3n Box Repsol","Est. reading time":"3 minutos"},"schema":{"@context":"https:\/\/schema.org","@graph":[{"@type":"Article","@id":"https:\/\/www.boxrepsol.com\/es\/rally\/isidre-esteve-se-lleva-gran-susto-la-sexta-etapa-del-dakar-2019\/#article","isPartOf":{"@id":"https:\/\/www.boxrepsol.com\/es\/rally\/isidre-esteve-se-lleva-gran-susto-la-sexta-etapa-del-dakar-2019\/"},"author":{"name":"Redacci\u00f3n Box Repsol","@id":"https:\/\/www.boxrepsol.com\/es\/#\/schema\/person\/c5c2138f2cca251b0ad92b7086bb60b7"},"headline":"Isidre Esteve se lleva un gran susto en la sexta etapa del Dakar 2019","datePublished":"2019-01-14T02:00:00+00:00","dateModified":"2024-05-22T09:46:24+00:00","mainEntityOfPage":{"@id":"https:\/\/www.boxrepsol.com\/es\/rally\/isidre-esteve-se-lleva-gran-susto-la-sexta-etapa-del-dakar-2019\/"},"wordCount":618,"commentCount":0,"publisher":{"@id":"https:\/\/www.boxrepsol.com\/es\/#organization"},"image":{"@id":"https:\/\/www.boxrepsol.com\/es\/rally\/isidre-esteve-se-lleva-gran-susto-la-sexta-etapa-del-dakar-2019\/#primaryimage"},"thumbnailUrl":"https:\/\/bxrepsol.s3.eu-west-1.amazonaws.com\/static\/2022\/08\/29084219\/01_isidre_esteve_repsol_rally_team_sodicar_bv6_dakar_2019_peru.jpg","keywords":["Repsol Rally Team"],"articleSection":["Rally"],"inLanguage":"es","potentialAction":[{"@type":"CommentAction","name":"Comment","target":["https:\/\/www.boxrepsol.com\/es\/rally\/isidre-esteve-se-lleva-gran-susto-la-sexta-etapa-del-dakar-2019\/#respond"]}]},{"@type":"WebPage","@id":"https:\/\/www.boxrepsol.com\/es\/rally\/isidre-esteve-se-lleva-gran-susto-la-sexta-etapa-del-dakar-2019\/","url":"https:\/\/www.boxrepsol.com\/es\/rally\/isidre-esteve-se-lleva-gran-susto-la-sexta-etapa-del-dakar-2019\/","name":"Isidre Esteve se lleva un gran susto en la sexta etapa del Dakar 2019 - Box Repsol","isPartOf":{"@id":"https:\/\/www.boxrepsol.com\/es\/#website"},"primaryImageOfPage":{"@id":"https:\/\/www.boxrepsol.com\/es\/rally\/isidre-esteve-se-lleva-gran-susto-la-sexta-etapa-del-dakar-2019\/#primaryimage"},"image":{"@id":"https:\/\/www.boxrepsol.com\/es\/rally\/isidre-esteve-se-lleva-gran-susto-la-sexta-etapa-del-dakar-2019\/#primaryimage"},"thumbnailUrl":"https:\/\/bxrepsol.s3.eu-west-1.amazonaws.com\/static\/2022\/08\/29084219\/01_isidre_esteve_repsol_rally_team_sodicar_bv6_dakar_2019_peru.jpg","datePublished":"2019-01-14T02:00:00+00:00","dateModified":"2024-05-22T09:46:24+00:00","description":"Su prototipo ha sido golpeado por otro veh\u00edculo mientras trataba de salir de las dunas de Tanaka y ha permanecido m\u00e1s de dos horas parado.","breadcrumb":{"@id":"https:\/\/www.boxrepsol.com\/es\/rally\/isidre-esteve-se-lleva-gran-susto-la-sexta-etapa-del-dakar-2019\/#breadcrumb"},"inLanguage":"es","potentialAction":[{"@type":"ReadAction","target":["https:\/\/www.boxrepsol.com\/es\/rally\/isidre-esteve-se-lleva-gran-susto-la-sexta-etapa-del-dakar-2019\/"]}]},{"@type":"ImageObject","inLanguage":"es","@id":"https:\/\/www.boxrepsol.com\/es\/rally\/isidre-esteve-se-lleva-gran-susto-la-sexta-etapa-del-dakar-2019\/#primaryimage","url":"https:\/\/bxrepsol.s3.eu-west-1.amazonaws.com\/static\/2022\/08\/29084219\/01_isidre_esteve_repsol_rally_team_sodicar_bv6_dakar_2019_peru.jpg","contentUrl":"https:\/\/bxrepsol.s3.eu-west-1.amazonaws.com\/static\/2022\/08\/29084219\/01_isidre_esteve_repsol_rally_team_sodicar_bv6_dakar_2019_peru.jpg","width":1280,"height":600,"caption":"SodicarsBV6 Repsol Rally Team"},{"@type":"BreadcrumbList","@id":"https:\/\/www.boxrepsol.com\/es\/rally\/isidre-esteve-se-lleva-gran-susto-la-sexta-etapa-del-dakar-2019\/#breadcrumb","itemListElement":[{"@type":"ListItem","position":1,"name":"Home","item":"https:\/\/www.boxrepsol.com\/es\/"},{"@type":"ListItem","position":2,"name":"Isidre Esteve se lleva un gran susto en la sexta etapa del Dakar 2019"}]},{"@type":"WebSite","@id":"https:\/\/www.boxrepsol.com\/es\/#website","url":"https:\/\/www.boxrepsol.com\/es\/","name":"Box Repsol","description":"Box Repsol Site","publisher":{"@id":"https:\/\/www.boxrepsol.com\/es\/#organization"},"potentialAction":[{"@type":"SearchAction","target":{"@type":"EntryPoint","urlTemplate":"https:\/\/www.boxrepsol.com\/es\/?s={search_term_string}"},"query-input":{"@type":"PropertyValueSpecification","valueRequired":true,"valueName":"search_term_string"}}],"inLanguage":"es"},{"@type":"Organization","@id":"https:\/\/www.boxrepsol.com\/es\/#organization","name":"Box Repsol","url":"https:\/\/www.boxrepsol.com\/es\/","logo":{"@type":"ImageObject","inLanguage":"es","@id":"https:\/\/www.boxrepsol.com\/es\/#\/schema\/logo\/image\/","url":"https:\/\/bxrepsol.s3.eu-west-1.amazonaws.com\/static\/2025\/07\/30083337\/favicon-96x96-1.png","contentUrl":"https:\/\/bxrepsol.s3.eu-west-1.amazonaws.com\/static\/2025\/07\/30083337\/favicon-96x96-1.png","width":96,"height":96,"caption":"Box Repsol"},"image":{"@id":"https:\/\/www.boxrepsol.com\/es\/#\/schema\/logo\/image\/"},"sameAs":["https:\/\/www.facebook.com\/BoxRepsol","https:\/\/x.com\/box_repsol","http:\/\/instagram.com\/box_repsol","https:\/\/www.youtube.com\/user\/RepsolCompeticion","https:\/\/www.flickr.com\/photos\/box_repsol\/"]},{"@type":"Person","@id":"https:\/\/www.boxrepsol.com\/es\/#\/schema\/person\/c5c2138f2cca251b0ad92b7086bb60b7","name":"Redacci\u00f3n Box Repsol","image":{"@type":"ImageObject","inLanguage":"es","@id":"https:\/\/secure.gravatar.com\/avatar\/adf7b77e38b4419baf32c7e9c21dde01f4e40df611f0978e3006fc4ba0aaab7e?s=96&d=mm&r=g","url":"https:\/\/secure.gravatar.com\/avatar\/adf7b77e38b4419baf32c7e9c21dde01f4e40df611f0978e3006fc4ba0aaab7e?s=96&d=mm&r=g","contentUrl":"https:\/\/secure.gravatar.com\/avatar\/adf7b77e38b4419baf32c7e9c21dde01f4e40df611f0978e3006fc4ba0aaab7e?s=96&d=mm&r=g","caption":"Redacci\u00f3n Box Repsol"},"description":"Box Repsol lo forma un equipo de periodistas, community managers, dise\u00f1adores y fot\u00f3grafos con m\u00e1s de 20 a\u00f1os de experiencia en el mundo del motorsport. Hemos vivido el primer mundial de un espa\u00f1ol en la categor\u00eda reina de motociclismo con \u00c1lex Crivill\u00e9, estuvimos en las victorias de Pedrosa y los t\u00edtulos de M\u00e1rquez, acompa\u00f1amos en \u00c1frica a Nani Roma y Marc Coma en sus conquistas del Dakar y hemos vibrado con los t\u00edtulos de Toni Bou en Trial. Adem\u00e1s, en nuestro equipo contamos con expertos en el mundo de las dos y cuatro ruedas tanto de la calle y las carreteras, como de los circuitos. Periodistas que han trabajado en revistas y publicaciones para hacerte llegar desde rutas y consejos de mantenimiento, a curiosidades y trucos de pilotaje.","sameAs":["https:\/\/www.facebook.com\/BoxRepsol\/","https:\/\/www.instagram.com\/box_repsol\/","https:\/\/x.com\/https:\/\/twitter.com\/box_repsol","https:\/\/www.youtube.com\/@Boxrepsol"],"url":"https:\/\/www.boxrepsol.com\/es\/author\/redaccion-box-repsol\/"}]}},"_links":{"self":[{"href":"https:\/\/www.boxrepsol.com\/es\/wp-json\/wp\/v2\/posts\/93669","targetHints":{"allow":["GET"]}}],"collection":[{"href":"https:\/\/www.boxrepsol.com\/es\/wp-json\/wp\/v2\/posts"}],"about":[{"href":"https:\/\/www.boxrepsol.com\/es\/wp-json\/wp\/v2\/types\/post"}],"author":[{"embeddable":true,"href":"https:\/\/www.boxrepsol.com\/es\/wp-json\/wp\/v2\/users\/43146"}],"replies":[{"embeddable":true,"href":"https:\/\/www.boxrepsol.com\/es\/wp-json\/wp\/v2\/comments?post=93669"}],"version-history":[{"count":2,"href":"https:\/\/www.boxrepsol.com\/es\/wp-json\/wp\/v2\/posts\/93669\/revisions"}],"predecessor-version":[{"id":108333,"href":"https:\/\/www.boxrepsol.com\/es\/wp-json\/wp\/v2\/posts\/93669\/revisions\/108333"}],"wp:featuredmedia":[{"embeddable":true,"href":"https:\/\/www.boxrepsol.com\/es\/wp-json\/wp\/v2\/media\/60720"}],"wp:attachment":[{"href":"https:\/\/www.boxrepsol.com\/es\/wp-json\/wp\/v2\/media?parent=93669"}],"wp:term":[{"taxonomy":"category","embeddable":true,"href":"https:\/\/www.boxrepsol.com\/es\/wp-json\/wp\/v2\/categories?post=93669"},{"taxonomy":"post_tag","embeddable":true,"href":"https:\/\/www.boxrepsol.com\/es\/wp-json\/wp\/v2\/tags?post=93669"}],"curies":[{"name":"wp","href":"https:\/\/api.w.org\/{rel}","templated":true}]}}