{"id":93667,"date":"2019-01-14T00:00:00","date_gmt":"2019-01-14T02:00:00","guid":{"rendered":"http:\/\/pre.boxrepsol.com\/sin-categorizar\/txema-villalobos-la-sombra-isidre-esteve-dakar\/"},"modified":"2024-10-09T12:41:45","modified_gmt":"2024-10-09T14:41:45","slug":"txema-villalobos-la-sombra-isidre-esteve-dakar","status":"publish","type":"post","link":"https:\/\/www.boxrepsol.com\/es\/rally\/txema-villalobos-la-sombra-isidre-esteve-dakar\/","title":{"rendered":"Txema Villalobos, la sombra de Isidre Esteve en el Dakar"},"content":{"rendered":"<p>\u201c<em>El Repsol Rally Team es una familia y me siento orgulloso de formar parte de ella\u201d<\/em>. Son palabras de<strong> Txema Villalobos, el copiloto de Isidre Esteve desde que hace 10 a\u00f1os se aventur\u00f3 a disputar el Dakar en coches<\/strong>. Este 2019, el gerundense vive su cuarta participaci\u00f3n en la prueba del motor m\u00e1s dura del planeta y confiesa que\u00a0<em>\u201ces un placer hacerlo junto a una persona como Isidre, todo un ejemplo de vitalidad\u201d.<\/em><\/p>\n<p><em>\u201cConoc\u00ed a Isidre en 2008, cuando prepar\u00e9 el veh\u00edculo con el que disput\u00f3 su primer Dakar en coche y le acompa\u00f1\u00e9 a Argentina como jefe de mec\u00e1nicos. Conectamos muy r\u00e1pido y entablamos una gran amistad. Desde entonces, tenemos una relaci\u00f3n muy especial que nos permite entendernos perfectamente dentro y fuera del coche\u201d<\/em>, explica Villalobos.<\/p>\n<p>Todav\u00eda se emociona al recordar la llamada telef\u00f3nica que le cambi\u00f3 la vida.\u00a0<em>\u201cIsidre me llam\u00f3 para preguntarme si querr\u00eda acompa\u00f1arle como copiloto en el Dakar\u2026 y acept\u00e9 sin pensarlo porque es una persona que contagia optimismo y estar a su lado es un sue\u00f1o<\/em>\u201d, confiesa el de Calonge. Y eso que, aunque hab\u00eda participado en alg\u00fan rally como copiloto,<strong> jam\u00e1s lo hab\u00eda hecho en una prueba tan exigente como el Dakar<\/strong>.<\/p>\n<figure><picture style=\"padding-bottom: 66.553767993226%; background-image: url('https:\/\/bxrepsol.s3.eu-west-1.amazonaws.com\/static\/2022\/08\/05063434\/Dakar19_Descanso_Isidre_Esteve_4.jpg');\"> <img decoding=\"async\" src=\"https:\/\/bxrepsol.s3.eu-west-1.amazonaws.com\/static\/2022\/08\/05063434\/Dakar19_Descanso_Isidre_Esteve_4.jpg\" \/><\/picture>\n<picture style=\"padding-bottom: 66.553767993226%; background-image: url('https:\/\/bxrepsol.s3.eu-west-1.amazonaws.com\/static\/2022\/08\/05063434\/Dakar19_Descanso_Isidre_Esteve_4.jpg');\"><img title=\"Isidre Esteve y Txema villalobos frente al coche del Repsol Rally Team\" alt=\"Isidre Esteve y Txema villalobos frente al coche del Repsol Rally Team\" data-srcset=\"https:\/\/bxrepsol.s3.eu-west-1.amazonaws.com\/static\/2022\/08\/05063434\/Dakar19_Descanso_Isidre_Esteve_4.jpg 480w, https:\/\/bxrepsol.s3.eu-west-1.amazonaws.com\/static\/2022\/08\/05063434\/Dakar19_Descanso_Isidre_Esteve_4.jpg 600w, https:\/\/bxrepsol.s3.eu-west-1.amazonaws.com\/static\/2022\/08\/05063434\/Dakar19_Descanso_Isidre_Esteve_4.jpg 900w\" data-src=\"https:\/\/bxrepsol.s3.eu-west-1.amazonaws.com\/static\/2022\/08\/05063434\/Dakar19_Descanso_Isidre_Esteve_4.jpg\" \/><\/picture>\n<noscript><img decoding=\"async\" src=\"https:\/\/bxrepsol.s3.eu-west-1.amazonaws.com\/static\/2022\/08\/05063434\/Dakar19_Descanso_Isidre_Esteve_4.jpg\" alt=\"Isidre Esteve y Txema villalobos frente al coche del Repsol Rally Team\"><\/noscript><figcaption>Isidre Esteve y Txema villalobos frente al coche del Repsol Rally Team<\/figcaption><\/figure>\n<blockquote>\n<p>\u00abCorrer junto a Isidre Esteve es un placer, porque siempre mira hacia adelante y contagia positivismo\u201d.<\/p><\/blockquote>\n<p>Desde su debut dakariano en 2017, Txema Villalobos reconoce haber mejorado una barbaridad:\u00a0<em>\u201cAhora soy m\u00e1s riguroso y profesional en todo. A nivel mec\u00e1nico nunca he tenido problemas porque es mi profesi\u00f3n y conozco el coche mejor que nadie, pero mi punto d\u00e9bil era la navegaci\u00f3n e Isidre siempre ha tenido mucha paciencia conmigo. Juntos hemos trabajado mucho este aspecto con tests en Marruecos y muchas pr\u00e1cticas con el GPS, y ahora me siento mucho m\u00e1s seguro\u201d<\/em>.<\/p>\n<p>De hecho, <strong>el piloto del Repsol Rally Team no duda en otorgar buena parte de sus buenos resultados a la persona que le acompa\u00f1a<\/strong> en el asiento de la derecha.\u00a0<em>\u201cSi surge cualquier problema t\u00e9cnico estoy muy tranquilo porque Txema es una aut\u00e9ntica garant\u00eda y s\u00e9 que encontrar\u00e1 la manera de solucionarlo. Tambi\u00e9n ha progresado una barbaridad en la navegaci\u00f3n y en esta primera semana de Dakar lo est\u00e1 haciendo realmente bien. No me imagino competir sin \u00e9l a mi lado\u201d<\/em>, afirma Isidre Esteve.<\/p>\n<p>Adem\u00e1s, se da la circunstancia de que, en caso de pinchazo, aver\u00eda o encallar en las dunas, toda la responsabilidad recae en Villalobos, ya que Isidre no puede bajar del coche para ayudarle, debido a su lesi\u00f3n medular.\u00a0<em>\u201c\u00c9l intenta no engancharse en la arena y cuando sucede se disculpa. Sabe que perderemos m\u00e1s tiempo que el resto de coches en salir, pero siempre mantiene la calma, se lo toma con paciencia y me anima\u201d<\/em>, revela el copiloto.<\/p>\n<figure><picture style=\"padding-bottom: 66.807790008467%; background-image: url('https:\/\/bxrepsol.s3.eu-west-1.amazonaws.com\/static\/2022\/08\/05063435\/Dakar19_Descanso_Isidre_Esteve_3.jpg');\"> <img decoding=\"async\" src=\"https:\/\/bxrepsol.s3.eu-west-1.amazonaws.com\/static\/2022\/08\/05063435\/Dakar19_Descanso_Isidre_Esteve_3.jpg\" \/><\/picture>\n<picture style=\"padding-bottom: 66.807790008467%; background-image: url('https:\/\/bxrepsol.s3.eu-west-1.amazonaws.com\/static\/2022\/08\/05063435\/Dakar19_Descanso_Isidre_Esteve_3.jpg');\"><img title=\"Txema Villalobos posando durante la jornada de descanso\" alt=\"Txema Villalobos posando durante la jornada de descanso\" data-srcset=\"https:\/\/bxrepsol.s3.eu-west-1.amazonaws.com\/static\/2022\/08\/05063435\/Dakar19_Descanso_Isidre_Esteve_3.jpg 480w, https:\/\/bxrepsol.s3.eu-west-1.amazonaws.com\/static\/2022\/08\/05063435\/Dakar19_Descanso_Isidre_Esteve_3.jpg 600w, https:\/\/bxrepsol.s3.eu-west-1.amazonaws.com\/static\/2022\/08\/05063435\/Dakar19_Descanso_Isidre_Esteve_3.jpg 900w\" data-src=\"https:\/\/bxrepsol.s3.eu-west-1.amazonaws.com\/static\/2022\/08\/05063435\/Dakar19_Descanso_Isidre_Esteve_3.jpg\" \/><\/picture>\n<noscript><img decoding=\"async\" src=\"https:\/\/bxrepsol.s3.eu-west-1.amazonaws.com\/static\/2022\/08\/05063435\/Dakar19_Descanso_Isidre_Esteve_3.jpg\" alt=\"Txema Villalobos posando durante la jornada de descanso\"><\/noscript><figcaption>Txema Villalobos posando durante la jornada de descanso<\/figcaption><\/figure>\n<blockquote>\n<p>\u201cEn estos a\u00f1os he crecido mucho como copiloto y me emociono s\u00f3lo de pensar en lo competitivos que hemos llegado a ser\u201d.<\/p><\/blockquote>\n<p><strong>Juntos han pasado momentos delicados<\/strong>, pero siempre han salido airosos, sin minar su amistad, blindada a prueba de bombas. Txema afirma que\u00a0<em>\u201ccorrer con Isidre Esteve es un placer, porque siempre mira hacia delante con confianza y contagia positivismo a todo el mundo. Sabe escuchar, se deja aconsejar y tomamos muchas decisiones juntos. Nos hace una enorme ilusi\u00f3n que el proyecto de este a\u00f1o sea m\u00e1s ambicioso y tenemos ganas de conseguir un buen resultado\u2026 me emociono s\u00f3lo de pensarlo\u201d.<\/em><\/p>\n<p>No ser\u00e1 f\u00e1cil, porque el Dakar 2019 est\u00e1 resultando muy exigente y repleto de trampas.\u00a0<em>\u201cEsta edici\u00f3n est\u00e1 resultando seg\u00fan esper\u00e1bamos. Sab\u00edamos que ser\u00eda m\u00e1s corta, pero muy intensa y dif\u00edcil. Nosotros hemos tenido algunos problemas, aunque ninguno serio y hemos logrado llegar a la jornada de descanso con poco tiempo perdido\u201d<\/em>, valora el gerundense, orgulloso con la 23\u00aa plaza de la general provisional que ocupan.<\/p>\n<p>Este s\u00e1bado, durante la pausa de Arequipa, los mec\u00e1nicos del Repsol Rally Team, David Pigem y Carlos M\u00e9ndez, han aprovechado para repasar las piezas del <a href=\"https:\/\/www.boxrepsol.com\/es\/rally\/isidre-esteve-desvela-todos-los-secretos-de-su-prototipo-dakariano\/\">prototipo BV6<\/a>, mientras piloto y copiloto trataban de recuperar fuerzas con los masajes de <a href=\"https:\/\/www.boxrepsol.com\/es\/rally\/lidia-guerrero-repsol-rally-team\/\">la preparadora f\u00edsica Lidia Guerrero<\/a>. Todo ello para afrontar con garant\u00edas una segunda semana de carrera que se prev\u00e9 tan dif\u00edcil o m\u00e1s que la primera.\u00a0<em>\u201cYo s\u00f3lo pido no tener problemas mec\u00e1nicos, porque del resto ya se ocupa Isidre Esteve y puedo estar tranquilo porque estoy en muy buenas manos\u201d<\/em>, sentencia Txema Villalobos.<\/p>\n<p><!-- Imagen relacionada --><br \/>\n<img loading=\"lazy\" decoding=\"async\" src=\"https:\/\/bxrepsol.s3.eu-west-1.amazonaws.com\/static\/2022\/08\/05063436\/00_isidre_esteve_txema_villalobos_repsol_rally_team_dakar_20191-1.jpg\" alt=\"\" width=\"404\" height=\"336\" \/><br \/>\n<!-- Categor\u00eda --><br \/>\n<!-- Fecha --><\/p>\n","protected":false},"excerpt":{"rendered":"<p>El copiloto del Repsol Rally Team ha acompa\u00f1ado al de Oliana en todas sus participaciones dakarianas en coche.<\/p>\n","protected":false},"author":43146,"featured_media":60712,"comment_status":"open","ping_status":"open","sticky":false,"template":"","format":"standard","meta":{"footnotes":""},"categories":[27],"tags":[183],"class_list":["post-93667","post","type-post","status-publish","format-standard","hentry","category-rally","tag-repsol-rally-team"],"yoast_head":"<!-- This site is optimized with the Yoast SEO plugin v27.3 - https:\/\/yoast.com\/product\/yoast-seo-wordpress\/ -->\n<title>Entrevista a Txema Villalobos - Txema Villalobos, la sombra de Isidre Esteve en el Dakar<\/title>\n<meta name=\"description\" content=\"El copiloto del Repsol Rally Team ha acompa\u00f1ado al de Oliana en todas sus participaciones dakarianas en coche.\" \/>\n<link rel=\"canonical\" href=\"https:\/\/www.boxrepsol.com\/es\/rally\/txema-villalobos-la-sombra-isidre-esteve-dakar\/\" \/>\n<meta property=\"og:locale\" content=\"es_ES\" \/>\n<meta property=\"og:type\" content=\"article\" \/>\n<meta property=\"og:title\" content=\"Entrevista a Txema Villalobos - Txema Villalobos, la sombra de Isidre Esteve en el Dakar\" \/>\n<meta property=\"og:description\" content=\"El copiloto del Repsol Rally Team ha acompa\u00f1ado al de Oliana en todas sus participaciones dakarianas en coche.\" \/>\n<meta property=\"og:url\" content=\"https:\/\/www.boxrepsol.com\/es\/rally\/txema-villalobos-la-sombra-isidre-esteve-dakar\/\" \/>\n<meta property=\"og:site_name\" content=\"Box Repsol\" \/>\n<meta property=\"article:publisher\" content=\"https:\/\/www.facebook.com\/BoxRepsol\" \/>\n<meta property=\"article:author\" content=\"https:\/\/www.facebook.com\/BoxRepsol\/\" \/>\n<meta property=\"article:published_time\" content=\"2019-01-14T02:00:00+00:00\" \/>\n<meta property=\"article:modified_time\" content=\"2024-10-09T14:41:45+00:00\" \/>\n<meta property=\"og:image\" content=\"https:\/\/bxrepsol.s3.eu-west-1.amazonaws.com\/static\/2022\/08\/29084214\/01_txema_villalobos_isidre_esteve_repsol_rally_team_dakar-1.jpg\" \/>\n\t<meta property=\"og:image:width\" content=\"1280\" \/>\n\t<meta property=\"og:image:height\" content=\"600\" \/>\n\t<meta property=\"og:image:type\" content=\"image\/jpeg\" \/>\n<meta name=\"author\" content=\"Redacci\u00f3n Box Repsol\" \/>\n<meta name=\"twitter:card\" content=\"summary_large_image\" \/>\n<meta name=\"twitter:creator\" content=\"@https:\/\/twitter.com\/box_repsol\" \/>\n<meta name=\"twitter:site\" content=\"@box_repsol\" \/>\n<meta name=\"twitter:label1\" content=\"Written by\" \/>\n\t<meta name=\"twitter:data1\" content=\"Redacci\u00f3n Box Repsol\" \/>\n\t<meta name=\"twitter:label2\" content=\"Est. reading time\" \/>\n\t<meta name=\"twitter:data2\" content=\"4 minutos\" \/>\n<script type=\"application\/ld+json\" class=\"yoast-schema-graph\">{\"@context\":\"https:\\\/\\\/schema.org\",\"@graph\":[{\"@type\":\"Article\",\"@id\":\"https:\\\/\\\/www.boxrepsol.com\\\/es\\\/rally\\\/txema-villalobos-la-sombra-isidre-esteve-dakar\\\/#article\",\"isPartOf\":{\"@id\":\"https:\\\/\\\/www.boxrepsol.com\\\/es\\\/rally\\\/txema-villalobos-la-sombra-isidre-esteve-dakar\\\/\"},\"author\":{\"name\":\"Redacci\u00f3n Box Repsol\",\"@id\":\"https:\\\/\\\/www.boxrepsol.com\\\/es\\\/#\\\/schema\\\/person\\\/c5c2138f2cca251b0ad92b7086bb60b7\"},\"headline\":\"Txema Villalobos, la sombra de Isidre Esteve en el Dakar\",\"datePublished\":\"2019-01-14T02:00:00+00:00\",\"dateModified\":\"2024-10-09T14:41:45+00:00\",\"mainEntityOfPage\":{\"@id\":\"https:\\\/\\\/www.boxrepsol.com\\\/es\\\/rally\\\/txema-villalobos-la-sombra-isidre-esteve-dakar\\\/\"},\"wordCount\":796,\"commentCount\":0,\"publisher\":{\"@id\":\"https:\\\/\\\/www.boxrepsol.com\\\/es\\\/#organization\"},\"image\":{\"@id\":\"https:\\\/\\\/www.boxrepsol.com\\\/es\\\/rally\\\/txema-villalobos-la-sombra-isidre-esteve-dakar\\\/#primaryimage\"},\"thumbnailUrl\":\"https:\\\/\\\/bxrepsol.s3.eu-west-1.amazonaws.com\\\/static\\\/2022\\\/08\\\/29084214\\\/01_txema_villalobos_isidre_esteve_repsol_rally_team_dakar-1.jpg\",\"keywords\":[\"Repsol Rally Team\"],\"articleSection\":[\"Rally\"],\"inLanguage\":\"es\",\"potentialAction\":[{\"@type\":\"CommentAction\",\"name\":\"Comment\",\"target\":[\"https:\\\/\\\/www.boxrepsol.com\\\/es\\\/rally\\\/txema-villalobos-la-sombra-isidre-esteve-dakar\\\/#respond\"]}]},{\"@type\":\"WebPage\",\"@id\":\"https:\\\/\\\/www.boxrepsol.com\\\/es\\\/rally\\\/txema-villalobos-la-sombra-isidre-esteve-dakar\\\/\",\"url\":\"https:\\\/\\\/www.boxrepsol.com\\\/es\\\/rally\\\/txema-villalobos-la-sombra-isidre-esteve-dakar\\\/\",\"name\":\"Entrevista a Txema Villalobos - Txema Villalobos, la sombra de Isidre Esteve en el Dakar\",\"isPartOf\":{\"@id\":\"https:\\\/\\\/www.boxrepsol.com\\\/es\\\/#website\"},\"primaryImageOfPage\":{\"@id\":\"https:\\\/\\\/www.boxrepsol.com\\\/es\\\/rally\\\/txema-villalobos-la-sombra-isidre-esteve-dakar\\\/#primaryimage\"},\"image\":{\"@id\":\"https:\\\/\\\/www.boxrepsol.com\\\/es\\\/rally\\\/txema-villalobos-la-sombra-isidre-esteve-dakar\\\/#primaryimage\"},\"thumbnailUrl\":\"https:\\\/\\\/bxrepsol.s3.eu-west-1.amazonaws.com\\\/static\\\/2022\\\/08\\\/29084214\\\/01_txema_villalobos_isidre_esteve_repsol_rally_team_dakar-1.jpg\",\"datePublished\":\"2019-01-14T02:00:00+00:00\",\"dateModified\":\"2024-10-09T14:41:45+00:00\",\"description\":\"El copiloto del Repsol Rally Team ha acompa\u00f1ado al de Oliana en todas sus participaciones dakarianas en coche.\",\"breadcrumb\":{\"@id\":\"https:\\\/\\\/www.boxrepsol.com\\\/es\\\/rally\\\/txema-villalobos-la-sombra-isidre-esteve-dakar\\\/#breadcrumb\"},\"inLanguage\":\"es\",\"potentialAction\":[{\"@type\":\"ReadAction\",\"target\":[\"https:\\\/\\\/www.boxrepsol.com\\\/es\\\/rally\\\/txema-villalobos-la-sombra-isidre-esteve-dakar\\\/\"]}]},{\"@type\":\"ImageObject\",\"inLanguage\":\"es\",\"@id\":\"https:\\\/\\\/www.boxrepsol.com\\\/es\\\/rally\\\/txema-villalobos-la-sombra-isidre-esteve-dakar\\\/#primaryimage\",\"url\":\"https:\\\/\\\/bxrepsol.s3.eu-west-1.amazonaws.com\\\/static\\\/2022\\\/08\\\/29084214\\\/01_txema_villalobos_isidre_esteve_repsol_rally_team_dakar-1.jpg\",\"contentUrl\":\"https:\\\/\\\/bxrepsol.s3.eu-west-1.amazonaws.com\\\/static\\\/2022\\\/08\\\/29084214\\\/01_txema_villalobos_isidre_esteve_repsol_rally_team_dakar-1.jpg\",\"width\":1280,\"height\":600,\"caption\":\"Isidre Esteve y Txema Villalobos durante el descanso en el Dakar\"},{\"@type\":\"BreadcrumbList\",\"@id\":\"https:\\\/\\\/www.boxrepsol.com\\\/es\\\/rally\\\/txema-villalobos-la-sombra-isidre-esteve-dakar\\\/#breadcrumb\",\"itemListElement\":[{\"@type\":\"ListItem\",\"position\":1,\"name\":\"Home\",\"item\":\"https:\\\/\\\/www.boxrepsol.com\\\/es\\\/\"},{\"@type\":\"ListItem\",\"position\":2,\"name\":\"Txema Villalobos, la sombra de Isidre Esteve en el Dakar\"}]},{\"@type\":\"WebSite\",\"@id\":\"https:\\\/\\\/www.boxrepsol.com\\\/es\\\/#website\",\"url\":\"https:\\\/\\\/www.boxrepsol.com\\\/es\\\/\",\"name\":\"Box Repsol\",\"description\":\"Box Repsol Site\",\"publisher\":{\"@id\":\"https:\\\/\\\/www.boxrepsol.com\\\/es\\\/#organization\"},\"potentialAction\":[{\"@type\":\"SearchAction\",\"target\":{\"@type\":\"EntryPoint\",\"urlTemplate\":\"https:\\\/\\\/www.boxrepsol.com\\\/es\\\/?s={search_term_string}\"},\"query-input\":{\"@type\":\"PropertyValueSpecification\",\"valueRequired\":true,\"valueName\":\"search_term_string\"}}],\"inLanguage\":\"es\"},{\"@type\":\"Organization\",\"@id\":\"https:\\\/\\\/www.boxrepsol.com\\\/es\\\/#organization\",\"name\":\"Box Repsol\",\"url\":\"https:\\\/\\\/www.boxrepsol.com\\\/es\\\/\",\"logo\":{\"@type\":\"ImageObject\",\"inLanguage\":\"es\",\"@id\":\"https:\\\/\\\/www.boxrepsol.com\\\/es\\\/#\\\/schema\\\/logo\\\/image\\\/\",\"url\":\"https:\\\/\\\/bxrepsol.s3.eu-west-1.amazonaws.com\\\/static\\\/2025\\\/07\\\/30083337\\\/favicon-96x96-1.png\",\"contentUrl\":\"https:\\\/\\\/bxrepsol.s3.eu-west-1.amazonaws.com\\\/static\\\/2025\\\/07\\\/30083337\\\/favicon-96x96-1.png\",\"width\":96,\"height\":96,\"caption\":\"Box Repsol\"},\"image\":{\"@id\":\"https:\\\/\\\/www.boxrepsol.com\\\/es\\\/#\\\/schema\\\/logo\\\/image\\\/\"},\"sameAs\":[\"https:\\\/\\\/www.facebook.com\\\/BoxRepsol\",\"https:\\\/\\\/x.com\\\/box_repsol\",\"http:\\\/\\\/instagram.com\\\/box_repsol\",\"https:\\\/\\\/www.youtube.com\\\/user\\\/RepsolCompeticion\",\"https:\\\/\\\/www.flickr.com\\\/photos\\\/box_repsol\\\/\"]},{\"@type\":\"Person\",\"@id\":\"https:\\\/\\\/www.boxrepsol.com\\\/es\\\/#\\\/schema\\\/person\\\/c5c2138f2cca251b0ad92b7086bb60b7\",\"name\":\"Redacci\u00f3n Box Repsol\",\"image\":{\"@type\":\"ImageObject\",\"inLanguage\":\"es\",\"@id\":\"https:\\\/\\\/secure.gravatar.com\\\/avatar\\\/adf7b77e38b4419baf32c7e9c21dde01f4e40df611f0978e3006fc4ba0aaab7e?s=96&d=mm&r=g\",\"url\":\"https:\\\/\\\/secure.gravatar.com\\\/avatar\\\/adf7b77e38b4419baf32c7e9c21dde01f4e40df611f0978e3006fc4ba0aaab7e?s=96&d=mm&r=g\",\"contentUrl\":\"https:\\\/\\\/secure.gravatar.com\\\/avatar\\\/adf7b77e38b4419baf32c7e9c21dde01f4e40df611f0978e3006fc4ba0aaab7e?s=96&d=mm&r=g\",\"caption\":\"Redacci\u00f3n Box Repsol\"},\"description\":\"Box Repsol lo forma un equipo de periodistas, community managers, dise\u00f1adores y fot\u00f3grafos con m\u00e1s de 20 a\u00f1os de experiencia en el mundo del motorsport. Hemos vivido el primer mundial de un espa\u00f1ol en la categor\u00eda reina de motociclismo con \u00c1lex Crivill\u00e9, estuvimos en las victorias de Pedrosa y los t\u00edtulos de M\u00e1rquez, acompa\u00f1amos en \u00c1frica a Nani Roma y Marc Coma en sus conquistas del Dakar y hemos vibrado con los t\u00edtulos de Toni Bou en Trial. Adem\u00e1s, en nuestro equipo contamos con expertos en el mundo de las dos y cuatro ruedas tanto de la calle y las carreteras, como de los circuitos. Periodistas que han trabajado en revistas y publicaciones para hacerte llegar desde rutas y consejos de mantenimiento, a curiosidades y trucos de pilotaje.\",\"sameAs\":[\"https:\\\/\\\/www.facebook.com\\\/BoxRepsol\\\/\",\"https:\\\/\\\/www.instagram.com\\\/box_repsol\\\/\",\"https:\\\/\\\/x.com\\\/https:\\\/\\\/twitter.com\\\/box_repsol\",\"https:\\\/\\\/www.youtube.com\\\/@Boxrepsol\"],\"url\":\"https:\\\/\\\/www.boxrepsol.com\\\/es\\\/author\\\/redaccion-box-repsol\\\/\"}]}<\/script>\n<!-- \/ Yoast SEO plugin. -->","yoast_head_json":{"title":"Entrevista a Txema Villalobos - Txema Villalobos, la sombra de Isidre Esteve en el Dakar","description":"El copiloto del Repsol Rally Team ha acompa\u00f1ado al de Oliana en todas sus participaciones dakarianas en coche.","canonical":"https:\/\/www.boxrepsol.com\/es\/rally\/txema-villalobos-la-sombra-isidre-esteve-dakar\/","og_locale":"es_ES","og_type":"article","og_title":"Entrevista a Txema Villalobos - Txema Villalobos, la sombra de Isidre Esteve en el Dakar","og_description":"El copiloto del Repsol Rally Team ha acompa\u00f1ado al de Oliana en todas sus participaciones dakarianas en coche.","og_url":"https:\/\/www.boxrepsol.com\/es\/rally\/txema-villalobos-la-sombra-isidre-esteve-dakar\/","og_site_name":"Box Repsol","article_publisher":"https:\/\/www.facebook.com\/BoxRepsol","article_author":"https:\/\/www.facebook.com\/BoxRepsol\/","article_published_time":"2019-01-14T02:00:00+00:00","article_modified_time":"2024-10-09T14:41:45+00:00","og_image":[{"width":1280,"height":600,"url":"https:\/\/bxrepsol.s3.eu-west-1.amazonaws.com\/static\/2022\/08\/29084214\/01_txema_villalobos_isidre_esteve_repsol_rally_team_dakar-1.jpg","type":"image\/jpeg"}],"author":"Redacci\u00f3n Box Repsol","twitter_card":"summary_large_image","twitter_creator":"@https:\/\/twitter.com\/box_repsol","twitter_site":"@box_repsol","twitter_misc":{"Written by":"Redacci\u00f3n Box Repsol","Est. reading time":"4 minutos"},"schema":{"@context":"https:\/\/schema.org","@graph":[{"@type":"Article","@id":"https:\/\/www.boxrepsol.com\/es\/rally\/txema-villalobos-la-sombra-isidre-esteve-dakar\/#article","isPartOf":{"@id":"https:\/\/www.boxrepsol.com\/es\/rally\/txema-villalobos-la-sombra-isidre-esteve-dakar\/"},"author":{"name":"Redacci\u00f3n Box Repsol","@id":"https:\/\/www.boxrepsol.com\/es\/#\/schema\/person\/c5c2138f2cca251b0ad92b7086bb60b7"},"headline":"Txema Villalobos, la sombra de Isidre Esteve en el Dakar","datePublished":"2019-01-14T02:00:00+00:00","dateModified":"2024-10-09T14:41:45+00:00","mainEntityOfPage":{"@id":"https:\/\/www.boxrepsol.com\/es\/rally\/txema-villalobos-la-sombra-isidre-esteve-dakar\/"},"wordCount":796,"commentCount":0,"publisher":{"@id":"https:\/\/www.boxrepsol.com\/es\/#organization"},"image":{"@id":"https:\/\/www.boxrepsol.com\/es\/rally\/txema-villalobos-la-sombra-isidre-esteve-dakar\/#primaryimage"},"thumbnailUrl":"https:\/\/bxrepsol.s3.eu-west-1.amazonaws.com\/static\/2022\/08\/29084214\/01_txema_villalobos_isidre_esteve_repsol_rally_team_dakar-1.jpg","keywords":["Repsol Rally Team"],"articleSection":["Rally"],"inLanguage":"es","potentialAction":[{"@type":"CommentAction","name":"Comment","target":["https:\/\/www.boxrepsol.com\/es\/rally\/txema-villalobos-la-sombra-isidre-esteve-dakar\/#respond"]}]},{"@type":"WebPage","@id":"https:\/\/www.boxrepsol.com\/es\/rally\/txema-villalobos-la-sombra-isidre-esteve-dakar\/","url":"https:\/\/www.boxrepsol.com\/es\/rally\/txema-villalobos-la-sombra-isidre-esteve-dakar\/","name":"Entrevista a Txema Villalobos - Txema Villalobos, la sombra de Isidre Esteve en el Dakar","isPartOf":{"@id":"https:\/\/www.boxrepsol.com\/es\/#website"},"primaryImageOfPage":{"@id":"https:\/\/www.boxrepsol.com\/es\/rally\/txema-villalobos-la-sombra-isidre-esteve-dakar\/#primaryimage"},"image":{"@id":"https:\/\/www.boxrepsol.com\/es\/rally\/txema-villalobos-la-sombra-isidre-esteve-dakar\/#primaryimage"},"thumbnailUrl":"https:\/\/bxrepsol.s3.eu-west-1.amazonaws.com\/static\/2022\/08\/29084214\/01_txema_villalobos_isidre_esteve_repsol_rally_team_dakar-1.jpg","datePublished":"2019-01-14T02:00:00+00:00","dateModified":"2024-10-09T14:41:45+00:00","description":"El copiloto del Repsol Rally Team ha acompa\u00f1ado al de Oliana en todas sus participaciones dakarianas en coche.","breadcrumb":{"@id":"https:\/\/www.boxrepsol.com\/es\/rally\/txema-villalobos-la-sombra-isidre-esteve-dakar\/#breadcrumb"},"inLanguage":"es","potentialAction":[{"@type":"ReadAction","target":["https:\/\/www.boxrepsol.com\/es\/rally\/txema-villalobos-la-sombra-isidre-esteve-dakar\/"]}]},{"@type":"ImageObject","inLanguage":"es","@id":"https:\/\/www.boxrepsol.com\/es\/rally\/txema-villalobos-la-sombra-isidre-esteve-dakar\/#primaryimage","url":"https:\/\/bxrepsol.s3.eu-west-1.amazonaws.com\/static\/2022\/08\/29084214\/01_txema_villalobos_isidre_esteve_repsol_rally_team_dakar-1.jpg","contentUrl":"https:\/\/bxrepsol.s3.eu-west-1.amazonaws.com\/static\/2022\/08\/29084214\/01_txema_villalobos_isidre_esteve_repsol_rally_team_dakar-1.jpg","width":1280,"height":600,"caption":"Isidre Esteve y Txema Villalobos durante el descanso en el Dakar"},{"@type":"BreadcrumbList","@id":"https:\/\/www.boxrepsol.com\/es\/rally\/txema-villalobos-la-sombra-isidre-esteve-dakar\/#breadcrumb","itemListElement":[{"@type":"ListItem","position":1,"name":"Home","item":"https:\/\/www.boxrepsol.com\/es\/"},{"@type":"ListItem","position":2,"name":"Txema Villalobos, la sombra de Isidre Esteve en el Dakar"}]},{"@type":"WebSite","@id":"https:\/\/www.boxrepsol.com\/es\/#website","url":"https:\/\/www.boxrepsol.com\/es\/","name":"Box Repsol","description":"Box Repsol Site","publisher":{"@id":"https:\/\/www.boxrepsol.com\/es\/#organization"},"potentialAction":[{"@type":"SearchAction","target":{"@type":"EntryPoint","urlTemplate":"https:\/\/www.boxrepsol.com\/es\/?s={search_term_string}"},"query-input":{"@type":"PropertyValueSpecification","valueRequired":true,"valueName":"search_term_string"}}],"inLanguage":"es"},{"@type":"Organization","@id":"https:\/\/www.boxrepsol.com\/es\/#organization","name":"Box Repsol","url":"https:\/\/www.boxrepsol.com\/es\/","logo":{"@type":"ImageObject","inLanguage":"es","@id":"https:\/\/www.boxrepsol.com\/es\/#\/schema\/logo\/image\/","url":"https:\/\/bxrepsol.s3.eu-west-1.amazonaws.com\/static\/2025\/07\/30083337\/favicon-96x96-1.png","contentUrl":"https:\/\/bxrepsol.s3.eu-west-1.amazonaws.com\/static\/2025\/07\/30083337\/favicon-96x96-1.png","width":96,"height":96,"caption":"Box Repsol"},"image":{"@id":"https:\/\/www.boxrepsol.com\/es\/#\/schema\/logo\/image\/"},"sameAs":["https:\/\/www.facebook.com\/BoxRepsol","https:\/\/x.com\/box_repsol","http:\/\/instagram.com\/box_repsol","https:\/\/www.youtube.com\/user\/RepsolCompeticion","https:\/\/www.flickr.com\/photos\/box_repsol\/"]},{"@type":"Person","@id":"https:\/\/www.boxrepsol.com\/es\/#\/schema\/person\/c5c2138f2cca251b0ad92b7086bb60b7","name":"Redacci\u00f3n Box Repsol","image":{"@type":"ImageObject","inLanguage":"es","@id":"https:\/\/secure.gravatar.com\/avatar\/adf7b77e38b4419baf32c7e9c21dde01f4e40df611f0978e3006fc4ba0aaab7e?s=96&d=mm&r=g","url":"https:\/\/secure.gravatar.com\/avatar\/adf7b77e38b4419baf32c7e9c21dde01f4e40df611f0978e3006fc4ba0aaab7e?s=96&d=mm&r=g","contentUrl":"https:\/\/secure.gravatar.com\/avatar\/adf7b77e38b4419baf32c7e9c21dde01f4e40df611f0978e3006fc4ba0aaab7e?s=96&d=mm&r=g","caption":"Redacci\u00f3n Box Repsol"},"description":"Box Repsol lo forma un equipo de periodistas, community managers, dise\u00f1adores y fot\u00f3grafos con m\u00e1s de 20 a\u00f1os de experiencia en el mundo del motorsport. Hemos vivido el primer mundial de un espa\u00f1ol en la categor\u00eda reina de motociclismo con \u00c1lex Crivill\u00e9, estuvimos en las victorias de Pedrosa y los t\u00edtulos de M\u00e1rquez, acompa\u00f1amos en \u00c1frica a Nani Roma y Marc Coma en sus conquistas del Dakar y hemos vibrado con los t\u00edtulos de Toni Bou en Trial. Adem\u00e1s, en nuestro equipo contamos con expertos en el mundo de las dos y cuatro ruedas tanto de la calle y las carreteras, como de los circuitos. Periodistas que han trabajado en revistas y publicaciones para hacerte llegar desde rutas y consejos de mantenimiento, a curiosidades y trucos de pilotaje.","sameAs":["https:\/\/www.facebook.com\/BoxRepsol\/","https:\/\/www.instagram.com\/box_repsol\/","https:\/\/x.com\/https:\/\/twitter.com\/box_repsol","https:\/\/www.youtube.com\/@Boxrepsol"],"url":"https:\/\/www.boxrepsol.com\/es\/author\/redaccion-box-repsol\/"}]}},"_links":{"self":[{"href":"https:\/\/www.boxrepsol.com\/es\/wp-json\/wp\/v2\/posts\/93667","targetHints":{"allow":["GET"]}}],"collection":[{"href":"https:\/\/www.boxrepsol.com\/es\/wp-json\/wp\/v2\/posts"}],"about":[{"href":"https:\/\/www.boxrepsol.com\/es\/wp-json\/wp\/v2\/types\/post"}],"author":[{"embeddable":true,"href":"https:\/\/www.boxrepsol.com\/es\/wp-json\/wp\/v2\/users\/43146"}],"replies":[{"embeddable":true,"href":"https:\/\/www.boxrepsol.com\/es\/wp-json\/wp\/v2\/comments?post=93667"}],"version-history":[{"count":2,"href":"https:\/\/www.boxrepsol.com\/es\/wp-json\/wp\/v2\/posts\/93667\/revisions"}],"predecessor-version":[{"id":121048,"href":"https:\/\/www.boxrepsol.com\/es\/wp-json\/wp\/v2\/posts\/93667\/revisions\/121048"}],"wp:featuredmedia":[{"embeddable":true,"href":"https:\/\/www.boxrepsol.com\/es\/wp-json\/wp\/v2\/media\/60712"}],"wp:attachment":[{"href":"https:\/\/www.boxrepsol.com\/es\/wp-json\/wp\/v2\/media?parent=93667"}],"wp:term":[{"taxonomy":"category","embeddable":true,"href":"https:\/\/www.boxrepsol.com\/es\/wp-json\/wp\/v2\/categories?post=93667"},{"taxonomy":"post_tag","embeddable":true,"href":"https:\/\/www.boxrepsol.com\/es\/wp-json\/wp\/v2\/tags?post=93667"}],"curies":[{"name":"wp","href":"https:\/\/api.w.org\/{rel}","templated":true}]}}