{"id":93665,"date":"2019-01-14T00:00:00","date_gmt":"2019-01-14T02:00:00","guid":{"rendered":"http:\/\/pre.boxrepsol.com\/sin-categorizar\/primer-objetivo-cumplido-isidre-esteve-dakar-2019\/"},"modified":"2024-05-22T07:46:07","modified_gmt":"2024-05-22T09:46:07","slug":"primer-objetivo-cumplido-isidre-esteve-dakar-2019","status":"publish","type":"post","link":"https:\/\/www.boxrepsol.com\/es\/rally\/primer-objetivo-cumplido-isidre-esteve-dakar-2019\/","title":{"rendered":"Primer objetivo cumplido para Isidre Esteve en el Dakar 2019"},"content":{"rendered":"<p>Despu\u00e9s de estudiar meticulosamente el recorrido del Dakar 2019, Isidre Esteve ten\u00eda como primer objetivo superar la primera semana de competici\u00f3n sin ceder demasiado tiempo. Hoy,<strong> el piloto del Repsol Rally Team ha cumplido con su cometido, al completar la siempre peligrosa etapa marat\u00f3n<\/strong> y llegar a la jornada de descanso cerca de los 20 primeros clasificados de la provisional.<\/p>\n<p>La niebla ha sido gran protagonista de la jornada. <strong>La falta de visibilidad ha obligado a retrasar la salida por la ma\u00f1ana<\/strong> y, por la tarde, la organizaci\u00f3n decid\u00eda recortar casi un centenar de kil\u00f3metros la especial alegando motivos de seguridad. Pese a todo, el recorrido entre Tacna y Arequipa no ha estado exento de dificultad y el propio Isidre Esteve puede dar buena fe de ello.<\/p>\n<p><em>\u201cHemos pasado un d\u00eda realmente dif\u00edcil. Nos enganchamos en el fesh-fesh al adelantarnos un cami\u00f3n y, como consecuencia de ello, tuvimos un problema el\u00e9ctrico que Txema Villalobos logr\u00f3 localizar y solucionar en 40 minutos. Un poco m\u00e1s adelante, se nos averi\u00f3 el limpiaparabrisas y tambi\u00e9n tuvimos que parar a arreglarlo\u201d.<\/em><\/p>\n<p><a href=\"https:\/\/bxrepsol.s3.eu-west-1.amazonaws.com\/static\/2022\/08\/05063431\/00_isidre_esteve_primer_plano_casco_repsol.jpg\" \n   title=\"Primer plano de Isidre Esteve con el casco puesto\" \n   data-gallery-thumbnail=\"https:\/\/bxrepsol.s3.eu-west-1.amazonaws.com\/static\/2022\/08\/05063431\/00_isidre_esteve_primer_plano_casco_repsol.jpg\"\n   data-gallery-title=\"\"\n   data-gallery><\/p>\n<figure>\n        <picture style=\"padding-bottom: 66.807790008467%; background-image: url(https:\/\/bxrepsol.s3.eu-west-1.amazonaws.com\/static\/2022\/08\/05063431\/00_isidre_esteve_primer_plano_casco_repsol.jpg);\">\n            <img decoding=\"async\" src=\"https:\/\/bxrepsol.s3.eu-west-1.amazonaws.com\/static\/2022\/08\/05063431\/00_isidre_esteve_primer_plano_casco_repsol.jpg\"><br \/>\n            <img itemprop=\"image\"\n                data-srcset=\"https:\/\/bxrepsol.s3.eu-west-1.amazonaws.com\/static\/2022\/08\/05063431\/00_isidre_esteve_primer_plano_casco_repsol.jpg 480w, https:\/\/bxrepsol.s3.eu-west-1.amazonaws.com\/static\/2022\/08\/05063431\/00_isidre_esteve_primer_plano_casco_repsol.jpg 600w, https:\/\/bxrepsol.s3.eu-west-1.amazonaws.com\/static\/2022\/08\/05063431\/00_isidre_esteve_primer_plano_casco_repsol.jpg 900w\"\n                data-src=\"https:\/\/bxrepsol.s3.eu-west-1.amazonaws.com\/static\/2022\/08\/05063431\/00_isidre_esteve_primer_plano_casco_repsol.jpg\"\n                alt=\"Primer plano de Isidre Esteve con el casco puesto\"\n                title=\"Primer plano de Isidre Esteve con el casco puesto\"\/><br \/>\n            <noscript><img decoding=\"async\" src=\"https:\/\/bxrepsol.s3.eu-west-1.amazonaws.com\/static\/2022\/08\/05063431\/00_isidre_esteve_primer_plano_casco_repsol.jpg\" alt=\"Primer plano de Isidre Esteve con el casco puesto\"><\/noscript>\n        <\/picture><figcaption>Primer plano de Isidre Esteve con el casco puesto<\/figcaption><\/figure>\n<p><\/a><\/p>\n<p>Tras los 425 kil\u00f3metros cronometrados, el Repsol Rally Team ha conseguido llegar a la meta, finalmente ubicada en el CP3, en 35\u00ba lugar absoluto con un retraso de 2 horas, 14 minutos y 47 segundos, respecto al vencedor de la etapa.\u00a0<em>\u201cDespu\u00e9s de todos los problemas que hemos tenido hoy, no ha sido un mal d\u00eda porque pod\u00edamos haber perdido bastante m\u00e1s\u2026\u201d<\/em>, reconoc\u00eda con alivio Isidre Esteve.<\/p>\n<p>En la general, <strong>el piloto de Oliana se sit\u00faa en 23\u00ba lugar provisional<\/strong>, aunque queda pendiente del factor de correcci\u00f3n de tiempos que aplicar\u00e1 direcci\u00f3n de carrera. A expensas de esa decisi\u00f3n, se trata de una buena situaci\u00f3n para afrontar las cinco etapas que restan antes de llegar a la meta de Lima, el pr\u00f3ximo mi\u00e9rcoles 16 de enero.<\/p>\n<p><em>\u201cEn general estamos satisfechos con nuestra primera mitad del Dakar. L\u00e1stima que hoy hayamos perdido m\u00e1s tiempo de lo esperado, pero aun as\u00ed seguimos bien clasificados. Todav\u00eda quedan muchos obst\u00e1culos por superar y seguro que van a suceder muchas cosas. Confiemos en mantener nuestro ritmo y pasar las etapas sin grandes contratiempos\u201d<\/em>.<\/p>\n<p>Tras la jornada de descanso de ma\u00f1ana, el Dakar 2019 se reanudar\u00e1 el domingo con <strong>la sexta etapa entre Arequipa y San Juan de Marcona<\/strong>, con 810 kil\u00f3metros para los coches, de los que 309 ser\u00e1n cronometrados<em>.<\/em><\/p>\n<p>                <!-- Imagen relacionada --><br \/>\n        <img loading=\"lazy\" decoding=\"async\" width=\"404\" height=\"336\" src=\"https:\/\/bxrepsol.s3.eu-west-1.amazonaws.com\/static\/2022\/08\/05063244\/01_isidre_esteve_repsol_rally_team_etapa4_dakar_2019.jpg\" alt=\"Isidre Esteve en el Sodicars BV6 del Repsol Rally team\" \/><br \/>\n                <!-- Categor\u00eda --><br \/>\n            Rally<br \/>\n        <!-- T\u00edtulo --><br \/>\n        <a href=\"https:\/\/www.boxrepsol.com\/es\/rally\/isidre-esteve-ya-divisa-top-20-la-general\/\"><\/p>\n<h3>Isidre Esteve ya divisa el top 20 de la general<\/h3>\n<p>        <\/a><br \/>\n                    <!-- Fecha --><br \/>\n            hace 1 hora<\/p>\n","protected":false},"excerpt":{"rendered":"<p>El piloto del Repsol Rally Team logra llegar a la jornada de descanso tras superar cinco duras etapas.<\/p>\n","protected":false},"author":43146,"featured_media":60706,"comment_status":"open","ping_status":"open","sticky":false,"template":"","format":"standard","meta":{"footnotes":""},"categories":[27],"tags":[183],"class_list":["post-93665","post","type-post","status-publish","format-standard","hentry","category-rally","tag-repsol-rally-team"],"yoast_head":"<!-- This site is optimized with the Yoast SEO plugin v27.3 - https:\/\/yoast.com\/product\/yoast-seo-wordpress\/ -->\n<title>Dakar 2019 etapa 5 - Primer objetivo cumplido para Isidre Esteve en el Dakar 2019<\/title>\n<meta name=\"description\" content=\"El piloto del Repsol Rally Team logra llegar a la jornada de descanso tras superar cinco duras etapas.\" \/>\n<link rel=\"canonical\" href=\"https:\/\/www.boxrepsol.com\/es\/rally\/primer-objetivo-cumplido-isidre-esteve-dakar-2019\/\" \/>\n<meta property=\"og:locale\" content=\"es_ES\" \/>\n<meta property=\"og:type\" content=\"article\" \/>\n<meta property=\"og:title\" content=\"Dakar 2019 etapa 5 - Primer objetivo cumplido para Isidre Esteve en el Dakar 2019\" \/>\n<meta property=\"og:description\" content=\"El piloto del Repsol Rally Team logra llegar a la jornada de descanso tras superar cinco duras etapas.\" \/>\n<meta property=\"og:url\" content=\"https:\/\/www.boxrepsol.com\/es\/rally\/primer-objetivo-cumplido-isidre-esteve-dakar-2019\/\" \/>\n<meta property=\"og:site_name\" content=\"Box Repsol\" \/>\n<meta property=\"article:publisher\" content=\"https:\/\/www.facebook.com\/BoxRepsol\" \/>\n<meta property=\"article:author\" content=\"https:\/\/www.facebook.com\/BoxRepsol\/\" \/>\n<meta property=\"article:published_time\" content=\"2019-01-14T02:00:00+00:00\" \/>\n<meta property=\"article:modified_time\" content=\"2024-05-22T09:46:07+00:00\" \/>\n<meta property=\"og:image\" content=\"https:\/\/bxrepsol.s3.eu-west-1.amazonaws.com\/static\/2022\/08\/29084211\/01_Isidre_esteve_repsol_rally_team_dakar_2019.jpg\" \/>\n\t<meta property=\"og:image:width\" content=\"1280\" \/>\n\t<meta property=\"og:image:height\" content=\"600\" \/>\n\t<meta property=\"og:image:type\" content=\"image\/jpeg\" \/>\n<meta name=\"author\" content=\"Redacci\u00f3n Box Repsol\" \/>\n<meta name=\"twitter:card\" content=\"summary_large_image\" \/>\n<meta name=\"twitter:creator\" content=\"@https:\/\/twitter.com\/box_repsol\" \/>\n<meta name=\"twitter:site\" content=\"@box_repsol\" \/>\n<meta name=\"twitter:label1\" content=\"Written by\" \/>\n\t<meta name=\"twitter:data1\" content=\"Redacci\u00f3n Box Repsol\" \/>\n\t<meta name=\"twitter:label2\" content=\"Est. reading time\" \/>\n\t<meta name=\"twitter:data2\" content=\"2 minutos\" \/>\n<script type=\"application\/ld+json\" class=\"yoast-schema-graph\">{\"@context\":\"https:\\\/\\\/schema.org\",\"@graph\":[{\"@type\":\"Article\",\"@id\":\"https:\\\/\\\/www.boxrepsol.com\\\/es\\\/rally\\\/primer-objetivo-cumplido-isidre-esteve-dakar-2019\\\/#article\",\"isPartOf\":{\"@id\":\"https:\\\/\\\/www.boxrepsol.com\\\/es\\\/rally\\\/primer-objetivo-cumplido-isidre-esteve-dakar-2019\\\/\"},\"author\":{\"name\":\"Redacci\u00f3n Box Repsol\",\"@id\":\"https:\\\/\\\/www.boxrepsol.com\\\/es\\\/#\\\/schema\\\/person\\\/c5c2138f2cca251b0ad92b7086bb60b7\"},\"headline\":\"Primer objetivo cumplido para Isidre Esteve en el Dakar 2019\",\"datePublished\":\"2019-01-14T02:00:00+00:00\",\"dateModified\":\"2024-05-22T09:46:07+00:00\",\"mainEntityOfPage\":{\"@id\":\"https:\\\/\\\/www.boxrepsol.com\\\/es\\\/rally\\\/primer-objetivo-cumplido-isidre-esteve-dakar-2019\\\/\"},\"wordCount\":443,\"commentCount\":0,\"publisher\":{\"@id\":\"https:\\\/\\\/www.boxrepsol.com\\\/es\\\/#organization\"},\"image\":{\"@id\":\"https:\\\/\\\/www.boxrepsol.com\\\/es\\\/rally\\\/primer-objetivo-cumplido-isidre-esteve-dakar-2019\\\/#primaryimage\"},\"thumbnailUrl\":\"https:\\\/\\\/bxrepsol.s3.eu-west-1.amazonaws.com\\\/static\\\/2022\\\/08\\\/29084211\\\/01_Isidre_esteve_repsol_rally_team_dakar_2019.jpg\",\"keywords\":[\"Repsol Rally Team\"],\"articleSection\":[\"Rally\"],\"inLanguage\":\"es\",\"potentialAction\":[{\"@type\":\"CommentAction\",\"name\":\"Comment\",\"target\":[\"https:\\\/\\\/www.boxrepsol.com\\\/es\\\/rally\\\/primer-objetivo-cumplido-isidre-esteve-dakar-2019\\\/#respond\"]}]},{\"@type\":\"WebPage\",\"@id\":\"https:\\\/\\\/www.boxrepsol.com\\\/es\\\/rally\\\/primer-objetivo-cumplido-isidre-esteve-dakar-2019\\\/\",\"url\":\"https:\\\/\\\/www.boxrepsol.com\\\/es\\\/rally\\\/primer-objetivo-cumplido-isidre-esteve-dakar-2019\\\/\",\"name\":\"Dakar 2019 etapa 5 - Primer objetivo cumplido para Isidre Esteve en el Dakar 2019\",\"isPartOf\":{\"@id\":\"https:\\\/\\\/www.boxrepsol.com\\\/es\\\/#website\"},\"primaryImageOfPage\":{\"@id\":\"https:\\\/\\\/www.boxrepsol.com\\\/es\\\/rally\\\/primer-objetivo-cumplido-isidre-esteve-dakar-2019\\\/#primaryimage\"},\"image\":{\"@id\":\"https:\\\/\\\/www.boxrepsol.com\\\/es\\\/rally\\\/primer-objetivo-cumplido-isidre-esteve-dakar-2019\\\/#primaryimage\"},\"thumbnailUrl\":\"https:\\\/\\\/bxrepsol.s3.eu-west-1.amazonaws.com\\\/static\\\/2022\\\/08\\\/29084211\\\/01_Isidre_esteve_repsol_rally_team_dakar_2019.jpg\",\"datePublished\":\"2019-01-14T02:00:00+00:00\",\"dateModified\":\"2024-05-22T09:46:07+00:00\",\"description\":\"El piloto del Repsol Rally Team logra llegar a la jornada de descanso tras superar cinco duras etapas.\",\"breadcrumb\":{\"@id\":\"https:\\\/\\\/www.boxrepsol.com\\\/es\\\/rally\\\/primer-objetivo-cumplido-isidre-esteve-dakar-2019\\\/#breadcrumb\"},\"inLanguage\":\"es\",\"potentialAction\":[{\"@type\":\"ReadAction\",\"target\":[\"https:\\\/\\\/www.boxrepsol.com\\\/es\\\/rally\\\/primer-objetivo-cumplido-isidre-esteve-dakar-2019\\\/\"]}]},{\"@type\":\"ImageObject\",\"inLanguage\":\"es\",\"@id\":\"https:\\\/\\\/www.boxrepsol.com\\\/es\\\/rally\\\/primer-objetivo-cumplido-isidre-esteve-dakar-2019\\\/#primaryimage\",\"url\":\"https:\\\/\\\/bxrepsol.s3.eu-west-1.amazonaws.com\\\/static\\\/2022\\\/08\\\/29084211\\\/01_Isidre_esteve_repsol_rally_team_dakar_2019.jpg\",\"contentUrl\":\"https:\\\/\\\/bxrepsol.s3.eu-west-1.amazonaws.com\\\/static\\\/2022\\\/08\\\/29084211\\\/01_Isidre_esteve_repsol_rally_team_dakar_2019.jpg\",\"width\":1280,\"height\":600,\"caption\":\"Isidre esteve pilotando sodicar Bv6\"},{\"@type\":\"BreadcrumbList\",\"@id\":\"https:\\\/\\\/www.boxrepsol.com\\\/es\\\/rally\\\/primer-objetivo-cumplido-isidre-esteve-dakar-2019\\\/#breadcrumb\",\"itemListElement\":[{\"@type\":\"ListItem\",\"position\":1,\"name\":\"Home\",\"item\":\"https:\\\/\\\/www.boxrepsol.com\\\/es\\\/\"},{\"@type\":\"ListItem\",\"position\":2,\"name\":\"Primer objetivo cumplido para Isidre Esteve en el Dakar 2019\"}]},{\"@type\":\"WebSite\",\"@id\":\"https:\\\/\\\/www.boxrepsol.com\\\/es\\\/#website\",\"url\":\"https:\\\/\\\/www.boxrepsol.com\\\/es\\\/\",\"name\":\"Box Repsol\",\"description\":\"Box Repsol Site\",\"publisher\":{\"@id\":\"https:\\\/\\\/www.boxrepsol.com\\\/es\\\/#organization\"},\"potentialAction\":[{\"@type\":\"SearchAction\",\"target\":{\"@type\":\"EntryPoint\",\"urlTemplate\":\"https:\\\/\\\/www.boxrepsol.com\\\/es\\\/?s={search_term_string}\"},\"query-input\":{\"@type\":\"PropertyValueSpecification\",\"valueRequired\":true,\"valueName\":\"search_term_string\"}}],\"inLanguage\":\"es\"},{\"@type\":\"Organization\",\"@id\":\"https:\\\/\\\/www.boxrepsol.com\\\/es\\\/#organization\",\"name\":\"Box Repsol\",\"url\":\"https:\\\/\\\/www.boxrepsol.com\\\/es\\\/\",\"logo\":{\"@type\":\"ImageObject\",\"inLanguage\":\"es\",\"@id\":\"https:\\\/\\\/www.boxrepsol.com\\\/es\\\/#\\\/schema\\\/logo\\\/image\\\/\",\"url\":\"https:\\\/\\\/bxrepsol.s3.eu-west-1.amazonaws.com\\\/static\\\/2025\\\/07\\\/30083337\\\/favicon-96x96-1.png\",\"contentUrl\":\"https:\\\/\\\/bxrepsol.s3.eu-west-1.amazonaws.com\\\/static\\\/2025\\\/07\\\/30083337\\\/favicon-96x96-1.png\",\"width\":96,\"height\":96,\"caption\":\"Box Repsol\"},\"image\":{\"@id\":\"https:\\\/\\\/www.boxrepsol.com\\\/es\\\/#\\\/schema\\\/logo\\\/image\\\/\"},\"sameAs\":[\"https:\\\/\\\/www.facebook.com\\\/BoxRepsol\",\"https:\\\/\\\/x.com\\\/box_repsol\",\"http:\\\/\\\/instagram.com\\\/box_repsol\",\"https:\\\/\\\/www.youtube.com\\\/user\\\/RepsolCompeticion\",\"https:\\\/\\\/www.flickr.com\\\/photos\\\/box_repsol\\\/\"]},{\"@type\":\"Person\",\"@id\":\"https:\\\/\\\/www.boxrepsol.com\\\/es\\\/#\\\/schema\\\/person\\\/c5c2138f2cca251b0ad92b7086bb60b7\",\"name\":\"Redacci\u00f3n Box Repsol\",\"image\":{\"@type\":\"ImageObject\",\"inLanguage\":\"es\",\"@id\":\"https:\\\/\\\/secure.gravatar.com\\\/avatar\\\/adf7b77e38b4419baf32c7e9c21dde01f4e40df611f0978e3006fc4ba0aaab7e?s=96&d=mm&r=g\",\"url\":\"https:\\\/\\\/secure.gravatar.com\\\/avatar\\\/adf7b77e38b4419baf32c7e9c21dde01f4e40df611f0978e3006fc4ba0aaab7e?s=96&d=mm&r=g\",\"contentUrl\":\"https:\\\/\\\/secure.gravatar.com\\\/avatar\\\/adf7b77e38b4419baf32c7e9c21dde01f4e40df611f0978e3006fc4ba0aaab7e?s=96&d=mm&r=g\",\"caption\":\"Redacci\u00f3n Box Repsol\"},\"description\":\"Box Repsol lo forma un equipo de periodistas, community managers, dise\u00f1adores y fot\u00f3grafos con m\u00e1s de 20 a\u00f1os de experiencia en el mundo del motorsport. Hemos vivido el primer mundial de un espa\u00f1ol en la categor\u00eda reina de motociclismo con \u00c1lex Crivill\u00e9, estuvimos en las victorias de Pedrosa y los t\u00edtulos de M\u00e1rquez, acompa\u00f1amos en \u00c1frica a Nani Roma y Marc Coma en sus conquistas del Dakar y hemos vibrado con los t\u00edtulos de Toni Bou en Trial. Adem\u00e1s, en nuestro equipo contamos con expertos en el mundo de las dos y cuatro ruedas tanto de la calle y las carreteras, como de los circuitos. Periodistas que han trabajado en revistas y publicaciones para hacerte llegar desde rutas y consejos de mantenimiento, a curiosidades y trucos de pilotaje.\",\"sameAs\":[\"https:\\\/\\\/www.facebook.com\\\/BoxRepsol\\\/\",\"https:\\\/\\\/www.instagram.com\\\/box_repsol\\\/\",\"https:\\\/\\\/x.com\\\/https:\\\/\\\/twitter.com\\\/box_repsol\",\"https:\\\/\\\/www.youtube.com\\\/@Boxrepsol\"],\"url\":\"https:\\\/\\\/www.boxrepsol.com\\\/es\\\/author\\\/redaccion-box-repsol\\\/\"}]}<\/script>\n<!-- \/ Yoast SEO plugin. -->","yoast_head_json":{"title":"Dakar 2019 etapa 5 - Primer objetivo cumplido para Isidre Esteve en el Dakar 2019","description":"El piloto del Repsol Rally Team logra llegar a la jornada de descanso tras superar cinco duras etapas.","canonical":"https:\/\/www.boxrepsol.com\/es\/rally\/primer-objetivo-cumplido-isidre-esteve-dakar-2019\/","og_locale":"es_ES","og_type":"article","og_title":"Dakar 2019 etapa 5 - Primer objetivo cumplido para Isidre Esteve en el Dakar 2019","og_description":"El piloto del Repsol Rally Team logra llegar a la jornada de descanso tras superar cinco duras etapas.","og_url":"https:\/\/www.boxrepsol.com\/es\/rally\/primer-objetivo-cumplido-isidre-esteve-dakar-2019\/","og_site_name":"Box Repsol","article_publisher":"https:\/\/www.facebook.com\/BoxRepsol","article_author":"https:\/\/www.facebook.com\/BoxRepsol\/","article_published_time":"2019-01-14T02:00:00+00:00","article_modified_time":"2024-05-22T09:46:07+00:00","og_image":[{"width":1280,"height":600,"url":"https:\/\/bxrepsol.s3.eu-west-1.amazonaws.com\/static\/2022\/08\/29084211\/01_Isidre_esteve_repsol_rally_team_dakar_2019.jpg","type":"image\/jpeg"}],"author":"Redacci\u00f3n Box Repsol","twitter_card":"summary_large_image","twitter_creator":"@https:\/\/twitter.com\/box_repsol","twitter_site":"@box_repsol","twitter_misc":{"Written by":"Redacci\u00f3n Box Repsol","Est. reading time":"2 minutos"},"schema":{"@context":"https:\/\/schema.org","@graph":[{"@type":"Article","@id":"https:\/\/www.boxrepsol.com\/es\/rally\/primer-objetivo-cumplido-isidre-esteve-dakar-2019\/#article","isPartOf":{"@id":"https:\/\/www.boxrepsol.com\/es\/rally\/primer-objetivo-cumplido-isidre-esteve-dakar-2019\/"},"author":{"name":"Redacci\u00f3n Box Repsol","@id":"https:\/\/www.boxrepsol.com\/es\/#\/schema\/person\/c5c2138f2cca251b0ad92b7086bb60b7"},"headline":"Primer objetivo cumplido para Isidre Esteve en el Dakar 2019","datePublished":"2019-01-14T02:00:00+00:00","dateModified":"2024-05-22T09:46:07+00:00","mainEntityOfPage":{"@id":"https:\/\/www.boxrepsol.com\/es\/rally\/primer-objetivo-cumplido-isidre-esteve-dakar-2019\/"},"wordCount":443,"commentCount":0,"publisher":{"@id":"https:\/\/www.boxrepsol.com\/es\/#organization"},"image":{"@id":"https:\/\/www.boxrepsol.com\/es\/rally\/primer-objetivo-cumplido-isidre-esteve-dakar-2019\/#primaryimage"},"thumbnailUrl":"https:\/\/bxrepsol.s3.eu-west-1.amazonaws.com\/static\/2022\/08\/29084211\/01_Isidre_esteve_repsol_rally_team_dakar_2019.jpg","keywords":["Repsol Rally Team"],"articleSection":["Rally"],"inLanguage":"es","potentialAction":[{"@type":"CommentAction","name":"Comment","target":["https:\/\/www.boxrepsol.com\/es\/rally\/primer-objetivo-cumplido-isidre-esteve-dakar-2019\/#respond"]}]},{"@type":"WebPage","@id":"https:\/\/www.boxrepsol.com\/es\/rally\/primer-objetivo-cumplido-isidre-esteve-dakar-2019\/","url":"https:\/\/www.boxrepsol.com\/es\/rally\/primer-objetivo-cumplido-isidre-esteve-dakar-2019\/","name":"Dakar 2019 etapa 5 - Primer objetivo cumplido para Isidre Esteve en el Dakar 2019","isPartOf":{"@id":"https:\/\/www.boxrepsol.com\/es\/#website"},"primaryImageOfPage":{"@id":"https:\/\/www.boxrepsol.com\/es\/rally\/primer-objetivo-cumplido-isidre-esteve-dakar-2019\/#primaryimage"},"image":{"@id":"https:\/\/www.boxrepsol.com\/es\/rally\/primer-objetivo-cumplido-isidre-esteve-dakar-2019\/#primaryimage"},"thumbnailUrl":"https:\/\/bxrepsol.s3.eu-west-1.amazonaws.com\/static\/2022\/08\/29084211\/01_Isidre_esteve_repsol_rally_team_dakar_2019.jpg","datePublished":"2019-01-14T02:00:00+00:00","dateModified":"2024-05-22T09:46:07+00:00","description":"El piloto del Repsol Rally Team logra llegar a la jornada de descanso tras superar cinco duras etapas.","breadcrumb":{"@id":"https:\/\/www.boxrepsol.com\/es\/rally\/primer-objetivo-cumplido-isidre-esteve-dakar-2019\/#breadcrumb"},"inLanguage":"es","potentialAction":[{"@type":"ReadAction","target":["https:\/\/www.boxrepsol.com\/es\/rally\/primer-objetivo-cumplido-isidre-esteve-dakar-2019\/"]}]},{"@type":"ImageObject","inLanguage":"es","@id":"https:\/\/www.boxrepsol.com\/es\/rally\/primer-objetivo-cumplido-isidre-esteve-dakar-2019\/#primaryimage","url":"https:\/\/bxrepsol.s3.eu-west-1.amazonaws.com\/static\/2022\/08\/29084211\/01_Isidre_esteve_repsol_rally_team_dakar_2019.jpg","contentUrl":"https:\/\/bxrepsol.s3.eu-west-1.amazonaws.com\/static\/2022\/08\/29084211\/01_Isidre_esteve_repsol_rally_team_dakar_2019.jpg","width":1280,"height":600,"caption":"Isidre esteve pilotando sodicar Bv6"},{"@type":"BreadcrumbList","@id":"https:\/\/www.boxrepsol.com\/es\/rally\/primer-objetivo-cumplido-isidre-esteve-dakar-2019\/#breadcrumb","itemListElement":[{"@type":"ListItem","position":1,"name":"Home","item":"https:\/\/www.boxrepsol.com\/es\/"},{"@type":"ListItem","position":2,"name":"Primer objetivo cumplido para Isidre Esteve en el Dakar 2019"}]},{"@type":"WebSite","@id":"https:\/\/www.boxrepsol.com\/es\/#website","url":"https:\/\/www.boxrepsol.com\/es\/","name":"Box Repsol","description":"Box Repsol Site","publisher":{"@id":"https:\/\/www.boxrepsol.com\/es\/#organization"},"potentialAction":[{"@type":"SearchAction","target":{"@type":"EntryPoint","urlTemplate":"https:\/\/www.boxrepsol.com\/es\/?s={search_term_string}"},"query-input":{"@type":"PropertyValueSpecification","valueRequired":true,"valueName":"search_term_string"}}],"inLanguage":"es"},{"@type":"Organization","@id":"https:\/\/www.boxrepsol.com\/es\/#organization","name":"Box Repsol","url":"https:\/\/www.boxrepsol.com\/es\/","logo":{"@type":"ImageObject","inLanguage":"es","@id":"https:\/\/www.boxrepsol.com\/es\/#\/schema\/logo\/image\/","url":"https:\/\/bxrepsol.s3.eu-west-1.amazonaws.com\/static\/2025\/07\/30083337\/favicon-96x96-1.png","contentUrl":"https:\/\/bxrepsol.s3.eu-west-1.amazonaws.com\/static\/2025\/07\/30083337\/favicon-96x96-1.png","width":96,"height":96,"caption":"Box Repsol"},"image":{"@id":"https:\/\/www.boxrepsol.com\/es\/#\/schema\/logo\/image\/"},"sameAs":["https:\/\/www.facebook.com\/BoxRepsol","https:\/\/x.com\/box_repsol","http:\/\/instagram.com\/box_repsol","https:\/\/www.youtube.com\/user\/RepsolCompeticion","https:\/\/www.flickr.com\/photos\/box_repsol\/"]},{"@type":"Person","@id":"https:\/\/www.boxrepsol.com\/es\/#\/schema\/person\/c5c2138f2cca251b0ad92b7086bb60b7","name":"Redacci\u00f3n Box Repsol","image":{"@type":"ImageObject","inLanguage":"es","@id":"https:\/\/secure.gravatar.com\/avatar\/adf7b77e38b4419baf32c7e9c21dde01f4e40df611f0978e3006fc4ba0aaab7e?s=96&d=mm&r=g","url":"https:\/\/secure.gravatar.com\/avatar\/adf7b77e38b4419baf32c7e9c21dde01f4e40df611f0978e3006fc4ba0aaab7e?s=96&d=mm&r=g","contentUrl":"https:\/\/secure.gravatar.com\/avatar\/adf7b77e38b4419baf32c7e9c21dde01f4e40df611f0978e3006fc4ba0aaab7e?s=96&d=mm&r=g","caption":"Redacci\u00f3n Box Repsol"},"description":"Box Repsol lo forma un equipo de periodistas, community managers, dise\u00f1adores y fot\u00f3grafos con m\u00e1s de 20 a\u00f1os de experiencia en el mundo del motorsport. Hemos vivido el primer mundial de un espa\u00f1ol en la categor\u00eda reina de motociclismo con \u00c1lex Crivill\u00e9, estuvimos en las victorias de Pedrosa y los t\u00edtulos de M\u00e1rquez, acompa\u00f1amos en \u00c1frica a Nani Roma y Marc Coma en sus conquistas del Dakar y hemos vibrado con los t\u00edtulos de Toni Bou en Trial. Adem\u00e1s, en nuestro equipo contamos con expertos en el mundo de las dos y cuatro ruedas tanto de la calle y las carreteras, como de los circuitos. Periodistas que han trabajado en revistas y publicaciones para hacerte llegar desde rutas y consejos de mantenimiento, a curiosidades y trucos de pilotaje.","sameAs":["https:\/\/www.facebook.com\/BoxRepsol\/","https:\/\/www.instagram.com\/box_repsol\/","https:\/\/x.com\/https:\/\/twitter.com\/box_repsol","https:\/\/www.youtube.com\/@Boxrepsol"],"url":"https:\/\/www.boxrepsol.com\/es\/author\/redaccion-box-repsol\/"}]}},"_links":{"self":[{"href":"https:\/\/www.boxrepsol.com\/es\/wp-json\/wp\/v2\/posts\/93665","targetHints":{"allow":["GET"]}}],"collection":[{"href":"https:\/\/www.boxrepsol.com\/es\/wp-json\/wp\/v2\/posts"}],"about":[{"href":"https:\/\/www.boxrepsol.com\/es\/wp-json\/wp\/v2\/types\/post"}],"author":[{"embeddable":true,"href":"https:\/\/www.boxrepsol.com\/es\/wp-json\/wp\/v2\/users\/43146"}],"replies":[{"embeddable":true,"href":"https:\/\/www.boxrepsol.com\/es\/wp-json\/wp\/v2\/comments?post=93665"}],"version-history":[{"count":1,"href":"https:\/\/www.boxrepsol.com\/es\/wp-json\/wp\/v2\/posts\/93665\/revisions"}],"predecessor-version":[{"id":93666,"href":"https:\/\/www.boxrepsol.com\/es\/wp-json\/wp\/v2\/posts\/93665\/revisions\/93666"}],"wp:featuredmedia":[{"embeddable":true,"href":"https:\/\/www.boxrepsol.com\/es\/wp-json\/wp\/v2\/media\/60706"}],"wp:attachment":[{"href":"https:\/\/www.boxrepsol.com\/es\/wp-json\/wp\/v2\/media?parent=93665"}],"wp:term":[{"taxonomy":"category","embeddable":true,"href":"https:\/\/www.boxrepsol.com\/es\/wp-json\/wp\/v2\/categories?post=93665"},{"taxonomy":"post_tag","embeddable":true,"href":"https:\/\/www.boxrepsol.com\/es\/wp-json\/wp\/v2\/tags?post=93665"}],"curies":[{"name":"wp","href":"https:\/\/api.w.org\/{rel}","templated":true}]}}