{"id":93661,"date":"2019-01-11T00:00:00","date_gmt":"2019-01-11T02:00:00","guid":{"rendered":"http:\/\/pre.boxrepsol.com\/sin-categorizar\/isidre-esteve-ya-divisa-top-20-la-general\/"},"modified":"2024-05-22T07:46:39","modified_gmt":"2024-05-22T09:46:39","slug":"isidre-esteve-ya-divisa-top-20-la-general","status":"publish","type":"post","link":"https:\/\/www.boxrepsol.com\/es\/rally\/isidre-esteve-ya-divisa-top-20-la-general\/","title":{"rendered":"Isidre Esteve ya divisa el top 20 de la general"},"content":{"rendered":"<p>Isidre Esteve ha superado la primera parte de la etapa marat\u00f3n del Dakar 2019 de forma brillante. A pesar de la exigente orograf\u00eda de la jornada, el piloto del Repsol Rally Team ha cumplido con su misi\u00f3n de llegar hasta el campamento con la mec\u00e1nica de su prototipo BV6 intacta. Adem\u00e1s, <strong>el de Oliana ha remontado cinco posiciones y ya figura 21\u00ba en la general<\/strong>.<\/p>\n<p>Desde que se anunci\u00f3 el recorrido del Dakar 100% peruano, Isidre Esteve y su copiloto Txema Villalobos ten\u00edan marcada en rojo la etapa de este jueves, con salida en Arequipa y llegada a Tacna. Ambos eran conscientes de las dificultades que entra\u00f1aban los <strong>405 kil\u00f3metros cronometrados, sobre un terreno muy variado<\/strong>, con el fesh-fesh como principal peligro y sin la posibilidad de recibir asistencia mec\u00e1nica al final.<\/p>\n<p><em>\u201cHa sido una jornada complicada y muy dura para la mec\u00e1nica, con fesh-fesh que nos tapaba el parabrisas y r\u00edos secos con muchas piedras en las que era muy f\u00e1cil pinchar. Estamos contentos de haberla pasado sin problemas, salvo una enganchada en una zona de poca visibilidad que apenas nos ha retrasado 10 minutos\u201d<\/em>.<\/p>\n<p>&nbsp;<\/p>\n<figure><picture style=\"padding-bottom: 66.638441998307%; background-image: url('https:\/\/bxrepsol.s3.eu-west-1.amazonaws.com\/static\/2022\/08\/05063409\/00_isidre_esteve_lidia_guerrero_repsol_racing_team_dakar2019.jpg');\"> <img decoding=\"async\" src=\"https:\/\/bxrepsol.s3.eu-west-1.amazonaws.com\/static\/2022\/08\/05063409\/00_isidre_esteve_lidia_guerrero_repsol_racing_team_dakar2019.jpg\" \/><\/picture>\n<picture style=\"padding-bottom: 66.638441998307%; background-image: url('https:\/\/bxrepsol.s3.eu-west-1.amazonaws.com\/static\/2022\/08\/05063409\/00_isidre_esteve_lidia_guerrero_repsol_racing_team_dakar2019.jpg');\"><img title=\"Isidre Esteve con su preparadora f\u00edsica, Lidia Guerrero\" alt=\"Isidre Esteve en el coche con la puerta abierta\" data-srcset=\"https:\/\/bxrepsol.s3.eu-west-1.amazonaws.com\/static\/2022\/08\/05063409\/00_isidre_esteve_lidia_guerrero_repsol_racing_team_dakar2019.jpg 480w, https:\/\/bxrepsol.s3.eu-west-1.amazonaws.com\/static\/2022\/08\/05063409\/00_isidre_esteve_lidia_guerrero_repsol_racing_team_dakar2019.jpg 600w, https:\/\/bxrepsol.s3.eu-west-1.amazonaws.com\/static\/2022\/08\/05063409\/00_isidre_esteve_lidia_guerrero_repsol_racing_team_dakar2019.jpg 900w\" data-src=\"https:\/\/bxrepsol.s3.eu-west-1.amazonaws.com\/static\/2022\/08\/05063409\/00_isidre_esteve_lidia_guerrero_repsol_racing_team_dakar2019.jpg\" \/><\/picture>\n<noscript><img decoding=\"async\" src=\"https:\/\/bxrepsol.s3.eu-west-1.amazonaws.com\/static\/2022\/08\/05063409\/00_isidre_esteve_lidia_guerrero_repsol_racing_team_dakar2019.jpg\" alt=\"Isidre Esteve en el coche con la puerta abierta\"><\/noscript><figcaption>Isidre Esteve en el coche con la puerta abierta<\/figcaption><\/figure>\n<p>&nbsp;<\/p>\n<p>Al t\u00e9rmino de la especial, con dos sectores cronometrados de 205 y 146 kil\u00f3metros y un enlace intermedio de 54, el Repsol Rally Team ha marcado un tiempo de 4 horas, 56 minutos y 35 segundos, que le han otorgado la<strong> 24\u00aa posici\u00f3n de la jornada<\/strong> e <strong>iguala su mejor resultado parcial de la presente edici\u00f3n<\/strong>. Eso s\u00ed, en la provisional, Isidre Esteve ha remontado cinco puestos y ya es 21\u00ba, precisamente el mismo lugar que ocup\u00f3 al t\u00e9rmino Dakar 2018.<\/p>\n<p><em>\u00abEstamos muy satisfechos porque poco a poco vamos encontrando nuestro ritmo, que es bastante m\u00e1s alto al del a\u00f1o pasado. Txema Villalobos est\u00e1 haciendo un gran Dakar y est\u00e1 resolviendo con \u00e9xito todas las situaciones comprometidas de navegaci\u00f3n. Cada d\u00eda topamos con muchas trampas en el camino porque el roadbook no es suficientemente exacto y eso nos obliga a bajar la velocidad donde no hace falta\u201d<\/em>.<\/p>\n<p><!-- Imagen relacionada --><br \/>\n<img loading=\"lazy\" decoding=\"async\" src=\"https:\/\/bxrepsol.s3.eu-west-1.amazonaws.com\/static\/2022\/08\/29084024\/01_isidre_esteve_dakar_2019_repsol_rally_team-e1547107423663-404x336-2.jpg\" alt=\"Isidre Esteve en el Dakar 2019\" width=\"404\" height=\"336\" \/><br \/>\n<!-- Categor\u00eda --><br \/>\nRally<br \/>\n<!-- T\u00edtulo --><\/p>\n<h3>Isidre Esteve supera el primer gran examen del Dakar 2019<\/h3>\n<p><!-- Fecha --><br \/>\nhace 1 hora<\/p>\n<p>Gracias a su pericia al volante y a la fiabilidad de su <a href=\"https:\/\/www.boxrepsol.com\/es\/rally\/isidre-esteve-desvela-todos-los-secretos-de-su-prototipo-dakariano\/\">prototipo BV6<\/a>, <strong>Isidre Esteve est\u00e1 a punto de culminar una gran primera semana dakariana<\/strong>:\u00a0<em>\u201cDe momento, nos encontramos cerca de lograr el primer objetivo que nos hab\u00edamos marcado antes de comenzar: llegar a la jornada de descanso sin perder mucho tiempo en la general\u00bb.<\/em><\/p>\n<p>Para lograrlo, el Repsol Rally Team deber\u00e1 finalizar la marat\u00f3n ma\u00f1ana viernes sin contratiempos. Los participantes en coche tendr\u00e1n que recorrer 714 kil\u00f3metros (517 cronometrados y 197 de enlace).\u00a0<em>\u201cEsta edici\u00f3n est\u00e1 resultando tan dura como imagin\u00e1bamos y seguro que la etapa de ma\u00f1ana volver\u00e1 a ser muy complicada\u201d,<\/em>\u00a0presagia Isidre Esteve<em>.<\/em><\/p>\n","protected":false},"excerpt":{"rendered":"<p>El piloto del Repsol Rally Team completa la primera parte de la etapa marat\u00f3n a buen ritmo y con inteligencia para conservar la mec\u00e1nica.<\/p>\n","protected":false},"author":43146,"featured_media":60660,"comment_status":"open","ping_status":"open","sticky":false,"template":"","format":"standard","meta":{"footnotes":""},"categories":[27],"tags":[183],"class_list":["post-93661","post","type-post","status-publish","format-standard","hentry","category-rally","tag-repsol-rally-team"],"yoast_head":"<!-- This site is optimized with the Yoast SEO plugin v27.3 - https:\/\/yoast.com\/product\/yoast-seo-wordpress\/ -->\n<title>Dakar 2019 etapa 4 - Isidre Esteve ya divisa el top 20 de la general<\/title>\n<meta name=\"description\" content=\"El piloto del Repsol Rally Team completa la primera parte de la etapa marat\u00f3n a buen ritmo y con inteligencia para conservar la mec\u00e1nica.\" \/>\n<link rel=\"canonical\" href=\"https:\/\/www.boxrepsol.com\/es\/rally\/isidre-esteve-ya-divisa-top-20-la-general\/\" \/>\n<meta property=\"og:locale\" content=\"es_ES\" \/>\n<meta property=\"og:type\" content=\"article\" \/>\n<meta property=\"og:title\" content=\"Dakar 2019 etapa 4 - Isidre Esteve ya divisa el top 20 de la general\" \/>\n<meta property=\"og:description\" content=\"El piloto del Repsol Rally Team completa la primera parte de la etapa marat\u00f3n a buen ritmo y con inteligencia para conservar la mec\u00e1nica.\" \/>\n<meta property=\"og:url\" content=\"https:\/\/www.boxrepsol.com\/es\/rally\/isidre-esteve-ya-divisa-top-20-la-general\/\" \/>\n<meta property=\"og:site_name\" content=\"Box Repsol\" \/>\n<meta property=\"article:publisher\" content=\"https:\/\/www.facebook.com\/BoxRepsol\" \/>\n<meta property=\"article:author\" content=\"https:\/\/www.facebook.com\/BoxRepsol\/\" \/>\n<meta property=\"article:published_time\" content=\"2019-01-11T02:00:00+00:00\" \/>\n<meta property=\"article:modified_time\" content=\"2024-05-22T09:46:39+00:00\" \/>\n<meta property=\"og:image\" content=\"https:\/\/bxrepsol.s3.eu-west-1.amazonaws.com\/static\/2022\/08\/29084145\/01_isidre_esteve_repsol_rally_team_etapa4_dakar_2019-1.jpg\" \/>\n\t<meta property=\"og:image:width\" content=\"1280\" \/>\n\t<meta property=\"og:image:height\" content=\"600\" \/>\n\t<meta property=\"og:image:type\" content=\"image\/jpeg\" \/>\n<meta name=\"author\" content=\"Redacci\u00f3n Box Repsol\" \/>\n<meta name=\"twitter:card\" content=\"summary_large_image\" \/>\n<meta name=\"twitter:creator\" content=\"@https:\/\/twitter.com\/box_repsol\" \/>\n<meta name=\"twitter:site\" content=\"@box_repsol\" \/>\n<meta name=\"twitter:label1\" content=\"Written by\" \/>\n\t<meta name=\"twitter:data1\" content=\"Redacci\u00f3n Box Repsol\" \/>\n\t<meta name=\"twitter:label2\" content=\"Est. reading time\" \/>\n\t<meta name=\"twitter:data2\" content=\"2 minutos\" \/>\n<script type=\"application\/ld+json\" class=\"yoast-schema-graph\">{\"@context\":\"https:\\\/\\\/schema.org\",\"@graph\":[{\"@type\":\"Article\",\"@id\":\"https:\\\/\\\/www.boxrepsol.com\\\/es\\\/rally\\\/isidre-esteve-ya-divisa-top-20-la-general\\\/#article\",\"isPartOf\":{\"@id\":\"https:\\\/\\\/www.boxrepsol.com\\\/es\\\/rally\\\/isidre-esteve-ya-divisa-top-20-la-general\\\/\"},\"author\":{\"name\":\"Redacci\u00f3n Box Repsol\",\"@id\":\"https:\\\/\\\/www.boxrepsol.com\\\/es\\\/#\\\/schema\\\/person\\\/c5c2138f2cca251b0ad92b7086bb60b7\"},\"headline\":\"Isidre Esteve ya divisa el top 20 de la general\",\"datePublished\":\"2019-01-11T02:00:00+00:00\",\"dateModified\":\"2024-05-22T09:46:39+00:00\",\"mainEntityOfPage\":{\"@id\":\"https:\\\/\\\/www.boxrepsol.com\\\/es\\\/rally\\\/isidre-esteve-ya-divisa-top-20-la-general\\\/\"},\"wordCount\":485,\"commentCount\":0,\"publisher\":{\"@id\":\"https:\\\/\\\/www.boxrepsol.com\\\/es\\\/#organization\"},\"image\":{\"@id\":\"https:\\\/\\\/www.boxrepsol.com\\\/es\\\/rally\\\/isidre-esteve-ya-divisa-top-20-la-general\\\/#primaryimage\"},\"thumbnailUrl\":\"https:\\\/\\\/bxrepsol.s3.eu-west-1.amazonaws.com\\\/static\\\/2022\\\/08\\\/29084145\\\/01_isidre_esteve_repsol_rally_team_etapa4_dakar_2019-1.jpg\",\"keywords\":[\"Repsol Rally Team\"],\"articleSection\":[\"Rally\"],\"inLanguage\":\"es\",\"potentialAction\":[{\"@type\":\"CommentAction\",\"name\":\"Comment\",\"target\":[\"https:\\\/\\\/www.boxrepsol.com\\\/es\\\/rally\\\/isidre-esteve-ya-divisa-top-20-la-general\\\/#respond\"]}]},{\"@type\":\"WebPage\",\"@id\":\"https:\\\/\\\/www.boxrepsol.com\\\/es\\\/rally\\\/isidre-esteve-ya-divisa-top-20-la-general\\\/\",\"url\":\"https:\\\/\\\/www.boxrepsol.com\\\/es\\\/rally\\\/isidre-esteve-ya-divisa-top-20-la-general\\\/\",\"name\":\"Dakar 2019 etapa 4 - Isidre Esteve ya divisa el top 20 de la general\",\"isPartOf\":{\"@id\":\"https:\\\/\\\/www.boxrepsol.com\\\/es\\\/#website\"},\"primaryImageOfPage\":{\"@id\":\"https:\\\/\\\/www.boxrepsol.com\\\/es\\\/rally\\\/isidre-esteve-ya-divisa-top-20-la-general\\\/#primaryimage\"},\"image\":{\"@id\":\"https:\\\/\\\/www.boxrepsol.com\\\/es\\\/rally\\\/isidre-esteve-ya-divisa-top-20-la-general\\\/#primaryimage\"},\"thumbnailUrl\":\"https:\\\/\\\/bxrepsol.s3.eu-west-1.amazonaws.com\\\/static\\\/2022\\\/08\\\/29084145\\\/01_isidre_esteve_repsol_rally_team_etapa4_dakar_2019-1.jpg\",\"datePublished\":\"2019-01-11T02:00:00+00:00\",\"dateModified\":\"2024-05-22T09:46:39+00:00\",\"description\":\"El piloto del Repsol Rally Team completa la primera parte de la etapa marat\u00f3n a buen ritmo y con inteligencia para conservar la mec\u00e1nica.\",\"breadcrumb\":{\"@id\":\"https:\\\/\\\/www.boxrepsol.com\\\/es\\\/rally\\\/isidre-esteve-ya-divisa-top-20-la-general\\\/#breadcrumb\"},\"inLanguage\":\"es\",\"potentialAction\":[{\"@type\":\"ReadAction\",\"target\":[\"https:\\\/\\\/www.boxrepsol.com\\\/es\\\/rally\\\/isidre-esteve-ya-divisa-top-20-la-general\\\/\"]}]},{\"@type\":\"ImageObject\",\"inLanguage\":\"es\",\"@id\":\"https:\\\/\\\/www.boxrepsol.com\\\/es\\\/rally\\\/isidre-esteve-ya-divisa-top-20-la-general\\\/#primaryimage\",\"url\":\"https:\\\/\\\/bxrepsol.s3.eu-west-1.amazonaws.com\\\/static\\\/2022\\\/08\\\/29084145\\\/01_isidre_esteve_repsol_rally_team_etapa4_dakar_2019-1.jpg\",\"contentUrl\":\"https:\\\/\\\/bxrepsol.s3.eu-west-1.amazonaws.com\\\/static\\\/2022\\\/08\\\/29084145\\\/01_isidre_esteve_repsol_rally_team_etapa4_dakar_2019-1.jpg\",\"width\":1280,\"height\":600,\"caption\":\"Isidre Esteve en el Sodicars BV6 del Repsol Rally team\"},{\"@type\":\"BreadcrumbList\",\"@id\":\"https:\\\/\\\/www.boxrepsol.com\\\/es\\\/rally\\\/isidre-esteve-ya-divisa-top-20-la-general\\\/#breadcrumb\",\"itemListElement\":[{\"@type\":\"ListItem\",\"position\":1,\"name\":\"Home\",\"item\":\"https:\\\/\\\/www.boxrepsol.com\\\/es\\\/\"},{\"@type\":\"ListItem\",\"position\":2,\"name\":\"Isidre Esteve ya divisa el top 20 de la general\"}]},{\"@type\":\"WebSite\",\"@id\":\"https:\\\/\\\/www.boxrepsol.com\\\/es\\\/#website\",\"url\":\"https:\\\/\\\/www.boxrepsol.com\\\/es\\\/\",\"name\":\"Box Repsol\",\"description\":\"Box Repsol Site\",\"publisher\":{\"@id\":\"https:\\\/\\\/www.boxrepsol.com\\\/es\\\/#organization\"},\"potentialAction\":[{\"@type\":\"SearchAction\",\"target\":{\"@type\":\"EntryPoint\",\"urlTemplate\":\"https:\\\/\\\/www.boxrepsol.com\\\/es\\\/?s={search_term_string}\"},\"query-input\":{\"@type\":\"PropertyValueSpecification\",\"valueRequired\":true,\"valueName\":\"search_term_string\"}}],\"inLanguage\":\"es\"},{\"@type\":\"Organization\",\"@id\":\"https:\\\/\\\/www.boxrepsol.com\\\/es\\\/#organization\",\"name\":\"Box Repsol\",\"url\":\"https:\\\/\\\/www.boxrepsol.com\\\/es\\\/\",\"logo\":{\"@type\":\"ImageObject\",\"inLanguage\":\"es\",\"@id\":\"https:\\\/\\\/www.boxrepsol.com\\\/es\\\/#\\\/schema\\\/logo\\\/image\\\/\",\"url\":\"https:\\\/\\\/bxrepsol.s3.eu-west-1.amazonaws.com\\\/static\\\/2025\\\/07\\\/30083337\\\/favicon-96x96-1.png\",\"contentUrl\":\"https:\\\/\\\/bxrepsol.s3.eu-west-1.amazonaws.com\\\/static\\\/2025\\\/07\\\/30083337\\\/favicon-96x96-1.png\",\"width\":96,\"height\":96,\"caption\":\"Box Repsol\"},\"image\":{\"@id\":\"https:\\\/\\\/www.boxrepsol.com\\\/es\\\/#\\\/schema\\\/logo\\\/image\\\/\"},\"sameAs\":[\"https:\\\/\\\/www.facebook.com\\\/BoxRepsol\",\"https:\\\/\\\/x.com\\\/box_repsol\",\"http:\\\/\\\/instagram.com\\\/box_repsol\",\"https:\\\/\\\/www.youtube.com\\\/user\\\/RepsolCompeticion\",\"https:\\\/\\\/www.flickr.com\\\/photos\\\/box_repsol\\\/\"]},{\"@type\":\"Person\",\"@id\":\"https:\\\/\\\/www.boxrepsol.com\\\/es\\\/#\\\/schema\\\/person\\\/c5c2138f2cca251b0ad92b7086bb60b7\",\"name\":\"Redacci\u00f3n Box Repsol\",\"image\":{\"@type\":\"ImageObject\",\"inLanguage\":\"es\",\"@id\":\"https:\\\/\\\/secure.gravatar.com\\\/avatar\\\/adf7b77e38b4419baf32c7e9c21dde01f4e40df611f0978e3006fc4ba0aaab7e?s=96&d=mm&r=g\",\"url\":\"https:\\\/\\\/secure.gravatar.com\\\/avatar\\\/adf7b77e38b4419baf32c7e9c21dde01f4e40df611f0978e3006fc4ba0aaab7e?s=96&d=mm&r=g\",\"contentUrl\":\"https:\\\/\\\/secure.gravatar.com\\\/avatar\\\/adf7b77e38b4419baf32c7e9c21dde01f4e40df611f0978e3006fc4ba0aaab7e?s=96&d=mm&r=g\",\"caption\":\"Redacci\u00f3n Box Repsol\"},\"description\":\"Box Repsol lo forma un equipo de periodistas, community managers, dise\u00f1adores y fot\u00f3grafos con m\u00e1s de 20 a\u00f1os de experiencia en el mundo del motorsport. Hemos vivido el primer mundial de un espa\u00f1ol en la categor\u00eda reina de motociclismo con \u00c1lex Crivill\u00e9, estuvimos en las victorias de Pedrosa y los t\u00edtulos de M\u00e1rquez, acompa\u00f1amos en \u00c1frica a Nani Roma y Marc Coma en sus conquistas del Dakar y hemos vibrado con los t\u00edtulos de Toni Bou en Trial. Adem\u00e1s, en nuestro equipo contamos con expertos en el mundo de las dos y cuatro ruedas tanto de la calle y las carreteras, como de los circuitos. Periodistas que han trabajado en revistas y publicaciones para hacerte llegar desde rutas y consejos de mantenimiento, a curiosidades y trucos de pilotaje.\",\"sameAs\":[\"https:\\\/\\\/www.facebook.com\\\/BoxRepsol\\\/\",\"https:\\\/\\\/www.instagram.com\\\/box_repsol\\\/\",\"https:\\\/\\\/x.com\\\/https:\\\/\\\/twitter.com\\\/box_repsol\",\"https:\\\/\\\/www.youtube.com\\\/@Boxrepsol\"],\"url\":\"https:\\\/\\\/www.boxrepsol.com\\\/es\\\/author\\\/redaccion-box-repsol\\\/\"}]}<\/script>\n<!-- \/ Yoast SEO plugin. -->","yoast_head_json":{"title":"Dakar 2019 etapa 4 - Isidre Esteve ya divisa el top 20 de la general","description":"El piloto del Repsol Rally Team completa la primera parte de la etapa marat\u00f3n a buen ritmo y con inteligencia para conservar la mec\u00e1nica.","canonical":"https:\/\/www.boxrepsol.com\/es\/rally\/isidre-esteve-ya-divisa-top-20-la-general\/","og_locale":"es_ES","og_type":"article","og_title":"Dakar 2019 etapa 4 - Isidre Esteve ya divisa el top 20 de la general","og_description":"El piloto del Repsol Rally Team completa la primera parte de la etapa marat\u00f3n a buen ritmo y con inteligencia para conservar la mec\u00e1nica.","og_url":"https:\/\/www.boxrepsol.com\/es\/rally\/isidre-esteve-ya-divisa-top-20-la-general\/","og_site_name":"Box Repsol","article_publisher":"https:\/\/www.facebook.com\/BoxRepsol","article_author":"https:\/\/www.facebook.com\/BoxRepsol\/","article_published_time":"2019-01-11T02:00:00+00:00","article_modified_time":"2024-05-22T09:46:39+00:00","og_image":[{"width":1280,"height":600,"url":"https:\/\/bxrepsol.s3.eu-west-1.amazonaws.com\/static\/2022\/08\/29084145\/01_isidre_esteve_repsol_rally_team_etapa4_dakar_2019-1.jpg","type":"image\/jpeg"}],"author":"Redacci\u00f3n Box Repsol","twitter_card":"summary_large_image","twitter_creator":"@https:\/\/twitter.com\/box_repsol","twitter_site":"@box_repsol","twitter_misc":{"Written by":"Redacci\u00f3n Box Repsol","Est. reading time":"2 minutos"},"schema":{"@context":"https:\/\/schema.org","@graph":[{"@type":"Article","@id":"https:\/\/www.boxrepsol.com\/es\/rally\/isidre-esteve-ya-divisa-top-20-la-general\/#article","isPartOf":{"@id":"https:\/\/www.boxrepsol.com\/es\/rally\/isidre-esteve-ya-divisa-top-20-la-general\/"},"author":{"name":"Redacci\u00f3n Box Repsol","@id":"https:\/\/www.boxrepsol.com\/es\/#\/schema\/person\/c5c2138f2cca251b0ad92b7086bb60b7"},"headline":"Isidre Esteve ya divisa el top 20 de la general","datePublished":"2019-01-11T02:00:00+00:00","dateModified":"2024-05-22T09:46:39+00:00","mainEntityOfPage":{"@id":"https:\/\/www.boxrepsol.com\/es\/rally\/isidre-esteve-ya-divisa-top-20-la-general\/"},"wordCount":485,"commentCount":0,"publisher":{"@id":"https:\/\/www.boxrepsol.com\/es\/#organization"},"image":{"@id":"https:\/\/www.boxrepsol.com\/es\/rally\/isidre-esteve-ya-divisa-top-20-la-general\/#primaryimage"},"thumbnailUrl":"https:\/\/bxrepsol.s3.eu-west-1.amazonaws.com\/static\/2022\/08\/29084145\/01_isidre_esteve_repsol_rally_team_etapa4_dakar_2019-1.jpg","keywords":["Repsol Rally Team"],"articleSection":["Rally"],"inLanguage":"es","potentialAction":[{"@type":"CommentAction","name":"Comment","target":["https:\/\/www.boxrepsol.com\/es\/rally\/isidre-esteve-ya-divisa-top-20-la-general\/#respond"]}]},{"@type":"WebPage","@id":"https:\/\/www.boxrepsol.com\/es\/rally\/isidre-esteve-ya-divisa-top-20-la-general\/","url":"https:\/\/www.boxrepsol.com\/es\/rally\/isidre-esteve-ya-divisa-top-20-la-general\/","name":"Dakar 2019 etapa 4 - Isidre Esteve ya divisa el top 20 de la general","isPartOf":{"@id":"https:\/\/www.boxrepsol.com\/es\/#website"},"primaryImageOfPage":{"@id":"https:\/\/www.boxrepsol.com\/es\/rally\/isidre-esteve-ya-divisa-top-20-la-general\/#primaryimage"},"image":{"@id":"https:\/\/www.boxrepsol.com\/es\/rally\/isidre-esteve-ya-divisa-top-20-la-general\/#primaryimage"},"thumbnailUrl":"https:\/\/bxrepsol.s3.eu-west-1.amazonaws.com\/static\/2022\/08\/29084145\/01_isidre_esteve_repsol_rally_team_etapa4_dakar_2019-1.jpg","datePublished":"2019-01-11T02:00:00+00:00","dateModified":"2024-05-22T09:46:39+00:00","description":"El piloto del Repsol Rally Team completa la primera parte de la etapa marat\u00f3n a buen ritmo y con inteligencia para conservar la mec\u00e1nica.","breadcrumb":{"@id":"https:\/\/www.boxrepsol.com\/es\/rally\/isidre-esteve-ya-divisa-top-20-la-general\/#breadcrumb"},"inLanguage":"es","potentialAction":[{"@type":"ReadAction","target":["https:\/\/www.boxrepsol.com\/es\/rally\/isidre-esteve-ya-divisa-top-20-la-general\/"]}]},{"@type":"ImageObject","inLanguage":"es","@id":"https:\/\/www.boxrepsol.com\/es\/rally\/isidre-esteve-ya-divisa-top-20-la-general\/#primaryimage","url":"https:\/\/bxrepsol.s3.eu-west-1.amazonaws.com\/static\/2022\/08\/29084145\/01_isidre_esteve_repsol_rally_team_etapa4_dakar_2019-1.jpg","contentUrl":"https:\/\/bxrepsol.s3.eu-west-1.amazonaws.com\/static\/2022\/08\/29084145\/01_isidre_esteve_repsol_rally_team_etapa4_dakar_2019-1.jpg","width":1280,"height":600,"caption":"Isidre Esteve en el Sodicars BV6 del Repsol Rally team"},{"@type":"BreadcrumbList","@id":"https:\/\/www.boxrepsol.com\/es\/rally\/isidre-esteve-ya-divisa-top-20-la-general\/#breadcrumb","itemListElement":[{"@type":"ListItem","position":1,"name":"Home","item":"https:\/\/www.boxrepsol.com\/es\/"},{"@type":"ListItem","position":2,"name":"Isidre Esteve ya divisa el top 20 de la general"}]},{"@type":"WebSite","@id":"https:\/\/www.boxrepsol.com\/es\/#website","url":"https:\/\/www.boxrepsol.com\/es\/","name":"Box Repsol","description":"Box Repsol Site","publisher":{"@id":"https:\/\/www.boxrepsol.com\/es\/#organization"},"potentialAction":[{"@type":"SearchAction","target":{"@type":"EntryPoint","urlTemplate":"https:\/\/www.boxrepsol.com\/es\/?s={search_term_string}"},"query-input":{"@type":"PropertyValueSpecification","valueRequired":true,"valueName":"search_term_string"}}],"inLanguage":"es"},{"@type":"Organization","@id":"https:\/\/www.boxrepsol.com\/es\/#organization","name":"Box Repsol","url":"https:\/\/www.boxrepsol.com\/es\/","logo":{"@type":"ImageObject","inLanguage":"es","@id":"https:\/\/www.boxrepsol.com\/es\/#\/schema\/logo\/image\/","url":"https:\/\/bxrepsol.s3.eu-west-1.amazonaws.com\/static\/2025\/07\/30083337\/favicon-96x96-1.png","contentUrl":"https:\/\/bxrepsol.s3.eu-west-1.amazonaws.com\/static\/2025\/07\/30083337\/favicon-96x96-1.png","width":96,"height":96,"caption":"Box Repsol"},"image":{"@id":"https:\/\/www.boxrepsol.com\/es\/#\/schema\/logo\/image\/"},"sameAs":["https:\/\/www.facebook.com\/BoxRepsol","https:\/\/x.com\/box_repsol","http:\/\/instagram.com\/box_repsol","https:\/\/www.youtube.com\/user\/RepsolCompeticion","https:\/\/www.flickr.com\/photos\/box_repsol\/"]},{"@type":"Person","@id":"https:\/\/www.boxrepsol.com\/es\/#\/schema\/person\/c5c2138f2cca251b0ad92b7086bb60b7","name":"Redacci\u00f3n Box Repsol","image":{"@type":"ImageObject","inLanguage":"es","@id":"https:\/\/secure.gravatar.com\/avatar\/adf7b77e38b4419baf32c7e9c21dde01f4e40df611f0978e3006fc4ba0aaab7e?s=96&d=mm&r=g","url":"https:\/\/secure.gravatar.com\/avatar\/adf7b77e38b4419baf32c7e9c21dde01f4e40df611f0978e3006fc4ba0aaab7e?s=96&d=mm&r=g","contentUrl":"https:\/\/secure.gravatar.com\/avatar\/adf7b77e38b4419baf32c7e9c21dde01f4e40df611f0978e3006fc4ba0aaab7e?s=96&d=mm&r=g","caption":"Redacci\u00f3n Box Repsol"},"description":"Box Repsol lo forma un equipo de periodistas, community managers, dise\u00f1adores y fot\u00f3grafos con m\u00e1s de 20 a\u00f1os de experiencia en el mundo del motorsport. Hemos vivido el primer mundial de un espa\u00f1ol en la categor\u00eda reina de motociclismo con \u00c1lex Crivill\u00e9, estuvimos en las victorias de Pedrosa y los t\u00edtulos de M\u00e1rquez, acompa\u00f1amos en \u00c1frica a Nani Roma y Marc Coma en sus conquistas del Dakar y hemos vibrado con los t\u00edtulos de Toni Bou en Trial. Adem\u00e1s, en nuestro equipo contamos con expertos en el mundo de las dos y cuatro ruedas tanto de la calle y las carreteras, como de los circuitos. Periodistas que han trabajado en revistas y publicaciones para hacerte llegar desde rutas y consejos de mantenimiento, a curiosidades y trucos de pilotaje.","sameAs":["https:\/\/www.facebook.com\/BoxRepsol\/","https:\/\/www.instagram.com\/box_repsol\/","https:\/\/x.com\/https:\/\/twitter.com\/box_repsol","https:\/\/www.youtube.com\/@Boxrepsol"],"url":"https:\/\/www.boxrepsol.com\/es\/author\/redaccion-box-repsol\/"}]}},"_links":{"self":[{"href":"https:\/\/www.boxrepsol.com\/es\/wp-json\/wp\/v2\/posts\/93661","targetHints":{"allow":["GET"]}}],"collection":[{"href":"https:\/\/www.boxrepsol.com\/es\/wp-json\/wp\/v2\/posts"}],"about":[{"href":"https:\/\/www.boxrepsol.com\/es\/wp-json\/wp\/v2\/types\/post"}],"author":[{"embeddable":true,"href":"https:\/\/www.boxrepsol.com\/es\/wp-json\/wp\/v2\/users\/43146"}],"replies":[{"embeddable":true,"href":"https:\/\/www.boxrepsol.com\/es\/wp-json\/wp\/v2\/comments?post=93661"}],"version-history":[{"count":1,"href":"https:\/\/www.boxrepsol.com\/es\/wp-json\/wp\/v2\/posts\/93661\/revisions"}],"predecessor-version":[{"id":93662,"href":"https:\/\/www.boxrepsol.com\/es\/wp-json\/wp\/v2\/posts\/93661\/revisions\/93662"}],"wp:featuredmedia":[{"embeddable":true,"href":"https:\/\/www.boxrepsol.com\/es\/wp-json\/wp\/v2\/media\/60660"}],"wp:attachment":[{"href":"https:\/\/www.boxrepsol.com\/es\/wp-json\/wp\/v2\/media?parent=93661"}],"wp:term":[{"taxonomy":"category","embeddable":true,"href":"https:\/\/www.boxrepsol.com\/es\/wp-json\/wp\/v2\/categories?post=93661"},{"taxonomy":"post_tag","embeddable":true,"href":"https:\/\/www.boxrepsol.com\/es\/wp-json\/wp\/v2\/tags?post=93661"}],"curies":[{"name":"wp","href":"https:\/\/api.w.org\/{rel}","templated":true}]}}