{"id":93657,"date":"2019-01-10T00:00:00","date_gmt":"2019-01-10T02:00:00","guid":{"rendered":"http:\/\/pre.boxrepsol.com\/sin-categorizar\/isidre-esteve-supera-primer-gran-examen-del-dakar-2019\/"},"modified":"2024-05-22T07:46:57","modified_gmt":"2024-05-22T09:46:57","slug":"isidre-esteve-supera-primer-gran-examen-del-dakar-2019","status":"publish","type":"post","link":"https:\/\/www.boxrepsol.com\/es\/rally\/isidre-esteve-supera-primer-gran-examen-del-dakar-2019\/","title":{"rendered":"Isidre Esteve supera el primer gran examen del Dakar 2019"},"content":{"rendered":"<p>Isidre Esteve ha sufrido este mi\u00e9rcoles su primer contratiempo serio del Dakar 2019. En la tercera etapa, que ha dejado a varios favoritos fuera de combate, el piloto del Repsol Rally Team ha debido extremar las precauciones, tras desllantar dos ruedas a la vez y quedarse sin ninguna de repuesto hasta el reagrupamiento. Aun as\u00ed, <strong>el ilerdense se mantiene dentro del top 30 de la general<\/strong> con su prototipo BV6, a la espera del inicio ma\u00f1ana de la temida marat\u00f3n.<\/p>\n<p>La jornada, entre <strong>San Juan de Marcona y Arequipa<\/strong>, constaba de 331 kil\u00f3metros cronometrados que han resultado muy exigentes, especialmente en su parte inicial. Isidre Esteve y su copiloto Txema Villalobos han tenido que afrontar un inesperado contratiempo en el punto kilom\u00e9trico 70.\u00a0<em>\u201cHemos salido con la presi\u00f3n baja para pasar mejor por las complicadas dunas de los primeros kil\u00f3metros. \u00cdbamos bien, hasta que en una de ellas hemos desllantado dos ruedas a la vez y nos hemos quedado sin neum\u00e1ticos de recambio\u201d.<\/em><\/p>\n<p>A modo de precauci\u00f3n, han decidido aumentar la presi\u00f3n para no arriesgarse a sufrir un pinchazo que hubiera resultado fat\u00eddico.\u00a0<em>\u201cNuestro objetivo era llegar a la zona de asistencia para recuperar las ruedas de repuesto y lo hemos conseguido, aunque al modificar las presiones nos hemos quedado empanzados en una duna 15 kil\u00f3metros m\u00e1s adelante y hemos vuelto a perder bastante tiempo\u201d<\/em>.<\/p>\n<p>&nbsp;<\/p>\n<figure><picture style=\"padding-bottom: 56.245589273112%; background-image: url('https:\/\/bxrepsol.s3.eu-west-1.amazonaws.com\/static\/2022\/08\/05063352\/00_dakar_2019_isidre_esteve_repsol_rally_team.jpg');\"> <img decoding=\"async\" src=\"https:\/\/bxrepsol.s3.eu-west-1.amazonaws.com\/static\/2022\/08\/05063352\/00_dakar_2019_isidre_esteve_repsol_rally_team.jpg\" \/><\/picture> <picture style=\"padding-bottom: 56.245589273112%; background-image: url('https:\/\/bxrepsol.s3.eu-west-1.amazonaws.com\/static\/2022\/08\/05063352\/00_dakar_2019_isidre_esteve_repsol_rally_team.jpg');\"><img title=\"Isidre Esteve rodando por dunas en Per\u00fa\" alt=\"Isidre Esteve en el Dakar 2019\" data-srcset=\"https:\/\/bxrepsol.s3.eu-west-1.amazonaws.com\/static\/2022\/08\/05063352\/00_dakar_2019_isidre_esteve_repsol_rally_team.jpg 480w, https:\/\/bxrepsol.s3.eu-west-1.amazonaws.com\/static\/2022\/08\/05063352\/00_dakar_2019_isidre_esteve_repsol_rally_team.jpg 600w, https:\/\/bxrepsol.s3.eu-west-1.amazonaws.com\/static\/2022\/08\/05063352\/00_dakar_2019_isidre_esteve_repsol_rally_team.jpg 900w, https:\/\/bxrepsol.s3.eu-west-1.amazonaws.com\/static\/2022\/08\/05063352\/00_dakar_2019_isidre_esteve_repsol_rally_team.jpg 1280w\" data-src=\"https:\/\/bxrepsol.s3.eu-west-1.amazonaws.com\/static\/2022\/08\/05063352\/00_dakar_2019_isidre_esteve_repsol_rally_team.jpg\" \/><\/picture><noscript><img decoding=\"async\" src=\"https:\/\/bxrepsol.s3.eu-west-1.amazonaws.com\/static\/2022\/08\/05063352\/00_dakar_2019_isidre_esteve_repsol_rally_team.jpg\" alt=\"Isidre Esteve en el Dakar 2019\"><\/noscript><figcaption>Isidre Esteve en el Dakar 2019<\/figcaption><\/figure>\n<p>&nbsp;<\/p>\n<p>Todo ello se ha traducido en un retraso de hora y media respecto al primer clasificado, al paso por el way point 5. A partir de ah\u00ed, el Repsol Rally Team ha logrado marcar un buen ritmo que le ha permitido recuperar siete posiciones, de la 40 a la 33. Ya sin ninguna incidencia, han podido completar la jornada con <a href=\"https:\/\/www.boxrepsol.com\/es\/rally\/isidre-esteve-desvela-todos-los-secretos-de-su-prototipo-dakariano\/\">su prototipo dakariano de Sodicars Racing<\/a> a 2 horas del ganador del d\u00eda, el franc\u00e9s St\u00e9phane Peterhansel.<\/p>\n<p>Concretamente, Isidre Esteve ha invertido hoy 5 horas, 55 minutos y 41 segundos, un registro que le ha otorgado la 33\u00aa posici\u00f3n de la etapa y la s\u00e9ptima de su categor\u00eda T1.2 (todoterreno 4&#215;4 di\u00e9sel modificados).\u00a0<em>\u201cNo ha sido nuestro mejor d\u00eda, pero tampoco ha sido malo. Txema Villalobos ha estado perfecto en la navegaci\u00f3n y hemos superado una jornada complicada con la mec\u00e1nica intacta. En general, nos sentimos satisfechos, sobre todo porque el coche llega sin problemas t\u00e9cnicos a la marat\u00f3n y eso es crucial\u201d<\/em>.<\/p>\n<p>Disputadas <a href=\"https:\/\/www.boxrepsol.com\/es\/rally\/todas-las-etapas-del-rally-dakar-2019\/\">las tres primeras etapas<\/a>, Isidre Esteve figura 26\u00ba la general y 6\u00ba de T1.2, con un acumulado de 11 horas, 24 minutos y 13 segundos. Adem\u00e1s, <strong>ya es el tercer mejor espa\u00f1ol clasificado en coches<\/strong>. Una buena manera de afrontar la primera parte de la marat\u00f3n de ma\u00f1ana, entre Arequipa y Tacna, con 663 kil\u00f3metros de los cuales 406 ser\u00e1n de especial<em>.<\/em><\/p>\n<p><!-- Imagen relacionada --><br \/>\n<img loading=\"lazy\" decoding=\"async\" src=\"https:\/\/bxrepsol.s3.eu-west-1.amazonaws.com\/static\/2022\/08\/29084023\/01_isidre_esteve_dakar_repsol_rally_team_sodicarBV6_arena_desierto-e1547020966471-404x336-2.jpg\" alt=\"Isidre esteve en coche de rally\" width=\"404\" height=\"336\" \/><br \/>\n<!-- Categor\u00eda --><br \/>\nRally<br \/>\n<!-- T\u00edtulo --><\/p>\n<h3>Isidre Esteve escala diez puestos en la general tras una gran etapa<\/h3>\n<p><!-- Fecha --><br \/>\nhace 1 hora<\/p>\n","protected":false},"excerpt":{"rendered":"<p>El piloto del Repsol Rally Team ha completado en 33\u00ba lugar una especial muy exigente, pese a desllantar dos ruedas a la vez en los primeros kil\u00f3metros.<\/p>\n","protected":false},"author":43146,"featured_media":60626,"comment_status":"open","ping_status":"open","sticky":false,"template":"","format":"standard","meta":{"footnotes":""},"categories":[27],"tags":[183],"class_list":["post-93657","post","type-post","status-publish","format-standard","hentry","category-rally","tag-repsol-rally-team"],"yoast_head":"<!-- This site is optimized with the Yoast SEO plugin v27.3 - https:\/\/yoast.com\/product\/yoast-seo-wordpress\/ -->\n<title>Dakar 2019 Etapa 3 - Isidre Esteve supera el primer gran examen<\/title>\n<meta name=\"description\" content=\"El piloto del Repsol Rally Team ha completado en 33\u00ba lugar una especial muy exigente, pese a desllantar dos ruedas a la vez en los primeros kil\u00f3metros.\" \/>\n<link rel=\"canonical\" href=\"https:\/\/www.boxrepsol.com\/es\/rally\/isidre-esteve-supera-primer-gran-examen-del-dakar-2019\/\" \/>\n<meta property=\"og:locale\" content=\"es_ES\" \/>\n<meta property=\"og:type\" content=\"article\" \/>\n<meta property=\"og:title\" content=\"Dakar 2019 Etapa 3 - Isidre Esteve supera el primer gran examen\" \/>\n<meta property=\"og:description\" content=\"El piloto del Repsol Rally Team ha completado en 33\u00ba lugar una especial muy exigente, pese a desllantar dos ruedas a la vez en los primeros kil\u00f3metros.\" \/>\n<meta property=\"og:url\" content=\"https:\/\/www.boxrepsol.com\/es\/rally\/isidre-esteve-supera-primer-gran-examen-del-dakar-2019\/\" \/>\n<meta property=\"og:site_name\" content=\"Box Repsol\" \/>\n<meta property=\"article:publisher\" content=\"https:\/\/www.facebook.com\/BoxRepsol\" \/>\n<meta property=\"article:author\" content=\"https:\/\/www.facebook.com\/BoxRepsol\/\" \/>\n<meta property=\"article:published_time\" content=\"2019-01-10T02:00:00+00:00\" \/>\n<meta property=\"article:modified_time\" content=\"2024-05-22T09:46:57+00:00\" \/>\n<meta property=\"og:image\" content=\"https:\/\/bxrepsol.s3.eu-west-1.amazonaws.com\/static\/2022\/08\/29084127\/01_isidre_esteve_dakar_2019_repsol_rally_team.jpg\" \/>\n\t<meta property=\"og:image:width\" content=\"1280\" \/>\n\t<meta property=\"og:image:height\" content=\"600\" \/>\n\t<meta property=\"og:image:type\" content=\"image\/jpeg\" \/>\n<meta name=\"author\" content=\"Redacci\u00f3n Box Repsol\" \/>\n<meta name=\"twitter:card\" content=\"summary_large_image\" \/>\n<meta name=\"twitter:creator\" content=\"@https:\/\/twitter.com\/box_repsol\" \/>\n<meta name=\"twitter:site\" content=\"@box_repsol\" \/>\n<meta name=\"twitter:label1\" content=\"Written by\" \/>\n\t<meta name=\"twitter:data1\" content=\"Redacci\u00f3n Box Repsol\" \/>\n\t<meta name=\"twitter:label2\" content=\"Est. reading time\" \/>\n\t<meta name=\"twitter:data2\" content=\"2 minutos\" \/>\n<script type=\"application\/ld+json\" class=\"yoast-schema-graph\">{\"@context\":\"https:\\\/\\\/schema.org\",\"@graph\":[{\"@type\":\"Article\",\"@id\":\"https:\\\/\\\/www.boxrepsol.com\\\/es\\\/rally\\\/isidre-esteve-supera-primer-gran-examen-del-dakar-2019\\\/#article\",\"isPartOf\":{\"@id\":\"https:\\\/\\\/www.boxrepsol.com\\\/es\\\/rally\\\/isidre-esteve-supera-primer-gran-examen-del-dakar-2019\\\/\"},\"author\":{\"name\":\"Redacci\u00f3n Box Repsol\",\"@id\":\"https:\\\/\\\/www.boxrepsol.com\\\/es\\\/#\\\/schema\\\/person\\\/c5c2138f2cca251b0ad92b7086bb60b7\"},\"headline\":\"Isidre Esteve supera el primer gran examen del Dakar 2019\",\"datePublished\":\"2019-01-10T02:00:00+00:00\",\"dateModified\":\"2024-05-22T09:46:57+00:00\",\"mainEntityOfPage\":{\"@id\":\"https:\\\/\\\/www.boxrepsol.com\\\/es\\\/rally\\\/isidre-esteve-supera-primer-gran-examen-del-dakar-2019\\\/\"},\"wordCount\":493,\"commentCount\":0,\"publisher\":{\"@id\":\"https:\\\/\\\/www.boxrepsol.com\\\/es\\\/#organization\"},\"image\":{\"@id\":\"https:\\\/\\\/www.boxrepsol.com\\\/es\\\/rally\\\/isidre-esteve-supera-primer-gran-examen-del-dakar-2019\\\/#primaryimage\"},\"thumbnailUrl\":\"https:\\\/\\\/bxrepsol.s3.eu-west-1.amazonaws.com\\\/static\\\/2022\\\/08\\\/29084127\\\/01_isidre_esteve_dakar_2019_repsol_rally_team.jpg\",\"keywords\":[\"Repsol Rally Team\"],\"articleSection\":[\"Rally\"],\"inLanguage\":\"es\",\"potentialAction\":[{\"@type\":\"CommentAction\",\"name\":\"Comment\",\"target\":[\"https:\\\/\\\/www.boxrepsol.com\\\/es\\\/rally\\\/isidre-esteve-supera-primer-gran-examen-del-dakar-2019\\\/#respond\"]}]},{\"@type\":\"WebPage\",\"@id\":\"https:\\\/\\\/www.boxrepsol.com\\\/es\\\/rally\\\/isidre-esteve-supera-primer-gran-examen-del-dakar-2019\\\/\",\"url\":\"https:\\\/\\\/www.boxrepsol.com\\\/es\\\/rally\\\/isidre-esteve-supera-primer-gran-examen-del-dakar-2019\\\/\",\"name\":\"Dakar 2019 Etapa 3 - Isidre Esteve supera el primer gran examen\",\"isPartOf\":{\"@id\":\"https:\\\/\\\/www.boxrepsol.com\\\/es\\\/#website\"},\"primaryImageOfPage\":{\"@id\":\"https:\\\/\\\/www.boxrepsol.com\\\/es\\\/rally\\\/isidre-esteve-supera-primer-gran-examen-del-dakar-2019\\\/#primaryimage\"},\"image\":{\"@id\":\"https:\\\/\\\/www.boxrepsol.com\\\/es\\\/rally\\\/isidre-esteve-supera-primer-gran-examen-del-dakar-2019\\\/#primaryimage\"},\"thumbnailUrl\":\"https:\\\/\\\/bxrepsol.s3.eu-west-1.amazonaws.com\\\/static\\\/2022\\\/08\\\/29084127\\\/01_isidre_esteve_dakar_2019_repsol_rally_team.jpg\",\"datePublished\":\"2019-01-10T02:00:00+00:00\",\"dateModified\":\"2024-05-22T09:46:57+00:00\",\"description\":\"El piloto del Repsol Rally Team ha completado en 33\u00ba lugar una especial muy exigente, pese a desllantar dos ruedas a la vez en los primeros kil\u00f3metros.\",\"breadcrumb\":{\"@id\":\"https:\\\/\\\/www.boxrepsol.com\\\/es\\\/rally\\\/isidre-esteve-supera-primer-gran-examen-del-dakar-2019\\\/#breadcrumb\"},\"inLanguage\":\"es\",\"potentialAction\":[{\"@type\":\"ReadAction\",\"target\":[\"https:\\\/\\\/www.boxrepsol.com\\\/es\\\/rally\\\/isidre-esteve-supera-primer-gran-examen-del-dakar-2019\\\/\"]}]},{\"@type\":\"ImageObject\",\"inLanguage\":\"es\",\"@id\":\"https:\\\/\\\/www.boxrepsol.com\\\/es\\\/rally\\\/isidre-esteve-supera-primer-gran-examen-del-dakar-2019\\\/#primaryimage\",\"url\":\"https:\\\/\\\/bxrepsol.s3.eu-west-1.amazonaws.com\\\/static\\\/2022\\\/08\\\/29084127\\\/01_isidre_esteve_dakar_2019_repsol_rally_team.jpg\",\"contentUrl\":\"https:\\\/\\\/bxrepsol.s3.eu-west-1.amazonaws.com\\\/static\\\/2022\\\/08\\\/29084127\\\/01_isidre_esteve_dakar_2019_repsol_rally_team.jpg\",\"width\":1280,\"height\":600,\"caption\":\"Isidre Esteve en el Dakar 2019\"},{\"@type\":\"BreadcrumbList\",\"@id\":\"https:\\\/\\\/www.boxrepsol.com\\\/es\\\/rally\\\/isidre-esteve-supera-primer-gran-examen-del-dakar-2019\\\/#breadcrumb\",\"itemListElement\":[{\"@type\":\"ListItem\",\"position\":1,\"name\":\"Home\",\"item\":\"https:\\\/\\\/www.boxrepsol.com\\\/es\\\/\"},{\"@type\":\"ListItem\",\"position\":2,\"name\":\"Isidre Esteve supera el primer gran examen del Dakar 2019\"}]},{\"@type\":\"WebSite\",\"@id\":\"https:\\\/\\\/www.boxrepsol.com\\\/es\\\/#website\",\"url\":\"https:\\\/\\\/www.boxrepsol.com\\\/es\\\/\",\"name\":\"Box Repsol\",\"description\":\"Box Repsol Site\",\"publisher\":{\"@id\":\"https:\\\/\\\/www.boxrepsol.com\\\/es\\\/#organization\"},\"potentialAction\":[{\"@type\":\"SearchAction\",\"target\":{\"@type\":\"EntryPoint\",\"urlTemplate\":\"https:\\\/\\\/www.boxrepsol.com\\\/es\\\/?s={search_term_string}\"},\"query-input\":{\"@type\":\"PropertyValueSpecification\",\"valueRequired\":true,\"valueName\":\"search_term_string\"}}],\"inLanguage\":\"es\"},{\"@type\":\"Organization\",\"@id\":\"https:\\\/\\\/www.boxrepsol.com\\\/es\\\/#organization\",\"name\":\"Box Repsol\",\"url\":\"https:\\\/\\\/www.boxrepsol.com\\\/es\\\/\",\"logo\":{\"@type\":\"ImageObject\",\"inLanguage\":\"es\",\"@id\":\"https:\\\/\\\/www.boxrepsol.com\\\/es\\\/#\\\/schema\\\/logo\\\/image\\\/\",\"url\":\"https:\\\/\\\/bxrepsol.s3.eu-west-1.amazonaws.com\\\/static\\\/2025\\\/07\\\/30083337\\\/favicon-96x96-1.png\",\"contentUrl\":\"https:\\\/\\\/bxrepsol.s3.eu-west-1.amazonaws.com\\\/static\\\/2025\\\/07\\\/30083337\\\/favicon-96x96-1.png\",\"width\":96,\"height\":96,\"caption\":\"Box Repsol\"},\"image\":{\"@id\":\"https:\\\/\\\/www.boxrepsol.com\\\/es\\\/#\\\/schema\\\/logo\\\/image\\\/\"},\"sameAs\":[\"https:\\\/\\\/www.facebook.com\\\/BoxRepsol\",\"https:\\\/\\\/x.com\\\/box_repsol\",\"http:\\\/\\\/instagram.com\\\/box_repsol\",\"https:\\\/\\\/www.youtube.com\\\/user\\\/RepsolCompeticion\",\"https:\\\/\\\/www.flickr.com\\\/photos\\\/box_repsol\\\/\"]},{\"@type\":\"Person\",\"@id\":\"https:\\\/\\\/www.boxrepsol.com\\\/es\\\/#\\\/schema\\\/person\\\/c5c2138f2cca251b0ad92b7086bb60b7\",\"name\":\"Redacci\u00f3n Box Repsol\",\"image\":{\"@type\":\"ImageObject\",\"inLanguage\":\"es\",\"@id\":\"https:\\\/\\\/secure.gravatar.com\\\/avatar\\\/adf7b77e38b4419baf32c7e9c21dde01f4e40df611f0978e3006fc4ba0aaab7e?s=96&d=mm&r=g\",\"url\":\"https:\\\/\\\/secure.gravatar.com\\\/avatar\\\/adf7b77e38b4419baf32c7e9c21dde01f4e40df611f0978e3006fc4ba0aaab7e?s=96&d=mm&r=g\",\"contentUrl\":\"https:\\\/\\\/secure.gravatar.com\\\/avatar\\\/adf7b77e38b4419baf32c7e9c21dde01f4e40df611f0978e3006fc4ba0aaab7e?s=96&d=mm&r=g\",\"caption\":\"Redacci\u00f3n Box Repsol\"},\"description\":\"Box Repsol lo forma un equipo de periodistas, community managers, dise\u00f1adores y fot\u00f3grafos con m\u00e1s de 20 a\u00f1os de experiencia en el mundo del motorsport. Hemos vivido el primer mundial de un espa\u00f1ol en la categor\u00eda reina de motociclismo con \u00c1lex Crivill\u00e9, estuvimos en las victorias de Pedrosa y los t\u00edtulos de M\u00e1rquez, acompa\u00f1amos en \u00c1frica a Nani Roma y Marc Coma en sus conquistas del Dakar y hemos vibrado con los t\u00edtulos de Toni Bou en Trial. Adem\u00e1s, en nuestro equipo contamos con expertos en el mundo de las dos y cuatro ruedas tanto de la calle y las carreteras, como de los circuitos. Periodistas que han trabajado en revistas y publicaciones para hacerte llegar desde rutas y consejos de mantenimiento, a curiosidades y trucos de pilotaje.\",\"sameAs\":[\"https:\\\/\\\/www.facebook.com\\\/BoxRepsol\\\/\",\"https:\\\/\\\/www.instagram.com\\\/box_repsol\\\/\",\"https:\\\/\\\/x.com\\\/https:\\\/\\\/twitter.com\\\/box_repsol\",\"https:\\\/\\\/www.youtube.com\\\/@Boxrepsol\"],\"url\":\"https:\\\/\\\/www.boxrepsol.com\\\/es\\\/author\\\/redaccion-box-repsol\\\/\"}]}<\/script>\n<!-- \/ Yoast SEO plugin. -->","yoast_head_json":{"title":"Dakar 2019 Etapa 3 - Isidre Esteve supera el primer gran examen","description":"El piloto del Repsol Rally Team ha completado en 33\u00ba lugar una especial muy exigente, pese a desllantar dos ruedas a la vez en los primeros kil\u00f3metros.","canonical":"https:\/\/www.boxrepsol.com\/es\/rally\/isidre-esteve-supera-primer-gran-examen-del-dakar-2019\/","og_locale":"es_ES","og_type":"article","og_title":"Dakar 2019 Etapa 3 - Isidre Esteve supera el primer gran examen","og_description":"El piloto del Repsol Rally Team ha completado en 33\u00ba lugar una especial muy exigente, pese a desllantar dos ruedas a la vez en los primeros kil\u00f3metros.","og_url":"https:\/\/www.boxrepsol.com\/es\/rally\/isidre-esteve-supera-primer-gran-examen-del-dakar-2019\/","og_site_name":"Box Repsol","article_publisher":"https:\/\/www.facebook.com\/BoxRepsol","article_author":"https:\/\/www.facebook.com\/BoxRepsol\/","article_published_time":"2019-01-10T02:00:00+00:00","article_modified_time":"2024-05-22T09:46:57+00:00","og_image":[{"width":1280,"height":600,"url":"https:\/\/bxrepsol.s3.eu-west-1.amazonaws.com\/static\/2022\/08\/29084127\/01_isidre_esteve_dakar_2019_repsol_rally_team.jpg","type":"image\/jpeg"}],"author":"Redacci\u00f3n Box Repsol","twitter_card":"summary_large_image","twitter_creator":"@https:\/\/twitter.com\/box_repsol","twitter_site":"@box_repsol","twitter_misc":{"Written by":"Redacci\u00f3n Box Repsol","Est. reading time":"2 minutos"},"schema":{"@context":"https:\/\/schema.org","@graph":[{"@type":"Article","@id":"https:\/\/www.boxrepsol.com\/es\/rally\/isidre-esteve-supera-primer-gran-examen-del-dakar-2019\/#article","isPartOf":{"@id":"https:\/\/www.boxrepsol.com\/es\/rally\/isidre-esteve-supera-primer-gran-examen-del-dakar-2019\/"},"author":{"name":"Redacci\u00f3n Box Repsol","@id":"https:\/\/www.boxrepsol.com\/es\/#\/schema\/person\/c5c2138f2cca251b0ad92b7086bb60b7"},"headline":"Isidre Esteve supera el primer gran examen del Dakar 2019","datePublished":"2019-01-10T02:00:00+00:00","dateModified":"2024-05-22T09:46:57+00:00","mainEntityOfPage":{"@id":"https:\/\/www.boxrepsol.com\/es\/rally\/isidre-esteve-supera-primer-gran-examen-del-dakar-2019\/"},"wordCount":493,"commentCount":0,"publisher":{"@id":"https:\/\/www.boxrepsol.com\/es\/#organization"},"image":{"@id":"https:\/\/www.boxrepsol.com\/es\/rally\/isidre-esteve-supera-primer-gran-examen-del-dakar-2019\/#primaryimage"},"thumbnailUrl":"https:\/\/bxrepsol.s3.eu-west-1.amazonaws.com\/static\/2022\/08\/29084127\/01_isidre_esteve_dakar_2019_repsol_rally_team.jpg","keywords":["Repsol Rally Team"],"articleSection":["Rally"],"inLanguage":"es","potentialAction":[{"@type":"CommentAction","name":"Comment","target":["https:\/\/www.boxrepsol.com\/es\/rally\/isidre-esteve-supera-primer-gran-examen-del-dakar-2019\/#respond"]}]},{"@type":"WebPage","@id":"https:\/\/www.boxrepsol.com\/es\/rally\/isidre-esteve-supera-primer-gran-examen-del-dakar-2019\/","url":"https:\/\/www.boxrepsol.com\/es\/rally\/isidre-esteve-supera-primer-gran-examen-del-dakar-2019\/","name":"Dakar 2019 Etapa 3 - Isidre Esteve supera el primer gran examen","isPartOf":{"@id":"https:\/\/www.boxrepsol.com\/es\/#website"},"primaryImageOfPage":{"@id":"https:\/\/www.boxrepsol.com\/es\/rally\/isidre-esteve-supera-primer-gran-examen-del-dakar-2019\/#primaryimage"},"image":{"@id":"https:\/\/www.boxrepsol.com\/es\/rally\/isidre-esteve-supera-primer-gran-examen-del-dakar-2019\/#primaryimage"},"thumbnailUrl":"https:\/\/bxrepsol.s3.eu-west-1.amazonaws.com\/static\/2022\/08\/29084127\/01_isidre_esteve_dakar_2019_repsol_rally_team.jpg","datePublished":"2019-01-10T02:00:00+00:00","dateModified":"2024-05-22T09:46:57+00:00","description":"El piloto del Repsol Rally Team ha completado en 33\u00ba lugar una especial muy exigente, pese a desllantar dos ruedas a la vez en los primeros kil\u00f3metros.","breadcrumb":{"@id":"https:\/\/www.boxrepsol.com\/es\/rally\/isidre-esteve-supera-primer-gran-examen-del-dakar-2019\/#breadcrumb"},"inLanguage":"es","potentialAction":[{"@type":"ReadAction","target":["https:\/\/www.boxrepsol.com\/es\/rally\/isidre-esteve-supera-primer-gran-examen-del-dakar-2019\/"]}]},{"@type":"ImageObject","inLanguage":"es","@id":"https:\/\/www.boxrepsol.com\/es\/rally\/isidre-esteve-supera-primer-gran-examen-del-dakar-2019\/#primaryimage","url":"https:\/\/bxrepsol.s3.eu-west-1.amazonaws.com\/static\/2022\/08\/29084127\/01_isidre_esteve_dakar_2019_repsol_rally_team.jpg","contentUrl":"https:\/\/bxrepsol.s3.eu-west-1.amazonaws.com\/static\/2022\/08\/29084127\/01_isidre_esteve_dakar_2019_repsol_rally_team.jpg","width":1280,"height":600,"caption":"Isidre Esteve en el Dakar 2019"},{"@type":"BreadcrumbList","@id":"https:\/\/www.boxrepsol.com\/es\/rally\/isidre-esteve-supera-primer-gran-examen-del-dakar-2019\/#breadcrumb","itemListElement":[{"@type":"ListItem","position":1,"name":"Home","item":"https:\/\/www.boxrepsol.com\/es\/"},{"@type":"ListItem","position":2,"name":"Isidre Esteve supera el primer gran examen del Dakar 2019"}]},{"@type":"WebSite","@id":"https:\/\/www.boxrepsol.com\/es\/#website","url":"https:\/\/www.boxrepsol.com\/es\/","name":"Box Repsol","description":"Box Repsol Site","publisher":{"@id":"https:\/\/www.boxrepsol.com\/es\/#organization"},"potentialAction":[{"@type":"SearchAction","target":{"@type":"EntryPoint","urlTemplate":"https:\/\/www.boxrepsol.com\/es\/?s={search_term_string}"},"query-input":{"@type":"PropertyValueSpecification","valueRequired":true,"valueName":"search_term_string"}}],"inLanguage":"es"},{"@type":"Organization","@id":"https:\/\/www.boxrepsol.com\/es\/#organization","name":"Box Repsol","url":"https:\/\/www.boxrepsol.com\/es\/","logo":{"@type":"ImageObject","inLanguage":"es","@id":"https:\/\/www.boxrepsol.com\/es\/#\/schema\/logo\/image\/","url":"https:\/\/bxrepsol.s3.eu-west-1.amazonaws.com\/static\/2025\/07\/30083337\/favicon-96x96-1.png","contentUrl":"https:\/\/bxrepsol.s3.eu-west-1.amazonaws.com\/static\/2025\/07\/30083337\/favicon-96x96-1.png","width":96,"height":96,"caption":"Box Repsol"},"image":{"@id":"https:\/\/www.boxrepsol.com\/es\/#\/schema\/logo\/image\/"},"sameAs":["https:\/\/www.facebook.com\/BoxRepsol","https:\/\/x.com\/box_repsol","http:\/\/instagram.com\/box_repsol","https:\/\/www.youtube.com\/user\/RepsolCompeticion","https:\/\/www.flickr.com\/photos\/box_repsol\/"]},{"@type":"Person","@id":"https:\/\/www.boxrepsol.com\/es\/#\/schema\/person\/c5c2138f2cca251b0ad92b7086bb60b7","name":"Redacci\u00f3n Box Repsol","image":{"@type":"ImageObject","inLanguage":"es","@id":"https:\/\/secure.gravatar.com\/avatar\/adf7b77e38b4419baf32c7e9c21dde01f4e40df611f0978e3006fc4ba0aaab7e?s=96&d=mm&r=g","url":"https:\/\/secure.gravatar.com\/avatar\/adf7b77e38b4419baf32c7e9c21dde01f4e40df611f0978e3006fc4ba0aaab7e?s=96&d=mm&r=g","contentUrl":"https:\/\/secure.gravatar.com\/avatar\/adf7b77e38b4419baf32c7e9c21dde01f4e40df611f0978e3006fc4ba0aaab7e?s=96&d=mm&r=g","caption":"Redacci\u00f3n Box Repsol"},"description":"Box Repsol lo forma un equipo de periodistas, community managers, dise\u00f1adores y fot\u00f3grafos con m\u00e1s de 20 a\u00f1os de experiencia en el mundo del motorsport. Hemos vivido el primer mundial de un espa\u00f1ol en la categor\u00eda reina de motociclismo con \u00c1lex Crivill\u00e9, estuvimos en las victorias de Pedrosa y los t\u00edtulos de M\u00e1rquez, acompa\u00f1amos en \u00c1frica a Nani Roma y Marc Coma en sus conquistas del Dakar y hemos vibrado con los t\u00edtulos de Toni Bou en Trial. Adem\u00e1s, en nuestro equipo contamos con expertos en el mundo de las dos y cuatro ruedas tanto de la calle y las carreteras, como de los circuitos. Periodistas que han trabajado en revistas y publicaciones para hacerte llegar desde rutas y consejos de mantenimiento, a curiosidades y trucos de pilotaje.","sameAs":["https:\/\/www.facebook.com\/BoxRepsol\/","https:\/\/www.instagram.com\/box_repsol\/","https:\/\/x.com\/https:\/\/twitter.com\/box_repsol","https:\/\/www.youtube.com\/@Boxrepsol"],"url":"https:\/\/www.boxrepsol.com\/es\/author\/redaccion-box-repsol\/"}]}},"_links":{"self":[{"href":"https:\/\/www.boxrepsol.com\/es\/wp-json\/wp\/v2\/posts\/93657","targetHints":{"allow":["GET"]}}],"collection":[{"href":"https:\/\/www.boxrepsol.com\/es\/wp-json\/wp\/v2\/posts"}],"about":[{"href":"https:\/\/www.boxrepsol.com\/es\/wp-json\/wp\/v2\/types\/post"}],"author":[{"embeddable":true,"href":"https:\/\/www.boxrepsol.com\/es\/wp-json\/wp\/v2\/users\/43146"}],"replies":[{"embeddable":true,"href":"https:\/\/www.boxrepsol.com\/es\/wp-json\/wp\/v2\/comments?post=93657"}],"version-history":[{"count":1,"href":"https:\/\/www.boxrepsol.com\/es\/wp-json\/wp\/v2\/posts\/93657\/revisions"}],"predecessor-version":[{"id":93658,"href":"https:\/\/www.boxrepsol.com\/es\/wp-json\/wp\/v2\/posts\/93657\/revisions\/93658"}],"wp:featuredmedia":[{"embeddable":true,"href":"https:\/\/www.boxrepsol.com\/es\/wp-json\/wp\/v2\/media\/60626"}],"wp:attachment":[{"href":"https:\/\/www.boxrepsol.com\/es\/wp-json\/wp\/v2\/media?parent=93657"}],"wp:term":[{"taxonomy":"category","embeddable":true,"href":"https:\/\/www.boxrepsol.com\/es\/wp-json\/wp\/v2\/categories?post=93657"},{"taxonomy":"post_tag","embeddable":true,"href":"https:\/\/www.boxrepsol.com\/es\/wp-json\/wp\/v2\/tags?post=93657"}],"curies":[{"name":"wp","href":"https:\/\/api.w.org\/{rel}","templated":true}]}}