{"id":93653,"date":"2019-01-09T00:00:00","date_gmt":"2019-01-09T02:00:00","guid":{"rendered":"http:\/\/pre.boxrepsol.com\/sin-categorizar\/isidre-esteve-escala-diez-puestos-en-la-general-tras-una-gran-etapa\/"},"modified":"2024-05-22T07:47:20","modified_gmt":"2024-05-22T09:47:20","slug":"isidre-esteve-escala-diez-puestos-en-la-general-tras-una-gran-etapa","status":"publish","type":"post","link":"https:\/\/www.boxrepsol.com\/es\/rally\/isidre-esteve-escala-diez-puestos-en-la-general-tras-una-gran-etapa\/","title":{"rendered":"Isidre Esteve escala diez puestos en la general tras una gran etapa"},"content":{"rendered":"<p>Isidre Esteve ha protagonizado una brillante actuaci\u00f3n este martes durante la segunda etapa del Dakar 2019. El piloto del Repsol Rally Team ha marcado un fuerte ritmo con su prototipo BV6 de Sodicars Racing que <strong>le ha permitido finalizar la especial en 24\u00aa posici\u00f3n scratch y 8\u00aa de su categor\u00eda T1.2<\/strong>. Este gran resultado parcial -el segundo mejor para \u00e9l desde que compite en coches-\u00a0 le ha permitido <strong>escalar diez posiciones en la general provisional y situarse dentro del top 30<\/strong> por primera vez en esta edici\u00f3n.<\/p>\n<p>La etapa part\u00eda a primera hora de la ma\u00f1ana peruana desde Pisco para concluir en San Juan de Marcona, despu\u00e9s de 553 kil\u00f3metros, de los que 342 han sido cronometrados. Isidre Esteve y su copiloto Txema Villalobos han tomado la salida en el puesto 40, detr\u00e1s de algunos UTV m\u00e1s lentos que su veh\u00edculo.<\/p>\n<p><em>\u201cDurante los primeros 150 kil\u00f3metros de la especial hemos sufrido un poco por culpa del polvo que levantaban los buggys que iban delante de nosotros. Hasta que les hemos adelantado no hemos podido marcar nuestro propio ritmo y acabar rodando todo lo r\u00e1pido que quer\u00edamos\u201d<\/em>.<\/p>\n<p>&nbsp;<\/p>\n<figure><picture style=\"padding-bottom: 66.553767993226%; background-image: url('https:\/\/bxrepsol.s3.eu-west-1.amazonaws.com\/static\/2022\/08\/05063343\/00_isidre_esteve_dakar_posando.jpg');\"> <img decoding=\"async\" src=\"https:\/\/bxrepsol.s3.eu-west-1.amazonaws.com\/static\/2022\/08\/05063343\/00_isidre_esteve_dakar_posando.jpg\" \/><\/picture>\n<picture style=\"padding-bottom: 66.553767993226%; background-image: url('https:\/\/bxrepsol.s3.eu-west-1.amazonaws.com\/static\/2022\/08\/05063343\/00_isidre_esteve_dakar_posando.jpg');\"><img title=\"Isidre Esteve posando fuera de su coche durante el Dakar 2019\" alt=\"Isidre esteve posando fuera del coche\" data-srcset=\"https:\/\/bxrepsol.s3.eu-west-1.amazonaws.com\/static\/2022\/08\/05063343\/00_isidre_esteve_dakar_posando.jpg 480w, https:\/\/bxrepsol.s3.eu-west-1.amazonaws.com\/static\/2022\/08\/05063343\/00_isidre_esteve_dakar_posando.jpg 600w, https:\/\/bxrepsol.s3.eu-west-1.amazonaws.com\/static\/2022\/08\/05063343\/00_isidre_esteve_dakar_posando.jpg 900w\" data-src=\"https:\/\/bxrepsol.s3.eu-west-1.amazonaws.com\/static\/2022\/08\/05063343\/00_isidre_esteve_dakar_posando.jpg\" \/><\/picture>\n<noscript><img decoding=\"async\" src=\"https:\/\/bxrepsol.s3.eu-west-1.amazonaws.com\/static\/2022\/08\/05063343\/00_isidre_esteve_dakar_posando.jpg\" alt=\"Isidre esteve posando fuera del coche\"><\/noscript><figcaption>Isidre esteve posando fuera del coche<\/figcaption><\/figure>\n<p>&nbsp;<\/p>\n<p>El piloto de Oliana ha completado la especial en 4 horas, 8 minutos y 33 segundos, a 41\u201940\u201d del ganador, el franc\u00e9s Sebastian Loeb.\u00a0<em>\u201cEstamos contentos porque hemos podido competir a un buen ritmo, con seguridad y sin problemas, ni mec\u00e1nicos ni de navegaci\u00f3n. Hemos acertado en la presi\u00f3n de los neum\u00e1ticos BF Goodrich y no hemos tenido que detenernos a inflar ni desinflar, lo que nos ha permitido ganar tiempo\u201d<\/em>.<\/p>\n<p>En la general, Isidre Esteve ha recuperado diez posiciones y se ha encaramado hasta el 29\u00ba lugar provisional, con un tiempo acumulado de 5 horas, 28 minutos y 32 segundos.\u00a0<em>\u201cHoy hemos logrado un buen resultado para nosotros, sobre todo si tenemos en cuenta que hay pilotos muy r\u00e1pidos en este Dakar. Mentir\u00eda si dijese que no miro la clasificaci\u00f3n\u2026 \u00a1claro que la miro al final de cada jornada! Pero eso no quita que lo realmente importante es que tenemos ritmo\u201d<\/em>.<\/p>\n<p><strong>Esas positivas sensaciones le permiten encarar con optimismo las pr\u00f3ximas jornadas del Dakar 2019<\/strong>.\u00a0<em>\u201cEsto no ha hecho m\u00e1s que empezar y lo m\u00e1s dif\u00edcil todav\u00eda est\u00e1 por llegar. Seguro que la dificultad ir\u00e1 aumentando gradualmente conforme avance la carrera y suceder\u00e1n muchas cosas, porque los de cabeza est\u00e1n corriendo mucho y algunos pueden pagarlo caro\u201d<\/em>.<\/p>\n<p>&nbsp;<\/p>\n<figure><picture style=\"padding-bottom: 66.638441998307%; background-image: url('https:\/\/bxrepsol.s3.eu-west-1.amazonaws.com\/static\/2022\/08\/05063344\/00_dakar_repsol_rally_team_coche_bv6_arena.jpg');\"> <img decoding=\"async\" src=\"https:\/\/bxrepsol.s3.eu-west-1.amazonaws.com\/static\/2022\/08\/05063344\/00_dakar_repsol_rally_team_coche_bv6_arena.jpg\" \/><\/picture>\n<picture style=\"padding-bottom: 66.638441998307%; background-image: url('https:\/\/bxrepsol.s3.eu-west-1.amazonaws.com\/static\/2022\/08\/05063344\/00_dakar_repsol_rally_team_coche_bv6_arena.jpg');\"><img title=\"Isidre Esteve rodando por el desierto\" alt=\"Isidre Esteve rodando por el desierto\" data-srcset=\"https:\/\/bxrepsol.s3.eu-west-1.amazonaws.com\/static\/2022\/08\/05063344\/00_dakar_repsol_rally_team_coche_bv6_arena.jpg 480w, https:\/\/bxrepsol.s3.eu-west-1.amazonaws.com\/static\/2022\/08\/05063344\/00_dakar_repsol_rally_team_coche_bv6_arena.jpg 600w, https:\/\/bxrepsol.s3.eu-west-1.amazonaws.com\/static\/2022\/08\/05063344\/00_dakar_repsol_rally_team_coche_bv6_arena.jpg 900w\" data-src=\"https:\/\/bxrepsol.s3.eu-west-1.amazonaws.com\/static\/2022\/08\/05063344\/00_dakar_repsol_rally_team_coche_bv6_arena.jpg\" \/><\/picture>\n<noscript><img decoding=\"async\" src=\"https:\/\/bxrepsol.s3.eu-west-1.amazonaws.com\/static\/2022\/08\/05063344\/00_dakar_repsol_rally_team_coche_bv6_arena.jpg\" alt=\"Isidre Esteve rodando por el desierto\"><\/noscript><figcaption>Isidre Esteve rodando por el desierto<\/figcaption><\/figure>\n<p>&nbsp;<\/p>\n<p>Se da la circunstancia de que, en el <a href=\"https:\/\/www.boxrepsol.com\/es\/rally\/isidre-esteve-lo-encontrado-este-ano-lo-perseguimos-los-amamos-este-deporte\/\">Dakar del a\u00f1o pasado<\/a>, que concluy\u00f3 21\u00ba, Isidre Esteve tard\u00f3 una semana en rodar cerca del top 25. Concretamente firm\u00f3 un 24\u00ba lugar en la s\u00e9ptima etapa que no mejor\u00f3 hasta la 13\u00aa, cuando finaliz\u00f3 23\u00ba y firm\u00f3 su mejor resultado parcial desde que disputa el Dakar en coches. Un dato significativo que invita al optimismo y refleja el importante salto cualitativo experimentado por el Repsol Rally Team.<\/p>\n<p>Ma\u00f1ana mi\u00e9rcoles, Isidre Esteve y Txema Villalobos deber\u00e1n afrontar <strong>la jornada m\u00e1s larga del Dakar 2019, entre San Juan de Marcona y Arequipa<\/strong>, con 798 kil\u00f3metros en total y 331 cronometrados.\u00a0<em>\u201cEn esa zona, el a\u00f1o pasado vivimos la etapa m\u00e1s dura en Per\u00fa porque la arena es m\u00e1s blanda que en Pisco y resulta f\u00e1cil quedar encallado. Nosotros seguiremos como hasta ahora, en busca de marcar nuestro propio ritmo, sin da\u00f1ar la mec\u00e1nica ni cometer errores de navegaci\u00f3n\u201d.<\/em><\/p>\n<p><!-- Imagen relacionada --><br \/>\n<img loading=\"lazy\" decoding=\"async\" src=\"https:\/\/bxrepsol.s3.eu-west-1.amazonaws.com\/static\/2022\/08\/05063242\/01_isidre_esteve_repsol_rally_team_dunas_dakar_2019.jpg\" alt=\"Isidre Esteve en el coche del Repsol Rally Team\" width=\"404\" height=\"336\" \/><br \/>\n<!-- Categor\u00eda --><br \/>\nRally<br \/>\n<!-- T\u00edtulo --><\/p>\n<h3>Positiva primera toma de contacto de Isidre Esteve con el Dakar 2019<\/h3>\n<p><!-- Fecha --><br \/>\nhace 1 hora<\/p>\n","protected":false},"excerpt":{"rendered":"<p>El piloto del Repsol Rally Team finaliza en 24\u00aa posici\u00f3n e iguala su segundo mejor resultado parcial del Dakar desde que compite en coche.<\/p>\n","protected":false},"author":43146,"featured_media":60612,"comment_status":"open","ping_status":"open","sticky":false,"template":"","format":"standard","meta":{"footnotes":""},"categories":[27],"tags":[183],"class_list":["post-93653","post","type-post","status-publish","format-standard","hentry","category-rally","tag-repsol-rally-team"],"yoast_head":"<!-- This site is optimized with the Yoast SEO plugin v27.3 - https:\/\/yoast.com\/product\/yoast-seo-wordpress\/ -->\n<title>Dakar 2019 etapa 2 - Isidre Esteve escala diez puestos en la general<\/title>\n<link rel=\"canonical\" href=\"https:\/\/www.boxrepsol.com\/es\/rally\/isidre-esteve-escala-diez-puestos-en-la-general-tras-una-gran-etapa\/\" \/>\n<meta property=\"og:locale\" content=\"es_ES\" \/>\n<meta property=\"og:type\" content=\"article\" \/>\n<meta property=\"og:title\" content=\"Dakar 2019 etapa 2 - Isidre Esteve escala diez puestos en la general\" \/>\n<meta property=\"og:description\" content=\"El piloto del Repsol Rally Team finaliza en 24\u00aa posici\u00f3n e iguala su segundo mejor resultado parcial del Dakar desde que compite en coche.\" \/>\n<meta property=\"og:url\" content=\"https:\/\/www.boxrepsol.com\/es\/rally\/isidre-esteve-escala-diez-puestos-en-la-general-tras-una-gran-etapa\/\" \/>\n<meta property=\"og:site_name\" content=\"Box Repsol\" \/>\n<meta property=\"article:publisher\" content=\"https:\/\/www.facebook.com\/BoxRepsol\" \/>\n<meta property=\"article:author\" content=\"https:\/\/www.facebook.com\/BoxRepsol\/\" \/>\n<meta property=\"article:published_time\" content=\"2019-01-09T02:00:00+00:00\" \/>\n<meta property=\"article:modified_time\" content=\"2024-05-22T09:47:20+00:00\" \/>\n<meta property=\"og:image\" content=\"https:\/\/bxrepsol.s3.eu-west-1.amazonaws.com\/static\/2022\/08\/29084119\/01_isidre_esteve_dakar_repsol_rally_team_sodicarBV6_arena_desierto.jpg\" \/>\n\t<meta property=\"og:image:width\" content=\"1280\" \/>\n\t<meta property=\"og:image:height\" content=\"600\" \/>\n\t<meta property=\"og:image:type\" content=\"image\/jpeg\" \/>\n<meta name=\"author\" content=\"Redacci\u00f3n Box Repsol\" \/>\n<meta name=\"twitter:card\" content=\"summary_large_image\" \/>\n<meta name=\"twitter:creator\" content=\"@https:\/\/twitter.com\/box_repsol\" \/>\n<meta name=\"twitter:site\" content=\"@box_repsol\" \/>\n<meta name=\"twitter:label1\" content=\"Written by\" \/>\n\t<meta name=\"twitter:data1\" content=\"Redacci\u00f3n Box Repsol\" \/>\n\t<meta name=\"twitter:label2\" content=\"Est. reading time\" \/>\n\t<meta name=\"twitter:data2\" content=\"3 minutos\" \/>\n<script type=\"application\/ld+json\" class=\"yoast-schema-graph\">{\"@context\":\"https:\\\/\\\/schema.org\",\"@graph\":[{\"@type\":\"Article\",\"@id\":\"https:\\\/\\\/www.boxrepsol.com\\\/es\\\/rally\\\/isidre-esteve-escala-diez-puestos-en-la-general-tras-una-gran-etapa\\\/#article\",\"isPartOf\":{\"@id\":\"https:\\\/\\\/www.boxrepsol.com\\\/es\\\/rally\\\/isidre-esteve-escala-diez-puestos-en-la-general-tras-una-gran-etapa\\\/\"},\"author\":{\"name\":\"Redacci\u00f3n Box Repsol\",\"@id\":\"https:\\\/\\\/www.boxrepsol.com\\\/es\\\/#\\\/schema\\\/person\\\/c5c2138f2cca251b0ad92b7086bb60b7\"},\"headline\":\"Isidre Esteve escala diez puestos en la general tras una gran etapa\",\"datePublished\":\"2019-01-09T02:00:00+00:00\",\"dateModified\":\"2024-05-22T09:47:20+00:00\",\"mainEntityOfPage\":{\"@id\":\"https:\\\/\\\/www.boxrepsol.com\\\/es\\\/rally\\\/isidre-esteve-escala-diez-puestos-en-la-general-tras-una-gran-etapa\\\/\"},\"wordCount\":609,\"commentCount\":0,\"publisher\":{\"@id\":\"https:\\\/\\\/www.boxrepsol.com\\\/es\\\/#organization\"},\"image\":{\"@id\":\"https:\\\/\\\/www.boxrepsol.com\\\/es\\\/rally\\\/isidre-esteve-escala-diez-puestos-en-la-general-tras-una-gran-etapa\\\/#primaryimage\"},\"thumbnailUrl\":\"https:\\\/\\\/bxrepsol.s3.eu-west-1.amazonaws.com\\\/static\\\/2022\\\/08\\\/29084119\\\/01_isidre_esteve_dakar_repsol_rally_team_sodicarBV6_arena_desierto.jpg\",\"keywords\":[\"Repsol Rally Team\"],\"articleSection\":[\"Rally\"],\"inLanguage\":\"es\",\"potentialAction\":[{\"@type\":\"CommentAction\",\"name\":\"Comment\",\"target\":[\"https:\\\/\\\/www.boxrepsol.com\\\/es\\\/rally\\\/isidre-esteve-escala-diez-puestos-en-la-general-tras-una-gran-etapa\\\/#respond\"]}]},{\"@type\":\"WebPage\",\"@id\":\"https:\\\/\\\/www.boxrepsol.com\\\/es\\\/rally\\\/isidre-esteve-escala-diez-puestos-en-la-general-tras-una-gran-etapa\\\/\",\"url\":\"https:\\\/\\\/www.boxrepsol.com\\\/es\\\/rally\\\/isidre-esteve-escala-diez-puestos-en-la-general-tras-una-gran-etapa\\\/\",\"name\":\"Dakar 2019 etapa 2 - Isidre Esteve escala diez puestos en la general\",\"isPartOf\":{\"@id\":\"https:\\\/\\\/www.boxrepsol.com\\\/es\\\/#website\"},\"primaryImageOfPage\":{\"@id\":\"https:\\\/\\\/www.boxrepsol.com\\\/es\\\/rally\\\/isidre-esteve-escala-diez-puestos-en-la-general-tras-una-gran-etapa\\\/#primaryimage\"},\"image\":{\"@id\":\"https:\\\/\\\/www.boxrepsol.com\\\/es\\\/rally\\\/isidre-esteve-escala-diez-puestos-en-la-general-tras-una-gran-etapa\\\/#primaryimage\"},\"thumbnailUrl\":\"https:\\\/\\\/bxrepsol.s3.eu-west-1.amazonaws.com\\\/static\\\/2022\\\/08\\\/29084119\\\/01_isidre_esteve_dakar_repsol_rally_team_sodicarBV6_arena_desierto.jpg\",\"datePublished\":\"2019-01-09T02:00:00+00:00\",\"dateModified\":\"2024-05-22T09:47:20+00:00\",\"breadcrumb\":{\"@id\":\"https:\\\/\\\/www.boxrepsol.com\\\/es\\\/rally\\\/isidre-esteve-escala-diez-puestos-en-la-general-tras-una-gran-etapa\\\/#breadcrumb\"},\"inLanguage\":\"es\",\"potentialAction\":[{\"@type\":\"ReadAction\",\"target\":[\"https:\\\/\\\/www.boxrepsol.com\\\/es\\\/rally\\\/isidre-esteve-escala-diez-puestos-en-la-general-tras-una-gran-etapa\\\/\"]}]},{\"@type\":\"ImageObject\",\"inLanguage\":\"es\",\"@id\":\"https:\\\/\\\/www.boxrepsol.com\\\/es\\\/rally\\\/isidre-esteve-escala-diez-puestos-en-la-general-tras-una-gran-etapa\\\/#primaryimage\",\"url\":\"https:\\\/\\\/bxrepsol.s3.eu-west-1.amazonaws.com\\\/static\\\/2022\\\/08\\\/29084119\\\/01_isidre_esteve_dakar_repsol_rally_team_sodicarBV6_arena_desierto.jpg\",\"contentUrl\":\"https:\\\/\\\/bxrepsol.s3.eu-west-1.amazonaws.com\\\/static\\\/2022\\\/08\\\/29084119\\\/01_isidre_esteve_dakar_repsol_rally_team_sodicarBV6_arena_desierto.jpg\",\"width\":1280,\"height\":600,\"caption\":\"Isidre esteve en coche de rally\"},{\"@type\":\"BreadcrumbList\",\"@id\":\"https:\\\/\\\/www.boxrepsol.com\\\/es\\\/rally\\\/isidre-esteve-escala-diez-puestos-en-la-general-tras-una-gran-etapa\\\/#breadcrumb\",\"itemListElement\":[{\"@type\":\"ListItem\",\"position\":1,\"name\":\"Home\",\"item\":\"https:\\\/\\\/www.boxrepsol.com\\\/es\\\/\"},{\"@type\":\"ListItem\",\"position\":2,\"name\":\"Isidre Esteve escala diez puestos en la general tras una gran etapa\"}]},{\"@type\":\"WebSite\",\"@id\":\"https:\\\/\\\/www.boxrepsol.com\\\/es\\\/#website\",\"url\":\"https:\\\/\\\/www.boxrepsol.com\\\/es\\\/\",\"name\":\"Box Repsol\",\"description\":\"Box Repsol Site\",\"publisher\":{\"@id\":\"https:\\\/\\\/www.boxrepsol.com\\\/es\\\/#organization\"},\"potentialAction\":[{\"@type\":\"SearchAction\",\"target\":{\"@type\":\"EntryPoint\",\"urlTemplate\":\"https:\\\/\\\/www.boxrepsol.com\\\/es\\\/?s={search_term_string}\"},\"query-input\":{\"@type\":\"PropertyValueSpecification\",\"valueRequired\":true,\"valueName\":\"search_term_string\"}}],\"inLanguage\":\"es\"},{\"@type\":\"Organization\",\"@id\":\"https:\\\/\\\/www.boxrepsol.com\\\/es\\\/#organization\",\"name\":\"Box Repsol\",\"url\":\"https:\\\/\\\/www.boxrepsol.com\\\/es\\\/\",\"logo\":{\"@type\":\"ImageObject\",\"inLanguage\":\"es\",\"@id\":\"https:\\\/\\\/www.boxrepsol.com\\\/es\\\/#\\\/schema\\\/logo\\\/image\\\/\",\"url\":\"https:\\\/\\\/bxrepsol.s3.eu-west-1.amazonaws.com\\\/static\\\/2025\\\/07\\\/30083337\\\/favicon-96x96-1.png\",\"contentUrl\":\"https:\\\/\\\/bxrepsol.s3.eu-west-1.amazonaws.com\\\/static\\\/2025\\\/07\\\/30083337\\\/favicon-96x96-1.png\",\"width\":96,\"height\":96,\"caption\":\"Box Repsol\"},\"image\":{\"@id\":\"https:\\\/\\\/www.boxrepsol.com\\\/es\\\/#\\\/schema\\\/logo\\\/image\\\/\"},\"sameAs\":[\"https:\\\/\\\/www.facebook.com\\\/BoxRepsol\",\"https:\\\/\\\/x.com\\\/box_repsol\",\"http:\\\/\\\/instagram.com\\\/box_repsol\",\"https:\\\/\\\/www.youtube.com\\\/user\\\/RepsolCompeticion\",\"https:\\\/\\\/www.flickr.com\\\/photos\\\/box_repsol\\\/\"]},{\"@type\":\"Person\",\"@id\":\"https:\\\/\\\/www.boxrepsol.com\\\/es\\\/#\\\/schema\\\/person\\\/c5c2138f2cca251b0ad92b7086bb60b7\",\"name\":\"Redacci\u00f3n Box Repsol\",\"image\":{\"@type\":\"ImageObject\",\"inLanguage\":\"es\",\"@id\":\"https:\\\/\\\/secure.gravatar.com\\\/avatar\\\/adf7b77e38b4419baf32c7e9c21dde01f4e40df611f0978e3006fc4ba0aaab7e?s=96&d=mm&r=g\",\"url\":\"https:\\\/\\\/secure.gravatar.com\\\/avatar\\\/adf7b77e38b4419baf32c7e9c21dde01f4e40df611f0978e3006fc4ba0aaab7e?s=96&d=mm&r=g\",\"contentUrl\":\"https:\\\/\\\/secure.gravatar.com\\\/avatar\\\/adf7b77e38b4419baf32c7e9c21dde01f4e40df611f0978e3006fc4ba0aaab7e?s=96&d=mm&r=g\",\"caption\":\"Redacci\u00f3n Box Repsol\"},\"description\":\"Box Repsol lo forma un equipo de periodistas, community managers, dise\u00f1adores y fot\u00f3grafos con m\u00e1s de 20 a\u00f1os de experiencia en el mundo del motorsport. Hemos vivido el primer mundial de un espa\u00f1ol en la categor\u00eda reina de motociclismo con \u00c1lex Crivill\u00e9, estuvimos en las victorias de Pedrosa y los t\u00edtulos de M\u00e1rquez, acompa\u00f1amos en \u00c1frica a Nani Roma y Marc Coma en sus conquistas del Dakar y hemos vibrado con los t\u00edtulos de Toni Bou en Trial. Adem\u00e1s, en nuestro equipo contamos con expertos en el mundo de las dos y cuatro ruedas tanto de la calle y las carreteras, como de los circuitos. Periodistas que han trabajado en revistas y publicaciones para hacerte llegar desde rutas y consejos de mantenimiento, a curiosidades y trucos de pilotaje.\",\"sameAs\":[\"https:\\\/\\\/www.facebook.com\\\/BoxRepsol\\\/\",\"https:\\\/\\\/www.instagram.com\\\/box_repsol\\\/\",\"https:\\\/\\\/x.com\\\/https:\\\/\\\/twitter.com\\\/box_repsol\",\"https:\\\/\\\/www.youtube.com\\\/@Boxrepsol\"],\"url\":\"https:\\\/\\\/www.boxrepsol.com\\\/es\\\/author\\\/redaccion-box-repsol\\\/\"}]}<\/script>\n<!-- \/ Yoast SEO plugin. -->","yoast_head_json":{"title":"Dakar 2019 etapa 2 - Isidre Esteve escala diez puestos en la general","canonical":"https:\/\/www.boxrepsol.com\/es\/rally\/isidre-esteve-escala-diez-puestos-en-la-general-tras-una-gran-etapa\/","og_locale":"es_ES","og_type":"article","og_title":"Dakar 2019 etapa 2 - Isidre Esteve escala diez puestos en la general","og_description":"El piloto del Repsol Rally Team finaliza en 24\u00aa posici\u00f3n e iguala su segundo mejor resultado parcial del Dakar desde que compite en coche.","og_url":"https:\/\/www.boxrepsol.com\/es\/rally\/isidre-esteve-escala-diez-puestos-en-la-general-tras-una-gran-etapa\/","og_site_name":"Box Repsol","article_publisher":"https:\/\/www.facebook.com\/BoxRepsol","article_author":"https:\/\/www.facebook.com\/BoxRepsol\/","article_published_time":"2019-01-09T02:00:00+00:00","article_modified_time":"2024-05-22T09:47:20+00:00","og_image":[{"width":1280,"height":600,"url":"https:\/\/bxrepsol.s3.eu-west-1.amazonaws.com\/static\/2022\/08\/29084119\/01_isidre_esteve_dakar_repsol_rally_team_sodicarBV6_arena_desierto.jpg","type":"image\/jpeg"}],"author":"Redacci\u00f3n Box Repsol","twitter_card":"summary_large_image","twitter_creator":"@https:\/\/twitter.com\/box_repsol","twitter_site":"@box_repsol","twitter_misc":{"Written by":"Redacci\u00f3n Box Repsol","Est. reading time":"3 minutos"},"schema":{"@context":"https:\/\/schema.org","@graph":[{"@type":"Article","@id":"https:\/\/www.boxrepsol.com\/es\/rally\/isidre-esteve-escala-diez-puestos-en-la-general-tras-una-gran-etapa\/#article","isPartOf":{"@id":"https:\/\/www.boxrepsol.com\/es\/rally\/isidre-esteve-escala-diez-puestos-en-la-general-tras-una-gran-etapa\/"},"author":{"name":"Redacci\u00f3n Box Repsol","@id":"https:\/\/www.boxrepsol.com\/es\/#\/schema\/person\/c5c2138f2cca251b0ad92b7086bb60b7"},"headline":"Isidre Esteve escala diez puestos en la general tras una gran etapa","datePublished":"2019-01-09T02:00:00+00:00","dateModified":"2024-05-22T09:47:20+00:00","mainEntityOfPage":{"@id":"https:\/\/www.boxrepsol.com\/es\/rally\/isidre-esteve-escala-diez-puestos-en-la-general-tras-una-gran-etapa\/"},"wordCount":609,"commentCount":0,"publisher":{"@id":"https:\/\/www.boxrepsol.com\/es\/#organization"},"image":{"@id":"https:\/\/www.boxrepsol.com\/es\/rally\/isidre-esteve-escala-diez-puestos-en-la-general-tras-una-gran-etapa\/#primaryimage"},"thumbnailUrl":"https:\/\/bxrepsol.s3.eu-west-1.amazonaws.com\/static\/2022\/08\/29084119\/01_isidre_esteve_dakar_repsol_rally_team_sodicarBV6_arena_desierto.jpg","keywords":["Repsol Rally Team"],"articleSection":["Rally"],"inLanguage":"es","potentialAction":[{"@type":"CommentAction","name":"Comment","target":["https:\/\/www.boxrepsol.com\/es\/rally\/isidre-esteve-escala-diez-puestos-en-la-general-tras-una-gran-etapa\/#respond"]}]},{"@type":"WebPage","@id":"https:\/\/www.boxrepsol.com\/es\/rally\/isidre-esteve-escala-diez-puestos-en-la-general-tras-una-gran-etapa\/","url":"https:\/\/www.boxrepsol.com\/es\/rally\/isidre-esteve-escala-diez-puestos-en-la-general-tras-una-gran-etapa\/","name":"Dakar 2019 etapa 2 - Isidre Esteve escala diez puestos en la general","isPartOf":{"@id":"https:\/\/www.boxrepsol.com\/es\/#website"},"primaryImageOfPage":{"@id":"https:\/\/www.boxrepsol.com\/es\/rally\/isidre-esteve-escala-diez-puestos-en-la-general-tras-una-gran-etapa\/#primaryimage"},"image":{"@id":"https:\/\/www.boxrepsol.com\/es\/rally\/isidre-esteve-escala-diez-puestos-en-la-general-tras-una-gran-etapa\/#primaryimage"},"thumbnailUrl":"https:\/\/bxrepsol.s3.eu-west-1.amazonaws.com\/static\/2022\/08\/29084119\/01_isidre_esteve_dakar_repsol_rally_team_sodicarBV6_arena_desierto.jpg","datePublished":"2019-01-09T02:00:00+00:00","dateModified":"2024-05-22T09:47:20+00:00","breadcrumb":{"@id":"https:\/\/www.boxrepsol.com\/es\/rally\/isidre-esteve-escala-diez-puestos-en-la-general-tras-una-gran-etapa\/#breadcrumb"},"inLanguage":"es","potentialAction":[{"@type":"ReadAction","target":["https:\/\/www.boxrepsol.com\/es\/rally\/isidre-esteve-escala-diez-puestos-en-la-general-tras-una-gran-etapa\/"]}]},{"@type":"ImageObject","inLanguage":"es","@id":"https:\/\/www.boxrepsol.com\/es\/rally\/isidre-esteve-escala-diez-puestos-en-la-general-tras-una-gran-etapa\/#primaryimage","url":"https:\/\/bxrepsol.s3.eu-west-1.amazonaws.com\/static\/2022\/08\/29084119\/01_isidre_esteve_dakar_repsol_rally_team_sodicarBV6_arena_desierto.jpg","contentUrl":"https:\/\/bxrepsol.s3.eu-west-1.amazonaws.com\/static\/2022\/08\/29084119\/01_isidre_esteve_dakar_repsol_rally_team_sodicarBV6_arena_desierto.jpg","width":1280,"height":600,"caption":"Isidre esteve en coche de rally"},{"@type":"BreadcrumbList","@id":"https:\/\/www.boxrepsol.com\/es\/rally\/isidre-esteve-escala-diez-puestos-en-la-general-tras-una-gran-etapa\/#breadcrumb","itemListElement":[{"@type":"ListItem","position":1,"name":"Home","item":"https:\/\/www.boxrepsol.com\/es\/"},{"@type":"ListItem","position":2,"name":"Isidre Esteve escala diez puestos en la general tras una gran etapa"}]},{"@type":"WebSite","@id":"https:\/\/www.boxrepsol.com\/es\/#website","url":"https:\/\/www.boxrepsol.com\/es\/","name":"Box Repsol","description":"Box Repsol Site","publisher":{"@id":"https:\/\/www.boxrepsol.com\/es\/#organization"},"potentialAction":[{"@type":"SearchAction","target":{"@type":"EntryPoint","urlTemplate":"https:\/\/www.boxrepsol.com\/es\/?s={search_term_string}"},"query-input":{"@type":"PropertyValueSpecification","valueRequired":true,"valueName":"search_term_string"}}],"inLanguage":"es"},{"@type":"Organization","@id":"https:\/\/www.boxrepsol.com\/es\/#organization","name":"Box Repsol","url":"https:\/\/www.boxrepsol.com\/es\/","logo":{"@type":"ImageObject","inLanguage":"es","@id":"https:\/\/www.boxrepsol.com\/es\/#\/schema\/logo\/image\/","url":"https:\/\/bxrepsol.s3.eu-west-1.amazonaws.com\/static\/2025\/07\/30083337\/favicon-96x96-1.png","contentUrl":"https:\/\/bxrepsol.s3.eu-west-1.amazonaws.com\/static\/2025\/07\/30083337\/favicon-96x96-1.png","width":96,"height":96,"caption":"Box Repsol"},"image":{"@id":"https:\/\/www.boxrepsol.com\/es\/#\/schema\/logo\/image\/"},"sameAs":["https:\/\/www.facebook.com\/BoxRepsol","https:\/\/x.com\/box_repsol","http:\/\/instagram.com\/box_repsol","https:\/\/www.youtube.com\/user\/RepsolCompeticion","https:\/\/www.flickr.com\/photos\/box_repsol\/"]},{"@type":"Person","@id":"https:\/\/www.boxrepsol.com\/es\/#\/schema\/person\/c5c2138f2cca251b0ad92b7086bb60b7","name":"Redacci\u00f3n Box Repsol","image":{"@type":"ImageObject","inLanguage":"es","@id":"https:\/\/secure.gravatar.com\/avatar\/adf7b77e38b4419baf32c7e9c21dde01f4e40df611f0978e3006fc4ba0aaab7e?s=96&d=mm&r=g","url":"https:\/\/secure.gravatar.com\/avatar\/adf7b77e38b4419baf32c7e9c21dde01f4e40df611f0978e3006fc4ba0aaab7e?s=96&d=mm&r=g","contentUrl":"https:\/\/secure.gravatar.com\/avatar\/adf7b77e38b4419baf32c7e9c21dde01f4e40df611f0978e3006fc4ba0aaab7e?s=96&d=mm&r=g","caption":"Redacci\u00f3n Box Repsol"},"description":"Box Repsol lo forma un equipo de periodistas, community managers, dise\u00f1adores y fot\u00f3grafos con m\u00e1s de 20 a\u00f1os de experiencia en el mundo del motorsport. Hemos vivido el primer mundial de un espa\u00f1ol en la categor\u00eda reina de motociclismo con \u00c1lex Crivill\u00e9, estuvimos en las victorias de Pedrosa y los t\u00edtulos de M\u00e1rquez, acompa\u00f1amos en \u00c1frica a Nani Roma y Marc Coma en sus conquistas del Dakar y hemos vibrado con los t\u00edtulos de Toni Bou en Trial. Adem\u00e1s, en nuestro equipo contamos con expertos en el mundo de las dos y cuatro ruedas tanto de la calle y las carreteras, como de los circuitos. Periodistas que han trabajado en revistas y publicaciones para hacerte llegar desde rutas y consejos de mantenimiento, a curiosidades y trucos de pilotaje.","sameAs":["https:\/\/www.facebook.com\/BoxRepsol\/","https:\/\/www.instagram.com\/box_repsol\/","https:\/\/x.com\/https:\/\/twitter.com\/box_repsol","https:\/\/www.youtube.com\/@Boxrepsol"],"url":"https:\/\/www.boxrepsol.com\/es\/author\/redaccion-box-repsol\/"}]}},"_links":{"self":[{"href":"https:\/\/www.boxrepsol.com\/es\/wp-json\/wp\/v2\/posts\/93653","targetHints":{"allow":["GET"]}}],"collection":[{"href":"https:\/\/www.boxrepsol.com\/es\/wp-json\/wp\/v2\/posts"}],"about":[{"href":"https:\/\/www.boxrepsol.com\/es\/wp-json\/wp\/v2\/types\/post"}],"author":[{"embeddable":true,"href":"https:\/\/www.boxrepsol.com\/es\/wp-json\/wp\/v2\/users\/43146"}],"replies":[{"embeddable":true,"href":"https:\/\/www.boxrepsol.com\/es\/wp-json\/wp\/v2\/comments?post=93653"}],"version-history":[{"count":1,"href":"https:\/\/www.boxrepsol.com\/es\/wp-json\/wp\/v2\/posts\/93653\/revisions"}],"predecessor-version":[{"id":93654,"href":"https:\/\/www.boxrepsol.com\/es\/wp-json\/wp\/v2\/posts\/93653\/revisions\/93654"}],"wp:featuredmedia":[{"embeddable":true,"href":"https:\/\/www.boxrepsol.com\/es\/wp-json\/wp\/v2\/media\/60612"}],"wp:attachment":[{"href":"https:\/\/www.boxrepsol.com\/es\/wp-json\/wp\/v2\/media?parent=93653"}],"wp:term":[{"taxonomy":"category","embeddable":true,"href":"https:\/\/www.boxrepsol.com\/es\/wp-json\/wp\/v2\/categories?post=93653"},{"taxonomy":"post_tag","embeddable":true,"href":"https:\/\/www.boxrepsol.com\/es\/wp-json\/wp\/v2\/tags?post=93653"}],"curies":[{"name":"wp","href":"https:\/\/api.w.org\/{rel}","templated":true}]}}