{"id":93649,"date":"2019-01-08T00:00:00","date_gmt":"2019-01-08T02:00:00","guid":{"rendered":"http:\/\/pre.boxrepsol.com\/sin-categorizar\/positiva-primera-toma-contacto-isidre-esteve-dakar-2019\/"},"modified":"2024-05-22T07:47:43","modified_gmt":"2024-05-22T09:47:43","slug":"positiva-primera-toma-contacto-isidre-esteve-dakar-2019","status":"publish","type":"post","link":"https:\/\/www.boxrepsol.com\/es\/rally\/positiva-primera-toma-contacto-isidre-esteve-dakar-2019\/","title":{"rendered":"Positiva primera toma de contacto de Isidre Esteve con el Dakar 2019"},"content":{"rendered":"<p>Isidre Esteve ha completado este lunes los primeros kil\u00f3metros del Dakar 2019, el cuarto que disputa en coche y el tercero consecutivo. El del Repsol Rally Team ha pilotado con cautela en la etapa inicial, consciente de la peligrosidad que suele entra\u00f1ar siempre el primer d\u00eda de carrera. El ilerdense ha completado los 84 kil\u00f3metros cronometrados en 39\u00ba lugar absoluto y 9\u00ba de T1.2, con su <a href=\"https:\/\/www.boxrepsol.com\/es\/rally\/isidre-esteve-desvela-todos-los-secretos-de-su-prototipo-dakariano\/\">prototipo dakariano de Sodicars Racing<\/a> con los mandos adaptados en el volante.<\/p>\n<p><strong>La jornada ha transcurrido entre Lima y Pisco<\/strong>, con 247 kil\u00f3metros de enlace y 84 de especial. Isidre Esteve y su copiloto Txema Villalobos han marcado un ritmo constante y seguro que les ha permitido superar sin mayores problemas las primeras dunas peruanas. Su tiempo final de 1 hora, 19 minutos y 59 segundos les ha situado en el top 10 de su categor\u00eda, reservada a los todoterreno 4&#215;4 di\u00e9sel modificados.<\/p>\n<p><em>\u201cHemos superado la primera etapa sin cometer ning\u00fan error y a un buen ritmo, aunque sin arriesgar lo m\u00e1s m\u00ednimo porque hab\u00eda varias dunas cortadas que requieren la m\u00e1xima atenci\u00f3n. Hemos salido con presi\u00f3n baja en los neum\u00e1ticos para no tener ning\u00fan problema en la arena y en un r\u00edo seco con piedras hemos ralentizado la marcha por precauci\u00f3n. En general, ha sido un buen d\u00eda y debemos sentirnos satisfechos\u201d<\/em>, resum\u00eda el piloto de Oliana.<\/p>\n<p><a href=\"https:\/\/bxrepsol.s3.eu-west-1.amazonaws.com\/static\/2022\/08\/05063333\/Dakar19_E1_Isidre_Esteve_4.jpg\" \n   title=\"Isidre Esteve con el coche del Repsol Rally Team\" \n   data-gallery-thumbnail=\"https:\/\/bxrepsol.s3.eu-west-1.amazonaws.com\/static\/2022\/08\/05063333\/Dakar19_E1_Isidre_Esteve_4.jpg\"\n   data-gallery-title=\"\"\n   data-gallery><\/p>\n<figure>\n        <picture style=\"padding-bottom: 66.638441998307%; background-image: url(https:\/\/bxrepsol.s3.eu-west-1.amazonaws.com\/static\/2022\/08\/05063333\/Dakar19_E1_Isidre_Esteve_4.jpg);\">\n            <img decoding=\"async\" src=\"https:\/\/bxrepsol.s3.eu-west-1.amazonaws.com\/static\/2022\/08\/05063333\/Dakar19_E1_Isidre_Esteve_4.jpg\"><br \/>\n            <img itemprop=\"image\"\n                data-srcset=\"https:\/\/bxrepsol.s3.eu-west-1.amazonaws.com\/static\/2022\/08\/05063333\/Dakar19_E1_Isidre_Esteve_4.jpg 480w, https:\/\/bxrepsol.s3.eu-west-1.amazonaws.com\/static\/2022\/08\/05063333\/Dakar19_E1_Isidre_Esteve_4.jpg 600w, https:\/\/bxrepsol.s3.eu-west-1.amazonaws.com\/static\/2022\/08\/05063333\/Dakar19_E1_Isidre_Esteve_4.jpg 900w, https:\/\/bxrepsol.s3.eu-west-1.amazonaws.com\/static\/2022\/08\/05063333\/Dakar19_E1_Isidre_Esteve_4.jpg 1280w\"\n                data-src=\"https:\/\/bxrepsol.s3.eu-west-1.amazonaws.com\/static\/2022\/08\/05063333\/Dakar19_E1_Isidre_Esteve_4.jpg\"\n                alt=\"Isidre Esteve con el coche del Repsol Rally Team\"\n                title=\"Isidre Esteve con su coche durante la primera etapa del Dakar\"\/><br \/>\n            <noscript><img decoding=\"async\" src=\"https:\/\/bxrepsol.s3.eu-west-1.amazonaws.com\/static\/2022\/08\/05063333\/Dakar19_E1_Isidre_Esteve_4.jpg\" alt=\"Isidre Esteve con el coche del Repsol Rally Team\"><\/noscript>\n        <\/picture><figcaption>Isidre Esteve con el coche del Repsol Rally Team<\/figcaption><\/figure>\n<p><\/a><\/p>\n<p>Y es que Isidre Esteve tiene muy claro su planteamiento inicial en esta 41\u00aa edici\u00f3n del Dakar:\u00a0<em>\u201cComo ya preve\u00edamos, hay 30 o 35 coches m\u00e1s r\u00e1pidos mec\u00e1nicamente que nosotros, por lo que debemos mantener la calma y gestionar bien la carrera, sin perder los nervios. Poco a poco, la carrera se ir\u00e1 decidiendo y nosotros encontraremos nuestro sitio\u201d.<\/em><\/p>\n<p>Ma\u00f1ana martes, el Dakar 2019 incrementar\u00e1 notablemente su nivel de dificultad, con motivo de la <strong>segunda etapa, entre Pisco y San Juan de Marcona<\/strong>. Los participantes deber\u00e1n completar 553 kil\u00f3metros, de los que 342 ser\u00e1n de lucha contra el cron\u00f3metro y con la navegaci\u00f3n de protagonista.<\/p>\n<p><em>\u201cLa etapa ser\u00e1 complicada y seguro que habr\u00e1 sorpresas porque todo el mundo corre mucho estos primeros d\u00edas. Creo que hasta Arequipa el terreno ser\u00e1 muy similar al de esta primera especial, as\u00ed que habr\u00e1 que pilotar muy concentrados del primer al \u00faltimo kil\u00f3metro\u201d.<\/em><\/p>\n<p>                <!-- Imagen relacionada --><br \/>\n        <img loading=\"lazy\" decoding=\"async\" width=\"404\" height=\"336\" src=\"https:\/\/bxrepsol.s3.eu-west-1.amazonaws.com\/static\/2022\/08\/29084109\/00_Isidre_esteve_sodicarBV6_repsol_rally_team_dakar_2019-3.jpg\" alt=\"Isidre Esteve con su coche del Repsol Rally Team\" \/><br \/>\n                <!-- Categor\u00eda --><br \/>\n            Rally<br \/>\n        <!-- T\u00edtulo --><br \/>\n        <a href=\"https:\/\/www.boxrepsol.com\/es\/rally\/isidre-esteve-feliz-tranquilo-la-salida-del-dakar-2019\/\"><\/p>\n<h3>Isidre Esteve, feliz y tranquilo en la salida del Dakar 2019<\/h3>\n<p>        <\/a><br \/>\n                    <!-- Fecha --><br \/>\n            hace 1 hora<\/p>\n","protected":false},"excerpt":{"rendered":"<p>El de Oliana ha terminado 39\u00ba absoluto y noveno de su categor\u00eda T1.2 con su prototipo BV6 de Sodicars Racing.<\/p>\n","protected":false},"author":43146,"featured_media":60596,"comment_status":"open","ping_status":"open","sticky":false,"template":"","format":"standard","meta":{"footnotes":""},"categories":[27],"tags":[183],"class_list":["post-93649","post","type-post","status-publish","format-standard","hentry","category-rally","tag-repsol-rally-team"],"yoast_head":"<!-- This site is optimized with the Yoast SEO plugin v27.3 - https:\/\/yoast.com\/product\/yoast-seo-wordpress\/ -->\n<title>Dakar 2019 etapa 1 - Positiva primera toma de contacto de Isidre Esteve<\/title>\n<meta name=\"description\" content=\"El de Oliana ha terminado 39\u00ba absoluto y noveno de su categor\u00eda T1.2 con su prototipo BV6 de Sodicars Racing.\" \/>\n<link rel=\"canonical\" href=\"https:\/\/www.boxrepsol.com\/es\/rally\/positiva-primera-toma-contacto-isidre-esteve-dakar-2019\/\" \/>\n<meta property=\"og:locale\" content=\"es_ES\" \/>\n<meta property=\"og:type\" content=\"article\" \/>\n<meta property=\"og:title\" content=\"Dakar 2019 etapa 1 - Positiva primera toma de contacto de Isidre Esteve\" \/>\n<meta property=\"og:description\" content=\"El de Oliana ha terminado 39\u00ba absoluto y noveno de su categor\u00eda T1.2 con su prototipo BV6 de Sodicars Racing.\" \/>\n<meta property=\"og:url\" content=\"https:\/\/www.boxrepsol.com\/es\/rally\/positiva-primera-toma-contacto-isidre-esteve-dakar-2019\/\" \/>\n<meta property=\"og:site_name\" content=\"Box Repsol\" \/>\n<meta property=\"article:publisher\" content=\"https:\/\/www.facebook.com\/BoxRepsol\" \/>\n<meta property=\"article:author\" content=\"https:\/\/www.facebook.com\/BoxRepsol\/\" \/>\n<meta property=\"article:published_time\" content=\"2019-01-08T02:00:00+00:00\" \/>\n<meta property=\"article:modified_time\" content=\"2024-05-22T09:47:43+00:00\" \/>\n<meta property=\"og:image\" content=\"https:\/\/bxrepsol.s3.eu-west-1.amazonaws.com\/static\/2022\/08\/29084110\/01_isidre_esteve_repsol_rally_team_dunas_dakar_2019-1.jpg\" \/>\n\t<meta property=\"og:image:width\" content=\"1280\" \/>\n\t<meta property=\"og:image:height\" content=\"600\" \/>\n\t<meta property=\"og:image:type\" content=\"image\/jpeg\" \/>\n<meta name=\"author\" content=\"Redacci\u00f3n Box Repsol\" \/>\n<meta name=\"twitter:card\" content=\"summary_large_image\" \/>\n<meta name=\"twitter:creator\" content=\"@https:\/\/twitter.com\/box_repsol\" \/>\n<meta name=\"twitter:site\" content=\"@box_repsol\" \/>\n<meta name=\"twitter:label1\" content=\"Written by\" \/>\n\t<meta name=\"twitter:data1\" content=\"Redacci\u00f3n Box Repsol\" \/>\n\t<meta name=\"twitter:label2\" content=\"Est. reading time\" \/>\n\t<meta name=\"twitter:data2\" content=\"2 minutos\" \/>\n<script type=\"application\/ld+json\" class=\"yoast-schema-graph\">{\"@context\":\"https:\\\/\\\/schema.org\",\"@graph\":[{\"@type\":\"Article\",\"@id\":\"https:\\\/\\\/www.boxrepsol.com\\\/es\\\/rally\\\/positiva-primera-toma-contacto-isidre-esteve-dakar-2019\\\/#article\",\"isPartOf\":{\"@id\":\"https:\\\/\\\/www.boxrepsol.com\\\/es\\\/rally\\\/positiva-primera-toma-contacto-isidre-esteve-dakar-2019\\\/\"},\"author\":{\"name\":\"Redacci\u00f3n Box Repsol\",\"@id\":\"https:\\\/\\\/www.boxrepsol.com\\\/es\\\/#\\\/schema\\\/person\\\/c5c2138f2cca251b0ad92b7086bb60b7\"},\"headline\":\"Positiva primera toma de contacto de Isidre Esteve con el Dakar 2019\",\"datePublished\":\"2019-01-08T02:00:00+00:00\",\"dateModified\":\"2024-05-22T09:47:43+00:00\",\"mainEntityOfPage\":{\"@id\":\"https:\\\/\\\/www.boxrepsol.com\\\/es\\\/rally\\\/positiva-primera-toma-contacto-isidre-esteve-dakar-2019\\\/\"},\"wordCount\":423,\"commentCount\":0,\"publisher\":{\"@id\":\"https:\\\/\\\/www.boxrepsol.com\\\/es\\\/#organization\"},\"image\":{\"@id\":\"https:\\\/\\\/www.boxrepsol.com\\\/es\\\/rally\\\/positiva-primera-toma-contacto-isidre-esteve-dakar-2019\\\/#primaryimage\"},\"thumbnailUrl\":\"https:\\\/\\\/bxrepsol.s3.eu-west-1.amazonaws.com\\\/static\\\/2022\\\/08\\\/29084110\\\/01_isidre_esteve_repsol_rally_team_dunas_dakar_2019-1.jpg\",\"keywords\":[\"Repsol Rally Team\"],\"articleSection\":[\"Rally\"],\"inLanguage\":\"es\",\"potentialAction\":[{\"@type\":\"CommentAction\",\"name\":\"Comment\",\"target\":[\"https:\\\/\\\/www.boxrepsol.com\\\/es\\\/rally\\\/positiva-primera-toma-contacto-isidre-esteve-dakar-2019\\\/#respond\"]}]},{\"@type\":\"WebPage\",\"@id\":\"https:\\\/\\\/www.boxrepsol.com\\\/es\\\/rally\\\/positiva-primera-toma-contacto-isidre-esteve-dakar-2019\\\/\",\"url\":\"https:\\\/\\\/www.boxrepsol.com\\\/es\\\/rally\\\/positiva-primera-toma-contacto-isidre-esteve-dakar-2019\\\/\",\"name\":\"Dakar 2019 etapa 1 - Positiva primera toma de contacto de Isidre Esteve\",\"isPartOf\":{\"@id\":\"https:\\\/\\\/www.boxrepsol.com\\\/es\\\/#website\"},\"primaryImageOfPage\":{\"@id\":\"https:\\\/\\\/www.boxrepsol.com\\\/es\\\/rally\\\/positiva-primera-toma-contacto-isidre-esteve-dakar-2019\\\/#primaryimage\"},\"image\":{\"@id\":\"https:\\\/\\\/www.boxrepsol.com\\\/es\\\/rally\\\/positiva-primera-toma-contacto-isidre-esteve-dakar-2019\\\/#primaryimage\"},\"thumbnailUrl\":\"https:\\\/\\\/bxrepsol.s3.eu-west-1.amazonaws.com\\\/static\\\/2022\\\/08\\\/29084110\\\/01_isidre_esteve_repsol_rally_team_dunas_dakar_2019-1.jpg\",\"datePublished\":\"2019-01-08T02:00:00+00:00\",\"dateModified\":\"2024-05-22T09:47:43+00:00\",\"description\":\"El de Oliana ha terminado 39\u00ba absoluto y noveno de su categor\u00eda T1.2 con su prototipo BV6 de Sodicars Racing.\",\"breadcrumb\":{\"@id\":\"https:\\\/\\\/www.boxrepsol.com\\\/es\\\/rally\\\/positiva-primera-toma-contacto-isidre-esteve-dakar-2019\\\/#breadcrumb\"},\"inLanguage\":\"es\",\"potentialAction\":[{\"@type\":\"ReadAction\",\"target\":[\"https:\\\/\\\/www.boxrepsol.com\\\/es\\\/rally\\\/positiva-primera-toma-contacto-isidre-esteve-dakar-2019\\\/\"]}]},{\"@type\":\"ImageObject\",\"inLanguage\":\"es\",\"@id\":\"https:\\\/\\\/www.boxrepsol.com\\\/es\\\/rally\\\/positiva-primera-toma-contacto-isidre-esteve-dakar-2019\\\/#primaryimage\",\"url\":\"https:\\\/\\\/bxrepsol.s3.eu-west-1.amazonaws.com\\\/static\\\/2022\\\/08\\\/29084110\\\/01_isidre_esteve_repsol_rally_team_dunas_dakar_2019-1.jpg\",\"contentUrl\":\"https:\\\/\\\/bxrepsol.s3.eu-west-1.amazonaws.com\\\/static\\\/2022\\\/08\\\/29084110\\\/01_isidre_esteve_repsol_rally_team_dunas_dakar_2019-1.jpg\",\"width\":1280,\"height\":600,\"caption\":\"Isidre Esteve en el coche del Repsol Rally Team\"},{\"@type\":\"BreadcrumbList\",\"@id\":\"https:\\\/\\\/www.boxrepsol.com\\\/es\\\/rally\\\/positiva-primera-toma-contacto-isidre-esteve-dakar-2019\\\/#breadcrumb\",\"itemListElement\":[{\"@type\":\"ListItem\",\"position\":1,\"name\":\"Home\",\"item\":\"https:\\\/\\\/www.boxrepsol.com\\\/es\\\/\"},{\"@type\":\"ListItem\",\"position\":2,\"name\":\"Positiva primera toma de contacto de Isidre Esteve con el Dakar 2019\"}]},{\"@type\":\"WebSite\",\"@id\":\"https:\\\/\\\/www.boxrepsol.com\\\/es\\\/#website\",\"url\":\"https:\\\/\\\/www.boxrepsol.com\\\/es\\\/\",\"name\":\"Box Repsol\",\"description\":\"Box Repsol Site\",\"publisher\":{\"@id\":\"https:\\\/\\\/www.boxrepsol.com\\\/es\\\/#organization\"},\"potentialAction\":[{\"@type\":\"SearchAction\",\"target\":{\"@type\":\"EntryPoint\",\"urlTemplate\":\"https:\\\/\\\/www.boxrepsol.com\\\/es\\\/?s={search_term_string}\"},\"query-input\":{\"@type\":\"PropertyValueSpecification\",\"valueRequired\":true,\"valueName\":\"search_term_string\"}}],\"inLanguage\":\"es\"},{\"@type\":\"Organization\",\"@id\":\"https:\\\/\\\/www.boxrepsol.com\\\/es\\\/#organization\",\"name\":\"Box Repsol\",\"url\":\"https:\\\/\\\/www.boxrepsol.com\\\/es\\\/\",\"logo\":{\"@type\":\"ImageObject\",\"inLanguage\":\"es\",\"@id\":\"https:\\\/\\\/www.boxrepsol.com\\\/es\\\/#\\\/schema\\\/logo\\\/image\\\/\",\"url\":\"https:\\\/\\\/bxrepsol.s3.eu-west-1.amazonaws.com\\\/static\\\/2025\\\/07\\\/30083337\\\/favicon-96x96-1.png\",\"contentUrl\":\"https:\\\/\\\/bxrepsol.s3.eu-west-1.amazonaws.com\\\/static\\\/2025\\\/07\\\/30083337\\\/favicon-96x96-1.png\",\"width\":96,\"height\":96,\"caption\":\"Box Repsol\"},\"image\":{\"@id\":\"https:\\\/\\\/www.boxrepsol.com\\\/es\\\/#\\\/schema\\\/logo\\\/image\\\/\"},\"sameAs\":[\"https:\\\/\\\/www.facebook.com\\\/BoxRepsol\",\"https:\\\/\\\/x.com\\\/box_repsol\",\"http:\\\/\\\/instagram.com\\\/box_repsol\",\"https:\\\/\\\/www.youtube.com\\\/user\\\/RepsolCompeticion\",\"https:\\\/\\\/www.flickr.com\\\/photos\\\/box_repsol\\\/\"]},{\"@type\":\"Person\",\"@id\":\"https:\\\/\\\/www.boxrepsol.com\\\/es\\\/#\\\/schema\\\/person\\\/c5c2138f2cca251b0ad92b7086bb60b7\",\"name\":\"Redacci\u00f3n Box Repsol\",\"image\":{\"@type\":\"ImageObject\",\"inLanguage\":\"es\",\"@id\":\"https:\\\/\\\/secure.gravatar.com\\\/avatar\\\/adf7b77e38b4419baf32c7e9c21dde01f4e40df611f0978e3006fc4ba0aaab7e?s=96&d=mm&r=g\",\"url\":\"https:\\\/\\\/secure.gravatar.com\\\/avatar\\\/adf7b77e38b4419baf32c7e9c21dde01f4e40df611f0978e3006fc4ba0aaab7e?s=96&d=mm&r=g\",\"contentUrl\":\"https:\\\/\\\/secure.gravatar.com\\\/avatar\\\/adf7b77e38b4419baf32c7e9c21dde01f4e40df611f0978e3006fc4ba0aaab7e?s=96&d=mm&r=g\",\"caption\":\"Redacci\u00f3n Box Repsol\"},\"description\":\"Box Repsol lo forma un equipo de periodistas, community managers, dise\u00f1adores y fot\u00f3grafos con m\u00e1s de 20 a\u00f1os de experiencia en el mundo del motorsport. Hemos vivido el primer mundial de un espa\u00f1ol en la categor\u00eda reina de motociclismo con \u00c1lex Crivill\u00e9, estuvimos en las victorias de Pedrosa y los t\u00edtulos de M\u00e1rquez, acompa\u00f1amos en \u00c1frica a Nani Roma y Marc Coma en sus conquistas del Dakar y hemos vibrado con los t\u00edtulos de Toni Bou en Trial. Adem\u00e1s, en nuestro equipo contamos con expertos en el mundo de las dos y cuatro ruedas tanto de la calle y las carreteras, como de los circuitos. Periodistas que han trabajado en revistas y publicaciones para hacerte llegar desde rutas y consejos de mantenimiento, a curiosidades y trucos de pilotaje.\",\"sameAs\":[\"https:\\\/\\\/www.facebook.com\\\/BoxRepsol\\\/\",\"https:\\\/\\\/www.instagram.com\\\/box_repsol\\\/\",\"https:\\\/\\\/x.com\\\/https:\\\/\\\/twitter.com\\\/box_repsol\",\"https:\\\/\\\/www.youtube.com\\\/@Boxrepsol\"],\"url\":\"https:\\\/\\\/www.boxrepsol.com\\\/es\\\/author\\\/redaccion-box-repsol\\\/\"}]}<\/script>\n<!-- \/ Yoast SEO plugin. -->","yoast_head_json":{"title":"Dakar 2019 etapa 1 - Positiva primera toma de contacto de Isidre Esteve","description":"El de Oliana ha terminado 39\u00ba absoluto y noveno de su categor\u00eda T1.2 con su prototipo BV6 de Sodicars Racing.","canonical":"https:\/\/www.boxrepsol.com\/es\/rally\/positiva-primera-toma-contacto-isidre-esteve-dakar-2019\/","og_locale":"es_ES","og_type":"article","og_title":"Dakar 2019 etapa 1 - Positiva primera toma de contacto de Isidre Esteve","og_description":"El de Oliana ha terminado 39\u00ba absoluto y noveno de su categor\u00eda T1.2 con su prototipo BV6 de Sodicars Racing.","og_url":"https:\/\/www.boxrepsol.com\/es\/rally\/positiva-primera-toma-contacto-isidre-esteve-dakar-2019\/","og_site_name":"Box Repsol","article_publisher":"https:\/\/www.facebook.com\/BoxRepsol","article_author":"https:\/\/www.facebook.com\/BoxRepsol\/","article_published_time":"2019-01-08T02:00:00+00:00","article_modified_time":"2024-05-22T09:47:43+00:00","og_image":[{"width":1280,"height":600,"url":"https:\/\/bxrepsol.s3.eu-west-1.amazonaws.com\/static\/2022\/08\/29084110\/01_isidre_esteve_repsol_rally_team_dunas_dakar_2019-1.jpg","type":"image\/jpeg"}],"author":"Redacci\u00f3n Box Repsol","twitter_card":"summary_large_image","twitter_creator":"@https:\/\/twitter.com\/box_repsol","twitter_site":"@box_repsol","twitter_misc":{"Written by":"Redacci\u00f3n Box Repsol","Est. reading time":"2 minutos"},"schema":{"@context":"https:\/\/schema.org","@graph":[{"@type":"Article","@id":"https:\/\/www.boxrepsol.com\/es\/rally\/positiva-primera-toma-contacto-isidre-esteve-dakar-2019\/#article","isPartOf":{"@id":"https:\/\/www.boxrepsol.com\/es\/rally\/positiva-primera-toma-contacto-isidre-esteve-dakar-2019\/"},"author":{"name":"Redacci\u00f3n Box Repsol","@id":"https:\/\/www.boxrepsol.com\/es\/#\/schema\/person\/c5c2138f2cca251b0ad92b7086bb60b7"},"headline":"Positiva primera toma de contacto de Isidre Esteve con el Dakar 2019","datePublished":"2019-01-08T02:00:00+00:00","dateModified":"2024-05-22T09:47:43+00:00","mainEntityOfPage":{"@id":"https:\/\/www.boxrepsol.com\/es\/rally\/positiva-primera-toma-contacto-isidre-esteve-dakar-2019\/"},"wordCount":423,"commentCount":0,"publisher":{"@id":"https:\/\/www.boxrepsol.com\/es\/#organization"},"image":{"@id":"https:\/\/www.boxrepsol.com\/es\/rally\/positiva-primera-toma-contacto-isidre-esteve-dakar-2019\/#primaryimage"},"thumbnailUrl":"https:\/\/bxrepsol.s3.eu-west-1.amazonaws.com\/static\/2022\/08\/29084110\/01_isidre_esteve_repsol_rally_team_dunas_dakar_2019-1.jpg","keywords":["Repsol Rally Team"],"articleSection":["Rally"],"inLanguage":"es","potentialAction":[{"@type":"CommentAction","name":"Comment","target":["https:\/\/www.boxrepsol.com\/es\/rally\/positiva-primera-toma-contacto-isidre-esteve-dakar-2019\/#respond"]}]},{"@type":"WebPage","@id":"https:\/\/www.boxrepsol.com\/es\/rally\/positiva-primera-toma-contacto-isidre-esteve-dakar-2019\/","url":"https:\/\/www.boxrepsol.com\/es\/rally\/positiva-primera-toma-contacto-isidre-esteve-dakar-2019\/","name":"Dakar 2019 etapa 1 - Positiva primera toma de contacto de Isidre Esteve","isPartOf":{"@id":"https:\/\/www.boxrepsol.com\/es\/#website"},"primaryImageOfPage":{"@id":"https:\/\/www.boxrepsol.com\/es\/rally\/positiva-primera-toma-contacto-isidre-esteve-dakar-2019\/#primaryimage"},"image":{"@id":"https:\/\/www.boxrepsol.com\/es\/rally\/positiva-primera-toma-contacto-isidre-esteve-dakar-2019\/#primaryimage"},"thumbnailUrl":"https:\/\/bxrepsol.s3.eu-west-1.amazonaws.com\/static\/2022\/08\/29084110\/01_isidre_esteve_repsol_rally_team_dunas_dakar_2019-1.jpg","datePublished":"2019-01-08T02:00:00+00:00","dateModified":"2024-05-22T09:47:43+00:00","description":"El de Oliana ha terminado 39\u00ba absoluto y noveno de su categor\u00eda T1.2 con su prototipo BV6 de Sodicars Racing.","breadcrumb":{"@id":"https:\/\/www.boxrepsol.com\/es\/rally\/positiva-primera-toma-contacto-isidre-esteve-dakar-2019\/#breadcrumb"},"inLanguage":"es","potentialAction":[{"@type":"ReadAction","target":["https:\/\/www.boxrepsol.com\/es\/rally\/positiva-primera-toma-contacto-isidre-esteve-dakar-2019\/"]}]},{"@type":"ImageObject","inLanguage":"es","@id":"https:\/\/www.boxrepsol.com\/es\/rally\/positiva-primera-toma-contacto-isidre-esteve-dakar-2019\/#primaryimage","url":"https:\/\/bxrepsol.s3.eu-west-1.amazonaws.com\/static\/2022\/08\/29084110\/01_isidre_esteve_repsol_rally_team_dunas_dakar_2019-1.jpg","contentUrl":"https:\/\/bxrepsol.s3.eu-west-1.amazonaws.com\/static\/2022\/08\/29084110\/01_isidre_esteve_repsol_rally_team_dunas_dakar_2019-1.jpg","width":1280,"height":600,"caption":"Isidre Esteve en el coche del Repsol Rally Team"},{"@type":"BreadcrumbList","@id":"https:\/\/www.boxrepsol.com\/es\/rally\/positiva-primera-toma-contacto-isidre-esteve-dakar-2019\/#breadcrumb","itemListElement":[{"@type":"ListItem","position":1,"name":"Home","item":"https:\/\/www.boxrepsol.com\/es\/"},{"@type":"ListItem","position":2,"name":"Positiva primera toma de contacto de Isidre Esteve con el Dakar 2019"}]},{"@type":"WebSite","@id":"https:\/\/www.boxrepsol.com\/es\/#website","url":"https:\/\/www.boxrepsol.com\/es\/","name":"Box Repsol","description":"Box Repsol Site","publisher":{"@id":"https:\/\/www.boxrepsol.com\/es\/#organization"},"potentialAction":[{"@type":"SearchAction","target":{"@type":"EntryPoint","urlTemplate":"https:\/\/www.boxrepsol.com\/es\/?s={search_term_string}"},"query-input":{"@type":"PropertyValueSpecification","valueRequired":true,"valueName":"search_term_string"}}],"inLanguage":"es"},{"@type":"Organization","@id":"https:\/\/www.boxrepsol.com\/es\/#organization","name":"Box Repsol","url":"https:\/\/www.boxrepsol.com\/es\/","logo":{"@type":"ImageObject","inLanguage":"es","@id":"https:\/\/www.boxrepsol.com\/es\/#\/schema\/logo\/image\/","url":"https:\/\/bxrepsol.s3.eu-west-1.amazonaws.com\/static\/2025\/07\/30083337\/favicon-96x96-1.png","contentUrl":"https:\/\/bxrepsol.s3.eu-west-1.amazonaws.com\/static\/2025\/07\/30083337\/favicon-96x96-1.png","width":96,"height":96,"caption":"Box Repsol"},"image":{"@id":"https:\/\/www.boxrepsol.com\/es\/#\/schema\/logo\/image\/"},"sameAs":["https:\/\/www.facebook.com\/BoxRepsol","https:\/\/x.com\/box_repsol","http:\/\/instagram.com\/box_repsol","https:\/\/www.youtube.com\/user\/RepsolCompeticion","https:\/\/www.flickr.com\/photos\/box_repsol\/"]},{"@type":"Person","@id":"https:\/\/www.boxrepsol.com\/es\/#\/schema\/person\/c5c2138f2cca251b0ad92b7086bb60b7","name":"Redacci\u00f3n Box Repsol","image":{"@type":"ImageObject","inLanguage":"es","@id":"https:\/\/secure.gravatar.com\/avatar\/adf7b77e38b4419baf32c7e9c21dde01f4e40df611f0978e3006fc4ba0aaab7e?s=96&d=mm&r=g","url":"https:\/\/secure.gravatar.com\/avatar\/adf7b77e38b4419baf32c7e9c21dde01f4e40df611f0978e3006fc4ba0aaab7e?s=96&d=mm&r=g","contentUrl":"https:\/\/secure.gravatar.com\/avatar\/adf7b77e38b4419baf32c7e9c21dde01f4e40df611f0978e3006fc4ba0aaab7e?s=96&d=mm&r=g","caption":"Redacci\u00f3n Box Repsol"},"description":"Box Repsol lo forma un equipo de periodistas, community managers, dise\u00f1adores y fot\u00f3grafos con m\u00e1s de 20 a\u00f1os de experiencia en el mundo del motorsport. Hemos vivido el primer mundial de un espa\u00f1ol en la categor\u00eda reina de motociclismo con \u00c1lex Crivill\u00e9, estuvimos en las victorias de Pedrosa y los t\u00edtulos de M\u00e1rquez, acompa\u00f1amos en \u00c1frica a Nani Roma y Marc Coma en sus conquistas del Dakar y hemos vibrado con los t\u00edtulos de Toni Bou en Trial. Adem\u00e1s, en nuestro equipo contamos con expertos en el mundo de las dos y cuatro ruedas tanto de la calle y las carreteras, como de los circuitos. Periodistas que han trabajado en revistas y publicaciones para hacerte llegar desde rutas y consejos de mantenimiento, a curiosidades y trucos de pilotaje.","sameAs":["https:\/\/www.facebook.com\/BoxRepsol\/","https:\/\/www.instagram.com\/box_repsol\/","https:\/\/x.com\/https:\/\/twitter.com\/box_repsol","https:\/\/www.youtube.com\/@Boxrepsol"],"url":"https:\/\/www.boxrepsol.com\/es\/author\/redaccion-box-repsol\/"}]}},"_links":{"self":[{"href":"https:\/\/www.boxrepsol.com\/es\/wp-json\/wp\/v2\/posts\/93649","targetHints":{"allow":["GET"]}}],"collection":[{"href":"https:\/\/www.boxrepsol.com\/es\/wp-json\/wp\/v2\/posts"}],"about":[{"href":"https:\/\/www.boxrepsol.com\/es\/wp-json\/wp\/v2\/types\/post"}],"author":[{"embeddable":true,"href":"https:\/\/www.boxrepsol.com\/es\/wp-json\/wp\/v2\/users\/43146"}],"replies":[{"embeddable":true,"href":"https:\/\/www.boxrepsol.com\/es\/wp-json\/wp\/v2\/comments?post=93649"}],"version-history":[{"count":1,"href":"https:\/\/www.boxrepsol.com\/es\/wp-json\/wp\/v2\/posts\/93649\/revisions"}],"predecessor-version":[{"id":93650,"href":"https:\/\/www.boxrepsol.com\/es\/wp-json\/wp\/v2\/posts\/93649\/revisions\/93650"}],"wp:featuredmedia":[{"embeddable":true,"href":"https:\/\/www.boxrepsol.com\/es\/wp-json\/wp\/v2\/media\/60596"}],"wp:attachment":[{"href":"https:\/\/www.boxrepsol.com\/es\/wp-json\/wp\/v2\/media?parent=93649"}],"wp:term":[{"taxonomy":"category","embeddable":true,"href":"https:\/\/www.boxrepsol.com\/es\/wp-json\/wp\/v2\/categories?post=93649"},{"taxonomy":"post_tag","embeddable":true,"href":"https:\/\/www.boxrepsol.com\/es\/wp-json\/wp\/v2\/tags?post=93649"}],"curies":[{"name":"wp","href":"https:\/\/api.w.org\/{rel}","templated":true}]}}