{"id":93642,"date":"2019-01-04T00:00:00","date_gmt":"2019-01-04T02:00:00","guid":{"rendered":"http:\/\/pre.boxrepsol.com\/sin-categorizar\/presentacion-del-repsol-rall-team-peru\/"},"modified":"2024-05-22T07:48:14","modified_gmt":"2024-05-22T09:48:14","slug":"presentacion-del-repsol-rall-team-peru","status":"publish","type":"post","link":"https:\/\/www.boxrepsol.com\/es\/rally\/presentacion-del-repsol-rall-team-peru\/","title":{"rendered":"Presentaci\u00f3n del Repsol Rally Team en Per\u00fa"},"content":{"rendered":"<p><a href=\"https:\/\/bxrepsol.s3.eu-west-1.amazonaws.com\/static\/2022\/08\/05063306\/01_isidre_esteve_repsol_rally_team_txema_villalobos.jpg\" \n   title=\"Isidre Esteve y su copiloto Txema en el escenario\" \n   data-gallery-thumbnail=\"https:\/\/bxrepsol.s3.eu-west-1.amazonaws.com\/static\/2022\/08\/05063306\/01_isidre_esteve_repsol_rally_team_txema_villalobos.jpg\"\n   data-gallery-title=\"\"\n   data-gallery><\/p>\n<figure>\n<p>1<\/p>\n<picture style=\"padding-bottom: 66.666666666667%; background-image: url(https:\/\/bxrepsol.s3.eu-west-1.amazonaws.com\/static\/2022\/08\/05063306\/01_isidre_esteve_repsol_rally_team_txema_villalobos.jpg);\">\n            <img decoding=\"async\" src=\"https:\/\/bxrepsol.s3.eu-west-1.amazonaws.com\/static\/2022\/08\/05063306\/01_isidre_esteve_repsol_rally_team_txema_villalobos.jpg\"><br \/>\n            <img itemprop=\"image\"\n                data-srcset=\"https:\/\/bxrepsol.s3.eu-west-1.amazonaws.com\/static\/2022\/08\/05063306\/01_isidre_esteve_repsol_rally_team_txema_villalobos.jpg 480w, https:\/\/bxrepsol.s3.eu-west-1.amazonaws.com\/static\/2022\/08\/05063306\/01_isidre_esteve_repsol_rally_team_txema_villalobos.jpg 600w, https:\/\/bxrepsol.s3.eu-west-1.amazonaws.com\/static\/2022\/08\/05063306\/01_isidre_esteve_repsol_rally_team_txema_villalobos.jpg 900w, https:\/\/bxrepsol.s3.eu-west-1.amazonaws.com\/static\/2022\/08\/05063306\/01_isidre_esteve_repsol_rally_team_txema_villalobos.jpg 1280w\"\n                data-src=\"https:\/\/bxrepsol.s3.eu-west-1.amazonaws.com\/static\/2022\/08\/05063306\/01_isidre_esteve_repsol_rally_team_txema_villalobos.jpg\"\n                alt=\"Isidre Esteve y su copiloto Txema en el escenario\"\n                title=\"Isidre Esteve en la presentaci\u00f3n  del Repsol Rally Team en Lima Per\u00fa\"\/><br \/>\n            <noscript><img decoding=\"async\" src=\"https:\/\/bxrepsol.s3.eu-west-1.amazonaws.com\/static\/2022\/08\/05063306\/01_isidre_esteve_repsol_rally_team_txema_villalobos.jpg\" alt=\"Isidre Esteve y su copiloto Txema en el escenario\"><\/noscript>\n        <\/picture><figcaption>Isidre Esteve y su copiloto Txema en el escenario<\/figcaption><\/figure>\n<p><\/a><br \/>\n<a href=\"https:\/\/bxrepsol.s3.eu-west-1.amazonaws.com\/static\/2022\/08\/05063308\/02_repsol_rally_team_isidre_exteve_txema_villalobos_peru.jpg\" \n   title=\"Isidre Esteve y su copiloto Txema en el escenario\" \n   data-gallery-thumbnail=\"https:\/\/bxrepsol.s3.eu-west-1.amazonaws.com\/static\/2022\/08\/05063308\/02_repsol_rally_team_isidre_exteve_txema_villalobos_peru.jpg\"\n   data-gallery-title=\"\"\n   data-gallery><\/p>\n<figure>\n<p>2<\/p>\n<picture style=\"padding-bottom: 66.666666666667%; background-image: url(https:\/\/bxrepsol.s3.eu-west-1.amazonaws.com\/static\/2022\/08\/05063308\/02_repsol_rally_team_isidre_exteve_txema_villalobos_peru.jpg);\">\n            <img decoding=\"async\" src=\"https:\/\/bxrepsol.s3.eu-west-1.amazonaws.com\/static\/2022\/08\/05063308\/02_repsol_rally_team_isidre_exteve_txema_villalobos_peru.jpg\"><br \/>\n            <img itemprop=\"image\"\n                data-srcset=\"https:\/\/bxrepsol.s3.eu-west-1.amazonaws.com\/static\/2022\/08\/05063308\/02_repsol_rally_team_isidre_exteve_txema_villalobos_peru.jpg 480w, https:\/\/bxrepsol.s3.eu-west-1.amazonaws.com\/static\/2022\/08\/05063308\/02_repsol_rally_team_isidre_exteve_txema_villalobos_peru.jpg 600w, https:\/\/bxrepsol.s3.eu-west-1.amazonaws.com\/static\/2022\/08\/05063308\/02_repsol_rally_team_isidre_exteve_txema_villalobos_peru.jpg 900w, https:\/\/bxrepsol.s3.eu-west-1.amazonaws.com\/static\/2022\/08\/05063308\/02_repsol_rally_team_isidre_exteve_txema_villalobos_peru.jpg 1280w\"\n                data-src=\"https:\/\/bxrepsol.s3.eu-west-1.amazonaws.com\/static\/2022\/08\/05063308\/02_repsol_rally_team_isidre_exteve_txema_villalobos_peru.jpg\"\n                alt=\"Isidre Esteve y su copiloto Txema en el escenario\"\n                title=\"Isidre Esteve en la presentaci\u00f3n  del Repsol Rally Team en Lima Per\u00fa\"\/><br \/>\n            <noscript><img decoding=\"async\" src=\"https:\/\/bxrepsol.s3.eu-west-1.amazonaws.com\/static\/2022\/08\/05063308\/02_repsol_rally_team_isidre_exteve_txema_villalobos_peru.jpg\" alt=\"Isidre Esteve y su copiloto Txema en el escenario\"><\/noscript>\n        <\/picture><figcaption>Isidre Esteve y su copiloto Txema en el escenario<\/figcaption><\/figure>\n<p><\/a><br \/>\n<a href=\"https:\/\/bxrepsol.s3.eu-west-1.amazonaws.com\/static\/2022\/08\/05063309\/03_isidre_esteve_pantalla_peru.jpg\" \n   title=\"Isidre Esteve en la pantalla de un auditorio\" \n   data-gallery-thumbnail=\"https:\/\/bxrepsol.s3.eu-west-1.amazonaws.com\/static\/2022\/08\/05063309\/03_isidre_esteve_pantalla_peru.jpg\"\n   data-gallery-title=\"\"\n   data-gallery><\/p>\n<figure>\n<p>3<\/p>\n<picture style=\"padding-bottom: 66.666666666667%; background-image: url(https:\/\/bxrepsol.s3.eu-west-1.amazonaws.com\/static\/2022\/08\/05063309\/03_isidre_esteve_pantalla_peru.jpg);\">\n            <img decoding=\"async\" src=\"https:\/\/bxrepsol.s3.eu-west-1.amazonaws.com\/static\/2022\/08\/05063309\/03_isidre_esteve_pantalla_peru.jpg\"><br \/>\n            <img itemprop=\"image\"\n                data-srcset=\"https:\/\/bxrepsol.s3.eu-west-1.amazonaws.com\/static\/2022\/08\/05063309\/03_isidre_esteve_pantalla_peru.jpg 480w, https:\/\/bxrepsol.s3.eu-west-1.amazonaws.com\/static\/2022\/08\/05063309\/03_isidre_esteve_pantalla_peru.jpg 600w, https:\/\/bxrepsol.s3.eu-west-1.amazonaws.com\/static\/2022\/08\/05063309\/03_isidre_esteve_pantalla_peru.jpg 900w, https:\/\/bxrepsol.s3.eu-west-1.amazonaws.com\/static\/2022\/08\/05063309\/03_isidre_esteve_pantalla_peru.jpg 1280w\"\n                data-src=\"https:\/\/bxrepsol.s3.eu-west-1.amazonaws.com\/static\/2022\/08\/05063309\/03_isidre_esteve_pantalla_peru.jpg\"\n                alt=\"Isidre Esteve en la pantalla de un auditorio\"\n                title=\"Presentaci\u00f3n  del Repsol Rally Team en Lima Per\u00fa\"\/><br \/>\n            <noscript><img decoding=\"async\" src=\"https:\/\/bxrepsol.s3.eu-west-1.amazonaws.com\/static\/2022\/08\/05063309\/03_isidre_esteve_pantalla_peru.jpg\" alt=\"Isidre Esteve en la pantalla de un auditorio\"><\/noscript>\n        <\/picture><figcaption>Isidre Esteve en la pantalla de un auditorio<\/figcaption><\/figure>\n<p><\/a><br \/>\n<a href=\"https:\/\/bxrepsol.s3.eu-west-1.amazonaws.com\/static\/2022\/08\/05063310\/04_isidre_esteve_txema_villalobos_peru.jpg\" \n   title=\"Isidre Exteve y Txema Villalobos\" \n   data-gallery-thumbnail=\"https:\/\/bxrepsol.s3.eu-west-1.amazonaws.com\/static\/2022\/08\/05063310\/04_isidre_esteve_txema_villalobos_peru.jpg\"\n   data-gallery-title=\"\"\n   data-gallery><\/p>\n<figure>\n<p>4<\/p>\n<picture style=\"padding-bottom: 66.666666666667%; background-image: url(https:\/\/bxrepsol.s3.eu-west-1.amazonaws.com\/static\/2022\/08\/05063310\/04_isidre_esteve_txema_villalobos_peru.jpg);\">\n            <img decoding=\"async\" src=\"https:\/\/bxrepsol.s3.eu-west-1.amazonaws.com\/static\/2022\/08\/05063310\/04_isidre_esteve_txema_villalobos_peru.jpg\"><br \/>\n            <img itemprop=\"image\"\n                data-srcset=\"https:\/\/bxrepsol.s3.eu-west-1.amazonaws.com\/static\/2022\/08\/05063310\/04_isidre_esteve_txema_villalobos_peru.jpg 480w, https:\/\/bxrepsol.s3.eu-west-1.amazonaws.com\/static\/2022\/08\/05063310\/04_isidre_esteve_txema_villalobos_peru.jpg 600w, https:\/\/bxrepsol.s3.eu-west-1.amazonaws.com\/static\/2022\/08\/05063310\/04_isidre_esteve_txema_villalobos_peru.jpg 900w, https:\/\/bxrepsol.s3.eu-west-1.amazonaws.com\/static\/2022\/08\/05063310\/04_isidre_esteve_txema_villalobos_peru.jpg 1280w\"\n                data-src=\"https:\/\/bxrepsol.s3.eu-west-1.amazonaws.com\/static\/2022\/08\/05063310\/04_isidre_esteve_txema_villalobos_peru.jpg\"\n                alt=\"Isidre Exteve y Txema Villalobos\"\n                title=\"Isidre Esteve en la presentaci\u00f3n  del Repsol Rally Team en Lima Per\u00fa\"\/><br \/>\n            <noscript><img decoding=\"async\" src=\"https:\/\/bxrepsol.s3.eu-west-1.amazonaws.com\/static\/2022\/08\/05063310\/04_isidre_esteve_txema_villalobos_peru.jpg\" alt=\"Isidre Exteve y Txema Villalobos\"><\/noscript>\n        <\/picture><figcaption>Isidre Exteve y Txema Villalobos<\/figcaption><\/figure>\n<p><\/a><br \/>\n<a href=\"https:\/\/bxrepsol.s3.eu-west-1.amazonaws.com\/static\/2022\/08\/05063311\/05_isidre_esteve_repsol_rally_team_peru_lima.jpg\" \n   title=\"Isidre Esteve y su copiloto Txema en el escenario\" \n   data-gallery-thumbnail=\"https:\/\/bxrepsol.s3.eu-west-1.amazonaws.com\/static\/2022\/08\/05063311\/05_isidre_esteve_repsol_rally_team_peru_lima.jpg\"\n   data-gallery-title=\"\"\n   data-gallery><\/p>\n<figure>\n<p>5<\/p>\n<picture style=\"padding-bottom: 66.666666666667%; background-image: url(https:\/\/bxrepsol.s3.eu-west-1.amazonaws.com\/static\/2022\/08\/05063311\/05_isidre_esteve_repsol_rally_team_peru_lima.jpg);\">\n            <img decoding=\"async\" src=\"https:\/\/bxrepsol.s3.eu-west-1.amazonaws.com\/static\/2022\/08\/05063311\/05_isidre_esteve_repsol_rally_team_peru_lima.jpg\"><br \/>\n            <img itemprop=\"image\"\n                data-srcset=\"https:\/\/bxrepsol.s3.eu-west-1.amazonaws.com\/static\/2022\/08\/05063311\/05_isidre_esteve_repsol_rally_team_peru_lima.jpg 480w, https:\/\/bxrepsol.s3.eu-west-1.amazonaws.com\/static\/2022\/08\/05063311\/05_isidre_esteve_repsol_rally_team_peru_lima.jpg 600w, https:\/\/bxrepsol.s3.eu-west-1.amazonaws.com\/static\/2022\/08\/05063311\/05_isidre_esteve_repsol_rally_team_peru_lima.jpg 900w, https:\/\/bxrepsol.s3.eu-west-1.amazonaws.com\/static\/2022\/08\/05063311\/05_isidre_esteve_repsol_rally_team_peru_lima.jpg 1280w\"\n                data-src=\"https:\/\/bxrepsol.s3.eu-west-1.amazonaws.com\/static\/2022\/08\/05063311\/05_isidre_esteve_repsol_rally_team_peru_lima.jpg\"\n                alt=\"Isidre Esteve y su copiloto Txema en el escenario\"\n                title=\"Isidre Esteve en la presentaci\u00f3n  del Repsol Rally Team en Lima Per\u00fa\"\/><br \/>\n            <noscript><img decoding=\"async\" src=\"https:\/\/bxrepsol.s3.eu-west-1.amazonaws.com\/static\/2022\/08\/05063311\/05_isidre_esteve_repsol_rally_team_peru_lima.jpg\" alt=\"Isidre Esteve y su copiloto Txema en el escenario\"><\/noscript>\n        <\/picture><figcaption>Isidre Esteve y su copiloto Txema en el escenario<\/figcaption><\/figure>\n<p><\/a><br \/>\n<a href=\"https:\/\/bxrepsol.s3.eu-west-1.amazonaws.com\/static\/2022\/08\/05063312\/06_repsol_rally_team_dakar_2019_isidre_esteve.jpg\" \n   title=\"Equipo Repsol Rally Team al completo Dakar 2019\" \n   data-gallery-thumbnail=\"https:\/\/bxrepsol.s3.eu-west-1.amazonaws.com\/static\/2022\/08\/05063312\/06_repsol_rally_team_dakar_2019_isidre_esteve.jpg\"\n   data-gallery-title=\"\"\n   data-gallery><\/p>\n<figure>\n<p>6<\/p>\n<picture style=\"padding-bottom: 66.666666666667%; background-image: url(https:\/\/bxrepsol.s3.eu-west-1.amazonaws.com\/static\/2022\/08\/05063312\/06_repsol_rally_team_dakar_2019_isidre_esteve.jpg);\">\n            <img decoding=\"async\" src=\"https:\/\/bxrepsol.s3.eu-west-1.amazonaws.com\/static\/2022\/08\/05063312\/06_repsol_rally_team_dakar_2019_isidre_esteve.jpg\"><br \/>\n            <img itemprop=\"image\"\n                data-srcset=\"https:\/\/bxrepsol.s3.eu-west-1.amazonaws.com\/static\/2022\/08\/05063312\/06_repsol_rally_team_dakar_2019_isidre_esteve.jpg 480w, https:\/\/bxrepsol.s3.eu-west-1.amazonaws.com\/static\/2022\/08\/05063312\/06_repsol_rally_team_dakar_2019_isidre_esteve.jpg 600w, https:\/\/bxrepsol.s3.eu-west-1.amazonaws.com\/static\/2022\/08\/05063312\/06_repsol_rally_team_dakar_2019_isidre_esteve.jpg 900w, https:\/\/bxrepsol.s3.eu-west-1.amazonaws.com\/static\/2022\/08\/05063312\/06_repsol_rally_team_dakar_2019_isidre_esteve.jpg 1280w\"\n                data-src=\"https:\/\/bxrepsol.s3.eu-west-1.amazonaws.com\/static\/2022\/08\/05063312\/06_repsol_rally_team_dakar_2019_isidre_esteve.jpg\"\n                alt=\"Equipo Repsol Rally Team al completo Dakar 2019\"\n                title=\"Isidre Esteve en la presentaci\u00f3n  del Repsol Rally Team en Lima Per\u00fa\"\/><br \/>\n            <noscript><img decoding=\"async\" src=\"https:\/\/bxrepsol.s3.eu-west-1.amazonaws.com\/static\/2022\/08\/05063312\/06_repsol_rally_team_dakar_2019_isidre_esteve.jpg\" alt=\"Equipo Repsol Rally Team al completo Dakar 2019\"><\/noscript>\n        <\/picture><figcaption>Equipo Repsol Rally Team al completo Dakar 2019<\/figcaption><\/figure>\n<p><\/a><\/p>\n","protected":false},"excerpt":{"rendered":"<p>A pocos d\u00edas de que de el Raid m\u00e1s duro del planeta del el pistoletazo de salida, Isidre Esteve y su equipo presentan su proyecto para las siguientes semanas en Per\u00fa.<\/p>\n","protected":false},"author":43146,"featured_media":60559,"comment_status":"open","ping_status":"open","sticky":false,"template":"","format":"standard","meta":{"footnotes":""},"categories":[27],"tags":[183],"class_list":["post-93642","post","type-post","status-publish","format-standard","hentry","category-rally","tag-repsol-rally-team"],"yoast_head":"<!-- This site is optimized with the Yoast SEO plugin v27.3 - https:\/\/yoast.com\/product\/yoast-seo-wordpress\/ -->\n<title>Presentaci\u00f3n del Repsol Rally Team en Per\u00fa - Box Repsol<\/title>\n<meta name=\"description\" content=\"A pocos d\u00edas de que de el Raid m\u00e1s duro del planeta del el pistoletazo de salida, Isidre Esteve y su equipo presentan su proyecto.\" \/>\n<link rel=\"canonical\" href=\"https:\/\/www.boxrepsol.com\/es\/rally\/presentacion-del-repsol-rall-team-peru\/\" \/>\n<meta property=\"og:locale\" content=\"es_ES\" \/>\n<meta property=\"og:type\" content=\"article\" \/>\n<meta property=\"og:title\" content=\"Presentaci\u00f3n del Repsol Rally Team en Per\u00fa - Box Repsol\" \/>\n<meta property=\"og:description\" content=\"A pocos d\u00edas de que de el Raid m\u00e1s duro del planeta del el pistoletazo de salida, Isidre Esteve y su equipo presentan su proyecto.\" \/>\n<meta property=\"og:url\" content=\"https:\/\/www.boxrepsol.com\/es\/rally\/presentacion-del-repsol-rall-team-peru\/\" \/>\n<meta property=\"og:site_name\" content=\"Box Repsol\" \/>\n<meta property=\"article:publisher\" content=\"https:\/\/www.facebook.com\/BoxRepsol\" \/>\n<meta property=\"article:author\" content=\"https:\/\/www.facebook.com\/BoxRepsol\/\" \/>\n<meta property=\"article:published_time\" content=\"2019-01-04T02:00:00+00:00\" \/>\n<meta property=\"article:modified_time\" content=\"2024-05-22T09:48:14+00:00\" \/>\n<meta property=\"og:image\" content=\"https:\/\/bxrepsol.s3.eu-west-1.amazonaws.com\/static\/2022\/08\/29084045\/00_repsol_rally_team_isidre_esteve_dakar_2019.jpg\" \/>\n\t<meta property=\"og:image:width\" content=\"1280\" \/>\n\t<meta property=\"og:image:height\" content=\"600\" \/>\n\t<meta property=\"og:image:type\" content=\"image\/jpeg\" \/>\n<meta name=\"author\" content=\"Redacci\u00f3n Box Repsol\" \/>\n<meta name=\"twitter:card\" content=\"summary_large_image\" \/>\n<meta name=\"twitter:creator\" content=\"@https:\/\/twitter.com\/box_repsol\" \/>\n<meta name=\"twitter:site\" content=\"@box_repsol\" \/>\n<meta name=\"twitter:label1\" content=\"Written by\" \/>\n\t<meta name=\"twitter:data1\" content=\"Redacci\u00f3n Box Repsol\" \/>\n<script type=\"application\/ld+json\" class=\"yoast-schema-graph\">{\"@context\":\"https:\\\/\\\/schema.org\",\"@graph\":[{\"@type\":\"Article\",\"@id\":\"https:\\\/\\\/www.boxrepsol.com\\\/es\\\/rally\\\/presentacion-del-repsol-rall-team-peru\\\/#article\",\"isPartOf\":{\"@id\":\"https:\\\/\\\/www.boxrepsol.com\\\/es\\\/rally\\\/presentacion-del-repsol-rall-team-peru\\\/\"},\"author\":{\"name\":\"Redacci\u00f3n Box Repsol\",\"@id\":\"https:\\\/\\\/www.boxrepsol.com\\\/es\\\/#\\\/schema\\\/person\\\/c5c2138f2cca251b0ad92b7086bb60b7\"},\"headline\":\"Presentaci\u00f3n del Repsol Rally Team en Per\u00fa\",\"datePublished\":\"2019-01-04T02:00:00+00:00\",\"dateModified\":\"2024-05-22T09:48:14+00:00\",\"mainEntityOfPage\":{\"@id\":\"https:\\\/\\\/www.boxrepsol.com\\\/es\\\/rally\\\/presentacion-del-repsol-rall-team-peru\\\/\"},\"wordCount\":55,\"commentCount\":0,\"publisher\":{\"@id\":\"https:\\\/\\\/www.boxrepsol.com\\\/es\\\/#organization\"},\"image\":{\"@id\":\"https:\\\/\\\/www.boxrepsol.com\\\/es\\\/rally\\\/presentacion-del-repsol-rall-team-peru\\\/#primaryimage\"},\"thumbnailUrl\":\"https:\\\/\\\/bxrepsol.s3.eu-west-1.amazonaws.com\\\/static\\\/2022\\\/08\\\/29084045\\\/00_repsol_rally_team_isidre_esteve_dakar_2019.jpg\",\"keywords\":[\"Repsol Rally Team\"],\"articleSection\":[\"Rally\"],\"inLanguage\":\"es\",\"potentialAction\":[{\"@type\":\"CommentAction\",\"name\":\"Comment\",\"target\":[\"https:\\\/\\\/www.boxrepsol.com\\\/es\\\/rally\\\/presentacion-del-repsol-rall-team-peru\\\/#respond\"]}]},{\"@type\":\"WebPage\",\"@id\":\"https:\\\/\\\/www.boxrepsol.com\\\/es\\\/rally\\\/presentacion-del-repsol-rall-team-peru\\\/\",\"url\":\"https:\\\/\\\/www.boxrepsol.com\\\/es\\\/rally\\\/presentacion-del-repsol-rall-team-peru\\\/\",\"name\":\"Presentaci\u00f3n del Repsol Rally Team en Per\u00fa - Box Repsol\",\"isPartOf\":{\"@id\":\"https:\\\/\\\/www.boxrepsol.com\\\/es\\\/#website\"},\"primaryImageOfPage\":{\"@id\":\"https:\\\/\\\/www.boxrepsol.com\\\/es\\\/rally\\\/presentacion-del-repsol-rall-team-peru\\\/#primaryimage\"},\"image\":{\"@id\":\"https:\\\/\\\/www.boxrepsol.com\\\/es\\\/rally\\\/presentacion-del-repsol-rall-team-peru\\\/#primaryimage\"},\"thumbnailUrl\":\"https:\\\/\\\/bxrepsol.s3.eu-west-1.amazonaws.com\\\/static\\\/2022\\\/08\\\/29084045\\\/00_repsol_rally_team_isidre_esteve_dakar_2019.jpg\",\"datePublished\":\"2019-01-04T02:00:00+00:00\",\"dateModified\":\"2024-05-22T09:48:14+00:00\",\"description\":\"A pocos d\u00edas de que de el Raid m\u00e1s duro del planeta del el pistoletazo de salida, Isidre Esteve y su equipo presentan su proyecto.\",\"breadcrumb\":{\"@id\":\"https:\\\/\\\/www.boxrepsol.com\\\/es\\\/rally\\\/presentacion-del-repsol-rall-team-peru\\\/#breadcrumb\"},\"inLanguage\":\"es\",\"potentialAction\":[{\"@type\":\"ReadAction\",\"target\":[\"https:\\\/\\\/www.boxrepsol.com\\\/es\\\/rally\\\/presentacion-del-repsol-rall-team-peru\\\/\"]}]},{\"@type\":\"ImageObject\",\"inLanguage\":\"es\",\"@id\":\"https:\\\/\\\/www.boxrepsol.com\\\/es\\\/rally\\\/presentacion-del-repsol-rall-team-peru\\\/#primaryimage\",\"url\":\"https:\\\/\\\/bxrepsol.s3.eu-west-1.amazonaws.com\\\/static\\\/2022\\\/08\\\/29084045\\\/00_repsol_rally_team_isidre_esteve_dakar_2019.jpg\",\"contentUrl\":\"https:\\\/\\\/bxrepsol.s3.eu-west-1.amazonaws.com\\\/static\\\/2022\\\/08\\\/29084045\\\/00_repsol_rally_team_isidre_esteve_dakar_2019.jpg\",\"width\":1280,\"height\":600,\"caption\":\"Txema Villalobos, Isidre Esteve, David Pigem, Lidia Guerrero\"},{\"@type\":\"BreadcrumbList\",\"@id\":\"https:\\\/\\\/www.boxrepsol.com\\\/es\\\/rally\\\/presentacion-del-repsol-rall-team-peru\\\/#breadcrumb\",\"itemListElement\":[{\"@type\":\"ListItem\",\"position\":1,\"name\":\"Home\",\"item\":\"https:\\\/\\\/www.boxrepsol.com\\\/es\\\/\"},{\"@type\":\"ListItem\",\"position\":2,\"name\":\"Presentaci\u00f3n del Repsol Rally Team en Per\u00fa\"}]},{\"@type\":\"WebSite\",\"@id\":\"https:\\\/\\\/www.boxrepsol.com\\\/es\\\/#website\",\"url\":\"https:\\\/\\\/www.boxrepsol.com\\\/es\\\/\",\"name\":\"Box Repsol\",\"description\":\"Box Repsol Site\",\"publisher\":{\"@id\":\"https:\\\/\\\/www.boxrepsol.com\\\/es\\\/#organization\"},\"potentialAction\":[{\"@type\":\"SearchAction\",\"target\":{\"@type\":\"EntryPoint\",\"urlTemplate\":\"https:\\\/\\\/www.boxrepsol.com\\\/es\\\/?s={search_term_string}\"},\"query-input\":{\"@type\":\"PropertyValueSpecification\",\"valueRequired\":true,\"valueName\":\"search_term_string\"}}],\"inLanguage\":\"es\"},{\"@type\":\"Organization\",\"@id\":\"https:\\\/\\\/www.boxrepsol.com\\\/es\\\/#organization\",\"name\":\"Box Repsol\",\"url\":\"https:\\\/\\\/www.boxrepsol.com\\\/es\\\/\",\"logo\":{\"@type\":\"ImageObject\",\"inLanguage\":\"es\",\"@id\":\"https:\\\/\\\/www.boxrepsol.com\\\/es\\\/#\\\/schema\\\/logo\\\/image\\\/\",\"url\":\"https:\\\/\\\/bxrepsol.s3.eu-west-1.amazonaws.com\\\/static\\\/2025\\\/07\\\/30083337\\\/favicon-96x96-1.png\",\"contentUrl\":\"https:\\\/\\\/bxrepsol.s3.eu-west-1.amazonaws.com\\\/static\\\/2025\\\/07\\\/30083337\\\/favicon-96x96-1.png\",\"width\":96,\"height\":96,\"caption\":\"Box Repsol\"},\"image\":{\"@id\":\"https:\\\/\\\/www.boxrepsol.com\\\/es\\\/#\\\/schema\\\/logo\\\/image\\\/\"},\"sameAs\":[\"https:\\\/\\\/www.facebook.com\\\/BoxRepsol\",\"https:\\\/\\\/x.com\\\/box_repsol\",\"http:\\\/\\\/instagram.com\\\/box_repsol\",\"https:\\\/\\\/www.youtube.com\\\/user\\\/RepsolCompeticion\",\"https:\\\/\\\/www.flickr.com\\\/photos\\\/box_repsol\\\/\"]},{\"@type\":\"Person\",\"@id\":\"https:\\\/\\\/www.boxrepsol.com\\\/es\\\/#\\\/schema\\\/person\\\/c5c2138f2cca251b0ad92b7086bb60b7\",\"name\":\"Redacci\u00f3n Box Repsol\",\"image\":{\"@type\":\"ImageObject\",\"inLanguage\":\"es\",\"@id\":\"https:\\\/\\\/secure.gravatar.com\\\/avatar\\\/adf7b77e38b4419baf32c7e9c21dde01f4e40df611f0978e3006fc4ba0aaab7e?s=96&d=mm&r=g\",\"url\":\"https:\\\/\\\/secure.gravatar.com\\\/avatar\\\/adf7b77e38b4419baf32c7e9c21dde01f4e40df611f0978e3006fc4ba0aaab7e?s=96&d=mm&r=g\",\"contentUrl\":\"https:\\\/\\\/secure.gravatar.com\\\/avatar\\\/adf7b77e38b4419baf32c7e9c21dde01f4e40df611f0978e3006fc4ba0aaab7e?s=96&d=mm&r=g\",\"caption\":\"Redacci\u00f3n Box Repsol\"},\"description\":\"Box Repsol lo forma un equipo de periodistas, community managers, dise\u00f1adores y fot\u00f3grafos con m\u00e1s de 20 a\u00f1os de experiencia en el mundo del motorsport. Hemos vivido el primer mundial de un espa\u00f1ol en la categor\u00eda reina de motociclismo con \u00c1lex Crivill\u00e9, estuvimos en las victorias de Pedrosa y los t\u00edtulos de M\u00e1rquez, acompa\u00f1amos en \u00c1frica a Nani Roma y Marc Coma en sus conquistas del Dakar y hemos vibrado con los t\u00edtulos de Toni Bou en Trial. Adem\u00e1s, en nuestro equipo contamos con expertos en el mundo de las dos y cuatro ruedas tanto de la calle y las carreteras, como de los circuitos. Periodistas que han trabajado en revistas y publicaciones para hacerte llegar desde rutas y consejos de mantenimiento, a curiosidades y trucos de pilotaje.\",\"sameAs\":[\"https:\\\/\\\/www.facebook.com\\\/BoxRepsol\\\/\",\"https:\\\/\\\/www.instagram.com\\\/box_repsol\\\/\",\"https:\\\/\\\/x.com\\\/https:\\\/\\\/twitter.com\\\/box_repsol\",\"https:\\\/\\\/www.youtube.com\\\/@Boxrepsol\"],\"url\":\"https:\\\/\\\/www.boxrepsol.com\\\/es\\\/author\\\/redaccion-box-repsol\\\/\"}]}<\/script>\n<!-- \/ Yoast SEO plugin. -->","yoast_head_json":{"title":"Presentaci\u00f3n del Repsol Rally Team en Per\u00fa - Box Repsol","description":"A pocos d\u00edas de que de el Raid m\u00e1s duro del planeta del el pistoletazo de salida, Isidre Esteve y su equipo presentan su proyecto.","canonical":"https:\/\/www.boxrepsol.com\/es\/rally\/presentacion-del-repsol-rall-team-peru\/","og_locale":"es_ES","og_type":"article","og_title":"Presentaci\u00f3n del Repsol Rally Team en Per\u00fa - Box Repsol","og_description":"A pocos d\u00edas de que de el Raid m\u00e1s duro del planeta del el pistoletazo de salida, Isidre Esteve y su equipo presentan su proyecto.","og_url":"https:\/\/www.boxrepsol.com\/es\/rally\/presentacion-del-repsol-rall-team-peru\/","og_site_name":"Box Repsol","article_publisher":"https:\/\/www.facebook.com\/BoxRepsol","article_author":"https:\/\/www.facebook.com\/BoxRepsol\/","article_published_time":"2019-01-04T02:00:00+00:00","article_modified_time":"2024-05-22T09:48:14+00:00","og_image":[{"width":1280,"height":600,"url":"https:\/\/bxrepsol.s3.eu-west-1.amazonaws.com\/static\/2022\/08\/29084045\/00_repsol_rally_team_isidre_esteve_dakar_2019.jpg","type":"image\/jpeg"}],"author":"Redacci\u00f3n Box Repsol","twitter_card":"summary_large_image","twitter_creator":"@https:\/\/twitter.com\/box_repsol","twitter_site":"@box_repsol","twitter_misc":{"Written by":"Redacci\u00f3n Box Repsol"},"schema":{"@context":"https:\/\/schema.org","@graph":[{"@type":"Article","@id":"https:\/\/www.boxrepsol.com\/es\/rally\/presentacion-del-repsol-rall-team-peru\/#article","isPartOf":{"@id":"https:\/\/www.boxrepsol.com\/es\/rally\/presentacion-del-repsol-rall-team-peru\/"},"author":{"name":"Redacci\u00f3n Box Repsol","@id":"https:\/\/www.boxrepsol.com\/es\/#\/schema\/person\/c5c2138f2cca251b0ad92b7086bb60b7"},"headline":"Presentaci\u00f3n del Repsol Rally Team en Per\u00fa","datePublished":"2019-01-04T02:00:00+00:00","dateModified":"2024-05-22T09:48:14+00:00","mainEntityOfPage":{"@id":"https:\/\/www.boxrepsol.com\/es\/rally\/presentacion-del-repsol-rall-team-peru\/"},"wordCount":55,"commentCount":0,"publisher":{"@id":"https:\/\/www.boxrepsol.com\/es\/#organization"},"image":{"@id":"https:\/\/www.boxrepsol.com\/es\/rally\/presentacion-del-repsol-rall-team-peru\/#primaryimage"},"thumbnailUrl":"https:\/\/bxrepsol.s3.eu-west-1.amazonaws.com\/static\/2022\/08\/29084045\/00_repsol_rally_team_isidre_esteve_dakar_2019.jpg","keywords":["Repsol Rally Team"],"articleSection":["Rally"],"inLanguage":"es","potentialAction":[{"@type":"CommentAction","name":"Comment","target":["https:\/\/www.boxrepsol.com\/es\/rally\/presentacion-del-repsol-rall-team-peru\/#respond"]}]},{"@type":"WebPage","@id":"https:\/\/www.boxrepsol.com\/es\/rally\/presentacion-del-repsol-rall-team-peru\/","url":"https:\/\/www.boxrepsol.com\/es\/rally\/presentacion-del-repsol-rall-team-peru\/","name":"Presentaci\u00f3n del Repsol Rally Team en Per\u00fa - Box Repsol","isPartOf":{"@id":"https:\/\/www.boxrepsol.com\/es\/#website"},"primaryImageOfPage":{"@id":"https:\/\/www.boxrepsol.com\/es\/rally\/presentacion-del-repsol-rall-team-peru\/#primaryimage"},"image":{"@id":"https:\/\/www.boxrepsol.com\/es\/rally\/presentacion-del-repsol-rall-team-peru\/#primaryimage"},"thumbnailUrl":"https:\/\/bxrepsol.s3.eu-west-1.amazonaws.com\/static\/2022\/08\/29084045\/00_repsol_rally_team_isidre_esteve_dakar_2019.jpg","datePublished":"2019-01-04T02:00:00+00:00","dateModified":"2024-05-22T09:48:14+00:00","description":"A pocos d\u00edas de que de el Raid m\u00e1s duro del planeta del el pistoletazo de salida, Isidre Esteve y su equipo presentan su proyecto.","breadcrumb":{"@id":"https:\/\/www.boxrepsol.com\/es\/rally\/presentacion-del-repsol-rall-team-peru\/#breadcrumb"},"inLanguage":"es","potentialAction":[{"@type":"ReadAction","target":["https:\/\/www.boxrepsol.com\/es\/rally\/presentacion-del-repsol-rall-team-peru\/"]}]},{"@type":"ImageObject","inLanguage":"es","@id":"https:\/\/www.boxrepsol.com\/es\/rally\/presentacion-del-repsol-rall-team-peru\/#primaryimage","url":"https:\/\/bxrepsol.s3.eu-west-1.amazonaws.com\/static\/2022\/08\/29084045\/00_repsol_rally_team_isidre_esteve_dakar_2019.jpg","contentUrl":"https:\/\/bxrepsol.s3.eu-west-1.amazonaws.com\/static\/2022\/08\/29084045\/00_repsol_rally_team_isidre_esteve_dakar_2019.jpg","width":1280,"height":600,"caption":"Txema Villalobos, Isidre Esteve, David Pigem, Lidia Guerrero"},{"@type":"BreadcrumbList","@id":"https:\/\/www.boxrepsol.com\/es\/rally\/presentacion-del-repsol-rall-team-peru\/#breadcrumb","itemListElement":[{"@type":"ListItem","position":1,"name":"Home","item":"https:\/\/www.boxrepsol.com\/es\/"},{"@type":"ListItem","position":2,"name":"Presentaci\u00f3n del Repsol Rally Team en Per\u00fa"}]},{"@type":"WebSite","@id":"https:\/\/www.boxrepsol.com\/es\/#website","url":"https:\/\/www.boxrepsol.com\/es\/","name":"Box Repsol","description":"Box Repsol Site","publisher":{"@id":"https:\/\/www.boxrepsol.com\/es\/#organization"},"potentialAction":[{"@type":"SearchAction","target":{"@type":"EntryPoint","urlTemplate":"https:\/\/www.boxrepsol.com\/es\/?s={search_term_string}"},"query-input":{"@type":"PropertyValueSpecification","valueRequired":true,"valueName":"search_term_string"}}],"inLanguage":"es"},{"@type":"Organization","@id":"https:\/\/www.boxrepsol.com\/es\/#organization","name":"Box Repsol","url":"https:\/\/www.boxrepsol.com\/es\/","logo":{"@type":"ImageObject","inLanguage":"es","@id":"https:\/\/www.boxrepsol.com\/es\/#\/schema\/logo\/image\/","url":"https:\/\/bxrepsol.s3.eu-west-1.amazonaws.com\/static\/2025\/07\/30083337\/favicon-96x96-1.png","contentUrl":"https:\/\/bxrepsol.s3.eu-west-1.amazonaws.com\/static\/2025\/07\/30083337\/favicon-96x96-1.png","width":96,"height":96,"caption":"Box Repsol"},"image":{"@id":"https:\/\/www.boxrepsol.com\/es\/#\/schema\/logo\/image\/"},"sameAs":["https:\/\/www.facebook.com\/BoxRepsol","https:\/\/x.com\/box_repsol","http:\/\/instagram.com\/box_repsol","https:\/\/www.youtube.com\/user\/RepsolCompeticion","https:\/\/www.flickr.com\/photos\/box_repsol\/"]},{"@type":"Person","@id":"https:\/\/www.boxrepsol.com\/es\/#\/schema\/person\/c5c2138f2cca251b0ad92b7086bb60b7","name":"Redacci\u00f3n Box Repsol","image":{"@type":"ImageObject","inLanguage":"es","@id":"https:\/\/secure.gravatar.com\/avatar\/adf7b77e38b4419baf32c7e9c21dde01f4e40df611f0978e3006fc4ba0aaab7e?s=96&d=mm&r=g","url":"https:\/\/secure.gravatar.com\/avatar\/adf7b77e38b4419baf32c7e9c21dde01f4e40df611f0978e3006fc4ba0aaab7e?s=96&d=mm&r=g","contentUrl":"https:\/\/secure.gravatar.com\/avatar\/adf7b77e38b4419baf32c7e9c21dde01f4e40df611f0978e3006fc4ba0aaab7e?s=96&d=mm&r=g","caption":"Redacci\u00f3n Box Repsol"},"description":"Box Repsol lo forma un equipo de periodistas, community managers, dise\u00f1adores y fot\u00f3grafos con m\u00e1s de 20 a\u00f1os de experiencia en el mundo del motorsport. Hemos vivido el primer mundial de un espa\u00f1ol en la categor\u00eda reina de motociclismo con \u00c1lex Crivill\u00e9, estuvimos en las victorias de Pedrosa y los t\u00edtulos de M\u00e1rquez, acompa\u00f1amos en \u00c1frica a Nani Roma y Marc Coma en sus conquistas del Dakar y hemos vibrado con los t\u00edtulos de Toni Bou en Trial. Adem\u00e1s, en nuestro equipo contamos con expertos en el mundo de las dos y cuatro ruedas tanto de la calle y las carreteras, como de los circuitos. Periodistas que han trabajado en revistas y publicaciones para hacerte llegar desde rutas y consejos de mantenimiento, a curiosidades y trucos de pilotaje.","sameAs":["https:\/\/www.facebook.com\/BoxRepsol\/","https:\/\/www.instagram.com\/box_repsol\/","https:\/\/x.com\/https:\/\/twitter.com\/box_repsol","https:\/\/www.youtube.com\/@Boxrepsol"],"url":"https:\/\/www.boxrepsol.com\/es\/author\/redaccion-box-repsol\/"}]}},"_links":{"self":[{"href":"https:\/\/www.boxrepsol.com\/es\/wp-json\/wp\/v2\/posts\/93642","targetHints":{"allow":["GET"]}}],"collection":[{"href":"https:\/\/www.boxrepsol.com\/es\/wp-json\/wp\/v2\/posts"}],"about":[{"href":"https:\/\/www.boxrepsol.com\/es\/wp-json\/wp\/v2\/types\/post"}],"author":[{"embeddable":true,"href":"https:\/\/www.boxrepsol.com\/es\/wp-json\/wp\/v2\/users\/43146"}],"replies":[{"embeddable":true,"href":"https:\/\/www.boxrepsol.com\/es\/wp-json\/wp\/v2\/comments?post=93642"}],"version-history":[{"count":1,"href":"https:\/\/www.boxrepsol.com\/es\/wp-json\/wp\/v2\/posts\/93642\/revisions"}],"predecessor-version":[{"id":93643,"href":"https:\/\/www.boxrepsol.com\/es\/wp-json\/wp\/v2\/posts\/93642\/revisions\/93643"}],"wp:featuredmedia":[{"embeddable":true,"href":"https:\/\/www.boxrepsol.com\/es\/wp-json\/wp\/v2\/media\/60559"}],"wp:attachment":[{"href":"https:\/\/www.boxrepsol.com\/es\/wp-json\/wp\/v2\/media?parent=93642"}],"wp:term":[{"taxonomy":"category","embeddable":true,"href":"https:\/\/www.boxrepsol.com\/es\/wp-json\/wp\/v2\/categories?post=93642"},{"taxonomy":"post_tag","embeddable":true,"href":"https:\/\/www.boxrepsol.com\/es\/wp-json\/wp\/v2\/tags?post=93642"}],"curies":[{"name":"wp","href":"https:\/\/api.w.org\/{rel}","templated":true}]}}