{"id":93636,"date":"2019-01-17T00:00:00","date_gmt":"2019-01-17T02:00:00","guid":{"rendered":"http:\/\/pre.boxrepsol.com\/sin-categorizar\/todas-las-etapas-del-rally-dakar-2019\/"},"modified":"2024-05-22T07:40:17","modified_gmt":"2024-05-22T09:40:17","slug":"todas-las-etapas-del-rally-dakar-2019","status":"publish","type":"post","link":"https:\/\/www.boxrepsol.com\/es\/rally\/todas-las-etapas-del-rally-dakar-2019\/","title":{"rendered":"Todas las etapas del Rally Dakar 2019"},"content":{"rendered":"<h2>Etapa 1 Lima &#8211; Pisco<\/h2>\n<p><em>Esteve y su copiloto Txema Villalobos han marcado un ritmo constante y seguro que les ha permitido superar sin mayores problemas las primeras dunas peruanas.<\/em><\/p>\n<p>                <!-- Imagen relacionada --><br \/>\n        <img loading=\"lazy\" decoding=\"async\" width=\"404\" height=\"336\" src=\"https:\/\/bxrepsol.s3.eu-west-1.amazonaws.com\/static\/2022\/08\/05063242\/01_isidre_esteve_repsol_rally_team_dunas_dakar_2019.jpg\" alt=\"Isidre Esteve en el coche del Repsol Rally Team\" \/><br \/>\n                <!-- Categor\u00eda --><br \/>\n            Rally<br \/>\n        <!-- T\u00edtulo --><br \/>\n        <a href=\"https:\/\/www.boxrepsol.com\/es\/rally\/positiva-primera-toma-contacto-isidre-esteve-dakar-2019\/\"><\/p>\n<h3>Positiva primera toma de contacto de Isidre Esteve con el Dakar 2019<\/h3>\n<p>        <\/a><br \/>\n                    <!-- Fecha --><br \/>\n            hace 1 hora        <\/p>\n<h2>Etapa 2 Pisco &#8211; San Juan de Marcona<\/h2>\n<p><em>El piloto del Repsol Rally Team ha marcado un fuerte ritmo con su prototipo BV6 de Sodicars Racing que\u00a0le ha permitido finalizar la especial en 24\u00aa posici\u00f3n scratch y 8\u00aa de su categor\u00eda T1.2.<\/em><\/p>\n<p>                <!-- Imagen relacionada --><br \/>\n        <img loading=\"lazy\" decoding=\"async\" width=\"404\" height=\"336\" src=\"https:\/\/bxrepsol.s3.eu-west-1.amazonaws.com\/static\/2022\/08\/29084023\/01_isidre_esteve_dakar_repsol_rally_team_sodicarBV6_arena_desierto-e1547020966471-404x336-2.jpg\" alt=\"Isidre esteve en coche de rally\" \/><br \/>\n                <!-- Categor\u00eda --><br \/>\n            Rally<br \/>\n        <!-- T\u00edtulo --><br \/>\n        <a href=\"https:\/\/www.boxrepsol.com\/es\/rally\/isidre-esteve-escala-diez-puestos-en-la-general-tras-una-gran-etapa\/\"><\/p>\n<h3>Isidre Esteve escala diez puestos en la general tras una gran etapa<\/h3>\n<p>        <\/a><br \/>\n                    <!-- Fecha --><br \/>\n            hace 1 hora        <\/p>\n<h2>Etapa 3 San Juan de Marcona &#8211; Arequipa<\/h2>\n<p><em>El\u00a0Repsol Rally Team ha debido extremar las precauciones, tras desllantar dos ruedas a la vez y quedarse sin ninguna de repuesto hasta el reagrupamiento.<\/em><\/p>\n<p>                <!-- Imagen relacionada --><br \/>\n        <img loading=\"lazy\" decoding=\"async\" width=\"404\" height=\"336\" src=\"https:\/\/bxrepsol.s3.eu-west-1.amazonaws.com\/static\/2022\/08\/29084024\/01_isidre_esteve_dakar_2019_repsol_rally_team-e1547107423663-404x336-2.jpg\" alt=\"Isidre Esteve en el Dakar 2019\" \/><br \/>\n                <!-- Categor\u00eda --><br \/>\n            Rally<br \/>\n        <!-- T\u00edtulo --><br \/>\n        <a href=\"https:\/\/www.boxrepsol.com\/es\/rally\/isidre-esteve-supera-primer-gran-examen-del-dakar-2019\/\"><\/p>\n<h3>Isidre Esteve supera el primer gran examen del Dakar 2019<\/h3>\n<p>        <\/a><br \/>\n                    <!-- Fecha --><br \/>\n            hace 1 hora        <\/p>\n<h2>Etapa 4 Arequipa &#8211; Tacna<\/h2>\n<p><em>En la provisional, Isidre Esteve ha remontado cinco puestos y ya es 21\u00ba, precisamente el mismo lugar que ocup\u00f3 al t\u00e9rmino Dakar 2018.<\/em><\/p>\n<p>                <!-- Imagen relacionada --><br \/>\n        <img loading=\"lazy\" decoding=\"async\" width=\"404\" height=\"336\" src=\"https:\/\/bxrepsol.s3.eu-west-1.amazonaws.com\/static\/2022\/08\/05063244\/01_isidre_esteve_repsol_rally_team_etapa4_dakar_2019.jpg\" alt=\"Isidre Esteve en el Sodicars BV6 del Repsol Rally team\" \/><br \/>\n                <!-- Categor\u00eda --><br \/>\n            Rally<br \/>\n        <!-- T\u00edtulo --><br \/>\n        <a href=\"https:\/\/www.boxrepsol.com\/es\/rally\/isidre-esteve-ya-divisa-top-20-la-general\/\"><\/p>\n<h3>Isidre Esteve ya divisa el top 20 de la general<\/h3>\n<p>        <\/a><br \/>\n                    <!-- Fecha --><br \/>\n            hace 1 hora        <\/p>\n<h2>Etapa 5 Tacna &#8211; Arequipa<\/h2>\n<p><em>La niebla ha sido gran protagonista de la jornada.\u00a0La falta de visibilidad ha obligado a retrasar la salida por la ma\u00f1ana\u00a0y, por la tarde, la organizaci\u00f3n decid\u00eda recortar casi un centenar de kil\u00f3metros la especial.<\/em><\/p>\n<p>                <!-- Imagen relacionada --><\/p>\n<p>                <!-- Categor\u00eda --><br \/>\n            Rally<br \/>\n        <!-- T\u00edtulo --><br \/>\n        <a href=\"https:\/\/www.boxrepsol.com\/es\/rally\/primer-objetivo-cumplido-isidre-esteve-dakar-2019\/\"><\/p>\n<h3>Primer objetivo cumplido para Isidre Esteve en el Dakar 2019<\/h3>\n<p>        <\/a><br \/>\n                    <!-- Fecha --><br \/>\n            hace 1 hora        <\/p>\n<h2>D\u00eda de descanso<\/h2>\n<p><em>Durante la pausa de Arequipa, los mec\u00e1nicos del Repsol Rally Team, David Pigem y Carlos M\u00e9ndez, han aprovechado para repasar las piezas del\u00a0<a href=\"https:\/\/www.boxrepsol.com\/es\/rally\/isidre-esteve-desvela-todos-los-secretos-de-su-prototipo-dakariano\/\">prototipo BV6<\/a>, mientras piloto y copiloto trataban de recuperar fuerzas.<\/em><\/p>\n<p>                <!-- Imagen relacionada --><br \/>\n        <img loading=\"lazy\" decoding=\"async\" width=\"404\" height=\"336\" src=\"https:\/\/bxrepsol.s3.eu-west-1.amazonaws.com\/static\/2022\/08\/05063246\/01_txema_villalobos_isidre_esteve_repsol_rally_team_dakar.jpg\" alt=\"Isidre Esteve y Txema Villalobos durante el descanso en el Dakar\" \/><br \/>\n                <!-- Categor\u00eda --><br \/>\n            Rally<br \/>\n        <!-- T\u00edtulo --><br \/>\n        <a href=\"https:\/\/www.boxrepsol.com\/es\/rally\/txema-villalobos-la-sombra-isidre-esteve-dakar\/\"><\/p>\n<h3>Txema Villalobos, la sombra de Isidre Esteve en el Dakar<\/h3>\n<p>        <\/a><br \/>\n                    <!-- Fecha --><br \/>\n            hace 1 hora        <\/p>\n<h2>Etapa 6 Arequipa &#8211; San Juan de Marcona<\/h2>\n<p><em>Isidre Esteve ha vivido su momento m\u00e1s delicado del Dakar 2018.\u00a0Su prototipo BV6 ha recibido el impacto de un buggy en una duna.<\/em><\/p>\n<p>                <!-- Imagen relacionada --><br \/>\n        <img loading=\"lazy\" decoding=\"async\" width=\"404\" height=\"336\" src=\"https:\/\/bxrepsol.s3.eu-west-1.amazonaws.com\/static\/2022\/08\/29084025\/01_isidre_esteve_repsol_rally_team_sodicar_bv6_dakar_2019_peru-e1547454988133-404x336-2.jpg\" alt=\"SodicarsBV6 Repsol Rally Team\" \/><br \/>\n                <!-- Categor\u00eda --><br \/>\n            Rally<br \/>\n        <!-- T\u00edtulo --><br \/>\n        <a href=\"https:\/\/www.boxrepsol.com\/es\/rally\/isidre-esteve-se-lleva-gran-susto-la-sexta-etapa-del-dakar-2019\/\"><\/p>\n<h3>Isidre Esteve se lleva un gran susto en la sexta etapa del Dakar 2019<\/h3>\n<p>        <\/a><br \/>\n                    <!-- Fecha --><br \/>\n            hace 1 hora        <\/p>\n<h2>Etapa 7 San Juan de Marcona &#8211; San Juan de Marcona<\/h2>\n<p><em>Isidre Esteve ha completado este lunes la s\u00e9ptima etapa del Dakar 2019 con brillantez, al volante de su prototipo BV6 y ya est\u00e1 m\u00e1s cerca de completar con \u00e9xito su tercera participaci\u00f3n consecutiva en la carrera m\u00e1s dura del mundo.<\/em><\/p>\n<p>                <!-- Imagen relacionada --><br \/>\n        <img loading=\"lazy\" decoding=\"async\" width=\"404\" height=\"336\" src=\"https:\/\/bxrepsol.s3.eu-west-1.amazonaws.com\/static\/2022\/08\/05063247\/01_isidre_esteve_repsol_rally_team_dakar_2019_sodicarsbv6.jpg\" alt=\"Isidre Esteve en el Dakar 2019\" \/><br \/>\n                <!-- Categor\u00eda --><br \/>\n            Rally<br \/>\n        <!-- T\u00edtulo --><br \/>\n        <a href=\"https:\/\/www.boxrepsol.com\/es\/rally\/isidre-esteve-reacciona-con-bravura-al-sobresalto-de-tanaka\/\"><\/p>\n<h3>Isidre Esteve reacciona con bravura al sobresalto de Tanaka<\/h3>\n<p>        <\/a><br \/>\n                    <!-- Fecha --><br \/>\n            hace 1 hora        <\/p>\n<h2>Etapa 8 San Juan de Marcona &#8211; Pisco<\/h2>\n<p><em>El ilerdense y su copiloto Txema Villalobos han firmado una brillante actuaci\u00f3n, con destacados tiempos en todos los way points.<\/em><\/p>\n<p>                <!-- Imagen relacionada --><br \/>\n        <img loading=\"lazy\" decoding=\"async\" width=\"404\" height=\"336\" src=\"https:\/\/bxrepsol.s3.eu-west-1.amazonaws.com\/static\/2022\/08\/29084026\/01_dunas_isidre_esteve_repsol_rally_team_Dakar_2019-e1547626236169-404x336-2.jpg\" alt=\"Coche del Repsol Rally Team\" \/><br \/>\n                <!-- Categor\u00eda --><br \/>\n            Rally<br \/>\n        <!-- T\u00edtulo --><br \/>\n        <a href=\"https:\/\/www.boxrepsol.com\/es\/rally\/isidre-esteve-logra-su-mejor-resultado-parcial-desde-que-corre-en-coche\/\"><\/p>\n<h3>Isidre Esteve logra su mejor resultado parcial<\/h3>\n<p>        <\/a><br \/>\n                    <!-- Fecha --><br \/>\n            hace 1 hora        <\/p>\n<h2>Etapa 9 Pisco &#8211; Pisco<\/h2>\n<p><em>La jornada con salida y llegada en Pisco constaba de una especial complicada de 313 kil\u00f3metros, nuevamente con las dunas como principales protagonistas.<\/em><\/p>\n<p>                <!-- Imagen relacionada --><br \/>\n        <img loading=\"lazy\" decoding=\"async\" width=\"404\" height=\"336\" src=\"https:\/\/bxrepsol.s3.eu-west-1.amazonaws.com\/static\/2022\/08\/05063249\/01_isidre_esteve_dakar_2019_repsol_rally_team_rocas_etapa_9.jpg\" alt=\"Isidre esteve en rally con rocas\" \/><br \/>\n                <!-- Categor\u00eda --><br \/>\n            Rally<br \/>\n        <!-- T\u00edtulo --><br \/>\n        <a href=\"https:\/\/www.boxrepsol.com\/es\/rally\/isidre-esteve-llega-la-ultima-etapa-cerca-del-top-20\/\"><\/p>\n<h3>Isidre Esteve llega a la \u00faltima etapa cerca del top 20<\/h3>\n<p>        <\/a><br \/>\n                    <!-- Fecha --><br \/>\n            hace 1 hora        <\/p>\n<h2>Etapa 10 Pisco &#8211; Lima<\/h2>\n<p><em>Tal como preve\u00eda ayer Isidre Esteve, la \u00faltima etapa entre Pisco y Lima no ha resultado ning\u00fan tr\u00e1mite ylos 112 kil\u00f3metros cronometrados han vuelto a poner a prueba al medio centenar de \u2018supervivientes\u2019 en la categor\u00eda de coches.<\/em><\/p>\n<p>                <!-- Imagen relacionada --><br \/>\n        <img loading=\"lazy\" decoding=\"async\" width=\"404\" height=\"336\" src=\"https:\/\/bxrepsol.s3.eu-west-1.amazonaws.com\/static\/2022\/08\/05063250\/01_Dakar_isidre_esteve_saluda_etapa10_repsol_rally_team.jpg\" alt=\"Isidre Esteve saludando desde el asiento de piloto\" \/><br \/>\n                <!-- Categor\u00eda --><br \/>\n            Rally<br \/>\n        <!-- T\u00edtulo --><br \/>\n        <a href=\"https:\/\/www.boxrepsol.com\/es\/rally\/isidre-esteve-culmina-exito-dakar-mas-exigente-coche\/\"><\/p>\n<h3>Isidre Esteve culmina con \u00e9xito su Dakar m\u00e1s exigente en coche<\/h3>\n<p>        <\/a><br \/>\n                    <!-- Fecha --><br \/>\n            hace 1 hora<\/p>\n","protected":false},"excerpt":{"rendered":"<p>En Box Repsol te traemos todas las novedades de Isidre Esteve en el Rally Dakar 2019 que tiene lugar en Per\u00fa.<\/p>\n","protected":false},"author":43146,"featured_media":86786,"comment_status":"open","ping_status":"open","sticky":false,"template":"","format":"standard","meta":{"footnotes":""},"categories":[27],"tags":[183],"class_list":["post-93636","post","type-post","status-publish","format-standard","hentry","category-rally","tag-repsol-rally-team"],"yoast_head":"<!-- This site is optimized with the Yoast SEO plugin v27.3 - https:\/\/yoast.com\/product\/yoast-seo-wordpress\/ -->\n<title>Resumen Dakar - Todas las etapas del Rally Dakar 2019<\/title>\n<meta name=\"description\" content=\"En Box Repsol te traemos todas las novedades de Isidre Esteve en el Rally Dakar 2019 que tiene lugar en Per\u00fa.\" \/>\n<link rel=\"canonical\" href=\"https:\/\/www.boxrepsol.com\/es\/rally\/todas-las-etapas-del-rally-dakar-2019\/\" \/>\n<meta property=\"og:locale\" content=\"es_ES\" \/>\n<meta property=\"og:type\" content=\"article\" \/>\n<meta property=\"og:title\" content=\"Resumen Dakar - Todas las etapas del Rally Dakar 2019\" \/>\n<meta property=\"og:description\" content=\"En Box Repsol te traemos todas las novedades de Isidre Esteve en el Rally Dakar 2019 que tiene lugar en Per\u00fa.\" \/>\n<meta property=\"og:url\" content=\"https:\/\/www.boxrepsol.com\/es\/rally\/todas-las-etapas-del-rally-dakar-2019\/\" \/>\n<meta property=\"og:site_name\" content=\"Box Repsol\" \/>\n<meta property=\"article:publisher\" content=\"https:\/\/www.facebook.com\/BoxRepsol\" \/>\n<meta property=\"article:author\" content=\"https:\/\/www.facebook.com\/BoxRepsol\/\" \/>\n<meta property=\"article:published_time\" content=\"2019-01-17T02:00:00+00:00\" \/>\n<meta property=\"article:modified_time\" content=\"2024-05-22T09:40:17+00:00\" \/>\n<meta property=\"og:image\" content=\"https:\/\/www.boxrepsol.com\/wp-content\/uploads\/2022\/08\/00_isidre_esteve_txema_villalobos_repsol_rally_team_dakar_20191.jpg\" \/>\n\t<meta property=\"og:image:width\" content=\"1280\" \/>\n\t<meta property=\"og:image:height\" content=\"600\" \/>\n\t<meta property=\"og:image:type\" content=\"image\/jpeg\" \/>\n<meta name=\"author\" content=\"Redacci\u00f3n Box Repsol\" \/>\n<meta name=\"twitter:card\" content=\"summary_large_image\" \/>\n<meta name=\"twitter:creator\" content=\"@https:\/\/twitter.com\/box_repsol\" \/>\n<meta name=\"twitter:site\" content=\"@box_repsol\" \/>\n<meta name=\"twitter:label1\" content=\"Written by\" \/>\n\t<meta name=\"twitter:data1\" content=\"Redacci\u00f3n Box Repsol\" \/>\n\t<meta name=\"twitter:label2\" content=\"Est. reading time\" \/>\n\t<meta name=\"twitter:data2\" content=\"3 minutos\" \/>\n<script type=\"application\/ld+json\" class=\"yoast-schema-graph\">{\"@context\":\"https:\\\/\\\/schema.org\",\"@graph\":[{\"@type\":\"Article\",\"@id\":\"https:\\\/\\\/www.boxrepsol.com\\\/es\\\/rally\\\/todas-las-etapas-del-rally-dakar-2019\\\/#article\",\"isPartOf\":{\"@id\":\"https:\\\/\\\/www.boxrepsol.com\\\/es\\\/rally\\\/todas-las-etapas-del-rally-dakar-2019\\\/\"},\"author\":{\"name\":\"Redacci\u00f3n Box Repsol\",\"@id\":\"https:\\\/\\\/www.boxrepsol.com\\\/es\\\/#\\\/schema\\\/person\\\/c5c2138f2cca251b0ad92b7086bb60b7\"},\"headline\":\"Todas las etapas del Rally Dakar 2019\",\"datePublished\":\"2019-01-17T02:00:00+00:00\",\"dateModified\":\"2024-05-22T09:40:17+00:00\",\"mainEntityOfPage\":{\"@id\":\"https:\\\/\\\/www.boxrepsol.com\\\/es\\\/rally\\\/todas-las-etapas-del-rally-dakar-2019\\\/\"},\"wordCount\":548,\"commentCount\":0,\"publisher\":{\"@id\":\"https:\\\/\\\/www.boxrepsol.com\\\/es\\\/#organization\"},\"image\":{\"@id\":\"https:\\\/\\\/www.boxrepsol.com\\\/es\\\/rally\\\/todas-las-etapas-del-rally-dakar-2019\\\/#primaryimage\"},\"thumbnailUrl\":\"https:\\\/\\\/www.boxrepsol.com\\\/wp-content\\\/uploads\\\/2022\\\/08\\\/00_isidre_esteve_txema_villalobos_repsol_rally_team_dakar_20191.jpg\",\"keywords\":[\"Repsol Rally Team\"],\"articleSection\":[\"Rally\"],\"inLanguage\":\"es\",\"potentialAction\":[{\"@type\":\"CommentAction\",\"name\":\"Comment\",\"target\":[\"https:\\\/\\\/www.boxrepsol.com\\\/es\\\/rally\\\/todas-las-etapas-del-rally-dakar-2019\\\/#respond\"]}]},{\"@type\":\"WebPage\",\"@id\":\"https:\\\/\\\/www.boxrepsol.com\\\/es\\\/rally\\\/todas-las-etapas-del-rally-dakar-2019\\\/\",\"url\":\"https:\\\/\\\/www.boxrepsol.com\\\/es\\\/rally\\\/todas-las-etapas-del-rally-dakar-2019\\\/\",\"name\":\"Resumen Dakar - Todas las etapas del Rally Dakar 2019\",\"isPartOf\":{\"@id\":\"https:\\\/\\\/www.boxrepsol.com\\\/es\\\/#website\"},\"primaryImageOfPage\":{\"@id\":\"https:\\\/\\\/www.boxrepsol.com\\\/es\\\/rally\\\/todas-las-etapas-del-rally-dakar-2019\\\/#primaryimage\"},\"image\":{\"@id\":\"https:\\\/\\\/www.boxrepsol.com\\\/es\\\/rally\\\/todas-las-etapas-del-rally-dakar-2019\\\/#primaryimage\"},\"thumbnailUrl\":\"https:\\\/\\\/www.boxrepsol.com\\\/wp-content\\\/uploads\\\/2022\\\/08\\\/00_isidre_esteve_txema_villalobos_repsol_rally_team_dakar_20191.jpg\",\"datePublished\":\"2019-01-17T02:00:00+00:00\",\"dateModified\":\"2024-05-22T09:40:17+00:00\",\"description\":\"En Box Repsol te traemos todas las novedades de Isidre Esteve en el Rally Dakar 2019 que tiene lugar en Per\u00fa.\",\"breadcrumb\":{\"@id\":\"https:\\\/\\\/www.boxrepsol.com\\\/es\\\/rally\\\/todas-las-etapas-del-rally-dakar-2019\\\/#breadcrumb\"},\"inLanguage\":\"es\",\"potentialAction\":[{\"@type\":\"ReadAction\",\"target\":[\"https:\\\/\\\/www.boxrepsol.com\\\/es\\\/rally\\\/todas-las-etapas-del-rally-dakar-2019\\\/\"]}]},{\"@type\":\"ImageObject\",\"inLanguage\":\"es\",\"@id\":\"https:\\\/\\\/www.boxrepsol.com\\\/es\\\/rally\\\/todas-las-etapas-del-rally-dakar-2019\\\/#primaryimage\",\"url\":\"https:\\\/\\\/www.boxrepsol.com\\\/wp-content\\\/uploads\\\/2022\\\/08\\\/00_isidre_esteve_txema_villalobos_repsol_rally_team_dakar_20191.jpg\",\"contentUrl\":\"https:\\\/\\\/www.boxrepsol.com\\\/wp-content\\\/uploads\\\/2022\\\/08\\\/00_isidre_esteve_txema_villalobos_repsol_rally_team_dakar_20191.jpg\",\"width\":1280,\"height\":600},{\"@type\":\"BreadcrumbList\",\"@id\":\"https:\\\/\\\/www.boxrepsol.com\\\/es\\\/rally\\\/todas-las-etapas-del-rally-dakar-2019\\\/#breadcrumb\",\"itemListElement\":[{\"@type\":\"ListItem\",\"position\":1,\"name\":\"Home\",\"item\":\"https:\\\/\\\/www.boxrepsol.com\\\/es\\\/\"},{\"@type\":\"ListItem\",\"position\":2,\"name\":\"Todas las etapas del Rally Dakar 2019\"}]},{\"@type\":\"WebSite\",\"@id\":\"https:\\\/\\\/www.boxrepsol.com\\\/es\\\/#website\",\"url\":\"https:\\\/\\\/www.boxrepsol.com\\\/es\\\/\",\"name\":\"Box Repsol\",\"description\":\"Box Repsol Site\",\"publisher\":{\"@id\":\"https:\\\/\\\/www.boxrepsol.com\\\/es\\\/#organization\"},\"potentialAction\":[{\"@type\":\"SearchAction\",\"target\":{\"@type\":\"EntryPoint\",\"urlTemplate\":\"https:\\\/\\\/www.boxrepsol.com\\\/es\\\/?s={search_term_string}\"},\"query-input\":{\"@type\":\"PropertyValueSpecification\",\"valueRequired\":true,\"valueName\":\"search_term_string\"}}],\"inLanguage\":\"es\"},{\"@type\":\"Organization\",\"@id\":\"https:\\\/\\\/www.boxrepsol.com\\\/es\\\/#organization\",\"name\":\"Box Repsol\",\"url\":\"https:\\\/\\\/www.boxrepsol.com\\\/es\\\/\",\"logo\":{\"@type\":\"ImageObject\",\"inLanguage\":\"es\",\"@id\":\"https:\\\/\\\/www.boxrepsol.com\\\/es\\\/#\\\/schema\\\/logo\\\/image\\\/\",\"url\":\"https:\\\/\\\/bxrepsol.s3.eu-west-1.amazonaws.com\\\/static\\\/2025\\\/07\\\/30083337\\\/favicon-96x96-1.png\",\"contentUrl\":\"https:\\\/\\\/bxrepsol.s3.eu-west-1.amazonaws.com\\\/static\\\/2025\\\/07\\\/30083337\\\/favicon-96x96-1.png\",\"width\":96,\"height\":96,\"caption\":\"Box Repsol\"},\"image\":{\"@id\":\"https:\\\/\\\/www.boxrepsol.com\\\/es\\\/#\\\/schema\\\/logo\\\/image\\\/\"},\"sameAs\":[\"https:\\\/\\\/www.facebook.com\\\/BoxRepsol\",\"https:\\\/\\\/x.com\\\/box_repsol\",\"http:\\\/\\\/instagram.com\\\/box_repsol\",\"https:\\\/\\\/www.youtube.com\\\/user\\\/RepsolCompeticion\",\"https:\\\/\\\/www.flickr.com\\\/photos\\\/box_repsol\\\/\"]},{\"@type\":\"Person\",\"@id\":\"https:\\\/\\\/www.boxrepsol.com\\\/es\\\/#\\\/schema\\\/person\\\/c5c2138f2cca251b0ad92b7086bb60b7\",\"name\":\"Redacci\u00f3n Box Repsol\",\"image\":{\"@type\":\"ImageObject\",\"inLanguage\":\"es\",\"@id\":\"https:\\\/\\\/secure.gravatar.com\\\/avatar\\\/adf7b77e38b4419baf32c7e9c21dde01f4e40df611f0978e3006fc4ba0aaab7e?s=96&d=mm&r=g\",\"url\":\"https:\\\/\\\/secure.gravatar.com\\\/avatar\\\/adf7b77e38b4419baf32c7e9c21dde01f4e40df611f0978e3006fc4ba0aaab7e?s=96&d=mm&r=g\",\"contentUrl\":\"https:\\\/\\\/secure.gravatar.com\\\/avatar\\\/adf7b77e38b4419baf32c7e9c21dde01f4e40df611f0978e3006fc4ba0aaab7e?s=96&d=mm&r=g\",\"caption\":\"Redacci\u00f3n Box Repsol\"},\"description\":\"Box Repsol lo forma un equipo de periodistas, community managers, dise\u00f1adores y fot\u00f3grafos con m\u00e1s de 20 a\u00f1os de experiencia en el mundo del motorsport. Hemos vivido el primer mundial de un espa\u00f1ol en la categor\u00eda reina de motociclismo con \u00c1lex Crivill\u00e9, estuvimos en las victorias de Pedrosa y los t\u00edtulos de M\u00e1rquez, acompa\u00f1amos en \u00c1frica a Nani Roma y Marc Coma en sus conquistas del Dakar y hemos vibrado con los t\u00edtulos de Toni Bou en Trial. Adem\u00e1s, en nuestro equipo contamos con expertos en el mundo de las dos y cuatro ruedas tanto de la calle y las carreteras, como de los circuitos. Periodistas que han trabajado en revistas y publicaciones para hacerte llegar desde rutas y consejos de mantenimiento, a curiosidades y trucos de pilotaje.\",\"sameAs\":[\"https:\\\/\\\/www.facebook.com\\\/BoxRepsol\\\/\",\"https:\\\/\\\/www.instagram.com\\\/box_repsol\\\/\",\"https:\\\/\\\/x.com\\\/https:\\\/\\\/twitter.com\\\/box_repsol\",\"https:\\\/\\\/www.youtube.com\\\/@Boxrepsol\"],\"url\":\"https:\\\/\\\/www.boxrepsol.com\\\/es\\\/author\\\/redaccion-box-repsol\\\/\"}]}<\/script>\n<!-- \/ Yoast SEO plugin. -->","yoast_head_json":{"title":"Resumen Dakar - Todas las etapas del Rally Dakar 2019","description":"En Box Repsol te traemos todas las novedades de Isidre Esteve en el Rally Dakar 2019 que tiene lugar en Per\u00fa.","canonical":"https:\/\/www.boxrepsol.com\/es\/rally\/todas-las-etapas-del-rally-dakar-2019\/","og_locale":"es_ES","og_type":"article","og_title":"Resumen Dakar - Todas las etapas del Rally Dakar 2019","og_description":"En Box Repsol te traemos todas las novedades de Isidre Esteve en el Rally Dakar 2019 que tiene lugar en Per\u00fa.","og_url":"https:\/\/www.boxrepsol.com\/es\/rally\/todas-las-etapas-del-rally-dakar-2019\/","og_site_name":"Box Repsol","article_publisher":"https:\/\/www.facebook.com\/BoxRepsol","article_author":"https:\/\/www.facebook.com\/BoxRepsol\/","article_published_time":"2019-01-17T02:00:00+00:00","article_modified_time":"2024-05-22T09:40:17+00:00","og_image":[{"width":1280,"height":600,"url":"https:\/\/www.boxrepsol.com\/wp-content\/uploads\/2022\/08\/00_isidre_esteve_txema_villalobos_repsol_rally_team_dakar_20191.jpg","type":"image\/jpeg"}],"author":"Redacci\u00f3n Box Repsol","twitter_card":"summary_large_image","twitter_creator":"@https:\/\/twitter.com\/box_repsol","twitter_site":"@box_repsol","twitter_misc":{"Written by":"Redacci\u00f3n Box Repsol","Est. reading time":"3 minutos"},"schema":{"@context":"https:\/\/schema.org","@graph":[{"@type":"Article","@id":"https:\/\/www.boxrepsol.com\/es\/rally\/todas-las-etapas-del-rally-dakar-2019\/#article","isPartOf":{"@id":"https:\/\/www.boxrepsol.com\/es\/rally\/todas-las-etapas-del-rally-dakar-2019\/"},"author":{"name":"Redacci\u00f3n Box Repsol","@id":"https:\/\/www.boxrepsol.com\/es\/#\/schema\/person\/c5c2138f2cca251b0ad92b7086bb60b7"},"headline":"Todas las etapas del Rally Dakar 2019","datePublished":"2019-01-17T02:00:00+00:00","dateModified":"2024-05-22T09:40:17+00:00","mainEntityOfPage":{"@id":"https:\/\/www.boxrepsol.com\/es\/rally\/todas-las-etapas-del-rally-dakar-2019\/"},"wordCount":548,"commentCount":0,"publisher":{"@id":"https:\/\/www.boxrepsol.com\/es\/#organization"},"image":{"@id":"https:\/\/www.boxrepsol.com\/es\/rally\/todas-las-etapas-del-rally-dakar-2019\/#primaryimage"},"thumbnailUrl":"https:\/\/www.boxrepsol.com\/wp-content\/uploads\/2022\/08\/00_isidre_esteve_txema_villalobos_repsol_rally_team_dakar_20191.jpg","keywords":["Repsol Rally Team"],"articleSection":["Rally"],"inLanguage":"es","potentialAction":[{"@type":"CommentAction","name":"Comment","target":["https:\/\/www.boxrepsol.com\/es\/rally\/todas-las-etapas-del-rally-dakar-2019\/#respond"]}]},{"@type":"WebPage","@id":"https:\/\/www.boxrepsol.com\/es\/rally\/todas-las-etapas-del-rally-dakar-2019\/","url":"https:\/\/www.boxrepsol.com\/es\/rally\/todas-las-etapas-del-rally-dakar-2019\/","name":"Resumen Dakar - Todas las etapas del Rally Dakar 2019","isPartOf":{"@id":"https:\/\/www.boxrepsol.com\/es\/#website"},"primaryImageOfPage":{"@id":"https:\/\/www.boxrepsol.com\/es\/rally\/todas-las-etapas-del-rally-dakar-2019\/#primaryimage"},"image":{"@id":"https:\/\/www.boxrepsol.com\/es\/rally\/todas-las-etapas-del-rally-dakar-2019\/#primaryimage"},"thumbnailUrl":"https:\/\/www.boxrepsol.com\/wp-content\/uploads\/2022\/08\/00_isidre_esteve_txema_villalobos_repsol_rally_team_dakar_20191.jpg","datePublished":"2019-01-17T02:00:00+00:00","dateModified":"2024-05-22T09:40:17+00:00","description":"En Box Repsol te traemos todas las novedades de Isidre Esteve en el Rally Dakar 2019 que tiene lugar en Per\u00fa.","breadcrumb":{"@id":"https:\/\/www.boxrepsol.com\/es\/rally\/todas-las-etapas-del-rally-dakar-2019\/#breadcrumb"},"inLanguage":"es","potentialAction":[{"@type":"ReadAction","target":["https:\/\/www.boxrepsol.com\/es\/rally\/todas-las-etapas-del-rally-dakar-2019\/"]}]},{"@type":"ImageObject","inLanguage":"es","@id":"https:\/\/www.boxrepsol.com\/es\/rally\/todas-las-etapas-del-rally-dakar-2019\/#primaryimage","url":"https:\/\/www.boxrepsol.com\/wp-content\/uploads\/2022\/08\/00_isidre_esteve_txema_villalobos_repsol_rally_team_dakar_20191.jpg","contentUrl":"https:\/\/www.boxrepsol.com\/wp-content\/uploads\/2022\/08\/00_isidre_esteve_txema_villalobos_repsol_rally_team_dakar_20191.jpg","width":1280,"height":600},{"@type":"BreadcrumbList","@id":"https:\/\/www.boxrepsol.com\/es\/rally\/todas-las-etapas-del-rally-dakar-2019\/#breadcrumb","itemListElement":[{"@type":"ListItem","position":1,"name":"Home","item":"https:\/\/www.boxrepsol.com\/es\/"},{"@type":"ListItem","position":2,"name":"Todas las etapas del Rally Dakar 2019"}]},{"@type":"WebSite","@id":"https:\/\/www.boxrepsol.com\/es\/#website","url":"https:\/\/www.boxrepsol.com\/es\/","name":"Box Repsol","description":"Box Repsol Site","publisher":{"@id":"https:\/\/www.boxrepsol.com\/es\/#organization"},"potentialAction":[{"@type":"SearchAction","target":{"@type":"EntryPoint","urlTemplate":"https:\/\/www.boxrepsol.com\/es\/?s={search_term_string}"},"query-input":{"@type":"PropertyValueSpecification","valueRequired":true,"valueName":"search_term_string"}}],"inLanguage":"es"},{"@type":"Organization","@id":"https:\/\/www.boxrepsol.com\/es\/#organization","name":"Box Repsol","url":"https:\/\/www.boxrepsol.com\/es\/","logo":{"@type":"ImageObject","inLanguage":"es","@id":"https:\/\/www.boxrepsol.com\/es\/#\/schema\/logo\/image\/","url":"https:\/\/bxrepsol.s3.eu-west-1.amazonaws.com\/static\/2025\/07\/30083337\/favicon-96x96-1.png","contentUrl":"https:\/\/bxrepsol.s3.eu-west-1.amazonaws.com\/static\/2025\/07\/30083337\/favicon-96x96-1.png","width":96,"height":96,"caption":"Box Repsol"},"image":{"@id":"https:\/\/www.boxrepsol.com\/es\/#\/schema\/logo\/image\/"},"sameAs":["https:\/\/www.facebook.com\/BoxRepsol","https:\/\/x.com\/box_repsol","http:\/\/instagram.com\/box_repsol","https:\/\/www.youtube.com\/user\/RepsolCompeticion","https:\/\/www.flickr.com\/photos\/box_repsol\/"]},{"@type":"Person","@id":"https:\/\/www.boxrepsol.com\/es\/#\/schema\/person\/c5c2138f2cca251b0ad92b7086bb60b7","name":"Redacci\u00f3n Box Repsol","image":{"@type":"ImageObject","inLanguage":"es","@id":"https:\/\/secure.gravatar.com\/avatar\/adf7b77e38b4419baf32c7e9c21dde01f4e40df611f0978e3006fc4ba0aaab7e?s=96&d=mm&r=g","url":"https:\/\/secure.gravatar.com\/avatar\/adf7b77e38b4419baf32c7e9c21dde01f4e40df611f0978e3006fc4ba0aaab7e?s=96&d=mm&r=g","contentUrl":"https:\/\/secure.gravatar.com\/avatar\/adf7b77e38b4419baf32c7e9c21dde01f4e40df611f0978e3006fc4ba0aaab7e?s=96&d=mm&r=g","caption":"Redacci\u00f3n Box Repsol"},"description":"Box Repsol lo forma un equipo de periodistas, community managers, dise\u00f1adores y fot\u00f3grafos con m\u00e1s de 20 a\u00f1os de experiencia en el mundo del motorsport. Hemos vivido el primer mundial de un espa\u00f1ol en la categor\u00eda reina de motociclismo con \u00c1lex Crivill\u00e9, estuvimos en las victorias de Pedrosa y los t\u00edtulos de M\u00e1rquez, acompa\u00f1amos en \u00c1frica a Nani Roma y Marc Coma en sus conquistas del Dakar y hemos vibrado con los t\u00edtulos de Toni Bou en Trial. Adem\u00e1s, en nuestro equipo contamos con expertos en el mundo de las dos y cuatro ruedas tanto de la calle y las carreteras, como de los circuitos. Periodistas que han trabajado en revistas y publicaciones para hacerte llegar desde rutas y consejos de mantenimiento, a curiosidades y trucos de pilotaje.","sameAs":["https:\/\/www.facebook.com\/BoxRepsol\/","https:\/\/www.instagram.com\/box_repsol\/","https:\/\/x.com\/https:\/\/twitter.com\/box_repsol","https:\/\/www.youtube.com\/@Boxrepsol"],"url":"https:\/\/www.boxrepsol.com\/es\/author\/redaccion-box-repsol\/"}]}},"_links":{"self":[{"href":"https:\/\/www.boxrepsol.com\/es\/wp-json\/wp\/v2\/posts\/93636","targetHints":{"allow":["GET"]}}],"collection":[{"href":"https:\/\/www.boxrepsol.com\/es\/wp-json\/wp\/v2\/posts"}],"about":[{"href":"https:\/\/www.boxrepsol.com\/es\/wp-json\/wp\/v2\/types\/post"}],"author":[{"embeddable":true,"href":"https:\/\/www.boxrepsol.com\/es\/wp-json\/wp\/v2\/users\/43146"}],"replies":[{"embeddable":true,"href":"https:\/\/www.boxrepsol.com\/es\/wp-json\/wp\/v2\/comments?post=93636"}],"version-history":[{"count":2,"href":"https:\/\/www.boxrepsol.com\/es\/wp-json\/wp\/v2\/posts\/93636\/revisions"}],"predecessor-version":[{"id":108332,"href":"https:\/\/www.boxrepsol.com\/es\/wp-json\/wp\/v2\/posts\/93636\/revisions\/108332"}],"wp:featuredmedia":[{"embeddable":true,"href":"https:\/\/www.boxrepsol.com\/es\/wp-json\/wp\/v2\/media\/86786"}],"wp:attachment":[{"href":"https:\/\/www.boxrepsol.com\/es\/wp-json\/wp\/v2\/media?parent=93636"}],"wp:term":[{"taxonomy":"category","embeddable":true,"href":"https:\/\/www.boxrepsol.com\/es\/wp-json\/wp\/v2\/categories?post=93636"},{"taxonomy":"post_tag","embeddable":true,"href":"https:\/\/www.boxrepsol.com\/es\/wp-json\/wp\/v2\/tags?post=93636"}],"curies":[{"name":"wp","href":"https:\/\/api.w.org\/{rel}","templated":true}]}}