{"id":93631,"date":"2019-01-02T00:00:00","date_gmt":"2019-01-02T02:00:00","guid":{"rendered":"http:\/\/pre.boxrepsol.com\/sin-categorizar\/primera-entrevista-jorge-lorenzo-los-colores-repsol-honda\/"},"modified":"2024-05-22T08:05:22","modified_gmt":"2024-05-22T10:05:22","slug":"primera-entrevista-jorge-lorenzo-los-colores-repsol-honda","status":"publish","type":"post","link":"https:\/\/www.boxrepsol.com\/es\/motogp\/primera-entrevista-jorge-lorenzo-los-colores-repsol-honda\/","title":{"rendered":"Primera entrevista de Jorge Lorenzo con los colores Repsol Honda"},"content":{"rendered":"<p>Faltan poco m\u00e1s de dos meses para el inicio del Mundial en Catar y el piloto mallorqu\u00edn inicia el a\u00f1o con su primera entrevista en la que repasa sus primeras sensaciones al manillar de la <a href=\"https:\/\/www.boxrepsol.com\/es\/las-6-motos-campeonas-del-mundo\/rc213v-marquez\/\">Honda RC213V<\/a>, lo que significa para \u00e9l pertenecer al equipo Repsol Honda y sus objetivos para el pr\u00f3ximo curso. Estas son sus palabras tras vestir por primera vez los colores del equipo Repsol Honda.<\/p>\n<p><strong>Pregunta. A\u00f1o nuevo, nuevos colores. \u00bfC\u00f3mo te sientes?<\/strong><\/p>\n<p><strong>Respuesta.<\/strong> Personalmente, los colores en s\u00ed ya me gustan. Mis colores favoritos siempre han sido el blanco, el rojo y el negro, y ahora se a\u00f1adir\u00eda tambi\u00e9n el naranja. Son colores que representan \u00e9xito, much\u00edsimas victorias y muchos campeonatos en estos \u00faltimos 25 a\u00f1os. Estoy muy orgulloso de pertenecer a esta familia y poder aportar mi granito de arena para que el equipo sea todav\u00eda m\u00e1s potente.<\/p>\n<p><strong>P \u00bfQu\u00e9 significa para ti pertenecer al equipo Repsol Honda?<\/strong><\/p>\n<p><strong>R<\/strong>\u00a0Si hablamos del Repsol Honda, posiblemente sea el equipo m\u00e1s laureado de la historia. El que tiene m\u00e1s victorias y campeonatos. Quiz\u00e1s sea, por compararlo a un equipo de f\u00fatbol, como un Bar\u00e7a o Real Madrid. No hay un equipo con m\u00e1s t\u00edtulos y mayor importancia a nivel mundial que este.<\/p>\n<blockquote><p>\n\t<a href=\"http:\/\/twitter.com\/share?text=Estoy+muy+orgulloso+de+pertenecer+a+esta+familia+y+poder+aportar+mi+granito+de+arena&#038;url=https%3A%2F%2Fwww.boxrepsol.com%2Fes%2Fmotogp%2Fprimera-entrevista-jorge-lorenzo-los-colores-repsol-honda%2F\" target=\"_blank\" rel=\"noopener\"><\/p>\n<p>Estoy muy orgulloso de pertenecer a esta familia y poder aportar mi granito de arena<\/p>\n<p>\t<\/a>\n<\/p><\/blockquote>\n<p><strong>P \u00bfCu\u00e1les fueron tus sensaciones la primera vez que probaste tu nueva moto?<\/strong><\/p>\n<p><strong>R<\/strong> Ven\u00eda de una moto completamente diferente, una moto muy grande y muy alta \u2013quiz\u00e1s un pel\u00edn demasiado grande para mi estatura\u2013. La Honda, en cuanto a dimensiones, me ven\u00eda mejor. Es una moto m\u00e1s compacta, m\u00e1s peque\u00f1a y baja, con la que llego mejor al suelo. Me sent\u00ed un poco m\u00e1s seguro a la hora de entrar en las curvas, porque cuanto m\u00e1s cerca del suelo est\u00e1s, m\u00e1s confianza tienes. La primera impresi\u00f3n fue positiva y vi mucho potencial.<\/p>\n<p><strong>P Cuando te bajaste de la Honda por primera vez, lo hiciste con una gran sonrisa. \u00bfQu\u00e9 pensabas cuando entrabas en el box del Repsol Honda?<\/strong><\/p>\n<p><strong>R<\/strong> En esos momentos, no puedes enga\u00f1ar, tu rostro habla por s\u00ed solo. Es todo muy emocionante, muy nuevo y lo disfrutas mucho. Y adem\u00e1s, si las sensaciones son buenas, todav\u00eda se percibe m\u00e1s en tu expresi\u00f3n.<\/p>\n<p><a href=\"https:\/\/bxrepsol.s3.eu-west-1.amazonaws.com\/static\/2022\/08\/05063228\/00_jorge_lorenzo_entrenamiento_repsol_honda_motogp.jpg\" \n   title=\"Jorge Lorenzo entrenando los brazos\" \n   data-gallery-thumbnail=\"https:\/\/bxrepsol.s3.eu-west-1.amazonaws.com\/static\/2022\/08\/05063228\/00_jorge_lorenzo_entrenamiento_repsol_honda_motogp.jpg\"\n   data-gallery-title=\"\"\n   data-gallery><\/p>\n<figure>\n        <picture style=\"padding-bottom: 75.632614807873%; background-image: url(https:\/\/bxrepsol.s3.eu-west-1.amazonaws.com\/static\/2022\/08\/05063228\/00_jorge_lorenzo_entrenamiento_repsol_honda_motogp.jpg);\">\n            <img decoding=\"async\" src=\"https:\/\/bxrepsol.s3.eu-west-1.amazonaws.com\/static\/2022\/08\/05063228\/00_jorge_lorenzo_entrenamiento_repsol_honda_motogp.jpg\"><br \/>\n            <img itemprop=\"image\"\n                data-srcset=\"https:\/\/bxrepsol.s3.eu-west-1.amazonaws.com\/static\/2022\/08\/05063228\/00_jorge_lorenzo_entrenamiento_repsol_honda_motogp.jpg 480w, https:\/\/bxrepsol.s3.eu-west-1.amazonaws.com\/static\/2022\/08\/05063228\/00_jorge_lorenzo_entrenamiento_repsol_honda_motogp.jpg 600w, https:\/\/bxrepsol.s3.eu-west-1.amazonaws.com\/static\/2022\/08\/05063228\/00_jorge_lorenzo_entrenamiento_repsol_honda_motogp.jpg 900w\"\n                data-src=\"https:\/\/bxrepsol.s3.eu-west-1.amazonaws.com\/static\/2022\/08\/05063228\/00_jorge_lorenzo_entrenamiento_repsol_honda_motogp.jpg\"\n                alt=\"Jorge Lorenzo entrenando los brazos\"\n                title=\"Jorge Lorenzo entrenando los brazos\"\/><br \/>\n            <noscript><img decoding=\"async\" src=\"https:\/\/bxrepsol.s3.eu-west-1.amazonaws.com\/static\/2022\/08\/05063228\/00_jorge_lorenzo_entrenamiento_repsol_honda_motogp.jpg\" alt=\"Jorge Lorenzo entrenando los brazos\"><\/noscript>\n        <\/picture><figcaption>Jorge Lorenzo entrenando los brazos<\/figcaption><\/figure>\n<p><\/a><\/p>\n<p><strong>P De los entrenamientos de Valencia a los de Jerez, ya probaste algunas modificaciones en tu moto. \u00bfC\u00f3mo fue?<\/strong><\/p>\n<p><strong>R<\/strong> Una de las cosas que m\u00e1s me impresion\u00f3 fue esa capacidad de reacci\u00f3n que tiene el equipo Repsol Honda en darte lo que pides. Lo ten\u00eda bastante claro, Honda tom\u00f3 nota de todas mis indicaciones y en pocos d\u00edas lo tuvieron todo preparado y tuvimos un dep\u00f3sito casi al cien por cien a mi gusto.<\/p>\n<p><strong>P Has dicho que ibas a aprender de Marc M\u00e1rquez pero que \u00e9l tambi\u00e9n lo har\u00eda de ti. \u00bfQu\u00e9 crees que te puede aportar Marc y qu\u00e9 le puedes aportar t\u00fa a \u00e9l?<\/strong><\/p>\n<p><strong>R<\/strong> Todos los pilotos tenemos nuestros puntos fuertes y nuestros puntos d\u00e9biles. Marc tambi\u00e9n los tiene. Yo intentar\u00e9 aprender de sus fortalezas como \u00e9l tambi\u00e9n supongo que intentar\u00e1 aprender de las m\u00edas. De esta forma nos empujaremos el uno al otro; yo querr\u00e9 batirle y el querr\u00e1 batirme a m\u00ed, y eso siempre hace crecer el nivel del equipo y ayuda a aportar nuevos aspectos t\u00e9cnicos a la moto.<\/p>\n<blockquote><p>\n\t<a href=\"http:\/\/twitter.com\/share?text=Una+de+las+cosas+que+m%C3%A1s+me+impresion%C3%B3+fue+esa+capacidad+de+reacci%C3%B3n+que+tiene+el+equipo+Repsol+Honda&#038;url=https%3A%2F%2Fwww.boxrepsol.com%2Fes%2Fmotogp%2Fprimera-entrevista-jorge-lorenzo-los-colores-repsol-honda%2F\" target=\"_blank\" rel=\"noopener\"><\/p>\n<p>Una de las cosas que m\u00e1s me impresion\u00f3 fue esa capacidad de reacci\u00f3n que tiene el equipo Repsol Honda<\/p>\n<p>\t<\/a>\n<\/p><\/blockquote>\n<p><strong>P En 2019 el equipo Repsol Honda cumple 25 a\u00f1os y Repsol alcanza los 50 a\u00f1os en el mundo del deporte. \u00bfQu\u00e9 te dicen estas dos cifras?<\/strong><\/p>\n<p><strong>R<\/strong> 25 a\u00f1os son muchos a\u00f1os. Justamente, cuando Repsol empez\u00f3 a patrocinar al equipo Honda en el a\u00f1o 1995, yo empec\u00e9 a ver las carreras de motos por televisi\u00f3n. Me acuerdo mucho de las luchas de Harada y mi \u00eddolo Biaggi en 250 c. c., pero tambi\u00e9n de esas carreras de 500 c. c. entre Crivill\u00e9 y Doohan, cuando Rossi fich\u00f3 por el Repsol Honda o cuando Nicky Hayden gan\u00f3 el Mundial en 2006. Se trata de un equipo s\u00faper exitoso, con much\u00edsimas victorias y t\u00edtulos mundiales, y ahora tendr\u00e9 el honor y el placer de poder pertenecer a \u00e9l.<\/p>\n<p>Y 50 a\u00f1os, ya ni te digo. Son much\u00edsimos. Creo que \u00c1ngel Nieto fue uno de los primeros deportistas que Repsol empez\u00f3 a patrocinar. Fue el pionero en Espa\u00f1a, el que impuls\u00f3 este deporte en este pa\u00eds y es impresionante que Repsol ya estuviera presente en aquella \u00e9poca apoy\u00e1ndole.<\/p>\n<p><strong>P El d\u00eda 23 de enero se presenta el equipo en Madrid, \u00bfc\u00f3mo esperas ese d\u00eda?<\/strong><\/p>\n<p><strong>R<\/strong> La presentaci\u00f3n ser\u00e1 muy especial para m\u00ed. Creo que est\u00e1 generando mucha expectaci\u00f3n porque son doce t\u00edtulos mundiales y muchas victorias juntos en el mismo equipo. Y, sobre todo, hay mucho talento y mucha velocidad en el equipo m\u00e1s laureado de la historia. La expectaci\u00f3n y el optimismo que se respiran actualmente es muy grande y ese d\u00eda lo vamos a pasar bien.<\/p>\n","protected":false},"excerpt":{"rendered":"<p>Con cinco t\u00edtulos de Campe\u00f3n del Mundo, once temporadas en MotoGP, 282 carreras y 31 a\u00f1os, Jorge Lorenzo estrena este 2019 con un nuevo reto en su carrera deportiva, al incorporarse al equipo Repsol Honda.<\/p>\n","protected":false},"author":43146,"featured_media":60502,"comment_status":"open","ping_status":"open","sticky":false,"template":"","format":"standard","meta":{"footnotes":""},"categories":[4],"tags":[187],"class_list":["post-93631","post","type-post","status-publish","format-standard","hentry","category-motogp","tag-jorge-lorenzo"],"yoast_head":"<!-- This site is optimized with the Yoast SEO plugin v27.3 - https:\/\/yoast.com\/product\/yoast-seo-wordpress\/ -->\n<title>Primera entrevista de Jorge Lorenzo con los colores Repsol Honda - Box Repsol<\/title>\n<meta name=\"description\" content=\"Con cinco t\u00edtulos de Campe\u00f3n del Mundo, once temporadas en MotoGP, 282 carreras y 31 a\u00f1os, Jorge Lorenzo estrena este 2019 con un nuevo reto.\" \/>\n<link rel=\"canonical\" href=\"https:\/\/www.boxrepsol.com\/es\/motogp\/primera-entrevista-jorge-lorenzo-los-colores-repsol-honda\/\" \/>\n<meta property=\"og:locale\" content=\"es_ES\" \/>\n<meta property=\"og:type\" content=\"article\" \/>\n<meta property=\"og:title\" content=\"Primera entrevista de Jorge Lorenzo con los colores Repsol Honda - Box Repsol\" \/>\n<meta property=\"og:description\" content=\"Con cinco t\u00edtulos de Campe\u00f3n del Mundo, once temporadas en MotoGP, 282 carreras y 31 a\u00f1os, Jorge Lorenzo estrena este 2019 con un nuevo reto.\" \/>\n<meta property=\"og:url\" content=\"https:\/\/www.boxrepsol.com\/es\/motogp\/primera-entrevista-jorge-lorenzo-los-colores-repsol-honda\/\" \/>\n<meta property=\"og:site_name\" content=\"Box Repsol\" \/>\n<meta property=\"article:publisher\" content=\"https:\/\/www.facebook.com\/BoxRepsol\" \/>\n<meta property=\"article:author\" content=\"https:\/\/www.facebook.com\/BoxRepsol\/\" \/>\n<meta property=\"article:published_time\" content=\"2019-01-02T02:00:00+00:00\" \/>\n<meta property=\"article:modified_time\" content=\"2024-05-22T10:05:22+00:00\" \/>\n<meta property=\"og:image\" content=\"https:\/\/bxrepsol.s3.eu-west-1.amazonaws.com\/static\/2022\/08\/29084011\/00_jorge_lorenzo_repsol_honda_motogp.jpg\" \/>\n\t<meta property=\"og:image:width\" content=\"1280\" \/>\n\t<meta property=\"og:image:height\" content=\"600\" \/>\n\t<meta property=\"og:image:type\" content=\"image\/jpeg\" \/>\n<meta name=\"author\" content=\"Redacci\u00f3n Box Repsol\" \/>\n<meta name=\"twitter:card\" content=\"summary_large_image\" \/>\n<meta name=\"twitter:creator\" content=\"@https:\/\/twitter.com\/box_repsol\" \/>\n<meta name=\"twitter:site\" content=\"@box_repsol\" \/>\n<meta name=\"twitter:label1\" content=\"Written by\" \/>\n\t<meta name=\"twitter:data1\" content=\"Redacci\u00f3n Box Repsol\" \/>\n\t<meta name=\"twitter:label2\" content=\"Est. reading time\" \/>\n\t<meta name=\"twitter:data2\" content=\"5 minutos\" \/>\n<script type=\"application\/ld+json\" class=\"yoast-schema-graph\">{\"@context\":\"https:\\\/\\\/schema.org\",\"@graph\":[{\"@type\":\"Article\",\"@id\":\"https:\\\/\\\/www.boxrepsol.com\\\/es\\\/motogp\\\/primera-entrevista-jorge-lorenzo-los-colores-repsol-honda\\\/#article\",\"isPartOf\":{\"@id\":\"https:\\\/\\\/www.boxrepsol.com\\\/es\\\/motogp\\\/primera-entrevista-jorge-lorenzo-los-colores-repsol-honda\\\/\"},\"author\":{\"name\":\"Redacci\u00f3n Box Repsol\",\"@id\":\"https:\\\/\\\/www.boxrepsol.com\\\/es\\\/#\\\/schema\\\/person\\\/c5c2138f2cca251b0ad92b7086bb60b7\"},\"headline\":\"Primera entrevista de Jorge Lorenzo con los colores Repsol Honda\",\"datePublished\":\"2019-01-02T02:00:00+00:00\",\"dateModified\":\"2024-05-22T10:05:22+00:00\",\"mainEntityOfPage\":{\"@id\":\"https:\\\/\\\/www.boxrepsol.com\\\/es\\\/motogp\\\/primera-entrevista-jorge-lorenzo-los-colores-repsol-honda\\\/\"},\"wordCount\":912,\"commentCount\":0,\"publisher\":{\"@id\":\"https:\\\/\\\/www.boxrepsol.com\\\/es\\\/#organization\"},\"image\":{\"@id\":\"https:\\\/\\\/www.boxrepsol.com\\\/es\\\/motogp\\\/primera-entrevista-jorge-lorenzo-los-colores-repsol-honda\\\/#primaryimage\"},\"thumbnailUrl\":\"https:\\\/\\\/bxrepsol.s3.eu-west-1.amazonaws.com\\\/static\\\/2022\\\/08\\\/29084011\\\/00_jorge_lorenzo_repsol_honda_motogp.jpg\",\"keywords\":[\"Jorge Lorenzo\"],\"articleSection\":[\"MotoGP\"],\"inLanguage\":\"es\",\"potentialAction\":[{\"@type\":\"CommentAction\",\"name\":\"Comment\",\"target\":[\"https:\\\/\\\/www.boxrepsol.com\\\/es\\\/motogp\\\/primera-entrevista-jorge-lorenzo-los-colores-repsol-honda\\\/#respond\"]}]},{\"@type\":\"WebPage\",\"@id\":\"https:\\\/\\\/www.boxrepsol.com\\\/es\\\/motogp\\\/primera-entrevista-jorge-lorenzo-los-colores-repsol-honda\\\/\",\"url\":\"https:\\\/\\\/www.boxrepsol.com\\\/es\\\/motogp\\\/primera-entrevista-jorge-lorenzo-los-colores-repsol-honda\\\/\",\"name\":\"Primera entrevista de Jorge Lorenzo con los colores Repsol Honda - Box Repsol\",\"isPartOf\":{\"@id\":\"https:\\\/\\\/www.boxrepsol.com\\\/es\\\/#website\"},\"primaryImageOfPage\":{\"@id\":\"https:\\\/\\\/www.boxrepsol.com\\\/es\\\/motogp\\\/primera-entrevista-jorge-lorenzo-los-colores-repsol-honda\\\/#primaryimage\"},\"image\":{\"@id\":\"https:\\\/\\\/www.boxrepsol.com\\\/es\\\/motogp\\\/primera-entrevista-jorge-lorenzo-los-colores-repsol-honda\\\/#primaryimage\"},\"thumbnailUrl\":\"https:\\\/\\\/bxrepsol.s3.eu-west-1.amazonaws.com\\\/static\\\/2022\\\/08\\\/29084011\\\/00_jorge_lorenzo_repsol_honda_motogp.jpg\",\"datePublished\":\"2019-01-02T02:00:00+00:00\",\"dateModified\":\"2024-05-22T10:05:22+00:00\",\"description\":\"Con cinco t\u00edtulos de Campe\u00f3n del Mundo, once temporadas en MotoGP, 282 carreras y 31 a\u00f1os, Jorge Lorenzo estrena este 2019 con un nuevo reto.\",\"breadcrumb\":{\"@id\":\"https:\\\/\\\/www.boxrepsol.com\\\/es\\\/motogp\\\/primera-entrevista-jorge-lorenzo-los-colores-repsol-honda\\\/#breadcrumb\"},\"inLanguage\":\"es\",\"potentialAction\":[{\"@type\":\"ReadAction\",\"target\":[\"https:\\\/\\\/www.boxrepsol.com\\\/es\\\/motogp\\\/primera-entrevista-jorge-lorenzo-los-colores-repsol-honda\\\/\"]}]},{\"@type\":\"ImageObject\",\"inLanguage\":\"es\",\"@id\":\"https:\\\/\\\/www.boxrepsol.com\\\/es\\\/motogp\\\/primera-entrevista-jorge-lorenzo-los-colores-repsol-honda\\\/#primaryimage\",\"url\":\"https:\\\/\\\/bxrepsol.s3.eu-west-1.amazonaws.com\\\/static\\\/2022\\\/08\\\/29084011\\\/00_jorge_lorenzo_repsol_honda_motogp.jpg\",\"contentUrl\":\"https:\\\/\\\/bxrepsol.s3.eu-west-1.amazonaws.com\\\/static\\\/2022\\\/08\\\/29084011\\\/00_jorge_lorenzo_repsol_honda_motogp.jpg\",\"width\":1280,\"height\":600,\"caption\":\"Jorge Lorenzo entrevistado\"},{\"@type\":\"BreadcrumbList\",\"@id\":\"https:\\\/\\\/www.boxrepsol.com\\\/es\\\/motogp\\\/primera-entrevista-jorge-lorenzo-los-colores-repsol-honda\\\/#breadcrumb\",\"itemListElement\":[{\"@type\":\"ListItem\",\"position\":1,\"name\":\"Home\",\"item\":\"https:\\\/\\\/www.boxrepsol.com\\\/es\\\/\"},{\"@type\":\"ListItem\",\"position\":2,\"name\":\"Primera entrevista de Jorge Lorenzo con los colores Repsol Honda\"}]},{\"@type\":\"WebSite\",\"@id\":\"https:\\\/\\\/www.boxrepsol.com\\\/es\\\/#website\",\"url\":\"https:\\\/\\\/www.boxrepsol.com\\\/es\\\/\",\"name\":\"Box Repsol\",\"description\":\"Box Repsol Site\",\"publisher\":{\"@id\":\"https:\\\/\\\/www.boxrepsol.com\\\/es\\\/#organization\"},\"potentialAction\":[{\"@type\":\"SearchAction\",\"target\":{\"@type\":\"EntryPoint\",\"urlTemplate\":\"https:\\\/\\\/www.boxrepsol.com\\\/es\\\/?s={search_term_string}\"},\"query-input\":{\"@type\":\"PropertyValueSpecification\",\"valueRequired\":true,\"valueName\":\"search_term_string\"}}],\"inLanguage\":\"es\"},{\"@type\":\"Organization\",\"@id\":\"https:\\\/\\\/www.boxrepsol.com\\\/es\\\/#organization\",\"name\":\"Box Repsol\",\"url\":\"https:\\\/\\\/www.boxrepsol.com\\\/es\\\/\",\"logo\":{\"@type\":\"ImageObject\",\"inLanguage\":\"es\",\"@id\":\"https:\\\/\\\/www.boxrepsol.com\\\/es\\\/#\\\/schema\\\/logo\\\/image\\\/\",\"url\":\"https:\\\/\\\/bxrepsol.s3.eu-west-1.amazonaws.com\\\/static\\\/2025\\\/07\\\/30083337\\\/favicon-96x96-1.png\",\"contentUrl\":\"https:\\\/\\\/bxrepsol.s3.eu-west-1.amazonaws.com\\\/static\\\/2025\\\/07\\\/30083337\\\/favicon-96x96-1.png\",\"width\":96,\"height\":96,\"caption\":\"Box Repsol\"},\"image\":{\"@id\":\"https:\\\/\\\/www.boxrepsol.com\\\/es\\\/#\\\/schema\\\/logo\\\/image\\\/\"},\"sameAs\":[\"https:\\\/\\\/www.facebook.com\\\/BoxRepsol\",\"https:\\\/\\\/x.com\\\/box_repsol\",\"http:\\\/\\\/instagram.com\\\/box_repsol\",\"https:\\\/\\\/www.youtube.com\\\/user\\\/RepsolCompeticion\",\"https:\\\/\\\/www.flickr.com\\\/photos\\\/box_repsol\\\/\"]},{\"@type\":\"Person\",\"@id\":\"https:\\\/\\\/www.boxrepsol.com\\\/es\\\/#\\\/schema\\\/person\\\/c5c2138f2cca251b0ad92b7086bb60b7\",\"name\":\"Redacci\u00f3n Box Repsol\",\"image\":{\"@type\":\"ImageObject\",\"inLanguage\":\"es\",\"@id\":\"https:\\\/\\\/secure.gravatar.com\\\/avatar\\\/adf7b77e38b4419baf32c7e9c21dde01f4e40df611f0978e3006fc4ba0aaab7e?s=96&d=mm&r=g\",\"url\":\"https:\\\/\\\/secure.gravatar.com\\\/avatar\\\/adf7b77e38b4419baf32c7e9c21dde01f4e40df611f0978e3006fc4ba0aaab7e?s=96&d=mm&r=g\",\"contentUrl\":\"https:\\\/\\\/secure.gravatar.com\\\/avatar\\\/adf7b77e38b4419baf32c7e9c21dde01f4e40df611f0978e3006fc4ba0aaab7e?s=96&d=mm&r=g\",\"caption\":\"Redacci\u00f3n Box Repsol\"},\"description\":\"Box Repsol lo forma un equipo de periodistas, community managers, dise\u00f1adores y fot\u00f3grafos con m\u00e1s de 20 a\u00f1os de experiencia en el mundo del motorsport. Hemos vivido el primer mundial de un espa\u00f1ol en la categor\u00eda reina de motociclismo con \u00c1lex Crivill\u00e9, estuvimos en las victorias de Pedrosa y los t\u00edtulos de M\u00e1rquez, acompa\u00f1amos en \u00c1frica a Nani Roma y Marc Coma en sus conquistas del Dakar y hemos vibrado con los t\u00edtulos de Toni Bou en Trial. Adem\u00e1s, en nuestro equipo contamos con expertos en el mundo de las dos y cuatro ruedas tanto de la calle y las carreteras, como de los circuitos. Periodistas que han trabajado en revistas y publicaciones para hacerte llegar desde rutas y consejos de mantenimiento, a curiosidades y trucos de pilotaje.\",\"sameAs\":[\"https:\\\/\\\/www.facebook.com\\\/BoxRepsol\\\/\",\"https:\\\/\\\/www.instagram.com\\\/box_repsol\\\/\",\"https:\\\/\\\/x.com\\\/https:\\\/\\\/twitter.com\\\/box_repsol\",\"https:\\\/\\\/www.youtube.com\\\/@Boxrepsol\"],\"url\":\"https:\\\/\\\/www.boxrepsol.com\\\/es\\\/author\\\/redaccion-box-repsol\\\/\"}]}<\/script>\n<!-- \/ Yoast SEO plugin. -->","yoast_head_json":{"title":"Primera entrevista de Jorge Lorenzo con los colores Repsol Honda - Box Repsol","description":"Con cinco t\u00edtulos de Campe\u00f3n del Mundo, once temporadas en MotoGP, 282 carreras y 31 a\u00f1os, Jorge Lorenzo estrena este 2019 con un nuevo reto.","canonical":"https:\/\/www.boxrepsol.com\/es\/motogp\/primera-entrevista-jorge-lorenzo-los-colores-repsol-honda\/","og_locale":"es_ES","og_type":"article","og_title":"Primera entrevista de Jorge Lorenzo con los colores Repsol Honda - Box Repsol","og_description":"Con cinco t\u00edtulos de Campe\u00f3n del Mundo, once temporadas en MotoGP, 282 carreras y 31 a\u00f1os, Jorge Lorenzo estrena este 2019 con un nuevo reto.","og_url":"https:\/\/www.boxrepsol.com\/es\/motogp\/primera-entrevista-jorge-lorenzo-los-colores-repsol-honda\/","og_site_name":"Box Repsol","article_publisher":"https:\/\/www.facebook.com\/BoxRepsol","article_author":"https:\/\/www.facebook.com\/BoxRepsol\/","article_published_time":"2019-01-02T02:00:00+00:00","article_modified_time":"2024-05-22T10:05:22+00:00","og_image":[{"width":1280,"height":600,"url":"https:\/\/bxrepsol.s3.eu-west-1.amazonaws.com\/static\/2022\/08\/29084011\/00_jorge_lorenzo_repsol_honda_motogp.jpg","type":"image\/jpeg"}],"author":"Redacci\u00f3n Box Repsol","twitter_card":"summary_large_image","twitter_creator":"@https:\/\/twitter.com\/box_repsol","twitter_site":"@box_repsol","twitter_misc":{"Written by":"Redacci\u00f3n Box Repsol","Est. reading time":"5 minutos"},"schema":{"@context":"https:\/\/schema.org","@graph":[{"@type":"Article","@id":"https:\/\/www.boxrepsol.com\/es\/motogp\/primera-entrevista-jorge-lorenzo-los-colores-repsol-honda\/#article","isPartOf":{"@id":"https:\/\/www.boxrepsol.com\/es\/motogp\/primera-entrevista-jorge-lorenzo-los-colores-repsol-honda\/"},"author":{"name":"Redacci\u00f3n Box Repsol","@id":"https:\/\/www.boxrepsol.com\/es\/#\/schema\/person\/c5c2138f2cca251b0ad92b7086bb60b7"},"headline":"Primera entrevista de Jorge Lorenzo con los colores Repsol Honda","datePublished":"2019-01-02T02:00:00+00:00","dateModified":"2024-05-22T10:05:22+00:00","mainEntityOfPage":{"@id":"https:\/\/www.boxrepsol.com\/es\/motogp\/primera-entrevista-jorge-lorenzo-los-colores-repsol-honda\/"},"wordCount":912,"commentCount":0,"publisher":{"@id":"https:\/\/www.boxrepsol.com\/es\/#organization"},"image":{"@id":"https:\/\/www.boxrepsol.com\/es\/motogp\/primera-entrevista-jorge-lorenzo-los-colores-repsol-honda\/#primaryimage"},"thumbnailUrl":"https:\/\/bxrepsol.s3.eu-west-1.amazonaws.com\/static\/2022\/08\/29084011\/00_jorge_lorenzo_repsol_honda_motogp.jpg","keywords":["Jorge Lorenzo"],"articleSection":["MotoGP"],"inLanguage":"es","potentialAction":[{"@type":"CommentAction","name":"Comment","target":["https:\/\/www.boxrepsol.com\/es\/motogp\/primera-entrevista-jorge-lorenzo-los-colores-repsol-honda\/#respond"]}]},{"@type":"WebPage","@id":"https:\/\/www.boxrepsol.com\/es\/motogp\/primera-entrevista-jorge-lorenzo-los-colores-repsol-honda\/","url":"https:\/\/www.boxrepsol.com\/es\/motogp\/primera-entrevista-jorge-lorenzo-los-colores-repsol-honda\/","name":"Primera entrevista de Jorge Lorenzo con los colores Repsol Honda - Box Repsol","isPartOf":{"@id":"https:\/\/www.boxrepsol.com\/es\/#website"},"primaryImageOfPage":{"@id":"https:\/\/www.boxrepsol.com\/es\/motogp\/primera-entrevista-jorge-lorenzo-los-colores-repsol-honda\/#primaryimage"},"image":{"@id":"https:\/\/www.boxrepsol.com\/es\/motogp\/primera-entrevista-jorge-lorenzo-los-colores-repsol-honda\/#primaryimage"},"thumbnailUrl":"https:\/\/bxrepsol.s3.eu-west-1.amazonaws.com\/static\/2022\/08\/29084011\/00_jorge_lorenzo_repsol_honda_motogp.jpg","datePublished":"2019-01-02T02:00:00+00:00","dateModified":"2024-05-22T10:05:22+00:00","description":"Con cinco t\u00edtulos de Campe\u00f3n del Mundo, once temporadas en MotoGP, 282 carreras y 31 a\u00f1os, Jorge Lorenzo estrena este 2019 con un nuevo reto.","breadcrumb":{"@id":"https:\/\/www.boxrepsol.com\/es\/motogp\/primera-entrevista-jorge-lorenzo-los-colores-repsol-honda\/#breadcrumb"},"inLanguage":"es","potentialAction":[{"@type":"ReadAction","target":["https:\/\/www.boxrepsol.com\/es\/motogp\/primera-entrevista-jorge-lorenzo-los-colores-repsol-honda\/"]}]},{"@type":"ImageObject","inLanguage":"es","@id":"https:\/\/www.boxrepsol.com\/es\/motogp\/primera-entrevista-jorge-lorenzo-los-colores-repsol-honda\/#primaryimage","url":"https:\/\/bxrepsol.s3.eu-west-1.amazonaws.com\/static\/2022\/08\/29084011\/00_jorge_lorenzo_repsol_honda_motogp.jpg","contentUrl":"https:\/\/bxrepsol.s3.eu-west-1.amazonaws.com\/static\/2022\/08\/29084011\/00_jorge_lorenzo_repsol_honda_motogp.jpg","width":1280,"height":600,"caption":"Jorge Lorenzo entrevistado"},{"@type":"BreadcrumbList","@id":"https:\/\/www.boxrepsol.com\/es\/motogp\/primera-entrevista-jorge-lorenzo-los-colores-repsol-honda\/#breadcrumb","itemListElement":[{"@type":"ListItem","position":1,"name":"Home","item":"https:\/\/www.boxrepsol.com\/es\/"},{"@type":"ListItem","position":2,"name":"Primera entrevista de Jorge Lorenzo con los colores Repsol Honda"}]},{"@type":"WebSite","@id":"https:\/\/www.boxrepsol.com\/es\/#website","url":"https:\/\/www.boxrepsol.com\/es\/","name":"Box Repsol","description":"Box Repsol Site","publisher":{"@id":"https:\/\/www.boxrepsol.com\/es\/#organization"},"potentialAction":[{"@type":"SearchAction","target":{"@type":"EntryPoint","urlTemplate":"https:\/\/www.boxrepsol.com\/es\/?s={search_term_string}"},"query-input":{"@type":"PropertyValueSpecification","valueRequired":true,"valueName":"search_term_string"}}],"inLanguage":"es"},{"@type":"Organization","@id":"https:\/\/www.boxrepsol.com\/es\/#organization","name":"Box Repsol","url":"https:\/\/www.boxrepsol.com\/es\/","logo":{"@type":"ImageObject","inLanguage":"es","@id":"https:\/\/www.boxrepsol.com\/es\/#\/schema\/logo\/image\/","url":"https:\/\/bxrepsol.s3.eu-west-1.amazonaws.com\/static\/2025\/07\/30083337\/favicon-96x96-1.png","contentUrl":"https:\/\/bxrepsol.s3.eu-west-1.amazonaws.com\/static\/2025\/07\/30083337\/favicon-96x96-1.png","width":96,"height":96,"caption":"Box Repsol"},"image":{"@id":"https:\/\/www.boxrepsol.com\/es\/#\/schema\/logo\/image\/"},"sameAs":["https:\/\/www.facebook.com\/BoxRepsol","https:\/\/x.com\/box_repsol","http:\/\/instagram.com\/box_repsol","https:\/\/www.youtube.com\/user\/RepsolCompeticion","https:\/\/www.flickr.com\/photos\/box_repsol\/"]},{"@type":"Person","@id":"https:\/\/www.boxrepsol.com\/es\/#\/schema\/person\/c5c2138f2cca251b0ad92b7086bb60b7","name":"Redacci\u00f3n Box Repsol","image":{"@type":"ImageObject","inLanguage":"es","@id":"https:\/\/secure.gravatar.com\/avatar\/adf7b77e38b4419baf32c7e9c21dde01f4e40df611f0978e3006fc4ba0aaab7e?s=96&d=mm&r=g","url":"https:\/\/secure.gravatar.com\/avatar\/adf7b77e38b4419baf32c7e9c21dde01f4e40df611f0978e3006fc4ba0aaab7e?s=96&d=mm&r=g","contentUrl":"https:\/\/secure.gravatar.com\/avatar\/adf7b77e38b4419baf32c7e9c21dde01f4e40df611f0978e3006fc4ba0aaab7e?s=96&d=mm&r=g","caption":"Redacci\u00f3n Box Repsol"},"description":"Box Repsol lo forma un equipo de periodistas, community managers, dise\u00f1adores y fot\u00f3grafos con m\u00e1s de 20 a\u00f1os de experiencia en el mundo del motorsport. Hemos vivido el primer mundial de un espa\u00f1ol en la categor\u00eda reina de motociclismo con \u00c1lex Crivill\u00e9, estuvimos en las victorias de Pedrosa y los t\u00edtulos de M\u00e1rquez, acompa\u00f1amos en \u00c1frica a Nani Roma y Marc Coma en sus conquistas del Dakar y hemos vibrado con los t\u00edtulos de Toni Bou en Trial. Adem\u00e1s, en nuestro equipo contamos con expertos en el mundo de las dos y cuatro ruedas tanto de la calle y las carreteras, como de los circuitos. Periodistas que han trabajado en revistas y publicaciones para hacerte llegar desde rutas y consejos de mantenimiento, a curiosidades y trucos de pilotaje.","sameAs":["https:\/\/www.facebook.com\/BoxRepsol\/","https:\/\/www.instagram.com\/box_repsol\/","https:\/\/x.com\/https:\/\/twitter.com\/box_repsol","https:\/\/www.youtube.com\/@Boxrepsol"],"url":"https:\/\/www.boxrepsol.com\/es\/author\/redaccion-box-repsol\/"}]}},"_links":{"self":[{"href":"https:\/\/www.boxrepsol.com\/es\/wp-json\/wp\/v2\/posts\/93631","targetHints":{"allow":["GET"]}}],"collection":[{"href":"https:\/\/www.boxrepsol.com\/es\/wp-json\/wp\/v2\/posts"}],"about":[{"href":"https:\/\/www.boxrepsol.com\/es\/wp-json\/wp\/v2\/types\/post"}],"author":[{"embeddable":true,"href":"https:\/\/www.boxrepsol.com\/es\/wp-json\/wp\/v2\/users\/43146"}],"replies":[{"embeddable":true,"href":"https:\/\/www.boxrepsol.com\/es\/wp-json\/wp\/v2\/comments?post=93631"}],"version-history":[{"count":1,"href":"https:\/\/www.boxrepsol.com\/es\/wp-json\/wp\/v2\/posts\/93631\/revisions"}],"predecessor-version":[{"id":93632,"href":"https:\/\/www.boxrepsol.com\/es\/wp-json\/wp\/v2\/posts\/93631\/revisions\/93632"}],"wp:featuredmedia":[{"embeddable":true,"href":"https:\/\/www.boxrepsol.com\/es\/wp-json\/wp\/v2\/media\/60502"}],"wp:attachment":[{"href":"https:\/\/www.boxrepsol.com\/es\/wp-json\/wp\/v2\/media?parent=93631"}],"wp:term":[{"taxonomy":"category","embeddable":true,"href":"https:\/\/www.boxrepsol.com\/es\/wp-json\/wp\/v2\/categories?post=93631"},{"taxonomy":"post_tag","embeddable":true,"href":"https:\/\/www.boxrepsol.com\/es\/wp-json\/wp\/v2\/tags?post=93631"}],"curies":[{"name":"wp","href":"https:\/\/api.w.org\/{rel}","templated":true}]}}