{"id":93629,"date":"2019-01-02T00:00:00","date_gmt":"2019-01-02T02:00:00","guid":{"rendered":"http:\/\/pre.boxrepsol.com\/sin-categorizar\/isidre-esteve-vuela-peru-busca-mejor-resultado\/"},"modified":"2024-05-22T08:05:07","modified_gmt":"2024-05-22T10:05:07","slug":"isidre-esteve-vuela-peru-busca-mejor-resultado","status":"publish","type":"post","link":"https:\/\/www.boxrepsol.com\/es\/rally\/isidre-esteve-vuela-peru-busca-mejor-resultado\/","title":{"rendered":"Isidre Esteve vuela a Per\u00fa en busca de su mejor resultado"},"content":{"rendered":"<blockquote><p>&nbsp;<\/p>\n<p>Ya tengo muchas ganas de que empiece el Dakar, para culminar el gran trabajo realizado durante toda la temporada<\/p>\n<p>&nbsp;<\/p><\/blockquote>\n<p>Isidre Esteve ya viaja hacia Lima, para disputar a partir del 6 de enero <strong>la 41\u00aa edici\u00f3n del Rally Dakar<\/strong>. El piloto del Repsol Rally Team vivir\u00e1 su cuarta participaci\u00f3n en coches desde que sufri\u00f3 su lesi\u00f3n medular y la afronta en mejores condiciones que nunca. Su objetivo es intentar superar el 21\u00ba lugar firmado el a\u00f1o pasado con el prototipo BV6 de Sodicars.\u00a0<em>\u201cEsperamos competir, divertirnos y que el trabajo de toda la temporada se vea reflejado en el resultado final\u201d<\/em>, comentaba el ilerdense.<\/p>\n<p>Isidre Esteve vuela hacia Per\u00fa desde Barcelona, tras realizar escala en Madrid, con su equipaje cargado de ilusiones y con la tranquilidad de llegar a la gran cita de la temporada con los deberes bien hechos. \u201c<em>Estamos con ganas de aterrizar en Lima y muy contentos de que empiece ya el Dakar. Desde que embarcamos el coche, hemos tenido unos \u00faltimos d\u00edas con mucha intensidad de trabajo para llegar lo mejor posible\u201d<\/em>, explicaba en el aeropuerto barcelon\u00e9s.<\/p>\n<p>La larga espera llega a su fin e Isidre Esteve espera recoger los frutos de la concienzuda preparaci\u00f3n realizada a lo largo del a\u00f1o, con muchos kil\u00f3metros acumulados en la <a href=\"https:\/\/www.boxrepsol.com\/es\/rally\/isidre-esteve-esperanzador-podio-baja-aragon\/\">Baja Arag\u00f3n<\/a>, el <a href=\"https:\/\/www.boxrepsol.com\/es\/rally\/isidre-esteve-acaba-rally-marruecos-espectacular-9o-lugar\/\">Rally de Marruecos<\/a> y diversos test previos.\u00a0<em>\u201cNuestro objetivo final es intentar mejorar el resultado de la \u00faltima edici\u00f3n. Para eso hemos trabajado tan duro estos meses y hemos introducido tantos cambios en nuestro coche, aunque no ser\u00e1 f\u00e1cil porque hay muchos rivales buenos\u201d<\/em>, confiesa.<\/p>\n<p>&nbsp;<\/p>\n<figure><picture style=\"padding-bottom: 66.760762173606%; background-image: url('https:\/\/bxrepsol.s3.eu-west-1.amazonaws.com\/static\/2022\/08\/05063224\/01_isidre_esteve_lidia_guerrero_repsol_rally_team.jpg');\"> <img decoding=\"async\" src=\"https:\/\/bxrepsol.s3.eu-west-1.amazonaws.com\/static\/2022\/08\/05063224\/01_isidre_esteve_lidia_guerrero_repsol_rally_team.jpg\" \/><\/picture> <picture style=\"padding-bottom: 66.760762173606%; background-image: url('https:\/\/bxrepsol.s3.eu-west-1.amazonaws.com\/static\/2022\/08\/05063224\/01_isidre_esteve_lidia_guerrero_repsol_rally_team.jpg');\"><img title=\"Isidre esteve con Lidia Guerrero en el aeropuerto de Barcelona\" alt=\"Isidre Esteve con Lidia Guerero, preparadora f\u00edsica y pareja del piloto\" data-srcset=\"https:\/\/bxrepsol.s3.eu-west-1.amazonaws.com\/static\/2022\/08\/05063224\/01_isidre_esteve_lidia_guerrero_repsol_rally_team.jpg 480w, https:\/\/bxrepsol.s3.eu-west-1.amazonaws.com\/static\/2022\/08\/05063224\/01_isidre_esteve_lidia_guerrero_repsol_rally_team.jpg 600w, https:\/\/bxrepsol.s3.eu-west-1.amazonaws.com\/static\/2022\/08\/05063224\/01_isidre_esteve_lidia_guerrero_repsol_rally_team.jpg 900w, https:\/\/bxrepsol.s3.eu-west-1.amazonaws.com\/static\/2022\/08\/05063224\/01_isidre_esteve_lidia_guerrero_repsol_rally_team.jpg 1280w\" data-src=\"https:\/\/bxrepsol.s3.eu-west-1.amazonaws.com\/static\/2022\/08\/05063224\/01_isidre_esteve_lidia_guerrero_repsol_rally_team.jpg\" \/><\/picture><noscript><img decoding=\"async\" src=\"https:\/\/bxrepsol.s3.eu-west-1.amazonaws.com\/static\/2022\/08\/05063224\/01_isidre_esteve_lidia_guerrero_repsol_rally_team.jpg\" alt=\"Isidre Esteve con Lidia Guerero, preparadora f\u00edsica y pareja del piloto\"><\/noscript><figcaption>Isidre Esteve con Lidia Guerero, preparadora f\u00edsica y pareja del piloto<\/figcaption><\/figure>\n<p>&nbsp;<\/p>\n<p>Junto a su copiloto <strong>Txema Villalobos<\/strong>, Isidre Esteve ha estudiado a fondo el recorrido del Dakar 2019 que se desarrollar\u00e1 \u00edntegramente por Per\u00fa, con m\u00e1s de 5.000 kil\u00f3metros y casi 3.000 cronometrados, con un 70% sobre arena. El piloto del Repsol Rally Team presagia\u00a0<em>\u201cuna edici\u00f3n at\u00edpica pero lo suficientemente exigente para que podamos disfrutar, con 10 etapas muy intensas, m\u00e1s que las del a\u00f1o pasado. La etapa marat\u00f3n antes de la jornada de descanso ser\u00e1 nueva para nosotros y seguro que muy dif\u00edcil. Nos hemos preparado para este momento\u201d<\/em>.<\/p>\n<p>El de Oliana considera <strong>fundamental conservar la calma en las primeras jornadas<\/strong> y ser fiel a la estrategia inicial:\u00a0<em>\u201cAl principio no va a ser un Dakar nada f\u00e1cil y tendremos que ser pacientes, porque todo el mundo va a querer correr much\u00edsimo. Nosotros deberemos mantener la tranquilidad, sin olvidar en ning\u00fan momento que el objetivo es regresar a Lima el d\u00eda 17 y buscar una buena clasificaci\u00f3n\u201d.<\/em><\/p>\n","protected":false},"excerpt":{"rendered":"<p>El piloto de Oliana es uno de los primeros participantes en viajar hacia Lima, junto al resto de miembros del Repsol Rally Team.<\/p>\n","protected":false},"author":43146,"featured_media":60496,"comment_status":"open","ping_status":"open","sticky":false,"template":"","format":"standard","meta":{"footnotes":""},"categories":[27],"tags":[29],"class_list":["post-93629","post","type-post","status-publish","format-standard","hentry","category-rally","tag-isidre-esteve"],"yoast_head":"<!-- This site is optimized with the Yoast SEO plugin v27.3 - https:\/\/yoast.com\/product\/yoast-seo-wordpress\/ -->\n<title>Isidre Esteve vuela a Per\u00fa en busca de su mejor resultado - Box Repsol<\/title>\n<meta name=\"description\" content=\"El piloto de Oliana es uno de los primeros participantes en viajar hacia Lima, junto al resto de miembros del Repsol Rally Team.\" \/>\n<link rel=\"canonical\" href=\"https:\/\/www.boxrepsol.com\/es\/rally\/isidre-esteve-vuela-peru-busca-mejor-resultado\/\" \/>\n<meta property=\"og:locale\" content=\"es_ES\" \/>\n<meta property=\"og:type\" content=\"article\" \/>\n<meta property=\"og:title\" content=\"Isidre Esteve vuela a Per\u00fa en busca de su mejor resultado - Box Repsol\" \/>\n<meta property=\"og:description\" content=\"El piloto de Oliana es uno de los primeros participantes en viajar hacia Lima, junto al resto de miembros del Repsol Rally Team.\" \/>\n<meta property=\"og:url\" content=\"https:\/\/www.boxrepsol.com\/es\/rally\/isidre-esteve-vuela-peru-busca-mejor-resultado\/\" \/>\n<meta property=\"og:site_name\" content=\"Box Repsol\" \/>\n<meta property=\"article:publisher\" content=\"https:\/\/www.facebook.com\/BoxRepsol\" \/>\n<meta property=\"article:author\" content=\"https:\/\/www.facebook.com\/BoxRepsol\/\" \/>\n<meta property=\"article:published_time\" content=\"2019-01-02T02:00:00+00:00\" \/>\n<meta property=\"article:modified_time\" content=\"2024-05-22T10:05:07+00:00\" \/>\n<meta property=\"og:image\" content=\"https:\/\/bxrepsol.s3.eu-west-1.amazonaws.com\/static\/2022\/08\/29084008\/00_isidre_esteve_aeropuerto_barcelona_dakar_2019_repsol_rally_team.jpg\" \/>\n\t<meta property=\"og:image:width\" content=\"1280\" \/>\n\t<meta property=\"og:image:height\" content=\"600\" \/>\n\t<meta property=\"og:image:type\" content=\"image\/jpeg\" \/>\n<meta name=\"author\" content=\"Redacci\u00f3n Box Repsol\" \/>\n<meta name=\"twitter:card\" content=\"summary_large_image\" \/>\n<meta name=\"twitter:creator\" content=\"@https:\/\/twitter.com\/box_repsol\" \/>\n<meta name=\"twitter:site\" content=\"@box_repsol\" \/>\n<meta name=\"twitter:label1\" content=\"Written by\" \/>\n\t<meta name=\"twitter:data1\" content=\"Redacci\u00f3n Box Repsol\" \/>\n\t<meta name=\"twitter:label2\" content=\"Est. reading time\" \/>\n\t<meta name=\"twitter:data2\" content=\"2 minutos\" \/>\n<script type=\"application\/ld+json\" class=\"yoast-schema-graph\">{\"@context\":\"https:\\\/\\\/schema.org\",\"@graph\":[{\"@type\":\"Article\",\"@id\":\"https:\\\/\\\/www.boxrepsol.com\\\/es\\\/rally\\\/isidre-esteve-vuela-peru-busca-mejor-resultado\\\/#article\",\"isPartOf\":{\"@id\":\"https:\\\/\\\/www.boxrepsol.com\\\/es\\\/rally\\\/isidre-esteve-vuela-peru-busca-mejor-resultado\\\/\"},\"author\":{\"name\":\"Redacci\u00f3n Box Repsol\",\"@id\":\"https:\\\/\\\/www.boxrepsol.com\\\/es\\\/#\\\/schema\\\/person\\\/c5c2138f2cca251b0ad92b7086bb60b7\"},\"headline\":\"Isidre Esteve vuela a Per\u00fa en busca de su mejor resultado\",\"datePublished\":\"2019-01-02T02:00:00+00:00\",\"dateModified\":\"2024-05-22T10:05:07+00:00\",\"mainEntityOfPage\":{\"@id\":\"https:\\\/\\\/www.boxrepsol.com\\\/es\\\/rally\\\/isidre-esteve-vuela-peru-busca-mejor-resultado\\\/\"},\"wordCount\":460,\"commentCount\":0,\"publisher\":{\"@id\":\"https:\\\/\\\/www.boxrepsol.com\\\/es\\\/#organization\"},\"image\":{\"@id\":\"https:\\\/\\\/www.boxrepsol.com\\\/es\\\/rally\\\/isidre-esteve-vuela-peru-busca-mejor-resultado\\\/#primaryimage\"},\"thumbnailUrl\":\"https:\\\/\\\/bxrepsol.s3.eu-west-1.amazonaws.com\\\/static\\\/2022\\\/08\\\/29084008\\\/00_isidre_esteve_aeropuerto_barcelona_dakar_2019_repsol_rally_team.jpg\",\"keywords\":[\"Isidre Esteve\"],\"articleSection\":[\"Rally\"],\"inLanguage\":\"es\",\"potentialAction\":[{\"@type\":\"CommentAction\",\"name\":\"Comment\",\"target\":[\"https:\\\/\\\/www.boxrepsol.com\\\/es\\\/rally\\\/isidre-esteve-vuela-peru-busca-mejor-resultado\\\/#respond\"]}]},{\"@type\":\"WebPage\",\"@id\":\"https:\\\/\\\/www.boxrepsol.com\\\/es\\\/rally\\\/isidre-esteve-vuela-peru-busca-mejor-resultado\\\/\",\"url\":\"https:\\\/\\\/www.boxrepsol.com\\\/es\\\/rally\\\/isidre-esteve-vuela-peru-busca-mejor-resultado\\\/\",\"name\":\"Isidre Esteve vuela a Per\u00fa en busca de su mejor resultado - Box Repsol\",\"isPartOf\":{\"@id\":\"https:\\\/\\\/www.boxrepsol.com\\\/es\\\/#website\"},\"primaryImageOfPage\":{\"@id\":\"https:\\\/\\\/www.boxrepsol.com\\\/es\\\/rally\\\/isidre-esteve-vuela-peru-busca-mejor-resultado\\\/#primaryimage\"},\"image\":{\"@id\":\"https:\\\/\\\/www.boxrepsol.com\\\/es\\\/rally\\\/isidre-esteve-vuela-peru-busca-mejor-resultado\\\/#primaryimage\"},\"thumbnailUrl\":\"https:\\\/\\\/bxrepsol.s3.eu-west-1.amazonaws.com\\\/static\\\/2022\\\/08\\\/29084008\\\/00_isidre_esteve_aeropuerto_barcelona_dakar_2019_repsol_rally_team.jpg\",\"datePublished\":\"2019-01-02T02:00:00+00:00\",\"dateModified\":\"2024-05-22T10:05:07+00:00\",\"description\":\"El piloto de Oliana es uno de los primeros participantes en viajar hacia Lima, junto al resto de miembros del Repsol Rally Team.\",\"breadcrumb\":{\"@id\":\"https:\\\/\\\/www.boxrepsol.com\\\/es\\\/rally\\\/isidre-esteve-vuela-peru-busca-mejor-resultado\\\/#breadcrumb\"},\"inLanguage\":\"es\",\"potentialAction\":[{\"@type\":\"ReadAction\",\"target\":[\"https:\\\/\\\/www.boxrepsol.com\\\/es\\\/rally\\\/isidre-esteve-vuela-peru-busca-mejor-resultado\\\/\"]}]},{\"@type\":\"ImageObject\",\"inLanguage\":\"es\",\"@id\":\"https:\\\/\\\/www.boxrepsol.com\\\/es\\\/rally\\\/isidre-esteve-vuela-peru-busca-mejor-resultado\\\/#primaryimage\",\"url\":\"https:\\\/\\\/bxrepsol.s3.eu-west-1.amazonaws.com\\\/static\\\/2022\\\/08\\\/29084008\\\/00_isidre_esteve_aeropuerto_barcelona_dakar_2019_repsol_rally_team.jpg\",\"contentUrl\":\"https:\\\/\\\/bxrepsol.s3.eu-west-1.amazonaws.com\\\/static\\\/2022\\\/08\\\/29084008\\\/00_isidre_esteve_aeropuerto_barcelona_dakar_2019_repsol_rally_team.jpg\",\"width\":1280,\"height\":600,\"caption\":\"Isidre Esteve, piloto del Repsol Rally Team\"},{\"@type\":\"BreadcrumbList\",\"@id\":\"https:\\\/\\\/www.boxrepsol.com\\\/es\\\/rally\\\/isidre-esteve-vuela-peru-busca-mejor-resultado\\\/#breadcrumb\",\"itemListElement\":[{\"@type\":\"ListItem\",\"position\":1,\"name\":\"Home\",\"item\":\"https:\\\/\\\/www.boxrepsol.com\\\/es\\\/\"},{\"@type\":\"ListItem\",\"position\":2,\"name\":\"Isidre Esteve vuela a Per\u00fa en busca de su mejor resultado\"}]},{\"@type\":\"WebSite\",\"@id\":\"https:\\\/\\\/www.boxrepsol.com\\\/es\\\/#website\",\"url\":\"https:\\\/\\\/www.boxrepsol.com\\\/es\\\/\",\"name\":\"Box Repsol\",\"description\":\"Box Repsol Site\",\"publisher\":{\"@id\":\"https:\\\/\\\/www.boxrepsol.com\\\/es\\\/#organization\"},\"potentialAction\":[{\"@type\":\"SearchAction\",\"target\":{\"@type\":\"EntryPoint\",\"urlTemplate\":\"https:\\\/\\\/www.boxrepsol.com\\\/es\\\/?s={search_term_string}\"},\"query-input\":{\"@type\":\"PropertyValueSpecification\",\"valueRequired\":true,\"valueName\":\"search_term_string\"}}],\"inLanguage\":\"es\"},{\"@type\":\"Organization\",\"@id\":\"https:\\\/\\\/www.boxrepsol.com\\\/es\\\/#organization\",\"name\":\"Box Repsol\",\"url\":\"https:\\\/\\\/www.boxrepsol.com\\\/es\\\/\",\"logo\":{\"@type\":\"ImageObject\",\"inLanguage\":\"es\",\"@id\":\"https:\\\/\\\/www.boxrepsol.com\\\/es\\\/#\\\/schema\\\/logo\\\/image\\\/\",\"url\":\"https:\\\/\\\/bxrepsol.s3.eu-west-1.amazonaws.com\\\/static\\\/2025\\\/07\\\/30083337\\\/favicon-96x96-1.png\",\"contentUrl\":\"https:\\\/\\\/bxrepsol.s3.eu-west-1.amazonaws.com\\\/static\\\/2025\\\/07\\\/30083337\\\/favicon-96x96-1.png\",\"width\":96,\"height\":96,\"caption\":\"Box Repsol\"},\"image\":{\"@id\":\"https:\\\/\\\/www.boxrepsol.com\\\/es\\\/#\\\/schema\\\/logo\\\/image\\\/\"},\"sameAs\":[\"https:\\\/\\\/www.facebook.com\\\/BoxRepsol\",\"https:\\\/\\\/x.com\\\/box_repsol\",\"http:\\\/\\\/instagram.com\\\/box_repsol\",\"https:\\\/\\\/www.youtube.com\\\/user\\\/RepsolCompeticion\",\"https:\\\/\\\/www.flickr.com\\\/photos\\\/box_repsol\\\/\"]},{\"@type\":\"Person\",\"@id\":\"https:\\\/\\\/www.boxrepsol.com\\\/es\\\/#\\\/schema\\\/person\\\/c5c2138f2cca251b0ad92b7086bb60b7\",\"name\":\"Redacci\u00f3n Box Repsol\",\"image\":{\"@type\":\"ImageObject\",\"inLanguage\":\"es\",\"@id\":\"https:\\\/\\\/secure.gravatar.com\\\/avatar\\\/adf7b77e38b4419baf32c7e9c21dde01f4e40df611f0978e3006fc4ba0aaab7e?s=96&d=mm&r=g\",\"url\":\"https:\\\/\\\/secure.gravatar.com\\\/avatar\\\/adf7b77e38b4419baf32c7e9c21dde01f4e40df611f0978e3006fc4ba0aaab7e?s=96&d=mm&r=g\",\"contentUrl\":\"https:\\\/\\\/secure.gravatar.com\\\/avatar\\\/adf7b77e38b4419baf32c7e9c21dde01f4e40df611f0978e3006fc4ba0aaab7e?s=96&d=mm&r=g\",\"caption\":\"Redacci\u00f3n Box Repsol\"},\"description\":\"Box Repsol lo forma un equipo de periodistas, community managers, dise\u00f1adores y fot\u00f3grafos con m\u00e1s de 20 a\u00f1os de experiencia en el mundo del motorsport. Hemos vivido el primer mundial de un espa\u00f1ol en la categor\u00eda reina de motociclismo con \u00c1lex Crivill\u00e9, estuvimos en las victorias de Pedrosa y los t\u00edtulos de M\u00e1rquez, acompa\u00f1amos en \u00c1frica a Nani Roma y Marc Coma en sus conquistas del Dakar y hemos vibrado con los t\u00edtulos de Toni Bou en Trial. Adem\u00e1s, en nuestro equipo contamos con expertos en el mundo de las dos y cuatro ruedas tanto de la calle y las carreteras, como de los circuitos. Periodistas que han trabajado en revistas y publicaciones para hacerte llegar desde rutas y consejos de mantenimiento, a curiosidades y trucos de pilotaje.\",\"sameAs\":[\"https:\\\/\\\/www.facebook.com\\\/BoxRepsol\\\/\",\"https:\\\/\\\/www.instagram.com\\\/box_repsol\\\/\",\"https:\\\/\\\/x.com\\\/https:\\\/\\\/twitter.com\\\/box_repsol\",\"https:\\\/\\\/www.youtube.com\\\/@Boxrepsol\"],\"url\":\"https:\\\/\\\/www.boxrepsol.com\\\/es\\\/author\\\/redaccion-box-repsol\\\/\"}]}<\/script>\n<!-- \/ Yoast SEO plugin. -->","yoast_head_json":{"title":"Isidre Esteve vuela a Per\u00fa en busca de su mejor resultado - Box Repsol","description":"El piloto de Oliana es uno de los primeros participantes en viajar hacia Lima, junto al resto de miembros del Repsol Rally Team.","canonical":"https:\/\/www.boxrepsol.com\/es\/rally\/isidre-esteve-vuela-peru-busca-mejor-resultado\/","og_locale":"es_ES","og_type":"article","og_title":"Isidre Esteve vuela a Per\u00fa en busca de su mejor resultado - Box Repsol","og_description":"El piloto de Oliana es uno de los primeros participantes en viajar hacia Lima, junto al resto de miembros del Repsol Rally Team.","og_url":"https:\/\/www.boxrepsol.com\/es\/rally\/isidre-esteve-vuela-peru-busca-mejor-resultado\/","og_site_name":"Box Repsol","article_publisher":"https:\/\/www.facebook.com\/BoxRepsol","article_author":"https:\/\/www.facebook.com\/BoxRepsol\/","article_published_time":"2019-01-02T02:00:00+00:00","article_modified_time":"2024-05-22T10:05:07+00:00","og_image":[{"width":1280,"height":600,"url":"https:\/\/bxrepsol.s3.eu-west-1.amazonaws.com\/static\/2022\/08\/29084008\/00_isidre_esteve_aeropuerto_barcelona_dakar_2019_repsol_rally_team.jpg","type":"image\/jpeg"}],"author":"Redacci\u00f3n Box Repsol","twitter_card":"summary_large_image","twitter_creator":"@https:\/\/twitter.com\/box_repsol","twitter_site":"@box_repsol","twitter_misc":{"Written by":"Redacci\u00f3n Box Repsol","Est. reading time":"2 minutos"},"schema":{"@context":"https:\/\/schema.org","@graph":[{"@type":"Article","@id":"https:\/\/www.boxrepsol.com\/es\/rally\/isidre-esteve-vuela-peru-busca-mejor-resultado\/#article","isPartOf":{"@id":"https:\/\/www.boxrepsol.com\/es\/rally\/isidre-esteve-vuela-peru-busca-mejor-resultado\/"},"author":{"name":"Redacci\u00f3n Box Repsol","@id":"https:\/\/www.boxrepsol.com\/es\/#\/schema\/person\/c5c2138f2cca251b0ad92b7086bb60b7"},"headline":"Isidre Esteve vuela a Per\u00fa en busca de su mejor resultado","datePublished":"2019-01-02T02:00:00+00:00","dateModified":"2024-05-22T10:05:07+00:00","mainEntityOfPage":{"@id":"https:\/\/www.boxrepsol.com\/es\/rally\/isidre-esteve-vuela-peru-busca-mejor-resultado\/"},"wordCount":460,"commentCount":0,"publisher":{"@id":"https:\/\/www.boxrepsol.com\/es\/#organization"},"image":{"@id":"https:\/\/www.boxrepsol.com\/es\/rally\/isidre-esteve-vuela-peru-busca-mejor-resultado\/#primaryimage"},"thumbnailUrl":"https:\/\/bxrepsol.s3.eu-west-1.amazonaws.com\/static\/2022\/08\/29084008\/00_isidre_esteve_aeropuerto_barcelona_dakar_2019_repsol_rally_team.jpg","keywords":["Isidre Esteve"],"articleSection":["Rally"],"inLanguage":"es","potentialAction":[{"@type":"CommentAction","name":"Comment","target":["https:\/\/www.boxrepsol.com\/es\/rally\/isidre-esteve-vuela-peru-busca-mejor-resultado\/#respond"]}]},{"@type":"WebPage","@id":"https:\/\/www.boxrepsol.com\/es\/rally\/isidre-esteve-vuela-peru-busca-mejor-resultado\/","url":"https:\/\/www.boxrepsol.com\/es\/rally\/isidre-esteve-vuela-peru-busca-mejor-resultado\/","name":"Isidre Esteve vuela a Per\u00fa en busca de su mejor resultado - Box Repsol","isPartOf":{"@id":"https:\/\/www.boxrepsol.com\/es\/#website"},"primaryImageOfPage":{"@id":"https:\/\/www.boxrepsol.com\/es\/rally\/isidre-esteve-vuela-peru-busca-mejor-resultado\/#primaryimage"},"image":{"@id":"https:\/\/www.boxrepsol.com\/es\/rally\/isidre-esteve-vuela-peru-busca-mejor-resultado\/#primaryimage"},"thumbnailUrl":"https:\/\/bxrepsol.s3.eu-west-1.amazonaws.com\/static\/2022\/08\/29084008\/00_isidre_esteve_aeropuerto_barcelona_dakar_2019_repsol_rally_team.jpg","datePublished":"2019-01-02T02:00:00+00:00","dateModified":"2024-05-22T10:05:07+00:00","description":"El piloto de Oliana es uno de los primeros participantes en viajar hacia Lima, junto al resto de miembros del Repsol Rally Team.","breadcrumb":{"@id":"https:\/\/www.boxrepsol.com\/es\/rally\/isidre-esteve-vuela-peru-busca-mejor-resultado\/#breadcrumb"},"inLanguage":"es","potentialAction":[{"@type":"ReadAction","target":["https:\/\/www.boxrepsol.com\/es\/rally\/isidre-esteve-vuela-peru-busca-mejor-resultado\/"]}]},{"@type":"ImageObject","inLanguage":"es","@id":"https:\/\/www.boxrepsol.com\/es\/rally\/isidre-esteve-vuela-peru-busca-mejor-resultado\/#primaryimage","url":"https:\/\/bxrepsol.s3.eu-west-1.amazonaws.com\/static\/2022\/08\/29084008\/00_isidre_esteve_aeropuerto_barcelona_dakar_2019_repsol_rally_team.jpg","contentUrl":"https:\/\/bxrepsol.s3.eu-west-1.amazonaws.com\/static\/2022\/08\/29084008\/00_isidre_esteve_aeropuerto_barcelona_dakar_2019_repsol_rally_team.jpg","width":1280,"height":600,"caption":"Isidre Esteve, piloto del Repsol Rally Team"},{"@type":"BreadcrumbList","@id":"https:\/\/www.boxrepsol.com\/es\/rally\/isidre-esteve-vuela-peru-busca-mejor-resultado\/#breadcrumb","itemListElement":[{"@type":"ListItem","position":1,"name":"Home","item":"https:\/\/www.boxrepsol.com\/es\/"},{"@type":"ListItem","position":2,"name":"Isidre Esteve vuela a Per\u00fa en busca de su mejor resultado"}]},{"@type":"WebSite","@id":"https:\/\/www.boxrepsol.com\/es\/#website","url":"https:\/\/www.boxrepsol.com\/es\/","name":"Box Repsol","description":"Box Repsol Site","publisher":{"@id":"https:\/\/www.boxrepsol.com\/es\/#organization"},"potentialAction":[{"@type":"SearchAction","target":{"@type":"EntryPoint","urlTemplate":"https:\/\/www.boxrepsol.com\/es\/?s={search_term_string}"},"query-input":{"@type":"PropertyValueSpecification","valueRequired":true,"valueName":"search_term_string"}}],"inLanguage":"es"},{"@type":"Organization","@id":"https:\/\/www.boxrepsol.com\/es\/#organization","name":"Box Repsol","url":"https:\/\/www.boxrepsol.com\/es\/","logo":{"@type":"ImageObject","inLanguage":"es","@id":"https:\/\/www.boxrepsol.com\/es\/#\/schema\/logo\/image\/","url":"https:\/\/bxrepsol.s3.eu-west-1.amazonaws.com\/static\/2025\/07\/30083337\/favicon-96x96-1.png","contentUrl":"https:\/\/bxrepsol.s3.eu-west-1.amazonaws.com\/static\/2025\/07\/30083337\/favicon-96x96-1.png","width":96,"height":96,"caption":"Box Repsol"},"image":{"@id":"https:\/\/www.boxrepsol.com\/es\/#\/schema\/logo\/image\/"},"sameAs":["https:\/\/www.facebook.com\/BoxRepsol","https:\/\/x.com\/box_repsol","http:\/\/instagram.com\/box_repsol","https:\/\/www.youtube.com\/user\/RepsolCompeticion","https:\/\/www.flickr.com\/photos\/box_repsol\/"]},{"@type":"Person","@id":"https:\/\/www.boxrepsol.com\/es\/#\/schema\/person\/c5c2138f2cca251b0ad92b7086bb60b7","name":"Redacci\u00f3n Box Repsol","image":{"@type":"ImageObject","inLanguage":"es","@id":"https:\/\/secure.gravatar.com\/avatar\/adf7b77e38b4419baf32c7e9c21dde01f4e40df611f0978e3006fc4ba0aaab7e?s=96&d=mm&r=g","url":"https:\/\/secure.gravatar.com\/avatar\/adf7b77e38b4419baf32c7e9c21dde01f4e40df611f0978e3006fc4ba0aaab7e?s=96&d=mm&r=g","contentUrl":"https:\/\/secure.gravatar.com\/avatar\/adf7b77e38b4419baf32c7e9c21dde01f4e40df611f0978e3006fc4ba0aaab7e?s=96&d=mm&r=g","caption":"Redacci\u00f3n Box Repsol"},"description":"Box Repsol lo forma un equipo de periodistas, community managers, dise\u00f1adores y fot\u00f3grafos con m\u00e1s de 20 a\u00f1os de experiencia en el mundo del motorsport. Hemos vivido el primer mundial de un espa\u00f1ol en la categor\u00eda reina de motociclismo con \u00c1lex Crivill\u00e9, estuvimos en las victorias de Pedrosa y los t\u00edtulos de M\u00e1rquez, acompa\u00f1amos en \u00c1frica a Nani Roma y Marc Coma en sus conquistas del Dakar y hemos vibrado con los t\u00edtulos de Toni Bou en Trial. Adem\u00e1s, en nuestro equipo contamos con expertos en el mundo de las dos y cuatro ruedas tanto de la calle y las carreteras, como de los circuitos. Periodistas que han trabajado en revistas y publicaciones para hacerte llegar desde rutas y consejos de mantenimiento, a curiosidades y trucos de pilotaje.","sameAs":["https:\/\/www.facebook.com\/BoxRepsol\/","https:\/\/www.instagram.com\/box_repsol\/","https:\/\/x.com\/https:\/\/twitter.com\/box_repsol","https:\/\/www.youtube.com\/@Boxrepsol"],"url":"https:\/\/www.boxrepsol.com\/es\/author\/redaccion-box-repsol\/"}]}},"_links":{"self":[{"href":"https:\/\/www.boxrepsol.com\/es\/wp-json\/wp\/v2\/posts\/93629","targetHints":{"allow":["GET"]}}],"collection":[{"href":"https:\/\/www.boxrepsol.com\/es\/wp-json\/wp\/v2\/posts"}],"about":[{"href":"https:\/\/www.boxrepsol.com\/es\/wp-json\/wp\/v2\/types\/post"}],"author":[{"embeddable":true,"href":"https:\/\/www.boxrepsol.com\/es\/wp-json\/wp\/v2\/users\/43146"}],"replies":[{"embeddable":true,"href":"https:\/\/www.boxrepsol.com\/es\/wp-json\/wp\/v2\/comments?post=93629"}],"version-history":[{"count":1,"href":"https:\/\/www.boxrepsol.com\/es\/wp-json\/wp\/v2\/posts\/93629\/revisions"}],"predecessor-version":[{"id":93630,"href":"https:\/\/www.boxrepsol.com\/es\/wp-json\/wp\/v2\/posts\/93629\/revisions\/93630"}],"wp:featuredmedia":[{"embeddable":true,"href":"https:\/\/www.boxrepsol.com\/es\/wp-json\/wp\/v2\/media\/60496"}],"wp:attachment":[{"href":"https:\/\/www.boxrepsol.com\/es\/wp-json\/wp\/v2\/media?parent=93629"}],"wp:term":[{"taxonomy":"category","embeddable":true,"href":"https:\/\/www.boxrepsol.com\/es\/wp-json\/wp\/v2\/categories?post=93629"},{"taxonomy":"post_tag","embeddable":true,"href":"https:\/\/www.boxrepsol.com\/es\/wp-json\/wp\/v2\/tags?post=93629"}],"curies":[{"name":"wp","href":"https:\/\/api.w.org\/{rel}","templated":true}]}}