{"id":93605,"date":"2018-12-13T00:00:00","date_gmt":"2018-12-13T02:00:00","guid":{"rendered":"http:\/\/pre.boxrepsol.com\/sin-categorizar\/papanoeladas-2018-guia-solidaridad-motera-navidena\/"},"modified":"2024-05-22T08:07:03","modified_gmt":"2024-05-22T10:07:03","slug":"papanoeladas-2018-guia-solidaridad-motera-navidena","status":"publish","type":"post","link":"https:\/\/www.boxrepsol.com\/es\/cultura-motera\/papanoeladas-2018-guia-solidaridad-motera-navidena\/","title":{"rendered":"Papanoeladas 2018: gu\u00eda de la solidaridad motera navide\u00f1a"},"content":{"rendered":"\n<p><strong>Las Papanoeladas<\/strong> son unas <strong>concentraciones de motos muy especiales que recogen juguetes<\/strong> para los ni\u00f1os m\u00e1s desfavorecidos. Obligatorio vestir de Pap\u00e1 o Mam\u00e1 Noel.<\/p>\n\n\n\n<p>Sucede a mitad de diciembre, cuando miles de moteros se re\u00fanen en ciudades de toda Espa\u00f1a para celebrar esta tradicional acci\u00f3n solidaria.<\/p>\n\n\n\n<p>Estas son algunas de las <strong>Papanoeladas<\/strong> que se celebran esta navidad en nuestro pa\u00eds.<\/p>\n\n\n\n<p><a href=\"https:\/\/www.facebook.com\/events\/325457581582060\/\" target=\"_blank\" rel=\"noopener\"><strong>Barcelona, 16 de diciembre.<\/strong> <\/a><\/p>\n\n\n\n<p>La capital catalana reuni\u00f3 en el 2017 a m\u00e1s de 3.500 motos en una de las Papanoeladas m\u00e1s multitudinarias. Esta ser\u00e1 la <strong>quinta edici\u00f3n<\/strong>, y todos los interesados est\u00e1n citados a partir de las 14 horas en la avenida de la Reina Mar\u00eda Cristina, a los pies de la monta\u00f1a de Montju\u00efc. A las 17.30 horas dar\u00e1 comienzo una <strong>ruta por las calles de Barcelona<\/strong>. Todos los asistentes, a los que se invita a ir disfrazados de Pap\u00e1 Noel, deben llevar un regalo, que ser\u00e1 entregado a <strong>Cruz Roja<\/strong> para que lo distribuya entre familias en <strong>riesgo de exclusi\u00f3n social<\/strong>. El evento lo organiza <strong>Unlimited Racing Bike\u2019s<\/strong>.<\/p>\n\n\n\n<p><iframe loading=\"lazy\" style=\"border: none; overflow: hidden;\" src=\"https:\/\/www.facebook.com\/plugins\/post.php?href=https%3A%2F%2Fwww.facebook.com%2FUNLIMITEDRACINGBIKES%2Fphotos%2Fa.1231978496902082%2F1231980103568588%2F%3Ftype%3D3&amp;width=500\" width=\"500\" height=\"335\" frameborder=\"0\" scrolling=\"no\"><\/iframe><\/p>\n\n\n\n<p><a href=\"https:\/\/www.facebook.com\/events\/871006463288433\/\" target=\"_blank\" rel=\"noopener\"><strong>Santander, 15 de diciembre.<\/strong> <\/a><\/p>\n\n\n\n<p>La capital c\u00e1ntabra se estrena en el arte de las Papanoeladas con una concentraci\u00f3n el s\u00e1bado 15 de diciembre en la calle del <strong>Real Racing Club<\/strong>, en el aparcamiento del <strong>Estadio del Sardinero<\/strong>. La cita es a las 12 del mediod\u00eda y tambi\u00e9n se anima a los moteros a vestirse de rojo y blanco para hacer las delicias de los peque\u00f1os que a esas horas estar\u00e1n en la calle. La organizaci\u00f3n corre a cargo de <strong>Radikal Bikers Cantabria<\/strong>.<\/p>\n\n\n\n<figure class=\"wp-block-image\"><img decoding=\"async\" src=\"https:\/\/bxrepsol.s3.eu-west-1.amazonaws.com\/static\/2022\/08\/29083728\/papanoelada-radikal-bikers-cantabria-2.jpg\" alt=\"\"\/><figcaption class=\"wp-element-caption\">papanoelada-radikal-bikers-cantabria<\/figcaption><\/figure>\n\n\n\n<p class=\"has-text-align-left\"><em>Foto: Radikal Bikers Cantrabia<\/em><\/p>\n\n\n\n<p><a href=\"https:\/\/www.facebook.com\/events\/352127465333380\/\" target=\"_blank\" rel=\"noopener\"><strong>Vigo, 22 de diciembre<\/strong>. <\/a><\/p>\n\n\n\n<p>El <strong>Moto Club Galicia<\/strong> organiza una de las Papanoeladas m\u00e1s veteranas de nuestro pa\u00eds. Ser\u00e1n nueve las ediciones que habr\u00e1 acogido Vigo de este paseo motero en el que se <strong>reparten caramelos<\/strong> a los ni\u00f1os que salen a la calle para ver pasar a <strong>Pap\u00e1 Noel en moto<\/strong>. La ruta dar\u00e1 comienzo a las 16 horas.<\/p>\n\n\n\n<p><iframe loading=\"lazy\" style=\"border: none; overflow: hidden;\" src=\"https:\/\/www.facebook.com\/plugins\/post.php?href=https%3A%2F%2Fwww.facebook.com%2Fmotoclubgalicia%2Fphotos%2Fa.1596221163754708%2F1596225473754277%2F%3Ftype%3D3&amp;width=500\" width=\"500\" height=\"379\" frameborder=\"0\" scrolling=\"no\"><\/iframe><\/p>\n\n\n\n<p><a href=\"https:\/\/www.facebook.com\/MOTEROSCASTELLONCLUB\/\" target=\"_blank\" rel=\"noopener\"><strong>Castell\u00f3n, 16 de diciembre<\/strong>. <\/a><\/p>\n\n\n\n<p><strong>Moteros Castell\u00f3n Club<\/strong> organiza su tercera Papanoelada, y una vez m\u00e1s repartir\u00e1 regalos a los ni\u00f1os ingresados en las plantas de Pediatr\u00eda de dos de los hospitales de la zona: el <strong>Hospital General Universitario de Castell\u00f3n<\/strong> y el <strong>Hospital de La Plana<\/strong> de Vila-real.<\/p>\n\n\n\n<p><a href=\"https:\/\/www.facebook.com\/events\/280638985903089\/\" target=\"_blank\" rel=\"noopener\"><strong>Talavera de la Reina, 16 de diciembre<\/strong>. <\/a><\/p>\n\n\n\n<p>La ciudad toledana celebra este a\u00f1o su cuarta edici\u00f3n de la Papanoelada, a beneficio de la Asociaci\u00f3n socio-cultural <strong>Aurelio de Le\u00f3n<\/strong>, que lucha por la inclusi\u00f3n social y laboral de distintos colectivos, y de <strong>Tea Talavera<\/strong>, que ayuda a las familias con ni\u00f1os afectados por el <strong>trastorno del espectro autista<\/strong> (TEA). Para la primera de las entidades se recoger\u00e1n alimentos as\u00ed como productos de limpieza e higiene personal. Para la segunda se piden todo tipo de juguetes. La concentraci\u00f3n se celebrar\u00e1 entre las 10 y las 20 horas y el lugar de encuentro es la <strong>plaza del Padre Juan de Mariana<\/strong>, junto al ayuntamiento de la localidad.<\/p>\n\n\n\n<p><a href=\"https:\/\/www.facebook.com\/events\/327541014695555\/\" target=\"_blank\" rel=\"noopener\"><strong>Badalona, 15 de diciembre.<\/strong> <\/a><\/p>\n\n\n\n<p>La cuarta ciudad m\u00e1s habitada de Catalu\u00f1a celebrar\u00e1 su segunda Papanoelada de la mano de <strong>Dimonis Moteros BDN<\/strong>. Adem\u00e1s de entregar <strong>regalos \u00abno b\u00e9licos\u00bb<\/strong>&nbsp;al ayuntamiento para que los reparta entre las familias con ni\u00f1os m\u00e1s desfavorecidas, tambi\u00e9n realizar\u00e1n una r\u00faa a partir de las 18.30 horas con <strong>reparto de golosinas<\/strong> para los m\u00e1s peque\u00f1os que tengan a bien salir a la calle para saludarles a su paso.<\/p>\n\n\n\n<p><iframe loading=\"lazy\" style=\"border: none; overflow: hidden;\" src=\"https:\/\/www.facebook.com\/plugins\/post.php?href=https%3A%2F%2Fwww.facebook.com%2Fdimonismoteros%2Fphotos%2Fa.1990613784546761%2F1990616027879870%2F%3Ftype%3D3&amp;width=500\" width=\"500\" height=\"285\" frameborder=\"0\" scrolling=\"no\"><\/iframe><\/p>\n\n\n\n<p><a href=\"https:\/\/www.facebook.com\/events\/2328800250495584\/\" target=\"_blank\" rel=\"noopener\"><strong>Ori\u00f1\u00f3n, 23 de diciembre<\/strong>. <\/a><\/p>\n\n\n\n<p>Cantabria tendr\u00e1 una segunda Papanoelada un d\u00eda antes de la <strong>Nochebuena<\/strong>. Ser\u00e1 la segunda edici\u00f3n de este encuentro que se realiza en la peque\u00f1a localidad de <strong>Ori\u00f1\u00f3n<\/strong>, cerca de la desembocadura del <strong>r\u00edo Ag\u00fcera<\/strong>. La cita es en bar El <strong>Chiringuito de Ori\u00f1\u00f3n<\/strong> a las 12 del mediod\u00eda. Habr\u00e1 &#8216;alubiada&#8217; solidaria, sorteos y m\u00fasica. Con el dinero que se recoja se comprar\u00e1n regalos para la planta pedi\u00e1trica de un hospital cercano. Tambi\u00e9n realizar\u00e1n una ruta por las <strong>pedan\u00edas de Castro Urdiales<\/strong>, con final en el mismo bar, donde tienen la sede los organizadores, <strong>la Tribu del Chiringuito<\/strong>.<\/p>\n\n\n\n<p><iframe loading=\"lazy\" style=\"border: none; overflow: hidden;\" src=\"https:\/\/www.facebook.com\/plugins\/post.php?href=https%3A%2F%2Fwww.facebook.com%2Flatribudelchiringuito%2Fphotos%2Fa.1984140734936202%2F1984144148269194%2F%3Ftype%3D3&amp;width=500\" width=\"500\" height=\"379\" frameborder=\"0\" scrolling=\"no\"><\/iframe><\/p>\n\n\n\n<p><a href=\"https:\/\/www.facebook.com\/events\/996287873892058\/\" target=\"_blank\" rel=\"noopener\"><strong>Ingenio, 8 de diciembre.<\/strong> <\/a><\/p>\n\n\n\n<p>Este peque\u00f1o municipio de <strong>Gran Canaria<\/strong> celebra el 8 de diciembre la s\u00e9ptima <strong>recogida de juguetes y alimentos<\/strong> de la mano de la <strong>Casa Club de Moteros de Ingenio<\/strong>. No incluye ruta con vestimenta de Santa Claus, pero s\u00ed actividades para los m\u00e1s peque\u00f1os y la <strong>visita de uno de los Reyes Magos<\/strong>. El evento dar\u00e1 comienzo a las 18 horas.<\/p>\n\n\n\n<p>Si est\u00e1s cerca de una de estas localidades durante estos fines de semana, quiz\u00e1s puedas aprovechar para maridar <strong>solidaridad y esp\u00edritu motero<\/strong>. Eso s\u00ed, no olvides llevar alg\u00fan detalle que recuerde a Pap\u00e1 Noel y poner la mejor de tus sonrisas para los m\u00e1s peque\u00f1os.<\/p>\n\n\n\n<p><!-- Imagen relacionada --><br><img loading=\"lazy\" decoding=\"async\" src=\"https:\/\/bxrepsol.s3.eu-west-1.amazonaws.com\/static\/2022\/08\/29074640\/nino-disfruta-de-sus-regalos-moteros-de-navidad-1.jpg\" alt=\"Ni\u00f1o con casco y mono de motocross en un ambiente navide\u00f1o\" width=\"404\" height=\"336\"><br><!-- Categor\u00eda --><br>Cultura Motera<br><!-- T\u00edtulo --><\/p>\n\n\n\n<h3 class=\"wp-block-heading\">10 regalos moteros de Navidad para ni\u00f1os<\/h3>\n\n\n\n<p><br><!-- Fecha --><br>hace 1 hora<br><!-- Imagen relacionada --><br><img loading=\"lazy\" decoding=\"async\" src=\"https:\/\/bxrepsol.s3.eu-west-1.amazonaws.com\/static\/2022\/08\/29083729\/regalo-3.png\" sizes=\"auto, (max-width: 404px) 100vw, 404px\" srcset=\"https:\/\/bxrepsol.s3.eu-west-1.amazonaws.com\/static\/2022\/08\/29083729\/regalo-3.png 404w, https:\/\/bxrepsol.s3.eu-west-1.amazonaws.com\/static\/2022\/08\/29083729\/regalo-3.png 670w\" alt=\"Navidad \u00e1rbol motos Repsol Honda\" width=\"404\" height=\"336\"><br><!-- Categor\u00eda --><br>Cultura Motera<br><!-- T\u00edtulo --><\/p>\n\n\n\n<h3 class=\"wp-block-heading\">Regalos moteros para una Navidad sobre ruedas<\/h3>\n\n\n\n<p><br><!-- Fecha --><br>hace 1 hora<\/p>\n","protected":false},"excerpt":{"rendered":"<p>Las Papanoeladas son unas concentraciones moteras ben\u00e9ficas que se organizan cada a\u00f1o en las ciudades de toda Espa\u00f1a. Su misi\u00f3n es recoger y repartir regalos a los ni\u00f1os m\u00e1s desfavorecidos. Repasamos d\u00f3nde y cu\u00e1ndo se organizan este a\u00f1o por si quieres participar.<\/p>\n","protected":false},"author":43146,"featured_media":60302,"comment_status":"open","ping_status":"open","sticky":false,"template":"","format":"standard","meta":{"footnotes":""},"categories":[160],"tags":[175],"class_list":["post-93605","post","type-post","status-publish","format-standard","hentry","category-cultura-motera","tag-concentraciones-y-eventos-moteros"],"yoast_head":"<!-- This site is optimized with the Yoast SEO plugin v27.3 - https:\/\/yoast.com\/product\/yoast-seo-wordpress\/ -->\n<title>Papanoeladas 2018: gu\u00eda y eventos confirmados - Box Repsol<\/title>\n<meta name=\"description\" content=\"Las Papanoeladas son unas concentraciones de motos muy especiales que recogen juguetes para los ni\u00f1os m\u00e1s desfavorecidos. Obligatorio vestir de Pap\u00e1 o\" \/>\n<link rel=\"canonical\" href=\"https:\/\/www.boxrepsol.com\/es\/cultura-motera\/papanoeladas-2018-guia-solidaridad-motera-navidena\/\" \/>\n<meta property=\"og:locale\" content=\"es_ES\" \/>\n<meta property=\"og:type\" content=\"article\" \/>\n<meta property=\"og:title\" content=\"Papanoeladas 2018: gu\u00eda y eventos confirmados - Box Repsol\" \/>\n<meta property=\"og:description\" content=\"Las Papanoeladas son unas concentraciones de motos muy especiales que recogen juguetes para los ni\u00f1os m\u00e1s desfavorecidos. Obligatorio vestir de Pap\u00e1 o\" \/>\n<meta property=\"og:url\" content=\"https:\/\/www.boxrepsol.com\/es\/cultura-motera\/papanoeladas-2018-guia-solidaridad-motera-navidena\/\" \/>\n<meta property=\"og:site_name\" content=\"Box Repsol\" \/>\n<meta property=\"article:publisher\" content=\"https:\/\/www.facebook.com\/BoxRepsol\" \/>\n<meta property=\"article:author\" content=\"https:\/\/www.facebook.com\/BoxRepsol\/\" \/>\n<meta property=\"article:published_time\" content=\"2018-12-13T02:00:00+00:00\" \/>\n<meta property=\"article:modified_time\" content=\"2024-05-22T10:07:03+00:00\" \/>\n<meta property=\"og:image\" content=\"https:\/\/bxrepsol.s3.eu-west-1.amazonaws.com\/static\/2022\/08\/29083730\/cabalgata-de-moteros-vestidos-de-papa-noel-en-una-papanoelada-2.jpg\" \/>\n\t<meta property=\"og:image:width\" content=\"1280\" \/>\n\t<meta property=\"og:image:height\" content=\"600\" \/>\n\t<meta property=\"og:image:type\" content=\"image\/jpeg\" \/>\n<meta name=\"author\" content=\"Redacci\u00f3n Box Repsol\" \/>\n<meta name=\"twitter:card\" content=\"summary_large_image\" \/>\n<meta name=\"twitter:creator\" content=\"@https:\/\/twitter.com\/box_repsol\" \/>\n<meta name=\"twitter:site\" content=\"@box_repsol\" \/>\n<meta name=\"twitter:label1\" content=\"Written by\" \/>\n\t<meta name=\"twitter:data1\" content=\"Redacci\u00f3n Box Repsol\" \/>\n\t<meta name=\"twitter:label2\" content=\"Est. reading time\" \/>\n\t<meta name=\"twitter:data2\" content=\"4 minutos\" \/>\n<script type=\"application\/ld+json\" class=\"yoast-schema-graph\">{\"@context\":\"https:\\\/\\\/schema.org\",\"@graph\":[{\"@type\":\"Article\",\"@id\":\"https:\\\/\\\/www.boxrepsol.com\\\/es\\\/cultura-motera\\\/papanoeladas-2018-guia-solidaridad-motera-navidena\\\/#article\",\"isPartOf\":{\"@id\":\"https:\\\/\\\/www.boxrepsol.com\\\/es\\\/cultura-motera\\\/papanoeladas-2018-guia-solidaridad-motera-navidena\\\/\"},\"author\":{\"name\":\"Redacci\u00f3n Box Repsol\",\"@id\":\"https:\\\/\\\/www.boxrepsol.com\\\/es\\\/#\\\/schema\\\/person\\\/c5c2138f2cca251b0ad92b7086bb60b7\"},\"headline\":\"Papanoeladas 2018: gu\u00eda de la solidaridad motera navide\u00f1a\",\"datePublished\":\"2018-12-13T02:00:00+00:00\",\"dateModified\":\"2024-05-22T10:07:03+00:00\",\"mainEntityOfPage\":{\"@id\":\"https:\\\/\\\/www.boxrepsol.com\\\/es\\\/cultura-motera\\\/papanoeladas-2018-guia-solidaridad-motera-navidena\\\/\"},\"wordCount\":851,\"commentCount\":0,\"publisher\":{\"@id\":\"https:\\\/\\\/www.boxrepsol.com\\\/es\\\/#organization\"},\"image\":{\"@id\":\"https:\\\/\\\/www.boxrepsol.com\\\/es\\\/cultura-motera\\\/papanoeladas-2018-guia-solidaridad-motera-navidena\\\/#primaryimage\"},\"thumbnailUrl\":\"https:\\\/\\\/bxrepsol.s3.eu-west-1.amazonaws.com\\\/static\\\/2022\\\/08\\\/29083730\\\/cabalgata-de-moteros-vestidos-de-papa-noel-en-una-papanoelada-2.jpg\",\"keywords\":[\"concentraciones y eventos moteros\"],\"articleSection\":[\"Cultura Motera\"],\"inLanguage\":\"es\",\"potentialAction\":[{\"@type\":\"CommentAction\",\"name\":\"Comment\",\"target\":[\"https:\\\/\\\/www.boxrepsol.com\\\/es\\\/cultura-motera\\\/papanoeladas-2018-guia-solidaridad-motera-navidena\\\/#respond\"]}]},{\"@type\":\"WebPage\",\"@id\":\"https:\\\/\\\/www.boxrepsol.com\\\/es\\\/cultura-motera\\\/papanoeladas-2018-guia-solidaridad-motera-navidena\\\/\",\"url\":\"https:\\\/\\\/www.boxrepsol.com\\\/es\\\/cultura-motera\\\/papanoeladas-2018-guia-solidaridad-motera-navidena\\\/\",\"name\":\"Papanoeladas 2018: gu\u00eda y eventos confirmados - Box Repsol\",\"isPartOf\":{\"@id\":\"https:\\\/\\\/www.boxrepsol.com\\\/es\\\/#website\"},\"primaryImageOfPage\":{\"@id\":\"https:\\\/\\\/www.boxrepsol.com\\\/es\\\/cultura-motera\\\/papanoeladas-2018-guia-solidaridad-motera-navidena\\\/#primaryimage\"},\"image\":{\"@id\":\"https:\\\/\\\/www.boxrepsol.com\\\/es\\\/cultura-motera\\\/papanoeladas-2018-guia-solidaridad-motera-navidena\\\/#primaryimage\"},\"thumbnailUrl\":\"https:\\\/\\\/bxrepsol.s3.eu-west-1.amazonaws.com\\\/static\\\/2022\\\/08\\\/29083730\\\/cabalgata-de-moteros-vestidos-de-papa-noel-en-una-papanoelada-2.jpg\",\"datePublished\":\"2018-12-13T02:00:00+00:00\",\"dateModified\":\"2024-05-22T10:07:03+00:00\",\"description\":\"Las Papanoeladas son unas concentraciones de motos muy especiales que recogen juguetes para los ni\u00f1os m\u00e1s desfavorecidos. Obligatorio vestir de Pap\u00e1 o\",\"breadcrumb\":{\"@id\":\"https:\\\/\\\/www.boxrepsol.com\\\/es\\\/cultura-motera\\\/papanoeladas-2018-guia-solidaridad-motera-navidena\\\/#breadcrumb\"},\"inLanguage\":\"es\",\"potentialAction\":[{\"@type\":\"ReadAction\",\"target\":[\"https:\\\/\\\/www.boxrepsol.com\\\/es\\\/cultura-motera\\\/papanoeladas-2018-guia-solidaridad-motera-navidena\\\/\"]}]},{\"@type\":\"ImageObject\",\"inLanguage\":\"es\",\"@id\":\"https:\\\/\\\/www.boxrepsol.com\\\/es\\\/cultura-motera\\\/papanoeladas-2018-guia-solidaridad-motera-navidena\\\/#primaryimage\",\"url\":\"https:\\\/\\\/bxrepsol.s3.eu-west-1.amazonaws.com\\\/static\\\/2022\\\/08\\\/29083730\\\/cabalgata-de-moteros-vestidos-de-papa-noel-en-una-papanoelada-2.jpg\",\"contentUrl\":\"https:\\\/\\\/bxrepsol.s3.eu-west-1.amazonaws.com\\\/static\\\/2022\\\/08\\\/29083730\\\/cabalgata-de-moteros-vestidos-de-papa-noel-en-una-papanoelada-2.jpg\",\"width\":1280,\"height\":600,\"caption\":\"Papanoelada motera con muchos motoristas en cabalgata vestidos de Papa Noel\"},{\"@type\":\"BreadcrumbList\",\"@id\":\"https:\\\/\\\/www.boxrepsol.com\\\/es\\\/cultura-motera\\\/papanoeladas-2018-guia-solidaridad-motera-navidena\\\/#breadcrumb\",\"itemListElement\":[{\"@type\":\"ListItem\",\"position\":1,\"name\":\"Home\",\"item\":\"https:\\\/\\\/www.boxrepsol.com\\\/es\\\/\"},{\"@type\":\"ListItem\",\"position\":2,\"name\":\"Papanoeladas 2018: gu\u00eda de la solidaridad motera navide\u00f1a\"}]},{\"@type\":\"WebSite\",\"@id\":\"https:\\\/\\\/www.boxrepsol.com\\\/es\\\/#website\",\"url\":\"https:\\\/\\\/www.boxrepsol.com\\\/es\\\/\",\"name\":\"Box Repsol\",\"description\":\"Box Repsol Site\",\"publisher\":{\"@id\":\"https:\\\/\\\/www.boxrepsol.com\\\/es\\\/#organization\"},\"potentialAction\":[{\"@type\":\"SearchAction\",\"target\":{\"@type\":\"EntryPoint\",\"urlTemplate\":\"https:\\\/\\\/www.boxrepsol.com\\\/es\\\/?s={search_term_string}\"},\"query-input\":{\"@type\":\"PropertyValueSpecification\",\"valueRequired\":true,\"valueName\":\"search_term_string\"}}],\"inLanguage\":\"es\"},{\"@type\":\"Organization\",\"@id\":\"https:\\\/\\\/www.boxrepsol.com\\\/es\\\/#organization\",\"name\":\"Box Repsol\",\"url\":\"https:\\\/\\\/www.boxrepsol.com\\\/es\\\/\",\"logo\":{\"@type\":\"ImageObject\",\"inLanguage\":\"es\",\"@id\":\"https:\\\/\\\/www.boxrepsol.com\\\/es\\\/#\\\/schema\\\/logo\\\/image\\\/\",\"url\":\"https:\\\/\\\/bxrepsol.s3.eu-west-1.amazonaws.com\\\/static\\\/2025\\\/07\\\/30083337\\\/favicon-96x96-1.png\",\"contentUrl\":\"https:\\\/\\\/bxrepsol.s3.eu-west-1.amazonaws.com\\\/static\\\/2025\\\/07\\\/30083337\\\/favicon-96x96-1.png\",\"width\":96,\"height\":96,\"caption\":\"Box Repsol\"},\"image\":{\"@id\":\"https:\\\/\\\/www.boxrepsol.com\\\/es\\\/#\\\/schema\\\/logo\\\/image\\\/\"},\"sameAs\":[\"https:\\\/\\\/www.facebook.com\\\/BoxRepsol\",\"https:\\\/\\\/x.com\\\/box_repsol\",\"http:\\\/\\\/instagram.com\\\/box_repsol\",\"https:\\\/\\\/www.youtube.com\\\/user\\\/RepsolCompeticion\",\"https:\\\/\\\/www.flickr.com\\\/photos\\\/box_repsol\\\/\"]},{\"@type\":\"Person\",\"@id\":\"https:\\\/\\\/www.boxrepsol.com\\\/es\\\/#\\\/schema\\\/person\\\/c5c2138f2cca251b0ad92b7086bb60b7\",\"name\":\"Redacci\u00f3n Box Repsol\",\"image\":{\"@type\":\"ImageObject\",\"inLanguage\":\"es\",\"@id\":\"https:\\\/\\\/secure.gravatar.com\\\/avatar\\\/adf7b77e38b4419baf32c7e9c21dde01f4e40df611f0978e3006fc4ba0aaab7e?s=96&d=mm&r=g\",\"url\":\"https:\\\/\\\/secure.gravatar.com\\\/avatar\\\/adf7b77e38b4419baf32c7e9c21dde01f4e40df611f0978e3006fc4ba0aaab7e?s=96&d=mm&r=g\",\"contentUrl\":\"https:\\\/\\\/secure.gravatar.com\\\/avatar\\\/adf7b77e38b4419baf32c7e9c21dde01f4e40df611f0978e3006fc4ba0aaab7e?s=96&d=mm&r=g\",\"caption\":\"Redacci\u00f3n Box Repsol\"},\"description\":\"Box Repsol lo forma un equipo de periodistas, community managers, dise\u00f1adores y fot\u00f3grafos con m\u00e1s de 20 a\u00f1os de experiencia en el mundo del motorsport. Hemos vivido el primer mundial de un espa\u00f1ol en la categor\u00eda reina de motociclismo con \u00c1lex Crivill\u00e9, estuvimos en las victorias de Pedrosa y los t\u00edtulos de M\u00e1rquez, acompa\u00f1amos en \u00c1frica a Nani Roma y Marc Coma en sus conquistas del Dakar y hemos vibrado con los t\u00edtulos de Toni Bou en Trial. Adem\u00e1s, en nuestro equipo contamos con expertos en el mundo de las dos y cuatro ruedas tanto de la calle y las carreteras, como de los circuitos. Periodistas que han trabajado en revistas y publicaciones para hacerte llegar desde rutas y consejos de mantenimiento, a curiosidades y trucos de pilotaje.\",\"sameAs\":[\"https:\\\/\\\/www.facebook.com\\\/BoxRepsol\\\/\",\"https:\\\/\\\/www.instagram.com\\\/box_repsol\\\/\",\"https:\\\/\\\/x.com\\\/https:\\\/\\\/twitter.com\\\/box_repsol\",\"https:\\\/\\\/www.youtube.com\\\/@Boxrepsol\"],\"url\":\"https:\\\/\\\/www.boxrepsol.com\\\/es\\\/author\\\/redaccion-box-repsol\\\/\"}]}<\/script>\n<!-- \/ Yoast SEO plugin. -->","yoast_head_json":{"title":"Papanoeladas 2018: gu\u00eda y eventos confirmados - Box Repsol","description":"Las Papanoeladas son unas concentraciones de motos muy especiales que recogen juguetes para los ni\u00f1os m\u00e1s desfavorecidos. Obligatorio vestir de Pap\u00e1 o","canonical":"https:\/\/www.boxrepsol.com\/es\/cultura-motera\/papanoeladas-2018-guia-solidaridad-motera-navidena\/","og_locale":"es_ES","og_type":"article","og_title":"Papanoeladas 2018: gu\u00eda y eventos confirmados - Box Repsol","og_description":"Las Papanoeladas son unas concentraciones de motos muy especiales que recogen juguetes para los ni\u00f1os m\u00e1s desfavorecidos. Obligatorio vestir de Pap\u00e1 o","og_url":"https:\/\/www.boxrepsol.com\/es\/cultura-motera\/papanoeladas-2018-guia-solidaridad-motera-navidena\/","og_site_name":"Box Repsol","article_publisher":"https:\/\/www.facebook.com\/BoxRepsol","article_author":"https:\/\/www.facebook.com\/BoxRepsol\/","article_published_time":"2018-12-13T02:00:00+00:00","article_modified_time":"2024-05-22T10:07:03+00:00","og_image":[{"width":1280,"height":600,"url":"https:\/\/bxrepsol.s3.eu-west-1.amazonaws.com\/static\/2022\/08\/29083730\/cabalgata-de-moteros-vestidos-de-papa-noel-en-una-papanoelada-2.jpg","type":"image\/jpeg"}],"author":"Redacci\u00f3n Box Repsol","twitter_card":"summary_large_image","twitter_creator":"@https:\/\/twitter.com\/box_repsol","twitter_site":"@box_repsol","twitter_misc":{"Written by":"Redacci\u00f3n Box Repsol","Est. reading time":"4 minutos"},"schema":{"@context":"https:\/\/schema.org","@graph":[{"@type":"Article","@id":"https:\/\/www.boxrepsol.com\/es\/cultura-motera\/papanoeladas-2018-guia-solidaridad-motera-navidena\/#article","isPartOf":{"@id":"https:\/\/www.boxrepsol.com\/es\/cultura-motera\/papanoeladas-2018-guia-solidaridad-motera-navidena\/"},"author":{"name":"Redacci\u00f3n Box Repsol","@id":"https:\/\/www.boxrepsol.com\/es\/#\/schema\/person\/c5c2138f2cca251b0ad92b7086bb60b7"},"headline":"Papanoeladas 2018: gu\u00eda de la solidaridad motera navide\u00f1a","datePublished":"2018-12-13T02:00:00+00:00","dateModified":"2024-05-22T10:07:03+00:00","mainEntityOfPage":{"@id":"https:\/\/www.boxrepsol.com\/es\/cultura-motera\/papanoeladas-2018-guia-solidaridad-motera-navidena\/"},"wordCount":851,"commentCount":0,"publisher":{"@id":"https:\/\/www.boxrepsol.com\/es\/#organization"},"image":{"@id":"https:\/\/www.boxrepsol.com\/es\/cultura-motera\/papanoeladas-2018-guia-solidaridad-motera-navidena\/#primaryimage"},"thumbnailUrl":"https:\/\/bxrepsol.s3.eu-west-1.amazonaws.com\/static\/2022\/08\/29083730\/cabalgata-de-moteros-vestidos-de-papa-noel-en-una-papanoelada-2.jpg","keywords":["concentraciones y eventos moteros"],"articleSection":["Cultura Motera"],"inLanguage":"es","potentialAction":[{"@type":"CommentAction","name":"Comment","target":["https:\/\/www.boxrepsol.com\/es\/cultura-motera\/papanoeladas-2018-guia-solidaridad-motera-navidena\/#respond"]}]},{"@type":"WebPage","@id":"https:\/\/www.boxrepsol.com\/es\/cultura-motera\/papanoeladas-2018-guia-solidaridad-motera-navidena\/","url":"https:\/\/www.boxrepsol.com\/es\/cultura-motera\/papanoeladas-2018-guia-solidaridad-motera-navidena\/","name":"Papanoeladas 2018: gu\u00eda y eventos confirmados - Box Repsol","isPartOf":{"@id":"https:\/\/www.boxrepsol.com\/es\/#website"},"primaryImageOfPage":{"@id":"https:\/\/www.boxrepsol.com\/es\/cultura-motera\/papanoeladas-2018-guia-solidaridad-motera-navidena\/#primaryimage"},"image":{"@id":"https:\/\/www.boxrepsol.com\/es\/cultura-motera\/papanoeladas-2018-guia-solidaridad-motera-navidena\/#primaryimage"},"thumbnailUrl":"https:\/\/bxrepsol.s3.eu-west-1.amazonaws.com\/static\/2022\/08\/29083730\/cabalgata-de-moteros-vestidos-de-papa-noel-en-una-papanoelada-2.jpg","datePublished":"2018-12-13T02:00:00+00:00","dateModified":"2024-05-22T10:07:03+00:00","description":"Las Papanoeladas son unas concentraciones de motos muy especiales que recogen juguetes para los ni\u00f1os m\u00e1s desfavorecidos. Obligatorio vestir de Pap\u00e1 o","breadcrumb":{"@id":"https:\/\/www.boxrepsol.com\/es\/cultura-motera\/papanoeladas-2018-guia-solidaridad-motera-navidena\/#breadcrumb"},"inLanguage":"es","potentialAction":[{"@type":"ReadAction","target":["https:\/\/www.boxrepsol.com\/es\/cultura-motera\/papanoeladas-2018-guia-solidaridad-motera-navidena\/"]}]},{"@type":"ImageObject","inLanguage":"es","@id":"https:\/\/www.boxrepsol.com\/es\/cultura-motera\/papanoeladas-2018-guia-solidaridad-motera-navidena\/#primaryimage","url":"https:\/\/bxrepsol.s3.eu-west-1.amazonaws.com\/static\/2022\/08\/29083730\/cabalgata-de-moteros-vestidos-de-papa-noel-en-una-papanoelada-2.jpg","contentUrl":"https:\/\/bxrepsol.s3.eu-west-1.amazonaws.com\/static\/2022\/08\/29083730\/cabalgata-de-moteros-vestidos-de-papa-noel-en-una-papanoelada-2.jpg","width":1280,"height":600,"caption":"Papanoelada motera con muchos motoristas en cabalgata vestidos de Papa Noel"},{"@type":"BreadcrumbList","@id":"https:\/\/www.boxrepsol.com\/es\/cultura-motera\/papanoeladas-2018-guia-solidaridad-motera-navidena\/#breadcrumb","itemListElement":[{"@type":"ListItem","position":1,"name":"Home","item":"https:\/\/www.boxrepsol.com\/es\/"},{"@type":"ListItem","position":2,"name":"Papanoeladas 2018: gu\u00eda de la solidaridad motera navide\u00f1a"}]},{"@type":"WebSite","@id":"https:\/\/www.boxrepsol.com\/es\/#website","url":"https:\/\/www.boxrepsol.com\/es\/","name":"Box Repsol","description":"Box Repsol Site","publisher":{"@id":"https:\/\/www.boxrepsol.com\/es\/#organization"},"potentialAction":[{"@type":"SearchAction","target":{"@type":"EntryPoint","urlTemplate":"https:\/\/www.boxrepsol.com\/es\/?s={search_term_string}"},"query-input":{"@type":"PropertyValueSpecification","valueRequired":true,"valueName":"search_term_string"}}],"inLanguage":"es"},{"@type":"Organization","@id":"https:\/\/www.boxrepsol.com\/es\/#organization","name":"Box Repsol","url":"https:\/\/www.boxrepsol.com\/es\/","logo":{"@type":"ImageObject","inLanguage":"es","@id":"https:\/\/www.boxrepsol.com\/es\/#\/schema\/logo\/image\/","url":"https:\/\/bxrepsol.s3.eu-west-1.amazonaws.com\/static\/2025\/07\/30083337\/favicon-96x96-1.png","contentUrl":"https:\/\/bxrepsol.s3.eu-west-1.amazonaws.com\/static\/2025\/07\/30083337\/favicon-96x96-1.png","width":96,"height":96,"caption":"Box Repsol"},"image":{"@id":"https:\/\/www.boxrepsol.com\/es\/#\/schema\/logo\/image\/"},"sameAs":["https:\/\/www.facebook.com\/BoxRepsol","https:\/\/x.com\/box_repsol","http:\/\/instagram.com\/box_repsol","https:\/\/www.youtube.com\/user\/RepsolCompeticion","https:\/\/www.flickr.com\/photos\/box_repsol\/"]},{"@type":"Person","@id":"https:\/\/www.boxrepsol.com\/es\/#\/schema\/person\/c5c2138f2cca251b0ad92b7086bb60b7","name":"Redacci\u00f3n Box Repsol","image":{"@type":"ImageObject","inLanguage":"es","@id":"https:\/\/secure.gravatar.com\/avatar\/adf7b77e38b4419baf32c7e9c21dde01f4e40df611f0978e3006fc4ba0aaab7e?s=96&d=mm&r=g","url":"https:\/\/secure.gravatar.com\/avatar\/adf7b77e38b4419baf32c7e9c21dde01f4e40df611f0978e3006fc4ba0aaab7e?s=96&d=mm&r=g","contentUrl":"https:\/\/secure.gravatar.com\/avatar\/adf7b77e38b4419baf32c7e9c21dde01f4e40df611f0978e3006fc4ba0aaab7e?s=96&d=mm&r=g","caption":"Redacci\u00f3n Box Repsol"},"description":"Box Repsol lo forma un equipo de periodistas, community managers, dise\u00f1adores y fot\u00f3grafos con m\u00e1s de 20 a\u00f1os de experiencia en el mundo del motorsport. Hemos vivido el primer mundial de un espa\u00f1ol en la categor\u00eda reina de motociclismo con \u00c1lex Crivill\u00e9, estuvimos en las victorias de Pedrosa y los t\u00edtulos de M\u00e1rquez, acompa\u00f1amos en \u00c1frica a Nani Roma y Marc Coma en sus conquistas del Dakar y hemos vibrado con los t\u00edtulos de Toni Bou en Trial. Adem\u00e1s, en nuestro equipo contamos con expertos en el mundo de las dos y cuatro ruedas tanto de la calle y las carreteras, como de los circuitos. Periodistas que han trabajado en revistas y publicaciones para hacerte llegar desde rutas y consejos de mantenimiento, a curiosidades y trucos de pilotaje.","sameAs":["https:\/\/www.facebook.com\/BoxRepsol\/","https:\/\/www.instagram.com\/box_repsol\/","https:\/\/x.com\/https:\/\/twitter.com\/box_repsol","https:\/\/www.youtube.com\/@Boxrepsol"],"url":"https:\/\/www.boxrepsol.com\/es\/author\/redaccion-box-repsol\/"}]}},"_links":{"self":[{"href":"https:\/\/www.boxrepsol.com\/es\/wp-json\/wp\/v2\/posts\/93605","targetHints":{"allow":["GET"]}}],"collection":[{"href":"https:\/\/www.boxrepsol.com\/es\/wp-json\/wp\/v2\/posts"}],"about":[{"href":"https:\/\/www.boxrepsol.com\/es\/wp-json\/wp\/v2\/types\/post"}],"author":[{"embeddable":true,"href":"https:\/\/www.boxrepsol.com\/es\/wp-json\/wp\/v2\/users\/43146"}],"replies":[{"embeddable":true,"href":"https:\/\/www.boxrepsol.com\/es\/wp-json\/wp\/v2\/comments?post=93605"}],"version-history":[{"count":4,"href":"https:\/\/www.boxrepsol.com\/es\/wp-json\/wp\/v2\/posts\/93605\/revisions"}],"predecessor-version":[{"id":113938,"href":"https:\/\/www.boxrepsol.com\/es\/wp-json\/wp\/v2\/posts\/93605\/revisions\/113938"}],"wp:featuredmedia":[{"embeddable":true,"href":"https:\/\/www.boxrepsol.com\/es\/wp-json\/wp\/v2\/media\/60302"}],"wp:attachment":[{"href":"https:\/\/www.boxrepsol.com\/es\/wp-json\/wp\/v2\/media?parent=93605"}],"wp:term":[{"taxonomy":"category","embeddable":true,"href":"https:\/\/www.boxrepsol.com\/es\/wp-json\/wp\/v2\/categories?post=93605"},{"taxonomy":"post_tag","embeddable":true,"href":"https:\/\/www.boxrepsol.com\/es\/wp-json\/wp\/v2\/tags?post=93605"}],"curies":[{"name":"wp","href":"https:\/\/api.w.org\/{rel}","templated":true}]}}