{"id":93597,"date":"2018-12-10T00:00:00","date_gmt":"2018-12-10T02:00:00","guid":{"rendered":"http:\/\/pre.boxrepsol.com\/sin-categorizar\/isidre-esteve-afronta-mejor-nunca-gran-desafio-del-dakar\/"},"modified":"2024-05-22T08:07:29","modified_gmt":"2024-05-22T10:07:29","slug":"isidre-esteve-afronta-mejor-nunca-gran-desafio-del-dakar","status":"publish","type":"post","link":"https:\/\/www.boxrepsol.com\/es\/rally\/isidre-esteve-afronta-mejor-nunca-gran-desafio-del-dakar\/","title":{"rendered":"Isidre Esteve afronta mejor que nunca el gran desaf\u00edo del Dakar"},"content":{"rendered":"<p><a href=\"https:\/\/www.boxrepsol.com\/es\/equipo-repsol\/isidre-esteve\/\">Isidre Esteve<\/a> disputar\u00e1 el pr\u00f3ximo enero su segundo Rally Dakar consecutivo con el Repsol Rally Team. El piloto ilerdense afronta el dif\u00edcil reto de superar la 21\u00aa posici\u00f3n absoluta en coches que firm\u00f3 hace un a\u00f1o.<em>\u00a0\u201cLlegamos mejor preparados que nunca y con opciones de estar m\u00e1s cerca de los primeros, aunque no ser\u00e1 f\u00e1cil porque nuestros rivales tambi\u00e9n han progresado mucho\u201d<\/em>, ha declarado durante la presentaci\u00f3n oficial de su equipo, celebrada este lunes en el Campus Repsol de Madrid.<\/p>\n<p>El Dakar 2019 significar\u00e1 la culminaci\u00f3n de una intensa temporada en la que Isidre Esteve y su copiloto Txema Villalobos han podido constatar el <strong>importante salto cualitativo experimentado en su prototipo BV6<\/strong>, con los mandos adaptados por Guidosimplex en el volante. La \u00faltima versi\u00f3n preparada por Sodicars Racing es m\u00e1s corta, cuenta con una suspensi\u00f3n y una frenada m\u00e1s eficaz, y calza los neum\u00e1ticos BFGoodrich All-Terrain T\/A KDR2+, ideales para las caracter\u00edsticas del nuevo trazado dakariano por Per\u00fa.<\/p>\n<p><a href=\"https:\/\/bxrepsol.s3.eu-west-1.amazonaws.com\/static\/2022\/08\/05062513\/00_isidre_esteve_presentacion_repsol_rally_team_2019.jpg\" \n   title=\"Isidre esteve en el escenario con ejecutivos Repsol\" \n   data-gallery-thumbnail=\"https:\/\/bxrepsol.s3.eu-west-1.amazonaws.com\/static\/2022\/08\/05062513\/00_isidre_esteve_presentacion_repsol_rally_team_2019.jpg\"\n   data-gallery-title=\"\"\n   data-gallery><\/p>\n<figure>\n        <picture style=\"padding-bottom: 46.875%; background-image: url(https:\/\/bxrepsol.s3.eu-west-1.amazonaws.com\/static\/2022\/08\/05062513\/00_isidre_esteve_presentacion_repsol_rally_team_2019.jpg);\">\n            <img decoding=\"async\" src=\"https:\/\/bxrepsol.s3.eu-west-1.amazonaws.com\/static\/2022\/08\/05062513\/00_isidre_esteve_presentacion_repsol_rally_team_2019.jpg\"><br \/>\n            <img itemprop=\"image\"\n                data-srcset=\"https:\/\/bxrepsol.s3.eu-west-1.amazonaws.com\/static\/2022\/08\/05062513\/00_isidre_esteve_presentacion_repsol_rally_team_2019.jpg 480w, https:\/\/bxrepsol.s3.eu-west-1.amazonaws.com\/static\/2022\/08\/05062513\/00_isidre_esteve_presentacion_repsol_rally_team_2019.jpg 600w, https:\/\/bxrepsol.s3.eu-west-1.amazonaws.com\/static\/2022\/08\/05062513\/00_isidre_esteve_presentacion_repsol_rally_team_2019.jpg 900w, https:\/\/bxrepsol.s3.eu-west-1.amazonaws.com\/static\/2022\/08\/05062513\/00_isidre_esteve_presentacion_repsol_rally_team_2019.jpg 1280w\"\n                data-src=\"https:\/\/bxrepsol.s3.eu-west-1.amazonaws.com\/static\/2022\/08\/05062513\/00_isidre_esteve_presentacion_repsol_rally_team_2019.jpg\"\n                alt=\"Isidre esteve en el escenario con ejecutivos Repsol\"\n                title=\"Isidre Esteve en la presentaci\u00f3n del Equipo en Campus Repsol\"\/><br \/>\n            <noscript><img decoding=\"async\" src=\"https:\/\/bxrepsol.s3.eu-west-1.amazonaws.com\/static\/2022\/08\/05062513\/00_isidre_esteve_presentacion_repsol_rally_team_2019.jpg\" alt=\"Isidre esteve en el escenario con ejecutivos Repsol\"><\/noscript>\n        <\/picture><figcaption>Isidre esteve en el escenario con ejecutivos Repsol<\/figcaption><\/figure>\n<p><\/a><\/p>\n<p>El Repsol Rally Team ha disputado este a\u00f1o, con muy buena nota, dos pruebas puntuables para la Copa del Mundo de Cross Country: <a href=\"https:\/\/www.boxrepsol.com\/es\/rally\/isidre-esteve-esperanzador-podio-baja-aragon\/\">la Baja Arag\u00f3n<\/a> y el <a href=\"https:\/\/www.boxrepsol.com\/es\/rally\/isidre-esteve-acaba-rally-marruecos-espectacular-9o-lugar\/\">Rally de Marruecos<\/a>. En la cita espa\u00f1ola, Esteve termin\u00f3 tercero de T1.2 (todoterreno 4&#215;4 di\u00e9sel modificado) y 16\u00ba de la general. En el rally marroqu\u00ed todav\u00eda le fue mejor, al ocupar la 9\u00aa plaza absoluta, segunda de su categor\u00eda y ser el primer espa\u00f1ol en coches.<\/p>\n<p>\u201c<em>Estamos realmente ilusionados porque hemos trabajado mucho con el prototipo hasta conseguir que sea m\u00e1s competitivo y nos transmita m\u00e1s seguridad para extraerle el 100% de sus posibilidades. En Marruecos, sobre un terreno muy parecido al que nos encontraremos en Per\u00fa, pude comprobar que me encuentro m\u00e1s a gusto pilot\u00e1ndolo y, por tanto, soy capaz de llevarlo al l\u00edmite\u201d<\/em>, explica Isidre Esteve.<\/p>\n<p>El pr\u00f3ximo Dakar, a celebrar del 6 al 17 de enero, constar\u00e1 de diez etapas y 5.000 kil\u00f3metros. De ellos, cerca de 3.000 ser\u00e1n cronometrados, en su mayor\u00eda sobre dunas donde la navegaci\u00f3n resultar\u00e1 vital.<\/p>\n<p>Un aspecto que el piloto de Oliana asegura haber preparado a conciencia:\u00a0<em>\u201cHemos podido practicar mucho la navegaci\u00f3n y Txema Villalobos se muestra muy seguro, especialmente entre las dunas que es lo m\u00e1s complicado. Si a ello le a\u00f1adimos la experiencia acumulada en los \u00faltimos a\u00f1os y que conocemos bastante bien Per\u00fa, creo que este tema deber\u00eda preocuparnos menos que en anteriores ediciones\u201d.<\/em><\/p>\n<p><a href=\"https:\/\/bxrepsol.s3.eu-west-1.amazonaws.com\/static\/2022\/08\/05062514\/00_isidre_esteve_pantalla_presentacion_dakar_2018.jpg\" \n   title=\"Isidre Esteve mira a una pantalla sobre el escenario en Campus Repsol\" \n   data-gallery-thumbnail=\"https:\/\/bxrepsol.s3.eu-west-1.amazonaws.com\/static\/2022\/08\/05062514\/00_isidre_esteve_pantalla_presentacion_dakar_2018.jpg\"\n   data-gallery-title=\"\"\n   data-gallery><\/p>\n<figure>\n        <picture style=\"padding-bottom: 46.875%; background-image: url(https:\/\/bxrepsol.s3.eu-west-1.amazonaws.com\/static\/2022\/08\/05062514\/00_isidre_esteve_pantalla_presentacion_dakar_2018.jpg);\">\n            <img decoding=\"async\" src=\"https:\/\/bxrepsol.s3.eu-west-1.amazonaws.com\/static\/2022\/08\/05062514\/00_isidre_esteve_pantalla_presentacion_dakar_2018.jpg\"><br \/>\n            <img itemprop=\"image\"\n                data-srcset=\"https:\/\/bxrepsol.s3.eu-west-1.amazonaws.com\/static\/2022\/08\/05062514\/00_isidre_esteve_pantalla_presentacion_dakar_2018.jpg 480w, https:\/\/bxrepsol.s3.eu-west-1.amazonaws.com\/static\/2022\/08\/05062514\/00_isidre_esteve_pantalla_presentacion_dakar_2018.jpg 600w, https:\/\/bxrepsol.s3.eu-west-1.amazonaws.com\/static\/2022\/08\/05062514\/00_isidre_esteve_pantalla_presentacion_dakar_2018.jpg 900w, https:\/\/bxrepsol.s3.eu-west-1.amazonaws.com\/static\/2022\/08\/05062514\/00_isidre_esteve_pantalla_presentacion_dakar_2018.jpg 1280w\"\n                data-src=\"https:\/\/bxrepsol.s3.eu-west-1.amazonaws.com\/static\/2022\/08\/05062514\/00_isidre_esteve_pantalla_presentacion_dakar_2018.jpg\"\n                alt=\"Isidre Esteve mira a una pantalla sobre el escenario en Campus Repsol\"\n                title=\"Isidre Esteve mirando a pantalla durante presentaci\u00f3n del equipo\"\/><br \/>\n            <noscript><img decoding=\"async\" src=\"https:\/\/bxrepsol.s3.eu-west-1.amazonaws.com\/static\/2022\/08\/05062514\/00_isidre_esteve_pantalla_presentacion_dakar_2018.jpg\" alt=\"Isidre Esteve mira a una pantalla sobre el escenario en Campus Repsol\"><\/noscript>\n        <\/picture><figcaption>Isidre Esteve mira a una pantalla sobre el escenario en Campus Repsol<\/figcaption><\/figure>\n<p><\/a><\/p>\n<p>En l\u00edneas generales, Isidre Esteve se muestra satisfecho con el nuevo recorrido del Dakar 2019, aunque avisa de sus peligros:\u00a0<em>\u201cSer\u00e1 un rally intenso, estresante y muy dif\u00edcil desde el principio, con el 70% de arena. No habr\u00e1 ninguna etapa de tr\u00e1mite como otros a\u00f1os y cada kil\u00f3metro ser\u00e1 muy exigente. La etapa marat\u00f3n entre Arequipa y Tacna, justo antes de la jornada de descanso, ser\u00e1 la m\u00e1s complicada, con 800 km de carrera sin asistencia por zonas con mucho fesh-fesh\u201d.<\/em><\/p>\n<p>Para afrontar el desaf\u00edo, Isidre Esteve <strong>volver\u00e1 a contar con<\/strong> <strong>el apoyo incondicional de su copiloto Txema Villalobos<\/strong>, <strong>su mec\u00e1nico de confianza, David Pigem, y su pareja y preparadora f\u00edsica, Lidia Guerrero<\/strong>.\u00a0<em>\u201cFormamos un gran equipo, acumulamos m\u00e1s experiencia y seguro que seremos m\u00e1s eficaces para superar los imprevistos. \u00a1Ya tenemos muchas ganas de empezar!\u201d<\/em>, ha reconocido el piloto en la presentaci\u00f3n oficial del Repsol Rally Team celebrada en Madrid.<\/p>\n<p><a href=\"https:\/\/bxrepsol.s3.eu-west-1.amazonaws.com\/static\/2022\/08\/05062515\/00_txema_villalobos_isidre_esteve_repsol_rally_team.jpg\" \n   title=\"Isidre y Txema posando y saludando\" \n   data-gallery-thumbnail=\"https:\/\/bxrepsol.s3.eu-west-1.amazonaws.com\/static\/2022\/08\/05062515\/00_txema_villalobos_isidre_esteve_repsol_rally_team.jpg\"\n   data-gallery-title=\"\"\n   data-gallery><\/p>\n<figure>\n        <picture style=\"padding-bottom: 46.875%; background-image: url(https:\/\/bxrepsol.s3.eu-west-1.amazonaws.com\/static\/2022\/08\/05062515\/00_txema_villalobos_isidre_esteve_repsol_rally_team.jpg);\">\n            <img decoding=\"async\" src=\"https:\/\/bxrepsol.s3.eu-west-1.amazonaws.com\/static\/2022\/08\/05062515\/00_txema_villalobos_isidre_esteve_repsol_rally_team.jpg\"><br \/>\n            <img itemprop=\"image\"\n                data-srcset=\"https:\/\/bxrepsol.s3.eu-west-1.amazonaws.com\/static\/2022\/08\/05062515\/00_txema_villalobos_isidre_esteve_repsol_rally_team.jpg 480w, https:\/\/bxrepsol.s3.eu-west-1.amazonaws.com\/static\/2022\/08\/05062515\/00_txema_villalobos_isidre_esteve_repsol_rally_team.jpg 600w, https:\/\/bxrepsol.s3.eu-west-1.amazonaws.com\/static\/2022\/08\/05062515\/00_txema_villalobos_isidre_esteve_repsol_rally_team.jpg 900w, https:\/\/bxrepsol.s3.eu-west-1.amazonaws.com\/static\/2022\/08\/05062515\/00_txema_villalobos_isidre_esteve_repsol_rally_team.jpg 1280w\"\n                data-src=\"https:\/\/bxrepsol.s3.eu-west-1.amazonaws.com\/static\/2022\/08\/05062515\/00_txema_villalobos_isidre_esteve_repsol_rally_team.jpg\"\n                alt=\"Isidre y Txema posando y saludando\"\n                title=\"Isidre y Txema posando y saludando\"\/><br \/>\n            <noscript><img decoding=\"async\" src=\"https:\/\/bxrepsol.s3.eu-west-1.amazonaws.com\/static\/2022\/08\/05062515\/00_txema_villalobos_isidre_esteve_repsol_rally_team.jpg\" alt=\"Isidre y Txema posando y saludando\"><\/noscript>\n        <\/picture><figcaption>Isidre y Txema posando y saludando<\/figcaption><\/figure>\n<p><\/a><\/p>\n<p>Durante el acto, Lucas Angelini\u00a0<strong>(Director de Lubricantes, Asfaltos y Especialidades de Repsol)<\/strong>\u00a0ha recordado que \u201c<em>Isidre Esteve representa los valores con los que tambi\u00e9n se identifica Repsol: esfuerzo, superaci\u00f3n y trabajo en equipo\u201d.<\/em>\u00a0En su intervenci\u00f3n, ha explicado que, tras cada etapa del Dakar, se toman diferentes muestras de los lubricantes utilizados para su posterior an\u00e1lisis en el Repsol Technology Lab, con el objetivo de dise\u00f1ar mejores productos. Angelini ha querido despedirse con un mensaje de optimismo:\u00a0<em>\u201cLas sensaciones generales que tenemos todo el equipo son excelentes y eso nos hace afrontar el futuro con mucha confianza\u201d.<\/em><\/p>\n<p>Nicol\u00e1s Mart\u00ednez-Fresno\u00a0<strong>(Director de Sur de Europa, Vodafone Global Enterprise)<\/strong>\u00a0ha explicado los motivos de la incorporaci\u00f3n de la compa\u00f1\u00eda al proyecto:<em>\u00a0\u201cSi hay un protagonista en el mundo del motor a quien podamos referirnos como ejemplo de superaci\u00f3n y entrega, es Isidre Esteve. Y Vodafone ha querido participar en el patrocinio, aportando soluciones tecnol\u00f3gicas que le permitan ganar a\u00fan m\u00e1s autonom\u00eda, tanto en su faceta como piloto profesional como tambi\u00e9n en su vida personal\u00bb.<\/em><\/p>\n<blockquote><p>\n\t<a href=\"http:\/\/twitter.com\/share?text=Esperamos+estar+m%C3%A1s+cerca+de+los+pilotos+de+cabeza+de+lo+que+jam%C3%A1s+hemos+estado+antes&#038;url=https%3A%2F%2Fwww.boxrepsol.com%2Fes%2Frally%2Fisidre-esteve-afronta-mejor-nunca-gran-desafio-del-dakar%2F\" target=\"_blank\" rel=\"noopener\"><\/p>\n<p>Esperamos estar m\u00e1s cerca de los pilotos de cabeza de lo que jam\u00e1s hemos estado antes<\/p>\n<p>\t<\/a>\n<\/p><\/blockquote>\n<p>Por su parte, Araceli Ruiz\u00a0<strong>(Directora RRHH y Comunicaci\u00f3n MGS Seguros)<\/strong>\u00a0ha confesado que\u00a0<em>\u201ceste proyecto nos cautiv\u00f3 desde el principio porque integra dos factores que encajan muy bien en nuestra cultura de empresa: un desaf\u00edo enorme como el Dakar y un fuerte componente de capacidad de superaci\u00f3n. Y los que tenemos la suerte de conocer a Isidre Esteve desde hace a\u00f1os podemos dar fe de que no se puede encontrar un mejor ejemplo de compromiso y voluntad de mejora. Su figura nos representa perfectamente y transmite los valores que nos caracterizan\u201d.<\/em><\/p>\n<p>Josep Maria Lloreda\u00a0<strong>(Presidente de KH Lloreda)<\/strong>\u00a0ha recordado la vinculaci\u00f3n de su empresa con el piloto de Oliana:\u00a0<em>\u201cEmpezamos esta aventura con Isidre hace siete a\u00f1os creando el Coj\u00edn Inteligente. Siempre le he visto superarse y estoy muy feliz de que le acompa\u00f1en estas otras empresas en un proyecto que es el proyecto de toda su vida\u201d.<\/em><\/p>\n<p><a href=\"https:\/\/bxrepsol.s3.eu-west-1.amazonaws.com\/static\/2022\/08\/05062516\/00_isidre_esteve_repsol_presentacion.jpg\" \n   title=\"Representantes Repsol con Isidre Esteve\" \n   data-gallery-thumbnail=\"https:\/\/bxrepsol.s3.eu-west-1.amazonaws.com\/static\/2022\/08\/05062516\/00_isidre_esteve_repsol_presentacion.jpg\"\n   data-gallery-title=\"\"\n   data-gallery><\/p>\n<figure>\n        <picture style=\"padding-bottom: 46.875%; background-image: url(https:\/\/bxrepsol.s3.eu-west-1.amazonaws.com\/static\/2022\/08\/05062516\/00_isidre_esteve_repsol_presentacion.jpg);\">\n            <img decoding=\"async\" src=\"https:\/\/bxrepsol.s3.eu-west-1.amazonaws.com\/static\/2022\/08\/05062516\/00_isidre_esteve_repsol_presentacion.jpg\"><br \/>\n            <img itemprop=\"image\"\n                data-srcset=\"https:\/\/bxrepsol.s3.eu-west-1.amazonaws.com\/static\/2022\/08\/05062516\/00_isidre_esteve_repsol_presentacion.jpg 480w, https:\/\/bxrepsol.s3.eu-west-1.amazonaws.com\/static\/2022\/08\/05062516\/00_isidre_esteve_repsol_presentacion.jpg 600w, https:\/\/bxrepsol.s3.eu-west-1.amazonaws.com\/static\/2022\/08\/05062516\/00_isidre_esteve_repsol_presentacion.jpg 900w, https:\/\/bxrepsol.s3.eu-west-1.amazonaws.com\/static\/2022\/08\/05062516\/00_isidre_esteve_repsol_presentacion.jpg 1280w\"\n                data-src=\"https:\/\/bxrepsol.s3.eu-west-1.amazonaws.com\/static\/2022\/08\/05062516\/00_isidre_esteve_repsol_presentacion.jpg\"\n                alt=\"Representantes Repsol con Isidre Esteve\"\n                title=\"Representantes Repsol con Isidre Esteve\"\/><br \/>\n            <noscript><img decoding=\"async\" src=\"https:\/\/bxrepsol.s3.eu-west-1.amazonaws.com\/static\/2022\/08\/05062516\/00_isidre_esteve_repsol_presentacion.jpg\" alt=\"Representantes Repsol con Isidre Esteve\"><\/noscript>\n        <\/picture><figcaption>Representantes Repsol con Isidre Esteve<\/figcaption><\/figure>\n<p><\/a><\/p>\n<p>Todos los asistentes a la presentaci\u00f3n se han contagiado de la ilusi\u00f3n desprendida por Isidre Esteve semanas antes de afrontar su cuarto Dakar en coches y el 14\u00ba en total, contando los 10 que disput\u00f3 en motos antes de sufrir una lesi\u00f3n medular en 2007. <strong>Once a\u00f1os despu\u00e9s, el piloto Oliana ha logrado regresar a la \u00e9lite del motorsport y convertirse en un ejemplo de superaci\u00f3n.<\/strong><\/p>\n","protected":false},"excerpt":{"rendered":"<p>El piloto del Repsol Rally Team luchar\u00e1 por superar el 21\u00ba lugar de la pasada edici\u00f3n, con una versi\u00f3n evolucionada de su prototipo con los mandos adaptados en el volante.<\/p>\n","protected":false},"author":43146,"featured_media":60270,"comment_status":"open","ping_status":"open","sticky":false,"template":"","format":"standard","meta":{"footnotes":""},"categories":[27],"tags":[29],"class_list":["post-93597","post","type-post","status-publish","format-standard","hentry","category-rally","tag-isidre-esteve"],"yoast_head":"<!-- This site is optimized with the Yoast SEO plugin v27.3 - https:\/\/yoast.com\/product\/yoast-seo-wordpress\/ -->\n<title>Isidre Esteve afronta el Dakar m\u00e1s preparado que nunca - Box Repsol<\/title>\n<meta name=\"description\" content=\"El piloto del Repsol Rally Team luchar\u00e1 por superar el 21\u00ba lugar de la pasada edici\u00f3n, con una versi\u00f3n evolucionada de su prototipo con los mandos adaptados\" \/>\n<link rel=\"canonical\" href=\"https:\/\/www.boxrepsol.com\/es\/rally\/isidre-esteve-afronta-mejor-nunca-gran-desafio-del-dakar\/\" \/>\n<meta property=\"og:locale\" content=\"es_ES\" \/>\n<meta property=\"og:type\" content=\"article\" \/>\n<meta property=\"og:title\" content=\"Isidre Esteve afronta el Dakar m\u00e1s preparado que nunca - Box Repsol\" \/>\n<meta property=\"og:description\" content=\"El piloto del Repsol Rally Team luchar\u00e1 por superar el 21\u00ba lugar de la pasada edici\u00f3n, con una versi\u00f3n evolucionada de su prototipo con los mandos adaptados\" \/>\n<meta property=\"og:url\" content=\"https:\/\/www.boxrepsol.com\/es\/rally\/isidre-esteve-afronta-mejor-nunca-gran-desafio-del-dakar\/\" \/>\n<meta property=\"og:site_name\" content=\"Box Repsol\" \/>\n<meta property=\"article:publisher\" content=\"https:\/\/www.facebook.com\/BoxRepsol\" \/>\n<meta property=\"article:author\" content=\"https:\/\/www.facebook.com\/BoxRepsol\/\" \/>\n<meta property=\"article:published_time\" content=\"2018-12-10T02:00:00+00:00\" \/>\n<meta property=\"article:modified_time\" content=\"2024-05-22T10:07:29+00:00\" \/>\n<meta property=\"og:image\" content=\"https:\/\/bxrepsol.s3.eu-west-1.amazonaws.com\/static\/2022\/08\/29083713\/00_isidre_esteve_txema_villalobos_repsol_rally_team_dakar_2019.jpg\" \/>\n\t<meta property=\"og:image:width\" content=\"1280\" \/>\n\t<meta property=\"og:image:height\" content=\"600\" \/>\n\t<meta property=\"og:image:type\" content=\"image\/jpeg\" \/>\n<meta name=\"author\" content=\"Redacci\u00f3n Box Repsol\" \/>\n<meta name=\"twitter:card\" content=\"summary_large_image\" \/>\n<meta name=\"twitter:creator\" content=\"@https:\/\/twitter.com\/box_repsol\" \/>\n<meta name=\"twitter:site\" content=\"@box_repsol\" \/>\n<meta name=\"twitter:label1\" content=\"Written by\" \/>\n\t<meta name=\"twitter:data1\" content=\"Redacci\u00f3n Box Repsol\" \/>\n\t<meta name=\"twitter:label2\" content=\"Est. reading time\" \/>\n\t<meta name=\"twitter:data2\" content=\"5 minutos\" \/>\n<script type=\"application\/ld+json\" class=\"yoast-schema-graph\">{\"@context\":\"https:\\\/\\\/schema.org\",\"@graph\":[{\"@type\":\"Article\",\"@id\":\"https:\\\/\\\/www.boxrepsol.com\\\/es\\\/rally\\\/isidre-esteve-afronta-mejor-nunca-gran-desafio-del-dakar\\\/#article\",\"isPartOf\":{\"@id\":\"https:\\\/\\\/www.boxrepsol.com\\\/es\\\/rally\\\/isidre-esteve-afronta-mejor-nunca-gran-desafio-del-dakar\\\/\"},\"author\":{\"name\":\"Redacci\u00f3n Box Repsol\",\"@id\":\"https:\\\/\\\/www.boxrepsol.com\\\/es\\\/#\\\/schema\\\/person\\\/c5c2138f2cca251b0ad92b7086bb60b7\"},\"headline\":\"Isidre Esteve afronta mejor que nunca el gran desaf\u00edo del Dakar\",\"datePublished\":\"2018-12-10T02:00:00+00:00\",\"dateModified\":\"2024-05-22T10:07:29+00:00\",\"mainEntityOfPage\":{\"@id\":\"https:\\\/\\\/www.boxrepsol.com\\\/es\\\/rally\\\/isidre-esteve-afronta-mejor-nunca-gran-desafio-del-dakar\\\/\"},\"wordCount\":1058,\"commentCount\":0,\"publisher\":{\"@id\":\"https:\\\/\\\/www.boxrepsol.com\\\/es\\\/#organization\"},\"image\":{\"@id\":\"https:\\\/\\\/www.boxrepsol.com\\\/es\\\/rally\\\/isidre-esteve-afronta-mejor-nunca-gran-desafio-del-dakar\\\/#primaryimage\"},\"thumbnailUrl\":\"https:\\\/\\\/bxrepsol.s3.eu-west-1.amazonaws.com\\\/static\\\/2022\\\/08\\\/29083713\\\/00_isidre_esteve_txema_villalobos_repsol_rally_team_dakar_2019.jpg\",\"keywords\":[\"Isidre Esteve\"],\"articleSection\":[\"Rally\"],\"inLanguage\":\"es\",\"potentialAction\":[{\"@type\":\"CommentAction\",\"name\":\"Comment\",\"target\":[\"https:\\\/\\\/www.boxrepsol.com\\\/es\\\/rally\\\/isidre-esteve-afronta-mejor-nunca-gran-desafio-del-dakar\\\/#respond\"]}]},{\"@type\":\"WebPage\",\"@id\":\"https:\\\/\\\/www.boxrepsol.com\\\/es\\\/rally\\\/isidre-esteve-afronta-mejor-nunca-gran-desafio-del-dakar\\\/\",\"url\":\"https:\\\/\\\/www.boxrepsol.com\\\/es\\\/rally\\\/isidre-esteve-afronta-mejor-nunca-gran-desafio-del-dakar\\\/\",\"name\":\"Isidre Esteve afronta el Dakar m\u00e1s preparado que nunca - Box Repsol\",\"isPartOf\":{\"@id\":\"https:\\\/\\\/www.boxrepsol.com\\\/es\\\/#website\"},\"primaryImageOfPage\":{\"@id\":\"https:\\\/\\\/www.boxrepsol.com\\\/es\\\/rally\\\/isidre-esteve-afronta-mejor-nunca-gran-desafio-del-dakar\\\/#primaryimage\"},\"image\":{\"@id\":\"https:\\\/\\\/www.boxrepsol.com\\\/es\\\/rally\\\/isidre-esteve-afronta-mejor-nunca-gran-desafio-del-dakar\\\/#primaryimage\"},\"thumbnailUrl\":\"https:\\\/\\\/bxrepsol.s3.eu-west-1.amazonaws.com\\\/static\\\/2022\\\/08\\\/29083713\\\/00_isidre_esteve_txema_villalobos_repsol_rally_team_dakar_2019.jpg\",\"datePublished\":\"2018-12-10T02:00:00+00:00\",\"dateModified\":\"2024-05-22T10:07:29+00:00\",\"description\":\"El piloto del Repsol Rally Team luchar\u00e1 por superar el 21\u00ba lugar de la pasada edici\u00f3n, con una versi\u00f3n evolucionada de su prototipo con los mandos adaptados\",\"breadcrumb\":{\"@id\":\"https:\\\/\\\/www.boxrepsol.com\\\/es\\\/rally\\\/isidre-esteve-afronta-mejor-nunca-gran-desafio-del-dakar\\\/#breadcrumb\"},\"inLanguage\":\"es\",\"potentialAction\":[{\"@type\":\"ReadAction\",\"target\":[\"https:\\\/\\\/www.boxrepsol.com\\\/es\\\/rally\\\/isidre-esteve-afronta-mejor-nunca-gran-desafio-del-dakar\\\/\"]}]},{\"@type\":\"ImageObject\",\"inLanguage\":\"es\",\"@id\":\"https:\\\/\\\/www.boxrepsol.com\\\/es\\\/rally\\\/isidre-esteve-afronta-mejor-nunca-gran-desafio-del-dakar\\\/#primaryimage\",\"url\":\"https:\\\/\\\/bxrepsol.s3.eu-west-1.amazonaws.com\\\/static\\\/2022\\\/08\\\/29083713\\\/00_isidre_esteve_txema_villalobos_repsol_rally_team_dakar_2019.jpg\",\"contentUrl\":\"https:\\\/\\\/bxrepsol.s3.eu-west-1.amazonaws.com\\\/static\\\/2022\\\/08\\\/29083713\\\/00_isidre_esteve_txema_villalobos_repsol_rally_team_dakar_2019.jpg\",\"width\":1280,\"height\":600,\"caption\":\"Isidre Esteve y Txema Villalobos\"},{\"@type\":\"BreadcrumbList\",\"@id\":\"https:\\\/\\\/www.boxrepsol.com\\\/es\\\/rally\\\/isidre-esteve-afronta-mejor-nunca-gran-desafio-del-dakar\\\/#breadcrumb\",\"itemListElement\":[{\"@type\":\"ListItem\",\"position\":1,\"name\":\"Home\",\"item\":\"https:\\\/\\\/www.boxrepsol.com\\\/es\\\/\"},{\"@type\":\"ListItem\",\"position\":2,\"name\":\"Isidre Esteve afronta mejor que nunca el gran desaf\u00edo del Dakar\"}]},{\"@type\":\"WebSite\",\"@id\":\"https:\\\/\\\/www.boxrepsol.com\\\/es\\\/#website\",\"url\":\"https:\\\/\\\/www.boxrepsol.com\\\/es\\\/\",\"name\":\"Box Repsol\",\"description\":\"Box Repsol Site\",\"publisher\":{\"@id\":\"https:\\\/\\\/www.boxrepsol.com\\\/es\\\/#organization\"},\"potentialAction\":[{\"@type\":\"SearchAction\",\"target\":{\"@type\":\"EntryPoint\",\"urlTemplate\":\"https:\\\/\\\/www.boxrepsol.com\\\/es\\\/?s={search_term_string}\"},\"query-input\":{\"@type\":\"PropertyValueSpecification\",\"valueRequired\":true,\"valueName\":\"search_term_string\"}}],\"inLanguage\":\"es\"},{\"@type\":\"Organization\",\"@id\":\"https:\\\/\\\/www.boxrepsol.com\\\/es\\\/#organization\",\"name\":\"Box Repsol\",\"url\":\"https:\\\/\\\/www.boxrepsol.com\\\/es\\\/\",\"logo\":{\"@type\":\"ImageObject\",\"inLanguage\":\"es\",\"@id\":\"https:\\\/\\\/www.boxrepsol.com\\\/es\\\/#\\\/schema\\\/logo\\\/image\\\/\",\"url\":\"https:\\\/\\\/bxrepsol.s3.eu-west-1.amazonaws.com\\\/static\\\/2025\\\/07\\\/30083337\\\/favicon-96x96-1.png\",\"contentUrl\":\"https:\\\/\\\/bxrepsol.s3.eu-west-1.amazonaws.com\\\/static\\\/2025\\\/07\\\/30083337\\\/favicon-96x96-1.png\",\"width\":96,\"height\":96,\"caption\":\"Box Repsol\"},\"image\":{\"@id\":\"https:\\\/\\\/www.boxrepsol.com\\\/es\\\/#\\\/schema\\\/logo\\\/image\\\/\"},\"sameAs\":[\"https:\\\/\\\/www.facebook.com\\\/BoxRepsol\",\"https:\\\/\\\/x.com\\\/box_repsol\",\"http:\\\/\\\/instagram.com\\\/box_repsol\",\"https:\\\/\\\/www.youtube.com\\\/user\\\/RepsolCompeticion\",\"https:\\\/\\\/www.flickr.com\\\/photos\\\/box_repsol\\\/\"]},{\"@type\":\"Person\",\"@id\":\"https:\\\/\\\/www.boxrepsol.com\\\/es\\\/#\\\/schema\\\/person\\\/c5c2138f2cca251b0ad92b7086bb60b7\",\"name\":\"Redacci\u00f3n Box Repsol\",\"image\":{\"@type\":\"ImageObject\",\"inLanguage\":\"es\",\"@id\":\"https:\\\/\\\/secure.gravatar.com\\\/avatar\\\/adf7b77e38b4419baf32c7e9c21dde01f4e40df611f0978e3006fc4ba0aaab7e?s=96&d=mm&r=g\",\"url\":\"https:\\\/\\\/secure.gravatar.com\\\/avatar\\\/adf7b77e38b4419baf32c7e9c21dde01f4e40df611f0978e3006fc4ba0aaab7e?s=96&d=mm&r=g\",\"contentUrl\":\"https:\\\/\\\/secure.gravatar.com\\\/avatar\\\/adf7b77e38b4419baf32c7e9c21dde01f4e40df611f0978e3006fc4ba0aaab7e?s=96&d=mm&r=g\",\"caption\":\"Redacci\u00f3n Box Repsol\"},\"description\":\"Box Repsol lo forma un equipo de periodistas, community managers, dise\u00f1adores y fot\u00f3grafos con m\u00e1s de 20 a\u00f1os de experiencia en el mundo del motorsport. Hemos vivido el primer mundial de un espa\u00f1ol en la categor\u00eda reina de motociclismo con \u00c1lex Crivill\u00e9, estuvimos en las victorias de Pedrosa y los t\u00edtulos de M\u00e1rquez, acompa\u00f1amos en \u00c1frica a Nani Roma y Marc Coma en sus conquistas del Dakar y hemos vibrado con los t\u00edtulos de Toni Bou en Trial. Adem\u00e1s, en nuestro equipo contamos con expertos en el mundo de las dos y cuatro ruedas tanto de la calle y las carreteras, como de los circuitos. Periodistas que han trabajado en revistas y publicaciones para hacerte llegar desde rutas y consejos de mantenimiento, a curiosidades y trucos de pilotaje.\",\"sameAs\":[\"https:\\\/\\\/www.facebook.com\\\/BoxRepsol\\\/\",\"https:\\\/\\\/www.instagram.com\\\/box_repsol\\\/\",\"https:\\\/\\\/x.com\\\/https:\\\/\\\/twitter.com\\\/box_repsol\",\"https:\\\/\\\/www.youtube.com\\\/@Boxrepsol\"],\"url\":\"https:\\\/\\\/www.boxrepsol.com\\\/es\\\/author\\\/redaccion-box-repsol\\\/\"}]}<\/script>\n<!-- \/ Yoast SEO plugin. -->","yoast_head_json":{"title":"Isidre Esteve afronta el Dakar m\u00e1s preparado que nunca - Box Repsol","description":"El piloto del Repsol Rally Team luchar\u00e1 por superar el 21\u00ba lugar de la pasada edici\u00f3n, con una versi\u00f3n evolucionada de su prototipo con los mandos adaptados","canonical":"https:\/\/www.boxrepsol.com\/es\/rally\/isidre-esteve-afronta-mejor-nunca-gran-desafio-del-dakar\/","og_locale":"es_ES","og_type":"article","og_title":"Isidre Esteve afronta el Dakar m\u00e1s preparado que nunca - Box Repsol","og_description":"El piloto del Repsol Rally Team luchar\u00e1 por superar el 21\u00ba lugar de la pasada edici\u00f3n, con una versi\u00f3n evolucionada de su prototipo con los mandos adaptados","og_url":"https:\/\/www.boxrepsol.com\/es\/rally\/isidre-esteve-afronta-mejor-nunca-gran-desafio-del-dakar\/","og_site_name":"Box Repsol","article_publisher":"https:\/\/www.facebook.com\/BoxRepsol","article_author":"https:\/\/www.facebook.com\/BoxRepsol\/","article_published_time":"2018-12-10T02:00:00+00:00","article_modified_time":"2024-05-22T10:07:29+00:00","og_image":[{"width":1280,"height":600,"url":"https:\/\/bxrepsol.s3.eu-west-1.amazonaws.com\/static\/2022\/08\/29083713\/00_isidre_esteve_txema_villalobos_repsol_rally_team_dakar_2019.jpg","type":"image\/jpeg"}],"author":"Redacci\u00f3n Box Repsol","twitter_card":"summary_large_image","twitter_creator":"@https:\/\/twitter.com\/box_repsol","twitter_site":"@box_repsol","twitter_misc":{"Written by":"Redacci\u00f3n Box Repsol","Est. reading time":"5 minutos"},"schema":{"@context":"https:\/\/schema.org","@graph":[{"@type":"Article","@id":"https:\/\/www.boxrepsol.com\/es\/rally\/isidre-esteve-afronta-mejor-nunca-gran-desafio-del-dakar\/#article","isPartOf":{"@id":"https:\/\/www.boxrepsol.com\/es\/rally\/isidre-esteve-afronta-mejor-nunca-gran-desafio-del-dakar\/"},"author":{"name":"Redacci\u00f3n Box Repsol","@id":"https:\/\/www.boxrepsol.com\/es\/#\/schema\/person\/c5c2138f2cca251b0ad92b7086bb60b7"},"headline":"Isidre Esteve afronta mejor que nunca el gran desaf\u00edo del Dakar","datePublished":"2018-12-10T02:00:00+00:00","dateModified":"2024-05-22T10:07:29+00:00","mainEntityOfPage":{"@id":"https:\/\/www.boxrepsol.com\/es\/rally\/isidre-esteve-afronta-mejor-nunca-gran-desafio-del-dakar\/"},"wordCount":1058,"commentCount":0,"publisher":{"@id":"https:\/\/www.boxrepsol.com\/es\/#organization"},"image":{"@id":"https:\/\/www.boxrepsol.com\/es\/rally\/isidre-esteve-afronta-mejor-nunca-gran-desafio-del-dakar\/#primaryimage"},"thumbnailUrl":"https:\/\/bxrepsol.s3.eu-west-1.amazonaws.com\/static\/2022\/08\/29083713\/00_isidre_esteve_txema_villalobos_repsol_rally_team_dakar_2019.jpg","keywords":["Isidre Esteve"],"articleSection":["Rally"],"inLanguage":"es","potentialAction":[{"@type":"CommentAction","name":"Comment","target":["https:\/\/www.boxrepsol.com\/es\/rally\/isidre-esteve-afronta-mejor-nunca-gran-desafio-del-dakar\/#respond"]}]},{"@type":"WebPage","@id":"https:\/\/www.boxrepsol.com\/es\/rally\/isidre-esteve-afronta-mejor-nunca-gran-desafio-del-dakar\/","url":"https:\/\/www.boxrepsol.com\/es\/rally\/isidre-esteve-afronta-mejor-nunca-gran-desafio-del-dakar\/","name":"Isidre Esteve afronta el Dakar m\u00e1s preparado que nunca - Box Repsol","isPartOf":{"@id":"https:\/\/www.boxrepsol.com\/es\/#website"},"primaryImageOfPage":{"@id":"https:\/\/www.boxrepsol.com\/es\/rally\/isidre-esteve-afronta-mejor-nunca-gran-desafio-del-dakar\/#primaryimage"},"image":{"@id":"https:\/\/www.boxrepsol.com\/es\/rally\/isidre-esteve-afronta-mejor-nunca-gran-desafio-del-dakar\/#primaryimage"},"thumbnailUrl":"https:\/\/bxrepsol.s3.eu-west-1.amazonaws.com\/static\/2022\/08\/29083713\/00_isidre_esteve_txema_villalobos_repsol_rally_team_dakar_2019.jpg","datePublished":"2018-12-10T02:00:00+00:00","dateModified":"2024-05-22T10:07:29+00:00","description":"El piloto del Repsol Rally Team luchar\u00e1 por superar el 21\u00ba lugar de la pasada edici\u00f3n, con una versi\u00f3n evolucionada de su prototipo con los mandos adaptados","breadcrumb":{"@id":"https:\/\/www.boxrepsol.com\/es\/rally\/isidre-esteve-afronta-mejor-nunca-gran-desafio-del-dakar\/#breadcrumb"},"inLanguage":"es","potentialAction":[{"@type":"ReadAction","target":["https:\/\/www.boxrepsol.com\/es\/rally\/isidre-esteve-afronta-mejor-nunca-gran-desafio-del-dakar\/"]}]},{"@type":"ImageObject","inLanguage":"es","@id":"https:\/\/www.boxrepsol.com\/es\/rally\/isidre-esteve-afronta-mejor-nunca-gran-desafio-del-dakar\/#primaryimage","url":"https:\/\/bxrepsol.s3.eu-west-1.amazonaws.com\/static\/2022\/08\/29083713\/00_isidre_esteve_txema_villalobos_repsol_rally_team_dakar_2019.jpg","contentUrl":"https:\/\/bxrepsol.s3.eu-west-1.amazonaws.com\/static\/2022\/08\/29083713\/00_isidre_esteve_txema_villalobos_repsol_rally_team_dakar_2019.jpg","width":1280,"height":600,"caption":"Isidre Esteve y Txema Villalobos"},{"@type":"BreadcrumbList","@id":"https:\/\/www.boxrepsol.com\/es\/rally\/isidre-esteve-afronta-mejor-nunca-gran-desafio-del-dakar\/#breadcrumb","itemListElement":[{"@type":"ListItem","position":1,"name":"Home","item":"https:\/\/www.boxrepsol.com\/es\/"},{"@type":"ListItem","position":2,"name":"Isidre Esteve afronta mejor que nunca el gran desaf\u00edo del Dakar"}]},{"@type":"WebSite","@id":"https:\/\/www.boxrepsol.com\/es\/#website","url":"https:\/\/www.boxrepsol.com\/es\/","name":"Box Repsol","description":"Box Repsol Site","publisher":{"@id":"https:\/\/www.boxrepsol.com\/es\/#organization"},"potentialAction":[{"@type":"SearchAction","target":{"@type":"EntryPoint","urlTemplate":"https:\/\/www.boxrepsol.com\/es\/?s={search_term_string}"},"query-input":{"@type":"PropertyValueSpecification","valueRequired":true,"valueName":"search_term_string"}}],"inLanguage":"es"},{"@type":"Organization","@id":"https:\/\/www.boxrepsol.com\/es\/#organization","name":"Box Repsol","url":"https:\/\/www.boxrepsol.com\/es\/","logo":{"@type":"ImageObject","inLanguage":"es","@id":"https:\/\/www.boxrepsol.com\/es\/#\/schema\/logo\/image\/","url":"https:\/\/bxrepsol.s3.eu-west-1.amazonaws.com\/static\/2025\/07\/30083337\/favicon-96x96-1.png","contentUrl":"https:\/\/bxrepsol.s3.eu-west-1.amazonaws.com\/static\/2025\/07\/30083337\/favicon-96x96-1.png","width":96,"height":96,"caption":"Box Repsol"},"image":{"@id":"https:\/\/www.boxrepsol.com\/es\/#\/schema\/logo\/image\/"},"sameAs":["https:\/\/www.facebook.com\/BoxRepsol","https:\/\/x.com\/box_repsol","http:\/\/instagram.com\/box_repsol","https:\/\/www.youtube.com\/user\/RepsolCompeticion","https:\/\/www.flickr.com\/photos\/box_repsol\/"]},{"@type":"Person","@id":"https:\/\/www.boxrepsol.com\/es\/#\/schema\/person\/c5c2138f2cca251b0ad92b7086bb60b7","name":"Redacci\u00f3n Box Repsol","image":{"@type":"ImageObject","inLanguage":"es","@id":"https:\/\/secure.gravatar.com\/avatar\/adf7b77e38b4419baf32c7e9c21dde01f4e40df611f0978e3006fc4ba0aaab7e?s=96&d=mm&r=g","url":"https:\/\/secure.gravatar.com\/avatar\/adf7b77e38b4419baf32c7e9c21dde01f4e40df611f0978e3006fc4ba0aaab7e?s=96&d=mm&r=g","contentUrl":"https:\/\/secure.gravatar.com\/avatar\/adf7b77e38b4419baf32c7e9c21dde01f4e40df611f0978e3006fc4ba0aaab7e?s=96&d=mm&r=g","caption":"Redacci\u00f3n Box Repsol"},"description":"Box Repsol lo forma un equipo de periodistas, community managers, dise\u00f1adores y fot\u00f3grafos con m\u00e1s de 20 a\u00f1os de experiencia en el mundo del motorsport. Hemos vivido el primer mundial de un espa\u00f1ol en la categor\u00eda reina de motociclismo con \u00c1lex Crivill\u00e9, estuvimos en las victorias de Pedrosa y los t\u00edtulos de M\u00e1rquez, acompa\u00f1amos en \u00c1frica a Nani Roma y Marc Coma en sus conquistas del Dakar y hemos vibrado con los t\u00edtulos de Toni Bou en Trial. Adem\u00e1s, en nuestro equipo contamos con expertos en el mundo de las dos y cuatro ruedas tanto de la calle y las carreteras, como de los circuitos. Periodistas que han trabajado en revistas y publicaciones para hacerte llegar desde rutas y consejos de mantenimiento, a curiosidades y trucos de pilotaje.","sameAs":["https:\/\/www.facebook.com\/BoxRepsol\/","https:\/\/www.instagram.com\/box_repsol\/","https:\/\/x.com\/https:\/\/twitter.com\/box_repsol","https:\/\/www.youtube.com\/@Boxrepsol"],"url":"https:\/\/www.boxrepsol.com\/es\/author\/redaccion-box-repsol\/"}]}},"_links":{"self":[{"href":"https:\/\/www.boxrepsol.com\/es\/wp-json\/wp\/v2\/posts\/93597","targetHints":{"allow":["GET"]}}],"collection":[{"href":"https:\/\/www.boxrepsol.com\/es\/wp-json\/wp\/v2\/posts"}],"about":[{"href":"https:\/\/www.boxrepsol.com\/es\/wp-json\/wp\/v2\/types\/post"}],"author":[{"embeddable":true,"href":"https:\/\/www.boxrepsol.com\/es\/wp-json\/wp\/v2\/users\/43146"}],"replies":[{"embeddable":true,"href":"https:\/\/www.boxrepsol.com\/es\/wp-json\/wp\/v2\/comments?post=93597"}],"version-history":[{"count":1,"href":"https:\/\/www.boxrepsol.com\/es\/wp-json\/wp\/v2\/posts\/93597\/revisions"}],"predecessor-version":[{"id":93598,"href":"https:\/\/www.boxrepsol.com\/es\/wp-json\/wp\/v2\/posts\/93597\/revisions\/93598"}],"wp:featuredmedia":[{"embeddable":true,"href":"https:\/\/www.boxrepsol.com\/es\/wp-json\/wp\/v2\/media\/60270"}],"wp:attachment":[{"href":"https:\/\/www.boxrepsol.com\/es\/wp-json\/wp\/v2\/media?parent=93597"}],"wp:term":[{"taxonomy":"category","embeddable":true,"href":"https:\/\/www.boxrepsol.com\/es\/wp-json\/wp\/v2\/categories?post=93597"},{"taxonomy":"post_tag","embeddable":true,"href":"https:\/\/www.boxrepsol.com\/es\/wp-json\/wp\/v2\/tags?post=93597"}],"curies":[{"name":"wp","href":"https:\/\/api.w.org\/{rel}","templated":true}]}}