{"id":93590,"date":"2019-12-04T00:00:00","date_gmt":"2019-12-04T02:00:00","guid":{"rendered":"http:\/\/pre.boxrepsol.com\/sin-categorizar\/marc-marquez-mecanico-ademas-piloto\/"},"modified":"2024-04-22T10:16:10","modified_gmt":"2024-04-22T12:16:10","slug":"marc-marquez-mecanico-ademas-piloto","status":"publish","type":"post","link":"https:\/\/www.boxrepsol.com\/es\/motogp\/marc-marquez-mecanico-ademas-piloto\/","title":{"rendered":"Marc M\u00e1rquez, mec\u00e1nico adem\u00e1s de piloto"},"content":{"rendered":"<blockquote><p>\n\t<a href=\"http:\/\/twitter.com\/share?text=En+cierto+modo+soy+mi+propio+mec%C3%A1nico%2C+%C2%A1no+me+queda+otra%21+&#038;url=https%3A%2F%2Fwww.boxrepsol.com%2Fes%2Fmotogp%2Fmarc-marquez-mecanico-ademas-piloto%2F\" target=\"_blank\" rel=\"noopener\"><\/p>\n<p>En cierto modo soy mi propio mec\u00e1nico, \u00a1no me queda otra! <\/p>\n<p>\t<\/a>\n<\/p><\/blockquote>\n<p>\u00a1Hola a todos!<\/p>\n<p>Hoy voy a hablaros de mi experiencia como mec\u00e1nico. S\u00ed, es verdad que en pista tengo a mi equipo, \u00a1pero cuando voy a entrenar offroad no puedo contar con ellos! <strong>Normalmente me acompa\u00f1an Jose y mi hermano \u00c1lex<\/strong>, aunque muchas veces mi padre tambi\u00e9n viene y nos lleva las motos hasta el circuito. Entre los todos nos encargamos del ajuste, y si se estropea algo, nos ponemos y miramos c\u00f3mo arreglarlo. No es que vengan solo a ayudarme claro, entrenamos juntos y solucionar estos temas es un a\u00f1adido al entreno.<\/p>\n<p>La ventaja de ir en grupo es que <strong>si toca arreglar algo concreto que yo no s\u00e9 hacer, Jose, \u00c1lex y mi padre me pueden ayudar<\/strong> y entre todos solucionamos el asunto. Claro que yo tambi\u00e9n ayudo a mi hermano cuando toca, nos apa\u00f1amos bastante bien para tenerlo todo en orden cuando vamos a entrenar. Aunque no tengo a mi equipo de MotoGP conmigo, estoy contento con c\u00f3mo nos las arreglamos, adem\u00e1s de que as\u00ed nunca entreno solo y podemos disfrutar trabajando en las motos.<\/p>\n<p><a href=\"https:\/\/bxrepsol.s3.eu-west-1.amazonaws.com\/static\/2022\/08\/05062453\/41637603_2134987163178389_2661610126892335104_n.jpg\" \n   title=\"Marc M\u00e1rquez con su hermano \u00c1lex y su amigo Jose\" \n   data-gallery-thumbnail=\"https:\/\/bxrepsol.s3.eu-west-1.amazonaws.com\/static\/2022\/08\/05062453\/41637603_2134987163178389_2661610126892335104_n.jpg\"\n   data-gallery-title=\"\"\n   data-gallery><\/p>\n<figure>\n        <picture style=\"padding-bottom: 75%; background-image: url(https:\/\/bxrepsol.s3.eu-west-1.amazonaws.com\/static\/2022\/08\/05062453\/41637603_2134987163178389_2661610126892335104_n.jpg);\">\n            <img decoding=\"async\" src=\"https:\/\/bxrepsol.s3.eu-west-1.amazonaws.com\/static\/2022\/08\/05062453\/41637603_2134987163178389_2661610126892335104_n.jpg\"><br \/>\n            <img itemprop=\"image\"\n                data-srcset=\"https:\/\/bxrepsol.s3.eu-west-1.amazonaws.com\/static\/2022\/08\/05062453\/41637603_2134987163178389_2661610126892335104_n.jpg 480w, https:\/\/bxrepsol.s3.eu-west-1.amazonaws.com\/static\/2022\/08\/05062453\/41637603_2134987163178389_2661610126892335104_n.jpg 600w, https:\/\/bxrepsol.s3.eu-west-1.amazonaws.com\/static\/2022\/08\/05062453\/41637603_2134987163178389_2661610126892335104_n.jpg 900w\"\n                data-src=\"https:\/\/bxrepsol.s3.eu-west-1.amazonaws.com\/static\/2022\/08\/05062453\/41637603_2134987163178389_2661610126892335104_n.jpg\"\n                alt=\"Marc M\u00e1rquez con su hermano \u00c1lex y su amigo Jose\"\n                title=\"Marc M\u00e1rquez con su hermano \u00c1lex y su amigo Jose\"\/><br \/>\n            <noscript><img decoding=\"async\" src=\"https:\/\/bxrepsol.s3.eu-west-1.amazonaws.com\/static\/2022\/08\/05062453\/41637603_2134987163178389_2661610126892335104_n.jpg\" alt=\"Marc M\u00e1rquez con su hermano \u00c1lex y su amigo Jose\"><\/noscript>\n        <\/picture><figcaption>Marc M\u00e1rquez con su hermano \u00c1lex y su amigo Jose<\/figcaption><\/figure>\n<p><\/a><\/p>\n<p>Arreglar las cosas en mitad del entreno tiene sus desventajas, ya que <strong>disponemos de menos tiempo para centrarnos en la mec\u00e1nica<\/strong>. Si estamos con un problema leve en mitad del entrenamiento, intentamos solucionarlo al momento, pero si queda poco para terminar, pues ya no sigo y me preparo para ensuciarme las manos. Si el problema es grave, volvemos tranquilamente a casa, y cuando estamos en Cervera lo arreglamos all\u00ed en el garaje.<\/p>\n<p>As\u00ed que en cierto modo soy mi propio mec\u00e1nico, \u00a1no me queda otra! Al final o lo hago o me quedo sin moto para entrenar si algo no funciona. Es algo que he ido aprendiendo desde peque\u00f1o, cuando \u00edbamos los fines de semana a pista con mi padre y \u00c1lex. Me fijaba en lo que hac\u00eda mi padre, ya que era \u00e9l quien hac\u00eda las tareas de mantenimiento. Yo, siendo como soy, ten\u00eda la inquietud de aprender a hacerlo todo no me perd\u00eda detalle.<strong> Siempre lo he tenido muy claro, de no haber sido piloto, me habr\u00eda gustado estar en el mundo de las motos como mec\u00e1nico<\/strong>.<\/p>\n<p><a href=\"https:\/\/bxrepsol.s3.eu-west-1.amazonaws.com\/static\/2022\/08\/29083648\/40548485_2122374794439626_2175694002517442560_n-1.jpg\" \n   title=\"Marc M\u00e1rquez haciendo Dirt Track\" \n   data-gallery-thumbnail=\"https:\/\/bxrepsol.s3.eu-west-1.amazonaws.com\/static\/2022\/08\/29083648\/40548485_2122374794439626_2175694002517442560_n-1.jpg\"\n   data-gallery-title=\"\"\n   data-gallery><\/p>\n<figure>\n        <picture style=\"padding-bottom: 64.791666666667%; background-image: url(https:\/\/bxrepsol.s3.eu-west-1.amazonaws.com\/static\/2022\/08\/29083648\/40548485_2122374794439626_2175694002517442560_n-1.jpg);\">\n            <img decoding=\"async\" src=\"https:\/\/bxrepsol.s3.eu-west-1.amazonaws.com\/static\/2022\/08\/29083648\/40548485_2122374794439626_2175694002517442560_n-1.jpg\"><br \/>\n            <img itemprop=\"image\"\n                data-srcset=\"https:\/\/bxrepsol.s3.eu-west-1.amazonaws.com\/static\/2022\/08\/29083648\/40548485_2122374794439626_2175694002517442560_n-1.jpg 480w, https:\/\/bxrepsol.s3.eu-west-1.amazonaws.com\/static\/2022\/08\/29083648\/40548485_2122374794439626_2175694002517442560_n-1.jpg 600w, https:\/\/bxrepsol.s3.eu-west-1.amazonaws.com\/static\/2022\/08\/29083648\/40548485_2122374794439626_2175694002517442560_n-1.jpg 900w\"\n                data-src=\"https:\/\/bxrepsol.s3.eu-west-1.amazonaws.com\/static\/2022\/08\/29083648\/40548485_2122374794439626_2175694002517442560_n-1.jpg\"\n                alt=\"Marc M\u00e1rquez haciendo Dirt Track\"\n                title=\"Marc M\u00e1rquez rodando en pista de Dirt Track\"\/><br \/>\n            <noscript><img decoding=\"async\" src=\"https:\/\/bxrepsol.s3.eu-west-1.amazonaws.com\/static\/2022\/08\/29083648\/40548485_2122374794439626_2175694002517442560_n-1.jpg\" alt=\"Marc M\u00e1rquez haciendo Dirt Track\"><\/noscript>\n        <\/picture><figcaption>Marc M\u00e1rquez haciendo Dirt Track<\/figcaption><\/figure>\n<p><\/a><\/p>\n<p>Si tengo que daros un consejo a todos los que quer\u00e9is dedicaros a la mec\u00e1nica, es <strong>que siempre teng\u00e1is pasi\u00f3n por lo que hac\u00e9is<\/strong>, eso es lo m\u00e1s importante. Desde peque\u00f1o, siempre he tenido la curiosidad por las motos y el inter\u00e9s por entrenar. Si quieres aprender lo m\u00e1s importante es ponerle ganas y tener la voluntad para insistir en ello.<\/p>\n<p>Todo eso con las motos, porque las chapucillas de por casa no se me dan tan bien\u2026 Alguna vez he intentado arreglar algo en casa, pero vistos los resultado, \u00a1creo que es mejor dej\u00e1rselo a los expertos!<\/p>\n","protected":false},"excerpt":{"rendered":"<p>El 93 siempre quiso dedicarse al mundo de las dos ruedas, y si no hubiese sido piloto, el de Cervera lo tiene claro, habr\u00eda sido mec\u00e1nico. Pero\u2026 \u00bfc\u00f3mo de bueno es Marc en estas labores? Nos lo cuenta \u00e9l mismo.<\/p>\n","protected":false},"author":43146,"featured_media":60233,"comment_status":"open","ping_status":"open","sticky":false,"template":"","format":"standard","meta":{"footnotes":""},"categories":[4],"tags":[6],"class_list":["post-93590","post","type-post","status-publish","format-standard","hentry","category-motogp","tag-marc-marquez"],"yoast_head":"<!-- This site is optimized with the Yoast SEO plugin v27.3 - https:\/\/yoast.com\/product\/yoast-seo-wordpress\/ -->\n<title>Marc M\u00e1rquez, mec\u00e1nico adem\u00e1s de piloto - Box Repsol<\/title>\n<meta name=\"description\" content=\"El 93 siempre quiso dedicarse al mundo de las dos ruedas, y si no hubiese sido piloto, el de Cervera lo tiene claro, habr\u00eda sido mec\u00e1nico.\" \/>\n<link rel=\"canonical\" href=\"https:\/\/www.boxrepsol.com\/es\/motogp\/marc-marquez-mecanico-ademas-piloto\/\" \/>\n<meta property=\"og:locale\" content=\"es_ES\" \/>\n<meta property=\"og:type\" content=\"article\" \/>\n<meta property=\"og:title\" content=\"Marc M\u00e1rquez, mec\u00e1nico adem\u00e1s de piloto - Box Repsol\" \/>\n<meta property=\"og:description\" content=\"El 93 siempre quiso dedicarse al mundo de las dos ruedas, y si no hubiese sido piloto, el de Cervera lo tiene claro, habr\u00eda sido mec\u00e1nico.\" \/>\n<meta property=\"og:url\" content=\"https:\/\/www.boxrepsol.com\/es\/motogp\/marc-marquez-mecanico-ademas-piloto\/\" \/>\n<meta property=\"og:site_name\" content=\"Box Repsol\" \/>\n<meta property=\"article:publisher\" content=\"https:\/\/www.facebook.com\/BoxRepsol\" \/>\n<meta property=\"article:author\" content=\"https:\/\/www.facebook.com\/BoxRepsol\/\" \/>\n<meta property=\"article:published_time\" content=\"2019-12-04T02:00:00+00:00\" \/>\n<meta property=\"article:modified_time\" content=\"2024-04-22T12:16:10+00:00\" \/>\n<meta property=\"og:image\" content=\"https:\/\/s3-eu-west-1.amazonaws.com\/boxrepsol-site\/uploads\/20245734_1631599440183833_1756394622370475367_n.jpg\" \/>\n<meta name=\"author\" content=\"Redacci\u00f3n Box Repsol\" \/>\n<meta name=\"twitter:card\" content=\"summary_large_image\" \/>\n<meta name=\"twitter:creator\" content=\"@https:\/\/twitter.com\/box_repsol\" \/>\n<meta name=\"twitter:site\" content=\"@box_repsol\" \/>\n<meta name=\"twitter:label1\" content=\"Written by\" \/>\n\t<meta name=\"twitter:data1\" content=\"Redacci\u00f3n Box Repsol\" \/>\n\t<meta name=\"twitter:label2\" content=\"Est. reading time\" \/>\n\t<meta name=\"twitter:data2\" content=\"3 minutos\" \/>\n<script type=\"application\/ld+json\" class=\"yoast-schema-graph\">{\"@context\":\"https:\\\/\\\/schema.org\",\"@graph\":[{\"@type\":\"Article\",\"@id\":\"https:\\\/\\\/www.boxrepsol.com\\\/es\\\/motogp\\\/marc-marquez-mecanico-ademas-piloto\\\/#article\",\"isPartOf\":{\"@id\":\"https:\\\/\\\/www.boxrepsol.com\\\/es\\\/motogp\\\/marc-marquez-mecanico-ademas-piloto\\\/\"},\"author\":{\"name\":\"Redacci\u00f3n Box Repsol\",\"@id\":\"https:\\\/\\\/www.boxrepsol.com\\\/es\\\/#\\\/schema\\\/person\\\/c5c2138f2cca251b0ad92b7086bb60b7\"},\"headline\":\"Marc M\u00e1rquez, mec\u00e1nico adem\u00e1s de piloto\",\"datePublished\":\"2019-12-04T02:00:00+00:00\",\"dateModified\":\"2024-04-22T12:16:10+00:00\",\"mainEntityOfPage\":{\"@id\":\"https:\\\/\\\/www.boxrepsol.com\\\/es\\\/motogp\\\/marc-marquez-mecanico-ademas-piloto\\\/\"},\"wordCount\":521,\"commentCount\":0,\"publisher\":{\"@id\":\"https:\\\/\\\/www.boxrepsol.com\\\/es\\\/#organization\"},\"image\":{\"@id\":\"https:\\\/\\\/www.boxrepsol.com\\\/es\\\/motogp\\\/marc-marquez-mecanico-ademas-piloto\\\/#primaryimage\"},\"thumbnailUrl\":\"https:\\\/\\\/bxrepsol.s3.eu-west-1.amazonaws.com\\\/static\\\/2022\\\/08\\\/29083649\\\/00_offroad_marc_marquez_cross_93_motogp.jpg\",\"keywords\":[\"Marc M\u00e1rquez\"],\"articleSection\":[\"MotoGP\"],\"inLanguage\":\"es\",\"potentialAction\":[{\"@type\":\"CommentAction\",\"name\":\"Comment\",\"target\":[\"https:\\\/\\\/www.boxrepsol.com\\\/es\\\/motogp\\\/marc-marquez-mecanico-ademas-piloto\\\/#respond\"]}]},{\"@type\":\"WebPage\",\"@id\":\"https:\\\/\\\/www.boxrepsol.com\\\/es\\\/motogp\\\/marc-marquez-mecanico-ademas-piloto\\\/\",\"url\":\"https:\\\/\\\/www.boxrepsol.com\\\/es\\\/motogp\\\/marc-marquez-mecanico-ademas-piloto\\\/\",\"name\":\"Marc M\u00e1rquez, mec\u00e1nico adem\u00e1s de piloto - Box Repsol\",\"isPartOf\":{\"@id\":\"https:\\\/\\\/www.boxrepsol.com\\\/es\\\/#website\"},\"primaryImageOfPage\":{\"@id\":\"https:\\\/\\\/www.boxrepsol.com\\\/es\\\/motogp\\\/marc-marquez-mecanico-ademas-piloto\\\/#primaryimage\"},\"image\":{\"@id\":\"https:\\\/\\\/www.boxrepsol.com\\\/es\\\/motogp\\\/marc-marquez-mecanico-ademas-piloto\\\/#primaryimage\"},\"thumbnailUrl\":\"https:\\\/\\\/bxrepsol.s3.eu-west-1.amazonaws.com\\\/static\\\/2022\\\/08\\\/29083649\\\/00_offroad_marc_marquez_cross_93_motogp.jpg\",\"datePublished\":\"2019-12-04T02:00:00+00:00\",\"dateModified\":\"2024-04-22T12:16:10+00:00\",\"description\":\"El 93 siempre quiso dedicarse al mundo de las dos ruedas, y si no hubiese sido piloto, el de Cervera lo tiene claro, habr\u00eda sido mec\u00e1nico.\",\"breadcrumb\":{\"@id\":\"https:\\\/\\\/www.boxrepsol.com\\\/es\\\/motogp\\\/marc-marquez-mecanico-ademas-piloto\\\/#breadcrumb\"},\"inLanguage\":\"es\",\"potentialAction\":[{\"@type\":\"ReadAction\",\"target\":[\"https:\\\/\\\/www.boxrepsol.com\\\/es\\\/motogp\\\/marc-marquez-mecanico-ademas-piloto\\\/\"]}]},{\"@type\":\"ImageObject\",\"inLanguage\":\"es\",\"@id\":\"https:\\\/\\\/www.boxrepsol.com\\\/es\\\/motogp\\\/marc-marquez-mecanico-ademas-piloto\\\/#primaryimage\",\"url\":\"https:\\\/\\\/bxrepsol.s3.eu-west-1.amazonaws.com\\\/static\\\/2022\\\/08\\\/29083649\\\/00_offroad_marc_marquez_cross_93_motogp.jpg\",\"contentUrl\":\"https:\\\/\\\/bxrepsol.s3.eu-west-1.amazonaws.com\\\/static\\\/2022\\\/08\\\/29083649\\\/00_offroad_marc_marquez_cross_93_motogp.jpg\",\"width\":1280,\"height\":600,\"caption\":\"Composici\u00f3n de Marc M\u00e1rquez en moto de cross\"},{\"@type\":\"BreadcrumbList\",\"@id\":\"https:\\\/\\\/www.boxrepsol.com\\\/es\\\/motogp\\\/marc-marquez-mecanico-ademas-piloto\\\/#breadcrumb\",\"itemListElement\":[{\"@type\":\"ListItem\",\"position\":1,\"name\":\"Home\",\"item\":\"https:\\\/\\\/www.boxrepsol.com\\\/es\\\/\"},{\"@type\":\"ListItem\",\"position\":2,\"name\":\"Marc M\u00e1rquez, mec\u00e1nico adem\u00e1s de piloto\"}]},{\"@type\":\"WebSite\",\"@id\":\"https:\\\/\\\/www.boxrepsol.com\\\/es\\\/#website\",\"url\":\"https:\\\/\\\/www.boxrepsol.com\\\/es\\\/\",\"name\":\"Box Repsol\",\"description\":\"Box Repsol Site\",\"publisher\":{\"@id\":\"https:\\\/\\\/www.boxrepsol.com\\\/es\\\/#organization\"},\"potentialAction\":[{\"@type\":\"SearchAction\",\"target\":{\"@type\":\"EntryPoint\",\"urlTemplate\":\"https:\\\/\\\/www.boxrepsol.com\\\/es\\\/?s={search_term_string}\"},\"query-input\":{\"@type\":\"PropertyValueSpecification\",\"valueRequired\":true,\"valueName\":\"search_term_string\"}}],\"inLanguage\":\"es\"},{\"@type\":\"Organization\",\"@id\":\"https:\\\/\\\/www.boxrepsol.com\\\/es\\\/#organization\",\"name\":\"Box Repsol\",\"url\":\"https:\\\/\\\/www.boxrepsol.com\\\/es\\\/\",\"logo\":{\"@type\":\"ImageObject\",\"inLanguage\":\"es\",\"@id\":\"https:\\\/\\\/www.boxrepsol.com\\\/es\\\/#\\\/schema\\\/logo\\\/image\\\/\",\"url\":\"https:\\\/\\\/bxrepsol.s3.eu-west-1.amazonaws.com\\\/static\\\/2025\\\/07\\\/30083337\\\/favicon-96x96-1.png\",\"contentUrl\":\"https:\\\/\\\/bxrepsol.s3.eu-west-1.amazonaws.com\\\/static\\\/2025\\\/07\\\/30083337\\\/favicon-96x96-1.png\",\"width\":96,\"height\":96,\"caption\":\"Box Repsol\"},\"image\":{\"@id\":\"https:\\\/\\\/www.boxrepsol.com\\\/es\\\/#\\\/schema\\\/logo\\\/image\\\/\"},\"sameAs\":[\"https:\\\/\\\/www.facebook.com\\\/BoxRepsol\",\"https:\\\/\\\/x.com\\\/box_repsol\",\"http:\\\/\\\/instagram.com\\\/box_repsol\",\"https:\\\/\\\/www.youtube.com\\\/user\\\/RepsolCompeticion\",\"https:\\\/\\\/www.flickr.com\\\/photos\\\/box_repsol\\\/\"]},{\"@type\":\"Person\",\"@id\":\"https:\\\/\\\/www.boxrepsol.com\\\/es\\\/#\\\/schema\\\/person\\\/c5c2138f2cca251b0ad92b7086bb60b7\",\"name\":\"Redacci\u00f3n Box Repsol\",\"image\":{\"@type\":\"ImageObject\",\"inLanguage\":\"es\",\"@id\":\"https:\\\/\\\/secure.gravatar.com\\\/avatar\\\/adf7b77e38b4419baf32c7e9c21dde01f4e40df611f0978e3006fc4ba0aaab7e?s=96&d=mm&r=g\",\"url\":\"https:\\\/\\\/secure.gravatar.com\\\/avatar\\\/adf7b77e38b4419baf32c7e9c21dde01f4e40df611f0978e3006fc4ba0aaab7e?s=96&d=mm&r=g\",\"contentUrl\":\"https:\\\/\\\/secure.gravatar.com\\\/avatar\\\/adf7b77e38b4419baf32c7e9c21dde01f4e40df611f0978e3006fc4ba0aaab7e?s=96&d=mm&r=g\",\"caption\":\"Redacci\u00f3n Box Repsol\"},\"description\":\"Box Repsol lo forma un equipo de periodistas, community managers, dise\u00f1adores y fot\u00f3grafos con m\u00e1s de 20 a\u00f1os de experiencia en el mundo del motorsport. Hemos vivido el primer mundial de un espa\u00f1ol en la categor\u00eda reina de motociclismo con \u00c1lex Crivill\u00e9, estuvimos en las victorias de Pedrosa y los t\u00edtulos de M\u00e1rquez, acompa\u00f1amos en \u00c1frica a Nani Roma y Marc Coma en sus conquistas del Dakar y hemos vibrado con los t\u00edtulos de Toni Bou en Trial. Adem\u00e1s, en nuestro equipo contamos con expertos en el mundo de las dos y cuatro ruedas tanto de la calle y las carreteras, como de los circuitos. Periodistas que han trabajado en revistas y publicaciones para hacerte llegar desde rutas y consejos de mantenimiento, a curiosidades y trucos de pilotaje.\",\"sameAs\":[\"https:\\\/\\\/www.facebook.com\\\/BoxRepsol\\\/\",\"https:\\\/\\\/www.instagram.com\\\/box_repsol\\\/\",\"https:\\\/\\\/x.com\\\/https:\\\/\\\/twitter.com\\\/box_repsol\",\"https:\\\/\\\/www.youtube.com\\\/@Boxrepsol\"],\"url\":\"https:\\\/\\\/www.boxrepsol.com\\\/es\\\/author\\\/redaccion-box-repsol\\\/\"}]}<\/script>\n<!-- \/ Yoast SEO plugin. -->","yoast_head_json":{"title":"Marc M\u00e1rquez, mec\u00e1nico adem\u00e1s de piloto - Box Repsol","description":"El 93 siempre quiso dedicarse al mundo de las dos ruedas, y si no hubiese sido piloto, el de Cervera lo tiene claro, habr\u00eda sido mec\u00e1nico.","canonical":"https:\/\/www.boxrepsol.com\/es\/motogp\/marc-marquez-mecanico-ademas-piloto\/","og_locale":"es_ES","og_type":"article","og_title":"Marc M\u00e1rquez, mec\u00e1nico adem\u00e1s de piloto - Box Repsol","og_description":"El 93 siempre quiso dedicarse al mundo de las dos ruedas, y si no hubiese sido piloto, el de Cervera lo tiene claro, habr\u00eda sido mec\u00e1nico.","og_url":"https:\/\/www.boxrepsol.com\/es\/motogp\/marc-marquez-mecanico-ademas-piloto\/","og_site_name":"Box Repsol","article_publisher":"https:\/\/www.facebook.com\/BoxRepsol","article_author":"https:\/\/www.facebook.com\/BoxRepsol\/","article_published_time":"2019-12-04T02:00:00+00:00","article_modified_time":"2024-04-22T12:16:10+00:00","og_image":[{"url":"https:\/\/s3-eu-west-1.amazonaws.com\/boxrepsol-site\/uploads\/20245734_1631599440183833_1756394622370475367_n.jpg","type":"","width":"","height":""}],"author":"Redacci\u00f3n Box Repsol","twitter_card":"summary_large_image","twitter_creator":"@https:\/\/twitter.com\/box_repsol","twitter_site":"@box_repsol","twitter_misc":{"Written by":"Redacci\u00f3n Box Repsol","Est. reading time":"3 minutos"},"schema":{"@context":"https:\/\/schema.org","@graph":[{"@type":"Article","@id":"https:\/\/www.boxrepsol.com\/es\/motogp\/marc-marquez-mecanico-ademas-piloto\/#article","isPartOf":{"@id":"https:\/\/www.boxrepsol.com\/es\/motogp\/marc-marquez-mecanico-ademas-piloto\/"},"author":{"name":"Redacci\u00f3n Box Repsol","@id":"https:\/\/www.boxrepsol.com\/es\/#\/schema\/person\/c5c2138f2cca251b0ad92b7086bb60b7"},"headline":"Marc M\u00e1rquez, mec\u00e1nico adem\u00e1s de piloto","datePublished":"2019-12-04T02:00:00+00:00","dateModified":"2024-04-22T12:16:10+00:00","mainEntityOfPage":{"@id":"https:\/\/www.boxrepsol.com\/es\/motogp\/marc-marquez-mecanico-ademas-piloto\/"},"wordCount":521,"commentCount":0,"publisher":{"@id":"https:\/\/www.boxrepsol.com\/es\/#organization"},"image":{"@id":"https:\/\/www.boxrepsol.com\/es\/motogp\/marc-marquez-mecanico-ademas-piloto\/#primaryimage"},"thumbnailUrl":"https:\/\/bxrepsol.s3.eu-west-1.amazonaws.com\/static\/2022\/08\/29083649\/00_offroad_marc_marquez_cross_93_motogp.jpg","keywords":["Marc M\u00e1rquez"],"articleSection":["MotoGP"],"inLanguage":"es","potentialAction":[{"@type":"CommentAction","name":"Comment","target":["https:\/\/www.boxrepsol.com\/es\/motogp\/marc-marquez-mecanico-ademas-piloto\/#respond"]}]},{"@type":"WebPage","@id":"https:\/\/www.boxrepsol.com\/es\/motogp\/marc-marquez-mecanico-ademas-piloto\/","url":"https:\/\/www.boxrepsol.com\/es\/motogp\/marc-marquez-mecanico-ademas-piloto\/","name":"Marc M\u00e1rquez, mec\u00e1nico adem\u00e1s de piloto - Box Repsol","isPartOf":{"@id":"https:\/\/www.boxrepsol.com\/es\/#website"},"primaryImageOfPage":{"@id":"https:\/\/www.boxrepsol.com\/es\/motogp\/marc-marquez-mecanico-ademas-piloto\/#primaryimage"},"image":{"@id":"https:\/\/www.boxrepsol.com\/es\/motogp\/marc-marquez-mecanico-ademas-piloto\/#primaryimage"},"thumbnailUrl":"https:\/\/bxrepsol.s3.eu-west-1.amazonaws.com\/static\/2022\/08\/29083649\/00_offroad_marc_marquez_cross_93_motogp.jpg","datePublished":"2019-12-04T02:00:00+00:00","dateModified":"2024-04-22T12:16:10+00:00","description":"El 93 siempre quiso dedicarse al mundo de las dos ruedas, y si no hubiese sido piloto, el de Cervera lo tiene claro, habr\u00eda sido mec\u00e1nico.","breadcrumb":{"@id":"https:\/\/www.boxrepsol.com\/es\/motogp\/marc-marquez-mecanico-ademas-piloto\/#breadcrumb"},"inLanguage":"es","potentialAction":[{"@type":"ReadAction","target":["https:\/\/www.boxrepsol.com\/es\/motogp\/marc-marquez-mecanico-ademas-piloto\/"]}]},{"@type":"ImageObject","inLanguage":"es","@id":"https:\/\/www.boxrepsol.com\/es\/motogp\/marc-marquez-mecanico-ademas-piloto\/#primaryimage","url":"https:\/\/bxrepsol.s3.eu-west-1.amazonaws.com\/static\/2022\/08\/29083649\/00_offroad_marc_marquez_cross_93_motogp.jpg","contentUrl":"https:\/\/bxrepsol.s3.eu-west-1.amazonaws.com\/static\/2022\/08\/29083649\/00_offroad_marc_marquez_cross_93_motogp.jpg","width":1280,"height":600,"caption":"Composici\u00f3n de Marc M\u00e1rquez en moto de cross"},{"@type":"BreadcrumbList","@id":"https:\/\/www.boxrepsol.com\/es\/motogp\/marc-marquez-mecanico-ademas-piloto\/#breadcrumb","itemListElement":[{"@type":"ListItem","position":1,"name":"Home","item":"https:\/\/www.boxrepsol.com\/es\/"},{"@type":"ListItem","position":2,"name":"Marc M\u00e1rquez, mec\u00e1nico adem\u00e1s de piloto"}]},{"@type":"WebSite","@id":"https:\/\/www.boxrepsol.com\/es\/#website","url":"https:\/\/www.boxrepsol.com\/es\/","name":"Box Repsol","description":"Box Repsol Site","publisher":{"@id":"https:\/\/www.boxrepsol.com\/es\/#organization"},"potentialAction":[{"@type":"SearchAction","target":{"@type":"EntryPoint","urlTemplate":"https:\/\/www.boxrepsol.com\/es\/?s={search_term_string}"},"query-input":{"@type":"PropertyValueSpecification","valueRequired":true,"valueName":"search_term_string"}}],"inLanguage":"es"},{"@type":"Organization","@id":"https:\/\/www.boxrepsol.com\/es\/#organization","name":"Box Repsol","url":"https:\/\/www.boxrepsol.com\/es\/","logo":{"@type":"ImageObject","inLanguage":"es","@id":"https:\/\/www.boxrepsol.com\/es\/#\/schema\/logo\/image\/","url":"https:\/\/bxrepsol.s3.eu-west-1.amazonaws.com\/static\/2025\/07\/30083337\/favicon-96x96-1.png","contentUrl":"https:\/\/bxrepsol.s3.eu-west-1.amazonaws.com\/static\/2025\/07\/30083337\/favicon-96x96-1.png","width":96,"height":96,"caption":"Box Repsol"},"image":{"@id":"https:\/\/www.boxrepsol.com\/es\/#\/schema\/logo\/image\/"},"sameAs":["https:\/\/www.facebook.com\/BoxRepsol","https:\/\/x.com\/box_repsol","http:\/\/instagram.com\/box_repsol","https:\/\/www.youtube.com\/user\/RepsolCompeticion","https:\/\/www.flickr.com\/photos\/box_repsol\/"]},{"@type":"Person","@id":"https:\/\/www.boxrepsol.com\/es\/#\/schema\/person\/c5c2138f2cca251b0ad92b7086bb60b7","name":"Redacci\u00f3n Box Repsol","image":{"@type":"ImageObject","inLanguage":"es","@id":"https:\/\/secure.gravatar.com\/avatar\/adf7b77e38b4419baf32c7e9c21dde01f4e40df611f0978e3006fc4ba0aaab7e?s=96&d=mm&r=g","url":"https:\/\/secure.gravatar.com\/avatar\/adf7b77e38b4419baf32c7e9c21dde01f4e40df611f0978e3006fc4ba0aaab7e?s=96&d=mm&r=g","contentUrl":"https:\/\/secure.gravatar.com\/avatar\/adf7b77e38b4419baf32c7e9c21dde01f4e40df611f0978e3006fc4ba0aaab7e?s=96&d=mm&r=g","caption":"Redacci\u00f3n Box Repsol"},"description":"Box Repsol lo forma un equipo de periodistas, community managers, dise\u00f1adores y fot\u00f3grafos con m\u00e1s de 20 a\u00f1os de experiencia en el mundo del motorsport. Hemos vivido el primer mundial de un espa\u00f1ol en la categor\u00eda reina de motociclismo con \u00c1lex Crivill\u00e9, estuvimos en las victorias de Pedrosa y los t\u00edtulos de M\u00e1rquez, acompa\u00f1amos en \u00c1frica a Nani Roma y Marc Coma en sus conquistas del Dakar y hemos vibrado con los t\u00edtulos de Toni Bou en Trial. Adem\u00e1s, en nuestro equipo contamos con expertos en el mundo de las dos y cuatro ruedas tanto de la calle y las carreteras, como de los circuitos. Periodistas que han trabajado en revistas y publicaciones para hacerte llegar desde rutas y consejos de mantenimiento, a curiosidades y trucos de pilotaje.","sameAs":["https:\/\/www.facebook.com\/BoxRepsol\/","https:\/\/www.instagram.com\/box_repsol\/","https:\/\/x.com\/https:\/\/twitter.com\/box_repsol","https:\/\/www.youtube.com\/@Boxrepsol"],"url":"https:\/\/www.boxrepsol.com\/es\/author\/redaccion-box-repsol\/"}]}},"_links":{"self":[{"href":"https:\/\/www.boxrepsol.com\/es\/wp-json\/wp\/v2\/posts\/93590","targetHints":{"allow":["GET"]}}],"collection":[{"href":"https:\/\/www.boxrepsol.com\/es\/wp-json\/wp\/v2\/posts"}],"about":[{"href":"https:\/\/www.boxrepsol.com\/es\/wp-json\/wp\/v2\/types\/post"}],"author":[{"embeddable":true,"href":"https:\/\/www.boxrepsol.com\/es\/wp-json\/wp\/v2\/users\/43146"}],"replies":[{"embeddable":true,"href":"https:\/\/www.boxrepsol.com\/es\/wp-json\/wp\/v2\/comments?post=93590"}],"version-history":[{"count":1,"href":"https:\/\/www.boxrepsol.com\/es\/wp-json\/wp\/v2\/posts\/93590\/revisions"}],"predecessor-version":[{"id":93591,"href":"https:\/\/www.boxrepsol.com\/es\/wp-json\/wp\/v2\/posts\/93590\/revisions\/93591"}],"wp:featuredmedia":[{"embeddable":true,"href":"https:\/\/www.boxrepsol.com\/es\/wp-json\/wp\/v2\/media\/60233"}],"wp:attachment":[{"href":"https:\/\/www.boxrepsol.com\/es\/wp-json\/wp\/v2\/media?parent=93590"}],"wp:term":[{"taxonomy":"category","embeddable":true,"href":"https:\/\/www.boxrepsol.com\/es\/wp-json\/wp\/v2\/categories?post=93590"},{"taxonomy":"post_tag","embeddable":true,"href":"https:\/\/www.boxrepsol.com\/es\/wp-json\/wp\/v2\/tags?post=93590"}],"curies":[{"name":"wp","href":"https:\/\/api.w.org\/{rel}","templated":true}]}}