{"id":93586,"date":"2018-11-30T00:00:00","date_gmt":"2018-11-30T02:00:00","guid":{"rendered":"http:\/\/pre.boxrepsol.com\/sin-categorizar\/los-test-pretemporada-en-jerez-imagenes\/"},"modified":"2024-05-22T08:13:36","modified_gmt":"2024-05-22T10:13:36","slug":"los-test-pretemporada-en-jerez-imagenes","status":"publish","type":"post","link":"https:\/\/www.boxrepsol.com\/es\/motogp\/los-test-pretemporada-en-jerez-imagenes\/","title":{"rendered":"Las mejores im\u00e1genes de la pretemporada en Jerez"},"content":{"rendered":"<p><a href=\"https:\/\/bxrepsol.s3.eu-west-1.amazonaws.com\/static\/2022\/08\/29083618\/Marc-Marquez-test-pretemporada-2019-Jerez-1.jpg\" \n   title=\"Marc M\u00e1rquez subido en la moto en el box de Jerez durante los entrenamientos de pretemporada\" \n   data-gallery-thumbnail=\"https:\/\/bxrepsol.s3.eu-west-1.amazonaws.com\/static\/2022\/08\/29083618\/Marc-Marquez-test-pretemporada-2019-Jerez-1.jpg\"\n   data-gallery-title=\"\"\n   data-gallery><\/p>\n<figure>\n<p>1<\/p>\n<picture style=\"padding-bottom: 66.666666666667%; background-image: url(https:\/\/bxrepsol.s3.eu-west-1.amazonaws.com\/static\/2022\/08\/29083618\/Marc-Marquez-test-pretemporada-2019-Jerez-1.jpg);\">\n            <img decoding=\"async\" src=\"https:\/\/bxrepsol.s3.eu-west-1.amazonaws.com\/static\/2022\/08\/29083618\/Marc-Marquez-test-pretemporada-2019-Jerez-1.jpg\"><br \/>\n            <img itemprop=\"image\"\n                data-srcset=\"https:\/\/bxrepsol.s3.eu-west-1.amazonaws.com\/static\/2022\/08\/29083618\/Marc-Marquez-test-pretemporada-2019-Jerez-1.jpg 480w, https:\/\/bxrepsol.s3.eu-west-1.amazonaws.com\/static\/2022\/08\/29083618\/Marc-Marquez-test-pretemporada-2019-Jerez-1.jpg 600w, https:\/\/bxrepsol.s3.eu-west-1.amazonaws.com\/static\/2022\/08\/29083618\/Marc-Marquez-test-pretemporada-2019-Jerez-1.jpg 900w, https:\/\/bxrepsol.s3.eu-west-1.amazonaws.com\/static\/2022\/08\/29083618\/Marc-Marquez-test-pretemporada-2019-Jerez-1.jpg 1280w\"\n                data-src=\"https:\/\/bxrepsol.s3.eu-west-1.amazonaws.com\/static\/2022\/08\/29083618\/Marc-Marquez-test-pretemporada-2019-Jerez-1.jpg\"\n                alt=\"Marc M\u00e1rquez subido en la moto en el box de Jerez durante los entrenamientos de pretemporada\"\n                title=\"Marc M\u00e1rquez subido en la moto en el box de Jerez durante los entrenamientos de pretemporada\"\/><br \/>\n            <noscript><img decoding=\"async\" src=\"https:\/\/bxrepsol.s3.eu-west-1.amazonaws.com\/static\/2022\/08\/29083618\/Marc-Marquez-test-pretemporada-2019-Jerez-1.jpg\" alt=\"Marc M\u00e1rquez subido en la moto en el box de Jerez durante los entrenamientos de pretemporada\"><\/noscript>\n        <\/picture><figcaption>Marc M\u00e1rquez subido en la moto en el box de Jerez durante los entrenamientos de pretemporada<\/figcaption><\/figure>\n<p><\/a><br \/>\n<a href=\"https:\/\/bxrepsol.s3.eu-west-1.amazonaws.com\/static\/2022\/08\/29083619\/Marc-Marquez-test-pretemporada-2019-Jerez-2.jpg\" \n   title=\"Marc M\u00e1rquez saliendo en la moto del box en Jerez durante los entrenamientos de pretemporada\" \n   data-gallery-thumbnail=\"https:\/\/bxrepsol.s3.eu-west-1.amazonaws.com\/static\/2022\/08\/29083619\/Marc-Marquez-test-pretemporada-2019-Jerez-2.jpg\"\n   data-gallery-title=\"\"\n   data-gallery><\/p>\n<figure>\n<p>2<\/p>\n<picture style=\"padding-bottom: 66.666666666667%; background-image: url(https:\/\/bxrepsol.s3.eu-west-1.amazonaws.com\/static\/2022\/08\/29083619\/Marc-Marquez-test-pretemporada-2019-Jerez-2.jpg);\">\n            <img decoding=\"async\" src=\"https:\/\/bxrepsol.s3.eu-west-1.amazonaws.com\/static\/2022\/08\/29083619\/Marc-Marquez-test-pretemporada-2019-Jerez-2.jpg\"><br \/>\n            <img itemprop=\"image\"\n                data-srcset=\"https:\/\/bxrepsol.s3.eu-west-1.amazonaws.com\/static\/2022\/08\/29083619\/Marc-Marquez-test-pretemporada-2019-Jerez-2.jpg 480w, https:\/\/bxrepsol.s3.eu-west-1.amazonaws.com\/static\/2022\/08\/29083619\/Marc-Marquez-test-pretemporada-2019-Jerez-2.jpg 600w, https:\/\/bxrepsol.s3.eu-west-1.amazonaws.com\/static\/2022\/08\/29083619\/Marc-Marquez-test-pretemporada-2019-Jerez-2.jpg 900w, https:\/\/bxrepsol.s3.eu-west-1.amazonaws.com\/static\/2022\/08\/29083619\/Marc-Marquez-test-pretemporada-2019-Jerez-2.jpg 1280w\"\n                data-src=\"https:\/\/bxrepsol.s3.eu-west-1.amazonaws.com\/static\/2022\/08\/29083619\/Marc-Marquez-test-pretemporada-2019-Jerez-2.jpg\"\n                alt=\"Marc M\u00e1rquez saliendo en la moto del box en Jerez durante los entrenamientos de pretemporada\"\n                title=\"Marc M\u00e1rquez saliendo en la moto del box en Jerez durante los entrenamientos de pretemporada\"\/><br \/>\n            <noscript><img decoding=\"async\" src=\"https:\/\/bxrepsol.s3.eu-west-1.amazonaws.com\/static\/2022\/08\/29083619\/Marc-Marquez-test-pretemporada-2019-Jerez-2.jpg\" alt=\"Marc M\u00e1rquez saliendo en la moto del box en Jerez durante los entrenamientos de pretemporada\"><\/noscript>\n        <\/picture><figcaption>Marc M\u00e1rquez saliendo en la moto del box en Jerez durante los entrenamientos de pretemporada<\/figcaption><\/figure>\n<p><\/a><br \/>\n<a href=\"https:\/\/bxrepsol.s3.eu-west-1.amazonaws.com\/static\/2022\/08\/29083621\/Marc-Marquez-test-pretemporada-2019-Jerez-3.jpg\" \n   title=\"Marc M\u00e1rquez en acci\u00f3n durante los entrenamientos en Jerez para la pretemporada 2019\" \n   data-gallery-thumbnail=\"https:\/\/bxrepsol.s3.eu-west-1.amazonaws.com\/static\/2022\/08\/29083621\/Marc-Marquez-test-pretemporada-2019-Jerez-3.jpg\"\n   data-gallery-title=\"\"\n   data-gallery><\/p>\n<figure>\n<p>3<\/p>\n<picture style=\"padding-bottom: 66.666666666667%; background-image: url(https:\/\/bxrepsol.s3.eu-west-1.amazonaws.com\/static\/2022\/08\/29083621\/Marc-Marquez-test-pretemporada-2019-Jerez-3.jpg);\">\n            <img decoding=\"async\" src=\"https:\/\/bxrepsol.s3.eu-west-1.amazonaws.com\/static\/2022\/08\/29083621\/Marc-Marquez-test-pretemporada-2019-Jerez-3.jpg\"><br \/>\n            <img itemprop=\"image\"\n                data-srcset=\"https:\/\/bxrepsol.s3.eu-west-1.amazonaws.com\/static\/2022\/08\/29083621\/Marc-Marquez-test-pretemporada-2019-Jerez-3.jpg 480w, https:\/\/bxrepsol.s3.eu-west-1.amazonaws.com\/static\/2022\/08\/29083621\/Marc-Marquez-test-pretemporada-2019-Jerez-3.jpg 600w, https:\/\/bxrepsol.s3.eu-west-1.amazonaws.com\/static\/2022\/08\/29083621\/Marc-Marquez-test-pretemporada-2019-Jerez-3.jpg 900w, https:\/\/bxrepsol.s3.eu-west-1.amazonaws.com\/static\/2022\/08\/29083621\/Marc-Marquez-test-pretemporada-2019-Jerez-3.jpg 1280w\"\n                data-src=\"https:\/\/bxrepsol.s3.eu-west-1.amazonaws.com\/static\/2022\/08\/29083621\/Marc-Marquez-test-pretemporada-2019-Jerez-3.jpg\"\n                alt=\"Marc M\u00e1rquez en acci\u00f3n durante los entrenamientos en Jerez para la pretemporada 2019\"\n                title=\"Marc M\u00e1rquez en acci\u00f3n durante los entrenamientos en Jerez para la pretemporada 2019\"\/><br \/>\n            <noscript><img decoding=\"async\" src=\"https:\/\/bxrepsol.s3.eu-west-1.amazonaws.com\/static\/2022\/08\/29083621\/Marc-Marquez-test-pretemporada-2019-Jerez-3.jpg\" alt=\"Marc M\u00e1rquez en acci\u00f3n durante los entrenamientos en Jerez para la pretemporada 2019\"><\/noscript>\n        <\/picture><figcaption>Marc M\u00e1rquez en acci\u00f3n durante los entrenamientos en Jerez para la pretemporada 2019<\/figcaption><\/figure>\n<p><\/a><br \/>\n<a href=\"https:\/\/bxrepsol.s3.eu-west-1.amazonaws.com\/static\/2022\/08\/29083622\/Marc-Marquez-test-pretemporada-2019-Jerez-4.jpg\" \n   title=\"Marc M\u00e1rquez tomando una curva en el circuito de Jerez durante los entrenamientos de pretemporada\" \n   data-gallery-thumbnail=\"https:\/\/bxrepsol.s3.eu-west-1.amazonaws.com\/static\/2022\/08\/29083622\/Marc-Marquez-test-pretemporada-2019-Jerez-4.jpg\"\n   data-gallery-title=\"\"\n   data-gallery><\/p>\n<figure>\n<p>4<\/p>\n<picture style=\"padding-bottom: 66.666666666667%; background-image: url(https:\/\/bxrepsol.s3.eu-west-1.amazonaws.com\/static\/2022\/08\/29083622\/Marc-Marquez-test-pretemporada-2019-Jerez-4.jpg);\">\n            <img decoding=\"async\" src=\"https:\/\/bxrepsol.s3.eu-west-1.amazonaws.com\/static\/2022\/08\/29083622\/Marc-Marquez-test-pretemporada-2019-Jerez-4.jpg\"><br \/>\n            <img itemprop=\"image\"\n                data-srcset=\"https:\/\/bxrepsol.s3.eu-west-1.amazonaws.com\/static\/2022\/08\/29083622\/Marc-Marquez-test-pretemporada-2019-Jerez-4.jpg 480w, https:\/\/bxrepsol.s3.eu-west-1.amazonaws.com\/static\/2022\/08\/29083622\/Marc-Marquez-test-pretemporada-2019-Jerez-4.jpg 600w, https:\/\/bxrepsol.s3.eu-west-1.amazonaws.com\/static\/2022\/08\/29083622\/Marc-Marquez-test-pretemporada-2019-Jerez-4.jpg 900w, https:\/\/bxrepsol.s3.eu-west-1.amazonaws.com\/static\/2022\/08\/29083622\/Marc-Marquez-test-pretemporada-2019-Jerez-4.jpg 1280w\"\n                data-src=\"https:\/\/bxrepsol.s3.eu-west-1.amazonaws.com\/static\/2022\/08\/29083622\/Marc-Marquez-test-pretemporada-2019-Jerez-4.jpg\"\n                alt=\"Marc M\u00e1rquez tomando una curva en el circuito de Jerez durante los entrenamientos de pretemporada\"\n                title=\"Marc M\u00e1rquez tomando una curva en el circuito de Jerez durante los entrenamientos de pretemporada\"\/><br \/>\n            <noscript><img decoding=\"async\" src=\"https:\/\/bxrepsol.s3.eu-west-1.amazonaws.com\/static\/2022\/08\/29083622\/Marc-Marquez-test-pretemporada-2019-Jerez-4.jpg\" alt=\"Marc M\u00e1rquez tomando una curva en el circuito de Jerez durante los entrenamientos de pretemporada\"><\/noscript>\n        <\/picture><figcaption>Marc M\u00e1rquez tomando una curva en el circuito de Jerez durante los entrenamientos de pretemporada<\/figcaption><\/figure>\n<p><\/a><br \/>\n<a href=\"https:\/\/bxrepsol.s3.eu-west-1.amazonaws.com\/static\/2022\/08\/29083623\/Marc-Marquez-test-pretemporada-2019-Jerez-5.jpg\" \n   title=\"Marc M\u00e1rquez tomando una curva durante los entrenamientos de pretemporada en Jerez\" \n   data-gallery-thumbnail=\"https:\/\/bxrepsol.s3.eu-west-1.amazonaws.com\/static\/2022\/08\/29083623\/Marc-Marquez-test-pretemporada-2019-Jerez-5.jpg\"\n   data-gallery-title=\"\"\n   data-gallery><\/p>\n<figure>\n<p>5<\/p>\n<picture style=\"padding-bottom: 66.666666666667%; background-image: url(https:\/\/bxrepsol.s3.eu-west-1.amazonaws.com\/static\/2022\/08\/29083623\/Marc-Marquez-test-pretemporada-2019-Jerez-5.jpg);\">\n            <img decoding=\"async\" src=\"https:\/\/bxrepsol.s3.eu-west-1.amazonaws.com\/static\/2022\/08\/29083623\/Marc-Marquez-test-pretemporada-2019-Jerez-5.jpg\"><br \/>\n            <img itemprop=\"image\"\n                data-srcset=\"https:\/\/bxrepsol.s3.eu-west-1.amazonaws.com\/static\/2022\/08\/29083623\/Marc-Marquez-test-pretemporada-2019-Jerez-5.jpg 480w, https:\/\/bxrepsol.s3.eu-west-1.amazonaws.com\/static\/2022\/08\/29083623\/Marc-Marquez-test-pretemporada-2019-Jerez-5.jpg 600w, https:\/\/bxrepsol.s3.eu-west-1.amazonaws.com\/static\/2022\/08\/29083623\/Marc-Marquez-test-pretemporada-2019-Jerez-5.jpg 900w, https:\/\/bxrepsol.s3.eu-west-1.amazonaws.com\/static\/2022\/08\/29083623\/Marc-Marquez-test-pretemporada-2019-Jerez-5.jpg 1280w\"\n                data-src=\"https:\/\/bxrepsol.s3.eu-west-1.amazonaws.com\/static\/2022\/08\/29083623\/Marc-Marquez-test-pretemporada-2019-Jerez-5.jpg\"\n                alt=\"Marc M\u00e1rquez tomando una curva durante los entrenamientos de pretemporada en Jerez\"\n                title=\"Marc M\u00e1rquez tomando una curva durante los entrenamientos de pretemporada en Jerez\"\/><br \/>\n            <noscript><img decoding=\"async\" src=\"https:\/\/bxrepsol.s3.eu-west-1.amazonaws.com\/static\/2022\/08\/29083623\/Marc-Marquez-test-pretemporada-2019-Jerez-5.jpg\" alt=\"Marc M\u00e1rquez tomando una curva durante los entrenamientos de pretemporada en Jerez\"><\/noscript>\n        <\/picture><figcaption>Marc M\u00e1rquez tomando una curva durante los entrenamientos de pretemporada en Jerez<\/figcaption><\/figure>\n<p><\/a><br \/>\n<a href=\"https:\/\/bxrepsol.s3.eu-west-1.amazonaws.com\/static\/2022\/08\/29083625\/Marc-Marquez-test-pretemporada-2019-Jerez-6.jpg\" \n   title=\"Marc M\u00e1rquez frenando durante los entrenamientos de pretemporada en Jerez\" \n   data-gallery-thumbnail=\"https:\/\/bxrepsol.s3.eu-west-1.amazonaws.com\/static\/2022\/08\/29083625\/Marc-Marquez-test-pretemporada-2019-Jerez-6.jpg\"\n   data-gallery-title=\"\"\n   data-gallery><\/p>\n<figure>\n<p>6<\/p>\n<picture style=\"padding-bottom: 66.666666666667%; background-image: url(https:\/\/bxrepsol.s3.eu-west-1.amazonaws.com\/static\/2022\/08\/29083625\/Marc-Marquez-test-pretemporada-2019-Jerez-6.jpg);\">\n            <img decoding=\"async\" src=\"https:\/\/bxrepsol.s3.eu-west-1.amazonaws.com\/static\/2022\/08\/29083625\/Marc-Marquez-test-pretemporada-2019-Jerez-6.jpg\"><br \/>\n            <img itemprop=\"image\"\n                data-srcset=\"https:\/\/bxrepsol.s3.eu-west-1.amazonaws.com\/static\/2022\/08\/29083625\/Marc-Marquez-test-pretemporada-2019-Jerez-6.jpg 480w, https:\/\/bxrepsol.s3.eu-west-1.amazonaws.com\/static\/2022\/08\/29083625\/Marc-Marquez-test-pretemporada-2019-Jerez-6.jpg 600w, https:\/\/bxrepsol.s3.eu-west-1.amazonaws.com\/static\/2022\/08\/29083625\/Marc-Marquez-test-pretemporada-2019-Jerez-6.jpg 900w, https:\/\/bxrepsol.s3.eu-west-1.amazonaws.com\/static\/2022\/08\/29083625\/Marc-Marquez-test-pretemporada-2019-Jerez-6.jpg 1280w\"\n                data-src=\"https:\/\/bxrepsol.s3.eu-west-1.amazonaws.com\/static\/2022\/08\/29083625\/Marc-Marquez-test-pretemporada-2019-Jerez-6.jpg\"\n                alt=\"Marc M\u00e1rquez frenando durante los entrenamientos de pretemporada en Jerez\"\n                title=\"Marc M\u00e1rquez frenando durante los entrenamientos de pretemporada en Jerez\"\/><br \/>\n            <noscript><img decoding=\"async\" src=\"https:\/\/bxrepsol.s3.eu-west-1.amazonaws.com\/static\/2022\/08\/29083625\/Marc-Marquez-test-pretemporada-2019-Jerez-6.jpg\" alt=\"Marc M\u00e1rquez frenando durante los entrenamientos de pretemporada en Jerez\"><\/noscript>\n        <\/picture><figcaption>Marc M\u00e1rquez frenando durante los entrenamientos de pretemporada en Jerez<\/figcaption><\/figure>\n<p><\/a><br \/>\n<a href=\"https:\/\/bxrepsol.s3.eu-west-1.amazonaws.com\/static\/2022\/08\/29083626\/Marc-Marquez-test-pretemporada-2019-Jerez-7.jpg\" \n   title=\"Marc M\u00e1rquez saliendo de una curva durante los entrenamientos de pretemporada en Jerez\" \n   data-gallery-thumbnail=\"https:\/\/bxrepsol.s3.eu-west-1.amazonaws.com\/static\/2022\/08\/29083626\/Marc-Marquez-test-pretemporada-2019-Jerez-7.jpg\"\n   data-gallery-title=\"\"\n   data-gallery><\/p>\n<figure>\n<p>7<\/p>\n<picture style=\"padding-bottom: 66.666666666667%; background-image: url(https:\/\/bxrepsol.s3.eu-west-1.amazonaws.com\/static\/2022\/08\/29083626\/Marc-Marquez-test-pretemporada-2019-Jerez-7.jpg);\">\n            <img decoding=\"async\" src=\"https:\/\/bxrepsol.s3.eu-west-1.amazonaws.com\/static\/2022\/08\/29083626\/Marc-Marquez-test-pretemporada-2019-Jerez-7.jpg\"><br \/>\n            <img itemprop=\"image\"\n                data-srcset=\"https:\/\/bxrepsol.s3.eu-west-1.amazonaws.com\/static\/2022\/08\/29083626\/Marc-Marquez-test-pretemporada-2019-Jerez-7.jpg 480w, https:\/\/bxrepsol.s3.eu-west-1.amazonaws.com\/static\/2022\/08\/29083626\/Marc-Marquez-test-pretemporada-2019-Jerez-7.jpg 600w, https:\/\/bxrepsol.s3.eu-west-1.amazonaws.com\/static\/2022\/08\/29083626\/Marc-Marquez-test-pretemporada-2019-Jerez-7.jpg 900w, https:\/\/bxrepsol.s3.eu-west-1.amazonaws.com\/static\/2022\/08\/29083626\/Marc-Marquez-test-pretemporada-2019-Jerez-7.jpg 1280w\"\n                data-src=\"https:\/\/bxrepsol.s3.eu-west-1.amazonaws.com\/static\/2022\/08\/29083626\/Marc-Marquez-test-pretemporada-2019-Jerez-7.jpg\"\n                alt=\"Marc M\u00e1rquez saliendo de una curva durante los entrenamientos de pretemporada en Jerez\"\n                title=\"Marc M\u00e1rquez saliendo de una curva durante los entrenamientos de pretemporada en Jerez\"\/><br \/>\n            <noscript><img decoding=\"async\" src=\"https:\/\/bxrepsol.s3.eu-west-1.amazonaws.com\/static\/2022\/08\/29083626\/Marc-Marquez-test-pretemporada-2019-Jerez-7.jpg\" alt=\"Marc M\u00e1rquez saliendo de una curva durante los entrenamientos de pretemporada en Jerez\"><\/noscript>\n        <\/picture><figcaption>Marc M\u00e1rquez saliendo de una curva durante los entrenamientos de pretemporada en Jerez<\/figcaption><\/figure>\n<p><\/a><br \/>\n<a href=\"https:\/\/bxrepsol.s3.eu-west-1.amazonaws.com\/static\/2022\/08\/29083627\/Marc-Marquez-test-pretemporada-2019-Jerez-8.jpg\" \n   title=\"Marc M\u00e1rquez tocando codo en una curva durante los entrenamientos de pretemporada en Jerez\" \n   data-gallery-thumbnail=\"https:\/\/bxrepsol.s3.eu-west-1.amazonaws.com\/static\/2022\/08\/29083627\/Marc-Marquez-test-pretemporada-2019-Jerez-8.jpg\"\n   data-gallery-title=\"\"\n   data-gallery><\/p>\n<figure>\n<p>8<\/p>\n<picture style=\"padding-bottom: 66.666666666667%; background-image: url(https:\/\/bxrepsol.s3.eu-west-1.amazonaws.com\/static\/2022\/08\/29083627\/Marc-Marquez-test-pretemporada-2019-Jerez-8.jpg);\">\n            <img decoding=\"async\" src=\"https:\/\/bxrepsol.s3.eu-west-1.amazonaws.com\/static\/2022\/08\/29083627\/Marc-Marquez-test-pretemporada-2019-Jerez-8.jpg\"><br \/>\n            <img itemprop=\"image\"\n                data-srcset=\"https:\/\/bxrepsol.s3.eu-west-1.amazonaws.com\/static\/2022\/08\/29083627\/Marc-Marquez-test-pretemporada-2019-Jerez-8.jpg 480w, https:\/\/bxrepsol.s3.eu-west-1.amazonaws.com\/static\/2022\/08\/29083627\/Marc-Marquez-test-pretemporada-2019-Jerez-8.jpg 600w, https:\/\/bxrepsol.s3.eu-west-1.amazonaws.com\/static\/2022\/08\/29083627\/Marc-Marquez-test-pretemporada-2019-Jerez-8.jpg 900w, https:\/\/bxrepsol.s3.eu-west-1.amazonaws.com\/static\/2022\/08\/29083627\/Marc-Marquez-test-pretemporada-2019-Jerez-8.jpg 1280w\"\n                data-src=\"https:\/\/bxrepsol.s3.eu-west-1.amazonaws.com\/static\/2022\/08\/29083627\/Marc-Marquez-test-pretemporada-2019-Jerez-8.jpg\"\n                alt=\"Marc M\u00e1rquez tocando codo en una curva durante los entrenamientos de pretemporada en Jerez\"\n                title=\"Marc M\u00e1rquez tocando codo en una curva durante los entrenamientos de pretemporada en Jerez\"\/><br \/>\n            <noscript><img decoding=\"async\" src=\"https:\/\/bxrepsol.s3.eu-west-1.amazonaws.com\/static\/2022\/08\/29083627\/Marc-Marquez-test-pretemporada-2019-Jerez-8.jpg\" alt=\"Marc M\u00e1rquez tocando codo en una curva durante los entrenamientos de pretemporada en Jerez\"><\/noscript>\n        <\/picture><figcaption>Marc M\u00e1rquez tocando codo en una curva durante los entrenamientos de pretemporada en Jerez<\/figcaption><\/figure>\n<p><\/a><br \/>\n<a href=\"https:\/\/bxrepsol.s3.eu-west-1.amazonaws.com\/static\/2022\/08\/29083629\/Marc-Marquez-test-pretemporada-2019-Jerez-9.jpg\" \n   title=\"Marc M\u00e1rquez en acci\u00f3n durante los entrenamientos de pretemporada en Jerez\" \n   data-gallery-thumbnail=\"https:\/\/bxrepsol.s3.eu-west-1.amazonaws.com\/static\/2022\/08\/29083629\/Marc-Marquez-test-pretemporada-2019-Jerez-9.jpg\"\n   data-gallery-title=\"\"\n   data-gallery><\/p>\n<figure>\n<p>9<\/p>\n<picture style=\"padding-bottom: 66.666666666667%; background-image: url(https:\/\/bxrepsol.s3.eu-west-1.amazonaws.com\/static\/2022\/08\/29083629\/Marc-Marquez-test-pretemporada-2019-Jerez-9.jpg);\">\n            <img decoding=\"async\" src=\"https:\/\/bxrepsol.s3.eu-west-1.amazonaws.com\/static\/2022\/08\/29083629\/Marc-Marquez-test-pretemporada-2019-Jerez-9.jpg\"><br \/>\n            <img itemprop=\"image\"\n                data-srcset=\"https:\/\/bxrepsol.s3.eu-west-1.amazonaws.com\/static\/2022\/08\/29083629\/Marc-Marquez-test-pretemporada-2019-Jerez-9.jpg 480w, https:\/\/bxrepsol.s3.eu-west-1.amazonaws.com\/static\/2022\/08\/29083629\/Marc-Marquez-test-pretemporada-2019-Jerez-9.jpg 600w, https:\/\/bxrepsol.s3.eu-west-1.amazonaws.com\/static\/2022\/08\/29083629\/Marc-Marquez-test-pretemporada-2019-Jerez-9.jpg 900w, https:\/\/bxrepsol.s3.eu-west-1.amazonaws.com\/static\/2022\/08\/29083629\/Marc-Marquez-test-pretemporada-2019-Jerez-9.jpg 1280w\"\n                data-src=\"https:\/\/bxrepsol.s3.eu-west-1.amazonaws.com\/static\/2022\/08\/29083629\/Marc-Marquez-test-pretemporada-2019-Jerez-9.jpg\"\n                alt=\"Marc M\u00e1rquez en acci\u00f3n durante los entrenamientos de pretemporada en Jerez\"\n                title=\"Marc M\u00e1rquez en acci\u00f3n durante los entrenamientos de pretemporada en Jerez\"\/><br \/>\n            <noscript><img decoding=\"async\" src=\"https:\/\/bxrepsol.s3.eu-west-1.amazonaws.com\/static\/2022\/08\/29083629\/Marc-Marquez-test-pretemporada-2019-Jerez-9.jpg\" alt=\"Marc M\u00e1rquez en acci\u00f3n durante los entrenamientos de pretemporada en Jerez\"><\/noscript>\n        <\/picture><figcaption>Marc M\u00e1rquez en acci\u00f3n durante los entrenamientos de pretemporada en Jerez<\/figcaption><\/figure>\n<p><\/a><br \/>\n<a href=\"https:\/\/bxrepsol.s3.eu-west-1.amazonaws.com\/static\/2022\/08\/29083631\/Marc-Marquez-test-pretemporada-2019-Jerez-10.jpg\" \n   title=\"Marc M\u00e1rquez en acci\u00f3n durante los entrenamientos de pretemporada en Jerez\" \n   data-gallery-thumbnail=\"https:\/\/bxrepsol.s3.eu-west-1.amazonaws.com\/static\/2022\/08\/29083631\/Marc-Marquez-test-pretemporada-2019-Jerez-10.jpg\"\n   data-gallery-title=\"\"\n   data-gallery><\/p>\n<figure>\n<p>10<\/p>\n<picture style=\"padding-bottom: 66.666666666667%; background-image: url(https:\/\/bxrepsol.s3.eu-west-1.amazonaws.com\/static\/2022\/08\/29083631\/Marc-Marquez-test-pretemporada-2019-Jerez-10.jpg);\">\n            <img decoding=\"async\" src=\"https:\/\/bxrepsol.s3.eu-west-1.amazonaws.com\/static\/2022\/08\/29083631\/Marc-Marquez-test-pretemporada-2019-Jerez-10.jpg\"><br \/>\n            <img itemprop=\"image\"\n                data-srcset=\"https:\/\/bxrepsol.s3.eu-west-1.amazonaws.com\/static\/2022\/08\/29083631\/Marc-Marquez-test-pretemporada-2019-Jerez-10.jpg 480w, https:\/\/bxrepsol.s3.eu-west-1.amazonaws.com\/static\/2022\/08\/29083631\/Marc-Marquez-test-pretemporada-2019-Jerez-10.jpg 600w, https:\/\/bxrepsol.s3.eu-west-1.amazonaws.com\/static\/2022\/08\/29083631\/Marc-Marquez-test-pretemporada-2019-Jerez-10.jpg 900w, https:\/\/bxrepsol.s3.eu-west-1.amazonaws.com\/static\/2022\/08\/29083631\/Marc-Marquez-test-pretemporada-2019-Jerez-10.jpg 1280w\"\n                data-src=\"https:\/\/bxrepsol.s3.eu-west-1.amazonaws.com\/static\/2022\/08\/29083631\/Marc-Marquez-test-pretemporada-2019-Jerez-10.jpg\"\n                alt=\"Marc M\u00e1rquez en acci\u00f3n durante los entrenamientos de pretemporada en Jerez\"\n                title=\"Marc M\u00e1rquez en acci\u00f3n durante los entrenamientos de pretemporada en Jerez\"\/><br \/>\n            <noscript><img decoding=\"async\" src=\"https:\/\/bxrepsol.s3.eu-west-1.amazonaws.com\/static\/2022\/08\/29083631\/Marc-Marquez-test-pretemporada-2019-Jerez-10.jpg\" alt=\"Marc M\u00e1rquez en acci\u00f3n durante los entrenamientos de pretemporada en Jerez\"><\/noscript>\n        <\/picture><figcaption>Marc M\u00e1rquez en acci\u00f3n durante los entrenamientos de pretemporada en Jerez<\/figcaption><\/figure>\n<p><\/a><br \/>\n<a href=\"https:\/\/bxrepsol.s3.eu-west-1.amazonaws.com\/static\/2022\/08\/29083632\/Marc-Marquez-test-pretemporada-2019-Jerez-11.jpg\" \n   title=\"Marc M\u00e1rquez en acci\u00f3n durante los entrenamientos de pretemporada en Jerez\" \n   data-gallery-thumbnail=\"https:\/\/bxrepsol.s3.eu-west-1.amazonaws.com\/static\/2022\/08\/29083632\/Marc-Marquez-test-pretemporada-2019-Jerez-11.jpg\"\n   data-gallery-title=\"\"\n   data-gallery><\/p>\n<figure>\n<p>11<\/p>\n<picture style=\"padding-bottom: 66.666666666667%; background-image: url(https:\/\/bxrepsol.s3.eu-west-1.amazonaws.com\/static\/2022\/08\/29083632\/Marc-Marquez-test-pretemporada-2019-Jerez-11.jpg);\">\n            <img decoding=\"async\" src=\"https:\/\/bxrepsol.s3.eu-west-1.amazonaws.com\/static\/2022\/08\/29083632\/Marc-Marquez-test-pretemporada-2019-Jerez-11.jpg\"><br \/>\n            <img itemprop=\"image\"\n                data-srcset=\"https:\/\/bxrepsol.s3.eu-west-1.amazonaws.com\/static\/2022\/08\/29083632\/Marc-Marquez-test-pretemporada-2019-Jerez-11.jpg 480w, https:\/\/bxrepsol.s3.eu-west-1.amazonaws.com\/static\/2022\/08\/29083632\/Marc-Marquez-test-pretemporada-2019-Jerez-11.jpg 600w, https:\/\/bxrepsol.s3.eu-west-1.amazonaws.com\/static\/2022\/08\/29083632\/Marc-Marquez-test-pretemporada-2019-Jerez-11.jpg 900w, https:\/\/bxrepsol.s3.eu-west-1.amazonaws.com\/static\/2022\/08\/29083632\/Marc-Marquez-test-pretemporada-2019-Jerez-11.jpg 1280w\"\n                data-src=\"https:\/\/bxrepsol.s3.eu-west-1.amazonaws.com\/static\/2022\/08\/29083632\/Marc-Marquez-test-pretemporada-2019-Jerez-11.jpg\"\n                alt=\"Marc M\u00e1rquez en acci\u00f3n durante los entrenamientos de pretemporada en Jerez\"\n                title=\"Marc M\u00e1rquez en acci\u00f3n durante los entrenamientos de pretemporada en Jerez\"\/><br \/>\n            <noscript><img decoding=\"async\" src=\"https:\/\/bxrepsol.s3.eu-west-1.amazonaws.com\/static\/2022\/08\/29083632\/Marc-Marquez-test-pretemporada-2019-Jerez-11.jpg\" alt=\"Marc M\u00e1rquez en acci\u00f3n durante los entrenamientos de pretemporada en Jerez\"><\/noscript>\n        <\/picture><figcaption>Marc M\u00e1rquez en acci\u00f3n durante los entrenamientos de pretemporada en Jerez<\/figcaption><\/figure>\n<p><\/a><br \/>\n<a href=\"https:\/\/bxrepsol.s3.eu-west-1.amazonaws.com\/static\/2022\/08\/29083633\/Marc-Marquez-test-pretemporada-2019-Jerez-12.jpg\" \n   title=\"Marc M\u00e1rquez tomando una curva durante los entrenamientos de pretemporada en Jerez\" \n   data-gallery-thumbnail=\"https:\/\/bxrepsol.s3.eu-west-1.amazonaws.com\/static\/2022\/08\/29083633\/Marc-Marquez-test-pretemporada-2019-Jerez-12.jpg\"\n   data-gallery-title=\"\"\n   data-gallery><\/p>\n<figure>\n<p>12<\/p>\n<picture style=\"padding-bottom: 66.666666666667%; background-image: url(https:\/\/bxrepsol.s3.eu-west-1.amazonaws.com\/static\/2022\/08\/29083633\/Marc-Marquez-test-pretemporada-2019-Jerez-12.jpg);\">\n            <img decoding=\"async\" src=\"https:\/\/bxrepsol.s3.eu-west-1.amazonaws.com\/static\/2022\/08\/29083633\/Marc-Marquez-test-pretemporada-2019-Jerez-12.jpg\"><br \/>\n            <img itemprop=\"image\"\n                data-srcset=\"https:\/\/bxrepsol.s3.eu-west-1.amazonaws.com\/static\/2022\/08\/29083633\/Marc-Marquez-test-pretemporada-2019-Jerez-12.jpg 480w, https:\/\/bxrepsol.s3.eu-west-1.amazonaws.com\/static\/2022\/08\/29083633\/Marc-Marquez-test-pretemporada-2019-Jerez-12.jpg 600w, https:\/\/bxrepsol.s3.eu-west-1.amazonaws.com\/static\/2022\/08\/29083633\/Marc-Marquez-test-pretemporada-2019-Jerez-12.jpg 900w, https:\/\/bxrepsol.s3.eu-west-1.amazonaws.com\/static\/2022\/08\/29083633\/Marc-Marquez-test-pretemporada-2019-Jerez-12.jpg 1280w\"\n                data-src=\"https:\/\/bxrepsol.s3.eu-west-1.amazonaws.com\/static\/2022\/08\/29083633\/Marc-Marquez-test-pretemporada-2019-Jerez-12.jpg\"\n                alt=\"Marc M\u00e1rquez tomando una curva durante los entrenamientos de pretemporada en Jerez\"\n                title=\"Marc M\u00e1rquez tomando una curva durante los entrenamientos de pretemporada en Jerez\"\/><br \/>\n            <noscript><img decoding=\"async\" src=\"https:\/\/bxrepsol.s3.eu-west-1.amazonaws.com\/static\/2022\/08\/29083633\/Marc-Marquez-test-pretemporada-2019-Jerez-12.jpg\" alt=\"Marc M\u00e1rquez tomando una curva durante los entrenamientos de pretemporada en Jerez\"><\/noscript>\n        <\/picture><figcaption>Marc M\u00e1rquez tomando una curva durante los entrenamientos de pretemporada en Jerez<\/figcaption><\/figure>\n<p><\/a><br \/>\n<a href=\"https:\/\/bxrepsol.s3.eu-west-1.amazonaws.com\/static\/2022\/08\/29053141\/Marc-Marquez-test-pretemporada-2019-Jerez-13.jpg\" \n   title=\"Marc M\u00e1rquez en Jerez tomando una curva durante los test de pretemporada\" \n   data-gallery-thumbnail=\"https:\/\/bxrepsol.s3.eu-west-1.amazonaws.com\/static\/2022\/08\/29053141\/Marc-Marquez-test-pretemporada-2019-Jerez-13.jpg\"\n   data-gallery-title=\"\"\n   data-gallery><\/p>\n<figure>\n<p>12+1<\/p>\n<picture style=\"padding-bottom: 66.666666666667%; background-image: url(https:\/\/bxrepsol.s3.eu-west-1.amazonaws.com\/static\/2022\/08\/29053141\/Marc-Marquez-test-pretemporada-2019-Jerez-13.jpg);\">\n            <img decoding=\"async\" src=\"https:\/\/bxrepsol.s3.eu-west-1.amazonaws.com\/static\/2022\/08\/29053141\/Marc-Marquez-test-pretemporada-2019-Jerez-13.jpg\"><br \/>\n            <img itemprop=\"image\"\n                data-srcset=\"https:\/\/bxrepsol.s3.eu-west-1.amazonaws.com\/static\/2022\/08\/29053141\/Marc-Marquez-test-pretemporada-2019-Jerez-13.jpg 480w, https:\/\/bxrepsol.s3.eu-west-1.amazonaws.com\/static\/2022\/08\/29053141\/Marc-Marquez-test-pretemporada-2019-Jerez-13.jpg 600w, https:\/\/bxrepsol.s3.eu-west-1.amazonaws.com\/static\/2022\/08\/29053141\/Marc-Marquez-test-pretemporada-2019-Jerez-13.jpg 900w, https:\/\/bxrepsol.s3.eu-west-1.amazonaws.com\/static\/2022\/08\/29053141\/Marc-Marquez-test-pretemporada-2019-Jerez-13.jpg 1280w\"\n                data-src=\"https:\/\/bxrepsol.s3.eu-west-1.amazonaws.com\/static\/2022\/08\/29053141\/Marc-Marquez-test-pretemporada-2019-Jerez-13.jpg\"\n                alt=\"Marc M\u00e1rquez en Jerez tomando una curva durante los test de pretemporada\"\n                title=\"Marc M\u00e1rquez en Jerez tomando una curva durante los test de pretemporada\"\/><br \/>\n            <noscript><img decoding=\"async\" src=\"https:\/\/bxrepsol.s3.eu-west-1.amazonaws.com\/static\/2022\/08\/29053141\/Marc-Marquez-test-pretemporada-2019-Jerez-13.jpg\" alt=\"Marc M\u00e1rquez en Jerez tomando una curva durante los test de pretemporada\"><\/noscript>\n        <\/picture><figcaption>Marc M\u00e1rquez en Jerez tomando una curva durante los test de pretemporada<\/figcaption><\/figure>\n<p><\/a><br \/>\n<a href=\"https:\/\/bxrepsol.s3.eu-west-1.amazonaws.com\/static\/2022\/08\/29083635\/Marc-Marquez-test-pretemporada-2019-Jerez-14.jpg\" \n   title=\"Marc M\u00e1rquez tomando una curva durante los test de Jerez\" \n   data-gallery-thumbnail=\"https:\/\/bxrepsol.s3.eu-west-1.amazonaws.com\/static\/2022\/08\/29083635\/Marc-Marquez-test-pretemporada-2019-Jerez-14.jpg\"\n   data-gallery-title=\"\"\n   data-gallery><\/p>\n<figure>\n<p>14<\/p>\n<picture style=\"padding-bottom: 66.666666666667%; background-image: url(https:\/\/bxrepsol.s3.eu-west-1.amazonaws.com\/static\/2022\/08\/29083635\/Marc-Marquez-test-pretemporada-2019-Jerez-14.jpg);\">\n            <img decoding=\"async\" src=\"https:\/\/bxrepsol.s3.eu-west-1.amazonaws.com\/static\/2022\/08\/29083635\/Marc-Marquez-test-pretemporada-2019-Jerez-14.jpg\"><br \/>\n            <img itemprop=\"image\"\n                data-srcset=\"https:\/\/bxrepsol.s3.eu-west-1.amazonaws.com\/static\/2022\/08\/29083635\/Marc-Marquez-test-pretemporada-2019-Jerez-14.jpg 480w, https:\/\/bxrepsol.s3.eu-west-1.amazonaws.com\/static\/2022\/08\/29083635\/Marc-Marquez-test-pretemporada-2019-Jerez-14.jpg 600w, https:\/\/bxrepsol.s3.eu-west-1.amazonaws.com\/static\/2022\/08\/29083635\/Marc-Marquez-test-pretemporada-2019-Jerez-14.jpg 900w, https:\/\/bxrepsol.s3.eu-west-1.amazonaws.com\/static\/2022\/08\/29083635\/Marc-Marquez-test-pretemporada-2019-Jerez-14.jpg 1280w\"\n                data-src=\"https:\/\/bxrepsol.s3.eu-west-1.amazonaws.com\/static\/2022\/08\/29083635\/Marc-Marquez-test-pretemporada-2019-Jerez-14.jpg\"\n                alt=\"Marc M\u00e1rquez tomando una curva durante los test de Jerez\"\n                title=\"Marc M\u00e1rquez tomando una curva durante los test de Jerez\"\/><br \/>\n            <noscript><img decoding=\"async\" src=\"https:\/\/bxrepsol.s3.eu-west-1.amazonaws.com\/static\/2022\/08\/29083635\/Marc-Marquez-test-pretemporada-2019-Jerez-14.jpg\" alt=\"Marc M\u00e1rquez tomando una curva durante los test de Jerez\"><\/noscript>\n        <\/picture><figcaption>Marc M\u00e1rquez tomando una curva durante los test de Jerez<\/figcaption><\/figure>\n<p><\/a><\/p>\n","protected":false},"excerpt":{"rendered":"<p>Disfruta de las mejores im\u00e1genes tomadas en los test de pretemporada en Jerez donde Marc M\u00e1rquez marc\u00f3 el segundo mejor crono<\/p>\n","protected":false},"author":43146,"featured_media":60221,"comment_status":"open","ping_status":"open","sticky":false,"template":"","format":"standard","meta":{"footnotes":""},"categories":[4],"tags":[184],"class_list":["post-93586","post","type-post","status-publish","format-standard","hentry","category-motogp","tag-entrenamientos"],"yoast_head":"<!-- This site is optimized with the Yoast SEO plugin v27.3 - https:\/\/yoast.com\/product\/yoast-seo-wordpress\/ -->\n<title>Las mejores im\u00e1genes de la pretemporada en Jerez - Box Repsol<\/title>\n<meta name=\"description\" content=\"Disfruta de las mejores im\u00e1genes tomadas en los test de pretemporada en Jerez donde Marc M\u00e1rquez marc\u00f3 el segundo mejor crono\" \/>\n<link rel=\"canonical\" href=\"https:\/\/www.boxrepsol.com\/es\/motogp\/los-test-pretemporada-en-jerez-imagenes\/\" \/>\n<meta property=\"og:locale\" content=\"es_ES\" \/>\n<meta property=\"og:type\" content=\"article\" \/>\n<meta property=\"og:title\" content=\"Las mejores im\u00e1genes de la pretemporada en Jerez - Box Repsol\" \/>\n<meta property=\"og:description\" content=\"Disfruta de las mejores im\u00e1genes tomadas en los test de pretemporada en Jerez donde Marc M\u00e1rquez marc\u00f3 el segundo mejor crono\" \/>\n<meta property=\"og:url\" content=\"https:\/\/www.boxrepsol.com\/es\/motogp\/los-test-pretemporada-en-jerez-imagenes\/\" \/>\n<meta property=\"og:site_name\" content=\"Box Repsol\" \/>\n<meta property=\"article:publisher\" content=\"https:\/\/www.facebook.com\/BoxRepsol\" \/>\n<meta property=\"article:author\" content=\"https:\/\/www.facebook.com\/BoxRepsol\/\" \/>\n<meta property=\"article:published_time\" content=\"2018-11-30T02:00:00+00:00\" \/>\n<meta property=\"article:modified_time\" content=\"2024-05-22T10:13:36+00:00\" \/>\n<meta property=\"og:image\" content=\"https:\/\/bxrepsol.s3.eu-west-1.amazonaws.com\/static\/2022\/08\/29083640\/00_marc_marquez_test_jerez_motogp_repsol_honda.jpg\" \/>\n\t<meta property=\"og:image:width\" content=\"1280\" \/>\n\t<meta property=\"og:image:height\" content=\"600\" \/>\n\t<meta property=\"og:image:type\" content=\"image\/jpeg\" \/>\n<meta name=\"author\" content=\"Redacci\u00f3n Box Repsol\" \/>\n<meta name=\"twitter:card\" content=\"summary_large_image\" \/>\n<meta name=\"twitter:creator\" content=\"@https:\/\/twitter.com\/box_repsol\" \/>\n<meta name=\"twitter:site\" content=\"@box_repsol\" \/>\n<meta name=\"twitter:label1\" content=\"Written by\" \/>\n\t<meta name=\"twitter:data1\" content=\"Redacci\u00f3n Box Repsol\" \/>\n\t<meta name=\"twitter:label2\" content=\"Est. reading time\" \/>\n\t<meta name=\"twitter:data2\" content=\"1 minuto\" \/>\n<script type=\"application\/ld+json\" class=\"yoast-schema-graph\">{\"@context\":\"https:\\\/\\\/schema.org\",\"@graph\":[{\"@type\":\"Article\",\"@id\":\"https:\\\/\\\/www.boxrepsol.com\\\/es\\\/motogp\\\/los-test-pretemporada-en-jerez-imagenes\\\/#article\",\"isPartOf\":{\"@id\":\"https:\\\/\\\/www.boxrepsol.com\\\/es\\\/motogp\\\/los-test-pretemporada-en-jerez-imagenes\\\/\"},\"author\":{\"name\":\"Redacci\u00f3n Box Repsol\",\"@id\":\"https:\\\/\\\/www.boxrepsol.com\\\/es\\\/#\\\/schema\\\/person\\\/c5c2138f2cca251b0ad92b7086bb60b7\"},\"headline\":\"Las mejores im\u00e1genes de la pretemporada en Jerez\",\"datePublished\":\"2018-11-30T02:00:00+00:00\",\"dateModified\":\"2024-05-22T10:13:36+00:00\",\"mainEntityOfPage\":{\"@id\":\"https:\\\/\\\/www.boxrepsol.com\\\/es\\\/motogp\\\/los-test-pretemporada-en-jerez-imagenes\\\/\"},\"wordCount\":201,\"commentCount\":0,\"publisher\":{\"@id\":\"https:\\\/\\\/www.boxrepsol.com\\\/es\\\/#organization\"},\"image\":{\"@id\":\"https:\\\/\\\/www.boxrepsol.com\\\/es\\\/motogp\\\/los-test-pretemporada-en-jerez-imagenes\\\/#primaryimage\"},\"thumbnailUrl\":\"https:\\\/\\\/bxrepsol.s3.eu-west-1.amazonaws.com\\\/static\\\/2022\\\/08\\\/29083640\\\/00_marc_marquez_test_jerez_motogp_repsol_honda.jpg\",\"keywords\":[\"entrenamientos\"],\"articleSection\":[\"MotoGP\"],\"inLanguage\":\"es\",\"potentialAction\":[{\"@type\":\"CommentAction\",\"name\":\"Comment\",\"target\":[\"https:\\\/\\\/www.boxrepsol.com\\\/es\\\/motogp\\\/los-test-pretemporada-en-jerez-imagenes\\\/#respond\"]}]},{\"@type\":\"WebPage\",\"@id\":\"https:\\\/\\\/www.boxrepsol.com\\\/es\\\/motogp\\\/los-test-pretemporada-en-jerez-imagenes\\\/\",\"url\":\"https:\\\/\\\/www.boxrepsol.com\\\/es\\\/motogp\\\/los-test-pretemporada-en-jerez-imagenes\\\/\",\"name\":\"Las mejores im\u00e1genes de la pretemporada en Jerez - Box Repsol\",\"isPartOf\":{\"@id\":\"https:\\\/\\\/www.boxrepsol.com\\\/es\\\/#website\"},\"primaryImageOfPage\":{\"@id\":\"https:\\\/\\\/www.boxrepsol.com\\\/es\\\/motogp\\\/los-test-pretemporada-en-jerez-imagenes\\\/#primaryimage\"},\"image\":{\"@id\":\"https:\\\/\\\/www.boxrepsol.com\\\/es\\\/motogp\\\/los-test-pretemporada-en-jerez-imagenes\\\/#primaryimage\"},\"thumbnailUrl\":\"https:\\\/\\\/bxrepsol.s3.eu-west-1.amazonaws.com\\\/static\\\/2022\\\/08\\\/29083640\\\/00_marc_marquez_test_jerez_motogp_repsol_honda.jpg\",\"datePublished\":\"2018-11-30T02:00:00+00:00\",\"dateModified\":\"2024-05-22T10:13:36+00:00\",\"description\":\"Disfruta de las mejores im\u00e1genes tomadas en los test de pretemporada en Jerez donde Marc M\u00e1rquez marc\u00f3 el segundo mejor crono\",\"breadcrumb\":{\"@id\":\"https:\\\/\\\/www.boxrepsol.com\\\/es\\\/motogp\\\/los-test-pretemporada-en-jerez-imagenes\\\/#breadcrumb\"},\"inLanguage\":\"es\",\"potentialAction\":[{\"@type\":\"ReadAction\",\"target\":[\"https:\\\/\\\/www.boxrepsol.com\\\/es\\\/motogp\\\/los-test-pretemporada-en-jerez-imagenes\\\/\"]}]},{\"@type\":\"ImageObject\",\"inLanguage\":\"es\",\"@id\":\"https:\\\/\\\/www.boxrepsol.com\\\/es\\\/motogp\\\/los-test-pretemporada-en-jerez-imagenes\\\/#primaryimage\",\"url\":\"https:\\\/\\\/bxrepsol.s3.eu-west-1.amazonaws.com\\\/static\\\/2022\\\/08\\\/29083640\\\/00_marc_marquez_test_jerez_motogp_repsol_honda.jpg\",\"contentUrl\":\"https:\\\/\\\/bxrepsol.s3.eu-west-1.amazonaws.com\\\/static\\\/2022\\\/08\\\/29083640\\\/00_marc_marquez_test_jerez_motogp_repsol_honda.jpg\",\"width\":1280,\"height\":600,\"caption\":\"Marc M\u00e1rquez en moto negra de test\"},{\"@type\":\"BreadcrumbList\",\"@id\":\"https:\\\/\\\/www.boxrepsol.com\\\/es\\\/motogp\\\/los-test-pretemporada-en-jerez-imagenes\\\/#breadcrumb\",\"itemListElement\":[{\"@type\":\"ListItem\",\"position\":1,\"name\":\"Home\",\"item\":\"https:\\\/\\\/www.boxrepsol.com\\\/es\\\/\"},{\"@type\":\"ListItem\",\"position\":2,\"name\":\"Las mejores im\u00e1genes de la pretemporada en Jerez\"}]},{\"@type\":\"WebSite\",\"@id\":\"https:\\\/\\\/www.boxrepsol.com\\\/es\\\/#website\",\"url\":\"https:\\\/\\\/www.boxrepsol.com\\\/es\\\/\",\"name\":\"Box Repsol\",\"description\":\"Box Repsol Site\",\"publisher\":{\"@id\":\"https:\\\/\\\/www.boxrepsol.com\\\/es\\\/#organization\"},\"potentialAction\":[{\"@type\":\"SearchAction\",\"target\":{\"@type\":\"EntryPoint\",\"urlTemplate\":\"https:\\\/\\\/www.boxrepsol.com\\\/es\\\/?s={search_term_string}\"},\"query-input\":{\"@type\":\"PropertyValueSpecification\",\"valueRequired\":true,\"valueName\":\"search_term_string\"}}],\"inLanguage\":\"es\"},{\"@type\":\"Organization\",\"@id\":\"https:\\\/\\\/www.boxrepsol.com\\\/es\\\/#organization\",\"name\":\"Box Repsol\",\"url\":\"https:\\\/\\\/www.boxrepsol.com\\\/es\\\/\",\"logo\":{\"@type\":\"ImageObject\",\"inLanguage\":\"es\",\"@id\":\"https:\\\/\\\/www.boxrepsol.com\\\/es\\\/#\\\/schema\\\/logo\\\/image\\\/\",\"url\":\"https:\\\/\\\/bxrepsol.s3.eu-west-1.amazonaws.com\\\/static\\\/2025\\\/07\\\/30083337\\\/favicon-96x96-1.png\",\"contentUrl\":\"https:\\\/\\\/bxrepsol.s3.eu-west-1.amazonaws.com\\\/static\\\/2025\\\/07\\\/30083337\\\/favicon-96x96-1.png\",\"width\":96,\"height\":96,\"caption\":\"Box Repsol\"},\"image\":{\"@id\":\"https:\\\/\\\/www.boxrepsol.com\\\/es\\\/#\\\/schema\\\/logo\\\/image\\\/\"},\"sameAs\":[\"https:\\\/\\\/www.facebook.com\\\/BoxRepsol\",\"https:\\\/\\\/x.com\\\/box_repsol\",\"http:\\\/\\\/instagram.com\\\/box_repsol\",\"https:\\\/\\\/www.youtube.com\\\/user\\\/RepsolCompeticion\",\"https:\\\/\\\/www.flickr.com\\\/photos\\\/box_repsol\\\/\"]},{\"@type\":\"Person\",\"@id\":\"https:\\\/\\\/www.boxrepsol.com\\\/es\\\/#\\\/schema\\\/person\\\/c5c2138f2cca251b0ad92b7086bb60b7\",\"name\":\"Redacci\u00f3n Box Repsol\",\"image\":{\"@type\":\"ImageObject\",\"inLanguage\":\"es\",\"@id\":\"https:\\\/\\\/secure.gravatar.com\\\/avatar\\\/adf7b77e38b4419baf32c7e9c21dde01f4e40df611f0978e3006fc4ba0aaab7e?s=96&d=mm&r=g\",\"url\":\"https:\\\/\\\/secure.gravatar.com\\\/avatar\\\/adf7b77e38b4419baf32c7e9c21dde01f4e40df611f0978e3006fc4ba0aaab7e?s=96&d=mm&r=g\",\"contentUrl\":\"https:\\\/\\\/secure.gravatar.com\\\/avatar\\\/adf7b77e38b4419baf32c7e9c21dde01f4e40df611f0978e3006fc4ba0aaab7e?s=96&d=mm&r=g\",\"caption\":\"Redacci\u00f3n Box Repsol\"},\"description\":\"Box Repsol lo forma un equipo de periodistas, community managers, dise\u00f1adores y fot\u00f3grafos con m\u00e1s de 20 a\u00f1os de experiencia en el mundo del motorsport. Hemos vivido el primer mundial de un espa\u00f1ol en la categor\u00eda reina de motociclismo con \u00c1lex Crivill\u00e9, estuvimos en las victorias de Pedrosa y los t\u00edtulos de M\u00e1rquez, acompa\u00f1amos en \u00c1frica a Nani Roma y Marc Coma en sus conquistas del Dakar y hemos vibrado con los t\u00edtulos de Toni Bou en Trial. Adem\u00e1s, en nuestro equipo contamos con expertos en el mundo de las dos y cuatro ruedas tanto de la calle y las carreteras, como de los circuitos. Periodistas que han trabajado en revistas y publicaciones para hacerte llegar desde rutas y consejos de mantenimiento, a curiosidades y trucos de pilotaje.\",\"sameAs\":[\"https:\\\/\\\/www.facebook.com\\\/BoxRepsol\\\/\",\"https:\\\/\\\/www.instagram.com\\\/box_repsol\\\/\",\"https:\\\/\\\/x.com\\\/https:\\\/\\\/twitter.com\\\/box_repsol\",\"https:\\\/\\\/www.youtube.com\\\/@Boxrepsol\"],\"url\":\"https:\\\/\\\/www.boxrepsol.com\\\/es\\\/author\\\/redaccion-box-repsol\\\/\"}]}<\/script>\n<!-- \/ Yoast SEO plugin. -->","yoast_head_json":{"title":"Las mejores im\u00e1genes de la pretemporada en Jerez - Box Repsol","description":"Disfruta de las mejores im\u00e1genes tomadas en los test de pretemporada en Jerez donde Marc M\u00e1rquez marc\u00f3 el segundo mejor crono","canonical":"https:\/\/www.boxrepsol.com\/es\/motogp\/los-test-pretemporada-en-jerez-imagenes\/","og_locale":"es_ES","og_type":"article","og_title":"Las mejores im\u00e1genes de la pretemporada en Jerez - Box Repsol","og_description":"Disfruta de las mejores im\u00e1genes tomadas en los test de pretemporada en Jerez donde Marc M\u00e1rquez marc\u00f3 el segundo mejor crono","og_url":"https:\/\/www.boxrepsol.com\/es\/motogp\/los-test-pretemporada-en-jerez-imagenes\/","og_site_name":"Box Repsol","article_publisher":"https:\/\/www.facebook.com\/BoxRepsol","article_author":"https:\/\/www.facebook.com\/BoxRepsol\/","article_published_time":"2018-11-30T02:00:00+00:00","article_modified_time":"2024-05-22T10:13:36+00:00","og_image":[{"width":1280,"height":600,"url":"https:\/\/bxrepsol.s3.eu-west-1.amazonaws.com\/static\/2022\/08\/29083640\/00_marc_marquez_test_jerez_motogp_repsol_honda.jpg","type":"image\/jpeg"}],"author":"Redacci\u00f3n Box Repsol","twitter_card":"summary_large_image","twitter_creator":"@https:\/\/twitter.com\/box_repsol","twitter_site":"@box_repsol","twitter_misc":{"Written by":"Redacci\u00f3n Box Repsol","Est. reading time":"1 minuto"},"schema":{"@context":"https:\/\/schema.org","@graph":[{"@type":"Article","@id":"https:\/\/www.boxrepsol.com\/es\/motogp\/los-test-pretemporada-en-jerez-imagenes\/#article","isPartOf":{"@id":"https:\/\/www.boxrepsol.com\/es\/motogp\/los-test-pretemporada-en-jerez-imagenes\/"},"author":{"name":"Redacci\u00f3n Box Repsol","@id":"https:\/\/www.boxrepsol.com\/es\/#\/schema\/person\/c5c2138f2cca251b0ad92b7086bb60b7"},"headline":"Las mejores im\u00e1genes de la pretemporada en Jerez","datePublished":"2018-11-30T02:00:00+00:00","dateModified":"2024-05-22T10:13:36+00:00","mainEntityOfPage":{"@id":"https:\/\/www.boxrepsol.com\/es\/motogp\/los-test-pretemporada-en-jerez-imagenes\/"},"wordCount":201,"commentCount":0,"publisher":{"@id":"https:\/\/www.boxrepsol.com\/es\/#organization"},"image":{"@id":"https:\/\/www.boxrepsol.com\/es\/motogp\/los-test-pretemporada-en-jerez-imagenes\/#primaryimage"},"thumbnailUrl":"https:\/\/bxrepsol.s3.eu-west-1.amazonaws.com\/static\/2022\/08\/29083640\/00_marc_marquez_test_jerez_motogp_repsol_honda.jpg","keywords":["entrenamientos"],"articleSection":["MotoGP"],"inLanguage":"es","potentialAction":[{"@type":"CommentAction","name":"Comment","target":["https:\/\/www.boxrepsol.com\/es\/motogp\/los-test-pretemporada-en-jerez-imagenes\/#respond"]}]},{"@type":"WebPage","@id":"https:\/\/www.boxrepsol.com\/es\/motogp\/los-test-pretemporada-en-jerez-imagenes\/","url":"https:\/\/www.boxrepsol.com\/es\/motogp\/los-test-pretemporada-en-jerez-imagenes\/","name":"Las mejores im\u00e1genes de la pretemporada en Jerez - Box Repsol","isPartOf":{"@id":"https:\/\/www.boxrepsol.com\/es\/#website"},"primaryImageOfPage":{"@id":"https:\/\/www.boxrepsol.com\/es\/motogp\/los-test-pretemporada-en-jerez-imagenes\/#primaryimage"},"image":{"@id":"https:\/\/www.boxrepsol.com\/es\/motogp\/los-test-pretemporada-en-jerez-imagenes\/#primaryimage"},"thumbnailUrl":"https:\/\/bxrepsol.s3.eu-west-1.amazonaws.com\/static\/2022\/08\/29083640\/00_marc_marquez_test_jerez_motogp_repsol_honda.jpg","datePublished":"2018-11-30T02:00:00+00:00","dateModified":"2024-05-22T10:13:36+00:00","description":"Disfruta de las mejores im\u00e1genes tomadas en los test de pretemporada en Jerez donde Marc M\u00e1rquez marc\u00f3 el segundo mejor crono","breadcrumb":{"@id":"https:\/\/www.boxrepsol.com\/es\/motogp\/los-test-pretemporada-en-jerez-imagenes\/#breadcrumb"},"inLanguage":"es","potentialAction":[{"@type":"ReadAction","target":["https:\/\/www.boxrepsol.com\/es\/motogp\/los-test-pretemporada-en-jerez-imagenes\/"]}]},{"@type":"ImageObject","inLanguage":"es","@id":"https:\/\/www.boxrepsol.com\/es\/motogp\/los-test-pretemporada-en-jerez-imagenes\/#primaryimage","url":"https:\/\/bxrepsol.s3.eu-west-1.amazonaws.com\/static\/2022\/08\/29083640\/00_marc_marquez_test_jerez_motogp_repsol_honda.jpg","contentUrl":"https:\/\/bxrepsol.s3.eu-west-1.amazonaws.com\/static\/2022\/08\/29083640\/00_marc_marquez_test_jerez_motogp_repsol_honda.jpg","width":1280,"height":600,"caption":"Marc M\u00e1rquez en moto negra de test"},{"@type":"BreadcrumbList","@id":"https:\/\/www.boxrepsol.com\/es\/motogp\/los-test-pretemporada-en-jerez-imagenes\/#breadcrumb","itemListElement":[{"@type":"ListItem","position":1,"name":"Home","item":"https:\/\/www.boxrepsol.com\/es\/"},{"@type":"ListItem","position":2,"name":"Las mejores im\u00e1genes de la pretemporada en Jerez"}]},{"@type":"WebSite","@id":"https:\/\/www.boxrepsol.com\/es\/#website","url":"https:\/\/www.boxrepsol.com\/es\/","name":"Box Repsol","description":"Box Repsol Site","publisher":{"@id":"https:\/\/www.boxrepsol.com\/es\/#organization"},"potentialAction":[{"@type":"SearchAction","target":{"@type":"EntryPoint","urlTemplate":"https:\/\/www.boxrepsol.com\/es\/?s={search_term_string}"},"query-input":{"@type":"PropertyValueSpecification","valueRequired":true,"valueName":"search_term_string"}}],"inLanguage":"es"},{"@type":"Organization","@id":"https:\/\/www.boxrepsol.com\/es\/#organization","name":"Box Repsol","url":"https:\/\/www.boxrepsol.com\/es\/","logo":{"@type":"ImageObject","inLanguage":"es","@id":"https:\/\/www.boxrepsol.com\/es\/#\/schema\/logo\/image\/","url":"https:\/\/bxrepsol.s3.eu-west-1.amazonaws.com\/static\/2025\/07\/30083337\/favicon-96x96-1.png","contentUrl":"https:\/\/bxrepsol.s3.eu-west-1.amazonaws.com\/static\/2025\/07\/30083337\/favicon-96x96-1.png","width":96,"height":96,"caption":"Box Repsol"},"image":{"@id":"https:\/\/www.boxrepsol.com\/es\/#\/schema\/logo\/image\/"},"sameAs":["https:\/\/www.facebook.com\/BoxRepsol","https:\/\/x.com\/box_repsol","http:\/\/instagram.com\/box_repsol","https:\/\/www.youtube.com\/user\/RepsolCompeticion","https:\/\/www.flickr.com\/photos\/box_repsol\/"]},{"@type":"Person","@id":"https:\/\/www.boxrepsol.com\/es\/#\/schema\/person\/c5c2138f2cca251b0ad92b7086bb60b7","name":"Redacci\u00f3n Box Repsol","image":{"@type":"ImageObject","inLanguage":"es","@id":"https:\/\/secure.gravatar.com\/avatar\/adf7b77e38b4419baf32c7e9c21dde01f4e40df611f0978e3006fc4ba0aaab7e?s=96&d=mm&r=g","url":"https:\/\/secure.gravatar.com\/avatar\/adf7b77e38b4419baf32c7e9c21dde01f4e40df611f0978e3006fc4ba0aaab7e?s=96&d=mm&r=g","contentUrl":"https:\/\/secure.gravatar.com\/avatar\/adf7b77e38b4419baf32c7e9c21dde01f4e40df611f0978e3006fc4ba0aaab7e?s=96&d=mm&r=g","caption":"Redacci\u00f3n Box Repsol"},"description":"Box Repsol lo forma un equipo de periodistas, community managers, dise\u00f1adores y fot\u00f3grafos con m\u00e1s de 20 a\u00f1os de experiencia en el mundo del motorsport. Hemos vivido el primer mundial de un espa\u00f1ol en la categor\u00eda reina de motociclismo con \u00c1lex Crivill\u00e9, estuvimos en las victorias de Pedrosa y los t\u00edtulos de M\u00e1rquez, acompa\u00f1amos en \u00c1frica a Nani Roma y Marc Coma en sus conquistas del Dakar y hemos vibrado con los t\u00edtulos de Toni Bou en Trial. Adem\u00e1s, en nuestro equipo contamos con expertos en el mundo de las dos y cuatro ruedas tanto de la calle y las carreteras, como de los circuitos. Periodistas que han trabajado en revistas y publicaciones para hacerte llegar desde rutas y consejos de mantenimiento, a curiosidades y trucos de pilotaje.","sameAs":["https:\/\/www.facebook.com\/BoxRepsol\/","https:\/\/www.instagram.com\/box_repsol\/","https:\/\/x.com\/https:\/\/twitter.com\/box_repsol","https:\/\/www.youtube.com\/@Boxrepsol"],"url":"https:\/\/www.boxrepsol.com\/es\/author\/redaccion-box-repsol\/"}]}},"_links":{"self":[{"href":"https:\/\/www.boxrepsol.com\/es\/wp-json\/wp\/v2\/posts\/93586","targetHints":{"allow":["GET"]}}],"collection":[{"href":"https:\/\/www.boxrepsol.com\/es\/wp-json\/wp\/v2\/posts"}],"about":[{"href":"https:\/\/www.boxrepsol.com\/es\/wp-json\/wp\/v2\/types\/post"}],"author":[{"embeddable":true,"href":"https:\/\/www.boxrepsol.com\/es\/wp-json\/wp\/v2\/users\/43146"}],"replies":[{"embeddable":true,"href":"https:\/\/www.boxrepsol.com\/es\/wp-json\/wp\/v2\/comments?post=93586"}],"version-history":[{"count":1,"href":"https:\/\/www.boxrepsol.com\/es\/wp-json\/wp\/v2\/posts\/93586\/revisions"}],"predecessor-version":[{"id":93587,"href":"https:\/\/www.boxrepsol.com\/es\/wp-json\/wp\/v2\/posts\/93586\/revisions\/93587"}],"wp:featuredmedia":[{"embeddable":true,"href":"https:\/\/www.boxrepsol.com\/es\/wp-json\/wp\/v2\/media\/60221"}],"wp:attachment":[{"href":"https:\/\/www.boxrepsol.com\/es\/wp-json\/wp\/v2\/media?parent=93586"}],"wp:term":[{"taxonomy":"category","embeddable":true,"href":"https:\/\/www.boxrepsol.com\/es\/wp-json\/wp\/v2\/categories?post=93586"},{"taxonomy":"post_tag","embeddable":true,"href":"https:\/\/www.boxrepsol.com\/es\/wp-json\/wp\/v2\/tags?post=93586"}],"curies":[{"name":"wp","href":"https:\/\/api.w.org\/{rel}","templated":true}]}}