{"id":93585,"date":"2020-04-24T00:00:00","date_gmt":"2020-04-24T02:00:00","guid":{"rendered":"http:\/\/pre.boxrepsol.com\/sin-categorizar\/5-rutas-moteras-para-el-invierno\/"},"modified":"2024-04-19T10:11:58","modified_gmt":"2024-04-19T12:11:58","slug":"5-rutas-moteras-para-el-invierno","status":"publish","type":"post","link":"https:\/\/www.boxrepsol.com\/es\/vive-tu-moto\/5-rutas-moteras-para-el-invierno\/","title":{"rendered":"5 rutas moteras para el invierno"},"content":{"rendered":"\n<p>Aunque el viaje en moto m\u00e1s simb\u00f3lico del invierno sea acudir a la concentraci\u00f3n&nbsp;<strong><a href=\"https:\/\/www.boxrepsol.com\/es\/cultura-motera\/pinguinos-la-concentracion-motera-que-triunfa-en-espana\/\" target=\"_blank\" rel=\"noopener\">Ping\u00fcinos<\/a> <\/strong>dentro de nuestras fronteras, o la de <a href=\"https:\/\/www.boxrepsol.com\/es\/cultura-motera\/eres-un-motero-duro-elefantentreffen-te-espera\/\" target=\"_blank\" rel=\"noopener\"><strong>Los Elefante<\/strong>s<\/a> fuera de ellas, no te vamos a enviar a sufrir en moto. Otra cosa distinta es que debas dejar la ropa de abrigo en casa; que no es el caso.<\/p>\n\n\n\n<h2 class=\"wp-block-heading\"><b>1 &#8211; Pa\u00eds Vasco \/ Pirineos (Espa\u00f1a- Francia)<\/b><\/h2>\n\n\n\n<p>La ruta en invierno por el Pa\u00eds Vasco no es precisamente calurosa. Resulta una de las m\u00e1s frescas en verano pero, al estar toda la zona invadida por el turismo en esa \u00e9poca del a\u00f1o, la convierte en invierno en una de las m\u00e1s atractivas.<\/p>\n\n\n\n<p>Esta ruta arranca en Burgos. Desde luego, no te puedes olvidar de la ropa de abrigo ya que contin\u00faa por Navarra y el alucinante paso de Roncesvalles para llegar al llamado Pa\u00eds Vasco-Franc\u00e9s. Al principio puedes pasar algo de fr\u00edo, as\u00ed que no te hagas ilusiones con la temperatura. Sin embargo, seg\u00fan te acerques a la costa del mar Cant\u00e1brico, el term\u00f3metro comienza a ser m\u00e1s benevolente.<\/p>\n\n\n\n<p>Bayona y Biarritz son dos destinos que disfrutar\u00e1s sin aglomeraciones y podr\u00e1s volver costeando hasta San Juan de Luz y volver a cruzar la frontera espa\u00f1ola para llegar a la siempre inolvidable San Sebasti\u00e1n. Si en verano es un placer, en invierno va m\u00e1s all\u00e1. Puedes terminar en Bilbao y el impresionante museo Guggenheim. Da igual qu\u00e9 exposici\u00f3n temporal encuentres. Todas merecen una visita.<\/p>\n\n\n\n<p>Si quieres indagar m\u00e1s en la costa vasca, hay dos trayectos muy recomendables para cualquier motero con ganas de redescubrir Euskadi y el Cant\u00e1brico. La ruta de la costa de Gipuzkoa, de Hondarribia a Mutriku y la de la costa de Bizkaia, De Ondarroa a Sopelana.<\/p>\n\n\n\n<blockquote class=\"wp-block-quote is-layout-flow wp-block-quote-is-layout-flow\">\n<div style=\"padding: 16px;\">\n<div style=\"display: flex; flex-direction: row; align-items: center;\">\n<div style=\"background-color: #f4f4f4; border-radius: 50%; flex-grow: 0; height: 40px; margin-right: 14px; width: 40px;\">&nbsp;<\/div>\n<div style=\"display: flex; flex-direction: column; flex-grow: 1; justify-content: center;\">\n<div style=\"background-color: #f4f4f4; border-radius: 4px; flex-grow: 0; height: 14px; margin-bottom: 6px; width: 100px;\">&nbsp;<\/div>\n<div style=\"background-color: #f4f4f4; border-radius: 4px; flex-grow: 0; height: 14px; width: 60px;\">&nbsp;<\/div>\n<\/div>\n<\/div>\n<div style=\"padding: 19% 0;\">&nbsp;<\/div>\n<div style=\"display: block; height: 50px; margin: 0 auto 12px; width: 50px;\">&nbsp;<\/div>\n<div style=\"padding-top: 8px;\">\n<div style=\"color: #3897f0; font-family: Arial,sans-serif; font-size: 14px; font-style: normal; font-weight: 550; line-height: 18px;\">Ver esta publicaci\u00f3n en Instagram<\/div>\n<\/div>\n<div style=\"padding: 12.5% 0;\">&nbsp;<\/div>\n<div style=\"display: flex; flex-direction: row; margin-bottom: 14px; align-items: center;\">\n<div>\n<div style=\"background-color: #f4f4f4; border-radius: 50%; height: 12.5px; width: 12.5px; transform: translateX(0px) translateY(7px);\">&nbsp;<\/div>\n<div style=\"background-color: #f4f4f4; height: 12.5px; transform: rotate(-45deg) translateX(3px) translateY(1px); width: 12.5px; flex-grow: 0; margin-right: 14px; margin-left: 2px;\">&nbsp;<\/div>\n<div style=\"background-color: #f4f4f4; border-radius: 50%; height: 12.5px; width: 12.5px; transform: translateX(9px) translateY(-18px);\">&nbsp;<\/div>\n<\/div>\n<div style=\"margin-left: 8px;\">\n<div style=\"background-color: #f4f4f4; border-radius: 50%; flex-grow: 0; height: 20px; width: 20px;\">&nbsp;<\/div>\n<div style=\"width: 0; height: 0; border-top: 2px solid transparent; border-left: 6px solid #f4f4f4; border-bottom: 2px solid transparent; transform: translateX(16px) translateY(-4px) rotate(30deg);\">&nbsp;<\/div>\n<\/div>\n<div style=\"margin-left: auto;\">\n<div style=\"width: 0px; border-top: 8px solid #F4F4F4; border-right: 8px solid transparent; transform: translateY(16px);\">&nbsp;<\/div>\n<div style=\"background-color: #f4f4f4; flex-grow: 0; height: 12px; width: 16px; transform: translateY(-4px);\">&nbsp;<\/div>\n<div style=\"width: 0; height: 0; border-top: 8px solid #F4F4F4; border-left: 8px solid transparent; transform: translateY(-4px) translateX(8px);\">&nbsp;<\/div>\n<\/div>\n<\/div>\n<div style=\"display: flex; flex-direction: column; flex-grow: 1; justify-content: center; margin-bottom: 24px;\">\n<div style=\"background-color: #f4f4f4; border-radius: 4px; flex-grow: 0; height: 14px; margin-bottom: 6px; width: 224px;\">&nbsp;<\/div>\n<div style=\"background-color: #f4f4f4; border-radius: 4px; flex-grow: 0; height: 14px; width: 144px;\">&nbsp;<\/div>\n<\/div>\n<p style=\"color: #c9c8cd; font-family: Arial,sans-serif; font-size: 14px; line-height: 17px; margin-bottom: 0; margin-top: 8px; overflow: hidden; padding: 8px 0 7px; text-align: center; text-overflow: ellipsis; white-space: nowrap;\"><a style=\"color: #c9c8cd; font-family: Arial,sans-serif; font-size: 14px; font-style: normal; font-weight: normal; line-height: 17px; text-decoration: none;\" href=\"https:\/\/www.instagram.com\/p\/BkBZA4VHlIn\/?utm_source=ig_embed&amp;utm_campaign=loading\" target=\"_blank\" rel=\"noopener\">Una publicaci\u00f3n compartida de Christelle Ch (@christlch)<\/a><\/p>\n<\/div>\n<\/blockquote>\n\n\n\n<p><script async=\"\" src=\"\/\/www.instagram.com\/embed.js\"><\/script><\/p>\n\n\n\n<h2 class=\"wp-block-heading\"><b>2 &#8211; Alto Ampurd\u00e1n (Catalu\u00f1a)<\/b><\/h2>\n\n\n\n<p>La parte m\u00e1s al norte de Catalu\u00f1a es otro destino atestado de turistas en verano. En invierno la cosa cambia para bien, aunque la meteorolog\u00eda no acompa\u00f1e tanto, sigue siendo una de las mejores rutas en moto que hacer por Espa\u00f1a. De todas formas, damos por hecho que vas a montar en moto bien abrigado.<\/p>\n\n\n\n<p>Eso, unido a que la temperatura es m\u00e1s suave, te har\u00e1 disfrutar de carreteras de costa que te llevar\u00e1n a Cadaqu\u00e9s. Port de la Selva es otro sitio que no te puedes dejar olvidado en el mapa.<\/p>\n\n\n\n<p>Es cierto que no encontrar\u00e1s la misma actividad hostelera que en verano, pero si eres paciente para encontrar un buen plan, no te faltar\u00e1 de nada. Para dormir, encontrar\u00e1s sitios en los que en verano es imposible reservar y a precios mucho m\u00e1s atractivos.<\/p>\n\n\n\n<p>La proximidad con la frontera francesa y el paso de La Junquera te dar\u00e1n un r\u00e1pido acceso al pa\u00eds vecino. Tambi\u00e9n estar\u00e1s en el sitio ideal para dirigiste a la Costa Azul. A partir de ah\u00ed, t\u00fa decides, depende del tiempo libre de que dispongas.<\/p>\n\n\n\n<p>Tambi\u00e9n en Catalu\u00f1a, podr\u00e1s disfrutar de las <a href=\"https:\/\/www.boxrepsol.com\/es\/vive-tu-moto\/las-mejores-rutas-en-moto-desde-barcelona\/\">mejores rutas en moto desde Barcelona<\/a>, cuyo clima mediterr\u00e1neo te permite subirte a los mandos de tu moto en cualquier fecha del a\u00f1o, tambi\u00e9n en invierno, y emprender distintas rutas desde la capital catalana sin la necesidad de realizar grandes desplazamientos.<\/p>\n\n\n\n<h2 class=\"wp-block-heading\"><b>3 &#8211; Costa del Mediterr\u00e1neo<\/b><\/h2>\n\n\n\n<p>Cualquier ruta a orillas del Mediterr\u00e1neo en el Levante espa\u00f1ol te ofrecer\u00e1 temperaturas suaves y escasas posibilidades de encontrar lluvia.<\/p>\n\n\n\n<p>Incluso si est\u00e1s a 31 de diciembre, todav\u00eda podr\u00e1s disfrutar de ba\u00f1arte en el mar.<\/p>\n\n\n\n<p>Esta ruta motera te llevar\u00e1 a lugares como Moj\u00e1car, en Almer\u00eda. El desierto de las Tabernas ofrece rutas solitarias y perfectas en moto e incluso tienes el circuito de Almer\u00eda cerca si te apetece rodar con una moto deportiva.<\/p>\n\n\n\n<p>El Cabo de Gata concede un respiro en invierno y puedes disfrutar de costa solitaria, como la Playa de los Muertos, o la Cala de Monsul donde la inefable familia Jones rod\u00f3 en 1989 unas de las escenas m\u00e1s c\u00f3micas de \u201cIndiana Jones y la \u00faltima cruzada\u201d.<\/p>\n\n\n\n<p>M\u00e1s all\u00e1, lugares como Granada, M\u00e1laga, C\u00e1diz y Huelva hasta llegar al Algarve portugu\u00e9s.<\/p>\n\n\n\n<blockquote class=\"wp-block-quote is-layout-flow wp-block-quote-is-layout-flow\">\n<div style=\"padding: 16px;\">\n<div style=\"display: flex; flex-direction: row; align-items: center;\">\n<div style=\"background-color: #f4f4f4; border-radius: 50%; flex-grow: 0; height: 40px; margin-right: 14px; width: 40px;\">&nbsp;<\/div>\n<div style=\"display: flex; flex-direction: column; flex-grow: 1; justify-content: center;\">\n<div style=\"background-color: #f4f4f4; border-radius: 4px; flex-grow: 0; height: 14px; margin-bottom: 6px; width: 100px;\">&nbsp;<\/div>\n<div style=\"background-color: #f4f4f4; border-radius: 4px; flex-grow: 0; height: 14px; width: 60px;\">&nbsp;<\/div>\n<\/div>\n<\/div>\n<div style=\"padding: 19% 0;\">&nbsp;<\/div>\n<div style=\"display: block; height: 50px; margin: 0 auto 12px; width: 50px;\">&nbsp;<\/div>\n<div style=\"padding-top: 8px;\">\n<div style=\"color: #3897f0; font-family: Arial,sans-serif; font-size: 14px; font-style: normal; font-weight: 550; line-height: 18px;\">Ver esta publicaci\u00f3n en Instagram<\/div>\n<\/div>\n<div style=\"padding: 12.5% 0;\">&nbsp;<\/div>\n<div style=\"display: flex; flex-direction: row; margin-bottom: 14px; align-items: center;\">\n<div>\n<div style=\"background-color: #f4f4f4; border-radius: 50%; height: 12.5px; width: 12.5px; transform: translateX(0px) translateY(7px);\">&nbsp;<\/div>\n<div style=\"background-color: #f4f4f4; height: 12.5px; transform: rotate(-45deg) translateX(3px) translateY(1px); width: 12.5px; flex-grow: 0; margin-right: 14px; margin-left: 2px;\">&nbsp;<\/div>\n<div style=\"background-color: #f4f4f4; border-radius: 50%; height: 12.5px; width: 12.5px; transform: translateX(9px) translateY(-18px);\">&nbsp;<\/div>\n<\/div>\n<div style=\"margin-left: 8px;\">\n<div style=\"background-color: #f4f4f4; border-radius: 50%; flex-grow: 0; height: 20px; width: 20px;\">&nbsp;<\/div>\n<div style=\"width: 0; height: 0; border-top: 2px solid transparent; border-left: 6px solid #f4f4f4; border-bottom: 2px solid transparent; transform: translateX(16px) translateY(-4px) rotate(30deg);\">&nbsp;<\/div>\n<\/div>\n<div style=\"margin-left: auto;\">\n<div style=\"width: 0px; border-top: 8px solid #F4F4F4; border-right: 8px solid transparent; transform: translateY(16px);\">&nbsp;<\/div>\n<div style=\"background-color: #f4f4f4; flex-grow: 0; height: 12px; width: 16px; transform: translateY(-4px);\">&nbsp;<\/div>\n<div style=\"width: 0; height: 0; border-top: 8px solid #F4F4F4; border-left: 8px solid transparent; transform: translateY(-4px) translateX(8px);\">&nbsp;<\/div>\n<\/div>\n<\/div>\n<div style=\"display: flex; flex-direction: column; flex-grow: 1; justify-content: center; margin-bottom: 24px;\">\n<div style=\"background-color: #f4f4f4; border-radius: 4px; flex-grow: 0; height: 14px; margin-bottom: 6px; width: 224px;\">&nbsp;<\/div>\n<div style=\"background-color: #f4f4f4; border-radius: 4px; flex-grow: 0; height: 14px; width: 144px;\">&nbsp;<\/div>\n<\/div>\n<p style=\"color: #c9c8cd; font-family: Arial,sans-serif; font-size: 14px; line-height: 17px; margin-bottom: 0; margin-top: 8px; overflow: hidden; padding: 8px 0 7px; text-align: center; text-overflow: ellipsis; white-space: nowrap;\"><a style=\"color: #c9c8cd; font-family: Arial,sans-serif; font-size: 14px; font-style: normal; font-weight: normal; line-height: 17px; text-decoration: none;\" href=\"https:\/\/www.instagram.com\/p\/Bh-A8EHFYYT\/?utm_source=ig_embed&amp;utm_campaign=loading\" target=\"_blank\" rel=\"noopener\">Una publicaci\u00f3n compartida de Pedro Luis Lamazares Dur\u00e1 (@plamdur)<\/a><\/p>\n<\/div>\n<\/blockquote>\n\n\n\n<p><script async=\"\" src=\"\/\/www.instagram.com\/embed.js\"><\/script><\/p>\n\n\n\n<h2 class=\"wp-block-heading\"><b>4 &#8211;&nbsp; Puertos del macizo central<\/b><\/h2>\n\n\n\n<p>La ruta por la Sierra Norte de Madrid es una de las rutas moteras preferidas por los motoristas de la zona. Aunque existen muchas rutas en moto cerca de Madrid, los bellos paisajes de esta la hacen especialmente atractiva, tanto en invierno como en verano.<\/p>\n\n\n\n<p>Puedes comenzar la ruta desde San Agust\u00edn de Guadalix y pasar por Pedrezuela. All\u00ed encontrar\u00e1s el conocido embalse El Vell\u00f3n, tambi\u00e9n conocido como embalse de Pedrezuela. Las vistas son especialmente bonitas al atardecer, por si quieres tenerlo en cuenta a la hora de organizar tu viaje.<\/p>\n\n\n\n<p>En Miraflores de la Sierra comienza la ruta monta\u00f1osa y la subida, por lo que se hace m\u00e1s interesante el recorrido. Al pasar por el Puerto de la Morcuero, en este recorrido disfrutar\u00e1s de las magn\u00edficas vistas hacia las monta\u00f1as.<\/p>\n\n\n\n<p>Al llegar a Rascafr\u00eda, te recomendamos parar a conocer el famoso Puente del Perd\u00f3n y el Monasterio de Santa Mar\u00eda del Paular. Si contin\u00faas la ruta por el Puerto de Cotos, hasta llegar a Pe\u00f1alara, encontrar\u00e1s bonitas lagunas que har\u00e1n de esta traves\u00eda una de tus rutas moteras por Espa\u00f1a m\u00e1s inolvidables.<\/p>\n\n\n\n<blockquote class=\"wp-block-quote is-layout-flow wp-block-quote-is-layout-flow\">\n<div style=\"padding: 16px;\">\n<div style=\"display: flex; flex-direction: row; align-items: center;\">\n<div style=\"background-color: #f4f4f4; border-radius: 50%; flex-grow: 0; height: 40px; margin-right: 14px; width: 40px;\">&nbsp;<\/div>\n<div style=\"display: flex; flex-direction: column; flex-grow: 1; justify-content: center;\">\n<div style=\"background-color: #f4f4f4; border-radius: 4px; flex-grow: 0; height: 14px; margin-bottom: 6px; width: 100px;\">&nbsp;<\/div>\n<div style=\"background-color: #f4f4f4; border-radius: 4px; flex-grow: 0; height: 14px; width: 60px;\">&nbsp;<\/div>\n<\/div>\n<\/div>\n<div style=\"padding: 19% 0;\">&nbsp;<\/div>\n<div style=\"display: block; height: 50px; margin: 0 auto 12px; width: 50px;\">&nbsp;<\/div>\n<div style=\"padding-top: 8px;\">\n<div style=\"color: #3897f0; font-family: Arial,sans-serif; font-size: 14px; font-style: normal; font-weight: 550; line-height: 18px;\">Ver esta publicaci\u00f3n en Instagram<\/div>\n<\/div>\n<div style=\"padding: 12.5% 0;\">&nbsp;<\/div>\n<div style=\"display: flex; flex-direction: row; margin-bottom: 14px; align-items: center;\">\n<div>\n<div style=\"background-color: #f4f4f4; border-radius: 50%; height: 12.5px; width: 12.5px; transform: translateX(0px) translateY(7px);\">&nbsp;<\/div>\n<div style=\"background-color: #f4f4f4; height: 12.5px; transform: rotate(-45deg) translateX(3px) translateY(1px); width: 12.5px; flex-grow: 0; margin-right: 14px; margin-left: 2px;\">&nbsp;<\/div>\n<div style=\"background-color: #f4f4f4; border-radius: 50%; height: 12.5px; width: 12.5px; transform: translateX(9px) translateY(-18px);\">&nbsp;<\/div>\n<\/div>\n<div style=\"margin-left: 8px;\">\n<div style=\"background-color: #f4f4f4; border-radius: 50%; flex-grow: 0; height: 20px; width: 20px;\">&nbsp;<\/div>\n<div style=\"width: 0; height: 0; border-top: 2px solid transparent; border-left: 6px solid #f4f4f4; border-bottom: 2px solid transparent; transform: translateX(16px) translateY(-4px) rotate(30deg);\">&nbsp;<\/div>\n<\/div>\n<div style=\"margin-left: auto;\">\n<div style=\"width: 0px; border-top: 8px solid #F4F4F4; border-right: 8px solid transparent; transform: translateY(16px);\">&nbsp;<\/div>\n<div style=\"background-color: #f4f4f4; flex-grow: 0; height: 12px; width: 16px; transform: translateY(-4px);\">&nbsp;<\/div>\n<div style=\"width: 0; height: 0; border-top: 8px solid #F4F4F4; border-left: 8px solid transparent; transform: translateY(-4px) translateX(8px);\">&nbsp;<\/div>\n<\/div>\n<\/div>\n<div style=\"display: flex; flex-direction: column; flex-grow: 1; justify-content: center; margin-bottom: 24px;\">\n<div style=\"background-color: #f4f4f4; border-radius: 4px; flex-grow: 0; height: 14px; margin-bottom: 6px; width: 224px;\">&nbsp;<\/div>\n<div style=\"background-color: #f4f4f4; border-radius: 4px; flex-grow: 0; height: 14px; width: 144px;\">&nbsp;<\/div>\n<\/div>\n<p style=\"color: #c9c8cd; font-family: Arial,sans-serif; font-size: 14px; line-height: 17px; margin-bottom: 0; margin-top: 8px; overflow: hidden; padding: 8px 0 7px; text-align: center; text-overflow: ellipsis; white-space: nowrap;\"><a style=\"color: #c9c8cd; font-family: Arial,sans-serif; font-size: 14px; font-style: normal; font-weight: normal; line-height: 17px; text-decoration: none;\" href=\"https:\/\/www.instagram.com\/p\/BqwYKm3Hkoh\/?utm_source=ig_embed&amp;utm_campaign=loading\" target=\"_blank\" rel=\"noopener\">Una publicaci\u00f3n compartida de Bestiaco Snchz (@bestiaco)<\/a><\/p>\n<\/div>\n<\/blockquote>\n\n\n\n<p><script async=\"\" src=\"\/\/www.instagram.com\/embed.js\"><\/script><\/p>\n\n\n\n<h2 class=\"wp-block-heading\"><b>5 &#8211; Ruta Lisboa, Sintra, Cabo de Roca, Cascais y Estoril<\/b><\/h2>\n\n\n\n<p>Si viajas desde Madrid en direcci\u00f3n a Extremadura encontrar\u00e1s de los tramos de autov\u00eda m\u00e1s bonitos que existen en nuestro pa\u00eds, una ruta motera que no deber\u00edas perderte.<\/p>\n\n\n\n<p>Si escoges las carreteras comarcales, viajar\u00e1s m\u00e1s despacio, pero ello te llevar\u00e1 a preciosos peque\u00f1os pueblos, destacando entre ellos Guadalupe y su imponente Parador Nacional. La temperatura ser\u00e1 baja pero, a medida que te aproximes a la costa portuguesa, esto ir\u00e1 cambiando.<\/p>\n\n\n\n<p>Lisboa es un destino espectacular en cualquier \u00e9poca del a\u00f1o, y sin turismo mucho m\u00e1s. Estoril, Sintra y otros destinos de la zona no te los puedes perder. Precios m\u00e1s asequibles y lugares llenos de encanto.<\/p>\n\n\n\n<p>Sintra tiene dos partes de inter\u00e9s tur\u00edstico. En la parte baja de la monta\u00f1a est\u00e1 centro del pueblo, con sus callejuelas, y diversos edificios de inter\u00e9s como el Museo del Juguete o el Palacio Nacional. Por otro lado, en lo alto de la colina situada junto al pueblo tenemos el Palacio da Pena.<\/p>\n\n\n\n<p>Siguiente parada: Cabo de Roca. Sus bellos acantilados que son el punto m\u00e1s occidental del continente europeo. Uno de los paisajes naturales m\u00e1s bellos que podemos encontrarnos cerca de Lisboa, aunque ojo a los que sufran de v\u00e9rtigo.<\/p>\n\n\n\n<p>A pocos kil\u00f3metros llegaremos a Cascais y Estoril. Cascais es una ciudad que pas\u00f3 de ser un pueblecito de pescadores al centro de veraneo de la clase alta portuguesa.<\/p>\n\n\n\n<p>Merece la pena pasear por su casco urbano, por la Praia dos Pescadores, disfrutar de alguno de sus conocidos restaurantes de pescado o escuchar el sonido del mar chocando contra las rocas de la Boca do Inferno.<\/p>\n\n\n\n<blockquote class=\"wp-block-quote is-layout-flow wp-block-quote-is-layout-flow\">\n<div style=\"padding: 16px;\">\n<div style=\"display: flex; flex-direction: row; align-items: center;\">\n<div style=\"background-color: #f4f4f4; border-radius: 50%; flex-grow: 0; height: 40px; margin-right: 14px; width: 40px;\">&nbsp;<\/div>\n<div style=\"display: flex; flex-direction: column; flex-grow: 1; justify-content: center;\">\n<div style=\"background-color: #f4f4f4; border-radius: 4px; flex-grow: 0; height: 14px; margin-bottom: 6px; width: 100px;\">&nbsp;<\/div>\n<div style=\"background-color: #f4f4f4; border-radius: 4px; flex-grow: 0; height: 14px; width: 60px;\">&nbsp;<\/div>\n<\/div>\n<\/div>\n<div style=\"padding: 19% 0;\">&nbsp;<\/div>\n<div style=\"display: block; height: 50px; margin: 0 auto 12px; width: 50px;\">&nbsp;<\/div>\n<div style=\"padding-top: 8px;\">\n<div style=\"color: #3897f0; font-family: Arial,sans-serif; font-size: 14px; font-style: normal; font-weight: 550; line-height: 18px;\">Ver esta publicaci\u00f3n en Instagram<\/div>\n<\/div>\n<div style=\"padding: 12.5% 0;\">&nbsp;<\/div>\n<div style=\"display: flex; flex-direction: row; margin-bottom: 14px; align-items: center;\">\n<div>\n<div style=\"background-color: #f4f4f4; border-radius: 50%; height: 12.5px; width: 12.5px; transform: translateX(0px) translateY(7px);\">&nbsp;<\/div>\n<div style=\"background-color: #f4f4f4; height: 12.5px; transform: rotate(-45deg) translateX(3px) translateY(1px); width: 12.5px; flex-grow: 0; margin-right: 14px; margin-left: 2px;\">&nbsp;<\/div>\n<div style=\"background-color: #f4f4f4; border-radius: 50%; height: 12.5px; width: 12.5px; transform: translateX(9px) translateY(-18px);\">&nbsp;<\/div>\n<\/div>\n<div style=\"margin-left: 8px;\">\n<div style=\"background-color: #f4f4f4; border-radius: 50%; flex-grow: 0; height: 20px; width: 20px;\">&nbsp;<\/div>\n<div style=\"width: 0; height: 0; border-top: 2px solid transparent; border-left: 6px solid #f4f4f4; border-bottom: 2px solid transparent; transform: translateX(16px) translateY(-4px) rotate(30deg);\">&nbsp;<\/div>\n<\/div>\n<div style=\"margin-left: auto;\">\n<div style=\"width: 0px; border-top: 8px solid #F4F4F4; border-right: 8px solid transparent; transform: translateY(16px);\">&nbsp;<\/div>\n<div style=\"background-color: #f4f4f4; flex-grow: 0; height: 12px; width: 16px; transform: translateY(-4px);\">&nbsp;<\/div>\n<div style=\"width: 0; height: 0; border-top: 8px solid #F4F4F4; border-left: 8px solid transparent; transform: translateY(-4px) translateX(8px);\">&nbsp;<\/div>\n<\/div>\n<\/div>\n<div style=\"display: flex; flex-direction: column; flex-grow: 1; justify-content: center; margin-bottom: 24px;\">\n<div style=\"background-color: #f4f4f4; border-radius: 4px; flex-grow: 0; height: 14px; margin-bottom: 6px; width: 224px;\">&nbsp;<\/div>\n<div style=\"background-color: #f4f4f4; border-radius: 4px; flex-grow: 0; height: 14px; width: 144px;\">&nbsp;<\/div>\n<\/div>\n<p style=\"color: #c9c8cd; font-family: Arial,sans-serif; font-size: 14px; line-height: 17px; margin-bottom: 0; margin-top: 8px; overflow: hidden; padding: 8px 0 7px; text-align: center; text-overflow: ellipsis; white-space: nowrap;\"><a style=\"color: #c9c8cd; font-family: Arial,sans-serif; font-size: 14px; font-style: normal; font-weight: normal; line-height: 17px; text-decoration: none;\" href=\"https:\/\/www.instagram.com\/p\/_9rr3_sesQ\/?utm_source=ig_embed&amp;utm_campaign=loading\" target=\"_blank\" rel=\"noopener\">Una publicaci\u00f3n compartida de Filipa Coutinho (@filipacoutinho_)<\/a><\/p>\n<\/div>\n<\/blockquote>\n\n\n\n<p><script async=\"\" src=\"\/\/www.instagram.com\/embed.js\"><\/script><br><!-- Imagen relacionada -->Para disfrutar de m\u00e1s art\u00edculos como este y conoces otras rutas asombrosas, s\u00edguenos en Box Repsol y visita todas nuestras publicaciones.<\/p>\n","protected":false},"excerpt":{"rendered":"<p>\u00bfCrees que el turismo en moto s\u00f3lo se disfruta con buen tiempo? Te proponemos cinco rutas; unas te recordar\u00e1n al verano y otras te dejar\u00e1n disfrutar del invierno en toda su esencia.<\/p>\n","protected":false},"author":43146,"featured_media":60191,"comment_status":"open","ping_status":"open","sticky":false,"template":"","format":"standard","meta":{"footnotes":""},"categories":[122],"tags":[168],"class_list":["post-93585","post","type-post","status-publish","format-standard","hentry","category-vive-tu-moto","tag-salidas-y-rutas-en-moto"],"yoast_head":"<!-- This site is optimized with the Yoast SEO plugin v27.3 - https:\/\/yoast.com\/product\/yoast-seo-wordpress\/ -->\n<title>5 rutas moteras para el invierno invierno. \u00a1Qu\u00e9 el fr\u00edo no te detenga!<\/title>\n<meta name=\"description\" content=\"Te proponemos las 5 mejores rutas moteras para el invierno. Norte, sur, sierra... coge ropa de abrigo y disfruta de la carretera tambi\u00e9n en esta \u00e9poca.\" \/>\n<link rel=\"canonical\" href=\"https:\/\/www.boxrepsol.com\/es\/vive-tu-moto\/5-rutas-moteras-para-el-invierno\/\" \/>\n<meta property=\"og:locale\" content=\"es_ES\" \/>\n<meta property=\"og:type\" content=\"article\" \/>\n<meta property=\"og:title\" content=\"5 rutas moteras para el invierno invierno. \u00a1Qu\u00e9 el fr\u00edo no te detenga!\" \/>\n<meta property=\"og:description\" content=\"Te proponemos las 5 mejores rutas moteras para el invierno. Norte, sur, sierra... coge ropa de abrigo y disfruta de la carretera tambi\u00e9n en esta \u00e9poca.\" \/>\n<meta property=\"og:url\" content=\"https:\/\/www.boxrepsol.com\/es\/vive-tu-moto\/5-rutas-moteras-para-el-invierno\/\" \/>\n<meta property=\"og:site_name\" content=\"Box Repsol\" \/>\n<meta property=\"article:publisher\" content=\"https:\/\/www.facebook.com\/BoxRepsol\" \/>\n<meta property=\"article:author\" content=\"https:\/\/www.facebook.com\/BoxRepsol\/\" \/>\n<meta property=\"article:published_time\" content=\"2020-04-24T02:00:00+00:00\" \/>\n<meta property=\"article:modified_time\" content=\"2024-04-19T12:11:58+00:00\" \/>\n<meta property=\"og:image\" content=\"https:\/\/bxrepsol.s3.eu-west-1.amazonaws.com\/static\/2022\/08\/29083612\/moto-honda-parada-en-medio-de-un-bello-paisaje-de-invierno-2.jpg\" \/>\n\t<meta property=\"og:image:width\" content=\"1280\" \/>\n\t<meta property=\"og:image:height\" content=\"600\" \/>\n\t<meta property=\"og:image:type\" content=\"image\/jpeg\" \/>\n<meta name=\"author\" content=\"Redacci\u00f3n Box Repsol\" \/>\n<meta name=\"twitter:card\" content=\"summary_large_image\" \/>\n<meta name=\"twitter:creator\" content=\"@https:\/\/twitter.com\/box_repsol\" \/>\n<meta name=\"twitter:site\" content=\"@box_repsol\" \/>\n<meta name=\"twitter:label1\" content=\"Written by\" \/>\n\t<meta name=\"twitter:data1\" content=\"Redacci\u00f3n Box Repsol\" \/>\n\t<meta name=\"twitter:label2\" content=\"Est. reading time\" \/>\n\t<meta name=\"twitter:data2\" content=\"7 minutos\" \/>\n<script type=\"application\/ld+json\" class=\"yoast-schema-graph\">{\"@context\":\"https:\\\/\\\/schema.org\",\"@graph\":[{\"@type\":\"Article\",\"@id\":\"https:\\\/\\\/www.boxrepsol.com\\\/es\\\/vive-tu-moto\\\/5-rutas-moteras-para-el-invierno\\\/#article\",\"isPartOf\":{\"@id\":\"https:\\\/\\\/www.boxrepsol.com\\\/es\\\/vive-tu-moto\\\/5-rutas-moteras-para-el-invierno\\\/\"},\"author\":{\"name\":\"Redacci\u00f3n Box Repsol\",\"@id\":\"https:\\\/\\\/www.boxrepsol.com\\\/es\\\/#\\\/schema\\\/person\\\/c5c2138f2cca251b0ad92b7086bb60b7\"},\"headline\":\"5 rutas moteras para el invierno\",\"datePublished\":\"2020-04-24T02:00:00+00:00\",\"dateModified\":\"2024-04-19T12:11:58+00:00\",\"mainEntityOfPage\":{\"@id\":\"https:\\\/\\\/www.boxrepsol.com\\\/es\\\/vive-tu-moto\\\/5-rutas-moteras-para-el-invierno\\\/\"},\"wordCount\":1371,\"commentCount\":0,\"publisher\":{\"@id\":\"https:\\\/\\\/www.boxrepsol.com\\\/es\\\/#organization\"},\"image\":{\"@id\":\"https:\\\/\\\/www.boxrepsol.com\\\/es\\\/vive-tu-moto\\\/5-rutas-moteras-para-el-invierno\\\/#primaryimage\"},\"thumbnailUrl\":\"https:\\\/\\\/bxrepsol.s3.eu-west-1.amazonaws.com\\\/static\\\/2022\\\/08\\\/29083612\\\/moto-honda-parada-en-medio-de-un-bello-paisaje-de-invierno-2.jpg\",\"keywords\":[\"salidas y rutas en moto\"],\"articleSection\":[\"Vive tu moto\"],\"inLanguage\":\"es\",\"potentialAction\":[{\"@type\":\"CommentAction\",\"name\":\"Comment\",\"target\":[\"https:\\\/\\\/www.boxrepsol.com\\\/es\\\/vive-tu-moto\\\/5-rutas-moteras-para-el-invierno\\\/#respond\"]}]},{\"@type\":\"WebPage\",\"@id\":\"https:\\\/\\\/www.boxrepsol.com\\\/es\\\/vive-tu-moto\\\/5-rutas-moteras-para-el-invierno\\\/\",\"url\":\"https:\\\/\\\/www.boxrepsol.com\\\/es\\\/vive-tu-moto\\\/5-rutas-moteras-para-el-invierno\\\/\",\"name\":\"5 rutas moteras para el invierno invierno. \u00a1Qu\u00e9 el fr\u00edo no te detenga!\",\"isPartOf\":{\"@id\":\"https:\\\/\\\/www.boxrepsol.com\\\/es\\\/#website\"},\"primaryImageOfPage\":{\"@id\":\"https:\\\/\\\/www.boxrepsol.com\\\/es\\\/vive-tu-moto\\\/5-rutas-moteras-para-el-invierno\\\/#primaryimage\"},\"image\":{\"@id\":\"https:\\\/\\\/www.boxrepsol.com\\\/es\\\/vive-tu-moto\\\/5-rutas-moteras-para-el-invierno\\\/#primaryimage\"},\"thumbnailUrl\":\"https:\\\/\\\/bxrepsol.s3.eu-west-1.amazonaws.com\\\/static\\\/2022\\\/08\\\/29083612\\\/moto-honda-parada-en-medio-de-un-bello-paisaje-de-invierno-2.jpg\",\"datePublished\":\"2020-04-24T02:00:00+00:00\",\"dateModified\":\"2024-04-19T12:11:58+00:00\",\"description\":\"Te proponemos las 5 mejores rutas moteras para el invierno. Norte, sur, sierra... coge ropa de abrigo y disfruta de la carretera tambi\u00e9n en esta \u00e9poca.\",\"breadcrumb\":{\"@id\":\"https:\\\/\\\/www.boxrepsol.com\\\/es\\\/vive-tu-moto\\\/5-rutas-moteras-para-el-invierno\\\/#breadcrumb\"},\"inLanguage\":\"es\",\"potentialAction\":[{\"@type\":\"ReadAction\",\"target\":[\"https:\\\/\\\/www.boxrepsol.com\\\/es\\\/vive-tu-moto\\\/5-rutas-moteras-para-el-invierno\\\/\"]}]},{\"@type\":\"ImageObject\",\"inLanguage\":\"es\",\"@id\":\"https:\\\/\\\/www.boxrepsol.com\\\/es\\\/vive-tu-moto\\\/5-rutas-moteras-para-el-invierno\\\/#primaryimage\",\"url\":\"https:\\\/\\\/bxrepsol.s3.eu-west-1.amazonaws.com\\\/static\\\/2022\\\/08\\\/29083612\\\/moto-honda-parada-en-medio-de-un-bello-paisaje-de-invierno-2.jpg\",\"contentUrl\":\"https:\\\/\\\/bxrepsol.s3.eu-west-1.amazonaws.com\\\/static\\\/2022\\\/08\\\/29083612\\\/moto-honda-parada-en-medio-de-un-bello-paisaje-de-invierno-2.jpg\",\"width\":1280,\"height\":600,\"caption\":\"honda de lado en una carretera con nieve y monta\u00f1as heladas de fondo\"},{\"@type\":\"BreadcrumbList\",\"@id\":\"https:\\\/\\\/www.boxrepsol.com\\\/es\\\/vive-tu-moto\\\/5-rutas-moteras-para-el-invierno\\\/#breadcrumb\",\"itemListElement\":[{\"@type\":\"ListItem\",\"position\":1,\"name\":\"Home\",\"item\":\"https:\\\/\\\/www.boxrepsol.com\\\/es\\\/\"},{\"@type\":\"ListItem\",\"position\":2,\"name\":\"5 rutas moteras para el invierno\"}]},{\"@type\":\"WebSite\",\"@id\":\"https:\\\/\\\/www.boxrepsol.com\\\/es\\\/#website\",\"url\":\"https:\\\/\\\/www.boxrepsol.com\\\/es\\\/\",\"name\":\"Box Repsol\",\"description\":\"Box Repsol Site\",\"publisher\":{\"@id\":\"https:\\\/\\\/www.boxrepsol.com\\\/es\\\/#organization\"},\"potentialAction\":[{\"@type\":\"SearchAction\",\"target\":{\"@type\":\"EntryPoint\",\"urlTemplate\":\"https:\\\/\\\/www.boxrepsol.com\\\/es\\\/?s={search_term_string}\"},\"query-input\":{\"@type\":\"PropertyValueSpecification\",\"valueRequired\":true,\"valueName\":\"search_term_string\"}}],\"inLanguage\":\"es\"},{\"@type\":\"Organization\",\"@id\":\"https:\\\/\\\/www.boxrepsol.com\\\/es\\\/#organization\",\"name\":\"Box Repsol\",\"url\":\"https:\\\/\\\/www.boxrepsol.com\\\/es\\\/\",\"logo\":{\"@type\":\"ImageObject\",\"inLanguage\":\"es\",\"@id\":\"https:\\\/\\\/www.boxrepsol.com\\\/es\\\/#\\\/schema\\\/logo\\\/image\\\/\",\"url\":\"https:\\\/\\\/bxrepsol.s3.eu-west-1.amazonaws.com\\\/static\\\/2025\\\/07\\\/30083337\\\/favicon-96x96-1.png\",\"contentUrl\":\"https:\\\/\\\/bxrepsol.s3.eu-west-1.amazonaws.com\\\/static\\\/2025\\\/07\\\/30083337\\\/favicon-96x96-1.png\",\"width\":96,\"height\":96,\"caption\":\"Box Repsol\"},\"image\":{\"@id\":\"https:\\\/\\\/www.boxrepsol.com\\\/es\\\/#\\\/schema\\\/logo\\\/image\\\/\"},\"sameAs\":[\"https:\\\/\\\/www.facebook.com\\\/BoxRepsol\",\"https:\\\/\\\/x.com\\\/box_repsol\",\"http:\\\/\\\/instagram.com\\\/box_repsol\",\"https:\\\/\\\/www.youtube.com\\\/user\\\/RepsolCompeticion\",\"https:\\\/\\\/www.flickr.com\\\/photos\\\/box_repsol\\\/\"]},{\"@type\":\"Person\",\"@id\":\"https:\\\/\\\/www.boxrepsol.com\\\/es\\\/#\\\/schema\\\/person\\\/c5c2138f2cca251b0ad92b7086bb60b7\",\"name\":\"Redacci\u00f3n Box Repsol\",\"image\":{\"@type\":\"ImageObject\",\"inLanguage\":\"es\",\"@id\":\"https:\\\/\\\/secure.gravatar.com\\\/avatar\\\/adf7b77e38b4419baf32c7e9c21dde01f4e40df611f0978e3006fc4ba0aaab7e?s=96&d=mm&r=g\",\"url\":\"https:\\\/\\\/secure.gravatar.com\\\/avatar\\\/adf7b77e38b4419baf32c7e9c21dde01f4e40df611f0978e3006fc4ba0aaab7e?s=96&d=mm&r=g\",\"contentUrl\":\"https:\\\/\\\/secure.gravatar.com\\\/avatar\\\/adf7b77e38b4419baf32c7e9c21dde01f4e40df611f0978e3006fc4ba0aaab7e?s=96&d=mm&r=g\",\"caption\":\"Redacci\u00f3n Box Repsol\"},\"description\":\"Box Repsol lo forma un equipo de periodistas, community managers, dise\u00f1adores y fot\u00f3grafos con m\u00e1s de 20 a\u00f1os de experiencia en el mundo del motorsport. Hemos vivido el primer mundial de un espa\u00f1ol en la categor\u00eda reina de motociclismo con \u00c1lex Crivill\u00e9, estuvimos en las victorias de Pedrosa y los t\u00edtulos de M\u00e1rquez, acompa\u00f1amos en \u00c1frica a Nani Roma y Marc Coma en sus conquistas del Dakar y hemos vibrado con los t\u00edtulos de Toni Bou en Trial. Adem\u00e1s, en nuestro equipo contamos con expertos en el mundo de las dos y cuatro ruedas tanto de la calle y las carreteras, como de los circuitos. Periodistas que han trabajado en revistas y publicaciones para hacerte llegar desde rutas y consejos de mantenimiento, a curiosidades y trucos de pilotaje.\",\"sameAs\":[\"https:\\\/\\\/www.facebook.com\\\/BoxRepsol\\\/\",\"https:\\\/\\\/www.instagram.com\\\/box_repsol\\\/\",\"https:\\\/\\\/x.com\\\/https:\\\/\\\/twitter.com\\\/box_repsol\",\"https:\\\/\\\/www.youtube.com\\\/@Boxrepsol\"],\"url\":\"https:\\\/\\\/www.boxrepsol.com\\\/es\\\/author\\\/redaccion-box-repsol\\\/\"}]}<\/script>\n<!-- \/ Yoast SEO plugin. -->","yoast_head_json":{"title":"5 rutas moteras para el invierno invierno. \u00a1Qu\u00e9 el fr\u00edo no te detenga!","description":"Te proponemos las 5 mejores rutas moteras para el invierno. Norte, sur, sierra... coge ropa de abrigo y disfruta de la carretera tambi\u00e9n en esta \u00e9poca.","canonical":"https:\/\/www.boxrepsol.com\/es\/vive-tu-moto\/5-rutas-moteras-para-el-invierno\/","og_locale":"es_ES","og_type":"article","og_title":"5 rutas moteras para el invierno invierno. \u00a1Qu\u00e9 el fr\u00edo no te detenga!","og_description":"Te proponemos las 5 mejores rutas moteras para el invierno. Norte, sur, sierra... coge ropa de abrigo y disfruta de la carretera tambi\u00e9n en esta \u00e9poca.","og_url":"https:\/\/www.boxrepsol.com\/es\/vive-tu-moto\/5-rutas-moteras-para-el-invierno\/","og_site_name":"Box Repsol","article_publisher":"https:\/\/www.facebook.com\/BoxRepsol","article_author":"https:\/\/www.facebook.com\/BoxRepsol\/","article_published_time":"2020-04-24T02:00:00+00:00","article_modified_time":"2024-04-19T12:11:58+00:00","og_image":[{"width":1280,"height":600,"url":"https:\/\/bxrepsol.s3.eu-west-1.amazonaws.com\/static\/2022\/08\/29083612\/moto-honda-parada-en-medio-de-un-bello-paisaje-de-invierno-2.jpg","type":"image\/jpeg"}],"author":"Redacci\u00f3n Box Repsol","twitter_card":"summary_large_image","twitter_creator":"@https:\/\/twitter.com\/box_repsol","twitter_site":"@box_repsol","twitter_misc":{"Written by":"Redacci\u00f3n Box Repsol","Est. reading time":"7 minutos"},"schema":{"@context":"https:\/\/schema.org","@graph":[{"@type":"Article","@id":"https:\/\/www.boxrepsol.com\/es\/vive-tu-moto\/5-rutas-moteras-para-el-invierno\/#article","isPartOf":{"@id":"https:\/\/www.boxrepsol.com\/es\/vive-tu-moto\/5-rutas-moteras-para-el-invierno\/"},"author":{"name":"Redacci\u00f3n Box Repsol","@id":"https:\/\/www.boxrepsol.com\/es\/#\/schema\/person\/c5c2138f2cca251b0ad92b7086bb60b7"},"headline":"5 rutas moteras para el invierno","datePublished":"2020-04-24T02:00:00+00:00","dateModified":"2024-04-19T12:11:58+00:00","mainEntityOfPage":{"@id":"https:\/\/www.boxrepsol.com\/es\/vive-tu-moto\/5-rutas-moteras-para-el-invierno\/"},"wordCount":1371,"commentCount":0,"publisher":{"@id":"https:\/\/www.boxrepsol.com\/es\/#organization"},"image":{"@id":"https:\/\/www.boxrepsol.com\/es\/vive-tu-moto\/5-rutas-moteras-para-el-invierno\/#primaryimage"},"thumbnailUrl":"https:\/\/bxrepsol.s3.eu-west-1.amazonaws.com\/static\/2022\/08\/29083612\/moto-honda-parada-en-medio-de-un-bello-paisaje-de-invierno-2.jpg","keywords":["salidas y rutas en moto"],"articleSection":["Vive tu moto"],"inLanguage":"es","potentialAction":[{"@type":"CommentAction","name":"Comment","target":["https:\/\/www.boxrepsol.com\/es\/vive-tu-moto\/5-rutas-moteras-para-el-invierno\/#respond"]}]},{"@type":"WebPage","@id":"https:\/\/www.boxrepsol.com\/es\/vive-tu-moto\/5-rutas-moteras-para-el-invierno\/","url":"https:\/\/www.boxrepsol.com\/es\/vive-tu-moto\/5-rutas-moteras-para-el-invierno\/","name":"5 rutas moteras para el invierno invierno. \u00a1Qu\u00e9 el fr\u00edo no te detenga!","isPartOf":{"@id":"https:\/\/www.boxrepsol.com\/es\/#website"},"primaryImageOfPage":{"@id":"https:\/\/www.boxrepsol.com\/es\/vive-tu-moto\/5-rutas-moteras-para-el-invierno\/#primaryimage"},"image":{"@id":"https:\/\/www.boxrepsol.com\/es\/vive-tu-moto\/5-rutas-moteras-para-el-invierno\/#primaryimage"},"thumbnailUrl":"https:\/\/bxrepsol.s3.eu-west-1.amazonaws.com\/static\/2022\/08\/29083612\/moto-honda-parada-en-medio-de-un-bello-paisaje-de-invierno-2.jpg","datePublished":"2020-04-24T02:00:00+00:00","dateModified":"2024-04-19T12:11:58+00:00","description":"Te proponemos las 5 mejores rutas moteras para el invierno. Norte, sur, sierra... coge ropa de abrigo y disfruta de la carretera tambi\u00e9n en esta \u00e9poca.","breadcrumb":{"@id":"https:\/\/www.boxrepsol.com\/es\/vive-tu-moto\/5-rutas-moteras-para-el-invierno\/#breadcrumb"},"inLanguage":"es","potentialAction":[{"@type":"ReadAction","target":["https:\/\/www.boxrepsol.com\/es\/vive-tu-moto\/5-rutas-moteras-para-el-invierno\/"]}]},{"@type":"ImageObject","inLanguage":"es","@id":"https:\/\/www.boxrepsol.com\/es\/vive-tu-moto\/5-rutas-moteras-para-el-invierno\/#primaryimage","url":"https:\/\/bxrepsol.s3.eu-west-1.amazonaws.com\/static\/2022\/08\/29083612\/moto-honda-parada-en-medio-de-un-bello-paisaje-de-invierno-2.jpg","contentUrl":"https:\/\/bxrepsol.s3.eu-west-1.amazonaws.com\/static\/2022\/08\/29083612\/moto-honda-parada-en-medio-de-un-bello-paisaje-de-invierno-2.jpg","width":1280,"height":600,"caption":"honda de lado en una carretera con nieve y monta\u00f1as heladas de fondo"},{"@type":"BreadcrumbList","@id":"https:\/\/www.boxrepsol.com\/es\/vive-tu-moto\/5-rutas-moteras-para-el-invierno\/#breadcrumb","itemListElement":[{"@type":"ListItem","position":1,"name":"Home","item":"https:\/\/www.boxrepsol.com\/es\/"},{"@type":"ListItem","position":2,"name":"5 rutas moteras para el invierno"}]},{"@type":"WebSite","@id":"https:\/\/www.boxrepsol.com\/es\/#website","url":"https:\/\/www.boxrepsol.com\/es\/","name":"Box Repsol","description":"Box Repsol Site","publisher":{"@id":"https:\/\/www.boxrepsol.com\/es\/#organization"},"potentialAction":[{"@type":"SearchAction","target":{"@type":"EntryPoint","urlTemplate":"https:\/\/www.boxrepsol.com\/es\/?s={search_term_string}"},"query-input":{"@type":"PropertyValueSpecification","valueRequired":true,"valueName":"search_term_string"}}],"inLanguage":"es"},{"@type":"Organization","@id":"https:\/\/www.boxrepsol.com\/es\/#organization","name":"Box Repsol","url":"https:\/\/www.boxrepsol.com\/es\/","logo":{"@type":"ImageObject","inLanguage":"es","@id":"https:\/\/www.boxrepsol.com\/es\/#\/schema\/logo\/image\/","url":"https:\/\/bxrepsol.s3.eu-west-1.amazonaws.com\/static\/2025\/07\/30083337\/favicon-96x96-1.png","contentUrl":"https:\/\/bxrepsol.s3.eu-west-1.amazonaws.com\/static\/2025\/07\/30083337\/favicon-96x96-1.png","width":96,"height":96,"caption":"Box Repsol"},"image":{"@id":"https:\/\/www.boxrepsol.com\/es\/#\/schema\/logo\/image\/"},"sameAs":["https:\/\/www.facebook.com\/BoxRepsol","https:\/\/x.com\/box_repsol","http:\/\/instagram.com\/box_repsol","https:\/\/www.youtube.com\/user\/RepsolCompeticion","https:\/\/www.flickr.com\/photos\/box_repsol\/"]},{"@type":"Person","@id":"https:\/\/www.boxrepsol.com\/es\/#\/schema\/person\/c5c2138f2cca251b0ad92b7086bb60b7","name":"Redacci\u00f3n Box Repsol","image":{"@type":"ImageObject","inLanguage":"es","@id":"https:\/\/secure.gravatar.com\/avatar\/adf7b77e38b4419baf32c7e9c21dde01f4e40df611f0978e3006fc4ba0aaab7e?s=96&d=mm&r=g","url":"https:\/\/secure.gravatar.com\/avatar\/adf7b77e38b4419baf32c7e9c21dde01f4e40df611f0978e3006fc4ba0aaab7e?s=96&d=mm&r=g","contentUrl":"https:\/\/secure.gravatar.com\/avatar\/adf7b77e38b4419baf32c7e9c21dde01f4e40df611f0978e3006fc4ba0aaab7e?s=96&d=mm&r=g","caption":"Redacci\u00f3n Box Repsol"},"description":"Box Repsol lo forma un equipo de periodistas, community managers, dise\u00f1adores y fot\u00f3grafos con m\u00e1s de 20 a\u00f1os de experiencia en el mundo del motorsport. Hemos vivido el primer mundial de un espa\u00f1ol en la categor\u00eda reina de motociclismo con \u00c1lex Crivill\u00e9, estuvimos en las victorias de Pedrosa y los t\u00edtulos de M\u00e1rquez, acompa\u00f1amos en \u00c1frica a Nani Roma y Marc Coma en sus conquistas del Dakar y hemos vibrado con los t\u00edtulos de Toni Bou en Trial. Adem\u00e1s, en nuestro equipo contamos con expertos en el mundo de las dos y cuatro ruedas tanto de la calle y las carreteras, como de los circuitos. Periodistas que han trabajado en revistas y publicaciones para hacerte llegar desde rutas y consejos de mantenimiento, a curiosidades y trucos de pilotaje.","sameAs":["https:\/\/www.facebook.com\/BoxRepsol\/","https:\/\/www.instagram.com\/box_repsol\/","https:\/\/x.com\/https:\/\/twitter.com\/box_repsol","https:\/\/www.youtube.com\/@Boxrepsol"],"url":"https:\/\/www.boxrepsol.com\/es\/author\/redaccion-box-repsol\/"}]}},"_links":{"self":[{"href":"https:\/\/www.boxrepsol.com\/es\/wp-json\/wp\/v2\/posts\/93585","targetHints":{"allow":["GET"]}}],"collection":[{"href":"https:\/\/www.boxrepsol.com\/es\/wp-json\/wp\/v2\/posts"}],"about":[{"href":"https:\/\/www.boxrepsol.com\/es\/wp-json\/wp\/v2\/types\/post"}],"author":[{"embeddable":true,"href":"https:\/\/www.boxrepsol.com\/es\/wp-json\/wp\/v2\/users\/43146"}],"replies":[{"embeddable":true,"href":"https:\/\/www.boxrepsol.com\/es\/wp-json\/wp\/v2\/comments?post=93585"}],"version-history":[{"count":3,"href":"https:\/\/www.boxrepsol.com\/es\/wp-json\/wp\/v2\/posts\/93585\/revisions"}],"predecessor-version":[{"id":103742,"href":"https:\/\/www.boxrepsol.com\/es\/wp-json\/wp\/v2\/posts\/93585\/revisions\/103742"}],"wp:featuredmedia":[{"embeddable":true,"href":"https:\/\/www.boxrepsol.com\/es\/wp-json\/wp\/v2\/media\/60191"}],"wp:attachment":[{"href":"https:\/\/www.boxrepsol.com\/es\/wp-json\/wp\/v2\/media?parent=93585"}],"wp:term":[{"taxonomy":"category","embeddable":true,"href":"https:\/\/www.boxrepsol.com\/es\/wp-json\/wp\/v2\/categories?post=93585"},{"taxonomy":"post_tag","embeddable":true,"href":"https:\/\/www.boxrepsol.com\/es\/wp-json\/wp\/v2\/tags?post=93585"}],"curies":[{"name":"wp","href":"https:\/\/api.w.org\/{rel}","templated":true}]}}