{"id":93551,"date":"2018-11-16T00:00:00","date_gmt":"2018-11-16T02:00:00","guid":{"rendered":"http:\/\/pre.boxrepsol.com\/sin-categorizar\/marquez-mas-rapido-la-lluvia-pedrosa-termina-quinto\/"},"modified":"2024-05-22T08:19:20","modified_gmt":"2024-05-22T10:19:20","slug":"marquez-mas-rapido-la-lluvia-pedrosa-termina-quinto","status":"publish","type":"post","link":"https:\/\/www.boxrepsol.com\/es\/motogp\/marquez-mas-rapido-la-lluvia-pedrosa-termina-quinto\/","title":{"rendered":"M\u00e1rquez es el m\u00e1s r\u00e1pido bajo la lluvia y Pedrosa termina quinto"},"content":{"rendered":"<p>La primera sesi\u00f3n libre del <strong>Gran Premio de la Comunitat Valenciana<\/strong>, interrumpida durante unos minutos por la excesiva cantidad de agua en pista, ha concluido con <strong>Marc M\u00e1rquez<\/strong> al frente de la tabla de tiempos y <strong>Dani Pedrosa<\/strong>, quinto.<\/p>\n<p>El Campe\u00f3n del Mundo de MotoGP ha terminado en segunda posici\u00f3n el segundo entrenamiento libre.<\/p>\n<p><strong>Dani Pedrosa<\/strong> <strong>ha marcado el quinto mejor tiempo<\/strong> en el FP1 y apenas ha completado cinco giros en un FP2, en el que ha preferido no arriesgar.<\/p>\n<p>                <!-- Imagen relacionada --><br \/>\n        <img loading=\"lazy\" decoding=\"async\" width=\"404\" height=\"336\" src=\"https:\/\/bxrepsol.s3.eu-west-1.amazonaws.com\/static\/2022\/08\/05062246\/00_motogp_marc_marquez_dani_pedrosa_repsol_honda_valencia_2017_motociclismo-1.jpg\" alt=\"Dani Pedrosa y Marc M\u00e1rquez liderando grupo en carrera\" \/><br \/>\n                <!-- Categor\u00eda --><br \/>\n            MotoGP<br \/>\n        <!-- T\u00edtulo --><br \/>\n        <a href=\"https:\/\/www.boxrepsol.com\/es\/motogp\/marquez-pedrosa-despiden-la-temporada-ante-aficion\/\"><\/p>\n<h3>M\u00e1rquez y Pedrosa despiden la temporada ante su afici\u00f3n<\/h3>\n<p>        <\/a><br \/>\n                    <!-- Fecha --><br \/>\n            hace 1 hora        <\/p>\n<h3>GP de Valencia 2018 FP1 y FP2 &#8211; Declaraciones de Marc M\u00e1rquez y Dani Pedrosa<\/h3>\n<h4><a href=\"https:\/\/twitter.com\/hashtag\/mm93?src=hash\">#MM93<\/a><\/h4>\n<p><strong>Jornada complicada.<\/strong> <em>Sinceramente, ha sido un d\u00eda dif\u00edcil. No solo por la lluvia y la gran cantidad de agua, sino tambi\u00e9n porque hac\u00eda mucho fr\u00edo. Cuando hay mucha agua en la pista, es una loter\u00eda y lo \u00fanico que puedes hacer es rodar e intentar no caerte. Esta situaci\u00f3n hace que las cosas sean m\u00e1s complicadas, pero afortunadamente este asfalto drena muy bien y tiene un gran agarre, y eso nos ha permitido poder pilotar.<\/em><\/p>\n<p><strong>C\u00f3modo sobre la moto.\u00a0<\/strong> <em>Dicho esto, me he encontrado muy c\u00f3modo con la moto; pod\u00eda sentir el l\u00edmite y rodar r\u00e1pido, y eso es muy importante. Parece que ma\u00f1ana el tiempo ser\u00e1 algo mejor, aunque empeorar\u00e1 de nuevo el domingo, as\u00ed que debemos estar preparados para cualquiera de la condiciones que se den si queremos luchar por el podio<\/em><\/p>\n<hr \/>\n<h4><a href=\"https:\/\/twitter.com\/hashtag\/dp26?src=hash\">#DP26<\/a><\/h4>\n<p><strong>Condiciones cambiantes.\u00a0<\/strong><em>Parece que va a llover bastante este fin de semana. Las condiciones de la pista cambian cuando hay mucha agua y en algunos puntos es m\u00e1s dif\u00edcil pilotar. Es lo que ha pasado por la tarde, as\u00ed que he dado muy pocas vueltas.<\/em><\/p>\n<p><strong>Elecci\u00f3n de neum\u00e1ticos.\u00a0<\/strong><em>Adem\u00e1s, cuando hay menos agua \u2013como en algunos momentos del FP1\u2013, puedes rodar bastante m\u00e1s r\u00e1pido. Debemos esperar y ver qu\u00e9 condiciones tendremos el resto del fin de semana. Eso tambi\u00e9n afectar\u00e1 la elecci\u00f3n del neum\u00e1tico y el ritmo de carrera.<\/em><\/p>\n<p><strong>Suscr\u00edbete al bolet\u00edn de Box Repsol<\/strong><\/p>\n<p>Te contamos en exclusiva todas las noticias del Equipo Repsol, entrevistas, reportajes, v\u00eddeos, resultados de nuestros pilotos de\u00a0<strong>MotoGP<\/strong>,\u00a0<strong>Trial<\/strong>,\u00a0<strong>FIM CEV Repsol<\/strong>,\u00a0<strong>Rally<\/strong>,\u00a0<strong>Red Bull Air Race<\/strong>\u00a0y mucho m\u00e1s.\u00a0<a href=\"https:\/\/www.boxrepsol.com\/es\/suscribete\/\">Suscr\u00edbete al bolet\u00edn de Box Repsol<\/a>\u00a0y ent\u00e9rate de todas nuestras\u00a0<strong>promociones<\/strong>\u00a0y\u00a0<strong>concursos<\/strong>.<\/p>\n","protected":false},"excerpt":{"rendered":"<p>La lluvia ininterrumpida ha condicionado el primer d\u00eda de entrenamientos, en el que los pilotos del equipo Repsol Honda han ido ganando confianza con la pista totalmente encharcada.<\/p>\n","protected":false},"author":43146,"featured_media":60017,"comment_status":"open","ping_status":"open","sticky":false,"template":"","format":"standard","meta":{"footnotes":""},"categories":[4],"tags":[137],"class_list":["post-93551","post","type-post","status-publish","format-standard","hentry","category-motogp","tag-motogp-valencia"],"yoast_head":"<!-- This site is optimized with the Yoast SEO plugin v27.3 - https:\/\/yoast.com\/product\/yoast-seo-wordpress\/ -->\n<title>GP de Valencia 2018 - FP2 - M\u00e1rquez es el m\u00e1s r\u00e1pido bajo la lluvia y Pedrosa termina quinto<\/title>\n<meta name=\"description\" content=\"La lluvia ininterrumpida ha condicionado el primer d\u00eda de entrenamientos, en el que los pilotos del equipo Repsol Honda han ido ganando confianza.\" \/>\n<link rel=\"canonical\" href=\"https:\/\/www.boxrepsol.com\/es\/motogp\/marquez-mas-rapido-la-lluvia-pedrosa-termina-quinto\/\" \/>\n<meta property=\"og:locale\" content=\"es_ES\" \/>\n<meta property=\"og:type\" content=\"article\" \/>\n<meta property=\"og:title\" content=\"GP de Valencia 2018 - FP2 - M\u00e1rquez es el m\u00e1s r\u00e1pido bajo la lluvia y Pedrosa termina quinto\" \/>\n<meta property=\"og:description\" content=\"La lluvia ininterrumpida ha condicionado el primer d\u00eda de entrenamientos, en el que los pilotos del equipo Repsol Honda han ido ganando confianza.\" \/>\n<meta property=\"og:url\" content=\"https:\/\/www.boxrepsol.com\/es\/motogp\/marquez-mas-rapido-la-lluvia-pedrosa-termina-quinto\/\" \/>\n<meta property=\"og:site_name\" content=\"Box Repsol\" \/>\n<meta property=\"article:publisher\" content=\"https:\/\/www.facebook.com\/BoxRepsol\" \/>\n<meta property=\"article:author\" content=\"https:\/\/www.facebook.com\/BoxRepsol\/\" \/>\n<meta property=\"article:published_time\" content=\"2018-11-16T02:00:00+00:00\" \/>\n<meta property=\"article:modified_time\" content=\"2024-05-22T10:19:20+00:00\" \/>\n<meta property=\"og:image\" content=\"https:\/\/bxrepsol.s3.eu-west-1.amazonaws.com\/static\/2022\/08\/29083420\/Marc-Marquez-en-Valencia-2018.jpg\" \/>\n\t<meta property=\"og:image:width\" content=\"1280\" \/>\n\t<meta property=\"og:image:height\" content=\"600\" \/>\n\t<meta property=\"og:image:type\" content=\"image\/jpeg\" \/>\n<meta name=\"author\" content=\"Redacci\u00f3n Box Repsol\" \/>\n<meta name=\"twitter:card\" content=\"summary_large_image\" \/>\n<meta name=\"twitter:creator\" content=\"@https:\/\/twitter.com\/box_repsol\" \/>\n<meta name=\"twitter:site\" content=\"@box_repsol\" \/>\n<meta name=\"twitter:label1\" content=\"Written by\" \/>\n\t<meta name=\"twitter:data1\" content=\"Redacci\u00f3n Box Repsol\" \/>\n\t<meta name=\"twitter:label2\" content=\"Est. reading time\" \/>\n\t<meta name=\"twitter:data2\" content=\"2 minutos\" \/>\n<script type=\"application\/ld+json\" class=\"yoast-schema-graph\">{\"@context\":\"https:\\\/\\\/schema.org\",\"@graph\":[{\"@type\":\"Article\",\"@id\":\"https:\\\/\\\/www.boxrepsol.com\\\/es\\\/motogp\\\/marquez-mas-rapido-la-lluvia-pedrosa-termina-quinto\\\/#article\",\"isPartOf\":{\"@id\":\"https:\\\/\\\/www.boxrepsol.com\\\/es\\\/motogp\\\/marquez-mas-rapido-la-lluvia-pedrosa-termina-quinto\\\/\"},\"author\":{\"name\":\"Redacci\u00f3n Box Repsol\",\"@id\":\"https:\\\/\\\/www.boxrepsol.com\\\/es\\\/#\\\/schema\\\/person\\\/c5c2138f2cca251b0ad92b7086bb60b7\"},\"headline\":\"M\u00e1rquez es el m\u00e1s r\u00e1pido bajo la lluvia y Pedrosa termina quinto\",\"datePublished\":\"2018-11-16T02:00:00+00:00\",\"dateModified\":\"2024-05-22T10:19:20+00:00\",\"mainEntityOfPage\":{\"@id\":\"https:\\\/\\\/www.boxrepsol.com\\\/es\\\/motogp\\\/marquez-mas-rapido-la-lluvia-pedrosa-termina-quinto\\\/\"},\"wordCount\":436,\"commentCount\":0,\"publisher\":{\"@id\":\"https:\\\/\\\/www.boxrepsol.com\\\/es\\\/#organization\"},\"image\":{\"@id\":\"https:\\\/\\\/www.boxrepsol.com\\\/es\\\/motogp\\\/marquez-mas-rapido-la-lluvia-pedrosa-termina-quinto\\\/#primaryimage\"},\"thumbnailUrl\":\"https:\\\/\\\/bxrepsol.s3.eu-west-1.amazonaws.com\\\/static\\\/2022\\\/08\\\/29083420\\\/Marc-Marquez-en-Valencia-2018.jpg\",\"keywords\":[\"MotoGP Valencia\"],\"articleSection\":[\"MotoGP\"],\"inLanguage\":\"es\",\"potentialAction\":[{\"@type\":\"CommentAction\",\"name\":\"Comment\",\"target\":[\"https:\\\/\\\/www.boxrepsol.com\\\/es\\\/motogp\\\/marquez-mas-rapido-la-lluvia-pedrosa-termina-quinto\\\/#respond\"]}]},{\"@type\":\"WebPage\",\"@id\":\"https:\\\/\\\/www.boxrepsol.com\\\/es\\\/motogp\\\/marquez-mas-rapido-la-lluvia-pedrosa-termina-quinto\\\/\",\"url\":\"https:\\\/\\\/www.boxrepsol.com\\\/es\\\/motogp\\\/marquez-mas-rapido-la-lluvia-pedrosa-termina-quinto\\\/\",\"name\":\"GP de Valencia 2018 - FP2 - M\u00e1rquez es el m\u00e1s r\u00e1pido bajo la lluvia y Pedrosa termina quinto\",\"isPartOf\":{\"@id\":\"https:\\\/\\\/www.boxrepsol.com\\\/es\\\/#website\"},\"primaryImageOfPage\":{\"@id\":\"https:\\\/\\\/www.boxrepsol.com\\\/es\\\/motogp\\\/marquez-mas-rapido-la-lluvia-pedrosa-termina-quinto\\\/#primaryimage\"},\"image\":{\"@id\":\"https:\\\/\\\/www.boxrepsol.com\\\/es\\\/motogp\\\/marquez-mas-rapido-la-lluvia-pedrosa-termina-quinto\\\/#primaryimage\"},\"thumbnailUrl\":\"https:\\\/\\\/bxrepsol.s3.eu-west-1.amazonaws.com\\\/static\\\/2022\\\/08\\\/29083420\\\/Marc-Marquez-en-Valencia-2018.jpg\",\"datePublished\":\"2018-11-16T02:00:00+00:00\",\"dateModified\":\"2024-05-22T10:19:20+00:00\",\"description\":\"La lluvia ininterrumpida ha condicionado el primer d\u00eda de entrenamientos, en el que los pilotos del equipo Repsol Honda han ido ganando confianza.\",\"breadcrumb\":{\"@id\":\"https:\\\/\\\/www.boxrepsol.com\\\/es\\\/motogp\\\/marquez-mas-rapido-la-lluvia-pedrosa-termina-quinto\\\/#breadcrumb\"},\"inLanguage\":\"es\",\"potentialAction\":[{\"@type\":\"ReadAction\",\"target\":[\"https:\\\/\\\/www.boxrepsol.com\\\/es\\\/motogp\\\/marquez-mas-rapido-la-lluvia-pedrosa-termina-quinto\\\/\"]}]},{\"@type\":\"ImageObject\",\"inLanguage\":\"es\",\"@id\":\"https:\\\/\\\/www.boxrepsol.com\\\/es\\\/motogp\\\/marquez-mas-rapido-la-lluvia-pedrosa-termina-quinto\\\/#primaryimage\",\"url\":\"https:\\\/\\\/bxrepsol.s3.eu-west-1.amazonaws.com\\\/static\\\/2022\\\/08\\\/29083420\\\/Marc-Marquez-en-Valencia-2018.jpg\",\"contentUrl\":\"https:\\\/\\\/bxrepsol.s3.eu-west-1.amazonaws.com\\\/static\\\/2022\\\/08\\\/29083420\\\/Marc-Marquez-en-Valencia-2018.jpg\",\"width\":1280,\"height\":600,\"caption\":\"MotoGP, Moto3, Carrera, Motociclismo, GP de Valencia, Ricardo Tormo, 2018, Dani Pedrosa, Marc M\u00e1rquez, Equipo Repsol Honda, HRC\"},{\"@type\":\"BreadcrumbList\",\"@id\":\"https:\\\/\\\/www.boxrepsol.com\\\/es\\\/motogp\\\/marquez-mas-rapido-la-lluvia-pedrosa-termina-quinto\\\/#breadcrumb\",\"itemListElement\":[{\"@type\":\"ListItem\",\"position\":1,\"name\":\"Home\",\"item\":\"https:\\\/\\\/www.boxrepsol.com\\\/es\\\/\"},{\"@type\":\"ListItem\",\"position\":2,\"name\":\"M\u00e1rquez es el m\u00e1s r\u00e1pido bajo la lluvia y Pedrosa termina quinto\"}]},{\"@type\":\"WebSite\",\"@id\":\"https:\\\/\\\/www.boxrepsol.com\\\/es\\\/#website\",\"url\":\"https:\\\/\\\/www.boxrepsol.com\\\/es\\\/\",\"name\":\"Box Repsol\",\"description\":\"Box Repsol Site\",\"publisher\":{\"@id\":\"https:\\\/\\\/www.boxrepsol.com\\\/es\\\/#organization\"},\"potentialAction\":[{\"@type\":\"SearchAction\",\"target\":{\"@type\":\"EntryPoint\",\"urlTemplate\":\"https:\\\/\\\/www.boxrepsol.com\\\/es\\\/?s={search_term_string}\"},\"query-input\":{\"@type\":\"PropertyValueSpecification\",\"valueRequired\":true,\"valueName\":\"search_term_string\"}}],\"inLanguage\":\"es\"},{\"@type\":\"Organization\",\"@id\":\"https:\\\/\\\/www.boxrepsol.com\\\/es\\\/#organization\",\"name\":\"Box Repsol\",\"url\":\"https:\\\/\\\/www.boxrepsol.com\\\/es\\\/\",\"logo\":{\"@type\":\"ImageObject\",\"inLanguage\":\"es\",\"@id\":\"https:\\\/\\\/www.boxrepsol.com\\\/es\\\/#\\\/schema\\\/logo\\\/image\\\/\",\"url\":\"https:\\\/\\\/bxrepsol.s3.eu-west-1.amazonaws.com\\\/static\\\/2025\\\/07\\\/30083337\\\/favicon-96x96-1.png\",\"contentUrl\":\"https:\\\/\\\/bxrepsol.s3.eu-west-1.amazonaws.com\\\/static\\\/2025\\\/07\\\/30083337\\\/favicon-96x96-1.png\",\"width\":96,\"height\":96,\"caption\":\"Box Repsol\"},\"image\":{\"@id\":\"https:\\\/\\\/www.boxrepsol.com\\\/es\\\/#\\\/schema\\\/logo\\\/image\\\/\"},\"sameAs\":[\"https:\\\/\\\/www.facebook.com\\\/BoxRepsol\",\"https:\\\/\\\/x.com\\\/box_repsol\",\"http:\\\/\\\/instagram.com\\\/box_repsol\",\"https:\\\/\\\/www.youtube.com\\\/user\\\/RepsolCompeticion\",\"https:\\\/\\\/www.flickr.com\\\/photos\\\/box_repsol\\\/\"]},{\"@type\":\"Person\",\"@id\":\"https:\\\/\\\/www.boxrepsol.com\\\/es\\\/#\\\/schema\\\/person\\\/c5c2138f2cca251b0ad92b7086bb60b7\",\"name\":\"Redacci\u00f3n Box Repsol\",\"image\":{\"@type\":\"ImageObject\",\"inLanguage\":\"es\",\"@id\":\"https:\\\/\\\/secure.gravatar.com\\\/avatar\\\/adf7b77e38b4419baf32c7e9c21dde01f4e40df611f0978e3006fc4ba0aaab7e?s=96&d=mm&r=g\",\"url\":\"https:\\\/\\\/secure.gravatar.com\\\/avatar\\\/adf7b77e38b4419baf32c7e9c21dde01f4e40df611f0978e3006fc4ba0aaab7e?s=96&d=mm&r=g\",\"contentUrl\":\"https:\\\/\\\/secure.gravatar.com\\\/avatar\\\/adf7b77e38b4419baf32c7e9c21dde01f4e40df611f0978e3006fc4ba0aaab7e?s=96&d=mm&r=g\",\"caption\":\"Redacci\u00f3n Box Repsol\"},\"description\":\"Box Repsol lo forma un equipo de periodistas, community managers, dise\u00f1adores y fot\u00f3grafos con m\u00e1s de 20 a\u00f1os de experiencia en el mundo del motorsport. Hemos vivido el primer mundial de un espa\u00f1ol en la categor\u00eda reina de motociclismo con \u00c1lex Crivill\u00e9, estuvimos en las victorias de Pedrosa y los t\u00edtulos de M\u00e1rquez, acompa\u00f1amos en \u00c1frica a Nani Roma y Marc Coma en sus conquistas del Dakar y hemos vibrado con los t\u00edtulos de Toni Bou en Trial. Adem\u00e1s, en nuestro equipo contamos con expertos en el mundo de las dos y cuatro ruedas tanto de la calle y las carreteras, como de los circuitos. Periodistas que han trabajado en revistas y publicaciones para hacerte llegar desde rutas y consejos de mantenimiento, a curiosidades y trucos de pilotaje.\",\"sameAs\":[\"https:\\\/\\\/www.facebook.com\\\/BoxRepsol\\\/\",\"https:\\\/\\\/www.instagram.com\\\/box_repsol\\\/\",\"https:\\\/\\\/x.com\\\/https:\\\/\\\/twitter.com\\\/box_repsol\",\"https:\\\/\\\/www.youtube.com\\\/@Boxrepsol\"],\"url\":\"https:\\\/\\\/www.boxrepsol.com\\\/es\\\/author\\\/redaccion-box-repsol\\\/\"}]}<\/script>\n<!-- \/ Yoast SEO plugin. -->","yoast_head_json":{"title":"GP de Valencia 2018 - FP2 - M\u00e1rquez es el m\u00e1s r\u00e1pido bajo la lluvia y Pedrosa termina quinto","description":"La lluvia ininterrumpida ha condicionado el primer d\u00eda de entrenamientos, en el que los pilotos del equipo Repsol Honda han ido ganando confianza.","canonical":"https:\/\/www.boxrepsol.com\/es\/motogp\/marquez-mas-rapido-la-lluvia-pedrosa-termina-quinto\/","og_locale":"es_ES","og_type":"article","og_title":"GP de Valencia 2018 - FP2 - M\u00e1rquez es el m\u00e1s r\u00e1pido bajo la lluvia y Pedrosa termina quinto","og_description":"La lluvia ininterrumpida ha condicionado el primer d\u00eda de entrenamientos, en el que los pilotos del equipo Repsol Honda han ido ganando confianza.","og_url":"https:\/\/www.boxrepsol.com\/es\/motogp\/marquez-mas-rapido-la-lluvia-pedrosa-termina-quinto\/","og_site_name":"Box Repsol","article_publisher":"https:\/\/www.facebook.com\/BoxRepsol","article_author":"https:\/\/www.facebook.com\/BoxRepsol\/","article_published_time":"2018-11-16T02:00:00+00:00","article_modified_time":"2024-05-22T10:19:20+00:00","og_image":[{"width":1280,"height":600,"url":"https:\/\/bxrepsol.s3.eu-west-1.amazonaws.com\/static\/2022\/08\/29083420\/Marc-Marquez-en-Valencia-2018.jpg","type":"image\/jpeg"}],"author":"Redacci\u00f3n Box Repsol","twitter_card":"summary_large_image","twitter_creator":"@https:\/\/twitter.com\/box_repsol","twitter_site":"@box_repsol","twitter_misc":{"Written by":"Redacci\u00f3n Box Repsol","Est. reading time":"2 minutos"},"schema":{"@context":"https:\/\/schema.org","@graph":[{"@type":"Article","@id":"https:\/\/www.boxrepsol.com\/es\/motogp\/marquez-mas-rapido-la-lluvia-pedrosa-termina-quinto\/#article","isPartOf":{"@id":"https:\/\/www.boxrepsol.com\/es\/motogp\/marquez-mas-rapido-la-lluvia-pedrosa-termina-quinto\/"},"author":{"name":"Redacci\u00f3n Box Repsol","@id":"https:\/\/www.boxrepsol.com\/es\/#\/schema\/person\/c5c2138f2cca251b0ad92b7086bb60b7"},"headline":"M\u00e1rquez es el m\u00e1s r\u00e1pido bajo la lluvia y Pedrosa termina quinto","datePublished":"2018-11-16T02:00:00+00:00","dateModified":"2024-05-22T10:19:20+00:00","mainEntityOfPage":{"@id":"https:\/\/www.boxrepsol.com\/es\/motogp\/marquez-mas-rapido-la-lluvia-pedrosa-termina-quinto\/"},"wordCount":436,"commentCount":0,"publisher":{"@id":"https:\/\/www.boxrepsol.com\/es\/#organization"},"image":{"@id":"https:\/\/www.boxrepsol.com\/es\/motogp\/marquez-mas-rapido-la-lluvia-pedrosa-termina-quinto\/#primaryimage"},"thumbnailUrl":"https:\/\/bxrepsol.s3.eu-west-1.amazonaws.com\/static\/2022\/08\/29083420\/Marc-Marquez-en-Valencia-2018.jpg","keywords":["MotoGP Valencia"],"articleSection":["MotoGP"],"inLanguage":"es","potentialAction":[{"@type":"CommentAction","name":"Comment","target":["https:\/\/www.boxrepsol.com\/es\/motogp\/marquez-mas-rapido-la-lluvia-pedrosa-termina-quinto\/#respond"]}]},{"@type":"WebPage","@id":"https:\/\/www.boxrepsol.com\/es\/motogp\/marquez-mas-rapido-la-lluvia-pedrosa-termina-quinto\/","url":"https:\/\/www.boxrepsol.com\/es\/motogp\/marquez-mas-rapido-la-lluvia-pedrosa-termina-quinto\/","name":"GP de Valencia 2018 - FP2 - M\u00e1rquez es el m\u00e1s r\u00e1pido bajo la lluvia y Pedrosa termina quinto","isPartOf":{"@id":"https:\/\/www.boxrepsol.com\/es\/#website"},"primaryImageOfPage":{"@id":"https:\/\/www.boxrepsol.com\/es\/motogp\/marquez-mas-rapido-la-lluvia-pedrosa-termina-quinto\/#primaryimage"},"image":{"@id":"https:\/\/www.boxrepsol.com\/es\/motogp\/marquez-mas-rapido-la-lluvia-pedrosa-termina-quinto\/#primaryimage"},"thumbnailUrl":"https:\/\/bxrepsol.s3.eu-west-1.amazonaws.com\/static\/2022\/08\/29083420\/Marc-Marquez-en-Valencia-2018.jpg","datePublished":"2018-11-16T02:00:00+00:00","dateModified":"2024-05-22T10:19:20+00:00","description":"La lluvia ininterrumpida ha condicionado el primer d\u00eda de entrenamientos, en el que los pilotos del equipo Repsol Honda han ido ganando confianza.","breadcrumb":{"@id":"https:\/\/www.boxrepsol.com\/es\/motogp\/marquez-mas-rapido-la-lluvia-pedrosa-termina-quinto\/#breadcrumb"},"inLanguage":"es","potentialAction":[{"@type":"ReadAction","target":["https:\/\/www.boxrepsol.com\/es\/motogp\/marquez-mas-rapido-la-lluvia-pedrosa-termina-quinto\/"]}]},{"@type":"ImageObject","inLanguage":"es","@id":"https:\/\/www.boxrepsol.com\/es\/motogp\/marquez-mas-rapido-la-lluvia-pedrosa-termina-quinto\/#primaryimage","url":"https:\/\/bxrepsol.s3.eu-west-1.amazonaws.com\/static\/2022\/08\/29083420\/Marc-Marquez-en-Valencia-2018.jpg","contentUrl":"https:\/\/bxrepsol.s3.eu-west-1.amazonaws.com\/static\/2022\/08\/29083420\/Marc-Marquez-en-Valencia-2018.jpg","width":1280,"height":600,"caption":"MotoGP, Moto3, Carrera, Motociclismo, GP de Valencia, Ricardo Tormo, 2018, Dani Pedrosa, Marc M\u00e1rquez, Equipo Repsol Honda, HRC"},{"@type":"BreadcrumbList","@id":"https:\/\/www.boxrepsol.com\/es\/motogp\/marquez-mas-rapido-la-lluvia-pedrosa-termina-quinto\/#breadcrumb","itemListElement":[{"@type":"ListItem","position":1,"name":"Home","item":"https:\/\/www.boxrepsol.com\/es\/"},{"@type":"ListItem","position":2,"name":"M\u00e1rquez es el m\u00e1s r\u00e1pido bajo la lluvia y Pedrosa termina quinto"}]},{"@type":"WebSite","@id":"https:\/\/www.boxrepsol.com\/es\/#website","url":"https:\/\/www.boxrepsol.com\/es\/","name":"Box Repsol","description":"Box Repsol Site","publisher":{"@id":"https:\/\/www.boxrepsol.com\/es\/#organization"},"potentialAction":[{"@type":"SearchAction","target":{"@type":"EntryPoint","urlTemplate":"https:\/\/www.boxrepsol.com\/es\/?s={search_term_string}"},"query-input":{"@type":"PropertyValueSpecification","valueRequired":true,"valueName":"search_term_string"}}],"inLanguage":"es"},{"@type":"Organization","@id":"https:\/\/www.boxrepsol.com\/es\/#organization","name":"Box Repsol","url":"https:\/\/www.boxrepsol.com\/es\/","logo":{"@type":"ImageObject","inLanguage":"es","@id":"https:\/\/www.boxrepsol.com\/es\/#\/schema\/logo\/image\/","url":"https:\/\/bxrepsol.s3.eu-west-1.amazonaws.com\/static\/2025\/07\/30083337\/favicon-96x96-1.png","contentUrl":"https:\/\/bxrepsol.s3.eu-west-1.amazonaws.com\/static\/2025\/07\/30083337\/favicon-96x96-1.png","width":96,"height":96,"caption":"Box Repsol"},"image":{"@id":"https:\/\/www.boxrepsol.com\/es\/#\/schema\/logo\/image\/"},"sameAs":["https:\/\/www.facebook.com\/BoxRepsol","https:\/\/x.com\/box_repsol","http:\/\/instagram.com\/box_repsol","https:\/\/www.youtube.com\/user\/RepsolCompeticion","https:\/\/www.flickr.com\/photos\/box_repsol\/"]},{"@type":"Person","@id":"https:\/\/www.boxrepsol.com\/es\/#\/schema\/person\/c5c2138f2cca251b0ad92b7086bb60b7","name":"Redacci\u00f3n Box Repsol","image":{"@type":"ImageObject","inLanguage":"es","@id":"https:\/\/secure.gravatar.com\/avatar\/adf7b77e38b4419baf32c7e9c21dde01f4e40df611f0978e3006fc4ba0aaab7e?s=96&d=mm&r=g","url":"https:\/\/secure.gravatar.com\/avatar\/adf7b77e38b4419baf32c7e9c21dde01f4e40df611f0978e3006fc4ba0aaab7e?s=96&d=mm&r=g","contentUrl":"https:\/\/secure.gravatar.com\/avatar\/adf7b77e38b4419baf32c7e9c21dde01f4e40df611f0978e3006fc4ba0aaab7e?s=96&d=mm&r=g","caption":"Redacci\u00f3n Box Repsol"},"description":"Box Repsol lo forma un equipo de periodistas, community managers, dise\u00f1adores y fot\u00f3grafos con m\u00e1s de 20 a\u00f1os de experiencia en el mundo del motorsport. Hemos vivido el primer mundial de un espa\u00f1ol en la categor\u00eda reina de motociclismo con \u00c1lex Crivill\u00e9, estuvimos en las victorias de Pedrosa y los t\u00edtulos de M\u00e1rquez, acompa\u00f1amos en \u00c1frica a Nani Roma y Marc Coma en sus conquistas del Dakar y hemos vibrado con los t\u00edtulos de Toni Bou en Trial. Adem\u00e1s, en nuestro equipo contamos con expertos en el mundo de las dos y cuatro ruedas tanto de la calle y las carreteras, como de los circuitos. Periodistas que han trabajado en revistas y publicaciones para hacerte llegar desde rutas y consejos de mantenimiento, a curiosidades y trucos de pilotaje.","sameAs":["https:\/\/www.facebook.com\/BoxRepsol\/","https:\/\/www.instagram.com\/box_repsol\/","https:\/\/x.com\/https:\/\/twitter.com\/box_repsol","https:\/\/www.youtube.com\/@Boxrepsol"],"url":"https:\/\/www.boxrepsol.com\/es\/author\/redaccion-box-repsol\/"}]}},"_links":{"self":[{"href":"https:\/\/www.boxrepsol.com\/es\/wp-json\/wp\/v2\/posts\/93551","targetHints":{"allow":["GET"]}}],"collection":[{"href":"https:\/\/www.boxrepsol.com\/es\/wp-json\/wp\/v2\/posts"}],"about":[{"href":"https:\/\/www.boxrepsol.com\/es\/wp-json\/wp\/v2\/types\/post"}],"author":[{"embeddable":true,"href":"https:\/\/www.boxrepsol.com\/es\/wp-json\/wp\/v2\/users\/43146"}],"replies":[{"embeddable":true,"href":"https:\/\/www.boxrepsol.com\/es\/wp-json\/wp\/v2\/comments?post=93551"}],"version-history":[{"count":1,"href":"https:\/\/www.boxrepsol.com\/es\/wp-json\/wp\/v2\/posts\/93551\/revisions"}],"predecessor-version":[{"id":93552,"href":"https:\/\/www.boxrepsol.com\/es\/wp-json\/wp\/v2\/posts\/93551\/revisions\/93552"}],"wp:featuredmedia":[{"embeddable":true,"href":"https:\/\/www.boxrepsol.com\/es\/wp-json\/wp\/v2\/media\/60017"}],"wp:attachment":[{"href":"https:\/\/www.boxrepsol.com\/es\/wp-json\/wp\/v2\/media?parent=93551"}],"wp:term":[{"taxonomy":"category","embeddable":true,"href":"https:\/\/www.boxrepsol.com\/es\/wp-json\/wp\/v2\/categories?post=93551"},{"taxonomy":"post_tag","embeddable":true,"href":"https:\/\/www.boxrepsol.com\/es\/wp-json\/wp\/v2\/tags?post=93551"}],"curies":[{"name":"wp","href":"https:\/\/api.w.org\/{rel}","templated":true}]}}