{"id":93547,"date":"2018-11-14T00:00:00","date_gmt":"2018-11-14T02:00:00","guid":{"rendered":"http:\/\/pre.boxrepsol.com\/sin-categorizar\/hiroshi-aoyama-punto-fuerte-honda-marc\/"},"modified":"2024-05-22T08:20:30","modified_gmt":"2024-05-22T10:20:30","slug":"hiroshi-aoyama-punto-fuerte-honda-marc","status":"publish","type":"post","link":"https:\/\/www.boxrepsol.com\/es\/motogp\/hiroshi-aoyama-punto-fuerte-honda-marc\/","title":{"rendered":"Hiroshi Aoyama: \u201cEl punto fuerte de Honda es Marc\u00bb"},"content":{"rendered":"<p>Este fin de semana, el Gran Premio de la Comunitat Valenciana pondr\u00e1 el broche final a la temporada 2018 en el Circuit Ricardo Tormo, escenario en el que <a href=\"https:\/\/www.boxrepsol.com\/es\/motogp\/pilotos-repsol-honda-japoneses\/\">Hiroshi Aoyama<\/a> se coron\u00f3<strong> Campe\u00f3n del Mundo de 250 c.c. en 2009<\/strong>. El piloto nip\u00f3n, actualmente <strong>probador de HRC<\/strong>, ha seguido muy de cerca la temporada de Marc M\u00e1rquez y Dani Pedrosa, en la que han conseguido el t\u00edtulo de pilotos, constructores, y que este domingo intentar\u00e1n completar con el t\u00edtulo de equipos para el Repsol Honda.<\/p>\n<p><strong>Pregunta \u00bfQu\u00e9 te pareci\u00f3 la carrera que protagoniz\u00f3 Marc M\u00e1rquez en Malasia?<\/strong><\/p>\n<p><strong>Respuesta<\/strong> En el \u00faltimo Gran Premio, Marc hizo una buena salida y vuelta tras vuelta, fue capaz de adelantar posiciones y marcar un gran ritmo que le permiti\u00f3 seguir a Valentino [Rossi]. Poco a poco fue reduciendo las d\u00e9cimas de diferencia y se ve\u00eda que iba bastante al l\u00edmite, pero seguro que Rossi tambi\u00e9n lo iba.<\/p>\n<p>Hizo bien la presi\u00f3n, hasta que al final, Valentino, cometi\u00f3 un error y \u00e9l pudo ganar. Ambos dieron el m\u00e1ximo, pero Marc ten\u00eda un poco m\u00e1s de margen que le permiti\u00f3 ganar la carrera. Se vio que se esforz\u00f3 mucho.<\/p>\n<p><strong>P Esta temporada, Marc ha tenido ca\u00eddas en entrenamientos y bastantes \u201csalvadas\u201d. \u00bfC\u00f3mo se explica que haya ganado nueve carreras de las diecisiete disputadas?<\/strong><\/p>\n<p><strong>R<\/strong> Marc ha tomado muchos riesgos a lo largo de toda la temporada y, en muchas ocasiones, ha podido salvar la ca\u00edda, pero tambi\u00e9n le hemos visto irse al suelo numerosas veces. Aun as\u00ed, ha ido muy r\u00e1pido todo el a\u00f1o y eso demuestra que es muy valiente. Es incre\u00edble ver que, a pesar de haber ganado el campeonato, no deja de seguir dando el cien por cien.<\/p>\n<p><strong>P \u00bfHas tenido la oportunidad de ir a los viales? \u00bfQu\u00e9 secretos puedes contarnos de lo que has visto all\u00ed?<\/strong><\/p>\n<p><strong>R<\/strong> Este a\u00f1o he pasado mucho tiempo viendo a Marc en pista y, cuando le ves pilotar una MotoGP, parece que est\u00e9 rodando en una pista de\u00a0<em>Dirt Track<\/em>: siempre deslizando, tratando de controlar la moto.<\/p>\n<p>Muchos pilotos se ayudan de la electr\u00f3nica, pero Marc domina la m\u00e1quina con el pu\u00f1o del acelerador y eso me recuerda a un pilotaje m\u00e1s propio del Dirt Track. En una pista de asfalto es m\u00e1s dif\u00edcil, porque se va m\u00e1s r\u00e1pido y, por lo tanto, es m\u00e1s complicado controlar la moto. Lo que hace es incre\u00edble.<\/p>\n<p><strong>P Hemos visto muchas f\u00e1bricas distintas en los podios de este a\u00f1o, pero Honda se ha alzado con el t\u00edtulo de constructores. \u00bfCu\u00e1l crees que ha sido la clave?<\/strong><\/p>\n<p><strong>R<\/strong> El campeonato ha estado muy apretado y, finalmente, Honda se ha llevado el t\u00edtulo; me alegro mucho por ellos, ya que yo tambi\u00e9n formo parte de esta familia en mi papel como probador del equipo Repsol Honda. Est\u00e1 claro que el punto fuerte de Honda es Marc; \u00e9l es quien marca la diferencia y quien ha sido capaz de ganar un nuevo t\u00edtulo.<\/p>\n<p>La moto ha mejorado mucho respecto el a\u00f1o pasado, no ha tenido grandes problemas o fallos. El pack M\u00e1rquez-Honda ha sido la clave para conseguir el t\u00edtulo esta temporada, ambos han sido muy fuertes.<\/p>\n<p><a href=\"https:\/\/bxrepsol.s3.eu-west-1.amazonaws.com\/static\/2022\/08\/05062238\/00_hiroshi_aoyama_frenando_repsol_honda_rc213V_motogp_bridgestone.jpg\" \n   title=\"aoyama pilotando una MotoGP\" \n   data-gallery-thumbnail=\"https:\/\/bxrepsol.s3.eu-west-1.amazonaws.com\/static\/2022\/08\/05062238\/00_hiroshi_aoyama_frenando_repsol_honda_rc213V_motogp_bridgestone.jpg\"\n   data-gallery-title=\"\"\n   data-gallery><\/p>\n<figure>\n        <picture style=\"padding-bottom: 66.666666666667%; background-image: url(https:\/\/bxrepsol.s3.eu-west-1.amazonaws.com\/static\/2022\/08\/05062238\/00_hiroshi_aoyama_frenando_repsol_honda_rc213V_motogp_bridgestone.jpg);\">\n            <img decoding=\"async\" src=\"https:\/\/bxrepsol.s3.eu-west-1.amazonaws.com\/static\/2022\/08\/05062238\/00_hiroshi_aoyama_frenando_repsol_honda_rc213V_motogp_bridgestone.jpg\"><br \/>\n            <img itemprop=\"image\"\n                data-srcset=\"https:\/\/bxrepsol.s3.eu-west-1.amazonaws.com\/static\/2022\/08\/05062238\/00_hiroshi_aoyama_frenando_repsol_honda_rc213V_motogp_bridgestone.jpg 480w, https:\/\/bxrepsol.s3.eu-west-1.amazonaws.com\/static\/2022\/08\/05062238\/00_hiroshi_aoyama_frenando_repsol_honda_rc213V_motogp_bridgestone.jpg 600w, https:\/\/bxrepsol.s3.eu-west-1.amazonaws.com\/static\/2022\/08\/05062238\/00_hiroshi_aoyama_frenando_repsol_honda_rc213V_motogp_bridgestone.jpg 900w, https:\/\/bxrepsol.s3.eu-west-1.amazonaws.com\/static\/2022\/08\/05062238\/00_hiroshi_aoyama_frenando_repsol_honda_rc213V_motogp_bridgestone.jpg 1280w\"\n                data-src=\"https:\/\/bxrepsol.s3.eu-west-1.amazonaws.com\/static\/2022\/08\/05062238\/00_hiroshi_aoyama_frenando_repsol_honda_rc213V_motogp_bridgestone.jpg\"\n                alt=\"aoyama pilotando una MotoGP\"\n                title=\"Hirshi Aoyama sustituyendo a Dani Pedrosa en Pista\"\/><br \/>\n            <noscript><img decoding=\"async\" src=\"https:\/\/bxrepsol.s3.eu-west-1.amazonaws.com\/static\/2022\/08\/05062238\/00_hiroshi_aoyama_frenando_repsol_honda_rc213V_motogp_bridgestone.jpg\" alt=\"aoyama pilotando una MotoGP\"><\/noscript>\n        <\/picture><figcaption>aoyama pilotando una MotoGP<\/figcaption><\/figure>\n<p><\/a><\/p>\n<p><strong>P Dani Pedrosa ha conseguido siete victorias en Valencia, cuatro de ellas en MotoGP. \u00bfQu\u00e9 podemos esperar de \u00e9l en esta carrera?<\/strong><\/p>\n<p><strong>R<\/strong> Conozco a Dani desde hace muchos a\u00f1os y, viendo sus resultados en a\u00f1os anteriores, podr\u00eda decirse que Valencia es uno de sus circuitos favoritos. Por otro lado, este es un Gran Premio donde tiene mucha presi\u00f3n por parte de los patrocinadores. Para m\u00ed, Dani lo ha tenido m\u00e1s dif\u00edcil que otros pilotos, ya que es complicado pilotar una MotoGP con su altura y peso.<\/p>\n<p>Como \u00e9l, yo tampoco soy un piloto muy grande y s\u00e9 las dificultades que eso implica a la hora de pilotar una moto como esa. Tiene mucho talento y a\u00fan dispone del suficiente potencial para ganar. Ser\u00e1 su \u00faltima carrera, as\u00ed que espero que est\u00e9 en condiciones de dar lo mejor de s\u00ed mismo para tratar de conseguir una victoria o, por lo menos, un resultado que le permita terminar su carrera deportiva feliz.<\/p>\n<p><strong>P Estuvisteis en el mismo equipo en 250 c.c. y le conoces bien fuera de la pista. \u00bfQu\u00e9 puedes decirnos acerca de \u00e9l?<\/strong><\/p>\n<p><strong>R<\/strong> No es f\u00e1cil conseguir tres Campeonatos del Mundo como ha hecho Dani, aunque me hubiera gustado mucho verle con un t\u00edtulo de MotoGP. Ha tenido una gran carrera deportiva; nunca he visto a nadie estar tanto tiempo en el equipo Repsol Honda, y eso seguro que ser\u00e1 inolvidable para \u00e9l.<\/p>\n<p>Recuerdo que cuando era su compa\u00f1ero de equipo, dec\u00eda que \u00e9l de peque\u00f1o siempre miraba al equipo Repsol Honda, cuando corr\u00edan Doohan y Crivill\u00e9, y los ve\u00eda luchar por el t\u00edtulo. Su sue\u00f1o era llegar all\u00ed y lo consigui\u00f3, e incluso ha ganado muchas carreras y ha podido luchar por ganar campeonatos.<\/p>\n<p><strong>P Conoces bien a Alberto Puig. \u00bfQu\u00e9 importancia crees que puede tener que un expiloto sea ahora el\u00a0<em>Team Manager<\/em>del equipo Repsol Honda?<\/strong><\/p>\n<p><strong>R<\/strong> Hace diez a\u00f1os nadie hubiera dicho que Alberto Puig pudiera llegar a ser el<em>\u00a0Team Manager<\/em>\u00a0del equipo Repsol Honda, pero es una persona con mucha experiencia como piloto y tambi\u00e9n como\u00a0<em>coach<\/em>\u00a0y manager de pilotos. Esto le permite ver las cosas desde distintos \u00e1ngulos, lo cual es muy importante para liderar un equipo tan grande como este. Alberto encaja perfectamente en el cargo, ya que tanto los pilotos como el equipo le respetan.<\/p>\n<p><strong>P Fuiste el \u00faltimo Campe\u00f3n del Mundo de 250 c.c. \u00bfQu\u00e9 recuerdas de ese periodo?<\/strong><\/p>\n<p><strong>R<\/strong> Recuerdo muchas cosas, pero sobre todo me acuerdo de la \u00faltima carrera, cuando me jugaba el Campeonato del Mundo de 250 c.c. con Marco Simoncelli. Gan\u00e9 la pen\u00faltima carrera en Sepang y, para el siguiente Gran Premio, en Valencia, s\u00f3lo necesitaba terminar entre los 11 primeros para proclamarme Campe\u00f3n del Mundo.<\/p>\n<p>Nunca sabes lo que puede pasar en una carrera y no fue un Gran Premio f\u00e1cil. Me sal\u00ed en la primera curva, porque estuve a punto de tocar a otro piloto, aunque consegu\u00ed no caerme. Finalmente, termin\u00e9 la carrera s\u00e9ptimo y gan\u00e9 el t\u00edtulo. Fue una carrera muy dura y larga; nunca olvidar\u00e9 ese d\u00eda.<\/p>\n<p><strong>P Valencia es la \u00faltima carrera de la temporada, \u00bfqu\u00e9 destacar\u00edas de este Gran Premio?<\/strong><\/p>\n<p><strong>R<\/strong> Valencia siempre es una carrera muy especial, ya que es la \u00faltima carrera de la temporada y todos los pilotos quieren conseguir el mejor resultado y lo dan todo. Suele ser un Gran Premio muy interesante; veremos qu\u00e9 pasa este a\u00f1o pero siempre pasa algo, as\u00ed que seguro que de all\u00ed podremos sacar momentos muy buenos. Adem\u00e1s, espero que alguno de los pilotos del equipo Repsol Honda pueda ganar la carrera.<\/p>\n","protected":false},"excerpt":{"rendered":"<p>Hiroshi Aoyama, \u00faltimo Campe\u00f3n del Mundo de 250 c.c., nos ofrece su visi\u00f3n sobre el 2018 que ha protagonizado el equipo Repsol Honda, donde ejerce de probador.<\/p>\n","protected":false},"author":43146,"featured_media":60003,"comment_status":"open","ping_status":"open","sticky":false,"template":"","format":"standard","meta":{"footnotes":""},"categories":[4],"tags":[178],"class_list":["post-93547","post","type-post","status-publish","format-standard","hentry","category-motogp","tag-pilotos-de-motociclismo"],"yoast_head":"<!-- This site is optimized with the Yoast SEO plugin v27.3 - https:\/\/yoast.com\/product\/yoast-seo-wordpress\/ -->\n<title>Entrevista a Hiroshi Aoyama - \u201cEl punto fuerte de Honda es Marc&quot;<\/title>\n<meta name=\"description\" content=\"Hiroshi Aoyama, \u00faltimo Campe\u00f3n del Mundo de 250 c.c., nos ofrece su visi\u00f3n sobre el 2018 que ha protagonizado el equipo Repsol Honda.\" \/>\n<link rel=\"canonical\" href=\"https:\/\/www.boxrepsol.com\/es\/motogp\/hiroshi-aoyama-punto-fuerte-honda-marc\/\" \/>\n<meta property=\"og:locale\" content=\"es_ES\" \/>\n<meta property=\"og:type\" content=\"article\" \/>\n<meta property=\"og:title\" content=\"Entrevista a Hiroshi Aoyama - \u201cEl punto fuerte de Honda es Marc&quot;\" \/>\n<meta property=\"og:description\" content=\"Hiroshi Aoyama, \u00faltimo Campe\u00f3n del Mundo de 250 c.c., nos ofrece su visi\u00f3n sobre el 2018 que ha protagonizado el equipo Repsol Honda.\" \/>\n<meta property=\"og:url\" content=\"https:\/\/www.boxrepsol.com\/es\/motogp\/hiroshi-aoyama-punto-fuerte-honda-marc\/\" \/>\n<meta property=\"og:site_name\" content=\"Box Repsol\" \/>\n<meta property=\"article:publisher\" content=\"https:\/\/www.facebook.com\/BoxRepsol\" \/>\n<meta property=\"article:author\" content=\"https:\/\/www.facebook.com\/BoxRepsol\/\" \/>\n<meta property=\"article:published_time\" content=\"2018-11-14T02:00:00+00:00\" \/>\n<meta property=\"article:modified_time\" content=\"2024-05-22T10:20:30+00:00\" \/>\n<meta property=\"og:image\" content=\"https:\/\/bxrepsol.s3.eu-west-1.amazonaws.com\/static\/2022\/08\/29083413\/00_hiroshi_aoyama_marc_marquez_motogp_piloto_pruebas_repsol_honda.jpg\" \/>\n\t<meta property=\"og:image:width\" content=\"1280\" \/>\n\t<meta property=\"og:image:height\" content=\"600\" \/>\n\t<meta property=\"og:image:type\" content=\"image\/jpeg\" \/>\n<meta name=\"author\" content=\"Redacci\u00f3n Box Repsol\" \/>\n<meta name=\"twitter:card\" content=\"summary_large_image\" \/>\n<meta name=\"twitter:creator\" content=\"@https:\/\/twitter.com\/box_repsol\" \/>\n<meta name=\"twitter:site\" content=\"@box_repsol\" \/>\n<meta name=\"twitter:label1\" content=\"Written by\" \/>\n\t<meta name=\"twitter:data1\" content=\"Redacci\u00f3n Box Repsol\" \/>\n\t<meta name=\"twitter:label2\" content=\"Est. reading time\" \/>\n\t<meta name=\"twitter:data2\" content=\"6 minutos\" \/>\n<script type=\"application\/ld+json\" class=\"yoast-schema-graph\">{\"@context\":\"https:\\\/\\\/schema.org\",\"@graph\":[{\"@type\":\"Article\",\"@id\":\"https:\\\/\\\/www.boxrepsol.com\\\/es\\\/motogp\\\/hiroshi-aoyama-punto-fuerte-honda-marc\\\/#article\",\"isPartOf\":{\"@id\":\"https:\\\/\\\/www.boxrepsol.com\\\/es\\\/motogp\\\/hiroshi-aoyama-punto-fuerte-honda-marc\\\/\"},\"author\":{\"name\":\"Redacci\u00f3n Box Repsol\",\"@id\":\"https:\\\/\\\/www.boxrepsol.com\\\/es\\\/#\\\/schema\\\/person\\\/c5c2138f2cca251b0ad92b7086bb60b7\"},\"headline\":\"Hiroshi Aoyama: \u201cEl punto fuerte de Honda es Marc\u00bb\",\"datePublished\":\"2018-11-14T02:00:00+00:00\",\"dateModified\":\"2024-05-22T10:20:30+00:00\",\"mainEntityOfPage\":{\"@id\":\"https:\\\/\\\/www.boxrepsol.com\\\/es\\\/motogp\\\/hiroshi-aoyama-punto-fuerte-honda-marc\\\/\"},\"wordCount\":1202,\"commentCount\":0,\"publisher\":{\"@id\":\"https:\\\/\\\/www.boxrepsol.com\\\/es\\\/#organization\"},\"image\":{\"@id\":\"https:\\\/\\\/www.boxrepsol.com\\\/es\\\/motogp\\\/hiroshi-aoyama-punto-fuerte-honda-marc\\\/#primaryimage\"},\"thumbnailUrl\":\"https:\\\/\\\/bxrepsol.s3.eu-west-1.amazonaws.com\\\/static\\\/2022\\\/08\\\/29083413\\\/00_hiroshi_aoyama_marc_marquez_motogp_piloto_pruebas_repsol_honda.jpg\",\"keywords\":[\"pilotos de motociclismo\"],\"articleSection\":[\"MotoGP\"],\"inLanguage\":\"es\",\"potentialAction\":[{\"@type\":\"CommentAction\",\"name\":\"Comment\",\"target\":[\"https:\\\/\\\/www.boxrepsol.com\\\/es\\\/motogp\\\/hiroshi-aoyama-punto-fuerte-honda-marc\\\/#respond\"]}]},{\"@type\":\"WebPage\",\"@id\":\"https:\\\/\\\/www.boxrepsol.com\\\/es\\\/motogp\\\/hiroshi-aoyama-punto-fuerte-honda-marc\\\/\",\"url\":\"https:\\\/\\\/www.boxrepsol.com\\\/es\\\/motogp\\\/hiroshi-aoyama-punto-fuerte-honda-marc\\\/\",\"name\":\"Entrevista a Hiroshi Aoyama - \u201cEl punto fuerte de Honda es Marc\\\"\",\"isPartOf\":{\"@id\":\"https:\\\/\\\/www.boxrepsol.com\\\/es\\\/#website\"},\"primaryImageOfPage\":{\"@id\":\"https:\\\/\\\/www.boxrepsol.com\\\/es\\\/motogp\\\/hiroshi-aoyama-punto-fuerte-honda-marc\\\/#primaryimage\"},\"image\":{\"@id\":\"https:\\\/\\\/www.boxrepsol.com\\\/es\\\/motogp\\\/hiroshi-aoyama-punto-fuerte-honda-marc\\\/#primaryimage\"},\"thumbnailUrl\":\"https:\\\/\\\/bxrepsol.s3.eu-west-1.amazonaws.com\\\/static\\\/2022\\\/08\\\/29083413\\\/00_hiroshi_aoyama_marc_marquez_motogp_piloto_pruebas_repsol_honda.jpg\",\"datePublished\":\"2018-11-14T02:00:00+00:00\",\"dateModified\":\"2024-05-22T10:20:30+00:00\",\"description\":\"Hiroshi Aoyama, \u00faltimo Campe\u00f3n del Mundo de 250 c.c., nos ofrece su visi\u00f3n sobre el 2018 que ha protagonizado el equipo Repsol Honda.\",\"breadcrumb\":{\"@id\":\"https:\\\/\\\/www.boxrepsol.com\\\/es\\\/motogp\\\/hiroshi-aoyama-punto-fuerte-honda-marc\\\/#breadcrumb\"},\"inLanguage\":\"es\",\"potentialAction\":[{\"@type\":\"ReadAction\",\"target\":[\"https:\\\/\\\/www.boxrepsol.com\\\/es\\\/motogp\\\/hiroshi-aoyama-punto-fuerte-honda-marc\\\/\"]}]},{\"@type\":\"ImageObject\",\"inLanguage\":\"es\",\"@id\":\"https:\\\/\\\/www.boxrepsol.com\\\/es\\\/motogp\\\/hiroshi-aoyama-punto-fuerte-honda-marc\\\/#primaryimage\",\"url\":\"https:\\\/\\\/bxrepsol.s3.eu-west-1.amazonaws.com\\\/static\\\/2022\\\/08\\\/29083413\\\/00_hiroshi_aoyama_marc_marquez_motogp_piloto_pruebas_repsol_honda.jpg\",\"contentUrl\":\"https:\\\/\\\/bxrepsol.s3.eu-west-1.amazonaws.com\\\/static\\\/2022\\\/08\\\/29083413\\\/00_hiroshi_aoyama_marc_marquez_motogp_piloto_pruebas_repsol_honda.jpg\",\"width\":1280,\"height\":600,\"caption\":\"Hiroshi Aoyama con Marc M\u00e1rquez\"},{\"@type\":\"BreadcrumbList\",\"@id\":\"https:\\\/\\\/www.boxrepsol.com\\\/es\\\/motogp\\\/hiroshi-aoyama-punto-fuerte-honda-marc\\\/#breadcrumb\",\"itemListElement\":[{\"@type\":\"ListItem\",\"position\":1,\"name\":\"Home\",\"item\":\"https:\\\/\\\/www.boxrepsol.com\\\/es\\\/\"},{\"@type\":\"ListItem\",\"position\":2,\"name\":\"Hiroshi Aoyama: \u201cEl punto fuerte de Honda es Marc\u00bb\"}]},{\"@type\":\"WebSite\",\"@id\":\"https:\\\/\\\/www.boxrepsol.com\\\/es\\\/#website\",\"url\":\"https:\\\/\\\/www.boxrepsol.com\\\/es\\\/\",\"name\":\"Box Repsol\",\"description\":\"Box Repsol Site\",\"publisher\":{\"@id\":\"https:\\\/\\\/www.boxrepsol.com\\\/es\\\/#organization\"},\"potentialAction\":[{\"@type\":\"SearchAction\",\"target\":{\"@type\":\"EntryPoint\",\"urlTemplate\":\"https:\\\/\\\/www.boxrepsol.com\\\/es\\\/?s={search_term_string}\"},\"query-input\":{\"@type\":\"PropertyValueSpecification\",\"valueRequired\":true,\"valueName\":\"search_term_string\"}}],\"inLanguage\":\"es\"},{\"@type\":\"Organization\",\"@id\":\"https:\\\/\\\/www.boxrepsol.com\\\/es\\\/#organization\",\"name\":\"Box Repsol\",\"url\":\"https:\\\/\\\/www.boxrepsol.com\\\/es\\\/\",\"logo\":{\"@type\":\"ImageObject\",\"inLanguage\":\"es\",\"@id\":\"https:\\\/\\\/www.boxrepsol.com\\\/es\\\/#\\\/schema\\\/logo\\\/image\\\/\",\"url\":\"https:\\\/\\\/bxrepsol.s3.eu-west-1.amazonaws.com\\\/static\\\/2025\\\/07\\\/30083337\\\/favicon-96x96-1.png\",\"contentUrl\":\"https:\\\/\\\/bxrepsol.s3.eu-west-1.amazonaws.com\\\/static\\\/2025\\\/07\\\/30083337\\\/favicon-96x96-1.png\",\"width\":96,\"height\":96,\"caption\":\"Box Repsol\"},\"image\":{\"@id\":\"https:\\\/\\\/www.boxrepsol.com\\\/es\\\/#\\\/schema\\\/logo\\\/image\\\/\"},\"sameAs\":[\"https:\\\/\\\/www.facebook.com\\\/BoxRepsol\",\"https:\\\/\\\/x.com\\\/box_repsol\",\"http:\\\/\\\/instagram.com\\\/box_repsol\",\"https:\\\/\\\/www.youtube.com\\\/user\\\/RepsolCompeticion\",\"https:\\\/\\\/www.flickr.com\\\/photos\\\/box_repsol\\\/\"]},{\"@type\":\"Person\",\"@id\":\"https:\\\/\\\/www.boxrepsol.com\\\/es\\\/#\\\/schema\\\/person\\\/c5c2138f2cca251b0ad92b7086bb60b7\",\"name\":\"Redacci\u00f3n Box Repsol\",\"image\":{\"@type\":\"ImageObject\",\"inLanguage\":\"es\",\"@id\":\"https:\\\/\\\/secure.gravatar.com\\\/avatar\\\/adf7b77e38b4419baf32c7e9c21dde01f4e40df611f0978e3006fc4ba0aaab7e?s=96&d=mm&r=g\",\"url\":\"https:\\\/\\\/secure.gravatar.com\\\/avatar\\\/adf7b77e38b4419baf32c7e9c21dde01f4e40df611f0978e3006fc4ba0aaab7e?s=96&d=mm&r=g\",\"contentUrl\":\"https:\\\/\\\/secure.gravatar.com\\\/avatar\\\/adf7b77e38b4419baf32c7e9c21dde01f4e40df611f0978e3006fc4ba0aaab7e?s=96&d=mm&r=g\",\"caption\":\"Redacci\u00f3n Box Repsol\"},\"description\":\"Box Repsol lo forma un equipo de periodistas, community managers, dise\u00f1adores y fot\u00f3grafos con m\u00e1s de 20 a\u00f1os de experiencia en el mundo del motorsport. Hemos vivido el primer mundial de un espa\u00f1ol en la categor\u00eda reina de motociclismo con \u00c1lex Crivill\u00e9, estuvimos en las victorias de Pedrosa y los t\u00edtulos de M\u00e1rquez, acompa\u00f1amos en \u00c1frica a Nani Roma y Marc Coma en sus conquistas del Dakar y hemos vibrado con los t\u00edtulos de Toni Bou en Trial. Adem\u00e1s, en nuestro equipo contamos con expertos en el mundo de las dos y cuatro ruedas tanto de la calle y las carreteras, como de los circuitos. Periodistas que han trabajado en revistas y publicaciones para hacerte llegar desde rutas y consejos de mantenimiento, a curiosidades y trucos de pilotaje.\",\"sameAs\":[\"https:\\\/\\\/www.facebook.com\\\/BoxRepsol\\\/\",\"https:\\\/\\\/www.instagram.com\\\/box_repsol\\\/\",\"https:\\\/\\\/x.com\\\/https:\\\/\\\/twitter.com\\\/box_repsol\",\"https:\\\/\\\/www.youtube.com\\\/@Boxrepsol\"],\"url\":\"https:\\\/\\\/www.boxrepsol.com\\\/es\\\/author\\\/redaccion-box-repsol\\\/\"}]}<\/script>\n<!-- \/ Yoast SEO plugin. -->","yoast_head_json":{"title":"Entrevista a Hiroshi Aoyama - \u201cEl punto fuerte de Honda es Marc\"","description":"Hiroshi Aoyama, \u00faltimo Campe\u00f3n del Mundo de 250 c.c., nos ofrece su visi\u00f3n sobre el 2018 que ha protagonizado el equipo Repsol Honda.","canonical":"https:\/\/www.boxrepsol.com\/es\/motogp\/hiroshi-aoyama-punto-fuerte-honda-marc\/","og_locale":"es_ES","og_type":"article","og_title":"Entrevista a Hiroshi Aoyama - \u201cEl punto fuerte de Honda es Marc\"","og_description":"Hiroshi Aoyama, \u00faltimo Campe\u00f3n del Mundo de 250 c.c., nos ofrece su visi\u00f3n sobre el 2018 que ha protagonizado el equipo Repsol Honda.","og_url":"https:\/\/www.boxrepsol.com\/es\/motogp\/hiroshi-aoyama-punto-fuerte-honda-marc\/","og_site_name":"Box Repsol","article_publisher":"https:\/\/www.facebook.com\/BoxRepsol","article_author":"https:\/\/www.facebook.com\/BoxRepsol\/","article_published_time":"2018-11-14T02:00:00+00:00","article_modified_time":"2024-05-22T10:20:30+00:00","og_image":[{"width":1280,"height":600,"url":"https:\/\/bxrepsol.s3.eu-west-1.amazonaws.com\/static\/2022\/08\/29083413\/00_hiroshi_aoyama_marc_marquez_motogp_piloto_pruebas_repsol_honda.jpg","type":"image\/jpeg"}],"author":"Redacci\u00f3n Box Repsol","twitter_card":"summary_large_image","twitter_creator":"@https:\/\/twitter.com\/box_repsol","twitter_site":"@box_repsol","twitter_misc":{"Written by":"Redacci\u00f3n Box Repsol","Est. reading time":"6 minutos"},"schema":{"@context":"https:\/\/schema.org","@graph":[{"@type":"Article","@id":"https:\/\/www.boxrepsol.com\/es\/motogp\/hiroshi-aoyama-punto-fuerte-honda-marc\/#article","isPartOf":{"@id":"https:\/\/www.boxrepsol.com\/es\/motogp\/hiroshi-aoyama-punto-fuerte-honda-marc\/"},"author":{"name":"Redacci\u00f3n Box Repsol","@id":"https:\/\/www.boxrepsol.com\/es\/#\/schema\/person\/c5c2138f2cca251b0ad92b7086bb60b7"},"headline":"Hiroshi Aoyama: \u201cEl punto fuerte de Honda es Marc\u00bb","datePublished":"2018-11-14T02:00:00+00:00","dateModified":"2024-05-22T10:20:30+00:00","mainEntityOfPage":{"@id":"https:\/\/www.boxrepsol.com\/es\/motogp\/hiroshi-aoyama-punto-fuerte-honda-marc\/"},"wordCount":1202,"commentCount":0,"publisher":{"@id":"https:\/\/www.boxrepsol.com\/es\/#organization"},"image":{"@id":"https:\/\/www.boxrepsol.com\/es\/motogp\/hiroshi-aoyama-punto-fuerte-honda-marc\/#primaryimage"},"thumbnailUrl":"https:\/\/bxrepsol.s3.eu-west-1.amazonaws.com\/static\/2022\/08\/29083413\/00_hiroshi_aoyama_marc_marquez_motogp_piloto_pruebas_repsol_honda.jpg","keywords":["pilotos de motociclismo"],"articleSection":["MotoGP"],"inLanguage":"es","potentialAction":[{"@type":"CommentAction","name":"Comment","target":["https:\/\/www.boxrepsol.com\/es\/motogp\/hiroshi-aoyama-punto-fuerte-honda-marc\/#respond"]}]},{"@type":"WebPage","@id":"https:\/\/www.boxrepsol.com\/es\/motogp\/hiroshi-aoyama-punto-fuerte-honda-marc\/","url":"https:\/\/www.boxrepsol.com\/es\/motogp\/hiroshi-aoyama-punto-fuerte-honda-marc\/","name":"Entrevista a Hiroshi Aoyama - \u201cEl punto fuerte de Honda es Marc\"","isPartOf":{"@id":"https:\/\/www.boxrepsol.com\/es\/#website"},"primaryImageOfPage":{"@id":"https:\/\/www.boxrepsol.com\/es\/motogp\/hiroshi-aoyama-punto-fuerte-honda-marc\/#primaryimage"},"image":{"@id":"https:\/\/www.boxrepsol.com\/es\/motogp\/hiroshi-aoyama-punto-fuerte-honda-marc\/#primaryimage"},"thumbnailUrl":"https:\/\/bxrepsol.s3.eu-west-1.amazonaws.com\/static\/2022\/08\/29083413\/00_hiroshi_aoyama_marc_marquez_motogp_piloto_pruebas_repsol_honda.jpg","datePublished":"2018-11-14T02:00:00+00:00","dateModified":"2024-05-22T10:20:30+00:00","description":"Hiroshi Aoyama, \u00faltimo Campe\u00f3n del Mundo de 250 c.c., nos ofrece su visi\u00f3n sobre el 2018 que ha protagonizado el equipo Repsol Honda.","breadcrumb":{"@id":"https:\/\/www.boxrepsol.com\/es\/motogp\/hiroshi-aoyama-punto-fuerte-honda-marc\/#breadcrumb"},"inLanguage":"es","potentialAction":[{"@type":"ReadAction","target":["https:\/\/www.boxrepsol.com\/es\/motogp\/hiroshi-aoyama-punto-fuerte-honda-marc\/"]}]},{"@type":"ImageObject","inLanguage":"es","@id":"https:\/\/www.boxrepsol.com\/es\/motogp\/hiroshi-aoyama-punto-fuerte-honda-marc\/#primaryimage","url":"https:\/\/bxrepsol.s3.eu-west-1.amazonaws.com\/static\/2022\/08\/29083413\/00_hiroshi_aoyama_marc_marquez_motogp_piloto_pruebas_repsol_honda.jpg","contentUrl":"https:\/\/bxrepsol.s3.eu-west-1.amazonaws.com\/static\/2022\/08\/29083413\/00_hiroshi_aoyama_marc_marquez_motogp_piloto_pruebas_repsol_honda.jpg","width":1280,"height":600,"caption":"Hiroshi Aoyama con Marc M\u00e1rquez"},{"@type":"BreadcrumbList","@id":"https:\/\/www.boxrepsol.com\/es\/motogp\/hiroshi-aoyama-punto-fuerte-honda-marc\/#breadcrumb","itemListElement":[{"@type":"ListItem","position":1,"name":"Home","item":"https:\/\/www.boxrepsol.com\/es\/"},{"@type":"ListItem","position":2,"name":"Hiroshi Aoyama: \u201cEl punto fuerte de Honda es Marc\u00bb"}]},{"@type":"WebSite","@id":"https:\/\/www.boxrepsol.com\/es\/#website","url":"https:\/\/www.boxrepsol.com\/es\/","name":"Box Repsol","description":"Box Repsol Site","publisher":{"@id":"https:\/\/www.boxrepsol.com\/es\/#organization"},"potentialAction":[{"@type":"SearchAction","target":{"@type":"EntryPoint","urlTemplate":"https:\/\/www.boxrepsol.com\/es\/?s={search_term_string}"},"query-input":{"@type":"PropertyValueSpecification","valueRequired":true,"valueName":"search_term_string"}}],"inLanguage":"es"},{"@type":"Organization","@id":"https:\/\/www.boxrepsol.com\/es\/#organization","name":"Box Repsol","url":"https:\/\/www.boxrepsol.com\/es\/","logo":{"@type":"ImageObject","inLanguage":"es","@id":"https:\/\/www.boxrepsol.com\/es\/#\/schema\/logo\/image\/","url":"https:\/\/bxrepsol.s3.eu-west-1.amazonaws.com\/static\/2025\/07\/30083337\/favicon-96x96-1.png","contentUrl":"https:\/\/bxrepsol.s3.eu-west-1.amazonaws.com\/static\/2025\/07\/30083337\/favicon-96x96-1.png","width":96,"height":96,"caption":"Box Repsol"},"image":{"@id":"https:\/\/www.boxrepsol.com\/es\/#\/schema\/logo\/image\/"},"sameAs":["https:\/\/www.facebook.com\/BoxRepsol","https:\/\/x.com\/box_repsol","http:\/\/instagram.com\/box_repsol","https:\/\/www.youtube.com\/user\/RepsolCompeticion","https:\/\/www.flickr.com\/photos\/box_repsol\/"]},{"@type":"Person","@id":"https:\/\/www.boxrepsol.com\/es\/#\/schema\/person\/c5c2138f2cca251b0ad92b7086bb60b7","name":"Redacci\u00f3n Box Repsol","image":{"@type":"ImageObject","inLanguage":"es","@id":"https:\/\/secure.gravatar.com\/avatar\/adf7b77e38b4419baf32c7e9c21dde01f4e40df611f0978e3006fc4ba0aaab7e?s=96&d=mm&r=g","url":"https:\/\/secure.gravatar.com\/avatar\/adf7b77e38b4419baf32c7e9c21dde01f4e40df611f0978e3006fc4ba0aaab7e?s=96&d=mm&r=g","contentUrl":"https:\/\/secure.gravatar.com\/avatar\/adf7b77e38b4419baf32c7e9c21dde01f4e40df611f0978e3006fc4ba0aaab7e?s=96&d=mm&r=g","caption":"Redacci\u00f3n Box Repsol"},"description":"Box Repsol lo forma un equipo de periodistas, community managers, dise\u00f1adores y fot\u00f3grafos con m\u00e1s de 20 a\u00f1os de experiencia en el mundo del motorsport. Hemos vivido el primer mundial de un espa\u00f1ol en la categor\u00eda reina de motociclismo con \u00c1lex Crivill\u00e9, estuvimos en las victorias de Pedrosa y los t\u00edtulos de M\u00e1rquez, acompa\u00f1amos en \u00c1frica a Nani Roma y Marc Coma en sus conquistas del Dakar y hemos vibrado con los t\u00edtulos de Toni Bou en Trial. Adem\u00e1s, en nuestro equipo contamos con expertos en el mundo de las dos y cuatro ruedas tanto de la calle y las carreteras, como de los circuitos. Periodistas que han trabajado en revistas y publicaciones para hacerte llegar desde rutas y consejos de mantenimiento, a curiosidades y trucos de pilotaje.","sameAs":["https:\/\/www.facebook.com\/BoxRepsol\/","https:\/\/www.instagram.com\/box_repsol\/","https:\/\/x.com\/https:\/\/twitter.com\/box_repsol","https:\/\/www.youtube.com\/@Boxrepsol"],"url":"https:\/\/www.boxrepsol.com\/es\/author\/redaccion-box-repsol\/"}]}},"_links":{"self":[{"href":"https:\/\/www.boxrepsol.com\/es\/wp-json\/wp\/v2\/posts\/93547","targetHints":{"allow":["GET"]}}],"collection":[{"href":"https:\/\/www.boxrepsol.com\/es\/wp-json\/wp\/v2\/posts"}],"about":[{"href":"https:\/\/www.boxrepsol.com\/es\/wp-json\/wp\/v2\/types\/post"}],"author":[{"embeddable":true,"href":"https:\/\/www.boxrepsol.com\/es\/wp-json\/wp\/v2\/users\/43146"}],"replies":[{"embeddable":true,"href":"https:\/\/www.boxrepsol.com\/es\/wp-json\/wp\/v2\/comments?post=93547"}],"version-history":[{"count":2,"href":"https:\/\/www.boxrepsol.com\/es\/wp-json\/wp\/v2\/posts\/93547\/revisions"}],"predecessor-version":[{"id":115245,"href":"https:\/\/www.boxrepsol.com\/es\/wp-json\/wp\/v2\/posts\/93547\/revisions\/115245"}],"wp:featuredmedia":[{"embeddable":true,"href":"https:\/\/www.boxrepsol.com\/es\/wp-json\/wp\/v2\/media\/60003"}],"wp:attachment":[{"href":"https:\/\/www.boxrepsol.com\/es\/wp-json\/wp\/v2\/media?parent=93547"}],"wp:term":[{"taxonomy":"category","embeddable":true,"href":"https:\/\/www.boxrepsol.com\/es\/wp-json\/wp\/v2\/categories?post=93547"},{"taxonomy":"post_tag","embeddable":true,"href":"https:\/\/www.boxrepsol.com\/es\/wp-json\/wp\/v2\/tags?post=93547"}],"curies":[{"name":"wp","href":"https:\/\/api.w.org\/{rel}","templated":true}]}}