{"id":93539,"date":"2018-11-13T00:00:00","date_gmt":"2018-11-13T02:00:00","guid":{"rendered":"http:\/\/pre.boxrepsol.com\/sin-categorizar\/marquez-pedrosa-despiden-la-temporada-ante-aficion\/"},"modified":"2024-10-09T11:41:17","modified_gmt":"2024-10-09T13:41:17","slug":"marquez-pedrosa-despiden-la-temporada-ante-aficion","status":"publish","type":"post","link":"https:\/\/www.boxrepsol.com\/es\/motogp\/marquez-pedrosa-despiden-la-temporada-ante-aficion\/","title":{"rendered":"M\u00e1rquez y Pedrosa despiden la temporada ante su afici\u00f3n"},"content":{"rendered":"<p><strong>Dani Pedrosa<\/strong> dice adi\u00f3s este fin de semana a la competici\u00f3n, en el escenario donde logr\u00f3 su primer podio mundialista en 2001.<\/p>\n<p><strong>Es el piloto con el palmar\u00e9s m\u00e1s brillante en el Circuit Ricardo Tormo<\/strong>: siete victorias \u2013incluida la del a\u00f1o pasado\u2013, doce podios, cinco\u00a0<em>pole positions<\/em>\u00a0y siete vueltas r\u00e1pidas.<\/p>\n<p>Salvo los ceros de Argentina, Italia y Australia, <strong>Marc M\u00e1rquez <\/strong>ha terminado todas las carreras de la temporada en el podio, <strong>logrando la victoria en m\u00e1s de la mitad de los GGPP celebrados: nueve en diecisiete pruebas.<\/strong><\/p>\n<p>El Campe\u00f3n del Mundo de MotoGP lleva los \u00faltimos seis a\u00f1os consecutivos terminando en el podio de Valencia, logrando la victoria en 2012 y 2014.<\/p>\n<p><!-- Imagen relacionada --><br \/>\n<img loading=\"lazy\" decoding=\"async\" src=\"https:\/\/bxrepsol.s3.eu-west-1.amazonaws.com\/static\/2022\/08\/29083354\/02_marc_marquez_podio_gp_malasia_repsol_honda_sepang_motogp-e1541330406387-404x336-2.jpg\" alt=\"Marc M\u00e1rquez celebra con el pu\u00f1o cerrado\" width=\"404\" height=\"336\" \/><br \/>\n<!-- Categor\u00eda --><br \/>\nMotoGP<br \/>\n<!-- T\u00edtulo --><\/p>\n<h3>Novena victoria de M\u00e1rquez y quinta posici\u00f3n para Pedrosa<\/h3>\n<p><!-- Fecha --><br \/>\nhace 1 hora<\/p>\n<h3>GP de Valencia 2018 &#8211; Declaraciones de Marc M\u00e1rquez y Dani Pedrosa<\/h3>\n<h4>#MM93<\/h4>\n<p><strong>Queremos terminar el a\u00f1o bien.<\/strong> <em>Fue fant\u00e1stico celebrar el t\u00edtulo hace unos d\u00edas en Cervera con mi familia, mi gente y el fan club, y ahora tengo ganas de celebrar nuestro s\u00e9ptimo t\u00edtulo con todos los fans en Valencia. Obviamente no hay la presi\u00f3n que tuvimos el a\u00f1o pasado, cuando estaba el t\u00edtulo en juego, pero nuestra mentalidad ser\u00e1 exactamente la misma, porque queremos terminar el a\u00f1o bien. <\/em><\/p>\n<p><strong>A por la victoria.<\/strong> <em>Ahora estamos muy cerca de conseguir el Mundial por equipos y lo haremos lo mejor posible para lograr la triple corona, que es importante para nosotros y para Honda; ser\u00eda la forma perfecta de terminar la temporada. No quiero perder la inercia ni cambiar la forma en la que estoy pilotando en estos momentos, as\u00ed que enfocaremos el fin de semana como siempre e intentaremos luchar por la victoria el domingo.<\/em><\/p>\n<hr \/>\n<h4>#DP26<\/h4>\n<p><strong>Un fin de semana muy ocupado. <\/strong><em>Claramente, la pr\u00f3xima carrera en Valencia ser\u00e1 muy especial, porque ser\u00e1 mi \u00faltimo Gran Premio y las sensaciones ser\u00e1n distintas a las habituales. Ser\u00e1 tambi\u00e9n un fin de semana ocupado, porque muchos amigos y familiares vendr\u00e1n para pasar un tiempo juntos. <\/em><\/p>\n<p><strong>A por un buen final.\u00a0<\/strong>De<em> todos modos, en cuanto me suba a la moto, toda mi atenci\u00f3n se centrar\u00e1 en pilotar. Me gusta la pista, es de mis favoritas del calendario y, por supuesto, el domingo intentaremos lograr el mejor resultado posible.<\/em><\/p>\n<p><strong>Suscr\u00edbete al bolet\u00edn de Box Repsol<\/strong><\/p>\n<p>Te contamos en exclusiva todas las noticias del Equipo Repsol, entrevistas, reportajes, v\u00eddeos, resultados de nuestros pilotos de <strong>MotoGP<\/strong>, <strong>Trial<\/strong>, <strong>FIM CEV Repsol<\/strong>, <strong>Rally<\/strong>, <strong>Red Bull Air Race<\/strong> y mucho m\u00e1s. <a href=\"https:\/\/www.boxrepsol.com\/es\/suscribete\/\">Suscr\u00edbete al bolet\u00edn de Box Repsol<\/a> y ent\u00e9rate de todas nuestras <strong>promociones<\/strong> y <strong>concursos<\/strong>.<\/p>\n","protected":false},"excerpt":{"rendered":"<p>Los pilotos del equipo Repsol Honda celebran este fin de semana el \u00faltimo Gran Premio de 2018, ocasi\u00f3n perfecta para celebrar el t\u00edtulo de Marc M\u00e1rquez y despedir a Dani Pedrosa.<\/p>\n","protected":false},"author":43146,"featured_media":59977,"comment_status":"open","ping_status":"open","sticky":false,"template":"","format":"standard","meta":{"footnotes":""},"categories":[4],"tags":[137],"class_list":["post-93539","post","type-post","status-publish","format-standard","hentry","category-motogp","tag-motogp-valencia"],"yoast_head":"<!-- This site is optimized with the Yoast SEO plugin v27.3 - https:\/\/yoast.com\/product\/yoast-seo-wordpress\/ -->\n<title>GP de Valencia 2018 - M\u00e1rquez y Pedrosa despiden la temporada ante su afici\u00f3n<\/title>\n<meta name=\"description\" content=\"Repsol Honda celebra este fin de semana el \u00faltimo Gran Premio de 2018, ocasi\u00f3n perfecta para celebrar el t\u00edtulo de Marc M\u00e1rquez y despedir a Dani Pedrosa.\" \/>\n<link rel=\"canonical\" href=\"https:\/\/www.boxrepsol.com\/es\/motogp\/marquez-pedrosa-despiden-la-temporada-ante-aficion\/\" \/>\n<meta property=\"og:locale\" content=\"es_ES\" \/>\n<meta property=\"og:type\" content=\"article\" \/>\n<meta property=\"og:title\" content=\"GP de Valencia 2018 - M\u00e1rquez y Pedrosa despiden la temporada ante su afici\u00f3n\" \/>\n<meta property=\"og:description\" content=\"Repsol Honda celebra este fin de semana el \u00faltimo Gran Premio de 2018, ocasi\u00f3n perfecta para celebrar el t\u00edtulo de Marc M\u00e1rquez y despedir a Dani Pedrosa.\" \/>\n<meta property=\"og:url\" content=\"https:\/\/www.boxrepsol.com\/es\/motogp\/marquez-pedrosa-despiden-la-temporada-ante-aficion\/\" \/>\n<meta property=\"og:site_name\" content=\"Box Repsol\" \/>\n<meta property=\"article:publisher\" content=\"https:\/\/www.facebook.com\/BoxRepsol\" \/>\n<meta property=\"article:author\" content=\"https:\/\/www.facebook.com\/BoxRepsol\/\" \/>\n<meta property=\"article:published_time\" content=\"2018-11-13T02:00:00+00:00\" \/>\n<meta property=\"article:modified_time\" content=\"2024-10-09T13:41:17+00:00\" \/>\n<meta property=\"og:image\" content=\"https:\/\/bxrepsol.s3.eu-west-1.amazonaws.com\/static\/2022\/08\/29083355\/00_motogp_marc_marquez_dani_pedrosa_repsol_honda_valencia_2017_motociclismo.jpg\" \/>\n\t<meta property=\"og:image:width\" content=\"1280\" \/>\n\t<meta property=\"og:image:height\" content=\"600\" \/>\n\t<meta property=\"og:image:type\" content=\"image\/jpeg\" \/>\n<meta name=\"author\" content=\"Redacci\u00f3n Box Repsol\" \/>\n<meta name=\"twitter:card\" content=\"summary_large_image\" \/>\n<meta name=\"twitter:creator\" content=\"@https:\/\/twitter.com\/box_repsol\" \/>\n<meta name=\"twitter:site\" content=\"@box_repsol\" \/>\n<meta name=\"twitter:label1\" content=\"Written by\" \/>\n\t<meta name=\"twitter:data1\" content=\"Redacci\u00f3n Box Repsol\" \/>\n\t<meta name=\"twitter:label2\" content=\"Est. reading time\" \/>\n\t<meta name=\"twitter:data2\" content=\"2 minutos\" \/>\n<script type=\"application\/ld+json\" class=\"yoast-schema-graph\">{\"@context\":\"https:\\\/\\\/schema.org\",\"@graph\":[{\"@type\":\"Article\",\"@id\":\"https:\\\/\\\/www.boxrepsol.com\\\/es\\\/motogp\\\/marquez-pedrosa-despiden-la-temporada-ante-aficion\\\/#article\",\"isPartOf\":{\"@id\":\"https:\\\/\\\/www.boxrepsol.com\\\/es\\\/motogp\\\/marquez-pedrosa-despiden-la-temporada-ante-aficion\\\/\"},\"author\":{\"name\":\"Redacci\u00f3n Box Repsol\",\"@id\":\"https:\\\/\\\/www.boxrepsol.com\\\/es\\\/#\\\/schema\\\/person\\\/c5c2138f2cca251b0ad92b7086bb60b7\"},\"headline\":\"M\u00e1rquez y Pedrosa despiden la temporada ante su afici\u00f3n\",\"datePublished\":\"2018-11-13T02:00:00+00:00\",\"dateModified\":\"2024-10-09T13:41:17+00:00\",\"mainEntityOfPage\":{\"@id\":\"https:\\\/\\\/www.boxrepsol.com\\\/es\\\/motogp\\\/marquez-pedrosa-despiden-la-temporada-ante-aficion\\\/\"},\"wordCount\":466,\"commentCount\":0,\"publisher\":{\"@id\":\"https:\\\/\\\/www.boxrepsol.com\\\/es\\\/#organization\"},\"image\":{\"@id\":\"https:\\\/\\\/www.boxrepsol.com\\\/es\\\/motogp\\\/marquez-pedrosa-despiden-la-temporada-ante-aficion\\\/#primaryimage\"},\"thumbnailUrl\":\"https:\\\/\\\/bxrepsol.s3.eu-west-1.amazonaws.com\\\/static\\\/2022\\\/08\\\/29083355\\\/00_motogp_marc_marquez_dani_pedrosa_repsol_honda_valencia_2017_motociclismo.jpg\",\"keywords\":[\"MotoGP Valencia\"],\"articleSection\":[\"MotoGP\"],\"inLanguage\":\"es\",\"potentialAction\":[{\"@type\":\"CommentAction\",\"name\":\"Comment\",\"target\":[\"https:\\\/\\\/www.boxrepsol.com\\\/es\\\/motogp\\\/marquez-pedrosa-despiden-la-temporada-ante-aficion\\\/#respond\"]}]},{\"@type\":\"WebPage\",\"@id\":\"https:\\\/\\\/www.boxrepsol.com\\\/es\\\/motogp\\\/marquez-pedrosa-despiden-la-temporada-ante-aficion\\\/\",\"url\":\"https:\\\/\\\/www.boxrepsol.com\\\/es\\\/motogp\\\/marquez-pedrosa-despiden-la-temporada-ante-aficion\\\/\",\"name\":\"GP de Valencia 2018 - M\u00e1rquez y Pedrosa despiden la temporada ante su afici\u00f3n\",\"isPartOf\":{\"@id\":\"https:\\\/\\\/www.boxrepsol.com\\\/es\\\/#website\"},\"primaryImageOfPage\":{\"@id\":\"https:\\\/\\\/www.boxrepsol.com\\\/es\\\/motogp\\\/marquez-pedrosa-despiden-la-temporada-ante-aficion\\\/#primaryimage\"},\"image\":{\"@id\":\"https:\\\/\\\/www.boxrepsol.com\\\/es\\\/motogp\\\/marquez-pedrosa-despiden-la-temporada-ante-aficion\\\/#primaryimage\"},\"thumbnailUrl\":\"https:\\\/\\\/bxrepsol.s3.eu-west-1.amazonaws.com\\\/static\\\/2022\\\/08\\\/29083355\\\/00_motogp_marc_marquez_dani_pedrosa_repsol_honda_valencia_2017_motociclismo.jpg\",\"datePublished\":\"2018-11-13T02:00:00+00:00\",\"dateModified\":\"2024-10-09T13:41:17+00:00\",\"description\":\"Repsol Honda celebra este fin de semana el \u00faltimo Gran Premio de 2018, ocasi\u00f3n perfecta para celebrar el t\u00edtulo de Marc M\u00e1rquez y despedir a Dani Pedrosa.\",\"breadcrumb\":{\"@id\":\"https:\\\/\\\/www.boxrepsol.com\\\/es\\\/motogp\\\/marquez-pedrosa-despiden-la-temporada-ante-aficion\\\/#breadcrumb\"},\"inLanguage\":\"es\",\"potentialAction\":[{\"@type\":\"ReadAction\",\"target\":[\"https:\\\/\\\/www.boxrepsol.com\\\/es\\\/motogp\\\/marquez-pedrosa-despiden-la-temporada-ante-aficion\\\/\"]}]},{\"@type\":\"ImageObject\",\"inLanguage\":\"es\",\"@id\":\"https:\\\/\\\/www.boxrepsol.com\\\/es\\\/motogp\\\/marquez-pedrosa-despiden-la-temporada-ante-aficion\\\/#primaryimage\",\"url\":\"https:\\\/\\\/bxrepsol.s3.eu-west-1.amazonaws.com\\\/static\\\/2022\\\/08\\\/29083355\\\/00_motogp_marc_marquez_dani_pedrosa_repsol_honda_valencia_2017_motociclismo.jpg\",\"contentUrl\":\"https:\\\/\\\/bxrepsol.s3.eu-west-1.amazonaws.com\\\/static\\\/2022\\\/08\\\/29083355\\\/00_motogp_marc_marquez_dani_pedrosa_repsol_honda_valencia_2017_motociclismo.jpg\",\"width\":1280,\"height\":600,\"caption\":\"Dani Pedrosa y Marc M\u00e1rquez liderando grupo en carrera\"},{\"@type\":\"BreadcrumbList\",\"@id\":\"https:\\\/\\\/www.boxrepsol.com\\\/es\\\/motogp\\\/marquez-pedrosa-despiden-la-temporada-ante-aficion\\\/#breadcrumb\",\"itemListElement\":[{\"@type\":\"ListItem\",\"position\":1,\"name\":\"Home\",\"item\":\"https:\\\/\\\/www.boxrepsol.com\\\/es\\\/\"},{\"@type\":\"ListItem\",\"position\":2,\"name\":\"M\u00e1rquez y Pedrosa despiden la temporada ante su afici\u00f3n\"}]},{\"@type\":\"WebSite\",\"@id\":\"https:\\\/\\\/www.boxrepsol.com\\\/es\\\/#website\",\"url\":\"https:\\\/\\\/www.boxrepsol.com\\\/es\\\/\",\"name\":\"Box Repsol\",\"description\":\"Box Repsol Site\",\"publisher\":{\"@id\":\"https:\\\/\\\/www.boxrepsol.com\\\/es\\\/#organization\"},\"potentialAction\":[{\"@type\":\"SearchAction\",\"target\":{\"@type\":\"EntryPoint\",\"urlTemplate\":\"https:\\\/\\\/www.boxrepsol.com\\\/es\\\/?s={search_term_string}\"},\"query-input\":{\"@type\":\"PropertyValueSpecification\",\"valueRequired\":true,\"valueName\":\"search_term_string\"}}],\"inLanguage\":\"es\"},{\"@type\":\"Organization\",\"@id\":\"https:\\\/\\\/www.boxrepsol.com\\\/es\\\/#organization\",\"name\":\"Box Repsol\",\"url\":\"https:\\\/\\\/www.boxrepsol.com\\\/es\\\/\",\"logo\":{\"@type\":\"ImageObject\",\"inLanguage\":\"es\",\"@id\":\"https:\\\/\\\/www.boxrepsol.com\\\/es\\\/#\\\/schema\\\/logo\\\/image\\\/\",\"url\":\"https:\\\/\\\/bxrepsol.s3.eu-west-1.amazonaws.com\\\/static\\\/2025\\\/07\\\/30083337\\\/favicon-96x96-1.png\",\"contentUrl\":\"https:\\\/\\\/bxrepsol.s3.eu-west-1.amazonaws.com\\\/static\\\/2025\\\/07\\\/30083337\\\/favicon-96x96-1.png\",\"width\":96,\"height\":96,\"caption\":\"Box Repsol\"},\"image\":{\"@id\":\"https:\\\/\\\/www.boxrepsol.com\\\/es\\\/#\\\/schema\\\/logo\\\/image\\\/\"},\"sameAs\":[\"https:\\\/\\\/www.facebook.com\\\/BoxRepsol\",\"https:\\\/\\\/x.com\\\/box_repsol\",\"http:\\\/\\\/instagram.com\\\/box_repsol\",\"https:\\\/\\\/www.youtube.com\\\/user\\\/RepsolCompeticion\",\"https:\\\/\\\/www.flickr.com\\\/photos\\\/box_repsol\\\/\"]},{\"@type\":\"Person\",\"@id\":\"https:\\\/\\\/www.boxrepsol.com\\\/es\\\/#\\\/schema\\\/person\\\/c5c2138f2cca251b0ad92b7086bb60b7\",\"name\":\"Redacci\u00f3n Box Repsol\",\"image\":{\"@type\":\"ImageObject\",\"inLanguage\":\"es\",\"@id\":\"https:\\\/\\\/secure.gravatar.com\\\/avatar\\\/adf7b77e38b4419baf32c7e9c21dde01f4e40df611f0978e3006fc4ba0aaab7e?s=96&d=mm&r=g\",\"url\":\"https:\\\/\\\/secure.gravatar.com\\\/avatar\\\/adf7b77e38b4419baf32c7e9c21dde01f4e40df611f0978e3006fc4ba0aaab7e?s=96&d=mm&r=g\",\"contentUrl\":\"https:\\\/\\\/secure.gravatar.com\\\/avatar\\\/adf7b77e38b4419baf32c7e9c21dde01f4e40df611f0978e3006fc4ba0aaab7e?s=96&d=mm&r=g\",\"caption\":\"Redacci\u00f3n Box Repsol\"},\"description\":\"Box Repsol lo forma un equipo de periodistas, community managers, dise\u00f1adores y fot\u00f3grafos con m\u00e1s de 20 a\u00f1os de experiencia en el mundo del motorsport. Hemos vivido el primer mundial de un espa\u00f1ol en la categor\u00eda reina de motociclismo con \u00c1lex Crivill\u00e9, estuvimos en las victorias de Pedrosa y los t\u00edtulos de M\u00e1rquez, acompa\u00f1amos en \u00c1frica a Nani Roma y Marc Coma en sus conquistas del Dakar y hemos vibrado con los t\u00edtulos de Toni Bou en Trial. Adem\u00e1s, en nuestro equipo contamos con expertos en el mundo de las dos y cuatro ruedas tanto de la calle y las carreteras, como de los circuitos. Periodistas que han trabajado en revistas y publicaciones para hacerte llegar desde rutas y consejos de mantenimiento, a curiosidades y trucos de pilotaje.\",\"sameAs\":[\"https:\\\/\\\/www.facebook.com\\\/BoxRepsol\\\/\",\"https:\\\/\\\/www.instagram.com\\\/box_repsol\\\/\",\"https:\\\/\\\/x.com\\\/https:\\\/\\\/twitter.com\\\/box_repsol\",\"https:\\\/\\\/www.youtube.com\\\/@Boxrepsol\"],\"url\":\"https:\\\/\\\/www.boxrepsol.com\\\/es\\\/author\\\/redaccion-box-repsol\\\/\"}]}<\/script>\n<!-- \/ Yoast SEO plugin. -->","yoast_head_json":{"title":"GP de Valencia 2018 - M\u00e1rquez y Pedrosa despiden la temporada ante su afici\u00f3n","description":"Repsol Honda celebra este fin de semana el \u00faltimo Gran Premio de 2018, ocasi\u00f3n perfecta para celebrar el t\u00edtulo de Marc M\u00e1rquez y despedir a Dani Pedrosa.","canonical":"https:\/\/www.boxrepsol.com\/es\/motogp\/marquez-pedrosa-despiden-la-temporada-ante-aficion\/","og_locale":"es_ES","og_type":"article","og_title":"GP de Valencia 2018 - M\u00e1rquez y Pedrosa despiden la temporada ante su afici\u00f3n","og_description":"Repsol Honda celebra este fin de semana el \u00faltimo Gran Premio de 2018, ocasi\u00f3n perfecta para celebrar el t\u00edtulo de Marc M\u00e1rquez y despedir a Dani Pedrosa.","og_url":"https:\/\/www.boxrepsol.com\/es\/motogp\/marquez-pedrosa-despiden-la-temporada-ante-aficion\/","og_site_name":"Box Repsol","article_publisher":"https:\/\/www.facebook.com\/BoxRepsol","article_author":"https:\/\/www.facebook.com\/BoxRepsol\/","article_published_time":"2018-11-13T02:00:00+00:00","article_modified_time":"2024-10-09T13:41:17+00:00","og_image":[{"width":1280,"height":600,"url":"https:\/\/bxrepsol.s3.eu-west-1.amazonaws.com\/static\/2022\/08\/29083355\/00_motogp_marc_marquez_dani_pedrosa_repsol_honda_valencia_2017_motociclismo.jpg","type":"image\/jpeg"}],"author":"Redacci\u00f3n Box Repsol","twitter_card":"summary_large_image","twitter_creator":"@https:\/\/twitter.com\/box_repsol","twitter_site":"@box_repsol","twitter_misc":{"Written by":"Redacci\u00f3n Box Repsol","Est. reading time":"2 minutos"},"schema":{"@context":"https:\/\/schema.org","@graph":[{"@type":"Article","@id":"https:\/\/www.boxrepsol.com\/es\/motogp\/marquez-pedrosa-despiden-la-temporada-ante-aficion\/#article","isPartOf":{"@id":"https:\/\/www.boxrepsol.com\/es\/motogp\/marquez-pedrosa-despiden-la-temporada-ante-aficion\/"},"author":{"name":"Redacci\u00f3n Box Repsol","@id":"https:\/\/www.boxrepsol.com\/es\/#\/schema\/person\/c5c2138f2cca251b0ad92b7086bb60b7"},"headline":"M\u00e1rquez y Pedrosa despiden la temporada ante su afici\u00f3n","datePublished":"2018-11-13T02:00:00+00:00","dateModified":"2024-10-09T13:41:17+00:00","mainEntityOfPage":{"@id":"https:\/\/www.boxrepsol.com\/es\/motogp\/marquez-pedrosa-despiden-la-temporada-ante-aficion\/"},"wordCount":466,"commentCount":0,"publisher":{"@id":"https:\/\/www.boxrepsol.com\/es\/#organization"},"image":{"@id":"https:\/\/www.boxrepsol.com\/es\/motogp\/marquez-pedrosa-despiden-la-temporada-ante-aficion\/#primaryimage"},"thumbnailUrl":"https:\/\/bxrepsol.s3.eu-west-1.amazonaws.com\/static\/2022\/08\/29083355\/00_motogp_marc_marquez_dani_pedrosa_repsol_honda_valencia_2017_motociclismo.jpg","keywords":["MotoGP Valencia"],"articleSection":["MotoGP"],"inLanguage":"es","potentialAction":[{"@type":"CommentAction","name":"Comment","target":["https:\/\/www.boxrepsol.com\/es\/motogp\/marquez-pedrosa-despiden-la-temporada-ante-aficion\/#respond"]}]},{"@type":"WebPage","@id":"https:\/\/www.boxrepsol.com\/es\/motogp\/marquez-pedrosa-despiden-la-temporada-ante-aficion\/","url":"https:\/\/www.boxrepsol.com\/es\/motogp\/marquez-pedrosa-despiden-la-temporada-ante-aficion\/","name":"GP de Valencia 2018 - M\u00e1rquez y Pedrosa despiden la temporada ante su afici\u00f3n","isPartOf":{"@id":"https:\/\/www.boxrepsol.com\/es\/#website"},"primaryImageOfPage":{"@id":"https:\/\/www.boxrepsol.com\/es\/motogp\/marquez-pedrosa-despiden-la-temporada-ante-aficion\/#primaryimage"},"image":{"@id":"https:\/\/www.boxrepsol.com\/es\/motogp\/marquez-pedrosa-despiden-la-temporada-ante-aficion\/#primaryimage"},"thumbnailUrl":"https:\/\/bxrepsol.s3.eu-west-1.amazonaws.com\/static\/2022\/08\/29083355\/00_motogp_marc_marquez_dani_pedrosa_repsol_honda_valencia_2017_motociclismo.jpg","datePublished":"2018-11-13T02:00:00+00:00","dateModified":"2024-10-09T13:41:17+00:00","description":"Repsol Honda celebra este fin de semana el \u00faltimo Gran Premio de 2018, ocasi\u00f3n perfecta para celebrar el t\u00edtulo de Marc M\u00e1rquez y despedir a Dani Pedrosa.","breadcrumb":{"@id":"https:\/\/www.boxrepsol.com\/es\/motogp\/marquez-pedrosa-despiden-la-temporada-ante-aficion\/#breadcrumb"},"inLanguage":"es","potentialAction":[{"@type":"ReadAction","target":["https:\/\/www.boxrepsol.com\/es\/motogp\/marquez-pedrosa-despiden-la-temporada-ante-aficion\/"]}]},{"@type":"ImageObject","inLanguage":"es","@id":"https:\/\/www.boxrepsol.com\/es\/motogp\/marquez-pedrosa-despiden-la-temporada-ante-aficion\/#primaryimage","url":"https:\/\/bxrepsol.s3.eu-west-1.amazonaws.com\/static\/2022\/08\/29083355\/00_motogp_marc_marquez_dani_pedrosa_repsol_honda_valencia_2017_motociclismo.jpg","contentUrl":"https:\/\/bxrepsol.s3.eu-west-1.amazonaws.com\/static\/2022\/08\/29083355\/00_motogp_marc_marquez_dani_pedrosa_repsol_honda_valencia_2017_motociclismo.jpg","width":1280,"height":600,"caption":"Dani Pedrosa y Marc M\u00e1rquez liderando grupo en carrera"},{"@type":"BreadcrumbList","@id":"https:\/\/www.boxrepsol.com\/es\/motogp\/marquez-pedrosa-despiden-la-temporada-ante-aficion\/#breadcrumb","itemListElement":[{"@type":"ListItem","position":1,"name":"Home","item":"https:\/\/www.boxrepsol.com\/es\/"},{"@type":"ListItem","position":2,"name":"M\u00e1rquez y Pedrosa despiden la temporada ante su afici\u00f3n"}]},{"@type":"WebSite","@id":"https:\/\/www.boxrepsol.com\/es\/#website","url":"https:\/\/www.boxrepsol.com\/es\/","name":"Box Repsol","description":"Box Repsol Site","publisher":{"@id":"https:\/\/www.boxrepsol.com\/es\/#organization"},"potentialAction":[{"@type":"SearchAction","target":{"@type":"EntryPoint","urlTemplate":"https:\/\/www.boxrepsol.com\/es\/?s={search_term_string}"},"query-input":{"@type":"PropertyValueSpecification","valueRequired":true,"valueName":"search_term_string"}}],"inLanguage":"es"},{"@type":"Organization","@id":"https:\/\/www.boxrepsol.com\/es\/#organization","name":"Box Repsol","url":"https:\/\/www.boxrepsol.com\/es\/","logo":{"@type":"ImageObject","inLanguage":"es","@id":"https:\/\/www.boxrepsol.com\/es\/#\/schema\/logo\/image\/","url":"https:\/\/bxrepsol.s3.eu-west-1.amazonaws.com\/static\/2025\/07\/30083337\/favicon-96x96-1.png","contentUrl":"https:\/\/bxrepsol.s3.eu-west-1.amazonaws.com\/static\/2025\/07\/30083337\/favicon-96x96-1.png","width":96,"height":96,"caption":"Box Repsol"},"image":{"@id":"https:\/\/www.boxrepsol.com\/es\/#\/schema\/logo\/image\/"},"sameAs":["https:\/\/www.facebook.com\/BoxRepsol","https:\/\/x.com\/box_repsol","http:\/\/instagram.com\/box_repsol","https:\/\/www.youtube.com\/user\/RepsolCompeticion","https:\/\/www.flickr.com\/photos\/box_repsol\/"]},{"@type":"Person","@id":"https:\/\/www.boxrepsol.com\/es\/#\/schema\/person\/c5c2138f2cca251b0ad92b7086bb60b7","name":"Redacci\u00f3n Box Repsol","image":{"@type":"ImageObject","inLanguage":"es","@id":"https:\/\/secure.gravatar.com\/avatar\/adf7b77e38b4419baf32c7e9c21dde01f4e40df611f0978e3006fc4ba0aaab7e?s=96&d=mm&r=g","url":"https:\/\/secure.gravatar.com\/avatar\/adf7b77e38b4419baf32c7e9c21dde01f4e40df611f0978e3006fc4ba0aaab7e?s=96&d=mm&r=g","contentUrl":"https:\/\/secure.gravatar.com\/avatar\/adf7b77e38b4419baf32c7e9c21dde01f4e40df611f0978e3006fc4ba0aaab7e?s=96&d=mm&r=g","caption":"Redacci\u00f3n Box Repsol"},"description":"Box Repsol lo forma un equipo de periodistas, community managers, dise\u00f1adores y fot\u00f3grafos con m\u00e1s de 20 a\u00f1os de experiencia en el mundo del motorsport. Hemos vivido el primer mundial de un espa\u00f1ol en la categor\u00eda reina de motociclismo con \u00c1lex Crivill\u00e9, estuvimos en las victorias de Pedrosa y los t\u00edtulos de M\u00e1rquez, acompa\u00f1amos en \u00c1frica a Nani Roma y Marc Coma en sus conquistas del Dakar y hemos vibrado con los t\u00edtulos de Toni Bou en Trial. Adem\u00e1s, en nuestro equipo contamos con expertos en el mundo de las dos y cuatro ruedas tanto de la calle y las carreteras, como de los circuitos. Periodistas que han trabajado en revistas y publicaciones para hacerte llegar desde rutas y consejos de mantenimiento, a curiosidades y trucos de pilotaje.","sameAs":["https:\/\/www.facebook.com\/BoxRepsol\/","https:\/\/www.instagram.com\/box_repsol\/","https:\/\/x.com\/https:\/\/twitter.com\/box_repsol","https:\/\/www.youtube.com\/@Boxrepsol"],"url":"https:\/\/www.boxrepsol.com\/es\/author\/redaccion-box-repsol\/"}]}},"_links":{"self":[{"href":"https:\/\/www.boxrepsol.com\/es\/wp-json\/wp\/v2\/posts\/93539","targetHints":{"allow":["GET"]}}],"collection":[{"href":"https:\/\/www.boxrepsol.com\/es\/wp-json\/wp\/v2\/posts"}],"about":[{"href":"https:\/\/www.boxrepsol.com\/es\/wp-json\/wp\/v2\/types\/post"}],"author":[{"embeddable":true,"href":"https:\/\/www.boxrepsol.com\/es\/wp-json\/wp\/v2\/users\/43146"}],"replies":[{"embeddable":true,"href":"https:\/\/www.boxrepsol.com\/es\/wp-json\/wp\/v2\/comments?post=93539"}],"version-history":[{"count":2,"href":"https:\/\/www.boxrepsol.com\/es\/wp-json\/wp\/v2\/posts\/93539\/revisions"}],"predecessor-version":[{"id":121015,"href":"https:\/\/www.boxrepsol.com\/es\/wp-json\/wp\/v2\/posts\/93539\/revisions\/121015"}],"wp:featuredmedia":[{"embeddable":true,"href":"https:\/\/www.boxrepsol.com\/es\/wp-json\/wp\/v2\/media\/59977"}],"wp:attachment":[{"href":"https:\/\/www.boxrepsol.com\/es\/wp-json\/wp\/v2\/media?parent=93539"}],"wp:term":[{"taxonomy":"category","embeddable":true,"href":"https:\/\/www.boxrepsol.com\/es\/wp-json\/wp\/v2\/categories?post=93539"},{"taxonomy":"post_tag","embeddable":true,"href":"https:\/\/www.boxrepsol.com\/es\/wp-json\/wp\/v2\/tags?post=93539"}],"curies":[{"name":"wp","href":"https:\/\/api.w.org\/{rel}","templated":true}]}}