{"id":93533,"date":"2018-11-12T00:00:00","date_gmt":"2018-11-12T02:00:00","guid":{"rendered":"http:\/\/pre.boxrepsol.com\/sin-categorizar\/marc-marquez-celebra-septimo-titulo-junto-aficion\/"},"modified":"2024-05-22T08:21:08","modified_gmt":"2024-05-22T10:21:08","slug":"marc-marquez-celebra-septimo-titulo-junto-aficion","status":"publish","type":"post","link":"https:\/\/www.boxrepsol.com\/es\/motogp\/marc-marquez-celebra-septimo-titulo-junto-aficion\/","title":{"rendered":"Marc M\u00e1rquez celebra el s\u00e9ptimo t\u00edtulo junto a su afici\u00f3n"},"content":{"rendered":"<p><a href=\"https:\/\/www.boxrepsol.com\/es\/motogp\/marc-marquez-nos-cuenta-los-secretos-ciudad-cervera\/\">Un a\u00f1o m\u00e1s, Cervera se ha vestido de gala<\/a> para conmemorar una nueva corona de Campe\u00f3n del Mundo de MotoGP de su vecino m\u00e1s ilustre: <strong>Marc M\u00e1rquez<\/strong>. A falta de una prueba por disputarse \u2013la pr\u00f3xima semana en Valencia\u2013, el piloto del equipo Repsol Honda ha vuelto a protagonizar <strong>una fiesta multitudinaria por las calles de su localidad natal<\/strong>, en la que ha sido aclamado por miles de aficionados.<\/p>\n<p>La celebraci\u00f3n se est\u00e1 convirtiendo ya en <strong>una tradici\u00f3n para los vecinos de la poblaci\u00f3n ilerdense<\/strong>. Tras una rueda de prensa en la Universidad de Cervera, la alegr\u00eda de todos los aficionados se ha desbordado cuando el Campe\u00f3n del Mundo ha iniciado un multitudinario pasacalle. Acompa\u00f1ado de sus familiares m\u00e1s cercanos y su equipo, M\u00e1rquez no ha cesado de saludar a sus fans.<\/p>\n<p>La r\u00faa ha concluido con la llegada a un escenario, desde el que <strong>el piloto del equipo Repsol Honda se ha dirigido a todos los aficionados. Agradecido por todo el apoyo y cari\u00f1o recibido<\/strong>, M\u00e1rquez ha hecho gala una vez m\u00e1s de su simpat\u00eda y desparpajo, animando la fiesta que conmemoraba su brillante temporada.<\/p>\n<p><a href=\"https:\/\/bxrepsol.s3.eu-west-1.amazonaws.com\/static\/2022\/08\/05062204\/00_aficionados_marc_marquez_93_cervera.jpg\" \n   title=\"Fans de Marc M\u00e1rquez con banderas del 93\" \n   data-gallery-thumbnail=\"https:\/\/bxrepsol.s3.eu-west-1.amazonaws.com\/static\/2022\/08\/05062204\/00_aficionados_marc_marquez_93_cervera.jpg\"\n   data-gallery-title=\"\"\n   data-gallery><\/p>\n<figure>\n        <picture style=\"padding-bottom: 66.666666666667%; background-image: url(https:\/\/bxrepsol.s3.eu-west-1.amazonaws.com\/static\/2022\/08\/05062204\/00_aficionados_marc_marquez_93_cervera.jpg);\">\n            <img decoding=\"async\" src=\"https:\/\/bxrepsol.s3.eu-west-1.amazonaws.com\/static\/2022\/08\/05062204\/00_aficionados_marc_marquez_93_cervera.jpg\"><br \/>\n            <img itemprop=\"image\"\n                data-srcset=\"https:\/\/bxrepsol.s3.eu-west-1.amazonaws.com\/static\/2022\/08\/05062204\/00_aficionados_marc_marquez_93_cervera.jpg 480w, https:\/\/bxrepsol.s3.eu-west-1.amazonaws.com\/static\/2022\/08\/05062204\/00_aficionados_marc_marquez_93_cervera.jpg 600w, https:\/\/bxrepsol.s3.eu-west-1.amazonaws.com\/static\/2022\/08\/05062204\/00_aficionados_marc_marquez_93_cervera.jpg 900w, https:\/\/bxrepsol.s3.eu-west-1.amazonaws.com\/static\/2022\/08\/05062204\/00_aficionados_marc_marquez_93_cervera.jpg 1280w\"\n                data-src=\"https:\/\/bxrepsol.s3.eu-west-1.amazonaws.com\/static\/2022\/08\/05062204\/00_aficionados_marc_marquez_93_cervera.jpg\"\n                alt=\"Fans de Marc M\u00e1rquez con banderas del 93\"\n                title=\"Fans de Marc M\u00e1rquez celebrando el 7\u00ba en Cervera\"\/><br \/>\n            <noscript><img decoding=\"async\" src=\"https:\/\/bxrepsol.s3.eu-west-1.amazonaws.com\/static\/2022\/08\/05062204\/00_aficionados_marc_marquez_93_cervera.jpg\" alt=\"Fans de Marc M\u00e1rquez con banderas del 93\"><\/noscript>\n        <\/picture><figcaption>Fans de Marc M\u00e1rquez con banderas del 93<\/figcaption><\/figure>\n<p><\/a><\/p>\n<h3>Marc M\u00e1rquez &#8211; Declaraciones<\/h3>\n<p><em><strong>Ya tenemos siete t\u00edtulos mundiales<\/strong> y, aunque parezcan muchos, los hemos conseguido en muy poco tiempo. Estoy viviendo un sue\u00f1o, as\u00ed que tenemos que disfrutarlo mientras dure. Este campeonato es especial pero, para m\u00ed, cada t\u00edtulo lo es porque los vivo como si ganara por primera vez. Seguir venciendo es la gasolina que necesita mi cuerpo, lo que me permite mejorar y me hace seguir evolucionando. <\/em><\/p>\n<p><em><strong>Pero sin duda lo m\u00e1s especial, m\u00e1s all\u00e1 de las victorias, es poder celebrarlo con mi equipo<\/strong> <strong>y con todos los aficionados<\/strong>, como lo hemos hecho hoy. Para m\u00ed, esto es muy importante ya que cuando ganamos, ganamos juntos pero cuando perdemos ellos, los mismos que hoy han abarrotado Cervera, siguen estando ah\u00ed. Ver a mis fans, todo lo que hemos vivido hoy y el buen ambiente que ha reinado durante toda la celebraci\u00f3n, es lo m\u00e1s importante.<\/em><\/p>\n","protected":false},"excerpt":{"rendered":"<p>Miles de personas desbordan las calles de su localidad natal, Cervera, para festejar su quinto Campeonato del Mundo de MotoGP.<\/p>\n","protected":false},"author":43146,"featured_media":59953,"comment_status":"open","ping_status":"open","sticky":false,"template":"","format":"standard","meta":{"footnotes":""},"categories":[4],"tags":[6],"class_list":["post-93533","post","type-post","status-publish","format-standard","hentry","category-motogp","tag-marc-marquez"],"yoast_head":"<!-- This site is optimized with the Yoast SEO plugin v27.3 - https:\/\/yoast.com\/product\/yoast-seo-wordpress\/ -->\n<title>Celebraci\u00f3n en Cervera Level7 - Marc M\u00e1rquez celebra el s\u00e9ptimo t\u00edtulo junto a su afici\u00f3n<\/title>\n<meta name=\"description\" content=\"Miles de personas desbordan las calles de su localidad natal, Cervera, para festejar su quinto Campeonato del Mundo de MotoGP.\" \/>\n<link rel=\"canonical\" href=\"https:\/\/www.boxrepsol.com\/es\/motogp\/marc-marquez-celebra-septimo-titulo-junto-aficion\/\" \/>\n<meta property=\"og:locale\" content=\"es_ES\" \/>\n<meta property=\"og:type\" content=\"article\" \/>\n<meta property=\"og:title\" content=\"Celebraci\u00f3n en Cervera Level7 - Marc M\u00e1rquez celebra el s\u00e9ptimo t\u00edtulo junto a su afici\u00f3n\" \/>\n<meta property=\"og:description\" content=\"Miles de personas desbordan las calles de su localidad natal, Cervera, para festejar su quinto Campeonato del Mundo de MotoGP.\" \/>\n<meta property=\"og:url\" content=\"https:\/\/www.boxrepsol.com\/es\/motogp\/marc-marquez-celebra-septimo-titulo-junto-aficion\/\" \/>\n<meta property=\"og:site_name\" content=\"Box Repsol\" \/>\n<meta property=\"article:publisher\" content=\"https:\/\/www.facebook.com\/BoxRepsol\" \/>\n<meta property=\"article:author\" content=\"https:\/\/www.facebook.com\/BoxRepsol\/\" \/>\n<meta property=\"article:published_time\" content=\"2018-11-12T02:00:00+00:00\" \/>\n<meta property=\"article:modified_time\" content=\"2024-05-22T10:21:08+00:00\" \/>\n<meta property=\"og:image\" content=\"https:\/\/bxrepsol.s3.eu-west-1.amazonaws.com\/static\/2022\/08\/29083339\/00_marc_marquez_celebracion_cervera_motogp_repsol_honda_level7.jpg\" \/>\n\t<meta property=\"og:image:width\" content=\"1280\" \/>\n\t<meta property=\"og:image:height\" content=\"600\" \/>\n\t<meta property=\"og:image:type\" content=\"image\/jpeg\" \/>\n<meta name=\"author\" content=\"Redacci\u00f3n Box Repsol\" \/>\n<meta name=\"twitter:card\" content=\"summary_large_image\" \/>\n<meta name=\"twitter:creator\" content=\"@https:\/\/twitter.com\/box_repsol\" \/>\n<meta name=\"twitter:site\" content=\"@box_repsol\" \/>\n<meta name=\"twitter:label1\" content=\"Written by\" \/>\n\t<meta name=\"twitter:data1\" content=\"Redacci\u00f3n Box Repsol\" \/>\n\t<meta name=\"twitter:label2\" content=\"Est. reading time\" \/>\n\t<meta name=\"twitter:data2\" content=\"2 minutos\" \/>\n<script type=\"application\/ld+json\" class=\"yoast-schema-graph\">{\"@context\":\"https:\\\/\\\/schema.org\",\"@graph\":[{\"@type\":\"Article\",\"@id\":\"https:\\\/\\\/www.boxrepsol.com\\\/es\\\/motogp\\\/marc-marquez-celebra-septimo-titulo-junto-aficion\\\/#article\",\"isPartOf\":{\"@id\":\"https:\\\/\\\/www.boxrepsol.com\\\/es\\\/motogp\\\/marc-marquez-celebra-septimo-titulo-junto-aficion\\\/\"},\"author\":{\"name\":\"Redacci\u00f3n Box Repsol\",\"@id\":\"https:\\\/\\\/www.boxrepsol.com\\\/es\\\/#\\\/schema\\\/person\\\/c5c2138f2cca251b0ad92b7086bb60b7\"},\"headline\":\"Marc M\u00e1rquez celebra el s\u00e9ptimo t\u00edtulo junto a su afici\u00f3n\",\"datePublished\":\"2018-11-12T02:00:00+00:00\",\"dateModified\":\"2024-05-22T10:21:08+00:00\",\"mainEntityOfPage\":{\"@id\":\"https:\\\/\\\/www.boxrepsol.com\\\/es\\\/motogp\\\/marc-marquez-celebra-septimo-titulo-junto-aficion\\\/\"},\"wordCount\":383,\"commentCount\":0,\"publisher\":{\"@id\":\"https:\\\/\\\/www.boxrepsol.com\\\/es\\\/#organization\"},\"image\":{\"@id\":\"https:\\\/\\\/www.boxrepsol.com\\\/es\\\/motogp\\\/marc-marquez-celebra-septimo-titulo-junto-aficion\\\/#primaryimage\"},\"thumbnailUrl\":\"https:\\\/\\\/bxrepsol.s3.eu-west-1.amazonaws.com\\\/static\\\/2022\\\/08\\\/29083339\\\/00_marc_marquez_celebracion_cervera_motogp_repsol_honda_level7.jpg\",\"keywords\":[\"Marc M\u00e1rquez\"],\"articleSection\":[\"MotoGP\"],\"inLanguage\":\"es\",\"potentialAction\":[{\"@type\":\"CommentAction\",\"name\":\"Comment\",\"target\":[\"https:\\\/\\\/www.boxrepsol.com\\\/es\\\/motogp\\\/marc-marquez-celebra-septimo-titulo-junto-aficion\\\/#respond\"]}]},{\"@type\":\"WebPage\",\"@id\":\"https:\\\/\\\/www.boxrepsol.com\\\/es\\\/motogp\\\/marc-marquez-celebra-septimo-titulo-junto-aficion\\\/\",\"url\":\"https:\\\/\\\/www.boxrepsol.com\\\/es\\\/motogp\\\/marc-marquez-celebra-septimo-titulo-junto-aficion\\\/\",\"name\":\"Celebraci\u00f3n en Cervera Level7 - Marc M\u00e1rquez celebra el s\u00e9ptimo t\u00edtulo junto a su afici\u00f3n\",\"isPartOf\":{\"@id\":\"https:\\\/\\\/www.boxrepsol.com\\\/es\\\/#website\"},\"primaryImageOfPage\":{\"@id\":\"https:\\\/\\\/www.boxrepsol.com\\\/es\\\/motogp\\\/marc-marquez-celebra-septimo-titulo-junto-aficion\\\/#primaryimage\"},\"image\":{\"@id\":\"https:\\\/\\\/www.boxrepsol.com\\\/es\\\/motogp\\\/marc-marquez-celebra-septimo-titulo-junto-aficion\\\/#primaryimage\"},\"thumbnailUrl\":\"https:\\\/\\\/bxrepsol.s3.eu-west-1.amazonaws.com\\\/static\\\/2022\\\/08\\\/29083339\\\/00_marc_marquez_celebracion_cervera_motogp_repsol_honda_level7.jpg\",\"datePublished\":\"2018-11-12T02:00:00+00:00\",\"dateModified\":\"2024-05-22T10:21:08+00:00\",\"description\":\"Miles de personas desbordan las calles de su localidad natal, Cervera, para festejar su quinto Campeonato del Mundo de MotoGP.\",\"breadcrumb\":{\"@id\":\"https:\\\/\\\/www.boxrepsol.com\\\/es\\\/motogp\\\/marc-marquez-celebra-septimo-titulo-junto-aficion\\\/#breadcrumb\"},\"inLanguage\":\"es\",\"potentialAction\":[{\"@type\":\"ReadAction\",\"target\":[\"https:\\\/\\\/www.boxrepsol.com\\\/es\\\/motogp\\\/marc-marquez-celebra-septimo-titulo-junto-aficion\\\/\"]}]},{\"@type\":\"ImageObject\",\"inLanguage\":\"es\",\"@id\":\"https:\\\/\\\/www.boxrepsol.com\\\/es\\\/motogp\\\/marc-marquez-celebra-septimo-titulo-junto-aficion\\\/#primaryimage\",\"url\":\"https:\\\/\\\/bxrepsol.s3.eu-west-1.amazonaws.com\\\/static\\\/2022\\\/08\\\/29083339\\\/00_marc_marquez_celebracion_cervera_motogp_repsol_honda_level7.jpg\",\"contentUrl\":\"https:\\\/\\\/bxrepsol.s3.eu-west-1.amazonaws.com\\\/static\\\/2022\\\/08\\\/29083339\\\/00_marc_marquez_celebracion_cervera_motogp_repsol_honda_level7.jpg\",\"width\":1280,\"height\":600,\"caption\":\"Marc M\u00e1rquez cubierto de confeti rojo y rodeado de fans con banderas\"},{\"@type\":\"BreadcrumbList\",\"@id\":\"https:\\\/\\\/www.boxrepsol.com\\\/es\\\/motogp\\\/marc-marquez-celebra-septimo-titulo-junto-aficion\\\/#breadcrumb\",\"itemListElement\":[{\"@type\":\"ListItem\",\"position\":1,\"name\":\"Home\",\"item\":\"https:\\\/\\\/www.boxrepsol.com\\\/es\\\/\"},{\"@type\":\"ListItem\",\"position\":2,\"name\":\"Marc M\u00e1rquez celebra el s\u00e9ptimo t\u00edtulo junto a su afici\u00f3n\"}]},{\"@type\":\"WebSite\",\"@id\":\"https:\\\/\\\/www.boxrepsol.com\\\/es\\\/#website\",\"url\":\"https:\\\/\\\/www.boxrepsol.com\\\/es\\\/\",\"name\":\"Box Repsol\",\"description\":\"Box Repsol Site\",\"publisher\":{\"@id\":\"https:\\\/\\\/www.boxrepsol.com\\\/es\\\/#organization\"},\"potentialAction\":[{\"@type\":\"SearchAction\",\"target\":{\"@type\":\"EntryPoint\",\"urlTemplate\":\"https:\\\/\\\/www.boxrepsol.com\\\/es\\\/?s={search_term_string}\"},\"query-input\":{\"@type\":\"PropertyValueSpecification\",\"valueRequired\":true,\"valueName\":\"search_term_string\"}}],\"inLanguage\":\"es\"},{\"@type\":\"Organization\",\"@id\":\"https:\\\/\\\/www.boxrepsol.com\\\/es\\\/#organization\",\"name\":\"Box Repsol\",\"url\":\"https:\\\/\\\/www.boxrepsol.com\\\/es\\\/\",\"logo\":{\"@type\":\"ImageObject\",\"inLanguage\":\"es\",\"@id\":\"https:\\\/\\\/www.boxrepsol.com\\\/es\\\/#\\\/schema\\\/logo\\\/image\\\/\",\"url\":\"https:\\\/\\\/bxrepsol.s3.eu-west-1.amazonaws.com\\\/static\\\/2025\\\/07\\\/30083337\\\/favicon-96x96-1.png\",\"contentUrl\":\"https:\\\/\\\/bxrepsol.s3.eu-west-1.amazonaws.com\\\/static\\\/2025\\\/07\\\/30083337\\\/favicon-96x96-1.png\",\"width\":96,\"height\":96,\"caption\":\"Box Repsol\"},\"image\":{\"@id\":\"https:\\\/\\\/www.boxrepsol.com\\\/es\\\/#\\\/schema\\\/logo\\\/image\\\/\"},\"sameAs\":[\"https:\\\/\\\/www.facebook.com\\\/BoxRepsol\",\"https:\\\/\\\/x.com\\\/box_repsol\",\"http:\\\/\\\/instagram.com\\\/box_repsol\",\"https:\\\/\\\/www.youtube.com\\\/user\\\/RepsolCompeticion\",\"https:\\\/\\\/www.flickr.com\\\/photos\\\/box_repsol\\\/\"]},{\"@type\":\"Person\",\"@id\":\"https:\\\/\\\/www.boxrepsol.com\\\/es\\\/#\\\/schema\\\/person\\\/c5c2138f2cca251b0ad92b7086bb60b7\",\"name\":\"Redacci\u00f3n Box Repsol\",\"image\":{\"@type\":\"ImageObject\",\"inLanguage\":\"es\",\"@id\":\"https:\\\/\\\/secure.gravatar.com\\\/avatar\\\/adf7b77e38b4419baf32c7e9c21dde01f4e40df611f0978e3006fc4ba0aaab7e?s=96&d=mm&r=g\",\"url\":\"https:\\\/\\\/secure.gravatar.com\\\/avatar\\\/adf7b77e38b4419baf32c7e9c21dde01f4e40df611f0978e3006fc4ba0aaab7e?s=96&d=mm&r=g\",\"contentUrl\":\"https:\\\/\\\/secure.gravatar.com\\\/avatar\\\/adf7b77e38b4419baf32c7e9c21dde01f4e40df611f0978e3006fc4ba0aaab7e?s=96&d=mm&r=g\",\"caption\":\"Redacci\u00f3n Box Repsol\"},\"description\":\"Box Repsol lo forma un equipo de periodistas, community managers, dise\u00f1adores y fot\u00f3grafos con m\u00e1s de 20 a\u00f1os de experiencia en el mundo del motorsport. Hemos vivido el primer mundial de un espa\u00f1ol en la categor\u00eda reina de motociclismo con \u00c1lex Crivill\u00e9, estuvimos en las victorias de Pedrosa y los t\u00edtulos de M\u00e1rquez, acompa\u00f1amos en \u00c1frica a Nani Roma y Marc Coma en sus conquistas del Dakar y hemos vibrado con los t\u00edtulos de Toni Bou en Trial. Adem\u00e1s, en nuestro equipo contamos con expertos en el mundo de las dos y cuatro ruedas tanto de la calle y las carreteras, como de los circuitos. Periodistas que han trabajado en revistas y publicaciones para hacerte llegar desde rutas y consejos de mantenimiento, a curiosidades y trucos de pilotaje.\",\"sameAs\":[\"https:\\\/\\\/www.facebook.com\\\/BoxRepsol\\\/\",\"https:\\\/\\\/www.instagram.com\\\/box_repsol\\\/\",\"https:\\\/\\\/x.com\\\/https:\\\/\\\/twitter.com\\\/box_repsol\",\"https:\\\/\\\/www.youtube.com\\\/@Boxrepsol\"],\"url\":\"https:\\\/\\\/www.boxrepsol.com\\\/es\\\/author\\\/redaccion-box-repsol\\\/\"}]}<\/script>\n<!-- \/ Yoast SEO plugin. -->","yoast_head_json":{"title":"Celebraci\u00f3n en Cervera Level7 - Marc M\u00e1rquez celebra el s\u00e9ptimo t\u00edtulo junto a su afici\u00f3n","description":"Miles de personas desbordan las calles de su localidad natal, Cervera, para festejar su quinto Campeonato del Mundo de MotoGP.","canonical":"https:\/\/www.boxrepsol.com\/es\/motogp\/marc-marquez-celebra-septimo-titulo-junto-aficion\/","og_locale":"es_ES","og_type":"article","og_title":"Celebraci\u00f3n en Cervera Level7 - Marc M\u00e1rquez celebra el s\u00e9ptimo t\u00edtulo junto a su afici\u00f3n","og_description":"Miles de personas desbordan las calles de su localidad natal, Cervera, para festejar su quinto Campeonato del Mundo de MotoGP.","og_url":"https:\/\/www.boxrepsol.com\/es\/motogp\/marc-marquez-celebra-septimo-titulo-junto-aficion\/","og_site_name":"Box Repsol","article_publisher":"https:\/\/www.facebook.com\/BoxRepsol","article_author":"https:\/\/www.facebook.com\/BoxRepsol\/","article_published_time":"2018-11-12T02:00:00+00:00","article_modified_time":"2024-05-22T10:21:08+00:00","og_image":[{"width":1280,"height":600,"url":"https:\/\/bxrepsol.s3.eu-west-1.amazonaws.com\/static\/2022\/08\/29083339\/00_marc_marquez_celebracion_cervera_motogp_repsol_honda_level7.jpg","type":"image\/jpeg"}],"author":"Redacci\u00f3n Box Repsol","twitter_card":"summary_large_image","twitter_creator":"@https:\/\/twitter.com\/box_repsol","twitter_site":"@box_repsol","twitter_misc":{"Written by":"Redacci\u00f3n Box Repsol","Est. reading time":"2 minutos"},"schema":{"@context":"https:\/\/schema.org","@graph":[{"@type":"Article","@id":"https:\/\/www.boxrepsol.com\/es\/motogp\/marc-marquez-celebra-septimo-titulo-junto-aficion\/#article","isPartOf":{"@id":"https:\/\/www.boxrepsol.com\/es\/motogp\/marc-marquez-celebra-septimo-titulo-junto-aficion\/"},"author":{"name":"Redacci\u00f3n Box Repsol","@id":"https:\/\/www.boxrepsol.com\/es\/#\/schema\/person\/c5c2138f2cca251b0ad92b7086bb60b7"},"headline":"Marc M\u00e1rquez celebra el s\u00e9ptimo t\u00edtulo junto a su afici\u00f3n","datePublished":"2018-11-12T02:00:00+00:00","dateModified":"2024-05-22T10:21:08+00:00","mainEntityOfPage":{"@id":"https:\/\/www.boxrepsol.com\/es\/motogp\/marc-marquez-celebra-septimo-titulo-junto-aficion\/"},"wordCount":383,"commentCount":0,"publisher":{"@id":"https:\/\/www.boxrepsol.com\/es\/#organization"},"image":{"@id":"https:\/\/www.boxrepsol.com\/es\/motogp\/marc-marquez-celebra-septimo-titulo-junto-aficion\/#primaryimage"},"thumbnailUrl":"https:\/\/bxrepsol.s3.eu-west-1.amazonaws.com\/static\/2022\/08\/29083339\/00_marc_marquez_celebracion_cervera_motogp_repsol_honda_level7.jpg","keywords":["Marc M\u00e1rquez"],"articleSection":["MotoGP"],"inLanguage":"es","potentialAction":[{"@type":"CommentAction","name":"Comment","target":["https:\/\/www.boxrepsol.com\/es\/motogp\/marc-marquez-celebra-septimo-titulo-junto-aficion\/#respond"]}]},{"@type":"WebPage","@id":"https:\/\/www.boxrepsol.com\/es\/motogp\/marc-marquez-celebra-septimo-titulo-junto-aficion\/","url":"https:\/\/www.boxrepsol.com\/es\/motogp\/marc-marquez-celebra-septimo-titulo-junto-aficion\/","name":"Celebraci\u00f3n en Cervera Level7 - Marc M\u00e1rquez celebra el s\u00e9ptimo t\u00edtulo junto a su afici\u00f3n","isPartOf":{"@id":"https:\/\/www.boxrepsol.com\/es\/#website"},"primaryImageOfPage":{"@id":"https:\/\/www.boxrepsol.com\/es\/motogp\/marc-marquez-celebra-septimo-titulo-junto-aficion\/#primaryimage"},"image":{"@id":"https:\/\/www.boxrepsol.com\/es\/motogp\/marc-marquez-celebra-septimo-titulo-junto-aficion\/#primaryimage"},"thumbnailUrl":"https:\/\/bxrepsol.s3.eu-west-1.amazonaws.com\/static\/2022\/08\/29083339\/00_marc_marquez_celebracion_cervera_motogp_repsol_honda_level7.jpg","datePublished":"2018-11-12T02:00:00+00:00","dateModified":"2024-05-22T10:21:08+00:00","description":"Miles de personas desbordan las calles de su localidad natal, Cervera, para festejar su quinto Campeonato del Mundo de MotoGP.","breadcrumb":{"@id":"https:\/\/www.boxrepsol.com\/es\/motogp\/marc-marquez-celebra-septimo-titulo-junto-aficion\/#breadcrumb"},"inLanguage":"es","potentialAction":[{"@type":"ReadAction","target":["https:\/\/www.boxrepsol.com\/es\/motogp\/marc-marquez-celebra-septimo-titulo-junto-aficion\/"]}]},{"@type":"ImageObject","inLanguage":"es","@id":"https:\/\/www.boxrepsol.com\/es\/motogp\/marc-marquez-celebra-septimo-titulo-junto-aficion\/#primaryimage","url":"https:\/\/bxrepsol.s3.eu-west-1.amazonaws.com\/static\/2022\/08\/29083339\/00_marc_marquez_celebracion_cervera_motogp_repsol_honda_level7.jpg","contentUrl":"https:\/\/bxrepsol.s3.eu-west-1.amazonaws.com\/static\/2022\/08\/29083339\/00_marc_marquez_celebracion_cervera_motogp_repsol_honda_level7.jpg","width":1280,"height":600,"caption":"Marc M\u00e1rquez cubierto de confeti rojo y rodeado de fans con banderas"},{"@type":"BreadcrumbList","@id":"https:\/\/www.boxrepsol.com\/es\/motogp\/marc-marquez-celebra-septimo-titulo-junto-aficion\/#breadcrumb","itemListElement":[{"@type":"ListItem","position":1,"name":"Home","item":"https:\/\/www.boxrepsol.com\/es\/"},{"@type":"ListItem","position":2,"name":"Marc M\u00e1rquez celebra el s\u00e9ptimo t\u00edtulo junto a su afici\u00f3n"}]},{"@type":"WebSite","@id":"https:\/\/www.boxrepsol.com\/es\/#website","url":"https:\/\/www.boxrepsol.com\/es\/","name":"Box Repsol","description":"Box Repsol Site","publisher":{"@id":"https:\/\/www.boxrepsol.com\/es\/#organization"},"potentialAction":[{"@type":"SearchAction","target":{"@type":"EntryPoint","urlTemplate":"https:\/\/www.boxrepsol.com\/es\/?s={search_term_string}"},"query-input":{"@type":"PropertyValueSpecification","valueRequired":true,"valueName":"search_term_string"}}],"inLanguage":"es"},{"@type":"Organization","@id":"https:\/\/www.boxrepsol.com\/es\/#organization","name":"Box Repsol","url":"https:\/\/www.boxrepsol.com\/es\/","logo":{"@type":"ImageObject","inLanguage":"es","@id":"https:\/\/www.boxrepsol.com\/es\/#\/schema\/logo\/image\/","url":"https:\/\/bxrepsol.s3.eu-west-1.amazonaws.com\/static\/2025\/07\/30083337\/favicon-96x96-1.png","contentUrl":"https:\/\/bxrepsol.s3.eu-west-1.amazonaws.com\/static\/2025\/07\/30083337\/favicon-96x96-1.png","width":96,"height":96,"caption":"Box Repsol"},"image":{"@id":"https:\/\/www.boxrepsol.com\/es\/#\/schema\/logo\/image\/"},"sameAs":["https:\/\/www.facebook.com\/BoxRepsol","https:\/\/x.com\/box_repsol","http:\/\/instagram.com\/box_repsol","https:\/\/www.youtube.com\/user\/RepsolCompeticion","https:\/\/www.flickr.com\/photos\/box_repsol\/"]},{"@type":"Person","@id":"https:\/\/www.boxrepsol.com\/es\/#\/schema\/person\/c5c2138f2cca251b0ad92b7086bb60b7","name":"Redacci\u00f3n Box Repsol","image":{"@type":"ImageObject","inLanguage":"es","@id":"https:\/\/secure.gravatar.com\/avatar\/adf7b77e38b4419baf32c7e9c21dde01f4e40df611f0978e3006fc4ba0aaab7e?s=96&d=mm&r=g","url":"https:\/\/secure.gravatar.com\/avatar\/adf7b77e38b4419baf32c7e9c21dde01f4e40df611f0978e3006fc4ba0aaab7e?s=96&d=mm&r=g","contentUrl":"https:\/\/secure.gravatar.com\/avatar\/adf7b77e38b4419baf32c7e9c21dde01f4e40df611f0978e3006fc4ba0aaab7e?s=96&d=mm&r=g","caption":"Redacci\u00f3n Box Repsol"},"description":"Box Repsol lo forma un equipo de periodistas, community managers, dise\u00f1adores y fot\u00f3grafos con m\u00e1s de 20 a\u00f1os de experiencia en el mundo del motorsport. Hemos vivido el primer mundial de un espa\u00f1ol en la categor\u00eda reina de motociclismo con \u00c1lex Crivill\u00e9, estuvimos en las victorias de Pedrosa y los t\u00edtulos de M\u00e1rquez, acompa\u00f1amos en \u00c1frica a Nani Roma y Marc Coma en sus conquistas del Dakar y hemos vibrado con los t\u00edtulos de Toni Bou en Trial. Adem\u00e1s, en nuestro equipo contamos con expertos en el mundo de las dos y cuatro ruedas tanto de la calle y las carreteras, como de los circuitos. Periodistas que han trabajado en revistas y publicaciones para hacerte llegar desde rutas y consejos de mantenimiento, a curiosidades y trucos de pilotaje.","sameAs":["https:\/\/www.facebook.com\/BoxRepsol\/","https:\/\/www.instagram.com\/box_repsol\/","https:\/\/x.com\/https:\/\/twitter.com\/box_repsol","https:\/\/www.youtube.com\/@Boxrepsol"],"url":"https:\/\/www.boxrepsol.com\/es\/author\/redaccion-box-repsol\/"}]}},"_links":{"self":[{"href":"https:\/\/www.boxrepsol.com\/es\/wp-json\/wp\/v2\/posts\/93533","targetHints":{"allow":["GET"]}}],"collection":[{"href":"https:\/\/www.boxrepsol.com\/es\/wp-json\/wp\/v2\/posts"}],"about":[{"href":"https:\/\/www.boxrepsol.com\/es\/wp-json\/wp\/v2\/types\/post"}],"author":[{"embeddable":true,"href":"https:\/\/www.boxrepsol.com\/es\/wp-json\/wp\/v2\/users\/43146"}],"replies":[{"embeddable":true,"href":"https:\/\/www.boxrepsol.com\/es\/wp-json\/wp\/v2\/comments?post=93533"}],"version-history":[{"count":1,"href":"https:\/\/www.boxrepsol.com\/es\/wp-json\/wp\/v2\/posts\/93533\/revisions"}],"predecessor-version":[{"id":93534,"href":"https:\/\/www.boxrepsol.com\/es\/wp-json\/wp\/v2\/posts\/93533\/revisions\/93534"}],"wp:featuredmedia":[{"embeddable":true,"href":"https:\/\/www.boxrepsol.com\/es\/wp-json\/wp\/v2\/media\/59953"}],"wp:attachment":[{"href":"https:\/\/www.boxrepsol.com\/es\/wp-json\/wp\/v2\/media?parent=93533"}],"wp:term":[{"taxonomy":"category","embeddable":true,"href":"https:\/\/www.boxrepsol.com\/es\/wp-json\/wp\/v2\/categories?post=93533"},{"taxonomy":"post_tag","embeddable":true,"href":"https:\/\/www.boxrepsol.com\/es\/wp-json\/wp\/v2\/tags?post=93533"}],"curies":[{"name":"wp","href":"https:\/\/api.w.org\/{rel}","templated":true}]}}