{"id":93528,"date":"2018-11-07T00:00:00","date_gmt":"2018-11-07T02:00:00","guid":{"rendered":"http:\/\/pre.boxrepsol.com\/sin-categorizar\/video-entrevista-a-marc-marquez\/"},"modified":"2024-05-22T08:22:41","modified_gmt":"2024-05-22T10:22:41","slug":"video-entrevista-a-marc-marquez","status":"publish","type":"post","link":"https:\/\/www.boxrepsol.com\/es\/motogp\/video-entrevista-a-marc-marquez\/","title":{"rendered":"Marc: \u00abJerez y Le Mans fueron clave para la temporada\u00bb"},"content":{"rendered":"<p><em>El pasado domingo, Marc M\u00e1rquez <a href=\"https:\/\/www.boxrepsol.com\/es\/motogp\/novena-victoria-marquez-quinta-posicion-pedrosa\/\">cerr\u00f3 de la mejor forma posible el periplo del Mundial de MotoGP<\/a> por Tailandia, Jap\u00f3n, Australia y Malasia: con una nueva victoria, la tercera en las cuatro citas transoce\u00e1nicas. Fue la novena de la temporada, que se despedir\u00e1 la semana que viene en Espa\u00f1a con el <a href=\"https:\/\/www.boxrepsol.com\/es\/motogp\/horarios-gp-valencia-motogp-2018\/\">Gran Premio de la Comunitat Valenciana<\/a>. All\u00ed M\u00e1rquez celebrar\u00e1 por fin ante sus aficionados el t\u00edtulo conseguido en Jap\u00f3n, el s\u00e9ptimo de su carrera deportiva, que estren\u00f3 en el Gran Premio de Portugal de 2008.<\/em><\/p>\n<p><strong>Pregunta Diez a\u00f1os en el Mundial de Motociclismo; eres un joven veterano. \u00bfQu\u00e9 es lo que m\u00e1s recuerdas de tu debut?<\/strong><\/p>\n<p><strong>Respuesta<\/strong> \u00a1El tiempo pasa muy r\u00e1pido! Recuerdo la primera carrera como si fuese ayer. Llegaba a Estoril despu\u00e9s de haberme lesionado en pretemporada. Estaba muy nervioso y, en el primer entrenamiento, me pasaron por todas partes. Ese fin de semana me ca\u00ed tres o cuatro veces porque quer\u00eda dar m\u00e1s de lo que realmente pod\u00eda, como de costumbre. Han pasado ya diez a\u00f1os de ese primer Gran Premio, pero lo siento como si fuese algo muy reciente.<\/p>\n<p><strong>P Adem\u00e1s de los t\u00edtulos, \u00bfcon qu\u00e9 te quedas de estos diez\u00a0 a\u00f1os?<\/strong><\/p>\n<p><strong>R<\/strong> Durante este tiempo, los t\u00edtulos han sido lo m\u00e1s importante, pero si tuviera que quedarme con algo de mis diez a\u00f1os en el campeonato, ser\u00eda con el estilo de vida, la forma en la que el Mundial marca tu d\u00eda a d\u00eda, tu car\u00e1cter. Conoces a mucha gente, maduras como un ni\u00f1o que pasa de los 15 a los 25 a\u00f1os. Me quedo con los momentos vividos dentro del circuito pero fuera de la pista, realmente es donde m\u00e1s tiempo pasamos, aunque esa parte la gente no la puede ver\u201d.<\/p>\n<p><strong>P Temporada tras temporada sigues creciendo, aprendiendo, \u00bfqu\u00e9 has extra\u00eddo de 2018?<\/strong><\/p>\n<p><strong>R<\/strong> Esta temporada, hemos hecho las cosas muy bien. \u00bfQu\u00e9 aprendes? Experiencia. Te encuentras con situaciones nuevas y debes saber c\u00f3mo gestionarlas, aprendes a estar con los tuyos\u2026 Esto \u00faltimo es algo que siempre resalto mucho, ya que es un punto clave; has de saber estar encerrado en tu box. En la pista, aprendes y creces en el \u00e1mbito deportivo, pero sobre todo, vas madurando y vas viendo diferentes ambientes, pasan cosas distintas e intuyes en qu\u00e9 lugar debes situarte.<\/p>\n<p><strong>P El a\u00f1o pasado comentaste que con Dovizioso aprendiste que no se puede subestimar a nadie. \u00bfQu\u00e9 piloto te ha sorprendido m\u00e1s?<\/strong><\/p>\n<p><strong>R<\/strong> Cada a\u00f1o te sorprende un piloto y este a\u00f1o, en la categor\u00eda de MotoGP, quien m\u00e1s me ha impresionado ha sido Jorge Lorenzo. Hab\u00eda algunas carreras en las que mucha gente ya no daba ni un duro por \u00e9l y al final, ha acabado siendo uno de los referentes del campeonato y ganando muchas carreras. Esto quiere decir que, cuando uno tiene talento y ha sido campe\u00f3n, lo puede volver a ser. Es ah\u00ed donde se demuestra la fuerza mental y, en este caso, creo que Lorenzo ha sabido reaccionar.<\/p>\n<p><strong>P Desde que se apagaron los sem\u00e1foros en Catar, en marzo, \u00bfcu\u00e1l crees que ha sido el momento clave?<\/strong><\/p>\n<p><strong>R<\/strong> Ha habido varios momentos clave. Pero quiz\u00e1s los m\u00e1s importantes han sido las victorias de Jerez y Le Mans, donde gan\u00e9 sendas carreras y los rivales fallaron, sobre todo Andrea Dovizioso y Jorge Lorenzo. Es ah\u00ed donde consigues una ventaja que, si tienes sangre fr\u00eda en los momentos m\u00e1s cr\u00edticos, la puedes gestionar bien.<\/p>\n","protected":false},"excerpt":{"rendered":"<p>Marc M\u00e1rquez ha conseguido en la gira transoce\u00e1nica el s\u00e9ptimo Mundial de su palmar\u00e9s, la s\u00e9ptima corona en once temporadas desde que debut\u00f3 en el Campeonato del Mundo.<\/p>\n","protected":false},"author":43146,"featured_media":59935,"comment_status":"open","ping_status":"open","sticky":false,"template":"","format":"standard","meta":{"footnotes":""},"categories":[4],"tags":[6],"class_list":["post-93528","post","type-post","status-publish","format-standard","hentry","category-motogp","tag-marc-marquez"],"yoast_head":"<!-- This site is optimized with the Yoast SEO plugin v27.3 - https:\/\/yoast.com\/product\/yoast-seo-wordpress\/ -->\n<title>Marc: &quot;Jerez y Le Mans fueron clave para la temporada&quot;<\/title>\n<meta name=\"description\" content=\"Marc M\u00e1rquez ha conseguido en la gira transoce\u00e1nica el s\u00e9ptimo Mundial de su palmar\u00e9s, la s\u00e9ptima corona en once temporadas desde que debut\u00f3.\" \/>\n<link rel=\"canonical\" href=\"https:\/\/www.boxrepsol.com\/es\/motogp\/video-entrevista-a-marc-marquez\/\" \/>\n<meta property=\"og:locale\" content=\"es_ES\" \/>\n<meta property=\"og:type\" content=\"article\" \/>\n<meta property=\"og:title\" content=\"Marc: &quot;Jerez y Le Mans fueron clave para la temporada&quot;\" \/>\n<meta property=\"og:description\" content=\"Marc M\u00e1rquez ha conseguido en la gira transoce\u00e1nica el s\u00e9ptimo Mundial de su palmar\u00e9s, la s\u00e9ptima corona en once temporadas desde que debut\u00f3.\" \/>\n<meta property=\"og:url\" content=\"https:\/\/www.boxrepsol.com\/es\/motogp\/video-entrevista-a-marc-marquez\/\" \/>\n<meta property=\"og:site_name\" content=\"Box Repsol\" \/>\n<meta property=\"article:publisher\" content=\"https:\/\/www.facebook.com\/BoxRepsol\" \/>\n<meta property=\"article:author\" content=\"https:\/\/www.facebook.com\/BoxRepsol\/\" \/>\n<meta property=\"article:published_time\" content=\"2018-11-07T02:00:00+00:00\" \/>\n<meta property=\"article:modified_time\" content=\"2024-05-22T10:22:41+00:00\" \/>\n<meta property=\"og:image\" content=\"https:\/\/bxrepsol.s3.eu-west-1.amazonaws.com\/static\/2022\/08\/29083330\/00_marc_marquez_equipo_repsol_honda_tecnicos_box.jpg\" \/>\n\t<meta property=\"og:image:width\" content=\"1280\" \/>\n\t<meta property=\"og:image:height\" content=\"600\" \/>\n\t<meta property=\"og:image:type\" content=\"image\/jpeg\" \/>\n<meta name=\"author\" content=\"Redacci\u00f3n Box Repsol\" \/>\n<meta name=\"twitter:card\" content=\"summary_large_image\" \/>\n<meta name=\"twitter:creator\" content=\"@https:\/\/twitter.com\/box_repsol\" \/>\n<meta name=\"twitter:site\" content=\"@box_repsol\" \/>\n<meta name=\"twitter:label1\" content=\"Written by\" \/>\n\t<meta name=\"twitter:data1\" content=\"Redacci\u00f3n Box Repsol\" \/>\n\t<meta name=\"twitter:label2\" content=\"Est. reading time\" \/>\n\t<meta name=\"twitter:data2\" content=\"3 minutos\" \/>\n<script type=\"application\/ld+json\" class=\"yoast-schema-graph\">{\"@context\":\"https:\\\/\\\/schema.org\",\"@graph\":[{\"@type\":\"Article\",\"@id\":\"https:\\\/\\\/www.boxrepsol.com\\\/es\\\/motogp\\\/video-entrevista-a-marc-marquez\\\/#article\",\"isPartOf\":{\"@id\":\"https:\\\/\\\/www.boxrepsol.com\\\/es\\\/motogp\\\/video-entrevista-a-marc-marquez\\\/\"},\"author\":{\"name\":\"Redacci\u00f3n Box Repsol\",\"@id\":\"https:\\\/\\\/www.boxrepsol.com\\\/es\\\/#\\\/schema\\\/person\\\/c5c2138f2cca251b0ad92b7086bb60b7\"},\"headline\":\"Marc: \u00abJerez y Le Mans fueron clave para la temporada\u00bb\",\"datePublished\":\"2018-11-07T02:00:00+00:00\",\"dateModified\":\"2024-05-22T10:22:41+00:00\",\"mainEntityOfPage\":{\"@id\":\"https:\\\/\\\/www.boxrepsol.com\\\/es\\\/motogp\\\/video-entrevista-a-marc-marquez\\\/\"},\"wordCount\":619,\"commentCount\":0,\"publisher\":{\"@id\":\"https:\\\/\\\/www.boxrepsol.com\\\/es\\\/#organization\"},\"image\":{\"@id\":\"https:\\\/\\\/www.boxrepsol.com\\\/es\\\/motogp\\\/video-entrevista-a-marc-marquez\\\/#primaryimage\"},\"thumbnailUrl\":\"https:\\\/\\\/bxrepsol.s3.eu-west-1.amazonaws.com\\\/static\\\/2022\\\/08\\\/29083330\\\/00_marc_marquez_equipo_repsol_honda_tecnicos_box.jpg\",\"keywords\":[\"Marc M\u00e1rquez\"],\"articleSection\":[\"MotoGP\"],\"inLanguage\":\"es\",\"potentialAction\":[{\"@type\":\"CommentAction\",\"name\":\"Comment\",\"target\":[\"https:\\\/\\\/www.boxrepsol.com\\\/es\\\/motogp\\\/video-entrevista-a-marc-marquez\\\/#respond\"]}]},{\"@type\":\"WebPage\",\"@id\":\"https:\\\/\\\/www.boxrepsol.com\\\/es\\\/motogp\\\/video-entrevista-a-marc-marquez\\\/\",\"url\":\"https:\\\/\\\/www.boxrepsol.com\\\/es\\\/motogp\\\/video-entrevista-a-marc-marquez\\\/\",\"name\":\"Marc: \\\"Jerez y Le Mans fueron clave para la temporada\\\"\",\"isPartOf\":{\"@id\":\"https:\\\/\\\/www.boxrepsol.com\\\/es\\\/#website\"},\"primaryImageOfPage\":{\"@id\":\"https:\\\/\\\/www.boxrepsol.com\\\/es\\\/motogp\\\/video-entrevista-a-marc-marquez\\\/#primaryimage\"},\"image\":{\"@id\":\"https:\\\/\\\/www.boxrepsol.com\\\/es\\\/motogp\\\/video-entrevista-a-marc-marquez\\\/#primaryimage\"},\"thumbnailUrl\":\"https:\\\/\\\/bxrepsol.s3.eu-west-1.amazonaws.com\\\/static\\\/2022\\\/08\\\/29083330\\\/00_marc_marquez_equipo_repsol_honda_tecnicos_box.jpg\",\"datePublished\":\"2018-11-07T02:00:00+00:00\",\"dateModified\":\"2024-05-22T10:22:41+00:00\",\"description\":\"Marc M\u00e1rquez ha conseguido en la gira transoce\u00e1nica el s\u00e9ptimo Mundial de su palmar\u00e9s, la s\u00e9ptima corona en once temporadas desde que debut\u00f3.\",\"breadcrumb\":{\"@id\":\"https:\\\/\\\/www.boxrepsol.com\\\/es\\\/motogp\\\/video-entrevista-a-marc-marquez\\\/#breadcrumb\"},\"inLanguage\":\"es\",\"potentialAction\":[{\"@type\":\"ReadAction\",\"target\":[\"https:\\\/\\\/www.boxrepsol.com\\\/es\\\/motogp\\\/video-entrevista-a-marc-marquez\\\/\"]}]},{\"@type\":\"ImageObject\",\"inLanguage\":\"es\",\"@id\":\"https:\\\/\\\/www.boxrepsol.com\\\/es\\\/motogp\\\/video-entrevista-a-marc-marquez\\\/#primaryimage\",\"url\":\"https:\\\/\\\/bxrepsol.s3.eu-west-1.amazonaws.com\\\/static\\\/2022\\\/08\\\/29083330\\\/00_marc_marquez_equipo_repsol_honda_tecnicos_box.jpg\",\"contentUrl\":\"https:\\\/\\\/bxrepsol.s3.eu-west-1.amazonaws.com\\\/static\\\/2022\\\/08\\\/29083330\\\/00_marc_marquez_equipo_repsol_honda_tecnicos_box.jpg\",\"width\":1280,\"height\":600,\"caption\":\"Marc M\u00e1rquez celebrando con su equipo\"},{\"@type\":\"BreadcrumbList\",\"@id\":\"https:\\\/\\\/www.boxrepsol.com\\\/es\\\/motogp\\\/video-entrevista-a-marc-marquez\\\/#breadcrumb\",\"itemListElement\":[{\"@type\":\"ListItem\",\"position\":1,\"name\":\"Home\",\"item\":\"https:\\\/\\\/www.boxrepsol.com\\\/es\\\/\"},{\"@type\":\"ListItem\",\"position\":2,\"name\":\"Marc: \u00abJerez y Le Mans fueron clave para la temporada\u00bb\"}]},{\"@type\":\"WebSite\",\"@id\":\"https:\\\/\\\/www.boxrepsol.com\\\/es\\\/#website\",\"url\":\"https:\\\/\\\/www.boxrepsol.com\\\/es\\\/\",\"name\":\"Box Repsol\",\"description\":\"Box Repsol Site\",\"publisher\":{\"@id\":\"https:\\\/\\\/www.boxrepsol.com\\\/es\\\/#organization\"},\"potentialAction\":[{\"@type\":\"SearchAction\",\"target\":{\"@type\":\"EntryPoint\",\"urlTemplate\":\"https:\\\/\\\/www.boxrepsol.com\\\/es\\\/?s={search_term_string}\"},\"query-input\":{\"@type\":\"PropertyValueSpecification\",\"valueRequired\":true,\"valueName\":\"search_term_string\"}}],\"inLanguage\":\"es\"},{\"@type\":\"Organization\",\"@id\":\"https:\\\/\\\/www.boxrepsol.com\\\/es\\\/#organization\",\"name\":\"Box Repsol\",\"url\":\"https:\\\/\\\/www.boxrepsol.com\\\/es\\\/\",\"logo\":{\"@type\":\"ImageObject\",\"inLanguage\":\"es\",\"@id\":\"https:\\\/\\\/www.boxrepsol.com\\\/es\\\/#\\\/schema\\\/logo\\\/image\\\/\",\"url\":\"https:\\\/\\\/bxrepsol.s3.eu-west-1.amazonaws.com\\\/static\\\/2025\\\/07\\\/30083337\\\/favicon-96x96-1.png\",\"contentUrl\":\"https:\\\/\\\/bxrepsol.s3.eu-west-1.amazonaws.com\\\/static\\\/2025\\\/07\\\/30083337\\\/favicon-96x96-1.png\",\"width\":96,\"height\":96,\"caption\":\"Box Repsol\"},\"image\":{\"@id\":\"https:\\\/\\\/www.boxrepsol.com\\\/es\\\/#\\\/schema\\\/logo\\\/image\\\/\"},\"sameAs\":[\"https:\\\/\\\/www.facebook.com\\\/BoxRepsol\",\"https:\\\/\\\/x.com\\\/box_repsol\",\"http:\\\/\\\/instagram.com\\\/box_repsol\",\"https:\\\/\\\/www.youtube.com\\\/user\\\/RepsolCompeticion\",\"https:\\\/\\\/www.flickr.com\\\/photos\\\/box_repsol\\\/\"]},{\"@type\":\"Person\",\"@id\":\"https:\\\/\\\/www.boxrepsol.com\\\/es\\\/#\\\/schema\\\/person\\\/c5c2138f2cca251b0ad92b7086bb60b7\",\"name\":\"Redacci\u00f3n Box Repsol\",\"image\":{\"@type\":\"ImageObject\",\"inLanguage\":\"es\",\"@id\":\"https:\\\/\\\/secure.gravatar.com\\\/avatar\\\/adf7b77e38b4419baf32c7e9c21dde01f4e40df611f0978e3006fc4ba0aaab7e?s=96&d=mm&r=g\",\"url\":\"https:\\\/\\\/secure.gravatar.com\\\/avatar\\\/adf7b77e38b4419baf32c7e9c21dde01f4e40df611f0978e3006fc4ba0aaab7e?s=96&d=mm&r=g\",\"contentUrl\":\"https:\\\/\\\/secure.gravatar.com\\\/avatar\\\/adf7b77e38b4419baf32c7e9c21dde01f4e40df611f0978e3006fc4ba0aaab7e?s=96&d=mm&r=g\",\"caption\":\"Redacci\u00f3n Box Repsol\"},\"description\":\"Box Repsol lo forma un equipo de periodistas, community managers, dise\u00f1adores y fot\u00f3grafos con m\u00e1s de 20 a\u00f1os de experiencia en el mundo del motorsport. Hemos vivido el primer mundial de un espa\u00f1ol en la categor\u00eda reina de motociclismo con \u00c1lex Crivill\u00e9, estuvimos en las victorias de Pedrosa y los t\u00edtulos de M\u00e1rquez, acompa\u00f1amos en \u00c1frica a Nani Roma y Marc Coma en sus conquistas del Dakar y hemos vibrado con los t\u00edtulos de Toni Bou en Trial. Adem\u00e1s, en nuestro equipo contamos con expertos en el mundo de las dos y cuatro ruedas tanto de la calle y las carreteras, como de los circuitos. Periodistas que han trabajado en revistas y publicaciones para hacerte llegar desde rutas y consejos de mantenimiento, a curiosidades y trucos de pilotaje.\",\"sameAs\":[\"https:\\\/\\\/www.facebook.com\\\/BoxRepsol\\\/\",\"https:\\\/\\\/www.instagram.com\\\/box_repsol\\\/\",\"https:\\\/\\\/x.com\\\/https:\\\/\\\/twitter.com\\\/box_repsol\",\"https:\\\/\\\/www.youtube.com\\\/@Boxrepsol\"],\"url\":\"https:\\\/\\\/www.boxrepsol.com\\\/es\\\/author\\\/redaccion-box-repsol\\\/\"}]}<\/script>\n<!-- \/ Yoast SEO plugin. -->","yoast_head_json":{"title":"Marc: \"Jerez y Le Mans fueron clave para la temporada\"","description":"Marc M\u00e1rquez ha conseguido en la gira transoce\u00e1nica el s\u00e9ptimo Mundial de su palmar\u00e9s, la s\u00e9ptima corona en once temporadas desde que debut\u00f3.","canonical":"https:\/\/www.boxrepsol.com\/es\/motogp\/video-entrevista-a-marc-marquez\/","og_locale":"es_ES","og_type":"article","og_title":"Marc: \"Jerez y Le Mans fueron clave para la temporada\"","og_description":"Marc M\u00e1rquez ha conseguido en la gira transoce\u00e1nica el s\u00e9ptimo Mundial de su palmar\u00e9s, la s\u00e9ptima corona en once temporadas desde que debut\u00f3.","og_url":"https:\/\/www.boxrepsol.com\/es\/motogp\/video-entrevista-a-marc-marquez\/","og_site_name":"Box Repsol","article_publisher":"https:\/\/www.facebook.com\/BoxRepsol","article_author":"https:\/\/www.facebook.com\/BoxRepsol\/","article_published_time":"2018-11-07T02:00:00+00:00","article_modified_time":"2024-05-22T10:22:41+00:00","og_image":[{"width":1280,"height":600,"url":"https:\/\/bxrepsol.s3.eu-west-1.amazonaws.com\/static\/2022\/08\/29083330\/00_marc_marquez_equipo_repsol_honda_tecnicos_box.jpg","type":"image\/jpeg"}],"author":"Redacci\u00f3n Box Repsol","twitter_card":"summary_large_image","twitter_creator":"@https:\/\/twitter.com\/box_repsol","twitter_site":"@box_repsol","twitter_misc":{"Written by":"Redacci\u00f3n Box Repsol","Est. reading time":"3 minutos"},"schema":{"@context":"https:\/\/schema.org","@graph":[{"@type":"Article","@id":"https:\/\/www.boxrepsol.com\/es\/motogp\/video-entrevista-a-marc-marquez\/#article","isPartOf":{"@id":"https:\/\/www.boxrepsol.com\/es\/motogp\/video-entrevista-a-marc-marquez\/"},"author":{"name":"Redacci\u00f3n Box Repsol","@id":"https:\/\/www.boxrepsol.com\/es\/#\/schema\/person\/c5c2138f2cca251b0ad92b7086bb60b7"},"headline":"Marc: \u00abJerez y Le Mans fueron clave para la temporada\u00bb","datePublished":"2018-11-07T02:00:00+00:00","dateModified":"2024-05-22T10:22:41+00:00","mainEntityOfPage":{"@id":"https:\/\/www.boxrepsol.com\/es\/motogp\/video-entrevista-a-marc-marquez\/"},"wordCount":619,"commentCount":0,"publisher":{"@id":"https:\/\/www.boxrepsol.com\/es\/#organization"},"image":{"@id":"https:\/\/www.boxrepsol.com\/es\/motogp\/video-entrevista-a-marc-marquez\/#primaryimage"},"thumbnailUrl":"https:\/\/bxrepsol.s3.eu-west-1.amazonaws.com\/static\/2022\/08\/29083330\/00_marc_marquez_equipo_repsol_honda_tecnicos_box.jpg","keywords":["Marc M\u00e1rquez"],"articleSection":["MotoGP"],"inLanguage":"es","potentialAction":[{"@type":"CommentAction","name":"Comment","target":["https:\/\/www.boxrepsol.com\/es\/motogp\/video-entrevista-a-marc-marquez\/#respond"]}]},{"@type":"WebPage","@id":"https:\/\/www.boxrepsol.com\/es\/motogp\/video-entrevista-a-marc-marquez\/","url":"https:\/\/www.boxrepsol.com\/es\/motogp\/video-entrevista-a-marc-marquez\/","name":"Marc: \"Jerez y Le Mans fueron clave para la temporada\"","isPartOf":{"@id":"https:\/\/www.boxrepsol.com\/es\/#website"},"primaryImageOfPage":{"@id":"https:\/\/www.boxrepsol.com\/es\/motogp\/video-entrevista-a-marc-marquez\/#primaryimage"},"image":{"@id":"https:\/\/www.boxrepsol.com\/es\/motogp\/video-entrevista-a-marc-marquez\/#primaryimage"},"thumbnailUrl":"https:\/\/bxrepsol.s3.eu-west-1.amazonaws.com\/static\/2022\/08\/29083330\/00_marc_marquez_equipo_repsol_honda_tecnicos_box.jpg","datePublished":"2018-11-07T02:00:00+00:00","dateModified":"2024-05-22T10:22:41+00:00","description":"Marc M\u00e1rquez ha conseguido en la gira transoce\u00e1nica el s\u00e9ptimo Mundial de su palmar\u00e9s, la s\u00e9ptima corona en once temporadas desde que debut\u00f3.","breadcrumb":{"@id":"https:\/\/www.boxrepsol.com\/es\/motogp\/video-entrevista-a-marc-marquez\/#breadcrumb"},"inLanguage":"es","potentialAction":[{"@type":"ReadAction","target":["https:\/\/www.boxrepsol.com\/es\/motogp\/video-entrevista-a-marc-marquez\/"]}]},{"@type":"ImageObject","inLanguage":"es","@id":"https:\/\/www.boxrepsol.com\/es\/motogp\/video-entrevista-a-marc-marquez\/#primaryimage","url":"https:\/\/bxrepsol.s3.eu-west-1.amazonaws.com\/static\/2022\/08\/29083330\/00_marc_marquez_equipo_repsol_honda_tecnicos_box.jpg","contentUrl":"https:\/\/bxrepsol.s3.eu-west-1.amazonaws.com\/static\/2022\/08\/29083330\/00_marc_marquez_equipo_repsol_honda_tecnicos_box.jpg","width":1280,"height":600,"caption":"Marc M\u00e1rquez celebrando con su equipo"},{"@type":"BreadcrumbList","@id":"https:\/\/www.boxrepsol.com\/es\/motogp\/video-entrevista-a-marc-marquez\/#breadcrumb","itemListElement":[{"@type":"ListItem","position":1,"name":"Home","item":"https:\/\/www.boxrepsol.com\/es\/"},{"@type":"ListItem","position":2,"name":"Marc: \u00abJerez y Le Mans fueron clave para la temporada\u00bb"}]},{"@type":"WebSite","@id":"https:\/\/www.boxrepsol.com\/es\/#website","url":"https:\/\/www.boxrepsol.com\/es\/","name":"Box Repsol","description":"Box Repsol Site","publisher":{"@id":"https:\/\/www.boxrepsol.com\/es\/#organization"},"potentialAction":[{"@type":"SearchAction","target":{"@type":"EntryPoint","urlTemplate":"https:\/\/www.boxrepsol.com\/es\/?s={search_term_string}"},"query-input":{"@type":"PropertyValueSpecification","valueRequired":true,"valueName":"search_term_string"}}],"inLanguage":"es"},{"@type":"Organization","@id":"https:\/\/www.boxrepsol.com\/es\/#organization","name":"Box Repsol","url":"https:\/\/www.boxrepsol.com\/es\/","logo":{"@type":"ImageObject","inLanguage":"es","@id":"https:\/\/www.boxrepsol.com\/es\/#\/schema\/logo\/image\/","url":"https:\/\/bxrepsol.s3.eu-west-1.amazonaws.com\/static\/2025\/07\/30083337\/favicon-96x96-1.png","contentUrl":"https:\/\/bxrepsol.s3.eu-west-1.amazonaws.com\/static\/2025\/07\/30083337\/favicon-96x96-1.png","width":96,"height":96,"caption":"Box Repsol"},"image":{"@id":"https:\/\/www.boxrepsol.com\/es\/#\/schema\/logo\/image\/"},"sameAs":["https:\/\/www.facebook.com\/BoxRepsol","https:\/\/x.com\/box_repsol","http:\/\/instagram.com\/box_repsol","https:\/\/www.youtube.com\/user\/RepsolCompeticion","https:\/\/www.flickr.com\/photos\/box_repsol\/"]},{"@type":"Person","@id":"https:\/\/www.boxrepsol.com\/es\/#\/schema\/person\/c5c2138f2cca251b0ad92b7086bb60b7","name":"Redacci\u00f3n Box Repsol","image":{"@type":"ImageObject","inLanguage":"es","@id":"https:\/\/secure.gravatar.com\/avatar\/adf7b77e38b4419baf32c7e9c21dde01f4e40df611f0978e3006fc4ba0aaab7e?s=96&d=mm&r=g","url":"https:\/\/secure.gravatar.com\/avatar\/adf7b77e38b4419baf32c7e9c21dde01f4e40df611f0978e3006fc4ba0aaab7e?s=96&d=mm&r=g","contentUrl":"https:\/\/secure.gravatar.com\/avatar\/adf7b77e38b4419baf32c7e9c21dde01f4e40df611f0978e3006fc4ba0aaab7e?s=96&d=mm&r=g","caption":"Redacci\u00f3n Box Repsol"},"description":"Box Repsol lo forma un equipo de periodistas, community managers, dise\u00f1adores y fot\u00f3grafos con m\u00e1s de 20 a\u00f1os de experiencia en el mundo del motorsport. Hemos vivido el primer mundial de un espa\u00f1ol en la categor\u00eda reina de motociclismo con \u00c1lex Crivill\u00e9, estuvimos en las victorias de Pedrosa y los t\u00edtulos de M\u00e1rquez, acompa\u00f1amos en \u00c1frica a Nani Roma y Marc Coma en sus conquistas del Dakar y hemos vibrado con los t\u00edtulos de Toni Bou en Trial. Adem\u00e1s, en nuestro equipo contamos con expertos en el mundo de las dos y cuatro ruedas tanto de la calle y las carreteras, como de los circuitos. Periodistas que han trabajado en revistas y publicaciones para hacerte llegar desde rutas y consejos de mantenimiento, a curiosidades y trucos de pilotaje.","sameAs":["https:\/\/www.facebook.com\/BoxRepsol\/","https:\/\/www.instagram.com\/box_repsol\/","https:\/\/x.com\/https:\/\/twitter.com\/box_repsol","https:\/\/www.youtube.com\/@Boxrepsol"],"url":"https:\/\/www.boxrepsol.com\/es\/author\/redaccion-box-repsol\/"}]}},"_links":{"self":[{"href":"https:\/\/www.boxrepsol.com\/es\/wp-json\/wp\/v2\/posts\/93528","targetHints":{"allow":["GET"]}}],"collection":[{"href":"https:\/\/www.boxrepsol.com\/es\/wp-json\/wp\/v2\/posts"}],"about":[{"href":"https:\/\/www.boxrepsol.com\/es\/wp-json\/wp\/v2\/types\/post"}],"author":[{"embeddable":true,"href":"https:\/\/www.boxrepsol.com\/es\/wp-json\/wp\/v2\/users\/43146"}],"replies":[{"embeddable":true,"href":"https:\/\/www.boxrepsol.com\/es\/wp-json\/wp\/v2\/comments?post=93528"}],"version-history":[{"count":1,"href":"https:\/\/www.boxrepsol.com\/es\/wp-json\/wp\/v2\/posts\/93528\/revisions"}],"predecessor-version":[{"id":116575,"href":"https:\/\/www.boxrepsol.com\/es\/wp-json\/wp\/v2\/posts\/93528\/revisions\/116575"}],"wp:featuredmedia":[{"embeddable":true,"href":"https:\/\/www.boxrepsol.com\/es\/wp-json\/wp\/v2\/media\/59935"}],"wp:attachment":[{"href":"https:\/\/www.boxrepsol.com\/es\/wp-json\/wp\/v2\/media?parent=93528"}],"wp:term":[{"taxonomy":"category","embeddable":true,"href":"https:\/\/www.boxrepsol.com\/es\/wp-json\/wp\/v2\/categories?post=93528"},{"taxonomy":"post_tag","embeddable":true,"href":"https:\/\/www.boxrepsol.com\/es\/wp-json\/wp\/v2\/tags?post=93528"}],"curies":[{"name":"wp","href":"https:\/\/api.w.org\/{rel}","templated":true}]}}