{"id":93520,"date":"2018-11-04T00:00:00","date_gmt":"2018-11-04T02:00:00","guid":{"rendered":"http:\/\/pre.boxrepsol.com\/sin-categorizar\/novena-victoria-marquez-quinta-posicion-pedrosa\/"},"modified":"2024-10-09T11:42:10","modified_gmt":"2024-10-09T13:42:10","slug":"novena-victoria-marquez-quinta-posicion-pedrosa","status":"publish","type":"post","link":"https:\/\/www.boxrepsol.com\/es\/motogp\/novena-victoria-marquez-quinta-posicion-pedrosa\/","title":{"rendered":"Novena victoria de M\u00e1rquez y quinta posici\u00f3n para Pedrosa"},"content":{"rendered":"<p>El equipo Repsol Honda ha celebrado el Gran Premio 400 de una alianza que se inici\u00f3 en 1995, con el noveno triunfo de Marc M\u00e1rquez en 2018 y el t\u00edtulo de constructores para Honda.<\/p>\n<p>El Campe\u00f3n del Mundo de MotoGP sal\u00eda desde la s\u00e9ptima posici\u00f3n de la parrilla y, en cinco vueltas, se ha situado segundo, a siete d\u00e9cimas de Valentino Rossi.<\/p>\n<p>Ha llegado a ceder otro medio segundo cuando llevaban doce vueltas, pero no ha disminuido el ritmo y, a cinco giros del final, se encontraba a seis d\u00e9cimas del italiano, que se ha ca\u00eddo al llegar a la primera curva.<\/p>\n<p><strong>Dani Pedrosa ha remontado desde la d\u00e9cima posici\u00f3n<\/strong> de la parrilla hasta la cuarta, <strong>cruzando finalmente quinto la l\u00ednea de meta<\/strong>.<\/p>\n<p><!-- Imagen relacionada --><br \/>\n<img loading=\"lazy\" decoding=\"async\" src=\"https:\/\/bxrepsol.s3.eu-west-1.amazonaws.com\/static\/2022\/08\/05062133\/00_marc_mrquez_motogp_malasia_sepang_repsol_honda_rc213v_93_Q2-1.jpg\" alt=\"Marc M\u00e1rquez sobre la RC213V en asfalto mojado\" width=\"404\" height=\"336\" \/><br \/>\n<!-- Categor\u00eda --><br \/>\nMotoGP<br \/>\n<!-- T\u00edtulo --><\/p>\n<h3>\u2018Pole\u2019 n\u00famero 80 de Marc M\u00e1rquez, pero saldr\u00e1 en tercera fila<\/h3>\n<h3>GP de Malasia 2018 Carrera &#8211; Declaraciones de Marc M\u00e1rquez y Dani Pedrosa<\/h3>\n<h4>#MM93<\/h4>\n<p><strong>La primera vuelta ha sido buena, pero no de las mejores.<\/strong> <em>Ha sido una carrera dura, en primer lugar, porque empezaba desde la s\u00e9ptima posici\u00f3n. No he hecho una salida perfecta y la primera vuelta ha sido buena, pero no de las mejores de mi carrera. Paso a paso, he adelantado a algunos rivales hasta situarme segundo. He visto a Valentino [Rossi] delante y he empezado a perseguirle, rodando al mismo ritmo del entrenamiento cronometrado. <\/em><\/p>\n<p><strong>Pilotando por instinto.<\/strong><em> Pero entonces he calentado demasiado el neum\u00e1tico trasero, incluso el delantero, y las sensaciones no eran tan buenas, as\u00ed que durante algunas vueltas he intentado enfriarlos y me he empezado a notar mejor. He visto que me acercaba y, sinceramente, me ha dado una motivaci\u00f3n extra. En ese momento he pilotado m\u00e1s por instinto, algo que s\u00f3lo puedes hacer cuando ya has ganado el Mundial. Desgraciadamente, ha cometido un error en la primera curva y es una pena, porque habr\u00eda sido bonito ver c\u00f3mo acababa el duelo. Cuando he visto que se ca\u00eda, me he calmado y me he centrado en terminar la carrera. <\/em><\/p>\n<p><strong>Felicitaciones a los campeones. <\/strong><em>Hemos ganado y era la mejor forma de conseguir el campeonato de constructores. Quiero felicitar a Jorge Mart\u00edn y \u2018Pecco\u2019 Bagnaia por sus Mundiales. Lo celebraremos juntos en Valencia.<\/em><\/p>\n<hr \/>\n<h4>#DP26<\/h4>\n<p><strong>Recuperando posiciones en la primera curva.<\/strong><em> Hoy me he concentrado mucho en la salida, porque estaba muy retrasado en la parrilla. El arranque no ha sido perfecto, pero he podido recuperar algunas posiciones en la primera curva. Por desgracia, he perdido algo de terreno con Dovizioso y Marc [M\u00e1rquez] unas vueltas despu\u00e9s. <\/em><\/p>\n<p><strong>Mejor de lo habitual.<\/strong><em> Las sensaciones al principio de la carrera eran bastante buenas y pod\u00eda mantenerme cerca de los de delante. Hacia al final, al contrario, he empezado a tener problemas de agarre y me han adelantado Rins y Vi\u00f1ales. En general, ha sido una carrera un poco mejor que lo habitual. <\/em><\/p>\n<p><strong>Felicitaciones a Jorge Mart\u00edn.<\/strong><em> Quiero felicitar a Jorge Mart\u00edn por su t\u00edtulo: ha podido sobreponerse a las dificultades de este a\u00f1o, una lesi\u00f3n y otros problemas, y hoy ha hecho una buena carrera. Se merece este resultado.<\/em><\/p>\n","protected":false},"excerpt":{"rendered":"<p>El Campe\u00f3n del Mundo de MotoGP remonta desde la s\u00e9ptima posici\u00f3n de la parrilla y logra su victoria n\u00famero 70 en el Mundial. Dani Pedrosa escala desde la d\u00e9cima plaza hasta la quinta.<\/p>\n","protected":false},"author":43146,"featured_media":59908,"comment_status":"open","ping_status":"open","sticky":false,"template":"","format":"standard","meta":{"footnotes":""},"categories":[4],"tags":[138],"class_list":["post-93520","post","type-post","status-publish","format-standard","hentry","category-motogp","tag-motogp-malasia"],"yoast_head":"<!-- This site is optimized with the Yoast SEO plugin v27.3 - https:\/\/yoast.com\/product\/yoast-seo-wordpress\/ -->\n<title>GP Malasia 2018 carrera - Novena victoria de M\u00e1rquez y quinta posici\u00f3n para Pedrosa<\/title>\n<meta name=\"description\" content=\"El Campe\u00f3n del Mundo de MotoGP remonta desde la s\u00e9ptima posici\u00f3n de la parrilla y logra su victoria n\u00famero 70 en el Mundial. Dani Pedrosa hasta 5\u00aa posici\u00f3n.\" \/>\n<link rel=\"canonical\" href=\"https:\/\/www.boxrepsol.com\/es\/motogp\/novena-victoria-marquez-quinta-posicion-pedrosa\/\" \/>\n<meta property=\"og:locale\" content=\"es_ES\" \/>\n<meta property=\"og:type\" content=\"article\" \/>\n<meta property=\"og:title\" content=\"GP Malasia 2018 carrera - Novena victoria de M\u00e1rquez y quinta posici\u00f3n para Pedrosa\" \/>\n<meta property=\"og:description\" content=\"El Campe\u00f3n del Mundo de MotoGP remonta desde la s\u00e9ptima posici\u00f3n de la parrilla y logra su victoria n\u00famero 70 en el Mundial. Dani Pedrosa hasta 5\u00aa posici\u00f3n.\" \/>\n<meta property=\"og:url\" content=\"https:\/\/www.boxrepsol.com\/es\/motogp\/novena-victoria-marquez-quinta-posicion-pedrosa\/\" \/>\n<meta property=\"og:site_name\" content=\"Box Repsol\" \/>\n<meta property=\"article:publisher\" content=\"https:\/\/www.facebook.com\/BoxRepsol\" \/>\n<meta property=\"article:author\" content=\"https:\/\/www.facebook.com\/BoxRepsol\/\" \/>\n<meta property=\"article:published_time\" content=\"2018-11-04T02:00:00+00:00\" \/>\n<meta property=\"article:modified_time\" content=\"2024-10-09T13:42:10+00:00\" \/>\n<meta property=\"og:image\" content=\"https:\/\/bxrepsol.s3.eu-west-1.amazonaws.com\/static\/2022\/08\/29083308\/02_marc_marquez_podio_gp_malasia_repsol_honda_sepang_motogp.jpg\" \/>\n\t<meta property=\"og:image:width\" content=\"1280\" \/>\n\t<meta property=\"og:image:height\" content=\"600\" \/>\n\t<meta property=\"og:image:type\" content=\"image\/jpeg\" \/>\n<meta name=\"author\" content=\"Redacci\u00f3n Box Repsol\" \/>\n<meta name=\"twitter:card\" content=\"summary_large_image\" \/>\n<meta name=\"twitter:creator\" content=\"@https:\/\/twitter.com\/box_repsol\" \/>\n<meta name=\"twitter:site\" content=\"@box_repsol\" \/>\n<meta name=\"twitter:label1\" content=\"Written by\" \/>\n\t<meta name=\"twitter:data1\" content=\"Redacci\u00f3n Box Repsol\" \/>\n\t<meta name=\"twitter:label2\" content=\"Est. reading time\" \/>\n\t<meta name=\"twitter:data2\" content=\"3 minutos\" \/>\n<script type=\"application\/ld+json\" class=\"yoast-schema-graph\">{\"@context\":\"https:\\\/\\\/schema.org\",\"@graph\":[{\"@type\":\"Article\",\"@id\":\"https:\\\/\\\/www.boxrepsol.com\\\/es\\\/motogp\\\/novena-victoria-marquez-quinta-posicion-pedrosa\\\/#article\",\"isPartOf\":{\"@id\":\"https:\\\/\\\/www.boxrepsol.com\\\/es\\\/motogp\\\/novena-victoria-marquez-quinta-posicion-pedrosa\\\/\"},\"author\":{\"name\":\"Redacci\u00f3n Box Repsol\",\"@id\":\"https:\\\/\\\/www.boxrepsol.com\\\/es\\\/#\\\/schema\\\/person\\\/c5c2138f2cca251b0ad92b7086bb60b7\"},\"headline\":\"Novena victoria de M\u00e1rquez y quinta posici\u00f3n para Pedrosa\",\"datePublished\":\"2018-11-04T02:00:00+00:00\",\"dateModified\":\"2024-10-09T13:42:10+00:00\",\"mainEntityOfPage\":{\"@id\":\"https:\\\/\\\/www.boxrepsol.com\\\/es\\\/motogp\\\/novena-victoria-marquez-quinta-posicion-pedrosa\\\/\"},\"wordCount\":547,\"commentCount\":0,\"publisher\":{\"@id\":\"https:\\\/\\\/www.boxrepsol.com\\\/es\\\/#organization\"},\"image\":{\"@id\":\"https:\\\/\\\/www.boxrepsol.com\\\/es\\\/motogp\\\/novena-victoria-marquez-quinta-posicion-pedrosa\\\/#primaryimage\"},\"thumbnailUrl\":\"https:\\\/\\\/bxrepsol.s3.eu-west-1.amazonaws.com\\\/static\\\/2022\\\/08\\\/29083308\\\/02_marc_marquez_podio_gp_malasia_repsol_honda_sepang_motogp.jpg\",\"keywords\":[\"MotoGP Malasia\"],\"articleSection\":[\"MotoGP\"],\"inLanguage\":\"es\",\"potentialAction\":[{\"@type\":\"CommentAction\",\"name\":\"Comment\",\"target\":[\"https:\\\/\\\/www.boxrepsol.com\\\/es\\\/motogp\\\/novena-victoria-marquez-quinta-posicion-pedrosa\\\/#respond\"]}]},{\"@type\":\"WebPage\",\"@id\":\"https:\\\/\\\/www.boxrepsol.com\\\/es\\\/motogp\\\/novena-victoria-marquez-quinta-posicion-pedrosa\\\/\",\"url\":\"https:\\\/\\\/www.boxrepsol.com\\\/es\\\/motogp\\\/novena-victoria-marquez-quinta-posicion-pedrosa\\\/\",\"name\":\"GP Malasia 2018 carrera - Novena victoria de M\u00e1rquez y quinta posici\u00f3n para Pedrosa\",\"isPartOf\":{\"@id\":\"https:\\\/\\\/www.boxrepsol.com\\\/es\\\/#website\"},\"primaryImageOfPage\":{\"@id\":\"https:\\\/\\\/www.boxrepsol.com\\\/es\\\/motogp\\\/novena-victoria-marquez-quinta-posicion-pedrosa\\\/#primaryimage\"},\"image\":{\"@id\":\"https:\\\/\\\/www.boxrepsol.com\\\/es\\\/motogp\\\/novena-victoria-marquez-quinta-posicion-pedrosa\\\/#primaryimage\"},\"thumbnailUrl\":\"https:\\\/\\\/bxrepsol.s3.eu-west-1.amazonaws.com\\\/static\\\/2022\\\/08\\\/29083308\\\/02_marc_marquez_podio_gp_malasia_repsol_honda_sepang_motogp.jpg\",\"datePublished\":\"2018-11-04T02:00:00+00:00\",\"dateModified\":\"2024-10-09T13:42:10+00:00\",\"description\":\"El Campe\u00f3n del Mundo de MotoGP remonta desde la s\u00e9ptima posici\u00f3n de la parrilla y logra su victoria n\u00famero 70 en el Mundial. Dani Pedrosa hasta 5\u00aa posici\u00f3n.\",\"breadcrumb\":{\"@id\":\"https:\\\/\\\/www.boxrepsol.com\\\/es\\\/motogp\\\/novena-victoria-marquez-quinta-posicion-pedrosa\\\/#breadcrumb\"},\"inLanguage\":\"es\",\"potentialAction\":[{\"@type\":\"ReadAction\",\"target\":[\"https:\\\/\\\/www.boxrepsol.com\\\/es\\\/motogp\\\/novena-victoria-marquez-quinta-posicion-pedrosa\\\/\"]}]},{\"@type\":\"ImageObject\",\"inLanguage\":\"es\",\"@id\":\"https:\\\/\\\/www.boxrepsol.com\\\/es\\\/motogp\\\/novena-victoria-marquez-quinta-posicion-pedrosa\\\/#primaryimage\",\"url\":\"https:\\\/\\\/bxrepsol.s3.eu-west-1.amazonaws.com\\\/static\\\/2022\\\/08\\\/29083308\\\/02_marc_marquez_podio_gp_malasia_repsol_honda_sepang_motogp.jpg\",\"contentUrl\":\"https:\\\/\\\/bxrepsol.s3.eu-west-1.amazonaws.com\\\/static\\\/2022\\\/08\\\/29083308\\\/02_marc_marquez_podio_gp_malasia_repsol_honda_sepang_motogp.jpg\",\"width\":1280,\"height\":600,\"caption\":\"Marc M\u00e1rquez celebra con el pu\u00f1o cerrado\"},{\"@type\":\"BreadcrumbList\",\"@id\":\"https:\\\/\\\/www.boxrepsol.com\\\/es\\\/motogp\\\/novena-victoria-marquez-quinta-posicion-pedrosa\\\/#breadcrumb\",\"itemListElement\":[{\"@type\":\"ListItem\",\"position\":1,\"name\":\"Home\",\"item\":\"https:\\\/\\\/www.boxrepsol.com\\\/es\\\/\"},{\"@type\":\"ListItem\",\"position\":2,\"name\":\"Novena victoria de M\u00e1rquez y quinta posici\u00f3n para Pedrosa\"}]},{\"@type\":\"WebSite\",\"@id\":\"https:\\\/\\\/www.boxrepsol.com\\\/es\\\/#website\",\"url\":\"https:\\\/\\\/www.boxrepsol.com\\\/es\\\/\",\"name\":\"Box Repsol\",\"description\":\"Box Repsol Site\",\"publisher\":{\"@id\":\"https:\\\/\\\/www.boxrepsol.com\\\/es\\\/#organization\"},\"potentialAction\":[{\"@type\":\"SearchAction\",\"target\":{\"@type\":\"EntryPoint\",\"urlTemplate\":\"https:\\\/\\\/www.boxrepsol.com\\\/es\\\/?s={search_term_string}\"},\"query-input\":{\"@type\":\"PropertyValueSpecification\",\"valueRequired\":true,\"valueName\":\"search_term_string\"}}],\"inLanguage\":\"es\"},{\"@type\":\"Organization\",\"@id\":\"https:\\\/\\\/www.boxrepsol.com\\\/es\\\/#organization\",\"name\":\"Box Repsol\",\"url\":\"https:\\\/\\\/www.boxrepsol.com\\\/es\\\/\",\"logo\":{\"@type\":\"ImageObject\",\"inLanguage\":\"es\",\"@id\":\"https:\\\/\\\/www.boxrepsol.com\\\/es\\\/#\\\/schema\\\/logo\\\/image\\\/\",\"url\":\"https:\\\/\\\/bxrepsol.s3.eu-west-1.amazonaws.com\\\/static\\\/2025\\\/07\\\/30083337\\\/favicon-96x96-1.png\",\"contentUrl\":\"https:\\\/\\\/bxrepsol.s3.eu-west-1.amazonaws.com\\\/static\\\/2025\\\/07\\\/30083337\\\/favicon-96x96-1.png\",\"width\":96,\"height\":96,\"caption\":\"Box Repsol\"},\"image\":{\"@id\":\"https:\\\/\\\/www.boxrepsol.com\\\/es\\\/#\\\/schema\\\/logo\\\/image\\\/\"},\"sameAs\":[\"https:\\\/\\\/www.facebook.com\\\/BoxRepsol\",\"https:\\\/\\\/x.com\\\/box_repsol\",\"http:\\\/\\\/instagram.com\\\/box_repsol\",\"https:\\\/\\\/www.youtube.com\\\/user\\\/RepsolCompeticion\",\"https:\\\/\\\/www.flickr.com\\\/photos\\\/box_repsol\\\/\"]},{\"@type\":\"Person\",\"@id\":\"https:\\\/\\\/www.boxrepsol.com\\\/es\\\/#\\\/schema\\\/person\\\/c5c2138f2cca251b0ad92b7086bb60b7\",\"name\":\"Redacci\u00f3n Box Repsol\",\"image\":{\"@type\":\"ImageObject\",\"inLanguage\":\"es\",\"@id\":\"https:\\\/\\\/secure.gravatar.com\\\/avatar\\\/adf7b77e38b4419baf32c7e9c21dde01f4e40df611f0978e3006fc4ba0aaab7e?s=96&d=mm&r=g\",\"url\":\"https:\\\/\\\/secure.gravatar.com\\\/avatar\\\/adf7b77e38b4419baf32c7e9c21dde01f4e40df611f0978e3006fc4ba0aaab7e?s=96&d=mm&r=g\",\"contentUrl\":\"https:\\\/\\\/secure.gravatar.com\\\/avatar\\\/adf7b77e38b4419baf32c7e9c21dde01f4e40df611f0978e3006fc4ba0aaab7e?s=96&d=mm&r=g\",\"caption\":\"Redacci\u00f3n Box Repsol\"},\"description\":\"Box Repsol lo forma un equipo de periodistas, community managers, dise\u00f1adores y fot\u00f3grafos con m\u00e1s de 20 a\u00f1os de experiencia en el mundo del motorsport. Hemos vivido el primer mundial de un espa\u00f1ol en la categor\u00eda reina de motociclismo con \u00c1lex Crivill\u00e9, estuvimos en las victorias de Pedrosa y los t\u00edtulos de M\u00e1rquez, acompa\u00f1amos en \u00c1frica a Nani Roma y Marc Coma en sus conquistas del Dakar y hemos vibrado con los t\u00edtulos de Toni Bou en Trial. Adem\u00e1s, en nuestro equipo contamos con expertos en el mundo de las dos y cuatro ruedas tanto de la calle y las carreteras, como de los circuitos. Periodistas que han trabajado en revistas y publicaciones para hacerte llegar desde rutas y consejos de mantenimiento, a curiosidades y trucos de pilotaje.\",\"sameAs\":[\"https:\\\/\\\/www.facebook.com\\\/BoxRepsol\\\/\",\"https:\\\/\\\/www.instagram.com\\\/box_repsol\\\/\",\"https:\\\/\\\/x.com\\\/https:\\\/\\\/twitter.com\\\/box_repsol\",\"https:\\\/\\\/www.youtube.com\\\/@Boxrepsol\"],\"url\":\"https:\\\/\\\/www.boxrepsol.com\\\/es\\\/author\\\/redaccion-box-repsol\\\/\"}]}<\/script>\n<!-- \/ Yoast SEO plugin. -->","yoast_head_json":{"title":"GP Malasia 2018 carrera - Novena victoria de M\u00e1rquez y quinta posici\u00f3n para Pedrosa","description":"El Campe\u00f3n del Mundo de MotoGP remonta desde la s\u00e9ptima posici\u00f3n de la parrilla y logra su victoria n\u00famero 70 en el Mundial. Dani Pedrosa hasta 5\u00aa posici\u00f3n.","canonical":"https:\/\/www.boxrepsol.com\/es\/motogp\/novena-victoria-marquez-quinta-posicion-pedrosa\/","og_locale":"es_ES","og_type":"article","og_title":"GP Malasia 2018 carrera - Novena victoria de M\u00e1rquez y quinta posici\u00f3n para Pedrosa","og_description":"El Campe\u00f3n del Mundo de MotoGP remonta desde la s\u00e9ptima posici\u00f3n de la parrilla y logra su victoria n\u00famero 70 en el Mundial. Dani Pedrosa hasta 5\u00aa posici\u00f3n.","og_url":"https:\/\/www.boxrepsol.com\/es\/motogp\/novena-victoria-marquez-quinta-posicion-pedrosa\/","og_site_name":"Box Repsol","article_publisher":"https:\/\/www.facebook.com\/BoxRepsol","article_author":"https:\/\/www.facebook.com\/BoxRepsol\/","article_published_time":"2018-11-04T02:00:00+00:00","article_modified_time":"2024-10-09T13:42:10+00:00","og_image":[{"width":1280,"height":600,"url":"https:\/\/bxrepsol.s3.eu-west-1.amazonaws.com\/static\/2022\/08\/29083308\/02_marc_marquez_podio_gp_malasia_repsol_honda_sepang_motogp.jpg","type":"image\/jpeg"}],"author":"Redacci\u00f3n Box Repsol","twitter_card":"summary_large_image","twitter_creator":"@https:\/\/twitter.com\/box_repsol","twitter_site":"@box_repsol","twitter_misc":{"Written by":"Redacci\u00f3n Box Repsol","Est. reading time":"3 minutos"},"schema":{"@context":"https:\/\/schema.org","@graph":[{"@type":"Article","@id":"https:\/\/www.boxrepsol.com\/es\/motogp\/novena-victoria-marquez-quinta-posicion-pedrosa\/#article","isPartOf":{"@id":"https:\/\/www.boxrepsol.com\/es\/motogp\/novena-victoria-marquez-quinta-posicion-pedrosa\/"},"author":{"name":"Redacci\u00f3n Box Repsol","@id":"https:\/\/www.boxrepsol.com\/es\/#\/schema\/person\/c5c2138f2cca251b0ad92b7086bb60b7"},"headline":"Novena victoria de M\u00e1rquez y quinta posici\u00f3n para Pedrosa","datePublished":"2018-11-04T02:00:00+00:00","dateModified":"2024-10-09T13:42:10+00:00","mainEntityOfPage":{"@id":"https:\/\/www.boxrepsol.com\/es\/motogp\/novena-victoria-marquez-quinta-posicion-pedrosa\/"},"wordCount":547,"commentCount":0,"publisher":{"@id":"https:\/\/www.boxrepsol.com\/es\/#organization"},"image":{"@id":"https:\/\/www.boxrepsol.com\/es\/motogp\/novena-victoria-marquez-quinta-posicion-pedrosa\/#primaryimage"},"thumbnailUrl":"https:\/\/bxrepsol.s3.eu-west-1.amazonaws.com\/static\/2022\/08\/29083308\/02_marc_marquez_podio_gp_malasia_repsol_honda_sepang_motogp.jpg","keywords":["MotoGP Malasia"],"articleSection":["MotoGP"],"inLanguage":"es","potentialAction":[{"@type":"CommentAction","name":"Comment","target":["https:\/\/www.boxrepsol.com\/es\/motogp\/novena-victoria-marquez-quinta-posicion-pedrosa\/#respond"]}]},{"@type":"WebPage","@id":"https:\/\/www.boxrepsol.com\/es\/motogp\/novena-victoria-marquez-quinta-posicion-pedrosa\/","url":"https:\/\/www.boxrepsol.com\/es\/motogp\/novena-victoria-marquez-quinta-posicion-pedrosa\/","name":"GP Malasia 2018 carrera - Novena victoria de M\u00e1rquez y quinta posici\u00f3n para Pedrosa","isPartOf":{"@id":"https:\/\/www.boxrepsol.com\/es\/#website"},"primaryImageOfPage":{"@id":"https:\/\/www.boxrepsol.com\/es\/motogp\/novena-victoria-marquez-quinta-posicion-pedrosa\/#primaryimage"},"image":{"@id":"https:\/\/www.boxrepsol.com\/es\/motogp\/novena-victoria-marquez-quinta-posicion-pedrosa\/#primaryimage"},"thumbnailUrl":"https:\/\/bxrepsol.s3.eu-west-1.amazonaws.com\/static\/2022\/08\/29083308\/02_marc_marquez_podio_gp_malasia_repsol_honda_sepang_motogp.jpg","datePublished":"2018-11-04T02:00:00+00:00","dateModified":"2024-10-09T13:42:10+00:00","description":"El Campe\u00f3n del Mundo de MotoGP remonta desde la s\u00e9ptima posici\u00f3n de la parrilla y logra su victoria n\u00famero 70 en el Mundial. Dani Pedrosa hasta 5\u00aa posici\u00f3n.","breadcrumb":{"@id":"https:\/\/www.boxrepsol.com\/es\/motogp\/novena-victoria-marquez-quinta-posicion-pedrosa\/#breadcrumb"},"inLanguage":"es","potentialAction":[{"@type":"ReadAction","target":["https:\/\/www.boxrepsol.com\/es\/motogp\/novena-victoria-marquez-quinta-posicion-pedrosa\/"]}]},{"@type":"ImageObject","inLanguage":"es","@id":"https:\/\/www.boxrepsol.com\/es\/motogp\/novena-victoria-marquez-quinta-posicion-pedrosa\/#primaryimage","url":"https:\/\/bxrepsol.s3.eu-west-1.amazonaws.com\/static\/2022\/08\/29083308\/02_marc_marquez_podio_gp_malasia_repsol_honda_sepang_motogp.jpg","contentUrl":"https:\/\/bxrepsol.s3.eu-west-1.amazonaws.com\/static\/2022\/08\/29083308\/02_marc_marquez_podio_gp_malasia_repsol_honda_sepang_motogp.jpg","width":1280,"height":600,"caption":"Marc M\u00e1rquez celebra con el pu\u00f1o cerrado"},{"@type":"BreadcrumbList","@id":"https:\/\/www.boxrepsol.com\/es\/motogp\/novena-victoria-marquez-quinta-posicion-pedrosa\/#breadcrumb","itemListElement":[{"@type":"ListItem","position":1,"name":"Home","item":"https:\/\/www.boxrepsol.com\/es\/"},{"@type":"ListItem","position":2,"name":"Novena victoria de M\u00e1rquez y quinta posici\u00f3n para Pedrosa"}]},{"@type":"WebSite","@id":"https:\/\/www.boxrepsol.com\/es\/#website","url":"https:\/\/www.boxrepsol.com\/es\/","name":"Box Repsol","description":"Box Repsol Site","publisher":{"@id":"https:\/\/www.boxrepsol.com\/es\/#organization"},"potentialAction":[{"@type":"SearchAction","target":{"@type":"EntryPoint","urlTemplate":"https:\/\/www.boxrepsol.com\/es\/?s={search_term_string}"},"query-input":{"@type":"PropertyValueSpecification","valueRequired":true,"valueName":"search_term_string"}}],"inLanguage":"es"},{"@type":"Organization","@id":"https:\/\/www.boxrepsol.com\/es\/#organization","name":"Box Repsol","url":"https:\/\/www.boxrepsol.com\/es\/","logo":{"@type":"ImageObject","inLanguage":"es","@id":"https:\/\/www.boxrepsol.com\/es\/#\/schema\/logo\/image\/","url":"https:\/\/bxrepsol.s3.eu-west-1.amazonaws.com\/static\/2025\/07\/30083337\/favicon-96x96-1.png","contentUrl":"https:\/\/bxrepsol.s3.eu-west-1.amazonaws.com\/static\/2025\/07\/30083337\/favicon-96x96-1.png","width":96,"height":96,"caption":"Box Repsol"},"image":{"@id":"https:\/\/www.boxrepsol.com\/es\/#\/schema\/logo\/image\/"},"sameAs":["https:\/\/www.facebook.com\/BoxRepsol","https:\/\/x.com\/box_repsol","http:\/\/instagram.com\/box_repsol","https:\/\/www.youtube.com\/user\/RepsolCompeticion","https:\/\/www.flickr.com\/photos\/box_repsol\/"]},{"@type":"Person","@id":"https:\/\/www.boxrepsol.com\/es\/#\/schema\/person\/c5c2138f2cca251b0ad92b7086bb60b7","name":"Redacci\u00f3n Box Repsol","image":{"@type":"ImageObject","inLanguage":"es","@id":"https:\/\/secure.gravatar.com\/avatar\/adf7b77e38b4419baf32c7e9c21dde01f4e40df611f0978e3006fc4ba0aaab7e?s=96&d=mm&r=g","url":"https:\/\/secure.gravatar.com\/avatar\/adf7b77e38b4419baf32c7e9c21dde01f4e40df611f0978e3006fc4ba0aaab7e?s=96&d=mm&r=g","contentUrl":"https:\/\/secure.gravatar.com\/avatar\/adf7b77e38b4419baf32c7e9c21dde01f4e40df611f0978e3006fc4ba0aaab7e?s=96&d=mm&r=g","caption":"Redacci\u00f3n Box Repsol"},"description":"Box Repsol lo forma un equipo de periodistas, community managers, dise\u00f1adores y fot\u00f3grafos con m\u00e1s de 20 a\u00f1os de experiencia en el mundo del motorsport. Hemos vivido el primer mundial de un espa\u00f1ol en la categor\u00eda reina de motociclismo con \u00c1lex Crivill\u00e9, estuvimos en las victorias de Pedrosa y los t\u00edtulos de M\u00e1rquez, acompa\u00f1amos en \u00c1frica a Nani Roma y Marc Coma en sus conquistas del Dakar y hemos vibrado con los t\u00edtulos de Toni Bou en Trial. Adem\u00e1s, en nuestro equipo contamos con expertos en el mundo de las dos y cuatro ruedas tanto de la calle y las carreteras, como de los circuitos. Periodistas que han trabajado en revistas y publicaciones para hacerte llegar desde rutas y consejos de mantenimiento, a curiosidades y trucos de pilotaje.","sameAs":["https:\/\/www.facebook.com\/BoxRepsol\/","https:\/\/www.instagram.com\/box_repsol\/","https:\/\/x.com\/https:\/\/twitter.com\/box_repsol","https:\/\/www.youtube.com\/@Boxrepsol"],"url":"https:\/\/www.boxrepsol.com\/es\/author\/redaccion-box-repsol\/"}]}},"_links":{"self":[{"href":"https:\/\/www.boxrepsol.com\/es\/wp-json\/wp\/v2\/posts\/93520","targetHints":{"allow":["GET"]}}],"collection":[{"href":"https:\/\/www.boxrepsol.com\/es\/wp-json\/wp\/v2\/posts"}],"about":[{"href":"https:\/\/www.boxrepsol.com\/es\/wp-json\/wp\/v2\/types\/post"}],"author":[{"embeddable":true,"href":"https:\/\/www.boxrepsol.com\/es\/wp-json\/wp\/v2\/users\/43146"}],"replies":[{"embeddable":true,"href":"https:\/\/www.boxrepsol.com\/es\/wp-json\/wp\/v2\/comments?post=93520"}],"version-history":[{"count":2,"href":"https:\/\/www.boxrepsol.com\/es\/wp-json\/wp\/v2\/posts\/93520\/revisions"}],"predecessor-version":[{"id":121016,"href":"https:\/\/www.boxrepsol.com\/es\/wp-json\/wp\/v2\/posts\/93520\/revisions\/121016"}],"wp:featuredmedia":[{"embeddable":true,"href":"https:\/\/www.boxrepsol.com\/es\/wp-json\/wp\/v2\/media\/59908"}],"wp:attachment":[{"href":"https:\/\/www.boxrepsol.com\/es\/wp-json\/wp\/v2\/media?parent=93520"}],"wp:term":[{"taxonomy":"category","embeddable":true,"href":"https:\/\/www.boxrepsol.com\/es\/wp-json\/wp\/v2\/categories?post=93520"},{"taxonomy":"post_tag","embeddable":true,"href":"https:\/\/www.boxrepsol.com\/es\/wp-json\/wp\/v2\/tags?post=93520"}],"curies":[{"name":"wp","href":"https:\/\/api.w.org\/{rel}","templated":true}]}}