{"id":93518,"date":"2018-11-04T00:00:00","date_gmt":"2018-11-04T02:00:00","guid":{"rendered":"http:\/\/pre.boxrepsol.com\/sin-categorizar\/caida-aron-canet-cuando-lideraba-la-carrera\/"},"modified":"2024-10-03T06:32:15","modified_gmt":"2024-10-03T08:32:15","slug":"caida-aron-canet-cuando-lideraba-la-carrera","status":"publish","type":"post","link":"https:\/\/www.boxrepsol.com\/es\/moto3\/caida-aron-canet-cuando-lideraba-la-carrera\/","title":{"rendered":"Ca\u00edda de Ar\u00f3n Canet cuando lideraba la carrera"},"content":{"rendered":"<p>Canet, que part\u00eda decimoquinto en la parrilla de salida, <strong>ha completado en decimonovena posici\u00f3n la primera vuelta<\/strong> y, paulatinamente ha ido progresando en el grupo<strong> hasta situarse en las posiciones de cabeza<\/strong> en el s\u00e9ptimo giro, y liderar\u00a0la carrera en el d\u00e9cimo.<\/p>\n<p>Ha llegado a abrir un peque\u00f1o hueco de seis d\u00e9cimas sobre el segundo clasificado pero, al inicio de la und\u00e9cima vuelta, ha perdido la adherencia de la rueda delantera en la entrada de la curva 1 y no ha podido continuar.<\/p>\n<p>Su compa\u00f1ero de equipo, Alonso L\u00f3pez, ha rodado desde los primeros compases de carrera entre la d\u00e9cima y decimocuarta posici\u00f3n, y se ha ca\u00eddo en el s\u00e9ptimo giro al pasar por una zona h\u00fameda en la curva nueve, cuando era duod\u00e9cimo.<\/p>\n<p><!-- Imagen relacionada --><br \/>\n<img loading=\"lazy\" decoding=\"async\" src=\"https:\/\/bxrepsol.s3.eu-west-1.amazonaws.com\/static\/2022\/08\/29083304\/Pilotos-de-Moto3-en-Australia-2018-2.jpg\" alt=\"Pilotos de Moto3 en Australia 2018\" width=\"404\" height=\"336\" \/><br \/>\n<!-- Categor\u00eda --><br \/>\nMotoGP<br \/>\n<!-- T\u00edtulo --><\/p>\n<h3>Canet y Alonso L\u00f3pez a mil\u00e9simas de la victoria en Australia<\/h3>\n<p><!-- Fecha --><br \/>\nhace 1 hora<\/p>\n<h3>GP de Malasia Moto 3 &#8211; Declaraciones de Ar\u00f3n Canet y Alonso L\u00f3pez<\/h3>\n<h4>Ar\u00f3n Canet<\/h4>\n<p><em>Ha sido una carrera de menos a m\u00e1s. Al principio he visto que todos estaban tirando muy fuerte, siendo muy agresivos, y he decidido aplicar la misma estrategia del a\u00f1o pasado, empezando suave y atacando m\u00e1s adelante. En el momento que he querido, he empezado a adelantar a pilotos, rodando muy c\u00f3modo, hasta que me he puesto primero. <\/em><\/p>\n<p><em>En apenas cuatro curvas he logrado una ventaja de seis d\u00e9cimas y creo que era una carrera para poder escaparme. Lo he intentado, pero he cometido un error frenando m\u00e1s tarde de lo habitual y me he ido al suelo. Lo positivo es que, una vez m\u00e1s, est\u00e1bamos a un nivel \u00a0como para luchar por la victoria.<\/em><\/p>\n<hr \/>\n<h4>Alonso L\u00f3pez<\/h4>\n<p><em>Lo positivo es que cada vez estamos m\u00e1s cerca y m\u00e1s consolidados en la categor\u00eda. Estoy muy contento, porque he podido rodar r\u00e1pido sin tener referencias y es muy positivo para nosotros, especialmente de cara al a\u00f1o que viene. Ha habido curvas en las que frenaba muy tarde y me sent\u00eda muy c\u00f3modo y con confianza. <\/em><\/p>\n<p><em>Es una pena la ca\u00edda, porque estaba haciendo una muy buena carrera, adelantando a otros pilotos, pero son cosas que pasan. En la curva nueve, al frenar he pasado por una zona que todav\u00eda estaba h\u00fameda y he perdido la adherencia en la rueda delantera.<\/em><\/p>\n","protected":false},"excerpt":{"rendered":"<p>La remontada del piloto Repsol se ha interrumpido pasado el ecuador de la prueba por un error en la primera curva. Alonso L\u00f3pez ha sufrido la misma suerte tres giros antes, cuando rodaba duod\u00e9cimo.<\/p>\n","protected":false},"author":43146,"featured_media":59904,"comment_status":"open","ping_status":"open","sticky":false,"template":"","format":"standard","meta":{"footnotes":""},"categories":[31],"tags":[14],"class_list":["post-93518","post","type-post","status-publish","format-standard","hentry","category-moto3","tag-moto3"],"yoast_head":"<!-- This site is optimized with the Yoast SEO plugin v27.3 - https:\/\/yoast.com\/product\/yoast-seo-wordpress\/ -->\n<title>GP de Malasia Moto3 - Ca\u00edda de Ar\u00f3n Canet cuando lideraba la carrera<\/title>\n<meta name=\"description\" content=\"La remontada del piloto Repsol se ha interrumpido pasado el ecuador de la prueba por un error en la primera curva. Alonso L\u00f3pez ha sufrido la misma suerte.\" \/>\n<link rel=\"canonical\" href=\"https:\/\/www.boxrepsol.com\/es\/moto3\/caida-aron-canet-cuando-lideraba-la-carrera\/\" \/>\n<meta property=\"og:locale\" content=\"es_ES\" \/>\n<meta property=\"og:type\" content=\"article\" \/>\n<meta property=\"og:title\" content=\"GP de Malasia Moto3 - Ca\u00edda de Ar\u00f3n Canet cuando lideraba la carrera\" \/>\n<meta property=\"og:description\" content=\"La remontada del piloto Repsol se ha interrumpido pasado el ecuador de la prueba por un error en la primera curva. Alonso L\u00f3pez ha sufrido la misma suerte.\" \/>\n<meta property=\"og:url\" content=\"https:\/\/www.boxrepsol.com\/es\/moto3\/caida-aron-canet-cuando-lideraba-la-carrera\/\" \/>\n<meta property=\"og:site_name\" content=\"Box Repsol\" \/>\n<meta property=\"article:publisher\" content=\"https:\/\/www.facebook.com\/BoxRepsol\" \/>\n<meta property=\"article:author\" content=\"https:\/\/www.facebook.com\/BoxRepsol\/\" \/>\n<meta property=\"article:published_time\" content=\"2018-11-04T02:00:00+00:00\" \/>\n<meta property=\"article:modified_time\" content=\"2024-10-03T08:32:15+00:00\" \/>\n<meta property=\"og:image\" content=\"https:\/\/bxrepsol.s3.eu-west-1.amazonaws.com\/static\/2022\/08\/29083306\/01_Aron_canet_moto3_gp_malasia_repsol_monlau.jpg\" \/>\n\t<meta property=\"og:image:width\" content=\"1280\" \/>\n\t<meta property=\"og:image:height\" content=\"600\" \/>\n\t<meta property=\"og:image:type\" content=\"image\/jpeg\" \/>\n<meta name=\"author\" content=\"Redacci\u00f3n Box Repsol\" \/>\n<meta name=\"twitter:card\" content=\"summary_large_image\" \/>\n<meta name=\"twitter:creator\" content=\"@https:\/\/twitter.com\/box_repsol\" \/>\n<meta name=\"twitter:site\" content=\"@box_repsol\" \/>\n<meta name=\"twitter:label1\" content=\"Written by\" \/>\n\t<meta name=\"twitter:data1\" content=\"Redacci\u00f3n Box Repsol\" \/>\n\t<meta name=\"twitter:label2\" content=\"Est. reading time\" \/>\n\t<meta name=\"twitter:data2\" content=\"2 minutos\" \/>\n<script type=\"application\/ld+json\" class=\"yoast-schema-graph\">{\"@context\":\"https:\\\/\\\/schema.org\",\"@graph\":[{\"@type\":\"Article\",\"@id\":\"https:\\\/\\\/www.boxrepsol.com\\\/es\\\/moto3\\\/caida-aron-canet-cuando-lideraba-la-carrera\\\/#article\",\"isPartOf\":{\"@id\":\"https:\\\/\\\/www.boxrepsol.com\\\/es\\\/moto3\\\/caida-aron-canet-cuando-lideraba-la-carrera\\\/\"},\"author\":{\"name\":\"Redacci\u00f3n Box Repsol\",\"@id\":\"https:\\\/\\\/www.boxrepsol.com\\\/es\\\/#\\\/schema\\\/person\\\/c5c2138f2cca251b0ad92b7086bb60b7\"},\"headline\":\"Ca\u00edda de Ar\u00f3n Canet cuando lideraba la carrera\",\"datePublished\":\"2018-11-04T02:00:00+00:00\",\"dateModified\":\"2024-10-03T08:32:15+00:00\",\"mainEntityOfPage\":{\"@id\":\"https:\\\/\\\/www.boxrepsol.com\\\/es\\\/moto3\\\/caida-aron-canet-cuando-lideraba-la-carrera\\\/\"},\"wordCount\":419,\"commentCount\":0,\"publisher\":{\"@id\":\"https:\\\/\\\/www.boxrepsol.com\\\/es\\\/#organization\"},\"image\":{\"@id\":\"https:\\\/\\\/www.boxrepsol.com\\\/es\\\/moto3\\\/caida-aron-canet-cuando-lideraba-la-carrera\\\/#primaryimage\"},\"thumbnailUrl\":\"https:\\\/\\\/bxrepsol.s3.eu-west-1.amazonaws.com\\\/static\\\/2022\\\/08\\\/29083306\\\/01_Aron_canet_moto3_gp_malasia_repsol_monlau.jpg\",\"keywords\":[\"Moto3\"],\"articleSection\":[\"Moto3\"],\"inLanguage\":\"es\",\"potentialAction\":[{\"@type\":\"CommentAction\",\"name\":\"Comment\",\"target\":[\"https:\\\/\\\/www.boxrepsol.com\\\/es\\\/moto3\\\/caida-aron-canet-cuando-lideraba-la-carrera\\\/#respond\"]}]},{\"@type\":\"WebPage\",\"@id\":\"https:\\\/\\\/www.boxrepsol.com\\\/es\\\/moto3\\\/caida-aron-canet-cuando-lideraba-la-carrera\\\/\",\"url\":\"https:\\\/\\\/www.boxrepsol.com\\\/es\\\/moto3\\\/caida-aron-canet-cuando-lideraba-la-carrera\\\/\",\"name\":\"GP de Malasia Moto3 - Ca\u00edda de Ar\u00f3n Canet cuando lideraba la carrera\",\"isPartOf\":{\"@id\":\"https:\\\/\\\/www.boxrepsol.com\\\/es\\\/#website\"},\"primaryImageOfPage\":{\"@id\":\"https:\\\/\\\/www.boxrepsol.com\\\/es\\\/moto3\\\/caida-aron-canet-cuando-lideraba-la-carrera\\\/#primaryimage\"},\"image\":{\"@id\":\"https:\\\/\\\/www.boxrepsol.com\\\/es\\\/moto3\\\/caida-aron-canet-cuando-lideraba-la-carrera\\\/#primaryimage\"},\"thumbnailUrl\":\"https:\\\/\\\/bxrepsol.s3.eu-west-1.amazonaws.com\\\/static\\\/2022\\\/08\\\/29083306\\\/01_Aron_canet_moto3_gp_malasia_repsol_monlau.jpg\",\"datePublished\":\"2018-11-04T02:00:00+00:00\",\"dateModified\":\"2024-10-03T08:32:15+00:00\",\"description\":\"La remontada del piloto Repsol se ha interrumpido pasado el ecuador de la prueba por un error en la primera curva. Alonso L\u00f3pez ha sufrido la misma suerte.\",\"breadcrumb\":{\"@id\":\"https:\\\/\\\/www.boxrepsol.com\\\/es\\\/moto3\\\/caida-aron-canet-cuando-lideraba-la-carrera\\\/#breadcrumb\"},\"inLanguage\":\"es\",\"potentialAction\":[{\"@type\":\"ReadAction\",\"target\":[\"https:\\\/\\\/www.boxrepsol.com\\\/es\\\/moto3\\\/caida-aron-canet-cuando-lideraba-la-carrera\\\/\"]}]},{\"@type\":\"ImageObject\",\"inLanguage\":\"es\",\"@id\":\"https:\\\/\\\/www.boxrepsol.com\\\/es\\\/moto3\\\/caida-aron-canet-cuando-lideraba-la-carrera\\\/#primaryimage\",\"url\":\"https:\\\/\\\/bxrepsol.s3.eu-west-1.amazonaws.com\\\/static\\\/2022\\\/08\\\/29083306\\\/01_Aron_canet_moto3_gp_malasia_repsol_monlau.jpg\",\"contentUrl\":\"https:\\\/\\\/bxrepsol.s3.eu-west-1.amazonaws.com\\\/static\\\/2022\\\/08\\\/29083306\\\/01_Aron_canet_moto3_gp_malasia_repsol_monlau.jpg\",\"width\":1280,\"height\":600,\"caption\":\"Ar\u00f3n Canet liderando grupo sobre Moto3\"},{\"@type\":\"BreadcrumbList\",\"@id\":\"https:\\\/\\\/www.boxrepsol.com\\\/es\\\/moto3\\\/caida-aron-canet-cuando-lideraba-la-carrera\\\/#breadcrumb\",\"itemListElement\":[{\"@type\":\"ListItem\",\"position\":1,\"name\":\"Home\",\"item\":\"https:\\\/\\\/www.boxrepsol.com\\\/es\\\/\"},{\"@type\":\"ListItem\",\"position\":2,\"name\":\"Ca\u00edda de Ar\u00f3n Canet cuando lideraba la carrera\"}]},{\"@type\":\"WebSite\",\"@id\":\"https:\\\/\\\/www.boxrepsol.com\\\/es\\\/#website\",\"url\":\"https:\\\/\\\/www.boxrepsol.com\\\/es\\\/\",\"name\":\"Box Repsol\",\"description\":\"Box Repsol Site\",\"publisher\":{\"@id\":\"https:\\\/\\\/www.boxrepsol.com\\\/es\\\/#organization\"},\"potentialAction\":[{\"@type\":\"SearchAction\",\"target\":{\"@type\":\"EntryPoint\",\"urlTemplate\":\"https:\\\/\\\/www.boxrepsol.com\\\/es\\\/?s={search_term_string}\"},\"query-input\":{\"@type\":\"PropertyValueSpecification\",\"valueRequired\":true,\"valueName\":\"search_term_string\"}}],\"inLanguage\":\"es\"},{\"@type\":\"Organization\",\"@id\":\"https:\\\/\\\/www.boxrepsol.com\\\/es\\\/#organization\",\"name\":\"Box Repsol\",\"url\":\"https:\\\/\\\/www.boxrepsol.com\\\/es\\\/\",\"logo\":{\"@type\":\"ImageObject\",\"inLanguage\":\"es\",\"@id\":\"https:\\\/\\\/www.boxrepsol.com\\\/es\\\/#\\\/schema\\\/logo\\\/image\\\/\",\"url\":\"https:\\\/\\\/bxrepsol.s3.eu-west-1.amazonaws.com\\\/static\\\/2025\\\/07\\\/30083337\\\/favicon-96x96-1.png\",\"contentUrl\":\"https:\\\/\\\/bxrepsol.s3.eu-west-1.amazonaws.com\\\/static\\\/2025\\\/07\\\/30083337\\\/favicon-96x96-1.png\",\"width\":96,\"height\":96,\"caption\":\"Box Repsol\"},\"image\":{\"@id\":\"https:\\\/\\\/www.boxrepsol.com\\\/es\\\/#\\\/schema\\\/logo\\\/image\\\/\"},\"sameAs\":[\"https:\\\/\\\/www.facebook.com\\\/BoxRepsol\",\"https:\\\/\\\/x.com\\\/box_repsol\",\"http:\\\/\\\/instagram.com\\\/box_repsol\",\"https:\\\/\\\/www.youtube.com\\\/user\\\/RepsolCompeticion\",\"https:\\\/\\\/www.flickr.com\\\/photos\\\/box_repsol\\\/\"]},{\"@type\":\"Person\",\"@id\":\"https:\\\/\\\/www.boxrepsol.com\\\/es\\\/#\\\/schema\\\/person\\\/c5c2138f2cca251b0ad92b7086bb60b7\",\"name\":\"Redacci\u00f3n Box Repsol\",\"image\":{\"@type\":\"ImageObject\",\"inLanguage\":\"es\",\"@id\":\"https:\\\/\\\/secure.gravatar.com\\\/avatar\\\/adf7b77e38b4419baf32c7e9c21dde01f4e40df611f0978e3006fc4ba0aaab7e?s=96&d=mm&r=g\",\"url\":\"https:\\\/\\\/secure.gravatar.com\\\/avatar\\\/adf7b77e38b4419baf32c7e9c21dde01f4e40df611f0978e3006fc4ba0aaab7e?s=96&d=mm&r=g\",\"contentUrl\":\"https:\\\/\\\/secure.gravatar.com\\\/avatar\\\/adf7b77e38b4419baf32c7e9c21dde01f4e40df611f0978e3006fc4ba0aaab7e?s=96&d=mm&r=g\",\"caption\":\"Redacci\u00f3n Box Repsol\"},\"description\":\"Box Repsol lo forma un equipo de periodistas, community managers, dise\u00f1adores y fot\u00f3grafos con m\u00e1s de 20 a\u00f1os de experiencia en el mundo del motorsport. Hemos vivido el primer mundial de un espa\u00f1ol en la categor\u00eda reina de motociclismo con \u00c1lex Crivill\u00e9, estuvimos en las victorias de Pedrosa y los t\u00edtulos de M\u00e1rquez, acompa\u00f1amos en \u00c1frica a Nani Roma y Marc Coma en sus conquistas del Dakar y hemos vibrado con los t\u00edtulos de Toni Bou en Trial. Adem\u00e1s, en nuestro equipo contamos con expertos en el mundo de las dos y cuatro ruedas tanto de la calle y las carreteras, como de los circuitos. Periodistas que han trabajado en revistas y publicaciones para hacerte llegar desde rutas y consejos de mantenimiento, a curiosidades y trucos de pilotaje.\",\"sameAs\":[\"https:\\\/\\\/www.facebook.com\\\/BoxRepsol\\\/\",\"https:\\\/\\\/www.instagram.com\\\/box_repsol\\\/\",\"https:\\\/\\\/x.com\\\/https:\\\/\\\/twitter.com\\\/box_repsol\",\"https:\\\/\\\/www.youtube.com\\\/@Boxrepsol\"],\"url\":\"https:\\\/\\\/www.boxrepsol.com\\\/es\\\/author\\\/redaccion-box-repsol\\\/\"}]}<\/script>\n<!-- \/ Yoast SEO plugin. -->","yoast_head_json":{"title":"GP de Malasia Moto3 - Ca\u00edda de Ar\u00f3n Canet cuando lideraba la carrera","description":"La remontada del piloto Repsol se ha interrumpido pasado el ecuador de la prueba por un error en la primera curva. Alonso L\u00f3pez ha sufrido la misma suerte.","canonical":"https:\/\/www.boxrepsol.com\/es\/moto3\/caida-aron-canet-cuando-lideraba-la-carrera\/","og_locale":"es_ES","og_type":"article","og_title":"GP de Malasia Moto3 - Ca\u00edda de Ar\u00f3n Canet cuando lideraba la carrera","og_description":"La remontada del piloto Repsol se ha interrumpido pasado el ecuador de la prueba por un error en la primera curva. Alonso L\u00f3pez ha sufrido la misma suerte.","og_url":"https:\/\/www.boxrepsol.com\/es\/moto3\/caida-aron-canet-cuando-lideraba-la-carrera\/","og_site_name":"Box Repsol","article_publisher":"https:\/\/www.facebook.com\/BoxRepsol","article_author":"https:\/\/www.facebook.com\/BoxRepsol\/","article_published_time":"2018-11-04T02:00:00+00:00","article_modified_time":"2024-10-03T08:32:15+00:00","og_image":[{"width":1280,"height":600,"url":"https:\/\/bxrepsol.s3.eu-west-1.amazonaws.com\/static\/2022\/08\/29083306\/01_Aron_canet_moto3_gp_malasia_repsol_monlau.jpg","type":"image\/jpeg"}],"author":"Redacci\u00f3n Box Repsol","twitter_card":"summary_large_image","twitter_creator":"@https:\/\/twitter.com\/box_repsol","twitter_site":"@box_repsol","twitter_misc":{"Written by":"Redacci\u00f3n Box Repsol","Est. reading time":"2 minutos"},"schema":{"@context":"https:\/\/schema.org","@graph":[{"@type":"Article","@id":"https:\/\/www.boxrepsol.com\/es\/moto3\/caida-aron-canet-cuando-lideraba-la-carrera\/#article","isPartOf":{"@id":"https:\/\/www.boxrepsol.com\/es\/moto3\/caida-aron-canet-cuando-lideraba-la-carrera\/"},"author":{"name":"Redacci\u00f3n Box Repsol","@id":"https:\/\/www.boxrepsol.com\/es\/#\/schema\/person\/c5c2138f2cca251b0ad92b7086bb60b7"},"headline":"Ca\u00edda de Ar\u00f3n Canet cuando lideraba la carrera","datePublished":"2018-11-04T02:00:00+00:00","dateModified":"2024-10-03T08:32:15+00:00","mainEntityOfPage":{"@id":"https:\/\/www.boxrepsol.com\/es\/moto3\/caida-aron-canet-cuando-lideraba-la-carrera\/"},"wordCount":419,"commentCount":0,"publisher":{"@id":"https:\/\/www.boxrepsol.com\/es\/#organization"},"image":{"@id":"https:\/\/www.boxrepsol.com\/es\/moto3\/caida-aron-canet-cuando-lideraba-la-carrera\/#primaryimage"},"thumbnailUrl":"https:\/\/bxrepsol.s3.eu-west-1.amazonaws.com\/static\/2022\/08\/29083306\/01_Aron_canet_moto3_gp_malasia_repsol_monlau.jpg","keywords":["Moto3"],"articleSection":["Moto3"],"inLanguage":"es","potentialAction":[{"@type":"CommentAction","name":"Comment","target":["https:\/\/www.boxrepsol.com\/es\/moto3\/caida-aron-canet-cuando-lideraba-la-carrera\/#respond"]}]},{"@type":"WebPage","@id":"https:\/\/www.boxrepsol.com\/es\/moto3\/caida-aron-canet-cuando-lideraba-la-carrera\/","url":"https:\/\/www.boxrepsol.com\/es\/moto3\/caida-aron-canet-cuando-lideraba-la-carrera\/","name":"GP de Malasia Moto3 - Ca\u00edda de Ar\u00f3n Canet cuando lideraba la carrera","isPartOf":{"@id":"https:\/\/www.boxrepsol.com\/es\/#website"},"primaryImageOfPage":{"@id":"https:\/\/www.boxrepsol.com\/es\/moto3\/caida-aron-canet-cuando-lideraba-la-carrera\/#primaryimage"},"image":{"@id":"https:\/\/www.boxrepsol.com\/es\/moto3\/caida-aron-canet-cuando-lideraba-la-carrera\/#primaryimage"},"thumbnailUrl":"https:\/\/bxrepsol.s3.eu-west-1.amazonaws.com\/static\/2022\/08\/29083306\/01_Aron_canet_moto3_gp_malasia_repsol_monlau.jpg","datePublished":"2018-11-04T02:00:00+00:00","dateModified":"2024-10-03T08:32:15+00:00","description":"La remontada del piloto Repsol se ha interrumpido pasado el ecuador de la prueba por un error en la primera curva. Alonso L\u00f3pez ha sufrido la misma suerte.","breadcrumb":{"@id":"https:\/\/www.boxrepsol.com\/es\/moto3\/caida-aron-canet-cuando-lideraba-la-carrera\/#breadcrumb"},"inLanguage":"es","potentialAction":[{"@type":"ReadAction","target":["https:\/\/www.boxrepsol.com\/es\/moto3\/caida-aron-canet-cuando-lideraba-la-carrera\/"]}]},{"@type":"ImageObject","inLanguage":"es","@id":"https:\/\/www.boxrepsol.com\/es\/moto3\/caida-aron-canet-cuando-lideraba-la-carrera\/#primaryimage","url":"https:\/\/bxrepsol.s3.eu-west-1.amazonaws.com\/static\/2022\/08\/29083306\/01_Aron_canet_moto3_gp_malasia_repsol_monlau.jpg","contentUrl":"https:\/\/bxrepsol.s3.eu-west-1.amazonaws.com\/static\/2022\/08\/29083306\/01_Aron_canet_moto3_gp_malasia_repsol_monlau.jpg","width":1280,"height":600,"caption":"Ar\u00f3n Canet liderando grupo sobre Moto3"},{"@type":"BreadcrumbList","@id":"https:\/\/www.boxrepsol.com\/es\/moto3\/caida-aron-canet-cuando-lideraba-la-carrera\/#breadcrumb","itemListElement":[{"@type":"ListItem","position":1,"name":"Home","item":"https:\/\/www.boxrepsol.com\/es\/"},{"@type":"ListItem","position":2,"name":"Ca\u00edda de Ar\u00f3n Canet cuando lideraba la carrera"}]},{"@type":"WebSite","@id":"https:\/\/www.boxrepsol.com\/es\/#website","url":"https:\/\/www.boxrepsol.com\/es\/","name":"Box Repsol","description":"Box Repsol Site","publisher":{"@id":"https:\/\/www.boxrepsol.com\/es\/#organization"},"potentialAction":[{"@type":"SearchAction","target":{"@type":"EntryPoint","urlTemplate":"https:\/\/www.boxrepsol.com\/es\/?s={search_term_string}"},"query-input":{"@type":"PropertyValueSpecification","valueRequired":true,"valueName":"search_term_string"}}],"inLanguage":"es"},{"@type":"Organization","@id":"https:\/\/www.boxrepsol.com\/es\/#organization","name":"Box Repsol","url":"https:\/\/www.boxrepsol.com\/es\/","logo":{"@type":"ImageObject","inLanguage":"es","@id":"https:\/\/www.boxrepsol.com\/es\/#\/schema\/logo\/image\/","url":"https:\/\/bxrepsol.s3.eu-west-1.amazonaws.com\/static\/2025\/07\/30083337\/favicon-96x96-1.png","contentUrl":"https:\/\/bxrepsol.s3.eu-west-1.amazonaws.com\/static\/2025\/07\/30083337\/favicon-96x96-1.png","width":96,"height":96,"caption":"Box Repsol"},"image":{"@id":"https:\/\/www.boxrepsol.com\/es\/#\/schema\/logo\/image\/"},"sameAs":["https:\/\/www.facebook.com\/BoxRepsol","https:\/\/x.com\/box_repsol","http:\/\/instagram.com\/box_repsol","https:\/\/www.youtube.com\/user\/RepsolCompeticion","https:\/\/www.flickr.com\/photos\/box_repsol\/"]},{"@type":"Person","@id":"https:\/\/www.boxrepsol.com\/es\/#\/schema\/person\/c5c2138f2cca251b0ad92b7086bb60b7","name":"Redacci\u00f3n Box Repsol","image":{"@type":"ImageObject","inLanguage":"es","@id":"https:\/\/secure.gravatar.com\/avatar\/adf7b77e38b4419baf32c7e9c21dde01f4e40df611f0978e3006fc4ba0aaab7e?s=96&d=mm&r=g","url":"https:\/\/secure.gravatar.com\/avatar\/adf7b77e38b4419baf32c7e9c21dde01f4e40df611f0978e3006fc4ba0aaab7e?s=96&d=mm&r=g","contentUrl":"https:\/\/secure.gravatar.com\/avatar\/adf7b77e38b4419baf32c7e9c21dde01f4e40df611f0978e3006fc4ba0aaab7e?s=96&d=mm&r=g","caption":"Redacci\u00f3n Box Repsol"},"description":"Box Repsol lo forma un equipo de periodistas, community managers, dise\u00f1adores y fot\u00f3grafos con m\u00e1s de 20 a\u00f1os de experiencia en el mundo del motorsport. Hemos vivido el primer mundial de un espa\u00f1ol en la categor\u00eda reina de motociclismo con \u00c1lex Crivill\u00e9, estuvimos en las victorias de Pedrosa y los t\u00edtulos de M\u00e1rquez, acompa\u00f1amos en \u00c1frica a Nani Roma y Marc Coma en sus conquistas del Dakar y hemos vibrado con los t\u00edtulos de Toni Bou en Trial. Adem\u00e1s, en nuestro equipo contamos con expertos en el mundo de las dos y cuatro ruedas tanto de la calle y las carreteras, como de los circuitos. Periodistas que han trabajado en revistas y publicaciones para hacerte llegar desde rutas y consejos de mantenimiento, a curiosidades y trucos de pilotaje.","sameAs":["https:\/\/www.facebook.com\/BoxRepsol\/","https:\/\/www.instagram.com\/box_repsol\/","https:\/\/x.com\/https:\/\/twitter.com\/box_repsol","https:\/\/www.youtube.com\/@Boxrepsol"],"url":"https:\/\/www.boxrepsol.com\/es\/author\/redaccion-box-repsol\/"}]}},"_links":{"self":[{"href":"https:\/\/www.boxrepsol.com\/es\/wp-json\/wp\/v2\/posts\/93518","targetHints":{"allow":["GET"]}}],"collection":[{"href":"https:\/\/www.boxrepsol.com\/es\/wp-json\/wp\/v2\/posts"}],"about":[{"href":"https:\/\/www.boxrepsol.com\/es\/wp-json\/wp\/v2\/types\/post"}],"author":[{"embeddable":true,"href":"https:\/\/www.boxrepsol.com\/es\/wp-json\/wp\/v2\/users\/43146"}],"replies":[{"embeddable":true,"href":"https:\/\/www.boxrepsol.com\/es\/wp-json\/wp\/v2\/comments?post=93518"}],"version-history":[{"count":2,"href":"https:\/\/www.boxrepsol.com\/es\/wp-json\/wp\/v2\/posts\/93518\/revisions"}],"predecessor-version":[{"id":120294,"href":"https:\/\/www.boxrepsol.com\/es\/wp-json\/wp\/v2\/posts\/93518\/revisions\/120294"}],"wp:featuredmedia":[{"embeddable":true,"href":"https:\/\/www.boxrepsol.com\/es\/wp-json\/wp\/v2\/media\/59904"}],"wp:attachment":[{"href":"https:\/\/www.boxrepsol.com\/es\/wp-json\/wp\/v2\/media?parent=93518"}],"wp:term":[{"taxonomy":"category","embeddable":true,"href":"https:\/\/www.boxrepsol.com\/es\/wp-json\/wp\/v2\/categories?post=93518"},{"taxonomy":"post_tag","embeddable":true,"href":"https:\/\/www.boxrepsol.com\/es\/wp-json\/wp\/v2\/tags?post=93518"}],"curies":[{"name":"wp","href":"https:\/\/api.w.org\/{rel}","templated":true}]}}