{"id":93502,"date":"2018-10-29T00:00:00","date_gmt":"2018-10-29T02:00:00","guid":{"rendered":"http:\/\/pre.boxrepsol.com\/sin-categorizar\/campeonato-mundo-motogp-espectaculo-tambien-esta-gradas\/"},"modified":"2024-05-22T08:29:10","modified_gmt":"2024-05-22T10:29:10","slug":"campeonato-mundo-motogp-espectaculo-tambien-esta-gradas","status":"publish","type":"post","link":"https:\/\/www.boxrepsol.com\/es\/cultura-motera\/campeonato-mundo-motogp-espectaculo-tambien-esta-gradas\/","title":{"rendered":"En el Campeonato del Mundo de MotoGP el espect\u00e1culo tambi\u00e9n est\u00e1 en las gradas"},"content":{"rendered":"\n<p>El Campeonato del Mundo de MotoGP es una experiencia incre\u00edble. Tanto si lo ves desde la TV o tu ordenador como si tienes la suerte de disfrutarlo en directo en cualquiera de los circuitos.<\/p>\n\n\n\n<p>Afortunadamente, el mundo del motociclismo es un lugar diverso y repleto de personas variopintas y excepcionales. Para rendirles un cari\u00f1oso homenaje al colorido, pasi\u00f3n y buen rollo que nos transmiten, hemos decidido bucear en nuestro archivo fotogr\u00e1fico en busca de estos fans tan entra\u00f1ables.<\/p>\n\n\n\n<p>Para empezar, destacar a todos aquellos, que son muchos, que se fabrican complementos o indumentaria con los nombres o n\u00fameros de sus pilotos favoritos. Como muestra os mostramos estas simp\u00e1ticas gafas y esta mochila \u00fanica \u201chand made\u201d con todo tipo de detalles para animar a Dani Pedrosa.<\/p>\n\n\n\n<figure class=\"wp-block-image\"><img decoding=\"async\" src=\"https:\/\/bxrepsol.s3.eu-west-1.amazonaws.com\/static\/2022\/08\/29083216\/Fan-Repsol-Honda-con-gafas-personalizadas-DIY-de-Dani-Pedrosa-2.jpg\" alt=\"\"\/><figcaption class=\"wp-element-caption\">Foto de la cara de una fan Repsol Honda con unas gafas que llevanel 26 a los lados<\/figcaption><\/figure>\n\n\n\n<figure class=\"wp-block-image\"><img decoding=\"async\" src=\"https:\/\/bxrepsol.s3.eu-west-1.amazonaws.com\/static\/2022\/08\/29083216\/Mochila-DIY-de-una-fan-personalizada-con-motivos-de-Dani-Pedrosa-2.jpg\" alt=\"\"\/><figcaption class=\"wp-element-caption\">Foto lateral de una ochila con parches y colgantes personalizados con motivos de Dani Pedrosa<\/figcaption><\/figure>\n\n\n\n<figure class=\"wp-block-image\"><img decoding=\"async\" src=\"https:\/\/bxrepsol.s3.eu-west-1.amazonaws.com\/static\/2022\/08\/29083217\/Munequito-DIY-de-Dani-Pedrosa-hecho-por-una-fan-1.jpg\" alt=\"\"\/><figcaption class=\"wp-element-caption\">Foto lateral de una mochila con mu\u00f1eco colgante de Dani Pedrosa<\/figcaption><\/figure>\n\n\n\n<p>Tatuarse la piel, como esta aficionada alemana que conocimos en Motorland, ya es otro nivel. Una demostraci\u00f3n de fidelidad eterna.<\/p>\n\n\n\n<figure class=\"wp-block-image\"><img decoding=\"async\" src=\"https:\/\/bxrepsol.s3.eu-west-1.amazonaws.com\/static\/2022\/08\/29083218\/Tattoo-Sleeve-de-Marc-Marquez-de-una-miembro-del-club-de-fans-2.jpg\" alt=\"\"\/><figcaption class=\"wp-element-caption\">foto del brazo de una fan Marc Marc M\u00e1rquez lleno de tatuajes de arriba a abajo<\/figcaption><\/figure>\n\n\n\n<p>Este \u201cclon\u201d de Marc M\u00e1rquez, equipado con la moto y el mono oficial, hace las delicias de este peque\u00f1o aficionado que cree estar ante el verdadero M\u00e1rquez y no se quita el casco para mantener intacta su ilusi\u00f3n.<\/p>\n\n\n\n<figure class=\"wp-block-image\"><img decoding=\"async\" src=\"https:\/\/bxrepsol.s3.eu-west-1.amazonaws.com\/static\/2022\/08\/29083219\/Fan-con-mono-casco-y-cbr-personalizadas-replica-de-Marc-Marquez-2.jpg\" alt=\"\"\/><figcaption class=\"wp-element-caption\">Fan de Repsol Honda equipo completo sentado en su cbr haciendo el saludo en V<\/figcaption><\/figure>\n\n\n\n<figure class=\"wp-block-image\"><img decoding=\"async\" src=\"https:\/\/bxrepsol.s3.eu-west-1.amazonaws.com\/static\/2022\/08\/29083219\/Pequeno-fan-de-Marc-Marquez-y-fan-totalmente-equipado-se-encuentran-en-las-gradas-1.jpg\" alt=\"\"\/><figcaption class=\"wp-element-caption\">Fan totalmente euipado con mono y casco de M\u00e1rquez conversa con un ni\u00f1o fan del piloto<\/figcaption><\/figure>\n\n\n\n<p>Esta fan del peque\u00f1o samur\u00e1i Pedrosa viste kimono, con espada samur\u00e1i incluida, y muestra orgullosa esta m\u00e1scara con el n\u00famero 26 de Dani.<\/p>\n\n\n\n<figure class=\"wp-block-image\"><img decoding=\"async\" src=\"https:\/\/bxrepsol.s3.eu-west-1.amazonaws.com\/static\/2022\/08\/29083220\/fan-de-Dani-Pedrosa-con-outfit-de-samurai-DIY-personalizado-2.jpg\" alt=\"\"\/><figcaption class=\"wp-element-caption\">Fan con outfit de peque\u00f1o samur\u00e1i posa con su casco<\/figcaption><\/figure>\n\n\n\n<figure class=\"wp-block-image\"><img decoding=\"async\" src=\"https:\/\/bxrepsol.s3.eu-west-1.amazonaws.com\/static\/2022\/08\/29083221\/Kimono-y-katana-DIY-de-Dani-Pedrosa-hechos-por-una-fan-2.jpg\" alt=\"\"\/><figcaption class=\"wp-element-caption\">Vista trasera del kimono DIY de Dani Pedrosa hecho por una fan<\/figcaption><\/figure>\n\n\n\n<p>En la pista, los peque\u00f1os detalles marcan la diferencia. En las gradas tambi\u00e9n, como las u\u00f1as y los pendientes de estas aficionadas. El glamour no est\u00e1 re\u00f1ido con la competici\u00f3n.<\/p>\n\n\n\n<figure class=\"wp-block-image\"><img decoding=\"async\" src=\"https:\/\/bxrepsol.s3.eu-west-1.amazonaws.com\/static\/2022\/08\/29083221\/Unas-pintadas-con-motivos-del-pequeno-samurai-Dani-Pedrosa-1.jpg\" alt=\"\"\/><figcaption class=\"wp-element-caption\">U\u00f1as de los dedos decoradas con varios motivos de Dani Pedrosa<\/figcaption><\/figure>\n\n\n\n<figure class=\"wp-block-image\"><img decoding=\"async\" src=\"https:\/\/bxrepsol.s3.eu-west-1.amazonaws.com\/static\/2022\/08\/29083222\/Fan-con-pendientes-del26-y-Dani-en-honor-a-Dani-Pedrosa-2.jpg\" alt=\"\"\/><figcaption class=\"wp-element-caption\">Foto de los pendenties de Dani Pedrosa que lleva una fan<\/figcaption><\/figure>\n\n\n\n<p>Las hormigas M\u00e1rquez son una ex\u00f3tica y simp\u00e1tica especie que se encuentra all\u00e1 donde vayas. Se pueden identificar por su color rojo, las antenas y una sonrisa en la boca.<\/p>\n\n\n\n<figure class=\"wp-block-image\"><img decoding=\"async\" src=\"https:\/\/bxrepsol.s3.eu-west-1.amazonaws.com\/static\/2022\/08\/29083223\/Fan-Repsol-Honda-con-disfraz-DIY-de-hormiga-en-honor-a-Marc-Marquez-2.jpg\" alt=\"\"\/><figcaption class=\"wp-element-caption\">Fan con un disfraz de hormiga en homenaje a Marc M\u00e1rquez<\/figcaption><\/figure>\n\n\n\n<figure class=\"wp-block-image\"><img decoding=\"async\" src=\"https:\/\/bxrepsol.s3.eu-west-1.amazonaws.com\/static\/2022\/08\/29083223\/Fans-de-Repsol-Honda-con-una-gorra-DIY-con-un-muneco-de-hormiga-1.jpg\" alt=\"\"\/><figcaption class=\"wp-element-caption\">Mu\u00f1eco de una hormiga DIy que unos fans han acoplado a una gorra de Marc M\u00e1rquez<\/figcaption><\/figure>\n\n\n\n<figure class=\"wp-block-image\"><img decoding=\"async\" src=\"https:\/\/bxrepsol.s3.eu-west-1.amazonaws.com\/static\/2022\/08\/29083224\/Grupo-de-amigas-fans-de-Repsol-Honda-con-antenas-de-hormiga-2.jpg\" alt=\"\"\/><figcaption class=\"wp-element-caption\">Un grupo de 4 amigas con camisetas de Marc M\u00e1rquez, tut\u00fas rojos y antenas de hormiga posan<\/figcaption><\/figure>\n\n\n\n<p>En el Box de Repsol tenemos la suerte de recibir aficionados como esta artista que ha creado esta magn\u00edfica ilustraci\u00f3n que le firma Marc M\u00e1rquez.<\/p>\n\n\n\n<figure class=\"wp-block-image\"><img decoding=\"async\" src=\"https:\/\/bxrepsol.s3.eu-west-1.amazonaws.com\/static\/2022\/08\/29083225\/Marc-Marquez-firma-la-ilustracion-de-el-mismo-que-le-trae-una-fan-2.jpg\" alt=\"\"\/><figcaption class=\"wp-element-caption\">Una fan sostiene una ilustraci\u00f3n de Marc M\u00e1rquez mientras el piloto se la firma<\/figcaption><\/figure>\n\n\n\n<p>Y para acabar, este peque\u00f1o aficionado fotografiado en el Box de Repsol ataviado con su mono de piloto a medida.<\/p>\n\n\n\n<figure class=\"wp-block-image\"><img decoding=\"async\" src=\"https:\/\/bxrepsol.s3.eu-west-1.amazonaws.com\/static\/2022\/08\/29083225\/pequeno-fan-con-mono-Repsol-Honda-personalizado-en-el-box-junto-la-RC213V-1.jpg\" alt=\"\"\/><figcaption class=\"wp-element-caption\">Un joven equipado con un mono Rpesol Honda posa junto a la moto de Dani Pedrosa<\/figcaption><\/figure>\n\n\n\n<figure class=\"wp-block-image\"><img decoding=\"async\" src=\"https:\/\/bxrepsol.s3.eu-west-1.amazonaws.com\/static\/2022\/08\/29083226\/pequeno-fan-con-mono-Repsol-Honda-personalizado-posa-con-Dani-Pedrosa-1.jpg\" alt=\"\"\/><figcaption class=\"wp-element-caption\">Dani Pedrosa posa en el box junto a un peque\u00f1o fan con mono Repsol<\/figcaption><\/figure>\n\n\n\n<p>As\u00ed es como nos sentimos, como un ni\u00f1o, ante la magia de la m\u00e1xima competici\u00f3n del mundo de las dos ruedas. Posiblemente, uno de los mayores espect\u00e1culos del mundo tanto dentro como fuera de la pista.<\/p>\n\n\n\n<p><!-- Imagen relacionada --><br><img loading=\"lazy\" decoding=\"async\" src=\"https:\/\/bxrepsol.s3.eu-west-1.amazonaws.com\/static\/2022\/08\/29083027\/header-28-3.png\" sizes=\"auto, (max-width: 404px) 100vw, 404px\" srcset=\"https:\/\/bxrepsol.s3.eu-west-1.amazonaws.com\/static\/2022\/08\/29083027\/header-28-3.png 404w, https:\/\/bxrepsol.s3.eu-west-1.amazonaws.com\/static\/2022\/08\/29083027\/header-28-3.png 670w\" alt=\"Grabaci\u00f3n de Dani Pedrosa con el M\u00f3vil\" width=\"404\" height=\"336\"><br><!-- Categor\u00eda --><br>Cultura Motera<br><!-- T\u00edtulo --><\/p>\n\n\n\n<h3 class=\"wp-block-heading\">5 \u2018time lapse\u2019 que demuestran la creatividad y pasi\u00f3n de nuestros fans<\/h3>\n\n\n\n<p><!-- Fecha --><br>hace 1 hora<br><!-- Imagen relacionada --><br><img loading=\"lazy\" decoding=\"async\" src=\"https:\/\/bxrepsol.s3.eu-west-1.amazonaws.com\/static\/2022\/08\/29083021\/HEADER-35-3.png\" sizes=\"auto, (max-width: 404px) 100vw, 404px\" srcset=\"https:\/\/bxrepsol.s3.eu-west-1.amazonaws.com\/static\/2022\/08\/29083021\/HEADER-35-3.png 404w, https:\/\/bxrepsol.s3.eu-west-1.amazonaws.com\/static\/2022\/08\/29083021\/HEADER-35-3.png 670w\" alt=\"Carretera lluviosa\" width=\"404\" height=\"336\"><br><!-- Categor\u00eda --><br>Cultura Motera<br><!-- T\u00edtulo --><\/p>\n\n\n\n<h3 class=\"wp-block-heading\">7 im\u00e1genes ins\u00f3litas encima de una moto<\/h3>\n\n\n\n<p><!-- Fecha --><br>hace 1 hora<\/p>\n","protected":false},"excerpt":{"rendered":"<p>Repasamos algunas de las mejores im\u00e1genes que se ven en las gradas durante el Campeonato del Mundo de MotoGP. Los fans son tambi\u00e9n un aut\u00e9ntico espect\u00e1culo digno de verse.<\/p>\n","protected":false},"author":43146,"featured_media":59836,"comment_status":"open","ping_status":"open","sticky":false,"template":"","format":"standard","meta":{"footnotes":""},"categories":[160],"tags":[172],"class_list":["post-93502","post","type-post","status-publish","format-standard","hentry","category-cultura-motera","tag-fans-del-motociclismo"],"yoast_head":"<!-- This site is optimized with the Yoast SEO plugin v27.3 - https:\/\/yoast.com\/product\/yoast-seo-wordpress\/ -->\n<title>Disfruta del espect\u00e1culo de las gradas de MotoGP - Box Repsol<\/title>\n<meta name=\"description\" content=\"El Campeonato del Mundo de MotoGP es una experiencia incre\u00edble. Tanto si lo ves desde la TV o tu ordenador como si tienes\" \/>\n<link rel=\"canonical\" href=\"https:\/\/www.boxrepsol.com\/es\/cultura-motera\/campeonato-mundo-motogp-espectaculo-tambien-esta-gradas\/\" \/>\n<meta property=\"og:locale\" content=\"es_ES\" \/>\n<meta property=\"og:type\" content=\"article\" \/>\n<meta property=\"og:title\" content=\"Disfruta del espect\u00e1culo de las gradas de MotoGP - Box Repsol\" \/>\n<meta property=\"og:description\" content=\"El Campeonato del Mundo de MotoGP es una experiencia incre\u00edble. Tanto si lo ves desde la TV o tu ordenador como si tienes\" \/>\n<meta property=\"og:url\" content=\"https:\/\/www.boxrepsol.com\/es\/cultura-motera\/campeonato-mundo-motogp-espectaculo-tambien-esta-gradas\/\" \/>\n<meta property=\"og:site_name\" content=\"Box Repsol\" \/>\n<meta property=\"article:publisher\" content=\"https:\/\/www.facebook.com\/BoxRepsol\" \/>\n<meta property=\"article:author\" content=\"https:\/\/www.facebook.com\/BoxRepsol\/\" \/>\n<meta property=\"article:published_time\" content=\"2018-10-29T02:00:00+00:00\" \/>\n<meta property=\"article:modified_time\" content=\"2024-05-22T10:29:10+00:00\" \/>\n<meta property=\"og:image\" content=\"https:\/\/bxrepsol.s3.eu-west-1.amazonaws.com\/static\/2022\/08\/29083229\/Marc-Marquez-posa-junto-a-un-fan-con-una-replica-gigante-de-su-casco-1.jpg\" \/>\n\t<meta property=\"og:image:width\" content=\"1280\" \/>\n\t<meta property=\"og:image:height\" content=\"600\" \/>\n\t<meta property=\"og:image:type\" content=\"image\/jpeg\" \/>\n<meta name=\"author\" content=\"Redacci\u00f3n Box Repsol\" \/>\n<meta name=\"twitter:card\" content=\"summary_large_image\" \/>\n<meta name=\"twitter:creator\" content=\"@https:\/\/twitter.com\/box_repsol\" \/>\n<meta name=\"twitter:site\" content=\"@box_repsol\" \/>\n<meta name=\"twitter:label1\" content=\"Written by\" \/>\n\t<meta name=\"twitter:data1\" content=\"Redacci\u00f3n Box Repsol\" \/>\n\t<meta name=\"twitter:label2\" content=\"Est. reading time\" \/>\n\t<meta name=\"twitter:data2\" content=\"3 minutos\" \/>\n<script type=\"application\/ld+json\" class=\"yoast-schema-graph\">{\"@context\":\"https:\\\/\\\/schema.org\",\"@graph\":[{\"@type\":\"Article\",\"@id\":\"https:\\\/\\\/www.boxrepsol.com\\\/es\\\/cultura-motera\\\/campeonato-mundo-motogp-espectaculo-tambien-esta-gradas\\\/#article\",\"isPartOf\":{\"@id\":\"https:\\\/\\\/www.boxrepsol.com\\\/es\\\/cultura-motera\\\/campeonato-mundo-motogp-espectaculo-tambien-esta-gradas\\\/\"},\"author\":{\"name\":\"Redacci\u00f3n Box Repsol\",\"@id\":\"https:\\\/\\\/www.boxrepsol.com\\\/es\\\/#\\\/schema\\\/person\\\/c5c2138f2cca251b0ad92b7086bb60b7\"},\"headline\":\"En el Campeonato del Mundo de MotoGP el espect\u00e1culo tambi\u00e9n est\u00e1 en las gradas\",\"datePublished\":\"2018-10-29T02:00:00+00:00\",\"dateModified\":\"2024-05-22T10:29:10+00:00\",\"mainEntityOfPage\":{\"@id\":\"https:\\\/\\\/www.boxrepsol.com\\\/es\\\/cultura-motera\\\/campeonato-mundo-motogp-espectaculo-tambien-esta-gradas\\\/\"},\"wordCount\":659,\"commentCount\":0,\"publisher\":{\"@id\":\"https:\\\/\\\/www.boxrepsol.com\\\/es\\\/#organization\"},\"image\":{\"@id\":\"https:\\\/\\\/www.boxrepsol.com\\\/es\\\/cultura-motera\\\/campeonato-mundo-motogp-espectaculo-tambien-esta-gradas\\\/#primaryimage\"},\"thumbnailUrl\":\"https:\\\/\\\/bxrepsol.s3.eu-west-1.amazonaws.com\\\/static\\\/2022\\\/08\\\/29083229\\\/Marc-Marquez-posa-junto-a-un-fan-con-una-replica-gigante-de-su-casco-1.jpg\",\"keywords\":[\"fans del motociclismo\"],\"articleSection\":[\"Cultura Motera\"],\"inLanguage\":\"es\",\"potentialAction\":[{\"@type\":\"CommentAction\",\"name\":\"Comment\",\"target\":[\"https:\\\/\\\/www.boxrepsol.com\\\/es\\\/cultura-motera\\\/campeonato-mundo-motogp-espectaculo-tambien-esta-gradas\\\/#respond\"]}]},{\"@type\":\"WebPage\",\"@id\":\"https:\\\/\\\/www.boxrepsol.com\\\/es\\\/cultura-motera\\\/campeonato-mundo-motogp-espectaculo-tambien-esta-gradas\\\/\",\"url\":\"https:\\\/\\\/www.boxrepsol.com\\\/es\\\/cultura-motera\\\/campeonato-mundo-motogp-espectaculo-tambien-esta-gradas\\\/\",\"name\":\"Disfruta del espect\u00e1culo de las gradas de MotoGP - Box Repsol\",\"isPartOf\":{\"@id\":\"https:\\\/\\\/www.boxrepsol.com\\\/es\\\/#website\"},\"primaryImageOfPage\":{\"@id\":\"https:\\\/\\\/www.boxrepsol.com\\\/es\\\/cultura-motera\\\/campeonato-mundo-motogp-espectaculo-tambien-esta-gradas\\\/#primaryimage\"},\"image\":{\"@id\":\"https:\\\/\\\/www.boxrepsol.com\\\/es\\\/cultura-motera\\\/campeonato-mundo-motogp-espectaculo-tambien-esta-gradas\\\/#primaryimage\"},\"thumbnailUrl\":\"https:\\\/\\\/bxrepsol.s3.eu-west-1.amazonaws.com\\\/static\\\/2022\\\/08\\\/29083229\\\/Marc-Marquez-posa-junto-a-un-fan-con-una-replica-gigante-de-su-casco-1.jpg\",\"datePublished\":\"2018-10-29T02:00:00+00:00\",\"dateModified\":\"2024-05-22T10:29:10+00:00\",\"description\":\"El Campeonato del Mundo de MotoGP es una experiencia incre\u00edble. Tanto si lo ves desde la TV o tu ordenador como si tienes\",\"breadcrumb\":{\"@id\":\"https:\\\/\\\/www.boxrepsol.com\\\/es\\\/cultura-motera\\\/campeonato-mundo-motogp-espectaculo-tambien-esta-gradas\\\/#breadcrumb\"},\"inLanguage\":\"es\",\"potentialAction\":[{\"@type\":\"ReadAction\",\"target\":[\"https:\\\/\\\/www.boxrepsol.com\\\/es\\\/cultura-motera\\\/campeonato-mundo-motogp-espectaculo-tambien-esta-gradas\\\/\"]}]},{\"@type\":\"ImageObject\",\"inLanguage\":\"es\",\"@id\":\"https:\\\/\\\/www.boxrepsol.com\\\/es\\\/cultura-motera\\\/campeonato-mundo-motogp-espectaculo-tambien-esta-gradas\\\/#primaryimage\",\"url\":\"https:\\\/\\\/bxrepsol.s3.eu-west-1.amazonaws.com\\\/static\\\/2022\\\/08\\\/29083229\\\/Marc-Marquez-posa-junto-a-un-fan-con-una-replica-gigante-de-su-casco-1.jpg\",\"contentUrl\":\"https:\\\/\\\/bxrepsol.s3.eu-west-1.amazonaws.com\\\/static\\\/2022\\\/08\\\/29083229\\\/Marc-Marquez-posa-junto-a-un-fan-con-una-replica-gigante-de-su-casco-1.jpg\",\"width\":1280,\"height\":600,\"caption\":\"Marc M\u00e1rquez agarra del hombro a un fan vestido con un mono Repsoly un casco gigante de papel mach\u00e9\"},{\"@type\":\"BreadcrumbList\",\"@id\":\"https:\\\/\\\/www.boxrepsol.com\\\/es\\\/cultura-motera\\\/campeonato-mundo-motogp-espectaculo-tambien-esta-gradas\\\/#breadcrumb\",\"itemListElement\":[{\"@type\":\"ListItem\",\"position\":1,\"name\":\"Home\",\"item\":\"https:\\\/\\\/www.boxrepsol.com\\\/es\\\/\"},{\"@type\":\"ListItem\",\"position\":2,\"name\":\"En el Campeonato del Mundo de MotoGP el espect\u00e1culo tambi\u00e9n est\u00e1 en las gradas\"}]},{\"@type\":\"WebSite\",\"@id\":\"https:\\\/\\\/www.boxrepsol.com\\\/es\\\/#website\",\"url\":\"https:\\\/\\\/www.boxrepsol.com\\\/es\\\/\",\"name\":\"Box Repsol\",\"description\":\"Box Repsol Site\",\"publisher\":{\"@id\":\"https:\\\/\\\/www.boxrepsol.com\\\/es\\\/#organization\"},\"potentialAction\":[{\"@type\":\"SearchAction\",\"target\":{\"@type\":\"EntryPoint\",\"urlTemplate\":\"https:\\\/\\\/www.boxrepsol.com\\\/es\\\/?s={search_term_string}\"},\"query-input\":{\"@type\":\"PropertyValueSpecification\",\"valueRequired\":true,\"valueName\":\"search_term_string\"}}],\"inLanguage\":\"es\"},{\"@type\":\"Organization\",\"@id\":\"https:\\\/\\\/www.boxrepsol.com\\\/es\\\/#organization\",\"name\":\"Box Repsol\",\"url\":\"https:\\\/\\\/www.boxrepsol.com\\\/es\\\/\",\"logo\":{\"@type\":\"ImageObject\",\"inLanguage\":\"es\",\"@id\":\"https:\\\/\\\/www.boxrepsol.com\\\/es\\\/#\\\/schema\\\/logo\\\/image\\\/\",\"url\":\"https:\\\/\\\/bxrepsol.s3.eu-west-1.amazonaws.com\\\/static\\\/2025\\\/07\\\/30083337\\\/favicon-96x96-1.png\",\"contentUrl\":\"https:\\\/\\\/bxrepsol.s3.eu-west-1.amazonaws.com\\\/static\\\/2025\\\/07\\\/30083337\\\/favicon-96x96-1.png\",\"width\":96,\"height\":96,\"caption\":\"Box Repsol\"},\"image\":{\"@id\":\"https:\\\/\\\/www.boxrepsol.com\\\/es\\\/#\\\/schema\\\/logo\\\/image\\\/\"},\"sameAs\":[\"https:\\\/\\\/www.facebook.com\\\/BoxRepsol\",\"https:\\\/\\\/x.com\\\/box_repsol\",\"http:\\\/\\\/instagram.com\\\/box_repsol\",\"https:\\\/\\\/www.youtube.com\\\/user\\\/RepsolCompeticion\",\"https:\\\/\\\/www.flickr.com\\\/photos\\\/box_repsol\\\/\"]},{\"@type\":\"Person\",\"@id\":\"https:\\\/\\\/www.boxrepsol.com\\\/es\\\/#\\\/schema\\\/person\\\/c5c2138f2cca251b0ad92b7086bb60b7\",\"name\":\"Redacci\u00f3n Box Repsol\",\"image\":{\"@type\":\"ImageObject\",\"inLanguage\":\"es\",\"@id\":\"https:\\\/\\\/secure.gravatar.com\\\/avatar\\\/adf7b77e38b4419baf32c7e9c21dde01f4e40df611f0978e3006fc4ba0aaab7e?s=96&d=mm&r=g\",\"url\":\"https:\\\/\\\/secure.gravatar.com\\\/avatar\\\/adf7b77e38b4419baf32c7e9c21dde01f4e40df611f0978e3006fc4ba0aaab7e?s=96&d=mm&r=g\",\"contentUrl\":\"https:\\\/\\\/secure.gravatar.com\\\/avatar\\\/adf7b77e38b4419baf32c7e9c21dde01f4e40df611f0978e3006fc4ba0aaab7e?s=96&d=mm&r=g\",\"caption\":\"Redacci\u00f3n Box Repsol\"},\"description\":\"Box Repsol lo forma un equipo de periodistas, community managers, dise\u00f1adores y fot\u00f3grafos con m\u00e1s de 20 a\u00f1os de experiencia en el mundo del motorsport. Hemos vivido el primer mundial de un espa\u00f1ol en la categor\u00eda reina de motociclismo con \u00c1lex Crivill\u00e9, estuvimos en las victorias de Pedrosa y los t\u00edtulos de M\u00e1rquez, acompa\u00f1amos en \u00c1frica a Nani Roma y Marc Coma en sus conquistas del Dakar y hemos vibrado con los t\u00edtulos de Toni Bou en Trial. Adem\u00e1s, en nuestro equipo contamos con expertos en el mundo de las dos y cuatro ruedas tanto de la calle y las carreteras, como de los circuitos. Periodistas que han trabajado en revistas y publicaciones para hacerte llegar desde rutas y consejos de mantenimiento, a curiosidades y trucos de pilotaje.\",\"sameAs\":[\"https:\\\/\\\/www.facebook.com\\\/BoxRepsol\\\/\",\"https:\\\/\\\/www.instagram.com\\\/box_repsol\\\/\",\"https:\\\/\\\/x.com\\\/https:\\\/\\\/twitter.com\\\/box_repsol\",\"https:\\\/\\\/www.youtube.com\\\/@Boxrepsol\"],\"url\":\"https:\\\/\\\/www.boxrepsol.com\\\/es\\\/author\\\/redaccion-box-repsol\\\/\"}]}<\/script>\n<!-- \/ Yoast SEO plugin. -->","yoast_head_json":{"title":"Disfruta del espect\u00e1culo de las gradas de MotoGP - Box Repsol","description":"El Campeonato del Mundo de MotoGP es una experiencia incre\u00edble. Tanto si lo ves desde la TV o tu ordenador como si tienes","canonical":"https:\/\/www.boxrepsol.com\/es\/cultura-motera\/campeonato-mundo-motogp-espectaculo-tambien-esta-gradas\/","og_locale":"es_ES","og_type":"article","og_title":"Disfruta del espect\u00e1culo de las gradas de MotoGP - Box Repsol","og_description":"El Campeonato del Mundo de MotoGP es una experiencia incre\u00edble. Tanto si lo ves desde la TV o tu ordenador como si tienes","og_url":"https:\/\/www.boxrepsol.com\/es\/cultura-motera\/campeonato-mundo-motogp-espectaculo-tambien-esta-gradas\/","og_site_name":"Box Repsol","article_publisher":"https:\/\/www.facebook.com\/BoxRepsol","article_author":"https:\/\/www.facebook.com\/BoxRepsol\/","article_published_time":"2018-10-29T02:00:00+00:00","article_modified_time":"2024-05-22T10:29:10+00:00","og_image":[{"width":1280,"height":600,"url":"https:\/\/bxrepsol.s3.eu-west-1.amazonaws.com\/static\/2022\/08\/29083229\/Marc-Marquez-posa-junto-a-un-fan-con-una-replica-gigante-de-su-casco-1.jpg","type":"image\/jpeg"}],"author":"Redacci\u00f3n Box Repsol","twitter_card":"summary_large_image","twitter_creator":"@https:\/\/twitter.com\/box_repsol","twitter_site":"@box_repsol","twitter_misc":{"Written by":"Redacci\u00f3n Box Repsol","Est. reading time":"3 minutos"},"schema":{"@context":"https:\/\/schema.org","@graph":[{"@type":"Article","@id":"https:\/\/www.boxrepsol.com\/es\/cultura-motera\/campeonato-mundo-motogp-espectaculo-tambien-esta-gradas\/#article","isPartOf":{"@id":"https:\/\/www.boxrepsol.com\/es\/cultura-motera\/campeonato-mundo-motogp-espectaculo-tambien-esta-gradas\/"},"author":{"name":"Redacci\u00f3n Box Repsol","@id":"https:\/\/www.boxrepsol.com\/es\/#\/schema\/person\/c5c2138f2cca251b0ad92b7086bb60b7"},"headline":"En el Campeonato del Mundo de MotoGP el espect\u00e1culo tambi\u00e9n est\u00e1 en las gradas","datePublished":"2018-10-29T02:00:00+00:00","dateModified":"2024-05-22T10:29:10+00:00","mainEntityOfPage":{"@id":"https:\/\/www.boxrepsol.com\/es\/cultura-motera\/campeonato-mundo-motogp-espectaculo-tambien-esta-gradas\/"},"wordCount":659,"commentCount":0,"publisher":{"@id":"https:\/\/www.boxrepsol.com\/es\/#organization"},"image":{"@id":"https:\/\/www.boxrepsol.com\/es\/cultura-motera\/campeonato-mundo-motogp-espectaculo-tambien-esta-gradas\/#primaryimage"},"thumbnailUrl":"https:\/\/bxrepsol.s3.eu-west-1.amazonaws.com\/static\/2022\/08\/29083229\/Marc-Marquez-posa-junto-a-un-fan-con-una-replica-gigante-de-su-casco-1.jpg","keywords":["fans del motociclismo"],"articleSection":["Cultura Motera"],"inLanguage":"es","potentialAction":[{"@type":"CommentAction","name":"Comment","target":["https:\/\/www.boxrepsol.com\/es\/cultura-motera\/campeonato-mundo-motogp-espectaculo-tambien-esta-gradas\/#respond"]}]},{"@type":"WebPage","@id":"https:\/\/www.boxrepsol.com\/es\/cultura-motera\/campeonato-mundo-motogp-espectaculo-tambien-esta-gradas\/","url":"https:\/\/www.boxrepsol.com\/es\/cultura-motera\/campeonato-mundo-motogp-espectaculo-tambien-esta-gradas\/","name":"Disfruta del espect\u00e1culo de las gradas de MotoGP - Box Repsol","isPartOf":{"@id":"https:\/\/www.boxrepsol.com\/es\/#website"},"primaryImageOfPage":{"@id":"https:\/\/www.boxrepsol.com\/es\/cultura-motera\/campeonato-mundo-motogp-espectaculo-tambien-esta-gradas\/#primaryimage"},"image":{"@id":"https:\/\/www.boxrepsol.com\/es\/cultura-motera\/campeonato-mundo-motogp-espectaculo-tambien-esta-gradas\/#primaryimage"},"thumbnailUrl":"https:\/\/bxrepsol.s3.eu-west-1.amazonaws.com\/static\/2022\/08\/29083229\/Marc-Marquez-posa-junto-a-un-fan-con-una-replica-gigante-de-su-casco-1.jpg","datePublished":"2018-10-29T02:00:00+00:00","dateModified":"2024-05-22T10:29:10+00:00","description":"El Campeonato del Mundo de MotoGP es una experiencia incre\u00edble. Tanto si lo ves desde la TV o tu ordenador como si tienes","breadcrumb":{"@id":"https:\/\/www.boxrepsol.com\/es\/cultura-motera\/campeonato-mundo-motogp-espectaculo-tambien-esta-gradas\/#breadcrumb"},"inLanguage":"es","potentialAction":[{"@type":"ReadAction","target":["https:\/\/www.boxrepsol.com\/es\/cultura-motera\/campeonato-mundo-motogp-espectaculo-tambien-esta-gradas\/"]}]},{"@type":"ImageObject","inLanguage":"es","@id":"https:\/\/www.boxrepsol.com\/es\/cultura-motera\/campeonato-mundo-motogp-espectaculo-tambien-esta-gradas\/#primaryimage","url":"https:\/\/bxrepsol.s3.eu-west-1.amazonaws.com\/static\/2022\/08\/29083229\/Marc-Marquez-posa-junto-a-un-fan-con-una-replica-gigante-de-su-casco-1.jpg","contentUrl":"https:\/\/bxrepsol.s3.eu-west-1.amazonaws.com\/static\/2022\/08\/29083229\/Marc-Marquez-posa-junto-a-un-fan-con-una-replica-gigante-de-su-casco-1.jpg","width":1280,"height":600,"caption":"Marc M\u00e1rquez agarra del hombro a un fan vestido con un mono Repsoly un casco gigante de papel mach\u00e9"},{"@type":"BreadcrumbList","@id":"https:\/\/www.boxrepsol.com\/es\/cultura-motera\/campeonato-mundo-motogp-espectaculo-tambien-esta-gradas\/#breadcrumb","itemListElement":[{"@type":"ListItem","position":1,"name":"Home","item":"https:\/\/www.boxrepsol.com\/es\/"},{"@type":"ListItem","position":2,"name":"En el Campeonato del Mundo de MotoGP el espect\u00e1culo tambi\u00e9n est\u00e1 en las gradas"}]},{"@type":"WebSite","@id":"https:\/\/www.boxrepsol.com\/es\/#website","url":"https:\/\/www.boxrepsol.com\/es\/","name":"Box Repsol","description":"Box Repsol Site","publisher":{"@id":"https:\/\/www.boxrepsol.com\/es\/#organization"},"potentialAction":[{"@type":"SearchAction","target":{"@type":"EntryPoint","urlTemplate":"https:\/\/www.boxrepsol.com\/es\/?s={search_term_string}"},"query-input":{"@type":"PropertyValueSpecification","valueRequired":true,"valueName":"search_term_string"}}],"inLanguage":"es"},{"@type":"Organization","@id":"https:\/\/www.boxrepsol.com\/es\/#organization","name":"Box Repsol","url":"https:\/\/www.boxrepsol.com\/es\/","logo":{"@type":"ImageObject","inLanguage":"es","@id":"https:\/\/www.boxrepsol.com\/es\/#\/schema\/logo\/image\/","url":"https:\/\/bxrepsol.s3.eu-west-1.amazonaws.com\/static\/2025\/07\/30083337\/favicon-96x96-1.png","contentUrl":"https:\/\/bxrepsol.s3.eu-west-1.amazonaws.com\/static\/2025\/07\/30083337\/favicon-96x96-1.png","width":96,"height":96,"caption":"Box Repsol"},"image":{"@id":"https:\/\/www.boxrepsol.com\/es\/#\/schema\/logo\/image\/"},"sameAs":["https:\/\/www.facebook.com\/BoxRepsol","https:\/\/x.com\/box_repsol","http:\/\/instagram.com\/box_repsol","https:\/\/www.youtube.com\/user\/RepsolCompeticion","https:\/\/www.flickr.com\/photos\/box_repsol\/"]},{"@type":"Person","@id":"https:\/\/www.boxrepsol.com\/es\/#\/schema\/person\/c5c2138f2cca251b0ad92b7086bb60b7","name":"Redacci\u00f3n Box Repsol","image":{"@type":"ImageObject","inLanguage":"es","@id":"https:\/\/secure.gravatar.com\/avatar\/adf7b77e38b4419baf32c7e9c21dde01f4e40df611f0978e3006fc4ba0aaab7e?s=96&d=mm&r=g","url":"https:\/\/secure.gravatar.com\/avatar\/adf7b77e38b4419baf32c7e9c21dde01f4e40df611f0978e3006fc4ba0aaab7e?s=96&d=mm&r=g","contentUrl":"https:\/\/secure.gravatar.com\/avatar\/adf7b77e38b4419baf32c7e9c21dde01f4e40df611f0978e3006fc4ba0aaab7e?s=96&d=mm&r=g","caption":"Redacci\u00f3n Box Repsol"},"description":"Box Repsol lo forma un equipo de periodistas, community managers, dise\u00f1adores y fot\u00f3grafos con m\u00e1s de 20 a\u00f1os de experiencia en el mundo del motorsport. Hemos vivido el primer mundial de un espa\u00f1ol en la categor\u00eda reina de motociclismo con \u00c1lex Crivill\u00e9, estuvimos en las victorias de Pedrosa y los t\u00edtulos de M\u00e1rquez, acompa\u00f1amos en \u00c1frica a Nani Roma y Marc Coma en sus conquistas del Dakar y hemos vibrado con los t\u00edtulos de Toni Bou en Trial. Adem\u00e1s, en nuestro equipo contamos con expertos en el mundo de las dos y cuatro ruedas tanto de la calle y las carreteras, como de los circuitos. Periodistas que han trabajado en revistas y publicaciones para hacerte llegar desde rutas y consejos de mantenimiento, a curiosidades y trucos de pilotaje.","sameAs":["https:\/\/www.facebook.com\/BoxRepsol\/","https:\/\/www.instagram.com\/box_repsol\/","https:\/\/x.com\/https:\/\/twitter.com\/box_repsol","https:\/\/www.youtube.com\/@Boxrepsol"],"url":"https:\/\/www.boxrepsol.com\/es\/author\/redaccion-box-repsol\/"}]}},"_links":{"self":[{"href":"https:\/\/www.boxrepsol.com\/es\/wp-json\/wp\/v2\/posts\/93502","targetHints":{"allow":["GET"]}}],"collection":[{"href":"https:\/\/www.boxrepsol.com\/es\/wp-json\/wp\/v2\/posts"}],"about":[{"href":"https:\/\/www.boxrepsol.com\/es\/wp-json\/wp\/v2\/types\/post"}],"author":[{"embeddable":true,"href":"https:\/\/www.boxrepsol.com\/es\/wp-json\/wp\/v2\/users\/43146"}],"replies":[{"embeddable":true,"href":"https:\/\/www.boxrepsol.com\/es\/wp-json\/wp\/v2\/comments?post=93502"}],"version-history":[{"count":3,"href":"https:\/\/www.boxrepsol.com\/es\/wp-json\/wp\/v2\/posts\/93502\/revisions"}],"predecessor-version":[{"id":110504,"href":"https:\/\/www.boxrepsol.com\/es\/wp-json\/wp\/v2\/posts\/93502\/revisions\/110504"}],"wp:featuredmedia":[{"embeddable":true,"href":"https:\/\/www.boxrepsol.com\/es\/wp-json\/wp\/v2\/media\/59836"}],"wp:attachment":[{"href":"https:\/\/www.boxrepsol.com\/es\/wp-json\/wp\/v2\/media?parent=93502"}],"wp:term":[{"taxonomy":"category","embeddable":true,"href":"https:\/\/www.boxrepsol.com\/es\/wp-json\/wp\/v2\/categories?post=93502"},{"taxonomy":"post_tag","embeddable":true,"href":"https:\/\/www.boxrepsol.com\/es\/wp-json\/wp\/v2\/tags?post=93502"}],"curies":[{"name":"wp","href":"https:\/\/api.w.org\/{rel}","templated":true}]}}