{"id":93500,"date":"2018-10-28T00:00:00","date_gmt":"2018-10-28T02:00:00","guid":{"rendered":"http:\/\/pre.boxrepsol.com\/sin-categorizar\/marquez-pedrosa-sin-puntos-gran-premio-australia\/"},"modified":"2024-05-22T08:29:24","modified_gmt":"2024-05-22T10:29:24","slug":"marquez-pedrosa-sin-puntos-gran-premio-australia","status":"publish","type":"post","link":"https:\/\/www.boxrepsol.com\/es\/motogp\/marquez-pedrosa-sin-puntos-gran-premio-australia\/","title":{"rendered":"M\u00e1rquez y Pedrosa, sin puntos en el Gran Premio de Australia"},"content":{"rendered":"<p>Saliendo desde la primera posici\u00f3n de la parrilla, <strong>Marc M\u00e1rquez<\/strong> era quinto en la primera curva, y ha adelantado a tres pilotos antes de completar la primera vuelta, situ\u00e1ndose primero al inicio de la segunda.<\/p>\n<p>El piloto del equipo Repsol Honda ha cedido dos plazas en el quinto giro y, al llegar a la primera curva, ha sido <strong>golpeado por Johann Zarco<\/strong>. Los <strong>da\u00f1os en su moto le han impedido seguir en carrera<\/strong>.<\/p>\n<p><strong>Dani Pedrosa<\/strong>, que part\u00eda en decimoctava posici\u00f3n, ha remontado dos posiciones en la salida y rodaba en decimocuarta posici\u00f3n en el duod\u00e9cimo giro, cuando ha tenido una <strong>ca\u00edda en la curva 4<\/strong>.<\/p>\n<p>Con o sin puntos, con o sin victorias, el <a href=\"https:\/\/t.co\/vmQiCjTOXx\">GP de Australia nos deja siempre im\u00e1genes impresionantes<\/a> de los nuestros. Antes de viajar a Sepang, toca sesi\u00f3n de fotazas \u00a1Prohibido perd\u00e9rselas!<\/p>\n<p>                <!-- Imagen relacionada --><br \/>\n        <img loading=\"lazy\" decoding=\"async\" width=\"404\" height=\"336\" src=\"https:\/\/bxrepsol.s3.eu-west-1.amazonaws.com\/static\/2022\/08\/29083210\/Marquez-en-el-GP-de-Australia-2018-e1540627943128-404x336-2.jpg\" alt=\"Marc M\u00e1rquez en el GP de Australia 2018\" \/><br \/>\n                <!-- Categor\u00eda --><br \/>\n            MotoGP<br \/>\n        <!-- T\u00edtulo --><br \/>\n        <a href=\"https:\/\/www.boxrepsol.com\/es\/motogp\/sexta-pole-del-ano-marc-marquez-australia\/\"><\/p>\n<h3>Sexta \u2018pole\u2019 del a\u00f1o para Marc M\u00e1rquez en Australia<\/h3>\n<p>        <\/a><br \/>\n                    <!-- Fecha --><br \/>\n            hace 1 hora        <\/p>\n<h3>GP de Australia 2018 &#8211; Carrera<\/h3>\n<h4><a href=\"https:\/\/twitter.com\/hashtag\/MM93?src=hash\">#MM93<\/a><\/h4>\n<p><strong>Me considero afortunado.<\/strong><em> Al principio no he entendido qu\u00e9 hab\u00eda pasado exactamente y me he enfadado, porque he notado un golpe desde atr\u00e1s. No he podido continuar porque el sill\u00edn se ha roto y se mov\u00eda mucho. Era imposible pilotar. Cuando he llegado al box y he visto el v\u00eddeo, lo he entendido. Ha sido un lance de carrera, porque en ese punto de la pista se llega a mucha velocidad, por encima de los 300 km\/h. Yo iba detr\u00e1s de Miller, de hecho, incluso he frenado un poco m\u00e1s tarde de lo normal y he sentido el golpe de Zarco, que hab\u00eda cogido los rebufos de los dos. Quiz\u00e1s lo podr\u00eda haber tenido en cuenta, pero para m\u00ed solo es un incidente de carrera y ya he hablado con \u00e9l. Lo que puedo decir es que hoy me considero muy afortunado y lo m\u00e1s importante para m\u00ed es que los dos estamos bien.<\/em><\/p>\n<p><strong>Pensando en Sepang. <\/strong><em>Hoy estaba muy concentrado y la carrera estaba yendo seg\u00fan lo esperado. He ido delante durante un par de vueltas y entonces he decidido estar en el grupo y esperar un poco. Ten\u00eda ritmo y sent\u00eda que pod\u00eda luchar por la victoria. Desafortunadamente, nos vamos con un cero en Phillip Island, pero si el a\u00f1o que viene puedo ganar el t\u00edtulo en Jap\u00f3n otra vez y aqu\u00ed vuelvo a no terminar la carrera, firmo ahora mismo. Ahora toca concentrarse en la pr\u00f3xima carrera.<\/em><\/p>\n<hr \/>\n<h4><a href=\"https:\/\/twitter.com\/hashtag\/DP26?src=hash\">#DP26<\/a><\/h4>\n<p><strong>Mirar hacia delante. <\/strong><em>Ha sido un fin de semana dif\u00edcil. No hemos tenido buenas sensaciones en los tres d\u00edas y, desgraciadamente, me he ca\u00eddo. No rodaba en una buena posici\u00f3n y entonces he perdido la adherencia en una frenada. Ha sido una fuerte ca\u00edda. De todos modos, debemos mirar adelante, y esperemos hacer una mejor carrera el pr\u00f3ximo domingo. <\/em><\/p>\n<p><strong>Suscr\u00edbete al bolet\u00edn de Box Repsol<\/strong><\/p>\n<p>Te contamos en exclusiva todas las noticias del Equipo Repsol, entrevistas, reportajes, v\u00eddeos, resultados de nuestros pilotos de <strong>MotoGP<\/strong>, <strong>Trial<\/strong>, <strong>FIM CEV Repsol<\/strong>, <strong>Rally<\/strong>, <strong>Red Bull Air Race<\/strong> y mucho m\u00e1s. <a href=\"https:\/\/www.boxrepsol.com\/es\/suscribete\/\">Suscr\u00edbete al bolet\u00edn de Box Repsol<\/a> y ent\u00e9rate de todas nuestras <strong>promociones<\/strong> y <strong>concursos<\/strong>.<\/p>\n","protected":false},"excerpt":{"rendered":"<p>El Campe\u00f3n del Mundo de MotoGP se ha retirado tras sufrir serios desperfectos su moto, al ser golpeado por otro piloto en la curva 1. Pedrosa ha tenido una ca\u00edda y no ha podido finalizar la carrera en el GP de Australia.<\/p>\n","protected":false},"author":43146,"featured_media":59800,"comment_status":"open","ping_status":"open","sticky":false,"template":"","format":"standard","meta":{"footnotes":""},"categories":[4],"tags":[139],"class_list":["post-93500","post","type-post","status-publish","format-standard","hentry","category-motogp","tag-motogp-australia"],"yoast_head":"<!-- This site is optimized with the Yoast SEO plugin v27.3 - https:\/\/yoast.com\/product\/yoast-seo-wordpress\/ -->\n<title>GP de Australia 2018 - carrera MotoGP - M\u00e1rquez y Pedrosa, sin puntos en el Gran Premio de Australia<\/title>\n<meta name=\"description\" content=\"El Campe\u00f3n del Mundo de MotoGP se ha retirado en Australia tras sufrir serios desperfectos su moto, al ser golpeado por otro piloto en la curva 1.\" \/>\n<link rel=\"canonical\" href=\"https:\/\/www.boxrepsol.com\/es\/motogp\/marquez-pedrosa-sin-puntos-gran-premio-australia\/\" \/>\n<meta property=\"og:locale\" content=\"es_ES\" \/>\n<meta property=\"og:type\" content=\"article\" \/>\n<meta property=\"og:title\" content=\"GP de Australia 2018 - carrera MotoGP - M\u00e1rquez y Pedrosa, sin puntos en el Gran Premio de Australia\" \/>\n<meta property=\"og:description\" content=\"El Campe\u00f3n del Mundo de MotoGP se ha retirado en Australia tras sufrir serios desperfectos su moto, al ser golpeado por otro piloto en la curva 1.\" \/>\n<meta property=\"og:url\" content=\"https:\/\/www.boxrepsol.com\/es\/motogp\/marquez-pedrosa-sin-puntos-gran-premio-australia\/\" \/>\n<meta property=\"og:site_name\" content=\"Box Repsol\" \/>\n<meta property=\"article:publisher\" content=\"https:\/\/www.facebook.com\/BoxRepsol\" \/>\n<meta property=\"article:author\" content=\"https:\/\/www.facebook.com\/BoxRepsol\/\" \/>\n<meta property=\"article:published_time\" content=\"2018-10-28T02:00:00+00:00\" \/>\n<meta property=\"article:modified_time\" content=\"2024-05-22T10:29:24+00:00\" \/>\n<meta property=\"og:image\" content=\"https:\/\/bxrepsol.s3.eu-west-1.amazonaws.com\/static\/2022\/08\/29083213\/Marquez-en-el-GP-de-Australia-20181.jpg\" \/>\n\t<meta property=\"og:image:width\" content=\"1280\" \/>\n\t<meta property=\"og:image:height\" content=\"600\" \/>\n\t<meta property=\"og:image:type\" content=\"image\/jpeg\" \/>\n<meta name=\"author\" content=\"Redacci\u00f3n Box Repsol\" \/>\n<meta name=\"twitter:card\" content=\"summary_large_image\" \/>\n<meta name=\"twitter:creator\" content=\"@https:\/\/twitter.com\/box_repsol\" \/>\n<meta name=\"twitter:site\" content=\"@box_repsol\" \/>\n<meta name=\"twitter:label1\" content=\"Written by\" \/>\n\t<meta name=\"twitter:data1\" content=\"Redacci\u00f3n Box Repsol\" \/>\n\t<meta name=\"twitter:label2\" content=\"Est. reading time\" \/>\n\t<meta name=\"twitter:data2\" content=\"3 minutos\" \/>\n<script type=\"application\/ld+json\" class=\"yoast-schema-graph\">{\"@context\":\"https:\\\/\\\/schema.org\",\"@graph\":[{\"@type\":\"Article\",\"@id\":\"https:\\\/\\\/www.boxrepsol.com\\\/es\\\/motogp\\\/marquez-pedrosa-sin-puntos-gran-premio-australia\\\/#article\",\"isPartOf\":{\"@id\":\"https:\\\/\\\/www.boxrepsol.com\\\/es\\\/motogp\\\/marquez-pedrosa-sin-puntos-gran-premio-australia\\\/\"},\"author\":{\"name\":\"Redacci\u00f3n Box Repsol\",\"@id\":\"https:\\\/\\\/www.boxrepsol.com\\\/es\\\/#\\\/schema\\\/person\\\/c5c2138f2cca251b0ad92b7086bb60b7\"},\"headline\":\"M\u00e1rquez y Pedrosa, sin puntos en el Gran Premio de Australia\",\"datePublished\":\"2018-10-28T02:00:00+00:00\",\"dateModified\":\"2024-05-22T10:29:24+00:00\",\"mainEntityOfPage\":{\"@id\":\"https:\\\/\\\/www.boxrepsol.com\\\/es\\\/motogp\\\/marquez-pedrosa-sin-puntos-gran-premio-australia\\\/\"},\"wordCount\":562,\"commentCount\":0,\"publisher\":{\"@id\":\"https:\\\/\\\/www.boxrepsol.com\\\/es\\\/#organization\"},\"image\":{\"@id\":\"https:\\\/\\\/www.boxrepsol.com\\\/es\\\/motogp\\\/marquez-pedrosa-sin-puntos-gran-premio-australia\\\/#primaryimage\"},\"thumbnailUrl\":\"https:\\\/\\\/bxrepsol.s3.eu-west-1.amazonaws.com\\\/static\\\/2022\\\/08\\\/29083213\\\/Marquez-en-el-GP-de-Australia-20181.jpg\",\"keywords\":[\"MotoGP Australia\"],\"articleSection\":[\"MotoGP\"],\"inLanguage\":\"es\",\"potentialAction\":[{\"@type\":\"CommentAction\",\"name\":\"Comment\",\"target\":[\"https:\\\/\\\/www.boxrepsol.com\\\/es\\\/motogp\\\/marquez-pedrosa-sin-puntos-gran-premio-australia\\\/#respond\"]}]},{\"@type\":\"WebPage\",\"@id\":\"https:\\\/\\\/www.boxrepsol.com\\\/es\\\/motogp\\\/marquez-pedrosa-sin-puntos-gran-premio-australia\\\/\",\"url\":\"https:\\\/\\\/www.boxrepsol.com\\\/es\\\/motogp\\\/marquez-pedrosa-sin-puntos-gran-premio-australia\\\/\",\"name\":\"GP de Australia 2018 - carrera MotoGP - M\u00e1rquez y Pedrosa, sin puntos en el Gran Premio de Australia\",\"isPartOf\":{\"@id\":\"https:\\\/\\\/www.boxrepsol.com\\\/es\\\/#website\"},\"primaryImageOfPage\":{\"@id\":\"https:\\\/\\\/www.boxrepsol.com\\\/es\\\/motogp\\\/marquez-pedrosa-sin-puntos-gran-premio-australia\\\/#primaryimage\"},\"image\":{\"@id\":\"https:\\\/\\\/www.boxrepsol.com\\\/es\\\/motogp\\\/marquez-pedrosa-sin-puntos-gran-premio-australia\\\/#primaryimage\"},\"thumbnailUrl\":\"https:\\\/\\\/bxrepsol.s3.eu-west-1.amazonaws.com\\\/static\\\/2022\\\/08\\\/29083213\\\/Marquez-en-el-GP-de-Australia-20181.jpg\",\"datePublished\":\"2018-10-28T02:00:00+00:00\",\"dateModified\":\"2024-05-22T10:29:24+00:00\",\"description\":\"El Campe\u00f3n del Mundo de MotoGP se ha retirado en Australia tras sufrir serios desperfectos su moto, al ser golpeado por otro piloto en la curva 1.\",\"breadcrumb\":{\"@id\":\"https:\\\/\\\/www.boxrepsol.com\\\/es\\\/motogp\\\/marquez-pedrosa-sin-puntos-gran-premio-australia\\\/#breadcrumb\"},\"inLanguage\":\"es\",\"potentialAction\":[{\"@type\":\"ReadAction\",\"target\":[\"https:\\\/\\\/www.boxrepsol.com\\\/es\\\/motogp\\\/marquez-pedrosa-sin-puntos-gran-premio-australia\\\/\"]}]},{\"@type\":\"ImageObject\",\"inLanguage\":\"es\",\"@id\":\"https:\\\/\\\/www.boxrepsol.com\\\/es\\\/motogp\\\/marquez-pedrosa-sin-puntos-gran-premio-australia\\\/#primaryimage\",\"url\":\"https:\\\/\\\/bxrepsol.s3.eu-west-1.amazonaws.com\\\/static\\\/2022\\\/08\\\/29083213\\\/Marquez-en-el-GP-de-Australia-20181.jpg\",\"contentUrl\":\"https:\\\/\\\/bxrepsol.s3.eu-west-1.amazonaws.com\\\/static\\\/2022\\\/08\\\/29083213\\\/Marquez-en-el-GP-de-Australia-20181.jpg\",\"width\":1280,\"height\":600,\"caption\":\"MotoGP, carrera, Motociclismo, Phillip Island, GP de Australia, 2018, Dani Pedrosa, Marc M\u00e1rquez, Equipo Repsol Honda, HRC\"},{\"@type\":\"BreadcrumbList\",\"@id\":\"https:\\\/\\\/www.boxrepsol.com\\\/es\\\/motogp\\\/marquez-pedrosa-sin-puntos-gran-premio-australia\\\/#breadcrumb\",\"itemListElement\":[{\"@type\":\"ListItem\",\"position\":1,\"name\":\"Home\",\"item\":\"https:\\\/\\\/www.boxrepsol.com\\\/es\\\/\"},{\"@type\":\"ListItem\",\"position\":2,\"name\":\"M\u00e1rquez y Pedrosa, sin puntos en el Gran Premio de Australia\"}]},{\"@type\":\"WebSite\",\"@id\":\"https:\\\/\\\/www.boxrepsol.com\\\/es\\\/#website\",\"url\":\"https:\\\/\\\/www.boxrepsol.com\\\/es\\\/\",\"name\":\"Box Repsol\",\"description\":\"Box Repsol Site\",\"publisher\":{\"@id\":\"https:\\\/\\\/www.boxrepsol.com\\\/es\\\/#organization\"},\"potentialAction\":[{\"@type\":\"SearchAction\",\"target\":{\"@type\":\"EntryPoint\",\"urlTemplate\":\"https:\\\/\\\/www.boxrepsol.com\\\/es\\\/?s={search_term_string}\"},\"query-input\":{\"@type\":\"PropertyValueSpecification\",\"valueRequired\":true,\"valueName\":\"search_term_string\"}}],\"inLanguage\":\"es\"},{\"@type\":\"Organization\",\"@id\":\"https:\\\/\\\/www.boxrepsol.com\\\/es\\\/#organization\",\"name\":\"Box Repsol\",\"url\":\"https:\\\/\\\/www.boxrepsol.com\\\/es\\\/\",\"logo\":{\"@type\":\"ImageObject\",\"inLanguage\":\"es\",\"@id\":\"https:\\\/\\\/www.boxrepsol.com\\\/es\\\/#\\\/schema\\\/logo\\\/image\\\/\",\"url\":\"https:\\\/\\\/bxrepsol.s3.eu-west-1.amazonaws.com\\\/static\\\/2025\\\/07\\\/30083337\\\/favicon-96x96-1.png\",\"contentUrl\":\"https:\\\/\\\/bxrepsol.s3.eu-west-1.amazonaws.com\\\/static\\\/2025\\\/07\\\/30083337\\\/favicon-96x96-1.png\",\"width\":96,\"height\":96,\"caption\":\"Box Repsol\"},\"image\":{\"@id\":\"https:\\\/\\\/www.boxrepsol.com\\\/es\\\/#\\\/schema\\\/logo\\\/image\\\/\"},\"sameAs\":[\"https:\\\/\\\/www.facebook.com\\\/BoxRepsol\",\"https:\\\/\\\/x.com\\\/box_repsol\",\"http:\\\/\\\/instagram.com\\\/box_repsol\",\"https:\\\/\\\/www.youtube.com\\\/user\\\/RepsolCompeticion\",\"https:\\\/\\\/www.flickr.com\\\/photos\\\/box_repsol\\\/\"]},{\"@type\":\"Person\",\"@id\":\"https:\\\/\\\/www.boxrepsol.com\\\/es\\\/#\\\/schema\\\/person\\\/c5c2138f2cca251b0ad92b7086bb60b7\",\"name\":\"Redacci\u00f3n Box Repsol\",\"image\":{\"@type\":\"ImageObject\",\"inLanguage\":\"es\",\"@id\":\"https:\\\/\\\/secure.gravatar.com\\\/avatar\\\/adf7b77e38b4419baf32c7e9c21dde01f4e40df611f0978e3006fc4ba0aaab7e?s=96&d=mm&r=g\",\"url\":\"https:\\\/\\\/secure.gravatar.com\\\/avatar\\\/adf7b77e38b4419baf32c7e9c21dde01f4e40df611f0978e3006fc4ba0aaab7e?s=96&d=mm&r=g\",\"contentUrl\":\"https:\\\/\\\/secure.gravatar.com\\\/avatar\\\/adf7b77e38b4419baf32c7e9c21dde01f4e40df611f0978e3006fc4ba0aaab7e?s=96&d=mm&r=g\",\"caption\":\"Redacci\u00f3n Box Repsol\"},\"description\":\"Box Repsol lo forma un equipo de periodistas, community managers, dise\u00f1adores y fot\u00f3grafos con m\u00e1s de 20 a\u00f1os de experiencia en el mundo del motorsport. Hemos vivido el primer mundial de un espa\u00f1ol en la categor\u00eda reina de motociclismo con \u00c1lex Crivill\u00e9, estuvimos en las victorias de Pedrosa y los t\u00edtulos de M\u00e1rquez, acompa\u00f1amos en \u00c1frica a Nani Roma y Marc Coma en sus conquistas del Dakar y hemos vibrado con los t\u00edtulos de Toni Bou en Trial. Adem\u00e1s, en nuestro equipo contamos con expertos en el mundo de las dos y cuatro ruedas tanto de la calle y las carreteras, como de los circuitos. Periodistas que han trabajado en revistas y publicaciones para hacerte llegar desde rutas y consejos de mantenimiento, a curiosidades y trucos de pilotaje.\",\"sameAs\":[\"https:\\\/\\\/www.facebook.com\\\/BoxRepsol\\\/\",\"https:\\\/\\\/www.instagram.com\\\/box_repsol\\\/\",\"https:\\\/\\\/x.com\\\/https:\\\/\\\/twitter.com\\\/box_repsol\",\"https:\\\/\\\/www.youtube.com\\\/@Boxrepsol\"],\"url\":\"https:\\\/\\\/www.boxrepsol.com\\\/es\\\/author\\\/redaccion-box-repsol\\\/\"}]}<\/script>\n<!-- \/ Yoast SEO plugin. -->","yoast_head_json":{"title":"GP de Australia 2018 - carrera MotoGP - M\u00e1rquez y Pedrosa, sin puntos en el Gran Premio de Australia","description":"El Campe\u00f3n del Mundo de MotoGP se ha retirado en Australia tras sufrir serios desperfectos su moto, al ser golpeado por otro piloto en la curva 1.","canonical":"https:\/\/www.boxrepsol.com\/es\/motogp\/marquez-pedrosa-sin-puntos-gran-premio-australia\/","og_locale":"es_ES","og_type":"article","og_title":"GP de Australia 2018 - carrera MotoGP - M\u00e1rquez y Pedrosa, sin puntos en el Gran Premio de Australia","og_description":"El Campe\u00f3n del Mundo de MotoGP se ha retirado en Australia tras sufrir serios desperfectos su moto, al ser golpeado por otro piloto en la curva 1.","og_url":"https:\/\/www.boxrepsol.com\/es\/motogp\/marquez-pedrosa-sin-puntos-gran-premio-australia\/","og_site_name":"Box Repsol","article_publisher":"https:\/\/www.facebook.com\/BoxRepsol","article_author":"https:\/\/www.facebook.com\/BoxRepsol\/","article_published_time":"2018-10-28T02:00:00+00:00","article_modified_time":"2024-05-22T10:29:24+00:00","og_image":[{"width":1280,"height":600,"url":"https:\/\/bxrepsol.s3.eu-west-1.amazonaws.com\/static\/2022\/08\/29083213\/Marquez-en-el-GP-de-Australia-20181.jpg","type":"image\/jpeg"}],"author":"Redacci\u00f3n Box Repsol","twitter_card":"summary_large_image","twitter_creator":"@https:\/\/twitter.com\/box_repsol","twitter_site":"@box_repsol","twitter_misc":{"Written by":"Redacci\u00f3n Box Repsol","Est. reading time":"3 minutos"},"schema":{"@context":"https:\/\/schema.org","@graph":[{"@type":"Article","@id":"https:\/\/www.boxrepsol.com\/es\/motogp\/marquez-pedrosa-sin-puntos-gran-premio-australia\/#article","isPartOf":{"@id":"https:\/\/www.boxrepsol.com\/es\/motogp\/marquez-pedrosa-sin-puntos-gran-premio-australia\/"},"author":{"name":"Redacci\u00f3n Box Repsol","@id":"https:\/\/www.boxrepsol.com\/es\/#\/schema\/person\/c5c2138f2cca251b0ad92b7086bb60b7"},"headline":"M\u00e1rquez y Pedrosa, sin puntos en el Gran Premio de Australia","datePublished":"2018-10-28T02:00:00+00:00","dateModified":"2024-05-22T10:29:24+00:00","mainEntityOfPage":{"@id":"https:\/\/www.boxrepsol.com\/es\/motogp\/marquez-pedrosa-sin-puntos-gran-premio-australia\/"},"wordCount":562,"commentCount":0,"publisher":{"@id":"https:\/\/www.boxrepsol.com\/es\/#organization"},"image":{"@id":"https:\/\/www.boxrepsol.com\/es\/motogp\/marquez-pedrosa-sin-puntos-gran-premio-australia\/#primaryimage"},"thumbnailUrl":"https:\/\/bxrepsol.s3.eu-west-1.amazonaws.com\/static\/2022\/08\/29083213\/Marquez-en-el-GP-de-Australia-20181.jpg","keywords":["MotoGP Australia"],"articleSection":["MotoGP"],"inLanguage":"es","potentialAction":[{"@type":"CommentAction","name":"Comment","target":["https:\/\/www.boxrepsol.com\/es\/motogp\/marquez-pedrosa-sin-puntos-gran-premio-australia\/#respond"]}]},{"@type":"WebPage","@id":"https:\/\/www.boxrepsol.com\/es\/motogp\/marquez-pedrosa-sin-puntos-gran-premio-australia\/","url":"https:\/\/www.boxrepsol.com\/es\/motogp\/marquez-pedrosa-sin-puntos-gran-premio-australia\/","name":"GP de Australia 2018 - carrera MotoGP - M\u00e1rquez y Pedrosa, sin puntos en el Gran Premio de Australia","isPartOf":{"@id":"https:\/\/www.boxrepsol.com\/es\/#website"},"primaryImageOfPage":{"@id":"https:\/\/www.boxrepsol.com\/es\/motogp\/marquez-pedrosa-sin-puntos-gran-premio-australia\/#primaryimage"},"image":{"@id":"https:\/\/www.boxrepsol.com\/es\/motogp\/marquez-pedrosa-sin-puntos-gran-premio-australia\/#primaryimage"},"thumbnailUrl":"https:\/\/bxrepsol.s3.eu-west-1.amazonaws.com\/static\/2022\/08\/29083213\/Marquez-en-el-GP-de-Australia-20181.jpg","datePublished":"2018-10-28T02:00:00+00:00","dateModified":"2024-05-22T10:29:24+00:00","description":"El Campe\u00f3n del Mundo de MotoGP se ha retirado en Australia tras sufrir serios desperfectos su moto, al ser golpeado por otro piloto en la curva 1.","breadcrumb":{"@id":"https:\/\/www.boxrepsol.com\/es\/motogp\/marquez-pedrosa-sin-puntos-gran-premio-australia\/#breadcrumb"},"inLanguage":"es","potentialAction":[{"@type":"ReadAction","target":["https:\/\/www.boxrepsol.com\/es\/motogp\/marquez-pedrosa-sin-puntos-gran-premio-australia\/"]}]},{"@type":"ImageObject","inLanguage":"es","@id":"https:\/\/www.boxrepsol.com\/es\/motogp\/marquez-pedrosa-sin-puntos-gran-premio-australia\/#primaryimage","url":"https:\/\/bxrepsol.s3.eu-west-1.amazonaws.com\/static\/2022\/08\/29083213\/Marquez-en-el-GP-de-Australia-20181.jpg","contentUrl":"https:\/\/bxrepsol.s3.eu-west-1.amazonaws.com\/static\/2022\/08\/29083213\/Marquez-en-el-GP-de-Australia-20181.jpg","width":1280,"height":600,"caption":"MotoGP, carrera, Motociclismo, Phillip Island, GP de Australia, 2018, Dani Pedrosa, Marc M\u00e1rquez, Equipo Repsol Honda, HRC"},{"@type":"BreadcrumbList","@id":"https:\/\/www.boxrepsol.com\/es\/motogp\/marquez-pedrosa-sin-puntos-gran-premio-australia\/#breadcrumb","itemListElement":[{"@type":"ListItem","position":1,"name":"Home","item":"https:\/\/www.boxrepsol.com\/es\/"},{"@type":"ListItem","position":2,"name":"M\u00e1rquez y Pedrosa, sin puntos en el Gran Premio de Australia"}]},{"@type":"WebSite","@id":"https:\/\/www.boxrepsol.com\/es\/#website","url":"https:\/\/www.boxrepsol.com\/es\/","name":"Box Repsol","description":"Box Repsol Site","publisher":{"@id":"https:\/\/www.boxrepsol.com\/es\/#organization"},"potentialAction":[{"@type":"SearchAction","target":{"@type":"EntryPoint","urlTemplate":"https:\/\/www.boxrepsol.com\/es\/?s={search_term_string}"},"query-input":{"@type":"PropertyValueSpecification","valueRequired":true,"valueName":"search_term_string"}}],"inLanguage":"es"},{"@type":"Organization","@id":"https:\/\/www.boxrepsol.com\/es\/#organization","name":"Box Repsol","url":"https:\/\/www.boxrepsol.com\/es\/","logo":{"@type":"ImageObject","inLanguage":"es","@id":"https:\/\/www.boxrepsol.com\/es\/#\/schema\/logo\/image\/","url":"https:\/\/bxrepsol.s3.eu-west-1.amazonaws.com\/static\/2025\/07\/30083337\/favicon-96x96-1.png","contentUrl":"https:\/\/bxrepsol.s3.eu-west-1.amazonaws.com\/static\/2025\/07\/30083337\/favicon-96x96-1.png","width":96,"height":96,"caption":"Box Repsol"},"image":{"@id":"https:\/\/www.boxrepsol.com\/es\/#\/schema\/logo\/image\/"},"sameAs":["https:\/\/www.facebook.com\/BoxRepsol","https:\/\/x.com\/box_repsol","http:\/\/instagram.com\/box_repsol","https:\/\/www.youtube.com\/user\/RepsolCompeticion","https:\/\/www.flickr.com\/photos\/box_repsol\/"]},{"@type":"Person","@id":"https:\/\/www.boxrepsol.com\/es\/#\/schema\/person\/c5c2138f2cca251b0ad92b7086bb60b7","name":"Redacci\u00f3n Box Repsol","image":{"@type":"ImageObject","inLanguage":"es","@id":"https:\/\/secure.gravatar.com\/avatar\/adf7b77e38b4419baf32c7e9c21dde01f4e40df611f0978e3006fc4ba0aaab7e?s=96&d=mm&r=g","url":"https:\/\/secure.gravatar.com\/avatar\/adf7b77e38b4419baf32c7e9c21dde01f4e40df611f0978e3006fc4ba0aaab7e?s=96&d=mm&r=g","contentUrl":"https:\/\/secure.gravatar.com\/avatar\/adf7b77e38b4419baf32c7e9c21dde01f4e40df611f0978e3006fc4ba0aaab7e?s=96&d=mm&r=g","caption":"Redacci\u00f3n Box Repsol"},"description":"Box Repsol lo forma un equipo de periodistas, community managers, dise\u00f1adores y fot\u00f3grafos con m\u00e1s de 20 a\u00f1os de experiencia en el mundo del motorsport. Hemos vivido el primer mundial de un espa\u00f1ol en la categor\u00eda reina de motociclismo con \u00c1lex Crivill\u00e9, estuvimos en las victorias de Pedrosa y los t\u00edtulos de M\u00e1rquez, acompa\u00f1amos en \u00c1frica a Nani Roma y Marc Coma en sus conquistas del Dakar y hemos vibrado con los t\u00edtulos de Toni Bou en Trial. Adem\u00e1s, en nuestro equipo contamos con expertos en el mundo de las dos y cuatro ruedas tanto de la calle y las carreteras, como de los circuitos. Periodistas que han trabajado en revistas y publicaciones para hacerte llegar desde rutas y consejos de mantenimiento, a curiosidades y trucos de pilotaje.","sameAs":["https:\/\/www.facebook.com\/BoxRepsol\/","https:\/\/www.instagram.com\/box_repsol\/","https:\/\/x.com\/https:\/\/twitter.com\/box_repsol","https:\/\/www.youtube.com\/@Boxrepsol"],"url":"https:\/\/www.boxrepsol.com\/es\/author\/redaccion-box-repsol\/"}]}},"_links":{"self":[{"href":"https:\/\/www.boxrepsol.com\/es\/wp-json\/wp\/v2\/posts\/93500","targetHints":{"allow":["GET"]}}],"collection":[{"href":"https:\/\/www.boxrepsol.com\/es\/wp-json\/wp\/v2\/posts"}],"about":[{"href":"https:\/\/www.boxrepsol.com\/es\/wp-json\/wp\/v2\/types\/post"}],"author":[{"embeddable":true,"href":"https:\/\/www.boxrepsol.com\/es\/wp-json\/wp\/v2\/users\/43146"}],"replies":[{"embeddable":true,"href":"https:\/\/www.boxrepsol.com\/es\/wp-json\/wp\/v2\/comments?post=93500"}],"version-history":[{"count":1,"href":"https:\/\/www.boxrepsol.com\/es\/wp-json\/wp\/v2\/posts\/93500\/revisions"}],"predecessor-version":[{"id":93501,"href":"https:\/\/www.boxrepsol.com\/es\/wp-json\/wp\/v2\/posts\/93500\/revisions\/93501"}],"wp:featuredmedia":[{"embeddable":true,"href":"https:\/\/www.boxrepsol.com\/es\/wp-json\/wp\/v2\/media\/59800"}],"wp:attachment":[{"href":"https:\/\/www.boxrepsol.com\/es\/wp-json\/wp\/v2\/media?parent=93500"}],"wp:term":[{"taxonomy":"category","embeddable":true,"href":"https:\/\/www.boxrepsol.com\/es\/wp-json\/wp\/v2\/categories?post=93500"},{"taxonomy":"post_tag","embeddable":true,"href":"https:\/\/www.boxrepsol.com\/es\/wp-json\/wp\/v2\/tags?post=93500"}],"curies":[{"name":"wp","href":"https:\/\/api.w.org\/{rel}","templated":true}]}}