{"id":93492,"date":"2018-10-24T00:00:00","date_gmt":"2018-10-24T02:00:00","guid":{"rendered":"http:\/\/pre.boxrepsol.com\/sin-categorizar\/entrevista-pedro-martinez-la-rosa\/"},"modified":"2025-09-17T07:37:52","modified_gmt":"2025-09-17T09:37:52","slug":"entrevista-pedro-martinez-la-rosa","status":"publish","type":"post","link":"https:\/\/www.boxrepsol.com\/es\/motogp\/entrevista-pedro-martinez-la-rosa\/","title":{"rendered":"Entrevista a Pedro Mart\u00ednez de la Rosa"},"content":{"rendered":"\n<p><em>Solo tres pilotos espa\u00f1oles han conseguido subir al podio de la F\u00f3rmula 1, y uno de ellos es Pedro Mart\u00ednez de la Rosa. El barcelon\u00e9s, que compitiera luciendo los <a href=\"https:\/\/www.boxrepsol.com\/es\/motogp\/los-colores-repsol-honda\/\">colores de Repsol<\/a> en el pasado, se encuentra actualmente ejerciendo de consejero para una escuder\u00eda de la F\u00f3rmula E. Procedente de una familia en la que impera la pasi\u00f3n por la velocidad y seguidor de MotoGP, de la Rosa analiza los n\u00fameros de Marc M\u00e1rquez tras conseguir su s\u00e9ptimo Mundial en un circuito \u2013<a href=\"https:\/\/www.boxrepsol.com\/es\/motogp\/motegi-escenario-motogp-pokemon\/\">Twin Ring Motegi<\/a>\u2013 del que el expiloto espa\u00f1ol guarda gratos recuerdos.<\/em><\/p>\n\n\n\n<p><strong>Siendo piloto de cuatro ruedas, \u00bftienes inter\u00e9s tambi\u00e9n por el motociclismo? \u00bfCu\u00e1l ser\u00eda tu piloto favorito de ahora o de siempre?<\/strong><\/p>\n\n\n\n<p>Desde peque\u00f1o me han encantado las motos, de hecho empec\u00e9 a montar en moto antes de ir en karts. Mi primera moto fue una Montesa Cota 25, aunque antes ya hab\u00eda hecho mis pinitos con una Mini Marcelino que llevaba cuatro ruedas para que no me cayera. Mi primer accidente tambi\u00e9n fue en moto, iba en una Mini Marcelino y se me qued\u00f3 clavado el gas; \u00a1recuerdo chocar contra la pared del garaje con tan solo cuatro a\u00f1os!<\/p>\n\n\n\n<p>Mi piloto favorito siempre ha sido mi primo, Alberto Puig. \u00a1Faltar\u00eda m\u00e1s! Antes de que \u00e9l compitiese, el piloto que m\u00e1s me gustaba era Sito Pons, y en 500 c.c. Wayne Gardner. Una de las cosas m\u00e1s incre\u00edbles que me han pasado ha sido correr junto al mism\u00edsimo Gardner en el Campeonato japon\u00e9s de GT. \u00a1Fue una gran experiencia!<\/p>\n\n\n\n<p><strong>En tu familia parece que llev\u00e1is gasolina en las venas. Tu primo Alberto Puig, adem\u00e1s de expiloto del Mundial, actualmente ejerce como Team Manager del equipo Repsol Honda. \u00bfC\u00f3mo le ves ocupando un cargo as\u00ed?<\/strong><\/p>\n\n\n\n<p>Alberto tiene las ideas muy claras, ya era as\u00ed desde peque\u00f1o. Sabe exactamente lo que quiere y tiene esta cualidad innata de saber exigir a su equipo el cien por cien, entre otras cosas, porque \u00e9l se exige el cien por cien a s\u00ed mismo. Su grado de determinaci\u00f3n es m\u00e1xima, y as\u00ed, haga lo que haga, siempre triunfar\u00e1.<\/p>\n\n\n\n<p><strong>\u00bfQu\u00e9 te ha parecido la igualdad en las carreras de MotoGP esta temporada?<\/strong><\/p>\n\n\n\n<p>Este a\u00f1o no he podido seguir tan de cerca el Campeonato de MotoGP. Entre las carreras de F1 y las de Formula E, pr\u00e1cticamente no he tenido ning\u00fan fin de semana libre. Siempre me ha encantado la igualdad mec\u00e1nica que reina en las motos, lo que hace que el piloto sea la pieza clave, el que marca la diferencia. Eso es lo que m\u00e1s me gusta de este deporte y es a lo que la F1 deber\u00eda aspirar.<\/p>\n\n\n\n<p><strong>Marc M\u00e1rquez ha logrado siete t\u00edtulos en once temporadas, cinco en seis a\u00f1os en MotoGP. \u00bfQu\u00e9 te dicen esos n\u00fameros?<\/strong><\/p>\n\n\n\n<p>\u00a1Estamos ante un monstruo! Marc [M\u00e1rquez] es probablemente el mejor piloto de la historia del motociclismo. Las nuevas generaciones son m\u00e1s completas que las anteriores, ya que empezaron antes, se han enfrentado a m\u00e1s pilotos y, por lo tanto, han tenido una formaci\u00f3n superior. Marc es un claro ejemplo de ello. Adem\u00e1s, me encanta como es fuera de la pista, un tipo que transmite felicidad y que disfruta compitiendo, pilotando y yendo al l\u00edmite.<\/p>\n\n\n\n<p>&nbsp;<\/p>\n\n\n\n<figure class=\"wp-block-image\"><img decoding=\"async\" src=\"https:\/\/bxrepsol.s3.eu-west-1.amazonaws.com\/static\/2022\/08\/05062037\/00_pedro_martinez_de_la_rosa_f1_repsol.jpg\" alt=\"\"\/><figcaption class=\"wp-element-caption\">Pedro Mart\u00ednez de la Rosa sobre su F1 Repsol<\/figcaption><\/figure>\n\n\n\n<p>&nbsp;<\/p>\n\n\n\n<figure class=\"wp-block-image\"><img decoding=\"async\" src=\"https:\/\/bxrepsol.s3.eu-west-1.amazonaws.com\/static\/2022\/08\/05055644\/pixel.png\" alt=\"\"\/><\/figure>\n\n\n\n<p>&nbsp;<\/p>\n\n\n\n<p><strong>Con el t\u00edtulo a tiro, \u00bfesperabas que el domingo Marc se jugase as\u00ed la victoria hasta el final?<\/strong><\/p>\n\n\n\n<p>S\u00ed, me lo esperaba. De hecho, me hubiese sorprendido que sacara la calculadora. Cada uno es como es, y Marc es fiel a su estilo.<\/p>\n\n\n\n<p><strong>A sus 25 a\u00f1os, \u00bfqu\u00e9 futuro crees que le espera?<\/strong><\/p>\n\n\n\n<p>Que no lo oiga Marc, pero seguir\u00e1 ganando campeonatos y batir\u00e1 a Valentino Rossi en n\u00famero de Mundiales conseguidos. Si no lo logra, no pasa nada; solo espero que tanto en la victoria, como en la derrota, no cambie nunca.<\/p>\n\n\n\n<p><strong>Durante muchos a\u00f1os, la referencia de MotoGP en Espa\u00f1a ha sido Dani Pedrosa. \u00bfQu\u00e9 destacar\u00edas de su trayectoria?<\/strong><\/p>\n\n\n\n<p>Una curiosidad: entre su nombre \u201cPedrosa\u201d y mi nombre \u201cPedro de la Rosa\u201d, los extranjeros siempre bromean y me dicen que nos llamamos igual. Dicho con acento extranjero, \u00a1tiene su gracia!<\/p>\n\n\n\n<p>Durante muchos a\u00f1os, he sido un gran seguidor de Dani Pedrosa. Alberto [Puig], dedic\u00f3 muchos a\u00f1os de su vida a trabajar con \u00e9l y en casa le queremos mucho. Me impresiona su capacidad de trabajo y c\u00f3mo se ha sobrepuesto a todas sus lesiones. Es un piloto muy fino, siempre me ha gustado su estilo, muy parecido al de los monoplazas: menos derrape pero muy efectivo.<\/p>\n\n\n\n<p><strong>Por \u00faltimo, sabemos que en Motegi has sido uno de los pilotos m\u00e1s r\u00e1pidos pilotando un monoplaza \u00bfQu\u00e9 recuerdos te trae este circuito?<\/strong><\/p>\n\n\n\n<p>Recuerdo rodar en el \u00f3valo el d\u00eda de su inauguraci\u00f3n \u2013en 1997\u2013 con mi F3000 junto a coches hist\u00f3ricos de Honda y f\u00f3rmulas de distintas categor\u00edas. Tambi\u00e9n recuerdo con mucho cari\u00f1o ganar esa carrera de la Formula Nippon (F3000), fue una victoria muy importante, ya que me situ\u00f3 muy cerca de conseguir el campeonato. Y si mi memoria no me falla, \u00a1todav\u00eda tengo el r\u00e9cord de ese circuito!&nbsp;Como veis, soy una leyenda viva [risas].<\/p>\n","protected":false},"excerpt":{"rendered":"<p>Pedro Mart\u00ednez de la Rosa es uno de los nombres m\u00e1s acreditados en el mundo del automovilismo, un apasionado de las dos ruedas y adem\u00e1s, tiene una vinculaci\u00f3n muy directa con Repsol Honda.<\/p>\n","protected":false},"author":43146,"featured_media":59778,"comment_status":"open","ping_status":"open","sticky":false,"template":"","format":"standard","meta":{"footnotes":""},"categories":[4],"tags":[130],"class_list":["post-93492","post","type-post","status-publish","format-standard","hentry","category-motogp","tag-otros-eventos-y-competiciones"],"yoast_head":"<!-- This site is optimized with the Yoast SEO plugin v27.3 - https:\/\/yoast.com\/product\/yoast-seo-wordpress\/ -->\n<title>Entrevista a Pedro Mart\u00ednez de la Rosa - Box Repsol<\/title>\n<meta name=\"description\" content=\"Pedro Mart\u00ednez de la Rosa es uno de los nombres m\u00e1s acreditados en el mundo del automovilismo, un apasionado de las dos ruedas.\" \/>\n<link rel=\"canonical\" href=\"https:\/\/www.boxrepsol.com\/es\/motogp\/entrevista-pedro-martinez-la-rosa\/\" \/>\n<meta property=\"og:locale\" content=\"es_ES\" \/>\n<meta property=\"og:type\" content=\"article\" \/>\n<meta property=\"og:title\" content=\"Entrevista a Pedro Mart\u00ednez de la Rosa - Box Repsol\" \/>\n<meta property=\"og:description\" content=\"Pedro Mart\u00ednez de la Rosa es uno de los nombres m\u00e1s acreditados en el mundo del automovilismo, un apasionado de las dos ruedas.\" \/>\n<meta property=\"og:url\" content=\"https:\/\/www.boxrepsol.com\/es\/motogp\/entrevista-pedro-martinez-la-rosa\/\" \/>\n<meta property=\"og:site_name\" content=\"Box Repsol\" \/>\n<meta property=\"article:publisher\" content=\"https:\/\/www.facebook.com\/BoxRepsol\" \/>\n<meta property=\"article:author\" content=\"https:\/\/www.facebook.com\/BoxRepsol\/\" \/>\n<meta property=\"article:published_time\" content=\"2018-10-24T02:00:00+00:00\" \/>\n<meta property=\"article:modified_time\" content=\"2025-09-17T09:37:52+00:00\" \/>\n<meta property=\"og:image\" content=\"https:\/\/bxrepsol.s3.eu-west-1.amazonaws.com\/static\/2022\/08\/29083202\/00_pedro_martinez_de_la_rosa_repsol_f1_repsol_honda.jpg\" \/>\n\t<meta property=\"og:image:width\" content=\"1280\" \/>\n\t<meta property=\"og:image:height\" content=\"600\" \/>\n\t<meta property=\"og:image:type\" content=\"image\/jpeg\" \/>\n<meta name=\"author\" content=\"Redacci\u00f3n Box Repsol\" \/>\n<meta name=\"twitter:card\" content=\"summary_large_image\" \/>\n<meta name=\"twitter:creator\" content=\"@https:\/\/twitter.com\/box_repsol\" \/>\n<meta name=\"twitter:site\" content=\"@box_repsol\" \/>\n<meta name=\"twitter:label1\" content=\"Written by\" \/>\n\t<meta name=\"twitter:data1\" content=\"Redacci\u00f3n Box Repsol\" \/>\n\t<meta name=\"twitter:label2\" content=\"Est. reading time\" \/>\n\t<meta name=\"twitter:data2\" content=\"5 minutos\" \/>\n<script type=\"application\/ld+json\" class=\"yoast-schema-graph\">{\"@context\":\"https:\\\/\\\/schema.org\",\"@graph\":[{\"@type\":\"Article\",\"@id\":\"https:\\\/\\\/www.boxrepsol.com\\\/es\\\/motogp\\\/entrevista-pedro-martinez-la-rosa\\\/#article\",\"isPartOf\":{\"@id\":\"https:\\\/\\\/www.boxrepsol.com\\\/es\\\/motogp\\\/entrevista-pedro-martinez-la-rosa\\\/\"},\"author\":{\"name\":\"Redacci\u00f3n Box Repsol\",\"@id\":\"https:\\\/\\\/www.boxrepsol.com\\\/es\\\/#\\\/schema\\\/person\\\/c5c2138f2cca251b0ad92b7086bb60b7\"},\"headline\":\"Entrevista a Pedro Mart\u00ednez de la Rosa\",\"datePublished\":\"2018-10-24T02:00:00+00:00\",\"dateModified\":\"2025-09-17T09:37:52+00:00\",\"mainEntityOfPage\":{\"@id\":\"https:\\\/\\\/www.boxrepsol.com\\\/es\\\/motogp\\\/entrevista-pedro-martinez-la-rosa\\\/\"},\"wordCount\":922,\"commentCount\":0,\"publisher\":{\"@id\":\"https:\\\/\\\/www.boxrepsol.com\\\/es\\\/#organization\"},\"image\":{\"@id\":\"https:\\\/\\\/www.boxrepsol.com\\\/es\\\/motogp\\\/entrevista-pedro-martinez-la-rosa\\\/#primaryimage\"},\"thumbnailUrl\":\"https:\\\/\\\/bxrepsol.s3.eu-west-1.amazonaws.com\\\/static\\\/2022\\\/08\\\/29083202\\\/00_pedro_martinez_de_la_rosa_repsol_f1_repsol_honda.jpg\",\"keywords\":[\"otros eventos y competiciones\"],\"articleSection\":[\"MotoGP\"],\"inLanguage\":\"es\",\"potentialAction\":[{\"@type\":\"CommentAction\",\"name\":\"Comment\",\"target\":[\"https:\\\/\\\/www.boxrepsol.com\\\/es\\\/motogp\\\/entrevista-pedro-martinez-la-rosa\\\/#respond\"]}]},{\"@type\":\"WebPage\",\"@id\":\"https:\\\/\\\/www.boxrepsol.com\\\/es\\\/motogp\\\/entrevista-pedro-martinez-la-rosa\\\/\",\"url\":\"https:\\\/\\\/www.boxrepsol.com\\\/es\\\/motogp\\\/entrevista-pedro-martinez-la-rosa\\\/\",\"name\":\"Entrevista a Pedro Mart\u00ednez de la Rosa - Box Repsol\",\"isPartOf\":{\"@id\":\"https:\\\/\\\/www.boxrepsol.com\\\/es\\\/#website\"},\"primaryImageOfPage\":{\"@id\":\"https:\\\/\\\/www.boxrepsol.com\\\/es\\\/motogp\\\/entrevista-pedro-martinez-la-rosa\\\/#primaryimage\"},\"image\":{\"@id\":\"https:\\\/\\\/www.boxrepsol.com\\\/es\\\/motogp\\\/entrevista-pedro-martinez-la-rosa\\\/#primaryimage\"},\"thumbnailUrl\":\"https:\\\/\\\/bxrepsol.s3.eu-west-1.amazonaws.com\\\/static\\\/2022\\\/08\\\/29083202\\\/00_pedro_martinez_de_la_rosa_repsol_f1_repsol_honda.jpg\",\"datePublished\":\"2018-10-24T02:00:00+00:00\",\"dateModified\":\"2025-09-17T09:37:52+00:00\",\"description\":\"Pedro Mart\u00ednez de la Rosa es uno de los nombres m\u00e1s acreditados en el mundo del automovilismo, un apasionado de las dos ruedas.\",\"breadcrumb\":{\"@id\":\"https:\\\/\\\/www.boxrepsol.com\\\/es\\\/motogp\\\/entrevista-pedro-martinez-la-rosa\\\/#breadcrumb\"},\"inLanguage\":\"es\",\"potentialAction\":[{\"@type\":\"ReadAction\",\"target\":[\"https:\\\/\\\/www.boxrepsol.com\\\/es\\\/motogp\\\/entrevista-pedro-martinez-la-rosa\\\/\"]}]},{\"@type\":\"ImageObject\",\"inLanguage\":\"es\",\"@id\":\"https:\\\/\\\/www.boxrepsol.com\\\/es\\\/motogp\\\/entrevista-pedro-martinez-la-rosa\\\/#primaryimage\",\"url\":\"https:\\\/\\\/bxrepsol.s3.eu-west-1.amazonaws.com\\\/static\\\/2022\\\/08\\\/29083202\\\/00_pedro_martinez_de_la_rosa_repsol_f1_repsol_honda.jpg\",\"contentUrl\":\"https:\\\/\\\/bxrepsol.s3.eu-west-1.amazonaws.com\\\/static\\\/2022\\\/08\\\/29083202\\\/00_pedro_martinez_de_la_rosa_repsol_f1_repsol_honda.jpg\",\"width\":1280,\"height\":600,\"caption\":\"Pedro Mart\u00ednez de la Rosa con F1 y casco Repsol\"},{\"@type\":\"BreadcrumbList\",\"@id\":\"https:\\\/\\\/www.boxrepsol.com\\\/es\\\/motogp\\\/entrevista-pedro-martinez-la-rosa\\\/#breadcrumb\",\"itemListElement\":[{\"@type\":\"ListItem\",\"position\":1,\"name\":\"Home\",\"item\":\"https:\\\/\\\/www.boxrepsol.com\\\/es\\\/\"},{\"@type\":\"ListItem\",\"position\":2,\"name\":\"Entrevista a Pedro Mart\u00ednez de la Rosa\"}]},{\"@type\":\"WebSite\",\"@id\":\"https:\\\/\\\/www.boxrepsol.com\\\/es\\\/#website\",\"url\":\"https:\\\/\\\/www.boxrepsol.com\\\/es\\\/\",\"name\":\"Box Repsol\",\"description\":\"Box Repsol Site\",\"publisher\":{\"@id\":\"https:\\\/\\\/www.boxrepsol.com\\\/es\\\/#organization\"},\"potentialAction\":[{\"@type\":\"SearchAction\",\"target\":{\"@type\":\"EntryPoint\",\"urlTemplate\":\"https:\\\/\\\/www.boxrepsol.com\\\/es\\\/?s={search_term_string}\"},\"query-input\":{\"@type\":\"PropertyValueSpecification\",\"valueRequired\":true,\"valueName\":\"search_term_string\"}}],\"inLanguage\":\"es\"},{\"@type\":\"Organization\",\"@id\":\"https:\\\/\\\/www.boxrepsol.com\\\/es\\\/#organization\",\"name\":\"Box Repsol\",\"url\":\"https:\\\/\\\/www.boxrepsol.com\\\/es\\\/\",\"logo\":{\"@type\":\"ImageObject\",\"inLanguage\":\"es\",\"@id\":\"https:\\\/\\\/www.boxrepsol.com\\\/es\\\/#\\\/schema\\\/logo\\\/image\\\/\",\"url\":\"https:\\\/\\\/bxrepsol.s3.eu-west-1.amazonaws.com\\\/static\\\/2025\\\/07\\\/30083337\\\/favicon-96x96-1.png\",\"contentUrl\":\"https:\\\/\\\/bxrepsol.s3.eu-west-1.amazonaws.com\\\/static\\\/2025\\\/07\\\/30083337\\\/favicon-96x96-1.png\",\"width\":96,\"height\":96,\"caption\":\"Box Repsol\"},\"image\":{\"@id\":\"https:\\\/\\\/www.boxrepsol.com\\\/es\\\/#\\\/schema\\\/logo\\\/image\\\/\"},\"sameAs\":[\"https:\\\/\\\/www.facebook.com\\\/BoxRepsol\",\"https:\\\/\\\/x.com\\\/box_repsol\",\"http:\\\/\\\/instagram.com\\\/box_repsol\",\"https:\\\/\\\/www.youtube.com\\\/user\\\/RepsolCompeticion\",\"https:\\\/\\\/www.flickr.com\\\/photos\\\/box_repsol\\\/\"]},{\"@type\":\"Person\",\"@id\":\"https:\\\/\\\/www.boxrepsol.com\\\/es\\\/#\\\/schema\\\/person\\\/c5c2138f2cca251b0ad92b7086bb60b7\",\"name\":\"Redacci\u00f3n Box Repsol\",\"image\":{\"@type\":\"ImageObject\",\"inLanguage\":\"es\",\"@id\":\"https:\\\/\\\/secure.gravatar.com\\\/avatar\\\/adf7b77e38b4419baf32c7e9c21dde01f4e40df611f0978e3006fc4ba0aaab7e?s=96&d=mm&r=g\",\"url\":\"https:\\\/\\\/secure.gravatar.com\\\/avatar\\\/adf7b77e38b4419baf32c7e9c21dde01f4e40df611f0978e3006fc4ba0aaab7e?s=96&d=mm&r=g\",\"contentUrl\":\"https:\\\/\\\/secure.gravatar.com\\\/avatar\\\/adf7b77e38b4419baf32c7e9c21dde01f4e40df611f0978e3006fc4ba0aaab7e?s=96&d=mm&r=g\",\"caption\":\"Redacci\u00f3n Box Repsol\"},\"description\":\"Box Repsol lo forma un equipo de periodistas, community managers, dise\u00f1adores y fot\u00f3grafos con m\u00e1s de 20 a\u00f1os de experiencia en el mundo del motorsport. Hemos vivido el primer mundial de un espa\u00f1ol en la categor\u00eda reina de motociclismo con \u00c1lex Crivill\u00e9, estuvimos en las victorias de Pedrosa y los t\u00edtulos de M\u00e1rquez, acompa\u00f1amos en \u00c1frica a Nani Roma y Marc Coma en sus conquistas del Dakar y hemos vibrado con los t\u00edtulos de Toni Bou en Trial. Adem\u00e1s, en nuestro equipo contamos con expertos en el mundo de las dos y cuatro ruedas tanto de la calle y las carreteras, como de los circuitos. Periodistas que han trabajado en revistas y publicaciones para hacerte llegar desde rutas y consejos de mantenimiento, a curiosidades y trucos de pilotaje.\",\"sameAs\":[\"https:\\\/\\\/www.facebook.com\\\/BoxRepsol\\\/\",\"https:\\\/\\\/www.instagram.com\\\/box_repsol\\\/\",\"https:\\\/\\\/x.com\\\/https:\\\/\\\/twitter.com\\\/box_repsol\",\"https:\\\/\\\/www.youtube.com\\\/@Boxrepsol\"],\"url\":\"https:\\\/\\\/www.boxrepsol.com\\\/es\\\/author\\\/redaccion-box-repsol\\\/\"}]}<\/script>\n<!-- \/ Yoast SEO plugin. -->","yoast_head_json":{"title":"Entrevista a Pedro Mart\u00ednez de la Rosa - Box Repsol","description":"Pedro Mart\u00ednez de la Rosa es uno de los nombres m\u00e1s acreditados en el mundo del automovilismo, un apasionado de las dos ruedas.","canonical":"https:\/\/www.boxrepsol.com\/es\/motogp\/entrevista-pedro-martinez-la-rosa\/","og_locale":"es_ES","og_type":"article","og_title":"Entrevista a Pedro Mart\u00ednez de la Rosa - Box Repsol","og_description":"Pedro Mart\u00ednez de la Rosa es uno de los nombres m\u00e1s acreditados en el mundo del automovilismo, un apasionado de las dos ruedas.","og_url":"https:\/\/www.boxrepsol.com\/es\/motogp\/entrevista-pedro-martinez-la-rosa\/","og_site_name":"Box Repsol","article_publisher":"https:\/\/www.facebook.com\/BoxRepsol","article_author":"https:\/\/www.facebook.com\/BoxRepsol\/","article_published_time":"2018-10-24T02:00:00+00:00","article_modified_time":"2025-09-17T09:37:52+00:00","og_image":[{"width":1280,"height":600,"url":"https:\/\/bxrepsol.s3.eu-west-1.amazonaws.com\/static\/2022\/08\/29083202\/00_pedro_martinez_de_la_rosa_repsol_f1_repsol_honda.jpg","type":"image\/jpeg"}],"author":"Redacci\u00f3n Box Repsol","twitter_card":"summary_large_image","twitter_creator":"@https:\/\/twitter.com\/box_repsol","twitter_site":"@box_repsol","twitter_misc":{"Written by":"Redacci\u00f3n Box Repsol","Est. reading time":"5 minutos"},"schema":{"@context":"https:\/\/schema.org","@graph":[{"@type":"Article","@id":"https:\/\/www.boxrepsol.com\/es\/motogp\/entrevista-pedro-martinez-la-rosa\/#article","isPartOf":{"@id":"https:\/\/www.boxrepsol.com\/es\/motogp\/entrevista-pedro-martinez-la-rosa\/"},"author":{"name":"Redacci\u00f3n Box Repsol","@id":"https:\/\/www.boxrepsol.com\/es\/#\/schema\/person\/c5c2138f2cca251b0ad92b7086bb60b7"},"headline":"Entrevista a Pedro Mart\u00ednez de la Rosa","datePublished":"2018-10-24T02:00:00+00:00","dateModified":"2025-09-17T09:37:52+00:00","mainEntityOfPage":{"@id":"https:\/\/www.boxrepsol.com\/es\/motogp\/entrevista-pedro-martinez-la-rosa\/"},"wordCount":922,"commentCount":0,"publisher":{"@id":"https:\/\/www.boxrepsol.com\/es\/#organization"},"image":{"@id":"https:\/\/www.boxrepsol.com\/es\/motogp\/entrevista-pedro-martinez-la-rosa\/#primaryimage"},"thumbnailUrl":"https:\/\/bxrepsol.s3.eu-west-1.amazonaws.com\/static\/2022\/08\/29083202\/00_pedro_martinez_de_la_rosa_repsol_f1_repsol_honda.jpg","keywords":["otros eventos y competiciones"],"articleSection":["MotoGP"],"inLanguage":"es","potentialAction":[{"@type":"CommentAction","name":"Comment","target":["https:\/\/www.boxrepsol.com\/es\/motogp\/entrevista-pedro-martinez-la-rosa\/#respond"]}]},{"@type":"WebPage","@id":"https:\/\/www.boxrepsol.com\/es\/motogp\/entrevista-pedro-martinez-la-rosa\/","url":"https:\/\/www.boxrepsol.com\/es\/motogp\/entrevista-pedro-martinez-la-rosa\/","name":"Entrevista a Pedro Mart\u00ednez de la Rosa - Box Repsol","isPartOf":{"@id":"https:\/\/www.boxrepsol.com\/es\/#website"},"primaryImageOfPage":{"@id":"https:\/\/www.boxrepsol.com\/es\/motogp\/entrevista-pedro-martinez-la-rosa\/#primaryimage"},"image":{"@id":"https:\/\/www.boxrepsol.com\/es\/motogp\/entrevista-pedro-martinez-la-rosa\/#primaryimage"},"thumbnailUrl":"https:\/\/bxrepsol.s3.eu-west-1.amazonaws.com\/static\/2022\/08\/29083202\/00_pedro_martinez_de_la_rosa_repsol_f1_repsol_honda.jpg","datePublished":"2018-10-24T02:00:00+00:00","dateModified":"2025-09-17T09:37:52+00:00","description":"Pedro Mart\u00ednez de la Rosa es uno de los nombres m\u00e1s acreditados en el mundo del automovilismo, un apasionado de las dos ruedas.","breadcrumb":{"@id":"https:\/\/www.boxrepsol.com\/es\/motogp\/entrevista-pedro-martinez-la-rosa\/#breadcrumb"},"inLanguage":"es","potentialAction":[{"@type":"ReadAction","target":["https:\/\/www.boxrepsol.com\/es\/motogp\/entrevista-pedro-martinez-la-rosa\/"]}]},{"@type":"ImageObject","inLanguage":"es","@id":"https:\/\/www.boxrepsol.com\/es\/motogp\/entrevista-pedro-martinez-la-rosa\/#primaryimage","url":"https:\/\/bxrepsol.s3.eu-west-1.amazonaws.com\/static\/2022\/08\/29083202\/00_pedro_martinez_de_la_rosa_repsol_f1_repsol_honda.jpg","contentUrl":"https:\/\/bxrepsol.s3.eu-west-1.amazonaws.com\/static\/2022\/08\/29083202\/00_pedro_martinez_de_la_rosa_repsol_f1_repsol_honda.jpg","width":1280,"height":600,"caption":"Pedro Mart\u00ednez de la Rosa con F1 y casco Repsol"},{"@type":"BreadcrumbList","@id":"https:\/\/www.boxrepsol.com\/es\/motogp\/entrevista-pedro-martinez-la-rosa\/#breadcrumb","itemListElement":[{"@type":"ListItem","position":1,"name":"Home","item":"https:\/\/www.boxrepsol.com\/es\/"},{"@type":"ListItem","position":2,"name":"Entrevista a Pedro Mart\u00ednez de la Rosa"}]},{"@type":"WebSite","@id":"https:\/\/www.boxrepsol.com\/es\/#website","url":"https:\/\/www.boxrepsol.com\/es\/","name":"Box Repsol","description":"Box Repsol Site","publisher":{"@id":"https:\/\/www.boxrepsol.com\/es\/#organization"},"potentialAction":[{"@type":"SearchAction","target":{"@type":"EntryPoint","urlTemplate":"https:\/\/www.boxrepsol.com\/es\/?s={search_term_string}"},"query-input":{"@type":"PropertyValueSpecification","valueRequired":true,"valueName":"search_term_string"}}],"inLanguage":"es"},{"@type":"Organization","@id":"https:\/\/www.boxrepsol.com\/es\/#organization","name":"Box Repsol","url":"https:\/\/www.boxrepsol.com\/es\/","logo":{"@type":"ImageObject","inLanguage":"es","@id":"https:\/\/www.boxrepsol.com\/es\/#\/schema\/logo\/image\/","url":"https:\/\/bxrepsol.s3.eu-west-1.amazonaws.com\/static\/2025\/07\/30083337\/favicon-96x96-1.png","contentUrl":"https:\/\/bxrepsol.s3.eu-west-1.amazonaws.com\/static\/2025\/07\/30083337\/favicon-96x96-1.png","width":96,"height":96,"caption":"Box Repsol"},"image":{"@id":"https:\/\/www.boxrepsol.com\/es\/#\/schema\/logo\/image\/"},"sameAs":["https:\/\/www.facebook.com\/BoxRepsol","https:\/\/x.com\/box_repsol","http:\/\/instagram.com\/box_repsol","https:\/\/www.youtube.com\/user\/RepsolCompeticion","https:\/\/www.flickr.com\/photos\/box_repsol\/"]},{"@type":"Person","@id":"https:\/\/www.boxrepsol.com\/es\/#\/schema\/person\/c5c2138f2cca251b0ad92b7086bb60b7","name":"Redacci\u00f3n Box Repsol","image":{"@type":"ImageObject","inLanguage":"es","@id":"https:\/\/secure.gravatar.com\/avatar\/adf7b77e38b4419baf32c7e9c21dde01f4e40df611f0978e3006fc4ba0aaab7e?s=96&d=mm&r=g","url":"https:\/\/secure.gravatar.com\/avatar\/adf7b77e38b4419baf32c7e9c21dde01f4e40df611f0978e3006fc4ba0aaab7e?s=96&d=mm&r=g","contentUrl":"https:\/\/secure.gravatar.com\/avatar\/adf7b77e38b4419baf32c7e9c21dde01f4e40df611f0978e3006fc4ba0aaab7e?s=96&d=mm&r=g","caption":"Redacci\u00f3n Box Repsol"},"description":"Box Repsol lo forma un equipo de periodistas, community managers, dise\u00f1adores y fot\u00f3grafos con m\u00e1s de 20 a\u00f1os de experiencia en el mundo del motorsport. Hemos vivido el primer mundial de un espa\u00f1ol en la categor\u00eda reina de motociclismo con \u00c1lex Crivill\u00e9, estuvimos en las victorias de Pedrosa y los t\u00edtulos de M\u00e1rquez, acompa\u00f1amos en \u00c1frica a Nani Roma y Marc Coma en sus conquistas del Dakar y hemos vibrado con los t\u00edtulos de Toni Bou en Trial. Adem\u00e1s, en nuestro equipo contamos con expertos en el mundo de las dos y cuatro ruedas tanto de la calle y las carreteras, como de los circuitos. Periodistas que han trabajado en revistas y publicaciones para hacerte llegar desde rutas y consejos de mantenimiento, a curiosidades y trucos de pilotaje.","sameAs":["https:\/\/www.facebook.com\/BoxRepsol\/","https:\/\/www.instagram.com\/box_repsol\/","https:\/\/x.com\/https:\/\/twitter.com\/box_repsol","https:\/\/www.youtube.com\/@Boxrepsol"],"url":"https:\/\/www.boxrepsol.com\/es\/author\/redaccion-box-repsol\/"}]}},"_links":{"self":[{"href":"https:\/\/www.boxrepsol.com\/es\/wp-json\/wp\/v2\/posts\/93492","targetHints":{"allow":["GET"]}}],"collection":[{"href":"https:\/\/www.boxrepsol.com\/es\/wp-json\/wp\/v2\/posts"}],"about":[{"href":"https:\/\/www.boxrepsol.com\/es\/wp-json\/wp\/v2\/types\/post"}],"author":[{"embeddable":true,"href":"https:\/\/www.boxrepsol.com\/es\/wp-json\/wp\/v2\/users\/43146"}],"replies":[{"embeddable":true,"href":"https:\/\/www.boxrepsol.com\/es\/wp-json\/wp\/v2\/comments?post=93492"}],"version-history":[{"count":2,"href":"https:\/\/www.boxrepsol.com\/es\/wp-json\/wp\/v2\/posts\/93492\/revisions"}],"predecessor-version":[{"id":127185,"href":"https:\/\/www.boxrepsol.com\/es\/wp-json\/wp\/v2\/posts\/93492\/revisions\/127185"}],"wp:featuredmedia":[{"embeddable":true,"href":"https:\/\/www.boxrepsol.com\/es\/wp-json\/wp\/v2\/media\/59778"}],"wp:attachment":[{"href":"https:\/\/www.boxrepsol.com\/es\/wp-json\/wp\/v2\/media?parent=93492"}],"wp:term":[{"taxonomy":"category","embeddable":true,"href":"https:\/\/www.boxrepsol.com\/es\/wp-json\/wp\/v2\/categories?post=93492"},{"taxonomy":"post_tag","embeddable":true,"href":"https:\/\/www.boxrepsol.com\/es\/wp-json\/wp\/v2\/tags?post=93492"}],"curies":[{"name":"wp","href":"https:\/\/api.w.org\/{rel}","templated":true}]}}