{"id":93490,"date":"2018-10-24T00:00:00","date_gmt":"2018-10-24T02:00:00","guid":{"rendered":"http:\/\/pre.boxrepsol.com\/sin-categorizar\/alberto-puig-analiza-la-carrera-motegi\/"},"modified":"2024-05-22T08:31:58","modified_gmt":"2024-05-22T10:31:58","slug":"alberto-puig-analiza-la-carrera-motegi","status":"publish","type":"post","link":"https:\/\/www.boxrepsol.com\/es\/motogp\/alberto-puig-analiza-la-carrera-motegi\/","title":{"rendered":"Alberto Puig analiza la carrera en Motegi"},"content":{"rendered":"<p><em>El s\u00e9ptimo Campeonato del Mundo logrado por Marc M\u00e1rquez en el\u00a0<a href=\"https:\/\/www.boxrepsol.com\/es\/motogp\/victoria-titulo-marquez-japon\/\">Gran Premio de Jap\u00f3n<\/a>\u00a0fue todo un hito en el deporte, que Alberto Puig vivi\u00f3 por primera vez desde su cargo al frente del equipo Repsol Honda. El expiloto ha analizado un fin de semana tan especial para el equipo en el circuito propiedad de Honda.<\/em><\/p>\n<p><strong>\u00bfCu\u00e1l era la estrategia para la carrera del domingo?<\/strong><\/p>\n<p>Fue un d\u00eda incre\u00edble. Marc [M\u00e1rquez] hizo una carrera muy inteligente. Ganar el t\u00edtulo no era f\u00e1cil, pero sab\u00edamos que pod\u00eda pasar. Creo que su estrategia fue correcta, manteni\u00e9ndose detr\u00e1s de Dovizioso, porque sab\u00eda que Andrea tirar\u00eda fuerte. Tenemos que felicitar a Marc, al equipo y a Honda por este gran logro.<\/p>\n<p>Marc no se conforma y sab\u00edamos que intentar\u00eda ganar la carrera. Es un piloto que ha crecido mucho; ha madurado y sigue aprendiendo. Creo que todav\u00eda le quedan cosas por aprender y puede dar otro paso m\u00e1s. Est\u00e1 a un nivel muy alto, quiz\u00e1s uno o dos pasos por encima de los dem\u00e1s. Ha aprendido a regularse y eso le hace m\u00e1s fuerte.<\/p>\n<p><strong>\u00bfCu\u00e1les fueron los puntos positivos y negativos de la carrera?<\/strong><\/p>\n<p>\u00a1Todos positivos! Ganamos la carrera y el Mundial.<\/p>\n<blockquote><p>\n\t<a href=\"http:\/\/twitter.com\/share?text=%E2%80%9CMarc+no+se+conforma+y+sab%C3%ADamos+que+intentar%C3%ADa+ganar+la+carrera%E2%80%9D&#038;url=https%3A%2F%2Fwww.boxrepsol.com%2Fes%2F%3Fp%3D28085\" target=\"_blank\" rel=\"noopener\"><\/p>\n<p>\u201cMarc no se conforma y sab\u00edamos que intentar\u00eda ganar la carrera\u201d<\/p>\n<p>\t<\/a>\n<\/p><\/blockquote>\n<p><strong>\u00bfC\u00f3mo viviste la carrera desde el pit lane?<\/strong><\/p>\n<p>Fue un d\u00eda bonito, porque todos los jefes de Honda estuvieron en el circuito y disfrutaron con la consecuci\u00f3n del campeonato. Pero al final, vivimos la carrera con la misma intensidad de siempre, sabiendo que pod\u00eda ganar el t\u00edtulo.<\/p>\n<p><strong>\u00bfQu\u00e9 m\u00e1s destacar\u00edas de lo que sucedi\u00f3 durante el Gran Premio?<\/strong><\/p>\n<p>El de Motegi es un fin de semana muy ocupado para nuestros pilotos y tenemos muchas actividades en la sede de Honda en Tokyo, tambi\u00e9n visitamos el centro de I+D de Honda en Utsunomiya y finalmente, Marc celebr\u00f3 el vig\u00e9simo aniversario del museo del circuito de Motegi con una visita especial. Es la tercera vez en cinco a\u00f1os que Marc logra el t\u00edtulo aqu\u00ed, as\u00ed que es muy emotivo para todos los aficionados japoneses.<\/p>\n<p><strong>\u00bfCu\u00e1l ser\u00e1 la estrategia para las \u00faltimas carreras?<\/strong><\/p>\n<p>No podemos ver el futuro. Evidentemente, iremos a Phillip Island muy motivados. Es un circuito muy dif\u00edcil y no ser\u00e1 f\u00e1cil, pero el objetivo ser\u00e1 ganar el t\u00edtulo de constructores.<\/p>\n","protected":false},"excerpt":{"rendered":"<p>Alberto Puig vivi\u00f3 el domingo su primer t\u00edtulo de MotoGP como Team Manager del equipo Repsol Honda.<\/p>\n","protected":false},"author":43146,"featured_media":59771,"comment_status":"open","ping_status":"open","sticky":false,"template":"","format":"standard","meta":{"footnotes":""},"categories":[4],"tags":[140],"class_list":["post-93490","post","type-post","status-publish","format-standard","hentry","category-motogp","tag-motogp-japon"],"yoast_head":"<!-- This site is optimized with the Yoast SEO plugin v27.3 - https:\/\/yoast.com\/product\/yoast-seo-wordpress\/ -->\n<title>Alberto Puig analiza la carrera en Motegi - Box Repsol<\/title>\n<meta name=\"description\" content=\"Alberto Puig vivi\u00f3 el domingo su primer t\u00edtulo de MotoGP como Team Manager del equipo Repsol Honda.\" \/>\n<link rel=\"canonical\" href=\"https:\/\/www.boxrepsol.com\/es\/motogp\/alberto-puig-analiza-la-carrera-motegi\/\" \/>\n<meta property=\"og:locale\" content=\"es_ES\" \/>\n<meta property=\"og:type\" content=\"article\" \/>\n<meta property=\"og:title\" content=\"Alberto Puig analiza la carrera en Motegi - Box Repsol\" \/>\n<meta property=\"og:description\" content=\"Alberto Puig vivi\u00f3 el domingo su primer t\u00edtulo de MotoGP como Team Manager del equipo Repsol Honda.\" \/>\n<meta property=\"og:url\" content=\"https:\/\/www.boxrepsol.com\/es\/motogp\/alberto-puig-analiza-la-carrera-motegi\/\" \/>\n<meta property=\"og:site_name\" content=\"Box Repsol\" \/>\n<meta property=\"article:publisher\" content=\"https:\/\/www.facebook.com\/BoxRepsol\" \/>\n<meta property=\"article:author\" content=\"https:\/\/www.facebook.com\/BoxRepsol\/\" \/>\n<meta property=\"article:published_time\" content=\"2018-10-24T02:00:00+00:00\" \/>\n<meta property=\"article:modified_time\" content=\"2024-05-22T10:31:58+00:00\" \/>\n<meta property=\"og:image\" content=\"https:\/\/bxrepsol.s3.eu-west-1.amazonaws.com\/static\/2022\/08\/29083158\/00_alberto_puig_marc_marquez_yoshihige_nomura_repsol_honda_level7.jpg\" \/>\n\t<meta property=\"og:image:width\" content=\"1280\" \/>\n\t<meta property=\"og:image:height\" content=\"600\" \/>\n\t<meta property=\"og:image:type\" content=\"image\/jpeg\" \/>\n<meta name=\"author\" content=\"Redacci\u00f3n Box Repsol\" \/>\n<meta name=\"twitter:card\" content=\"summary_large_image\" \/>\n<meta name=\"twitter:creator\" content=\"@https:\/\/twitter.com\/box_repsol\" \/>\n<meta name=\"twitter:site\" content=\"@box_repsol\" \/>\n<meta name=\"twitter:label1\" content=\"Written by\" \/>\n\t<meta name=\"twitter:data1\" content=\"Redacci\u00f3n Box Repsol\" \/>\n\t<meta name=\"twitter:label2\" content=\"Est. reading time\" \/>\n\t<meta name=\"twitter:data2\" content=\"2 minutos\" \/>\n<script type=\"application\/ld+json\" class=\"yoast-schema-graph\">{\"@context\":\"https:\\\/\\\/schema.org\",\"@graph\":[{\"@type\":\"Article\",\"@id\":\"https:\\\/\\\/www.boxrepsol.com\\\/es\\\/motogp\\\/alberto-puig-analiza-la-carrera-motegi\\\/#article\",\"isPartOf\":{\"@id\":\"https:\\\/\\\/www.boxrepsol.com\\\/es\\\/motogp\\\/alberto-puig-analiza-la-carrera-motegi\\\/\"},\"author\":{\"name\":\"Redacci\u00f3n Box Repsol\",\"@id\":\"https:\\\/\\\/www.boxrepsol.com\\\/es\\\/#\\\/schema\\\/person\\\/c5c2138f2cca251b0ad92b7086bb60b7\"},\"headline\":\"Alberto Puig analiza la carrera en Motegi\",\"datePublished\":\"2018-10-24T02:00:00+00:00\",\"dateModified\":\"2024-05-22T10:31:58+00:00\",\"mainEntityOfPage\":{\"@id\":\"https:\\\/\\\/www.boxrepsol.com\\\/es\\\/motogp\\\/alberto-puig-analiza-la-carrera-motegi\\\/\"},\"wordCount\":428,\"commentCount\":0,\"publisher\":{\"@id\":\"https:\\\/\\\/www.boxrepsol.com\\\/es\\\/#organization\"},\"image\":{\"@id\":\"https:\\\/\\\/www.boxrepsol.com\\\/es\\\/motogp\\\/alberto-puig-analiza-la-carrera-motegi\\\/#primaryimage\"},\"thumbnailUrl\":\"https:\\\/\\\/bxrepsol.s3.eu-west-1.amazonaws.com\\\/static\\\/2022\\\/08\\\/29083158\\\/00_alberto_puig_marc_marquez_yoshihige_nomura_repsol_honda_level7.jpg\",\"keywords\":[\"MotoGP Jap\u00f3n\"],\"articleSection\":[\"MotoGP\"],\"inLanguage\":\"es\",\"potentialAction\":[{\"@type\":\"CommentAction\",\"name\":\"Comment\",\"target\":[\"https:\\\/\\\/www.boxrepsol.com\\\/es\\\/motogp\\\/alberto-puig-analiza-la-carrera-motegi\\\/#respond\"]}]},{\"@type\":\"WebPage\",\"@id\":\"https:\\\/\\\/www.boxrepsol.com\\\/es\\\/motogp\\\/alberto-puig-analiza-la-carrera-motegi\\\/\",\"url\":\"https:\\\/\\\/www.boxrepsol.com\\\/es\\\/motogp\\\/alberto-puig-analiza-la-carrera-motegi\\\/\",\"name\":\"Alberto Puig analiza la carrera en Motegi - Box Repsol\",\"isPartOf\":{\"@id\":\"https:\\\/\\\/www.boxrepsol.com\\\/es\\\/#website\"},\"primaryImageOfPage\":{\"@id\":\"https:\\\/\\\/www.boxrepsol.com\\\/es\\\/motogp\\\/alberto-puig-analiza-la-carrera-motegi\\\/#primaryimage\"},\"image\":{\"@id\":\"https:\\\/\\\/www.boxrepsol.com\\\/es\\\/motogp\\\/alberto-puig-analiza-la-carrera-motegi\\\/#primaryimage\"},\"thumbnailUrl\":\"https:\\\/\\\/bxrepsol.s3.eu-west-1.amazonaws.com\\\/static\\\/2022\\\/08\\\/29083158\\\/00_alberto_puig_marc_marquez_yoshihige_nomura_repsol_honda_level7.jpg\",\"datePublished\":\"2018-10-24T02:00:00+00:00\",\"dateModified\":\"2024-05-22T10:31:58+00:00\",\"description\":\"Alberto Puig vivi\u00f3 el domingo su primer t\u00edtulo de MotoGP como Team Manager del equipo Repsol Honda.\",\"breadcrumb\":{\"@id\":\"https:\\\/\\\/www.boxrepsol.com\\\/es\\\/motogp\\\/alberto-puig-analiza-la-carrera-motegi\\\/#breadcrumb\"},\"inLanguage\":\"es\",\"potentialAction\":[{\"@type\":\"ReadAction\",\"target\":[\"https:\\\/\\\/www.boxrepsol.com\\\/es\\\/motogp\\\/alberto-puig-analiza-la-carrera-motegi\\\/\"]}]},{\"@type\":\"ImageObject\",\"inLanguage\":\"es\",\"@id\":\"https:\\\/\\\/www.boxrepsol.com\\\/es\\\/motogp\\\/alberto-puig-analiza-la-carrera-motegi\\\/#primaryimage\",\"url\":\"https:\\\/\\\/bxrepsol.s3.eu-west-1.amazonaws.com\\\/static\\\/2022\\\/08\\\/29083158\\\/00_alberto_puig_marc_marquez_yoshihige_nomura_repsol_honda_level7.jpg\",\"contentUrl\":\"https:\\\/\\\/bxrepsol.s3.eu-west-1.amazonaws.com\\\/static\\\/2022\\\/08\\\/29083158\\\/00_alberto_puig_marc_marquez_yoshihige_nomura_repsol_honda_level7.jpg\",\"width\":1280,\"height\":600,\"caption\":\"Alberto Puig y Marc M\u00e1rquez celebrando con Yoshihige Nomura director de HRC\"},{\"@type\":\"BreadcrumbList\",\"@id\":\"https:\\\/\\\/www.boxrepsol.com\\\/es\\\/motogp\\\/alberto-puig-analiza-la-carrera-motegi\\\/#breadcrumb\",\"itemListElement\":[{\"@type\":\"ListItem\",\"position\":1,\"name\":\"Home\",\"item\":\"https:\\\/\\\/www.boxrepsol.com\\\/es\\\/\"},{\"@type\":\"ListItem\",\"position\":2,\"name\":\"Alberto Puig analiza la carrera en Motegi\"}]},{\"@type\":\"WebSite\",\"@id\":\"https:\\\/\\\/www.boxrepsol.com\\\/es\\\/#website\",\"url\":\"https:\\\/\\\/www.boxrepsol.com\\\/es\\\/\",\"name\":\"Box Repsol\",\"description\":\"Box Repsol Site\",\"publisher\":{\"@id\":\"https:\\\/\\\/www.boxrepsol.com\\\/es\\\/#organization\"},\"potentialAction\":[{\"@type\":\"SearchAction\",\"target\":{\"@type\":\"EntryPoint\",\"urlTemplate\":\"https:\\\/\\\/www.boxrepsol.com\\\/es\\\/?s={search_term_string}\"},\"query-input\":{\"@type\":\"PropertyValueSpecification\",\"valueRequired\":true,\"valueName\":\"search_term_string\"}}],\"inLanguage\":\"es\"},{\"@type\":\"Organization\",\"@id\":\"https:\\\/\\\/www.boxrepsol.com\\\/es\\\/#organization\",\"name\":\"Box Repsol\",\"url\":\"https:\\\/\\\/www.boxrepsol.com\\\/es\\\/\",\"logo\":{\"@type\":\"ImageObject\",\"inLanguage\":\"es\",\"@id\":\"https:\\\/\\\/www.boxrepsol.com\\\/es\\\/#\\\/schema\\\/logo\\\/image\\\/\",\"url\":\"https:\\\/\\\/bxrepsol.s3.eu-west-1.amazonaws.com\\\/static\\\/2025\\\/07\\\/30083337\\\/favicon-96x96-1.png\",\"contentUrl\":\"https:\\\/\\\/bxrepsol.s3.eu-west-1.amazonaws.com\\\/static\\\/2025\\\/07\\\/30083337\\\/favicon-96x96-1.png\",\"width\":96,\"height\":96,\"caption\":\"Box Repsol\"},\"image\":{\"@id\":\"https:\\\/\\\/www.boxrepsol.com\\\/es\\\/#\\\/schema\\\/logo\\\/image\\\/\"},\"sameAs\":[\"https:\\\/\\\/www.facebook.com\\\/BoxRepsol\",\"https:\\\/\\\/x.com\\\/box_repsol\",\"http:\\\/\\\/instagram.com\\\/box_repsol\",\"https:\\\/\\\/www.youtube.com\\\/user\\\/RepsolCompeticion\",\"https:\\\/\\\/www.flickr.com\\\/photos\\\/box_repsol\\\/\"]},{\"@type\":\"Person\",\"@id\":\"https:\\\/\\\/www.boxrepsol.com\\\/es\\\/#\\\/schema\\\/person\\\/c5c2138f2cca251b0ad92b7086bb60b7\",\"name\":\"Redacci\u00f3n Box Repsol\",\"image\":{\"@type\":\"ImageObject\",\"inLanguage\":\"es\",\"@id\":\"https:\\\/\\\/secure.gravatar.com\\\/avatar\\\/adf7b77e38b4419baf32c7e9c21dde01f4e40df611f0978e3006fc4ba0aaab7e?s=96&d=mm&r=g\",\"url\":\"https:\\\/\\\/secure.gravatar.com\\\/avatar\\\/adf7b77e38b4419baf32c7e9c21dde01f4e40df611f0978e3006fc4ba0aaab7e?s=96&d=mm&r=g\",\"contentUrl\":\"https:\\\/\\\/secure.gravatar.com\\\/avatar\\\/adf7b77e38b4419baf32c7e9c21dde01f4e40df611f0978e3006fc4ba0aaab7e?s=96&d=mm&r=g\",\"caption\":\"Redacci\u00f3n Box Repsol\"},\"description\":\"Box Repsol lo forma un equipo de periodistas, community managers, dise\u00f1adores y fot\u00f3grafos con m\u00e1s de 20 a\u00f1os de experiencia en el mundo del motorsport. Hemos vivido el primer mundial de un espa\u00f1ol en la categor\u00eda reina de motociclismo con \u00c1lex Crivill\u00e9, estuvimos en las victorias de Pedrosa y los t\u00edtulos de M\u00e1rquez, acompa\u00f1amos en \u00c1frica a Nani Roma y Marc Coma en sus conquistas del Dakar y hemos vibrado con los t\u00edtulos de Toni Bou en Trial. Adem\u00e1s, en nuestro equipo contamos con expertos en el mundo de las dos y cuatro ruedas tanto de la calle y las carreteras, como de los circuitos. Periodistas que han trabajado en revistas y publicaciones para hacerte llegar desde rutas y consejos de mantenimiento, a curiosidades y trucos de pilotaje.\",\"sameAs\":[\"https:\\\/\\\/www.facebook.com\\\/BoxRepsol\\\/\",\"https:\\\/\\\/www.instagram.com\\\/box_repsol\\\/\",\"https:\\\/\\\/x.com\\\/https:\\\/\\\/twitter.com\\\/box_repsol\",\"https:\\\/\\\/www.youtube.com\\\/@Boxrepsol\"],\"url\":\"https:\\\/\\\/www.boxrepsol.com\\\/es\\\/author\\\/redaccion-box-repsol\\\/\"}]}<\/script>\n<!-- \/ Yoast SEO plugin. -->","yoast_head_json":{"title":"Alberto Puig analiza la carrera en Motegi - Box Repsol","description":"Alberto Puig vivi\u00f3 el domingo su primer t\u00edtulo de MotoGP como Team Manager del equipo Repsol Honda.","canonical":"https:\/\/www.boxrepsol.com\/es\/motogp\/alberto-puig-analiza-la-carrera-motegi\/","og_locale":"es_ES","og_type":"article","og_title":"Alberto Puig analiza la carrera en Motegi - Box Repsol","og_description":"Alberto Puig vivi\u00f3 el domingo su primer t\u00edtulo de MotoGP como Team Manager del equipo Repsol Honda.","og_url":"https:\/\/www.boxrepsol.com\/es\/motogp\/alberto-puig-analiza-la-carrera-motegi\/","og_site_name":"Box Repsol","article_publisher":"https:\/\/www.facebook.com\/BoxRepsol","article_author":"https:\/\/www.facebook.com\/BoxRepsol\/","article_published_time":"2018-10-24T02:00:00+00:00","article_modified_time":"2024-05-22T10:31:58+00:00","og_image":[{"width":1280,"height":600,"url":"https:\/\/bxrepsol.s3.eu-west-1.amazonaws.com\/static\/2022\/08\/29083158\/00_alberto_puig_marc_marquez_yoshihige_nomura_repsol_honda_level7.jpg","type":"image\/jpeg"}],"author":"Redacci\u00f3n Box Repsol","twitter_card":"summary_large_image","twitter_creator":"@https:\/\/twitter.com\/box_repsol","twitter_site":"@box_repsol","twitter_misc":{"Written by":"Redacci\u00f3n Box Repsol","Est. reading time":"2 minutos"},"schema":{"@context":"https:\/\/schema.org","@graph":[{"@type":"Article","@id":"https:\/\/www.boxrepsol.com\/es\/motogp\/alberto-puig-analiza-la-carrera-motegi\/#article","isPartOf":{"@id":"https:\/\/www.boxrepsol.com\/es\/motogp\/alberto-puig-analiza-la-carrera-motegi\/"},"author":{"name":"Redacci\u00f3n Box Repsol","@id":"https:\/\/www.boxrepsol.com\/es\/#\/schema\/person\/c5c2138f2cca251b0ad92b7086bb60b7"},"headline":"Alberto Puig analiza la carrera en Motegi","datePublished":"2018-10-24T02:00:00+00:00","dateModified":"2024-05-22T10:31:58+00:00","mainEntityOfPage":{"@id":"https:\/\/www.boxrepsol.com\/es\/motogp\/alberto-puig-analiza-la-carrera-motegi\/"},"wordCount":428,"commentCount":0,"publisher":{"@id":"https:\/\/www.boxrepsol.com\/es\/#organization"},"image":{"@id":"https:\/\/www.boxrepsol.com\/es\/motogp\/alberto-puig-analiza-la-carrera-motegi\/#primaryimage"},"thumbnailUrl":"https:\/\/bxrepsol.s3.eu-west-1.amazonaws.com\/static\/2022\/08\/29083158\/00_alberto_puig_marc_marquez_yoshihige_nomura_repsol_honda_level7.jpg","keywords":["MotoGP Jap\u00f3n"],"articleSection":["MotoGP"],"inLanguage":"es","potentialAction":[{"@type":"CommentAction","name":"Comment","target":["https:\/\/www.boxrepsol.com\/es\/motogp\/alberto-puig-analiza-la-carrera-motegi\/#respond"]}]},{"@type":"WebPage","@id":"https:\/\/www.boxrepsol.com\/es\/motogp\/alberto-puig-analiza-la-carrera-motegi\/","url":"https:\/\/www.boxrepsol.com\/es\/motogp\/alberto-puig-analiza-la-carrera-motegi\/","name":"Alberto Puig analiza la carrera en Motegi - Box Repsol","isPartOf":{"@id":"https:\/\/www.boxrepsol.com\/es\/#website"},"primaryImageOfPage":{"@id":"https:\/\/www.boxrepsol.com\/es\/motogp\/alberto-puig-analiza-la-carrera-motegi\/#primaryimage"},"image":{"@id":"https:\/\/www.boxrepsol.com\/es\/motogp\/alberto-puig-analiza-la-carrera-motegi\/#primaryimage"},"thumbnailUrl":"https:\/\/bxrepsol.s3.eu-west-1.amazonaws.com\/static\/2022\/08\/29083158\/00_alberto_puig_marc_marquez_yoshihige_nomura_repsol_honda_level7.jpg","datePublished":"2018-10-24T02:00:00+00:00","dateModified":"2024-05-22T10:31:58+00:00","description":"Alberto Puig vivi\u00f3 el domingo su primer t\u00edtulo de MotoGP como Team Manager del equipo Repsol Honda.","breadcrumb":{"@id":"https:\/\/www.boxrepsol.com\/es\/motogp\/alberto-puig-analiza-la-carrera-motegi\/#breadcrumb"},"inLanguage":"es","potentialAction":[{"@type":"ReadAction","target":["https:\/\/www.boxrepsol.com\/es\/motogp\/alberto-puig-analiza-la-carrera-motegi\/"]}]},{"@type":"ImageObject","inLanguage":"es","@id":"https:\/\/www.boxrepsol.com\/es\/motogp\/alberto-puig-analiza-la-carrera-motegi\/#primaryimage","url":"https:\/\/bxrepsol.s3.eu-west-1.amazonaws.com\/static\/2022\/08\/29083158\/00_alberto_puig_marc_marquez_yoshihige_nomura_repsol_honda_level7.jpg","contentUrl":"https:\/\/bxrepsol.s3.eu-west-1.amazonaws.com\/static\/2022\/08\/29083158\/00_alberto_puig_marc_marquez_yoshihige_nomura_repsol_honda_level7.jpg","width":1280,"height":600,"caption":"Alberto Puig y Marc M\u00e1rquez celebrando con Yoshihige Nomura director de HRC"},{"@type":"BreadcrumbList","@id":"https:\/\/www.boxrepsol.com\/es\/motogp\/alberto-puig-analiza-la-carrera-motegi\/#breadcrumb","itemListElement":[{"@type":"ListItem","position":1,"name":"Home","item":"https:\/\/www.boxrepsol.com\/es\/"},{"@type":"ListItem","position":2,"name":"Alberto Puig analiza la carrera en Motegi"}]},{"@type":"WebSite","@id":"https:\/\/www.boxrepsol.com\/es\/#website","url":"https:\/\/www.boxrepsol.com\/es\/","name":"Box Repsol","description":"Box Repsol Site","publisher":{"@id":"https:\/\/www.boxrepsol.com\/es\/#organization"},"potentialAction":[{"@type":"SearchAction","target":{"@type":"EntryPoint","urlTemplate":"https:\/\/www.boxrepsol.com\/es\/?s={search_term_string}"},"query-input":{"@type":"PropertyValueSpecification","valueRequired":true,"valueName":"search_term_string"}}],"inLanguage":"es"},{"@type":"Organization","@id":"https:\/\/www.boxrepsol.com\/es\/#organization","name":"Box Repsol","url":"https:\/\/www.boxrepsol.com\/es\/","logo":{"@type":"ImageObject","inLanguage":"es","@id":"https:\/\/www.boxrepsol.com\/es\/#\/schema\/logo\/image\/","url":"https:\/\/bxrepsol.s3.eu-west-1.amazonaws.com\/static\/2025\/07\/30083337\/favicon-96x96-1.png","contentUrl":"https:\/\/bxrepsol.s3.eu-west-1.amazonaws.com\/static\/2025\/07\/30083337\/favicon-96x96-1.png","width":96,"height":96,"caption":"Box Repsol"},"image":{"@id":"https:\/\/www.boxrepsol.com\/es\/#\/schema\/logo\/image\/"},"sameAs":["https:\/\/www.facebook.com\/BoxRepsol","https:\/\/x.com\/box_repsol","http:\/\/instagram.com\/box_repsol","https:\/\/www.youtube.com\/user\/RepsolCompeticion","https:\/\/www.flickr.com\/photos\/box_repsol\/"]},{"@type":"Person","@id":"https:\/\/www.boxrepsol.com\/es\/#\/schema\/person\/c5c2138f2cca251b0ad92b7086bb60b7","name":"Redacci\u00f3n Box Repsol","image":{"@type":"ImageObject","inLanguage":"es","@id":"https:\/\/secure.gravatar.com\/avatar\/adf7b77e38b4419baf32c7e9c21dde01f4e40df611f0978e3006fc4ba0aaab7e?s=96&d=mm&r=g","url":"https:\/\/secure.gravatar.com\/avatar\/adf7b77e38b4419baf32c7e9c21dde01f4e40df611f0978e3006fc4ba0aaab7e?s=96&d=mm&r=g","contentUrl":"https:\/\/secure.gravatar.com\/avatar\/adf7b77e38b4419baf32c7e9c21dde01f4e40df611f0978e3006fc4ba0aaab7e?s=96&d=mm&r=g","caption":"Redacci\u00f3n Box Repsol"},"description":"Box Repsol lo forma un equipo de periodistas, community managers, dise\u00f1adores y fot\u00f3grafos con m\u00e1s de 20 a\u00f1os de experiencia en el mundo del motorsport. Hemos vivido el primer mundial de un espa\u00f1ol en la categor\u00eda reina de motociclismo con \u00c1lex Crivill\u00e9, estuvimos en las victorias de Pedrosa y los t\u00edtulos de M\u00e1rquez, acompa\u00f1amos en \u00c1frica a Nani Roma y Marc Coma en sus conquistas del Dakar y hemos vibrado con los t\u00edtulos de Toni Bou en Trial. Adem\u00e1s, en nuestro equipo contamos con expertos en el mundo de las dos y cuatro ruedas tanto de la calle y las carreteras, como de los circuitos. Periodistas que han trabajado en revistas y publicaciones para hacerte llegar desde rutas y consejos de mantenimiento, a curiosidades y trucos de pilotaje.","sameAs":["https:\/\/www.facebook.com\/BoxRepsol\/","https:\/\/www.instagram.com\/box_repsol\/","https:\/\/x.com\/https:\/\/twitter.com\/box_repsol","https:\/\/www.youtube.com\/@Boxrepsol"],"url":"https:\/\/www.boxrepsol.com\/es\/author\/redaccion-box-repsol\/"}]}},"_links":{"self":[{"href":"https:\/\/www.boxrepsol.com\/es\/wp-json\/wp\/v2\/posts\/93490","targetHints":{"allow":["GET"]}}],"collection":[{"href":"https:\/\/www.boxrepsol.com\/es\/wp-json\/wp\/v2\/posts"}],"about":[{"href":"https:\/\/www.boxrepsol.com\/es\/wp-json\/wp\/v2\/types\/post"}],"author":[{"embeddable":true,"href":"https:\/\/www.boxrepsol.com\/es\/wp-json\/wp\/v2\/users\/43146"}],"replies":[{"embeddable":true,"href":"https:\/\/www.boxrepsol.com\/es\/wp-json\/wp\/v2\/comments?post=93490"}],"version-history":[{"count":1,"href":"https:\/\/www.boxrepsol.com\/es\/wp-json\/wp\/v2\/posts\/93490\/revisions"}],"predecessor-version":[{"id":116580,"href":"https:\/\/www.boxrepsol.com\/es\/wp-json\/wp\/v2\/posts\/93490\/revisions\/116580"}],"wp:featuredmedia":[{"embeddable":true,"href":"https:\/\/www.boxrepsol.com\/es\/wp-json\/wp\/v2\/media\/59771"}],"wp:attachment":[{"href":"https:\/\/www.boxrepsol.com\/es\/wp-json\/wp\/v2\/media?parent=93490"}],"wp:term":[{"taxonomy":"category","embeddable":true,"href":"https:\/\/www.boxrepsol.com\/es\/wp-json\/wp\/v2\/categories?post=93490"},{"taxonomy":"post_tag","embeddable":true,"href":"https:\/\/www.boxrepsol.com\/es\/wp-json\/wp\/v2\/tags?post=93490"}],"curies":[{"name":"wp","href":"https:\/\/api.w.org\/{rel}","templated":true}]}}