{"id":93486,"date":"2018-10-23T00:00:00","date_gmt":"2018-10-23T02:00:00","guid":{"rendered":"http:\/\/pre.boxrepsol.com\/sin-categorizar\/la-magia-marc-marquez-siete-imagenes\/"},"modified":"2024-05-22T08:33:03","modified_gmt":"2024-05-22T10:33:03","slug":"la-magia-marc-marquez-siete-imagenes","status":"publish","type":"post","link":"https:\/\/www.boxrepsol.com\/es\/motogp\/la-magia-marc-marquez-siete-imagenes\/","title":{"rendered":"La magia de Marc M\u00e1rquez en siete im\u00e1genes"},"content":{"rendered":"<p><em><strong>Siete Mundiales en once temporadas<\/strong> son unas cifras al alcance de muy pocos. Sin embargo, en algo m\u00e1s de una d\u00e9cada, Marc M\u00e1rquez no solo ha batido infinidad de marcas y r\u00e9cords en el Mundial de Motociclismo, sino que ha protagonizado una carrera deportiva plagada de actuaciones que le identifican como un piloto \u00fanico. Luciendo siempre los colores de Repsol, el reci\u00e9n proclamado <a href=\"https:\/\/www.boxrepsol.com\/es\/marc-marquez-campeon-mundo-2018\/\">Heptacampe\u00f3n del Mundo<\/a> nos ha regalado, a\u00f1o tras a\u00f1o, nuevas im\u00e1genes para adjuntar a su ya memorable \u00e1lbum particular.<\/em><\/p>\n<p><a href=\"https:\/\/bxrepsol.s3.eu-west-1.amazonaws.com\/static\/2022\/08\/05062012\/00_marquez_estoril_2010_motogp_125cc_repsol.jpg\" \n   title=\"Marc M\u00e1rquez en el pit lane con Alzamora\" \n   data-gallery-thumbnail=\"https:\/\/bxrepsol.s3.eu-west-1.amazonaws.com\/static\/2022\/08\/05062012\/00_marquez_estoril_2010_motogp_125cc_repsol.jpg\"\n   data-gallery-title=\"\"\n   data-gallery><\/p>\n<figure>\n        <picture style=\"padding-bottom: 66.619915848527%; background-image: url(https:\/\/bxrepsol.s3.eu-west-1.amazonaws.com\/static\/2022\/08\/05062012\/00_marquez_estoril_2010_motogp_125cc_repsol.jpg);\">\n            <img decoding=\"async\" src=\"https:\/\/bxrepsol.s3.eu-west-1.amazonaws.com\/static\/2022\/08\/05062012\/00_marquez_estoril_2010_motogp_125cc_repsol.jpg\"><br \/>\n            <img itemprop=\"image\"\n                data-srcset=\"https:\/\/bxrepsol.s3.eu-west-1.amazonaws.com\/static\/2022\/08\/05062012\/00_marquez_estoril_2010_motogp_125cc_repsol.jpg 480w, https:\/\/bxrepsol.s3.eu-west-1.amazonaws.com\/static\/2022\/08\/05062012\/00_marquez_estoril_2010_motogp_125cc_repsol.jpg 600w, https:\/\/bxrepsol.s3.eu-west-1.amazonaws.com\/static\/2022\/08\/05062012\/00_marquez_estoril_2010_motogp_125cc_repsol.jpg 900w, https:\/\/bxrepsol.s3.eu-west-1.amazonaws.com\/static\/2022\/08\/05062012\/00_marquez_estoril_2010_motogp_125cc_repsol.jpg 1280w\"\n                data-src=\"https:\/\/bxrepsol.s3.eu-west-1.amazonaws.com\/static\/2022\/08\/05062012\/00_marquez_estoril_2010_motogp_125cc_repsol.jpg\"\n                alt=\"Marc M\u00e1rquez en el pit lane con Alzamora\"\n                title=\"Marc M\u00e1rquez en el pit lane con Alzamora\"\/><br \/>\n            <noscript><img decoding=\"async\" src=\"https:\/\/bxrepsol.s3.eu-west-1.amazonaws.com\/static\/2022\/08\/05062012\/00_marquez_estoril_2010_motogp_125cc_repsol.jpg\" alt=\"Marc M\u00e1rquez en el pit lane con Alzamora\"><\/noscript>\n        <\/picture><figcaption>Marc M\u00e1rquez en el pit lane con Alzamora<\/figcaption><\/figure>\n<p><\/a><\/p>\n<h3>2010: la remontada del Gran Premio de Portugal<\/h3>\n<p>El circuito de Estoril fue el escenario de una de las actuaciones m\u00e1s brillantes de Marc M\u00e1rquez en el camino hacia el que ser\u00eda el primer t\u00edtulo de su palmar\u00e9s. Tras interrumpirse la prueba a causa de la lluvia,<strong> una ca\u00edda en la vuelta de calentamiento<\/strong> antes de darse la segunda salida,<strong> le oblig\u00f3 a pasar por boxes para reparar su moto en un tiempo r\u00e9cord<\/strong> y tomar la salida desde la \u00faltima posici\u00f3n de la parrilla. Aun as\u00ed, logr\u00f3 remontar en las pocas vueltas a las que fue reducida la carrera y <strong>consigui\u00f3 una victoria que le acercaba a su primera corona<\/strong>.<\/p>\n<p><a href=\"https:\/\/bxrepsol.s3.eu-west-1.amazonaws.com\/static\/2022\/08\/05062013\/00_marquez_valencia_2012_moto2_repsol.jpg\" \n   title=\"Marc M\u00e1rquez manteado por la multitud\" \n   data-gallery-thumbnail=\"https:\/\/bxrepsol.s3.eu-west-1.amazonaws.com\/static\/2022\/08\/05062013\/00_marquez_valencia_2012_moto2_repsol.jpg\"\n   data-gallery-title=\"\"\n   data-gallery><\/p>\n<figure>\n        <picture style=\"padding-bottom: 66.642857142857%; background-image: url(https:\/\/bxrepsol.s3.eu-west-1.amazonaws.com\/static\/2022\/08\/05062013\/00_marquez_valencia_2012_moto2_repsol.jpg);\">\n            <img decoding=\"async\" src=\"https:\/\/bxrepsol.s3.eu-west-1.amazonaws.com\/static\/2022\/08\/05062013\/00_marquez_valencia_2012_moto2_repsol.jpg\"><br \/>\n            <img itemprop=\"image\"\n                data-srcset=\"https:\/\/bxrepsol.s3.eu-west-1.amazonaws.com\/static\/2022\/08\/05062013\/00_marquez_valencia_2012_moto2_repsol.jpg 480w, https:\/\/bxrepsol.s3.eu-west-1.amazonaws.com\/static\/2022\/08\/05062013\/00_marquez_valencia_2012_moto2_repsol.jpg 600w, https:\/\/bxrepsol.s3.eu-west-1.amazonaws.com\/static\/2022\/08\/05062013\/00_marquez_valencia_2012_moto2_repsol.jpg 900w, https:\/\/bxrepsol.s3.eu-west-1.amazonaws.com\/static\/2022\/08\/05062013\/00_marquez_valencia_2012_moto2_repsol.jpg 1280w\"\n                data-src=\"https:\/\/bxrepsol.s3.eu-west-1.amazonaws.com\/static\/2022\/08\/05062013\/00_marquez_valencia_2012_moto2_repsol.jpg\"\n                alt=\"Marc M\u00e1rquez manteado por la multitud\"\n                title=\"Marc M\u00e1rquez en Moto2, manteado en valencia\"\/><br \/>\n            <noscript><img decoding=\"async\" src=\"https:\/\/bxrepsol.s3.eu-west-1.amazonaws.com\/static\/2022\/08\/05062013\/00_marquez_valencia_2012_moto2_repsol.jpg\" alt=\"Marc M\u00e1rquez manteado por la multitud\"><\/noscript>\n        <\/picture><figcaption>Marc M\u00e1rquez manteado por la multitud<\/figcaption><\/figure>\n<p><\/a><\/p>\n<h3>2012: del 33\u00ba a la victoria<\/h3>\n<p>Tras asegurarse el t\u00edtulo de Moto2 en Australia unas semanas antes, su \u00faltima carrera en la cilindrada intermedia vino marcada por una sanci\u00f3n durante los entrenamientos. <strong>Fue obligado a tomar la salida en \u00faltima posici\u00f3n de una concurrida parrilla de treinta y tres pilotos<\/strong>, pero en cuanto se apagaron los sem\u00e1foros rojos, logr\u00f3 adelantarlos a todos hasta despedirse de la categor\u00eda intermedia desde lo m\u00e1s alto del podio.<\/p>\n<p><a href=\"https:\/\/bxrepsol.s3.eu-west-1.amazonaws.com\/static\/2022\/08\/05062014\/00_marc_marquez_laguna_seca_sacacorchos_respol_honda_2103_rc213v_motogp_moto_93_ant-1.jpg\" \n   title=\"Laguna Seca, Marc M\u00e1rquez en el sacacorchos\" \n   data-gallery-thumbnail=\"https:\/\/bxrepsol.s3.eu-west-1.amazonaws.com\/static\/2022\/08\/05062014\/00_marc_marquez_laguna_seca_sacacorchos_respol_honda_2103_rc213v_motogp_moto_93_ant-1.jpg\"\n   data-gallery-title=\"\"\n   data-gallery><\/p>\n<figure>\n        <picture style=\"padding-bottom: 56.281407035176%; background-image: url(https:\/\/bxrepsol.s3.eu-west-1.amazonaws.com\/static\/2022\/08\/05062014\/00_marc_marquez_laguna_seca_sacacorchos_respol_honda_2103_rc213v_motogp_moto_93_ant-1.jpg);\">\n            <img decoding=\"async\" src=\"https:\/\/bxrepsol.s3.eu-west-1.amazonaws.com\/static\/2022\/08\/05062014\/00_marc_marquez_laguna_seca_sacacorchos_respol_honda_2103_rc213v_motogp_moto_93_ant-1.jpg\"><br \/>\n            <img itemprop=\"image\"\n                data-srcset=\"https:\/\/bxrepsol.s3.eu-west-1.amazonaws.com\/static\/2022\/08\/05062014\/00_marc_marquez_laguna_seca_sacacorchos_respol_honda_2103_rc213v_motogp_moto_93_ant-1.jpg 480w, https:\/\/bxrepsol.s3.eu-west-1.amazonaws.com\/static\/2022\/08\/05062014\/00_marc_marquez_laguna_seca_sacacorchos_respol_honda_2103_rc213v_motogp_moto_93_ant-1.jpg 600w, https:\/\/bxrepsol.s3.eu-west-1.amazonaws.com\/static\/2022\/08\/05062014\/00_marc_marquez_laguna_seca_sacacorchos_respol_honda_2103_rc213v_motogp_moto_93_ant-1.jpg 900w\"\n                data-src=\"https:\/\/bxrepsol.s3.eu-west-1.amazonaws.com\/static\/2022\/08\/05062014\/00_marc_marquez_laguna_seca_sacacorchos_respol_honda_2103_rc213v_motogp_moto_93_ant-1.jpg\"\n                alt=\"Laguna Seca, Marc M\u00e1rquez en el sacacorchos\"\n                title=\"Recordamos Laguna Seca, donde Marc M\u00e1rquez gan\u00f3 en 2013\"\/><br \/>\n            <noscript><img decoding=\"async\" src=\"https:\/\/bxrepsol.s3.eu-west-1.amazonaws.com\/static\/2022\/08\/05062014\/00_marc_marquez_laguna_seca_sacacorchos_respol_honda_2103_rc213v_motogp_moto_93_ant-1.jpg\" alt=\"Laguna Seca, Marc M\u00e1rquez en el sacacorchos\"><\/noscript>\n        <\/picture><figcaption>Laguna Seca, Marc M\u00e1rquez en el sacacorchos<\/figcaption><\/figure>\n<p><\/a><\/p>\n<h3>2013: adelantamiento en el \u2018Sacacorchos\u2019<\/h3>\n<p>La irrupci\u00f3n de Marc M\u00e1rquez en MotoGP fue toda una declaraci\u00f3n de intenciones. Tras conseguir la victoria en su segundo Gran Premio y convertirse en el piloto m\u00e1s joven de la historia en ganar una carrera de la categor\u00eda reina, <strong>Marc M\u00e1rquez puso su sello personal en el m\u00edtico circuito de <a href=\"https:\/\/www.boxrepsol.com\/es\/motogp\/recuerdas-laguna-seca-vertiginoso-sacacorchos\/\">Laguna Seca<\/a><\/strong>, en Estados Unidos. Emulando la maniobra que en 2008 protagoniz\u00f3 Valentino Rossi sobre Casey Stoner en la curva m\u00e1s emblem\u00e1tica del calendario, M\u00e1rquez repiti\u00f3 la acci\u00f3n y se hizo con el triunfo, demostrando que <strong>con apenas\u00a0 20 a\u00f1os estaba llamado a hacer historia<\/strong>.<\/p>\n<p><a href=\"https:\/\/bxrepsol.s3.eu-west-1.amazonaws.com\/static\/2022\/08\/05062015\/00_marquez_en_2014_10_victorias_seguidas.jpg\" \n   title=\"Marc M\u00e1rquez celebrando la victoria junto a bandera a cuadros\" \n   data-gallery-thumbnail=\"https:\/\/bxrepsol.s3.eu-west-1.amazonaws.com\/static\/2022\/08\/05062015\/00_marquez_en_2014_10_victorias_seguidas.jpg\"\n   data-gallery-title=\"\"\n   data-gallery><\/p>\n<figure>\n        <picture style=\"padding-bottom: 66.642857142857%; background-image: url(https:\/\/bxrepsol.s3.eu-west-1.amazonaws.com\/static\/2022\/08\/05062015\/00_marquez_en_2014_10_victorias_seguidas.jpg);\">\n            <img decoding=\"async\" src=\"https:\/\/bxrepsol.s3.eu-west-1.amazonaws.com\/static\/2022\/08\/05062015\/00_marquez_en_2014_10_victorias_seguidas.jpg\"><br \/>\n            <img itemprop=\"image\"\n                data-srcset=\"https:\/\/bxrepsol.s3.eu-west-1.amazonaws.com\/static\/2022\/08\/05062015\/00_marquez_en_2014_10_victorias_seguidas.jpg 480w, https:\/\/bxrepsol.s3.eu-west-1.amazonaws.com\/static\/2022\/08\/05062015\/00_marquez_en_2014_10_victorias_seguidas.jpg 600w, https:\/\/bxrepsol.s3.eu-west-1.amazonaws.com\/static\/2022\/08\/05062015\/00_marquez_en_2014_10_victorias_seguidas.jpg 900w, https:\/\/bxrepsol.s3.eu-west-1.amazonaws.com\/static\/2022\/08\/05062015\/00_marquez_en_2014_10_victorias_seguidas.jpg 1280w\"\n                data-src=\"https:\/\/bxrepsol.s3.eu-west-1.amazonaws.com\/static\/2022\/08\/05062015\/00_marquez_en_2014_10_victorias_seguidas.jpg\"\n                alt=\"Marc M\u00e1rquez celebrando la victoria junto a bandera a cuadros\"\n                title=\"Marc M\u00e1rquez celebra de pie sobre la moto\"\/><br \/>\n            <noscript><img decoding=\"async\" src=\"https:\/\/bxrepsol.s3.eu-west-1.amazonaws.com\/static\/2022\/08\/05062015\/00_marquez_en_2014_10_victorias_seguidas.jpg\" alt=\"Marc M\u00e1rquez celebrando la victoria junto a bandera a cuadros\"><\/noscript>\n        <\/picture><figcaption>Marc M\u00e1rquez celebrando la victoria junto a bandera a cuadros<\/figcaption><\/figure>\n<p><\/a><\/p>\n<h3>2014: diez victorias seguidas<\/h3>\n<p>El segundo t\u00edtulo de Marc M\u00e1rquez en MotoGP, cuarto de su palmar\u00e9s, lleg\u00f3 tras una impresionante <strong>racha de diez victorias seguidas<\/strong> en las diez primeras carreras de la temporada. El hist\u00f3rico circuito de Indian\u00e1polis fue el escenario en el que una vez m\u00e1s, Marc M\u00e1rquez escrib\u00eda su nombre en los libros de historia del motociclismo como el primer piloto que lograba <strong>10 triunfos consecutivos<\/strong> desde Mick Doohan en 1997.<\/p>\n<p><a href=\"https:\/\/bxrepsol.s3.eu-west-1.amazonaws.com\/static\/2022\/08\/05062016\/00_marc_marquez_scooter_qatar_entrenamientos_motogp.jpg\" \n   title=\"Marc M\u00e1rquez en scooter blanca\" \n   data-gallery-thumbnail=\"https:\/\/bxrepsol.s3.eu-west-1.amazonaws.com\/static\/2022\/08\/05062016\/00_marc_marquez_scooter_qatar_entrenamientos_motogp.jpg\"\n   data-gallery-title=\"\"\n   data-gallery><\/p>\n<figure>\n        <picture style=\"padding-bottom: 60.185185185185%; background-image: url(https:\/\/bxrepsol.s3.eu-west-1.amazonaws.com\/static\/2022\/08\/05062016\/00_marc_marquez_scooter_qatar_entrenamientos_motogp.jpg);\">\n            <img decoding=\"async\" src=\"https:\/\/bxrepsol.s3.eu-west-1.amazonaws.com\/static\/2022\/08\/05062016\/00_marc_marquez_scooter_qatar_entrenamientos_motogp.jpg\"><br \/>\n            <img itemprop=\"image\"\n                data-srcset=\"https:\/\/bxrepsol.s3.eu-west-1.amazonaws.com\/static\/2022\/08\/05062016\/00_marc_marquez_scooter_qatar_entrenamientos_motogp.jpg 480w, https:\/\/bxrepsol.s3.eu-west-1.amazonaws.com\/static\/2022\/08\/05062016\/00_marc_marquez_scooter_qatar_entrenamientos_motogp.jpg 600w, https:\/\/bxrepsol.s3.eu-west-1.amazonaws.com\/static\/2022\/08\/05062016\/00_marc_marquez_scooter_qatar_entrenamientos_motogp.jpg 900w, https:\/\/bxrepsol.s3.eu-west-1.amazonaws.com\/static\/2022\/08\/05062016\/00_marc_marquez_scooter_qatar_entrenamientos_motogp.jpg 1280w\"\n                data-src=\"https:\/\/bxrepsol.s3.eu-west-1.amazonaws.com\/static\/2022\/08\/05062016\/00_marc_marquez_scooter_qatar_entrenamientos_motogp.jpg\"\n                alt=\"Marc M\u00e1rquez en scooter blanca\"\n                title=\"Marc M\u00e1rquez recorre el paddock en scooter durante unos entrenamientos\"\/><br \/>\n            <noscript><img decoding=\"async\" src=\"https:\/\/bxrepsol.s3.eu-west-1.amazonaws.com\/static\/2022\/08\/05062016\/00_marc_marquez_scooter_qatar_entrenamientos_motogp.jpg\" alt=\"Marc M\u00e1rquez en scooter blanca\"><\/noscript>\n        <\/picture><figcaption>Marc M\u00e1rquez en scooter blanca<\/figcaption><\/figure>\n<p><\/a><\/p>\n<h3>2016: una Q2 en\u00a0<em>scooter<\/em><\/h3>\n<p>Los entrenamientos cronometrados del Gran Premio de Holanda dejaron nuevamente al descubierto la ambici\u00f3n y el af\u00e1n competitivo de Marc M\u00e1rquez. En la Q2 y<strong> con el asfalto todav\u00eda mojado<\/strong>, M\u00e1rquez tuvo una ca\u00edda en su primera vuelta lanzada que propici\u00f3 la imagen del d\u00eda: el piloto del equipo Repsol Honda por el vial de servicio y al manillar del\u00a0<em>scooter<\/em>\u00a0de un fot\u00f3grafo, para regresar lo antes posible a los boxes. <strong>Gracias a su acci\u00f3n, volvi\u00f3 a tiempo a pista con su segunda moto<\/strong> y complet\u00f3 dos vueltas lanzadas que le permitieron clasificarse cuarto.<\/p>\n<p><a href=\"https:\/\/bxrepsol.s3.eu-west-1.amazonaws.com\/static\/2022\/08\/05062017\/00_marc_marquez_podio_brno_2017_motogp_repsol_honda_93.jpg\" \n   title=\"Marc m\u00e1ruqez con trofeo se\u00f1alando al cielo\" \n   data-gallery-thumbnail=\"https:\/\/bxrepsol.s3.eu-west-1.amazonaws.com\/static\/2022\/08\/05062017\/00_marc_marquez_podio_brno_2017_motogp_repsol_honda_93.jpg\"\n   data-gallery-title=\"\"\n   data-gallery><\/p>\n<figure>\n        <picture style=\"padding-bottom: 66.666666666667%; background-image: url(https:\/\/bxrepsol.s3.eu-west-1.amazonaws.com\/static\/2022\/08\/05062017\/00_marc_marquez_podio_brno_2017_motogp_repsol_honda_93.jpg);\">\n            <img decoding=\"async\" src=\"https:\/\/bxrepsol.s3.eu-west-1.amazonaws.com\/static\/2022\/08\/05062017\/00_marc_marquez_podio_brno_2017_motogp_repsol_honda_93.jpg\"><br \/>\n            <img itemprop=\"image\"\n                data-srcset=\"https:\/\/bxrepsol.s3.eu-west-1.amazonaws.com\/static\/2022\/08\/05062017\/00_marc_marquez_podio_brno_2017_motogp_repsol_honda_93.jpg 480w, https:\/\/bxrepsol.s3.eu-west-1.amazonaws.com\/static\/2022\/08\/05062017\/00_marc_marquez_podio_brno_2017_motogp_repsol_honda_93.jpg 600w, https:\/\/bxrepsol.s3.eu-west-1.amazonaws.com\/static\/2022\/08\/05062017\/00_marc_marquez_podio_brno_2017_motogp_repsol_honda_93.jpg 900w, https:\/\/bxrepsol.s3.eu-west-1.amazonaws.com\/static\/2022\/08\/05062017\/00_marc_marquez_podio_brno_2017_motogp_repsol_honda_93.jpg 1280w\"\n                data-src=\"https:\/\/bxrepsol.s3.eu-west-1.amazonaws.com\/static\/2022\/08\/05062017\/00_marc_marquez_podio_brno_2017_motogp_repsol_honda_93.jpg\"\n                alt=\"Marc m\u00e1ruqez con trofeo se\u00f1alando al cielo\"\n                title=\"Marc M\u00e1rquez en el podio de Brno 2017\"\/><br \/>\n            <noscript><img decoding=\"async\" src=\"https:\/\/bxrepsol.s3.eu-west-1.amazonaws.com\/static\/2022\/08\/05062017\/00_marc_marquez_podio_brno_2017_motogp_repsol_honda_93.jpg\" alt=\"Marc m\u00e1ruqez con trofeo se\u00f1alando al cielo\"><\/noscript>\n        <\/picture><figcaption>Marc m\u00e1ruqez con trofeo se\u00f1alando al cielo<\/figcaption><\/figure>\n<p><\/a><\/p>\n<h3>2017: maestro de la estrategia<\/h3>\n<p>Desde que se cre\u00f3 el sistema\u00a0<em>flag to flag<\/em>\u00a0para no detener las carreras a causa de la lluvia, Marc M\u00e1rquez se ha erguido como el gran vencedor de este tipo de pruebas, gracias a actuaciones como la del <a href=\"https:\/\/www.boxrepsol.com\/es\/motogp\/nuevo-doblete-marquez-pedrosa-una-carrera-flag-to-flag\/\">Gran Premio de la Rep\u00fablica Checa<\/a> de 2017. El piloto del equipo Repsol Honda, viendo que el asfalto se secaba r\u00e1pidamente y sus neum\u00e1ticos no le ofrec\u00edan un agarre adecuado, no dud\u00f3 en ser el primero en cambiar de moto. A pesar de las zonas del circuito que todav\u00eda estaban h\u00famedas, pudo aprovechar su ventaja en las partes secas para asegurarse un importante triunfo en el ecuador de la temporada.<\/p>\n<p><a href=\"https:\/\/bxrepsol.s3.eu-west-1.amazonaws.com\/static\/2022\/08\/05062018\/00_marc_marquez_level7_campeon_del_mundo_motogp.jpg\" \n   title=\"Marc M\u00e1rquez celebra con confeti de fondo y m\u00e1quina arcade\" \n   data-gallery-thumbnail=\"https:\/\/bxrepsol.s3.eu-west-1.amazonaws.com\/static\/2022\/08\/05062018\/00_marc_marquez_level7_campeon_del_mundo_motogp.jpg\"\n   data-gallery-title=\"\"\n   data-gallery><\/p>\n<figure>\n        <picture style=\"padding-bottom: 66.69387755102%; background-image: url(https:\/\/bxrepsol.s3.eu-west-1.amazonaws.com\/static\/2022\/08\/05062018\/00_marc_marquez_level7_campeon_del_mundo_motogp.jpg);\">\n            <img decoding=\"async\" src=\"https:\/\/bxrepsol.s3.eu-west-1.amazonaws.com\/static\/2022\/08\/05062018\/00_marc_marquez_level7_campeon_del_mundo_motogp.jpg\"><br \/>\n            <img itemprop=\"image\"\n                data-srcset=\"https:\/\/bxrepsol.s3.eu-west-1.amazonaws.com\/static\/2022\/08\/05062018\/00_marc_marquez_level7_campeon_del_mundo_motogp.jpg 480w, https:\/\/bxrepsol.s3.eu-west-1.amazonaws.com\/static\/2022\/08\/05062018\/00_marc_marquez_level7_campeon_del_mundo_motogp.jpg 600w, https:\/\/bxrepsol.s3.eu-west-1.amazonaws.com\/static\/2022\/08\/05062018\/00_marc_marquez_level7_campeon_del_mundo_motogp.jpg 900w\"\n                data-src=\"https:\/\/bxrepsol.s3.eu-west-1.amazonaws.com\/static\/2022\/08\/05062018\/00_marc_marquez_level7_campeon_del_mundo_motogp.jpg\"\n                alt=\"Marc M\u00e1rquez celebra con confeti de fondo y m\u00e1quina arcade\"\n                title=\"Marc M\u00e1rquez celebra su 7\u00ba T\u00edtulo Mundial\"\/><br \/>\n            <noscript><img decoding=\"async\" src=\"https:\/\/bxrepsol.s3.eu-west-1.amazonaws.com\/static\/2022\/08\/05062018\/00_marc_marquez_level7_campeon_del_mundo_motogp.jpg\" alt=\"Marc M\u00e1rquez celebra con confeti de fondo y m\u00e1quina arcade\"><\/noscript>\n        <\/picture><figcaption>Marc M\u00e1rquez celebra con confeti de fondo y m\u00e1quina arcade<\/figcaption><\/figure>\n<p><\/a><\/p>\n<h3>2018: siete veces Campe\u00f3n del Mundo<\/h3>\n<p>Este mismo a\u00f1o, Marc M\u00e1rquez ha vuelto a escribir su nombre en los libros de los r\u00e9cords al sumar su s\u00e9ptimo Campeonato del Mundo. Desde que se adjudicase el t\u00edtulo de 125 c.c. en 2010 y el de Moto2 en 2012, <strong>su llegada a MotoGP le ha convertido en una figura del deporte a nivel mundial<\/strong>, tras ganar cinco coronas en las \u00faltimas seis temporadas. El pasado domingo, en el Gran Premio del Jap\u00f3n, el piloto del equipo Repsol Honda <strong>aprovech\u00f3 su primera oportunidad matem\u00e1tica para celebrar el t\u00edtulo de la mejor manera posible: logrando la victoria<\/strong>.<\/p>\n","protected":false},"excerpt":{"rendered":"<p>El piloto del equipo Repsol Honda no ha dejado de batir r\u00e9cords y regalar im\u00e1genes memorables en los siete Campeonatos del Mundo que ha conseguido.<\/p>\n","protected":false},"author":43146,"featured_media":59750,"comment_status":"open","ping_status":"open","sticky":false,"template":"","format":"standard","meta":{"footnotes":""},"categories":[4],"tags":[6],"class_list":["post-93486","post","type-post","status-publish","format-standard","hentry","category-motogp","tag-marc-marquez"],"yoast_head":"<!-- This site is optimized with the Yoast SEO plugin v27.3 - https:\/\/yoast.com\/product\/yoast-seo-wordpress\/ -->\n<title>La magia de Marc M\u00e1rquez en siete im\u00e1genes - Box Repsol<\/title>\n<meta name=\"description\" content=\"El piloto del equipo Repsol Honda no ha dejado de batir r\u00e9cords y regalar im\u00e1genes memorables en los siete Campeonatos del Mundo que ha conseguido.\" \/>\n<link rel=\"canonical\" href=\"https:\/\/www.boxrepsol.com\/es\/motogp\/la-magia-marc-marquez-siete-imagenes\/\" \/>\n<meta property=\"og:locale\" content=\"es_ES\" \/>\n<meta property=\"og:type\" content=\"article\" \/>\n<meta property=\"og:title\" content=\"La magia de Marc M\u00e1rquez en siete im\u00e1genes - Box Repsol\" \/>\n<meta property=\"og:description\" content=\"El piloto del equipo Repsol Honda no ha dejado de batir r\u00e9cords y regalar im\u00e1genes memorables en los siete Campeonatos del Mundo que ha conseguido.\" \/>\n<meta property=\"og:url\" content=\"https:\/\/www.boxrepsol.com\/es\/motogp\/la-magia-marc-marquez-siete-imagenes\/\" \/>\n<meta property=\"og:site_name\" content=\"Box Repsol\" \/>\n<meta property=\"article:publisher\" content=\"https:\/\/www.facebook.com\/BoxRepsol\" \/>\n<meta property=\"article:author\" content=\"https:\/\/www.facebook.com\/BoxRepsol\/\" \/>\n<meta property=\"article:published_time\" content=\"2018-10-23T02:00:00+00:00\" \/>\n<meta property=\"article:modified_time\" content=\"2024-05-22T10:33:03+00:00\" \/>\n<meta property=\"og:image\" content=\"https:\/\/bxrepsol.s3.eu-west-1.amazonaws.com\/static\/2022\/08\/29083145\/00_composicion_marquez_7_imagenes.jpg\" \/>\n\t<meta property=\"og:image:width\" content=\"1024\" \/>\n\t<meta property=\"og:image:height\" content=\"589\" \/>\n\t<meta property=\"og:image:type\" content=\"image\/jpeg\" \/>\n<meta name=\"author\" content=\"Redacci\u00f3n Box Repsol\" \/>\n<meta name=\"twitter:card\" content=\"summary_large_image\" \/>\n<meta name=\"twitter:creator\" content=\"@https:\/\/twitter.com\/box_repsol\" \/>\n<meta name=\"twitter:site\" content=\"@box_repsol\" \/>\n<meta name=\"twitter:label1\" content=\"Written by\" \/>\n\t<meta name=\"twitter:data1\" content=\"Redacci\u00f3n Box Repsol\" \/>\n\t<meta name=\"twitter:label2\" content=\"Est. reading time\" \/>\n\t<meta name=\"twitter:data2\" content=\"4 minutos\" \/>\n<script type=\"application\/ld+json\" class=\"yoast-schema-graph\">{\"@context\":\"https:\\\/\\\/schema.org\",\"@graph\":[{\"@type\":\"Article\",\"@id\":\"https:\\\/\\\/www.boxrepsol.com\\\/es\\\/motogp\\\/la-magia-marc-marquez-siete-imagenes\\\/#article\",\"isPartOf\":{\"@id\":\"https:\\\/\\\/www.boxrepsol.com\\\/es\\\/motogp\\\/la-magia-marc-marquez-siete-imagenes\\\/\"},\"author\":{\"name\":\"Redacci\u00f3n Box Repsol\",\"@id\":\"https:\\\/\\\/www.boxrepsol.com\\\/es\\\/#\\\/schema\\\/person\\\/c5c2138f2cca251b0ad92b7086bb60b7\"},\"headline\":\"La magia de Marc M\u00e1rquez en siete im\u00e1genes\",\"datePublished\":\"2018-10-23T02:00:00+00:00\",\"dateModified\":\"2024-05-22T10:33:03+00:00\",\"mainEntityOfPage\":{\"@id\":\"https:\\\/\\\/www.boxrepsol.com\\\/es\\\/motogp\\\/la-magia-marc-marquez-siete-imagenes\\\/\"},\"wordCount\":883,\"commentCount\":0,\"publisher\":{\"@id\":\"https:\\\/\\\/www.boxrepsol.com\\\/es\\\/#organization\"},\"image\":{\"@id\":\"https:\\\/\\\/www.boxrepsol.com\\\/es\\\/motogp\\\/la-magia-marc-marquez-siete-imagenes\\\/#primaryimage\"},\"thumbnailUrl\":\"https:\\\/\\\/bxrepsol.s3.eu-west-1.amazonaws.com\\\/static\\\/2022\\\/08\\\/29083145\\\/00_composicion_marquez_7_imagenes.jpg\",\"keywords\":[\"Marc M\u00e1rquez\"],\"articleSection\":[\"MotoGP\"],\"inLanguage\":\"es\",\"potentialAction\":[{\"@type\":\"CommentAction\",\"name\":\"Comment\",\"target\":[\"https:\\\/\\\/www.boxrepsol.com\\\/es\\\/motogp\\\/la-magia-marc-marquez-siete-imagenes\\\/#respond\"]}]},{\"@type\":\"WebPage\",\"@id\":\"https:\\\/\\\/www.boxrepsol.com\\\/es\\\/motogp\\\/la-magia-marc-marquez-siete-imagenes\\\/\",\"url\":\"https:\\\/\\\/www.boxrepsol.com\\\/es\\\/motogp\\\/la-magia-marc-marquez-siete-imagenes\\\/\",\"name\":\"La magia de Marc M\u00e1rquez en siete im\u00e1genes - Box Repsol\",\"isPartOf\":{\"@id\":\"https:\\\/\\\/www.boxrepsol.com\\\/es\\\/#website\"},\"primaryImageOfPage\":{\"@id\":\"https:\\\/\\\/www.boxrepsol.com\\\/es\\\/motogp\\\/la-magia-marc-marquez-siete-imagenes\\\/#primaryimage\"},\"image\":{\"@id\":\"https:\\\/\\\/www.boxrepsol.com\\\/es\\\/motogp\\\/la-magia-marc-marquez-siete-imagenes\\\/#primaryimage\"},\"thumbnailUrl\":\"https:\\\/\\\/bxrepsol.s3.eu-west-1.amazonaws.com\\\/static\\\/2022\\\/08\\\/29083145\\\/00_composicion_marquez_7_imagenes.jpg\",\"datePublished\":\"2018-10-23T02:00:00+00:00\",\"dateModified\":\"2024-05-22T10:33:03+00:00\",\"description\":\"El piloto del equipo Repsol Honda no ha dejado de batir r\u00e9cords y regalar im\u00e1genes memorables en los siete Campeonatos del Mundo que ha conseguido.\",\"breadcrumb\":{\"@id\":\"https:\\\/\\\/www.boxrepsol.com\\\/es\\\/motogp\\\/la-magia-marc-marquez-siete-imagenes\\\/#breadcrumb\"},\"inLanguage\":\"es\",\"potentialAction\":[{\"@type\":\"ReadAction\",\"target\":[\"https:\\\/\\\/www.boxrepsol.com\\\/es\\\/motogp\\\/la-magia-marc-marquez-siete-imagenes\\\/\"]}]},{\"@type\":\"ImageObject\",\"inLanguage\":\"es\",\"@id\":\"https:\\\/\\\/www.boxrepsol.com\\\/es\\\/motogp\\\/la-magia-marc-marquez-siete-imagenes\\\/#primaryimage\",\"url\":\"https:\\\/\\\/bxrepsol.s3.eu-west-1.amazonaws.com\\\/static\\\/2022\\\/08\\\/29083145\\\/00_composicion_marquez_7_imagenes.jpg\",\"contentUrl\":\"https:\\\/\\\/bxrepsol.s3.eu-west-1.amazonaws.com\\\/static\\\/2022\\\/08\\\/29083145\\\/00_composicion_marquez_7_imagenes.jpg\",\"width\":1024,\"height\":589,\"caption\":\"Composici\u00f3n Marc M\u00e1rquez Level7\"},{\"@type\":\"BreadcrumbList\",\"@id\":\"https:\\\/\\\/www.boxrepsol.com\\\/es\\\/motogp\\\/la-magia-marc-marquez-siete-imagenes\\\/#breadcrumb\",\"itemListElement\":[{\"@type\":\"ListItem\",\"position\":1,\"name\":\"Home\",\"item\":\"https:\\\/\\\/www.boxrepsol.com\\\/es\\\/\"},{\"@type\":\"ListItem\",\"position\":2,\"name\":\"La magia de Marc M\u00e1rquez en siete im\u00e1genes\"}]},{\"@type\":\"WebSite\",\"@id\":\"https:\\\/\\\/www.boxrepsol.com\\\/es\\\/#website\",\"url\":\"https:\\\/\\\/www.boxrepsol.com\\\/es\\\/\",\"name\":\"Box Repsol\",\"description\":\"Box Repsol Site\",\"publisher\":{\"@id\":\"https:\\\/\\\/www.boxrepsol.com\\\/es\\\/#organization\"},\"potentialAction\":[{\"@type\":\"SearchAction\",\"target\":{\"@type\":\"EntryPoint\",\"urlTemplate\":\"https:\\\/\\\/www.boxrepsol.com\\\/es\\\/?s={search_term_string}\"},\"query-input\":{\"@type\":\"PropertyValueSpecification\",\"valueRequired\":true,\"valueName\":\"search_term_string\"}}],\"inLanguage\":\"es\"},{\"@type\":\"Organization\",\"@id\":\"https:\\\/\\\/www.boxrepsol.com\\\/es\\\/#organization\",\"name\":\"Box Repsol\",\"url\":\"https:\\\/\\\/www.boxrepsol.com\\\/es\\\/\",\"logo\":{\"@type\":\"ImageObject\",\"inLanguage\":\"es\",\"@id\":\"https:\\\/\\\/www.boxrepsol.com\\\/es\\\/#\\\/schema\\\/logo\\\/image\\\/\",\"url\":\"https:\\\/\\\/bxrepsol.s3.eu-west-1.amazonaws.com\\\/static\\\/2025\\\/07\\\/30083337\\\/favicon-96x96-1.png\",\"contentUrl\":\"https:\\\/\\\/bxrepsol.s3.eu-west-1.amazonaws.com\\\/static\\\/2025\\\/07\\\/30083337\\\/favicon-96x96-1.png\",\"width\":96,\"height\":96,\"caption\":\"Box Repsol\"},\"image\":{\"@id\":\"https:\\\/\\\/www.boxrepsol.com\\\/es\\\/#\\\/schema\\\/logo\\\/image\\\/\"},\"sameAs\":[\"https:\\\/\\\/www.facebook.com\\\/BoxRepsol\",\"https:\\\/\\\/x.com\\\/box_repsol\",\"http:\\\/\\\/instagram.com\\\/box_repsol\",\"https:\\\/\\\/www.youtube.com\\\/user\\\/RepsolCompeticion\",\"https:\\\/\\\/www.flickr.com\\\/photos\\\/box_repsol\\\/\"]},{\"@type\":\"Person\",\"@id\":\"https:\\\/\\\/www.boxrepsol.com\\\/es\\\/#\\\/schema\\\/person\\\/c5c2138f2cca251b0ad92b7086bb60b7\",\"name\":\"Redacci\u00f3n Box Repsol\",\"image\":{\"@type\":\"ImageObject\",\"inLanguage\":\"es\",\"@id\":\"https:\\\/\\\/secure.gravatar.com\\\/avatar\\\/adf7b77e38b4419baf32c7e9c21dde01f4e40df611f0978e3006fc4ba0aaab7e?s=96&d=mm&r=g\",\"url\":\"https:\\\/\\\/secure.gravatar.com\\\/avatar\\\/adf7b77e38b4419baf32c7e9c21dde01f4e40df611f0978e3006fc4ba0aaab7e?s=96&d=mm&r=g\",\"contentUrl\":\"https:\\\/\\\/secure.gravatar.com\\\/avatar\\\/adf7b77e38b4419baf32c7e9c21dde01f4e40df611f0978e3006fc4ba0aaab7e?s=96&d=mm&r=g\",\"caption\":\"Redacci\u00f3n Box Repsol\"},\"description\":\"Box Repsol lo forma un equipo de periodistas, community managers, dise\u00f1adores y fot\u00f3grafos con m\u00e1s de 20 a\u00f1os de experiencia en el mundo del motorsport. Hemos vivido el primer mundial de un espa\u00f1ol en la categor\u00eda reina de motociclismo con \u00c1lex Crivill\u00e9, estuvimos en las victorias de Pedrosa y los t\u00edtulos de M\u00e1rquez, acompa\u00f1amos en \u00c1frica a Nani Roma y Marc Coma en sus conquistas del Dakar y hemos vibrado con los t\u00edtulos de Toni Bou en Trial. Adem\u00e1s, en nuestro equipo contamos con expertos en el mundo de las dos y cuatro ruedas tanto de la calle y las carreteras, como de los circuitos. Periodistas que han trabajado en revistas y publicaciones para hacerte llegar desde rutas y consejos de mantenimiento, a curiosidades y trucos de pilotaje.\",\"sameAs\":[\"https:\\\/\\\/www.facebook.com\\\/BoxRepsol\\\/\",\"https:\\\/\\\/www.instagram.com\\\/box_repsol\\\/\",\"https:\\\/\\\/x.com\\\/https:\\\/\\\/twitter.com\\\/box_repsol\",\"https:\\\/\\\/www.youtube.com\\\/@Boxrepsol\"],\"url\":\"https:\\\/\\\/www.boxrepsol.com\\\/es\\\/author\\\/redaccion-box-repsol\\\/\"}]}<\/script>\n<!-- \/ Yoast SEO plugin. -->","yoast_head_json":{"title":"La magia de Marc M\u00e1rquez en siete im\u00e1genes - Box Repsol","description":"El piloto del equipo Repsol Honda no ha dejado de batir r\u00e9cords y regalar im\u00e1genes memorables en los siete Campeonatos del Mundo que ha conseguido.","canonical":"https:\/\/www.boxrepsol.com\/es\/motogp\/la-magia-marc-marquez-siete-imagenes\/","og_locale":"es_ES","og_type":"article","og_title":"La magia de Marc M\u00e1rquez en siete im\u00e1genes - Box Repsol","og_description":"El piloto del equipo Repsol Honda no ha dejado de batir r\u00e9cords y regalar im\u00e1genes memorables en los siete Campeonatos del Mundo que ha conseguido.","og_url":"https:\/\/www.boxrepsol.com\/es\/motogp\/la-magia-marc-marquez-siete-imagenes\/","og_site_name":"Box Repsol","article_publisher":"https:\/\/www.facebook.com\/BoxRepsol","article_author":"https:\/\/www.facebook.com\/BoxRepsol\/","article_published_time":"2018-10-23T02:00:00+00:00","article_modified_time":"2024-05-22T10:33:03+00:00","og_image":[{"width":1024,"height":589,"url":"https:\/\/bxrepsol.s3.eu-west-1.amazonaws.com\/static\/2022\/08\/29083145\/00_composicion_marquez_7_imagenes.jpg","type":"image\/jpeg"}],"author":"Redacci\u00f3n Box Repsol","twitter_card":"summary_large_image","twitter_creator":"@https:\/\/twitter.com\/box_repsol","twitter_site":"@box_repsol","twitter_misc":{"Written by":"Redacci\u00f3n Box Repsol","Est. reading time":"4 minutos"},"schema":{"@context":"https:\/\/schema.org","@graph":[{"@type":"Article","@id":"https:\/\/www.boxrepsol.com\/es\/motogp\/la-magia-marc-marquez-siete-imagenes\/#article","isPartOf":{"@id":"https:\/\/www.boxrepsol.com\/es\/motogp\/la-magia-marc-marquez-siete-imagenes\/"},"author":{"name":"Redacci\u00f3n Box Repsol","@id":"https:\/\/www.boxrepsol.com\/es\/#\/schema\/person\/c5c2138f2cca251b0ad92b7086bb60b7"},"headline":"La magia de Marc M\u00e1rquez en siete im\u00e1genes","datePublished":"2018-10-23T02:00:00+00:00","dateModified":"2024-05-22T10:33:03+00:00","mainEntityOfPage":{"@id":"https:\/\/www.boxrepsol.com\/es\/motogp\/la-magia-marc-marquez-siete-imagenes\/"},"wordCount":883,"commentCount":0,"publisher":{"@id":"https:\/\/www.boxrepsol.com\/es\/#organization"},"image":{"@id":"https:\/\/www.boxrepsol.com\/es\/motogp\/la-magia-marc-marquez-siete-imagenes\/#primaryimage"},"thumbnailUrl":"https:\/\/bxrepsol.s3.eu-west-1.amazonaws.com\/static\/2022\/08\/29083145\/00_composicion_marquez_7_imagenes.jpg","keywords":["Marc M\u00e1rquez"],"articleSection":["MotoGP"],"inLanguage":"es","potentialAction":[{"@type":"CommentAction","name":"Comment","target":["https:\/\/www.boxrepsol.com\/es\/motogp\/la-magia-marc-marquez-siete-imagenes\/#respond"]}]},{"@type":"WebPage","@id":"https:\/\/www.boxrepsol.com\/es\/motogp\/la-magia-marc-marquez-siete-imagenes\/","url":"https:\/\/www.boxrepsol.com\/es\/motogp\/la-magia-marc-marquez-siete-imagenes\/","name":"La magia de Marc M\u00e1rquez en siete im\u00e1genes - Box Repsol","isPartOf":{"@id":"https:\/\/www.boxrepsol.com\/es\/#website"},"primaryImageOfPage":{"@id":"https:\/\/www.boxrepsol.com\/es\/motogp\/la-magia-marc-marquez-siete-imagenes\/#primaryimage"},"image":{"@id":"https:\/\/www.boxrepsol.com\/es\/motogp\/la-magia-marc-marquez-siete-imagenes\/#primaryimage"},"thumbnailUrl":"https:\/\/bxrepsol.s3.eu-west-1.amazonaws.com\/static\/2022\/08\/29083145\/00_composicion_marquez_7_imagenes.jpg","datePublished":"2018-10-23T02:00:00+00:00","dateModified":"2024-05-22T10:33:03+00:00","description":"El piloto del equipo Repsol Honda no ha dejado de batir r\u00e9cords y regalar im\u00e1genes memorables en los siete Campeonatos del Mundo que ha conseguido.","breadcrumb":{"@id":"https:\/\/www.boxrepsol.com\/es\/motogp\/la-magia-marc-marquez-siete-imagenes\/#breadcrumb"},"inLanguage":"es","potentialAction":[{"@type":"ReadAction","target":["https:\/\/www.boxrepsol.com\/es\/motogp\/la-magia-marc-marquez-siete-imagenes\/"]}]},{"@type":"ImageObject","inLanguage":"es","@id":"https:\/\/www.boxrepsol.com\/es\/motogp\/la-magia-marc-marquez-siete-imagenes\/#primaryimage","url":"https:\/\/bxrepsol.s3.eu-west-1.amazonaws.com\/static\/2022\/08\/29083145\/00_composicion_marquez_7_imagenes.jpg","contentUrl":"https:\/\/bxrepsol.s3.eu-west-1.amazonaws.com\/static\/2022\/08\/29083145\/00_composicion_marquez_7_imagenes.jpg","width":1024,"height":589,"caption":"Composici\u00f3n Marc M\u00e1rquez Level7"},{"@type":"BreadcrumbList","@id":"https:\/\/www.boxrepsol.com\/es\/motogp\/la-magia-marc-marquez-siete-imagenes\/#breadcrumb","itemListElement":[{"@type":"ListItem","position":1,"name":"Home","item":"https:\/\/www.boxrepsol.com\/es\/"},{"@type":"ListItem","position":2,"name":"La magia de Marc M\u00e1rquez en siete im\u00e1genes"}]},{"@type":"WebSite","@id":"https:\/\/www.boxrepsol.com\/es\/#website","url":"https:\/\/www.boxrepsol.com\/es\/","name":"Box Repsol","description":"Box Repsol Site","publisher":{"@id":"https:\/\/www.boxrepsol.com\/es\/#organization"},"potentialAction":[{"@type":"SearchAction","target":{"@type":"EntryPoint","urlTemplate":"https:\/\/www.boxrepsol.com\/es\/?s={search_term_string}"},"query-input":{"@type":"PropertyValueSpecification","valueRequired":true,"valueName":"search_term_string"}}],"inLanguage":"es"},{"@type":"Organization","@id":"https:\/\/www.boxrepsol.com\/es\/#organization","name":"Box Repsol","url":"https:\/\/www.boxrepsol.com\/es\/","logo":{"@type":"ImageObject","inLanguage":"es","@id":"https:\/\/www.boxrepsol.com\/es\/#\/schema\/logo\/image\/","url":"https:\/\/bxrepsol.s3.eu-west-1.amazonaws.com\/static\/2025\/07\/30083337\/favicon-96x96-1.png","contentUrl":"https:\/\/bxrepsol.s3.eu-west-1.amazonaws.com\/static\/2025\/07\/30083337\/favicon-96x96-1.png","width":96,"height":96,"caption":"Box Repsol"},"image":{"@id":"https:\/\/www.boxrepsol.com\/es\/#\/schema\/logo\/image\/"},"sameAs":["https:\/\/www.facebook.com\/BoxRepsol","https:\/\/x.com\/box_repsol","http:\/\/instagram.com\/box_repsol","https:\/\/www.youtube.com\/user\/RepsolCompeticion","https:\/\/www.flickr.com\/photos\/box_repsol\/"]},{"@type":"Person","@id":"https:\/\/www.boxrepsol.com\/es\/#\/schema\/person\/c5c2138f2cca251b0ad92b7086bb60b7","name":"Redacci\u00f3n Box Repsol","image":{"@type":"ImageObject","inLanguage":"es","@id":"https:\/\/secure.gravatar.com\/avatar\/adf7b77e38b4419baf32c7e9c21dde01f4e40df611f0978e3006fc4ba0aaab7e?s=96&d=mm&r=g","url":"https:\/\/secure.gravatar.com\/avatar\/adf7b77e38b4419baf32c7e9c21dde01f4e40df611f0978e3006fc4ba0aaab7e?s=96&d=mm&r=g","contentUrl":"https:\/\/secure.gravatar.com\/avatar\/adf7b77e38b4419baf32c7e9c21dde01f4e40df611f0978e3006fc4ba0aaab7e?s=96&d=mm&r=g","caption":"Redacci\u00f3n Box Repsol"},"description":"Box Repsol lo forma un equipo de periodistas, community managers, dise\u00f1adores y fot\u00f3grafos con m\u00e1s de 20 a\u00f1os de experiencia en el mundo del motorsport. Hemos vivido el primer mundial de un espa\u00f1ol en la categor\u00eda reina de motociclismo con \u00c1lex Crivill\u00e9, estuvimos en las victorias de Pedrosa y los t\u00edtulos de M\u00e1rquez, acompa\u00f1amos en \u00c1frica a Nani Roma y Marc Coma en sus conquistas del Dakar y hemos vibrado con los t\u00edtulos de Toni Bou en Trial. Adem\u00e1s, en nuestro equipo contamos con expertos en el mundo de las dos y cuatro ruedas tanto de la calle y las carreteras, como de los circuitos. Periodistas que han trabajado en revistas y publicaciones para hacerte llegar desde rutas y consejos de mantenimiento, a curiosidades y trucos de pilotaje.","sameAs":["https:\/\/www.facebook.com\/BoxRepsol\/","https:\/\/www.instagram.com\/box_repsol\/","https:\/\/x.com\/https:\/\/twitter.com\/box_repsol","https:\/\/www.youtube.com\/@Boxrepsol"],"url":"https:\/\/www.boxrepsol.com\/es\/author\/redaccion-box-repsol\/"}]}},"_links":{"self":[{"href":"https:\/\/www.boxrepsol.com\/es\/wp-json\/wp\/v2\/posts\/93486","targetHints":{"allow":["GET"]}}],"collection":[{"href":"https:\/\/www.boxrepsol.com\/es\/wp-json\/wp\/v2\/posts"}],"about":[{"href":"https:\/\/www.boxrepsol.com\/es\/wp-json\/wp\/v2\/types\/post"}],"author":[{"embeddable":true,"href":"https:\/\/www.boxrepsol.com\/es\/wp-json\/wp\/v2\/users\/43146"}],"replies":[{"embeddable":true,"href":"https:\/\/www.boxrepsol.com\/es\/wp-json\/wp\/v2\/comments?post=93486"}],"version-history":[{"count":1,"href":"https:\/\/www.boxrepsol.com\/es\/wp-json\/wp\/v2\/posts\/93486\/revisions"}],"predecessor-version":[{"id":93487,"href":"https:\/\/www.boxrepsol.com\/es\/wp-json\/wp\/v2\/posts\/93486\/revisions\/93487"}],"wp:featuredmedia":[{"embeddable":true,"href":"https:\/\/www.boxrepsol.com\/es\/wp-json\/wp\/v2\/media\/59750"}],"wp:attachment":[{"href":"https:\/\/www.boxrepsol.com\/es\/wp-json\/wp\/v2\/media?parent=93486"}],"wp:term":[{"taxonomy":"category","embeddable":true,"href":"https:\/\/www.boxrepsol.com\/es\/wp-json\/wp\/v2\/categories?post=93486"},{"taxonomy":"post_tag","embeddable":true,"href":"https:\/\/www.boxrepsol.com\/es\/wp-json\/wp\/v2\/tags?post=93486"}],"curies":[{"name":"wp","href":"https:\/\/api.w.org\/{rel}","templated":true}]}}