{"id":93484,"date":"2018-10-23T00:00:00","date_gmt":"2018-10-23T02:00:00","guid":{"rendered":"http:\/\/pre.boxrepsol.com\/sin-categorizar\/repsol-honda-llega-australia-mundial-decidido\/"},"modified":"2024-10-09T11:42:54","modified_gmt":"2024-10-09T13:42:54","slug":"repsol-honda-llega-australia-mundial-decidido","status":"publish","type":"post","link":"https:\/\/www.boxrepsol.com\/es\/motogp\/repsol-honda-llega-australia-mundial-decidido\/","title":{"rendered":"Repsol Honda busca revalidar la victoria en el GP de Australia"},"content":{"rendered":"<p>En Australia, Marc M\u00e1rquez ha protagonizado carreras espectaculares en 2011, 2015 y 2017, aunque sufri\u00f3 sendas ca\u00eddas en 2014 y 2016 tras haberse proclamado Campe\u00f3n del Mundo en la carrera anterior en Motegi.<\/p>\n<p>El Campe\u00f3n del Mundo ha sumado cuatro \u2018pole positions\u2019 consecutivas en sus cuatro \u00faltimas visitas al trazado australiano.<\/p>\n<p>Desde su ca\u00edda en el Gran Premio de Italia, <strong>Marc M\u00e1rquez suma 9 podios consecutivos<\/strong>, de los cuales, <strong>cinco han sido victorias<\/strong>, las tres \u00faltimas de forma consecutiva.<\/p>\n<p><strong>Dani Pedrosa se proclam\u00f3 Campe\u00f3n del Mundo de 250cc en Phillip Island en 2004 y en 2005<\/strong>, y en MotoGP ha logrado subir al podio en 2009 y 2013.<\/p>\n<p><!-- Imagen relacionada --><br \/>\n<img loading=\"lazy\" decoding=\"async\" src=\"https:\/\/bxrepsol.s3.eu-west-1.amazonaws.com\/static\/2022\/08\/05062010\/00_motogp_dani_pedrosa_phillip_island_repsol_honda_gp_australia_2017-1.jpg\" alt=\"Dani Pedrosa rodando en circuito cerca del mar\" width=\"404\" height=\"336\" \/><br \/>\n<!-- Categor\u00eda --><br \/>\nMotoGP<br \/>\n<!-- T\u00edtulo --><\/p>\n<h3>Horarios GP de Australia de MotoGP 2018<\/h3>\n<p><!-- Fecha --><br \/>\nhace 1 hora<\/p>\n<h3>GP de Australia 2018 &#8211; Marc M\u00e1rquez y Dani Pedrosa<\/h3>\n<h4>#MM93<\/h4>\n<p><em><strong>Es una sensaci\u00f3n fant\u00e1stica llegar a Australia habiendo ganado ya el Mundial<\/strong>; tengo muchas ganas de disfrutar del final de la temporada. Adem\u00e1s, tambi\u00e9n est\u00e1n en juego los t\u00edtulos de constructores y equipos, as\u00ed que intentaremos mantener el nivel y ganar m\u00e1s carreras para lograr tambi\u00e9n estos objetivos, porque son importantes para Honda y para nosotros. <\/em><\/p>\n<p><em><strong>Me encanta Phillip Island<\/strong>: es un circuito muy r\u00e1pido y siempre favorece que se vean carreras con lucha hasta el final, que son espectaculares para los aficionados. S\u00f3lo espero que la meteorolog\u00eda sea buena, porque puede pasar de sol y calor a fr\u00edo y viento en cuesti\u00f3n de horas. De todos modos, veremos; por supuesto intentaremos estar delante y divertirnos.<\/em><\/p>\n<hr \/>\n<h4>#DP26<\/h4>\n<p><em>El de Phillip Island no es uno de mis circuitos favoritos, aunque tambi\u00e9n hemos podido conseguir algunos buenos resultados en el pasado. Sin embargo, m\u00e1s recientemente hemos sufrido para encontrar la mejor puesta a punto. <\/em><\/p>\n<p><em>Dicho esto, vamos a Australia pensando en gestionar el fin de semana de la mejor forma posible. Esperemos que haga buen tiempo y podamos aprovechar bien todas las sesiones, para preparar la carrera.<\/em><\/p>\n<p><strong>Suscr\u00edbete al bolet\u00edn de Box Repsol<\/strong><\/p>\n<p>Te contemos en exclusiva todas las noticias del Equipo Repsol, entrevistas, reportajes, v\u00eddeos, resultados de nuestros pilotos de <strong>MotoGP<\/strong>, <strong>Trial<\/strong>, <strong>FIM CEV Repsol<\/strong>, <strong>Rally<\/strong>, <strong>Red Bull Air Race<\/strong> y mucho m\u00e1s. <a href=\"https:\/\/www.boxrepsol.com\/es\/suscribete\/\">Suscr\u00edbete al bolet\u00edn de Box Repsol<\/a> y ent\u00e9rate de todas nuestras <strong>promociones<\/strong> y <strong>concursos<\/strong>.<\/p>\n","protected":false},"excerpt":{"rendered":"<p>La pr\u00f3xima cita de los pilotos del equipo Repsol Honda ser\u00e1 este mismo fin de semana en el circuito de Phillip Island, en el que M\u00e1rquez consegu\u00eda la victoria en 2017.<\/p>\n","protected":false},"author":43146,"featured_media":59746,"comment_status":"open","ping_status":"open","sticky":false,"template":"","format":"standard","meta":{"footnotes":""},"categories":[4],"tags":[139],"class_list":["post-93484","post","type-post","status-publish","format-standard","hentry","category-motogp","tag-motogp-australia"],"yoast_head":"<!-- This site is optimized with the Yoast SEO plugin v27.3 - https:\/\/yoast.com\/product\/yoast-seo-wordpress\/ -->\n<title>MotoGP GP de Australia 2018 - El GP de Australia recibe al reci\u00e9n coronado Marc M\u00e1rquez<\/title>\n<meta name=\"description\" content=\"La pr\u00f3xima cita de los pilotos del equipo Repsol Honda ser\u00e1 este fin de semana en el circuito de Phillip Island, uno de los m\u00e1s r\u00e1pidos del calendario.\" \/>\n<link rel=\"canonical\" href=\"https:\/\/www.boxrepsol.com\/es\/motogp\/repsol-honda-llega-australia-mundial-decidido\/\" \/>\n<meta property=\"og:locale\" content=\"es_ES\" \/>\n<meta property=\"og:type\" content=\"article\" \/>\n<meta property=\"og:title\" content=\"MotoGP GP de Australia 2018 - El GP de Australia recibe al reci\u00e9n coronado Marc M\u00e1rquez\" \/>\n<meta property=\"og:description\" content=\"La pr\u00f3xima cita de los pilotos del equipo Repsol Honda ser\u00e1 este fin de semana en el circuito de Phillip Island, uno de los m\u00e1s r\u00e1pidos del calendario.\" \/>\n<meta property=\"og:url\" content=\"https:\/\/www.boxrepsol.com\/es\/motogp\/repsol-honda-llega-australia-mundial-decidido\/\" \/>\n<meta property=\"og:site_name\" content=\"Box Repsol\" \/>\n<meta property=\"article:publisher\" content=\"https:\/\/www.facebook.com\/BoxRepsol\" \/>\n<meta property=\"article:author\" content=\"https:\/\/www.facebook.com\/BoxRepsol\/\" \/>\n<meta property=\"article:published_time\" content=\"2018-10-23T02:00:00+00:00\" \/>\n<meta property=\"article:modified_time\" content=\"2024-10-09T13:42:54+00:00\" \/>\n<meta property=\"og:image\" content=\"https:\/\/bxrepsol.s3.eu-west-1.amazonaws.com\/static\/2022\/08\/29083141\/00_dani_pedrosa_motogp_repsol_honda_phillip_island_gp_austria.jpg\" \/>\n\t<meta property=\"og:image:width\" content=\"1280\" \/>\n\t<meta property=\"og:image:height\" content=\"600\" \/>\n\t<meta property=\"og:image:type\" content=\"image\/jpeg\" \/>\n<meta name=\"author\" content=\"Redacci\u00f3n Box Repsol\" \/>\n<meta name=\"twitter:card\" content=\"summary_large_image\" \/>\n<meta name=\"twitter:creator\" content=\"@https:\/\/twitter.com\/box_repsol\" \/>\n<meta name=\"twitter:site\" content=\"@box_repsol\" \/>\n<meta name=\"twitter:label1\" content=\"Written by\" \/>\n\t<meta name=\"twitter:data1\" content=\"Redacci\u00f3n Box Repsol\" \/>\n\t<meta name=\"twitter:label2\" content=\"Est. reading time\" \/>\n\t<meta name=\"twitter:data2\" content=\"2 minutos\" \/>\n<script type=\"application\/ld+json\" class=\"yoast-schema-graph\">{\"@context\":\"https:\\\/\\\/schema.org\",\"@graph\":[{\"@type\":\"Article\",\"@id\":\"https:\\\/\\\/www.boxrepsol.com\\\/es\\\/motogp\\\/repsol-honda-llega-australia-mundial-decidido\\\/#article\",\"isPartOf\":{\"@id\":\"https:\\\/\\\/www.boxrepsol.com\\\/es\\\/motogp\\\/repsol-honda-llega-australia-mundial-decidido\\\/\"},\"author\":{\"name\":\"Redacci\u00f3n Box Repsol\",\"@id\":\"https:\\\/\\\/www.boxrepsol.com\\\/es\\\/#\\\/schema\\\/person\\\/c5c2138f2cca251b0ad92b7086bb60b7\"},\"headline\":\"Repsol Honda busca revalidar la victoria en el GP de Australia\",\"datePublished\":\"2018-10-23T02:00:00+00:00\",\"dateModified\":\"2024-10-09T13:42:54+00:00\",\"mainEntityOfPage\":{\"@id\":\"https:\\\/\\\/www.boxrepsol.com\\\/es\\\/motogp\\\/repsol-honda-llega-australia-mundial-decidido\\\/\"},\"wordCount\":394,\"commentCount\":0,\"publisher\":{\"@id\":\"https:\\\/\\\/www.boxrepsol.com\\\/es\\\/#organization\"},\"image\":{\"@id\":\"https:\\\/\\\/www.boxrepsol.com\\\/es\\\/motogp\\\/repsol-honda-llega-australia-mundial-decidido\\\/#primaryimage\"},\"thumbnailUrl\":\"https:\\\/\\\/bxrepsol.s3.eu-west-1.amazonaws.com\\\/static\\\/2022\\\/08\\\/29083141\\\/00_dani_pedrosa_motogp_repsol_honda_phillip_island_gp_austria.jpg\",\"keywords\":[\"MotoGP Australia\"],\"articleSection\":[\"MotoGP\"],\"inLanguage\":\"es\",\"potentialAction\":[{\"@type\":\"CommentAction\",\"name\":\"Comment\",\"target\":[\"https:\\\/\\\/www.boxrepsol.com\\\/es\\\/motogp\\\/repsol-honda-llega-australia-mundial-decidido\\\/#respond\"]}]},{\"@type\":\"WebPage\",\"@id\":\"https:\\\/\\\/www.boxrepsol.com\\\/es\\\/motogp\\\/repsol-honda-llega-australia-mundial-decidido\\\/\",\"url\":\"https:\\\/\\\/www.boxrepsol.com\\\/es\\\/motogp\\\/repsol-honda-llega-australia-mundial-decidido\\\/\",\"name\":\"MotoGP GP de Australia 2018 - El GP de Australia recibe al reci\u00e9n coronado Marc M\u00e1rquez\",\"isPartOf\":{\"@id\":\"https:\\\/\\\/www.boxrepsol.com\\\/es\\\/#website\"},\"primaryImageOfPage\":{\"@id\":\"https:\\\/\\\/www.boxrepsol.com\\\/es\\\/motogp\\\/repsol-honda-llega-australia-mundial-decidido\\\/#primaryimage\"},\"image\":{\"@id\":\"https:\\\/\\\/www.boxrepsol.com\\\/es\\\/motogp\\\/repsol-honda-llega-australia-mundial-decidido\\\/#primaryimage\"},\"thumbnailUrl\":\"https:\\\/\\\/bxrepsol.s3.eu-west-1.amazonaws.com\\\/static\\\/2022\\\/08\\\/29083141\\\/00_dani_pedrosa_motogp_repsol_honda_phillip_island_gp_austria.jpg\",\"datePublished\":\"2018-10-23T02:00:00+00:00\",\"dateModified\":\"2024-10-09T13:42:54+00:00\",\"description\":\"La pr\u00f3xima cita de los pilotos del equipo Repsol Honda ser\u00e1 este fin de semana en el circuito de Phillip Island, uno de los m\u00e1s r\u00e1pidos del calendario.\",\"breadcrumb\":{\"@id\":\"https:\\\/\\\/www.boxrepsol.com\\\/es\\\/motogp\\\/repsol-honda-llega-australia-mundial-decidido\\\/#breadcrumb\"},\"inLanguage\":\"es\",\"potentialAction\":[{\"@type\":\"ReadAction\",\"target\":[\"https:\\\/\\\/www.boxrepsol.com\\\/es\\\/motogp\\\/repsol-honda-llega-australia-mundial-decidido\\\/\"]}]},{\"@type\":\"ImageObject\",\"inLanguage\":\"es\",\"@id\":\"https:\\\/\\\/www.boxrepsol.com\\\/es\\\/motogp\\\/repsol-honda-llega-australia-mundial-decidido\\\/#primaryimage\",\"url\":\"https:\\\/\\\/bxrepsol.s3.eu-west-1.amazonaws.com\\\/static\\\/2022\\\/08\\\/29083141\\\/00_dani_pedrosa_motogp_repsol_honda_phillip_island_gp_austria.jpg\",\"contentUrl\":\"https:\\\/\\\/bxrepsol.s3.eu-west-1.amazonaws.com\\\/static\\\/2022\\\/08\\\/29083141\\\/00_dani_pedrosa_motogp_repsol_honda_phillip_island_gp_austria.jpg\",\"width\":1280,\"height\":600,\"caption\":\"Dani Pedrosa en cambio de rasante en Phillip Island\"},{\"@type\":\"BreadcrumbList\",\"@id\":\"https:\\\/\\\/www.boxrepsol.com\\\/es\\\/motogp\\\/repsol-honda-llega-australia-mundial-decidido\\\/#breadcrumb\",\"itemListElement\":[{\"@type\":\"ListItem\",\"position\":1,\"name\":\"Home\",\"item\":\"https:\\\/\\\/www.boxrepsol.com\\\/es\\\/\"},{\"@type\":\"ListItem\",\"position\":2,\"name\":\"Repsol Honda busca revalidar la victoria en el GP de Australia\"}]},{\"@type\":\"WebSite\",\"@id\":\"https:\\\/\\\/www.boxrepsol.com\\\/es\\\/#website\",\"url\":\"https:\\\/\\\/www.boxrepsol.com\\\/es\\\/\",\"name\":\"Box Repsol\",\"description\":\"Box Repsol Site\",\"publisher\":{\"@id\":\"https:\\\/\\\/www.boxrepsol.com\\\/es\\\/#organization\"},\"potentialAction\":[{\"@type\":\"SearchAction\",\"target\":{\"@type\":\"EntryPoint\",\"urlTemplate\":\"https:\\\/\\\/www.boxrepsol.com\\\/es\\\/?s={search_term_string}\"},\"query-input\":{\"@type\":\"PropertyValueSpecification\",\"valueRequired\":true,\"valueName\":\"search_term_string\"}}],\"inLanguage\":\"es\"},{\"@type\":\"Organization\",\"@id\":\"https:\\\/\\\/www.boxrepsol.com\\\/es\\\/#organization\",\"name\":\"Box Repsol\",\"url\":\"https:\\\/\\\/www.boxrepsol.com\\\/es\\\/\",\"logo\":{\"@type\":\"ImageObject\",\"inLanguage\":\"es\",\"@id\":\"https:\\\/\\\/www.boxrepsol.com\\\/es\\\/#\\\/schema\\\/logo\\\/image\\\/\",\"url\":\"https:\\\/\\\/bxrepsol.s3.eu-west-1.amazonaws.com\\\/static\\\/2025\\\/07\\\/30083337\\\/favicon-96x96-1.png\",\"contentUrl\":\"https:\\\/\\\/bxrepsol.s3.eu-west-1.amazonaws.com\\\/static\\\/2025\\\/07\\\/30083337\\\/favicon-96x96-1.png\",\"width\":96,\"height\":96,\"caption\":\"Box Repsol\"},\"image\":{\"@id\":\"https:\\\/\\\/www.boxrepsol.com\\\/es\\\/#\\\/schema\\\/logo\\\/image\\\/\"},\"sameAs\":[\"https:\\\/\\\/www.facebook.com\\\/BoxRepsol\",\"https:\\\/\\\/x.com\\\/box_repsol\",\"http:\\\/\\\/instagram.com\\\/box_repsol\",\"https:\\\/\\\/www.youtube.com\\\/user\\\/RepsolCompeticion\",\"https:\\\/\\\/www.flickr.com\\\/photos\\\/box_repsol\\\/\"]},{\"@type\":\"Person\",\"@id\":\"https:\\\/\\\/www.boxrepsol.com\\\/es\\\/#\\\/schema\\\/person\\\/c5c2138f2cca251b0ad92b7086bb60b7\",\"name\":\"Redacci\u00f3n Box Repsol\",\"image\":{\"@type\":\"ImageObject\",\"inLanguage\":\"es\",\"@id\":\"https:\\\/\\\/secure.gravatar.com\\\/avatar\\\/adf7b77e38b4419baf32c7e9c21dde01f4e40df611f0978e3006fc4ba0aaab7e?s=96&d=mm&r=g\",\"url\":\"https:\\\/\\\/secure.gravatar.com\\\/avatar\\\/adf7b77e38b4419baf32c7e9c21dde01f4e40df611f0978e3006fc4ba0aaab7e?s=96&d=mm&r=g\",\"contentUrl\":\"https:\\\/\\\/secure.gravatar.com\\\/avatar\\\/adf7b77e38b4419baf32c7e9c21dde01f4e40df611f0978e3006fc4ba0aaab7e?s=96&d=mm&r=g\",\"caption\":\"Redacci\u00f3n Box Repsol\"},\"description\":\"Box Repsol lo forma un equipo de periodistas, community managers, dise\u00f1adores y fot\u00f3grafos con m\u00e1s de 20 a\u00f1os de experiencia en el mundo del motorsport. Hemos vivido el primer mundial de un espa\u00f1ol en la categor\u00eda reina de motociclismo con \u00c1lex Crivill\u00e9, estuvimos en las victorias de Pedrosa y los t\u00edtulos de M\u00e1rquez, acompa\u00f1amos en \u00c1frica a Nani Roma y Marc Coma en sus conquistas del Dakar y hemos vibrado con los t\u00edtulos de Toni Bou en Trial. Adem\u00e1s, en nuestro equipo contamos con expertos en el mundo de las dos y cuatro ruedas tanto de la calle y las carreteras, como de los circuitos. Periodistas que han trabajado en revistas y publicaciones para hacerte llegar desde rutas y consejos de mantenimiento, a curiosidades y trucos de pilotaje.\",\"sameAs\":[\"https:\\\/\\\/www.facebook.com\\\/BoxRepsol\\\/\",\"https:\\\/\\\/www.instagram.com\\\/box_repsol\\\/\",\"https:\\\/\\\/x.com\\\/https:\\\/\\\/twitter.com\\\/box_repsol\",\"https:\\\/\\\/www.youtube.com\\\/@Boxrepsol\"],\"url\":\"https:\\\/\\\/www.boxrepsol.com\\\/es\\\/author\\\/redaccion-box-repsol\\\/\"}]}<\/script>\n<!-- \/ Yoast SEO plugin. -->","yoast_head_json":{"title":"MotoGP GP de Australia 2018 - El GP de Australia recibe al reci\u00e9n coronado Marc M\u00e1rquez","description":"La pr\u00f3xima cita de los pilotos del equipo Repsol Honda ser\u00e1 este fin de semana en el circuito de Phillip Island, uno de los m\u00e1s r\u00e1pidos del calendario.","canonical":"https:\/\/www.boxrepsol.com\/es\/motogp\/repsol-honda-llega-australia-mundial-decidido\/","og_locale":"es_ES","og_type":"article","og_title":"MotoGP GP de Australia 2018 - El GP de Australia recibe al reci\u00e9n coronado Marc M\u00e1rquez","og_description":"La pr\u00f3xima cita de los pilotos del equipo Repsol Honda ser\u00e1 este fin de semana en el circuito de Phillip Island, uno de los m\u00e1s r\u00e1pidos del calendario.","og_url":"https:\/\/www.boxrepsol.com\/es\/motogp\/repsol-honda-llega-australia-mundial-decidido\/","og_site_name":"Box Repsol","article_publisher":"https:\/\/www.facebook.com\/BoxRepsol","article_author":"https:\/\/www.facebook.com\/BoxRepsol\/","article_published_time":"2018-10-23T02:00:00+00:00","article_modified_time":"2024-10-09T13:42:54+00:00","og_image":[{"width":1280,"height":600,"url":"https:\/\/bxrepsol.s3.eu-west-1.amazonaws.com\/static\/2022\/08\/29083141\/00_dani_pedrosa_motogp_repsol_honda_phillip_island_gp_austria.jpg","type":"image\/jpeg"}],"author":"Redacci\u00f3n Box Repsol","twitter_card":"summary_large_image","twitter_creator":"@https:\/\/twitter.com\/box_repsol","twitter_site":"@box_repsol","twitter_misc":{"Written by":"Redacci\u00f3n Box Repsol","Est. reading time":"2 minutos"},"schema":{"@context":"https:\/\/schema.org","@graph":[{"@type":"Article","@id":"https:\/\/www.boxrepsol.com\/es\/motogp\/repsol-honda-llega-australia-mundial-decidido\/#article","isPartOf":{"@id":"https:\/\/www.boxrepsol.com\/es\/motogp\/repsol-honda-llega-australia-mundial-decidido\/"},"author":{"name":"Redacci\u00f3n Box Repsol","@id":"https:\/\/www.boxrepsol.com\/es\/#\/schema\/person\/c5c2138f2cca251b0ad92b7086bb60b7"},"headline":"Repsol Honda busca revalidar la victoria en el GP de Australia","datePublished":"2018-10-23T02:00:00+00:00","dateModified":"2024-10-09T13:42:54+00:00","mainEntityOfPage":{"@id":"https:\/\/www.boxrepsol.com\/es\/motogp\/repsol-honda-llega-australia-mundial-decidido\/"},"wordCount":394,"commentCount":0,"publisher":{"@id":"https:\/\/www.boxrepsol.com\/es\/#organization"},"image":{"@id":"https:\/\/www.boxrepsol.com\/es\/motogp\/repsol-honda-llega-australia-mundial-decidido\/#primaryimage"},"thumbnailUrl":"https:\/\/bxrepsol.s3.eu-west-1.amazonaws.com\/static\/2022\/08\/29083141\/00_dani_pedrosa_motogp_repsol_honda_phillip_island_gp_austria.jpg","keywords":["MotoGP Australia"],"articleSection":["MotoGP"],"inLanguage":"es","potentialAction":[{"@type":"CommentAction","name":"Comment","target":["https:\/\/www.boxrepsol.com\/es\/motogp\/repsol-honda-llega-australia-mundial-decidido\/#respond"]}]},{"@type":"WebPage","@id":"https:\/\/www.boxrepsol.com\/es\/motogp\/repsol-honda-llega-australia-mundial-decidido\/","url":"https:\/\/www.boxrepsol.com\/es\/motogp\/repsol-honda-llega-australia-mundial-decidido\/","name":"MotoGP GP de Australia 2018 - El GP de Australia recibe al reci\u00e9n coronado Marc M\u00e1rquez","isPartOf":{"@id":"https:\/\/www.boxrepsol.com\/es\/#website"},"primaryImageOfPage":{"@id":"https:\/\/www.boxrepsol.com\/es\/motogp\/repsol-honda-llega-australia-mundial-decidido\/#primaryimage"},"image":{"@id":"https:\/\/www.boxrepsol.com\/es\/motogp\/repsol-honda-llega-australia-mundial-decidido\/#primaryimage"},"thumbnailUrl":"https:\/\/bxrepsol.s3.eu-west-1.amazonaws.com\/static\/2022\/08\/29083141\/00_dani_pedrosa_motogp_repsol_honda_phillip_island_gp_austria.jpg","datePublished":"2018-10-23T02:00:00+00:00","dateModified":"2024-10-09T13:42:54+00:00","description":"La pr\u00f3xima cita de los pilotos del equipo Repsol Honda ser\u00e1 este fin de semana en el circuito de Phillip Island, uno de los m\u00e1s r\u00e1pidos del calendario.","breadcrumb":{"@id":"https:\/\/www.boxrepsol.com\/es\/motogp\/repsol-honda-llega-australia-mundial-decidido\/#breadcrumb"},"inLanguage":"es","potentialAction":[{"@type":"ReadAction","target":["https:\/\/www.boxrepsol.com\/es\/motogp\/repsol-honda-llega-australia-mundial-decidido\/"]}]},{"@type":"ImageObject","inLanguage":"es","@id":"https:\/\/www.boxrepsol.com\/es\/motogp\/repsol-honda-llega-australia-mundial-decidido\/#primaryimage","url":"https:\/\/bxrepsol.s3.eu-west-1.amazonaws.com\/static\/2022\/08\/29083141\/00_dani_pedrosa_motogp_repsol_honda_phillip_island_gp_austria.jpg","contentUrl":"https:\/\/bxrepsol.s3.eu-west-1.amazonaws.com\/static\/2022\/08\/29083141\/00_dani_pedrosa_motogp_repsol_honda_phillip_island_gp_austria.jpg","width":1280,"height":600,"caption":"Dani Pedrosa en cambio de rasante en Phillip Island"},{"@type":"BreadcrumbList","@id":"https:\/\/www.boxrepsol.com\/es\/motogp\/repsol-honda-llega-australia-mundial-decidido\/#breadcrumb","itemListElement":[{"@type":"ListItem","position":1,"name":"Home","item":"https:\/\/www.boxrepsol.com\/es\/"},{"@type":"ListItem","position":2,"name":"Repsol Honda busca revalidar la victoria en el GP de Australia"}]},{"@type":"WebSite","@id":"https:\/\/www.boxrepsol.com\/es\/#website","url":"https:\/\/www.boxrepsol.com\/es\/","name":"Box Repsol","description":"Box Repsol Site","publisher":{"@id":"https:\/\/www.boxrepsol.com\/es\/#organization"},"potentialAction":[{"@type":"SearchAction","target":{"@type":"EntryPoint","urlTemplate":"https:\/\/www.boxrepsol.com\/es\/?s={search_term_string}"},"query-input":{"@type":"PropertyValueSpecification","valueRequired":true,"valueName":"search_term_string"}}],"inLanguage":"es"},{"@type":"Organization","@id":"https:\/\/www.boxrepsol.com\/es\/#organization","name":"Box Repsol","url":"https:\/\/www.boxrepsol.com\/es\/","logo":{"@type":"ImageObject","inLanguage":"es","@id":"https:\/\/www.boxrepsol.com\/es\/#\/schema\/logo\/image\/","url":"https:\/\/bxrepsol.s3.eu-west-1.amazonaws.com\/static\/2025\/07\/30083337\/favicon-96x96-1.png","contentUrl":"https:\/\/bxrepsol.s3.eu-west-1.amazonaws.com\/static\/2025\/07\/30083337\/favicon-96x96-1.png","width":96,"height":96,"caption":"Box Repsol"},"image":{"@id":"https:\/\/www.boxrepsol.com\/es\/#\/schema\/logo\/image\/"},"sameAs":["https:\/\/www.facebook.com\/BoxRepsol","https:\/\/x.com\/box_repsol","http:\/\/instagram.com\/box_repsol","https:\/\/www.youtube.com\/user\/RepsolCompeticion","https:\/\/www.flickr.com\/photos\/box_repsol\/"]},{"@type":"Person","@id":"https:\/\/www.boxrepsol.com\/es\/#\/schema\/person\/c5c2138f2cca251b0ad92b7086bb60b7","name":"Redacci\u00f3n Box Repsol","image":{"@type":"ImageObject","inLanguage":"es","@id":"https:\/\/secure.gravatar.com\/avatar\/adf7b77e38b4419baf32c7e9c21dde01f4e40df611f0978e3006fc4ba0aaab7e?s=96&d=mm&r=g","url":"https:\/\/secure.gravatar.com\/avatar\/adf7b77e38b4419baf32c7e9c21dde01f4e40df611f0978e3006fc4ba0aaab7e?s=96&d=mm&r=g","contentUrl":"https:\/\/secure.gravatar.com\/avatar\/adf7b77e38b4419baf32c7e9c21dde01f4e40df611f0978e3006fc4ba0aaab7e?s=96&d=mm&r=g","caption":"Redacci\u00f3n Box Repsol"},"description":"Box Repsol lo forma un equipo de periodistas, community managers, dise\u00f1adores y fot\u00f3grafos con m\u00e1s de 20 a\u00f1os de experiencia en el mundo del motorsport. Hemos vivido el primer mundial de un espa\u00f1ol en la categor\u00eda reina de motociclismo con \u00c1lex Crivill\u00e9, estuvimos en las victorias de Pedrosa y los t\u00edtulos de M\u00e1rquez, acompa\u00f1amos en \u00c1frica a Nani Roma y Marc Coma en sus conquistas del Dakar y hemos vibrado con los t\u00edtulos de Toni Bou en Trial. Adem\u00e1s, en nuestro equipo contamos con expertos en el mundo de las dos y cuatro ruedas tanto de la calle y las carreteras, como de los circuitos. Periodistas que han trabajado en revistas y publicaciones para hacerte llegar desde rutas y consejos de mantenimiento, a curiosidades y trucos de pilotaje.","sameAs":["https:\/\/www.facebook.com\/BoxRepsol\/","https:\/\/www.instagram.com\/box_repsol\/","https:\/\/x.com\/https:\/\/twitter.com\/box_repsol","https:\/\/www.youtube.com\/@Boxrepsol"],"url":"https:\/\/www.boxrepsol.com\/es\/author\/redaccion-box-repsol\/"}]}},"_links":{"self":[{"href":"https:\/\/www.boxrepsol.com\/es\/wp-json\/wp\/v2\/posts\/93484","targetHints":{"allow":["GET"]}}],"collection":[{"href":"https:\/\/www.boxrepsol.com\/es\/wp-json\/wp\/v2\/posts"}],"about":[{"href":"https:\/\/www.boxrepsol.com\/es\/wp-json\/wp\/v2\/types\/post"}],"author":[{"embeddable":true,"href":"https:\/\/www.boxrepsol.com\/es\/wp-json\/wp\/v2\/users\/43146"}],"replies":[{"embeddable":true,"href":"https:\/\/www.boxrepsol.com\/es\/wp-json\/wp\/v2\/comments?post=93484"}],"version-history":[{"count":2,"href":"https:\/\/www.boxrepsol.com\/es\/wp-json\/wp\/v2\/posts\/93484\/revisions"}],"predecessor-version":[{"id":121017,"href":"https:\/\/www.boxrepsol.com\/es\/wp-json\/wp\/v2\/posts\/93484\/revisions\/121017"}],"wp:featuredmedia":[{"embeddable":true,"href":"https:\/\/www.boxrepsol.com\/es\/wp-json\/wp\/v2\/media\/59746"}],"wp:attachment":[{"href":"https:\/\/www.boxrepsol.com\/es\/wp-json\/wp\/v2\/media?parent=93484"}],"wp:term":[{"taxonomy":"category","embeddable":true,"href":"https:\/\/www.boxrepsol.com\/es\/wp-json\/wp\/v2\/categories?post=93484"},{"taxonomy":"post_tag","embeddable":true,"href":"https:\/\/www.boxrepsol.com\/es\/wp-json\/wp\/v2\/tags?post=93484"}],"curies":[{"name":"wp","href":"https:\/\/api.w.org\/{rel}","templated":true}]}}