{"id":93476,"date":"2018-10-21T00:00:00","date_gmt":"2018-10-21T02:00:00","guid":{"rendered":"http:\/\/pre.boxrepsol.com\/sin-categorizar\/victoria-titulo-marquez-japon\/"},"modified":"2024-05-22T08:33:58","modified_gmt":"2024-05-22T10:33:58","slug":"victoria-titulo-marquez-japon","status":"publish","type":"post","link":"https:\/\/www.boxrepsol.com\/es\/motogp\/victoria-titulo-marquez-japon\/","title":{"rendered":"Victoria y t\u00edtulo para M\u00e1rquez en Jap\u00f3n"},"content":{"rendered":"<p>Saliendo desde la sexta posici\u00f3n, <strong>M\u00e1rquez se ha situado tercero en la primera curva<\/strong> y segundo \u2013tras Dovizioso\u2013 antes de completar el primer giro.<\/p>\n<p>A cuatro vueltas del final, <strong>ha adelantado al italiano en la curva nueve y ha defendido la primera posici\u00f3n<\/strong> hasta provocar su error en la pen\u00faltima vuelta.<\/p>\n<p><strong>Dani Pedrosa<\/strong> ha ganado tres posiciones en la salida y<strong> se ha situado octavo<\/strong>, posici\u00f3n en la que ha cruzado la l\u00ednea de meta.<\/p>\n<p><a href=\"https:\/\/bxrepsol.s3.eu-west-1.amazonaws.com\/static\/2022\/08\/05061954\/00_marc_marquez_equipo_celebracion_level7_motogp_repsol_honda.jpg\" \n   title=\"Marc M\u00e1rquez celebra con su equipo\" \n   data-gallery-thumbnail=\"https:\/\/bxrepsol.s3.eu-west-1.amazonaws.com\/static\/2022\/08\/05061954\/00_marc_marquez_equipo_celebracion_level7_motogp_repsol_honda.jpg\"\n   data-gallery-title=\"\"\n   data-gallery><\/p>\n<figure>\n        <picture style=\"padding-bottom: 66.666666666667%; background-image: url(https:\/\/bxrepsol.s3.eu-west-1.amazonaws.com\/static\/2022\/08\/05061954\/00_marc_marquez_equipo_celebracion_level7_motogp_repsol_honda.jpg);\">\n            <img decoding=\"async\" src=\"https:\/\/bxrepsol.s3.eu-west-1.amazonaws.com\/static\/2022\/08\/05061954\/00_marc_marquez_equipo_celebracion_level7_motogp_repsol_honda.jpg\"><br \/>\n            <img itemprop=\"image\"\n                data-srcset=\"https:\/\/bxrepsol.s3.eu-west-1.amazonaws.com\/static\/2022\/08\/05061954\/00_marc_marquez_equipo_celebracion_level7_motogp_repsol_honda.jpg 480w, https:\/\/bxrepsol.s3.eu-west-1.amazonaws.com\/static\/2022\/08\/05061954\/00_marc_marquez_equipo_celebracion_level7_motogp_repsol_honda.jpg 600w, https:\/\/bxrepsol.s3.eu-west-1.amazonaws.com\/static\/2022\/08\/05061954\/00_marc_marquez_equipo_celebracion_level7_motogp_repsol_honda.jpg 900w, https:\/\/bxrepsol.s3.eu-west-1.amazonaws.com\/static\/2022\/08\/05061954\/00_marc_marquez_equipo_celebracion_level7_motogp_repsol_honda.jpg 1280w\"\n                data-src=\"https:\/\/bxrepsol.s3.eu-west-1.amazonaws.com\/static\/2022\/08\/05061954\/00_marc_marquez_equipo_celebracion_level7_motogp_repsol_honda.jpg\"\n                alt=\"Marc M\u00e1rquez celebra con su equipo\"\n                title=\"Marc m\u00e1rquez celebra con su equipo el 7\u00ba t\u00edtulo en el GP de Jap\u00f3n\"\/><br \/>\n            <noscript><img decoding=\"async\" src=\"https:\/\/bxrepsol.s3.eu-west-1.amazonaws.com\/static\/2022\/08\/05061954\/00_marc_marquez_equipo_celebracion_level7_motogp_repsol_honda.jpg\" alt=\"Marc M\u00e1rquez celebra con su equipo\"><\/noscript>\n        <\/picture><figcaption>Marc M\u00e1rquez celebra con su equipo<\/figcaption><\/figure>\n<p><\/a><\/p>\n<h3>MotoGP 2018 GP de Jap\u00f3n &#8211; Declaraciones<\/h3>\n<h3><a href=\"https:\/\/twitter.com\/hashtag\/MM93?src=hash\">Marc M\u00e1rquez<\/a><\/h3>\n<p><em>Me siento muy, muy bien. Dir\u00eda que es un sue\u00f1o hecho realidad, o mejor, estoy viviendo un sue\u00f1o. Es algo muy especial estar aqu\u00ed con mi equipo, toda la gente de Honda, de HRC y mi familia. Ha sido una gran temporada y despu\u00e9s de Arag\u00f3n empec\u00e9 a sentir, imaginar el t\u00edtulo, porque estaba muy cerca. <\/em><\/p>\n<p><em>Entonces me di cuenta de que ese no es mi estilo y que necesitaba una motivaci\u00f3n a\u00f1adida, que fue lograr el t\u00edtulo en mi primera oportunidad: en Motegi y ganando la carrera. En este circuito era complicado, pero parece que bajo presi\u00f3n piloto mejor. <\/em><\/p>\n<p><em>Hoy la carrera ha sido como esperaba. Estaba preparado para hacer una buena salida y realizar adelantamientos inmediatamente. Me he puesto segundo al final de la primera vuelta y he podido seguir a Andrea [Dovizioso] y quedarme con \u00e9l. He pensado que pod\u00eda adelantarlo antes de la \u00faltima vuelta, porque ve\u00eda que pod\u00eda dar un poco m\u00e1s de m\u00ed mismo. Estaba rodando muy r\u00e1pido, pero ha cometido un error y es una pena, porque merec\u00eda estar en el podio. Tambi\u00e9n lo merece Dani [Pedrosa], al menos una vez esta temporada.<\/em><\/p>\n<p><em>Cuando he cruzado la meta, he sentido una explosi\u00f3n de felicidad. Mi equipo hab\u00eda preparado esta celebraci\u00f3n, aunque no sab\u00eda nada del tema \u2013nunca quiero saberlo\u2013, pero creo que es porque sol\u00eda jugar mucho a videojuegos. Ahora toca celebrar este t\u00edtulo y disfrutar de las tres \u00faltimas carreras.<\/em><\/p>\n<p>                <!-- Imagen relacionada --><\/p>\n<p>                <!-- Categor\u00eda --><br \/>\n            MotoGP<br \/>\n        <!-- T\u00edtulo --><br \/>\n        <a href=\"https:\/\/www.boxrepsol.com\/es\/motogp\/level7-galeria-imagenes\/\"><\/p>\n<h3>#Level7 Galer\u00eda de im\u00e1genes<\/h3>\n<p>        <\/a><br \/>\n                    <!-- Fecha --><br \/>\n            hace 1 hora        <\/p>\n<h3><a href=\"https:\/\/twitter.com\/hashtag\/DP26?src=hash\">Dani Pedrosa<\/a><\/h3>\n<p><em>Hoy la carrera ha sido muy decepcionante, porque no he podido alcanzar el rendimiento que esperaba. No ten\u00eda las sensaciones id\u00f3neas en la moto y he sufrido mucho. Es una pena, porque este es un circuito y un lugar que me gustan mucho. De todos modos, esta es la situaci\u00f3n y debemos gestionarla tan bien como podamos. <\/em><\/p>\n<p><em><strong>Quiero felicitar a Marc, lo que ha hecho es incre\u00edble<\/strong>. Ha sido fuerte a lo largo de toda la temporada y apenas ha cometido unos pocos errores, ganando puntos siempre. Es un piloto que evoluciona constantemente y el equipo ha hecho un gran trabajo.<\/em><\/p>\n<hr \/>\n<h3>Bego\u00f1a Elices &#8211;\u00a0Directora General de Comunicaci\u00f3n y de Presidencia de Repsol<\/h3>\n<p><em>Marc [M\u00e1rquez] es un claro ejemplo de talento y constancia. En Repsol estamos muy orgullosos de haberle acompa\u00f1ado desde sus inicios, hace m\u00e1s de diez a\u00f1os. Esta temporada ha vuelto a demostrar que se puede rendir al m\u00e1ximo sin perder la sonrisa. Con este s\u00e9ptimo Campeonato del Mundo se consolida entre los grandes deportistas de todos los tiempos. \u00a1Felicidades a todo el equipo y, en especial, a Marc!<\/em><\/p>\n<hr \/>\n<h3>Yoshihige Nomura &#8211;\u00a0Presidente de HRC<\/h3>\n<p><em>A pesar de las expectativas y la presi\u00f3n de ganar su tercer t\u00edtulo consecutivo, Marc [M\u00e1rquez] ha fascinado a sus aficionados con otra actuaci\u00f3n espectacular a lo largo de toda la temporada. Le felicito por otro trabajo bien hecho. Tambi\u00e9n me gustar\u00eda dar las gracias al equipo que le ha apoyado, a nuestros patrocinadores y a los fans de MotoGP de todo el mundo por seguir este deporte.<\/em><\/p>\n<p>                <!-- Imagen relacionada --><br \/>\n        <img loading=\"lazy\" decoding=\"async\" width=\"404\" height=\"336\" src=\"https:\/\/bxrepsol.s3.eu-west-1.amazonaws.com\/static\/2022\/08\/05061951\/99_marc_marquez_equipo_repsol_7_mundiales_motogp-1.jpg\" alt=\"Marc con su equipo saludando sobre la moto\" \/><br \/>\n                <!-- Categor\u00eda --><br \/>\n            MotoGP<br \/>\n        <!-- T\u00edtulo --><br \/>\n        <a href=\"https:\/\/www.boxrepsol.com\/es\/motogp\/marc-marquez-repsol-campeones-del-mundo-motogp-2018\/\"><\/p>\n<h3>Marc M\u00e1rquez y Repsol, Campeones del Mundo de MotoGP 2018<\/h3>\n<p>        <\/a><br \/>\n                    <!-- Fecha --><br \/>\n            hace 1 hora<\/p>\n","protected":false},"excerpt":{"rendered":"<p>El piloto del equipo Repsol Honda logra su s\u00e9ptimo t\u00edtulo en casa de Honda, tras pasar a liderar la carrera y forzar el error de Dovizioso. Su compa\u00f1ero, Dani Pedrosa, ha terminado octavo.<\/p>\n","protected":false},"author":43146,"featured_media":59722,"comment_status":"open","ping_status":"open","sticky":false,"template":"","format":"standard","meta":{"footnotes":""},"categories":[4],"tags":[140],"class_list":["post-93476","post","type-post","status-publish","format-standard","hentry","category-motogp","tag-motogp-japon"],"yoast_head":"<!-- This site is optimized with the Yoast SEO plugin v27.3 - https:\/\/yoast.com\/product\/yoast-seo-wordpress\/ -->\n<title>Victoria y t\u00edtulo para Marc M\u00e1rquez en Jap\u00f3n - Box Repsol<\/title>\n<meta name=\"description\" content=\"El piloto del equipo Repsol Honda logra su s\u00e9ptimo t\u00edtulo en casa de Honda, tras pasar a liderar la carrera y forzar el error de Dovizioso.\" \/>\n<link rel=\"canonical\" href=\"https:\/\/www.boxrepsol.com\/es\/motogp\/victoria-titulo-marquez-japon\/\" \/>\n<meta property=\"og:locale\" content=\"es_ES\" \/>\n<meta property=\"og:type\" content=\"article\" \/>\n<meta property=\"og:title\" content=\"Victoria y t\u00edtulo para Marc M\u00e1rquez en Jap\u00f3n - Box Repsol\" \/>\n<meta property=\"og:description\" content=\"El piloto del equipo Repsol Honda logra su s\u00e9ptimo t\u00edtulo en casa de Honda, tras pasar a liderar la carrera y forzar el error de Dovizioso.\" \/>\n<meta property=\"og:url\" content=\"https:\/\/www.boxrepsol.com\/es\/motogp\/victoria-titulo-marquez-japon\/\" \/>\n<meta property=\"og:site_name\" content=\"Box Repsol\" \/>\n<meta property=\"article:publisher\" content=\"https:\/\/www.facebook.com\/BoxRepsol\" \/>\n<meta property=\"article:author\" content=\"https:\/\/www.facebook.com\/BoxRepsol\/\" \/>\n<meta property=\"article:published_time\" content=\"2018-10-21T02:00:00+00:00\" \/>\n<meta property=\"article:modified_time\" content=\"2024-05-22T10:33:58+00:00\" \/>\n<meta property=\"og:image\" content=\"https:\/\/bxrepsol.s3.eu-west-1.amazonaws.com\/static\/2022\/08\/29083127\/04_marc_marquez_campeon_del_mundo_casco_repsol_honda_motogp_gp_japon.jpg\" \/>\n\t<meta property=\"og:image:width\" content=\"1280\" \/>\n\t<meta property=\"og:image:height\" content=\"600\" \/>\n\t<meta property=\"og:image:type\" content=\"image\/jpeg\" \/>\n<meta name=\"author\" content=\"Redacci\u00f3n Box Repsol\" \/>\n<meta name=\"twitter:card\" content=\"summary_large_image\" \/>\n<meta name=\"twitter:creator\" content=\"@https:\/\/twitter.com\/box_repsol\" \/>\n<meta name=\"twitter:site\" content=\"@box_repsol\" \/>\n<meta name=\"twitter:label1\" content=\"Written by\" \/>\n\t<meta name=\"twitter:data1\" content=\"Redacci\u00f3n Box Repsol\" \/>\n\t<meta name=\"twitter:label2\" content=\"Est. reading time\" \/>\n\t<meta name=\"twitter:data2\" content=\"3 minutos\" \/>\n<script type=\"application\/ld+json\" class=\"yoast-schema-graph\">{\"@context\":\"https:\\\/\\\/schema.org\",\"@graph\":[{\"@type\":\"Article\",\"@id\":\"https:\\\/\\\/www.boxrepsol.com\\\/es\\\/motogp\\\/victoria-titulo-marquez-japon\\\/#article\",\"isPartOf\":{\"@id\":\"https:\\\/\\\/www.boxrepsol.com\\\/es\\\/motogp\\\/victoria-titulo-marquez-japon\\\/\"},\"author\":{\"name\":\"Redacci\u00f3n Box Repsol\",\"@id\":\"https:\\\/\\\/www.boxrepsol.com\\\/es\\\/#\\\/schema\\\/person\\\/c5c2138f2cca251b0ad92b7086bb60b7\"},\"headline\":\"Victoria y t\u00edtulo para M\u00e1rquez en Jap\u00f3n\",\"datePublished\":\"2018-10-21T02:00:00+00:00\",\"dateModified\":\"2024-05-22T10:33:58+00:00\",\"mainEntityOfPage\":{\"@id\":\"https:\\\/\\\/www.boxrepsol.com\\\/es\\\/motogp\\\/victoria-titulo-marquez-japon\\\/\"},\"wordCount\":666,\"commentCount\":0,\"publisher\":{\"@id\":\"https:\\\/\\\/www.boxrepsol.com\\\/es\\\/#organization\"},\"image\":{\"@id\":\"https:\\\/\\\/www.boxrepsol.com\\\/es\\\/motogp\\\/victoria-titulo-marquez-japon\\\/#primaryimage\"},\"thumbnailUrl\":\"https:\\\/\\\/bxrepsol.s3.eu-west-1.amazonaws.com\\\/static\\\/2022\\\/08\\\/29083127\\\/04_marc_marquez_campeon_del_mundo_casco_repsol_honda_motogp_gp_japon.jpg\",\"keywords\":[\"MotoGP Jap\u00f3n\"],\"articleSection\":[\"MotoGP\"],\"inLanguage\":\"es\",\"potentialAction\":[{\"@type\":\"CommentAction\",\"name\":\"Comment\",\"target\":[\"https:\\\/\\\/www.boxrepsol.com\\\/es\\\/motogp\\\/victoria-titulo-marquez-japon\\\/#respond\"]}]},{\"@type\":\"WebPage\",\"@id\":\"https:\\\/\\\/www.boxrepsol.com\\\/es\\\/motogp\\\/victoria-titulo-marquez-japon\\\/\",\"url\":\"https:\\\/\\\/www.boxrepsol.com\\\/es\\\/motogp\\\/victoria-titulo-marquez-japon\\\/\",\"name\":\"Victoria y t\u00edtulo para Marc M\u00e1rquez en Jap\u00f3n - Box Repsol\",\"isPartOf\":{\"@id\":\"https:\\\/\\\/www.boxrepsol.com\\\/es\\\/#website\"},\"primaryImageOfPage\":{\"@id\":\"https:\\\/\\\/www.boxrepsol.com\\\/es\\\/motogp\\\/victoria-titulo-marquez-japon\\\/#primaryimage\"},\"image\":{\"@id\":\"https:\\\/\\\/www.boxrepsol.com\\\/es\\\/motogp\\\/victoria-titulo-marquez-japon\\\/#primaryimage\"},\"thumbnailUrl\":\"https:\\\/\\\/bxrepsol.s3.eu-west-1.amazonaws.com\\\/static\\\/2022\\\/08\\\/29083127\\\/04_marc_marquez_campeon_del_mundo_casco_repsol_honda_motogp_gp_japon.jpg\",\"datePublished\":\"2018-10-21T02:00:00+00:00\",\"dateModified\":\"2024-05-22T10:33:58+00:00\",\"description\":\"El piloto del equipo Repsol Honda logra su s\u00e9ptimo t\u00edtulo en casa de Honda, tras pasar a liderar la carrera y forzar el error de Dovizioso.\",\"breadcrumb\":{\"@id\":\"https:\\\/\\\/www.boxrepsol.com\\\/es\\\/motogp\\\/victoria-titulo-marquez-japon\\\/#breadcrumb\"},\"inLanguage\":\"es\",\"potentialAction\":[{\"@type\":\"ReadAction\",\"target\":[\"https:\\\/\\\/www.boxrepsol.com\\\/es\\\/motogp\\\/victoria-titulo-marquez-japon\\\/\"]}]},{\"@type\":\"ImageObject\",\"inLanguage\":\"es\",\"@id\":\"https:\\\/\\\/www.boxrepsol.com\\\/es\\\/motogp\\\/victoria-titulo-marquez-japon\\\/#primaryimage\",\"url\":\"https:\\\/\\\/bxrepsol.s3.eu-west-1.amazonaws.com\\\/static\\\/2022\\\/08\\\/29083127\\\/04_marc_marquez_campeon_del_mundo_casco_repsol_honda_motogp_gp_japon.jpg\",\"contentUrl\":\"https:\\\/\\\/bxrepsol.s3.eu-west-1.amazonaws.com\\\/static\\\/2022\\\/08\\\/29083127\\\/04_marc_marquez_campeon_del_mundo_casco_repsol_honda_motogp_gp_japon.jpg\",\"width\":1280,\"height\":600,\"caption\":\"Marc M\u00e1rquez celebra junto a arcade #Level7\"},{\"@type\":\"BreadcrumbList\",\"@id\":\"https:\\\/\\\/www.boxrepsol.com\\\/es\\\/motogp\\\/victoria-titulo-marquez-japon\\\/#breadcrumb\",\"itemListElement\":[{\"@type\":\"ListItem\",\"position\":1,\"name\":\"Home\",\"item\":\"https:\\\/\\\/www.boxrepsol.com\\\/es\\\/\"},{\"@type\":\"ListItem\",\"position\":2,\"name\":\"Victoria y t\u00edtulo para M\u00e1rquez en Jap\u00f3n\"}]},{\"@type\":\"WebSite\",\"@id\":\"https:\\\/\\\/www.boxrepsol.com\\\/es\\\/#website\",\"url\":\"https:\\\/\\\/www.boxrepsol.com\\\/es\\\/\",\"name\":\"Box Repsol\",\"description\":\"Box Repsol Site\",\"publisher\":{\"@id\":\"https:\\\/\\\/www.boxrepsol.com\\\/es\\\/#organization\"},\"potentialAction\":[{\"@type\":\"SearchAction\",\"target\":{\"@type\":\"EntryPoint\",\"urlTemplate\":\"https:\\\/\\\/www.boxrepsol.com\\\/es\\\/?s={search_term_string}\"},\"query-input\":{\"@type\":\"PropertyValueSpecification\",\"valueRequired\":true,\"valueName\":\"search_term_string\"}}],\"inLanguage\":\"es\"},{\"@type\":\"Organization\",\"@id\":\"https:\\\/\\\/www.boxrepsol.com\\\/es\\\/#organization\",\"name\":\"Box Repsol\",\"url\":\"https:\\\/\\\/www.boxrepsol.com\\\/es\\\/\",\"logo\":{\"@type\":\"ImageObject\",\"inLanguage\":\"es\",\"@id\":\"https:\\\/\\\/www.boxrepsol.com\\\/es\\\/#\\\/schema\\\/logo\\\/image\\\/\",\"url\":\"https:\\\/\\\/bxrepsol.s3.eu-west-1.amazonaws.com\\\/static\\\/2025\\\/07\\\/30083337\\\/favicon-96x96-1.png\",\"contentUrl\":\"https:\\\/\\\/bxrepsol.s3.eu-west-1.amazonaws.com\\\/static\\\/2025\\\/07\\\/30083337\\\/favicon-96x96-1.png\",\"width\":96,\"height\":96,\"caption\":\"Box Repsol\"},\"image\":{\"@id\":\"https:\\\/\\\/www.boxrepsol.com\\\/es\\\/#\\\/schema\\\/logo\\\/image\\\/\"},\"sameAs\":[\"https:\\\/\\\/www.facebook.com\\\/BoxRepsol\",\"https:\\\/\\\/x.com\\\/box_repsol\",\"http:\\\/\\\/instagram.com\\\/box_repsol\",\"https:\\\/\\\/www.youtube.com\\\/user\\\/RepsolCompeticion\",\"https:\\\/\\\/www.flickr.com\\\/photos\\\/box_repsol\\\/\"]},{\"@type\":\"Person\",\"@id\":\"https:\\\/\\\/www.boxrepsol.com\\\/es\\\/#\\\/schema\\\/person\\\/c5c2138f2cca251b0ad92b7086bb60b7\",\"name\":\"Redacci\u00f3n Box Repsol\",\"image\":{\"@type\":\"ImageObject\",\"inLanguage\":\"es\",\"@id\":\"https:\\\/\\\/secure.gravatar.com\\\/avatar\\\/adf7b77e38b4419baf32c7e9c21dde01f4e40df611f0978e3006fc4ba0aaab7e?s=96&d=mm&r=g\",\"url\":\"https:\\\/\\\/secure.gravatar.com\\\/avatar\\\/adf7b77e38b4419baf32c7e9c21dde01f4e40df611f0978e3006fc4ba0aaab7e?s=96&d=mm&r=g\",\"contentUrl\":\"https:\\\/\\\/secure.gravatar.com\\\/avatar\\\/adf7b77e38b4419baf32c7e9c21dde01f4e40df611f0978e3006fc4ba0aaab7e?s=96&d=mm&r=g\",\"caption\":\"Redacci\u00f3n Box Repsol\"},\"description\":\"Box Repsol lo forma un equipo de periodistas, community managers, dise\u00f1adores y fot\u00f3grafos con m\u00e1s de 20 a\u00f1os de experiencia en el mundo del motorsport. Hemos vivido el primer mundial de un espa\u00f1ol en la categor\u00eda reina de motociclismo con \u00c1lex Crivill\u00e9, estuvimos en las victorias de Pedrosa y los t\u00edtulos de M\u00e1rquez, acompa\u00f1amos en \u00c1frica a Nani Roma y Marc Coma en sus conquistas del Dakar y hemos vibrado con los t\u00edtulos de Toni Bou en Trial. Adem\u00e1s, en nuestro equipo contamos con expertos en el mundo de las dos y cuatro ruedas tanto de la calle y las carreteras, como de los circuitos. Periodistas que han trabajado en revistas y publicaciones para hacerte llegar desde rutas y consejos de mantenimiento, a curiosidades y trucos de pilotaje.\",\"sameAs\":[\"https:\\\/\\\/www.facebook.com\\\/BoxRepsol\\\/\",\"https:\\\/\\\/www.instagram.com\\\/box_repsol\\\/\",\"https:\\\/\\\/x.com\\\/https:\\\/\\\/twitter.com\\\/box_repsol\",\"https:\\\/\\\/www.youtube.com\\\/@Boxrepsol\"],\"url\":\"https:\\\/\\\/www.boxrepsol.com\\\/es\\\/author\\\/redaccion-box-repsol\\\/\"}]}<\/script>\n<!-- \/ Yoast SEO plugin. -->","yoast_head_json":{"title":"Victoria y t\u00edtulo para Marc M\u00e1rquez en Jap\u00f3n - Box Repsol","description":"El piloto del equipo Repsol Honda logra su s\u00e9ptimo t\u00edtulo en casa de Honda, tras pasar a liderar la carrera y forzar el error de Dovizioso.","canonical":"https:\/\/www.boxrepsol.com\/es\/motogp\/victoria-titulo-marquez-japon\/","og_locale":"es_ES","og_type":"article","og_title":"Victoria y t\u00edtulo para Marc M\u00e1rquez en Jap\u00f3n - Box Repsol","og_description":"El piloto del equipo Repsol Honda logra su s\u00e9ptimo t\u00edtulo en casa de Honda, tras pasar a liderar la carrera y forzar el error de Dovizioso.","og_url":"https:\/\/www.boxrepsol.com\/es\/motogp\/victoria-titulo-marquez-japon\/","og_site_name":"Box Repsol","article_publisher":"https:\/\/www.facebook.com\/BoxRepsol","article_author":"https:\/\/www.facebook.com\/BoxRepsol\/","article_published_time":"2018-10-21T02:00:00+00:00","article_modified_time":"2024-05-22T10:33:58+00:00","og_image":[{"width":1280,"height":600,"url":"https:\/\/bxrepsol.s3.eu-west-1.amazonaws.com\/static\/2022\/08\/29083127\/04_marc_marquez_campeon_del_mundo_casco_repsol_honda_motogp_gp_japon.jpg","type":"image\/jpeg"}],"author":"Redacci\u00f3n Box Repsol","twitter_card":"summary_large_image","twitter_creator":"@https:\/\/twitter.com\/box_repsol","twitter_site":"@box_repsol","twitter_misc":{"Written by":"Redacci\u00f3n Box Repsol","Est. reading time":"3 minutos"},"schema":{"@context":"https:\/\/schema.org","@graph":[{"@type":"Article","@id":"https:\/\/www.boxrepsol.com\/es\/motogp\/victoria-titulo-marquez-japon\/#article","isPartOf":{"@id":"https:\/\/www.boxrepsol.com\/es\/motogp\/victoria-titulo-marquez-japon\/"},"author":{"name":"Redacci\u00f3n Box Repsol","@id":"https:\/\/www.boxrepsol.com\/es\/#\/schema\/person\/c5c2138f2cca251b0ad92b7086bb60b7"},"headline":"Victoria y t\u00edtulo para M\u00e1rquez en Jap\u00f3n","datePublished":"2018-10-21T02:00:00+00:00","dateModified":"2024-05-22T10:33:58+00:00","mainEntityOfPage":{"@id":"https:\/\/www.boxrepsol.com\/es\/motogp\/victoria-titulo-marquez-japon\/"},"wordCount":666,"commentCount":0,"publisher":{"@id":"https:\/\/www.boxrepsol.com\/es\/#organization"},"image":{"@id":"https:\/\/www.boxrepsol.com\/es\/motogp\/victoria-titulo-marquez-japon\/#primaryimage"},"thumbnailUrl":"https:\/\/bxrepsol.s3.eu-west-1.amazonaws.com\/static\/2022\/08\/29083127\/04_marc_marquez_campeon_del_mundo_casco_repsol_honda_motogp_gp_japon.jpg","keywords":["MotoGP Jap\u00f3n"],"articleSection":["MotoGP"],"inLanguage":"es","potentialAction":[{"@type":"CommentAction","name":"Comment","target":["https:\/\/www.boxrepsol.com\/es\/motogp\/victoria-titulo-marquez-japon\/#respond"]}]},{"@type":"WebPage","@id":"https:\/\/www.boxrepsol.com\/es\/motogp\/victoria-titulo-marquez-japon\/","url":"https:\/\/www.boxrepsol.com\/es\/motogp\/victoria-titulo-marquez-japon\/","name":"Victoria y t\u00edtulo para Marc M\u00e1rquez en Jap\u00f3n - Box Repsol","isPartOf":{"@id":"https:\/\/www.boxrepsol.com\/es\/#website"},"primaryImageOfPage":{"@id":"https:\/\/www.boxrepsol.com\/es\/motogp\/victoria-titulo-marquez-japon\/#primaryimage"},"image":{"@id":"https:\/\/www.boxrepsol.com\/es\/motogp\/victoria-titulo-marquez-japon\/#primaryimage"},"thumbnailUrl":"https:\/\/bxrepsol.s3.eu-west-1.amazonaws.com\/static\/2022\/08\/29083127\/04_marc_marquez_campeon_del_mundo_casco_repsol_honda_motogp_gp_japon.jpg","datePublished":"2018-10-21T02:00:00+00:00","dateModified":"2024-05-22T10:33:58+00:00","description":"El piloto del equipo Repsol Honda logra su s\u00e9ptimo t\u00edtulo en casa de Honda, tras pasar a liderar la carrera y forzar el error de Dovizioso.","breadcrumb":{"@id":"https:\/\/www.boxrepsol.com\/es\/motogp\/victoria-titulo-marquez-japon\/#breadcrumb"},"inLanguage":"es","potentialAction":[{"@type":"ReadAction","target":["https:\/\/www.boxrepsol.com\/es\/motogp\/victoria-titulo-marquez-japon\/"]}]},{"@type":"ImageObject","inLanguage":"es","@id":"https:\/\/www.boxrepsol.com\/es\/motogp\/victoria-titulo-marquez-japon\/#primaryimage","url":"https:\/\/bxrepsol.s3.eu-west-1.amazonaws.com\/static\/2022\/08\/29083127\/04_marc_marquez_campeon_del_mundo_casco_repsol_honda_motogp_gp_japon.jpg","contentUrl":"https:\/\/bxrepsol.s3.eu-west-1.amazonaws.com\/static\/2022\/08\/29083127\/04_marc_marquez_campeon_del_mundo_casco_repsol_honda_motogp_gp_japon.jpg","width":1280,"height":600,"caption":"Marc M\u00e1rquez celebra junto a arcade #Level7"},{"@type":"BreadcrumbList","@id":"https:\/\/www.boxrepsol.com\/es\/motogp\/victoria-titulo-marquez-japon\/#breadcrumb","itemListElement":[{"@type":"ListItem","position":1,"name":"Home","item":"https:\/\/www.boxrepsol.com\/es\/"},{"@type":"ListItem","position":2,"name":"Victoria y t\u00edtulo para M\u00e1rquez en Jap\u00f3n"}]},{"@type":"WebSite","@id":"https:\/\/www.boxrepsol.com\/es\/#website","url":"https:\/\/www.boxrepsol.com\/es\/","name":"Box Repsol","description":"Box Repsol Site","publisher":{"@id":"https:\/\/www.boxrepsol.com\/es\/#organization"},"potentialAction":[{"@type":"SearchAction","target":{"@type":"EntryPoint","urlTemplate":"https:\/\/www.boxrepsol.com\/es\/?s={search_term_string}"},"query-input":{"@type":"PropertyValueSpecification","valueRequired":true,"valueName":"search_term_string"}}],"inLanguage":"es"},{"@type":"Organization","@id":"https:\/\/www.boxrepsol.com\/es\/#organization","name":"Box Repsol","url":"https:\/\/www.boxrepsol.com\/es\/","logo":{"@type":"ImageObject","inLanguage":"es","@id":"https:\/\/www.boxrepsol.com\/es\/#\/schema\/logo\/image\/","url":"https:\/\/bxrepsol.s3.eu-west-1.amazonaws.com\/static\/2025\/07\/30083337\/favicon-96x96-1.png","contentUrl":"https:\/\/bxrepsol.s3.eu-west-1.amazonaws.com\/static\/2025\/07\/30083337\/favicon-96x96-1.png","width":96,"height":96,"caption":"Box Repsol"},"image":{"@id":"https:\/\/www.boxrepsol.com\/es\/#\/schema\/logo\/image\/"},"sameAs":["https:\/\/www.facebook.com\/BoxRepsol","https:\/\/x.com\/box_repsol","http:\/\/instagram.com\/box_repsol","https:\/\/www.youtube.com\/user\/RepsolCompeticion","https:\/\/www.flickr.com\/photos\/box_repsol\/"]},{"@type":"Person","@id":"https:\/\/www.boxrepsol.com\/es\/#\/schema\/person\/c5c2138f2cca251b0ad92b7086bb60b7","name":"Redacci\u00f3n Box Repsol","image":{"@type":"ImageObject","inLanguage":"es","@id":"https:\/\/secure.gravatar.com\/avatar\/adf7b77e38b4419baf32c7e9c21dde01f4e40df611f0978e3006fc4ba0aaab7e?s=96&d=mm&r=g","url":"https:\/\/secure.gravatar.com\/avatar\/adf7b77e38b4419baf32c7e9c21dde01f4e40df611f0978e3006fc4ba0aaab7e?s=96&d=mm&r=g","contentUrl":"https:\/\/secure.gravatar.com\/avatar\/adf7b77e38b4419baf32c7e9c21dde01f4e40df611f0978e3006fc4ba0aaab7e?s=96&d=mm&r=g","caption":"Redacci\u00f3n Box Repsol"},"description":"Box Repsol lo forma un equipo de periodistas, community managers, dise\u00f1adores y fot\u00f3grafos con m\u00e1s de 20 a\u00f1os de experiencia en el mundo del motorsport. Hemos vivido el primer mundial de un espa\u00f1ol en la categor\u00eda reina de motociclismo con \u00c1lex Crivill\u00e9, estuvimos en las victorias de Pedrosa y los t\u00edtulos de M\u00e1rquez, acompa\u00f1amos en \u00c1frica a Nani Roma y Marc Coma en sus conquistas del Dakar y hemos vibrado con los t\u00edtulos de Toni Bou en Trial. Adem\u00e1s, en nuestro equipo contamos con expertos en el mundo de las dos y cuatro ruedas tanto de la calle y las carreteras, como de los circuitos. Periodistas que han trabajado en revistas y publicaciones para hacerte llegar desde rutas y consejos de mantenimiento, a curiosidades y trucos de pilotaje.","sameAs":["https:\/\/www.facebook.com\/BoxRepsol\/","https:\/\/www.instagram.com\/box_repsol\/","https:\/\/x.com\/https:\/\/twitter.com\/box_repsol","https:\/\/www.youtube.com\/@Boxrepsol"],"url":"https:\/\/www.boxrepsol.com\/es\/author\/redaccion-box-repsol\/"}]}},"_links":{"self":[{"href":"https:\/\/www.boxrepsol.com\/es\/wp-json\/wp\/v2\/posts\/93476","targetHints":{"allow":["GET"]}}],"collection":[{"href":"https:\/\/www.boxrepsol.com\/es\/wp-json\/wp\/v2\/posts"}],"about":[{"href":"https:\/\/www.boxrepsol.com\/es\/wp-json\/wp\/v2\/types\/post"}],"author":[{"embeddable":true,"href":"https:\/\/www.boxrepsol.com\/es\/wp-json\/wp\/v2\/users\/43146"}],"replies":[{"embeddable":true,"href":"https:\/\/www.boxrepsol.com\/es\/wp-json\/wp\/v2\/comments?post=93476"}],"version-history":[{"count":2,"href":"https:\/\/www.boxrepsol.com\/es\/wp-json\/wp\/v2\/posts\/93476\/revisions"}],"predecessor-version":[{"id":108327,"href":"https:\/\/www.boxrepsol.com\/es\/wp-json\/wp\/v2\/posts\/93476\/revisions\/108327"}],"wp:featuredmedia":[{"embeddable":true,"href":"https:\/\/www.boxrepsol.com\/es\/wp-json\/wp\/v2\/media\/59722"}],"wp:attachment":[{"href":"https:\/\/www.boxrepsol.com\/es\/wp-json\/wp\/v2\/media?parent=93476"}],"wp:term":[{"taxonomy":"category","embeddable":true,"href":"https:\/\/www.boxrepsol.com\/es\/wp-json\/wp\/v2\/categories?post=93476"},{"taxonomy":"post_tag","embeddable":true,"href":"https:\/\/www.boxrepsol.com\/es\/wp-json\/wp\/v2\/tags?post=93476"}],"curies":[{"name":"wp","href":"https:\/\/api.w.org\/{rel}","templated":true}]}}