{"id":93468,"date":"2018-10-19T00:00:00","date_gmt":"2018-10-19T02:00:00","guid":{"rendered":"http:\/\/pre.boxrepsol.com\/sin-categorizar\/marquez-cuarto-sin-tomar-riesgos\/"},"modified":"2024-05-22T08:34:18","modified_gmt":"2024-05-22T10:34:18","slug":"marquez-cuarto-sin-tomar-riesgos","status":"publish","type":"post","link":"https:\/\/www.boxrepsol.com\/es\/motogp\/marquez-cuarto-sin-tomar-riesgos\/","title":{"rendered":"M\u00e1rquez es cuarto sin tomar riesgos"},"content":{"rendered":"<p><strong>Marc M\u00e1rquez<\/strong> se ha mostrado entre los pilotos con m\u00e1s ritmo de la primera sesi\u00f3n y <strong>ha terminado cuarto, a 140 mil\u00e9simas del primero, Andrea Dovizioso<\/strong>.<\/p>\n<p>Despu\u00e9s de la <a href=\"https:\/\/www.boxrepsol.com\/es\/motogp\/motogp-equilibristas-bajo-la-lluvia\/\">lluvia ca\u00edda<\/a> entre el FP1 y el FP2 y con la pista sec\u00e1ndose progresivamente, el l\u00edder del Mundial no ha salido a rodar en la segunda sesi\u00f3n para no tomar riesgos innecesarios.<\/p>\n<p><strong>Dani Pedrosa<\/strong> ha sido und\u00e9cimo en los primeros entrenamientos y <strong>ha terminado al frente de la tabla de tiempos del FP2<\/strong>, montando en las \u00faltimas vueltas en su moto <a href=\"https:\/\/www.boxrepsol.com\/es\/motogp\/la-temperatura-y-el-asfalto-claves-en-la-eleccion-del-neumatico\/\">neum\u00e1ticos lisos<\/a>.<\/p>\n<p>                <!-- Imagen relacionada --><br \/>\n        <img loading=\"lazy\" decoding=\"async\" width=\"404\" height=\"336\" src=\"https:\/\/bxrepsol.s3.eu-west-1.amazonaws.com\/static\/2022\/08\/29070839\/00_marc_marquez_dani_pedrosa_motogp_repsol_honda_gp_japon_motegi_lluvia.jpg\" alt=\"Marc M\u00e1rquez y Dani Pedrosa rodando con lluvia intensa\" \/><br \/>\n                <!-- Categor\u00eda --><br \/>\n            MotoGP<br \/>\n        <!-- T\u00edtulo --><br \/>\n        <a href=\"https:\/\/www.boxrepsol.com\/es\/motogp\/horarios-gp-japon-motogp-2018\/\"><\/p>\n<h3>Horarios GP de Jap\u00f3n de MotoGP 2018<\/h3>\n<p>        <\/a><br \/>\n                    <!-- Fecha --><br \/>\n            hace 1 hora        <\/p>\n<h3>GP de Jap\u00f3n 2018 &#8211; FP1 y FP2<\/h3>\n<h4><a href=\"https:\/\/twitter.com\/hashtag\/MM93?src=hash\">#MM93<\/a><\/h4>\n<p><strong>Competitivo en la FP1.<\/strong> <em>Esta ma\u00f1ana, con la pista seca, las sensaciones han sido buenas, pero por la tarde, con el asfalto medio seco y medio mojado, hemos decidido no salir, a pesar de que normalmente voy bien en estas condiciones. Me he sentido competitivo en el FP1 y he podido pilotar bien. <\/em><\/p>\n<p><strong>Misma mentalidad de siempre.<\/strong> <em>Dicho esto, todav\u00eda es muy pronto para decir d\u00f3nde estamos, pero he visto que \u2018Dovi\u2019 est\u00e1 yendo r\u00e1pido. De todas formas no importa, porque seguiremos con la misma mentalidad de siempre y vamos a seguir trabajando. Necesitamos ajustar varios detalles, como la aceleraci\u00f3n y la estabilidad en la frenada, as\u00ed que tenemos margen de mejora.<\/em><\/p>\n<hr \/>\n<h4><a href=\"https:\/\/twitter.com\/hashtag\/DP26?src=hash\">#DP26<\/a><\/h4>\n<p><strong>Condiciones cambiantes.<\/strong><em> Al principio hemos sufrido un poco y hemos tenido que trabajar en la puesta a punto de la moto. Est\u00e1bamos preparados para probar por la tarde, pero las condiciones han cambiado por culpa de la lluvia que ha ca\u00eddo antes del FP2. <\/em><\/p>\n<p><strong>Un resultado positivo. <\/strong><em>No est\u00e1bamos seguros de si ser\u00eda \u00fatil rodar con la pista medio seca y medio mojada, pero al final creo que ha sido positivo, porque hemos podido mejorar un poco las sensaciones. En los \u00faltimos minutos tambi\u00e9n he podido completar algunas vueltas con neum\u00e1ticos lisos y eso nos permitir\u00e1 estar un poco m\u00e1s preparados el domingo si ma\u00f1ana vuelve a llover.<\/em><\/p>\n","protected":false},"excerpt":{"rendered":"<p>El l\u00edder del Mundial ha iniciado con buenas sensaciones los primeros entrenamientos y no ha rodado en el FP2, que ha liderado Dani Pedrosa.<\/p>\n","protected":false},"author":43146,"featured_media":59706,"comment_status":"open","ping_status":"open","sticky":false,"template":"","format":"standard","meta":{"footnotes":""},"categories":[4],"tags":[140],"class_list":["post-93468","post","type-post","status-publish","format-standard","hentry","category-motogp","tag-motogp-japon"],"yoast_head":"<!-- This site is optimized with the Yoast SEO plugin v27.3 - https:\/\/yoast.com\/product\/yoast-seo-wordpress\/ -->\n<title>GP de Jap\u00f3n 2018 FP2 - M\u00e1rquez es cuarto sin tomar riesgos<\/title>\n<meta name=\"description\" content=\"El l\u00edder del Mundial ha iniciado con buenas sensaciones los primeros entrenamientos y no ha rodado en el FP2, que ha liderado Dani Pedrosa.\" \/>\n<link rel=\"canonical\" href=\"https:\/\/www.boxrepsol.com\/es\/motogp\/marquez-cuarto-sin-tomar-riesgos\/\" \/>\n<meta property=\"og:locale\" content=\"es_ES\" \/>\n<meta property=\"og:type\" content=\"article\" \/>\n<meta property=\"og:title\" content=\"GP de Jap\u00f3n 2018 FP2 - M\u00e1rquez es cuarto sin tomar riesgos\" \/>\n<meta property=\"og:description\" content=\"El l\u00edder del Mundial ha iniciado con buenas sensaciones los primeros entrenamientos y no ha rodado en el FP2, que ha liderado Dani Pedrosa.\" \/>\n<meta property=\"og:url\" content=\"https:\/\/www.boxrepsol.com\/es\/motogp\/marquez-cuarto-sin-tomar-riesgos\/\" \/>\n<meta property=\"og:site_name\" content=\"Box Repsol\" \/>\n<meta property=\"article:publisher\" content=\"https:\/\/www.facebook.com\/BoxRepsol\" \/>\n<meta property=\"article:author\" content=\"https:\/\/www.facebook.com\/BoxRepsol\/\" \/>\n<meta property=\"article:published_time\" content=\"2018-10-19T02:00:00+00:00\" \/>\n<meta property=\"article:modified_time\" content=\"2024-05-22T10:34:18+00:00\" \/>\n<meta property=\"og:image\" content=\"https:\/\/bxrepsol.s3.eu-west-1.amazonaws.com\/static\/2022\/08\/29083116\/00_dani_pedrosa_motogp_gp_de_japon_repsol_honda_rc213v_curva_tumbada.jpg\" \/>\n\t<meta property=\"og:image:width\" content=\"1280\" \/>\n\t<meta property=\"og:image:height\" content=\"600\" \/>\n\t<meta property=\"og:image:type\" content=\"image\/jpeg\" \/>\n<meta name=\"author\" content=\"Redacci\u00f3n Box Repsol\" \/>\n<meta name=\"twitter:card\" content=\"summary_large_image\" \/>\n<meta name=\"twitter:creator\" content=\"@https:\/\/twitter.com\/box_repsol\" \/>\n<meta name=\"twitter:site\" content=\"@box_repsol\" \/>\n<meta name=\"twitter:label1\" content=\"Written by\" \/>\n\t<meta name=\"twitter:data1\" content=\"Redacci\u00f3n Box Repsol\" \/>\n\t<meta name=\"twitter:label2\" content=\"Est. reading time\" \/>\n\t<meta name=\"twitter:data2\" content=\"2 minutos\" \/>\n<script type=\"application\/ld+json\" class=\"yoast-schema-graph\">{\"@context\":\"https:\\\/\\\/schema.org\",\"@graph\":[{\"@type\":\"Article\",\"@id\":\"https:\\\/\\\/www.boxrepsol.com\\\/es\\\/motogp\\\/marquez-cuarto-sin-tomar-riesgos\\\/#article\",\"isPartOf\":{\"@id\":\"https:\\\/\\\/www.boxrepsol.com\\\/es\\\/motogp\\\/marquez-cuarto-sin-tomar-riesgos\\\/\"},\"author\":{\"name\":\"Redacci\u00f3n Box Repsol\",\"@id\":\"https:\\\/\\\/www.boxrepsol.com\\\/es\\\/#\\\/schema\\\/person\\\/c5c2138f2cca251b0ad92b7086bb60b7\"},\"headline\":\"M\u00e1rquez es cuarto sin tomar riesgos\",\"datePublished\":\"2018-10-19T02:00:00+00:00\",\"dateModified\":\"2024-05-22T10:34:18+00:00\",\"mainEntityOfPage\":{\"@id\":\"https:\\\/\\\/www.boxrepsol.com\\\/es\\\/motogp\\\/marquez-cuarto-sin-tomar-riesgos\\\/\"},\"wordCount\":362,\"commentCount\":0,\"publisher\":{\"@id\":\"https:\\\/\\\/www.boxrepsol.com\\\/es\\\/#organization\"},\"image\":{\"@id\":\"https:\\\/\\\/www.boxrepsol.com\\\/es\\\/motogp\\\/marquez-cuarto-sin-tomar-riesgos\\\/#primaryimage\"},\"thumbnailUrl\":\"https:\\\/\\\/bxrepsol.s3.eu-west-1.amazonaws.com\\\/static\\\/2022\\\/08\\\/29083116\\\/00_dani_pedrosa_motogp_gp_de_japon_repsol_honda_rc213v_curva_tumbada.jpg\",\"keywords\":[\"MotoGP Jap\u00f3n\"],\"articleSection\":[\"MotoGP\"],\"inLanguage\":\"es\",\"potentialAction\":[{\"@type\":\"CommentAction\",\"name\":\"Comment\",\"target\":[\"https:\\\/\\\/www.boxrepsol.com\\\/es\\\/motogp\\\/marquez-cuarto-sin-tomar-riesgos\\\/#respond\"]}]},{\"@type\":\"WebPage\",\"@id\":\"https:\\\/\\\/www.boxrepsol.com\\\/es\\\/motogp\\\/marquez-cuarto-sin-tomar-riesgos\\\/\",\"url\":\"https:\\\/\\\/www.boxrepsol.com\\\/es\\\/motogp\\\/marquez-cuarto-sin-tomar-riesgos\\\/\",\"name\":\"GP de Jap\u00f3n 2018 FP2 - M\u00e1rquez es cuarto sin tomar riesgos\",\"isPartOf\":{\"@id\":\"https:\\\/\\\/www.boxrepsol.com\\\/es\\\/#website\"},\"primaryImageOfPage\":{\"@id\":\"https:\\\/\\\/www.boxrepsol.com\\\/es\\\/motogp\\\/marquez-cuarto-sin-tomar-riesgos\\\/#primaryimage\"},\"image\":{\"@id\":\"https:\\\/\\\/www.boxrepsol.com\\\/es\\\/motogp\\\/marquez-cuarto-sin-tomar-riesgos\\\/#primaryimage\"},\"thumbnailUrl\":\"https:\\\/\\\/bxrepsol.s3.eu-west-1.amazonaws.com\\\/static\\\/2022\\\/08\\\/29083116\\\/00_dani_pedrosa_motogp_gp_de_japon_repsol_honda_rc213v_curva_tumbada.jpg\",\"datePublished\":\"2018-10-19T02:00:00+00:00\",\"dateModified\":\"2024-05-22T10:34:18+00:00\",\"description\":\"El l\u00edder del Mundial ha iniciado con buenas sensaciones los primeros entrenamientos y no ha rodado en el FP2, que ha liderado Dani Pedrosa.\",\"breadcrumb\":{\"@id\":\"https:\\\/\\\/www.boxrepsol.com\\\/es\\\/motogp\\\/marquez-cuarto-sin-tomar-riesgos\\\/#breadcrumb\"},\"inLanguage\":\"es\",\"potentialAction\":[{\"@type\":\"ReadAction\",\"target\":[\"https:\\\/\\\/www.boxrepsol.com\\\/es\\\/motogp\\\/marquez-cuarto-sin-tomar-riesgos\\\/\"]}]},{\"@type\":\"ImageObject\",\"inLanguage\":\"es\",\"@id\":\"https:\\\/\\\/www.boxrepsol.com\\\/es\\\/motogp\\\/marquez-cuarto-sin-tomar-riesgos\\\/#primaryimage\",\"url\":\"https:\\\/\\\/bxrepsol.s3.eu-west-1.amazonaws.com\\\/static\\\/2022\\\/08\\\/29083116\\\/00_dani_pedrosa_motogp_gp_de_japon_repsol_honda_rc213v_curva_tumbada.jpg\",\"contentUrl\":\"https:\\\/\\\/bxrepsol.s3.eu-west-1.amazonaws.com\\\/static\\\/2022\\\/08\\\/29083116\\\/00_dani_pedrosa_motogp_gp_de_japon_repsol_honda_rc213v_curva_tumbada.jpg\",\"width\":1280,\"height\":600,\"caption\":\"Dani Pedrosa en acci\u00f3n sobre la RC213V\"},{\"@type\":\"BreadcrumbList\",\"@id\":\"https:\\\/\\\/www.boxrepsol.com\\\/es\\\/motogp\\\/marquez-cuarto-sin-tomar-riesgos\\\/#breadcrumb\",\"itemListElement\":[{\"@type\":\"ListItem\",\"position\":1,\"name\":\"Home\",\"item\":\"https:\\\/\\\/www.boxrepsol.com\\\/es\\\/\"},{\"@type\":\"ListItem\",\"position\":2,\"name\":\"M\u00e1rquez es cuarto sin tomar riesgos\"}]},{\"@type\":\"WebSite\",\"@id\":\"https:\\\/\\\/www.boxrepsol.com\\\/es\\\/#website\",\"url\":\"https:\\\/\\\/www.boxrepsol.com\\\/es\\\/\",\"name\":\"Box Repsol\",\"description\":\"Box Repsol Site\",\"publisher\":{\"@id\":\"https:\\\/\\\/www.boxrepsol.com\\\/es\\\/#organization\"},\"potentialAction\":[{\"@type\":\"SearchAction\",\"target\":{\"@type\":\"EntryPoint\",\"urlTemplate\":\"https:\\\/\\\/www.boxrepsol.com\\\/es\\\/?s={search_term_string}\"},\"query-input\":{\"@type\":\"PropertyValueSpecification\",\"valueRequired\":true,\"valueName\":\"search_term_string\"}}],\"inLanguage\":\"es\"},{\"@type\":\"Organization\",\"@id\":\"https:\\\/\\\/www.boxrepsol.com\\\/es\\\/#organization\",\"name\":\"Box Repsol\",\"url\":\"https:\\\/\\\/www.boxrepsol.com\\\/es\\\/\",\"logo\":{\"@type\":\"ImageObject\",\"inLanguage\":\"es\",\"@id\":\"https:\\\/\\\/www.boxrepsol.com\\\/es\\\/#\\\/schema\\\/logo\\\/image\\\/\",\"url\":\"https:\\\/\\\/bxrepsol.s3.eu-west-1.amazonaws.com\\\/static\\\/2025\\\/07\\\/30083337\\\/favicon-96x96-1.png\",\"contentUrl\":\"https:\\\/\\\/bxrepsol.s3.eu-west-1.amazonaws.com\\\/static\\\/2025\\\/07\\\/30083337\\\/favicon-96x96-1.png\",\"width\":96,\"height\":96,\"caption\":\"Box Repsol\"},\"image\":{\"@id\":\"https:\\\/\\\/www.boxrepsol.com\\\/es\\\/#\\\/schema\\\/logo\\\/image\\\/\"},\"sameAs\":[\"https:\\\/\\\/www.facebook.com\\\/BoxRepsol\",\"https:\\\/\\\/x.com\\\/box_repsol\",\"http:\\\/\\\/instagram.com\\\/box_repsol\",\"https:\\\/\\\/www.youtube.com\\\/user\\\/RepsolCompeticion\",\"https:\\\/\\\/www.flickr.com\\\/photos\\\/box_repsol\\\/\"]},{\"@type\":\"Person\",\"@id\":\"https:\\\/\\\/www.boxrepsol.com\\\/es\\\/#\\\/schema\\\/person\\\/c5c2138f2cca251b0ad92b7086bb60b7\",\"name\":\"Redacci\u00f3n Box Repsol\",\"image\":{\"@type\":\"ImageObject\",\"inLanguage\":\"es\",\"@id\":\"https:\\\/\\\/secure.gravatar.com\\\/avatar\\\/adf7b77e38b4419baf32c7e9c21dde01f4e40df611f0978e3006fc4ba0aaab7e?s=96&d=mm&r=g\",\"url\":\"https:\\\/\\\/secure.gravatar.com\\\/avatar\\\/adf7b77e38b4419baf32c7e9c21dde01f4e40df611f0978e3006fc4ba0aaab7e?s=96&d=mm&r=g\",\"contentUrl\":\"https:\\\/\\\/secure.gravatar.com\\\/avatar\\\/adf7b77e38b4419baf32c7e9c21dde01f4e40df611f0978e3006fc4ba0aaab7e?s=96&d=mm&r=g\",\"caption\":\"Redacci\u00f3n Box Repsol\"},\"description\":\"Box Repsol lo forma un equipo de periodistas, community managers, dise\u00f1adores y fot\u00f3grafos con m\u00e1s de 20 a\u00f1os de experiencia en el mundo del motorsport. Hemos vivido el primer mundial de un espa\u00f1ol en la categor\u00eda reina de motociclismo con \u00c1lex Crivill\u00e9, estuvimos en las victorias de Pedrosa y los t\u00edtulos de M\u00e1rquez, acompa\u00f1amos en \u00c1frica a Nani Roma y Marc Coma en sus conquistas del Dakar y hemos vibrado con los t\u00edtulos de Toni Bou en Trial. Adem\u00e1s, en nuestro equipo contamos con expertos en el mundo de las dos y cuatro ruedas tanto de la calle y las carreteras, como de los circuitos. Periodistas que han trabajado en revistas y publicaciones para hacerte llegar desde rutas y consejos de mantenimiento, a curiosidades y trucos de pilotaje.\",\"sameAs\":[\"https:\\\/\\\/www.facebook.com\\\/BoxRepsol\\\/\",\"https:\\\/\\\/www.instagram.com\\\/box_repsol\\\/\",\"https:\\\/\\\/x.com\\\/https:\\\/\\\/twitter.com\\\/box_repsol\",\"https:\\\/\\\/www.youtube.com\\\/@Boxrepsol\"],\"url\":\"https:\\\/\\\/www.boxrepsol.com\\\/es\\\/author\\\/redaccion-box-repsol\\\/\"}]}<\/script>\n<!-- \/ Yoast SEO plugin. -->","yoast_head_json":{"title":"GP de Jap\u00f3n 2018 FP2 - M\u00e1rquez es cuarto sin tomar riesgos","description":"El l\u00edder del Mundial ha iniciado con buenas sensaciones los primeros entrenamientos y no ha rodado en el FP2, que ha liderado Dani Pedrosa.","canonical":"https:\/\/www.boxrepsol.com\/es\/motogp\/marquez-cuarto-sin-tomar-riesgos\/","og_locale":"es_ES","og_type":"article","og_title":"GP de Jap\u00f3n 2018 FP2 - M\u00e1rquez es cuarto sin tomar riesgos","og_description":"El l\u00edder del Mundial ha iniciado con buenas sensaciones los primeros entrenamientos y no ha rodado en el FP2, que ha liderado Dani Pedrosa.","og_url":"https:\/\/www.boxrepsol.com\/es\/motogp\/marquez-cuarto-sin-tomar-riesgos\/","og_site_name":"Box Repsol","article_publisher":"https:\/\/www.facebook.com\/BoxRepsol","article_author":"https:\/\/www.facebook.com\/BoxRepsol\/","article_published_time":"2018-10-19T02:00:00+00:00","article_modified_time":"2024-05-22T10:34:18+00:00","og_image":[{"width":1280,"height":600,"url":"https:\/\/bxrepsol.s3.eu-west-1.amazonaws.com\/static\/2022\/08\/29083116\/00_dani_pedrosa_motogp_gp_de_japon_repsol_honda_rc213v_curva_tumbada.jpg","type":"image\/jpeg"}],"author":"Redacci\u00f3n Box Repsol","twitter_card":"summary_large_image","twitter_creator":"@https:\/\/twitter.com\/box_repsol","twitter_site":"@box_repsol","twitter_misc":{"Written by":"Redacci\u00f3n Box Repsol","Est. reading time":"2 minutos"},"schema":{"@context":"https:\/\/schema.org","@graph":[{"@type":"Article","@id":"https:\/\/www.boxrepsol.com\/es\/motogp\/marquez-cuarto-sin-tomar-riesgos\/#article","isPartOf":{"@id":"https:\/\/www.boxrepsol.com\/es\/motogp\/marquez-cuarto-sin-tomar-riesgos\/"},"author":{"name":"Redacci\u00f3n Box Repsol","@id":"https:\/\/www.boxrepsol.com\/es\/#\/schema\/person\/c5c2138f2cca251b0ad92b7086bb60b7"},"headline":"M\u00e1rquez es cuarto sin tomar riesgos","datePublished":"2018-10-19T02:00:00+00:00","dateModified":"2024-05-22T10:34:18+00:00","mainEntityOfPage":{"@id":"https:\/\/www.boxrepsol.com\/es\/motogp\/marquez-cuarto-sin-tomar-riesgos\/"},"wordCount":362,"commentCount":0,"publisher":{"@id":"https:\/\/www.boxrepsol.com\/es\/#organization"},"image":{"@id":"https:\/\/www.boxrepsol.com\/es\/motogp\/marquez-cuarto-sin-tomar-riesgos\/#primaryimage"},"thumbnailUrl":"https:\/\/bxrepsol.s3.eu-west-1.amazonaws.com\/static\/2022\/08\/29083116\/00_dani_pedrosa_motogp_gp_de_japon_repsol_honda_rc213v_curva_tumbada.jpg","keywords":["MotoGP Jap\u00f3n"],"articleSection":["MotoGP"],"inLanguage":"es","potentialAction":[{"@type":"CommentAction","name":"Comment","target":["https:\/\/www.boxrepsol.com\/es\/motogp\/marquez-cuarto-sin-tomar-riesgos\/#respond"]}]},{"@type":"WebPage","@id":"https:\/\/www.boxrepsol.com\/es\/motogp\/marquez-cuarto-sin-tomar-riesgos\/","url":"https:\/\/www.boxrepsol.com\/es\/motogp\/marquez-cuarto-sin-tomar-riesgos\/","name":"GP de Jap\u00f3n 2018 FP2 - M\u00e1rquez es cuarto sin tomar riesgos","isPartOf":{"@id":"https:\/\/www.boxrepsol.com\/es\/#website"},"primaryImageOfPage":{"@id":"https:\/\/www.boxrepsol.com\/es\/motogp\/marquez-cuarto-sin-tomar-riesgos\/#primaryimage"},"image":{"@id":"https:\/\/www.boxrepsol.com\/es\/motogp\/marquez-cuarto-sin-tomar-riesgos\/#primaryimage"},"thumbnailUrl":"https:\/\/bxrepsol.s3.eu-west-1.amazonaws.com\/static\/2022\/08\/29083116\/00_dani_pedrosa_motogp_gp_de_japon_repsol_honda_rc213v_curva_tumbada.jpg","datePublished":"2018-10-19T02:00:00+00:00","dateModified":"2024-05-22T10:34:18+00:00","description":"El l\u00edder del Mundial ha iniciado con buenas sensaciones los primeros entrenamientos y no ha rodado en el FP2, que ha liderado Dani Pedrosa.","breadcrumb":{"@id":"https:\/\/www.boxrepsol.com\/es\/motogp\/marquez-cuarto-sin-tomar-riesgos\/#breadcrumb"},"inLanguage":"es","potentialAction":[{"@type":"ReadAction","target":["https:\/\/www.boxrepsol.com\/es\/motogp\/marquez-cuarto-sin-tomar-riesgos\/"]}]},{"@type":"ImageObject","inLanguage":"es","@id":"https:\/\/www.boxrepsol.com\/es\/motogp\/marquez-cuarto-sin-tomar-riesgos\/#primaryimage","url":"https:\/\/bxrepsol.s3.eu-west-1.amazonaws.com\/static\/2022\/08\/29083116\/00_dani_pedrosa_motogp_gp_de_japon_repsol_honda_rc213v_curva_tumbada.jpg","contentUrl":"https:\/\/bxrepsol.s3.eu-west-1.amazonaws.com\/static\/2022\/08\/29083116\/00_dani_pedrosa_motogp_gp_de_japon_repsol_honda_rc213v_curva_tumbada.jpg","width":1280,"height":600,"caption":"Dani Pedrosa en acci\u00f3n sobre la RC213V"},{"@type":"BreadcrumbList","@id":"https:\/\/www.boxrepsol.com\/es\/motogp\/marquez-cuarto-sin-tomar-riesgos\/#breadcrumb","itemListElement":[{"@type":"ListItem","position":1,"name":"Home","item":"https:\/\/www.boxrepsol.com\/es\/"},{"@type":"ListItem","position":2,"name":"M\u00e1rquez es cuarto sin tomar riesgos"}]},{"@type":"WebSite","@id":"https:\/\/www.boxrepsol.com\/es\/#website","url":"https:\/\/www.boxrepsol.com\/es\/","name":"Box Repsol","description":"Box Repsol Site","publisher":{"@id":"https:\/\/www.boxrepsol.com\/es\/#organization"},"potentialAction":[{"@type":"SearchAction","target":{"@type":"EntryPoint","urlTemplate":"https:\/\/www.boxrepsol.com\/es\/?s={search_term_string}"},"query-input":{"@type":"PropertyValueSpecification","valueRequired":true,"valueName":"search_term_string"}}],"inLanguage":"es"},{"@type":"Organization","@id":"https:\/\/www.boxrepsol.com\/es\/#organization","name":"Box Repsol","url":"https:\/\/www.boxrepsol.com\/es\/","logo":{"@type":"ImageObject","inLanguage":"es","@id":"https:\/\/www.boxrepsol.com\/es\/#\/schema\/logo\/image\/","url":"https:\/\/bxrepsol.s3.eu-west-1.amazonaws.com\/static\/2025\/07\/30083337\/favicon-96x96-1.png","contentUrl":"https:\/\/bxrepsol.s3.eu-west-1.amazonaws.com\/static\/2025\/07\/30083337\/favicon-96x96-1.png","width":96,"height":96,"caption":"Box Repsol"},"image":{"@id":"https:\/\/www.boxrepsol.com\/es\/#\/schema\/logo\/image\/"},"sameAs":["https:\/\/www.facebook.com\/BoxRepsol","https:\/\/x.com\/box_repsol","http:\/\/instagram.com\/box_repsol","https:\/\/www.youtube.com\/user\/RepsolCompeticion","https:\/\/www.flickr.com\/photos\/box_repsol\/"]},{"@type":"Person","@id":"https:\/\/www.boxrepsol.com\/es\/#\/schema\/person\/c5c2138f2cca251b0ad92b7086bb60b7","name":"Redacci\u00f3n Box Repsol","image":{"@type":"ImageObject","inLanguage":"es","@id":"https:\/\/secure.gravatar.com\/avatar\/adf7b77e38b4419baf32c7e9c21dde01f4e40df611f0978e3006fc4ba0aaab7e?s=96&d=mm&r=g","url":"https:\/\/secure.gravatar.com\/avatar\/adf7b77e38b4419baf32c7e9c21dde01f4e40df611f0978e3006fc4ba0aaab7e?s=96&d=mm&r=g","contentUrl":"https:\/\/secure.gravatar.com\/avatar\/adf7b77e38b4419baf32c7e9c21dde01f4e40df611f0978e3006fc4ba0aaab7e?s=96&d=mm&r=g","caption":"Redacci\u00f3n Box Repsol"},"description":"Box Repsol lo forma un equipo de periodistas, community managers, dise\u00f1adores y fot\u00f3grafos con m\u00e1s de 20 a\u00f1os de experiencia en el mundo del motorsport. Hemos vivido el primer mundial de un espa\u00f1ol en la categor\u00eda reina de motociclismo con \u00c1lex Crivill\u00e9, estuvimos en las victorias de Pedrosa y los t\u00edtulos de M\u00e1rquez, acompa\u00f1amos en \u00c1frica a Nani Roma y Marc Coma en sus conquistas del Dakar y hemos vibrado con los t\u00edtulos de Toni Bou en Trial. Adem\u00e1s, en nuestro equipo contamos con expertos en el mundo de las dos y cuatro ruedas tanto de la calle y las carreteras, como de los circuitos. Periodistas que han trabajado en revistas y publicaciones para hacerte llegar desde rutas y consejos de mantenimiento, a curiosidades y trucos de pilotaje.","sameAs":["https:\/\/www.facebook.com\/BoxRepsol\/","https:\/\/www.instagram.com\/box_repsol\/","https:\/\/x.com\/https:\/\/twitter.com\/box_repsol","https:\/\/www.youtube.com\/@Boxrepsol"],"url":"https:\/\/www.boxrepsol.com\/es\/author\/redaccion-box-repsol\/"}]}},"_links":{"self":[{"href":"https:\/\/www.boxrepsol.com\/es\/wp-json\/wp\/v2\/posts\/93468","targetHints":{"allow":["GET"]}}],"collection":[{"href":"https:\/\/www.boxrepsol.com\/es\/wp-json\/wp\/v2\/posts"}],"about":[{"href":"https:\/\/www.boxrepsol.com\/es\/wp-json\/wp\/v2\/types\/post"}],"author":[{"embeddable":true,"href":"https:\/\/www.boxrepsol.com\/es\/wp-json\/wp\/v2\/users\/43146"}],"replies":[{"embeddable":true,"href":"https:\/\/www.boxrepsol.com\/es\/wp-json\/wp\/v2\/comments?post=93468"}],"version-history":[{"count":1,"href":"https:\/\/www.boxrepsol.com\/es\/wp-json\/wp\/v2\/posts\/93468\/revisions"}],"predecessor-version":[{"id":93469,"href":"https:\/\/www.boxrepsol.com\/es\/wp-json\/wp\/v2\/posts\/93468\/revisions\/93469"}],"wp:featuredmedia":[{"embeddable":true,"href":"https:\/\/www.boxrepsol.com\/es\/wp-json\/wp\/v2\/media\/59706"}],"wp:attachment":[{"href":"https:\/\/www.boxrepsol.com\/es\/wp-json\/wp\/v2\/media?parent=93468"}],"wp:term":[{"taxonomy":"category","embeddable":true,"href":"https:\/\/www.boxrepsol.com\/es\/wp-json\/wp\/v2\/categories?post=93468"},{"taxonomy":"post_tag","embeddable":true,"href":"https:\/\/www.boxrepsol.com\/es\/wp-json\/wp\/v2\/tags?post=93468"}],"curies":[{"name":"wp","href":"https:\/\/api.w.org\/{rel}","templated":true}]}}