{"id":93458,"date":"2018-10-15T00:00:00","date_gmt":"2018-10-15T02:00:00","guid":{"rendered":"http:\/\/pre.boxrepsol.com\/sin-categorizar\/jesko-raffin-se-proclama-campeon-europa-moto2-albacete\/"},"modified":"2024-10-17T13:56:02","modified_gmt":"2024-10-17T15:56:02","slug":"jesko-raffin-se-proclama-campeon-europa-moto2-albacete","status":"publish","type":"post","link":"https:\/\/www.boxrepsol.com\/es\/sin-categorizar\/jesko-raffin-se-proclama-campeon-europa-moto2-albacete\/","title":{"rendered":"Jesko Raffin se proclama Campe\u00f3n de Europa de Moto2 en Albacete"},"content":{"rendered":"<p><strong>Ra\u00fal Fern\u00e1ndez ha ganado la carrera del Mundial Junior de Moto3<\/strong> que ha empezado desde la\u00a0<em>pole position<\/em>\u00a0y que ha dominado desde principio a fin.<\/p>\n<p>Con este resultado, Ra\u00fal Fern\u00e1ndez aumenta en 17 puntos -49 ahora- su ventaja al frente del campeonato.<\/p>\n<p><strong>H\u00e9ctor Garz\u00f3 ha logrado su primera victoria en Moto2<\/strong> tras una primera carrera que se ha decidido en un emocionante final. <strong>La prueba de Moto2 ha sido reducida a 13 vueltas, debido a la intensa lluvia<\/strong> que ha ca\u00eddo minutos antes de darse la salida.<\/p>\n<p><strong>Luis Pomares ha sido el vencedor de la segunda manga de Moto2<\/strong>. La prueba ha sido cancelada a falta de 10 vueltas para el final por la llegada del mal tiempo, y se han repartido la mitad de los puntos.<\/p>\n<p><strong>Jesko Raffin se ha proclamado campe\u00f3n del Campeonato Europeo de Moto2<\/strong> del FIM CEV Repsol tras terminar la Ronda 7 en Albacete 46,5 puntos por delante de su perseguidor en la clasificaci\u00f3n general.<\/p>\n<p><strong>\u00c1lex Mill\u00e1n ha sumado su primer triunfo en el FIM CEV Repsol<\/strong> en una exigente carrera de la European Talent Cup. El piloto catal\u00e1n ha firmado un fin de semana perfecto tras haberse hecho con la\u00a0<em>pole position<\/em>\u00a0el s\u00e1bado.<\/p>\n<p>Al frente de la clasificaci\u00f3n general, Xavier Artigas sigue manteniendo el liderato de la categor\u00eda, con 19 puntos de ventaja frente a V\u00edctor Rodr\u00edguez.<\/p>\n<figure><picture style=\"padding-bottom: 66.72%; background-image: url('https:\/\/bxrepsol.s3.eu-west-1.amazonaws.com\/static\/2022\/08\/05061905\/00_carrera_moto2_fim_cev_repsol_albacete_lluvia_intensa.jpg');\"> <img decoding=\"async\" class=\"aligncenter\" src=\"https:\/\/bxrepsol.s3.eu-west-1.amazonaws.com\/static\/2022\/08\/05061905\/00_carrera_moto2_fim_cev_repsol_albacete_lluvia_intensa.jpg\" \/><\/picture>\n<noscript><img decoding=\"async\" src=\"https:\/\/bxrepsol.s3.eu-west-1.amazonaws.com\/static\/2022\/08\/05061905\/00_carrera_moto2_fim_cev_repsol_albacete_lluvia_intensa.jpg\" alt=\"Carrera de Moto2 en lluvia intensa\"><\/noscript><figcaption><\/figcaption><\/figure>\n<h3><strong>Ra\u00fal Fern\u00e1ndez \u2013 Ganador de la carrera de Moto3<\/strong><\/h3>\n<p><em>\u201cHa sido una carrera incre\u00edble. Ten\u00edamos mucho ritmo durante todo el fin de semana, la puesta a punto de la moto ha sido muy buena. Ayer hice una vuelta muy r\u00e1pida que me dio la\u00a0pole position\u00a0y hoy lo \u00fanico que quer\u00eda es que no lloviera. <\/em><\/p>\n<p><em>Finalmente ha llovido pero hemos podido lograr la victoria. Quiero dar las gracias a toda mi familia porque siempre me apoya y tambi\u00e9n a todo mi equipo\u201d.<\/em><\/p>\n<hr \/>\n<h3><strong>H\u00e9ctor Garz\u00f3 \u2013 Ganador de la 1\u00aa carrera de Moto2<\/strong><\/h3>\n<p><em>\u201cHa sido una carrera muy dif\u00edcil. He intentado gestionarla bien pero al principio ha sido muy complicado. He intentado tirar fuerte al inicio para ver si me escapaba del segundo grupo. Al final me ha salido bien aunque me la he jugado un poco, pero era lo que ten\u00eda que hacer. Estoy muy feliz por esta victoria\u201d.<\/em><\/p>\n<hr \/>\n<h3><strong>Luis Pomares \u2013\u00a0<\/strong><strong>Ganador de la 2\u00aa carrera de Moto2<\/strong><\/h3>\n<p><em>\u201cLa segunda carrera ha sido una locura. Al inicio hab\u00eda un carril seco en pista y trece vueltas he visto que algunos pilotos han entrado\u00a0a boxes a cambiar a neum\u00e1tico de agua. <\/em><\/p>\n<p><em>La estrategia que hab\u00edamos pactado con mi equipo era no entrar a cambiar rueda hasta que me lo indicara mi jefe de equipo, as\u00ed que he continuado hasta que han mostrado la bandera roja. Ha sido un buen fin de semana\u201d.<\/em><\/p>\n<hr \/>\n<h3><strong>Jesko Raffin\u2013\u00a0Campe\u00f3n de Europa de Moto2<\/strong><\/h3>\n<p><em>\u201cSer campe\u00f3n es incre\u00edble. Ha sido un domingo muy largo d\u00f3nde ha pasado de todo y con una gran incertidumbre hasta el \u00faltimo momento. Este t\u00edtulo me sabe mejor que el primero, porque he podido demostrar a todos los que dudaban que puedo ser r\u00e1pido y ganar; eso me ha motivado incluso m\u00e1s. <\/em><\/p>\n<p><em>Quiero agradecer al equipo que ha trabajado muy bien durante toda la temporada, a mi familia, amigos y aficionados. Estoy muy feliz\u201d.<\/em><\/p>\n<hr \/>\n<h3><strong>Alex Mill\u00e1n \u2013 Ganador de la carrera de la European Talent Cup<\/strong><\/h3>\n<p><em>\u201cFue dif\u00edcil lograr la\u00a0pole position, pero hemos estado trabajando muy duro para ello. La carrera ha sido una locura, he ca\u00eddo hasta la d\u00e9cima posici\u00f3n, pero he podido remontar y finalmente ganar. Quiero dar las gracias al equipo, a mi familia y a todos los que me apoyan\u201d.<\/em><\/p>\n","protected":false},"excerpt":{"rendered":"<p>El piloto suizo revalida el t\u00edtulo que gan\u00f3 en 2014. Ra\u00fal Fern\u00e1ndez, H\u00e9ctor Garz\u00f3, Luis Pomares y Alex Mill\u00e1n han sido los vencedores de las distintas carreras de esta s\u00e9ptima ronda.<\/p>\n","protected":false},"author":43146,"featured_media":59646,"comment_status":"open","ping_status":"open","sticky":false,"template":"","format":"standard","meta":{"footnotes":""},"categories":[1],"tags":[130],"class_list":["post-93458","post","type-post","status-publish","format-standard","hentry","category-sin-categorizar","tag-otros-eventos-y-competiciones"],"yoast_head":"<!-- This site is optimized with the Yoast SEO plugin v27.3 - https:\/\/yoast.com\/product\/yoast-seo-wordpress\/ -->\n<title>Jesko Raffin Campe\u00f3n de Europa de Moto2 - Box Repsol<\/title>\n<meta name=\"description\" content=\"El piloto suizo revalida el t\u00edtulo que gan\u00f3 en 2014. Ra\u00fal Fern\u00e1ndez, H\u00e9ctor Garz\u00f3, Luis Pomares y Alex Mill\u00e1n han sido los vencedores de las otras carreras.\" \/>\n<link rel=\"canonical\" href=\"https:\/\/www.boxrepsol.com\/es\/sin-categorizar\/jesko-raffin-se-proclama-campeon-europa-moto2-albacete\/\" \/>\n<meta property=\"og:locale\" content=\"es_ES\" \/>\n<meta property=\"og:type\" content=\"article\" \/>\n<meta property=\"og:title\" content=\"Jesko Raffin Campe\u00f3n de Europa de Moto2 - Box Repsol\" \/>\n<meta property=\"og:description\" content=\"El piloto suizo revalida el t\u00edtulo que gan\u00f3 en 2014. Ra\u00fal Fern\u00e1ndez, H\u00e9ctor Garz\u00f3, Luis Pomares y Alex Mill\u00e1n han sido los vencedores de las otras carreras.\" \/>\n<meta property=\"og:url\" content=\"https:\/\/www.boxrepsol.com\/es\/sin-categorizar\/jesko-raffin-se-proclama-campeon-europa-moto2-albacete\/\" \/>\n<meta property=\"og:site_name\" content=\"Box Repsol\" \/>\n<meta property=\"article:publisher\" content=\"https:\/\/www.facebook.com\/BoxRepsol\" \/>\n<meta property=\"article:author\" content=\"https:\/\/www.facebook.com\/BoxRepsol\/\" \/>\n<meta property=\"article:published_time\" content=\"2018-10-15T02:00:00+00:00\" \/>\n<meta property=\"article:modified_time\" content=\"2024-10-17T15:56:02+00:00\" \/>\n<meta property=\"og:image\" content=\"https:\/\/bxrepsol.s3.eu-west-1.amazonaws.com\/static\/2022\/08\/29083039\/00_jesko_raffin_moto2_fim_cev_repsol.jpg\" \/>\n\t<meta property=\"og:image:width\" content=\"1280\" \/>\n\t<meta property=\"og:image:height\" content=\"600\" \/>\n\t<meta property=\"og:image:type\" content=\"image\/jpeg\" \/>\n<meta name=\"author\" content=\"Redacci\u00f3n Box Repsol\" \/>\n<meta name=\"twitter:card\" content=\"summary_large_image\" \/>\n<meta name=\"twitter:creator\" content=\"@https:\/\/twitter.com\/box_repsol\" \/>\n<meta name=\"twitter:site\" content=\"@box_repsol\" \/>\n<meta name=\"twitter:label1\" content=\"Written by\" \/>\n\t<meta name=\"twitter:data1\" content=\"Redacci\u00f3n Box Repsol\" \/>\n\t<meta name=\"twitter:label2\" content=\"Est. reading time\" \/>\n\t<meta name=\"twitter:data2\" content=\"3 minutos\" \/>\n<script type=\"application\/ld+json\" class=\"yoast-schema-graph\">{\"@context\":\"https:\\\/\\\/schema.org\",\"@graph\":[{\"@type\":\"Article\",\"@id\":\"https:\\\/\\\/www.boxrepsol.com\\\/es\\\/sin-categorizar\\\/jesko-raffin-se-proclama-campeon-europa-moto2-albacete\\\/#article\",\"isPartOf\":{\"@id\":\"https:\\\/\\\/www.boxrepsol.com\\\/es\\\/sin-categorizar\\\/jesko-raffin-se-proclama-campeon-europa-moto2-albacete\\\/\"},\"author\":{\"name\":\"Redacci\u00f3n Box Repsol\",\"@id\":\"https:\\\/\\\/www.boxrepsol.com\\\/es\\\/#\\\/schema\\\/person\\\/c5c2138f2cca251b0ad92b7086bb60b7\"},\"headline\":\"Jesko Raffin se proclama Campe\u00f3n de Europa de Moto2 en Albacete\",\"datePublished\":\"2018-10-15T02:00:00+00:00\",\"dateModified\":\"2024-10-17T15:56:02+00:00\",\"mainEntityOfPage\":{\"@id\":\"https:\\\/\\\/www.boxrepsol.com\\\/es\\\/sin-categorizar\\\/jesko-raffin-se-proclama-campeon-europa-moto2-albacete\\\/\"},\"wordCount\":642,\"commentCount\":0,\"publisher\":{\"@id\":\"https:\\\/\\\/www.boxrepsol.com\\\/es\\\/#organization\"},\"image\":{\"@id\":\"https:\\\/\\\/www.boxrepsol.com\\\/es\\\/sin-categorizar\\\/jesko-raffin-se-proclama-campeon-europa-moto2-albacete\\\/#primaryimage\"},\"thumbnailUrl\":\"https:\\\/\\\/bxrepsol.s3.eu-west-1.amazonaws.com\\\/static\\\/2022\\\/08\\\/29083039\\\/00_jesko_raffin_moto2_fim_cev_repsol.jpg\",\"keywords\":[\"otros eventos y competiciones\"],\"articleSection\":[\"Sin categorizar\"],\"inLanguage\":\"es\",\"potentialAction\":[{\"@type\":\"CommentAction\",\"name\":\"Comment\",\"target\":[\"https:\\\/\\\/www.boxrepsol.com\\\/es\\\/sin-categorizar\\\/jesko-raffin-se-proclama-campeon-europa-moto2-albacete\\\/#respond\"]}]},{\"@type\":\"WebPage\",\"@id\":\"https:\\\/\\\/www.boxrepsol.com\\\/es\\\/sin-categorizar\\\/jesko-raffin-se-proclama-campeon-europa-moto2-albacete\\\/\",\"url\":\"https:\\\/\\\/www.boxrepsol.com\\\/es\\\/sin-categorizar\\\/jesko-raffin-se-proclama-campeon-europa-moto2-albacete\\\/\",\"name\":\"Jesko Raffin Campe\u00f3n de Europa de Moto2 - Box Repsol\",\"isPartOf\":{\"@id\":\"https:\\\/\\\/www.boxrepsol.com\\\/es\\\/#website\"},\"primaryImageOfPage\":{\"@id\":\"https:\\\/\\\/www.boxrepsol.com\\\/es\\\/sin-categorizar\\\/jesko-raffin-se-proclama-campeon-europa-moto2-albacete\\\/#primaryimage\"},\"image\":{\"@id\":\"https:\\\/\\\/www.boxrepsol.com\\\/es\\\/sin-categorizar\\\/jesko-raffin-se-proclama-campeon-europa-moto2-albacete\\\/#primaryimage\"},\"thumbnailUrl\":\"https:\\\/\\\/bxrepsol.s3.eu-west-1.amazonaws.com\\\/static\\\/2022\\\/08\\\/29083039\\\/00_jesko_raffin_moto2_fim_cev_repsol.jpg\",\"datePublished\":\"2018-10-15T02:00:00+00:00\",\"dateModified\":\"2024-10-17T15:56:02+00:00\",\"description\":\"El piloto suizo revalida el t\u00edtulo que gan\u00f3 en 2014. Ra\u00fal Fern\u00e1ndez, H\u00e9ctor Garz\u00f3, Luis Pomares y Alex Mill\u00e1n han sido los vencedores de las otras carreras.\",\"breadcrumb\":{\"@id\":\"https:\\\/\\\/www.boxrepsol.com\\\/es\\\/sin-categorizar\\\/jesko-raffin-se-proclama-campeon-europa-moto2-albacete\\\/#breadcrumb\"},\"inLanguage\":\"es\",\"potentialAction\":[{\"@type\":\"ReadAction\",\"target\":[\"https:\\\/\\\/www.boxrepsol.com\\\/es\\\/sin-categorizar\\\/jesko-raffin-se-proclama-campeon-europa-moto2-albacete\\\/\"]}]},{\"@type\":\"ImageObject\",\"inLanguage\":\"es\",\"@id\":\"https:\\\/\\\/www.boxrepsol.com\\\/es\\\/sin-categorizar\\\/jesko-raffin-se-proclama-campeon-europa-moto2-albacete\\\/#primaryimage\",\"url\":\"https:\\\/\\\/bxrepsol.s3.eu-west-1.amazonaws.com\\\/static\\\/2022\\\/08\\\/29083039\\\/00_jesko_raffin_moto2_fim_cev_repsol.jpg\",\"contentUrl\":\"https:\\\/\\\/bxrepsol.s3.eu-west-1.amazonaws.com\\\/static\\\/2022\\\/08\\\/29083039\\\/00_jesko_raffin_moto2_fim_cev_repsol.jpg\",\"width\":1280,\"height\":600,\"caption\":\"Jesko Raffin rodando en lluvia intensa\"},{\"@type\":\"BreadcrumbList\",\"@id\":\"https:\\\/\\\/www.boxrepsol.com\\\/es\\\/sin-categorizar\\\/jesko-raffin-se-proclama-campeon-europa-moto2-albacete\\\/#breadcrumb\",\"itemListElement\":[{\"@type\":\"ListItem\",\"position\":1,\"name\":\"Home\",\"item\":\"https:\\\/\\\/www.boxrepsol.com\\\/es\\\/\"},{\"@type\":\"ListItem\",\"position\":2,\"name\":\"Jesko Raffin se proclama Campe\u00f3n de Europa de Moto2 en Albacete\"}]},{\"@type\":\"WebSite\",\"@id\":\"https:\\\/\\\/www.boxrepsol.com\\\/es\\\/#website\",\"url\":\"https:\\\/\\\/www.boxrepsol.com\\\/es\\\/\",\"name\":\"Box Repsol\",\"description\":\"Box Repsol Site\",\"publisher\":{\"@id\":\"https:\\\/\\\/www.boxrepsol.com\\\/es\\\/#organization\"},\"potentialAction\":[{\"@type\":\"SearchAction\",\"target\":{\"@type\":\"EntryPoint\",\"urlTemplate\":\"https:\\\/\\\/www.boxrepsol.com\\\/es\\\/?s={search_term_string}\"},\"query-input\":{\"@type\":\"PropertyValueSpecification\",\"valueRequired\":true,\"valueName\":\"search_term_string\"}}],\"inLanguage\":\"es\"},{\"@type\":\"Organization\",\"@id\":\"https:\\\/\\\/www.boxrepsol.com\\\/es\\\/#organization\",\"name\":\"Box Repsol\",\"url\":\"https:\\\/\\\/www.boxrepsol.com\\\/es\\\/\",\"logo\":{\"@type\":\"ImageObject\",\"inLanguage\":\"es\",\"@id\":\"https:\\\/\\\/www.boxrepsol.com\\\/es\\\/#\\\/schema\\\/logo\\\/image\\\/\",\"url\":\"https:\\\/\\\/bxrepsol.s3.eu-west-1.amazonaws.com\\\/static\\\/2025\\\/07\\\/30083337\\\/favicon-96x96-1.png\",\"contentUrl\":\"https:\\\/\\\/bxrepsol.s3.eu-west-1.amazonaws.com\\\/static\\\/2025\\\/07\\\/30083337\\\/favicon-96x96-1.png\",\"width\":96,\"height\":96,\"caption\":\"Box Repsol\"},\"image\":{\"@id\":\"https:\\\/\\\/www.boxrepsol.com\\\/es\\\/#\\\/schema\\\/logo\\\/image\\\/\"},\"sameAs\":[\"https:\\\/\\\/www.facebook.com\\\/BoxRepsol\",\"https:\\\/\\\/x.com\\\/box_repsol\",\"http:\\\/\\\/instagram.com\\\/box_repsol\",\"https:\\\/\\\/www.youtube.com\\\/user\\\/RepsolCompeticion\",\"https:\\\/\\\/www.flickr.com\\\/photos\\\/box_repsol\\\/\"]},{\"@type\":\"Person\",\"@id\":\"https:\\\/\\\/www.boxrepsol.com\\\/es\\\/#\\\/schema\\\/person\\\/c5c2138f2cca251b0ad92b7086bb60b7\",\"name\":\"Redacci\u00f3n Box Repsol\",\"image\":{\"@type\":\"ImageObject\",\"inLanguage\":\"es\",\"@id\":\"https:\\\/\\\/secure.gravatar.com\\\/avatar\\\/adf7b77e38b4419baf32c7e9c21dde01f4e40df611f0978e3006fc4ba0aaab7e?s=96&d=mm&r=g\",\"url\":\"https:\\\/\\\/secure.gravatar.com\\\/avatar\\\/adf7b77e38b4419baf32c7e9c21dde01f4e40df611f0978e3006fc4ba0aaab7e?s=96&d=mm&r=g\",\"contentUrl\":\"https:\\\/\\\/secure.gravatar.com\\\/avatar\\\/adf7b77e38b4419baf32c7e9c21dde01f4e40df611f0978e3006fc4ba0aaab7e?s=96&d=mm&r=g\",\"caption\":\"Redacci\u00f3n Box Repsol\"},\"description\":\"Box Repsol lo forma un equipo de periodistas, community managers, dise\u00f1adores y fot\u00f3grafos con m\u00e1s de 20 a\u00f1os de experiencia en el mundo del motorsport. Hemos vivido el primer mundial de un espa\u00f1ol en la categor\u00eda reina de motociclismo con \u00c1lex Crivill\u00e9, estuvimos en las victorias de Pedrosa y los t\u00edtulos de M\u00e1rquez, acompa\u00f1amos en \u00c1frica a Nani Roma y Marc Coma en sus conquistas del Dakar y hemos vibrado con los t\u00edtulos de Toni Bou en Trial. Adem\u00e1s, en nuestro equipo contamos con expertos en el mundo de las dos y cuatro ruedas tanto de la calle y las carreteras, como de los circuitos. Periodistas que han trabajado en revistas y publicaciones para hacerte llegar desde rutas y consejos de mantenimiento, a curiosidades y trucos de pilotaje.\",\"sameAs\":[\"https:\\\/\\\/www.facebook.com\\\/BoxRepsol\\\/\",\"https:\\\/\\\/www.instagram.com\\\/box_repsol\\\/\",\"https:\\\/\\\/x.com\\\/https:\\\/\\\/twitter.com\\\/box_repsol\",\"https:\\\/\\\/www.youtube.com\\\/@Boxrepsol\"],\"url\":\"https:\\\/\\\/www.boxrepsol.com\\\/es\\\/author\\\/redaccion-box-repsol\\\/\"}]}<\/script>\n<!-- \/ Yoast SEO plugin. -->","yoast_head_json":{"title":"Jesko Raffin Campe\u00f3n de Europa de Moto2 - Box Repsol","description":"El piloto suizo revalida el t\u00edtulo que gan\u00f3 en 2014. Ra\u00fal Fern\u00e1ndez, H\u00e9ctor Garz\u00f3, Luis Pomares y Alex Mill\u00e1n han sido los vencedores de las otras carreras.","canonical":"https:\/\/www.boxrepsol.com\/es\/sin-categorizar\/jesko-raffin-se-proclama-campeon-europa-moto2-albacete\/","og_locale":"es_ES","og_type":"article","og_title":"Jesko Raffin Campe\u00f3n de Europa de Moto2 - Box Repsol","og_description":"El piloto suizo revalida el t\u00edtulo que gan\u00f3 en 2014. Ra\u00fal Fern\u00e1ndez, H\u00e9ctor Garz\u00f3, Luis Pomares y Alex Mill\u00e1n han sido los vencedores de las otras carreras.","og_url":"https:\/\/www.boxrepsol.com\/es\/sin-categorizar\/jesko-raffin-se-proclama-campeon-europa-moto2-albacete\/","og_site_name":"Box Repsol","article_publisher":"https:\/\/www.facebook.com\/BoxRepsol","article_author":"https:\/\/www.facebook.com\/BoxRepsol\/","article_published_time":"2018-10-15T02:00:00+00:00","article_modified_time":"2024-10-17T15:56:02+00:00","og_image":[{"width":1280,"height":600,"url":"https:\/\/bxrepsol.s3.eu-west-1.amazonaws.com\/static\/2022\/08\/29083039\/00_jesko_raffin_moto2_fim_cev_repsol.jpg","type":"image\/jpeg"}],"author":"Redacci\u00f3n Box Repsol","twitter_card":"summary_large_image","twitter_creator":"@https:\/\/twitter.com\/box_repsol","twitter_site":"@box_repsol","twitter_misc":{"Written by":"Redacci\u00f3n Box Repsol","Est. reading time":"3 minutos"},"schema":{"@context":"https:\/\/schema.org","@graph":[{"@type":"Article","@id":"https:\/\/www.boxrepsol.com\/es\/sin-categorizar\/jesko-raffin-se-proclama-campeon-europa-moto2-albacete\/#article","isPartOf":{"@id":"https:\/\/www.boxrepsol.com\/es\/sin-categorizar\/jesko-raffin-se-proclama-campeon-europa-moto2-albacete\/"},"author":{"name":"Redacci\u00f3n Box Repsol","@id":"https:\/\/www.boxrepsol.com\/es\/#\/schema\/person\/c5c2138f2cca251b0ad92b7086bb60b7"},"headline":"Jesko Raffin se proclama Campe\u00f3n de Europa de Moto2 en Albacete","datePublished":"2018-10-15T02:00:00+00:00","dateModified":"2024-10-17T15:56:02+00:00","mainEntityOfPage":{"@id":"https:\/\/www.boxrepsol.com\/es\/sin-categorizar\/jesko-raffin-se-proclama-campeon-europa-moto2-albacete\/"},"wordCount":642,"commentCount":0,"publisher":{"@id":"https:\/\/www.boxrepsol.com\/es\/#organization"},"image":{"@id":"https:\/\/www.boxrepsol.com\/es\/sin-categorizar\/jesko-raffin-se-proclama-campeon-europa-moto2-albacete\/#primaryimage"},"thumbnailUrl":"https:\/\/bxrepsol.s3.eu-west-1.amazonaws.com\/static\/2022\/08\/29083039\/00_jesko_raffin_moto2_fim_cev_repsol.jpg","keywords":["otros eventos y competiciones"],"articleSection":["Sin categorizar"],"inLanguage":"es","potentialAction":[{"@type":"CommentAction","name":"Comment","target":["https:\/\/www.boxrepsol.com\/es\/sin-categorizar\/jesko-raffin-se-proclama-campeon-europa-moto2-albacete\/#respond"]}]},{"@type":"WebPage","@id":"https:\/\/www.boxrepsol.com\/es\/sin-categorizar\/jesko-raffin-se-proclama-campeon-europa-moto2-albacete\/","url":"https:\/\/www.boxrepsol.com\/es\/sin-categorizar\/jesko-raffin-se-proclama-campeon-europa-moto2-albacete\/","name":"Jesko Raffin Campe\u00f3n de Europa de Moto2 - Box Repsol","isPartOf":{"@id":"https:\/\/www.boxrepsol.com\/es\/#website"},"primaryImageOfPage":{"@id":"https:\/\/www.boxrepsol.com\/es\/sin-categorizar\/jesko-raffin-se-proclama-campeon-europa-moto2-albacete\/#primaryimage"},"image":{"@id":"https:\/\/www.boxrepsol.com\/es\/sin-categorizar\/jesko-raffin-se-proclama-campeon-europa-moto2-albacete\/#primaryimage"},"thumbnailUrl":"https:\/\/bxrepsol.s3.eu-west-1.amazonaws.com\/static\/2022\/08\/29083039\/00_jesko_raffin_moto2_fim_cev_repsol.jpg","datePublished":"2018-10-15T02:00:00+00:00","dateModified":"2024-10-17T15:56:02+00:00","description":"El piloto suizo revalida el t\u00edtulo que gan\u00f3 en 2014. Ra\u00fal Fern\u00e1ndez, H\u00e9ctor Garz\u00f3, Luis Pomares y Alex Mill\u00e1n han sido los vencedores de las otras carreras.","breadcrumb":{"@id":"https:\/\/www.boxrepsol.com\/es\/sin-categorizar\/jesko-raffin-se-proclama-campeon-europa-moto2-albacete\/#breadcrumb"},"inLanguage":"es","potentialAction":[{"@type":"ReadAction","target":["https:\/\/www.boxrepsol.com\/es\/sin-categorizar\/jesko-raffin-se-proclama-campeon-europa-moto2-albacete\/"]}]},{"@type":"ImageObject","inLanguage":"es","@id":"https:\/\/www.boxrepsol.com\/es\/sin-categorizar\/jesko-raffin-se-proclama-campeon-europa-moto2-albacete\/#primaryimage","url":"https:\/\/bxrepsol.s3.eu-west-1.amazonaws.com\/static\/2022\/08\/29083039\/00_jesko_raffin_moto2_fim_cev_repsol.jpg","contentUrl":"https:\/\/bxrepsol.s3.eu-west-1.amazonaws.com\/static\/2022\/08\/29083039\/00_jesko_raffin_moto2_fim_cev_repsol.jpg","width":1280,"height":600,"caption":"Jesko Raffin rodando en lluvia intensa"},{"@type":"BreadcrumbList","@id":"https:\/\/www.boxrepsol.com\/es\/sin-categorizar\/jesko-raffin-se-proclama-campeon-europa-moto2-albacete\/#breadcrumb","itemListElement":[{"@type":"ListItem","position":1,"name":"Home","item":"https:\/\/www.boxrepsol.com\/es\/"},{"@type":"ListItem","position":2,"name":"Jesko Raffin se proclama Campe\u00f3n de Europa de Moto2 en Albacete"}]},{"@type":"WebSite","@id":"https:\/\/www.boxrepsol.com\/es\/#website","url":"https:\/\/www.boxrepsol.com\/es\/","name":"Box Repsol","description":"Box Repsol Site","publisher":{"@id":"https:\/\/www.boxrepsol.com\/es\/#organization"},"potentialAction":[{"@type":"SearchAction","target":{"@type":"EntryPoint","urlTemplate":"https:\/\/www.boxrepsol.com\/es\/?s={search_term_string}"},"query-input":{"@type":"PropertyValueSpecification","valueRequired":true,"valueName":"search_term_string"}}],"inLanguage":"es"},{"@type":"Organization","@id":"https:\/\/www.boxrepsol.com\/es\/#organization","name":"Box Repsol","url":"https:\/\/www.boxrepsol.com\/es\/","logo":{"@type":"ImageObject","inLanguage":"es","@id":"https:\/\/www.boxrepsol.com\/es\/#\/schema\/logo\/image\/","url":"https:\/\/bxrepsol.s3.eu-west-1.amazonaws.com\/static\/2025\/07\/30083337\/favicon-96x96-1.png","contentUrl":"https:\/\/bxrepsol.s3.eu-west-1.amazonaws.com\/static\/2025\/07\/30083337\/favicon-96x96-1.png","width":96,"height":96,"caption":"Box Repsol"},"image":{"@id":"https:\/\/www.boxrepsol.com\/es\/#\/schema\/logo\/image\/"},"sameAs":["https:\/\/www.facebook.com\/BoxRepsol","https:\/\/x.com\/box_repsol","http:\/\/instagram.com\/box_repsol","https:\/\/www.youtube.com\/user\/RepsolCompeticion","https:\/\/www.flickr.com\/photos\/box_repsol\/"]},{"@type":"Person","@id":"https:\/\/www.boxrepsol.com\/es\/#\/schema\/person\/c5c2138f2cca251b0ad92b7086bb60b7","name":"Redacci\u00f3n Box Repsol","image":{"@type":"ImageObject","inLanguage":"es","@id":"https:\/\/secure.gravatar.com\/avatar\/adf7b77e38b4419baf32c7e9c21dde01f4e40df611f0978e3006fc4ba0aaab7e?s=96&d=mm&r=g","url":"https:\/\/secure.gravatar.com\/avatar\/adf7b77e38b4419baf32c7e9c21dde01f4e40df611f0978e3006fc4ba0aaab7e?s=96&d=mm&r=g","contentUrl":"https:\/\/secure.gravatar.com\/avatar\/adf7b77e38b4419baf32c7e9c21dde01f4e40df611f0978e3006fc4ba0aaab7e?s=96&d=mm&r=g","caption":"Redacci\u00f3n Box Repsol"},"description":"Box Repsol lo forma un equipo de periodistas, community managers, dise\u00f1adores y fot\u00f3grafos con m\u00e1s de 20 a\u00f1os de experiencia en el mundo del motorsport. Hemos vivido el primer mundial de un espa\u00f1ol en la categor\u00eda reina de motociclismo con \u00c1lex Crivill\u00e9, estuvimos en las victorias de Pedrosa y los t\u00edtulos de M\u00e1rquez, acompa\u00f1amos en \u00c1frica a Nani Roma y Marc Coma en sus conquistas del Dakar y hemos vibrado con los t\u00edtulos de Toni Bou en Trial. Adem\u00e1s, en nuestro equipo contamos con expertos en el mundo de las dos y cuatro ruedas tanto de la calle y las carreteras, como de los circuitos. Periodistas que han trabajado en revistas y publicaciones para hacerte llegar desde rutas y consejos de mantenimiento, a curiosidades y trucos de pilotaje.","sameAs":["https:\/\/www.facebook.com\/BoxRepsol\/","https:\/\/www.instagram.com\/box_repsol\/","https:\/\/x.com\/https:\/\/twitter.com\/box_repsol","https:\/\/www.youtube.com\/@Boxrepsol"],"url":"https:\/\/www.boxrepsol.com\/es\/author\/redaccion-box-repsol\/"}]}},"_links":{"self":[{"href":"https:\/\/www.boxrepsol.com\/es\/wp-json\/wp\/v2\/posts\/93458","targetHints":{"allow":["GET"]}}],"collection":[{"href":"https:\/\/www.boxrepsol.com\/es\/wp-json\/wp\/v2\/posts"}],"about":[{"href":"https:\/\/www.boxrepsol.com\/es\/wp-json\/wp\/v2\/types\/post"}],"author":[{"embeddable":true,"href":"https:\/\/www.boxrepsol.com\/es\/wp-json\/wp\/v2\/users\/43146"}],"replies":[{"embeddable":true,"href":"https:\/\/www.boxrepsol.com\/es\/wp-json\/wp\/v2\/comments?post=93458"}],"version-history":[{"count":2,"href":"https:\/\/www.boxrepsol.com\/es\/wp-json\/wp\/v2\/posts\/93458\/revisions"}],"predecessor-version":[{"id":121306,"href":"https:\/\/www.boxrepsol.com\/es\/wp-json\/wp\/v2\/posts\/93458\/revisions\/121306"}],"wp:featuredmedia":[{"embeddable":true,"href":"https:\/\/www.boxrepsol.com\/es\/wp-json\/wp\/v2\/media\/59646"}],"wp:attachment":[{"href":"https:\/\/www.boxrepsol.com\/es\/wp-json\/wp\/v2\/media?parent=93458"}],"wp:term":[{"taxonomy":"category","embeddable":true,"href":"https:\/\/www.boxrepsol.com\/es\/wp-json\/wp\/v2\/categories?post=93458"},{"taxonomy":"post_tag","embeddable":true,"href":"https:\/\/www.boxrepsol.com\/es\/wp-json\/wp\/v2\/tags?post=93458"}],"curies":[{"name":"wp","href":"https:\/\/api.w.org\/{rel}","templated":true}]}}