{"id":93449,"date":"2018-10-10T00:00:00","date_gmt":"2018-10-10T02:00:00","guid":{"rendered":"http:\/\/pre.boxrepsol.com\/sin-categorizar\/isidre-esteve-acaba-rally-marruecos-espectacular-9o-lugar\/"},"modified":"2024-05-22T08:39:10","modified_gmt":"2024-05-22T10:39:10","slug":"isidre-esteve-acaba-rally-marruecos-espectacular-9o-lugar","status":"publish","type":"post","link":"https:\/\/www.boxrepsol.com\/es\/rally\/isidre-esteve-acaba-rally-marruecos-espectacular-9o-lugar\/","title":{"rendered":"Isidre Esteve acaba el Rally de Marruecos en un espectacular 9\u00ba lugar"},"content":{"rendered":"<p>Isidre Esteve ha superado el Rally de Marruecos en el grupo de cabeza y ha corroborado la gran progresi\u00f3n experimentada esta temporada por el Repsol Rally Team. <strong>El ilerdense concluye esta dura prueba de la Copa del Mundo de Rallys Cross-Country en una magn\u00edfica 9\u00aa posici\u00f3n absoluta<\/strong>, segunda de su categor\u00eda T1.2 y como <strong>mejor espa\u00f1ol en coches<\/strong>, con su prototipo con los mandos adaptados en el volante.<\/p>\n<blockquote><p>\n\t<a href=\"http:\/\/twitter.com\/share?text=%E2%80%9CEste+resultado+nos+dar%C3%A1+mucha+moral+de+cara+al+Dakar%E2%80%9D&#038;url=https%3A%2F%2Fwww.boxrepsol.com%2Fes%2F%3Fp%3D27164\" target=\"_blank\" rel=\"noopener\"><\/p>\n<p>\u201cEste resultado nos dar\u00e1 mucha moral de cara al Dakar\u201d<\/p>\n<p>\t<\/a>\n<\/p><\/blockquote>\n<p>Este martes se ha disputado la quinta y \u00faltima etapa del rally marroqu\u00ed, entre Erfoud y Fes. Los participantes han recorrido los 457 kil\u00f3metros finales, con dos especiales de 128 y 70 kil\u00f3metros respectivamente. <strong>Isidre Esteve y su copiloto Txema Villalobos han completado la jornada en 12\u00ba lugar, con un registro de 2h 58:32<\/strong> que ha servido para consolidarles dentro del Top 10 en la general y subir al segundo escal\u00f3n del podio de T1.2, categor\u00eda reservada a los todo terreno modificados di\u00e9sel.<\/p>\n<p><em>\u201cA pesar de ser la \u00faltima etapa, \u00e9sta no ha sido de tr\u00e1mite, ni mucho menos, y nos ha obligado a seguir concentrados hasta el \u00faltimo kil\u00f3metro. Ha sido una jornada complicada, con zonas lentas, piedras, barro, hierba\u2026 En definitiva, en la misma t\u00f3nica del resto del rally que <strong>ha representado un gran test para nosotros<\/strong>\u201d<\/em>.<\/p>\n<p><a href=\"https:\/\/bxrepsol.s3.eu-west-1.amazonaws.com\/static\/2022\/08\/05061843\/00_isidre_esteve_repsol_rally_team_txema_villalobos_david_pigem_lidia_guerrero.jpg\" \n   title=\"Isidre esteve con Txema Villalobos, Lidia Guerrero y David Pigem\" \n   data-gallery-thumbnail=\"https:\/\/bxrepsol.s3.eu-west-1.amazonaws.com\/static\/2022\/08\/05061843\/00_isidre_esteve_repsol_rally_team_txema_villalobos_david_pigem_lidia_guerrero.jpg\"\n   data-gallery><\/p>\n<figure>\n        <picture style=\"padding-bottom: 66.553767993226%; background-image: url(https:\/\/bxrepsol.s3.eu-west-1.amazonaws.com\/static\/2022\/08\/05061843\/00_isidre_esteve_repsol_rally_team_txema_villalobos_david_pigem_lidia_guerrero.jpg);\">\n            <img decoding=\"async\" src=\"https:\/\/bxrepsol.s3.eu-west-1.amazonaws.com\/static\/2022\/08\/05061843\/00_isidre_esteve_repsol_rally_team_txema_villalobos_david_pigem_lidia_guerrero.jpg\"><br \/>\n            <img itemprop=\"image\"\n                data-srcset=\"https:\/\/bxrepsol.s3.eu-west-1.amazonaws.com\/static\/2022\/08\/05061843\/00_isidre_esteve_repsol_rally_team_txema_villalobos_david_pigem_lidia_guerrero.jpg 480w, https:\/\/bxrepsol.s3.eu-west-1.amazonaws.com\/static\/2022\/08\/05061843\/00_isidre_esteve_repsol_rally_team_txema_villalobos_david_pigem_lidia_guerrero.jpg 600w, https:\/\/bxrepsol.s3.eu-west-1.amazonaws.com\/static\/2022\/08\/05061843\/00_isidre_esteve_repsol_rally_team_txema_villalobos_david_pigem_lidia_guerrero.jpg 900w\"\n                data-src=\"https:\/\/bxrepsol.s3.eu-west-1.amazonaws.com\/static\/2022\/08\/05061843\/00_isidre_esteve_repsol_rally_team_txema_villalobos_david_pigem_lidia_guerrero.jpg\"\n                alt=\"Isidre esteve con Txema Villalobos, Lidia Guerrero y David Pigem\"\n                title=\"Isidre Esteve y su equipo celebran los resultados del Rally de  Marruecos\"\/><br \/>\n            <noscript><img decoding=\"async\" src=\"https:\/\/bxrepsol.s3.eu-west-1.amazonaws.com\/static\/2022\/08\/05061843\/00_isidre_esteve_repsol_rally_team_txema_villalobos_david_pigem_lidia_guerrero.jpg\" alt=\"Isidre esteve con Txema Villalobos, Lidia Guerrero y David Pigem\"><\/noscript>\n        <\/picture><figcaption>Isidre esteve con Txema Villalobos, Lidia Guerrero y David Pigem<\/figcaption><\/figure>\n<p><\/a><\/p>\n<p>Despu\u00e9s de casi 2.000 kil\u00f3metros por el exigente terreno de Marruecos, <strong>el Repsol Rally Team se ha afianzado entre los mejores superando incluso a alguna de las potentes escuadras oficiales<\/strong>. Su tiempo total acumulado ha sido de 22 horas, 05 minutos y 23 segundos. El vencedor final ha sido el doble campe\u00f3n del Dakar Nasser Al-Attiyah (Toyota Hilux).<\/p>\n<p><em>\u201cTodav\u00eda estamos lejos de los primeros, pero acabar en el Top 10 en esta carrera nos hace muy felices porque significa una recompensa a todo el trabajo realizado hasta ahora y nos dar\u00e1 fuerza para seguir mejorando. <strong>Dedico este resultado a todo el equipo y les felicito por que se han esforzado al m\u00e1ximo<\/strong> para adaptar el coche a mi gusto\u201d<\/em>.<\/p>\n<p>Una de las claves de su buen papel en esta dura prueba, junto al elevado ritmo de pilotaje, <strong>la acertada navegaci\u00f3n entre las dunas<\/strong> y la fiabilidad de su <a href=\"https:\/\/www.boxrepsol.com\/es\/rally\/montate-sodicar-bv6-t-1-2-isidre-esteve\/\">prototipo BV6<\/a> en el desierto, ha sido el buen rendimiento de sus nuevos neum\u00e1ticos BFGoodrich All-Terrain T\/A KDR2+, que le han permitido superar las etapas sin necesidad de detenerse para modificar las presiones.<\/p>\n<p>                <!-- Imagen relacionada --><br \/>\n        <img loading=\"lazy\" decoding=\"async\" width=\"404\" height=\"336\" src=\"https:\/\/bxrepsol.s3.eu-west-1.amazonaws.com\/static\/2022\/08\/05061844\/00_isidre_esteve_repsol_rally_team_marruecos_etapa_4-1.jpg\" alt=\"Isidre Esteve con su coche en el rally de Marruecos\" \/><br \/>\n                <!-- Categor\u00eda --><br \/>\n            Rally<br \/>\n        <!-- T\u00edtulo --><br \/>\n        <a href=\"https:\/\/www.boxrepsol.com\/es\/rally\/historico-decimo-puesto-isidre-esteve-marruecos\/\"><\/p>\n<h3>Hist\u00f3rico d\u00e9cimo puesto para Isidre Esteve en Marruecos<\/h3>\n<p>        <\/a><br \/>\n                    <!-- Fecha --><br \/>\n            hace 1 hora        <\/p>\n<p><em>\u201cEn l\u00edneas generales, este a\u00f1o hemos dado un gran paso adelante, aunque lo m\u00e1s importante son las buenas sensaciones con las que nos vamos de Marruecos. <strong>Esta carrera nos ha ido genial para comprobar que el coche nos transmite una gran seguridad en todo tipo de terrenos<\/strong> y nos permite ser mucho m\u00e1s r\u00e1pidos que la temporada anterior\u201d<\/em>.<\/p>\n<p>En estos momentos de alegr\u00eda, Isidre Esteve subrayaba que\u00a0<em>\u201cel rally-raid es el mejor exponente del deporte inclusivo. Gracias a los mandos en el volante, una vez arranca la carrera me olvido de mi lesi\u00f3n medular y no me siento diferente a mis rivales. Todos debemos pasar por la misma pista, superar las mismas dificultades y luchamos por una misma clasificaci\u00f3n. Eso es genial y, de no ser as\u00ed, no estar\u00eda compitiendo\u201d.<\/em><\/p>\n<p>Su pr\u00f3ximo objetivo ser\u00e1 el Dakar 2018, que afrontar\u00e1 con m\u00e1s confianza que nunca tras el gran rendimiento ofrecido en las dos pruebas en las que ha competido este a\u00f1o: <a href=\"https:\/\/www.boxrepsol.com\/es\/rally\/isidre-esteve-la-baja-aragon-2\/\">la Baja Arag\u00f3n<\/a> y el Rally de Marruecos.\u00a0<em>\u201cLlegaremos a Per\u00fa con muchas cosas aprendidas, una gran motivaci\u00f3n y con un veh\u00edculo mucho m\u00e1s competitivo, aunque todav\u00eda nos queda un mes de trabajo antes de embarcarlo en el ferry hacia Sudam\u00e9rica y debemos aprovecharlo al m\u00e1ximo\u201d<\/em>, sentencia.<\/p>\n","protected":false},"excerpt":{"rendered":"<p>El piloto del Repsol Rally Team ha completado su mejor actuaci\u00f3n mundialista y confirma el importante salto cualitativo del proyecto.<\/p>\n","protected":false},"author":43146,"featured_media":59615,"comment_status":"open","ping_status":"open","sticky":false,"template":"","format":"standard","meta":{"footnotes":""},"categories":[27],"tags":[29],"class_list":["post-93449","post","type-post","status-publish","format-standard","hentry","category-rally","tag-isidre-esteve"],"yoast_head":"<!-- This site is optimized with the Yoast SEO plugin v27.3 - https:\/\/yoast.com\/product\/yoast-seo-wordpress\/ -->\n<title>Isidre Esteve 9\u00ba en el Rally de Marruecos -Box Repsol<\/title>\n<meta name=\"description\" content=\"El piloto del Repsol Rally Team ha completado su mejor actuaci\u00f3n mundialista y confirma el importante salto cualitativo del proyecto.\" \/>\n<link rel=\"canonical\" href=\"https:\/\/www.boxrepsol.com\/es\/rally\/isidre-esteve-acaba-rally-marruecos-espectacular-9o-lugar\/\" \/>\n<meta property=\"og:locale\" content=\"es_ES\" \/>\n<meta property=\"og:type\" content=\"article\" \/>\n<meta property=\"og:title\" content=\"Isidre Esteve 9\u00ba en el Rally de Marruecos -Box Repsol\" \/>\n<meta property=\"og:description\" content=\"El piloto del Repsol Rally Team ha completado su mejor actuaci\u00f3n mundialista y confirma el importante salto cualitativo del proyecto.\" \/>\n<meta property=\"og:url\" content=\"https:\/\/www.boxrepsol.com\/es\/rally\/isidre-esteve-acaba-rally-marruecos-espectacular-9o-lugar\/\" \/>\n<meta property=\"og:site_name\" content=\"Box Repsol\" \/>\n<meta property=\"article:publisher\" content=\"https:\/\/www.facebook.com\/BoxRepsol\" \/>\n<meta property=\"article:author\" content=\"https:\/\/www.facebook.com\/BoxRepsol\/\" \/>\n<meta property=\"article:published_time\" content=\"2018-10-10T02:00:00+00:00\" \/>\n<meta property=\"article:modified_time\" content=\"2024-05-22T10:39:10+00:00\" \/>\n<meta property=\"og:image\" content=\"https:\/\/bxrepsol.s3.eu-west-1.amazonaws.com\/static\/2022\/08\/29083017\/00_isidre_esteve_txema_villalobos_repsol_rally_team_rally_marruecos_placas.jpg\" \/>\n\t<meta property=\"og:image:width\" content=\"1280\" \/>\n\t<meta property=\"og:image:height\" content=\"600\" \/>\n\t<meta property=\"og:image:type\" content=\"image\/jpeg\" \/>\n<meta name=\"author\" content=\"Redacci\u00f3n Box Repsol\" \/>\n<meta name=\"twitter:card\" content=\"summary_large_image\" \/>\n<meta name=\"twitter:creator\" content=\"@https:\/\/twitter.com\/box_repsol\" \/>\n<meta name=\"twitter:site\" content=\"@box_repsol\" \/>\n<meta name=\"twitter:label1\" content=\"Written by\" \/>\n\t<meta name=\"twitter:data1\" content=\"Redacci\u00f3n Box Repsol\" \/>\n\t<meta name=\"twitter:label2\" content=\"Est. reading time\" \/>\n\t<meta name=\"twitter:data2\" content=\"3 minutos\" \/>\n<script type=\"application\/ld+json\" class=\"yoast-schema-graph\">{\"@context\":\"https:\\\/\\\/schema.org\",\"@graph\":[{\"@type\":\"Article\",\"@id\":\"https:\\\/\\\/www.boxrepsol.com\\\/es\\\/rally\\\/isidre-esteve-acaba-rally-marruecos-espectacular-9o-lugar\\\/#article\",\"isPartOf\":{\"@id\":\"https:\\\/\\\/www.boxrepsol.com\\\/es\\\/rally\\\/isidre-esteve-acaba-rally-marruecos-espectacular-9o-lugar\\\/\"},\"author\":{\"name\":\"Redacci\u00f3n Box Repsol\",\"@id\":\"https:\\\/\\\/www.boxrepsol.com\\\/es\\\/#\\\/schema\\\/person\\\/c5c2138f2cca251b0ad92b7086bb60b7\"},\"headline\":\"Isidre Esteve acaba el Rally de Marruecos en un espectacular 9\u00ba lugar\",\"datePublished\":\"2018-10-10T02:00:00+00:00\",\"dateModified\":\"2024-05-22T10:39:10+00:00\",\"mainEntityOfPage\":{\"@id\":\"https:\\\/\\\/www.boxrepsol.com\\\/es\\\/rally\\\/isidre-esteve-acaba-rally-marruecos-espectacular-9o-lugar\\\/\"},\"wordCount\":666,\"commentCount\":0,\"publisher\":{\"@id\":\"https:\\\/\\\/www.boxrepsol.com\\\/es\\\/#organization\"},\"image\":{\"@id\":\"https:\\\/\\\/www.boxrepsol.com\\\/es\\\/rally\\\/isidre-esteve-acaba-rally-marruecos-espectacular-9o-lugar\\\/#primaryimage\"},\"thumbnailUrl\":\"https:\\\/\\\/bxrepsol.s3.eu-west-1.amazonaws.com\\\/static\\\/2022\\\/08\\\/29083017\\\/00_isidre_esteve_txema_villalobos_repsol_rally_team_rally_marruecos_placas.jpg\",\"keywords\":[\"Isidre Esteve\"],\"articleSection\":[\"Rally\"],\"inLanguage\":\"es\",\"potentialAction\":[{\"@type\":\"CommentAction\",\"name\":\"Comment\",\"target\":[\"https:\\\/\\\/www.boxrepsol.com\\\/es\\\/rally\\\/isidre-esteve-acaba-rally-marruecos-espectacular-9o-lugar\\\/#respond\"]}]},{\"@type\":\"WebPage\",\"@id\":\"https:\\\/\\\/www.boxrepsol.com\\\/es\\\/rally\\\/isidre-esteve-acaba-rally-marruecos-espectacular-9o-lugar\\\/\",\"url\":\"https:\\\/\\\/www.boxrepsol.com\\\/es\\\/rally\\\/isidre-esteve-acaba-rally-marruecos-espectacular-9o-lugar\\\/\",\"name\":\"Isidre Esteve 9\u00ba en el Rally de Marruecos -Box Repsol\",\"isPartOf\":{\"@id\":\"https:\\\/\\\/www.boxrepsol.com\\\/es\\\/#website\"},\"primaryImageOfPage\":{\"@id\":\"https:\\\/\\\/www.boxrepsol.com\\\/es\\\/rally\\\/isidre-esteve-acaba-rally-marruecos-espectacular-9o-lugar\\\/#primaryimage\"},\"image\":{\"@id\":\"https:\\\/\\\/www.boxrepsol.com\\\/es\\\/rally\\\/isidre-esteve-acaba-rally-marruecos-espectacular-9o-lugar\\\/#primaryimage\"},\"thumbnailUrl\":\"https:\\\/\\\/bxrepsol.s3.eu-west-1.amazonaws.com\\\/static\\\/2022\\\/08\\\/29083017\\\/00_isidre_esteve_txema_villalobos_repsol_rally_team_rally_marruecos_placas.jpg\",\"datePublished\":\"2018-10-10T02:00:00+00:00\",\"dateModified\":\"2024-05-22T10:39:10+00:00\",\"description\":\"El piloto del Repsol Rally Team ha completado su mejor actuaci\u00f3n mundialista y confirma el importante salto cualitativo del proyecto.\",\"breadcrumb\":{\"@id\":\"https:\\\/\\\/www.boxrepsol.com\\\/es\\\/rally\\\/isidre-esteve-acaba-rally-marruecos-espectacular-9o-lugar\\\/#breadcrumb\"},\"inLanguage\":\"es\",\"potentialAction\":[{\"@type\":\"ReadAction\",\"target\":[\"https:\\\/\\\/www.boxrepsol.com\\\/es\\\/rally\\\/isidre-esteve-acaba-rally-marruecos-espectacular-9o-lugar\\\/\"]}]},{\"@type\":\"ImageObject\",\"inLanguage\":\"es\",\"@id\":\"https:\\\/\\\/www.boxrepsol.com\\\/es\\\/rally\\\/isidre-esteve-acaba-rally-marruecos-espectacular-9o-lugar\\\/#primaryimage\",\"url\":\"https:\\\/\\\/bxrepsol.s3.eu-west-1.amazonaws.com\\\/static\\\/2022\\\/08\\\/29083017\\\/00_isidre_esteve_txema_villalobos_repsol_rally_team_rally_marruecos_placas.jpg\",\"contentUrl\":\"https:\\\/\\\/bxrepsol.s3.eu-west-1.amazonaws.com\\\/static\\\/2022\\\/08\\\/29083017\\\/00_isidre_esteve_txema_villalobos_repsol_rally_team_rally_marruecos_placas.jpg\",\"width\":1280,\"height\":600,\"caption\":\"Isidre Esteve y Txema Villalobos en el coche de rally\"},{\"@type\":\"BreadcrumbList\",\"@id\":\"https:\\\/\\\/www.boxrepsol.com\\\/es\\\/rally\\\/isidre-esteve-acaba-rally-marruecos-espectacular-9o-lugar\\\/#breadcrumb\",\"itemListElement\":[{\"@type\":\"ListItem\",\"position\":1,\"name\":\"Home\",\"item\":\"https:\\\/\\\/www.boxrepsol.com\\\/es\\\/\"},{\"@type\":\"ListItem\",\"position\":2,\"name\":\"Isidre Esteve acaba el Rally de Marruecos en un espectacular 9\u00ba lugar\"}]},{\"@type\":\"WebSite\",\"@id\":\"https:\\\/\\\/www.boxrepsol.com\\\/es\\\/#website\",\"url\":\"https:\\\/\\\/www.boxrepsol.com\\\/es\\\/\",\"name\":\"Box Repsol\",\"description\":\"Box Repsol Site\",\"publisher\":{\"@id\":\"https:\\\/\\\/www.boxrepsol.com\\\/es\\\/#organization\"},\"potentialAction\":[{\"@type\":\"SearchAction\",\"target\":{\"@type\":\"EntryPoint\",\"urlTemplate\":\"https:\\\/\\\/www.boxrepsol.com\\\/es\\\/?s={search_term_string}\"},\"query-input\":{\"@type\":\"PropertyValueSpecification\",\"valueRequired\":true,\"valueName\":\"search_term_string\"}}],\"inLanguage\":\"es\"},{\"@type\":\"Organization\",\"@id\":\"https:\\\/\\\/www.boxrepsol.com\\\/es\\\/#organization\",\"name\":\"Box Repsol\",\"url\":\"https:\\\/\\\/www.boxrepsol.com\\\/es\\\/\",\"logo\":{\"@type\":\"ImageObject\",\"inLanguage\":\"es\",\"@id\":\"https:\\\/\\\/www.boxrepsol.com\\\/es\\\/#\\\/schema\\\/logo\\\/image\\\/\",\"url\":\"https:\\\/\\\/bxrepsol.s3.eu-west-1.amazonaws.com\\\/static\\\/2025\\\/07\\\/30083337\\\/favicon-96x96-1.png\",\"contentUrl\":\"https:\\\/\\\/bxrepsol.s3.eu-west-1.amazonaws.com\\\/static\\\/2025\\\/07\\\/30083337\\\/favicon-96x96-1.png\",\"width\":96,\"height\":96,\"caption\":\"Box Repsol\"},\"image\":{\"@id\":\"https:\\\/\\\/www.boxrepsol.com\\\/es\\\/#\\\/schema\\\/logo\\\/image\\\/\"},\"sameAs\":[\"https:\\\/\\\/www.facebook.com\\\/BoxRepsol\",\"https:\\\/\\\/x.com\\\/box_repsol\",\"http:\\\/\\\/instagram.com\\\/box_repsol\",\"https:\\\/\\\/www.youtube.com\\\/user\\\/RepsolCompeticion\",\"https:\\\/\\\/www.flickr.com\\\/photos\\\/box_repsol\\\/\"]},{\"@type\":\"Person\",\"@id\":\"https:\\\/\\\/www.boxrepsol.com\\\/es\\\/#\\\/schema\\\/person\\\/c5c2138f2cca251b0ad92b7086bb60b7\",\"name\":\"Redacci\u00f3n Box Repsol\",\"image\":{\"@type\":\"ImageObject\",\"inLanguage\":\"es\",\"@id\":\"https:\\\/\\\/secure.gravatar.com\\\/avatar\\\/adf7b77e38b4419baf32c7e9c21dde01f4e40df611f0978e3006fc4ba0aaab7e?s=96&d=mm&r=g\",\"url\":\"https:\\\/\\\/secure.gravatar.com\\\/avatar\\\/adf7b77e38b4419baf32c7e9c21dde01f4e40df611f0978e3006fc4ba0aaab7e?s=96&d=mm&r=g\",\"contentUrl\":\"https:\\\/\\\/secure.gravatar.com\\\/avatar\\\/adf7b77e38b4419baf32c7e9c21dde01f4e40df611f0978e3006fc4ba0aaab7e?s=96&d=mm&r=g\",\"caption\":\"Redacci\u00f3n Box Repsol\"},\"description\":\"Box Repsol lo forma un equipo de periodistas, community managers, dise\u00f1adores y fot\u00f3grafos con m\u00e1s de 20 a\u00f1os de experiencia en el mundo del motorsport. Hemos vivido el primer mundial de un espa\u00f1ol en la categor\u00eda reina de motociclismo con \u00c1lex Crivill\u00e9, estuvimos en las victorias de Pedrosa y los t\u00edtulos de M\u00e1rquez, acompa\u00f1amos en \u00c1frica a Nani Roma y Marc Coma en sus conquistas del Dakar y hemos vibrado con los t\u00edtulos de Toni Bou en Trial. Adem\u00e1s, en nuestro equipo contamos con expertos en el mundo de las dos y cuatro ruedas tanto de la calle y las carreteras, como de los circuitos. Periodistas que han trabajado en revistas y publicaciones para hacerte llegar desde rutas y consejos de mantenimiento, a curiosidades y trucos de pilotaje.\",\"sameAs\":[\"https:\\\/\\\/www.facebook.com\\\/BoxRepsol\\\/\",\"https:\\\/\\\/www.instagram.com\\\/box_repsol\\\/\",\"https:\\\/\\\/x.com\\\/https:\\\/\\\/twitter.com\\\/box_repsol\",\"https:\\\/\\\/www.youtube.com\\\/@Boxrepsol\"],\"url\":\"https:\\\/\\\/www.boxrepsol.com\\\/es\\\/author\\\/redaccion-box-repsol\\\/\"}]}<\/script>\n<!-- \/ Yoast SEO plugin. -->","yoast_head_json":{"title":"Isidre Esteve 9\u00ba en el Rally de Marruecos -Box Repsol","description":"El piloto del Repsol Rally Team ha completado su mejor actuaci\u00f3n mundialista y confirma el importante salto cualitativo del proyecto.","canonical":"https:\/\/www.boxrepsol.com\/es\/rally\/isidre-esteve-acaba-rally-marruecos-espectacular-9o-lugar\/","og_locale":"es_ES","og_type":"article","og_title":"Isidre Esteve 9\u00ba en el Rally de Marruecos -Box Repsol","og_description":"El piloto del Repsol Rally Team ha completado su mejor actuaci\u00f3n mundialista y confirma el importante salto cualitativo del proyecto.","og_url":"https:\/\/www.boxrepsol.com\/es\/rally\/isidre-esteve-acaba-rally-marruecos-espectacular-9o-lugar\/","og_site_name":"Box Repsol","article_publisher":"https:\/\/www.facebook.com\/BoxRepsol","article_author":"https:\/\/www.facebook.com\/BoxRepsol\/","article_published_time":"2018-10-10T02:00:00+00:00","article_modified_time":"2024-05-22T10:39:10+00:00","og_image":[{"width":1280,"height":600,"url":"https:\/\/bxrepsol.s3.eu-west-1.amazonaws.com\/static\/2022\/08\/29083017\/00_isidre_esteve_txema_villalobos_repsol_rally_team_rally_marruecos_placas.jpg","type":"image\/jpeg"}],"author":"Redacci\u00f3n Box Repsol","twitter_card":"summary_large_image","twitter_creator":"@https:\/\/twitter.com\/box_repsol","twitter_site":"@box_repsol","twitter_misc":{"Written by":"Redacci\u00f3n Box Repsol","Est. reading time":"3 minutos"},"schema":{"@context":"https:\/\/schema.org","@graph":[{"@type":"Article","@id":"https:\/\/www.boxrepsol.com\/es\/rally\/isidre-esteve-acaba-rally-marruecos-espectacular-9o-lugar\/#article","isPartOf":{"@id":"https:\/\/www.boxrepsol.com\/es\/rally\/isidre-esteve-acaba-rally-marruecos-espectacular-9o-lugar\/"},"author":{"name":"Redacci\u00f3n Box Repsol","@id":"https:\/\/www.boxrepsol.com\/es\/#\/schema\/person\/c5c2138f2cca251b0ad92b7086bb60b7"},"headline":"Isidre Esteve acaba el Rally de Marruecos en un espectacular 9\u00ba lugar","datePublished":"2018-10-10T02:00:00+00:00","dateModified":"2024-05-22T10:39:10+00:00","mainEntityOfPage":{"@id":"https:\/\/www.boxrepsol.com\/es\/rally\/isidre-esteve-acaba-rally-marruecos-espectacular-9o-lugar\/"},"wordCount":666,"commentCount":0,"publisher":{"@id":"https:\/\/www.boxrepsol.com\/es\/#organization"},"image":{"@id":"https:\/\/www.boxrepsol.com\/es\/rally\/isidre-esteve-acaba-rally-marruecos-espectacular-9o-lugar\/#primaryimage"},"thumbnailUrl":"https:\/\/bxrepsol.s3.eu-west-1.amazonaws.com\/static\/2022\/08\/29083017\/00_isidre_esteve_txema_villalobos_repsol_rally_team_rally_marruecos_placas.jpg","keywords":["Isidre Esteve"],"articleSection":["Rally"],"inLanguage":"es","potentialAction":[{"@type":"CommentAction","name":"Comment","target":["https:\/\/www.boxrepsol.com\/es\/rally\/isidre-esteve-acaba-rally-marruecos-espectacular-9o-lugar\/#respond"]}]},{"@type":"WebPage","@id":"https:\/\/www.boxrepsol.com\/es\/rally\/isidre-esteve-acaba-rally-marruecos-espectacular-9o-lugar\/","url":"https:\/\/www.boxrepsol.com\/es\/rally\/isidre-esteve-acaba-rally-marruecos-espectacular-9o-lugar\/","name":"Isidre Esteve 9\u00ba en el Rally de Marruecos -Box Repsol","isPartOf":{"@id":"https:\/\/www.boxrepsol.com\/es\/#website"},"primaryImageOfPage":{"@id":"https:\/\/www.boxrepsol.com\/es\/rally\/isidre-esteve-acaba-rally-marruecos-espectacular-9o-lugar\/#primaryimage"},"image":{"@id":"https:\/\/www.boxrepsol.com\/es\/rally\/isidre-esteve-acaba-rally-marruecos-espectacular-9o-lugar\/#primaryimage"},"thumbnailUrl":"https:\/\/bxrepsol.s3.eu-west-1.amazonaws.com\/static\/2022\/08\/29083017\/00_isidre_esteve_txema_villalobos_repsol_rally_team_rally_marruecos_placas.jpg","datePublished":"2018-10-10T02:00:00+00:00","dateModified":"2024-05-22T10:39:10+00:00","description":"El piloto del Repsol Rally Team ha completado su mejor actuaci\u00f3n mundialista y confirma el importante salto cualitativo del proyecto.","breadcrumb":{"@id":"https:\/\/www.boxrepsol.com\/es\/rally\/isidre-esteve-acaba-rally-marruecos-espectacular-9o-lugar\/#breadcrumb"},"inLanguage":"es","potentialAction":[{"@type":"ReadAction","target":["https:\/\/www.boxrepsol.com\/es\/rally\/isidre-esteve-acaba-rally-marruecos-espectacular-9o-lugar\/"]}]},{"@type":"ImageObject","inLanguage":"es","@id":"https:\/\/www.boxrepsol.com\/es\/rally\/isidre-esteve-acaba-rally-marruecos-espectacular-9o-lugar\/#primaryimage","url":"https:\/\/bxrepsol.s3.eu-west-1.amazonaws.com\/static\/2022\/08\/29083017\/00_isidre_esteve_txema_villalobos_repsol_rally_team_rally_marruecos_placas.jpg","contentUrl":"https:\/\/bxrepsol.s3.eu-west-1.amazonaws.com\/static\/2022\/08\/29083017\/00_isidre_esteve_txema_villalobos_repsol_rally_team_rally_marruecos_placas.jpg","width":1280,"height":600,"caption":"Isidre Esteve y Txema Villalobos en el coche de rally"},{"@type":"BreadcrumbList","@id":"https:\/\/www.boxrepsol.com\/es\/rally\/isidre-esteve-acaba-rally-marruecos-espectacular-9o-lugar\/#breadcrumb","itemListElement":[{"@type":"ListItem","position":1,"name":"Home","item":"https:\/\/www.boxrepsol.com\/es\/"},{"@type":"ListItem","position":2,"name":"Isidre Esteve acaba el Rally de Marruecos en un espectacular 9\u00ba lugar"}]},{"@type":"WebSite","@id":"https:\/\/www.boxrepsol.com\/es\/#website","url":"https:\/\/www.boxrepsol.com\/es\/","name":"Box Repsol","description":"Box Repsol Site","publisher":{"@id":"https:\/\/www.boxrepsol.com\/es\/#organization"},"potentialAction":[{"@type":"SearchAction","target":{"@type":"EntryPoint","urlTemplate":"https:\/\/www.boxrepsol.com\/es\/?s={search_term_string}"},"query-input":{"@type":"PropertyValueSpecification","valueRequired":true,"valueName":"search_term_string"}}],"inLanguage":"es"},{"@type":"Organization","@id":"https:\/\/www.boxrepsol.com\/es\/#organization","name":"Box Repsol","url":"https:\/\/www.boxrepsol.com\/es\/","logo":{"@type":"ImageObject","inLanguage":"es","@id":"https:\/\/www.boxrepsol.com\/es\/#\/schema\/logo\/image\/","url":"https:\/\/bxrepsol.s3.eu-west-1.amazonaws.com\/static\/2025\/07\/30083337\/favicon-96x96-1.png","contentUrl":"https:\/\/bxrepsol.s3.eu-west-1.amazonaws.com\/static\/2025\/07\/30083337\/favicon-96x96-1.png","width":96,"height":96,"caption":"Box Repsol"},"image":{"@id":"https:\/\/www.boxrepsol.com\/es\/#\/schema\/logo\/image\/"},"sameAs":["https:\/\/www.facebook.com\/BoxRepsol","https:\/\/x.com\/box_repsol","http:\/\/instagram.com\/box_repsol","https:\/\/www.youtube.com\/user\/RepsolCompeticion","https:\/\/www.flickr.com\/photos\/box_repsol\/"]},{"@type":"Person","@id":"https:\/\/www.boxrepsol.com\/es\/#\/schema\/person\/c5c2138f2cca251b0ad92b7086bb60b7","name":"Redacci\u00f3n Box Repsol","image":{"@type":"ImageObject","inLanguage":"es","@id":"https:\/\/secure.gravatar.com\/avatar\/adf7b77e38b4419baf32c7e9c21dde01f4e40df611f0978e3006fc4ba0aaab7e?s=96&d=mm&r=g","url":"https:\/\/secure.gravatar.com\/avatar\/adf7b77e38b4419baf32c7e9c21dde01f4e40df611f0978e3006fc4ba0aaab7e?s=96&d=mm&r=g","contentUrl":"https:\/\/secure.gravatar.com\/avatar\/adf7b77e38b4419baf32c7e9c21dde01f4e40df611f0978e3006fc4ba0aaab7e?s=96&d=mm&r=g","caption":"Redacci\u00f3n Box Repsol"},"description":"Box Repsol lo forma un equipo de periodistas, community managers, dise\u00f1adores y fot\u00f3grafos con m\u00e1s de 20 a\u00f1os de experiencia en el mundo del motorsport. Hemos vivido el primer mundial de un espa\u00f1ol en la categor\u00eda reina de motociclismo con \u00c1lex Crivill\u00e9, estuvimos en las victorias de Pedrosa y los t\u00edtulos de M\u00e1rquez, acompa\u00f1amos en \u00c1frica a Nani Roma y Marc Coma en sus conquistas del Dakar y hemos vibrado con los t\u00edtulos de Toni Bou en Trial. Adem\u00e1s, en nuestro equipo contamos con expertos en el mundo de las dos y cuatro ruedas tanto de la calle y las carreteras, como de los circuitos. Periodistas que han trabajado en revistas y publicaciones para hacerte llegar desde rutas y consejos de mantenimiento, a curiosidades y trucos de pilotaje.","sameAs":["https:\/\/www.facebook.com\/BoxRepsol\/","https:\/\/www.instagram.com\/box_repsol\/","https:\/\/x.com\/https:\/\/twitter.com\/box_repsol","https:\/\/www.youtube.com\/@Boxrepsol"],"url":"https:\/\/www.boxrepsol.com\/es\/author\/redaccion-box-repsol\/"}]}},"_links":{"self":[{"href":"https:\/\/www.boxrepsol.com\/es\/wp-json\/wp\/v2\/posts\/93449","targetHints":{"allow":["GET"]}}],"collection":[{"href":"https:\/\/www.boxrepsol.com\/es\/wp-json\/wp\/v2\/posts"}],"about":[{"href":"https:\/\/www.boxrepsol.com\/es\/wp-json\/wp\/v2\/types\/post"}],"author":[{"embeddable":true,"href":"https:\/\/www.boxrepsol.com\/es\/wp-json\/wp\/v2\/users\/43146"}],"replies":[{"embeddable":true,"href":"https:\/\/www.boxrepsol.com\/es\/wp-json\/wp\/v2\/comments?post=93449"}],"version-history":[{"count":1,"href":"https:\/\/www.boxrepsol.com\/es\/wp-json\/wp\/v2\/posts\/93449\/revisions"}],"predecessor-version":[{"id":93450,"href":"https:\/\/www.boxrepsol.com\/es\/wp-json\/wp\/v2\/posts\/93449\/revisions\/93450"}],"wp:featuredmedia":[{"embeddable":true,"href":"https:\/\/www.boxrepsol.com\/es\/wp-json\/wp\/v2\/media\/59615"}],"wp:attachment":[{"href":"https:\/\/www.boxrepsol.com\/es\/wp-json\/wp\/v2\/media?parent=93449"}],"wp:term":[{"taxonomy":"category","embeddable":true,"href":"https:\/\/www.boxrepsol.com\/es\/wp-json\/wp\/v2\/categories?post=93449"},{"taxonomy":"post_tag","embeddable":true,"href":"https:\/\/www.boxrepsol.com\/es\/wp-json\/wp\/v2\/tags?post=93449"}],"curies":[{"name":"wp","href":"https:\/\/api.w.org\/{rel}","templated":true}]}}