{"id":93444,"date":"2018-10-09T00:00:00","date_gmt":"2018-10-09T02:00:00","guid":{"rendered":"http:\/\/pre.boxrepsol.com\/sin-categorizar\/historico-decimo-puesto-isidre-esteve-marruecos\/"},"modified":"2024-05-22T08:39:30","modified_gmt":"2024-05-22T10:39:30","slug":"historico-decimo-puesto-isidre-esteve-marruecos","status":"publish","type":"post","link":"https:\/\/www.boxrepsol.com\/es\/rally\/historico-decimo-puesto-isidre-esteve-marruecos\/","title":{"rendered":"Hist\u00f3rico d\u00e9cimo puesto para Isidre Esteve en Marruecos"},"content":{"rendered":"<p>Isidre Esteve ha conseguido un hito hist\u00f3rico en el Rally de Marruecos al <strong>finalizar la cuarta etapa en 10\u00ba lugar y meterse en el top 10 de la general<\/strong> con su veh\u00edculo con los mandos adaptados en el volante. El piloto del Repsol Rally Team est\u00e1 a un solo d\u00eda de culminar con \u00e9xito esta exigente prueba de la Copa del Mundo de Rallys Cross-Country y demostrar que su discapacidad no le impide plantar cara a los mejores.<\/p>\n<p>El piloto de Oliana trabaja desde hace a\u00f1os por formar parte alg\u00fan d\u00eda de ese reducido grupo de privilegiados que lucha por ganar etapas en el Dakar. En su infatigable af\u00e1n de superaci\u00f3n, <strong>hoy ha demostrado estar m\u00e1s cerca que nunca de su objetivo<\/strong>, al firmar un extraordinario resultado en una carrera mundialista, con su prototipo <a href=\"https:\/\/www.boxrepsol.com\/es\/rally\/montate-sodicar-bv6-t-1-2-isidre-esteve\/\">BV6 de Sodicars Racing<\/a>.<\/p>\n<p><em>\u201cEstoy realmente satisfecho porque hemos demostrado que la l\u00ednea que decidimos emprender es buena, que cada vez somos m\u00e1s competitivos y que tenemos m\u00e1s confianza. Este resultado es la recompensa al gran trabajo previo realizado y representa una inyecci\u00f3n de moral para todo el equipo de cara al pr\u00f3ximo Dakar\u201d<\/em>, valoraba feliz Isidre Esteve.<\/p>\n<p><a href=\"https:\/\/bxrepsol.s3.eu-west-1.amazonaws.com\/static\/2022\/08\/05061822\/00_isidre_esteve_rally_marruecos_coche_repsol_rally_team.jpg\" \n   title=\"Isidre esteve recorriendo las dunas en su coche de rally\" \n   data-gallery-thumbnail=\"https:\/\/bxrepsol.s3.eu-west-1.amazonaws.com\/static\/2022\/08\/05061822\/00_isidre_esteve_rally_marruecos_coche_repsol_rally_team.jpg\"\n   data-gallery><\/p>\n<figure>\n        <picture style=\"padding-bottom: 66.638441998307%; background-image: url(https:\/\/bxrepsol.s3.eu-west-1.amazonaws.com\/static\/2022\/08\/05061822\/00_isidre_esteve_rally_marruecos_coche_repsol_rally_team.jpg);\">\n            <img decoding=\"async\" src=\"https:\/\/bxrepsol.s3.eu-west-1.amazonaws.com\/static\/2022\/08\/05061822\/00_isidre_esteve_rally_marruecos_coche_repsol_rally_team.jpg\"><br \/>\n            <img itemprop=\"image\"\n                data-srcset=\"https:\/\/bxrepsol.s3.eu-west-1.amazonaws.com\/static\/2022\/08\/05061822\/00_isidre_esteve_rally_marruecos_coche_repsol_rally_team.jpg 480w, https:\/\/bxrepsol.s3.eu-west-1.amazonaws.com\/static\/2022\/08\/05061822\/00_isidre_esteve_rally_marruecos_coche_repsol_rally_team.jpg 600w, https:\/\/bxrepsol.s3.eu-west-1.amazonaws.com\/static\/2022\/08\/05061822\/00_isidre_esteve_rally_marruecos_coche_repsol_rally_team.jpg 900w, https:\/\/bxrepsol.s3.eu-west-1.amazonaws.com\/static\/2022\/08\/05061822\/00_isidre_esteve_rally_marruecos_coche_repsol_rally_team.jpg 1280w\"\n                data-src=\"https:\/\/bxrepsol.s3.eu-west-1.amazonaws.com\/static\/2022\/08\/05061822\/00_isidre_esteve_rally_marruecos_coche_repsol_rally_team.jpg\"\n                alt=\"Isidre esteve recorriendo las dunas en su coche de rally\"\n                title=\"Coche del Repsol Rally Team cruzando las dunas en Marruecos\"\/><br \/>\n            <noscript><img decoding=\"async\" src=\"https:\/\/bxrepsol.s3.eu-west-1.amazonaws.com\/static\/2022\/08\/05061822\/00_isidre_esteve_rally_marruecos_coche_repsol_rally_team.jpg\" alt=\"Isidre esteve recorriendo las dunas en su coche de rally\"><\/noscript>\n        <\/picture><figcaption>Isidre esteve recorriendo las dunas en su coche de rally<\/figcaption><\/figure>\n<p><\/a><\/p>\n<p>La etapa ha transcurrido por los alrededores de Erfoud, con una especial de 342 kil\u00f3metros que<strong> Isidre Esteve y su copiloto Txema Villalobos han completado con un tiempo de 5h 21:42<\/strong>.\u00a0<em>\u201cEstamos contentos pero fatigados porque ha sido la jornada m\u00e1s larga y dif\u00edcil de lo que llevamos de rally, con muchos kil\u00f3metros de dunas, pistas, r\u00edos\u2026 Salvo un par de despistes sin importancia con el road-book, <strong>todo ha ido perfecto y, en general, ha sido un gran d\u00eda para nosotros<\/strong>\u201d<\/em>.<\/p>\n<p>La recompensa ha llegado en forma de top 10 que, despu\u00e9s de tantos a\u00f1os de sacrificio, a Isidre Esteve le sabe a gloria:\u00a0<em>\u201cMirar la clasificaci\u00f3n y verme tan arriba me hace sentir muy bien, sobre todo por la calidad de los pilotos y equipos que est\u00e1n aqu\u00ed.<strong> Es una gran satisfacci\u00f3n poder competir y sentirnos uno m\u00e1s<\/strong>. Siempre he dicho que el automovilismo es el mejor ejemplo de deporte inclusivo y yo hace mucho tiempo que no pienso en c\u00f3mo har\u00eda las cosas sin mi lesi\u00f3n medular\u201d<\/em>.<\/p>\n<p>                <!-- Imagen relacionada --><br \/>\n        <img loading=\"lazy\" decoding=\"async\" width=\"404\" height=\"336\" src=\"https:\/\/bxrepsol.s3.eu-west-1.amazonaws.com\/static\/2022\/08\/05061824\/00_isidre_esteve_repsol_rally_team_rally_marruecos_etapa_3-1.jpg\" alt=\"Isidre Esteve recorre las dunas con su prototipo adaptado\" \/><br \/>\n                <!-- Categor\u00eda --><br \/>\n            Rally<br \/>\n        <!-- T\u00edtulo --><br \/>\n        <a href=\"https:\/\/www.boxrepsol.com\/es\/rally\/isidre-esteve-resiste-los-mejores-del-rally-marruecos\/\"><\/p>\n<h3>Isidre Esteve resiste entre los mejores del Rally de Marruecos<\/h3>\n<p>        <\/a><br \/>\n                    <!-- Fecha --><br \/>\n            hace 1 hora        <\/p>\n<p>Despu\u00e9s de pilotar m\u00e1s de 19 horas en cinco d\u00edas y recorrer cerca de 1.500 kil\u00f3metros por pistas y dunas marroqu\u00edes, <strong>Isidre Esteve ocupa una brillante 9\u00aa plaza de la general y segunda de su categor\u00eda T1.2<\/strong>, reservada a los todo terreno modificados di\u00e9sel. Y eso a pesar de la penalizaci\u00f3n de 45 minutos recibida ayer por validar dos way points en un orden distinto al establecido por la organizaci\u00f3n.<\/p>\n<p>Isidre Esteve afrontar\u00e1 como el primer espa\u00f1ol clasificado en la categor\u00eda de coches <strong>la \u00faltima etapa entre Erfoud y Fes, con 457 kil\u00f3metros que incluyen dos especiales de 128 y 70 kil\u00f3metros<\/strong>, respectivamente.\u00a0<em>\u201cSeguro que ser\u00e1 otro d\u00eda muy complicado que nos obligar\u00e1 a pilotar muy concentrados, porque en esta carrera no hay ninguna etapa de tr\u00e1mite\u201d<\/em>, presagia sonriente.<\/p>\n","protected":false},"excerpt":{"rendered":"<p>A falta de la \u00faltima etapa del Rally de Marruecos, el ilerdense figura noveno de la general, segundo de su categor\u00eda y mejor espa\u00f1ol en coches.<\/p>\n","protected":false},"author":43146,"featured_media":59600,"comment_status":"open","ping_status":"open","sticky":false,"template":"","format":"standard","meta":{"footnotes":""},"categories":[27],"tags":[183],"class_list":["post-93444","post","type-post","status-publish","format-standard","hentry","category-rally","tag-repsol-rally-team"],"yoast_head":"<!-- This site is optimized with the Yoast SEO plugin v27.3 - https:\/\/yoast.com\/product\/yoast-seo-wordpress\/ -->\n<title>Isidre Esteve 10\u00ba en Rally de Marruecos - Resultado hist\u00f3rico del Repsol Rally Team<\/title>\n<meta name=\"description\" content=\"A falta de la \u00faltima etapa del Rally de Marruecos, el ilerdense figura noveno de la general, segundo de su categor\u00eda y mejor espa\u00f1ol en coches...\" \/>\n<link rel=\"canonical\" href=\"https:\/\/www.boxrepsol.com\/es\/rally\/historico-decimo-puesto-isidre-esteve-marruecos\/\" \/>\n<meta property=\"og:locale\" content=\"es_ES\" \/>\n<meta property=\"og:type\" content=\"article\" \/>\n<meta property=\"og:title\" content=\"Isidre Esteve 10\u00ba en Rally de Marruecos - Resultado hist\u00f3rico del Repsol Rally Team\" \/>\n<meta property=\"og:description\" content=\"A falta de la \u00faltima etapa del Rally de Marruecos, el ilerdense figura noveno de la general, segundo de su categor\u00eda y mejor espa\u00f1ol en coches...\" \/>\n<meta property=\"og:url\" content=\"https:\/\/www.boxrepsol.com\/es\/rally\/historico-decimo-puesto-isidre-esteve-marruecos\/\" \/>\n<meta property=\"og:site_name\" content=\"Box Repsol\" \/>\n<meta property=\"article:publisher\" content=\"https:\/\/www.facebook.com\/BoxRepsol\" \/>\n<meta property=\"article:author\" content=\"https:\/\/www.facebook.com\/BoxRepsol\/\" \/>\n<meta property=\"article:published_time\" content=\"2018-10-09T02:00:00+00:00\" \/>\n<meta property=\"article:modified_time\" content=\"2024-05-22T10:39:30+00:00\" \/>\n<meta property=\"og:image\" content=\"https:\/\/bxrepsol.s3.eu-west-1.amazonaws.com\/static\/2022\/08\/29082957\/00_isidre_esteve_repsol_rally_team_marruecos_etapa_4.jpg\" \/>\n\t<meta property=\"og:image:width\" content=\"1280\" \/>\n\t<meta property=\"og:image:height\" content=\"600\" \/>\n\t<meta property=\"og:image:type\" content=\"image\/jpeg\" \/>\n<meta name=\"author\" content=\"Redacci\u00f3n Box Repsol\" \/>\n<meta name=\"twitter:card\" content=\"summary_large_image\" \/>\n<meta name=\"twitter:creator\" content=\"@https:\/\/twitter.com\/box_repsol\" \/>\n<meta name=\"twitter:site\" content=\"@box_repsol\" \/>\n<meta name=\"twitter:label1\" content=\"Written by\" \/>\n\t<meta name=\"twitter:data1\" content=\"Redacci\u00f3n Box Repsol\" \/>\n\t<meta name=\"twitter:label2\" content=\"Est. reading time\" \/>\n\t<meta name=\"twitter:data2\" content=\"3 minutos\" \/>\n<script type=\"application\/ld+json\" class=\"yoast-schema-graph\">{\"@context\":\"https:\\\/\\\/schema.org\",\"@graph\":[{\"@type\":\"Article\",\"@id\":\"https:\\\/\\\/www.boxrepsol.com\\\/es\\\/rally\\\/historico-decimo-puesto-isidre-esteve-marruecos\\\/#article\",\"isPartOf\":{\"@id\":\"https:\\\/\\\/www.boxrepsol.com\\\/es\\\/rally\\\/historico-decimo-puesto-isidre-esteve-marruecos\\\/\"},\"author\":{\"name\":\"Redacci\u00f3n Box Repsol\",\"@id\":\"https:\\\/\\\/www.boxrepsol.com\\\/es\\\/#\\\/schema\\\/person\\\/c5c2138f2cca251b0ad92b7086bb60b7\"},\"headline\":\"Hist\u00f3rico d\u00e9cimo puesto para Isidre Esteve en Marruecos\",\"datePublished\":\"2018-10-09T02:00:00+00:00\",\"dateModified\":\"2024-05-22T10:39:30+00:00\",\"mainEntityOfPage\":{\"@id\":\"https:\\\/\\\/www.boxrepsol.com\\\/es\\\/rally\\\/historico-decimo-puesto-isidre-esteve-marruecos\\\/\"},\"wordCount\":555,\"commentCount\":0,\"publisher\":{\"@id\":\"https:\\\/\\\/www.boxrepsol.com\\\/es\\\/#organization\"},\"image\":{\"@id\":\"https:\\\/\\\/www.boxrepsol.com\\\/es\\\/rally\\\/historico-decimo-puesto-isidre-esteve-marruecos\\\/#primaryimage\"},\"thumbnailUrl\":\"https:\\\/\\\/bxrepsol.s3.eu-west-1.amazonaws.com\\\/static\\\/2022\\\/08\\\/29082957\\\/00_isidre_esteve_repsol_rally_team_marruecos_etapa_4.jpg\",\"keywords\":[\"Repsol Rally Team\"],\"articleSection\":[\"Rally\"],\"inLanguage\":\"es\",\"potentialAction\":[{\"@type\":\"CommentAction\",\"name\":\"Comment\",\"target\":[\"https:\\\/\\\/www.boxrepsol.com\\\/es\\\/rally\\\/historico-decimo-puesto-isidre-esteve-marruecos\\\/#respond\"]}]},{\"@type\":\"WebPage\",\"@id\":\"https:\\\/\\\/www.boxrepsol.com\\\/es\\\/rally\\\/historico-decimo-puesto-isidre-esteve-marruecos\\\/\",\"url\":\"https:\\\/\\\/www.boxrepsol.com\\\/es\\\/rally\\\/historico-decimo-puesto-isidre-esteve-marruecos\\\/\",\"name\":\"Isidre Esteve 10\u00ba en Rally de Marruecos - Resultado hist\u00f3rico del Repsol Rally Team\",\"isPartOf\":{\"@id\":\"https:\\\/\\\/www.boxrepsol.com\\\/es\\\/#website\"},\"primaryImageOfPage\":{\"@id\":\"https:\\\/\\\/www.boxrepsol.com\\\/es\\\/rally\\\/historico-decimo-puesto-isidre-esteve-marruecos\\\/#primaryimage\"},\"image\":{\"@id\":\"https:\\\/\\\/www.boxrepsol.com\\\/es\\\/rally\\\/historico-decimo-puesto-isidre-esteve-marruecos\\\/#primaryimage\"},\"thumbnailUrl\":\"https:\\\/\\\/bxrepsol.s3.eu-west-1.amazonaws.com\\\/static\\\/2022\\\/08\\\/29082957\\\/00_isidre_esteve_repsol_rally_team_marruecos_etapa_4.jpg\",\"datePublished\":\"2018-10-09T02:00:00+00:00\",\"dateModified\":\"2024-05-22T10:39:30+00:00\",\"description\":\"A falta de la \u00faltima etapa del Rally de Marruecos, el ilerdense figura noveno de la general, segundo de su categor\u00eda y mejor espa\u00f1ol en coches...\",\"breadcrumb\":{\"@id\":\"https:\\\/\\\/www.boxrepsol.com\\\/es\\\/rally\\\/historico-decimo-puesto-isidre-esteve-marruecos\\\/#breadcrumb\"},\"inLanguage\":\"es\",\"potentialAction\":[{\"@type\":\"ReadAction\",\"target\":[\"https:\\\/\\\/www.boxrepsol.com\\\/es\\\/rally\\\/historico-decimo-puesto-isidre-esteve-marruecos\\\/\"]}]},{\"@type\":\"ImageObject\",\"inLanguage\":\"es\",\"@id\":\"https:\\\/\\\/www.boxrepsol.com\\\/es\\\/rally\\\/historico-decimo-puesto-isidre-esteve-marruecos\\\/#primaryimage\",\"url\":\"https:\\\/\\\/bxrepsol.s3.eu-west-1.amazonaws.com\\\/static\\\/2022\\\/08\\\/29082957\\\/00_isidre_esteve_repsol_rally_team_marruecos_etapa_4.jpg\",\"contentUrl\":\"https:\\\/\\\/bxrepsol.s3.eu-west-1.amazonaws.com\\\/static\\\/2022\\\/08\\\/29082957\\\/00_isidre_esteve_repsol_rally_team_marruecos_etapa_4.jpg\",\"width\":1280,\"height\":600,\"caption\":\"Isidre Esteve con su coche en el rally de Marruecos\"},{\"@type\":\"BreadcrumbList\",\"@id\":\"https:\\\/\\\/www.boxrepsol.com\\\/es\\\/rally\\\/historico-decimo-puesto-isidre-esteve-marruecos\\\/#breadcrumb\",\"itemListElement\":[{\"@type\":\"ListItem\",\"position\":1,\"name\":\"Home\",\"item\":\"https:\\\/\\\/www.boxrepsol.com\\\/es\\\/\"},{\"@type\":\"ListItem\",\"position\":2,\"name\":\"Hist\u00f3rico d\u00e9cimo puesto para Isidre Esteve en Marruecos\"}]},{\"@type\":\"WebSite\",\"@id\":\"https:\\\/\\\/www.boxrepsol.com\\\/es\\\/#website\",\"url\":\"https:\\\/\\\/www.boxrepsol.com\\\/es\\\/\",\"name\":\"Box Repsol\",\"description\":\"Box Repsol Site\",\"publisher\":{\"@id\":\"https:\\\/\\\/www.boxrepsol.com\\\/es\\\/#organization\"},\"potentialAction\":[{\"@type\":\"SearchAction\",\"target\":{\"@type\":\"EntryPoint\",\"urlTemplate\":\"https:\\\/\\\/www.boxrepsol.com\\\/es\\\/?s={search_term_string}\"},\"query-input\":{\"@type\":\"PropertyValueSpecification\",\"valueRequired\":true,\"valueName\":\"search_term_string\"}}],\"inLanguage\":\"es\"},{\"@type\":\"Organization\",\"@id\":\"https:\\\/\\\/www.boxrepsol.com\\\/es\\\/#organization\",\"name\":\"Box Repsol\",\"url\":\"https:\\\/\\\/www.boxrepsol.com\\\/es\\\/\",\"logo\":{\"@type\":\"ImageObject\",\"inLanguage\":\"es\",\"@id\":\"https:\\\/\\\/www.boxrepsol.com\\\/es\\\/#\\\/schema\\\/logo\\\/image\\\/\",\"url\":\"https:\\\/\\\/bxrepsol.s3.eu-west-1.amazonaws.com\\\/static\\\/2025\\\/07\\\/30083337\\\/favicon-96x96-1.png\",\"contentUrl\":\"https:\\\/\\\/bxrepsol.s3.eu-west-1.amazonaws.com\\\/static\\\/2025\\\/07\\\/30083337\\\/favicon-96x96-1.png\",\"width\":96,\"height\":96,\"caption\":\"Box Repsol\"},\"image\":{\"@id\":\"https:\\\/\\\/www.boxrepsol.com\\\/es\\\/#\\\/schema\\\/logo\\\/image\\\/\"},\"sameAs\":[\"https:\\\/\\\/www.facebook.com\\\/BoxRepsol\",\"https:\\\/\\\/x.com\\\/box_repsol\",\"http:\\\/\\\/instagram.com\\\/box_repsol\",\"https:\\\/\\\/www.youtube.com\\\/user\\\/RepsolCompeticion\",\"https:\\\/\\\/www.flickr.com\\\/photos\\\/box_repsol\\\/\"]},{\"@type\":\"Person\",\"@id\":\"https:\\\/\\\/www.boxrepsol.com\\\/es\\\/#\\\/schema\\\/person\\\/c5c2138f2cca251b0ad92b7086bb60b7\",\"name\":\"Redacci\u00f3n Box Repsol\",\"image\":{\"@type\":\"ImageObject\",\"inLanguage\":\"es\",\"@id\":\"https:\\\/\\\/secure.gravatar.com\\\/avatar\\\/adf7b77e38b4419baf32c7e9c21dde01f4e40df611f0978e3006fc4ba0aaab7e?s=96&d=mm&r=g\",\"url\":\"https:\\\/\\\/secure.gravatar.com\\\/avatar\\\/adf7b77e38b4419baf32c7e9c21dde01f4e40df611f0978e3006fc4ba0aaab7e?s=96&d=mm&r=g\",\"contentUrl\":\"https:\\\/\\\/secure.gravatar.com\\\/avatar\\\/adf7b77e38b4419baf32c7e9c21dde01f4e40df611f0978e3006fc4ba0aaab7e?s=96&d=mm&r=g\",\"caption\":\"Redacci\u00f3n Box Repsol\"},\"description\":\"Box Repsol lo forma un equipo de periodistas, community managers, dise\u00f1adores y fot\u00f3grafos con m\u00e1s de 20 a\u00f1os de experiencia en el mundo del motorsport. Hemos vivido el primer mundial de un espa\u00f1ol en la categor\u00eda reina de motociclismo con \u00c1lex Crivill\u00e9, estuvimos en las victorias de Pedrosa y los t\u00edtulos de M\u00e1rquez, acompa\u00f1amos en \u00c1frica a Nani Roma y Marc Coma en sus conquistas del Dakar y hemos vibrado con los t\u00edtulos de Toni Bou en Trial. Adem\u00e1s, en nuestro equipo contamos con expertos en el mundo de las dos y cuatro ruedas tanto de la calle y las carreteras, como de los circuitos. Periodistas que han trabajado en revistas y publicaciones para hacerte llegar desde rutas y consejos de mantenimiento, a curiosidades y trucos de pilotaje.\",\"sameAs\":[\"https:\\\/\\\/www.facebook.com\\\/BoxRepsol\\\/\",\"https:\\\/\\\/www.instagram.com\\\/box_repsol\\\/\",\"https:\\\/\\\/x.com\\\/https:\\\/\\\/twitter.com\\\/box_repsol\",\"https:\\\/\\\/www.youtube.com\\\/@Boxrepsol\"],\"url\":\"https:\\\/\\\/www.boxrepsol.com\\\/es\\\/author\\\/redaccion-box-repsol\\\/\"}]}<\/script>\n<!-- \/ Yoast SEO plugin. -->","yoast_head_json":{"title":"Isidre Esteve 10\u00ba en Rally de Marruecos - Resultado hist\u00f3rico del Repsol Rally Team","description":"A falta de la \u00faltima etapa del Rally de Marruecos, el ilerdense figura noveno de la general, segundo de su categor\u00eda y mejor espa\u00f1ol en coches...","canonical":"https:\/\/www.boxrepsol.com\/es\/rally\/historico-decimo-puesto-isidre-esteve-marruecos\/","og_locale":"es_ES","og_type":"article","og_title":"Isidre Esteve 10\u00ba en Rally de Marruecos - Resultado hist\u00f3rico del Repsol Rally Team","og_description":"A falta de la \u00faltima etapa del Rally de Marruecos, el ilerdense figura noveno de la general, segundo de su categor\u00eda y mejor espa\u00f1ol en coches...","og_url":"https:\/\/www.boxrepsol.com\/es\/rally\/historico-decimo-puesto-isidre-esteve-marruecos\/","og_site_name":"Box Repsol","article_publisher":"https:\/\/www.facebook.com\/BoxRepsol","article_author":"https:\/\/www.facebook.com\/BoxRepsol\/","article_published_time":"2018-10-09T02:00:00+00:00","article_modified_time":"2024-05-22T10:39:30+00:00","og_image":[{"width":1280,"height":600,"url":"https:\/\/bxrepsol.s3.eu-west-1.amazonaws.com\/static\/2022\/08\/29082957\/00_isidre_esteve_repsol_rally_team_marruecos_etapa_4.jpg","type":"image\/jpeg"}],"author":"Redacci\u00f3n Box Repsol","twitter_card":"summary_large_image","twitter_creator":"@https:\/\/twitter.com\/box_repsol","twitter_site":"@box_repsol","twitter_misc":{"Written by":"Redacci\u00f3n Box Repsol","Est. reading time":"3 minutos"},"schema":{"@context":"https:\/\/schema.org","@graph":[{"@type":"Article","@id":"https:\/\/www.boxrepsol.com\/es\/rally\/historico-decimo-puesto-isidre-esteve-marruecos\/#article","isPartOf":{"@id":"https:\/\/www.boxrepsol.com\/es\/rally\/historico-decimo-puesto-isidre-esteve-marruecos\/"},"author":{"name":"Redacci\u00f3n Box Repsol","@id":"https:\/\/www.boxrepsol.com\/es\/#\/schema\/person\/c5c2138f2cca251b0ad92b7086bb60b7"},"headline":"Hist\u00f3rico d\u00e9cimo puesto para Isidre Esteve en Marruecos","datePublished":"2018-10-09T02:00:00+00:00","dateModified":"2024-05-22T10:39:30+00:00","mainEntityOfPage":{"@id":"https:\/\/www.boxrepsol.com\/es\/rally\/historico-decimo-puesto-isidre-esteve-marruecos\/"},"wordCount":555,"commentCount":0,"publisher":{"@id":"https:\/\/www.boxrepsol.com\/es\/#organization"},"image":{"@id":"https:\/\/www.boxrepsol.com\/es\/rally\/historico-decimo-puesto-isidre-esteve-marruecos\/#primaryimage"},"thumbnailUrl":"https:\/\/bxrepsol.s3.eu-west-1.amazonaws.com\/static\/2022\/08\/29082957\/00_isidre_esteve_repsol_rally_team_marruecos_etapa_4.jpg","keywords":["Repsol Rally Team"],"articleSection":["Rally"],"inLanguage":"es","potentialAction":[{"@type":"CommentAction","name":"Comment","target":["https:\/\/www.boxrepsol.com\/es\/rally\/historico-decimo-puesto-isidre-esteve-marruecos\/#respond"]}]},{"@type":"WebPage","@id":"https:\/\/www.boxrepsol.com\/es\/rally\/historico-decimo-puesto-isidre-esteve-marruecos\/","url":"https:\/\/www.boxrepsol.com\/es\/rally\/historico-decimo-puesto-isidre-esteve-marruecos\/","name":"Isidre Esteve 10\u00ba en Rally de Marruecos - Resultado hist\u00f3rico del Repsol Rally Team","isPartOf":{"@id":"https:\/\/www.boxrepsol.com\/es\/#website"},"primaryImageOfPage":{"@id":"https:\/\/www.boxrepsol.com\/es\/rally\/historico-decimo-puesto-isidre-esteve-marruecos\/#primaryimage"},"image":{"@id":"https:\/\/www.boxrepsol.com\/es\/rally\/historico-decimo-puesto-isidre-esteve-marruecos\/#primaryimage"},"thumbnailUrl":"https:\/\/bxrepsol.s3.eu-west-1.amazonaws.com\/static\/2022\/08\/29082957\/00_isidre_esteve_repsol_rally_team_marruecos_etapa_4.jpg","datePublished":"2018-10-09T02:00:00+00:00","dateModified":"2024-05-22T10:39:30+00:00","description":"A falta de la \u00faltima etapa del Rally de Marruecos, el ilerdense figura noveno de la general, segundo de su categor\u00eda y mejor espa\u00f1ol en coches...","breadcrumb":{"@id":"https:\/\/www.boxrepsol.com\/es\/rally\/historico-decimo-puesto-isidre-esteve-marruecos\/#breadcrumb"},"inLanguage":"es","potentialAction":[{"@type":"ReadAction","target":["https:\/\/www.boxrepsol.com\/es\/rally\/historico-decimo-puesto-isidre-esteve-marruecos\/"]}]},{"@type":"ImageObject","inLanguage":"es","@id":"https:\/\/www.boxrepsol.com\/es\/rally\/historico-decimo-puesto-isidre-esteve-marruecos\/#primaryimage","url":"https:\/\/bxrepsol.s3.eu-west-1.amazonaws.com\/static\/2022\/08\/29082957\/00_isidre_esteve_repsol_rally_team_marruecos_etapa_4.jpg","contentUrl":"https:\/\/bxrepsol.s3.eu-west-1.amazonaws.com\/static\/2022\/08\/29082957\/00_isidre_esteve_repsol_rally_team_marruecos_etapa_4.jpg","width":1280,"height":600,"caption":"Isidre Esteve con su coche en el rally de Marruecos"},{"@type":"BreadcrumbList","@id":"https:\/\/www.boxrepsol.com\/es\/rally\/historico-decimo-puesto-isidre-esteve-marruecos\/#breadcrumb","itemListElement":[{"@type":"ListItem","position":1,"name":"Home","item":"https:\/\/www.boxrepsol.com\/es\/"},{"@type":"ListItem","position":2,"name":"Hist\u00f3rico d\u00e9cimo puesto para Isidre Esteve en Marruecos"}]},{"@type":"WebSite","@id":"https:\/\/www.boxrepsol.com\/es\/#website","url":"https:\/\/www.boxrepsol.com\/es\/","name":"Box Repsol","description":"Box Repsol Site","publisher":{"@id":"https:\/\/www.boxrepsol.com\/es\/#organization"},"potentialAction":[{"@type":"SearchAction","target":{"@type":"EntryPoint","urlTemplate":"https:\/\/www.boxrepsol.com\/es\/?s={search_term_string}"},"query-input":{"@type":"PropertyValueSpecification","valueRequired":true,"valueName":"search_term_string"}}],"inLanguage":"es"},{"@type":"Organization","@id":"https:\/\/www.boxrepsol.com\/es\/#organization","name":"Box Repsol","url":"https:\/\/www.boxrepsol.com\/es\/","logo":{"@type":"ImageObject","inLanguage":"es","@id":"https:\/\/www.boxrepsol.com\/es\/#\/schema\/logo\/image\/","url":"https:\/\/bxrepsol.s3.eu-west-1.amazonaws.com\/static\/2025\/07\/30083337\/favicon-96x96-1.png","contentUrl":"https:\/\/bxrepsol.s3.eu-west-1.amazonaws.com\/static\/2025\/07\/30083337\/favicon-96x96-1.png","width":96,"height":96,"caption":"Box Repsol"},"image":{"@id":"https:\/\/www.boxrepsol.com\/es\/#\/schema\/logo\/image\/"},"sameAs":["https:\/\/www.facebook.com\/BoxRepsol","https:\/\/x.com\/box_repsol","http:\/\/instagram.com\/box_repsol","https:\/\/www.youtube.com\/user\/RepsolCompeticion","https:\/\/www.flickr.com\/photos\/box_repsol\/"]},{"@type":"Person","@id":"https:\/\/www.boxrepsol.com\/es\/#\/schema\/person\/c5c2138f2cca251b0ad92b7086bb60b7","name":"Redacci\u00f3n Box Repsol","image":{"@type":"ImageObject","inLanguage":"es","@id":"https:\/\/secure.gravatar.com\/avatar\/adf7b77e38b4419baf32c7e9c21dde01f4e40df611f0978e3006fc4ba0aaab7e?s=96&d=mm&r=g","url":"https:\/\/secure.gravatar.com\/avatar\/adf7b77e38b4419baf32c7e9c21dde01f4e40df611f0978e3006fc4ba0aaab7e?s=96&d=mm&r=g","contentUrl":"https:\/\/secure.gravatar.com\/avatar\/adf7b77e38b4419baf32c7e9c21dde01f4e40df611f0978e3006fc4ba0aaab7e?s=96&d=mm&r=g","caption":"Redacci\u00f3n Box Repsol"},"description":"Box Repsol lo forma un equipo de periodistas, community managers, dise\u00f1adores y fot\u00f3grafos con m\u00e1s de 20 a\u00f1os de experiencia en el mundo del motorsport. Hemos vivido el primer mundial de un espa\u00f1ol en la categor\u00eda reina de motociclismo con \u00c1lex Crivill\u00e9, estuvimos en las victorias de Pedrosa y los t\u00edtulos de M\u00e1rquez, acompa\u00f1amos en \u00c1frica a Nani Roma y Marc Coma en sus conquistas del Dakar y hemos vibrado con los t\u00edtulos de Toni Bou en Trial. Adem\u00e1s, en nuestro equipo contamos con expertos en el mundo de las dos y cuatro ruedas tanto de la calle y las carreteras, como de los circuitos. Periodistas que han trabajado en revistas y publicaciones para hacerte llegar desde rutas y consejos de mantenimiento, a curiosidades y trucos de pilotaje.","sameAs":["https:\/\/www.facebook.com\/BoxRepsol\/","https:\/\/www.instagram.com\/box_repsol\/","https:\/\/x.com\/https:\/\/twitter.com\/box_repsol","https:\/\/www.youtube.com\/@Boxrepsol"],"url":"https:\/\/www.boxrepsol.com\/es\/author\/redaccion-box-repsol\/"}]}},"_links":{"self":[{"href":"https:\/\/www.boxrepsol.com\/es\/wp-json\/wp\/v2\/posts\/93444","targetHints":{"allow":["GET"]}}],"collection":[{"href":"https:\/\/www.boxrepsol.com\/es\/wp-json\/wp\/v2\/posts"}],"about":[{"href":"https:\/\/www.boxrepsol.com\/es\/wp-json\/wp\/v2\/types\/post"}],"author":[{"embeddable":true,"href":"https:\/\/www.boxrepsol.com\/es\/wp-json\/wp\/v2\/users\/43146"}],"replies":[{"embeddable":true,"href":"https:\/\/www.boxrepsol.com\/es\/wp-json\/wp\/v2\/comments?post=93444"}],"version-history":[{"count":1,"href":"https:\/\/www.boxrepsol.com\/es\/wp-json\/wp\/v2\/posts\/93444\/revisions"}],"predecessor-version":[{"id":93445,"href":"https:\/\/www.boxrepsol.com\/es\/wp-json\/wp\/v2\/posts\/93444\/revisions\/93445"}],"wp:featuredmedia":[{"embeddable":true,"href":"https:\/\/www.boxrepsol.com\/es\/wp-json\/wp\/v2\/media\/59600"}],"wp:attachment":[{"href":"https:\/\/www.boxrepsol.com\/es\/wp-json\/wp\/v2\/media?parent=93444"}],"wp:term":[{"taxonomy":"category","embeddable":true,"href":"https:\/\/www.boxrepsol.com\/es\/wp-json\/wp\/v2\/categories?post=93444"},{"taxonomy":"post_tag","embeddable":true,"href":"https:\/\/www.boxrepsol.com\/es\/wp-json\/wp\/v2\/tags?post=93444"}],"curies":[{"name":"wp","href":"https:\/\/api.w.org\/{rel}","templated":true}]}}