{"id":93440,"date":"2020-06-08T00:00:00","date_gmt":"2020-06-08T02:00:00","guid":{"rendered":"http:\/\/pre.boxrepsol.com\/sin-categorizar\/cuanto-tiempo-tardarias-ganar-mundial-motogp-empezaras-manana\/"},"modified":"2024-04-19T10:03:50","modified_gmt":"2024-04-19T12:03:50","slug":"cuanto-tiempo-tardarias-ganar-mundial-motogp-empezaras-manana","status":"publish","type":"post","link":"https:\/\/www.boxrepsol.com\/es\/motogp\/cuanto-tiempo-tardarias-ganar-mundial-motogp-empezaras-manana\/","title":{"rendered":"\u00bfCu\u00e1nto tiempo tardar\u00edas en ganar un Mundial de MotoGP si empezaras ma\u00f1ana?"},"content":{"rendered":"<p>Tienes tu trabajo, tu vida, tus rutinas, y un buen d\u00eda decides que s\u00ed, que lo vas a intentar. Esta ser\u00eda, m\u00e1s o menos, la&nbsp;<strong>hoja de ruta&nbsp;<\/strong>para una persona que decide romper con todo y dedicarse al&nbsp;<strong>motociclismo profesional.&nbsp;<\/strong><\/p>\n<p>Que nadie tome este post como algo cient\u00edfico o como la gu\u00eda 100% eficaz para triunfar en el mundo de las motos. Primero, porque cada uno es diferente, y segundo, porque no es lo mismo meterse a los 5 a\u00f1os que a los 22. Lo que aqu\u00ed planteamos es una hip\u00f3tesis, un camino que, en eso s\u00ed que estaremos todos de acuerdo, estar\u00e1&nbsp;<strong>lleno de obst\u00e1culos.<\/strong>&nbsp;Pero qui\u00e9n sabe&#8230; quiz\u00e1s sea posible. \u00bfPor qu\u00e9 no? En cualquier caso, daremos por seguro que el pretendiente tiene cierto&nbsp;<strong>talento<\/strong>, que sabe ir en moto y que esto de las carreras no es algo totalmente nuevo para \u00e9l. O para ella.<\/p>\n<p>Aqu\u00ed no nos valdr\u00eda demasiado fijarnos en la trayectoria de los pilotos que forman la&nbsp;<strong>parrilla de MotoGP<\/strong>. Si tomamos como ejemplo a&nbsp;<strong>Marc M\u00e1rquez y Dani Pedrosa<\/strong>, adem\u00e1s de ser&nbsp;<strong>aut\u00e9nticos portentos<\/strong>, empezaron casi antes con las motos que con las bicicletas. Han pasado por todas las categor\u00edas, pate\u00e1ndose los peque\u00f1os&nbsp;<strong>circuitos provinciales<\/strong>,&nbsp;avanzando a trav\u00e9s de&nbsp;<strong>campeonatos infantiles<\/strong>. Hasta llegar a la cima, donde tampoco es nada f\u00e1cil mantenerse. T\u00fa te estar\u00e1s saltando esa fase de iniciaci\u00f3n pero qu\u00e9 demonios, que nadie te robe ese sue\u00f1o.<\/p>\n<p><a href=\"https:\/\/bxrepsol.s3.eu-west-1.amazonaws.com\/static\/2022\/08\/29082943\/Marc-Marquez-en-su-MotoGP-con-bandera-2.jpg\" title=\"Marc M\u00e1rquez campe\u00f3n de MotoGp da una vuelta de honor montado en su RC213V\" data-gallery-thumbnail=\"https:\/\/bxrepsol.s3.eu-west-1.amazonaws.com\/static\/2022\/08\/29082943\/Marc-Marquez-en-su-MotoGP-con-bandera-2.jpg\" data-gallery-title=\"\" data-gallery=\"\"><\/a><\/p>\n<p><a href=\"https:\/\/bxrepsol.s3.eu-west-1.amazonaws.com\/static\/2022\/08\/29082943\/Marc-Marquez-en-su-MotoGP-con-bandera-2.jpg\" title=\"Marc M\u00e1rquez campe\u00f3n de MotoGp da una vuelta de honor montado en su RC213V\" data-gallery-thumbnail=\"https:\/\/bxrepsol.s3.eu-west-1.amazonaws.com\/static\/2022\/08\/29082943\/Marc-Marquez-en-su-MotoGP-con-bandera-2.jpg\" data-gallery-title=\"\" data-gallery=\"\"><\/p>\n<figure>\n        <picture style=\"padding-bottom: 71.022727272727%; background-image: url(https:\/\/bxrepsol.s3.eu-west-1.amazonaws.com\/static\/2022\/08\/29082943\/Marc-Marquez-en-su-MotoGP-con-bandera-2.jpg);\">\n            <img decoding=\"async\" src=\"https:\/\/bxrepsol.s3.eu-west-1.amazonaws.com\/static\/2022\/08\/29082943\/Marc-Marquez-en-su-MotoGP-con-bandera-2.jpg\"><br \/>\n<img itemprop=\"image\" data-srcset=\"https:\/\/bxrepsol.s3.eu-west-1.amazonaws.com\/static\/2022\/08\/29082943\/Marc-Marquez-en-su-MotoGP-con-bandera-2.jpg 480w, https:\/\/bxrepsol.s3.eu-west-1.amazonaws.com\/static\/2022\/08\/29082943\/Marc-Marquez-en-su-MotoGP-con-bandera-2.jpg 600w\" data-src=\"https:\/\/bxrepsol.s3.eu-west-1.amazonaws.com\/static\/2022\/08\/29082943\/Marc-Marquez-en-su-MotoGP-con-bandera-2.jpg\" alt=\"Marc M\u00e1rquez campe\u00f3n de MotoGp da una vuelta de honor montado en su RC213V\" title=\"Marc M\u00e1rquez da una vuelta de honor tras ganar un mundial\"><br \/>\n<noscript><img decoding=\"async\" src=\"https:\/\/bxrepsol.s3.eu-west-1.amazonaws.com\/static\/2022\/08\/29082943\/Marc-Marquez-en-su-MotoGP-con-bandera-2.jpg\" alt=\"Marc M\u00e1rquez campe\u00f3n de MotoGp da una vuelta de honor montado en su RC213V\"><\/noscript>\n        <\/picture><figcaption>Marc M\u00e1rquez campe\u00f3n de MotoGp da una vuelta de honor montado en su RC213V<\/figcaption><\/figure>\n<p><\/a><a href=\"https:\/\/bxrepsol.s3.eu-west-1.amazonaws.com\/static\/2022\/08\/29082943\/Marc-Marquez-en-su-MotoGP-con-bandera-2.jpg\" title=\"Marc M\u00e1rquez campe\u00f3n de MotoGp da una vuelta de honor montado en su RC213V\" data-gallery-thumbnail=\"https:\/\/bxrepsol.s3.eu-west-1.amazonaws.com\/static\/2022\/08\/29082943\/Marc-Marquez-en-su-MotoGP-con-bandera-2.jpg\" data-gallery-title=\"\" data-gallery=\"\"><\/a><\/p>\n<p>Lo primero que debes conseguir es que alguien se fije en ti. Debe ser una persona con una cierta influencia en el&nbsp;<strong>mundo de las dos ruedas<\/strong>, que te pueda orientar, presentarte a&nbsp;<strong>las personas adecuadas<\/strong>. Ser\u00e1 el encargado de echarte una mano, de llamar a las puertas que te hagan subir escalafones. Pero antes&nbsp;<strong>deber\u00e1s entrenar duro<\/strong>, rodar miles de kil\u00f3metros en circuito. Y tendr\u00e1s que encontrar un&nbsp;<strong>equipo \u2018amateur\u2019&nbsp;<\/strong>que conf\u00ede en ti y te d\u00e9 la oportunidad de formar parte de sus filas. O eso o tiras t\u00fa solo, con tus propios medios, sin m\u00e1s ayuda que tus propias manos y el apoyo, moral y log\u00edstico, de las personas de tu entorno. Una vez dentro,&nbsp;<strong>debes ser r\u00e1pido, muy r\u00e1pido<\/strong>. Esa es la manera eficaz de llamar la atenci\u00f3n, pero ojo, los grandes equipos tambi\u00e9n buscan personas con la&nbsp;<strong>cabeza bien amueblada<\/strong>. Nada de querer correr demasiado, de pisar las aspiraciones de los dem\u00e1s, de ser ego\u00edstas, de no tratar bien a los mec\u00e1nicos o a los jefes de estrategia. Hay que&nbsp;<strong>rodearse de buena gente<\/strong>, respetar el entorno, demostrar empat\u00eda, aprender a cumplir \u00f3rdenes, a darse cuenta de que este deporte, aunque sea individual, tiene mucho de&nbsp;<strong>compartir, escuchar y empatizar<\/strong>.<\/p>\n<p>Tambi\u00e9n deber\u00e1s aprender a<strong>&nbsp;<\/strong><strong>gestionar los fracasos<\/strong>&nbsp;y las derrotas. Y a convertir las victorias en \u00e9xitos colectivos. Recorrer\u00e1s Espa\u00f1a, conocer\u00e1s circuitos nuevos, competir\u00e1s con todo tipo de personas, hombres y mujeres,&nbsp;<strong>chicos y chicas que persiguen tu mismo sue\u00f1o<\/strong>. Te asaltar\u00e1n las dudas, y es entonces cuando deber\u00e1s acordarte de lo que has dejado atr\u00e1s, del esfuerzo que has hecho.<\/p>\n<p><a href=\"https:\/\/bxrepsol.s3.eu-west-1.amazonaws.com\/static\/2022\/08\/29082944\/Dani-Pedrosa-en-el-box-con-su-equipo-2.jpg\" title=\"Dani Pedrosa analiza la estrategia de carrera rodeado de su equipo t\u00e9cnico\" data-gallery-thumbnail=\"https:\/\/bxrepsol.s3.eu-west-1.amazonaws.com\/static\/2022\/08\/29082944\/Dani-Pedrosa-en-el-box-con-su-equipo-2.jpg\" data-gallery-title=\"\" data-gallery=\"\"><\/a><\/p>\n<p><a href=\"https:\/\/bxrepsol.s3.eu-west-1.amazonaws.com\/static\/2022\/08\/29082944\/Dani-Pedrosa-en-el-box-con-su-equipo-2.jpg\" title=\"Dani Pedrosa analiza la estrategia de carrera rodeado de su equipo t\u00e9cnico\" data-gallery-thumbnail=\"https:\/\/bxrepsol.s3.eu-west-1.amazonaws.com\/static\/2022\/08\/29082944\/Dani-Pedrosa-en-el-box-con-su-equipo-2.jpg\" data-gallery-title=\"\" data-gallery=\"\"><\/p>\n<figure>\n        <picture style=\"padding-bottom: 62.5%; background-image: url(https:\/\/bxrepsol.s3.eu-west-1.amazonaws.com\/static\/2022\/08\/29082944\/Dani-Pedrosa-en-el-box-con-su-equipo-2.jpg);\">\n            <img decoding=\"async\" src=\"https:\/\/bxrepsol.s3.eu-west-1.amazonaws.com\/static\/2022\/08\/29082944\/Dani-Pedrosa-en-el-box-con-su-equipo-2.jpg\"><br \/>\n<img itemprop=\"image\" data-srcset=\"https:\/\/bxrepsol.s3.eu-west-1.amazonaws.com\/static\/2022\/08\/29082944\/Dani-Pedrosa-en-el-box-con-su-equipo-2.jpg 480w, https:\/\/bxrepsol.s3.eu-west-1.amazonaws.com\/static\/2022\/08\/29082944\/Dani-Pedrosa-en-el-box-con-su-equipo-2.jpg 600w\" data-src=\"https:\/\/bxrepsol.s3.eu-west-1.amazonaws.com\/static\/2022\/08\/29082944\/Dani-Pedrosa-en-el-box-con-su-equipo-2.jpg\" alt=\"Dani Pedrosa analiza la estrategia de carrera rodeado de su equipo t\u00e9cnico\" title=\"Dani Pedrosa junto con su equipo discute la estrategia para la carrera\"><br \/>\n<noscript><img decoding=\"async\" src=\"https:\/\/bxrepsol.s3.eu-west-1.amazonaws.com\/static\/2022\/08\/29082944\/Dani-Pedrosa-en-el-box-con-su-equipo-2.jpg\" alt=\"Dani Pedrosa analiza la estrategia de carrera rodeado de su equipo t\u00e9cnico\"><\/noscript>\n        <\/picture><figcaption>Dani Pedrosa analiza la estrategia de carrera rodeado de su equipo t\u00e9cnico<\/figcaption><\/figure>\n<p><\/a><a href=\"https:\/\/bxrepsol.s3.eu-west-1.amazonaws.com\/static\/2022\/08\/29082944\/Dani-Pedrosa-en-el-box-con-su-equipo-2.jpg\" title=\"Dani Pedrosa analiza la estrategia de carrera rodeado de su equipo t\u00e9cnico\" data-gallery-thumbnail=\"https:\/\/bxrepsol.s3.eu-west-1.amazonaws.com\/static\/2022\/08\/29082944\/Dani-Pedrosa-en-el-box-con-su-equipo-2.jpg\" data-gallery-title=\"\" data-gallery=\"\"><\/a><\/p>\n<p>A todo ello deber\u00e1s a\u00f1adir (sentimos ser tan realistas) la&nbsp;<strong>inversi\u00f3n necesaria<\/strong>&nbsp;para poder ir quemando etapas. Te har\u00e1 falta una moto, un transporte para llevarla,&nbsp;<strong>herramientas<\/strong>&nbsp;(en el caso de que no formes parte de un equipo), alojamiento. Y luego est\u00e1 la inversi\u00f3n durante la competici\u00f3n: el box, las tandas de entrenamiento, el&nbsp;<strong>combustible<\/strong>, la licencia para competir. No te bastar\u00e1 el talento, tambi\u00e9n&nbsp;<strong>te har\u00e1 falta una considerable cantidad de dinero<\/strong>.<\/p>\n<p>El camino habitual, si no has cumplido los 23 a\u00f1os, te lleva por el <strong>FIM CEV Repsol<\/strong>, antes conocido como Campeonato de Espa\u00f1a de Velocidad, por donde han pasado pr\u00e1cticamente todos los pilotos nacionales que llegan al Mundial. Podr\u00e1s disputar todas las carreras o las que t\u00fa elijas del calendario. Si triunfas, no tengas duda de que alguien te estar\u00e1 observando. Si superas los 23 a\u00f1os, puedes intentarlo en el <strong>Campeonato del Mundo de Superbikes<\/strong>, donde el l\u00edmite est\u00e1 en 50 a\u00f1os.<\/p>\n<p>Si te has rodeado de buena gente, ser\u00e1 cuesti\u00f3n de sumar dos m\u00e1s dos: en pocos a\u00f1os, si demuestras&nbsp;<strong>cierta regularidad<\/strong>, terminar\u00e1s en&nbsp;<strong>Moto3 (ojo, el l\u00edmite de edad es de 28 a\u00f1os, pero en Moto2 salta a 50, igual que en la categor\u00eda reina)<\/strong>. Y de ah\u00ed, como han ido haciendo los mejores, podr\u00edas escalar hasta MotoGP en un plazo de unos cuatro o cinco a\u00f1os, en funci\u00f3n de c\u00f3mo te vaya en cada una de las categor\u00edas inferiores.<\/p>\n<p>\u00bfCu\u00e1nto tardar\u00edas en ganar el Mundial de MotoGP? Podr\u00eda ser un a\u00f1o. O podr\u00edan ser 500. Lo mejor, llegado el caso, ser\u00eda&nbsp;<strong>analizar tu trayectoria y proyectar<\/strong>. Pero si has llegado hasta tan arriba, lo m\u00e1s importante es no dejar de so\u00f1ar. Ni de correr. \u00a1\u00a1Salud y kil\u00f3metros!!<\/p>\n<p><a href=\"https:\/\/bxrepsol.s3.eu-west-1.amazonaws.com\/static\/2022\/08\/29082944\/Marc-Marquez-Victorioso-levanta-sus-brazos-y-casco-2.jpg\" title=\"Marc M\u00e1rquez levanta ambos brazos tras conseguir la victoria, levantando su casaco con una mano y un refresco en la otra\" data-gallery-thumbnail=\"https:\/\/bxrepsol.s3.eu-west-1.amazonaws.com\/static\/2022\/08\/29082944\/Marc-Marquez-Victorioso-levanta-sus-brazos-y-casco-2.jpg\" data-gallery-title=\"\" data-gallery=\"\"><\/a><\/p>\n<p><a href=\"https:\/\/bxrepsol.s3.eu-west-1.amazonaws.com\/static\/2022\/08\/29082944\/Marc-Marquez-Victorioso-levanta-sus-brazos-y-casco-2.jpg\" title=\"Marc M\u00e1rquez levanta ambos brazos tras conseguir la victoria, levantando su casaco con una mano y un refresco en la otra\" data-gallery-thumbnail=\"https:\/\/bxrepsol.s3.eu-west-1.amazonaws.com\/static\/2022\/08\/29082944\/Marc-Marquez-Victorioso-levanta-sus-brazos-y-casco-2.jpg\" data-gallery-title=\"\" data-gallery=\"\"><\/p>\n<figure>\n        <picture style=\"padding-bottom: 62.5%; background-image: url(https:\/\/bxrepsol.s3.eu-west-1.amazonaws.com\/static\/2022\/08\/29082944\/Marc-Marquez-Victorioso-levanta-sus-brazos-y-casco-2.jpg);\">\n            <img decoding=\"async\" src=\"https:\/\/bxrepsol.s3.eu-west-1.amazonaws.com\/static\/2022\/08\/29082944\/Marc-Marquez-Victorioso-levanta-sus-brazos-y-casco-2.jpg\"><br \/>\n<img itemprop=\"image\" data-srcset=\"https:\/\/bxrepsol.s3.eu-west-1.amazonaws.com\/static\/2022\/08\/29082944\/Marc-Marquez-Victorioso-levanta-sus-brazos-y-casco-2.jpg 480w, https:\/\/bxrepsol.s3.eu-west-1.amazonaws.com\/static\/2022\/08\/29082944\/Marc-Marquez-Victorioso-levanta-sus-brazos-y-casco-2.jpg 600w\" data-src=\"https:\/\/bxrepsol.s3.eu-west-1.amazonaws.com\/static\/2022\/08\/29082944\/Marc-Marquez-Victorioso-levanta-sus-brazos-y-casco-2.jpg\" alt=\"Marc M\u00e1rquez levanta ambos brazos tras conseguir la victoria, levantando su casaco con una mano y un refresco en la otra\" title=\"MarcMarquez celebra levantado los brazos tras ganar una carrera de MotoGP\"><br \/>\n<noscript><img decoding=\"async\" src=\"https:\/\/bxrepsol.s3.eu-west-1.amazonaws.com\/static\/2022\/08\/29082944\/Marc-Marquez-Victorioso-levanta-sus-brazos-y-casco-2.jpg\" alt=\"Marc M\u00e1rquez levanta ambos brazos tras conseguir la victoria, levantando su casaco con una mano y un refresco en la otra\"><\/noscript>\n        <\/picture><figcaption>Marc M\u00e1rquez levanta ambos brazos tras conseguir la victoria, levantando su casaco con una mano y un refresco en la otra<\/figcaption><\/figure>\n<p><\/a><a href=\"https:\/\/bxrepsol.s3.eu-west-1.amazonaws.com\/static\/2022\/08\/29082944\/Marc-Marquez-Victorioso-levanta-sus-brazos-y-casco-2.jpg\" title=\"Marc M\u00e1rquez levanta ambos brazos tras conseguir la victoria, levantando su casaco con una mano y un refresco en la otra\" data-gallery-thumbnail=\"https:\/\/bxrepsol.s3.eu-west-1.amazonaws.com\/static\/2022\/08\/29082944\/Marc-Marquez-Victorioso-levanta-sus-brazos-y-casco-2.jpg\" data-gallery-title=\"\" data-gallery=\"\"><\/a><\/p>\n","protected":false},"excerpt":{"rendered":"<p>La preguntita no tiene respuesta f\u00e1cil. Pero pongamos por caso que se te pasa por la cabeza, que te planteas ser\u00a0piloto de motos\u00a0para llegar a lo m\u00e1s alto: ganar el\u00a0Mundial de MotoGP.\u00a0Esto es lo que podr\u00eda pasar.<\/p>\n","protected":false},"author":43146,"featured_media":59582,"comment_status":"open","ping_status":"open","sticky":false,"template":"","format":"standard","meta":{"footnotes":""},"categories":[4],"tags":[123],"class_list":["post-93440","post","type-post","status-publish","format-standard","hentry","category-motogp","tag-consejos-moteros"],"yoast_head":"<!-- This site is optimized with the Yoast SEO plugin v27.3 - https:\/\/yoast.com\/product\/yoast-seo-wordpress\/ -->\n<title>\u00bfCu\u00e1nto tiempo tardar\u00edas en ganar un Mundial de MotoGP desde cero?<\/title>\n<meta name=\"description\" content=\"Tienes tu trabajo, tu vida, tus rutinas, y un buen d\u00eda decides que s\u00ed, que lo vas a intentar. Esta ser\u00eda, m\u00e1s o menos, la\u00a0hoja de ruta\u00a0para una persona\" \/>\n<link rel=\"canonical\" href=\"https:\/\/www.boxrepsol.com\/es\/motogp\/cuanto-tiempo-tardarias-ganar-mundial-motogp-empezaras-manana\/\" \/>\n<meta property=\"og:locale\" content=\"es_ES\" \/>\n<meta property=\"og:type\" content=\"article\" \/>\n<meta property=\"og:title\" content=\"\u00bfCu\u00e1nto tiempo tardar\u00edas en ganar un Mundial de MotoGP desde cero?\" \/>\n<meta property=\"og:description\" content=\"Tienes tu trabajo, tu vida, tus rutinas, y un buen d\u00eda decides que s\u00ed, que lo vas a intentar. Esta ser\u00eda, m\u00e1s o menos, la\u00a0hoja de ruta\u00a0para una persona\" \/>\n<meta property=\"og:url\" content=\"https:\/\/www.boxrepsol.com\/es\/motogp\/cuanto-tiempo-tardarias-ganar-mundial-motogp-empezaras-manana\/\" \/>\n<meta property=\"og:site_name\" content=\"Box Repsol\" \/>\n<meta property=\"article:publisher\" content=\"https:\/\/www.facebook.com\/BoxRepsol\" \/>\n<meta property=\"article:author\" content=\"https:\/\/www.facebook.com\/BoxRepsol\/\" \/>\n<meta property=\"article:published_time\" content=\"2020-06-08T02:00:00+00:00\" \/>\n<meta property=\"article:modified_time\" content=\"2024-04-19T12:03:50+00:00\" \/>\n<meta property=\"og:image\" content=\"https:\/\/bxrepsol.s3.eu-west-1.amazonaws.com\/static\/2022\/08\/29082946\/Marc-Marquez-en-su-MotoGP-a-alta-velocidad-en-un-Gran-Premio-1.jpg\" \/>\n\t<meta property=\"og:image:width\" content=\"1280\" \/>\n\t<meta property=\"og:image:height\" content=\"600\" \/>\n\t<meta property=\"og:image:type\" content=\"image\/jpeg\" \/>\n<meta name=\"author\" content=\"Redacci\u00f3n Box Repsol\" \/>\n<meta name=\"twitter:card\" content=\"summary_large_image\" \/>\n<meta name=\"twitter:creator\" content=\"@https:\/\/twitter.com\/box_repsol\" \/>\n<meta name=\"twitter:site\" content=\"@box_repsol\" \/>\n<meta name=\"twitter:label1\" content=\"Written by\" \/>\n\t<meta name=\"twitter:data1\" content=\"Redacci\u00f3n Box Repsol\" \/>\n\t<meta name=\"twitter:label2\" content=\"Est. reading time\" \/>\n\t<meta name=\"twitter:data2\" content=\"5 minutos\" \/>\n<script type=\"application\/ld+json\" class=\"yoast-schema-graph\">{\"@context\":\"https:\\\/\\\/schema.org\",\"@graph\":[{\"@type\":\"Article\",\"@id\":\"https:\\\/\\\/www.boxrepsol.com\\\/es\\\/motogp\\\/cuanto-tiempo-tardarias-ganar-mundial-motogp-empezaras-manana\\\/#article\",\"isPartOf\":{\"@id\":\"https:\\\/\\\/www.boxrepsol.com\\\/es\\\/motogp\\\/cuanto-tiempo-tardarias-ganar-mundial-motogp-empezaras-manana\\\/\"},\"author\":{\"name\":\"Redacci\u00f3n Box Repsol\",\"@id\":\"https:\\\/\\\/www.boxrepsol.com\\\/es\\\/#\\\/schema\\\/person\\\/c5c2138f2cca251b0ad92b7086bb60b7\"},\"headline\":\"\u00bfCu\u00e1nto tiempo tardar\u00edas en ganar un Mundial de MotoGP si empezaras ma\u00f1ana?\",\"datePublished\":\"2020-06-08T02:00:00+00:00\",\"dateModified\":\"2024-04-19T12:03:50+00:00\",\"mainEntityOfPage\":{\"@id\":\"https:\\\/\\\/www.boxrepsol.com\\\/es\\\/motogp\\\/cuanto-tiempo-tardarias-ganar-mundial-motogp-empezaras-manana\\\/\"},\"wordCount\":958,\"commentCount\":0,\"publisher\":{\"@id\":\"https:\\\/\\\/www.boxrepsol.com\\\/es\\\/#organization\"},\"image\":{\"@id\":\"https:\\\/\\\/www.boxrepsol.com\\\/es\\\/motogp\\\/cuanto-tiempo-tardarias-ganar-mundial-motogp-empezaras-manana\\\/#primaryimage\"},\"thumbnailUrl\":\"https:\\\/\\\/bxrepsol.s3.eu-west-1.amazonaws.com\\\/static\\\/2022\\\/08\\\/29082946\\\/Marc-Marquez-en-su-MotoGP-a-alta-velocidad-en-un-Gran-Premio-1.jpg\",\"keywords\":[\"consejos moteros\"],\"articleSection\":[\"MotoGP\"],\"inLanguage\":\"es\",\"potentialAction\":[{\"@type\":\"CommentAction\",\"name\":\"Comment\",\"target\":[\"https:\\\/\\\/www.boxrepsol.com\\\/es\\\/motogp\\\/cuanto-tiempo-tardarias-ganar-mundial-motogp-empezaras-manana\\\/#respond\"]}]},{\"@type\":\"WebPage\",\"@id\":\"https:\\\/\\\/www.boxrepsol.com\\\/es\\\/motogp\\\/cuanto-tiempo-tardarias-ganar-mundial-motogp-empezaras-manana\\\/\",\"url\":\"https:\\\/\\\/www.boxrepsol.com\\\/es\\\/motogp\\\/cuanto-tiempo-tardarias-ganar-mundial-motogp-empezaras-manana\\\/\",\"name\":\"\u00bfCu\u00e1nto tiempo tardar\u00edas en ganar un Mundial de MotoGP desde cero?\",\"isPartOf\":{\"@id\":\"https:\\\/\\\/www.boxrepsol.com\\\/es\\\/#website\"},\"primaryImageOfPage\":{\"@id\":\"https:\\\/\\\/www.boxrepsol.com\\\/es\\\/motogp\\\/cuanto-tiempo-tardarias-ganar-mundial-motogp-empezaras-manana\\\/#primaryimage\"},\"image\":{\"@id\":\"https:\\\/\\\/www.boxrepsol.com\\\/es\\\/motogp\\\/cuanto-tiempo-tardarias-ganar-mundial-motogp-empezaras-manana\\\/#primaryimage\"},\"thumbnailUrl\":\"https:\\\/\\\/bxrepsol.s3.eu-west-1.amazonaws.com\\\/static\\\/2022\\\/08\\\/29082946\\\/Marc-Marquez-en-su-MotoGP-a-alta-velocidad-en-un-Gran-Premio-1.jpg\",\"datePublished\":\"2020-06-08T02:00:00+00:00\",\"dateModified\":\"2024-04-19T12:03:50+00:00\",\"description\":\"Tienes tu trabajo, tu vida, tus rutinas, y un buen d\u00eda decides que s\u00ed, que lo vas a intentar. Esta ser\u00eda, m\u00e1s o menos, la\u00a0hoja de ruta\u00a0para una persona\",\"breadcrumb\":{\"@id\":\"https:\\\/\\\/www.boxrepsol.com\\\/es\\\/motogp\\\/cuanto-tiempo-tardarias-ganar-mundial-motogp-empezaras-manana\\\/#breadcrumb\"},\"inLanguage\":\"es\",\"potentialAction\":[{\"@type\":\"ReadAction\",\"target\":[\"https:\\\/\\\/www.boxrepsol.com\\\/es\\\/motogp\\\/cuanto-tiempo-tardarias-ganar-mundial-motogp-empezaras-manana\\\/\"]}]},{\"@type\":\"ImageObject\",\"inLanguage\":\"es\",\"@id\":\"https:\\\/\\\/www.boxrepsol.com\\\/es\\\/motogp\\\/cuanto-tiempo-tardarias-ganar-mundial-motogp-empezaras-manana\\\/#primaryimage\",\"url\":\"https:\\\/\\\/bxrepsol.s3.eu-west-1.amazonaws.com\\\/static\\\/2022\\\/08\\\/29082946\\\/Marc-Marquez-en-su-MotoGP-a-alta-velocidad-en-un-Gran-Premio-1.jpg\",\"contentUrl\":\"https:\\\/\\\/bxrepsol.s3.eu-west-1.amazonaws.com\\\/static\\\/2022\\\/08\\\/29082946\\\/Marc-Marquez-en-su-MotoGP-a-alta-velocidad-en-un-Gran-Premio-1.jpg\",\"width\":1280,\"height\":600,\"caption\":\"Marc M\u00e1rquez defiende a gran velocidad la cabeza de carrera en un Gran Premio de MotoGP\"},{\"@type\":\"BreadcrumbList\",\"@id\":\"https:\\\/\\\/www.boxrepsol.com\\\/es\\\/motogp\\\/cuanto-tiempo-tardarias-ganar-mundial-motogp-empezaras-manana\\\/#breadcrumb\",\"itemListElement\":[{\"@type\":\"ListItem\",\"position\":1,\"name\":\"Home\",\"item\":\"https:\\\/\\\/www.boxrepsol.com\\\/es\\\/\"},{\"@type\":\"ListItem\",\"position\":2,\"name\":\"\u00bfCu\u00e1nto tiempo tardar\u00edas en ganar un Mundial de MotoGP si empezaras ma\u00f1ana?\"}]},{\"@type\":\"WebSite\",\"@id\":\"https:\\\/\\\/www.boxrepsol.com\\\/es\\\/#website\",\"url\":\"https:\\\/\\\/www.boxrepsol.com\\\/es\\\/\",\"name\":\"Box Repsol\",\"description\":\"Box Repsol Site\",\"publisher\":{\"@id\":\"https:\\\/\\\/www.boxrepsol.com\\\/es\\\/#organization\"},\"potentialAction\":[{\"@type\":\"SearchAction\",\"target\":{\"@type\":\"EntryPoint\",\"urlTemplate\":\"https:\\\/\\\/www.boxrepsol.com\\\/es\\\/?s={search_term_string}\"},\"query-input\":{\"@type\":\"PropertyValueSpecification\",\"valueRequired\":true,\"valueName\":\"search_term_string\"}}],\"inLanguage\":\"es\"},{\"@type\":\"Organization\",\"@id\":\"https:\\\/\\\/www.boxrepsol.com\\\/es\\\/#organization\",\"name\":\"Box Repsol\",\"url\":\"https:\\\/\\\/www.boxrepsol.com\\\/es\\\/\",\"logo\":{\"@type\":\"ImageObject\",\"inLanguage\":\"es\",\"@id\":\"https:\\\/\\\/www.boxrepsol.com\\\/es\\\/#\\\/schema\\\/logo\\\/image\\\/\",\"url\":\"https:\\\/\\\/bxrepsol.s3.eu-west-1.amazonaws.com\\\/static\\\/2025\\\/07\\\/30083337\\\/favicon-96x96-1.png\",\"contentUrl\":\"https:\\\/\\\/bxrepsol.s3.eu-west-1.amazonaws.com\\\/static\\\/2025\\\/07\\\/30083337\\\/favicon-96x96-1.png\",\"width\":96,\"height\":96,\"caption\":\"Box Repsol\"},\"image\":{\"@id\":\"https:\\\/\\\/www.boxrepsol.com\\\/es\\\/#\\\/schema\\\/logo\\\/image\\\/\"},\"sameAs\":[\"https:\\\/\\\/www.facebook.com\\\/BoxRepsol\",\"https:\\\/\\\/x.com\\\/box_repsol\",\"http:\\\/\\\/instagram.com\\\/box_repsol\",\"https:\\\/\\\/www.youtube.com\\\/user\\\/RepsolCompeticion\",\"https:\\\/\\\/www.flickr.com\\\/photos\\\/box_repsol\\\/\"]},{\"@type\":\"Person\",\"@id\":\"https:\\\/\\\/www.boxrepsol.com\\\/es\\\/#\\\/schema\\\/person\\\/c5c2138f2cca251b0ad92b7086bb60b7\",\"name\":\"Redacci\u00f3n Box Repsol\",\"image\":{\"@type\":\"ImageObject\",\"inLanguage\":\"es\",\"@id\":\"https:\\\/\\\/secure.gravatar.com\\\/avatar\\\/adf7b77e38b4419baf32c7e9c21dde01f4e40df611f0978e3006fc4ba0aaab7e?s=96&d=mm&r=g\",\"url\":\"https:\\\/\\\/secure.gravatar.com\\\/avatar\\\/adf7b77e38b4419baf32c7e9c21dde01f4e40df611f0978e3006fc4ba0aaab7e?s=96&d=mm&r=g\",\"contentUrl\":\"https:\\\/\\\/secure.gravatar.com\\\/avatar\\\/adf7b77e38b4419baf32c7e9c21dde01f4e40df611f0978e3006fc4ba0aaab7e?s=96&d=mm&r=g\",\"caption\":\"Redacci\u00f3n Box Repsol\"},\"description\":\"Box Repsol lo forma un equipo de periodistas, community managers, dise\u00f1adores y fot\u00f3grafos con m\u00e1s de 20 a\u00f1os de experiencia en el mundo del motorsport. Hemos vivido el primer mundial de un espa\u00f1ol en la categor\u00eda reina de motociclismo con \u00c1lex Crivill\u00e9, estuvimos en las victorias de Pedrosa y los t\u00edtulos de M\u00e1rquez, acompa\u00f1amos en \u00c1frica a Nani Roma y Marc Coma en sus conquistas del Dakar y hemos vibrado con los t\u00edtulos de Toni Bou en Trial. Adem\u00e1s, en nuestro equipo contamos con expertos en el mundo de las dos y cuatro ruedas tanto de la calle y las carreteras, como de los circuitos. Periodistas que han trabajado en revistas y publicaciones para hacerte llegar desde rutas y consejos de mantenimiento, a curiosidades y trucos de pilotaje.\",\"sameAs\":[\"https:\\\/\\\/www.facebook.com\\\/BoxRepsol\\\/\",\"https:\\\/\\\/www.instagram.com\\\/box_repsol\\\/\",\"https:\\\/\\\/x.com\\\/https:\\\/\\\/twitter.com\\\/box_repsol\",\"https:\\\/\\\/www.youtube.com\\\/@Boxrepsol\"],\"url\":\"https:\\\/\\\/www.boxrepsol.com\\\/es\\\/author\\\/redaccion-box-repsol\\\/\"}]}<\/script>\n<!-- \/ Yoast SEO plugin. -->","yoast_head_json":{"title":"\u00bfCu\u00e1nto tiempo tardar\u00edas en ganar un Mundial de MotoGP desde cero?","description":"Tienes tu trabajo, tu vida, tus rutinas, y un buen d\u00eda decides que s\u00ed, que lo vas a intentar. Esta ser\u00eda, m\u00e1s o menos, la\u00a0hoja de ruta\u00a0para una persona","canonical":"https:\/\/www.boxrepsol.com\/es\/motogp\/cuanto-tiempo-tardarias-ganar-mundial-motogp-empezaras-manana\/","og_locale":"es_ES","og_type":"article","og_title":"\u00bfCu\u00e1nto tiempo tardar\u00edas en ganar un Mundial de MotoGP desde cero?","og_description":"Tienes tu trabajo, tu vida, tus rutinas, y un buen d\u00eda decides que s\u00ed, que lo vas a intentar. Esta ser\u00eda, m\u00e1s o menos, la\u00a0hoja de ruta\u00a0para una persona","og_url":"https:\/\/www.boxrepsol.com\/es\/motogp\/cuanto-tiempo-tardarias-ganar-mundial-motogp-empezaras-manana\/","og_site_name":"Box Repsol","article_publisher":"https:\/\/www.facebook.com\/BoxRepsol","article_author":"https:\/\/www.facebook.com\/BoxRepsol\/","article_published_time":"2020-06-08T02:00:00+00:00","article_modified_time":"2024-04-19T12:03:50+00:00","og_image":[{"width":1280,"height":600,"url":"https:\/\/bxrepsol.s3.eu-west-1.amazonaws.com\/static\/2022\/08\/29082946\/Marc-Marquez-en-su-MotoGP-a-alta-velocidad-en-un-Gran-Premio-1.jpg","type":"image\/jpeg"}],"author":"Redacci\u00f3n Box Repsol","twitter_card":"summary_large_image","twitter_creator":"@https:\/\/twitter.com\/box_repsol","twitter_site":"@box_repsol","twitter_misc":{"Written by":"Redacci\u00f3n Box Repsol","Est. reading time":"5 minutos"},"schema":{"@context":"https:\/\/schema.org","@graph":[{"@type":"Article","@id":"https:\/\/www.boxrepsol.com\/es\/motogp\/cuanto-tiempo-tardarias-ganar-mundial-motogp-empezaras-manana\/#article","isPartOf":{"@id":"https:\/\/www.boxrepsol.com\/es\/motogp\/cuanto-tiempo-tardarias-ganar-mundial-motogp-empezaras-manana\/"},"author":{"name":"Redacci\u00f3n Box Repsol","@id":"https:\/\/www.boxrepsol.com\/es\/#\/schema\/person\/c5c2138f2cca251b0ad92b7086bb60b7"},"headline":"\u00bfCu\u00e1nto tiempo tardar\u00edas en ganar un Mundial de MotoGP si empezaras ma\u00f1ana?","datePublished":"2020-06-08T02:00:00+00:00","dateModified":"2024-04-19T12:03:50+00:00","mainEntityOfPage":{"@id":"https:\/\/www.boxrepsol.com\/es\/motogp\/cuanto-tiempo-tardarias-ganar-mundial-motogp-empezaras-manana\/"},"wordCount":958,"commentCount":0,"publisher":{"@id":"https:\/\/www.boxrepsol.com\/es\/#organization"},"image":{"@id":"https:\/\/www.boxrepsol.com\/es\/motogp\/cuanto-tiempo-tardarias-ganar-mundial-motogp-empezaras-manana\/#primaryimage"},"thumbnailUrl":"https:\/\/bxrepsol.s3.eu-west-1.amazonaws.com\/static\/2022\/08\/29082946\/Marc-Marquez-en-su-MotoGP-a-alta-velocidad-en-un-Gran-Premio-1.jpg","keywords":["consejos moteros"],"articleSection":["MotoGP"],"inLanguage":"es","potentialAction":[{"@type":"CommentAction","name":"Comment","target":["https:\/\/www.boxrepsol.com\/es\/motogp\/cuanto-tiempo-tardarias-ganar-mundial-motogp-empezaras-manana\/#respond"]}]},{"@type":"WebPage","@id":"https:\/\/www.boxrepsol.com\/es\/motogp\/cuanto-tiempo-tardarias-ganar-mundial-motogp-empezaras-manana\/","url":"https:\/\/www.boxrepsol.com\/es\/motogp\/cuanto-tiempo-tardarias-ganar-mundial-motogp-empezaras-manana\/","name":"\u00bfCu\u00e1nto tiempo tardar\u00edas en ganar un Mundial de MotoGP desde cero?","isPartOf":{"@id":"https:\/\/www.boxrepsol.com\/es\/#website"},"primaryImageOfPage":{"@id":"https:\/\/www.boxrepsol.com\/es\/motogp\/cuanto-tiempo-tardarias-ganar-mundial-motogp-empezaras-manana\/#primaryimage"},"image":{"@id":"https:\/\/www.boxrepsol.com\/es\/motogp\/cuanto-tiempo-tardarias-ganar-mundial-motogp-empezaras-manana\/#primaryimage"},"thumbnailUrl":"https:\/\/bxrepsol.s3.eu-west-1.amazonaws.com\/static\/2022\/08\/29082946\/Marc-Marquez-en-su-MotoGP-a-alta-velocidad-en-un-Gran-Premio-1.jpg","datePublished":"2020-06-08T02:00:00+00:00","dateModified":"2024-04-19T12:03:50+00:00","description":"Tienes tu trabajo, tu vida, tus rutinas, y un buen d\u00eda decides que s\u00ed, que lo vas a intentar. Esta ser\u00eda, m\u00e1s o menos, la\u00a0hoja de ruta\u00a0para una persona","breadcrumb":{"@id":"https:\/\/www.boxrepsol.com\/es\/motogp\/cuanto-tiempo-tardarias-ganar-mundial-motogp-empezaras-manana\/#breadcrumb"},"inLanguage":"es","potentialAction":[{"@type":"ReadAction","target":["https:\/\/www.boxrepsol.com\/es\/motogp\/cuanto-tiempo-tardarias-ganar-mundial-motogp-empezaras-manana\/"]}]},{"@type":"ImageObject","inLanguage":"es","@id":"https:\/\/www.boxrepsol.com\/es\/motogp\/cuanto-tiempo-tardarias-ganar-mundial-motogp-empezaras-manana\/#primaryimage","url":"https:\/\/bxrepsol.s3.eu-west-1.amazonaws.com\/static\/2022\/08\/29082946\/Marc-Marquez-en-su-MotoGP-a-alta-velocidad-en-un-Gran-Premio-1.jpg","contentUrl":"https:\/\/bxrepsol.s3.eu-west-1.amazonaws.com\/static\/2022\/08\/29082946\/Marc-Marquez-en-su-MotoGP-a-alta-velocidad-en-un-Gran-Premio-1.jpg","width":1280,"height":600,"caption":"Marc M\u00e1rquez defiende a gran velocidad la cabeza de carrera en un Gran Premio de MotoGP"},{"@type":"BreadcrumbList","@id":"https:\/\/www.boxrepsol.com\/es\/motogp\/cuanto-tiempo-tardarias-ganar-mundial-motogp-empezaras-manana\/#breadcrumb","itemListElement":[{"@type":"ListItem","position":1,"name":"Home","item":"https:\/\/www.boxrepsol.com\/es\/"},{"@type":"ListItem","position":2,"name":"\u00bfCu\u00e1nto tiempo tardar\u00edas en ganar un Mundial de MotoGP si empezaras ma\u00f1ana?"}]},{"@type":"WebSite","@id":"https:\/\/www.boxrepsol.com\/es\/#website","url":"https:\/\/www.boxrepsol.com\/es\/","name":"Box Repsol","description":"Box Repsol Site","publisher":{"@id":"https:\/\/www.boxrepsol.com\/es\/#organization"},"potentialAction":[{"@type":"SearchAction","target":{"@type":"EntryPoint","urlTemplate":"https:\/\/www.boxrepsol.com\/es\/?s={search_term_string}"},"query-input":{"@type":"PropertyValueSpecification","valueRequired":true,"valueName":"search_term_string"}}],"inLanguage":"es"},{"@type":"Organization","@id":"https:\/\/www.boxrepsol.com\/es\/#organization","name":"Box Repsol","url":"https:\/\/www.boxrepsol.com\/es\/","logo":{"@type":"ImageObject","inLanguage":"es","@id":"https:\/\/www.boxrepsol.com\/es\/#\/schema\/logo\/image\/","url":"https:\/\/bxrepsol.s3.eu-west-1.amazonaws.com\/static\/2025\/07\/30083337\/favicon-96x96-1.png","contentUrl":"https:\/\/bxrepsol.s3.eu-west-1.amazonaws.com\/static\/2025\/07\/30083337\/favicon-96x96-1.png","width":96,"height":96,"caption":"Box Repsol"},"image":{"@id":"https:\/\/www.boxrepsol.com\/es\/#\/schema\/logo\/image\/"},"sameAs":["https:\/\/www.facebook.com\/BoxRepsol","https:\/\/x.com\/box_repsol","http:\/\/instagram.com\/box_repsol","https:\/\/www.youtube.com\/user\/RepsolCompeticion","https:\/\/www.flickr.com\/photos\/box_repsol\/"]},{"@type":"Person","@id":"https:\/\/www.boxrepsol.com\/es\/#\/schema\/person\/c5c2138f2cca251b0ad92b7086bb60b7","name":"Redacci\u00f3n Box Repsol","image":{"@type":"ImageObject","inLanguage":"es","@id":"https:\/\/secure.gravatar.com\/avatar\/adf7b77e38b4419baf32c7e9c21dde01f4e40df611f0978e3006fc4ba0aaab7e?s=96&d=mm&r=g","url":"https:\/\/secure.gravatar.com\/avatar\/adf7b77e38b4419baf32c7e9c21dde01f4e40df611f0978e3006fc4ba0aaab7e?s=96&d=mm&r=g","contentUrl":"https:\/\/secure.gravatar.com\/avatar\/adf7b77e38b4419baf32c7e9c21dde01f4e40df611f0978e3006fc4ba0aaab7e?s=96&d=mm&r=g","caption":"Redacci\u00f3n Box Repsol"},"description":"Box Repsol lo forma un equipo de periodistas, community managers, dise\u00f1adores y fot\u00f3grafos con m\u00e1s de 20 a\u00f1os de experiencia en el mundo del motorsport. Hemos vivido el primer mundial de un espa\u00f1ol en la categor\u00eda reina de motociclismo con \u00c1lex Crivill\u00e9, estuvimos en las victorias de Pedrosa y los t\u00edtulos de M\u00e1rquez, acompa\u00f1amos en \u00c1frica a Nani Roma y Marc Coma en sus conquistas del Dakar y hemos vibrado con los t\u00edtulos de Toni Bou en Trial. Adem\u00e1s, en nuestro equipo contamos con expertos en el mundo de las dos y cuatro ruedas tanto de la calle y las carreteras, como de los circuitos. Periodistas que han trabajado en revistas y publicaciones para hacerte llegar desde rutas y consejos de mantenimiento, a curiosidades y trucos de pilotaje.","sameAs":["https:\/\/www.facebook.com\/BoxRepsol\/","https:\/\/www.instagram.com\/box_repsol\/","https:\/\/x.com\/https:\/\/twitter.com\/box_repsol","https:\/\/www.youtube.com\/@Boxrepsol"],"url":"https:\/\/www.boxrepsol.com\/es\/author\/redaccion-box-repsol\/"}]}},"_links":{"self":[{"href":"https:\/\/www.boxrepsol.com\/es\/wp-json\/wp\/v2\/posts\/93440","targetHints":{"allow":["GET"]}}],"collection":[{"href":"https:\/\/www.boxrepsol.com\/es\/wp-json\/wp\/v2\/posts"}],"about":[{"href":"https:\/\/www.boxrepsol.com\/es\/wp-json\/wp\/v2\/types\/post"}],"author":[{"embeddable":true,"href":"https:\/\/www.boxrepsol.com\/es\/wp-json\/wp\/v2\/users\/43146"}],"replies":[{"embeddable":true,"href":"https:\/\/www.boxrepsol.com\/es\/wp-json\/wp\/v2\/comments?post=93440"}],"version-history":[{"count":2,"href":"https:\/\/www.boxrepsol.com\/es\/wp-json\/wp\/v2\/posts\/93440\/revisions"}],"predecessor-version":[{"id":110470,"href":"https:\/\/www.boxrepsol.com\/es\/wp-json\/wp\/v2\/posts\/93440\/revisions\/110470"}],"wp:featuredmedia":[{"embeddable":true,"href":"https:\/\/www.boxrepsol.com\/es\/wp-json\/wp\/v2\/media\/59582"}],"wp:attachment":[{"href":"https:\/\/www.boxrepsol.com\/es\/wp-json\/wp\/v2\/media?parent=93440"}],"wp:term":[{"taxonomy":"category","embeddable":true,"href":"https:\/\/www.boxrepsol.com\/es\/wp-json\/wp\/v2\/categories?post=93440"},{"taxonomy":"post_tag","embeddable":true,"href":"https:\/\/www.boxrepsol.com\/es\/wp-json\/wp\/v2\/tags?post=93440"}],"curies":[{"name":"wp","href":"https:\/\/api.w.org\/{rel}","templated":true}]}}