{"id":93437,"date":"2018-10-08T00:00:00","date_gmt":"2018-10-08T02:00:00","guid":{"rendered":"http:\/\/pre.boxrepsol.com\/sin-categorizar\/isidre-esteve-resiste-los-mejores-del-rally-marruecos\/"},"modified":"2024-05-22T08:39:56","modified_gmt":"2024-05-22T10:39:56","slug":"isidre-esteve-resiste-los-mejores-del-rally-marruecos","status":"publish","type":"post","link":"https:\/\/www.boxrepsol.com\/es\/rally\/isidre-esteve-resiste-los-mejores-del-rally-marruecos\/","title":{"rendered":"Isidre Esteve resiste entre los mejores del Rally de Marruecos"},"content":{"rendered":"<p>El Repsol Rally Team ha vuelto a destacar en el Rally de Marruecos, al superar <strong>una tercera etapa que se ha convertido en las m\u00e1s dif\u00edcil de la presente edici\u00f3n<\/strong>, hasta el momento. Isidre Esteve ha aprobado el examen con muy buena nota y<strong> ha cruzado la l\u00ednea de meta en un destacado 15\u00ba lugar<\/strong> que le mantiene 13\u00ba de la general y le confirma como <strong>el mejor espa\u00f1ol clasificado en coches<\/strong>, con su <a href=\"https:\/\/www.boxrepsol.com\/es\/rally\/montate-sodicar-bv6-t-1-2-isidre-esteve\/\">prototipo BV6 con los mandos adaptados en el volante<\/a>.<\/p>\n<p>Los 289 kil\u00f3metros cronometrados por los alrededores de Erfoud (al sur del pa\u00eds) han servido para elevar el nivel de dificultad de la carrera, con las dunas y la arena como grandes protagonistas. En ese terreno, Isidre Esteve y su copiloto Txema Villalobos han sabido desenvolverse a las mil maravillas y, <strong>con un registro de 4h 42:10 se han consolidado en el grupo delantero<\/strong>.<\/p>\n<p><em>\u201cHoy ha sido, sin duda, la etapa m\u00e1s bonita de este rally. Hemos cruzado el Erg Chebbi y otro cord\u00f3n de dunas por el que nunca hab\u00eda pasado antes. Lo hemos hecho a un ritmo muy constante y hemos disfrutado mucho. Nos ha ido genial para comprobar lo bien que se comporta el coche en este tipo de terreno, despu\u00e9s de las \u00faltimas evoluciones\u201d<\/em><\/p>\n<p>&nbsp;<\/p>\n<figure><picture style=\"padding-bottom: 66.549047282992%; background-image: url('https:\/\/bxrepsol.s3.eu-west-1.amazonaws.com\/static\/2022\/08\/05061804\/00_isidre_esteve_rally_marruecos_dunas_coche_rally_respol_rally_team.jpg');\"> <img decoding=\"async\" src=\"https:\/\/bxrepsol.s3.eu-west-1.amazonaws.com\/static\/2022\/08\/05061804\/00_isidre_esteve_rally_marruecos_dunas_coche_rally_respol_rally_team.jpg\" \/><\/picture>\n<picture style=\"padding-bottom: 66.549047282992%; background-image: url('https:\/\/bxrepsol.s3.eu-west-1.amazonaws.com\/static\/2022\/08\/05061804\/00_isidre_esteve_rally_marruecos_dunas_coche_rally_respol_rally_team.jpg');\"><img title=\"Isidre esteve en el Rallly de Marruecos\" alt=\"Isidre Esteve descendiendo una duna con su coche\" data-srcset=\"https:\/\/bxrepsol.s3.eu-west-1.amazonaws.com\/static\/2022\/08\/05061804\/00_isidre_esteve_rally_marruecos_dunas_coche_rally_respol_rally_team.jpg 480w, https:\/\/bxrepsol.s3.eu-west-1.amazonaws.com\/static\/2022\/08\/05061804\/00_isidre_esteve_rally_marruecos_dunas_coche_rally_respol_rally_team.jpg 600w, https:\/\/bxrepsol.s3.eu-west-1.amazonaws.com\/static\/2022\/08\/05061804\/00_isidre_esteve_rally_marruecos_dunas_coche_rally_respol_rally_team.jpg 900w, https:\/\/bxrepsol.s3.eu-west-1.amazonaws.com\/static\/2022\/08\/05061804\/00_isidre_esteve_rally_marruecos_dunas_coche_rally_respol_rally_team.jpg 1280w\" data-src=\"https:\/\/bxrepsol.s3.eu-west-1.amazonaws.com\/static\/2022\/08\/05061804\/00_isidre_esteve_rally_marruecos_dunas_coche_rally_respol_rally_team.jpg\" \/><\/picture>\n<noscript><img decoding=\"async\" src=\"https:\/\/bxrepsol.s3.eu-west-1.amazonaws.com\/static\/2022\/08\/05061804\/00_isidre_esteve_rally_marruecos_dunas_coche_rally_respol_rally_team.jpg\" alt=\"Isidre Esteve descendiendo una duna con su coche\"><\/noscript><figcaption>Isidre Esteve descendiendo una duna con su coche<\/figcaption><\/figure>\n<p>&nbsp;<\/p>\n<p><em>\u201cHoy ha sido, sin duda, la etapa m\u00e1s bonita de este rally. Hemos cruzado el Erg Chebbi y otro cord\u00f3n de dunas por el que nunca hab\u00eda pasado antes. Lo hemos hecho a un ritmo muy constante y hemos disfrutado mucho. <strong>Nos ha ido genial para comprobar lo bien que se comporta el coche en este tipo de terreno<\/strong>, despu\u00e9s de las \u00faltimas evoluciones\u201d<\/em><\/p>\n<p>A diferencia de las etapas anteriores, en esta ocasi\u00f3n la mec\u00e1nica les ha jugado una mala pasada en la parte final.\u00a0<em>\u201cFaltaban unos 40 kil\u00f3metros y, tras un impacto al salir de una duna, las aspas del ventilador han tocado el radiador y este ha empezado a sobrecalentarse. <strong>Hemos tenido que parar y Txema Villalobos ha hecho bricolaje para poder continuar con el radiador trasero anulado<\/strong>. Gracias a ello, hemos podido llegar hasta el final, aunque l\u00f3gicamente a un ritmo inferior\u201d<\/em>, explicaba el piloto de Oliana que, de no ser por los m\u00e1s de 30 minutos perdidos, hubiera acariciado el top 10.<\/p>\n<p>Incluso de esa adversidad, Isidre extrae conclusiones positivas:<em>\u00a0\u201cEsta situaci\u00f3n nos ha ido muy bien porque nos ha permitido detectar un problema a tiempo de solucionarlo antes de ir al Dakar\u201d<\/em>. Una aver\u00eda que no debe empa\u00f1ar el buen funcionamiento de su prototipo dakariano preparado por Sodicars Racing que llegar\u00e1 en perfectas condiciones a las dos \u00faltimas etapas marroqu\u00edes.\u00a0<em>\u201c<strong>El coche se est\u00e1 comportando fenomenal<\/strong> y estamos realmente contentos porque corre mucho m\u00e1s que el a\u00f1o pasado\u201d<\/em><\/p>\n<p>Despu\u00e9s de la pr\u00f3logo y las tres primeras etapas, el Repsol Rally Team ocupa la 13\u00aa plaza de la general y la segunda de su categor\u00eda T1.2 (veh\u00edculos todo terreno modificados di\u00e9sel), con <strong>un tiempo total acumulado de 12 horas, 59 minutos y 09 segundos<\/strong>. \u201c<em>La jornada de hoy ha servido para hacer un corte importante en la clasificaci\u00f3n y nosotros, pese al tiempo perdido por el radiador, nos mantenemos entre los mejores\u201d<\/em>, apunta Isidre Esteve.<\/p>\n<p>El Rally de Marruecos disputar\u00e1 la pen\u00faltima etapa de 342 kil\u00f3metros cronometrados m\u00e1s otros 7 de enlace, el lunes.<\/p>\n<p><!-- Imagen relacionada --><br \/>\n<img loading=\"lazy\" decoding=\"async\" src=\"https:\/\/bxrepsol.s3.eu-west-1.amazonaws.com\/static\/2022\/08\/29082937\/00_rally_marruecos_isidre_esteve_repsol_rally_team-2.jpg\" alt=\"Isidre esteve subiendo dunas en su coche de Rally\" width=\"404\" height=\"336\" \/><br \/>\n<!-- Categor\u00eda --><br \/>\nRally<br \/>\n<!-- T\u00edtulo --><\/p>\n<h3>Isidre Esteve escala hasta la 13\u00aa posici\u00f3n en el Rally de Marruecos<\/h3>\n<p><!-- Fecha --><br \/>\nhace 1 hora<\/p>\n","protected":false},"excerpt":{"rendered":"<p>El piloto del Repsol Rally Team acaba 15\u00ba una especial con muchas dunas, pese a perder m\u00e1s de media hora por un problema con el radiador.<\/p>\n","protected":false},"author":43146,"featured_media":59567,"comment_status":"open","ping_status":"open","sticky":false,"template":"","format":"standard","meta":{"footnotes":""},"categories":[27],"tags":[183],"class_list":["post-93437","post","type-post","status-publish","format-standard","hentry","category-rally","tag-repsol-rally-team"],"yoast_head":"<!-- This site is optimized with the Yoast SEO plugin v27.3 - https:\/\/yoast.com\/product\/yoast-seo-wordpress\/ -->\n<title>Rally Marruecos 3era etapa - Isidre Esteve resiste entre los mejores<\/title>\n<meta name=\"description\" content=\"El piloto del Repsol Rally Team acaba 15\u00ba una especial con muchas dunas, pese a perder m\u00e1s de media hora por un problema con el radiador.\" \/>\n<link rel=\"canonical\" href=\"https:\/\/www.boxrepsol.com\/es\/rally\/isidre-esteve-resiste-los-mejores-del-rally-marruecos\/\" \/>\n<meta property=\"og:locale\" content=\"es_ES\" \/>\n<meta property=\"og:type\" content=\"article\" \/>\n<meta property=\"og:title\" content=\"Rally Marruecos 3era etapa - Isidre Esteve resiste entre los mejores\" \/>\n<meta property=\"og:description\" content=\"El piloto del Repsol Rally Team acaba 15\u00ba una especial con muchas dunas, pese a perder m\u00e1s de media hora por un problema con el radiador.\" \/>\n<meta property=\"og:url\" content=\"https:\/\/www.boxrepsol.com\/es\/rally\/isidre-esteve-resiste-los-mejores-del-rally-marruecos\/\" \/>\n<meta property=\"og:site_name\" content=\"Box Repsol\" \/>\n<meta property=\"article:publisher\" content=\"https:\/\/www.facebook.com\/BoxRepsol\" \/>\n<meta property=\"article:author\" content=\"https:\/\/www.facebook.com\/BoxRepsol\/\" \/>\n<meta property=\"article:published_time\" content=\"2018-10-08T02:00:00+00:00\" \/>\n<meta property=\"article:modified_time\" content=\"2024-05-22T10:39:56+00:00\" \/>\n<meta property=\"og:image\" content=\"https:\/\/bxrepsol.s3.eu-west-1.amazonaws.com\/static\/2022\/08\/29082939\/00_isidre_esteve_repsol_rally_team_rally_marruecos_etapa_3.jpg\" \/>\n\t<meta property=\"og:image:width\" content=\"1280\" \/>\n\t<meta property=\"og:image:height\" content=\"600\" \/>\n\t<meta property=\"og:image:type\" content=\"image\/jpeg\" \/>\n<meta name=\"author\" content=\"Redacci\u00f3n Box Repsol\" \/>\n<meta name=\"twitter:card\" content=\"summary_large_image\" \/>\n<meta name=\"twitter:creator\" content=\"@https:\/\/twitter.com\/box_repsol\" \/>\n<meta name=\"twitter:site\" content=\"@box_repsol\" \/>\n<meta name=\"twitter:label1\" content=\"Written by\" \/>\n\t<meta name=\"twitter:data1\" content=\"Redacci\u00f3n Box Repsol\" \/>\n\t<meta name=\"twitter:label2\" content=\"Est. reading time\" \/>\n\t<meta name=\"twitter:data2\" content=\"3 minutos\" \/>\n<script type=\"application\/ld+json\" class=\"yoast-schema-graph\">{\"@context\":\"https:\\\/\\\/schema.org\",\"@graph\":[{\"@type\":\"Article\",\"@id\":\"https:\\\/\\\/www.boxrepsol.com\\\/es\\\/rally\\\/isidre-esteve-resiste-los-mejores-del-rally-marruecos\\\/#article\",\"isPartOf\":{\"@id\":\"https:\\\/\\\/www.boxrepsol.com\\\/es\\\/rally\\\/isidre-esteve-resiste-los-mejores-del-rally-marruecos\\\/\"},\"author\":{\"name\":\"Redacci\u00f3n Box Repsol\",\"@id\":\"https:\\\/\\\/www.boxrepsol.com\\\/es\\\/#\\\/schema\\\/person\\\/c5c2138f2cca251b0ad92b7086bb60b7\"},\"headline\":\"Isidre Esteve resiste entre los mejores del Rally de Marruecos\",\"datePublished\":\"2018-10-08T02:00:00+00:00\",\"dateModified\":\"2024-05-22T10:39:56+00:00\",\"mainEntityOfPage\":{\"@id\":\"https:\\\/\\\/www.boxrepsol.com\\\/es\\\/rally\\\/isidre-esteve-resiste-los-mejores-del-rally-marruecos\\\/\"},\"wordCount\":606,\"commentCount\":0,\"publisher\":{\"@id\":\"https:\\\/\\\/www.boxrepsol.com\\\/es\\\/#organization\"},\"image\":{\"@id\":\"https:\\\/\\\/www.boxrepsol.com\\\/es\\\/rally\\\/isidre-esteve-resiste-los-mejores-del-rally-marruecos\\\/#primaryimage\"},\"thumbnailUrl\":\"https:\\\/\\\/bxrepsol.s3.eu-west-1.amazonaws.com\\\/static\\\/2022\\\/08\\\/29082939\\\/00_isidre_esteve_repsol_rally_team_rally_marruecos_etapa_3.jpg\",\"keywords\":[\"Repsol Rally Team\"],\"articleSection\":[\"Rally\"],\"inLanguage\":\"es\",\"potentialAction\":[{\"@type\":\"CommentAction\",\"name\":\"Comment\",\"target\":[\"https:\\\/\\\/www.boxrepsol.com\\\/es\\\/rally\\\/isidre-esteve-resiste-los-mejores-del-rally-marruecos\\\/#respond\"]}]},{\"@type\":\"WebPage\",\"@id\":\"https:\\\/\\\/www.boxrepsol.com\\\/es\\\/rally\\\/isidre-esteve-resiste-los-mejores-del-rally-marruecos\\\/\",\"url\":\"https:\\\/\\\/www.boxrepsol.com\\\/es\\\/rally\\\/isidre-esteve-resiste-los-mejores-del-rally-marruecos\\\/\",\"name\":\"Rally Marruecos 3era etapa - Isidre Esteve resiste entre los mejores\",\"isPartOf\":{\"@id\":\"https:\\\/\\\/www.boxrepsol.com\\\/es\\\/#website\"},\"primaryImageOfPage\":{\"@id\":\"https:\\\/\\\/www.boxrepsol.com\\\/es\\\/rally\\\/isidre-esteve-resiste-los-mejores-del-rally-marruecos\\\/#primaryimage\"},\"image\":{\"@id\":\"https:\\\/\\\/www.boxrepsol.com\\\/es\\\/rally\\\/isidre-esteve-resiste-los-mejores-del-rally-marruecos\\\/#primaryimage\"},\"thumbnailUrl\":\"https:\\\/\\\/bxrepsol.s3.eu-west-1.amazonaws.com\\\/static\\\/2022\\\/08\\\/29082939\\\/00_isidre_esteve_repsol_rally_team_rally_marruecos_etapa_3.jpg\",\"datePublished\":\"2018-10-08T02:00:00+00:00\",\"dateModified\":\"2024-05-22T10:39:56+00:00\",\"description\":\"El piloto del Repsol Rally Team acaba 15\u00ba una especial con muchas dunas, pese a perder m\u00e1s de media hora por un problema con el radiador.\",\"breadcrumb\":{\"@id\":\"https:\\\/\\\/www.boxrepsol.com\\\/es\\\/rally\\\/isidre-esteve-resiste-los-mejores-del-rally-marruecos\\\/#breadcrumb\"},\"inLanguage\":\"es\",\"potentialAction\":[{\"@type\":\"ReadAction\",\"target\":[\"https:\\\/\\\/www.boxrepsol.com\\\/es\\\/rally\\\/isidre-esteve-resiste-los-mejores-del-rally-marruecos\\\/\"]}]},{\"@type\":\"ImageObject\",\"inLanguage\":\"es\",\"@id\":\"https:\\\/\\\/www.boxrepsol.com\\\/es\\\/rally\\\/isidre-esteve-resiste-los-mejores-del-rally-marruecos\\\/#primaryimage\",\"url\":\"https:\\\/\\\/bxrepsol.s3.eu-west-1.amazonaws.com\\\/static\\\/2022\\\/08\\\/29082939\\\/00_isidre_esteve_repsol_rally_team_rally_marruecos_etapa_3.jpg\",\"contentUrl\":\"https:\\\/\\\/bxrepsol.s3.eu-west-1.amazonaws.com\\\/static\\\/2022\\\/08\\\/29082939\\\/00_isidre_esteve_repsol_rally_team_rally_marruecos_etapa_3.jpg\",\"width\":1280,\"height\":600,\"caption\":\"Isidre Esteve recorre las dunas con su prototipo adaptado\"},{\"@type\":\"BreadcrumbList\",\"@id\":\"https:\\\/\\\/www.boxrepsol.com\\\/es\\\/rally\\\/isidre-esteve-resiste-los-mejores-del-rally-marruecos\\\/#breadcrumb\",\"itemListElement\":[{\"@type\":\"ListItem\",\"position\":1,\"name\":\"Home\",\"item\":\"https:\\\/\\\/www.boxrepsol.com\\\/es\\\/\"},{\"@type\":\"ListItem\",\"position\":2,\"name\":\"Isidre Esteve resiste entre los mejores del Rally de Marruecos\"}]},{\"@type\":\"WebSite\",\"@id\":\"https:\\\/\\\/www.boxrepsol.com\\\/es\\\/#website\",\"url\":\"https:\\\/\\\/www.boxrepsol.com\\\/es\\\/\",\"name\":\"Box Repsol\",\"description\":\"Box Repsol Site\",\"publisher\":{\"@id\":\"https:\\\/\\\/www.boxrepsol.com\\\/es\\\/#organization\"},\"potentialAction\":[{\"@type\":\"SearchAction\",\"target\":{\"@type\":\"EntryPoint\",\"urlTemplate\":\"https:\\\/\\\/www.boxrepsol.com\\\/es\\\/?s={search_term_string}\"},\"query-input\":{\"@type\":\"PropertyValueSpecification\",\"valueRequired\":true,\"valueName\":\"search_term_string\"}}],\"inLanguage\":\"es\"},{\"@type\":\"Organization\",\"@id\":\"https:\\\/\\\/www.boxrepsol.com\\\/es\\\/#organization\",\"name\":\"Box Repsol\",\"url\":\"https:\\\/\\\/www.boxrepsol.com\\\/es\\\/\",\"logo\":{\"@type\":\"ImageObject\",\"inLanguage\":\"es\",\"@id\":\"https:\\\/\\\/www.boxrepsol.com\\\/es\\\/#\\\/schema\\\/logo\\\/image\\\/\",\"url\":\"https:\\\/\\\/bxrepsol.s3.eu-west-1.amazonaws.com\\\/static\\\/2025\\\/07\\\/30083337\\\/favicon-96x96-1.png\",\"contentUrl\":\"https:\\\/\\\/bxrepsol.s3.eu-west-1.amazonaws.com\\\/static\\\/2025\\\/07\\\/30083337\\\/favicon-96x96-1.png\",\"width\":96,\"height\":96,\"caption\":\"Box Repsol\"},\"image\":{\"@id\":\"https:\\\/\\\/www.boxrepsol.com\\\/es\\\/#\\\/schema\\\/logo\\\/image\\\/\"},\"sameAs\":[\"https:\\\/\\\/www.facebook.com\\\/BoxRepsol\",\"https:\\\/\\\/x.com\\\/box_repsol\",\"http:\\\/\\\/instagram.com\\\/box_repsol\",\"https:\\\/\\\/www.youtube.com\\\/user\\\/RepsolCompeticion\",\"https:\\\/\\\/www.flickr.com\\\/photos\\\/box_repsol\\\/\"]},{\"@type\":\"Person\",\"@id\":\"https:\\\/\\\/www.boxrepsol.com\\\/es\\\/#\\\/schema\\\/person\\\/c5c2138f2cca251b0ad92b7086bb60b7\",\"name\":\"Redacci\u00f3n Box Repsol\",\"image\":{\"@type\":\"ImageObject\",\"inLanguage\":\"es\",\"@id\":\"https:\\\/\\\/secure.gravatar.com\\\/avatar\\\/adf7b77e38b4419baf32c7e9c21dde01f4e40df611f0978e3006fc4ba0aaab7e?s=96&d=mm&r=g\",\"url\":\"https:\\\/\\\/secure.gravatar.com\\\/avatar\\\/adf7b77e38b4419baf32c7e9c21dde01f4e40df611f0978e3006fc4ba0aaab7e?s=96&d=mm&r=g\",\"contentUrl\":\"https:\\\/\\\/secure.gravatar.com\\\/avatar\\\/adf7b77e38b4419baf32c7e9c21dde01f4e40df611f0978e3006fc4ba0aaab7e?s=96&d=mm&r=g\",\"caption\":\"Redacci\u00f3n Box Repsol\"},\"description\":\"Box Repsol lo forma un equipo de periodistas, community managers, dise\u00f1adores y fot\u00f3grafos con m\u00e1s de 20 a\u00f1os de experiencia en el mundo del motorsport. Hemos vivido el primer mundial de un espa\u00f1ol en la categor\u00eda reina de motociclismo con \u00c1lex Crivill\u00e9, estuvimos en las victorias de Pedrosa y los t\u00edtulos de M\u00e1rquez, acompa\u00f1amos en \u00c1frica a Nani Roma y Marc Coma en sus conquistas del Dakar y hemos vibrado con los t\u00edtulos de Toni Bou en Trial. Adem\u00e1s, en nuestro equipo contamos con expertos en el mundo de las dos y cuatro ruedas tanto de la calle y las carreteras, como de los circuitos. Periodistas que han trabajado en revistas y publicaciones para hacerte llegar desde rutas y consejos de mantenimiento, a curiosidades y trucos de pilotaje.\",\"sameAs\":[\"https:\\\/\\\/www.facebook.com\\\/BoxRepsol\\\/\",\"https:\\\/\\\/www.instagram.com\\\/box_repsol\\\/\",\"https:\\\/\\\/x.com\\\/https:\\\/\\\/twitter.com\\\/box_repsol\",\"https:\\\/\\\/www.youtube.com\\\/@Boxrepsol\"],\"url\":\"https:\\\/\\\/www.boxrepsol.com\\\/es\\\/author\\\/redaccion-box-repsol\\\/\"}]}<\/script>\n<!-- \/ Yoast SEO plugin. -->","yoast_head_json":{"title":"Rally Marruecos 3era etapa - Isidre Esteve resiste entre los mejores","description":"El piloto del Repsol Rally Team acaba 15\u00ba una especial con muchas dunas, pese a perder m\u00e1s de media hora por un problema con el radiador.","canonical":"https:\/\/www.boxrepsol.com\/es\/rally\/isidre-esteve-resiste-los-mejores-del-rally-marruecos\/","og_locale":"es_ES","og_type":"article","og_title":"Rally Marruecos 3era etapa - Isidre Esteve resiste entre los mejores","og_description":"El piloto del Repsol Rally Team acaba 15\u00ba una especial con muchas dunas, pese a perder m\u00e1s de media hora por un problema con el radiador.","og_url":"https:\/\/www.boxrepsol.com\/es\/rally\/isidre-esteve-resiste-los-mejores-del-rally-marruecos\/","og_site_name":"Box Repsol","article_publisher":"https:\/\/www.facebook.com\/BoxRepsol","article_author":"https:\/\/www.facebook.com\/BoxRepsol\/","article_published_time":"2018-10-08T02:00:00+00:00","article_modified_time":"2024-05-22T10:39:56+00:00","og_image":[{"width":1280,"height":600,"url":"https:\/\/bxrepsol.s3.eu-west-1.amazonaws.com\/static\/2022\/08\/29082939\/00_isidre_esteve_repsol_rally_team_rally_marruecos_etapa_3.jpg","type":"image\/jpeg"}],"author":"Redacci\u00f3n Box Repsol","twitter_card":"summary_large_image","twitter_creator":"@https:\/\/twitter.com\/box_repsol","twitter_site":"@box_repsol","twitter_misc":{"Written by":"Redacci\u00f3n Box Repsol","Est. reading time":"3 minutos"},"schema":{"@context":"https:\/\/schema.org","@graph":[{"@type":"Article","@id":"https:\/\/www.boxrepsol.com\/es\/rally\/isidre-esteve-resiste-los-mejores-del-rally-marruecos\/#article","isPartOf":{"@id":"https:\/\/www.boxrepsol.com\/es\/rally\/isidre-esteve-resiste-los-mejores-del-rally-marruecos\/"},"author":{"name":"Redacci\u00f3n Box Repsol","@id":"https:\/\/www.boxrepsol.com\/es\/#\/schema\/person\/c5c2138f2cca251b0ad92b7086bb60b7"},"headline":"Isidre Esteve resiste entre los mejores del Rally de Marruecos","datePublished":"2018-10-08T02:00:00+00:00","dateModified":"2024-05-22T10:39:56+00:00","mainEntityOfPage":{"@id":"https:\/\/www.boxrepsol.com\/es\/rally\/isidre-esteve-resiste-los-mejores-del-rally-marruecos\/"},"wordCount":606,"commentCount":0,"publisher":{"@id":"https:\/\/www.boxrepsol.com\/es\/#organization"},"image":{"@id":"https:\/\/www.boxrepsol.com\/es\/rally\/isidre-esteve-resiste-los-mejores-del-rally-marruecos\/#primaryimage"},"thumbnailUrl":"https:\/\/bxrepsol.s3.eu-west-1.amazonaws.com\/static\/2022\/08\/29082939\/00_isidre_esteve_repsol_rally_team_rally_marruecos_etapa_3.jpg","keywords":["Repsol Rally Team"],"articleSection":["Rally"],"inLanguage":"es","potentialAction":[{"@type":"CommentAction","name":"Comment","target":["https:\/\/www.boxrepsol.com\/es\/rally\/isidre-esteve-resiste-los-mejores-del-rally-marruecos\/#respond"]}]},{"@type":"WebPage","@id":"https:\/\/www.boxrepsol.com\/es\/rally\/isidre-esteve-resiste-los-mejores-del-rally-marruecos\/","url":"https:\/\/www.boxrepsol.com\/es\/rally\/isidre-esteve-resiste-los-mejores-del-rally-marruecos\/","name":"Rally Marruecos 3era etapa - Isidre Esteve resiste entre los mejores","isPartOf":{"@id":"https:\/\/www.boxrepsol.com\/es\/#website"},"primaryImageOfPage":{"@id":"https:\/\/www.boxrepsol.com\/es\/rally\/isidre-esteve-resiste-los-mejores-del-rally-marruecos\/#primaryimage"},"image":{"@id":"https:\/\/www.boxrepsol.com\/es\/rally\/isidre-esteve-resiste-los-mejores-del-rally-marruecos\/#primaryimage"},"thumbnailUrl":"https:\/\/bxrepsol.s3.eu-west-1.amazonaws.com\/static\/2022\/08\/29082939\/00_isidre_esteve_repsol_rally_team_rally_marruecos_etapa_3.jpg","datePublished":"2018-10-08T02:00:00+00:00","dateModified":"2024-05-22T10:39:56+00:00","description":"El piloto del Repsol Rally Team acaba 15\u00ba una especial con muchas dunas, pese a perder m\u00e1s de media hora por un problema con el radiador.","breadcrumb":{"@id":"https:\/\/www.boxrepsol.com\/es\/rally\/isidre-esteve-resiste-los-mejores-del-rally-marruecos\/#breadcrumb"},"inLanguage":"es","potentialAction":[{"@type":"ReadAction","target":["https:\/\/www.boxrepsol.com\/es\/rally\/isidre-esteve-resiste-los-mejores-del-rally-marruecos\/"]}]},{"@type":"ImageObject","inLanguage":"es","@id":"https:\/\/www.boxrepsol.com\/es\/rally\/isidre-esteve-resiste-los-mejores-del-rally-marruecos\/#primaryimage","url":"https:\/\/bxrepsol.s3.eu-west-1.amazonaws.com\/static\/2022\/08\/29082939\/00_isidre_esteve_repsol_rally_team_rally_marruecos_etapa_3.jpg","contentUrl":"https:\/\/bxrepsol.s3.eu-west-1.amazonaws.com\/static\/2022\/08\/29082939\/00_isidre_esteve_repsol_rally_team_rally_marruecos_etapa_3.jpg","width":1280,"height":600,"caption":"Isidre Esteve recorre las dunas con su prototipo adaptado"},{"@type":"BreadcrumbList","@id":"https:\/\/www.boxrepsol.com\/es\/rally\/isidre-esteve-resiste-los-mejores-del-rally-marruecos\/#breadcrumb","itemListElement":[{"@type":"ListItem","position":1,"name":"Home","item":"https:\/\/www.boxrepsol.com\/es\/"},{"@type":"ListItem","position":2,"name":"Isidre Esteve resiste entre los mejores del Rally de Marruecos"}]},{"@type":"WebSite","@id":"https:\/\/www.boxrepsol.com\/es\/#website","url":"https:\/\/www.boxrepsol.com\/es\/","name":"Box Repsol","description":"Box Repsol Site","publisher":{"@id":"https:\/\/www.boxrepsol.com\/es\/#organization"},"potentialAction":[{"@type":"SearchAction","target":{"@type":"EntryPoint","urlTemplate":"https:\/\/www.boxrepsol.com\/es\/?s={search_term_string}"},"query-input":{"@type":"PropertyValueSpecification","valueRequired":true,"valueName":"search_term_string"}}],"inLanguage":"es"},{"@type":"Organization","@id":"https:\/\/www.boxrepsol.com\/es\/#organization","name":"Box Repsol","url":"https:\/\/www.boxrepsol.com\/es\/","logo":{"@type":"ImageObject","inLanguage":"es","@id":"https:\/\/www.boxrepsol.com\/es\/#\/schema\/logo\/image\/","url":"https:\/\/bxrepsol.s3.eu-west-1.amazonaws.com\/static\/2025\/07\/30083337\/favicon-96x96-1.png","contentUrl":"https:\/\/bxrepsol.s3.eu-west-1.amazonaws.com\/static\/2025\/07\/30083337\/favicon-96x96-1.png","width":96,"height":96,"caption":"Box Repsol"},"image":{"@id":"https:\/\/www.boxrepsol.com\/es\/#\/schema\/logo\/image\/"},"sameAs":["https:\/\/www.facebook.com\/BoxRepsol","https:\/\/x.com\/box_repsol","http:\/\/instagram.com\/box_repsol","https:\/\/www.youtube.com\/user\/RepsolCompeticion","https:\/\/www.flickr.com\/photos\/box_repsol\/"]},{"@type":"Person","@id":"https:\/\/www.boxrepsol.com\/es\/#\/schema\/person\/c5c2138f2cca251b0ad92b7086bb60b7","name":"Redacci\u00f3n Box Repsol","image":{"@type":"ImageObject","inLanguage":"es","@id":"https:\/\/secure.gravatar.com\/avatar\/adf7b77e38b4419baf32c7e9c21dde01f4e40df611f0978e3006fc4ba0aaab7e?s=96&d=mm&r=g","url":"https:\/\/secure.gravatar.com\/avatar\/adf7b77e38b4419baf32c7e9c21dde01f4e40df611f0978e3006fc4ba0aaab7e?s=96&d=mm&r=g","contentUrl":"https:\/\/secure.gravatar.com\/avatar\/adf7b77e38b4419baf32c7e9c21dde01f4e40df611f0978e3006fc4ba0aaab7e?s=96&d=mm&r=g","caption":"Redacci\u00f3n Box Repsol"},"description":"Box Repsol lo forma un equipo de periodistas, community managers, dise\u00f1adores y fot\u00f3grafos con m\u00e1s de 20 a\u00f1os de experiencia en el mundo del motorsport. Hemos vivido el primer mundial de un espa\u00f1ol en la categor\u00eda reina de motociclismo con \u00c1lex Crivill\u00e9, estuvimos en las victorias de Pedrosa y los t\u00edtulos de M\u00e1rquez, acompa\u00f1amos en \u00c1frica a Nani Roma y Marc Coma en sus conquistas del Dakar y hemos vibrado con los t\u00edtulos de Toni Bou en Trial. Adem\u00e1s, en nuestro equipo contamos con expertos en el mundo de las dos y cuatro ruedas tanto de la calle y las carreteras, como de los circuitos. Periodistas que han trabajado en revistas y publicaciones para hacerte llegar desde rutas y consejos de mantenimiento, a curiosidades y trucos de pilotaje.","sameAs":["https:\/\/www.facebook.com\/BoxRepsol\/","https:\/\/www.instagram.com\/box_repsol\/","https:\/\/x.com\/https:\/\/twitter.com\/box_repsol","https:\/\/www.youtube.com\/@Boxrepsol"],"url":"https:\/\/www.boxrepsol.com\/es\/author\/redaccion-box-repsol\/"}]}},"_links":{"self":[{"href":"https:\/\/www.boxrepsol.com\/es\/wp-json\/wp\/v2\/posts\/93437","targetHints":{"allow":["GET"]}}],"collection":[{"href":"https:\/\/www.boxrepsol.com\/es\/wp-json\/wp\/v2\/posts"}],"about":[{"href":"https:\/\/www.boxrepsol.com\/es\/wp-json\/wp\/v2\/types\/post"}],"author":[{"embeddable":true,"href":"https:\/\/www.boxrepsol.com\/es\/wp-json\/wp\/v2\/users\/43146"}],"replies":[{"embeddable":true,"href":"https:\/\/www.boxrepsol.com\/es\/wp-json\/wp\/v2\/comments?post=93437"}],"version-history":[{"count":1,"href":"https:\/\/www.boxrepsol.com\/es\/wp-json\/wp\/v2\/posts\/93437\/revisions"}],"predecessor-version":[{"id":93438,"href":"https:\/\/www.boxrepsol.com\/es\/wp-json\/wp\/v2\/posts\/93437\/revisions\/93438"}],"wp:featuredmedia":[{"embeddable":true,"href":"https:\/\/www.boxrepsol.com\/es\/wp-json\/wp\/v2\/media\/59567"}],"wp:attachment":[{"href":"https:\/\/www.boxrepsol.com\/es\/wp-json\/wp\/v2\/media?parent=93437"}],"wp:term":[{"taxonomy":"category","embeddable":true,"href":"https:\/\/www.boxrepsol.com\/es\/wp-json\/wp\/v2\/categories?post=93437"},{"taxonomy":"post_tag","embeddable":true,"href":"https:\/\/www.boxrepsol.com\/es\/wp-json\/wp\/v2\/tags?post=93437"}],"curies":[{"name":"wp","href":"https:\/\/api.w.org\/{rel}","templated":true}]}}