{"id":93435,"date":"2018-10-08T00:00:00","date_gmt":"2018-10-08T02:00:00","guid":{"rendered":"http:\/\/pre.boxrepsol.com\/sin-categorizar\/isidre-esteve-escala-la-13a-posicion-rally-marruecos\/"},"modified":"2024-05-22T08:39:46","modified_gmt":"2024-05-22T10:39:46","slug":"isidre-esteve-escala-la-13a-posicion-rally-marruecos","status":"publish","type":"post","link":"https:\/\/www.boxrepsol.com\/es\/rally\/isidre-esteve-escala-la-13a-posicion-rally-marruecos\/","title":{"rendered":"Isidre Esteve escala hasta la 13\u00aa posici\u00f3n en Marruecos"},"content":{"rendered":"<p><a href=\"https:\/\/www.boxrepsol.com\/es\/rally\/isidre-esteve-confirma-buenas-sensaciones-16o-lugar\/\">Conforme avanza la carrera y se incrementan las dificultades<\/a>, mejor le van las cosas al Repsol Rally Team en el Rally de Marruecos. El s\u00e1bado, <strong>Isidre Esteve ha salvado la dura segunda etapa que ha dejado fuera de combate a varios de los favoritos<\/strong>. El piloto de Oliana no ha sido uno de ellos, sino todo lo contrario, ya que cada vez se muestra m\u00e1s competitivo y ha firmado un brillante 15\u00ba lugar absoluto, que le sit\u00faa 13\u00ba de la general.<\/p>\n<p>La jornada transcurr\u00eda por los alrededores de Erfoud, con <strong>329 cronometrados de los 365 totales<\/strong>. Isidre Esteve y su copiloto Txema Villalobos han protagonizado una actuaci\u00f3n muy regular, a una<strong> velocidad constante y sin apenas cometer errores<\/strong>, lo que les ha permitido sortear todos los obst\u00e1culos que se han cruzado en su camino hacia la meta. <strong>Su tiempo de 4h 51:26 les ha consolidado en el grupo delantero<\/strong> de esta prestigiosa prueba de la Copa del Mundo de Rallys Cross-Country en la que se citan muchos equipos dakarianos.<\/p>\n<p><em>\u201cHa sido una etapa complicada, con mucha navegaci\u00f3n, pistas dif\u00edciles, peque\u00f1as dunas y mucha hierba de camello. Ha llovido hace poco y el agua ha borrado las pistas, lo que hace muy dif\u00edcil encontrar algunos puntos de paso. Pero, a pesar de todo, hemos conseguido marcar un buen ritmo y estamos realmente satisfechos\u201d<\/em><\/p>\n<p><a href=\"https:\/\/bxrepsol.s3.eu-west-1.amazonaws.com\/static\/2022\/08\/05061758\/00_isidre_esteve_rally_coche_interior_rally_marruecos.jpg\" \n   title=\"Isidre Esteve en su coche de Rally\" \n   data-gallery-thumbnail=\"https:\/\/bxrepsol.s3.eu-west-1.amazonaws.com\/static\/2022\/08\/05061758\/00_isidre_esteve_rally_coche_interior_rally_marruecos.jpg\"\n   data-gallery><\/p>\n<figure>\n        <picture style=\"padding-bottom: 66.619618913197%; background-image: url(https:\/\/bxrepsol.s3.eu-west-1.amazonaws.com\/static\/2022\/08\/05061758\/00_isidre_esteve_rally_coche_interior_rally_marruecos.jpg);\">\n            <img decoding=\"async\" src=\"https:\/\/bxrepsol.s3.eu-west-1.amazonaws.com\/static\/2022\/08\/05061758\/00_isidre_esteve_rally_coche_interior_rally_marruecos.jpg\"><br \/>\n            <img itemprop=\"image\"\n                data-srcset=\"https:\/\/bxrepsol.s3.eu-west-1.amazonaws.com\/static\/2022\/08\/05061758\/00_isidre_esteve_rally_coche_interior_rally_marruecos.jpg 480w, https:\/\/bxrepsol.s3.eu-west-1.amazonaws.com\/static\/2022\/08\/05061758\/00_isidre_esteve_rally_coche_interior_rally_marruecos.jpg 600w, https:\/\/bxrepsol.s3.eu-west-1.amazonaws.com\/static\/2022\/08\/05061758\/00_isidre_esteve_rally_coche_interior_rally_marruecos.jpg 900w, https:\/\/bxrepsol.s3.eu-west-1.amazonaws.com\/static\/2022\/08\/05061758\/00_isidre_esteve_rally_coche_interior_rally_marruecos.jpg 1280w\"\n                data-src=\"https:\/\/bxrepsol.s3.eu-west-1.amazonaws.com\/static\/2022\/08\/05061758\/00_isidre_esteve_rally_coche_interior_rally_marruecos.jpg\"\n                alt=\"Isidre Esteve en su coche de Rally\"\n                title=\"Isidre Esteve en el Rally de Marruecos\"\/><br \/>\n            <noscript><img decoding=\"async\" src=\"https:\/\/bxrepsol.s3.eu-west-1.amazonaws.com\/static\/2022\/08\/05061758\/00_isidre_esteve_rally_coche_interior_rally_marruecos.jpg\" alt=\"Isidre Esteve en su coche de Rally\"><\/noscript>\n        <\/picture><figcaption>Isidre Esteve en su coche de Rally<\/figcaption><\/figure>\n<p><\/a><\/p>\n<p>Su principal contratiempo se ha producido hacia el ecuador de la especial.\u00a0<em>\u201cHemos llegado al paso de un r\u00edo con mucho barro y, para no encallar, hemos tirado marcha atr\u00e1s, con tan mala fortuna que nos hemos quedado enganchados sobre una hierba de camello, con las cuatro ruedas en el aire. <strong>Nos ha ayudado a salir el holand\u00e9s Michael Willems pero luego se ha quedado \u00e9l en el fango y, por supuesto, le hemos devuelto el favor<\/strong>. Cuando hemos llegado a meta, los dos nos hemos abrazado\u201d<\/em>, desvelaba Isidre Esteve.<\/p>\n<p>Y es que la jornada ha tenido fuertes dosis de emoci\u00f3n y de \u00e9pica, que algunos candidatos al triunfo no han logrado superar.\u00a0<em>\u201c<strong>En este tipo de carreras suelen surgir muchos problemas y cualquier d\u00eda te puede pasar a ti<\/strong>. Por ello, nosotros debemos intentar ir lo m\u00e1s r\u00e1pido posible, aunque sin arriesgar y siempre respetando al m\u00e1ximo la mec\u00e1nica. Se trata de encontrar el equilibrio ideal\u2026 aunque eso tampoco te garantiza nada\u201d<\/em>, reconoce.<\/p>\n<p>De lo que Isidre Esteve no tiene ninguna duda es del salto cualitativo que su veh\u00edculo preparado por Sodicars Racing ha experimentado esta temporada gracias a las \u00faltimas evoluciones: \u201c<em>Tenemos mucho m\u00e1s ritmo que el a\u00f1o pasado y la misma sensaci\u00f3n de seguridad. Hemos subido mucho el nivel de competitividad, pero sin correr m\u00e1s riesgos y eso es lo m\u00e1s importante. Sin duda, vamos por el buen camino en nuestra preparaci\u00f3n para el Dakar 2019\u201d.<\/em><\/p>\n<p>Esteve y Villalobos tratar\u00e1n de mantener la buena l\u00ednea durante otra compleja jornada de 317 kil\u00f3metros (289 cronometrados), con las dunas y la arena de protagonistas. <strong>Con un tiempo acumulado de 8 horas, 16 minutos y 59 segundos<\/strong>, Isidre Esteve partir\u00e1 como 13\u00ba clasificado de la general y segundo de su categor\u00eda T1.2 (veh\u00edculos todo terreno modificados di\u00e9sel). \u00c9l, sin embargo, insiste en que \u201c<em>yo no miro la clasificaci\u00f3n, solo me preocupa el ritmo de carrera y, sobre todo, que las sensaciones al final del d\u00eda sean buenas\u201d.<\/em><\/p>\n<p>                <!-- Imagen relacionada --><br \/>\n        <img loading=\"lazy\" decoding=\"async\" width=\"404\" height=\"336\" src=\"https:\/\/bxrepsol.s3.eu-west-1.amazonaws.com\/static\/2022\/08\/29082933\/00_isidre_esteve_primer_plano_casco-2.jpg\" alt=\"Isidre Esteve con el casco puesto\" \/><br \/>\n                <!-- Categor\u00eda --><br \/>\n            Rally<br \/>\n        <!-- T\u00edtulo --><br \/>\n        <a href=\"#\"><\/p>\n<h3>Isidre Esteve confirma sus buenas sensaciones con un 16\u00ba lugar<\/h3>\n<p><\/a><br \/>\n                    <!-- Fecha --><br \/>\n            hace 1 hora<\/p>\n","protected":false},"excerpt":{"rendered":"<p>El piloto del Repsol Rally Team ha superado la exigente segunda etapa del Rally de Marruecos en un brillante 15\u00ba lugar absoluto.<\/p>\n","protected":false},"author":43146,"featured_media":59559,"comment_status":"open","ping_status":"open","sticky":false,"template":"","format":"standard","meta":{"footnotes":""},"categories":[27],"tags":[183],"class_list":["post-93435","post","type-post","status-publish","format-standard","hentry","category-rally","tag-repsol-rally-team"],"yoast_head":"<!-- This site is optimized with the Yoast SEO plugin v27.3 - https:\/\/yoast.com\/product\/yoast-seo-wordpress\/ -->\n<title>Rally Marruecos 2\u00aa etapa - Isidre Esteve escala hasta la 13\u00aa posici\u00f3n<\/title>\n<meta name=\"description\" content=\"El piloto del Repsol Rally Team ha superado la exigente segunda etapa en un brillante 15\u00ba lugar absoluto, y confirma sus buenas sensaciones cara al Dakar.\" \/>\n<link rel=\"canonical\" href=\"https:\/\/www.boxrepsol.com\/es\/rally\/isidre-esteve-escala-la-13a-posicion-rally-marruecos\/\" \/>\n<meta property=\"og:locale\" content=\"es_ES\" \/>\n<meta property=\"og:type\" content=\"article\" \/>\n<meta property=\"og:title\" content=\"Rally Marruecos 2\u00aa etapa - Isidre Esteve escala hasta la 13\u00aa posici\u00f3n\" \/>\n<meta property=\"og:description\" content=\"El piloto del Repsol Rally Team ha superado la exigente segunda etapa en un brillante 15\u00ba lugar absoluto, y confirma sus buenas sensaciones cara al Dakar.\" \/>\n<meta property=\"og:url\" content=\"https:\/\/www.boxrepsol.com\/es\/rally\/isidre-esteve-escala-la-13a-posicion-rally-marruecos\/\" \/>\n<meta property=\"og:site_name\" content=\"Box Repsol\" \/>\n<meta property=\"article:publisher\" content=\"https:\/\/www.facebook.com\/BoxRepsol\" \/>\n<meta property=\"article:author\" content=\"https:\/\/www.facebook.com\/BoxRepsol\/\" \/>\n<meta property=\"article:published_time\" content=\"2018-10-08T02:00:00+00:00\" \/>\n<meta property=\"article:modified_time\" content=\"2024-05-22T10:39:46+00:00\" \/>\n<meta property=\"og:image\" content=\"https:\/\/bxrepsol.s3.eu-west-1.amazonaws.com\/static\/2022\/08\/29082934\/00_rally_marruecos_isidre_esteve_repsol_rally_team.jpg\" \/>\n\t<meta property=\"og:image:width\" content=\"1280\" \/>\n\t<meta property=\"og:image:height\" content=\"600\" \/>\n\t<meta property=\"og:image:type\" content=\"image\/jpeg\" \/>\n<meta name=\"author\" content=\"Redacci\u00f3n Box Repsol\" \/>\n<meta name=\"twitter:card\" content=\"summary_large_image\" \/>\n<meta name=\"twitter:creator\" content=\"@https:\/\/twitter.com\/box_repsol\" \/>\n<meta name=\"twitter:site\" content=\"@box_repsol\" \/>\n<meta name=\"twitter:label1\" content=\"Written by\" \/>\n\t<meta name=\"twitter:data1\" content=\"Redacci\u00f3n Box Repsol\" \/>\n\t<meta name=\"twitter:label2\" content=\"Est. reading time\" \/>\n\t<meta name=\"twitter:data2\" content=\"3 minutos\" \/>\n<script type=\"application\/ld+json\" class=\"yoast-schema-graph\">{\"@context\":\"https:\\\/\\\/schema.org\",\"@graph\":[{\"@type\":\"Article\",\"@id\":\"https:\\\/\\\/www.boxrepsol.com\\\/es\\\/rally\\\/isidre-esteve-escala-la-13a-posicion-rally-marruecos\\\/#article\",\"isPartOf\":{\"@id\":\"https:\\\/\\\/www.boxrepsol.com\\\/es\\\/rally\\\/isidre-esteve-escala-la-13a-posicion-rally-marruecos\\\/\"},\"author\":{\"name\":\"Redacci\u00f3n Box Repsol\",\"@id\":\"https:\\\/\\\/www.boxrepsol.com\\\/es\\\/#\\\/schema\\\/person\\\/c5c2138f2cca251b0ad92b7086bb60b7\"},\"headline\":\"Isidre Esteve escala hasta la 13\u00aa posici\u00f3n en Marruecos\",\"datePublished\":\"2018-10-08T02:00:00+00:00\",\"dateModified\":\"2024-05-22T10:39:46+00:00\",\"mainEntityOfPage\":{\"@id\":\"https:\\\/\\\/www.boxrepsol.com\\\/es\\\/rally\\\/isidre-esteve-escala-la-13a-posicion-rally-marruecos\\\/\"},\"wordCount\":599,\"commentCount\":0,\"publisher\":{\"@id\":\"https:\\\/\\\/www.boxrepsol.com\\\/es\\\/#organization\"},\"image\":{\"@id\":\"https:\\\/\\\/www.boxrepsol.com\\\/es\\\/rally\\\/isidre-esteve-escala-la-13a-posicion-rally-marruecos\\\/#primaryimage\"},\"thumbnailUrl\":\"https:\\\/\\\/bxrepsol.s3.eu-west-1.amazonaws.com\\\/static\\\/2022\\\/08\\\/29082934\\\/00_rally_marruecos_isidre_esteve_repsol_rally_team.jpg\",\"keywords\":[\"Repsol Rally Team\"],\"articleSection\":[\"Rally\"],\"inLanguage\":\"es\",\"potentialAction\":[{\"@type\":\"CommentAction\",\"name\":\"Comment\",\"target\":[\"https:\\\/\\\/www.boxrepsol.com\\\/es\\\/rally\\\/isidre-esteve-escala-la-13a-posicion-rally-marruecos\\\/#respond\"]}]},{\"@type\":\"WebPage\",\"@id\":\"https:\\\/\\\/www.boxrepsol.com\\\/es\\\/rally\\\/isidre-esteve-escala-la-13a-posicion-rally-marruecos\\\/\",\"url\":\"https:\\\/\\\/www.boxrepsol.com\\\/es\\\/rally\\\/isidre-esteve-escala-la-13a-posicion-rally-marruecos\\\/\",\"name\":\"Rally Marruecos 2\u00aa etapa - Isidre Esteve escala hasta la 13\u00aa posici\u00f3n\",\"isPartOf\":{\"@id\":\"https:\\\/\\\/www.boxrepsol.com\\\/es\\\/#website\"},\"primaryImageOfPage\":{\"@id\":\"https:\\\/\\\/www.boxrepsol.com\\\/es\\\/rally\\\/isidre-esteve-escala-la-13a-posicion-rally-marruecos\\\/#primaryimage\"},\"image\":{\"@id\":\"https:\\\/\\\/www.boxrepsol.com\\\/es\\\/rally\\\/isidre-esteve-escala-la-13a-posicion-rally-marruecos\\\/#primaryimage\"},\"thumbnailUrl\":\"https:\\\/\\\/bxrepsol.s3.eu-west-1.amazonaws.com\\\/static\\\/2022\\\/08\\\/29082934\\\/00_rally_marruecos_isidre_esteve_repsol_rally_team.jpg\",\"datePublished\":\"2018-10-08T02:00:00+00:00\",\"dateModified\":\"2024-05-22T10:39:46+00:00\",\"description\":\"El piloto del Repsol Rally Team ha superado la exigente segunda etapa en un brillante 15\u00ba lugar absoluto, y confirma sus buenas sensaciones cara al Dakar.\",\"breadcrumb\":{\"@id\":\"https:\\\/\\\/www.boxrepsol.com\\\/es\\\/rally\\\/isidre-esteve-escala-la-13a-posicion-rally-marruecos\\\/#breadcrumb\"},\"inLanguage\":\"es\",\"potentialAction\":[{\"@type\":\"ReadAction\",\"target\":[\"https:\\\/\\\/www.boxrepsol.com\\\/es\\\/rally\\\/isidre-esteve-escala-la-13a-posicion-rally-marruecos\\\/\"]}]},{\"@type\":\"ImageObject\",\"inLanguage\":\"es\",\"@id\":\"https:\\\/\\\/www.boxrepsol.com\\\/es\\\/rally\\\/isidre-esteve-escala-la-13a-posicion-rally-marruecos\\\/#primaryimage\",\"url\":\"https:\\\/\\\/bxrepsol.s3.eu-west-1.amazonaws.com\\\/static\\\/2022\\\/08\\\/29082934\\\/00_rally_marruecos_isidre_esteve_repsol_rally_team.jpg\",\"contentUrl\":\"https:\\\/\\\/bxrepsol.s3.eu-west-1.amazonaws.com\\\/static\\\/2022\\\/08\\\/29082934\\\/00_rally_marruecos_isidre_esteve_repsol_rally_team.jpg\",\"width\":1280,\"height\":600,\"caption\":\"Isidre esteve subiendo dunas en su coche de Rally\"},{\"@type\":\"BreadcrumbList\",\"@id\":\"https:\\\/\\\/www.boxrepsol.com\\\/es\\\/rally\\\/isidre-esteve-escala-la-13a-posicion-rally-marruecos\\\/#breadcrumb\",\"itemListElement\":[{\"@type\":\"ListItem\",\"position\":1,\"name\":\"Home\",\"item\":\"https:\\\/\\\/www.boxrepsol.com\\\/es\\\/\"},{\"@type\":\"ListItem\",\"position\":2,\"name\":\"Isidre Esteve escala hasta la 13\u00aa posici\u00f3n en Marruecos\"}]},{\"@type\":\"WebSite\",\"@id\":\"https:\\\/\\\/www.boxrepsol.com\\\/es\\\/#website\",\"url\":\"https:\\\/\\\/www.boxrepsol.com\\\/es\\\/\",\"name\":\"Box Repsol\",\"description\":\"Box Repsol Site\",\"publisher\":{\"@id\":\"https:\\\/\\\/www.boxrepsol.com\\\/es\\\/#organization\"},\"potentialAction\":[{\"@type\":\"SearchAction\",\"target\":{\"@type\":\"EntryPoint\",\"urlTemplate\":\"https:\\\/\\\/www.boxrepsol.com\\\/es\\\/?s={search_term_string}\"},\"query-input\":{\"@type\":\"PropertyValueSpecification\",\"valueRequired\":true,\"valueName\":\"search_term_string\"}}],\"inLanguage\":\"es\"},{\"@type\":\"Organization\",\"@id\":\"https:\\\/\\\/www.boxrepsol.com\\\/es\\\/#organization\",\"name\":\"Box Repsol\",\"url\":\"https:\\\/\\\/www.boxrepsol.com\\\/es\\\/\",\"logo\":{\"@type\":\"ImageObject\",\"inLanguage\":\"es\",\"@id\":\"https:\\\/\\\/www.boxrepsol.com\\\/es\\\/#\\\/schema\\\/logo\\\/image\\\/\",\"url\":\"https:\\\/\\\/bxrepsol.s3.eu-west-1.amazonaws.com\\\/static\\\/2025\\\/07\\\/30083337\\\/favicon-96x96-1.png\",\"contentUrl\":\"https:\\\/\\\/bxrepsol.s3.eu-west-1.amazonaws.com\\\/static\\\/2025\\\/07\\\/30083337\\\/favicon-96x96-1.png\",\"width\":96,\"height\":96,\"caption\":\"Box Repsol\"},\"image\":{\"@id\":\"https:\\\/\\\/www.boxrepsol.com\\\/es\\\/#\\\/schema\\\/logo\\\/image\\\/\"},\"sameAs\":[\"https:\\\/\\\/www.facebook.com\\\/BoxRepsol\",\"https:\\\/\\\/x.com\\\/box_repsol\",\"http:\\\/\\\/instagram.com\\\/box_repsol\",\"https:\\\/\\\/www.youtube.com\\\/user\\\/RepsolCompeticion\",\"https:\\\/\\\/www.flickr.com\\\/photos\\\/box_repsol\\\/\"]},{\"@type\":\"Person\",\"@id\":\"https:\\\/\\\/www.boxrepsol.com\\\/es\\\/#\\\/schema\\\/person\\\/c5c2138f2cca251b0ad92b7086bb60b7\",\"name\":\"Redacci\u00f3n Box Repsol\",\"image\":{\"@type\":\"ImageObject\",\"inLanguage\":\"es\",\"@id\":\"https:\\\/\\\/secure.gravatar.com\\\/avatar\\\/adf7b77e38b4419baf32c7e9c21dde01f4e40df611f0978e3006fc4ba0aaab7e?s=96&d=mm&r=g\",\"url\":\"https:\\\/\\\/secure.gravatar.com\\\/avatar\\\/adf7b77e38b4419baf32c7e9c21dde01f4e40df611f0978e3006fc4ba0aaab7e?s=96&d=mm&r=g\",\"contentUrl\":\"https:\\\/\\\/secure.gravatar.com\\\/avatar\\\/adf7b77e38b4419baf32c7e9c21dde01f4e40df611f0978e3006fc4ba0aaab7e?s=96&d=mm&r=g\",\"caption\":\"Redacci\u00f3n Box Repsol\"},\"description\":\"Box Repsol lo forma un equipo de periodistas, community managers, dise\u00f1adores y fot\u00f3grafos con m\u00e1s de 20 a\u00f1os de experiencia en el mundo del motorsport. Hemos vivido el primer mundial de un espa\u00f1ol en la categor\u00eda reina de motociclismo con \u00c1lex Crivill\u00e9, estuvimos en las victorias de Pedrosa y los t\u00edtulos de M\u00e1rquez, acompa\u00f1amos en \u00c1frica a Nani Roma y Marc Coma en sus conquistas del Dakar y hemos vibrado con los t\u00edtulos de Toni Bou en Trial. Adem\u00e1s, en nuestro equipo contamos con expertos en el mundo de las dos y cuatro ruedas tanto de la calle y las carreteras, como de los circuitos. Periodistas que han trabajado en revistas y publicaciones para hacerte llegar desde rutas y consejos de mantenimiento, a curiosidades y trucos de pilotaje.\",\"sameAs\":[\"https:\\\/\\\/www.facebook.com\\\/BoxRepsol\\\/\",\"https:\\\/\\\/www.instagram.com\\\/box_repsol\\\/\",\"https:\\\/\\\/x.com\\\/https:\\\/\\\/twitter.com\\\/box_repsol\",\"https:\\\/\\\/www.youtube.com\\\/@Boxrepsol\"],\"url\":\"https:\\\/\\\/www.boxrepsol.com\\\/es\\\/author\\\/redaccion-box-repsol\\\/\"}]}<\/script>\n<!-- \/ Yoast SEO plugin. -->","yoast_head_json":{"title":"Rally Marruecos 2\u00aa etapa - Isidre Esteve escala hasta la 13\u00aa posici\u00f3n","description":"El piloto del Repsol Rally Team ha superado la exigente segunda etapa en un brillante 15\u00ba lugar absoluto, y confirma sus buenas sensaciones cara al Dakar.","canonical":"https:\/\/www.boxrepsol.com\/es\/rally\/isidre-esteve-escala-la-13a-posicion-rally-marruecos\/","og_locale":"es_ES","og_type":"article","og_title":"Rally Marruecos 2\u00aa etapa - Isidre Esteve escala hasta la 13\u00aa posici\u00f3n","og_description":"El piloto del Repsol Rally Team ha superado la exigente segunda etapa en un brillante 15\u00ba lugar absoluto, y confirma sus buenas sensaciones cara al Dakar.","og_url":"https:\/\/www.boxrepsol.com\/es\/rally\/isidre-esteve-escala-la-13a-posicion-rally-marruecos\/","og_site_name":"Box Repsol","article_publisher":"https:\/\/www.facebook.com\/BoxRepsol","article_author":"https:\/\/www.facebook.com\/BoxRepsol\/","article_published_time":"2018-10-08T02:00:00+00:00","article_modified_time":"2024-05-22T10:39:46+00:00","og_image":[{"width":1280,"height":600,"url":"https:\/\/bxrepsol.s3.eu-west-1.amazonaws.com\/static\/2022\/08\/29082934\/00_rally_marruecos_isidre_esteve_repsol_rally_team.jpg","type":"image\/jpeg"}],"author":"Redacci\u00f3n Box Repsol","twitter_card":"summary_large_image","twitter_creator":"@https:\/\/twitter.com\/box_repsol","twitter_site":"@box_repsol","twitter_misc":{"Written by":"Redacci\u00f3n Box Repsol","Est. reading time":"3 minutos"},"schema":{"@context":"https:\/\/schema.org","@graph":[{"@type":"Article","@id":"https:\/\/www.boxrepsol.com\/es\/rally\/isidre-esteve-escala-la-13a-posicion-rally-marruecos\/#article","isPartOf":{"@id":"https:\/\/www.boxrepsol.com\/es\/rally\/isidre-esteve-escala-la-13a-posicion-rally-marruecos\/"},"author":{"name":"Redacci\u00f3n Box Repsol","@id":"https:\/\/www.boxrepsol.com\/es\/#\/schema\/person\/c5c2138f2cca251b0ad92b7086bb60b7"},"headline":"Isidre Esteve escala hasta la 13\u00aa posici\u00f3n en Marruecos","datePublished":"2018-10-08T02:00:00+00:00","dateModified":"2024-05-22T10:39:46+00:00","mainEntityOfPage":{"@id":"https:\/\/www.boxrepsol.com\/es\/rally\/isidre-esteve-escala-la-13a-posicion-rally-marruecos\/"},"wordCount":599,"commentCount":0,"publisher":{"@id":"https:\/\/www.boxrepsol.com\/es\/#organization"},"image":{"@id":"https:\/\/www.boxrepsol.com\/es\/rally\/isidre-esteve-escala-la-13a-posicion-rally-marruecos\/#primaryimage"},"thumbnailUrl":"https:\/\/bxrepsol.s3.eu-west-1.amazonaws.com\/static\/2022\/08\/29082934\/00_rally_marruecos_isidre_esteve_repsol_rally_team.jpg","keywords":["Repsol Rally Team"],"articleSection":["Rally"],"inLanguage":"es","potentialAction":[{"@type":"CommentAction","name":"Comment","target":["https:\/\/www.boxrepsol.com\/es\/rally\/isidre-esteve-escala-la-13a-posicion-rally-marruecos\/#respond"]}]},{"@type":"WebPage","@id":"https:\/\/www.boxrepsol.com\/es\/rally\/isidre-esteve-escala-la-13a-posicion-rally-marruecos\/","url":"https:\/\/www.boxrepsol.com\/es\/rally\/isidre-esteve-escala-la-13a-posicion-rally-marruecos\/","name":"Rally Marruecos 2\u00aa etapa - Isidre Esteve escala hasta la 13\u00aa posici\u00f3n","isPartOf":{"@id":"https:\/\/www.boxrepsol.com\/es\/#website"},"primaryImageOfPage":{"@id":"https:\/\/www.boxrepsol.com\/es\/rally\/isidre-esteve-escala-la-13a-posicion-rally-marruecos\/#primaryimage"},"image":{"@id":"https:\/\/www.boxrepsol.com\/es\/rally\/isidre-esteve-escala-la-13a-posicion-rally-marruecos\/#primaryimage"},"thumbnailUrl":"https:\/\/bxrepsol.s3.eu-west-1.amazonaws.com\/static\/2022\/08\/29082934\/00_rally_marruecos_isidre_esteve_repsol_rally_team.jpg","datePublished":"2018-10-08T02:00:00+00:00","dateModified":"2024-05-22T10:39:46+00:00","description":"El piloto del Repsol Rally Team ha superado la exigente segunda etapa en un brillante 15\u00ba lugar absoluto, y confirma sus buenas sensaciones cara al Dakar.","breadcrumb":{"@id":"https:\/\/www.boxrepsol.com\/es\/rally\/isidre-esteve-escala-la-13a-posicion-rally-marruecos\/#breadcrumb"},"inLanguage":"es","potentialAction":[{"@type":"ReadAction","target":["https:\/\/www.boxrepsol.com\/es\/rally\/isidre-esteve-escala-la-13a-posicion-rally-marruecos\/"]}]},{"@type":"ImageObject","inLanguage":"es","@id":"https:\/\/www.boxrepsol.com\/es\/rally\/isidre-esteve-escala-la-13a-posicion-rally-marruecos\/#primaryimage","url":"https:\/\/bxrepsol.s3.eu-west-1.amazonaws.com\/static\/2022\/08\/29082934\/00_rally_marruecos_isidre_esteve_repsol_rally_team.jpg","contentUrl":"https:\/\/bxrepsol.s3.eu-west-1.amazonaws.com\/static\/2022\/08\/29082934\/00_rally_marruecos_isidre_esteve_repsol_rally_team.jpg","width":1280,"height":600,"caption":"Isidre esteve subiendo dunas en su coche de Rally"},{"@type":"BreadcrumbList","@id":"https:\/\/www.boxrepsol.com\/es\/rally\/isidre-esteve-escala-la-13a-posicion-rally-marruecos\/#breadcrumb","itemListElement":[{"@type":"ListItem","position":1,"name":"Home","item":"https:\/\/www.boxrepsol.com\/es\/"},{"@type":"ListItem","position":2,"name":"Isidre Esteve escala hasta la 13\u00aa posici\u00f3n en Marruecos"}]},{"@type":"WebSite","@id":"https:\/\/www.boxrepsol.com\/es\/#website","url":"https:\/\/www.boxrepsol.com\/es\/","name":"Box Repsol","description":"Box Repsol Site","publisher":{"@id":"https:\/\/www.boxrepsol.com\/es\/#organization"},"potentialAction":[{"@type":"SearchAction","target":{"@type":"EntryPoint","urlTemplate":"https:\/\/www.boxrepsol.com\/es\/?s={search_term_string}"},"query-input":{"@type":"PropertyValueSpecification","valueRequired":true,"valueName":"search_term_string"}}],"inLanguage":"es"},{"@type":"Organization","@id":"https:\/\/www.boxrepsol.com\/es\/#organization","name":"Box Repsol","url":"https:\/\/www.boxrepsol.com\/es\/","logo":{"@type":"ImageObject","inLanguage":"es","@id":"https:\/\/www.boxrepsol.com\/es\/#\/schema\/logo\/image\/","url":"https:\/\/bxrepsol.s3.eu-west-1.amazonaws.com\/static\/2025\/07\/30083337\/favicon-96x96-1.png","contentUrl":"https:\/\/bxrepsol.s3.eu-west-1.amazonaws.com\/static\/2025\/07\/30083337\/favicon-96x96-1.png","width":96,"height":96,"caption":"Box Repsol"},"image":{"@id":"https:\/\/www.boxrepsol.com\/es\/#\/schema\/logo\/image\/"},"sameAs":["https:\/\/www.facebook.com\/BoxRepsol","https:\/\/x.com\/box_repsol","http:\/\/instagram.com\/box_repsol","https:\/\/www.youtube.com\/user\/RepsolCompeticion","https:\/\/www.flickr.com\/photos\/box_repsol\/"]},{"@type":"Person","@id":"https:\/\/www.boxrepsol.com\/es\/#\/schema\/person\/c5c2138f2cca251b0ad92b7086bb60b7","name":"Redacci\u00f3n Box Repsol","image":{"@type":"ImageObject","inLanguage":"es","@id":"https:\/\/secure.gravatar.com\/avatar\/adf7b77e38b4419baf32c7e9c21dde01f4e40df611f0978e3006fc4ba0aaab7e?s=96&d=mm&r=g","url":"https:\/\/secure.gravatar.com\/avatar\/adf7b77e38b4419baf32c7e9c21dde01f4e40df611f0978e3006fc4ba0aaab7e?s=96&d=mm&r=g","contentUrl":"https:\/\/secure.gravatar.com\/avatar\/adf7b77e38b4419baf32c7e9c21dde01f4e40df611f0978e3006fc4ba0aaab7e?s=96&d=mm&r=g","caption":"Redacci\u00f3n Box Repsol"},"description":"Box Repsol lo forma un equipo de periodistas, community managers, dise\u00f1adores y fot\u00f3grafos con m\u00e1s de 20 a\u00f1os de experiencia en el mundo del motorsport. Hemos vivido el primer mundial de un espa\u00f1ol en la categor\u00eda reina de motociclismo con \u00c1lex Crivill\u00e9, estuvimos en las victorias de Pedrosa y los t\u00edtulos de M\u00e1rquez, acompa\u00f1amos en \u00c1frica a Nani Roma y Marc Coma en sus conquistas del Dakar y hemos vibrado con los t\u00edtulos de Toni Bou en Trial. Adem\u00e1s, en nuestro equipo contamos con expertos en el mundo de las dos y cuatro ruedas tanto de la calle y las carreteras, como de los circuitos. Periodistas que han trabajado en revistas y publicaciones para hacerte llegar desde rutas y consejos de mantenimiento, a curiosidades y trucos de pilotaje.","sameAs":["https:\/\/www.facebook.com\/BoxRepsol\/","https:\/\/www.instagram.com\/box_repsol\/","https:\/\/x.com\/https:\/\/twitter.com\/box_repsol","https:\/\/www.youtube.com\/@Boxrepsol"],"url":"https:\/\/www.boxrepsol.com\/es\/author\/redaccion-box-repsol\/"}]}},"_links":{"self":[{"href":"https:\/\/www.boxrepsol.com\/es\/wp-json\/wp\/v2\/posts\/93435","targetHints":{"allow":["GET"]}}],"collection":[{"href":"https:\/\/www.boxrepsol.com\/es\/wp-json\/wp\/v2\/posts"}],"about":[{"href":"https:\/\/www.boxrepsol.com\/es\/wp-json\/wp\/v2\/types\/post"}],"author":[{"embeddable":true,"href":"https:\/\/www.boxrepsol.com\/es\/wp-json\/wp\/v2\/users\/43146"}],"replies":[{"embeddable":true,"href":"https:\/\/www.boxrepsol.com\/es\/wp-json\/wp\/v2\/comments?post=93435"}],"version-history":[{"count":1,"href":"https:\/\/www.boxrepsol.com\/es\/wp-json\/wp\/v2\/posts\/93435\/revisions"}],"predecessor-version":[{"id":93436,"href":"https:\/\/www.boxrepsol.com\/es\/wp-json\/wp\/v2\/posts\/93435\/revisions\/93436"}],"wp:featuredmedia":[{"embeddable":true,"href":"https:\/\/www.boxrepsol.com\/es\/wp-json\/wp\/v2\/media\/59559"}],"wp:attachment":[{"href":"https:\/\/www.boxrepsol.com\/es\/wp-json\/wp\/v2\/media?parent=93435"}],"wp:term":[{"taxonomy":"category","embeddable":true,"href":"https:\/\/www.boxrepsol.com\/es\/wp-json\/wp\/v2\/categories?post=93435"},{"taxonomy":"post_tag","embeddable":true,"href":"https:\/\/www.boxrepsol.com\/es\/wp-json\/wp\/v2\/tags?post=93435"}],"curies":[{"name":"wp","href":"https:\/\/api.w.org\/{rel}","templated":true}]}}