{"id":93433,"date":"2018-10-08T00:00:00","date_gmt":"2018-10-08T02:00:00","guid":{"rendered":"http:\/\/pre.boxrepsol.com\/sin-categorizar\/isidre-esteve-confirma-buenas-sensaciones-16o-lugar\/"},"modified":"2024-05-22T08:39:38","modified_gmt":"2024-05-22T10:39:38","slug":"isidre-esteve-confirma-buenas-sensaciones-16o-lugar","status":"publish","type":"post","link":"https:\/\/www.boxrepsol.com\/es\/rally\/isidre-esteve-confirma-buenas-sensaciones-16o-lugar\/","title":{"rendered":"Isidre Esteve confirma sus buenas sensaciones"},"content":{"rendered":"<p>El Repsol Rally Team ha completado este viernes la primera etapa del <a href=\"https:\/\/www.boxrepsol.com\/es\/rally\/repsol-rally-team-afronta-ultimo-gran-test-del-dakar\/\">Rally de Marruecos<\/a> <strong>en una destacada 16\u00aa posici\u00f3n<\/strong> y ha confirmado las buenas sensaciones ofrecidas en la pr\u00f3logo cuando Isidre Esteve fue 13\u00ba firm\u00f3 su mejor resultado parcial en una prueba puntuable para la Copa del Mundo de Rallys Cross-Country. El piloto ilerdense ha vuelto a demostrar el potencial de su renovado prototipo <a href=\"https:\/\/www.boxrepsol.com\/es\/rally\/montate-sodicar-bv6-t-1-2-isidre-esteve\/\">BV6 de Sodicars Racing<\/a>, con los mandos adaptados en el volante.<\/p>\n<p>La etapa de este viernes se ha disputado entre Fes y Erfoud, con <strong>dos especiales de 103 y 91 kil\u00f3metros cronometrados<\/strong>. En la primera, Isidre Esteve y su copiloto Txema Villalobos han marcado un registro de 1h 53:01 que les situaba en la 17\u00aa posici\u00f3n provisional absoluta de coches, a 33 minutos del m\u00e1s r\u00e1pido en ese punto y vencedor final, el sudafricano Ten Brinke (Toyota).<\/p>\n<p><em>\u201cHa sido una primera parte r\u00e1pida y de navegaci\u00f3n muy complicada. Nos hemos saltado un way point y hemos tenido que volver atr\u00e1s varios kil\u00f3metros hasta encontrarlo para evitar la penalizaci\u00f3n. Hemos perdido algo tiempo, pero le ha sucedido lo mismo a otros pilotos y nos ha servido de lecci\u00f3n\u201d<\/em><\/p>\n<p><a href=\"https:\/\/bxrepsol.s3.eu-west-1.amazonaws.com\/static\/2022\/08\/05061753\/00_isidre_esteve_rally_marruecos_repsol_rally_team.jpg\" \n   title=\"coche del Repsol Rally Team rodando en tierra\" \n   data-gallery-thumbnail=\"https:\/\/bxrepsol.s3.eu-west-1.amazonaws.com\/static\/2022\/08\/05061753\/00_isidre_esteve_rally_marruecos_repsol_rally_team.jpg\"\n   data-gallery><\/p>\n<figure>\n        <picture style=\"padding-bottom: 66.549047282992%; background-image: url(https:\/\/bxrepsol.s3.eu-west-1.amazonaws.com\/static\/2022\/08\/05061753\/00_isidre_esteve_rally_marruecos_repsol_rally_team.jpg);\">\n            <img decoding=\"async\" src=\"https:\/\/bxrepsol.s3.eu-west-1.amazonaws.com\/static\/2022\/08\/05061753\/00_isidre_esteve_rally_marruecos_repsol_rally_team.jpg\"><br \/>\n            <img itemprop=\"image\"\n                data-srcset=\"https:\/\/bxrepsol.s3.eu-west-1.amazonaws.com\/static\/2022\/08\/05061753\/00_isidre_esteve_rally_marruecos_repsol_rally_team.jpg 480w, https:\/\/bxrepsol.s3.eu-west-1.amazonaws.com\/static\/2022\/08\/05061753\/00_isidre_esteve_rally_marruecos_repsol_rally_team.jpg 600w, https:\/\/bxrepsol.s3.eu-west-1.amazonaws.com\/static\/2022\/08\/05061753\/00_isidre_esteve_rally_marruecos_repsol_rally_team.jpg 900w, https:\/\/bxrepsol.s3.eu-west-1.amazonaws.com\/static\/2022\/08\/05061753\/00_isidre_esteve_rally_marruecos_repsol_rally_team.jpg 1280w\"\n                data-src=\"https:\/\/bxrepsol.s3.eu-west-1.amazonaws.com\/static\/2022\/08\/05061753\/00_isidre_esteve_rally_marruecos_repsol_rally_team.jpg\"\n                alt=\"coche del Repsol Rally Team rodando en tierra\"\n                title=\"Isidre Esteve en el Rally de Marruecos\"\/><br \/>\n            <noscript><img decoding=\"async\" src=\"https:\/\/bxrepsol.s3.eu-west-1.amazonaws.com\/static\/2022\/08\/05061753\/00_isidre_esteve_rally_marruecos_repsol_rally_team.jpg\" alt=\"coche del Repsol Rally Team rodando en tierra\"><\/noscript>\n        <\/picture><figcaption>coche del Repsol Rally Team rodando en tierra<\/figcaption><\/figure>\n<p><\/a><\/p>\n<p>En el segundo tramo cronometrado, el Repsol Rally Team ha mejorado sus prestaciones, para escalar hasta el 16\u00ba lugar del d\u00eda, el mismo que pasa a ocupar en la general.<strong> Su tiempo final ha sido de 3h 15:15, que le confirma como el segundo mejor participante en la categor\u00eda T1.2<\/strong>, reservada a los veh\u00edculos todo terreno modificados di\u00e9sel.<\/p>\n<p><em>\u201cLa segunda especial ha sido muy bonita, con peque\u00f1as dunas y mucha hierba de camello. Adem\u00e1s, nos ha llovido y eso siempre dificulta la carrera, aunque no nos ha impedido marcar un buen ritmo. Estamos muy satisfechos de esta primera toma de contacto con la arena y del buen comportamiento del BV6\u201d<\/em>, comentaba Isidre Esteve, que acumula un registro de 3 horas, 25 minutos y 33 segundos.<\/p>\n<p>En l\u00edneas generales, <strong>el piloto de Oliana valoraba positivamente la jornada<\/strong>:\u00a0<em>\u201cHa resultado un buen d\u00eda para nosotros, teniendo en cuenta lo r\u00e1pida que es esta carrera y lo mucho que est\u00e1 corriendo todo el mundo, lo que no nos favorece para nada. Nosotros debemos centrarnos en no cometer ning\u00fan error y acertar en la navegaci\u00f3n que es complicada y nos obliga a estar muy atentos en todo momento\u201d.<\/em><\/p>\n<p>La segunda etapa del Rally de Marruecos ser\u00e1 con salida y llegada a Erfoud. <strong>Los participantes deber\u00e1n completar 365 kil\u00f3metros, de los cuales 329 ser\u00e1n cronometrados<\/strong>. Isidre Esteve, que partir\u00e1 en el puesto 20, presagia\u00a0<em>\u201cuna jornada larga y seguro que m\u00e1s dif\u00edcil que la de hoy\u201d.<\/em><\/p>\n<p>                <!-- Imagen relacionada --><br \/>\n        <img loading=\"lazy\" decoding=\"async\" width=\"404\" height=\"336\" src=\"https:\/\/bxrepsol.s3.eu-west-1.amazonaws.com\/static\/2022\/08\/05061754\/02_isidre_esteve_marruecos_dia1_prologo_repsol_rally_team-1.jpg\" alt=\"Isidre esteve y Txema Villalobos dentro del coche\" \/><br \/>\n                <!-- Categor\u00eda --><br \/>\n            Rally<br \/>\n        <!-- T\u00edtulo --><br \/>\n        <a href=\"#\"><\/p>\n<h3>Isidre Esteve obtiene su mejor clasificaci\u00f3n en una pr\u00f3logo<\/h3>\n<p><\/a><br \/>\n                    <!-- Fecha --><br \/>\n            hace 1 hora<\/p>\n","protected":false},"excerpt":{"rendered":"<p>El piloto del Repsol Rally Team ha terminado 16\u00ba la primera etapa del Rally de Marruecos, aunque un error de navegaci\u00f3n le ha obligado a retroceder varios kil\u00f3metros.<\/p>\n","protected":false},"author":43146,"featured_media":59551,"comment_status":"open","ping_status":"open","sticky":false,"template":"","format":"standard","meta":{"footnotes":""},"categories":[27],"tags":[29],"class_list":["post-93433","post","type-post","status-publish","format-standard","hentry","category-rally","tag-isidre-esteve"],"yoast_head":"<!-- This site is optimized with the Yoast SEO plugin v27.3 - https:\/\/yoast.com\/product\/yoast-seo-wordpress\/ -->\n<title>Rally Marruecos 1era etapa - Isidre Esteve confirma sus buenas sensaciones con un 16\u00ba lugar<\/title>\n<meta name=\"description\" content=\"El piloto del Repsol Rally Team completa la primera etapa entre los mejores, aunque un error de navegaci\u00f3n le ha obligado a retroceder varios kil\u00f3metros.\" \/>\n<link rel=\"canonical\" href=\"https:\/\/www.boxrepsol.com\/es\/rally\/isidre-esteve-confirma-buenas-sensaciones-16o-lugar\/\" \/>\n<meta property=\"og:locale\" content=\"es_ES\" \/>\n<meta property=\"og:type\" content=\"article\" \/>\n<meta property=\"og:title\" content=\"Rally Marruecos 1era etapa - Isidre Esteve confirma sus buenas sensaciones con un 16\u00ba lugar\" \/>\n<meta property=\"og:description\" content=\"El piloto del Repsol Rally Team completa la primera etapa entre los mejores, aunque un error de navegaci\u00f3n le ha obligado a retroceder varios kil\u00f3metros.\" \/>\n<meta property=\"og:url\" content=\"https:\/\/www.boxrepsol.com\/es\/rally\/isidre-esteve-confirma-buenas-sensaciones-16o-lugar\/\" \/>\n<meta property=\"og:site_name\" content=\"Box Repsol\" \/>\n<meta property=\"article:publisher\" content=\"https:\/\/www.facebook.com\/BoxRepsol\" \/>\n<meta property=\"article:author\" content=\"https:\/\/www.facebook.com\/BoxRepsol\/\" \/>\n<meta property=\"article:published_time\" content=\"2018-10-08T02:00:00+00:00\" \/>\n<meta property=\"article:modified_time\" content=\"2024-05-22T10:39:38+00:00\" \/>\n<meta property=\"og:image\" content=\"https:\/\/bxrepsol.s3.eu-west-1.amazonaws.com\/static\/2022\/08\/29082930\/00_isidre_esteve_primer_plano_casco.jpg\" \/>\n\t<meta property=\"og:image:width\" content=\"1280\" \/>\n\t<meta property=\"og:image:height\" content=\"600\" \/>\n\t<meta property=\"og:image:type\" content=\"image\/jpeg\" \/>\n<meta name=\"author\" content=\"Redacci\u00f3n Box Repsol\" \/>\n<meta name=\"twitter:card\" content=\"summary_large_image\" \/>\n<meta name=\"twitter:creator\" content=\"@https:\/\/twitter.com\/box_repsol\" \/>\n<meta name=\"twitter:site\" content=\"@box_repsol\" \/>\n<meta name=\"twitter:label1\" content=\"Written by\" \/>\n\t<meta name=\"twitter:data1\" content=\"Redacci\u00f3n Box Repsol\" \/>\n\t<meta name=\"twitter:label2\" content=\"Est. reading time\" \/>\n\t<meta name=\"twitter:data2\" content=\"2 minutos\" \/>\n<script type=\"application\/ld+json\" class=\"yoast-schema-graph\">{\"@context\":\"https:\\\/\\\/schema.org\",\"@graph\":[{\"@type\":\"Article\",\"@id\":\"https:\\\/\\\/www.boxrepsol.com\\\/es\\\/rally\\\/isidre-esteve-confirma-buenas-sensaciones-16o-lugar\\\/#article\",\"isPartOf\":{\"@id\":\"https:\\\/\\\/www.boxrepsol.com\\\/es\\\/rally\\\/isidre-esteve-confirma-buenas-sensaciones-16o-lugar\\\/\"},\"author\":{\"name\":\"Redacci\u00f3n Box Repsol\",\"@id\":\"https:\\\/\\\/www.boxrepsol.com\\\/es\\\/#\\\/schema\\\/person\\\/c5c2138f2cca251b0ad92b7086bb60b7\"},\"headline\":\"Isidre Esteve confirma sus buenas sensaciones\",\"datePublished\":\"2018-10-08T02:00:00+00:00\",\"dateModified\":\"2024-05-22T10:39:38+00:00\",\"mainEntityOfPage\":{\"@id\":\"https:\\\/\\\/www.boxrepsol.com\\\/es\\\/rally\\\/isidre-esteve-confirma-buenas-sensaciones-16o-lugar\\\/\"},\"wordCount\":474,\"commentCount\":0,\"publisher\":{\"@id\":\"https:\\\/\\\/www.boxrepsol.com\\\/es\\\/#organization\"},\"image\":{\"@id\":\"https:\\\/\\\/www.boxrepsol.com\\\/es\\\/rally\\\/isidre-esteve-confirma-buenas-sensaciones-16o-lugar\\\/#primaryimage\"},\"thumbnailUrl\":\"https:\\\/\\\/bxrepsol.s3.eu-west-1.amazonaws.com\\\/static\\\/2022\\\/08\\\/29082930\\\/00_isidre_esteve_primer_plano_casco.jpg\",\"keywords\":[\"Isidre Esteve\"],\"articleSection\":[\"Rally\"],\"inLanguage\":\"es\",\"potentialAction\":[{\"@type\":\"CommentAction\",\"name\":\"Comment\",\"target\":[\"https:\\\/\\\/www.boxrepsol.com\\\/es\\\/rally\\\/isidre-esteve-confirma-buenas-sensaciones-16o-lugar\\\/#respond\"]}]},{\"@type\":\"WebPage\",\"@id\":\"https:\\\/\\\/www.boxrepsol.com\\\/es\\\/rally\\\/isidre-esteve-confirma-buenas-sensaciones-16o-lugar\\\/\",\"url\":\"https:\\\/\\\/www.boxrepsol.com\\\/es\\\/rally\\\/isidre-esteve-confirma-buenas-sensaciones-16o-lugar\\\/\",\"name\":\"Rally Marruecos 1era etapa - Isidre Esteve confirma sus buenas sensaciones con un 16\u00ba lugar\",\"isPartOf\":{\"@id\":\"https:\\\/\\\/www.boxrepsol.com\\\/es\\\/#website\"},\"primaryImageOfPage\":{\"@id\":\"https:\\\/\\\/www.boxrepsol.com\\\/es\\\/rally\\\/isidre-esteve-confirma-buenas-sensaciones-16o-lugar\\\/#primaryimage\"},\"image\":{\"@id\":\"https:\\\/\\\/www.boxrepsol.com\\\/es\\\/rally\\\/isidre-esteve-confirma-buenas-sensaciones-16o-lugar\\\/#primaryimage\"},\"thumbnailUrl\":\"https:\\\/\\\/bxrepsol.s3.eu-west-1.amazonaws.com\\\/static\\\/2022\\\/08\\\/29082930\\\/00_isidre_esteve_primer_plano_casco.jpg\",\"datePublished\":\"2018-10-08T02:00:00+00:00\",\"dateModified\":\"2024-05-22T10:39:38+00:00\",\"description\":\"El piloto del Repsol Rally Team completa la primera etapa entre los mejores, aunque un error de navegaci\u00f3n le ha obligado a retroceder varios kil\u00f3metros.\",\"breadcrumb\":{\"@id\":\"https:\\\/\\\/www.boxrepsol.com\\\/es\\\/rally\\\/isidre-esteve-confirma-buenas-sensaciones-16o-lugar\\\/#breadcrumb\"},\"inLanguage\":\"es\",\"potentialAction\":[{\"@type\":\"ReadAction\",\"target\":[\"https:\\\/\\\/www.boxrepsol.com\\\/es\\\/rally\\\/isidre-esteve-confirma-buenas-sensaciones-16o-lugar\\\/\"]}]},{\"@type\":\"ImageObject\",\"inLanguage\":\"es\",\"@id\":\"https:\\\/\\\/www.boxrepsol.com\\\/es\\\/rally\\\/isidre-esteve-confirma-buenas-sensaciones-16o-lugar\\\/#primaryimage\",\"url\":\"https:\\\/\\\/bxrepsol.s3.eu-west-1.amazonaws.com\\\/static\\\/2022\\\/08\\\/29082930\\\/00_isidre_esteve_primer_plano_casco.jpg\",\"contentUrl\":\"https:\\\/\\\/bxrepsol.s3.eu-west-1.amazonaws.com\\\/static\\\/2022\\\/08\\\/29082930\\\/00_isidre_esteve_primer_plano_casco.jpg\",\"width\":1280,\"height\":600,\"caption\":\"Isidre Esteve con el casco puesto\"},{\"@type\":\"BreadcrumbList\",\"@id\":\"https:\\\/\\\/www.boxrepsol.com\\\/es\\\/rally\\\/isidre-esteve-confirma-buenas-sensaciones-16o-lugar\\\/#breadcrumb\",\"itemListElement\":[{\"@type\":\"ListItem\",\"position\":1,\"name\":\"Home\",\"item\":\"https:\\\/\\\/www.boxrepsol.com\\\/es\\\/\"},{\"@type\":\"ListItem\",\"position\":2,\"name\":\"Isidre Esteve confirma sus buenas sensaciones\"}]},{\"@type\":\"WebSite\",\"@id\":\"https:\\\/\\\/www.boxrepsol.com\\\/es\\\/#website\",\"url\":\"https:\\\/\\\/www.boxrepsol.com\\\/es\\\/\",\"name\":\"Box Repsol\",\"description\":\"Box Repsol Site\",\"publisher\":{\"@id\":\"https:\\\/\\\/www.boxrepsol.com\\\/es\\\/#organization\"},\"potentialAction\":[{\"@type\":\"SearchAction\",\"target\":{\"@type\":\"EntryPoint\",\"urlTemplate\":\"https:\\\/\\\/www.boxrepsol.com\\\/es\\\/?s={search_term_string}\"},\"query-input\":{\"@type\":\"PropertyValueSpecification\",\"valueRequired\":true,\"valueName\":\"search_term_string\"}}],\"inLanguage\":\"es\"},{\"@type\":\"Organization\",\"@id\":\"https:\\\/\\\/www.boxrepsol.com\\\/es\\\/#organization\",\"name\":\"Box Repsol\",\"url\":\"https:\\\/\\\/www.boxrepsol.com\\\/es\\\/\",\"logo\":{\"@type\":\"ImageObject\",\"inLanguage\":\"es\",\"@id\":\"https:\\\/\\\/www.boxrepsol.com\\\/es\\\/#\\\/schema\\\/logo\\\/image\\\/\",\"url\":\"https:\\\/\\\/bxrepsol.s3.eu-west-1.amazonaws.com\\\/static\\\/2025\\\/07\\\/30083337\\\/favicon-96x96-1.png\",\"contentUrl\":\"https:\\\/\\\/bxrepsol.s3.eu-west-1.amazonaws.com\\\/static\\\/2025\\\/07\\\/30083337\\\/favicon-96x96-1.png\",\"width\":96,\"height\":96,\"caption\":\"Box Repsol\"},\"image\":{\"@id\":\"https:\\\/\\\/www.boxrepsol.com\\\/es\\\/#\\\/schema\\\/logo\\\/image\\\/\"},\"sameAs\":[\"https:\\\/\\\/www.facebook.com\\\/BoxRepsol\",\"https:\\\/\\\/x.com\\\/box_repsol\",\"http:\\\/\\\/instagram.com\\\/box_repsol\",\"https:\\\/\\\/www.youtube.com\\\/user\\\/RepsolCompeticion\",\"https:\\\/\\\/www.flickr.com\\\/photos\\\/box_repsol\\\/\"]},{\"@type\":\"Person\",\"@id\":\"https:\\\/\\\/www.boxrepsol.com\\\/es\\\/#\\\/schema\\\/person\\\/c5c2138f2cca251b0ad92b7086bb60b7\",\"name\":\"Redacci\u00f3n Box Repsol\",\"image\":{\"@type\":\"ImageObject\",\"inLanguage\":\"es\",\"@id\":\"https:\\\/\\\/secure.gravatar.com\\\/avatar\\\/adf7b77e38b4419baf32c7e9c21dde01f4e40df611f0978e3006fc4ba0aaab7e?s=96&d=mm&r=g\",\"url\":\"https:\\\/\\\/secure.gravatar.com\\\/avatar\\\/adf7b77e38b4419baf32c7e9c21dde01f4e40df611f0978e3006fc4ba0aaab7e?s=96&d=mm&r=g\",\"contentUrl\":\"https:\\\/\\\/secure.gravatar.com\\\/avatar\\\/adf7b77e38b4419baf32c7e9c21dde01f4e40df611f0978e3006fc4ba0aaab7e?s=96&d=mm&r=g\",\"caption\":\"Redacci\u00f3n Box Repsol\"},\"description\":\"Box Repsol lo forma un equipo de periodistas, community managers, dise\u00f1adores y fot\u00f3grafos con m\u00e1s de 20 a\u00f1os de experiencia en el mundo del motorsport. Hemos vivido el primer mundial de un espa\u00f1ol en la categor\u00eda reina de motociclismo con \u00c1lex Crivill\u00e9, estuvimos en las victorias de Pedrosa y los t\u00edtulos de M\u00e1rquez, acompa\u00f1amos en \u00c1frica a Nani Roma y Marc Coma en sus conquistas del Dakar y hemos vibrado con los t\u00edtulos de Toni Bou en Trial. Adem\u00e1s, en nuestro equipo contamos con expertos en el mundo de las dos y cuatro ruedas tanto de la calle y las carreteras, como de los circuitos. Periodistas que han trabajado en revistas y publicaciones para hacerte llegar desde rutas y consejos de mantenimiento, a curiosidades y trucos de pilotaje.\",\"sameAs\":[\"https:\\\/\\\/www.facebook.com\\\/BoxRepsol\\\/\",\"https:\\\/\\\/www.instagram.com\\\/box_repsol\\\/\",\"https:\\\/\\\/x.com\\\/https:\\\/\\\/twitter.com\\\/box_repsol\",\"https:\\\/\\\/www.youtube.com\\\/@Boxrepsol\"],\"url\":\"https:\\\/\\\/www.boxrepsol.com\\\/es\\\/author\\\/redaccion-box-repsol\\\/\"}]}<\/script>\n<!-- \/ Yoast SEO plugin. -->","yoast_head_json":{"title":"Rally Marruecos 1era etapa - Isidre Esteve confirma sus buenas sensaciones con un 16\u00ba lugar","description":"El piloto del Repsol Rally Team completa la primera etapa entre los mejores, aunque un error de navegaci\u00f3n le ha obligado a retroceder varios kil\u00f3metros.","canonical":"https:\/\/www.boxrepsol.com\/es\/rally\/isidre-esteve-confirma-buenas-sensaciones-16o-lugar\/","og_locale":"es_ES","og_type":"article","og_title":"Rally Marruecos 1era etapa - Isidre Esteve confirma sus buenas sensaciones con un 16\u00ba lugar","og_description":"El piloto del Repsol Rally Team completa la primera etapa entre los mejores, aunque un error de navegaci\u00f3n le ha obligado a retroceder varios kil\u00f3metros.","og_url":"https:\/\/www.boxrepsol.com\/es\/rally\/isidre-esteve-confirma-buenas-sensaciones-16o-lugar\/","og_site_name":"Box Repsol","article_publisher":"https:\/\/www.facebook.com\/BoxRepsol","article_author":"https:\/\/www.facebook.com\/BoxRepsol\/","article_published_time":"2018-10-08T02:00:00+00:00","article_modified_time":"2024-05-22T10:39:38+00:00","og_image":[{"width":1280,"height":600,"url":"https:\/\/bxrepsol.s3.eu-west-1.amazonaws.com\/static\/2022\/08\/29082930\/00_isidre_esteve_primer_plano_casco.jpg","type":"image\/jpeg"}],"author":"Redacci\u00f3n Box Repsol","twitter_card":"summary_large_image","twitter_creator":"@https:\/\/twitter.com\/box_repsol","twitter_site":"@box_repsol","twitter_misc":{"Written by":"Redacci\u00f3n Box Repsol","Est. reading time":"2 minutos"},"schema":{"@context":"https:\/\/schema.org","@graph":[{"@type":"Article","@id":"https:\/\/www.boxrepsol.com\/es\/rally\/isidre-esteve-confirma-buenas-sensaciones-16o-lugar\/#article","isPartOf":{"@id":"https:\/\/www.boxrepsol.com\/es\/rally\/isidre-esteve-confirma-buenas-sensaciones-16o-lugar\/"},"author":{"name":"Redacci\u00f3n Box Repsol","@id":"https:\/\/www.boxrepsol.com\/es\/#\/schema\/person\/c5c2138f2cca251b0ad92b7086bb60b7"},"headline":"Isidre Esteve confirma sus buenas sensaciones","datePublished":"2018-10-08T02:00:00+00:00","dateModified":"2024-05-22T10:39:38+00:00","mainEntityOfPage":{"@id":"https:\/\/www.boxrepsol.com\/es\/rally\/isidre-esteve-confirma-buenas-sensaciones-16o-lugar\/"},"wordCount":474,"commentCount":0,"publisher":{"@id":"https:\/\/www.boxrepsol.com\/es\/#organization"},"image":{"@id":"https:\/\/www.boxrepsol.com\/es\/rally\/isidre-esteve-confirma-buenas-sensaciones-16o-lugar\/#primaryimage"},"thumbnailUrl":"https:\/\/bxrepsol.s3.eu-west-1.amazonaws.com\/static\/2022\/08\/29082930\/00_isidre_esteve_primer_plano_casco.jpg","keywords":["Isidre Esteve"],"articleSection":["Rally"],"inLanguage":"es","potentialAction":[{"@type":"CommentAction","name":"Comment","target":["https:\/\/www.boxrepsol.com\/es\/rally\/isidre-esteve-confirma-buenas-sensaciones-16o-lugar\/#respond"]}]},{"@type":"WebPage","@id":"https:\/\/www.boxrepsol.com\/es\/rally\/isidre-esteve-confirma-buenas-sensaciones-16o-lugar\/","url":"https:\/\/www.boxrepsol.com\/es\/rally\/isidre-esteve-confirma-buenas-sensaciones-16o-lugar\/","name":"Rally Marruecos 1era etapa - Isidre Esteve confirma sus buenas sensaciones con un 16\u00ba lugar","isPartOf":{"@id":"https:\/\/www.boxrepsol.com\/es\/#website"},"primaryImageOfPage":{"@id":"https:\/\/www.boxrepsol.com\/es\/rally\/isidre-esteve-confirma-buenas-sensaciones-16o-lugar\/#primaryimage"},"image":{"@id":"https:\/\/www.boxrepsol.com\/es\/rally\/isidre-esteve-confirma-buenas-sensaciones-16o-lugar\/#primaryimage"},"thumbnailUrl":"https:\/\/bxrepsol.s3.eu-west-1.amazonaws.com\/static\/2022\/08\/29082930\/00_isidre_esteve_primer_plano_casco.jpg","datePublished":"2018-10-08T02:00:00+00:00","dateModified":"2024-05-22T10:39:38+00:00","description":"El piloto del Repsol Rally Team completa la primera etapa entre los mejores, aunque un error de navegaci\u00f3n le ha obligado a retroceder varios kil\u00f3metros.","breadcrumb":{"@id":"https:\/\/www.boxrepsol.com\/es\/rally\/isidre-esteve-confirma-buenas-sensaciones-16o-lugar\/#breadcrumb"},"inLanguage":"es","potentialAction":[{"@type":"ReadAction","target":["https:\/\/www.boxrepsol.com\/es\/rally\/isidre-esteve-confirma-buenas-sensaciones-16o-lugar\/"]}]},{"@type":"ImageObject","inLanguage":"es","@id":"https:\/\/www.boxrepsol.com\/es\/rally\/isidre-esteve-confirma-buenas-sensaciones-16o-lugar\/#primaryimage","url":"https:\/\/bxrepsol.s3.eu-west-1.amazonaws.com\/static\/2022\/08\/29082930\/00_isidre_esteve_primer_plano_casco.jpg","contentUrl":"https:\/\/bxrepsol.s3.eu-west-1.amazonaws.com\/static\/2022\/08\/29082930\/00_isidre_esteve_primer_plano_casco.jpg","width":1280,"height":600,"caption":"Isidre Esteve con el casco puesto"},{"@type":"BreadcrumbList","@id":"https:\/\/www.boxrepsol.com\/es\/rally\/isidre-esteve-confirma-buenas-sensaciones-16o-lugar\/#breadcrumb","itemListElement":[{"@type":"ListItem","position":1,"name":"Home","item":"https:\/\/www.boxrepsol.com\/es\/"},{"@type":"ListItem","position":2,"name":"Isidre Esteve confirma sus buenas sensaciones"}]},{"@type":"WebSite","@id":"https:\/\/www.boxrepsol.com\/es\/#website","url":"https:\/\/www.boxrepsol.com\/es\/","name":"Box Repsol","description":"Box Repsol Site","publisher":{"@id":"https:\/\/www.boxrepsol.com\/es\/#organization"},"potentialAction":[{"@type":"SearchAction","target":{"@type":"EntryPoint","urlTemplate":"https:\/\/www.boxrepsol.com\/es\/?s={search_term_string}"},"query-input":{"@type":"PropertyValueSpecification","valueRequired":true,"valueName":"search_term_string"}}],"inLanguage":"es"},{"@type":"Organization","@id":"https:\/\/www.boxrepsol.com\/es\/#organization","name":"Box Repsol","url":"https:\/\/www.boxrepsol.com\/es\/","logo":{"@type":"ImageObject","inLanguage":"es","@id":"https:\/\/www.boxrepsol.com\/es\/#\/schema\/logo\/image\/","url":"https:\/\/bxrepsol.s3.eu-west-1.amazonaws.com\/static\/2025\/07\/30083337\/favicon-96x96-1.png","contentUrl":"https:\/\/bxrepsol.s3.eu-west-1.amazonaws.com\/static\/2025\/07\/30083337\/favicon-96x96-1.png","width":96,"height":96,"caption":"Box Repsol"},"image":{"@id":"https:\/\/www.boxrepsol.com\/es\/#\/schema\/logo\/image\/"},"sameAs":["https:\/\/www.facebook.com\/BoxRepsol","https:\/\/x.com\/box_repsol","http:\/\/instagram.com\/box_repsol","https:\/\/www.youtube.com\/user\/RepsolCompeticion","https:\/\/www.flickr.com\/photos\/box_repsol\/"]},{"@type":"Person","@id":"https:\/\/www.boxrepsol.com\/es\/#\/schema\/person\/c5c2138f2cca251b0ad92b7086bb60b7","name":"Redacci\u00f3n Box Repsol","image":{"@type":"ImageObject","inLanguage":"es","@id":"https:\/\/secure.gravatar.com\/avatar\/adf7b77e38b4419baf32c7e9c21dde01f4e40df611f0978e3006fc4ba0aaab7e?s=96&d=mm&r=g","url":"https:\/\/secure.gravatar.com\/avatar\/adf7b77e38b4419baf32c7e9c21dde01f4e40df611f0978e3006fc4ba0aaab7e?s=96&d=mm&r=g","contentUrl":"https:\/\/secure.gravatar.com\/avatar\/adf7b77e38b4419baf32c7e9c21dde01f4e40df611f0978e3006fc4ba0aaab7e?s=96&d=mm&r=g","caption":"Redacci\u00f3n Box Repsol"},"description":"Box Repsol lo forma un equipo de periodistas, community managers, dise\u00f1adores y fot\u00f3grafos con m\u00e1s de 20 a\u00f1os de experiencia en el mundo del motorsport. Hemos vivido el primer mundial de un espa\u00f1ol en la categor\u00eda reina de motociclismo con \u00c1lex Crivill\u00e9, estuvimos en las victorias de Pedrosa y los t\u00edtulos de M\u00e1rquez, acompa\u00f1amos en \u00c1frica a Nani Roma y Marc Coma en sus conquistas del Dakar y hemos vibrado con los t\u00edtulos de Toni Bou en Trial. Adem\u00e1s, en nuestro equipo contamos con expertos en el mundo de las dos y cuatro ruedas tanto de la calle y las carreteras, como de los circuitos. Periodistas que han trabajado en revistas y publicaciones para hacerte llegar desde rutas y consejos de mantenimiento, a curiosidades y trucos de pilotaje.","sameAs":["https:\/\/www.facebook.com\/BoxRepsol\/","https:\/\/www.instagram.com\/box_repsol\/","https:\/\/x.com\/https:\/\/twitter.com\/box_repsol","https:\/\/www.youtube.com\/@Boxrepsol"],"url":"https:\/\/www.boxrepsol.com\/es\/author\/redaccion-box-repsol\/"}]}},"_links":{"self":[{"href":"https:\/\/www.boxrepsol.com\/es\/wp-json\/wp\/v2\/posts\/93433","targetHints":{"allow":["GET"]}}],"collection":[{"href":"https:\/\/www.boxrepsol.com\/es\/wp-json\/wp\/v2\/posts"}],"about":[{"href":"https:\/\/www.boxrepsol.com\/es\/wp-json\/wp\/v2\/types\/post"}],"author":[{"embeddable":true,"href":"https:\/\/www.boxrepsol.com\/es\/wp-json\/wp\/v2\/users\/43146"}],"replies":[{"embeddable":true,"href":"https:\/\/www.boxrepsol.com\/es\/wp-json\/wp\/v2\/comments?post=93433"}],"version-history":[{"count":1,"href":"https:\/\/www.boxrepsol.com\/es\/wp-json\/wp\/v2\/posts\/93433\/revisions"}],"predecessor-version":[{"id":93434,"href":"https:\/\/www.boxrepsol.com\/es\/wp-json\/wp\/v2\/posts\/93433\/revisions\/93434"}],"wp:featuredmedia":[{"embeddable":true,"href":"https:\/\/www.boxrepsol.com\/es\/wp-json\/wp\/v2\/media\/59551"}],"wp:attachment":[{"href":"https:\/\/www.boxrepsol.com\/es\/wp-json\/wp\/v2\/media?parent=93433"}],"wp:term":[{"taxonomy":"category","embeddable":true,"href":"https:\/\/www.boxrepsol.com\/es\/wp-json\/wp\/v2\/categories?post=93433"},{"taxonomy":"post_tag","embeddable":true,"href":"https:\/\/www.boxrepsol.com\/es\/wp-json\/wp\/v2\/tags?post=93433"}],"curies":[{"name":"wp","href":"https:\/\/api.w.org\/{rel}","templated":true}]}}