{"id":93424,"date":"2018-10-05T00:00:00","date_gmt":"2018-10-05T02:00:00","guid":{"rendered":"http:\/\/pre.boxrepsol.com\/sin-categorizar\/isidre-esteve-obtiene-mejor-clasificacion-una-prologo\/"},"modified":"2024-05-22T08:43:54","modified_gmt":"2024-05-22T10:43:54","slug":"isidre-esteve-obtiene-mejor-clasificacion-una-prologo","status":"publish","type":"post","link":"https:\/\/www.boxrepsol.com\/es\/rally\/isidre-esteve-obtiene-mejor-clasificacion-una-prologo\/","title":{"rendered":"Isidre Esteve obtiene su mejor clasificaci\u00f3n en una pr\u00f3logo"},"content":{"rendered":"<blockquote><p>\n\t<a href=\"http:\/\/twitter.com\/share?text=%22Estamos+encantados+con+este+buen+inicio%2C+que+nos+da+mucha+fuerza+para+afrontar+el+duro+Rally+de+Marruecos%22&#038;url=https%3A%2F%2Fwww.boxrepsol.com%2Fes%2Frally%2Fisidre-esteve-obtiene-mejor-clasificacion-una-prologo%2F\" target=\"_blank\" rel=\"noopener\"><\/p>\n<p>\u00abEstamos encantados con este buen inicio, que nos da mucha fuerza para afrontar el duro Rally de Marruecos\u00bb<\/p>\n<p>\t<\/a>\n<\/p><\/blockquote>\n<p>El Repsol Rally Team ha iniciado con muy buena nota su participaci\u00f3n en el Rally de Marruecos, la \u00faltima gran cita antes del Dakar 2019. <strong>Isidre Esteve ha completado los primeros 10 kil\u00f3metros de la carrera en 13\u00ba lugar absoluto y segundo de su categor\u00eda<\/strong>, lo que representa su mejor papel en una pr\u00f3logo de la Copa del Mundo de Rallys Cross-Country.<\/p>\n<p><em>\u201cConseguir este resultado es una muy buena forma de empezar esta carrera tan exigente y <strong>nos dar\u00e1 mucha fuerza a todo el equipo para seguir trabajando duro<\/strong>\u201d<\/em>, ha confesado el piloto de Oliana que participa con un\u00a0<a href=\"https:\/\/www.boxrepsol.com\/es\/rally\/montate-sodicar-bv6-t-1-2-isidre-esteve\/\">prototipo BV6 de Sodicars Racing<\/a>, con los mandos adaptados en el volante.<\/p>\n<p>Isidre Esteve acude al Rally de Marruecos con el objetivo de comprobar el comportamiento de su veh\u00edculo en el desierto y <strong>en condiciones parecidas a las que deber\u00e1 sortear en Per\u00fa el pr\u00f3ximo mes de enero en el <a href=\"https:\/\/www.dakar.com\/es\" target=\"_blank\" rel=\"noopener\">Rally Dakar 2019<\/a><\/strong>. Hoy, la primera toma de contacto ha resultado muy positiva y el ilerdense ha podido corroborar sobre el dif\u00edcil terreno de Fes el claro avance experimentado por su prototipo esta temporada.<\/p>\n<p><a href=\"https:\/\/bxrepsol.s3.eu-west-1.amazonaws.com\/static\/2022\/08\/05061742\/02_marruecos_repsol_rally_team_isidre_esteve_coche.jpg\" \n   title=\"El coche de Isidre Esteve rodando en secano con vegetaci\u00f3n baja\" \n   data-gallery-thumbnail=\"https:\/\/bxrepsol.s3.eu-west-1.amazonaws.com\/static\/2022\/08\/05061742\/02_marruecos_repsol_rally_team_isidre_esteve_coche.jpg\"\n   data-gallery><\/p>\n<figure>\n        <picture style=\"padding-bottom: 66.515151515152%; background-image: url(https:\/\/bxrepsol.s3.eu-west-1.amazonaws.com\/static\/2022\/08\/05061742\/02_marruecos_repsol_rally_team_isidre_esteve_coche.jpg);\">\n            <img decoding=\"async\" src=\"https:\/\/bxrepsol.s3.eu-west-1.amazonaws.com\/static\/2022\/08\/05061742\/02_marruecos_repsol_rally_team_isidre_esteve_coche.jpg\"><br \/>\n            <img itemprop=\"image\"\n                data-srcset=\"https:\/\/bxrepsol.s3.eu-west-1.amazonaws.com\/static\/2022\/08\/05061742\/02_marruecos_repsol_rally_team_isidre_esteve_coche.jpg 480w, https:\/\/bxrepsol.s3.eu-west-1.amazonaws.com\/static\/2022\/08\/05061742\/02_marruecos_repsol_rally_team_isidre_esteve_coche.jpg 600w, https:\/\/bxrepsol.s3.eu-west-1.amazonaws.com\/static\/2022\/08\/05061742\/02_marruecos_repsol_rally_team_isidre_esteve_coche.jpg 900w, https:\/\/bxrepsol.s3.eu-west-1.amazonaws.com\/static\/2022\/08\/05061742\/02_marruecos_repsol_rally_team_isidre_esteve_coche.jpg 1280w\"\n                data-src=\"https:\/\/bxrepsol.s3.eu-west-1.amazonaws.com\/static\/2022\/08\/05061742\/02_marruecos_repsol_rally_team_isidre_esteve_coche.jpg\"\n                alt=\"El coche de Isidre Esteve rodando en secano con vegetaci\u00f3n baja\"\n                title=\"El coche de Isidre  Esteve rodando en la etapa pr\u00f3logo del Rally de Marruecos\"\/><br \/>\n            <noscript><img decoding=\"async\" src=\"https:\/\/bxrepsol.s3.eu-west-1.amazonaws.com\/static\/2022\/08\/05061742\/02_marruecos_repsol_rally_team_isidre_esteve_coche.jpg\" alt=\"El coche de Isidre Esteve rodando en secano con vegetaci\u00f3n baja\"><\/noscript>\n        <\/picture><figcaption>El coche de Isidre Esteve rodando en secano con vegetaci\u00f3n baja<\/figcaption><\/figure>\n<p><\/a><\/p>\n<p><em>\u201cSin duda es una magn\u00edfica forma de comenzar el rally pero no hay que olvidar que lo m\u00e1s dif\u00edcil todav\u00eda est\u00e1 por llegar\u201d<\/em>, reconoc\u00eda Isidre Esteve al t\u00e9rmino de una pr\u00f3logo no exenta de dificultades:\u00a0<em>\u201cSufrimos una peque\u00f1a excursi\u00f3n por un problema de frenos y eso nos retras\u00f3 un poco, aunque lo importante es solucionarlo para que no se repita ma\u00f1ana, cuando la carrera arrancar\u00e1 de verdad\u201d<\/em>.<\/p>\n<p>A pesar de esa leve salida de la pista, el<strong> Repsol Rally Team marc\u00f3 un tiempo final de 10 minutos y 18 segundos<\/strong> y termin\u00f3 a 1:51 del ganador Nasser Al-Attiyah.<\/p>\n<p>Ese buen crono permitir\u00e1 a <a href=\"https:\/\/www.boxrepsol.com\/es\/equipo-repsol\/isidre-esteve\/\">Isidre Esteve<\/a> y a su copiloto Txema Villalobos salir ma\u00f1ana entre los quince primeros. Un buen lugar para afrontar <strong>la primera etapa<\/strong> que transcurrir\u00e1 entre Fes y Erfoud con <strong>516 kil\u00f3metros de los cuales 103 ser\u00e1n cronometrados<\/strong>.<\/p>\n<p>El piloto tiene muy clara su estrategia:\u00a0<em>\u201cNuestro objetivo es ser m\u00e1s competitivos cada d\u00eda y para ello trataremos de conseguir un buen ritmo de carrera y no tener ning\u00fan problema\u201d.<\/em><\/p>\n<p>El <a href=\"https:\/\/www.boxrepsol.com\/es\/rally\/repsol-rally-team-afronta-ultimo-gran-test-del-dakar\/\">Rally de Marruecos<\/a> finalizar\u00e1 el pr\u00f3ximo 9 de octubre, tras recorrer m\u00e1s de 2.000 kil\u00f3metros en total, 1.362 de ellos cronometrados.<\/p>\n","protected":false},"excerpt":{"rendered":"<p>El piloto del Repsol Rally Team se ha hecho con el 13\u00ba puesto absoluto en el pr\u00f3logo del Rally de Marruecos, \u00faltima prueba de la Copa del Mundo de Rallys Todoterreno, y el segundo de su categor\u00eda a los mandos de su prototipo dakariano BV6.<\/p>\n","protected":false},"author":43146,"featured_media":59526,"comment_status":"open","ping_status":"open","sticky":false,"template":"","format":"standard","meta":{"footnotes":""},"categories":[27],"tags":[29],"class_list":["post-93424","post","type-post","status-publish","format-standard","hentry","category-rally","tag-isidre-esteve"],"yoast_head":"<!-- This site is optimized with the Yoast SEO plugin v27.3 - https:\/\/yoast.com\/product\/yoast-seo-wordpress\/ -->\n<title>Isidre Esteve obtiene su mejor clasificaci\u00f3n en una pr\u00f3logo - Box Repsol<\/title>\n<meta name=\"description\" content=\"El piloto del Repsol Rally Team, Isidre Esteve, se ha hecho con el 13\u00ba puesto absoluto en el pr\u00f3logo del Rally de Marruecos y el segundo de su categor\u00eda.\" \/>\n<link rel=\"canonical\" href=\"https:\/\/www.boxrepsol.com\/es\/rally\/isidre-esteve-obtiene-mejor-clasificacion-una-prologo\/\" \/>\n<meta property=\"og:locale\" content=\"es_ES\" \/>\n<meta property=\"og:type\" content=\"article\" \/>\n<meta property=\"og:title\" content=\"Isidre Esteve obtiene su mejor clasificaci\u00f3n en una pr\u00f3logo - Box Repsol\" \/>\n<meta property=\"og:description\" content=\"El piloto del Repsol Rally Team, Isidre Esteve, se ha hecho con el 13\u00ba puesto absoluto en el pr\u00f3logo del Rally de Marruecos y el segundo de su categor\u00eda.\" \/>\n<meta property=\"og:url\" content=\"https:\/\/www.boxrepsol.com\/es\/rally\/isidre-esteve-obtiene-mejor-clasificacion-una-prologo\/\" \/>\n<meta property=\"og:site_name\" content=\"Box Repsol\" \/>\n<meta property=\"article:publisher\" content=\"https:\/\/www.facebook.com\/BoxRepsol\" \/>\n<meta property=\"article:author\" content=\"https:\/\/www.facebook.com\/BoxRepsol\/\" \/>\n<meta property=\"article:published_time\" content=\"2018-10-05T02:00:00+00:00\" \/>\n<meta property=\"article:modified_time\" content=\"2024-05-22T10:43:54+00:00\" \/>\n<meta property=\"og:image\" content=\"https:\/\/bxrepsol.s3.eu-west-1.amazonaws.com\/static\/2022\/08\/29082918\/02_isidre_esteve_marruecos_dia1_prologo_repsol_rally_team.jpg\" \/>\n\t<meta property=\"og:image:width\" content=\"1280\" \/>\n\t<meta property=\"og:image:height\" content=\"600\" \/>\n\t<meta property=\"og:image:type\" content=\"image\/jpeg\" \/>\n<meta name=\"author\" content=\"Redacci\u00f3n Box Repsol\" \/>\n<meta name=\"twitter:card\" content=\"summary_large_image\" \/>\n<meta name=\"twitter:creator\" content=\"@https:\/\/twitter.com\/box_repsol\" \/>\n<meta name=\"twitter:site\" content=\"@box_repsol\" \/>\n<meta name=\"twitter:label1\" content=\"Written by\" \/>\n\t<meta name=\"twitter:data1\" content=\"Redacci\u00f3n Box Repsol\" \/>\n\t<meta name=\"twitter:label2\" content=\"Est. reading time\" \/>\n\t<meta name=\"twitter:data2\" content=\"2 minutos\" \/>\n<script type=\"application\/ld+json\" class=\"yoast-schema-graph\">{\"@context\":\"https:\\\/\\\/schema.org\",\"@graph\":[{\"@type\":\"Article\",\"@id\":\"https:\\\/\\\/www.boxrepsol.com\\\/es\\\/rally\\\/isidre-esteve-obtiene-mejor-clasificacion-una-prologo\\\/#article\",\"isPartOf\":{\"@id\":\"https:\\\/\\\/www.boxrepsol.com\\\/es\\\/rally\\\/isidre-esteve-obtiene-mejor-clasificacion-una-prologo\\\/\"},\"author\":{\"name\":\"Redacci\u00f3n Box Repsol\",\"@id\":\"https:\\\/\\\/www.boxrepsol.com\\\/es\\\/#\\\/schema\\\/person\\\/c5c2138f2cca251b0ad92b7086bb60b7\"},\"headline\":\"Isidre Esteve obtiene su mejor clasificaci\u00f3n en una pr\u00f3logo\",\"datePublished\":\"2018-10-05T02:00:00+00:00\",\"dateModified\":\"2024-05-22T10:43:54+00:00\",\"mainEntityOfPage\":{\"@id\":\"https:\\\/\\\/www.boxrepsol.com\\\/es\\\/rally\\\/isidre-esteve-obtiene-mejor-clasificacion-una-prologo\\\/\"},\"wordCount\":431,\"commentCount\":0,\"publisher\":{\"@id\":\"https:\\\/\\\/www.boxrepsol.com\\\/es\\\/#organization\"},\"image\":{\"@id\":\"https:\\\/\\\/www.boxrepsol.com\\\/es\\\/rally\\\/isidre-esteve-obtiene-mejor-clasificacion-una-prologo\\\/#primaryimage\"},\"thumbnailUrl\":\"https:\\\/\\\/bxrepsol.s3.eu-west-1.amazonaws.com\\\/static\\\/2022\\\/08\\\/29082918\\\/02_isidre_esteve_marruecos_dia1_prologo_repsol_rally_team.jpg\",\"keywords\":[\"Isidre Esteve\"],\"articleSection\":[\"Rally\"],\"inLanguage\":\"es\",\"potentialAction\":[{\"@type\":\"CommentAction\",\"name\":\"Comment\",\"target\":[\"https:\\\/\\\/www.boxrepsol.com\\\/es\\\/rally\\\/isidre-esteve-obtiene-mejor-clasificacion-una-prologo\\\/#respond\"]}]},{\"@type\":\"WebPage\",\"@id\":\"https:\\\/\\\/www.boxrepsol.com\\\/es\\\/rally\\\/isidre-esteve-obtiene-mejor-clasificacion-una-prologo\\\/\",\"url\":\"https:\\\/\\\/www.boxrepsol.com\\\/es\\\/rally\\\/isidre-esteve-obtiene-mejor-clasificacion-una-prologo\\\/\",\"name\":\"Isidre Esteve obtiene su mejor clasificaci\u00f3n en una pr\u00f3logo - Box Repsol\",\"isPartOf\":{\"@id\":\"https:\\\/\\\/www.boxrepsol.com\\\/es\\\/#website\"},\"primaryImageOfPage\":{\"@id\":\"https:\\\/\\\/www.boxrepsol.com\\\/es\\\/rally\\\/isidre-esteve-obtiene-mejor-clasificacion-una-prologo\\\/#primaryimage\"},\"image\":{\"@id\":\"https:\\\/\\\/www.boxrepsol.com\\\/es\\\/rally\\\/isidre-esteve-obtiene-mejor-clasificacion-una-prologo\\\/#primaryimage\"},\"thumbnailUrl\":\"https:\\\/\\\/bxrepsol.s3.eu-west-1.amazonaws.com\\\/static\\\/2022\\\/08\\\/29082918\\\/02_isidre_esteve_marruecos_dia1_prologo_repsol_rally_team.jpg\",\"datePublished\":\"2018-10-05T02:00:00+00:00\",\"dateModified\":\"2024-05-22T10:43:54+00:00\",\"description\":\"El piloto del Repsol Rally Team, Isidre Esteve, se ha hecho con el 13\u00ba puesto absoluto en el pr\u00f3logo del Rally de Marruecos y el segundo de su categor\u00eda.\",\"breadcrumb\":{\"@id\":\"https:\\\/\\\/www.boxrepsol.com\\\/es\\\/rally\\\/isidre-esteve-obtiene-mejor-clasificacion-una-prologo\\\/#breadcrumb\"},\"inLanguage\":\"es\",\"potentialAction\":[{\"@type\":\"ReadAction\",\"target\":[\"https:\\\/\\\/www.boxrepsol.com\\\/es\\\/rally\\\/isidre-esteve-obtiene-mejor-clasificacion-una-prologo\\\/\"]}]},{\"@type\":\"ImageObject\",\"inLanguage\":\"es\",\"@id\":\"https:\\\/\\\/www.boxrepsol.com\\\/es\\\/rally\\\/isidre-esteve-obtiene-mejor-clasificacion-una-prologo\\\/#primaryimage\",\"url\":\"https:\\\/\\\/bxrepsol.s3.eu-west-1.amazonaws.com\\\/static\\\/2022\\\/08\\\/29082918\\\/02_isidre_esteve_marruecos_dia1_prologo_repsol_rally_team.jpg\",\"contentUrl\":\"https:\\\/\\\/bxrepsol.s3.eu-west-1.amazonaws.com\\\/static\\\/2022\\\/08\\\/29082918\\\/02_isidre_esteve_marruecos_dia1_prologo_repsol_rally_team.jpg\",\"width\":1280,\"height\":600,\"caption\":\"Isidre esteve y Txema Villalobos dentro del coche\"},{\"@type\":\"BreadcrumbList\",\"@id\":\"https:\\\/\\\/www.boxrepsol.com\\\/es\\\/rally\\\/isidre-esteve-obtiene-mejor-clasificacion-una-prologo\\\/#breadcrumb\",\"itemListElement\":[{\"@type\":\"ListItem\",\"position\":1,\"name\":\"Home\",\"item\":\"https:\\\/\\\/www.boxrepsol.com\\\/es\\\/\"},{\"@type\":\"ListItem\",\"position\":2,\"name\":\"Isidre Esteve obtiene su mejor clasificaci\u00f3n en una pr\u00f3logo\"}]},{\"@type\":\"WebSite\",\"@id\":\"https:\\\/\\\/www.boxrepsol.com\\\/es\\\/#website\",\"url\":\"https:\\\/\\\/www.boxrepsol.com\\\/es\\\/\",\"name\":\"Box Repsol\",\"description\":\"Box Repsol Site\",\"publisher\":{\"@id\":\"https:\\\/\\\/www.boxrepsol.com\\\/es\\\/#organization\"},\"potentialAction\":[{\"@type\":\"SearchAction\",\"target\":{\"@type\":\"EntryPoint\",\"urlTemplate\":\"https:\\\/\\\/www.boxrepsol.com\\\/es\\\/?s={search_term_string}\"},\"query-input\":{\"@type\":\"PropertyValueSpecification\",\"valueRequired\":true,\"valueName\":\"search_term_string\"}}],\"inLanguage\":\"es\"},{\"@type\":\"Organization\",\"@id\":\"https:\\\/\\\/www.boxrepsol.com\\\/es\\\/#organization\",\"name\":\"Box Repsol\",\"url\":\"https:\\\/\\\/www.boxrepsol.com\\\/es\\\/\",\"logo\":{\"@type\":\"ImageObject\",\"inLanguage\":\"es\",\"@id\":\"https:\\\/\\\/www.boxrepsol.com\\\/es\\\/#\\\/schema\\\/logo\\\/image\\\/\",\"url\":\"https:\\\/\\\/bxrepsol.s3.eu-west-1.amazonaws.com\\\/static\\\/2025\\\/07\\\/30083337\\\/favicon-96x96-1.png\",\"contentUrl\":\"https:\\\/\\\/bxrepsol.s3.eu-west-1.amazonaws.com\\\/static\\\/2025\\\/07\\\/30083337\\\/favicon-96x96-1.png\",\"width\":96,\"height\":96,\"caption\":\"Box Repsol\"},\"image\":{\"@id\":\"https:\\\/\\\/www.boxrepsol.com\\\/es\\\/#\\\/schema\\\/logo\\\/image\\\/\"},\"sameAs\":[\"https:\\\/\\\/www.facebook.com\\\/BoxRepsol\",\"https:\\\/\\\/x.com\\\/box_repsol\",\"http:\\\/\\\/instagram.com\\\/box_repsol\",\"https:\\\/\\\/www.youtube.com\\\/user\\\/RepsolCompeticion\",\"https:\\\/\\\/www.flickr.com\\\/photos\\\/box_repsol\\\/\"]},{\"@type\":\"Person\",\"@id\":\"https:\\\/\\\/www.boxrepsol.com\\\/es\\\/#\\\/schema\\\/person\\\/c5c2138f2cca251b0ad92b7086bb60b7\",\"name\":\"Redacci\u00f3n Box Repsol\",\"image\":{\"@type\":\"ImageObject\",\"inLanguage\":\"es\",\"@id\":\"https:\\\/\\\/secure.gravatar.com\\\/avatar\\\/adf7b77e38b4419baf32c7e9c21dde01f4e40df611f0978e3006fc4ba0aaab7e?s=96&d=mm&r=g\",\"url\":\"https:\\\/\\\/secure.gravatar.com\\\/avatar\\\/adf7b77e38b4419baf32c7e9c21dde01f4e40df611f0978e3006fc4ba0aaab7e?s=96&d=mm&r=g\",\"contentUrl\":\"https:\\\/\\\/secure.gravatar.com\\\/avatar\\\/adf7b77e38b4419baf32c7e9c21dde01f4e40df611f0978e3006fc4ba0aaab7e?s=96&d=mm&r=g\",\"caption\":\"Redacci\u00f3n Box Repsol\"},\"description\":\"Box Repsol lo forma un equipo de periodistas, community managers, dise\u00f1adores y fot\u00f3grafos con m\u00e1s de 20 a\u00f1os de experiencia en el mundo del motorsport. Hemos vivido el primer mundial de un espa\u00f1ol en la categor\u00eda reina de motociclismo con \u00c1lex Crivill\u00e9, estuvimos en las victorias de Pedrosa y los t\u00edtulos de M\u00e1rquez, acompa\u00f1amos en \u00c1frica a Nani Roma y Marc Coma en sus conquistas del Dakar y hemos vibrado con los t\u00edtulos de Toni Bou en Trial. Adem\u00e1s, en nuestro equipo contamos con expertos en el mundo de las dos y cuatro ruedas tanto de la calle y las carreteras, como de los circuitos. Periodistas que han trabajado en revistas y publicaciones para hacerte llegar desde rutas y consejos de mantenimiento, a curiosidades y trucos de pilotaje.\",\"sameAs\":[\"https:\\\/\\\/www.facebook.com\\\/BoxRepsol\\\/\",\"https:\\\/\\\/www.instagram.com\\\/box_repsol\\\/\",\"https:\\\/\\\/x.com\\\/https:\\\/\\\/twitter.com\\\/box_repsol\",\"https:\\\/\\\/www.youtube.com\\\/@Boxrepsol\"],\"url\":\"https:\\\/\\\/www.boxrepsol.com\\\/es\\\/author\\\/redaccion-box-repsol\\\/\"}]}<\/script>\n<!-- \/ Yoast SEO plugin. -->","yoast_head_json":{"title":"Isidre Esteve obtiene su mejor clasificaci\u00f3n en una pr\u00f3logo - Box Repsol","description":"El piloto del Repsol Rally Team, Isidre Esteve, se ha hecho con el 13\u00ba puesto absoluto en el pr\u00f3logo del Rally de Marruecos y el segundo de su categor\u00eda.","canonical":"https:\/\/www.boxrepsol.com\/es\/rally\/isidre-esteve-obtiene-mejor-clasificacion-una-prologo\/","og_locale":"es_ES","og_type":"article","og_title":"Isidre Esteve obtiene su mejor clasificaci\u00f3n en una pr\u00f3logo - Box Repsol","og_description":"El piloto del Repsol Rally Team, Isidre Esteve, se ha hecho con el 13\u00ba puesto absoluto en el pr\u00f3logo del Rally de Marruecos y el segundo de su categor\u00eda.","og_url":"https:\/\/www.boxrepsol.com\/es\/rally\/isidre-esteve-obtiene-mejor-clasificacion-una-prologo\/","og_site_name":"Box Repsol","article_publisher":"https:\/\/www.facebook.com\/BoxRepsol","article_author":"https:\/\/www.facebook.com\/BoxRepsol\/","article_published_time":"2018-10-05T02:00:00+00:00","article_modified_time":"2024-05-22T10:43:54+00:00","og_image":[{"width":1280,"height":600,"url":"https:\/\/bxrepsol.s3.eu-west-1.amazonaws.com\/static\/2022\/08\/29082918\/02_isidre_esteve_marruecos_dia1_prologo_repsol_rally_team.jpg","type":"image\/jpeg"}],"author":"Redacci\u00f3n Box Repsol","twitter_card":"summary_large_image","twitter_creator":"@https:\/\/twitter.com\/box_repsol","twitter_site":"@box_repsol","twitter_misc":{"Written by":"Redacci\u00f3n Box Repsol","Est. reading time":"2 minutos"},"schema":{"@context":"https:\/\/schema.org","@graph":[{"@type":"Article","@id":"https:\/\/www.boxrepsol.com\/es\/rally\/isidre-esteve-obtiene-mejor-clasificacion-una-prologo\/#article","isPartOf":{"@id":"https:\/\/www.boxrepsol.com\/es\/rally\/isidre-esteve-obtiene-mejor-clasificacion-una-prologo\/"},"author":{"name":"Redacci\u00f3n Box Repsol","@id":"https:\/\/www.boxrepsol.com\/es\/#\/schema\/person\/c5c2138f2cca251b0ad92b7086bb60b7"},"headline":"Isidre Esteve obtiene su mejor clasificaci\u00f3n en una pr\u00f3logo","datePublished":"2018-10-05T02:00:00+00:00","dateModified":"2024-05-22T10:43:54+00:00","mainEntityOfPage":{"@id":"https:\/\/www.boxrepsol.com\/es\/rally\/isidre-esteve-obtiene-mejor-clasificacion-una-prologo\/"},"wordCount":431,"commentCount":0,"publisher":{"@id":"https:\/\/www.boxrepsol.com\/es\/#organization"},"image":{"@id":"https:\/\/www.boxrepsol.com\/es\/rally\/isidre-esteve-obtiene-mejor-clasificacion-una-prologo\/#primaryimage"},"thumbnailUrl":"https:\/\/bxrepsol.s3.eu-west-1.amazonaws.com\/static\/2022\/08\/29082918\/02_isidre_esteve_marruecos_dia1_prologo_repsol_rally_team.jpg","keywords":["Isidre Esteve"],"articleSection":["Rally"],"inLanguage":"es","potentialAction":[{"@type":"CommentAction","name":"Comment","target":["https:\/\/www.boxrepsol.com\/es\/rally\/isidre-esteve-obtiene-mejor-clasificacion-una-prologo\/#respond"]}]},{"@type":"WebPage","@id":"https:\/\/www.boxrepsol.com\/es\/rally\/isidre-esteve-obtiene-mejor-clasificacion-una-prologo\/","url":"https:\/\/www.boxrepsol.com\/es\/rally\/isidre-esteve-obtiene-mejor-clasificacion-una-prologo\/","name":"Isidre Esteve obtiene su mejor clasificaci\u00f3n en una pr\u00f3logo - Box Repsol","isPartOf":{"@id":"https:\/\/www.boxrepsol.com\/es\/#website"},"primaryImageOfPage":{"@id":"https:\/\/www.boxrepsol.com\/es\/rally\/isidre-esteve-obtiene-mejor-clasificacion-una-prologo\/#primaryimage"},"image":{"@id":"https:\/\/www.boxrepsol.com\/es\/rally\/isidre-esteve-obtiene-mejor-clasificacion-una-prologo\/#primaryimage"},"thumbnailUrl":"https:\/\/bxrepsol.s3.eu-west-1.amazonaws.com\/static\/2022\/08\/29082918\/02_isidre_esteve_marruecos_dia1_prologo_repsol_rally_team.jpg","datePublished":"2018-10-05T02:00:00+00:00","dateModified":"2024-05-22T10:43:54+00:00","description":"El piloto del Repsol Rally Team, Isidre Esteve, se ha hecho con el 13\u00ba puesto absoluto en el pr\u00f3logo del Rally de Marruecos y el segundo de su categor\u00eda.","breadcrumb":{"@id":"https:\/\/www.boxrepsol.com\/es\/rally\/isidre-esteve-obtiene-mejor-clasificacion-una-prologo\/#breadcrumb"},"inLanguage":"es","potentialAction":[{"@type":"ReadAction","target":["https:\/\/www.boxrepsol.com\/es\/rally\/isidre-esteve-obtiene-mejor-clasificacion-una-prologo\/"]}]},{"@type":"ImageObject","inLanguage":"es","@id":"https:\/\/www.boxrepsol.com\/es\/rally\/isidre-esteve-obtiene-mejor-clasificacion-una-prologo\/#primaryimage","url":"https:\/\/bxrepsol.s3.eu-west-1.amazonaws.com\/static\/2022\/08\/29082918\/02_isidre_esteve_marruecos_dia1_prologo_repsol_rally_team.jpg","contentUrl":"https:\/\/bxrepsol.s3.eu-west-1.amazonaws.com\/static\/2022\/08\/29082918\/02_isidre_esteve_marruecos_dia1_prologo_repsol_rally_team.jpg","width":1280,"height":600,"caption":"Isidre esteve y Txema Villalobos dentro del coche"},{"@type":"BreadcrumbList","@id":"https:\/\/www.boxrepsol.com\/es\/rally\/isidre-esteve-obtiene-mejor-clasificacion-una-prologo\/#breadcrumb","itemListElement":[{"@type":"ListItem","position":1,"name":"Home","item":"https:\/\/www.boxrepsol.com\/es\/"},{"@type":"ListItem","position":2,"name":"Isidre Esteve obtiene su mejor clasificaci\u00f3n en una pr\u00f3logo"}]},{"@type":"WebSite","@id":"https:\/\/www.boxrepsol.com\/es\/#website","url":"https:\/\/www.boxrepsol.com\/es\/","name":"Box Repsol","description":"Box Repsol Site","publisher":{"@id":"https:\/\/www.boxrepsol.com\/es\/#organization"},"potentialAction":[{"@type":"SearchAction","target":{"@type":"EntryPoint","urlTemplate":"https:\/\/www.boxrepsol.com\/es\/?s={search_term_string}"},"query-input":{"@type":"PropertyValueSpecification","valueRequired":true,"valueName":"search_term_string"}}],"inLanguage":"es"},{"@type":"Organization","@id":"https:\/\/www.boxrepsol.com\/es\/#organization","name":"Box Repsol","url":"https:\/\/www.boxrepsol.com\/es\/","logo":{"@type":"ImageObject","inLanguage":"es","@id":"https:\/\/www.boxrepsol.com\/es\/#\/schema\/logo\/image\/","url":"https:\/\/bxrepsol.s3.eu-west-1.amazonaws.com\/static\/2025\/07\/30083337\/favicon-96x96-1.png","contentUrl":"https:\/\/bxrepsol.s3.eu-west-1.amazonaws.com\/static\/2025\/07\/30083337\/favicon-96x96-1.png","width":96,"height":96,"caption":"Box Repsol"},"image":{"@id":"https:\/\/www.boxrepsol.com\/es\/#\/schema\/logo\/image\/"},"sameAs":["https:\/\/www.facebook.com\/BoxRepsol","https:\/\/x.com\/box_repsol","http:\/\/instagram.com\/box_repsol","https:\/\/www.youtube.com\/user\/RepsolCompeticion","https:\/\/www.flickr.com\/photos\/box_repsol\/"]},{"@type":"Person","@id":"https:\/\/www.boxrepsol.com\/es\/#\/schema\/person\/c5c2138f2cca251b0ad92b7086bb60b7","name":"Redacci\u00f3n Box Repsol","image":{"@type":"ImageObject","inLanguage":"es","@id":"https:\/\/secure.gravatar.com\/avatar\/adf7b77e38b4419baf32c7e9c21dde01f4e40df611f0978e3006fc4ba0aaab7e?s=96&d=mm&r=g","url":"https:\/\/secure.gravatar.com\/avatar\/adf7b77e38b4419baf32c7e9c21dde01f4e40df611f0978e3006fc4ba0aaab7e?s=96&d=mm&r=g","contentUrl":"https:\/\/secure.gravatar.com\/avatar\/adf7b77e38b4419baf32c7e9c21dde01f4e40df611f0978e3006fc4ba0aaab7e?s=96&d=mm&r=g","caption":"Redacci\u00f3n Box Repsol"},"description":"Box Repsol lo forma un equipo de periodistas, community managers, dise\u00f1adores y fot\u00f3grafos con m\u00e1s de 20 a\u00f1os de experiencia en el mundo del motorsport. Hemos vivido el primer mundial de un espa\u00f1ol en la categor\u00eda reina de motociclismo con \u00c1lex Crivill\u00e9, estuvimos en las victorias de Pedrosa y los t\u00edtulos de M\u00e1rquez, acompa\u00f1amos en \u00c1frica a Nani Roma y Marc Coma en sus conquistas del Dakar y hemos vibrado con los t\u00edtulos de Toni Bou en Trial. Adem\u00e1s, en nuestro equipo contamos con expertos en el mundo de las dos y cuatro ruedas tanto de la calle y las carreteras, como de los circuitos. Periodistas que han trabajado en revistas y publicaciones para hacerte llegar desde rutas y consejos de mantenimiento, a curiosidades y trucos de pilotaje.","sameAs":["https:\/\/www.facebook.com\/BoxRepsol\/","https:\/\/www.instagram.com\/box_repsol\/","https:\/\/x.com\/https:\/\/twitter.com\/box_repsol","https:\/\/www.youtube.com\/@Boxrepsol"],"url":"https:\/\/www.boxrepsol.com\/es\/author\/redaccion-box-repsol\/"}]}},"_links":{"self":[{"href":"https:\/\/www.boxrepsol.com\/es\/wp-json\/wp\/v2\/posts\/93424","targetHints":{"allow":["GET"]}}],"collection":[{"href":"https:\/\/www.boxrepsol.com\/es\/wp-json\/wp\/v2\/posts"}],"about":[{"href":"https:\/\/www.boxrepsol.com\/es\/wp-json\/wp\/v2\/types\/post"}],"author":[{"embeddable":true,"href":"https:\/\/www.boxrepsol.com\/es\/wp-json\/wp\/v2\/users\/43146"}],"replies":[{"embeddable":true,"href":"https:\/\/www.boxrepsol.com\/es\/wp-json\/wp\/v2\/comments?post=93424"}],"version-history":[{"count":1,"href":"https:\/\/www.boxrepsol.com\/es\/wp-json\/wp\/v2\/posts\/93424\/revisions"}],"predecessor-version":[{"id":93425,"href":"https:\/\/www.boxrepsol.com\/es\/wp-json\/wp\/v2\/posts\/93424\/revisions\/93425"}],"wp:featuredmedia":[{"embeddable":true,"href":"https:\/\/www.boxrepsol.com\/es\/wp-json\/wp\/v2\/media\/59526"}],"wp:attachment":[{"href":"https:\/\/www.boxrepsol.com\/es\/wp-json\/wp\/v2\/media?parent=93424"}],"wp:term":[{"taxonomy":"category","embeddable":true,"href":"https:\/\/www.boxrepsol.com\/es\/wp-json\/wp\/v2\/categories?post=93424"},{"taxonomy":"post_tag","embeddable":true,"href":"https:\/\/www.boxrepsol.com\/es\/wp-json\/wp\/v2\/tags?post=93424"}],"curies":[{"name":"wp","href":"https:\/\/api.w.org\/{rel}","templated":true}]}}