{"id":93420,"date":"2018-10-03T00:00:00","date_gmt":"2018-10-03T02:00:00","guid":{"rendered":"http:\/\/pre.boxrepsol.com\/sin-categorizar\/repsol-rally-team-afronta-ultimo-gran-test-del-dakar\/"},"modified":"2024-05-22T08:44:40","modified_gmt":"2024-05-22T10:44:40","slug":"repsol-rally-team-afronta-ultimo-gran-test-del-dakar","status":"publish","type":"post","link":"https:\/\/www.boxrepsol.com\/es\/rally\/repsol-rally-team-afronta-ultimo-gran-test-del-dakar\/","title":{"rendered":"El Repsol Rally Team afronta su \u00faltimo gran test antes del Dakar"},"content":{"rendered":"<blockquote><p>\n\t<a href=\"http:\/\/twitter.com\/share?text=%E2%80%9CPor+sus+caracter%C3%ADsticas%2C+la+carrera+marroqu%C3%AD+es+ideal+para+preparar+el+nuevo+formato+del+Dakar+peruano+y+calibrar+nuestro+nivel%E2%80%9D&#038;url=https%3A%2F%2Fwww.boxrepsol.com%2Fes%2Frally%2Frepsol-rally-team-afronta-ultimo-gran-test-del-dakar%2F\" target=\"_blank\" rel=\"noopener\"><\/p>\n<p>\u201cPor sus caracter\u00edsticas, la carrera marroqu\u00ed es ideal para preparar el nuevo formato del Dakar peruano y calibrar nuestro nivel\u201d<\/p>\n<p>\t<\/a>\n<\/p><\/blockquote>\n<p>El Dakar 2019 est\u00e1 cada d\u00eda m\u00e1s cerca y el Repsol Rally Team quiere llegar mejor preparado que nunca. Para ello, <strong>Isidre Esteve disputar\u00e1 del 4 al 9 de octubre el Rally de Marruecos<\/strong> con la misi\u00f3n de avanzar en la puesta a punto de su <a href=\"https:\/\/www.boxrepsol.com\/es\/rally\/montate-sodicar-bv6-t-1-2-isidre-esteve\/\">prototipo BV6 de Sodicars Racing<\/a> y ver qu\u00e9 tal se desenvuelve en un terreno muy similar al que los participantes se encontrar\u00e1n el pr\u00f3ximo mes de enero en Per\u00fa.<\/p>\n<p><em>\u201cSer\u00e1 un gran test para ver el comportamiento del coche en las dunas despu\u00e9s de las \u00faltimas mejoras introducidas y comprobar d\u00f3nde estamos respecto a nuestros rivales\u201d<\/em>, reconoce el piloto de Oliana que ya estren\u00f3 las modificaciones t\u00e9cnicas durante la pasada Baja Arag\u00f3n, en la que<strong> pudo constatar un gran progreso<\/strong>.<\/p>\n<p>El salto cualitativo se tradujo, no ya solo en sensaciones, sino tambi\u00e9n en resultados. El piloto del Repsol Rally Team termin\u00f3 la dura prueba turolense, puntuable para la Copa del Mundo de Rallys Cross-Country, <strong>como tercer clasificado<\/strong> <strong>de T1.2<\/strong> (veh\u00edculos todo terreno modificados di\u00e9sel) y 16\u00ba absoluto, su mejor resultado mundialista desde que regres\u00f3 a la competici\u00f3n hace siete a\u00f1os<\/p>\n<p><a href=\"https:\/\/bxrepsol.s3.eu-west-1.amazonaws.com\/static\/2022\/08\/05061714\/00_rally_marruecos_previa_isidre_exteve_repsol_rally_team.jpg\" \n   title=\"Coche de Isidre Esteve recorriendo las dunas\" \n   data-gallery-thumbnail=\"https:\/\/bxrepsol.s3.eu-west-1.amazonaws.com\/static\/2022\/08\/05061714\/00_rally_marruecos_previa_isidre_exteve_repsol_rally_team.jpg\"\n   data-gallery><\/p>\n<figure>\n        <picture style=\"padding-bottom: 66.638441998307%; background-image: url(https:\/\/bxrepsol.s3.eu-west-1.amazonaws.com\/static\/2022\/08\/05061714\/00_rally_marruecos_previa_isidre_exteve_repsol_rally_team.jpg);\">\n            <img decoding=\"async\" src=\"https:\/\/bxrepsol.s3.eu-west-1.amazonaws.com\/static\/2022\/08\/05061714\/00_rally_marruecos_previa_isidre_exteve_repsol_rally_team.jpg\"><br \/>\n            <img itemprop=\"image\"\n                data-srcset=\"https:\/\/bxrepsol.s3.eu-west-1.amazonaws.com\/static\/2022\/08\/05061714\/00_rally_marruecos_previa_isidre_exteve_repsol_rally_team.jpg 480w, https:\/\/bxrepsol.s3.eu-west-1.amazonaws.com\/static\/2022\/08\/05061714\/00_rally_marruecos_previa_isidre_exteve_repsol_rally_team.jpg 600w, https:\/\/bxrepsol.s3.eu-west-1.amazonaws.com\/static\/2022\/08\/05061714\/00_rally_marruecos_previa_isidre_exteve_repsol_rally_team.jpg 900w\"\n                data-src=\"https:\/\/bxrepsol.s3.eu-west-1.amazonaws.com\/static\/2022\/08\/05061714\/00_rally_marruecos_previa_isidre_exteve_repsol_rally_team.jpg\"\n                alt=\"Coche de Isidre Esteve recorriendo las dunas\"\n                title=\"Coche de Isidre Esteve recorriendo las dunas\"\/><br \/>\n            <noscript><img decoding=\"async\" src=\"https:\/\/bxrepsol.s3.eu-west-1.amazonaws.com\/static\/2022\/08\/05061714\/00_rally_marruecos_previa_isidre_exteve_repsol_rally_team.jpg\" alt=\"Coche de Isidre Esteve recorriendo las dunas\"><\/noscript>\n        <\/picture><figcaption>Coche de Isidre Esteve recorriendo las dunas<\/figcaption><\/figure>\n<p><\/a><\/p>\n<p>Ahora el reto es confirmar la buena l\u00ednea y continuar con la progresi\u00f3n, siempre con la vista puesta en el Dakar 2019.\u00a0<em>\u201cTuvimos un buen inicio de temporada en Arag\u00f3n, porque conseguimos un resultado muy positivo en una carrera exigente y, sobre todo, porque demostramos ser cada vez m\u00e1s competitivos. \u00c9se es nuestro objetivo y para alcanzarlo debemos seguir mejorando en Marruecos\u201d<\/em>, explica Isidre Esteve.<\/p>\n<p>Con esa intenci\u00f3n, su montura ha experimentado <strong>una significativa evoluci\u00f3n<\/strong> respecto a la del a\u00f1o pasado, cuando firm\u00f3 una destacada 21\u00aa posici\u00f3n en el Dakar. Concretamente, <strong>se han recortado 25 cm de frontal<\/strong>, <strong>ampliado 30 mil\u00edmetros el recorrido de la suspensi\u00f3n<\/strong> e incorporado unos frenos de mayor tama\u00f1o.<\/p>\n<p>Otra novedad importante es que va calzado por los nuevos BFGoodrich All-Terrain T\/A KDR2+, reservados en el pasado Dakar para los equipos oficiales.<\/p>\n<p><a href=\"https:\/\/bxrepsol.s3.eu-west-1.amazonaws.com\/static\/2022\/08\/05061715\/00_isidre_esteve_repsol_rally_team_dunas_coche_really.jpg\" \n   title=\"Isidre Esteve con su coche de rally sobre las dunas\" \n   data-gallery-thumbnail=\"https:\/\/bxrepsol.s3.eu-west-1.amazonaws.com\/static\/2022\/08\/05061715\/00_isidre_esteve_repsol_rally_team_dunas_coche_really.jpg\"\n   data-gallery><\/p>\n<figure>\n        <picture style=\"padding-bottom: 66.638441998307%; background-image: url(https:\/\/bxrepsol.s3.eu-west-1.amazonaws.com\/static\/2022\/08\/05061715\/00_isidre_esteve_repsol_rally_team_dunas_coche_really.jpg);\">\n            <img decoding=\"async\" src=\"https:\/\/bxrepsol.s3.eu-west-1.amazonaws.com\/static\/2022\/08\/05061715\/00_isidre_esteve_repsol_rally_team_dunas_coche_really.jpg\"><br \/>\n            <img itemprop=\"image\"\n                data-srcset=\"https:\/\/bxrepsol.s3.eu-west-1.amazonaws.com\/static\/2022\/08\/05061715\/00_isidre_esteve_repsol_rally_team_dunas_coche_really.jpg 480w, https:\/\/bxrepsol.s3.eu-west-1.amazonaws.com\/static\/2022\/08\/05061715\/00_isidre_esteve_repsol_rally_team_dunas_coche_really.jpg 600w, https:\/\/bxrepsol.s3.eu-west-1.amazonaws.com\/static\/2022\/08\/05061715\/00_isidre_esteve_repsol_rally_team_dunas_coche_really.jpg 900w\"\n                data-src=\"https:\/\/bxrepsol.s3.eu-west-1.amazonaws.com\/static\/2022\/08\/05061715\/00_isidre_esteve_repsol_rally_team_dunas_coche_really.jpg\"\n                alt=\"Isidre Esteve con su coche de rally sobre las dunas\"\n                title=\"Isidre Esteve superando una duna con su coche de rally\"\/><br \/>\n            <noscript><img decoding=\"async\" src=\"https:\/\/bxrepsol.s3.eu-west-1.amazonaws.com\/static\/2022\/08\/05061715\/00_isidre_esteve_repsol_rally_team_dunas_coche_really.jpg\" alt=\"Isidre Esteve con su coche de rally sobre las dunas\"><\/noscript>\n        <\/picture><figcaption>Isidre Esteve con su coche de rally sobre las dunas<\/figcaption><\/figure>\n<p><\/a><\/p>\n<p><em>\u201cDespu\u00e9s de las \u00faltimas modificaciones, <strong>el comportamiento del BV6 es excepcional<\/strong>, sobre todo en las dunas, seg\u00fan hemos podido comprobar estos d\u00edas en un test previo al Rally de Marruecos. Ahora, tenemos muchas ganas de probarlo en competici\u00f3n sobre un terreno muy similar al que nos encontraremos en la pr\u00f3xima edici\u00f3n del Dakar<\/em><\/p>\n<p><em>El nuevo formato dakariano en Per\u00fa, con dunas, mucha arena y navegaci\u00f3n, nos favorece y, de ah\u00ed que <strong>este rally marroqu\u00ed ser\u00e1 un magn\u00edfico <\/strong><a href=\"https:\/\/www.boxrepsol.com\/es\/rally\/lubricantes-repsol-elite-formulados-con-la-tecnologia-mas-avanzada\/\">banco de pruebas<\/a> para detectar los \u00faltimos puntos a mejorar. Adem\u00e1s, tambi\u00e9n nos servir\u00e1 para calibrar nuestro verdadero potencial respecto a nuestros rivales, ya que la gran mayor\u00eda de equipos dakarianos est\u00e1n aqu\u00ed presentes para hacer las \u00faltimas pruebas\u201d<\/em>, a\u00f1ade Esteve.<\/p>\n<p><a href=\"https:\/\/bxrepsol.s3.eu-west-1.amazonaws.com\/static\/2022\/08\/05061716\/00_Isidre_esteve_repsol_rally_team_con_txema_villalobos_copiloto.jpg\" \n   title=\"Isidre Esteve y Txema Villalobos con el coche del Repsol Rally Team\" \n   data-gallery-thumbnail=\"https:\/\/bxrepsol.s3.eu-west-1.amazonaws.com\/static\/2022\/08\/05061716\/00_Isidre_esteve_repsol_rally_team_con_txema_villalobos_copiloto.jpg\"\n   data-gallery><\/p>\n<figure>\n        <picture style=\"padding-bottom: 66.638441998307%; background-image: url(https:\/\/bxrepsol.s3.eu-west-1.amazonaws.com\/static\/2022\/08\/05061716\/00_Isidre_esteve_repsol_rally_team_con_txema_villalobos_copiloto.jpg);\">\n            <img decoding=\"async\" src=\"https:\/\/bxrepsol.s3.eu-west-1.amazonaws.com\/static\/2022\/08\/05061716\/00_Isidre_esteve_repsol_rally_team_con_txema_villalobos_copiloto.jpg\"><br \/>\n            <img itemprop=\"image\"\n                data-srcset=\"https:\/\/bxrepsol.s3.eu-west-1.amazonaws.com\/static\/2022\/08\/05061716\/00_Isidre_esteve_repsol_rally_team_con_txema_villalobos_copiloto.jpg 480w, https:\/\/bxrepsol.s3.eu-west-1.amazonaws.com\/static\/2022\/08\/05061716\/00_Isidre_esteve_repsol_rally_team_con_txema_villalobos_copiloto.jpg 600w, https:\/\/bxrepsol.s3.eu-west-1.amazonaws.com\/static\/2022\/08\/05061716\/00_Isidre_esteve_repsol_rally_team_con_txema_villalobos_copiloto.jpg 900w\"\n                data-src=\"https:\/\/bxrepsol.s3.eu-west-1.amazonaws.com\/static\/2022\/08\/05061716\/00_Isidre_esteve_repsol_rally_team_con_txema_villalobos_copiloto.jpg\"\n                alt=\"Isidre Esteve y Txema Villalobos con el coche del Repsol Rally Team\"\n                title=\"Isidre Esteve con su copiloto Txema Villalobos\"\/><br \/>\n            <noscript><img decoding=\"async\" src=\"https:\/\/bxrepsol.s3.eu-west-1.amazonaws.com\/static\/2022\/08\/05061716\/00_Isidre_esteve_repsol_rally_team_con_txema_villalobos_copiloto.jpg\" alt=\"Isidre Esteve y Txema Villalobos con el coche del Repsol Rally Team\"><\/noscript>\n        <\/picture><figcaption>Isidre Esteve y Txema Villalobos con el coche del Repsol Rally Team<\/figcaption><\/figure>\n<p><\/a><\/p>\n<p>En este sentido, asegura afrontar el rally con la seguridad que le otorga la ardua tarea previa realizada junto a su copiloto Txema Villalobos y al preparador Sodicars Racing.<\/p>\n<p><em>\u201cHemos trabajado durante todo el a\u00f1o en muchos aspectos para mejorar las prestaciones del coche. El objetivo es ser m\u00e1s competitivos y sentirnos m\u00e1s seguros. Ahora el prototipo nos transmite mayor seguridad y confianza, lo que nos permitir\u00e1 ir m\u00e1s r\u00e1pido en cualquier terreno\u201d<\/em>, declara el ilerdense, que pilota con unos mandos en el volante adaptados por la firma Guidosimplex.<\/p>\n<p>El Rally de Marruecos se disputar\u00e1 del 4 al 9 de octubre por los alrededores de Fes y Erfoud. Los participantes deber\u00e1n recorrer m\u00e1s de<strong> 2.000 kil\u00f3metros en total, 1.362 cronometrados, repartidos en una pr\u00f3logo y cinco duras etapas<\/strong>. La prueba reunir\u00e1 a buena parte de los participantes en el pr\u00f3ximo Dakar, por lo que <strong>supondr\u00e1 una buena piedra de toque para el Repsol Rally Team<\/strong>.<\/p>\n<p><em>\u201cSer\u00e1 el \u00faltimo gran test para todos, ya que en poco m\u00e1s de un mes, los veh\u00edculos ya estar\u00e1n viajando a Sudam\u00e9rica. As\u00ed que tratar\u00e9 de aprovechar y disfrutar hasta el \u00faltimo kil\u00f3metro, sin olvidar que nuestra prioridad es ganar ritmo de carrera y acumular kil\u00f3metros de competici\u00f3n para llegar en las mejores condiciones posibles al Dakar 2019\u201d.<\/em><\/p>\n","protected":false},"excerpt":{"rendered":"<p>Isidre Esteve disputar\u00e1, del 4 al 9 de octubre, el Rally de Marruecos con su renovado prototipo BV6 con los mandos adaptados al volante.<\/p>\n","protected":false},"author":43146,"featured_media":59502,"comment_status":"open","ping_status":"open","sticky":false,"template":"","format":"standard","meta":{"footnotes":""},"categories":[27],"tags":[183],"class_list":["post-93420","post","type-post","status-publish","format-standard","hentry","category-rally","tag-repsol-rally-team"],"yoast_head":"<!-- This site is optimized with the Yoast SEO plugin v27.3 - https:\/\/yoast.com\/product\/yoast-seo-wordpress\/ -->\n<title>El Repsol Rally Team afronta su \u00faltimo gran test antes del Dakar - Box Repsol<\/title>\n<meta name=\"description\" content=\"Isidre Esteve disputar\u00e1, del 4 al 9 de octubre, el Rally de Marruecos con su renovado prototipo BV6 con los mandos adaptados al volante.\" \/>\n<link rel=\"canonical\" href=\"https:\/\/www.boxrepsol.com\/es\/rally\/repsol-rally-team-afronta-ultimo-gran-test-del-dakar\/\" \/>\n<meta property=\"og:locale\" content=\"es_ES\" \/>\n<meta property=\"og:type\" content=\"article\" \/>\n<meta property=\"og:title\" content=\"El Repsol Rally Team afronta su \u00faltimo gran test antes del Dakar - Box Repsol\" \/>\n<meta property=\"og:description\" content=\"Isidre Esteve disputar\u00e1, del 4 al 9 de octubre, el Rally de Marruecos con su renovado prototipo BV6 con los mandos adaptados al volante.\" \/>\n<meta property=\"og:url\" content=\"https:\/\/www.boxrepsol.com\/es\/rally\/repsol-rally-team-afronta-ultimo-gran-test-del-dakar\/\" \/>\n<meta property=\"og:site_name\" content=\"Box Repsol\" \/>\n<meta property=\"article:publisher\" content=\"https:\/\/www.facebook.com\/BoxRepsol\" \/>\n<meta property=\"article:author\" content=\"https:\/\/www.facebook.com\/BoxRepsol\/\" \/>\n<meta property=\"article:published_time\" content=\"2018-10-03T02:00:00+00:00\" \/>\n<meta property=\"article:modified_time\" content=\"2024-05-22T10:44:40+00:00\" \/>\n<meta property=\"og:image\" content=\"https:\/\/bxrepsol.s3.eu-west-1.amazonaws.com\/static\/2022\/08\/29082853\/00_isidre_exteve_sodicar_repsol_rally_team_dakar.jpg\" \/>\n\t<meta property=\"og:image:width\" content=\"1280\" \/>\n\t<meta property=\"og:image:height\" content=\"600\" \/>\n\t<meta property=\"og:image:type\" content=\"image\/jpeg\" \/>\n<meta name=\"author\" content=\"Redacci\u00f3n Box Repsol\" \/>\n<meta name=\"twitter:card\" content=\"summary_large_image\" \/>\n<meta name=\"twitter:creator\" content=\"@https:\/\/twitter.com\/box_repsol\" \/>\n<meta name=\"twitter:site\" content=\"@box_repsol\" \/>\n<meta name=\"twitter:label1\" content=\"Written by\" \/>\n\t<meta name=\"twitter:data1\" content=\"Redacci\u00f3n Box Repsol\" \/>\n\t<meta name=\"twitter:label2\" content=\"Est. reading time\" \/>\n\t<meta name=\"twitter:data2\" content=\"4 minutos\" \/>\n<script type=\"application\/ld+json\" class=\"yoast-schema-graph\">{\"@context\":\"https:\\\/\\\/schema.org\",\"@graph\":[{\"@type\":\"Article\",\"@id\":\"https:\\\/\\\/www.boxrepsol.com\\\/es\\\/rally\\\/repsol-rally-team-afronta-ultimo-gran-test-del-dakar\\\/#article\",\"isPartOf\":{\"@id\":\"https:\\\/\\\/www.boxrepsol.com\\\/es\\\/rally\\\/repsol-rally-team-afronta-ultimo-gran-test-del-dakar\\\/\"},\"author\":{\"name\":\"Redacci\u00f3n Box Repsol\",\"@id\":\"https:\\\/\\\/www.boxrepsol.com\\\/es\\\/#\\\/schema\\\/person\\\/c5c2138f2cca251b0ad92b7086bb60b7\"},\"headline\":\"El Repsol Rally Team afronta su \u00faltimo gran test antes del Dakar\",\"datePublished\":\"2018-10-03T02:00:00+00:00\",\"dateModified\":\"2024-05-22T10:44:40+00:00\",\"mainEntityOfPage\":{\"@id\":\"https:\\\/\\\/www.boxrepsol.com\\\/es\\\/rally\\\/repsol-rally-team-afronta-ultimo-gran-test-del-dakar\\\/\"},\"wordCount\":758,\"commentCount\":0,\"publisher\":{\"@id\":\"https:\\\/\\\/www.boxrepsol.com\\\/es\\\/#organization\"},\"image\":{\"@id\":\"https:\\\/\\\/www.boxrepsol.com\\\/es\\\/rally\\\/repsol-rally-team-afronta-ultimo-gran-test-del-dakar\\\/#primaryimage\"},\"thumbnailUrl\":\"https:\\\/\\\/bxrepsol.s3.eu-west-1.amazonaws.com\\\/static\\\/2022\\\/08\\\/29082853\\\/00_isidre_exteve_sodicar_repsol_rally_team_dakar.jpg\",\"keywords\":[\"Repsol Rally Team\"],\"articleSection\":[\"Rally\"],\"inLanguage\":\"es\",\"potentialAction\":[{\"@type\":\"CommentAction\",\"name\":\"Comment\",\"target\":[\"https:\\\/\\\/www.boxrepsol.com\\\/es\\\/rally\\\/repsol-rally-team-afronta-ultimo-gran-test-del-dakar\\\/#respond\"]}]},{\"@type\":\"WebPage\",\"@id\":\"https:\\\/\\\/www.boxrepsol.com\\\/es\\\/rally\\\/repsol-rally-team-afronta-ultimo-gran-test-del-dakar\\\/\",\"url\":\"https:\\\/\\\/www.boxrepsol.com\\\/es\\\/rally\\\/repsol-rally-team-afronta-ultimo-gran-test-del-dakar\\\/\",\"name\":\"El Repsol Rally Team afronta su \u00faltimo gran test antes del Dakar - Box Repsol\",\"isPartOf\":{\"@id\":\"https:\\\/\\\/www.boxrepsol.com\\\/es\\\/#website\"},\"primaryImageOfPage\":{\"@id\":\"https:\\\/\\\/www.boxrepsol.com\\\/es\\\/rally\\\/repsol-rally-team-afronta-ultimo-gran-test-del-dakar\\\/#primaryimage\"},\"image\":{\"@id\":\"https:\\\/\\\/www.boxrepsol.com\\\/es\\\/rally\\\/repsol-rally-team-afronta-ultimo-gran-test-del-dakar\\\/#primaryimage\"},\"thumbnailUrl\":\"https:\\\/\\\/bxrepsol.s3.eu-west-1.amazonaws.com\\\/static\\\/2022\\\/08\\\/29082853\\\/00_isidre_exteve_sodicar_repsol_rally_team_dakar.jpg\",\"datePublished\":\"2018-10-03T02:00:00+00:00\",\"dateModified\":\"2024-05-22T10:44:40+00:00\",\"description\":\"Isidre Esteve disputar\u00e1, del 4 al 9 de octubre, el Rally de Marruecos con su renovado prototipo BV6 con los mandos adaptados al volante.\",\"breadcrumb\":{\"@id\":\"https:\\\/\\\/www.boxrepsol.com\\\/es\\\/rally\\\/repsol-rally-team-afronta-ultimo-gran-test-del-dakar\\\/#breadcrumb\"},\"inLanguage\":\"es\",\"potentialAction\":[{\"@type\":\"ReadAction\",\"target\":[\"https:\\\/\\\/www.boxrepsol.com\\\/es\\\/rally\\\/repsol-rally-team-afronta-ultimo-gran-test-del-dakar\\\/\"]}]},{\"@type\":\"ImageObject\",\"inLanguage\":\"es\",\"@id\":\"https:\\\/\\\/www.boxrepsol.com\\\/es\\\/rally\\\/repsol-rally-team-afronta-ultimo-gran-test-del-dakar\\\/#primaryimage\",\"url\":\"https:\\\/\\\/bxrepsol.s3.eu-west-1.amazonaws.com\\\/static\\\/2022\\\/08\\\/29082853\\\/00_isidre_exteve_sodicar_repsol_rally_team_dakar.jpg\",\"contentUrl\":\"https:\\\/\\\/bxrepsol.s3.eu-west-1.amazonaws.com\\\/static\\\/2022\\\/08\\\/29082853\\\/00_isidre_exteve_sodicar_repsol_rally_team_dakar.jpg\",\"width\":1280,\"height\":600,\"caption\":\"Isidre Esteve con su coche de rally en formaci\u00f3n rocosa\"},{\"@type\":\"BreadcrumbList\",\"@id\":\"https:\\\/\\\/www.boxrepsol.com\\\/es\\\/rally\\\/repsol-rally-team-afronta-ultimo-gran-test-del-dakar\\\/#breadcrumb\",\"itemListElement\":[{\"@type\":\"ListItem\",\"position\":1,\"name\":\"Home\",\"item\":\"https:\\\/\\\/www.boxrepsol.com\\\/es\\\/\"},{\"@type\":\"ListItem\",\"position\":2,\"name\":\"El Repsol Rally Team afronta su \u00faltimo gran test antes del Dakar\"}]},{\"@type\":\"WebSite\",\"@id\":\"https:\\\/\\\/www.boxrepsol.com\\\/es\\\/#website\",\"url\":\"https:\\\/\\\/www.boxrepsol.com\\\/es\\\/\",\"name\":\"Box Repsol\",\"description\":\"Box Repsol Site\",\"publisher\":{\"@id\":\"https:\\\/\\\/www.boxrepsol.com\\\/es\\\/#organization\"},\"potentialAction\":[{\"@type\":\"SearchAction\",\"target\":{\"@type\":\"EntryPoint\",\"urlTemplate\":\"https:\\\/\\\/www.boxrepsol.com\\\/es\\\/?s={search_term_string}\"},\"query-input\":{\"@type\":\"PropertyValueSpecification\",\"valueRequired\":true,\"valueName\":\"search_term_string\"}}],\"inLanguage\":\"es\"},{\"@type\":\"Organization\",\"@id\":\"https:\\\/\\\/www.boxrepsol.com\\\/es\\\/#organization\",\"name\":\"Box Repsol\",\"url\":\"https:\\\/\\\/www.boxrepsol.com\\\/es\\\/\",\"logo\":{\"@type\":\"ImageObject\",\"inLanguage\":\"es\",\"@id\":\"https:\\\/\\\/www.boxrepsol.com\\\/es\\\/#\\\/schema\\\/logo\\\/image\\\/\",\"url\":\"https:\\\/\\\/bxrepsol.s3.eu-west-1.amazonaws.com\\\/static\\\/2025\\\/07\\\/30083337\\\/favicon-96x96-1.png\",\"contentUrl\":\"https:\\\/\\\/bxrepsol.s3.eu-west-1.amazonaws.com\\\/static\\\/2025\\\/07\\\/30083337\\\/favicon-96x96-1.png\",\"width\":96,\"height\":96,\"caption\":\"Box Repsol\"},\"image\":{\"@id\":\"https:\\\/\\\/www.boxrepsol.com\\\/es\\\/#\\\/schema\\\/logo\\\/image\\\/\"},\"sameAs\":[\"https:\\\/\\\/www.facebook.com\\\/BoxRepsol\",\"https:\\\/\\\/x.com\\\/box_repsol\",\"http:\\\/\\\/instagram.com\\\/box_repsol\",\"https:\\\/\\\/www.youtube.com\\\/user\\\/RepsolCompeticion\",\"https:\\\/\\\/www.flickr.com\\\/photos\\\/box_repsol\\\/\"]},{\"@type\":\"Person\",\"@id\":\"https:\\\/\\\/www.boxrepsol.com\\\/es\\\/#\\\/schema\\\/person\\\/c5c2138f2cca251b0ad92b7086bb60b7\",\"name\":\"Redacci\u00f3n Box Repsol\",\"image\":{\"@type\":\"ImageObject\",\"inLanguage\":\"es\",\"@id\":\"https:\\\/\\\/secure.gravatar.com\\\/avatar\\\/adf7b77e38b4419baf32c7e9c21dde01f4e40df611f0978e3006fc4ba0aaab7e?s=96&d=mm&r=g\",\"url\":\"https:\\\/\\\/secure.gravatar.com\\\/avatar\\\/adf7b77e38b4419baf32c7e9c21dde01f4e40df611f0978e3006fc4ba0aaab7e?s=96&d=mm&r=g\",\"contentUrl\":\"https:\\\/\\\/secure.gravatar.com\\\/avatar\\\/adf7b77e38b4419baf32c7e9c21dde01f4e40df611f0978e3006fc4ba0aaab7e?s=96&d=mm&r=g\",\"caption\":\"Redacci\u00f3n Box Repsol\"},\"description\":\"Box Repsol lo forma un equipo de periodistas, community managers, dise\u00f1adores y fot\u00f3grafos con m\u00e1s de 20 a\u00f1os de experiencia en el mundo del motorsport. Hemos vivido el primer mundial de un espa\u00f1ol en la categor\u00eda reina de motociclismo con \u00c1lex Crivill\u00e9, estuvimos en las victorias de Pedrosa y los t\u00edtulos de M\u00e1rquez, acompa\u00f1amos en \u00c1frica a Nani Roma y Marc Coma en sus conquistas del Dakar y hemos vibrado con los t\u00edtulos de Toni Bou en Trial. Adem\u00e1s, en nuestro equipo contamos con expertos en el mundo de las dos y cuatro ruedas tanto de la calle y las carreteras, como de los circuitos. Periodistas que han trabajado en revistas y publicaciones para hacerte llegar desde rutas y consejos de mantenimiento, a curiosidades y trucos de pilotaje.\",\"sameAs\":[\"https:\\\/\\\/www.facebook.com\\\/BoxRepsol\\\/\",\"https:\\\/\\\/www.instagram.com\\\/box_repsol\\\/\",\"https:\\\/\\\/x.com\\\/https:\\\/\\\/twitter.com\\\/box_repsol\",\"https:\\\/\\\/www.youtube.com\\\/@Boxrepsol\"],\"url\":\"https:\\\/\\\/www.boxrepsol.com\\\/es\\\/author\\\/redaccion-box-repsol\\\/\"}]}<\/script>\n<!-- \/ Yoast SEO plugin. -->","yoast_head_json":{"title":"El Repsol Rally Team afronta su \u00faltimo gran test antes del Dakar - Box Repsol","description":"Isidre Esteve disputar\u00e1, del 4 al 9 de octubre, el Rally de Marruecos con su renovado prototipo BV6 con los mandos adaptados al volante.","canonical":"https:\/\/www.boxrepsol.com\/es\/rally\/repsol-rally-team-afronta-ultimo-gran-test-del-dakar\/","og_locale":"es_ES","og_type":"article","og_title":"El Repsol Rally Team afronta su \u00faltimo gran test antes del Dakar - Box Repsol","og_description":"Isidre Esteve disputar\u00e1, del 4 al 9 de octubre, el Rally de Marruecos con su renovado prototipo BV6 con los mandos adaptados al volante.","og_url":"https:\/\/www.boxrepsol.com\/es\/rally\/repsol-rally-team-afronta-ultimo-gran-test-del-dakar\/","og_site_name":"Box Repsol","article_publisher":"https:\/\/www.facebook.com\/BoxRepsol","article_author":"https:\/\/www.facebook.com\/BoxRepsol\/","article_published_time":"2018-10-03T02:00:00+00:00","article_modified_time":"2024-05-22T10:44:40+00:00","og_image":[{"width":1280,"height":600,"url":"https:\/\/bxrepsol.s3.eu-west-1.amazonaws.com\/static\/2022\/08\/29082853\/00_isidre_exteve_sodicar_repsol_rally_team_dakar.jpg","type":"image\/jpeg"}],"author":"Redacci\u00f3n Box Repsol","twitter_card":"summary_large_image","twitter_creator":"@https:\/\/twitter.com\/box_repsol","twitter_site":"@box_repsol","twitter_misc":{"Written by":"Redacci\u00f3n Box Repsol","Est. reading time":"4 minutos"},"schema":{"@context":"https:\/\/schema.org","@graph":[{"@type":"Article","@id":"https:\/\/www.boxrepsol.com\/es\/rally\/repsol-rally-team-afronta-ultimo-gran-test-del-dakar\/#article","isPartOf":{"@id":"https:\/\/www.boxrepsol.com\/es\/rally\/repsol-rally-team-afronta-ultimo-gran-test-del-dakar\/"},"author":{"name":"Redacci\u00f3n Box Repsol","@id":"https:\/\/www.boxrepsol.com\/es\/#\/schema\/person\/c5c2138f2cca251b0ad92b7086bb60b7"},"headline":"El Repsol Rally Team afronta su \u00faltimo gran test antes del Dakar","datePublished":"2018-10-03T02:00:00+00:00","dateModified":"2024-05-22T10:44:40+00:00","mainEntityOfPage":{"@id":"https:\/\/www.boxrepsol.com\/es\/rally\/repsol-rally-team-afronta-ultimo-gran-test-del-dakar\/"},"wordCount":758,"commentCount":0,"publisher":{"@id":"https:\/\/www.boxrepsol.com\/es\/#organization"},"image":{"@id":"https:\/\/www.boxrepsol.com\/es\/rally\/repsol-rally-team-afronta-ultimo-gran-test-del-dakar\/#primaryimage"},"thumbnailUrl":"https:\/\/bxrepsol.s3.eu-west-1.amazonaws.com\/static\/2022\/08\/29082853\/00_isidre_exteve_sodicar_repsol_rally_team_dakar.jpg","keywords":["Repsol Rally Team"],"articleSection":["Rally"],"inLanguage":"es","potentialAction":[{"@type":"CommentAction","name":"Comment","target":["https:\/\/www.boxrepsol.com\/es\/rally\/repsol-rally-team-afronta-ultimo-gran-test-del-dakar\/#respond"]}]},{"@type":"WebPage","@id":"https:\/\/www.boxrepsol.com\/es\/rally\/repsol-rally-team-afronta-ultimo-gran-test-del-dakar\/","url":"https:\/\/www.boxrepsol.com\/es\/rally\/repsol-rally-team-afronta-ultimo-gran-test-del-dakar\/","name":"El Repsol Rally Team afronta su \u00faltimo gran test antes del Dakar - Box Repsol","isPartOf":{"@id":"https:\/\/www.boxrepsol.com\/es\/#website"},"primaryImageOfPage":{"@id":"https:\/\/www.boxrepsol.com\/es\/rally\/repsol-rally-team-afronta-ultimo-gran-test-del-dakar\/#primaryimage"},"image":{"@id":"https:\/\/www.boxrepsol.com\/es\/rally\/repsol-rally-team-afronta-ultimo-gran-test-del-dakar\/#primaryimage"},"thumbnailUrl":"https:\/\/bxrepsol.s3.eu-west-1.amazonaws.com\/static\/2022\/08\/29082853\/00_isidre_exteve_sodicar_repsol_rally_team_dakar.jpg","datePublished":"2018-10-03T02:00:00+00:00","dateModified":"2024-05-22T10:44:40+00:00","description":"Isidre Esteve disputar\u00e1, del 4 al 9 de octubre, el Rally de Marruecos con su renovado prototipo BV6 con los mandos adaptados al volante.","breadcrumb":{"@id":"https:\/\/www.boxrepsol.com\/es\/rally\/repsol-rally-team-afronta-ultimo-gran-test-del-dakar\/#breadcrumb"},"inLanguage":"es","potentialAction":[{"@type":"ReadAction","target":["https:\/\/www.boxrepsol.com\/es\/rally\/repsol-rally-team-afronta-ultimo-gran-test-del-dakar\/"]}]},{"@type":"ImageObject","inLanguage":"es","@id":"https:\/\/www.boxrepsol.com\/es\/rally\/repsol-rally-team-afronta-ultimo-gran-test-del-dakar\/#primaryimage","url":"https:\/\/bxrepsol.s3.eu-west-1.amazonaws.com\/static\/2022\/08\/29082853\/00_isidre_exteve_sodicar_repsol_rally_team_dakar.jpg","contentUrl":"https:\/\/bxrepsol.s3.eu-west-1.amazonaws.com\/static\/2022\/08\/29082853\/00_isidre_exteve_sodicar_repsol_rally_team_dakar.jpg","width":1280,"height":600,"caption":"Isidre Esteve con su coche de rally en formaci\u00f3n rocosa"},{"@type":"BreadcrumbList","@id":"https:\/\/www.boxrepsol.com\/es\/rally\/repsol-rally-team-afronta-ultimo-gran-test-del-dakar\/#breadcrumb","itemListElement":[{"@type":"ListItem","position":1,"name":"Home","item":"https:\/\/www.boxrepsol.com\/es\/"},{"@type":"ListItem","position":2,"name":"El Repsol Rally Team afronta su \u00faltimo gran test antes del Dakar"}]},{"@type":"WebSite","@id":"https:\/\/www.boxrepsol.com\/es\/#website","url":"https:\/\/www.boxrepsol.com\/es\/","name":"Box Repsol","description":"Box Repsol Site","publisher":{"@id":"https:\/\/www.boxrepsol.com\/es\/#organization"},"potentialAction":[{"@type":"SearchAction","target":{"@type":"EntryPoint","urlTemplate":"https:\/\/www.boxrepsol.com\/es\/?s={search_term_string}"},"query-input":{"@type":"PropertyValueSpecification","valueRequired":true,"valueName":"search_term_string"}}],"inLanguage":"es"},{"@type":"Organization","@id":"https:\/\/www.boxrepsol.com\/es\/#organization","name":"Box Repsol","url":"https:\/\/www.boxrepsol.com\/es\/","logo":{"@type":"ImageObject","inLanguage":"es","@id":"https:\/\/www.boxrepsol.com\/es\/#\/schema\/logo\/image\/","url":"https:\/\/bxrepsol.s3.eu-west-1.amazonaws.com\/static\/2025\/07\/30083337\/favicon-96x96-1.png","contentUrl":"https:\/\/bxrepsol.s3.eu-west-1.amazonaws.com\/static\/2025\/07\/30083337\/favicon-96x96-1.png","width":96,"height":96,"caption":"Box Repsol"},"image":{"@id":"https:\/\/www.boxrepsol.com\/es\/#\/schema\/logo\/image\/"},"sameAs":["https:\/\/www.facebook.com\/BoxRepsol","https:\/\/x.com\/box_repsol","http:\/\/instagram.com\/box_repsol","https:\/\/www.youtube.com\/user\/RepsolCompeticion","https:\/\/www.flickr.com\/photos\/box_repsol\/"]},{"@type":"Person","@id":"https:\/\/www.boxrepsol.com\/es\/#\/schema\/person\/c5c2138f2cca251b0ad92b7086bb60b7","name":"Redacci\u00f3n Box Repsol","image":{"@type":"ImageObject","inLanguage":"es","@id":"https:\/\/secure.gravatar.com\/avatar\/adf7b77e38b4419baf32c7e9c21dde01f4e40df611f0978e3006fc4ba0aaab7e?s=96&d=mm&r=g","url":"https:\/\/secure.gravatar.com\/avatar\/adf7b77e38b4419baf32c7e9c21dde01f4e40df611f0978e3006fc4ba0aaab7e?s=96&d=mm&r=g","contentUrl":"https:\/\/secure.gravatar.com\/avatar\/adf7b77e38b4419baf32c7e9c21dde01f4e40df611f0978e3006fc4ba0aaab7e?s=96&d=mm&r=g","caption":"Redacci\u00f3n Box Repsol"},"description":"Box Repsol lo forma un equipo de periodistas, community managers, dise\u00f1adores y fot\u00f3grafos con m\u00e1s de 20 a\u00f1os de experiencia en el mundo del motorsport. Hemos vivido el primer mundial de un espa\u00f1ol en la categor\u00eda reina de motociclismo con \u00c1lex Crivill\u00e9, estuvimos en las victorias de Pedrosa y los t\u00edtulos de M\u00e1rquez, acompa\u00f1amos en \u00c1frica a Nani Roma y Marc Coma en sus conquistas del Dakar y hemos vibrado con los t\u00edtulos de Toni Bou en Trial. Adem\u00e1s, en nuestro equipo contamos con expertos en el mundo de las dos y cuatro ruedas tanto de la calle y las carreteras, como de los circuitos. Periodistas que han trabajado en revistas y publicaciones para hacerte llegar desde rutas y consejos de mantenimiento, a curiosidades y trucos de pilotaje.","sameAs":["https:\/\/www.facebook.com\/BoxRepsol\/","https:\/\/www.instagram.com\/box_repsol\/","https:\/\/x.com\/https:\/\/twitter.com\/box_repsol","https:\/\/www.youtube.com\/@Boxrepsol"],"url":"https:\/\/www.boxrepsol.com\/es\/author\/redaccion-box-repsol\/"}]}},"_links":{"self":[{"href":"https:\/\/www.boxrepsol.com\/es\/wp-json\/wp\/v2\/posts\/93420","targetHints":{"allow":["GET"]}}],"collection":[{"href":"https:\/\/www.boxrepsol.com\/es\/wp-json\/wp\/v2\/posts"}],"about":[{"href":"https:\/\/www.boxrepsol.com\/es\/wp-json\/wp\/v2\/types\/post"}],"author":[{"embeddable":true,"href":"https:\/\/www.boxrepsol.com\/es\/wp-json\/wp\/v2\/users\/43146"}],"replies":[{"embeddable":true,"href":"https:\/\/www.boxrepsol.com\/es\/wp-json\/wp\/v2\/comments?post=93420"}],"version-history":[{"count":1,"href":"https:\/\/www.boxrepsol.com\/es\/wp-json\/wp\/v2\/posts\/93420\/revisions"}],"predecessor-version":[{"id":93421,"href":"https:\/\/www.boxrepsol.com\/es\/wp-json\/wp\/v2\/posts\/93420\/revisions\/93421"}],"wp:featuredmedia":[{"embeddable":true,"href":"https:\/\/www.boxrepsol.com\/es\/wp-json\/wp\/v2\/media\/59502"}],"wp:attachment":[{"href":"https:\/\/www.boxrepsol.com\/es\/wp-json\/wp\/v2\/media?parent=93420"}],"wp:term":[{"taxonomy":"category","embeddable":true,"href":"https:\/\/www.boxrepsol.com\/es\/wp-json\/wp\/v2\/categories?post=93420"},{"taxonomy":"post_tag","embeddable":true,"href":"https:\/\/www.boxrepsol.com\/es\/wp-json\/wp\/v2\/tags?post=93420"}],"curies":[{"name":"wp","href":"https:\/\/api.w.org\/{rel}","templated":true}]}}