{"id":93418,"date":"2018-10-03T00:00:00","date_gmt":"2018-10-03T02:00:00","guid":{"rendered":"http:\/\/pre.boxrepsol.com\/sin-categorizar\/entrevista-marc-coma-motogp-2018\/"},"modified":"2024-05-22T08:44:20","modified_gmt":"2024-05-22T10:44:20","slug":"entrevista-marc-coma-motogp-2018","status":"publish","type":"post","link":"https:\/\/www.boxrepsol.com\/es\/motogp\/entrevista-marc-coma-motogp-2018\/","title":{"rendered":"\u00abEs brutal que un piloto que se juega el Mundial siga buscando as\u00ed la victoria\u00bb"},"content":{"rendered":"<blockquote><p>\n\t<a href=\"http:\/\/twitter.com\/share?text=%22Dani+Pedrosa+puede+estar+orgulloso+de+su+carrera.+Si+se+ha+mantenido+tantos+a%C3%B1os+en+el+Repsol+Honda+es+porque+es+un+piloto+referente%22&#038;url=https%3A%2F%2Fwww.boxrepsol.com%2Fes%2Fmotogp%2Fentrevista-marc-coma-motogp-2018%2F\" target=\"_blank\" rel=\"noopener\"><\/p>\n<p>\u00abDani Pedrosa puede estar orgulloso de su carrera. Si se ha mantenido tantos a\u00f1os en el Repsol Honda es porque es un piloto referente\u00bb<\/p>\n<p>\t<\/a>\n<\/p><\/blockquote>\n<p><em>Durante una d\u00e9cada, Marc Coma visti\u00f3 los colores de Repsol en el mundo de los raids, <strong>logrando la victoria en el Dakar tanto en \u00c1frica como en Sudam\u00e9rica<\/strong> y convirti\u00e9ndose en uno de los pilotos m\u00e1s laureados de la competici\u00f3n. Como buen apasionado del motor, Coma es un seguidor confeso del Campeonato del Mundo de MotoGP, que este fin de semana viaja a Tailandia con Marc M\u00e1rquez liderando con holgura la clasificaci\u00f3n general y Dani Pedrosa, recuperando sensaciones carrera tras carrera.<\/em><\/p>\n<p><strong>\u00bfSigues habitualmente el Mundial de MotoGP? \u00bfQu\u00e9 te pareci\u00f3 la carrera que hicieron Marc y Dani en Arag\u00f3n?<\/strong><\/p>\n<p>S\u00ed, siempre que puedo sigo el Mundial de MotoGP; me encanta. La carrera de Arag\u00f3n, me pareci\u00f3 fant\u00e1stica. Es el tipo de prueba a la que nos han acostumbrado durante los \u00faltimos Grandes Premios, con luchas apretadas hasta el final. Es brutal que un piloto que se est\u00e1 jugando el Mundial siga buscando as\u00ed la victoria. En Arag\u00f3n, Marc logr\u00f3 la mejor estrategia de neum\u00e1ticos y al final de la carrera fue el m\u00e1s fuerte.<\/p>\n<p>Dani tambi\u00e9n hizo una gran gesti\u00f3n, aunque seguramente condicionada por el compuesto que eligi\u00f3, pero estoy contento de volver a verle bastante arriba y motivado, despu\u00e9s del peque\u00f1o paso atr\u00e1s que dio a mitad de temporada.<\/p>\n<p><strong>\u00bfC\u00f3mo crees que est\u00e1 gestionando Marc su liderato?<\/strong><\/p>\n<p>Este a\u00f1o veo a un M\u00e1rquez m\u00e1s maduro que otros a\u00f1os y que sabe muy bien c\u00f3mo gestionar la temporada. Parece que las Ducati han dado un paso adelante en esta segunda mitad de a\u00f1o, pero Marc ha encontrado su zona de confort, buscando los l\u00edmites en los entrenamientos, y est\u00e1 siempre ah\u00ed.<\/p>\n<p>Se le ve c\u00f3modo en el cuerpo a cuerpo y sabe que si no puede ganar, va a estar igualmente luchando por el podio. Siempre encuentra el punto que le hace falta para estar arriba. Con la victoria en Arag\u00f3n, les dio un golpe de moral.<\/p>\n<p><strong>Quedan cinco carreras y M\u00e1rquez tiene 72 puntos m\u00e1s que el segundo clasificado. \u00bfQu\u00e9 crees que puede pasarle por la cabeza cuando salga a pista en Tailandia?<\/strong><\/p>\n<p>Con una ventaja de 72 puntos, lo tiene muy bien y ahora es cuesti\u00f3n de saber gestionarla. Quiz\u00e1s es la parte m\u00e1s dif\u00edcil, cuando tienes la victoria a tu alcance pero a\u00fan no la has conseguido; te crea unos nervios y una incomodidad que hay que saber controlar. Aunque cuando subes a la moto, eso desaparece.<\/p>\n<p>Se tendr\u00e1n que ver\u00a0las condiciones meteorol\u00f3gicas, pero \u00e9l sabe aislarse de la presi\u00f3n y, si es en seco, veremos al Marc de siempre. Conoci\u00e9ndole, no dejar\u00e1 pasar ninguna oportunidad para ganar todas las carreras que quedan. Si cambian las condiciones, quiz\u00e1s sea m\u00e1s conservador, pero como dec\u00eda antes, su zona de confort es yendo al m\u00e1ximo.<\/p>\n<p><strong>En una parrilla con pilotos como Rossi, Lorenzo, Vi\u00f1ales o Pedrosa, \u00bfc\u00f3mo te explicas el dominio de Marc?<\/strong><\/p>\n<p>Creo que M\u00e1rquez ha cambiado la manera de pilotar y de buscar los l\u00edmites de la moto. Hasta su llegada a MotoGP, cuando alguien se ca\u00eda era porque hab\u00eda perdido el control, sobre todo desde que se incorpor\u00f3 la electr\u00f3nica. Pero ahora, si lo ves desde fuera, hay veces que parece que Marc busca la ca\u00edda para comprender bien el l\u00edmite de los neum\u00e1ticos y la moto en cada circuito.<\/p>\n<p>Si nos fijamos en sus estad\u00edsticas, se cae mucho durante los entrenamientos pero no en carrera. Esto es porque aprende d\u00f3nde est\u00e1n los l\u00edmites. Nunca hab\u00eda visto un piloto con esta forma de enfocar las carreras.<\/p>\n<p><a href=\"https:\/\/bxrepsol.s3.eu-west-1.amazonaws.com\/static\/2022\/08\/05061710\/00_marc_coma_dakar_desierto_dunas_ktm_repsol.jpg\" \n   title=\"Marc Coma oteando el terreno sobre una duna\" \n   data-gallery-thumbnail=\"https:\/\/bxrepsol.s3.eu-west-1.amazonaws.com\/static\/2022\/08\/05061710\/00_marc_coma_dakar_desierto_dunas_ktm_repsol.jpg\"\n   data-gallery-title=\"\"\n   data-gallery><\/p>\n<figure>\n        <picture style=\"padding-bottom: 66.72%; background-image: url(https:\/\/bxrepsol.s3.eu-west-1.amazonaws.com\/static\/2022\/08\/05061710\/00_marc_coma_dakar_desierto_dunas_ktm_repsol.jpg);\">\n            <img decoding=\"async\" src=\"https:\/\/bxrepsol.s3.eu-west-1.amazonaws.com\/static\/2022\/08\/05061710\/00_marc_coma_dakar_desierto_dunas_ktm_repsol.jpg\"><br \/>\n            <img itemprop=\"image\"\n                data-srcset=\"https:\/\/bxrepsol.s3.eu-west-1.amazonaws.com\/static\/2022\/08\/05061710\/00_marc_coma_dakar_desierto_dunas_ktm_repsol.jpg 480w, https:\/\/bxrepsol.s3.eu-west-1.amazonaws.com\/static\/2022\/08\/05061710\/00_marc_coma_dakar_desierto_dunas_ktm_repsol.jpg 600w, https:\/\/bxrepsol.s3.eu-west-1.amazonaws.com\/static\/2022\/08\/05061710\/00_marc_coma_dakar_desierto_dunas_ktm_repsol.jpg 900w\"\n                data-src=\"https:\/\/bxrepsol.s3.eu-west-1.amazonaws.com\/static\/2022\/08\/05061710\/00_marc_coma_dakar_desierto_dunas_ktm_repsol.jpg\"\n                alt=\"Marc Coma oteando el terreno sobre una duna\"\n                title=\"Marc Coma oteando el terreno sobre una duna\"\/><br \/>\n            <noscript><img decoding=\"async\" src=\"https:\/\/bxrepsol.s3.eu-west-1.amazonaws.com\/static\/2022\/08\/05061710\/00_marc_coma_dakar_desierto_dunas_ktm_repsol.jpg\" alt=\"Marc Coma oteando el terreno sobre una duna\"><\/noscript>\n        <\/picture><figcaption>Marc Coma oteando el terreno sobre una duna<\/figcaption><\/figure>\n<p><\/a><\/p>\n<p><strong>Estamos viendo carreras muy igualadas y resultados ajustados. \u00bfQu\u00e9 te parece el espect\u00e1culo actual de MotoGP?<\/strong><\/p>\n<p>El espect\u00e1culo que estamos viendo actualmente en MotoGP es fant\u00e1stico. La clave ha sido el acierto de Dorna limitando la parte de la electr\u00f3nica, que sea igual para todos. Esto ha equilibrado mucho m\u00e1s el campeonato y ha cambiado la competici\u00f3n en relaci\u00f3n a los \u00faltimos a\u00f1os.<\/p>\n<p>Antes parec\u00eda que en carrera se distanciaban mucho m\u00e1s entre ellos; la posici\u00f3n que ten\u00edan en la salida, pr\u00e1cticamente era donde acababan. En cambio, este a\u00f1o estamos viendo carreras mucho m\u00e1s apretadas y donde la manera de pilotar y de arriesgar parece m\u00e1s propia de Moto3 que de MotoGP. Esto es bueno para el espect\u00e1culo.<\/p>\n<p><strong>En Valencia se despide Dani, con quien subiste el Mont Blanc. \u00bfQu\u00e9 recuerdas de aquella experiencia?<\/strong><\/p>\n<p>Con Dani hemos compartido muchas cosas. Durante varios a\u00f1os tuvimos el mismo patrocinador: Repsol y tambi\u00e9n Red Bull. Adem\u00e1s, tengo muy buenos recuerdos de cuando subimos el Mont Blanc junto con Jes\u00fas Calleja y H\u00e9ctor Barber\u00e1. Pude conocer a un Dani muy distendido, nos re\u00edmos mucho y creo que es de las experiencias m\u00e1s bonitas que he tenido con la gente de las motos.<\/p>\n<p><strong>\u00bfCrees que le volveremos a ver en lo alto del podio? \u00bfQu\u00e9 recuerdo destacar\u00edas de su carrera?<\/strong><\/p>\n<p>Sin duda, la mejor despedida de Dani ser\u00eda ganar en Valencia. Su carrera ha sido siempre muy meticulosa, bien gestionada y siempre con avances muy l\u00f3gicos y meditados. Es admirable lo que ha conseguido, y m\u00e1s teniendo en cuenta todos los a\u00f1os que ha estado a un nivel de profesionalidad alt\u00edsimo.<\/p>\n<p>Es una pena que le haya faltado el t\u00edtulo de MotoGP, pero aun as\u00ed, se puede ir muy orgulloso de todo lo que ha hecho. Si se ha mantenido tantos a\u00f1os en el Repsol Honda, es porque es un piloto referente. Le deseo lo mejor en sus siguientes etapas.<\/p>\n<p><strong>Probaste la moto de Pedrosa en 2006. \u00bfC\u00f3mo recuerdas aquella experiencia?<\/strong><\/p>\n<p>S\u00ed, en 2006 tuve la oportunidad de rodar unas vueltas con las primeras 1.000cc y fue una gran experiencia. Me cost\u00f3 un poco entrar en la moto de Dani, porque mis piernas son mucho m\u00e1s largas y sobre todo, cogerle el tacto a los frenos de carbono, por no estar acostumbrado.<\/p>\n<p>A la tercera o cuarta vuelta empec\u00e9 a ir m\u00e1s r\u00e1pido y me fui emocionando: me sent\u00eda como Dani Pedrosa corriendo en Valencia. Entonces, en una de las pocas curvas de derechas, me adelant\u00f3 por fuera Kevin Schwantz , que estaba probando una 250 c.c. y fue un recuerdo todav\u00eda mejor.<\/p>\n","protected":false},"excerpt":{"rendered":"<p>Marc Coma, cinco veces ganador del Rally Dakar, es un gran apasionado de MotoGP e incluso ha llegado a rodar con la Honda de Dani Pedrosa en Valencia.<\/p>\n","protected":false},"author":43146,"featured_media":59496,"comment_status":"open","ping_status":"open","sticky":false,"template":"","format":"standard","meta":{"footnotes":""},"categories":[4],"tags":[178],"class_list":["post-93418","post","type-post","status-publish","format-standard","hentry","category-motogp","tag-pilotos-de-motociclismo"],"yoast_head":"<!-- This site is optimized with the Yoast SEO plugin v27.3 - https:\/\/yoast.com\/product\/yoast-seo-wordpress\/ -->\n<title>Marc Coma: &quot;&quot;Es brutal que un piloto que se juega el Mundial siga buscando as\u00ed la victoria&quot;&quot;<\/title>\n<meta name=\"description\" content=\"Marc Coma, cinco veces ganador del Rally Dakar, es un gran apasionado de MotoGP e incluso ha llegado a rodar con la Honda de Dani Pedrosa en Valencia.\" \/>\n<link rel=\"canonical\" href=\"https:\/\/www.boxrepsol.com\/es\/motogp\/entrevista-marc-coma-motogp-2018\/\" \/>\n<meta property=\"og:locale\" content=\"es_ES\" \/>\n<meta property=\"og:type\" content=\"article\" \/>\n<meta property=\"og:title\" content=\"Marc Coma: &quot;&quot;Es brutal que un piloto que se juega el Mundial siga buscando as\u00ed la victoria&quot;&quot;\" \/>\n<meta property=\"og:description\" content=\"Marc Coma, cinco veces ganador del Rally Dakar, es un gran apasionado de MotoGP e incluso ha llegado a rodar con la Honda de Dani Pedrosa en Valencia.\" \/>\n<meta property=\"og:url\" content=\"https:\/\/www.boxrepsol.com\/es\/motogp\/entrevista-marc-coma-motogp-2018\/\" \/>\n<meta property=\"og:site_name\" content=\"Box Repsol\" \/>\n<meta property=\"article:publisher\" content=\"https:\/\/www.facebook.com\/BoxRepsol\" \/>\n<meta property=\"article:author\" content=\"https:\/\/www.facebook.com\/BoxRepsol\/\" \/>\n<meta property=\"article:published_time\" content=\"2018-10-03T02:00:00+00:00\" \/>\n<meta property=\"article:modified_time\" content=\"2024-05-22T10:44:20+00:00\" \/>\n<meta property=\"og:image\" content=\"https:\/\/bxrepsol.s3.eu-west-1.amazonaws.com\/static\/2022\/08\/29082850\/00_marc_coma_celebracion_rally_dakar_repsol_ktm.jpg\" \/>\n\t<meta property=\"og:image:width\" content=\"1280\" \/>\n\t<meta property=\"og:image:height\" content=\"600\" \/>\n\t<meta property=\"og:image:type\" content=\"image\/jpeg\" \/>\n<meta name=\"author\" content=\"Redacci\u00f3n Box Repsol\" \/>\n<meta name=\"twitter:card\" content=\"summary_large_image\" \/>\n<meta name=\"twitter:creator\" content=\"@https:\/\/twitter.com\/box_repsol\" \/>\n<meta name=\"twitter:site\" content=\"@box_repsol\" \/>\n<meta name=\"twitter:label1\" content=\"Written by\" \/>\n\t<meta name=\"twitter:data1\" content=\"Redacci\u00f3n Box Repsol\" \/>\n\t<meta name=\"twitter:label2\" content=\"Est. reading time\" \/>\n\t<meta name=\"twitter:data2\" content=\"6 minutos\" \/>\n<script type=\"application\/ld+json\" class=\"yoast-schema-graph\">{\"@context\":\"https:\\\/\\\/schema.org\",\"@graph\":[{\"@type\":\"Article\",\"@id\":\"https:\\\/\\\/www.boxrepsol.com\\\/es\\\/motogp\\\/entrevista-marc-coma-motogp-2018\\\/#article\",\"isPartOf\":{\"@id\":\"https:\\\/\\\/www.boxrepsol.com\\\/es\\\/motogp\\\/entrevista-marc-coma-motogp-2018\\\/\"},\"author\":{\"name\":\"Redacci\u00f3n Box Repsol\",\"@id\":\"https:\\\/\\\/www.boxrepsol.com\\\/es\\\/#\\\/schema\\\/person\\\/c5c2138f2cca251b0ad92b7086bb60b7\"},\"headline\":\"\u00abEs brutal que un piloto que se juega el Mundial siga buscando as\u00ed la victoria\u00bb\",\"datePublished\":\"2018-10-03T02:00:00+00:00\",\"dateModified\":\"2024-05-22T10:44:20+00:00\",\"mainEntityOfPage\":{\"@id\":\"https:\\\/\\\/www.boxrepsol.com\\\/es\\\/motogp\\\/entrevista-marc-coma-motogp-2018\\\/\"},\"wordCount\":1148,\"commentCount\":0,\"publisher\":{\"@id\":\"https:\\\/\\\/www.boxrepsol.com\\\/es\\\/#organization\"},\"image\":{\"@id\":\"https:\\\/\\\/www.boxrepsol.com\\\/es\\\/motogp\\\/entrevista-marc-coma-motogp-2018\\\/#primaryimage\"},\"thumbnailUrl\":\"https:\\\/\\\/bxrepsol.s3.eu-west-1.amazonaws.com\\\/static\\\/2022\\\/08\\\/29082850\\\/00_marc_coma_celebracion_rally_dakar_repsol_ktm.jpg\",\"keywords\":[\"pilotos de motociclismo\"],\"articleSection\":[\"MotoGP\"],\"inLanguage\":\"es\",\"potentialAction\":[{\"@type\":\"CommentAction\",\"name\":\"Comment\",\"target\":[\"https:\\\/\\\/www.boxrepsol.com\\\/es\\\/motogp\\\/entrevista-marc-coma-motogp-2018\\\/#respond\"]}]},{\"@type\":\"WebPage\",\"@id\":\"https:\\\/\\\/www.boxrepsol.com\\\/es\\\/motogp\\\/entrevista-marc-coma-motogp-2018\\\/\",\"url\":\"https:\\\/\\\/www.boxrepsol.com\\\/es\\\/motogp\\\/entrevista-marc-coma-motogp-2018\\\/\",\"name\":\"Marc Coma: \\\"\\\"Es brutal que un piloto que se juega el Mundial siga buscando as\u00ed la victoria\\\"\\\"\",\"isPartOf\":{\"@id\":\"https:\\\/\\\/www.boxrepsol.com\\\/es\\\/#website\"},\"primaryImageOfPage\":{\"@id\":\"https:\\\/\\\/www.boxrepsol.com\\\/es\\\/motogp\\\/entrevista-marc-coma-motogp-2018\\\/#primaryimage\"},\"image\":{\"@id\":\"https:\\\/\\\/www.boxrepsol.com\\\/es\\\/motogp\\\/entrevista-marc-coma-motogp-2018\\\/#primaryimage\"},\"thumbnailUrl\":\"https:\\\/\\\/bxrepsol.s3.eu-west-1.amazonaws.com\\\/static\\\/2022\\\/08\\\/29082850\\\/00_marc_coma_celebracion_rally_dakar_repsol_ktm.jpg\",\"datePublished\":\"2018-10-03T02:00:00+00:00\",\"dateModified\":\"2024-05-22T10:44:20+00:00\",\"description\":\"Marc Coma, cinco veces ganador del Rally Dakar, es un gran apasionado de MotoGP e incluso ha llegado a rodar con la Honda de Dani Pedrosa en Valencia.\",\"breadcrumb\":{\"@id\":\"https:\\\/\\\/www.boxrepsol.com\\\/es\\\/motogp\\\/entrevista-marc-coma-motogp-2018\\\/#breadcrumb\"},\"inLanguage\":\"es\",\"potentialAction\":[{\"@type\":\"ReadAction\",\"target\":[\"https:\\\/\\\/www.boxrepsol.com\\\/es\\\/motogp\\\/entrevista-marc-coma-motogp-2018\\\/\"]}]},{\"@type\":\"ImageObject\",\"inLanguage\":\"es\",\"@id\":\"https:\\\/\\\/www.boxrepsol.com\\\/es\\\/motogp\\\/entrevista-marc-coma-motogp-2018\\\/#primaryimage\",\"url\":\"https:\\\/\\\/bxrepsol.s3.eu-west-1.amazonaws.com\\\/static\\\/2022\\\/08\\\/29082850\\\/00_marc_coma_celebracion_rally_dakar_repsol_ktm.jpg\",\"contentUrl\":\"https:\\\/\\\/bxrepsol.s3.eu-west-1.amazonaws.com\\\/static\\\/2022\\\/08\\\/29082850\\\/00_marc_coma_celebracion_rally_dakar_repsol_ktm.jpg\",\"width\":1280,\"height\":600,\"caption\":\"Marc Coma llevado a hombros\"},{\"@type\":\"BreadcrumbList\",\"@id\":\"https:\\\/\\\/www.boxrepsol.com\\\/es\\\/motogp\\\/entrevista-marc-coma-motogp-2018\\\/#breadcrumb\",\"itemListElement\":[{\"@type\":\"ListItem\",\"position\":1,\"name\":\"Home\",\"item\":\"https:\\\/\\\/www.boxrepsol.com\\\/es\\\/\"},{\"@type\":\"ListItem\",\"position\":2,\"name\":\"\u00abEs brutal que un piloto que se juega el Mundial siga buscando as\u00ed la victoria\u00bb\"}]},{\"@type\":\"WebSite\",\"@id\":\"https:\\\/\\\/www.boxrepsol.com\\\/es\\\/#website\",\"url\":\"https:\\\/\\\/www.boxrepsol.com\\\/es\\\/\",\"name\":\"Box Repsol\",\"description\":\"Box Repsol Site\",\"publisher\":{\"@id\":\"https:\\\/\\\/www.boxrepsol.com\\\/es\\\/#organization\"},\"potentialAction\":[{\"@type\":\"SearchAction\",\"target\":{\"@type\":\"EntryPoint\",\"urlTemplate\":\"https:\\\/\\\/www.boxrepsol.com\\\/es\\\/?s={search_term_string}\"},\"query-input\":{\"@type\":\"PropertyValueSpecification\",\"valueRequired\":true,\"valueName\":\"search_term_string\"}}],\"inLanguage\":\"es\"},{\"@type\":\"Organization\",\"@id\":\"https:\\\/\\\/www.boxrepsol.com\\\/es\\\/#organization\",\"name\":\"Box Repsol\",\"url\":\"https:\\\/\\\/www.boxrepsol.com\\\/es\\\/\",\"logo\":{\"@type\":\"ImageObject\",\"inLanguage\":\"es\",\"@id\":\"https:\\\/\\\/www.boxrepsol.com\\\/es\\\/#\\\/schema\\\/logo\\\/image\\\/\",\"url\":\"https:\\\/\\\/bxrepsol.s3.eu-west-1.amazonaws.com\\\/static\\\/2025\\\/07\\\/30083337\\\/favicon-96x96-1.png\",\"contentUrl\":\"https:\\\/\\\/bxrepsol.s3.eu-west-1.amazonaws.com\\\/static\\\/2025\\\/07\\\/30083337\\\/favicon-96x96-1.png\",\"width\":96,\"height\":96,\"caption\":\"Box Repsol\"},\"image\":{\"@id\":\"https:\\\/\\\/www.boxrepsol.com\\\/es\\\/#\\\/schema\\\/logo\\\/image\\\/\"},\"sameAs\":[\"https:\\\/\\\/www.facebook.com\\\/BoxRepsol\",\"https:\\\/\\\/x.com\\\/box_repsol\",\"http:\\\/\\\/instagram.com\\\/box_repsol\",\"https:\\\/\\\/www.youtube.com\\\/user\\\/RepsolCompeticion\",\"https:\\\/\\\/www.flickr.com\\\/photos\\\/box_repsol\\\/\"]},{\"@type\":\"Person\",\"@id\":\"https:\\\/\\\/www.boxrepsol.com\\\/es\\\/#\\\/schema\\\/person\\\/c5c2138f2cca251b0ad92b7086bb60b7\",\"name\":\"Redacci\u00f3n Box Repsol\",\"image\":{\"@type\":\"ImageObject\",\"inLanguage\":\"es\",\"@id\":\"https:\\\/\\\/secure.gravatar.com\\\/avatar\\\/adf7b77e38b4419baf32c7e9c21dde01f4e40df611f0978e3006fc4ba0aaab7e?s=96&d=mm&r=g\",\"url\":\"https:\\\/\\\/secure.gravatar.com\\\/avatar\\\/adf7b77e38b4419baf32c7e9c21dde01f4e40df611f0978e3006fc4ba0aaab7e?s=96&d=mm&r=g\",\"contentUrl\":\"https:\\\/\\\/secure.gravatar.com\\\/avatar\\\/adf7b77e38b4419baf32c7e9c21dde01f4e40df611f0978e3006fc4ba0aaab7e?s=96&d=mm&r=g\",\"caption\":\"Redacci\u00f3n Box Repsol\"},\"description\":\"Box Repsol lo forma un equipo de periodistas, community managers, dise\u00f1adores y fot\u00f3grafos con m\u00e1s de 20 a\u00f1os de experiencia en el mundo del motorsport. Hemos vivido el primer mundial de un espa\u00f1ol en la categor\u00eda reina de motociclismo con \u00c1lex Crivill\u00e9, estuvimos en las victorias de Pedrosa y los t\u00edtulos de M\u00e1rquez, acompa\u00f1amos en \u00c1frica a Nani Roma y Marc Coma en sus conquistas del Dakar y hemos vibrado con los t\u00edtulos de Toni Bou en Trial. Adem\u00e1s, en nuestro equipo contamos con expertos en el mundo de las dos y cuatro ruedas tanto de la calle y las carreteras, como de los circuitos. Periodistas que han trabajado en revistas y publicaciones para hacerte llegar desde rutas y consejos de mantenimiento, a curiosidades y trucos de pilotaje.\",\"sameAs\":[\"https:\\\/\\\/www.facebook.com\\\/BoxRepsol\\\/\",\"https:\\\/\\\/www.instagram.com\\\/box_repsol\\\/\",\"https:\\\/\\\/x.com\\\/https:\\\/\\\/twitter.com\\\/box_repsol\",\"https:\\\/\\\/www.youtube.com\\\/@Boxrepsol\"],\"url\":\"https:\\\/\\\/www.boxrepsol.com\\\/es\\\/author\\\/redaccion-box-repsol\\\/\"}]}<\/script>\n<!-- \/ Yoast SEO plugin. -->","yoast_head_json":{"title":"Marc Coma: \"\"Es brutal que un piloto que se juega el Mundial siga buscando as\u00ed la victoria\"\"","description":"Marc Coma, cinco veces ganador del Rally Dakar, es un gran apasionado de MotoGP e incluso ha llegado a rodar con la Honda de Dani Pedrosa en Valencia.","canonical":"https:\/\/www.boxrepsol.com\/es\/motogp\/entrevista-marc-coma-motogp-2018\/","og_locale":"es_ES","og_type":"article","og_title":"Marc Coma: \"\"Es brutal que un piloto que se juega el Mundial siga buscando as\u00ed la victoria\"\"","og_description":"Marc Coma, cinco veces ganador del Rally Dakar, es un gran apasionado de MotoGP e incluso ha llegado a rodar con la Honda de Dani Pedrosa en Valencia.","og_url":"https:\/\/www.boxrepsol.com\/es\/motogp\/entrevista-marc-coma-motogp-2018\/","og_site_name":"Box Repsol","article_publisher":"https:\/\/www.facebook.com\/BoxRepsol","article_author":"https:\/\/www.facebook.com\/BoxRepsol\/","article_published_time":"2018-10-03T02:00:00+00:00","article_modified_time":"2024-05-22T10:44:20+00:00","og_image":[{"width":1280,"height":600,"url":"https:\/\/bxrepsol.s3.eu-west-1.amazonaws.com\/static\/2022\/08\/29082850\/00_marc_coma_celebracion_rally_dakar_repsol_ktm.jpg","type":"image\/jpeg"}],"author":"Redacci\u00f3n Box Repsol","twitter_card":"summary_large_image","twitter_creator":"@https:\/\/twitter.com\/box_repsol","twitter_site":"@box_repsol","twitter_misc":{"Written by":"Redacci\u00f3n Box Repsol","Est. reading time":"6 minutos"},"schema":{"@context":"https:\/\/schema.org","@graph":[{"@type":"Article","@id":"https:\/\/www.boxrepsol.com\/es\/motogp\/entrevista-marc-coma-motogp-2018\/#article","isPartOf":{"@id":"https:\/\/www.boxrepsol.com\/es\/motogp\/entrevista-marc-coma-motogp-2018\/"},"author":{"name":"Redacci\u00f3n Box Repsol","@id":"https:\/\/www.boxrepsol.com\/es\/#\/schema\/person\/c5c2138f2cca251b0ad92b7086bb60b7"},"headline":"\u00abEs brutal que un piloto que se juega el Mundial siga buscando as\u00ed la victoria\u00bb","datePublished":"2018-10-03T02:00:00+00:00","dateModified":"2024-05-22T10:44:20+00:00","mainEntityOfPage":{"@id":"https:\/\/www.boxrepsol.com\/es\/motogp\/entrevista-marc-coma-motogp-2018\/"},"wordCount":1148,"commentCount":0,"publisher":{"@id":"https:\/\/www.boxrepsol.com\/es\/#organization"},"image":{"@id":"https:\/\/www.boxrepsol.com\/es\/motogp\/entrevista-marc-coma-motogp-2018\/#primaryimage"},"thumbnailUrl":"https:\/\/bxrepsol.s3.eu-west-1.amazonaws.com\/static\/2022\/08\/29082850\/00_marc_coma_celebracion_rally_dakar_repsol_ktm.jpg","keywords":["pilotos de motociclismo"],"articleSection":["MotoGP"],"inLanguage":"es","potentialAction":[{"@type":"CommentAction","name":"Comment","target":["https:\/\/www.boxrepsol.com\/es\/motogp\/entrevista-marc-coma-motogp-2018\/#respond"]}]},{"@type":"WebPage","@id":"https:\/\/www.boxrepsol.com\/es\/motogp\/entrevista-marc-coma-motogp-2018\/","url":"https:\/\/www.boxrepsol.com\/es\/motogp\/entrevista-marc-coma-motogp-2018\/","name":"Marc Coma: \"\"Es brutal que un piloto que se juega el Mundial siga buscando as\u00ed la victoria\"\"","isPartOf":{"@id":"https:\/\/www.boxrepsol.com\/es\/#website"},"primaryImageOfPage":{"@id":"https:\/\/www.boxrepsol.com\/es\/motogp\/entrevista-marc-coma-motogp-2018\/#primaryimage"},"image":{"@id":"https:\/\/www.boxrepsol.com\/es\/motogp\/entrevista-marc-coma-motogp-2018\/#primaryimage"},"thumbnailUrl":"https:\/\/bxrepsol.s3.eu-west-1.amazonaws.com\/static\/2022\/08\/29082850\/00_marc_coma_celebracion_rally_dakar_repsol_ktm.jpg","datePublished":"2018-10-03T02:00:00+00:00","dateModified":"2024-05-22T10:44:20+00:00","description":"Marc Coma, cinco veces ganador del Rally Dakar, es un gran apasionado de MotoGP e incluso ha llegado a rodar con la Honda de Dani Pedrosa en Valencia.","breadcrumb":{"@id":"https:\/\/www.boxrepsol.com\/es\/motogp\/entrevista-marc-coma-motogp-2018\/#breadcrumb"},"inLanguage":"es","potentialAction":[{"@type":"ReadAction","target":["https:\/\/www.boxrepsol.com\/es\/motogp\/entrevista-marc-coma-motogp-2018\/"]}]},{"@type":"ImageObject","inLanguage":"es","@id":"https:\/\/www.boxrepsol.com\/es\/motogp\/entrevista-marc-coma-motogp-2018\/#primaryimage","url":"https:\/\/bxrepsol.s3.eu-west-1.amazonaws.com\/static\/2022\/08\/29082850\/00_marc_coma_celebracion_rally_dakar_repsol_ktm.jpg","contentUrl":"https:\/\/bxrepsol.s3.eu-west-1.amazonaws.com\/static\/2022\/08\/29082850\/00_marc_coma_celebracion_rally_dakar_repsol_ktm.jpg","width":1280,"height":600,"caption":"Marc Coma llevado a hombros"},{"@type":"BreadcrumbList","@id":"https:\/\/www.boxrepsol.com\/es\/motogp\/entrevista-marc-coma-motogp-2018\/#breadcrumb","itemListElement":[{"@type":"ListItem","position":1,"name":"Home","item":"https:\/\/www.boxrepsol.com\/es\/"},{"@type":"ListItem","position":2,"name":"\u00abEs brutal que un piloto que se juega el Mundial siga buscando as\u00ed la victoria\u00bb"}]},{"@type":"WebSite","@id":"https:\/\/www.boxrepsol.com\/es\/#website","url":"https:\/\/www.boxrepsol.com\/es\/","name":"Box Repsol","description":"Box Repsol Site","publisher":{"@id":"https:\/\/www.boxrepsol.com\/es\/#organization"},"potentialAction":[{"@type":"SearchAction","target":{"@type":"EntryPoint","urlTemplate":"https:\/\/www.boxrepsol.com\/es\/?s={search_term_string}"},"query-input":{"@type":"PropertyValueSpecification","valueRequired":true,"valueName":"search_term_string"}}],"inLanguage":"es"},{"@type":"Organization","@id":"https:\/\/www.boxrepsol.com\/es\/#organization","name":"Box Repsol","url":"https:\/\/www.boxrepsol.com\/es\/","logo":{"@type":"ImageObject","inLanguage":"es","@id":"https:\/\/www.boxrepsol.com\/es\/#\/schema\/logo\/image\/","url":"https:\/\/bxrepsol.s3.eu-west-1.amazonaws.com\/static\/2025\/07\/30083337\/favicon-96x96-1.png","contentUrl":"https:\/\/bxrepsol.s3.eu-west-1.amazonaws.com\/static\/2025\/07\/30083337\/favicon-96x96-1.png","width":96,"height":96,"caption":"Box Repsol"},"image":{"@id":"https:\/\/www.boxrepsol.com\/es\/#\/schema\/logo\/image\/"},"sameAs":["https:\/\/www.facebook.com\/BoxRepsol","https:\/\/x.com\/box_repsol","http:\/\/instagram.com\/box_repsol","https:\/\/www.youtube.com\/user\/RepsolCompeticion","https:\/\/www.flickr.com\/photos\/box_repsol\/"]},{"@type":"Person","@id":"https:\/\/www.boxrepsol.com\/es\/#\/schema\/person\/c5c2138f2cca251b0ad92b7086bb60b7","name":"Redacci\u00f3n Box Repsol","image":{"@type":"ImageObject","inLanguage":"es","@id":"https:\/\/secure.gravatar.com\/avatar\/adf7b77e38b4419baf32c7e9c21dde01f4e40df611f0978e3006fc4ba0aaab7e?s=96&d=mm&r=g","url":"https:\/\/secure.gravatar.com\/avatar\/adf7b77e38b4419baf32c7e9c21dde01f4e40df611f0978e3006fc4ba0aaab7e?s=96&d=mm&r=g","contentUrl":"https:\/\/secure.gravatar.com\/avatar\/adf7b77e38b4419baf32c7e9c21dde01f4e40df611f0978e3006fc4ba0aaab7e?s=96&d=mm&r=g","caption":"Redacci\u00f3n Box Repsol"},"description":"Box Repsol lo forma un equipo de periodistas, community managers, dise\u00f1adores y fot\u00f3grafos con m\u00e1s de 20 a\u00f1os de experiencia en el mundo del motorsport. Hemos vivido el primer mundial de un espa\u00f1ol en la categor\u00eda reina de motociclismo con \u00c1lex Crivill\u00e9, estuvimos en las victorias de Pedrosa y los t\u00edtulos de M\u00e1rquez, acompa\u00f1amos en \u00c1frica a Nani Roma y Marc Coma en sus conquistas del Dakar y hemos vibrado con los t\u00edtulos de Toni Bou en Trial. Adem\u00e1s, en nuestro equipo contamos con expertos en el mundo de las dos y cuatro ruedas tanto de la calle y las carreteras, como de los circuitos. Periodistas que han trabajado en revistas y publicaciones para hacerte llegar desde rutas y consejos de mantenimiento, a curiosidades y trucos de pilotaje.","sameAs":["https:\/\/www.facebook.com\/BoxRepsol\/","https:\/\/www.instagram.com\/box_repsol\/","https:\/\/x.com\/https:\/\/twitter.com\/box_repsol","https:\/\/www.youtube.com\/@Boxrepsol"],"url":"https:\/\/www.boxrepsol.com\/es\/author\/redaccion-box-repsol\/"}]}},"_links":{"self":[{"href":"https:\/\/www.boxrepsol.com\/es\/wp-json\/wp\/v2\/posts\/93418","targetHints":{"allow":["GET"]}}],"collection":[{"href":"https:\/\/www.boxrepsol.com\/es\/wp-json\/wp\/v2\/posts"}],"about":[{"href":"https:\/\/www.boxrepsol.com\/es\/wp-json\/wp\/v2\/types\/post"}],"author":[{"embeddable":true,"href":"https:\/\/www.boxrepsol.com\/es\/wp-json\/wp\/v2\/users\/43146"}],"replies":[{"embeddable":true,"href":"https:\/\/www.boxrepsol.com\/es\/wp-json\/wp\/v2\/comments?post=93418"}],"version-history":[{"count":1,"href":"https:\/\/www.boxrepsol.com\/es\/wp-json\/wp\/v2\/posts\/93418\/revisions"}],"predecessor-version":[{"id":93419,"href":"https:\/\/www.boxrepsol.com\/es\/wp-json\/wp\/v2\/posts\/93418\/revisions\/93419"}],"wp:featuredmedia":[{"embeddable":true,"href":"https:\/\/www.boxrepsol.com\/es\/wp-json\/wp\/v2\/media\/59496"}],"wp:attachment":[{"href":"https:\/\/www.boxrepsol.com\/es\/wp-json\/wp\/v2\/media?parent=93418"}],"wp:term":[{"taxonomy":"category","embeddable":true,"href":"https:\/\/www.boxrepsol.com\/es\/wp-json\/wp\/v2\/categories?post=93418"},{"taxonomy":"post_tag","embeddable":true,"href":"https:\/\/www.boxrepsol.com\/es\/wp-json\/wp\/v2\/tags?post=93418"}],"curies":[{"name":"wp","href":"https:\/\/api.w.org\/{rel}","templated":true}]}}